{"id":7745,"date":"2021-06-19T12:05:00","date_gmt":"2021-06-19T10:05:00","guid":{"rendered":"https:\/\/conservativeenthusiast.com\/?p=7745"},"modified":"2021-06-15T14:28:48","modified_gmt":"2021-06-15T12:28:48","slug":"interview-tce-18-marie-chancel","status":"publish","type":"post","link":"https:\/\/conservativenthusiast.com\/en\/interview-tce-18-marie-chancel\/","title":{"rendered":"Interview TCE #24 &#8211; Marie Chancel"},"content":{"rendered":"<h3 class=\"wp-block-heading\"><strong><span class=\"has-inline-color has-black-color\">1- For our readers who don't know you yet, can you present yourself ?<\/span><\/strong><\/h3>\n\n\n\n<p><\/p>\n\n\n\n<p class=\"has-text-align-justify\"><em>&#8221; Je m&#8217;appelle Marie Chancel, je suis journaliste \u00e0 la revue \u00c9l\u00e9ments, revue bimestrielle fond\u00e9e en 1973. La volont\u00e9 des fondateurs d\u2019\u00c9l\u00e9ments, \u00e9tait, suite \u00e0 la victoire culturelle remport\u00e9e par la gauche en Mai 68, de proposer des pistes de r\u00e9flexion, de former intellectuellement. La revue d\u00e9passe les clivages politiques car ils ne veulent plus rien dire; il suffit de voir &#8220;l&#8217;\u00e9cologie&#8221; d\u00e9fendue par EELV, qui n&#8217;a rien d&#8217;\u00e9cologique. \u00c9l\u00e9ments s&#8217;int\u00e9resse aux id\u00e9es, tout en gardant une ligne directrice : la civilisation europ\u00e9enne; la diversit\u00e9 des peuples face \u00e0 l\u2019uniformisation, l\u2019homog\u00e9n\u00e9isation; le droit des peuples, \u00e0 vivre sur leur terre selon leur culture, plut\u00f4t que les droits de l&#8217;homme individualiste et hors-sol; et \u00e9galement l&#8217;opposition au &#8220;pr\u00eat-\u00e0-penser&#8221;, qui domine largement dans les m\u00e9dias.<\/em><\/p>\n\n\n\n<p class=\"has-text-align-justify\"><em>Je m&#8217;int\u00e9resse particuli\u00e8rement \u00e0 la soci\u00e9t\u00e9 contemporaine, celle que l&#8217;essayiste Philippe Muray qualifiait de soci\u00e9t\u00e9 rentr\u00e9e dans l'&#8221;apr\u00e8s histoire&#8221; : une soci\u00e9t\u00e9 constitu\u00e9e d&#8217;individus hors-sol, d\u00e9tach\u00e9s de toute r\u00e9alit\u00e9 (historique, biologique, etc),&nbsp;\u00e0 la fois ultra permissive et ultra morale. Mes centres d&#8217;int\u00e9r\u00eats sont donc assez vari\u00e9s : indig\u00e9nisme, antiracisme, f\u00e9minisme, opposition entre la &#8220;France p\u00e9riph\u00e9rique&#8221; analys\u00e9e par Christophe Guilluy et la &#8220;France des m\u00e9tropoles&#8221;, l&#8217;impact de la mondialisation, etc.&#8221;<\/em><\/p>\n\n\n\n<p><\/p>\n\n\n\n<h3 class=\"wp-block-heading\"><strong><span class=\"has-inline-color has-black-color\">2-: Quel est votre parcours ? Votre jeunesse, vos \u00e9tudes, vos projets d\u00e9j\u00e0 r\u00e9alis\u00e9s et vos succ\u00e8s pass\u00e9s ?<\/span><\/strong><\/h3>\n\n\n\n<p><\/p>\n\n\n\n<p class=\"has-text-align-justify\"><em>&#8221; Je n&#8217;ai pas fait d&#8217;\u00e9cole de journalisme, malgr\u00e9 ma passion pour l&#8217;actualit\u00e9, la politique, le d\u00e9bat d&#8217;id\u00e9es; j&#8217;ai tr\u00e8s&nbsp;rapidement compris que je ne rentrais pas dans ce moule. J&#8217;ai fait des \u00e9tudes de graphisme et de communication, toujours en \u00e9crivant \u00e0 c\u00f4t\u00e9 de mes \u00e9tudes ou de mon travail. J&#8217;ai commenc\u00e9 \u00e0 \u00e9crire dans des petites revues ou sur des sites. C&#8217;est ainsi que j&#8217;ai \u00e9t\u00e9 rep\u00e9r\u00e9e par Pascal Eysseric, directeur de publication, et Fran\u00e7ois Bousquet, r\u00e9dacteur en chef d&#8217;\u00c9l\u00e9ments, qui m&#8217;ont propos\u00e9 d&#8217;y&nbsp;\u00e9crire en octobre 2019. Apr\u00e8s un premier essai concluant, j&#8217;ai eu la joie d&#8217;int\u00e9grer la revue.&#8221;<\/em><\/p>\n\n\n\n<p><\/p>\n\n\n\n<h3 class=\"wp-block-heading\"><strong><span class=\"has-inline-color has-black-color\">3-: Qu&#8217;est-ce qui vous a amen\u00e9 \u00e0 lancer votre projet ? Quelles sont les \u00e9tapes qui vous y ont men\u00e9es ?<\/span><\/strong><\/h3>\n\n\n\n<p><\/p>\n\n\n\n<p class=\"has-text-align-justify\"><em>&#8221; Le refus de la pens\u00e9e unique, de la l\u00e9thargie qui s&#8217;est empar\u00e9e de beaucoup, de voir la civilisation fran\u00e7aise et europ\u00e9enne d\u00e9truite par la mondialisation qui conduit \u00e0 une uniformisation et un appauvrissement global, o\u00f9 tout est identique et tout se vaut. Le d\u00e9sir de comprendre le monde dans lequel je vis, \u00e9galement. Pour ce faire, j&#8217;ai propos\u00e9 des articles \u00e0 des revues ou des sites dont je connaissais les r\u00e9dacteurs, rencontr\u00e9s lors de conf\u00e9rences ou de colloques. Mon travail a plu, et j&#8217;ai \u00e9t\u00e9 publi\u00e9e r\u00e9guli\u00e8rement, jusqu&#8217;\u00e0 ce que je sois contact\u00e9e par \u00c9l\u00e9ments<\/em>.<em> &#8220;<\/em><\/p>\n\n\n\n<p class=\"has-text-align-justify\"><\/p>\n\n\n\n<h3 class=\"wp-block-heading\"><strong><span class=\"has-inline-color has-black-color\">4-: <strong><strong>Can you explain to us more in details what are your projects about<\/strong><\/strong><\/span><\/strong><span class=\"has-inline-color has-black-color\"><strong>and why are you doing what you're doing ?<\/strong><\/span><\/h3>\n\n\n\n<p><\/p>\n\n\n\n<p class=\"has-text-align-justify\"><em>Je souhaite pouvoir, \u00e0 mon niveau, faire bouger les lignes, et donner un son de cloche diff\u00e9rent de celui que l&#8217;on entend aujourd&#8217;hui dans la majorit\u00e9 des m\u00e9dias. Je souhaite donner des pistes de r\u00e9flexion.<\/em><\/p>\n\n\n\n<p class=\"has-text-align-justify\"><em>Je travaille principalement sur des sujets soci\u00e9taux, qui monopolisent r\u00e9guli\u00e8rement l&#8217;actualit\u00e9 et sont r\u00e9v\u00e9lateurs d&#8217;un mal profond\u00e9ment ancr\u00e9 : indig\u00e9nisme, antiracisme obs\u00e9d\u00e9 par les races, opposant les&nbsp;Blancs et les&nbsp;Noirs (les Blancs \u00e9tant forc\u00e9ment oppresseurs et les Noirs forc\u00e9ment oppress\u00e9s), victimisation permanente, etc. Mais \u00e9galement l&#8217;ensauvagement, la n\u00e9o morale des bien-pensants, toujours prompts \u00e0 faire de grandes le\u00e7ons de tol\u00e9rance mais ne supportant pas les opinions diff\u00e9rentes des leurs.&nbsp;<\/em><\/p>\n\n\n\n<p class=\"has-text-align-justify\"><em>Je r\u00e9dige \u00e9galement des articles de fond o\u00f9 j&#8217;analyse un sujet : par exemple, la pornographie, la fa\u00e7on bien peu \u00e9thique dont les films X&nbsp;sont r\u00e9alis\u00e9s, et les ravages que cela provoque sur le cerveau des consommateurs (et donc les r\u00e9percussions sur la soci\u00e9t\u00e9). En r\u00e9digeant cet article, je souhaitais r\u00e9pondre \u00e0 tous les bien-pensants qui d\u00e9fendent le porno sous le pr\u00e9texte de la&nbsp;libert\u00e9 : libert\u00e9 de regarder ce que l&#8217;on veut, de disposer de son corps comme on l&#8217;entends, etc. Mais, &#8220;la libert\u00e9, pour quoi faire ?&#8221; questionnait Georges Bernanos. La libert\u00e9 d&#8217;enrichir des multinationales du X qui pratiquent l&#8217;\u00e9vasion fiscale (Fabian Thylmann, \u00e0 la t\u00eate de la soci\u00e9t\u00e9 Manwin, sera condamn\u00e9 en 2016 pour fraude fiscale) ? La libert\u00e9 de soutenir un mod\u00e8le de paup\u00e9risation (les salaires des acteurs et actrices X sont presque dix fois<\/em>  <em>inf\u00e9rieurs \u00e0 ce qu&#8217;ils \u00e9taient du d\u00e9but des ann\u00e9es 2000) ? La libert\u00e9 de regarder des sc\u00e8nes de plus en plus violentes car le cerveau s&#8217;y habitue (la neuroscience commence \u00e0 s\u2019int\u00e9resser aux effets du porno et a \u00e9tabli que la consommation de films X bouleverse le syst\u00e8me de r\u00e9compense du cerveau)?<\/em><\/p>\n\n\n\n<p class=\"has-text-align-justify\"><em>J\u2019appr\u00e9cie tout particuli\u00e8rement ce travail de fond, car il me permet de mettre en lumi\u00e8re des sujets qui sont parfois mis de c\u00f4t\u00e9, tant l&#8217;actualit\u00e9 est dense, mais qui restent r\u00e9v\u00e9lateurs du monde dans lequel nous vivons<\/em>.&#8221;<\/p>\n\n\n\n<p><\/p>\n\n\n\n<h3 class=\"wp-block-heading\"><strong><span class=\"has-inline-color has-black-color\">5-: <\/span><\/strong><span class=\"has-inline-color has-black-color\"><strong>What are your main sources of inspiration ? Who or what have had a big influence on you ?<\/strong><\/span><\/h3>\n\n\n\n<p><\/p>\n\n\n\n<p class=\"has-text-align-justify\"><em>&#8221; J&#8217;ai \u00e9t\u00e9 tr\u00e8s influenc\u00e9e par Michel Clouscard, philosophe \u00e0 l&#8217;origine du concept de lib\u00e9ralisme libertaire; par Philippe Muray, essayiste connu pour son analyse de l&#8217;individu occidental moderne, celui domin\u00e9 par ses pulsions, ses caprices (que l&#8217;on pourrait d\u00e9finir par &#8220;le droit d&#8217;avoir le droit&#8221;), sa subversion fantasm\u00e9e, alors qu&#8217;il \u00e9pouse en fait toutes les valeurs \u00e0 la mode, telles que l&#8217;antiracisme, l&#8217;antisexisme. Philippe Muray est d\u00e9c\u00e9d\u00e9 assez r\u00e9cemment, en 2006, et a donc vu et analys\u00e9 les ph\u00e9nom\u00e8nes que nous connaissons actuellement : attentats djihadistes, pens\u00e9e progressiste, etc.<\/em><\/p>\n\n\n\n<p class=\"has-text-align-justify\"><em>L&#8217;\u00e9crivain Guy Debord a eu une influence particuli\u00e8rement importante sur moi : il a construit la th\u00e9orie du &#8220;Spectacle&#8221;, qui est une critique de la soci\u00e9t\u00e9 de consommation, de l&#8217;individualisation et de la mise en sc\u00e8ne permanente. La philosophe Simone Weil, pour son courage, son engagement, sa lecture de la<\/em> <em>philosophie grecque et plus particuli\u00e8rement de Platon, sa qu\u00eate de la spiritualit\u00e9 chr\u00e9tienne&#8230; Mais \u00e9galement Ernst J\u00fcnger, Ren\u00e9 Gu\u00e9non,&nbsp;Marc Aur\u00e8le, Alain de Benoist, Christopher Lasch, George Orwell&#8230;&nbsp;&#8220;<\/em><\/p>\n\n\n\n<p class=\"has-text-align-justify\"><\/p>\n\n\n\n<h3 class=\"wp-block-heading\"><span class=\"has-inline-color has-black-color\"><strong>6-: What is conservatism in your opinion? And do you think it is important today?<\/strong><\/span><\/h3>\n\n\n\n<p><\/p>\n\n\n\n<p class=\"has-text-align-justify\"><em>&#8221; Le conservatisme est une notion qui revient r\u00e9guli\u00e8rement dans les d\u00e9bats, mais qui est souvent utilis\u00e9 de mani\u00e8re&nbsp;p\u00e9jorative. Il est souvent accol\u00e9 au terme &#8220;populisme&#8221;, la b\u00eate noire des progressistes (Matteo Salvini, Viktor Orban, Donald Trump sont r\u00e9guli\u00e8rement tax\u00e9s de populistes). Je pense toutefois que nous assistons \u00e0 une redistribution des cartes sur le plan politique : le progressisme perd du terrain car n&#8217;a plus d&#8217;id\u00e9es structur\u00e9es \u00e0 d\u00e9fendre, se contentant d&#8217;encha\u00eener des revendications toutes plus d\u00e9lirantes (et contradictoires) les unes que les autres. La parole se lib\u00e8re, et des id\u00e9es autrefois bannies du d\u00e9bat public sont exprim\u00e9es plus facilement.&nbsp;<\/em><\/p>\n\n\n\n<p class=\"has-text-align-justify\"><em>Toutefois, le terme &#8220;conservateur&#8221;, comme beaucoup de termes utilis\u00e9s en politique aujourd&#8217;hui, est souvent utilis\u00e9 comme un mot fourre-tout : beaucoup de conservateurs revendiqu\u00e9s sont \u00e9galement lib\u00e9raux; conservateurs sur les valeurs soci\u00e9tales, lib\u00e9raux sur l&#8217;\u00e9conomie. Mais, comme le d\u00e9montre Jean-Claude Mich\u00e9a, la position est intenable car le lib\u00e9ralisme \u00e9conomique et soci\u00e9tal sont les deux faces d&#8217;une m\u00eame pi\u00e8ce : on ne peut \u00eatre lib\u00e9ral qu&#8217;au d\u00e9triment de son conservatisme et conservateur qu&#8217;au d\u00e9triment de son lib\u00e9ralisme. R\u00e9affirmer des id\u00e9es fortes est l&#8217;enjeu de la plupart des mouvements politiques actuels, conservatisme compris.&#8221;<\/em><\/p>\n\n\n\n<p class=\"has-text-align-justify\"><\/p>\n\n\n\n<h3 class=\"wp-block-heading\"><span class=\"has-inline-color has-black-color\"><strong>7-: Que pensez-vous du contexte actuel de la soci\u00e9t\u00e9 en France, en Europe ? Et \u00e0 l&#8217;\u00e9chelle du monde ?<\/strong><\/span><\/h3>\n\n\n\n<p><\/p>\n\n\n\n<p class=\"has-text-align-justify\"><em>&#8221; Aujourd&#8217;hui, le foss\u00e9 entre les &#8220;anywhere&#8221; (ceux de &#8220;nulle part&#8221;) et les &#8220;somewhere&#8221; (ceux de &#8220;quelque part&#8221;), selon la th\u00e9orie du journaliste britannique David Goodhart, semble infranchissable. D&#8217;un c\u00f4t\u00e9 des Fran\u00e7ais subissant de plein fouet la crise du syst\u00e8me capitalisme : ch\u00f4mage de masse, ins\u00e9curit\u00e9 grandissante, identit\u00e9 tourn\u00e9e en d\u00e9rision par les m\u00e9dias (France Inter s&#8217;illustre particuli\u00e8rement dans ce domaine). De l&#8217;autre c\u00f4t\u00e9, une intelligentsia sur-repr\u00e9sent\u00e9e, pr\u00f4nant un &#8220;progressisme&#8221; hors-sol : antiracisme consistant \u00e0 compter le nombre de personnes noires, marchandisation du corps humain \u00e0 travers la PMA (mais tout en se revendiquant &#8220;f\u00e9ministe&#8221;), immigrationniste mais ne souhaitant pas avoir de clandestins dans son quartier&#8230;.<\/em><\/p>\n\n\n\n<p class=\"has-text-align-justify\"><em>La situation n&#8217;est pas propre \u00e0 la France, la plupart des pays europ\u00e9ens vivent plus ou moins la m\u00eame chose. Toutefois, je pense que nous assistons \u00e0 un grand retour du r\u00e9el : les mensonges \u00e2nonn\u00e9s lors des 40 derni\u00e8res ann\u00e9es ne marchent plus. D&#8217;o\u00f9 le retour des peuples, que les m\u00e9dias nomment &#8220;populisme&#8221;.<\/em><\/p>\n\n\n\n<p><\/p>\n\n\n\n<h3 class=\"wp-block-heading\"><span class=\"has-inline-color has-black-color\"><strong>8-: If you had to give 5 elements that every French person should seriously work on at the individual level, what would they be?<\/strong><\/span><\/h3>\n\n\n\n<p><\/p>\n\n\n\n<p class=\"has-text-align-justify\"><em>Lire, tout d&#8217;abord. La lecture est indispensable pour apprendre, pour se former intellectuellement, pour s&#8217;approprier et apprendre \u00e0 utiliser le langage, qui tend \u00e0 s&#8217;appauvrir.&nbsp;<\/em><\/p>\n\n\n\n<p class=\"has-text-align-justify\"><em>Forger sa propre opinion, son esprit critique. Pour cela, il faut toujours v\u00e9rifier plusieurs sources, \u00e9tudier les points de vues diff\u00e9rents, etc. Difficile \u00e0 une \u00e9poque o\u00f9 l&#8217;actualit\u00e9 bouge tr\u00e8s vite, mais indispensable pour ne pas \u00eatre l&#8217;otage de partis pris id\u00e9ologiques.<\/em><\/p>\n\n\n\n<p class=\"has-text-align-justify\"><em>Ne pas c\u00e9der \u00e0 la dictature de l&#8217;\u00e9motion. Encore une fois, cela est difficile tant l&#8217;hyst\u00e9rie domine les d\u00e9bats, &#8220;l&#8217;appel kitsch au sentiment contre la raison&#8221;, \u00e9crivait Philippe Muray. Mais celui qui est soumis \u00e0 ses pulsions sera l&#8217;esclave de ceux qui savent en jouer. D&#8217;o\u00f9 l&#8217;importance d&#8217;\u00eatre le plus possible r\u00e9fl\u00e9chi et rationnel.<\/em><\/p>\n\n\n\n<p class=\"has-text-align-justify\"><em>Se documenter sur notre histoire, notre h\u00e9ritage, notre culture. &#8220;Une g\u00e9n\u00e9ration qui ignore l&#8217;histoire n&#8217;a pas de pass\u00e9 &#8211; ni de futur.&#8221; (Robert Heinlein, romancier am\u00e9ricain).<\/em><\/p>\n\n\n\n<p class=\"has-text-align-justify\"><em>Enfin, s&#8217;engager pour faire avancer ce en quoi nous croyons. Cela peut \u00eatre dans la politique comme dans une association de quartier. Vivre une vie en accord avec ses valeurs est une grande victoire sur la m\u00e9diocrit\u00e9 ambiante.&#8221;<\/em><\/p>\n\n\n\n<p><\/p>\n\n\n\n<h3 class=\"wp-block-heading\"><span class=\"has-inline-color has-black-color\"><strong>9-: Can you share with us your feelings about today's youth?<\/strong><\/span><\/h3>\n\n\n\n<p><\/p>\n\n\n\n<p class=\"has-text-align-justify\"><em>&#8221; Je pense qu&#8217;il y a une v\u00e9ritable prise de conscience chez les jeunes g\u00e9n\u00e9rations, tr\u00e8s certainement li\u00e9e au poids du r\u00e9el. Mais loin de se laisser accabler par les d\u00e9fis colossaux qui sont les n\u00f4tres, beaucoup agissent, \u00e0 leur mani\u00e8re : certains utilisent les r\u00e9seaux sociaux pour informer, d&#8217;autres font des vid\u00e9os, d&#8217;autres tentent de faire bouger les choses dans leurs facs via des syndicats \u00e9tudiants (je pense \u00e0 la Cocarde \u00e9tudiante). Je salue la curiosit\u00e9 intellectuelle et l&#8217;envie d&#8217;agir que je vois chez beaucoup. Et je suis toujours touch\u00e9e par les messages que je re\u00e7ois de personnes tr\u00e8s jeunes, me questionnant sur mon travail, sur un sujet d&#8217;actualit\u00e9, sur des conseils de lectures&#8230; &#8220;Quand la jeunesse se refroidit, le reste du monde claque des dents&#8221; (Georges Bernanos) : je pense que la jeunesse d&#8217;aujourd&#8217;hui ne se refroidit pas, et sait r\u00e9sister \u00e0 la bien-pensance progressiste.&#8221;<\/em><\/p>\n\n\n\n<p class=\"has-text-align-justify\"><\/p>\n\n\n\n<h3 class=\"wp-block-heading\"><span class=\"has-inline-color has-black-color\"><strong>10-: Many young French people are looking to reconnect with their heritage, what do you think is the best way to do so?<\/strong><\/span><\/h3>\n\n\n\n<p><\/p>\n\n\n\n<p class=\"has-text-align-justify\"><em>&#8220;Il faut \u00eatre curieux, s&#8217;int\u00e9resser \u00e0 tout : l&#8217;art, l&#8217;histoire, la litt\u00e9rature, l&#8217;artisanat, la philosophie&#8230; Curiosit\u00e9 vient du latin <em>cura<\/em>, la cure. La curiosit\u00e9 est donc le fait de prendre soin. En s&#8217;int\u00e9ressant \u00e0 notre civilisation, nous serons touch\u00e9 par elle.&nbsp;Chacun peut \u00eatre touch\u00e9 par ce qui constitue notre h\u00e9ritage, selon sa sensibilit\u00e9.&#8221;<\/em><\/p>\n\n\n\n<p><\/p>\n\n\n\n<h3 class=\"wp-block-heading\"><span class=\"has-inline-color has-black-color\"><strong>11-: What are the main dangers that threaten European civilization in your opinion?<\/strong><\/span><\/h3>\n\n\n\n<p><\/p>\n\n\n\n<p class=\"has-text-align-justify\"><em>&#8221; La mondialisation qui appauvrit et nivelle par le bas notre mode de vie et notre culture; l&#8217;individualisme pouss\u00e9 \u00e0 l&#8217;extr\u00eame,&nbsp;fragmentant la soci\u00e9t\u00e9 en individus vindicatifs et souffreteux, persuad\u00e9s d&#8217;\u00eatre des victimes perp\u00e9tuelles. Le r\u00e9sultat de cet individualisme est devant nos yeux aujourd&#8217;hui&nbsp;: Bellum omnium contra omnes, la guerre de tous contre tous, selon la formule de Thomas Hobbes. Les Blancs contre les Noirs, les femmes contre les hommes, les homosexuels et les variations sexuelles sans fin (genderfluid, pangender, graysexuel&#8230;) contre les h\u00e9t\u00e9rosexuels, etc. L&#8217;immigration, qui est un drame pour les peuples, sauf pour le Medef et les multinationales trop heureuses d&#8217;avoir de la main-d&#8217;\u0153uvre \u00e0 bas co\u00fbt. La transformation du monde en un grand march\u00e9 o\u00f9 tout s&#8217;ach\u00e8te et tout se vend, d&#8217;une paire de baskets fabriqu\u00e9es par un enfant \u00e0 l&#8217;autre bout du monde aux ventres des femmes.&#8221;<\/em><\/p>\n\n\n\n<p class=\"has-text-align-justify\"><\/p>\n\n\n\n<h3 class=\"wp-block-heading\"><span class=\"has-inline-color has-black-color\"><strong>12-: What are the main hopes and levers to overcome these threats?<\/strong><\/span><\/h3>\n\n\n\n<p><\/p>\n\n\n\n<p class=\"has-text-align-justify\"><em>&#8220;Je ne suis pas politique; mon r\u00f4le de journaliste est plus d&#8217;analyser et de proposer des pistes de r\u00e9flexion que des solutions forc\u00e9ment magiques, mais en&nbsp;tant que lectrice assidue de Simone Weil, je crois beaucoup en l&#8217;enracinement, titre de son ouvrage publi\u00e9 post-mortem par Albert Camus en 1949 : des obligations engageant chaque homme envers tous les autres, dans le but de satisfaire aux besoins de l&#8217;\u00e2me et du corps : ordre et libert\u00e9, \u00e9galit\u00e9 et hi\u00e9rarchie, ob\u00e9issance et responsabilit\u00e9, etc.&#8221;<\/em><\/p>\n\n\n\n<p><\/p>\n\n\n\n<h3 class=\"wp-block-heading\"><span class=\"has-inline-color has-black-color\"><strong>13-:<\/strong> <strong>What are the personalities, authors, initiatives or organizations that seem worthy of interest today in your opinion?<\/strong><\/span><\/h3>\n\n\n\n<p><\/p>\n\n\n\n<p class=\"has-text-align-justify\"><em>&#8221; En auteur, le g\u00e9ographe&nbsp;Christophe Guilluy est indispensable pour comprendre la soci\u00e9t\u00e9 actuelle. Pour ceux qui s&#8217;int\u00e9ressent \u00e0 l&#8217;\u00e9conomie<\/em>, je <\/p>\n\n\n\n<p class=\"has-text-align-justify\"><em>recommande vivement les \u00e9crits de Guillaume Travers, journaliste avec moi \u00e0 \u00c9l\u00e9ments. Chez les Anglo-saxons, le journaliste David Goodhart et ses analyses tr\u00e8s fines des mutations v\u00e9cues par la soci\u00e9t\u00e9 britannique, et, par extension, par la plupart des soci\u00e9t\u00e9s europ\u00e9ennes : perte d&#8217;identit\u00e9, perte de lien social, etc.&nbsp;<\/em><\/p>\n\n\n\n<p class=\"has-text-align-justify\"><em>Pour ce qui est des journalistes en France, il en existe de bons, qui proposent d&#8217;autres analyses que celles dont la plupart des m\u00e9dias nous gavent depuis des ann\u00e9es; j&#8217;appr\u00e9cie beaucoup le travail de Kevin Boucaud-Victoire de Marianne, d&#8217;Alexandre Devecchio du FigaroVox. Eric Zemmour rencontre un franc succ\u00e8s aupr\u00e8s des Fran\u00e7ais, et a beaucoup contribu\u00e9 \u00e0 lib\u00e9rer la parole.<\/em><\/p>\n\n\n\n<p class=\"has-text-align-justify\"><em>Plusieurs Youtubeurs proposent des analyses tr\u00e8s int\u00e9ressantes et peuvent \u00eatre un excellent moyen de toucher un large public et de pousser \u00e0 la r\u00e9flexion. Je pense notamment \u00e0 Barbare civilis\u00e9, tr\u00e8s ax\u00e9 sur la philosophie, \u00e0 Valek Noraje, \u00e0 El Rayhan, \u00e0 Terra Bellum pour l&#8217;histoire, \u00e0 Tatiana Vent\u00f4se, etc.&nbsp;<\/em><\/p>\n\n\n\n<p class=\"has-text-align-justify\"><em>Parmi les romanciers contemporains, je recommande vivement la lecture de Michel Houellebecq et de Sylvain Tesson; le roman est parfois un genre un peu d\u00e9laiss\u00e9, car il y a \u00e9norm\u00e9ment de livres d&#8217;histoire, de philosophie, d&#8217;essais politiques, etc, \u00e0 lire, mais le roman permet d&#8217;appr\u00e9hender les choses sous un angle diff\u00e9rent.&#8221;<\/em><\/p>\n\n\n\n<p><\/p>\n\n\n\n<h3 class=\"wp-block-heading\"><span class=\"has-inline-color has-black-color\"><strong>14-:<\/strong> <strong>Y a t-il un sujet qui vous para\u00eet d\u00e9laiss\u00e9 aujourd&#8217;hui ou que vous consid\u00e9rez ne pas voir suffisamment dans les m\u00e9dias ou le d\u00e9bat public ?<\/strong><\/span><\/h3>\n\n\n\n<p><\/p>\n\n\n\n<p class=\"has-text-align-justify\"><em>&#8221; Je pense qu&#8217;il n&#8217;est pas assez question&nbsp;des causes de nos probl\u00e8mes actuels. Tout le monde s&#8217;accorde pour d\u00e9noncer les cons\u00e9quences : guerre du tous contre tous, communautarisme cr\u00e9e de toute pi\u00e8ce et exacerb\u00e9 (il suffit de voir le f\u00e9minisme actuel, pour qui le simple fait d&#8217;\u00eatre une femme est une id\u00e9ologie \u00e0 part enti\u00e8re), perte d&#8217;identit\u00e9, cons\u00e9quences de l&#8217;immigration de masse, transformation de l&#8217;\u00eatre humain en marchandise, paup\u00e9risation,&nbsp;etc. Mais il est rarement question des ravages de l&#8217;individualisme, de la perte du sacr\u00e9 et du transcendantal, du relativisme extr\u00eame de nos soci\u00e9t\u00e9s contemporaines qu&#8217;Alain de Benoist appelait &#8220;l&#8217;id\u00e9ologie du m\u00eame&#8221; o\u00f9 tout et tout le monde est identique. Je pense que nous gagnerions beaucoup \u00e0 nous interroger sur tout cela.&#8221;<\/em><\/p>\n\n\n\n<p><\/p>\n\n\n\n<h3 class=\"wp-block-heading\"><span class=\"has-inline-color has-black-color\"><strong>15-: <strong>What do you think you can bring to someone who is just discovering you?<\/strong><\/strong><\/span><\/h3>\n\n\n\n<p><\/p>\n\n\n\n<p class=\"has-text-align-justify\"><em>&#8221; Je traite souvent de sujets peu ou pas abord\u00e9s dans les m\u00e9dias : la gentrification, l&#8217;impact de la pornographie, la r\u00e9cup\u00e9ration par les multinationales du slogan Black Lives Matter au moment de la mort de George Floyd, etc. J&#8217;ai la chance de poss\u00e9der une solide culture classique (philosophie, histoire) que je met en parall\u00e8le avec l&#8217;actualit\u00e9, ce qui me permet d&#8217;avoir une vue d&#8217;ensemble sur un sujet. Mon directeur de r\u00e9daction appr\u00e9cie beaucoup mon travail pour cela, et pour ma capacit\u00e9 \u00e0 m&#8217;emparer de certains sujets difficiles \u00e0 analyser au premier abord.&#8221;<\/em><\/p>\n\n\n\n<p><\/p>\n\n\n\n<h3 class=\"wp-block-heading\"><span class=\"has-inline-color has-black-color\"><strong>16-: <strong>Quels sont vos projets \u00e0 l&#8217;avenir ? Dans les prochaines semaines et mois, \u00e0 court terme, mais \u00e9galement votre vision \u00e0 long terme.<\/strong><\/strong><\/span><\/h3>\n\n\n\n<p><\/p>\n\n\n\n<p class=\"has-text-align-justify\"><em>&#8221; Je souhaite faire plus r\u00e9guli\u00e8rement des interviews : c&#8217;est un exercice exigeant et tr\u00e8s diff\u00e9rent de la r\u00e9daction d&#8217;articles. Actuellement, j&#8217;ai un projet personnel aupr\u00e8s des Chr\u00e9tiens pers\u00e9cut\u00e9s : je passe No\u00ebl et le mois de janvier en Arm\u00e9nie, avec l&#8217;association SOS Chr\u00e9tiens d&#8217;Orient. La guerre entre l&#8217;Arm\u00e9nie et l&#8217;Azerba\u00efdjan dans la R\u00e9publique de l&#8217;Artsakh (Haut-Karabakh) a forc\u00e9 les&nbsp;Arm\u00e9niens \u00e0 fuir ce territoire, maintenant aux mains des Az\u00e9ris. Beaucoup sont r\u00e9fugi\u00e9s, bless\u00e9s, de nombreuses familles ont perdu un fils, un p\u00e8re, un fr\u00e8re, dans les combats. SOS Chr\u00e9tiens d&#8217;Orient r\u00e9alise un travail incroyable aupr\u00e8s des chr\u00e9tiens pers\u00e9cut\u00e9s en raison de leur foi, de leur identit\u00e9, et je suis tr\u00e8s honor\u00e9e de pouvoir apporter mon aide.&#8221;<\/em><\/p>\n\n\n\n<p><\/p>\n\n\n\n<h3 class=\"wp-block-heading\"><strong><span class=\"has-inline-color has-black-color\">17-: O\u00f9 peut-on vous suivre ? Sur quel m\u00e9dia ou r\u00e9seau \u00eates-vous le plus actif ?<\/span><\/strong><\/h3>\n\n\n\n<p><\/p>\n\n\n\n<p class=\"has-text-align-justify\"><em>&#8221; Vous pouvez me suivre sur Instagram : <a href=\"https:\/\/www.instagram.com\/marie.chancel\/\" target=\"_blank\" rel=\"noreferrer noopener\">marie.chancel<\/a>, o\u00f9 je partage mon travail et des analyses de l&#8217;actualit\u00e9.&nbsp; Je compte cr\u00e9er un compte Twitter plus tard, si le temps me le permet : ma priorit\u00e9 est de r\u00e9diger mes articles<\/em>.&#8221;<\/p>\n\n\n\n<p><\/p>\n\n\n\n<p><\/p>\n\n\n\n<p><\/p>","protected":false},"excerpt":{"rendered":"<p>1- Pour nos lecteurs qui ne vous connaissent pas encore, pr\u00e9sentez-vous. &#8221; Je m&#8217;appelle Marie Chancel, je suis journaliste \u00e0 [&hellip;]<\/p>","protected":false},"author":1,"featured_media":7746,"comment_status":"open","ping_status":"open","sticky":false,"template":"","format":"standard","meta":{"_et_pb_use_builder":"off","_et_pb_old_content":"","_et_gb_content_width":"","_exactmetrics_skip_tracking":false,"_exactmetrics_sitenote_active":false,"_exactmetrics_sitenote_note":"","_exactmetrics_sitenote_category":0,"footnotes":""},"categories":[21],"tags":[22,174,173],"yoast_head":"<!-- This site is optimized with the Yoast SEO plugin v22.3 - https:\/\/yoast.com\/wordpress\/plugins\/seo\/ -->\n<title>Interview TCE #24 - Marie Chancel - The Conservative Enthusiast<\/title>\n<meta name=\"description\" content=\"\u27bd Interview de Marie Chancel sur TCE : La plateforme communautaire de partage et d&#039;apprentissage des conservateurs.\" \/>\n<meta name=\"robots\" content=\"index, follow, max-snippet:-1, max-image-preview:large, max-video-preview:-1\" \/>\n<link rel=\"canonical\" href=\"https:\/\/conservativenthusiast.com\/en\/interview-tce-18-marie-chancel\/\" \/>\n<meta property=\"og:locale\" content=\"en_GB\" \/>\n<meta property=\"og:type\" content=\"article\" \/>\n<meta property=\"og:title\" content=\"Interview TCE #24 - Marie Chancel - The Conservative Enthusiast\" \/>\n<meta property=\"og:description\" content=\"\u27bd Interview de Marie Chancel sur TCE : La plateforme communautaire de partage et d&#039;apprentissage des conservateurs.\" \/>\n<meta property=\"og:url\" content=\"https:\/\/conservativenthusiast.com\/en\/interview-tce-18-marie-chancel\/\" \/>\n<meta property=\"og:site_name\" content=\"The Conservative Enthusiast\" \/>\n<meta property=\"article:published_time\" content=\"2021-06-19T10:05:00+00:00\" \/>\n<meta property=\"article:modified_time\" content=\"2021-06-15T12:28:48+00:00\" \/>\n<meta property=\"og:image\" content=\"https:\/\/conservativenthusiast.com\/wp-content\/uploads\/2021\/01\/Marie-Chancel-Revue-Elements.jpg\" \/>\n\t<meta property=\"og:image:width\" content=\"2000\" \/>\n\t<meta property=\"og:image:height\" content=\"1200\" \/>\n\t<meta property=\"og:image:type\" content=\"image\/jpeg\" \/>\n<meta name=\"author\" content=\"Alexis.L\" \/>\n<meta name=\"twitter:card\" content=\"summary_large_image\" \/>\n<meta name=\"twitter:label1\" content=\"Written by\" \/>\n\t<meta name=\"twitter:data1\" content=\"Alexis.L\" \/>\n\t<meta name=\"twitter:label2\" content=\"Estimated reading time\" \/>\n\t<meta name=\"twitter:data2\" content=\"12 minutes\" \/>\n<script type=\"application\/ld+json\" class=\"yoast-schema-graph\">{\"@context\":\"https:\/\/schema.org\",\"@graph\":[{\"@type\":\"Article\",\"@id\":\"https:\/\/conservativenthusiast.com\/interview-tce-18-marie-chancel\/#article\",\"isPartOf\":{\"@id\":\"https:\/\/conservativenthusiast.com\/interview-tce-18-marie-chancel\/\"},\"author\":{\"name\":\"Alexis.L\",\"@id\":\"https:\/\/conservativenthusiast.com\/#\/schema\/person\/3edd83a60aed483f95ebc876aeac7feb\"},\"headline\":\"Interview TCE #24 &#8211; Marie Chancel\",\"datePublished\":\"2021-06-19T10:05:00+00:00\",\"dateModified\":\"2021-06-15T12:28:48+00:00\",\"mainEntityOfPage\":{\"@id\":\"https:\/\/conservativenthusiast.com\/interview-tce-18-marie-chancel\/\"},\"wordCount\":3162,\"commentCount\":1,\"publisher\":{\"@id\":\"https:\/\/conservativenthusiast.com\/#organization\"},\"image\":{\"@id\":\"https:\/\/conservativenthusiast.com\/interview-tce-18-marie-chancel\/#primaryimage\"},\"thumbnailUrl\":\"https:\/\/conservativenthusiast.com\/wp-content\/uploads\/2021\/01\/Marie-Chancel-Revue-Elements.jpg\",\"keywords\":[\"Interview\",\"La Revue \u00c9l\u00e9ments\",\"Marie Chancel\"],\"articleSection\":[\"Interviews\"],\"inLanguage\":\"en-GB\",\"potentialAction\":[{\"@type\":\"CommentAction\",\"name\":\"Comment\",\"target\":[\"https:\/\/conservativenthusiast.com\/interview-tce-18-marie-chancel\/#respond\"]}]},{\"@type\":\"WebPage\",\"@id\":\"https:\/\/conservativenthusiast.com\/interview-tce-18-marie-chancel\/\",\"url\":\"https:\/\/conservativenthusiast.com\/interview-tce-18-marie-chancel\/\",\"name\":\"Interview TCE #24 - Marie Chancel - The Conservative Enthusiast\",\"isPartOf\":{\"@id\":\"https:\/\/conservativenthusiast.com\/#website\"},\"primaryImageOfPage\":{\"@id\":\"https:\/\/conservativenthusiast.com\/interview-tce-18-marie-chancel\/#primaryimage\"},\"image\":{\"@id\":\"https:\/\/conservativenthusiast.com\/interview-tce-18-marie-chancel\/#primaryimage\"},\"thumbnailUrl\":\"https:\/\/conservativenthusiast.com\/wp-content\/uploads\/2021\/01\/Marie-Chancel-Revue-Elements.jpg\",\"datePublished\":\"2021-06-19T10:05:00+00:00\",\"dateModified\":\"2021-06-15T12:28:48+00:00\",\"description\":\"\u27bd Interview de Marie Chancel sur TCE : La plateforme communautaire de partage et d'apprentissage des conservateurs.\",\"breadcrumb\":{\"@id\":\"https:\/\/conservativenthusiast.com\/interview-tce-18-marie-chancel\/#breadcrumb\"},\"inLanguage\":\"en-GB\",\"potentialAction\":[{\"@type\":\"ReadAction\",\"target\":[\"https:\/\/conservativenthusiast.com\/interview-tce-18-marie-chancel\/\"]}]},{\"@type\":\"ImageObject\",\"inLanguage\":\"en-GB\",\"@id\":\"https:\/\/conservativenthusiast.com\/interview-tce-18-marie-chancel\/#primaryimage\",\"url\":\"https:\/\/conservativenthusiast.com\/wp-content\/uploads\/2021\/01\/Marie-Chancel-Revue-Elements.jpg\",\"contentUrl\":\"https:\/\/conservativenthusiast.com\/wp-content\/uploads\/2021\/01\/Marie-Chancel-Revue-Elements.jpg\",\"width\":2000,\"height\":1200,\"caption\":\"Revue \u00c9l\u00e9ments Marie Chancel\"},{\"@type\":\"BreadcrumbList\",\"@id\":\"https:\/\/conservativenthusiast.com\/interview-tce-18-marie-chancel\/#breadcrumb\",\"itemListElement\":[{\"@type\":\"ListItem\",\"position\":1,\"name\":\"Accueil\",\"item\":\"https:\/\/conservativenthusiast.com\/\"},{\"@type\":\"ListItem\",\"position\":2,\"name\":\"Interview TCE #24 &#8211; Marie Chancel\"}]},{\"@type\":\"WebSite\",\"@id\":\"https:\/\/conservativenthusiast.com\/#website\",\"url\":\"https:\/\/conservativenthusiast.com\/\",\"name\":\"The Conservative Enthusiast\",\"description\":\"La plateforme de r\u00e9information, de partage et d&#039;apprentissage des conservateurs.\",\"publisher\":{\"@id\":\"https:\/\/conservativenthusiast.com\/#organization\"},\"potentialAction\":[{\"@type\":\"SearchAction\",\"target\":{\"@type\":\"EntryPoint\",\"urlTemplate\":\"https:\/\/conservativenthusiast.com\/?s={search_term_string}\"},\"query-input\":\"required name=search_term_string\"}],\"inLanguage\":\"en-GB\"},{\"@type\":\"Organization\",\"@id\":\"https:\/\/conservativenthusiast.com\/#organization\",\"name\":\"The Conservative Enthusiast\",\"url\":\"https:\/\/conservativenthusiast.com\/\",\"logo\":{\"@type\":\"ImageObject\",\"inLanguage\":\"en-GB\",\"@id\":\"https:\/\/conservativenthusiast.com\/#\/schema\/logo\/image\/\",\"url\":\"https:\/\/i0.wp.com\/conservativeenthusiast.com\/wp-content\/uploads\/2020\/06\/LOGO-CE-MINI.png?fit=3867%2C1180&ssl=1\",\"contentUrl\":\"https:\/\/i0.wp.com\/conservativeenthusiast.com\/wp-content\/uploads\/2020\/06\/LOGO-CE-MINI.png?fit=3867%2C1180&ssl=1\",\"width\":3867,\"height\":1180,\"caption\":\"The Conservative Enthusiast\"},\"image\":{\"@id\":\"https:\/\/conservativenthusiast.com\/#\/schema\/logo\/image\/\"}},{\"@type\":\"Person\",\"@id\":\"https:\/\/conservativenthusiast.com\/#\/schema\/person\/3edd83a60aed483f95ebc876aeac7feb\",\"name\":\"Alexis.L\",\"image\":{\"@type\":\"ImageObject\",\"inLanguage\":\"en-GB\",\"@id\":\"https:\/\/conservativenthusiast.com\/#\/schema\/person\/image\/\",\"url\":\"https:\/\/secure.gravatar.com\/avatar\/e276145ad3a64170e9c68564bb9e4280?s=96&d=mm&r=g\",\"contentUrl\":\"https:\/\/secure.gravatar.com\/avatar\/e276145ad3a64170e9c68564bb9e4280?s=96&d=mm&r=g\",\"caption\":\"Alexis.L\"},\"description\":\"Si vous appr\u00e9ciez les articles de ce r\u00e9dacteur et que vous souhaitez en d\u00e9couvrir davantage sur lui ou ses \u00e9crits, vous pouvez consulter tous ses articles en cliquant sur son pseudo ou en apprendre plus sur notre page \\\"Notre \u00e9quipe\\\". Vous pouvez \u00e9galement le suivre sur ses diff\u00e9rents r\u00e9seaux sociaux ci-dessous.\",\"url\":\"https:\/\/conservativenthusiast.com\/en\/author\/admin6171\/\"}]}<\/script>\n<!-- \/ Yoast SEO plugin. -->","yoast_head_json":{"title":"Interview TCE #24 - Marie Chancel - The Conservative Enthusiast","description":"\u27bd Interview de Marie Chancel sur TCE : La plateforme communautaire de partage et d'apprentissage des conservateurs.","robots":{"index":"index","follow":"follow","max-snippet":"max-snippet:-1","max-image-preview":"max-image-preview:large","max-video-preview":"max-video-preview:-1"},"canonical":"https:\/\/conservativenthusiast.com\/en\/interview-tce-18-marie-chancel\/","og_locale":"en_GB","og_type":"article","og_title":"Interview TCE #24 - Marie Chancel - The Conservative Enthusiast","og_description":"\u27bd Interview de Marie Chancel sur TCE : La plateforme communautaire de partage et d'apprentissage des conservateurs.","og_url":"https:\/\/conservativenthusiast.com\/en\/interview-tce-18-marie-chancel\/","og_site_name":"The Conservative Enthusiast","article_published_time":"2021-06-19T10:05:00+00:00","article_modified_time":"2021-06-15T12:28:48+00:00","og_image":[{"width":2000,"height":1200,"url":"https:\/\/conservativenthusiast.com\/wp-content\/uploads\/2021\/01\/Marie-Chancel-Revue-Elements.jpg","type":"image\/jpeg"}],"author":"Alexis.L","twitter_card":"summary_large_image","twitter_misc":{"Written by":"Alexis.L","Estimated reading time":"12 minutes"},"schema":{"@context":"https:\/\/schema.org","@graph":[{"@type":"Article","@id":"https:\/\/conservativenthusiast.com\/interview-tce-18-marie-chancel\/#article","isPartOf":{"@id":"https:\/\/conservativenthusiast.com\/interview-tce-18-marie-chancel\/"},"author":{"name":"Alexis.L","@id":"https:\/\/conservativenthusiast.com\/#\/schema\/person\/3edd83a60aed483f95ebc876aeac7feb"},"headline":"Interview TCE #24 &#8211; Marie Chancel","datePublished":"2021-06-19T10:05:00+00:00","dateModified":"2021-06-15T12:28:48+00:00","mainEntityOfPage":{"@id":"https:\/\/conservativenthusiast.com\/interview-tce-18-marie-chancel\/"},"wordCount":3162,"commentCount":1,"publisher":{"@id":"https:\/\/conservativenthusiast.com\/#organization"},"image":{"@id":"https:\/\/conservativenthusiast.com\/interview-tce-18-marie-chancel\/#primaryimage"},"thumbnailUrl":"https:\/\/conservativenthusiast.com\/wp-content\/uploads\/2021\/01\/Marie-Chancel-Revue-Elements.jpg","keywords":["Interview","La Revue \u00c9l\u00e9ments","Marie Chancel"],"articleSection":["Interviews"],"inLanguage":"en-GB","potentialAction":[{"@type":"CommentAction","name":"Comment","target":["https:\/\/conservativenthusiast.com\/interview-tce-18-marie-chancel\/#respond"]}]},{"@type":"WebPage","@id":"https:\/\/conservativenthusiast.com\/interview-tce-18-marie-chancel\/","url":"https:\/\/conservativenthusiast.com\/interview-tce-18-marie-chancel\/","name":"Interview TCE #24 - Marie Chancel - The Conservative Enthusiast","isPartOf":{"@id":"https:\/\/conservativenthusiast.com\/#website"},"primaryImageOfPage":{"@id":"https:\/\/conservativenthusiast.com\/interview-tce-18-marie-chancel\/#primaryimage"},"image":{"@id":"https:\/\/conservativenthusiast.com\/interview-tce-18-marie-chancel\/#primaryimage"},"thumbnailUrl":"https:\/\/conservativenthusiast.com\/wp-content\/uploads\/2021\/01\/Marie-Chancel-Revue-Elements.jpg","datePublished":"2021-06-19T10:05:00+00:00","dateModified":"2021-06-15T12:28:48+00:00","description":"\u27bd Interview de Marie Chancel sur TCE : La plateforme communautaire de partage et d'apprentissage des conservateurs.","breadcrumb":{"@id":"https:\/\/conservativenthusiast.com\/interview-tce-18-marie-chancel\/#breadcrumb"},"inLanguage":"en-GB","potentialAction":[{"@type":"ReadAction","target":["https:\/\/conservativenthusiast.com\/interview-tce-18-marie-chancel\/"]}]},{"@type":"ImageObject","inLanguage":"en-GB","@id":"https:\/\/conservativenthusiast.com\/interview-tce-18-marie-chancel\/#primaryimage","url":"https:\/\/conservativenthusiast.com\/wp-content\/uploads\/2021\/01\/Marie-Chancel-Revue-Elements.jpg","contentUrl":"https:\/\/conservativenthusiast.com\/wp-content\/uploads\/2021\/01\/Marie-Chancel-Revue-Elements.jpg","width":2000,"height":1200,"caption":"Revue \u00c9l\u00e9ments Marie Chancel"},{"@type":"BreadcrumbList","@id":"https:\/\/conservativenthusiast.com\/interview-tce-18-marie-chancel\/#breadcrumb","itemListElement":[{"@type":"ListItem","position":1,"name":"Accueil","item":"https:\/\/conservativenthusiast.com\/"},{"@type":"ListItem","position":2,"name":"Interview TCE #24 &#8211; Marie Chancel"}]},{"@type":"WebSite","@id":"https:\/\/conservativenthusiast.com\/#website","url":"https:\/\/conservativenthusiast.com\/","name":"The Conservative Enthusiast","description":"La plateforme de r\u00e9information, de partage et d&#039;apprentissage des conservateurs.","publisher":{"@id":"https:\/\/conservativenthusiast.com\/#organization"},"potentialAction":[{"@type":"SearchAction","target":{"@type":"EntryPoint","urlTemplate":"https:\/\/conservativenthusiast.com\/?s={search_term_string}"},"query-input":"required name=search_term_string"}],"inLanguage":"en-GB"},{"@type":"Organization","@id":"https:\/\/conservativenthusiast.com\/#organization","name":"The Conservative Enthusiast","url":"https:\/\/conservativenthusiast.com\/","logo":{"@type":"ImageObject","inLanguage":"en-GB","@id":"https:\/\/conservativenthusiast.com\/#\/schema\/logo\/image\/","url":"https:\/\/i0.wp.com\/conservativeenthusiast.com\/wp-content\/uploads\/2020\/06\/LOGO-CE-MINI.png?fit=3867%2C1180&ssl=1","contentUrl":"https:\/\/i0.wp.com\/conservativeenthusiast.com\/wp-content\/uploads\/2020\/06\/LOGO-CE-MINI.png?fit=3867%2C1180&ssl=1","width":3867,"height":1180,"caption":"The Conservative Enthusiast"},"image":{"@id":"https:\/\/conservativenthusiast.com\/#\/schema\/logo\/image\/"}},{"@type":"Person","@id":"https:\/\/conservativenthusiast.com\/#\/schema\/person\/3edd83a60aed483f95ebc876aeac7feb","name":"Alexis.L","image":{"@type":"ImageObject","inLanguage":"en-GB","@id":"https:\/\/conservativenthusiast.com\/#\/schema\/person\/image\/","url":"https:\/\/secure.gravatar.com\/avatar\/e276145ad3a64170e9c68564bb9e4280?s=96&d=mm&r=g","contentUrl":"https:\/\/secure.gravatar.com\/avatar\/e276145ad3a64170e9c68564bb9e4280?s=96&d=mm&r=g","caption":"Alexis.L"},"description":"Si vous appr\u00e9ciez les articles de ce r\u00e9dacteur et que vous souhaitez en d\u00e9couvrir davantage sur lui ou ses \u00e9crits, vous pouvez consulter tous ses articles en cliquant sur son pseudo ou en apprendre plus sur notre page \"Notre \u00e9quipe\". Vous pouvez \u00e9galement le suivre sur ses diff\u00e9rents r\u00e9seaux sociaux ci-dessous.","url":"https:\/\/conservativenthusiast.com\/en\/author\/admin6171\/"}]}},"_links":{"self":[{"href":"https:\/\/conservativenthusiast.com\/en\/wp-json\/wp\/v2\/posts\/7745"}],"collection":[{"href":"https:\/\/conservativenthusiast.com\/en\/wp-json\/wp\/v2\/posts"}],"about":[{"href":"https:\/\/conservativenthusiast.com\/en\/wp-json\/wp\/v2\/types\/post"}],"author":[{"embeddable":true,"href":"https:\/\/conservativenthusiast.com\/en\/wp-json\/wp\/v2\/users\/1"}],"replies":[{"embeddable":true,"href":"https:\/\/conservativenthusiast.com\/en\/wp-json\/wp\/v2\/comments?post=7745"}],"version-history":[{"count":6,"href":"https:\/\/conservativenthusiast.com\/en\/wp-json\/wp\/v2\/posts\/7745\/revisions"}],"predecessor-version":[{"id":34755,"href":"https:\/\/conservativenthusiast.com\/en\/wp-json\/wp\/v2\/posts\/7745\/revisions\/34755"}],"wp:featuredmedia":[{"embeddable":true,"href":"https:\/\/conservativenthusiast.com\/en\/wp-json\/wp\/v2\/media\/7746"}],"wp:attachment":[{"href":"https:\/\/conservativenthusiast.com\/en\/wp-json\/wp\/v2\/media?parent=7745"}],"wp:term":[{"taxonomy":"category","embeddable":true,"href":"https:\/\/conservativenthusiast.com\/en\/wp-json\/wp\/v2\/categories?post=7745"},{"taxonomy":"post_tag","embeddable":true,"href":"https:\/\/conservativenthusiast.com\/en\/wp-json\/wp\/v2\/tags?post=7745"}],"curies":[{"name":"wp","href":"https:\/\/api.w.org\/{rel}","templated":true}]}}