{"id":7742,"date":"2021-02-28T12:00:00","date_gmt":"2021-02-28T11:00:00","guid":{"rendered":"https:\/\/conservativeenthusiast.com\/?p=7742"},"modified":"2021-02-28T12:49:53","modified_gmt":"2021-02-28T11:49:53","slug":"interview-tce-14-thomas-ferrier","status":"publish","type":"post","link":"https:\/\/conservativenthusiast.com\/en\/interview-tce-14-thomas-ferrier\/","title":{"rendered":"Interview TCE #14 &#8211; Thomas Ferrier"},"content":{"rendered":"<h3 class=\"wp-block-heading\"><strong><span class=\"has-inline-color has-black-color\">1- For our readers who don't know you yet, can you present yourself ?<\/span><\/strong><\/h3>\n\n\n\n<p><\/p>\n\n\n\n<p class=\"has-text-align-justify\"><em>&#8220;Thomas FERRIER, 44 ans, dirigeant du Parti des Europ\u00e9ens, seul parti explicitement europ\u00e9en et non coalition de partis nationaux.&#8221;<\/em><\/p>\n\n\n\n<p><\/p>\n\n\n\n<h3 class=\"wp-block-heading\"><strong><span class=\"has-inline-color has-black-color\">2-: Quel est votre parcours ? Votre jeunesse, vos \u00e9tudes, vos projets d\u00e9j\u00e0 r\u00e9alis\u00e9s et vos succ\u00e8s pass\u00e9s ?<\/span><\/strong><\/h3>\n\n\n\n<p><\/p>\n\n\n\n<p class=\"has-text-align-justify\"><em>&#8220;A l&#8217;issue d&#8217;une formation universitaire en histoire ancienne, je suis devenu cadre de la fonction publique, tout en d\u00e9fendant mes id\u00e9es \u00e0 visage d\u00e9couvert en faveur d&#8217;une Europe forte, unie de l&#8217;Islande \u00e0 la Russie, et surtout europ\u00e9enne.<\/em><\/p>\n\n\n\n<p class=\"has-text-align-justify\"><em>Le Parti des Europ\u00e9ens est une refondation en 2016 de tentatives ant\u00e9rieures, avec choix d&#8217;un nom explicite et rassembleur. L&#8217;id\u00e9e g\u00e9n\u00e9rale est que l&#8217;avenir de l&#8217;Europe ne peut passer que par la synth\u00e8se d&#8217;un discours europ\u00e9iste (en faveur donc d&#8217;une Europe politique) et identitaire (en faveur d&#8217;une Europe toujours europ\u00e9enne).&#8221;<\/em><\/p>\n\n\n\n<p><\/p>\n\n\n\n<h3 class=\"wp-block-heading\"><strong><span class=\"has-inline-color has-black-color\">3-: Qu&#8217;est-ce qui vous a amen\u00e9 \u00e0 lancer votre projet ? Quelles sont les \u00e9tapes qui vous y ont men\u00e9es ?<\/span><\/strong><\/h3>\n\n\n\n<p><\/p>\n\n\n\n<p class=\"has-text-align-justify\"><em>&#8220;J&#8217;ai toujours \u00e9t\u00e9 passionn\u00e9 par la chose politique. J&#8217;ai fait mes premi\u00e8res armes \u00e0 droite, o\u00f9 j&#8217;ai compris au bout de quelques ann\u00e9es qu&#8217;elle \u00e9tait dans l&#8217;impasse, qu&#8217;elle \u00e9tait m\u00eame une impasse. Ceux qui croient \u00e0 l&#8217;union des droites, entre pour r\u00e9sumer LR et le RN, perdent leur temps. Il faut rassembler les Europ\u00e9ens lucides, pas des &#8220;clans&#8221; ou des &#8220;familles politiques&#8221; &#8220;<\/em><\/p>\n\n\n\n<p class=\"has-text-align-justify\"><\/p>\n\n\n\n<h3 class=\"wp-block-heading\"><strong><span class=\"has-inline-color has-black-color\">4-: <strong><strong>Can you explain to us more in details what are your projects about<\/strong><\/strong><\/span><\/strong><span class=\"has-inline-color has-black-color\"><strong>and why are you doing what you're doing ?<\/strong><\/span><\/h3>\n\n\n\n<p><\/p>\n\n\n\n<p class=\"has-text-align-justify\"><em>&#8220;L&#8217;Europe comme civilisation est en tr\u00e8s grand p\u00e9ril. Je ne vous apprends rien. Elle conna\u00eet un hiver d\u00e9mographique tenace, avec un taux de natalit\u00e9 bien inf\u00e9rieur au taux de renouvellement requis (2,1 enfants\/femme), et subit par ailleurs des flux migratoires post-coloniaux intenses qui modifient son profil et sont la cause d&#8217;un p\u00e9ril identitaire in\u00e9dit, sans \u00e9voquer les cons\u00e9quences financi\u00e8res ou s\u00e9curitaires engendr\u00e9es. Elle est politiquement divis\u00e9e donc la proie des USA et de la Chine, notamment, qui profitent du jeu nocif entre Etats et gouvernements, jeu que l&#8217;UE actuelle n&#8217;a en rien aboli, m\u00eame si le rapport de force se fait d\u00e9sormais en son sein davantage qu&#8217;en dehors.<\/em><\/p>\n\n\n\n<p class=\"has-text-align-justify\"><em>C&#8217;est face \u00e0 ces immenses menaces sur la civilisation europ\u00e9enne tout enti\u00e8re qu&#8217;une r\u00e9ponse politique d\u00e9mocratique \u00e0 l&#8217;\u00e9chelle du continent doit \u00e9merger. Le parlement europ\u00e9en de Strasbourg, par son mode de scrutin qui le rend plus d\u00e9mocratique que le mode de scrutin pour les \u00e9lections nationales, en tout cas en France, peut \u00eatre demain le pivot de bascule permettant de passer d&#8217;une UE d\u00e9sunie et anti-identitaire \u00e0 une Europe unie et identitaire, \u00e9largie \u00e0 terme \u00e0 l&#8217;ensemble du continent, Russie comprise.&#8221;<\/em><\/p>\n\n\n\n<p><\/p>\n\n\n\n<h3 class=\"wp-block-heading\"><strong><span class=\"has-inline-color has-black-color\">5-: <\/span><\/strong><span class=\"has-inline-color has-black-color\"><strong>What are your main sources of inspiration ? Who or what have had a big influence on you ?<\/strong><\/span><\/h3>\n\n\n\n<p><\/p>\n\n\n\n<p class=\"has-text-align-justify\"><em>&#8220;Elles sont multiples parce que je suis un lecteur forcen\u00e9, mais disons que je consid\u00e8re que toutes les figures ayant pr\u00each\u00e9 sainement l&#8217;unit\u00e9 de l&#8217;Europe sont mes &#8220;anc\u00eatres&#8221; id\u00e9ologiques, en commen\u00e7ant par Georges de Podiebrad au XV\u00e8me si\u00e8cle qui pr\u00f4nait une Europe unie pour r\u00e9sister aux Ottomans. Il ne faut pas opposer les europ\u00e9istes entre eux, et on doit pouvoir concilier Giscard et De Gaulle, Mosley et Monnet, Venner et Schuman.&#8221;<\/em><\/p>\n\n\n\n<p class=\"has-text-align-justify\"><\/p>\n\n\n\n<h3 class=\"wp-block-heading\"><span class=\"has-inline-color has-black-color\"><strong>6-: What is conservatism in your opinion? And do you think it is important today?<\/strong><\/span><\/h3>\n\n\n\n<p><\/p>\n\n\n\n<p class=\"has-text-align-justify\"><em>&#8220;Le conservatisme englobe \u00e0 la fois le pass\u00e9, le pr\u00e9sent et le futur. C\u2019est \u00e0 la fois les ch\u00e2teaux de France, les \u00e9glises de Bavi\u00e8re, le savoir-\u00eatre courtois du gentleman anglais, les statues grecques et les tableaux des peintres italiens. Comment avancer sans s\u2019inspirer de l\u2019ancien ? Nous avons besoin de valeurs et de convictions pour \u00eatre des hommes et des femmes complets et le conservatisme en fait partie. Si nous laissons le progressisme guider nos actions, nous finirons dans le n\u00e9ant \u00e0 coup s\u00fbr.&#8221;<\/em><\/p>\n\n\n\n<p class=\"has-text-align-justify\"><\/p>\n\n\n\n<h3 class=\"wp-block-heading\"><span class=\"has-inline-color has-black-color\"><strong>7-: What do you think of the current context of society in Europe? And on a global scale?<\/strong><\/span><\/h3>\n\n\n\n<p><\/p>\n\n\n\n<p class=\"has-text-align-justify\"><em>&#8220;Je pense sinc\u00e8rement que l&#8217;Europe n&#8217;a jamais \u00e9t\u00e9 aussi menac\u00e9e dans son existence m\u00eame qu&#8217;au cours de ce XXI\u00e8me si\u00e8cle, m\u00eame si elle a connu des situations tragiques au XX\u00e8me si\u00e8cle, qui l&#8217;ont affaiblie et men\u00e9e \u00e0 la situation actuelle. Si le communisme est tomb\u00e9, son jumeau h\u00e9t\u00e9rozygote globaliste n&#8217;a jamais \u00e9t\u00e9 aussi fort, du moins en apparence. Et il est davantage destructeur de l&#8217;\u00e2me des peuples. On constate que les pays de l&#8217;ex-bloc sovi\u00e9tique ont sur le plan identitaire en tout cas mieux r\u00e9sist\u00e9 que les pays d&#8217;Europe occidentale. Pendant que la France a connu Mai 68, avec ses &#8220;valeurs&#8221; d\u00e9l\u00e9t\u00e8res porteuses d&#8217;un individualisme forcen\u00e9 dont on paie aujourd&#8217;hui le prix, les Tch\u00e8ques et les Slovaques connaissaient les chars sovi\u00e9tiques dans leurs rues.&#8221;<\/em><\/p>\n\n\n\n<p><\/p>\n\n\n\n<h3 class=\"wp-block-heading\"><span class=\"has-inline-color has-black-color\"><strong>8-: If you had to give 5 elements that every French person should seriously work on at the individual level, what would they be?<\/strong><\/span><\/h3>\n\n\n\n<p><\/p>\n\n\n\n<ul><li><em>&#8220;L&#8217;auto-critique qui est saine lorsqu&#8217;elle est men\u00e9e sans esprit de repentance mais dans le but de s&#8217;am\u00e9liorer.<\/em><\/li><li><em>La fiert\u00e9 d&#8217;\u00eatre un europ\u00e9en et d&#8217;assumer le devoir qu&#8217;implique cette identit\u00e9, \u00e0 savoir le d\u00e9passement permanent, la culture du doute face aux dogmes aveuglants, le respect des anc\u00eatres \u00e0 qui nous devons un immense h\u00e9ritage.<\/em><\/li><li><em>Le sentiment du devoir de d\u00e9fendre sa civilisation.<\/em><\/li><li><em>Le refus du chauvinisme \u00e9troit et l&#8217;acceptation du destin europ\u00e9en.<\/em><\/li><li><em>Le choix d&#8217;une religiosit\u00e9 de r\u00e9sistance et non d&#8217;ouverture \u00e0 l&#8217;Autre.&#8221;<\/em><\/li><\/ul>\n\n\n\n<p><\/p>\n\n\n\n<h3 class=\"wp-block-heading\"><span class=\"has-inline-color has-black-color\"><strong>9-: Can you share with us your feelings about today's youth?<\/strong><\/span><\/h3>\n\n\n\n<p><\/p>\n\n\n\n<p class=\"has-text-align-justify\"><em>&#8220;Elle est \u00e0 la fois source d&#8217;une extr\u00eame tristesse et d&#8217;un immense espoir. Le jeune europ\u00e9en qui r\u00e9ussit, dans ce monde qui lui est si hostile, face \u00e0 une propagande quotidienne voulant saper son moral, avec une in\u00e9ducation nationale des plus nocives, \u00e0 se penser en tant qu&#8217;europ\u00e9en, \u00e0 se lever face \u00e0 l&#8217;apathie g\u00e9n\u00e9rale, \u00e0 faire le choix de lire et de progresser, est plus fort qu&#8217;il ne l&#8217;imagine. Et ils sont plus nombreux qu&#8217;on ne le croit ceux qui ont \u00e9t\u00e9 capables de r\u00e9sister. Ils seront l&#8217;avenir de l&#8217;Europe.&#8221;<\/em><\/p>\n\n\n\n<p class=\"has-text-align-justify\"><\/p>\n\n\n\n<h3 class=\"wp-block-heading\"><span class=\"has-inline-color has-black-color\"><strong>10-: Many young French people are looking to reconnect with their heritage, what do you think is the best way to do so?<\/strong><\/span><\/h3>\n\n\n\n<p><\/p>\n\n\n\n<p class=\"has-text-align-justify\"><em>&#8220;Je crois qu&#8217;il faut beaucoup lire mais toujours avec un esprit ouvert et attentif aux petites choses. Il n&#8217;y a pas de recette miracle. Il ne faut en tout cas pas faire confiance aux media ou \u00e0 l&#8217;\u00e9cole. Cultiver ce doute qui pousse \u00e0 la curiosit\u00e9. Arpenter son chemin avec lucidit\u00e9, prudence et volont\u00e9.&#8221;<\/em><\/p>\n\n\n\n<p><\/p>\n\n\n\n<h3 class=\"wp-block-heading\"><span class=\"has-inline-color has-black-color\"><strong>11-: What are the main dangers that threaten European civilization in your opinion?<\/strong><\/span><\/h3>\n\n\n\n<p><\/p>\n\n\n\n<p class=\"has-text-align-justify\"><em>&#8220;<\/em>Je les ai \u00e9voqu\u00e9s plus haut mais pour r\u00e9sumer: le p\u00e9ril d\u00e9mographique, le p\u00e9ril migratoire et l&#8217;individualisme de reniement (en termes clairs, ne pas assumer qui on est et croire qu&#8217;on peut devenir autre chose), ce dernier amenant \u00e0 toutes les d\u00e9rives sur le &#8220;genre&#8221; ou au pseudo-nationalisme civique qui est un universalisme illusoire \u00e0 peine d\u00e9guis\u00e9.&#8221;<\/p>\n\n\n\n<p class=\"has-text-align-justify\"><\/p>\n\n\n\n<h3 class=\"wp-block-heading\"><span class=\"has-inline-color has-black-color\"><strong>12-: What are the main hopes and levers to overcome these threats?<\/strong><\/span><\/h3>\n\n\n\n<p><\/p>\n\n\n\n<p class=\"has-text-align-justify\"><em>&#8220;L&#8217;unit\u00e9 de l&#8217;Europe sur les bases de notre identit\u00e9 commune est la seule r\u00e9ponse. Le levier est l&#8217;\u00e9veil des Europ\u00e9ens \u00e0 cette n\u00e9cessit\u00e9 et sa transposition politique via les \u00e9lections europ\u00e9ennes.&#8221;<\/em><\/p>\n\n\n\n<p><\/p>\n\n\n\n<h3 class=\"wp-block-heading\"><span class=\"has-inline-color has-black-color\"><strong>13-:<\/strong> <strong>What are the personalities, authors, initiatives or organizations that seem worthy of interest today in your opinion?<\/strong><\/span><\/h3>\n\n\n\n<p><\/p>\n\n\n\n<p class=\"has-text-align-justify\"><em>&#8220;Tous ceux qui ont compris l&#8217;importance de l&#8217;unit\u00e9 politique de l&#8217;Europe pour faire face aux p\u00e9rils susmentionn\u00e9s. Ceux qui par exemple s&#8217;opposent \u00e0 l&#8217;immigration de substitution mais sans tomber dans les travers de l&#8217;euroscepticisme, impasse supr\u00eame.&#8221;<\/em><\/p>\n\n\n\n<p><\/p>\n\n\n\n<h3 class=\"wp-block-heading\"><span class=\"has-inline-color has-black-color\"><strong>14-:<\/strong> <strong>Y a t-il un sujet qui vous para\u00eet d\u00e9laiss\u00e9 aujourd&#8217;hui ou que vous consid\u00e9rez ne pas voir suffisamment dans les m\u00e9dias ou le d\u00e9bat public ?<\/strong><\/span><\/h3>\n\n\n\n<p><\/p>\n\n\n\n<p class=\"has-text-align-justify\"><em>&#8220;L&#8217;identit\u00e9 europ\u00e9enne est le grand tabou. Ceux qui parlent positivement d&#8217;Europe n&#8217;y voient qu&#8217;un projet politique, et non ethno-civilisationnel, porteur de valeurs universelles. C&#8217;est l&#8217;europhobie par globalisme qui n&#8217;envisage l&#8217;Europe que comme un magma artificiel.<\/em><\/p>\n\n\n\n<p class=\"has-text-align-justify\"><em>Or l&#8217;Europe unie n&#8217;est un projet politique que comme la transposition d&#8217;une r\u00e9alit\u00e9 anthropologique. C&#8217;est parce que les Europ\u00e9ens sont de m\u00eame souche qu&#8217;ils ont un m\u00eame destin et qu&#8217;ils peuvent l&#8217;avoir unis.&#8221;<\/em><\/p>\n\n\n\n<p><\/p>\n\n\n\n<h3 class=\"wp-block-heading\"><span class=\"has-inline-color has-black-color\"><strong>15-: Pouvez-vous nous donner un livre, un film et une musique, qui selon vous vous repr\u00e9sente, ou auquel vous tenez ?<\/strong><\/span><\/h3>\n\n\n\n<p><\/p>\n\n\n\n<p>Parmi tant d&#8217;autres,<\/p>\n\n\n\n<p><em>&#8220;Hom\u00e8re, &#8220;L&#8217;Iliade&#8221;.<br>&#8220;Excalibur&#8221;, de John Boorman<br>IX\u00e8me symphonie, Beethoven&#8221;<\/em><\/p>\n\n\n\n<p><\/p>\n\n\n\n<h3 class=\"wp-block-heading\"><span class=\"has-inline-color has-black-color\"><strong>16-: <strong>What do you think you can bring to someone who is just discovering you?<\/strong><\/strong><\/span><\/h3>\n\n\n\n<p><\/p>\n\n\n\n<p class=\"has-text-align-justify\"><em>&#8220;Un point de vue audacieux sur l&#8217;Europe, une certaine lucidit\u00e9 face aux propagandes euro-mondialistes comme euro-sceptiques, un jugement plus nuanc\u00e9 sur l&#8217;actuelle Union Europ\u00e9enne, l&#8217;espoir aussi d&#8217;un avenir \u00e0 nouveau solaire pour les Europ\u00e9ens.&#8221;<\/em><\/p>\n\n\n\n<p><\/p>\n\n\n\n<h3 class=\"wp-block-heading\"><span class=\"has-inline-color has-black-color\"><strong>17-: <strong>Quels sont vos projets \u00e0 l&#8217;avenir ? Dans les prochaines semaines et mois, \u00e0 court terme, mais \u00e9galement votre vision \u00e0 long terme.<\/strong><\/strong><\/span><\/h3>\n\n\n\n<p><\/p>\n\n\n\n<p class=\"has-text-align-justify\">&#8220;<em>L&#8217;objectif principal et m\u00eame fondamental est l&#8217;\u00e9mergence m\u00e9diatique et pas seulement sur les canaux du pauvre (r\u00e9seaux sociaux, youtube) mais au premier plan. Seule cette \u00e9mergence peut permettre de pr\u00e9senter une liste cr\u00e9dible aux \u00e9lections europ\u00e9ennes, financ\u00e9e, avec de vrais bulletins et de vraies affiches, et donc dans des conditions id\u00e9ales pour \u00e9viter de faire 3 000 voix sur toute la France, comme l&#8217;ont fait certaines listes identitaires en 2019.<\/em>&#8220;<\/p>\n\n\n\n<p><\/p>\n\n\n\n<h3 class=\"wp-block-heading\"><strong><span class=\"has-inline-color has-black-color\">18-: Where can we follow you? On which media or social network are you the most active?<\/span><\/strong><\/h3>\n\n\n\n<p><\/p>\n\n\n\n<p class=\"has-text-align-justify\"><em>&#8220;Je suis actuellement pr\u00e9sent surtout sur Twitter (<a href=\"https:\/\/twitter.com\/ThFerrier\" target=\"_blank\" rel=\"noreferrer noopener\">@ThFerrier<\/a>) et aussi sur Telegram (<a href=\"http:\/\/t.me\/LePartiDesEuropeens\" target=\"_blank\" rel=\"noreferrer noopener\">t.me\/LePartiDesEuropeens<\/a>) o\u00f9 il y a plusieurs centaines d&#8217;audios accessibles d\u00e9sormais sur diff\u00e9rents sujets que chacun peut \u00e9couter (religion, histoire, politique, institutions, droit, propositions du parti, \u00e9l\u00e9ments du programme, actualit\u00e9s\u2026).<\/em>&#8220;<\/p>\n\n\n\n<p><\/p>\n\n\n\n<h3 class=\"wp-block-heading\"><strong><span class=\"has-inline-color has-black-color\">19-: A word for the end ?<\/span><\/strong><\/h3>\n\n\n\n<p><\/p>\n\n\n\n<p><em>&#8220;Elle ne saurait mourir que si elle \u00e9tait incapable de s&#8217;unir mais elle va y parvenir m\u00eame si cela devait \u00eatre &#8220;au bord du tombeau&#8221; pour paraphraser Nietzsche.&#8221;<\/em><\/p>\n\n\n\n<p><\/p>\n\n\n\n<p><\/p>\n\n\n\n<p><\/p>","protected":false},"excerpt":{"rendered":"<p>1- Pour nos lecteurs qui ne vous connaissent pas encore, pr\u00e9sentez-vous. &#8220;Thomas FERRIER, 44 ans, dirigeant du Parti des Europ\u00e9ens, [&hellip;]<\/p>","protected":false},"author":1,"featured_media":7743,"comment_status":"open","ping_status":"open","sticky":false,"template":"","format":"standard","meta":{"_et_pb_use_builder":"off","_et_pb_old_content":"","_et_gb_content_width":"","_exactmetrics_skip_tracking":false,"_exactmetrics_sitenote_active":false,"_exactmetrics_sitenote_note":"","_exactmetrics_sitenote_category":0,"footnotes":""},"categories":[21],"tags":[22,172,171],"yoast_head":"<!-- This site is optimized with the Yoast SEO plugin v22.3 - https:\/\/yoast.com\/wordpress\/plugins\/seo\/ -->\n<title>Interview TCE #14 - Thomas Ferrier - The Conservative Enthusiast<\/title>\n<meta name=\"description\" content=\"\u27bd Interview de Thomas Ferrier sur TCE : La plateforme communautaire de partage et d&#039;apprentissage des conservateurs.\" \/>\n<meta name=\"robots\" content=\"index, follow, max-snippet:-1, max-image-preview:large, max-video-preview:-1\" \/>\n<link rel=\"canonical\" href=\"https:\/\/conservativenthusiast.com\/en\/interview-tce-14-thomas-ferrier\/\" \/>\n<meta property=\"og:locale\" content=\"en_GB\" \/>\n<meta property=\"og:type\" content=\"article\" \/>\n<meta property=\"og:title\" content=\"Interview TCE #14 - Thomas Ferrier - The Conservative Enthusiast\" \/>\n<meta property=\"og:description\" content=\"\u27bd Interview de Thomas Ferrier sur TCE : La plateforme communautaire de partage et d&#039;apprentissage des conservateurs.\" \/>\n<meta property=\"og:url\" content=\"https:\/\/conservativenthusiast.com\/en\/interview-tce-14-thomas-ferrier\/\" \/>\n<meta property=\"og:site_name\" content=\"The Conservative Enthusiast\" \/>\n<meta property=\"article:published_time\" content=\"2021-02-28T11:00:00+00:00\" \/>\n<meta property=\"article:modified_time\" content=\"2021-02-28T11:49:53+00:00\" \/>\n<meta property=\"og:image\" content=\"https:\/\/conservativenthusiast.com\/wp-content\/uploads\/2021\/01\/Thomas-Ferrier.jpg\" \/>\n\t<meta property=\"og:image:width\" content=\"1280\" \/>\n\t<meta property=\"og:image:height\" content=\"720\" \/>\n\t<meta property=\"og:image:type\" content=\"image\/jpeg\" \/>\n<meta name=\"author\" content=\"Alexis.L\" \/>\n<meta name=\"twitter:card\" content=\"summary_large_image\" \/>\n<meta name=\"twitter:label1\" content=\"Written by\" \/>\n\t<meta name=\"twitter:data1\" content=\"Alexis.L\" \/>\n\t<meta name=\"twitter:label2\" content=\"Estimated reading time\" \/>\n\t<meta name=\"twitter:data2\" content=\"7 minutes\" \/>\n<script type=\"application\/ld+json\" class=\"yoast-schema-graph\">{\"@context\":\"https:\/\/schema.org\",\"@graph\":[{\"@type\":\"Article\",\"@id\":\"https:\/\/conservativenthusiast.com\/interview-tce-14-thomas-ferrier\/#article\",\"isPartOf\":{\"@id\":\"https:\/\/conservativenthusiast.com\/interview-tce-14-thomas-ferrier\/\"},\"author\":{\"name\":\"Alexis.L\",\"@id\":\"https:\/\/conservativenthusiast.com\/#\/schema\/person\/3edd83a60aed483f95ebc876aeac7feb\"},\"headline\":\"Interview TCE #14 &#8211; Thomas Ferrier\",\"datePublished\":\"2021-02-28T11:00:00+00:00\",\"dateModified\":\"2021-02-28T11:49:53+00:00\",\"mainEntityOfPage\":{\"@id\":\"https:\/\/conservativenthusiast.com\/interview-tce-14-thomas-ferrier\/\"},\"wordCount\":1780,\"commentCount\":0,\"publisher\":{\"@id\":\"https:\/\/conservativenthusiast.com\/#organization\"},\"image\":{\"@id\":\"https:\/\/conservativenthusiast.com\/interview-tce-14-thomas-ferrier\/#primaryimage\"},\"thumbnailUrl\":\"https:\/\/conservativenthusiast.com\/wp-content\/uploads\/2021\/01\/Thomas-Ferrier.jpg\",\"keywords\":[\"Interview\",\"Le Parti des Europ\u00e9ens\",\"Thomas Ferrier\"],\"articleSection\":[\"Interviews\"],\"inLanguage\":\"en-GB\",\"potentialAction\":[{\"@type\":\"CommentAction\",\"name\":\"Comment\",\"target\":[\"https:\/\/conservativenthusiast.com\/interview-tce-14-thomas-ferrier\/#respond\"]}]},{\"@type\":\"WebPage\",\"@id\":\"https:\/\/conservativenthusiast.com\/interview-tce-14-thomas-ferrier\/\",\"url\":\"https:\/\/conservativenthusiast.com\/interview-tce-14-thomas-ferrier\/\",\"name\":\"Interview TCE #14 - Thomas Ferrier - The Conservative Enthusiast\",\"isPartOf\":{\"@id\":\"https:\/\/conservativenthusiast.com\/#website\"},\"primaryImageOfPage\":{\"@id\":\"https:\/\/conservativenthusiast.com\/interview-tce-14-thomas-ferrier\/#primaryimage\"},\"image\":{\"@id\":\"https:\/\/conservativenthusiast.com\/interview-tce-14-thomas-ferrier\/#primaryimage\"},\"thumbnailUrl\":\"https:\/\/conservativenthusiast.com\/wp-content\/uploads\/2021\/01\/Thomas-Ferrier.jpg\",\"datePublished\":\"2021-02-28T11:00:00+00:00\",\"dateModified\":\"2021-02-28T11:49:53+00:00\",\"description\":\"\u27bd Interview de Thomas Ferrier sur TCE : La plateforme communautaire de partage et d'apprentissage des conservateurs.\",\"breadcrumb\":{\"@id\":\"https:\/\/conservativenthusiast.com\/interview-tce-14-thomas-ferrier\/#breadcrumb\"},\"inLanguage\":\"en-GB\",\"potentialAction\":[{\"@type\":\"ReadAction\",\"target\":[\"https:\/\/conservativenthusiast.com\/interview-tce-14-thomas-ferrier\/\"]}]},{\"@type\":\"ImageObject\",\"inLanguage\":\"en-GB\",\"@id\":\"https:\/\/conservativenthusiast.com\/interview-tce-14-thomas-ferrier\/#primaryimage\",\"url\":\"https:\/\/conservativenthusiast.com\/wp-content\/uploads\/2021\/01\/Thomas-Ferrier.jpg\",\"contentUrl\":\"https:\/\/conservativenthusiast.com\/wp-content\/uploads\/2021\/01\/Thomas-Ferrier.jpg\",\"width\":1280,\"height\":720,\"caption\":\"Le Parti des Europ\u00e9ens Thomas Ferrier\"},{\"@type\":\"BreadcrumbList\",\"@id\":\"https:\/\/conservativenthusiast.com\/interview-tce-14-thomas-ferrier\/#breadcrumb\",\"itemListElement\":[{\"@type\":\"ListItem\",\"position\":1,\"name\":\"Accueil\",\"item\":\"https:\/\/conservativenthusiast.com\/\"},{\"@type\":\"ListItem\",\"position\":2,\"name\":\"Interview TCE #14 &#8211; Thomas Ferrier\"}]},{\"@type\":\"WebSite\",\"@id\":\"https:\/\/conservativenthusiast.com\/#website\",\"url\":\"https:\/\/conservativenthusiast.com\/\",\"name\":\"The Conservative Enthusiast\",\"description\":\"La plateforme de r\u00e9information, de partage et d&#039;apprentissage des conservateurs.\",\"publisher\":{\"@id\":\"https:\/\/conservativenthusiast.com\/#organization\"},\"potentialAction\":[{\"@type\":\"SearchAction\",\"target\":{\"@type\":\"EntryPoint\",\"urlTemplate\":\"https:\/\/conservativenthusiast.com\/?s={search_term_string}\"},\"query-input\":\"required name=search_term_string\"}],\"inLanguage\":\"en-GB\"},{\"@type\":\"Organization\",\"@id\":\"https:\/\/conservativenthusiast.com\/#organization\",\"name\":\"The Conservative Enthusiast\",\"url\":\"https:\/\/conservativenthusiast.com\/\",\"logo\":{\"@type\":\"ImageObject\",\"inLanguage\":\"en-GB\",\"@id\":\"https:\/\/conservativenthusiast.com\/#\/schema\/logo\/image\/\",\"url\":\"https:\/\/i0.wp.com\/conservativeenthusiast.com\/wp-content\/uploads\/2020\/06\/LOGO-CE-MINI.png?fit=3867%2C1180&ssl=1\",\"contentUrl\":\"https:\/\/i0.wp.com\/conservativeenthusiast.com\/wp-content\/uploads\/2020\/06\/LOGO-CE-MINI.png?fit=3867%2C1180&ssl=1\",\"width\":3867,\"height\":1180,\"caption\":\"The Conservative Enthusiast\"},\"image\":{\"@id\":\"https:\/\/conservativenthusiast.com\/#\/schema\/logo\/image\/\"}},{\"@type\":\"Person\",\"@id\":\"https:\/\/conservativenthusiast.com\/#\/schema\/person\/3edd83a60aed483f95ebc876aeac7feb\",\"name\":\"Alexis.L\",\"image\":{\"@type\":\"ImageObject\",\"inLanguage\":\"en-GB\",\"@id\":\"https:\/\/conservativenthusiast.com\/#\/schema\/person\/image\/\",\"url\":\"https:\/\/secure.gravatar.com\/avatar\/e276145ad3a64170e9c68564bb9e4280?s=96&d=mm&r=g\",\"contentUrl\":\"https:\/\/secure.gravatar.com\/avatar\/e276145ad3a64170e9c68564bb9e4280?s=96&d=mm&r=g\",\"caption\":\"Alexis.L\"},\"description\":\"Si vous appr\u00e9ciez les articles de ce r\u00e9dacteur et que vous souhaitez en d\u00e9couvrir davantage sur lui ou ses \u00e9crits, vous pouvez consulter tous ses articles en cliquant sur son pseudo ou en apprendre plus sur notre page \\\"Notre \u00e9quipe\\\". Vous pouvez \u00e9galement le suivre sur ses diff\u00e9rents r\u00e9seaux sociaux ci-dessous.\",\"url\":\"https:\/\/conservativenthusiast.com\/en\/author\/admin6171\/\"}]}<\/script>\n<!-- \/ Yoast SEO plugin. -->","yoast_head_json":{"title":"Interview TCE #14 - Thomas Ferrier - The Conservative Enthusiast","description":"\u27bd Interview de Thomas Ferrier sur TCE : La plateforme communautaire de partage et d'apprentissage des conservateurs.","robots":{"index":"index","follow":"follow","max-snippet":"max-snippet:-1","max-image-preview":"max-image-preview:large","max-video-preview":"max-video-preview:-1"},"canonical":"https:\/\/conservativenthusiast.com\/en\/interview-tce-14-thomas-ferrier\/","og_locale":"en_GB","og_type":"article","og_title":"Interview TCE #14 - Thomas Ferrier - The Conservative Enthusiast","og_description":"\u27bd Interview de Thomas Ferrier sur TCE : La plateforme communautaire de partage et d'apprentissage des conservateurs.","og_url":"https:\/\/conservativenthusiast.com\/en\/interview-tce-14-thomas-ferrier\/","og_site_name":"The Conservative Enthusiast","article_published_time":"2021-02-28T11:00:00+00:00","article_modified_time":"2021-02-28T11:49:53+00:00","og_image":[{"width":1280,"height":720,"url":"https:\/\/conservativenthusiast.com\/wp-content\/uploads\/2021\/01\/Thomas-Ferrier.jpg","type":"image\/jpeg"}],"author":"Alexis.L","twitter_card":"summary_large_image","twitter_misc":{"Written by":"Alexis.L","Estimated reading time":"7 minutes"},"schema":{"@context":"https:\/\/schema.org","@graph":[{"@type":"Article","@id":"https:\/\/conservativenthusiast.com\/interview-tce-14-thomas-ferrier\/#article","isPartOf":{"@id":"https:\/\/conservativenthusiast.com\/interview-tce-14-thomas-ferrier\/"},"author":{"name":"Alexis.L","@id":"https:\/\/conservativenthusiast.com\/#\/schema\/person\/3edd83a60aed483f95ebc876aeac7feb"},"headline":"Interview TCE #14 &#8211; Thomas Ferrier","datePublished":"2021-02-28T11:00:00+00:00","dateModified":"2021-02-28T11:49:53+00:00","mainEntityOfPage":{"@id":"https:\/\/conservativenthusiast.com\/interview-tce-14-thomas-ferrier\/"},"wordCount":1780,"commentCount":0,"publisher":{"@id":"https:\/\/conservativenthusiast.com\/#organization"},"image":{"@id":"https:\/\/conservativenthusiast.com\/interview-tce-14-thomas-ferrier\/#primaryimage"},"thumbnailUrl":"https:\/\/conservativenthusiast.com\/wp-content\/uploads\/2021\/01\/Thomas-Ferrier.jpg","keywords":["Interview","Le Parti des Europ\u00e9ens","Thomas Ferrier"],"articleSection":["Interviews"],"inLanguage":"en-GB","potentialAction":[{"@type":"CommentAction","name":"Comment","target":["https:\/\/conservativenthusiast.com\/interview-tce-14-thomas-ferrier\/#respond"]}]},{"@type":"WebPage","@id":"https:\/\/conservativenthusiast.com\/interview-tce-14-thomas-ferrier\/","url":"https:\/\/conservativenthusiast.com\/interview-tce-14-thomas-ferrier\/","name":"Interview TCE #14 - Thomas Ferrier - The Conservative Enthusiast","isPartOf":{"@id":"https:\/\/conservativenthusiast.com\/#website"},"primaryImageOfPage":{"@id":"https:\/\/conservativenthusiast.com\/interview-tce-14-thomas-ferrier\/#primaryimage"},"image":{"@id":"https:\/\/conservativenthusiast.com\/interview-tce-14-thomas-ferrier\/#primaryimage"},"thumbnailUrl":"https:\/\/conservativenthusiast.com\/wp-content\/uploads\/2021\/01\/Thomas-Ferrier.jpg","datePublished":"2021-02-28T11:00:00+00:00","dateModified":"2021-02-28T11:49:53+00:00","description":"\u27bd Interview de Thomas Ferrier sur TCE : La plateforme communautaire de partage et d'apprentissage des conservateurs.","breadcrumb":{"@id":"https:\/\/conservativenthusiast.com\/interview-tce-14-thomas-ferrier\/#breadcrumb"},"inLanguage":"en-GB","potentialAction":[{"@type":"ReadAction","target":["https:\/\/conservativenthusiast.com\/interview-tce-14-thomas-ferrier\/"]}]},{"@type":"ImageObject","inLanguage":"en-GB","@id":"https:\/\/conservativenthusiast.com\/interview-tce-14-thomas-ferrier\/#primaryimage","url":"https:\/\/conservativenthusiast.com\/wp-content\/uploads\/2021\/01\/Thomas-Ferrier.jpg","contentUrl":"https:\/\/conservativenthusiast.com\/wp-content\/uploads\/2021\/01\/Thomas-Ferrier.jpg","width":1280,"height":720,"caption":"Le Parti des Europ\u00e9ens Thomas Ferrier"},{"@type":"BreadcrumbList","@id":"https:\/\/conservativenthusiast.com\/interview-tce-14-thomas-ferrier\/#breadcrumb","itemListElement":[{"@type":"ListItem","position":1,"name":"Accueil","item":"https:\/\/conservativenthusiast.com\/"},{"@type":"ListItem","position":2,"name":"Interview TCE #14 &#8211; Thomas Ferrier"}]},{"@type":"WebSite","@id":"https:\/\/conservativenthusiast.com\/#website","url":"https:\/\/conservativenthusiast.com\/","name":"The Conservative Enthusiast","description":"La plateforme de r\u00e9information, de partage et d&#039;apprentissage des conservateurs.","publisher":{"@id":"https:\/\/conservativenthusiast.com\/#organization"},"potentialAction":[{"@type":"SearchAction","target":{"@type":"EntryPoint","urlTemplate":"https:\/\/conservativenthusiast.com\/?s={search_term_string}"},"query-input":"required name=search_term_string"}],"inLanguage":"en-GB"},{"@type":"Organization","@id":"https:\/\/conservativenthusiast.com\/#organization","name":"The Conservative Enthusiast","url":"https:\/\/conservativenthusiast.com\/","logo":{"@type":"ImageObject","inLanguage":"en-GB","@id":"https:\/\/conservativenthusiast.com\/#\/schema\/logo\/image\/","url":"https:\/\/i0.wp.com\/conservativeenthusiast.com\/wp-content\/uploads\/2020\/06\/LOGO-CE-MINI.png?fit=3867%2C1180&ssl=1","contentUrl":"https:\/\/i0.wp.com\/conservativeenthusiast.com\/wp-content\/uploads\/2020\/06\/LOGO-CE-MINI.png?fit=3867%2C1180&ssl=1","width":3867,"height":1180,"caption":"The Conservative Enthusiast"},"image":{"@id":"https:\/\/conservativenthusiast.com\/#\/schema\/logo\/image\/"}},{"@type":"Person","@id":"https:\/\/conservativenthusiast.com\/#\/schema\/person\/3edd83a60aed483f95ebc876aeac7feb","name":"Alexis.L","image":{"@type":"ImageObject","inLanguage":"en-GB","@id":"https:\/\/conservativenthusiast.com\/#\/schema\/person\/image\/","url":"https:\/\/secure.gravatar.com\/avatar\/e276145ad3a64170e9c68564bb9e4280?s=96&d=mm&r=g","contentUrl":"https:\/\/secure.gravatar.com\/avatar\/e276145ad3a64170e9c68564bb9e4280?s=96&d=mm&r=g","caption":"Alexis.L"},"description":"Si vous appr\u00e9ciez les articles de ce r\u00e9dacteur et que vous souhaitez en d\u00e9couvrir davantage sur lui ou ses \u00e9crits, vous pouvez consulter tous ses articles en cliquant sur son pseudo ou en apprendre plus sur notre page \"Notre \u00e9quipe\". Vous pouvez \u00e9galement le suivre sur ses diff\u00e9rents r\u00e9seaux sociaux ci-dessous.","url":"https:\/\/conservativenthusiast.com\/en\/author\/admin6171\/"}]}},"_links":{"self":[{"href":"https:\/\/conservativenthusiast.com\/en\/wp-json\/wp\/v2\/posts\/7742"}],"collection":[{"href":"https:\/\/conservativenthusiast.com\/en\/wp-json\/wp\/v2\/posts"}],"about":[{"href":"https:\/\/conservativenthusiast.com\/en\/wp-json\/wp\/v2\/types\/post"}],"author":[{"embeddable":true,"href":"https:\/\/conservativenthusiast.com\/en\/wp-json\/wp\/v2\/users\/1"}],"replies":[{"embeddable":true,"href":"https:\/\/conservativenthusiast.com\/en\/wp-json\/wp\/v2\/comments?post=7742"}],"version-history":[{"count":4,"href":"https:\/\/conservativenthusiast.com\/en\/wp-json\/wp\/v2\/posts\/7742\/revisions"}],"predecessor-version":[{"id":14080,"href":"https:\/\/conservativenthusiast.com\/en\/wp-json\/wp\/v2\/posts\/7742\/revisions\/14080"}],"wp:featuredmedia":[{"embeddable":true,"href":"https:\/\/conservativenthusiast.com\/en\/wp-json\/wp\/v2\/media\/7743"}],"wp:attachment":[{"href":"https:\/\/conservativenthusiast.com\/en\/wp-json\/wp\/v2\/media?parent=7742"}],"wp:term":[{"taxonomy":"category","embeddable":true,"href":"https:\/\/conservativenthusiast.com\/en\/wp-json\/wp\/v2\/categories?post=7742"},{"taxonomy":"post_tag","embeddable":true,"href":"https:\/\/conservativenthusiast.com\/en\/wp-json\/wp\/v2\/tags?post=7742"}],"curies":[{"name":"wp","href":"https:\/\/api.w.org\/{rel}","templated":true}]}}