{"id":61609,"date":"2021-12-03T12:09:00","date_gmt":"2021-12-03T11:09:00","guid":{"rendered":"https:\/\/conservativeenthusiast.com\/?p=61609"},"modified":"2021-11-28T16:11:40","modified_gmt":"2021-11-28T15:11:40","slug":"alexandre-ier-de-russie-1777-1825","status":"publish","type":"post","link":"https:\/\/conservativenthusiast.com\/en\/alexandre-ier-de-russie-1777-1825\/","title":{"rendered":"Alexandre Ier de Russie (1777-1825)"},"content":{"rendered":"<p class=\"has-text-align-justify\">Aujourd&#8217;hui, c&#8217;est avec grand plaisir que nous continuons notre partenariat avec l&#8217;<strong>Institut Iliade<\/strong> avec notre publication <strong>d&#8217;un vendredi sur deux<\/strong>.<\/p>\n\n\n\n<p class=\"has-text-align-justify\">Cette semaine nous d\u00e9couvrons un article sur Alexandre 1er de Russie.<\/p>\n\n\n\n<p><\/p>\n\n\n\n<h3 class=\"wp-block-heading\"><span class=\"has-inline-color has-black-color\"><em>\u00ab Il a de l\u2019esprit, de la gr\u00e2ce, de l\u2019instruction, est facilement s\u00e9duisant ; mais on doit s\u2019en d\u00e9fier [\u2026]. Peut-\u00eatre aussi me mystifia-t-il ; car il est fin, faux, adroit ; il peut aller loin. Si je meurs ici, ce sera mon v\u00e9ritable h\u00e9ritier. \u00bb<\/em>\u00a0Napol\u00e9on I<sup>er<\/sup>\u00a0\u00e0 propos d&#8217;Alexandre I<sup>er<\/sup>\u00a0de Russie.<\/span><\/h3>\n\n\n\n<p><\/p>\n\n\n\n<h4 class=\"wp-block-heading\"><span class=\"has-inline-color has-black-color\">Petit-fils de Catherine II, accus\u00e9 du meurtre de son p\u00e8re, adversaire, alli\u00e9, puis ennemi redoutable de Napol\u00e9on, il a fait entrer la Russie en Europe.<\/span><\/h4>\n\n\n\n<figure class=\"wp-block-pullquote\"><blockquote><p><em><strong><span class=\"has-inline-color has-black-color\">\u00ab Il a de l\u2019esprit, de la gr\u00e2ce, de l\u2019instruction, est facilement s\u00e9duisant ; mais on doit s\u2019en d\u00e9fier [\u2026]. Peut-\u00eatre aussi me mystifia-t-il ; car il est fin, faux, adroit ; il peut aller loin. Si je meurs ici, ce sera mon v\u00e9ritable h\u00e9ritier. \u00bb <\/span><\/strong><\/em><\/p><\/blockquote><\/figure>\n\n\n\n<p><\/p>\n\n\n\n<p>Ce jugement, port\u00e9 depuis Sainte H\u00e9l\u00e8ne par Napol\u00e9on sur le premier qui, en Europe, eut raison des aigles imp\u00e9riales, souligne deux aspects essentiels de la charismatique figure d\u2019Alexandre 1<sup>er<\/sup>&nbsp;: son importance politique dans l\u2019Europe du d\u00e9but du XIX<sup>e<\/sup>&nbsp;si\u00e8cle et le caract\u00e8re insaisissable de son personnage. Pour expliquer les revirements politiques, id\u00e9ologiques ou encore diplomatiques qui ont \u00e9maill\u00e9 son r\u00e8gne, on a souvent fait de lui un prince vell\u00e9itaire et superficiel, un \u00ab&nbsp;Hamlet couronn\u00e9&nbsp;\u00bb. \u00c0 rebours de ces jugements simplistes, Marie-Pierre Rey s\u2019appuie, dans une r\u00e9cente biographie, sur de nouvelles archives et sur une correspondance consid\u00e9rable pour d\u00e9crypter toute la complexit\u00e9 de cet homme ambigu, jug\u00e9 par ses contemporains&nbsp;<em>\u00ab&nbsp;trop faible pour r\u00e9gir, mais trop fort pour \u00eatre r\u00e9gi&nbsp;\u00bb<\/em>.<\/p>\n\n\n\n<p>N\u00e9 en d\u00e9cembre 1777, Alexandre est le fils du tsar\u00e9vitch Paul et de Maria Fiodorovna. Mais il est surtout le petit-fils de Catherine II, parvenue au pouvoir apr\u00e8s l\u2019assassinat de son mari, Pierre III, en 1762. Profond\u00e9ment d\u00e9\u00e7ue par son propre fils, elle enl\u00e8ve imm\u00e9diatement l\u2019enfant au tsar\u00e9vitch. Soucieuse de le fa\u00e7onner \u00e0 sa guise, elle r\u00e9dige elle-m\u00eame un plan d\u2019\u00e9ducation m\u00ealant \u00e0 une inspiration antique et spartiate des pr\u00e9ceptes plus modernes tir\u00e9s des r\u00e9flexions de Rousseau ou de Locke. Alexandre est ainsi contraint d\u2019\u00e9voluer dans une situation inconfortable, de louvoyer dans un univers double. Celui de la cour et des nombreux professeurs d\u00e9sign\u00e9s par une grand-m\u00e8re omnipr\u00e9sente et celui de Gatchina, la retraite modeste impos\u00e9e \u00e0 ses parents qu\u2019il ne voit que tr\u00e8s peu. Un univers triple m\u00eame, si l\u2019on consid\u00e8re que le jeune homme, vou\u00e9 \u00e0 r\u00e9gner un jour en autocrate sur la Russie, aimait beaucoup la compagnie de son principal pr\u00e9cepteur, le protestant et libre-penseur suisse, La Harpe. D\u2019aucuns ont vu l\u00e0 l\u2019origine de ses talents de dissimulateur, de la duplicit\u00e9 de son caract\u00e8re.<\/p>\n\n\n\n<p><\/p>\n\n\n\n<h3 class=\"wp-block-heading\"><span class=\"has-inline-color has-black-color\">Une arriv\u00e9e au pouvoir dans une explosion de liesse et d\u2019optimisme<\/span><\/h3>\n\n\n\n<p><\/p>\n\n\n\n<p>Bien que Catherine ait song\u00e9 un moment \u00e0 lui transmettre directement le pouvoir, c\u2019est son p\u00e8re Paul I<sup>er<\/sup>&nbsp;qui monte sur le tr\u00f4ne de Russie lorsqu\u2019elle dispara\u00eet en 1796. Impulsif et impatient, pris d\u2019une v\u00e9ritable fi\u00e8vre l\u00e9gislatrice, il gouverne de fa\u00e7on tr\u00e8s autoritaire, \u00e0 coup d\u2019oukases. Sa volont\u00e9 de sortir de la seconde coalition dirig\u00e9e contre la France r\u00e9volutionnaire lui ali\u00e8ne les \u00e9lites anglophiles du pays, et l\u2019alliance diplomatique contract\u00e9e avec Napol\u00e9on pr\u00e9cipite sa chute. Alexandre, impr\u00e9gn\u00e9 des pr\u00e9ceptes lib\u00e9raux inculqu\u00e9s par La Harpe, est conscient de la folie de son p\u00e8re. Il en p\u00e2tit lui-m\u00eame, au point de donner son accord tacite au complot ourdi contre le despote. Mais alors qu\u2019il n\u2019\u00e9tait pr\u00e9vu que de d\u00e9poser le souverain, les choses tournent mal et Paul est \u00e9trangl\u00e9 dans la nuit tragique du 23 au 24 mars 1801.<\/p>\n\n\n\n<p>Profond\u00e9ment marqu\u00e9 par ce dramatique \u00e9pisode, Alexandre arrive n\u00e9anmoins au pouvoir dans une explosion de liesse et d\u2019optimisme.<\/p>\n\n\n\n<p><\/p>\n\n\n\n<h4 class=\"wp-block-heading\"><em>\u00ab La nature avait beaucoup fait pour lui, [\u2026] il aurait \u00e9t\u00e9 difficile de trouver un mod\u00e8le aussi parfait et gracieux. \u00bb\u00a0<\/em>(Savary)<\/h4>\n\n\n\n<p><\/p>\n\n\n\n<p>L\u2019aisance, le charisme, la simplicit\u00e9 de ce jeune homme de 24 ans, ouvert aux r\u00e9formes, charment les contemporains. Deux grands projets semblent tout particuli\u00e8rement lui tenir \u00e0 c\u0153ur : la cr\u00e9ation d\u2019un \u00c9tat de droit, par la r\u00e9daction d\u2019une charte constitutionnelle, et l\u2019abolition du servage. Mais ces deux id\u00e9es, proprement r\u00e9volutionnaires en Russie, restent cantonn\u00e9es aux d\u00e9bats passionn\u00e9s qui animent le cercle d\u2019amis, \u00ab mon comit\u00e9 de salut public \u00bb, que le tsar aime \u00e0 r\u00e9unir. On a vu dans ce hiatus entre les r\u00e9formes annonc\u00e9es et la r\u00e9alit\u00e9 des changements op\u00e9r\u00e9s la preuve du caract\u00e8re vell\u00e9itaire d\u2019un souverain aux convictions lib\u00e9rales finalement tr\u00e8s superficielles. Sa correspondance souligne davantage sa paralysie face aux obstacles sans nombre qu\u2019il doit surmonter : comment, en effet, transformer aussi profond\u00e9ment un pays d\u00e9pourvu de toute culture politique, sans relais dans la population pour appuyer ses id\u00e9es ? Comment \u00e9viter d\u2019affaiblir dangereusement le pouvoir imp\u00e9rial ? Comment abolir le servage sans brutalement remettre en cause un \u00e9difice \u00e9conomique et social s\u00e9culaire ? L\u2019\u0153uvre r\u00e9formatrice reste donc circonscrite, prudente, sans commune mesure avec les espoirs initiaux. La censure, la torture, les pendaisons publiques sont n\u00e9anmoins abolies, l\u2019enseignement est r\u00e9organis\u00e9, les roturiers obtiennent le droit d\u2019acqu\u00e9rir des terres. Des minist\u00e8res sont cr\u00e9\u00e9s, l\u2019administration est r\u00e9form\u00e9e. Mais les projets de Constitution ne voient pas le jour.<\/p>\n\n\n\n<p><\/p>\n\n\n\n<h3 class=\"wp-block-heading\"><span class=\"has-inline-color has-black-color\">Politique expansionniste dans le Caucase<\/span><\/h3>\n\n\n\n<p><\/p>\n\n\n\n<p>Alors qu\u2019il m\u00e8ne une politique expansionniste dans le Caucase et dans les territoires disput\u00e9s aux Ottomans, Alexandre 1<sup>er<\/sup>&nbsp;se fait en Europe le h\u00e9raut d\u2019une politique d\u2019\u00e9quilibre entre les \u00c9tats. Mais il se heurte rapidement aux men\u00e9es de Napol\u00e9on, qui fait main basse sur l\u2019Allemagne et l\u2019Italie. Il est \u00e9galement profond\u00e9ment choqu\u00e9 par l\u2019enl\u00e8vement et l\u2019ex\u00e9cution sommaire du duc d\u2019Enghien. Il participe donc aux 3<sup>e<\/sup>&nbsp;et 4<sup>e<\/sup>&nbsp;coalitions contre la France, ce qui lui vaut de cuisants revers militaires&nbsp;: \u00e0 Austerlitz, o\u00f9 il a lui-m\u00eame pris la direction des op\u00e9rations, et surtout \u00e0 Friedland, qui \u00e9limine les forces russes.<\/p>\n\n\n\n<p>Il faut alors trouver un terrain d\u2019entente avec Napol\u00e9on, qui a pouss\u00e9 les Ottomans \u00e0 ouvrir un second front militaire au sud de la Russie. Les deux empereurs se rencontrent \u00e0 Tilsit au mois de juin 1807, lors d\u2019une entrevue qui eut un retentissement consid\u00e9rable.\u00a0Son d\u00e9roulement th\u00e9\u00e2tral, sur un ponton au milieu du Ni\u00e9men, et les bruyantes d\u00e9monstrations d\u2019amiti\u00e9 entre les deux empereurs\u00a0ont stup\u00e9fait les contemporains. Loin de traiter le tsar en vaincu, Napol\u00e9on fait de lui son alli\u00e9 et \u00ab\u00a0son second contre l\u2019Angleterre\u00a0\u00bb. Alexandre signe ainsi, contre toute attente, un trait\u00e9 de paix et une alliance d\u00e9fensive et offensive avec l\u2019ennemi de la veille. Il ne perd aucun territoire, mais il lui faut en retour abandonner la Prusse \u00e0 son sort, \u00e9vacuer les Balkans, reconna\u00eetre les \u00c9tats vassaux de la France et prendre part au blocus continental dirig\u00e9 contre l\u2019Angleterre.<\/p>\n\n\n\n<p><\/p>\n\n\n\n<h3 class=\"wp-block-heading\"><span class=\"has-inline-color has-black-color\">Le refus du combat et la pratique de la terre br\u00fbl\u00e9e<\/span><\/h3>\n\n\n\n<p><\/p>\n\n\n\n<p>En Russie, ce revirement diplomatique est tr\u00e8s mal per\u00e7u. La m\u00e8re du tsar devient le point de ralliement des m\u00e9contents. L\u2019opposition est d\u2019autant plus convaincue du bien-fond\u00e9 de ses critiques que des d\u00e9saccords divisent rapidement les deux alli\u00e9s&nbsp;: la position \u00e9quivoque de Napol\u00e9on \u00e0 l\u2019\u00e9gard de l\u2019empire ottoman, sa volont\u00e9 de reconstituer un \u00c9tat polonais aux portes de la Russie, l\u2019\u00e9l\u00e9vation de Bernadotte au tr\u00f4ne de Su\u00e8de ou encore l\u2019annexion des villes hans\u00e9atiques\u2026. Aussi, lorsque l\u2019empereur exige des troupes russes contre l\u2019Autriche, Alexandre montre-t-il peu d\u2019empressement vis \u00e0 vis d\u2019un alli\u00e9 aussi prompt \u00e0 bafouer les r\u00e8gles de la diplomatie.<\/p>\n\n\n\n<p>La Russie, qui r\u00e9alisait 50% de son commerce ext\u00e9rieur avec l\u2019Angleterre, et dont une part importante des exportations se faisait sous pavillon britannique, est par ailleurs p\u00e9nalis\u00e9e par le blocus continental. Pour lutter contre la p\u00e9nurie et une balance commerciale d\u00e9ficitaire, Alexandre autorise en 1810 le commerce avec les pays neutres et taxe les produits fran\u00e7ais de luxe. Cette lente d\u00e9gradation des relations entre les deux empereurs souligne, aux yeux de Napol\u00e9on, la mauvaise volont\u00e9 du tsar, \u00ab&nbsp;une v\u00e9ritable t\u00eate de mule&nbsp;\u00bb. Il rassemble donc des troupes et constitue la fameuse \u00ab&nbsp;arm\u00e9e des vingt nations&nbsp;\u00bb pour envahir la Russie.<\/p>\n\n\n\n<p>Au mois de juin 1812, cinq cent mille soldats franchissent le Ni\u00e9men, quatre jours durant. \u00c9chaud\u00e9 par ses d\u00e9faites pass\u00e9es, Alexandre \u00e9coute Koutouzov, comprenant que c\u2019est dans le refus du combat et la pratique de la terre br\u00fbl\u00e9e qu\u2019il pourra malmener un adversaire contraint de s\u2019enfoncer dans l\u2019immensit\u00e9 russe, loin de ses sources d\u2019approvisionnement. \u00ab Je ne tirerai pas le premier l\u2019\u00e9p\u00e9e, mais je ne la remettrai que le dernier au fourreau. [\u2026] Notre climat, notre hiver feront la guerre pour nous \u00bb. C\u2019est l\u00e0 une strat\u00e9gie difficile \u00e0 mettre en \u0153uvre pour le moral des troupes des deux camps. Le tsar souffre de cette \u00e9ternelle d\u00e9robade et surtout de l\u2019abandon de Moscou. C\u2019est en effet dans une ville morte que p\u00e9n\u00e9trera l\u2019arm\u00e9e imp\u00e9riale, \u00ab un immense cadavre \u00bb, imm\u00e9diatement ravag\u00e9 par un terrible incendie.<\/p>\n\n\n\n<p><\/p>\n\n\n\n<h3 class=\"wp-block-heading\"><span class=\"has-inline-color has-black-color\">Une profonde r\u00e9flexion g\u00e9opolitique<\/span><\/h3>\n\n\n\n<p><\/p>\n\n\n\n<p>Alexandre ayant refus\u00e9 sa proposition de paix, Napol\u00e9on est contraint d\u2019ordonner la retraite, dont quelques dizaines de milliers de soldats seulement reviendront. Non content d\u2019avoir r\u00e9ussi \u00e0 repousser l\u2019envahisseur, Alexandre englobe alors la guerre franco-russe dans une perspective plus large que la stricte d\u00e9fense de la Russie.<\/p>\n\n\n\n<p><\/p>\n\n\n\n<h4 class=\"wp-block-heading\"><em>\u00ab Profitant de la victoire, nous tendons une main secourable aux peuples opprim\u00e9s. \u00bb<\/em><\/h4>\n\n\n\n<p><\/p>\n\n\n\n<p>C\u2019est toute l\u2019Europe qu\u2019il r\u00eave d\u00e9sormais de lib\u00e9rer. Il faut n\u00e9anmoins attendre de longs mois et des batailles toujours plus meurtri\u00e8res, comme celle de Leipzig en octobre 1813, pour que les Fran\u00e7ais soient peu \u00e0 peu repouss\u00e9s vers le Rhin. C\u2019est Alexandre encore qui incite ses alli\u00e9s europ\u00e9ens \u00e0 envahir la France et, apr\u00e8s l\u2019abdication de Napol\u00e9on le 25 mars 1814, il s\u00e9journe quelques temps \u00e0 Paris. Il y conquiert la foule, par sa prestance bien \u00e9loign\u00e9e de la barbarie suppos\u00e9e des Russes.<\/p>\n\n\n\n<p>Alexandre est encore un acteur essentiel du congr\u00e8s de Vienne, qui, de novembre 1814 \u00e0 mars 1815, va remodeler la carte politique du continent et poser les fondements de la diplomatie europ\u00e9enne du XIX<sup>e<\/sup>&nbsp;si\u00e8cle. Il est le seul monarque \u00e0 prendre une part active aux travaux et \u00e0 mener une profonde r\u00e9flexion g\u00e9opolitique sur la nature des relations \u00e0 \u00e9tablir entre les \u00c9tats.<\/p>\n\n\n\n<p>Lui qui n\u2019avait jusqu\u2019alors manifest\u00e9 que peu d\u2019int\u00e9r\u00eat pour la religion semble alors touch\u00e9 par une crise morale et spirituelle d\u2019une grande intensit\u00e9. Traumatis\u00e9 d\u00e9j\u00e0 par ce qu\u2019il consid\u00e8re tout \u00e0 la fois comme un parricide et un r\u00e9gicide en 1801, il a \u00e9t\u00e9 profond\u00e9ment boulevers\u00e9 par l\u2019\u00e9preuve de la guerre contre Napol\u00e9on, l\u2019abandon de Moscou aux flammes et aux envahisseurs. Autant d\u2019\u00e9preuves qui l\u2019ont pouss\u00e9 \u00e0 visiter les hauts-lieux du pi\u00e9tisme allemand ou encore \u00e0 rencontrer des Quakers lors d\u2019un s\u00e9jour londonien. Soucieux d\u2019\u00e9riger la fraternit\u00e9 chr\u00e9tienne en principe de gouvernement, il est l\u2019\u00e2me de la Sainte-Alliance conclue avec la Prusse protestante et l\u2019Autriche catholique<em>.\u00a0<\/em>Selon Marie-Pierre Rey, il r\u00eavait m\u00eame de mettre un terme au schisme qui divisait la Chr\u00e9tient\u00e9 depuis le XI<sup>e<\/sup>\u00a0si\u00e8cle.<\/p>\n\n\n\n<p><\/p>\n\n\n\n<h3 class=\"wp-block-heading\"><span class=\"has-inline-color has-black-color\">\u00ab\u00a0Un sphinx ind\u00e9chiffrable jusqu\u2019au tombeau\u00a0\u00bb<\/span><\/h3>\n\n\n\n<p><\/p>\n\n\n\n<p>Le tsar,&nbsp;<em>\u00ab lib\u00e9rateur et bienfaiteur de l\u2019Europe \u00bb<\/em>&nbsp;(Marie-Pierre Rey), peut redonner en 1815 la priorit\u00e9 \u00e0 la sc\u00e8ne int\u00e9rieure et \u00e0 sa \u00ab ch\u00e8re nation russe \u00bb. C\u2019est pourtant dans les seules r\u00e9gions p\u00e9riph\u00e9riques de son empire qu\u2019il engage de profondes r\u00e9formes : il dote la Finlande, conquise en 1808, et la Pologne, dont il est le roi depuis 1815, de constitutions lib\u00e9rales. Le servage est aboli dans les Pays baltes. En Russie, en revanche, la charte fondamentale que le ministre Novosiltchev a \u00e9t\u00e9 charg\u00e9 de r\u00e9diger, reste lettre morte, et la censure est r\u00e9tablie. Dans le m\u00eame temps, sa politique ext\u00e9rieure se fait elle-m\u00eame plus conservatrice : il laisse la Sainte-Alliance devenir un outil de r\u00e9pression des mouvements nationaux. Ancien franc-ma\u00e7on, d\u00e9fenseur avant l\u2019heure du principe des nationalit\u00e9s, il ne voit plus dans ces r\u00e9voltes que les manifestations d\u2019une insubordination visant \u00e0 d\u00e9stabiliser les pouvoirs \u00e9tablis. Obnubil\u00e9 par la peur d\u2019une conspiration internationale, il refusera ainsi d\u2019aider la Gr\u00e8ce, en pleine r\u00e9bellion contre le joug ottoman.<\/p>\n\n\n\n<p>L\u2019affermissement d\u2019une foi individuelle bien peu orthodoxe et touchant au mysticisme lui ali\u00e8ne le clerg\u00e9, et se traduit bient\u00f4t par un d\u00e9go\u00fbt de l\u2019action&nbsp;:&nbsp;<em>\u00ab&nbsp;Le tr\u00f4ne n\u2019est pas ma vocation&nbsp;\u00bb<\/em>, dira-t-il. Il abandonne de plus en plus le pouvoir \u00e0 la gestion tyrannique de l\u2019un de ses commis, Araktcheiev. Renferm\u00e9, parano\u00efaque, il songe m\u00eame \u00e0 abdiquer en faveur de son fr\u00e8re Nicolas, mais la mort le surprend lors d\u2019un s\u00e9jour en Crim\u00e9e, le 19 novembre 1825.<\/p>\n\n\n\n<p>Le comte Langeron \u00e9crivait des contemporains de Catherine II qu\u2019ils ne reconna\u00eetraient pas leur patrie si, d\u2019aventure, ils revenaient sur terre car,\u00a0<em>\u00ab\u00a0entre la Russie de 1790 et celle de 1824, il y a une distance de trois cents ans\u00a0\u00bb<\/em>. Il t\u00e9moignait des r\u00e9els changements op\u00e9r\u00e9s par Alexandre, dont l\u2019ambition \u00e9tait \u00ab la paix du monde et la civilisation en Russie \u00bb. Il a agrandi son pays, affermi son rang dans les affaires europ\u00e9ennes et pr\u00e9par\u00e9 les esprits aux grandes r\u00e9formes des r\u00e8gnes suivants. Mais, chose \u00e9trange, le myst\u00e8re qui a fini par entourer le personnage, n\u2019a cess\u00e9 depuis sa mort de s\u2019\u00e9paissir. Dix ans apr\u00e8s sa mort, on a ainsi arr\u00eat\u00e9 un ermite, menant une vie d\u2019asc\u00e8se et de pri\u00e8re en Sib\u00e9rie, ressemblant \u00e9trangement au souverain disparu. L\u2019affaire est d\u2019autant plus troublante que le corps d\u2019Alexandre n\u2019avait pas \u00e9t\u00e9 expos\u00e9 au public et que son tombeau s\u2019est r\u00e9v\u00e9l\u00e9 vide lorsqu\u2019il a \u00e9t\u00e9 ouvert pour couper aux rumeurs les plus folles. Comme l\u2019\u00e9crira le po\u00e8te Viazemski, Alexandre 1<sup>er<\/sup>\u00a0restera bien \u00ab\u00a0un sphinx ind\u00e9chiffrable jusqu\u2019au tombeau\u00a0\u00bb.<\/p>\n\n\n\n<p><\/p>\n\n\n\n<p class=\"has-text-align-right\"><strong>Emma Demeester\u00a0<\/strong><\/p>\n\n\n\n<p><\/p>\n\n\n\n<h2 class=\"wp-block-heading\"><span class=\"has-inline-color has-black-color\">Bibliographie<\/span><\/h2>\n\n\n\n<p><\/p>\n\n\n\n<ul><li>Marie-Pierre Rey,\u00a0<em>Alexandre 1<sup>er<\/sup><\/em>, Flammarion, 2009.<\/li><li>Henri Troyat,\u00a0<em>Alexandre 1<sup>er<\/sup><\/em>, Flammarion, janvier 1981, r\u00e9\u00e9d. 2008.<\/li><\/ul>\n\n\n\n<p><\/p>\n\n\n\n<h2 class=\"wp-block-heading\"><span class=\"has-inline-color has-black-color\">Chronologie<\/span><\/h2>\n\n\n\n<p><\/p>\n\n\n\n<ul><li><strong>1777&nbsp;:<\/strong>&nbsp;Naissance du grand-duc Alexandre.<\/li><li><strong>1784-1795&nbsp;:<\/strong>&nbsp;Pr\u00e9ceptorat de La Harpe.<\/li><li><strong>1793&nbsp;:<\/strong>&nbsp;Mariage avec Louisa Maria Augusta de Hesse-Darmstadt, \u00ab&nbsp;Elizabeth&nbsp;\u00bb en Russie.<\/li><li><strong>1796-1801&nbsp;:<\/strong>&nbsp;R\u00e8gne de Paul 1<sup>er<\/sup>.<\/li><li><strong>1801&nbsp;:<\/strong>&nbsp;Alexandre devient tsar de Russie apr\u00e8s l\u2019assassinat de son p\u00e8re.<\/li><li><strong>1805&nbsp;:<\/strong>&nbsp;Napol\u00e9on d\u00e9fait la troisi\u00e8me coalition \u00e0 Austerlitz.<\/li><li><strong>1807&nbsp;:<\/strong>&nbsp;Les Russes sont vaincus \u00e0 Friedland&nbsp;; entrevue de Tilsit entre le tsar et l\u2019empereur.<\/li><li><strong>1808&nbsp;:<\/strong>&nbsp;Annexion de la Finlande.<\/li><li><strong>1812&nbsp;:<\/strong>&nbsp;Campagne de Russie.<\/li><li><strong>1813-1814&nbsp;:<\/strong>&nbsp;Alexandre prend la t\u00eate de l\u2019arm\u00e9e russe pour diriger les campagnes qui aboutiront au renversement de Napol\u00e9on.<\/li><li><strong>1815&nbsp;:<\/strong>&nbsp;Signatures du trait\u00e9 de Vienne, de la Sainte-Alliance et de la charte constitutionnelle polonaise.<\/li><li><strong>1825&nbsp;:<\/strong>&nbsp;Mort d\u2019Alexandre.<\/li><\/ul>\n\n\n\n<p><small><strong>Illustration :<\/strong>&nbsp;Alexander I, Emperor of Russia, huile sur toile de George Dawe (d\u00e9tail), vers 1820. Royal Collection. Domaine public.<\/small><\/p>\n\n\n\n<p><\/p>\n\n\n\n<p><a href=\"https:\/\/institut-iliade.com\/alexandre-ier-de-russie-1777-1825\/\" target=\"_blank\" rel=\"noreferrer noopener\">Lien original de l&#8217;article<\/a>.<\/p>\n\n\n\n<p><\/p>\n\n\n\n\n\n\n<p><\/p>\n\n\n\n<p><\/p>","protected":false},"excerpt":{"rendered":"<p>Aujourd&#8217;hui, c&#8217;est avec grand plaisir que nous continuons notre partenariat avec l&#8217;Institut Iliade avec notre publication d&#8217;un vendredi sur deux. [&hellip;]<\/p>","protected":false},"author":90,"featured_media":61616,"comment_status":"open","ping_status":"open","sticky":false,"template":"","format":"standard","meta":{"_et_pb_use_builder":"off","_et_pb_old_content":"","_et_gb_content_width":"","_exactmetrics_skip_tracking":false,"_exactmetrics_sitenote_active":false,"_exactmetrics_sitenote_note":"","_exactmetrics_sitenote_category":0,"footnotes":""},"categories":[6,280,34],"tags":[654,652,653,268,655],"yoast_head":"<!-- This site is optimized with the Yoast SEO plugin v22.3 - https:\/\/yoast.com\/wordpress\/plugins\/seo\/ -->\n<title>Alexandre Ier de Russie (1777-1825) - The Conservative Enthusiast<\/title>\n<meta name=\"description\" content=\"\u27bd Partenariat entre l&#039;Institut Iliade et The Conservative Enthusiast : la plateforme de partage et d&#039;apprentissage des conservateurs.\" \/>\n<meta name=\"robots\" content=\"index, follow, max-snippet:-1, max-image-preview:large, max-video-preview:-1\" \/>\n<link rel=\"canonical\" href=\"https:\/\/conservativenthusiast.com\/en\/alexandre-ier-de-russie-1777-1825\/\" \/>\n<meta property=\"og:locale\" content=\"en_GB\" \/>\n<meta property=\"og:type\" content=\"article\" \/>\n<meta property=\"og:title\" content=\"Alexandre Ier de Russie (1777-1825) - The Conservative Enthusiast\" \/>\n<meta property=\"og:description\" content=\"\u27bd Partenariat entre l&#039;Institut Iliade et The Conservative Enthusiast : la plateforme de partage et d&#039;apprentissage des conservateurs.\" \/>\n<meta property=\"og:url\" content=\"https:\/\/conservativenthusiast.com\/en\/alexandre-ier-de-russie-1777-1825\/\" \/>\n<meta property=\"og:site_name\" content=\"The Conservative Enthusiast\" \/>\n<meta property=\"article:published_time\" content=\"2021-12-03T11:09:00+00:00\" \/>\n<meta property=\"article:modified_time\" content=\"2021-11-28T15:11:40+00:00\" \/>\n<meta property=\"og:image\" content=\"https:\/\/conservativenthusiast.com\/wp-content\/uploads\/2021\/11\/alexandre-1_russie.jpg.webp\" \/>\n\t<meta property=\"og:image:width\" content=\"1280\" \/>\n\t<meta property=\"og:image:height\" content=\"720\" \/>\n\t<meta property=\"og:image:type\" content=\"image\/webp\" \/>\n<meta name=\"author\" content=\"Institut Iliade\" \/>\n<meta name=\"twitter:card\" content=\"summary_large_image\" \/>\n<meta name=\"twitter:label1\" content=\"Written by\" \/>\n\t<meta name=\"twitter:data1\" content=\"Institut Iliade\" \/>\n\t<meta name=\"twitter:label2\" content=\"Estimated reading time\" \/>\n\t<meta name=\"twitter:data2\" content=\"11 minutes\" \/>\n<script type=\"application\/ld+json\" class=\"yoast-schema-graph\">{\"@context\":\"https:\/\/schema.org\",\"@graph\":[{\"@type\":\"Article\",\"@id\":\"https:\/\/conservativenthusiast.com\/alexandre-ier-de-russie-1777-1825\/#article\",\"isPartOf\":{\"@id\":\"https:\/\/conservativenthusiast.com\/alexandre-ier-de-russie-1777-1825\/\"},\"author\":{\"name\":\"Institut Iliade\",\"@id\":\"https:\/\/conservativenthusiast.com\/#\/schema\/person\/c8c1a5e91c0d70ade8836c87939dfad3\"},\"headline\":\"Alexandre Ier de Russie (1777-1825)\",\"datePublished\":\"2021-12-03T11:09:00+00:00\",\"dateModified\":\"2021-11-28T15:11:40+00:00\",\"mainEntityOfPage\":{\"@id\":\"https:\/\/conservativenthusiast.com\/alexandre-ier-de-russie-1777-1825\/\"},\"wordCount\":2719,\"commentCount\":0,\"publisher\":{\"@id\":\"https:\/\/conservativenthusiast.com\/#organization\"},\"image\":{\"@id\":\"https:\/\/conservativenthusiast.com\/alexandre-ier-de-russie-1777-1825\/#primaryimage\"},\"thumbnailUrl\":\"https:\/\/conservativenthusiast.com\/wp-content\/uploads\/2021\/11\/alexandre-1_russie.jpg.webp\",\"keywords\":[\"Alexandre 1er\",\"Alexandre 1er de Russie\",\"Alexandre de Russie\",\"Institut Iliade\",\"Tsar de Russie\"],\"articleSection\":[\"Histoire\",\"Institut Iliade\",\"Patrimoine\"],\"inLanguage\":\"en-GB\",\"potentialAction\":[{\"@type\":\"CommentAction\",\"name\":\"Comment\",\"target\":[\"https:\/\/conservativenthusiast.com\/alexandre-ier-de-russie-1777-1825\/#respond\"]}]},{\"@type\":\"WebPage\",\"@id\":\"https:\/\/conservativenthusiast.com\/alexandre-ier-de-russie-1777-1825\/\",\"url\":\"https:\/\/conservativenthusiast.com\/alexandre-ier-de-russie-1777-1825\/\",\"name\":\"Alexandre Ier de Russie (1777-1825) - The Conservative Enthusiast\",\"isPartOf\":{\"@id\":\"https:\/\/conservativenthusiast.com\/#website\"},\"primaryImageOfPage\":{\"@id\":\"https:\/\/conservativenthusiast.com\/alexandre-ier-de-russie-1777-1825\/#primaryimage\"},\"image\":{\"@id\":\"https:\/\/conservativenthusiast.com\/alexandre-ier-de-russie-1777-1825\/#primaryimage\"},\"thumbnailUrl\":\"https:\/\/conservativenthusiast.com\/wp-content\/uploads\/2021\/11\/alexandre-1_russie.jpg.webp\",\"datePublished\":\"2021-12-03T11:09:00+00:00\",\"dateModified\":\"2021-11-28T15:11:40+00:00\",\"description\":\"\u27bd Partenariat entre l'Institut Iliade et The Conservative Enthusiast : la plateforme de partage et d'apprentissage des conservateurs.\",\"breadcrumb\":{\"@id\":\"https:\/\/conservativenthusiast.com\/alexandre-ier-de-russie-1777-1825\/#breadcrumb\"},\"inLanguage\":\"en-GB\",\"potentialAction\":[{\"@type\":\"ReadAction\",\"target\":[\"https:\/\/conservativenthusiast.com\/alexandre-ier-de-russie-1777-1825\/\"]}]},{\"@type\":\"ImageObject\",\"inLanguage\":\"en-GB\",\"@id\":\"https:\/\/conservativenthusiast.com\/alexandre-ier-de-russie-1777-1825\/#primaryimage\",\"url\":\"https:\/\/conservativenthusiast.com\/wp-content\/uploads\/2021\/11\/alexandre-1_russie.jpg.webp\",\"contentUrl\":\"https:\/\/conservativenthusiast.com\/wp-content\/uploads\/2021\/11\/alexandre-1_russie.jpg.webp\",\"width\":1280,\"height\":720},{\"@type\":\"BreadcrumbList\",\"@id\":\"https:\/\/conservativenthusiast.com\/alexandre-ier-de-russie-1777-1825\/#breadcrumb\",\"itemListElement\":[{\"@type\":\"ListItem\",\"position\":1,\"name\":\"Accueil\",\"item\":\"https:\/\/conservativenthusiast.com\/\"},{\"@type\":\"ListItem\",\"position\":2,\"name\":\"Alexandre Ier de Russie (1777-1825)\"}]},{\"@type\":\"WebSite\",\"@id\":\"https:\/\/conservativenthusiast.com\/#website\",\"url\":\"https:\/\/conservativenthusiast.com\/\",\"name\":\"The Conservative Enthusiast\",\"description\":\"La plateforme de r\u00e9information, de partage et d&#039;apprentissage des conservateurs.\",\"publisher\":{\"@id\":\"https:\/\/conservativenthusiast.com\/#organization\"},\"potentialAction\":[{\"@type\":\"SearchAction\",\"target\":{\"@type\":\"EntryPoint\",\"urlTemplate\":\"https:\/\/conservativenthusiast.com\/?s={search_term_string}\"},\"query-input\":\"required name=search_term_string\"}],\"inLanguage\":\"en-GB\"},{\"@type\":\"Organization\",\"@id\":\"https:\/\/conservativenthusiast.com\/#organization\",\"name\":\"The Conservative Enthusiast\",\"url\":\"https:\/\/conservativenthusiast.com\/\",\"logo\":{\"@type\":\"ImageObject\",\"inLanguage\":\"en-GB\",\"@id\":\"https:\/\/conservativenthusiast.com\/#\/schema\/logo\/image\/\",\"url\":\"https:\/\/i0.wp.com\/conservativeenthusiast.com\/wp-content\/uploads\/2020\/06\/LOGO-CE-MINI.png?fit=3867%2C1180&ssl=1\",\"contentUrl\":\"https:\/\/i0.wp.com\/conservativeenthusiast.com\/wp-content\/uploads\/2020\/06\/LOGO-CE-MINI.png?fit=3867%2C1180&ssl=1\",\"width\":3867,\"height\":1180,\"caption\":\"The Conservative Enthusiast\"},\"image\":{\"@id\":\"https:\/\/conservativenthusiast.com\/#\/schema\/logo\/image\/\"}},{\"@type\":\"Person\",\"@id\":\"https:\/\/conservativenthusiast.com\/#\/schema\/person\/c8c1a5e91c0d70ade8836c87939dfad3\",\"name\":\"Institut Iliade\",\"image\":{\"@type\":\"ImageObject\",\"inLanguage\":\"en-GB\",\"@id\":\"https:\/\/conservativenthusiast.com\/#\/schema\/person\/image\/\",\"url\":\"https:\/\/secure.gravatar.com\/avatar\/244cb47d52d5370b54ba4aff7a7fd60f?s=96&d=mm&r=g\",\"contentUrl\":\"https:\/\/secure.gravatar.com\/avatar\/244cb47d52d5370b54ba4aff7a7fd60f?s=96&d=mm&r=g\",\"caption\":\"Institut Iliade\"},\"description\":\"N'h\u00e9sitez pas \u00e0 vous rendre sur le site de l'Institut Iliade pour en apprendre plus et les soutenir.\",\"sameAs\":[\"https:\/\/institut-iliade.com\/\"],\"url\":\"https:\/\/conservativenthusiast.com\/en\/author\/institut-iliade\/\"}]}<\/script>\n<!-- \/ Yoast SEO plugin. -->","yoast_head_json":{"title":"Alexandre Ier de Russie (1777-1825) - The Conservative Enthusiast","description":"\u27bd Partenariat entre l'Institut Iliade et The Conservative Enthusiast : la plateforme de partage et d'apprentissage des conservateurs.","robots":{"index":"index","follow":"follow","max-snippet":"max-snippet:-1","max-image-preview":"max-image-preview:large","max-video-preview":"max-video-preview:-1"},"canonical":"https:\/\/conservativenthusiast.com\/en\/alexandre-ier-de-russie-1777-1825\/","og_locale":"en_GB","og_type":"article","og_title":"Alexandre Ier de Russie (1777-1825) - The Conservative Enthusiast","og_description":"\u27bd Partenariat entre l'Institut Iliade et The Conservative Enthusiast : la plateforme de partage et d'apprentissage des conservateurs.","og_url":"https:\/\/conservativenthusiast.com\/en\/alexandre-ier-de-russie-1777-1825\/","og_site_name":"The Conservative Enthusiast","article_published_time":"2021-12-03T11:09:00+00:00","article_modified_time":"2021-11-28T15:11:40+00:00","og_image":[{"width":1280,"height":720,"url":"https:\/\/conservativenthusiast.com\/wp-content\/uploads\/2021\/11\/alexandre-1_russie.jpg.webp","type":"image\/webp"}],"author":"Institut Iliade","twitter_card":"summary_large_image","twitter_misc":{"Written by":"Institut Iliade","Estimated reading time":"11 minutes"},"schema":{"@context":"https:\/\/schema.org","@graph":[{"@type":"Article","@id":"https:\/\/conservativenthusiast.com\/alexandre-ier-de-russie-1777-1825\/#article","isPartOf":{"@id":"https:\/\/conservativenthusiast.com\/alexandre-ier-de-russie-1777-1825\/"},"author":{"name":"Institut Iliade","@id":"https:\/\/conservativenthusiast.com\/#\/schema\/person\/c8c1a5e91c0d70ade8836c87939dfad3"},"headline":"Alexandre Ier de Russie (1777-1825)","datePublished":"2021-12-03T11:09:00+00:00","dateModified":"2021-11-28T15:11:40+00:00","mainEntityOfPage":{"@id":"https:\/\/conservativenthusiast.com\/alexandre-ier-de-russie-1777-1825\/"},"wordCount":2719,"commentCount":0,"publisher":{"@id":"https:\/\/conservativenthusiast.com\/#organization"},"image":{"@id":"https:\/\/conservativenthusiast.com\/alexandre-ier-de-russie-1777-1825\/#primaryimage"},"thumbnailUrl":"https:\/\/conservativenthusiast.com\/wp-content\/uploads\/2021\/11\/alexandre-1_russie.jpg.webp","keywords":["Alexandre 1er","Alexandre 1er de Russie","Alexandre de Russie","Institut Iliade","Tsar de Russie"],"articleSection":["Histoire","Institut Iliade","Patrimoine"],"inLanguage":"en-GB","potentialAction":[{"@type":"CommentAction","name":"Comment","target":["https:\/\/conservativenthusiast.com\/alexandre-ier-de-russie-1777-1825\/#respond"]}]},{"@type":"WebPage","@id":"https:\/\/conservativenthusiast.com\/alexandre-ier-de-russie-1777-1825\/","url":"https:\/\/conservativenthusiast.com\/alexandre-ier-de-russie-1777-1825\/","name":"Alexandre Ier de Russie (1777-1825) - The Conservative Enthusiast","isPartOf":{"@id":"https:\/\/conservativenthusiast.com\/#website"},"primaryImageOfPage":{"@id":"https:\/\/conservativenthusiast.com\/alexandre-ier-de-russie-1777-1825\/#primaryimage"},"image":{"@id":"https:\/\/conservativenthusiast.com\/alexandre-ier-de-russie-1777-1825\/#primaryimage"},"thumbnailUrl":"https:\/\/conservativenthusiast.com\/wp-content\/uploads\/2021\/11\/alexandre-1_russie.jpg.webp","datePublished":"2021-12-03T11:09:00+00:00","dateModified":"2021-11-28T15:11:40+00:00","description":"\u27bd Partenariat entre l'Institut Iliade et The Conservative Enthusiast : la plateforme de partage et d'apprentissage des conservateurs.","breadcrumb":{"@id":"https:\/\/conservativenthusiast.com\/alexandre-ier-de-russie-1777-1825\/#breadcrumb"},"inLanguage":"en-GB","potentialAction":[{"@type":"ReadAction","target":["https:\/\/conservativenthusiast.com\/alexandre-ier-de-russie-1777-1825\/"]}]},{"@type":"ImageObject","inLanguage":"en-GB","@id":"https:\/\/conservativenthusiast.com\/alexandre-ier-de-russie-1777-1825\/#primaryimage","url":"https:\/\/conservativenthusiast.com\/wp-content\/uploads\/2021\/11\/alexandre-1_russie.jpg.webp","contentUrl":"https:\/\/conservativenthusiast.com\/wp-content\/uploads\/2021\/11\/alexandre-1_russie.jpg.webp","width":1280,"height":720},{"@type":"BreadcrumbList","@id":"https:\/\/conservativenthusiast.com\/alexandre-ier-de-russie-1777-1825\/#breadcrumb","itemListElement":[{"@type":"ListItem","position":1,"name":"Accueil","item":"https:\/\/conservativenthusiast.com\/"},{"@type":"ListItem","position":2,"name":"Alexandre Ier de Russie (1777-1825)"}]},{"@type":"WebSite","@id":"https:\/\/conservativenthusiast.com\/#website","url":"https:\/\/conservativenthusiast.com\/","name":"The Conservative Enthusiast","description":"La plateforme de r\u00e9information, de partage et d&#039;apprentissage des conservateurs.","publisher":{"@id":"https:\/\/conservativenthusiast.com\/#organization"},"potentialAction":[{"@type":"SearchAction","target":{"@type":"EntryPoint","urlTemplate":"https:\/\/conservativenthusiast.com\/?s={search_term_string}"},"query-input":"required name=search_term_string"}],"inLanguage":"en-GB"},{"@type":"Organization","@id":"https:\/\/conservativenthusiast.com\/#organization","name":"The Conservative Enthusiast","url":"https:\/\/conservativenthusiast.com\/","logo":{"@type":"ImageObject","inLanguage":"en-GB","@id":"https:\/\/conservativenthusiast.com\/#\/schema\/logo\/image\/","url":"https:\/\/i0.wp.com\/conservativeenthusiast.com\/wp-content\/uploads\/2020\/06\/LOGO-CE-MINI.png?fit=3867%2C1180&ssl=1","contentUrl":"https:\/\/i0.wp.com\/conservativeenthusiast.com\/wp-content\/uploads\/2020\/06\/LOGO-CE-MINI.png?fit=3867%2C1180&ssl=1","width":3867,"height":1180,"caption":"The Conservative Enthusiast"},"image":{"@id":"https:\/\/conservativenthusiast.com\/#\/schema\/logo\/image\/"}},{"@type":"Person","@id":"https:\/\/conservativenthusiast.com\/#\/schema\/person\/c8c1a5e91c0d70ade8836c87939dfad3","name":"Institut Iliade","image":{"@type":"ImageObject","inLanguage":"en-GB","@id":"https:\/\/conservativenthusiast.com\/#\/schema\/person\/image\/","url":"https:\/\/secure.gravatar.com\/avatar\/244cb47d52d5370b54ba4aff7a7fd60f?s=96&d=mm&r=g","contentUrl":"https:\/\/secure.gravatar.com\/avatar\/244cb47d52d5370b54ba4aff7a7fd60f?s=96&d=mm&r=g","caption":"Institut Iliade"},"description":"N'h\u00e9sitez pas \u00e0 vous rendre sur le site de l'Institut Iliade pour en apprendre plus et les soutenir.","sameAs":["https:\/\/institut-iliade.com\/"],"url":"https:\/\/conservativenthusiast.com\/en\/author\/institut-iliade\/"}]}},"_links":{"self":[{"href":"https:\/\/conservativenthusiast.com\/en\/wp-json\/wp\/v2\/posts\/61609"}],"collection":[{"href":"https:\/\/conservativenthusiast.com\/en\/wp-json\/wp\/v2\/posts"}],"about":[{"href":"https:\/\/conservativenthusiast.com\/en\/wp-json\/wp\/v2\/types\/post"}],"author":[{"embeddable":true,"href":"https:\/\/conservativenthusiast.com\/en\/wp-json\/wp\/v2\/users\/90"}],"replies":[{"embeddable":true,"href":"https:\/\/conservativenthusiast.com\/en\/wp-json\/wp\/v2\/comments?post=61609"}],"version-history":[{"count":5,"href":"https:\/\/conservativenthusiast.com\/en\/wp-json\/wp\/v2\/posts\/61609\/revisions"}],"predecessor-version":[{"id":61617,"href":"https:\/\/conservativenthusiast.com\/en\/wp-json\/wp\/v2\/posts\/61609\/revisions\/61617"}],"wp:featuredmedia":[{"embeddable":true,"href":"https:\/\/conservativenthusiast.com\/en\/wp-json\/wp\/v2\/media\/61616"}],"wp:attachment":[{"href":"https:\/\/conservativenthusiast.com\/en\/wp-json\/wp\/v2\/media?parent=61609"}],"wp:term":[{"taxonomy":"category","embeddable":true,"href":"https:\/\/conservativenthusiast.com\/en\/wp-json\/wp\/v2\/categories?post=61609"},{"taxonomy":"post_tag","embeddable":true,"href":"https:\/\/conservativenthusiast.com\/en\/wp-json\/wp\/v2\/tags?post=61609"}],"curies":[{"name":"wp","href":"https:\/\/api.w.org\/{rel}","templated":true}]}}