{"id":61086,"date":"2021-11-28T13:03:45","date_gmt":"2021-11-28T12:03:45","guid":{"rendered":"https:\/\/conservativeenthusiast.com\/?p=61086"},"modified":"2021-11-28T13:03:52","modified_gmt":"2021-11-28T12:03:52","slug":"liste-didees-de-cadeaux-de-noel","status":"publish","type":"post","link":"https:\/\/conservativenthusiast.com\/en\/liste-didees-de-cadeaux-de-noel\/","title":{"rendered":"Liste d&#8217;id\u00e9es de cadeaux de No\u00ebl"},"content":{"rendered":"<p class=\"has-text-align-justify\">Comme vous le savez, les f\u00eates de fin d&#8217;ann\u00e9e arrivent et comme chaque ann\u00e9e, il est parfois tr\u00e8s difficile de trouver des id\u00e9es de cadeaux pour nos proches. L&#8217;\u00e9quipe de The Conservative Enthusiast \u00e0 d\u00e9cid\u00e9 de vous pr\u00e9parer cette ann\u00e9e une liste sp\u00e9cialement concoct\u00e9e par <a href=\"https:\/\/www.instagram.com\/booky_mary\/\" target=\"_blank\" rel=\"noreferrer noopener\">Booky Mary<\/a>, une liste de recommandations de livres \u00e0 offrir pour No\u00ebl qui vont faire mouche !<\/p>\n\n\n\n<p><\/p>\n\n\n\n<p>N&#8217;h\u00e9sitez pas \u00e9galement \u00e0 consulter notre <a href=\"https:\/\/conservativenthusiast.com\/en\/liste-idees-de-cadeaux-de-noel\/\" target=\"_blank\" rel=\"noreferrer noopener\">liste de recommandations de l&#8217;ann\u00e9e derni\u00e8re<\/a>, elle regorge de bonnes id\u00e9es !<\/p>\n\n\n\n<p><\/p>\n\n\n\n<p><\/p>\n\n\n\n<h2 class=\"wp-block-heading\"><span class=\"has-inline-color has-black-color\">Un No\u00ebl pour le masculin :&nbsp;<\/span><\/h2>\n\n\n\n<p><br>La&nbsp;virilit\u00e9 occidentale est&nbsp;particuli\u00e8rement malmen\u00e9e depuis des d\u00e9cennies&nbsp;maintenant,&nbsp;heureusement certains r\u00e9sistent et lui d\u00e9dient leurs \u00e9crits ou permettent de red\u00e9couvrir ses figures les plus illustres, avec une nouvelle \u00e9dition des&nbsp;r\u00e9cits hom\u00e9riques par exemple.<\/p>\n\n\n\n<p><\/p>\n\n\n\n<div class=\"wp-block-media-text alignwide is-stacked-on-mobile\" style=\"grid-template-columns:30% auto\"><figure class=\"wp-block-media-text__media\"><a href=\"https:\/\/www.amazon.fr\/Histoire-virilit%C3%A9-t-1-LInvention\/dp\/2757848682\/\"><img decoding=\"async\" width=\"621\" height=\"1024\" src=\"https:\/\/conservativenthusiast.com\/wp-content\/uploads\/2021\/11\/Histoire-de-la-virilite-621x1024.jpg\" alt=\"\" class=\"wp-image-61277 size-full\" srcset=\"https:\/\/conservativenthusiast.com\/wp-content\/uploads\/2021\/11\/Histoire-de-la-virilite-621x1024.jpg 621w, https:\/\/conservativenthusiast.com\/wp-content\/uploads\/2021\/11\/Histoire-de-la-virilite-480x791.jpg 480w\" sizes=\"(min-width: 0px) and (max-width: 480px) 480px, (min-width: 481px) 621px, 100vw\" \/><\/a><\/figure><div class=\"wp-block-media-text__content\">\n<blockquote class=\"wp-block-quote\"><p><span class=\"has-inline-color has-black-color\"> &#8211; VIGARELLO Georges,&nbsp;<em>Histoire de la virilit\u00e9 (3 tomes)<\/em>, Seuil, 2011, 38,50\u20ac <\/span><\/p><\/blockquote>\n<\/div><\/div>\n\n\n\n<p><\/p>\n\n\n\n<div class=\"wp-block-media-text alignwide is-stacked-on-mobile\" style=\"grid-template-columns:30% auto\"><figure class=\"wp-block-media-text__media\"><a href=\"https:\/\/www.amazon.fr\/Virilit%C3%A9-Harvey-Mansfield\/dp\/2204127515\/\"><img decoding=\"async\" width=\"661\" height=\"1024\" src=\"https:\/\/conservativenthusiast.com\/wp-content\/uploads\/2021\/11\/Virilite-661x1024.jpg\" alt=\"\" class=\"wp-image-61282 size-full\" srcset=\"https:\/\/conservativenthusiast.com\/wp-content\/uploads\/2021\/11\/Virilite-661x1024.jpg 661w, https:\/\/conservativenthusiast.com\/wp-content\/uploads\/2021\/11\/Virilite-480x743.jpg 480w\" sizes=\"(min-width: 0px) and (max-width: 480px) 480px, (min-width: 481px) 661px, 100vw\" \/><\/a><\/figure><div class=\"wp-block-media-text__content\">\n<blockquote class=\"wp-block-quote\"><p><span class=\"has-inline-color has-black-color\"> &#8211; MANSFIELD Harvey C.,&nbsp;<em>Virilit\u00e9<\/em>, Cerf, 2018, 27,50\u20ac <\/span><\/p><\/blockquote>\n<\/div><\/div>\n\n\n\n<p><\/p>\n\n\n\n<div class=\"wp-block-media-text alignwide is-stacked-on-mobile\" style=\"grid-template-columns:30% auto\"><figure class=\"wp-block-media-text__media\"><a href=\"https:\/\/www.amazon.fr\/ETERNEL-MASCULIN-JACQUELINE-KELEN\/dp\/2221075730\/\"><img decoding=\"async\" width=\"649\" height=\"1024\" src=\"https:\/\/conservativenthusiast.com\/wp-content\/uploads\/2021\/11\/Leternel-masculin-649x1024.jpg\" alt=\"\" class=\"wp-image-61285 size-full\" srcset=\"https:\/\/conservativenthusiast.com\/wp-content\/uploads\/2021\/11\/Leternel-masculin-649x1024.jpg 649w, https:\/\/conservativenthusiast.com\/wp-content\/uploads\/2021\/11\/Leternel-masculin-480x757.jpg 480w\" sizes=\"(min-width: 0px) and (max-width: 480px) 480px, (min-width: 481px) 649px, 100vw\" \/><\/a><\/figure><div class=\"wp-block-media-text__content\">\n<blockquote class=\"wp-block-quote\"><p><span class=\"has-inline-color has-black-color\"> &#8211; KELEN Jacqueline,<em>&nbsp;L\u2019\u00e9ternel masculin<\/em>,&nbsp;Robert Laffont, 1994, 22,50\u20ac  <\/span><\/p><\/blockquote>\n<\/div><\/div>\n\n\n\n<p><\/p>\n\n\n\n<div class=\"wp-block-media-text alignwide is-stacked-on-mobile\" style=\"grid-template-columns:30% auto\"><figure class=\"wp-block-media-text__media\"><a href=\"https:\/\/www.amazon.fr\/LAMOUR-GUERRE-R%C3%A9pondre-f%C3%A9ministes-Rochedy\/dp\/2492571017\/\"><img decoding=\"async\" width=\"720\" height=\"1024\" src=\"https:\/\/conservativenthusiast.com\/wp-content\/uploads\/2021\/11\/Julien-Rochedy-720x1024.jpg\" alt=\"\" class=\"wp-image-61297 size-full\"\/><\/a><\/figure><div class=\"wp-block-media-text__content\">\n<blockquote class=\"wp-block-quote\"><p><span class=\"has-inline-color has-black-color\"> &#8211;&nbsp;ROCHEDY Julien,&nbsp;<em>L\u2019amour et la guerre &#8211; r\u00e9pondre aux f\u00e9ministes<\/em>, 2021, 22\u20ac  <\/span><\/p><\/blockquote>\n<\/div><\/div>\n\n\n\n<p><\/p>\n\n\n\n<div class=\"wp-block-media-text alignwide is-stacked-on-mobile\" style=\"grid-template-columns:30% auto\"><figure class=\"wp-block-media-text__media\"><a href=\"https:\/\/www.amazon.fr\/Tout-Hom%C3%A8re\/dp\/2226439781\/\"><img decoding=\"async\" width=\"697\" height=\"1024\" src=\"https:\/\/conservativenthusiast.com\/wp-content\/uploads\/2021\/11\/Homere-697x1024.jpg\" alt=\"\" class=\"wp-image-61299 size-full\"\/><\/a><\/figure><div class=\"wp-block-media-text__content\">\n<blockquote class=\"wp-block-quote\"><p><span class=\"has-inline-color has-black-color\"> &#8211; HOM\u00c8RE, Tout&nbsp;Hom\u00e8re, Cerf, 2019, 35\u20ac  <\/span><\/p><\/blockquote>\n<\/div><\/div>\n\n\n\n<p><br><\/p>\n\n\n\n<h2 class=\"wp-block-heading\"><span class=\"has-inline-color has-black-color\">Un No<span class=\"has-inline-color has-black-color\">\u00eb<\/span>l pour le f\u00e9minin :<\/span><\/h2>\n\n\n\n<p><br>Pour ne pas se laisser confisquer notre histoire par les f\u00e9ministes et autres r\u00e9volutionnaires, voici mesdames quelques ouvrages pr\u00e9cieux qui nous&nbsp;rappellent notre h\u00e9ritage. Mais aussi qui nous&nbsp;aident dans notre vie quotidienne par des r\u00e9flexions sur notre r\u00f4le et notre corps, afin de ne plus laisser la soci\u00e9t\u00e9 post-moderne se les&nbsp;accaparer.<\/p>\n\n\n\n<p><\/p>\n\n\n\n<p><\/p>\n\n\n\n<div class=\"wp-block-media-text alignwide is-stacked-on-mobile\" style=\"grid-template-columns:42% auto\"><figure class=\"wp-block-media-text__media\"><a href=\"https:\/\/www.amazon.fr\/Histoire-femmes-Maurice-Bard%C3%A8che\/dp\/2367251614\/\"><img decoding=\"async\" width=\"500\" height=\"500\" src=\"https:\/\/conservativenthusiast.com\/wp-content\/uploads\/2021\/11\/Histoire-des-femmes.jpg\" alt=\"\" class=\"wp-image-61305 size-full\" srcset=\"https:\/\/conservativenthusiast.com\/wp-content\/uploads\/2021\/11\/Histoire-des-femmes.jpg 500w, https:\/\/conservativenthusiast.com\/wp-content\/uploads\/2021\/11\/Histoire-des-femmes-480x480.jpg 480w\" sizes=\"(min-width: 0px) and (max-width: 480px) 480px, (min-width: 481px) 500px, 100vw\" \/><\/a><\/figure><div class=\"wp-block-media-text__content\">\n<blockquote class=\"wp-block-quote\"><p><span class=\"has-inline-color has-black-color\"> &#8211; BARD\u00c8CHE Maurice,&nbsp;<em>Histoire des femmes<\/em>, KontreKulture, 2021, 33,50\u20ac  <\/span><\/p><\/blockquote>\n<\/div><\/div>\n\n\n\n<p><\/p>\n\n\n\n<div class=\"wp-block-media-text alignwide is-stacked-on-mobile\" style=\"grid-template-columns:38% auto\"><figure class=\"wp-block-media-text__media\"><a href=\"https:\/\/www.amazon.fr\/Histoire-femmes-Maurice-Bard%C3%A8che\/dp\/2367251614\/\"><img decoding=\"async\" width=\"683\" height=\"1024\" src=\"https:\/\/conservativenthusiast.com\/wp-content\/uploads\/2021\/11\/Tresors-de-femme-683x1024.jpg\" alt=\"\" class=\"wp-image-61308 size-full\"\/><\/a><\/figure><div class=\"wp-block-media-text__content\">\n<blockquote class=\"wp-block-quote\"><p><span class=\"has-inline-color has-black-color\"> &#8211; DE WILLIENCOURT&nbsp;C\u00e9cile,&nbsp;<em>Tr\u00e9sors&nbsp;de femme &#8211; Un nouveau regard sur le corps f\u00e9minin de la pubert\u00e9 \u00e0 la m\u00e9nopause<\/em>, Mame, 2020, 16,90\u20ac  <\/span><\/p><\/blockquote>\n<\/div><\/div>\n\n\n\n<p><\/p>\n\n\n\n<div class=\"wp-block-media-text alignwide is-stacked-on-mobile\" style=\"grid-template-columns:42% auto\"><figure class=\"wp-block-media-text__media\"><a href=\"https:\/\/editionsduverbehaut.fr\/wp-content\/uploads\/2020\/05\/Maukeupe-Delassus-VH.png\"><img decoding=\"async\" width=\"678\" height=\"1024\" src=\"https:\/\/conservativenthusiast.com\/wp-content\/uploads\/2021\/11\/Lesprit-familial-678x1024.png\" alt=\"\" class=\"wp-image-61315 size-full\"\/><\/a><\/figure><div class=\"wp-block-media-text__content\">\n<blockquote class=\"wp-block-quote\"><p><span class=\"has-inline-color has-black-color\"> &#8211; Mgr&nbsp;DELASSUS Henri,&nbsp;<em>L\u2019Esprit Familial dans la maison, dans la cit\u00e9 et dans l\u2019\u00c9tat<\/em>, Le Verbe Haut, 2020, 16\u20ac <\/span><\/p><\/blockquote>\n<\/div><\/div>\n\n\n\n<p><\/p>\n\n\n\n<div class=\"wp-block-media-text alignwide is-stacked-on-mobile\" style=\"grid-template-columns:42% auto\"><figure class=\"wp-block-media-text__media\"><a href=\"https:\/\/www.amazon.fr\/FEMMES-ILLUSTRES-FRANCE-3e\/dp\/B00Q73NXAI\/\"><img decoding=\"async\" width=\"359\" height=\"512\" src=\"https:\/\/conservativenthusiast.com\/wp-content\/uploads\/2021\/11\/Les-femmes-illustres.jpg\" alt=\"\" class=\"wp-image-61329 size-full\" srcset=\"https:\/\/conservativenthusiast.com\/wp-content\/uploads\/2021\/11\/Les-femmes-illustres.jpg 359w, https:\/\/conservativenthusiast.com\/wp-content\/uploads\/2021\/11\/Les-femmes-illustres-210x300.jpg 210w, https:\/\/conservativenthusiast.com\/wp-content\/uploads\/2021\/11\/Les-femmes-illustres-8x12.jpg 8w\" sizes=\"(max-width: 359px) 100vw, 359px\" \/><\/a><\/figure><div class=\"wp-block-media-text__content\">\n<blockquote class=\"wp-block-quote\"><p><span class=\"has-inline-color has-black-color\"><em>&#8211;&nbsp;HAVARD&nbsp;Oscar,&nbsp;<em>Les femmes illustres de France<\/em>, Saint-Remi, 2020, 28\u20ac <\/em><\/span><\/p><\/blockquote>\n<\/div><\/div>\n\n\n\n<p><\/p>\n\n\n\n<div class=\"wp-block-media-text alignwide is-stacked-on-mobile\" style=\"grid-template-columns:42% auto\"><figure class=\"wp-block-media-text__media\"><a href=\"https:\/\/www.amazon.fr\/Audacieuses-H%C3%A9ro%C3%AFnes-jeunes-filles-daujourdhui\/dp\/2957509008\/\"><img decoding=\"async\" width=\"338\" height=\"500\" src=\"https:\/\/conservativenthusiast.com\/wp-content\/uploads\/2021\/11\/Les-Audacieuses.jpg\" alt=\"\" class=\"wp-image-61335 size-full\" srcset=\"https:\/\/conservativenthusiast.com\/wp-content\/uploads\/2021\/11\/Les-Audacieuses.jpg 338w, https:\/\/conservativenthusiast.com\/wp-content\/uploads\/2021\/11\/Les-Audacieuses-203x300.jpg 203w, https:\/\/conservativenthusiast.com\/wp-content\/uploads\/2021\/11\/Les-Audacieuses-8x12.jpg 8w\" sizes=\"(max-width: 338px) 100vw, 338px\" \/><\/a><\/figure><div class=\"wp-block-media-text__content\">\n<blockquote class=\"wp-block-quote\"><p><span class=\"has-inline-color has-black-color\"> &#8211;&nbsp;ST\u00c9PHANIE Audrey &amp; BENO\u00ceT Aude,&nbsp;<em>Les Audacieuses<\/em>, L\u2019\u00e9toffe des h\u00e9ros, 2020, 19,90\u20ac <\/span><\/p><\/blockquote>\n<\/div><\/div>\n\n\n\n<p><\/p>\n\n\n\n<p><\/p>\n\n\n\n<h2 class=\"wp-block-heading\"><span class=\"has-inline-color has-black-color\">Un No<span class=\"has-inline-color has-black-color\"><span class=\"has-inline-color has-black-color\">\u00eb<\/span><\/span>l pour comprendre le monde :<\/span><\/h2>\n\n\n\n<p><br>Notre monde parait si complexe qu\u2019on peine \u00e0 comprendre ce qui advient parfois, avec ce double mouvement, d\u2019un c\u00f4t\u00e9 la destruction des&nbsp;piliers de notre civilisation par le milieu des \u00e9lites. Et de l\u2019autre nos ennemis historiques qui, jusque-l\u00e0 n\u2019ayant jamais r\u00e9ussi \u00e0 nous&nbsp;soumettre, profitent de cet&nbsp;affaiblissement pour s\u2019installer sur notre sol. Si pour le second beaucoup commencent \u00e0 comprendre le&nbsp;probl\u00e8me, pour le premier les choses sont parfois opaques. Voici donc quelques ouvrages pour remettre de la&nbsp;clart\u00e9 et nous&nbsp;aider \u00e0 penser ce monde. Car bien nommer les causes c\u2019est d\u00e9j\u00e0 les combattre efficacement.<\/p>\n\n\n\n<p><\/p>\n\n\n\n<div class=\"wp-block-media-text alignwide is-stacked-on-mobile\" style=\"grid-template-columns:42% auto\"><figure class=\"wp-block-media-text__media\"><a href=\"https:\/\/www.amazon.fr\/Soros-soci%C3%A9t%C3%A9-ouverte-m%C3%A9tapolitique-globalisme\/dp\/2491861062\/\"><img decoding=\"async\" width=\"701\" height=\"1024\" src=\"https:\/\/conservativenthusiast.com\/wp-content\/uploads\/2021\/11\/Soros-701x1024.jpg\" alt=\"\" class=\"wp-image-61343 size-full\"\/><\/a><\/figure><div class=\"wp-block-media-text__content\">\n<blockquote class=\"wp-block-quote\"><p><span class=\"has-inline-color has-black-color\"> &#8211; PLAQUEVENT&nbsp;Pierre-Antoine,&nbsp;<em>SOROS et la soci\u00e9t\u00e9 ouverte : M\u00e9tapolitique du globalisme<\/em>, Culture &amp; Racines, 2021, 26\u20ac <\/span><\/p><\/blockquote>\n<\/div><\/div>\n\n\n\n<p><\/p>\n\n\n\n<div class=\"wp-block-media-text alignwide is-stacked-on-mobile\" style=\"grid-template-columns:42% auto\"><figure class=\"wp-block-media-text__media\"><a href=\"https:\/\/www.amazon.fr\/magicien-Davos-v%C3%A9rit%C3%A9-mensonge-R%C3%A9initialisation\/dp\/2491861186\/\"><img decoding=\"async\" width=\"659\" height=\"1024\" src=\"https:\/\/conservativenthusiast.com\/wp-content\/uploads\/2021\/11\/Davos-659x1024.jpg\" alt=\"\" class=\"wp-image-61349 size-full\"\/><\/a><\/figure><div class=\"wp-block-media-text__content\">\n<blockquote class=\"wp-block-quote\"><p><span class=\"has-inline-color has-black-color\"> &#8211; SCHWARTZ Modeste,<em>LE MAGICIEN DE DAVOS : v\u00e9rit\u00e9(s) et mensonge(s) de la Grande R\u00e9initialisation<\/em>,&nbsp;Culture &amp; Racines, 2021, 17\u20ac <\/span><\/p><\/blockquote>\n<\/div><\/div>\n\n\n\n<p><\/p>\n\n\n\n<div class=\"wp-block-media-text alignwide is-stacked-on-mobile\" style=\"grid-template-columns:42% auto\"><figure class=\"wp-block-media-text__media\"><a href=\"https:\/\/www.amazon.fr\/Conjuration-Antichr%C3%A9tienne-ma%C3%A7onnique-voulant-catholique\/dp\/B07KLPTXNH\/\"><img decoding=\"async\" width=\"665\" height=\"1024\" src=\"https:\/\/conservativenthusiast.com\/wp-content\/uploads\/2021\/11\/La-conjuration-antichretienne-665x1024.jpg\" alt=\"\" class=\"wp-image-61352 size-full\"\/><\/a><\/figure><div class=\"wp-block-media-text__content\">\n<blockquote class=\"wp-block-quote\"><p><span class=\"has-inline-color has-black-color\"> &#8211;&nbsp;DELASSUS&nbsp;Henri,&nbsp;<em>La conjuration antichr\u00e9tienne<\/em>, Saint-Remi, 2008, 24\u20ac <\/span><\/p><\/blockquote>\n<\/div><\/div>\n\n\n\n<p><\/p>\n\n\n\n<div class=\"wp-block-media-text alignwide is-stacked-on-mobile\" style=\"grid-template-columns:42% auto\"><figure class=\"wp-block-media-text__media\"><a href=\"https:\/\/www.amazon.fr\/O%C3%99-ALLONS-NOUS-SITUATION-EN-SOMMES-NOUS\/dp\/2816205452\/\"><img decoding=\"async\" width=\"381\" height=\"500\" src=\"https:\/\/conservativenthusiast.com\/wp-content\/uploads\/2021\/11\/Ou-en-sommes-nous.jpg\" alt=\"\" class=\"wp-image-61357 size-full\" srcset=\"https:\/\/conservativenthusiast.com\/wp-content\/uploads\/2021\/11\/Ou-en-sommes-nous.jpg 381w, https:\/\/conservativenthusiast.com\/wp-content\/uploads\/2021\/11\/Ou-en-sommes-nous-229x300.jpg 229w, https:\/\/conservativenthusiast.com\/wp-content\/uploads\/2021\/11\/Ou-en-sommes-nous-9x12.jpg 9w\" sizes=\"(max-width: 381px) 100vw, 381px\" \/><\/a><\/figure><div class=\"wp-block-media-text__content\">\n<blockquote class=\"wp-block-quote\"><p><span class=\"has-inline-color has-black-color\"> &#8211;&nbsp;Meg GAUME Jean-Joseph,&nbsp;<em>O\u00f9 allons-nous ? &#8211; La situation &#8211; O\u00f9 en sommes-nous<\/em>,&nbsp;Saint-R\u00e9mi, 2021, 29\u20ac <\/span><\/p><\/blockquote>\n<\/div><\/div>\n\n\n\n<p><\/p>\n\n\n\n<div class=\"wp-block-media-text alignwide is-stacked-on-mobile\" style=\"grid-template-columns:42% auto\"><figure class=\"wp-block-media-text__media\"><a href=\"https:\/\/www.amazon.fr\/Sto%C3%AFciens-Collectifs\/dp\/2070105415\/\"><img decoding=\"async\" width=\"621\" height=\"1024\" src=\"https:\/\/conservativenthusiast.com\/wp-content\/uploads\/2021\/11\/Les-Stoiciens-621x1024.jpg\" alt=\"\" class=\"wp-image-61359 size-full\" srcset=\"https:\/\/conservativenthusiast.com\/wp-content\/uploads\/2021\/11\/Les-Stoiciens-621x1024.jpg 621w, https:\/\/conservativenthusiast.com\/wp-content\/uploads\/2021\/11\/Les-Stoiciens-480x792.jpg 480w\" sizes=\"(min-width: 0px) and (max-width: 480px) 480px, (min-width: 481px) 621px, 100vw\" \/><\/a><\/figure><div class=\"wp-block-media-text__content\">\n<blockquote class=\"wp-block-quote\"><p><span class=\"has-inline-color has-black-color\"> &#8211; COLLECTIF, Les&nbsp;sto\u00efciens, Gallimard, pl\u00e9iade, 1962, 69\u20ac <\/span><\/p><\/blockquote>\n<\/div><\/div>\n\n\n\n<p><\/p>\n\n\n\n<p><\/p>\n\n\n\n<h2 class=\"wp-block-heading\"><span class=\"has-inline-color has-black-color\">Un No\u00ebl historique :<\/span><\/h2>\n\n\n\n<p><br>Notre histoire est, depuis des&nbsp;si\u00e8cles, utilis\u00e9e par la R\u00e9publique pour d\u00e9nigrer la France, il est temps de se la&nbsp;r\u00e9approprier et de la transmettre correctement.<\/p>\n\n\n\n<p><\/p>\n\n\n\n<div class=\"wp-block-media-text alignwide is-stacked-on-mobile\" style=\"grid-template-columns:42% auto\"><figure class=\"wp-block-media-text__media\"><a href=\"https:\/\/www.amazon.fr\/L%C3%89GLISE-EN-PROC%C3%88S-R%C3%89PONSE-HISTORIENS\/dp\/B08QRZK5F2\/\"><img decoding=\"async\" width=\"333\" height=\"500\" src=\"https:\/\/conservativenthusiast.com\/wp-content\/uploads\/2021\/11\/Leglise-en-proces.jpg\" alt=\"\" class=\"wp-image-61367 size-full\" srcset=\"https:\/\/conservativenthusiast.com\/wp-content\/uploads\/2021\/11\/Leglise-en-proces.jpg 333w, https:\/\/conservativenthusiast.com\/wp-content\/uploads\/2021\/11\/Leglise-en-proces-200x300.jpg 200w, https:\/\/conservativenthusiast.com\/wp-content\/uploads\/2021\/11\/Leglise-en-proces-8x12.jpg 8w\" sizes=\"(max-width: 333px) 100vw, 333px\" \/><\/a><\/figure><div class=\"wp-block-media-text__content\">\n<blockquote class=\"wp-block-quote\"><p><span class=\"has-inline-color has-black-color\"> &#8211; S\u00c9VILLIA Jean,&nbsp;<em>L&#8217;\u00e9glise en proc\u00e8s: La r\u00e9ponse des historiens<\/em>,&nbsp;Taillandier, Texto, 2021, 10,50\u20ac <\/span><\/p><\/blockquote>\n<\/div><\/div>\n\n\n\n<p><\/p>\n\n\n\n<div class=\"wp-block-media-text alignwide is-stacked-on-mobile\" style=\"grid-template-columns:42% auto\"><figure class=\"wp-block-media-text__media\"><a href=\"https:\/\/www.leslibraires.fr\/livre\/17414893-ainsi-etait-saint-louis-jean-noel-toubon-editions-voxgallia\"><img decoding=\"async\" width=\"560\" height=\"799\" src=\"https:\/\/conservativenthusiast.com\/wp-content\/uploads\/2021\/11\/Ainsi-etait-Saint-Louis.jpg\" alt=\"\" class=\"wp-image-61378 size-full\" srcset=\"https:\/\/conservativenthusiast.com\/wp-content\/uploads\/2021\/11\/Ainsi-etait-Saint-Louis.jpg 560w, https:\/\/conservativenthusiast.com\/wp-content\/uploads\/2021\/11\/Ainsi-etait-Saint-Louis-480x685.jpg 480w\" sizes=\"(min-width: 0px) and (max-width: 480px) 480px, (min-width: 481px) 560px, 100vw\" \/><\/a><\/figure><div class=\"wp-block-media-text__content\">\n<blockquote class=\"wp-block-quote\"><p><span class=\"has-inline-color has-black-color\"> &#8211; TOUBON Jean-No\u00ebl,&nbsp;<em>Ainsi \u00e9tait Saint Louis<\/em>, Vox Gallia, 17\u20ac <\/span><\/p><\/blockquote>\n<\/div><\/div>\n\n\n\n<p><\/p>\n\n\n\n<div class=\"wp-block-media-text alignwide is-stacked-on-mobile\" style=\"grid-template-columns:42% auto\"><figure class=\"wp-block-media-text__media\"><a href=\"https:\/\/www.livresenfamille.fr\/biographies-temoignages\/21215-auguste-pruhomme-histoire-de-pierre-de-terrail.html\"><img decoding=\"async\" width=\"730\" height=\"1024\" src=\"https:\/\/conservativenthusiast.com\/wp-content\/uploads\/2021\/11\/histoire-de-pierre-de-terrail-730x1024.jpg\" alt=\"\" class=\"wp-image-61395 size-full\" srcset=\"https:\/\/conservativenthusiast.com\/wp-content\/uploads\/2021\/11\/histoire-de-pierre-de-terrail-730x1024.jpg 730w, https:\/\/conservativenthusiast.com\/wp-content\/uploads\/2021\/11\/histoire-de-pierre-de-terrail-480x673.jpg 480w\" sizes=\"(min-width: 0px) and (max-width: 480px) 480px, (min-width: 481px) 730px, 100vw\" \/><\/a><\/figure><div class=\"wp-block-media-text__content\">\n<blockquote class=\"wp-block-quote\"><p><span class=\"has-inline-color has-black-color\"> &#8211; PRUDHOMME Auguste,&nbsp;<em>Histoire de Pierre de Terrail \u2013 Seigneur de Bayard<\/em>, Vox Gallia, 22\u20ac <\/span><\/p><\/blockquote>\n<\/div><\/div>\n\n\n\n<p><\/p>\n\n\n\n<div class=\"wp-block-media-text alignwide is-stacked-on-mobile\" style=\"grid-template-columns:45% auto\"><figure class=\"wp-block-media-text__media\"><a href=\"https:\/\/www.livresenfamille.fr\/biographies-temoignages\/20302-alphonse-vetault-godefroy-de-bouillon-avoue-du-saint-sepulcre.html\"><img decoding=\"async\" width=\"800\" height=\"800\" src=\"https:\/\/conservativenthusiast.com\/wp-content\/uploads\/2021\/11\/godefroy-de-bouillon-avoue-du-saint-sepulcre.jpg\" alt=\"\" class=\"wp-image-61398 size-full\" srcset=\"https:\/\/conservativenthusiast.com\/wp-content\/uploads\/2021\/11\/godefroy-de-bouillon-avoue-du-saint-sepulcre.jpg 800w, https:\/\/conservativenthusiast.com\/wp-content\/uploads\/2021\/11\/godefroy-de-bouillon-avoue-du-saint-sepulcre-480x480.jpg 480w\" sizes=\"(min-width: 0px) and (max-width: 480px) 480px, (min-width: 481px) 800px, 100vw\" \/><\/a><\/figure><div class=\"wp-block-media-text__content\">\n<blockquote class=\"wp-block-quote\"><p><span class=\"has-inline-color has-black-color\"> &#8211; V\u00c9TAULT Alphonse,&nbsp;Godefroy de Bouillon &#8211; Avou\u00e9 du Saint-S\u00e9pulcre, Vox Gallia, 25\u20ac <\/span><\/p><\/blockquote>\n<\/div><\/div>\n\n\n\n<p><\/p>\n\n\n\n<div class=\"wp-block-media-text alignwide is-stacked-on-mobile\" style=\"grid-template-columns:42% auto\"><figure class=\"wp-block-media-text__media\"><a href=\"https:\/\/www.amazon.fr\/Histoire-passionn%C3%A9e-France-Jean-S%C3%89VILLIA\/dp\/2262083258\"><img decoding=\"async\" width=\"748\" height=\"1024\" src=\"https:\/\/conservativenthusiast.com\/wp-content\/uploads\/2021\/11\/Histoire-passionne-de-la-France-748x1024.jpg\" alt=\"\" class=\"wp-image-61402 size-full\" srcset=\"https:\/\/conservativenthusiast.com\/wp-content\/uploads\/2021\/11\/Histoire-passionne-de-la-France-748x1024.jpg 748w, https:\/\/conservativenthusiast.com\/wp-content\/uploads\/2021\/11\/Histoire-passionne-de-la-France-480x657.jpg 480w\" sizes=\"(min-width: 0px) and (max-width: 480px) 480px, (min-width: 481px) 748px, 100vw\" \/><\/a><\/figure><div class=\"wp-block-media-text__content\">\n<blockquote class=\"wp-block-quote\"><p><span class=\"has-inline-color has-black-color\"> &#8211; S\u00c9VILLIA Jean,&nbsp;<em>Histoire passionn\u00e9e de la France<\/em>, Perrin, 2019, 32\u20ac <\/span><\/p><\/blockquote>\n<\/div><\/div>\n\n\n\n<p><\/p>\n\n\n\n<p><\/p>\n\n\n\n<h2 class=\"wp-block-heading\"><span class=\"has-inline-color has-black-color\">Un No<span class=\"has-inline-color has-black-color\"><span class=\"has-inline-color has-black-color\"><span class=\"has-inline-color has-black-color\">\u00eb<\/span><\/span><\/span>l pour s\u2019\u00e9lever :<\/span><\/h2>\n\n\n\n<p><br>&#8220;Pater noster, qui es in caelis,&nbsp;sanctificetur nomen tuum\u201d, la bataille ne pourra \u00eatre gagn\u00e9e qu\u2019avec et pour Dieu, sa grandeur rayonne en nous lorsque nous repoussons l\u2019obscurit\u00e9 et le bruit du monde pour \u00e9couter sa parole. L\u2019intellect n\u2019est pas la seule chose qu&#8217;il nous faut nourrir, mais&nbsp;aussi notre \u00e2me.<\/p>\n\n\n\n<p><\/p>\n\n\n\n<div class=\"wp-block-media-text alignwide is-stacked-on-mobile\" style=\"grid-template-columns:42% auto\"><figure class=\"wp-block-media-text__media\"><a href=\"https:\/\/www.leslibraires.fr\/livre\/1188584-la-sainte-bible-d-apres-les-textes-originaux-d--augustin-crampon-societe-biblique-francaise\"><img decoding=\"async\" width=\"400\" height=\"655\" src=\"https:\/\/conservativenthusiast.com\/wp-content\/uploads\/2021\/11\/La-Sainte-Bible.jpg\" alt=\"\" class=\"wp-image-61411 size-full\" srcset=\"https:\/\/conservativenthusiast.com\/wp-content\/uploads\/2021\/11\/La-Sainte-Bible.jpg 400w, https:\/\/conservativenthusiast.com\/wp-content\/uploads\/2021\/11\/La-Sainte-Bible-183x300.jpg 183w, https:\/\/conservativenthusiast.com\/wp-content\/uploads\/2021\/11\/La-Sainte-Bible-7x12.jpg 7w\" sizes=\"(max-width: 400px) 100vw, 400px\" \/><\/a><\/figure><div class=\"wp-block-media-text__content\">\n<blockquote class=\"wp-block-quote\"><p><span class=\"has-inline-color has-black-color\">CRAMPON&nbsp;Augustin,&nbsp;<em>La sainte Bible d\u2019apr\u00e8s les textes originaux<\/em>, DFT, 49,50\u20ac <\/span><\/p><\/blockquote>\n<\/div><\/div>\n\n\n\n<p><\/p>\n\n\n\n<div class=\"wp-block-media-text alignwide is-stacked-on-mobile\" style=\"grid-template-columns:42% auto\"><figure class=\"wp-block-media-text__media\"><a href=\"https:\/\/www.amazon.fr\/Missel-Quotidien-Complet-Vert-Collectif\/dp\/2906972940\"><img decoding=\"async\" width=\"500\" height=\"475\" src=\"https:\/\/conservativenthusiast.com\/wp-content\/uploads\/2021\/11\/Missel-quotidien.jpg\" alt=\"\" class=\"wp-image-61427 size-full\" srcset=\"https:\/\/conservativenthusiast.com\/wp-content\/uploads\/2021\/11\/Missel-quotidien.jpg 500w, https:\/\/conservativenthusiast.com\/wp-content\/uploads\/2021\/11\/Missel-quotidien-480x456.jpg 480w\" sizes=\"(min-width: 0px) and (max-width: 480px) 480px, (min-width: 481px) 500px, 100vw\" \/><\/a><\/figure><div class=\"wp-block-media-text__content\">\n<blockquote class=\"wp-block-quote\"><p><span class=\"has-inline-color has-black-color\"> &#8211;&nbsp;<em>Missel quotidien complet<\/em>,&nbsp;Editions Sainte-Madeleine, 53\u20ac <\/span><\/p><\/blockquote>\n<\/div><\/div>\n\n\n\n<p><\/p>\n\n\n\n<div class=\"wp-block-media-text alignwide is-stacked-on-mobile\" style=\"grid-template-columns:42% auto\"><figure class=\"wp-block-media-text__media\"><a href=\"https:\/\/www.amazon.fr\/Catechisme-Catholique-Populaire-Fran%C3%A7ois-Spirago\/dp\/2845196733\/\"><img decoding=\"async\" width=\"345\" height=\"500\" src=\"https:\/\/conservativenthusiast.com\/wp-content\/uploads\/2021\/11\/Catechisme-catholique.jpg\" alt=\"\" class=\"wp-image-61429 size-full\" srcset=\"https:\/\/conservativenthusiast.com\/wp-content\/uploads\/2021\/11\/Catechisme-catholique.jpg 345w, https:\/\/conservativenthusiast.com\/wp-content\/uploads\/2021\/11\/Catechisme-catholique-207x300.jpg 207w, https:\/\/conservativenthusiast.com\/wp-content\/uploads\/2021\/11\/Catechisme-catholique-8x12.jpg 8w\" sizes=\"(max-width: 345px) 100vw, 345px\" \/><\/a><\/figure><div class=\"wp-block-media-text__content\">\n<blockquote class=\"wp-block-quote\"><p><span class=\"has-inline-color has-black-color\"> &#8211; Mgr SPIRAGO Fran\u00e7ois,&nbsp;<em>Catechisme Catholique Populaire<\/em>, Saint-Remi, 2007, 30\u20ac <\/span><\/p><\/blockquote>\n<\/div><\/div>\n\n\n\n<p><\/p>\n\n\n\n<div class=\"wp-block-media-text alignwide is-stacked-on-mobile\" style=\"grid-template-columns:42% auto\"><figure class=\"wp-block-media-text__media\"><a href=\"https:\/\/www.amazon.fr\/Initiation-Saint-Thomas-dAquin-personne\/dp\/2204105538\/\"><img decoding=\"async\" width=\"662\" height=\"1024\" src=\"https:\/\/conservativenthusiast.com\/wp-content\/uploads\/2021\/11\/Initiation-a-saint-thomas-daquin-662x1024.jpg\" alt=\"\" class=\"wp-image-61433 size-full\" srcset=\"https:\/\/conservativenthusiast.com\/wp-content\/uploads\/2021\/11\/Initiation-a-saint-thomas-daquin-662x1024.jpg 662w, https:\/\/conservativenthusiast.com\/wp-content\/uploads\/2021\/11\/Initiation-a-saint-thomas-daquin-480x743.jpg 480w\" sizes=\"(min-width: 0px) and (max-width: 480px) 480px, (min-width: 481px) 662px, 100vw\" \/><\/a><\/figure><div class=\"wp-block-media-text__content\">\n<blockquote class=\"wp-block-quote\"><p><span class=\"has-inline-color has-black-color\"><em>&#8211; TORRELL Jean-Pierre,&nbsp;<em>Initiation \u00e0 saint Thomas d\u2019Aquin<\/em>, Cerf, 2015, 34\u20ac <\/em> <\/span><\/p><\/blockquote>\n<\/div><\/div>\n\n\n\n<p><\/p>\n\n\n\n<div class=\"wp-block-media-text alignwide is-stacked-on-mobile\" style=\"grid-template-columns:42% auto\"><figure class=\"wp-block-media-text__media\"><a href=\"https:\/\/www.amazon.fr\/Somme-th%C3%A9ologique-Thomas-d-Aquin\/dp\/2204146838\/\"><img decoding=\"async\" width=\"797\" height=\"1024\" src=\"https:\/\/conservativenthusiast.com\/wp-content\/uploads\/2021\/11\/Somme-theologique-797x1024.jpg\" alt=\"\" class=\"wp-image-61435 size-full\" srcset=\"https:\/\/conservativenthusiast.com\/wp-content\/uploads\/2021\/11\/Somme-theologique-797x1024.jpg 797w, https:\/\/conservativenthusiast.com\/wp-content\/uploads\/2021\/11\/Somme-theologique-480x617.jpg 480w\" sizes=\"(min-width: 0px) and (max-width: 480px) 480px, (min-width: 481px) 797px, 100vw\" \/><\/a><\/figure><div class=\"wp-block-media-text__content\">\n<blockquote class=\"wp-block-quote\"><p><span class=\"has-inline-color has-black-color\"><em><em>&#8211; D\u2019AQUIN Thomas,&nbsp;<em>Somme&nbsp;th\u00e9ologique (4 tomes)<\/em>, Cerf, 49\u20ac <\/em><\/em><\/span><\/p><\/blockquote>\n<\/div><\/div>\n\n\n\n<p><\/p>\n\n\n\n<p><\/p>\n\n\n\n<p><\/p>\n\n\n\n<h2 class=\"wp-block-heading\"><span class=\"has-inline-color has-black-color\">Un No<span class=\"has-inline-color has-black-color\"><span class=\"has-inline-color has-black-color\"><span class=\"has-inline-color has-black-color\">\u00eb<\/span><\/span><\/span>l pour s\u2019\u00e9vader :<\/span><\/h2>\n\n\n\n<p><br>Avec tout ce travail \u00e0 faire, il est&nbsp;n\u00e9cessaire \u00e9galement de s\u2019\u00e9vader et de nourrir notre imaginaire afin de ne pas se laisser submerger. Voici quelques oeuvres qui vous transporteront dans un autre monde, et qui finalement nous donnent la force d&#8217;affronter le notre par la richesse de notre culture europ\u00e9enne ensuite.<\/p>\n\n\n\n<div class=\"wp-block-media-text alignwide is-stacked-on-mobile\" style=\"grid-template-columns:42% auto\"><figure class=\"wp-block-media-text__media\"><a href=\"https:\/\/www.amazon.fr\/Divine-Com%C3%A9die-Alighieri-Dante\/dp\/2204146501\/\"><img decoding=\"async\" width=\"726\" height=\"1024\" src=\"https:\/\/conservativenthusiast.com\/wp-content\/uploads\/2021\/11\/Divine-Comedie-726x1024.jpg\" alt=\"\" class=\"wp-image-61440 size-full\" srcset=\"https:\/\/conservativenthusiast.com\/wp-content\/uploads\/2021\/11\/Divine-Comedie-726x1024.jpg 726w, https:\/\/conservativenthusiast.com\/wp-content\/uploads\/2021\/11\/Divine-Comedie-480x677.jpg 480w\" sizes=\"(min-width: 0px) and (max-width: 480px) 480px, (min-width: 481px) 726px, 100vw\" \/><\/a><\/figure><div class=\"wp-block-media-text__content\">\n<blockquote class=\"wp-block-quote\"><p><span class=\"has-inline-color has-black-color\"><em><em> &#8211; ALIGHIERI Dante,&nbsp;<em>La Divine Com\u00e9die<\/em>, Cerf, 2021, 29\u20ac <\/em><\/em><\/span><\/p><\/blockquote>\n<\/div><\/div>\n\n\n\n<p><\/p>\n\n\n\n<div class=\"wp-block-media-text alignwide is-stacked-on-mobile\" style=\"grid-template-columns:42% auto\"><figure class=\"wp-block-media-text__media\"><a href=\"https:\/\/www.amazon.fr\/Sagas-Islandaises-Anonymes\/dp\/2070111172\/\"><img decoding=\"async\" width=\"629\" height=\"1024\" src=\"https:\/\/conservativenthusiast.com\/wp-content\/uploads\/2021\/11\/Sagas-Islandaises-629x1024.jpg\" alt=\"\" class=\"wp-image-61445 size-full\" srcset=\"https:\/\/conservativenthusiast.com\/wp-content\/uploads\/2021\/11\/Sagas-Islandaises-629x1024.jpg 629w, https:\/\/conservativenthusiast.com\/wp-content\/uploads\/2021\/11\/Sagas-Islandaises-480x782.jpg 480w\" sizes=\"(min-width: 0px) and (max-width: 480px) 480px, (min-width: 481px) 629px, 100vw\" \/><\/a><\/figure><div class=\"wp-block-media-text__content\">\n<blockquote class=\"wp-block-quote\"><p><span class=\"has-inline-color has-black-color\"><em><em> &#8211; BOYER R\u00e9gis,&nbsp;<em>Sagas Islandaises<\/em>, Gallimard, Pl\u00e9iade, 1987, 79\u20ac <\/em><\/em><\/span><\/p><\/blockquote>\n<\/div><\/div>\n\n\n\n<p><\/p>\n\n\n\n<div class=\"wp-block-media-text alignwide is-stacked-on-mobile\" style=\"grid-template-columns:42% auto\"><figure class=\"wp-block-media-text__media\"><a href=\"https:\/\/www.amazon.fr\/Divine-Com%C3%A9die-Alighieri-Dante\/dp\/2204146501\/\"><img decoding=\"async\" width=\"322\" height=\"500\" src=\"https:\/\/conservativenthusiast.com\/wp-content\/uploads\/2021\/11\/Le-silmarillion.jpg\" alt=\"\" class=\"wp-image-61447 size-full\" srcset=\"https:\/\/conservativenthusiast.com\/wp-content\/uploads\/2021\/11\/Le-silmarillion.jpg 322w, https:\/\/conservativenthusiast.com\/wp-content\/uploads\/2021\/11\/Le-silmarillion-193x300.jpg 193w, https:\/\/conservativenthusiast.com\/wp-content\/uploads\/2021\/11\/Le-silmarillion-8x12.jpg 8w\" sizes=\"(max-width: 322px) 100vw, 322px\" \/><\/a><\/figure><div class=\"wp-block-media-text__content\">\n<blockquote class=\"wp-block-quote\"><p><span class=\"has-inline-color has-black-color\"><em><em> &#8211; TOLKIEN J.R.R.,&nbsp;<em>Le Silmarillion illustr\u00e9<\/em>, Christian Bourgois, 2021, 39,90\u20ac <\/em><\/em><\/span><\/p><\/blockquote>\n<\/div><\/div>\n\n\n\n<p><\/p>\n\n\n\n<div class=\"wp-block-media-text alignwide is-stacked-on-mobile\" style=\"grid-template-columns:42% auto\"><figure class=\"wp-block-media-text__media\"><a href=\"https:\/\/www.amazon.fr\/Moyen-Age-flamboyant-Collectif\/dp\/2364371163\/\"><img decoding=\"async\" width=\"374\" height=\"500\" src=\"https:\/\/conservativenthusiast.com\/wp-content\/uploads\/2021\/11\/Le-moyen-age-flamboyant.jpg\" alt=\"\" class=\"wp-image-61449 size-full\" srcset=\"https:\/\/conservativenthusiast.com\/wp-content\/uploads\/2021\/11\/Le-moyen-age-flamboyant.jpg 374w, https:\/\/conservativenthusiast.com\/wp-content\/uploads\/2021\/11\/Le-moyen-age-flamboyant-224x300.jpg 224w, https:\/\/conservativenthusiast.com\/wp-content\/uploads\/2021\/11\/Le-moyen-age-flamboyant-9x12.jpg 9w\" sizes=\"(max-width: 374px) 100vw, 374px\" \/><\/a><\/figure><div class=\"wp-block-media-text__content\">\n<blockquote class=\"wp-block-quote\"><p><span class=\"has-inline-color has-black-color\"><em><em> &#8211; COLLECTIF,&nbsp;<em>Le Moyen-\u00c2ge&nbsp;flamboyant<\/em>, Diane de Selliers, 2021, 49\u20ac <\/em><\/em><\/span><\/p><\/blockquote>\n<\/div><\/div>\n\n\n\n<p><\/p>\n\n\n\n<div class=\"wp-block-media-text alignwide is-stacked-on-mobile\" style=\"grid-template-columns:42% auto\"><figure class=\"wp-block-media-text__media\"><a href=\"https:\/\/www.amazon.fr\/Rois-monde-Branches-Jean-Philippe-Jaworski\/dp\/2361837382\/\"><img decoding=\"async\" width=\"720\" height=\"1024\" src=\"https:\/\/conservativenthusiast.com\/wp-content\/uploads\/2021\/11\/Rois-du-monde-720x1024.jpg\" alt=\"\" class=\"wp-image-61451 size-full\"\/><\/a><\/figure><div class=\"wp-block-media-text__content\">\n<blockquote class=\"wp-block-quote\"><p><span class=\"has-inline-color has-black-color\"><em><em> &#8211; JAWORSKI Jean-Pihilippe,&nbsp;<em>Rois du monde &#8211; Branches I &amp; II<\/em>, Moutons \u00e9lectriques, 2021, 79\u20ac <\/em><\/em><\/span><\/p><\/blockquote>\n<\/div><\/div>\n\n\n\n<p><\/p>\n\n\n\n<p><\/p>\n\n\n\n<h2 class=\"wp-block-heading\"><span class=\"has-inline-color has-black-color\">Un No<span class=\"has-inline-color has-black-color\"><span class=\"has-inline-color has-black-color\"><span class=\"has-inline-color has-black-color\">\u00eb<\/span><\/span><\/span>l pour construire :<\/span><\/h2>\n\n\n\n<p><br>Avec les \u00e9lites&nbsp;financi\u00e8res&nbsp;et politiques qui vont&nbsp;resserrer de plus en plus le&nbsp;collier, il est&nbsp;n\u00e9cessaire de commencer \u00e0 mettre en place un plan de r\u00e9sistance et \u00e0 trouver des moyens pour d\u00e9pendre de moins en moins de ce&nbsp;syst\u00e8me qui nous \u00e9crase, au risque de vivre une dystopie \u00e0 la&nbsp;<em>1984<\/em>&nbsp;or&nbsp;<em>Le meilleur des monde<\/em>. \u00catre le plus&nbsp;ind\u00e9pendant possible de ce&nbsp;syst\u00e8me, savoir se d\u00e9brouiller et&nbsp;s\u2019\u00e9loigner des grandes villes pour devenir&nbsp;autonome sont des solutions&nbsp;viables&nbsp;d\u00e9velopp\u00e9es en partie dans ces ouvrages.<\/p>\n\n\n\n<p><\/p>\n\n\n\n<div class=\"wp-block-media-text alignwide is-stacked-on-mobile\" style=\"grid-template-columns:42% auto\"><figure class=\"wp-block-media-text__media\"><a href=\"https:\/\/www.amazon.fr\/guide-micro-ferme-familiale-Quitter-campagne\/dp\/2815317761\/\"><img decoding=\"async\" width=\"893\" height=\"1024\" src=\"https:\/\/conservativenthusiast.com\/wp-content\/uploads\/2021\/11\/Guide-micro-ferme-893x1024.jpg\" alt=\"\" class=\"wp-image-61466 size-full\"\/><\/a><\/figure><div class=\"wp-block-media-text__content\">\n<blockquote class=\"wp-block-quote\"><p><span class=\"has-inline-color has-black-color\"><em><em> &#8211; DEDOUET&nbsp;Linda,&nbsp;<em>Le guide de la micro-ferme familiale : Quitter la ville pour la campagne<\/em>, Rustica, 2021, 17,50\u20ac <\/em><\/em><\/span><\/p><\/blockquote>\n<\/div><\/div>\n\n\n\n<p><\/p>\n\n\n\n<div class=\"wp-block-media-text alignwide is-stacked-on-mobile\" style=\"grid-template-columns:42% auto\"><figure class=\"wp-block-media-text__media\"><a href=\"https:\/\/www.amazon.fr\/guide-lauto-suffisance-Justine-LAGACHE\/dp\/2501124790\/\"><img decoding=\"async\" width=\"763\" height=\"1024\" src=\"https:\/\/conservativenthusiast.com\/wp-content\/uploads\/2021\/11\/Guide-auto-suffisance-763x1024.jpg\" alt=\"\" class=\"wp-image-61470 size-full\"\/><\/a><\/figure><div class=\"wp-block-media-text__content\">\n<blockquote class=\"wp-block-quote\"><p><span class=\"has-inline-color has-black-color\"><em><em><em>&#8211;&nbsp;LAGACHE&nbsp;Justine,&nbsp;<em>Le grand guide Marabout de l&#8217;auto-suffisance<\/em>, Marabout, 2019, 29,90\u20ac <\/em><\/em><\/em><\/span><\/p><\/blockquote>\n<\/div><\/div>\n\n\n\n<p><\/p>\n\n\n\n<div class=\"wp-block-media-text alignwide is-stacked-on-mobile\" style=\"grid-template-columns:42% auto\"><figure class=\"wp-block-media-text__media\"><a href=\"https:\/\/www.amazon.fr\/Tout-faire-soi-m%C3%AAme-%C3%A9cologiques-cosm%C3%A9tiques\/dp\/B08BDZ2DCN\/\"><img decoding=\"async\" width=\"782\" height=\"1024\" src=\"https:\/\/conservativenthusiast.com\/wp-content\/uploads\/2021\/11\/Tout-faire-soi-meme-782x1024.jpg\" alt=\"\" class=\"wp-image-61472 size-full\" srcset=\"https:\/\/conservativenthusiast.com\/wp-content\/uploads\/2021\/11\/Tout-faire-soi-meme-782x1024.jpg 782w, https:\/\/conservativenthusiast.com\/wp-content\/uploads\/2021\/11\/Tout-faire-soi-meme-480x628.jpg 480w\" sizes=\"(min-width: 0px) and (max-width: 480px) 480px, (min-width: 481px) 782px, 100vw\" \/><\/a><\/figure><div class=\"wp-block-media-text__content\">\n<blockquote class=\"wp-block-quote\"><p><span class=\"has-inline-color has-black-color\"><em><em> &#8211;&nbsp;VIDALING&nbsp;Rapha\u00eble,&nbsp;<em>Tout faire soi-m\u00eame &#8211; 160 projets DIY \u00e9cologiques et z\u00e9ro d\u00e9chet<\/em>, Tana, 2020, 24,90\u20ac <\/em><\/em><\/span><\/p><\/blockquote>\n<\/div><\/div>\n\n\n\n<p><\/p>\n\n\n\n<div class=\"wp-block-media-text alignwide is-stacked-on-mobile\" style=\"grid-template-columns:42% auto\"><figure class=\"wp-block-media-text__media\"><a href=\"https:\/\/www.amazon.fr\/Gibier-Bruno-Doucet\/dp\/273247682X\/\"><img decoding=\"async\" width=\"810\" height=\"1024\" src=\"https:\/\/conservativenthusiast.com\/wp-content\/uploads\/2021\/11\/Gibier-810x1024.jpg\" alt=\"\" class=\"wp-image-61474 size-full\"\/><\/a><\/figure><div class=\"wp-block-media-text__content\">\n<blockquote class=\"wp-block-quote\"><p><span class=\"has-inline-color has-black-color\"><em><em><em>&#8211;&nbsp;DOUCET Bruno,&nbsp;<em>Gibier<\/em>, &nbsp;La&nbsp;Marini\u00e8re, 2018, 49\u20ac <\/em><\/em><\/em><\/span><\/p><\/blockquote>\n<\/div><\/div>\n\n\n\n<p><\/p>\n\n\n\n<div class=\"wp-block-media-text alignwide is-stacked-on-mobile\" style=\"grid-template-columns:42% auto\"><figure class=\"wp-block-media-text__media\"><a href=\"https:\/\/www.amazon.fr\/bible-secrets-naturopathe-version-Luxe\/dp\/B07RD3GQ7G\/\"><img decoding=\"async\" width=\"1024\" height=\"950\" src=\"https:\/\/conservativenthusiast.com\/wp-content\/uploads\/2021\/11\/Naturopathe-1024x950.jpg\" alt=\"\" class=\"wp-image-61476 size-full\" srcset=\"https:\/\/conservativenthusiast.com\/wp-content\/uploads\/2021\/11\/Naturopathe-1024x950.jpg 1024w, https:\/\/conservativenthusiast.com\/wp-content\/uploads\/2021\/11\/Naturopathe-980x909.jpg 980w, https:\/\/conservativenthusiast.com\/wp-content\/uploads\/2021\/11\/Naturopathe-480x445.jpg 480w\" sizes=\"(min-width: 0px) and (max-width: 480px) 480px, (min-width: 481px) and (max-width: 980px) 980px, (min-width: 981px) 1024px, 100vw\" \/><\/a><\/figure><div class=\"wp-block-media-text__content\">\n<blockquote class=\"wp-block-quote\"><p><span class=\"has-inline-color has-black-color\"><em><em><em>&#8211;&nbsp;LOPEZ Vanessa,&nbsp;<em>Ma bible des secrets de naturopathes<\/em>, LeDuc, 2019, 29,90\u20ac <\/em> <\/em><\/em><\/span><\/p><\/blockquote>\n<\/div><\/div>\n\n\n\n<p><\/p>\n\n\n\n<p><\/p>\n\n\n\n<p class=\"has-text-align-justify\">Si vous souhaitez obtenir d&#8217;autres recommandations TCE, n&#8217;h\u00e9sitez pas \u00e0 nous laisser un commentaire ci-dessous. N&#8217;h\u00e9sitez pas \u00e0 partager cet article pour lui permettre d&#8217;atteindre un maximum de personnes qui cherchent des id\u00e9es de cadeaux. Nous vous en remer\u00e7ions chaudement.<\/p>\n\n\n\n<p><\/p>\n\n\n\n<p><\/p>\n\n\n<div class=\"sabox-plus-item\"><div class=\"saboxplugin-wrap\" itemtype=\"http:\/\/schema.org\/Person\" itemscope itemprop=\"author\"><div class=\"saboxplugin-tab\"><div class=\"saboxplugin-gravatar\"><img decoding=\"async\" src=\"https:\/\/conservativenthusiast.com\/wp-content\/uploads\/2021\/01\/Booky-Mary.jpg\" width=\"100\"  height=\"100\" alt=\"\" itemprop=\"image\"><\/div><div class=\"saboxplugin-authorname\"><a href=\"https:\/\/conservativenthusiast.com\/en\/author\/booky-mary\/\" class=\"vcard author\" rel=\"author\"><span class=\"fn\">Booky Mary<\/span><\/a><\/div><div class=\"saboxplugin-desc\"><div itemprop=\"description\"><\/div><\/div><div class=\"clearfix\"><\/div><div class=\"saboxplugin-socials\"><a title=\"Instagram\" target=\"_blank\" href=\"https:\/\/www.instagram.com\/booky_mary\/\" rel=\"nofollow noopener\" class=\"saboxplugin-icon-grey\"><svg aria-hidden=\"true\" class=\"sab-instagram\" role=\"img\" xmlns=\"http:\/\/www.w3.org\/2000\/svg\" viewbox=\"0 0 448 512\"><path fill=\"currentColor\" d=\"M224.1 141c-63.6 0-114.9 51.3-114.9 114.9s51.3 114.9 114.9 114.9S339 319.5 339 255.9 287.7 141 224.1 141zm0 189.6c-41.1 0-74.7-33.5-74.7-74.7s33.5-74.7 74.7-74.7 74.7 33.5 74.7 74.7-33.6 74.7-74.7 74.7zm146.4-194.3c0 14.9-12 26.8-26.8 26.8-14.9 0-26.8-12-26.8-26.8s12-26.8 26.8-26.8 26.8 12 26.8 26.8zm76.1 27.2c-1.7-35.9-9.9-67.7-36.2-93.9-26.2-26.2-58-34.4-93.9-36.2-37-2.1-147.9-2.1-184.9 0-35.8 1.7-67.6 9.9-93.9 36.1s-34.4 58-36.2 93.9c-2.1 37-2.1 147.9 0 184.9 1.7 35.9 9.9 67.7 36.2 93.9s58 34.4 93.9 36.2c37 2.1 147.9 2.1 184.9 0 35.9-1.7 67.7-9.9 93.9-36.2 26.2-26.2 34.4-58 36.2-93.9 2.1-37 2.1-147.8 0-184.8zM398.8 388c-7.8 19.6-22.9 34.7-42.6 42.6-29.5 11.7-99.5 9-132.1 9s-102.7 2.6-132.1-9c-19.6-7.8-34.7-22.9-42.6-42.6-11.7-29.5-9-99.5-9-132.1s-2.6-102.7 9-132.1c7.8-19.6 22.9-34.7 42.6-42.6 29.5-11.7 99.5-9 132.1-9s102.7-2.6 132.1 9c19.6 7.8 34.7 22.9 42.6 42.6 11.7 29.5 9 99.5 9 132.1s2.7 102.7-9 132.1z\"><\/path><\/svg><\/span><\/a><\/div><\/div><\/div><\/div>\n\n\n<p><\/p>\n\n\n\n<p><\/p>","protected":false},"excerpt":{"rendered":"<p>Comme vous le savez, les f\u00eates de fin d&#8217;ann\u00e9e arrivent et comme chaque ann\u00e9e, il est parfois tr\u00e8s difficile de [&hellip;]<\/p>","protected":false},"author":5,"featured_media":61089,"comment_status":"open","ping_status":"open","sticky":false,"template":"","format":"standard","meta":{"_et_pb_use_builder":"off","_et_pb_old_content":"","_et_gb_content_width":"","_exactmetrics_skip_tracking":false,"_exactmetrics_sitenote_active":false,"_exactmetrics_sitenote_note":"","_exactmetrics_sitenote_category":0,"footnotes":""},"categories":[49],"tags":[568,65,48,646,53],"yoast_head":"<!-- This site is optimized with the Yoast SEO plugin v22.3 - https:\/\/yoast.com\/wordpress\/plugins\/seo\/ -->\n<title>Liste d&#039;id\u00e9es de cadeaux de No\u00ebl - The Conservative Enthusiast<\/title>\n<meta name=\"description\" content=\"\u27bd D\u00e9couvrez nos recommandations pour No\u00ebl sur The Conservative Enthusiast : la plateforme de partage et d&#039;apprentissage des conservateurs.\" \/>\n<meta name=\"robots\" content=\"index, follow, max-snippet:-1, max-image-preview:large, max-video-preview:-1\" \/>\n<link rel=\"canonical\" href=\"https:\/\/conservativenthusiast.com\/en\/liste-didees-de-cadeaux-de-noel\/\" \/>\n<meta property=\"og:locale\" content=\"en_GB\" \/>\n<meta property=\"og:type\" content=\"article\" \/>\n<meta property=\"og:title\" content=\"Liste d&#039;id\u00e9es de cadeaux de No\u00ebl - The Conservative Enthusiast\" \/>\n<meta property=\"og:description\" content=\"\u27bd D\u00e9couvrez nos recommandations pour No\u00ebl sur The Conservative Enthusiast : la plateforme de partage et d&#039;apprentissage des conservateurs.\" \/>\n<meta property=\"og:url\" content=\"https:\/\/conservativenthusiast.com\/en\/liste-didees-de-cadeaux-de-noel\/\" \/>\n<meta property=\"og:site_name\" content=\"The Conservative Enthusiast\" \/>\n<meta property=\"article:published_time\" content=\"2021-11-28T12:03:45+00:00\" \/>\n<meta property=\"article:modified_time\" content=\"2021-11-28T12:03:52+00:00\" \/>\n<meta property=\"og:image\" content=\"https:\/\/conservativenthusiast.com\/wp-content\/uploads\/2021\/11\/Noel-livres.jpg\" \/>\n\t<meta property=\"og:image:width\" content=\"2400\" \/>\n\t<meta property=\"og:image:height\" content=\"1601\" \/>\n\t<meta property=\"og:image:type\" content=\"image\/jpeg\" \/>\n<meta name=\"author\" content=\"Booky Mary\" \/>\n<meta name=\"twitter:card\" content=\"summary_large_image\" \/>\n<meta name=\"twitter:label1\" content=\"Written by\" \/>\n\t<meta name=\"twitter:data1\" content=\"Booky Mary\" \/>\n\t<meta name=\"twitter:label2\" content=\"Estimated reading time\" \/>\n\t<meta name=\"twitter:data2\" content=\"11 minutes\" \/>\n<script type=\"application\/ld+json\" class=\"yoast-schema-graph\">{\"@context\":\"https:\/\/schema.org\",\"@graph\":[{\"@type\":\"Article\",\"@id\":\"https:\/\/conservativenthusiast.com\/liste-didees-de-cadeaux-de-noel\/#article\",\"isPartOf\":{\"@id\":\"https:\/\/conservativenthusiast.com\/liste-didees-de-cadeaux-de-noel\/\"},\"author\":{\"name\":\"Booky Mary\",\"@id\":\"https:\/\/conservativenthusiast.com\/#\/schema\/person\/7567721d6caaf0ef1ebb957cdd7c1ae9\"},\"headline\":\"Liste d&#8217;id\u00e9es de cadeaux de No\u00ebl\",\"datePublished\":\"2021-11-28T12:03:45+00:00\",\"dateModified\":\"2021-11-28T12:03:52+00:00\",\"mainEntityOfPage\":{\"@id\":\"https:\/\/conservativenthusiast.com\/liste-didees-de-cadeaux-de-noel\/\"},\"wordCount\":1142,\"commentCount\":0,\"publisher\":{\"@id\":\"https:\/\/conservativenthusiast.com\/#organization\"},\"image\":{\"@id\":\"https:\/\/conservativenthusiast.com\/liste-didees-de-cadeaux-de-noel\/#primaryimage\"},\"thumbnailUrl\":\"https:\/\/conservativenthusiast.com\/wp-content\/uploads\/2021\/11\/Noel-livres.jpg\",\"keywords\":[\"Booky Mary\",\"Conservatisme\",\"Litt\u00e9rature\",\"Livres No\u00ebl\",\"Recommandation\"],\"articleSection\":[\"Recommandation\"],\"inLanguage\":\"en-GB\",\"potentialAction\":[{\"@type\":\"CommentAction\",\"name\":\"Comment\",\"target\":[\"https:\/\/conservativenthusiast.com\/liste-didees-de-cadeaux-de-noel\/#respond\"]}]},{\"@type\":\"WebPage\",\"@id\":\"https:\/\/conservativenthusiast.com\/liste-didees-de-cadeaux-de-noel\/\",\"url\":\"https:\/\/conservativenthusiast.com\/liste-didees-de-cadeaux-de-noel\/\",\"name\":\"Liste d'id\u00e9es de cadeaux de No\u00ebl - The Conservative Enthusiast\",\"isPartOf\":{\"@id\":\"https:\/\/conservativenthusiast.com\/#website\"},\"primaryImageOfPage\":{\"@id\":\"https:\/\/conservativenthusiast.com\/liste-didees-de-cadeaux-de-noel\/#primaryimage\"},\"image\":{\"@id\":\"https:\/\/conservativenthusiast.com\/liste-didees-de-cadeaux-de-noel\/#primaryimage\"},\"thumbnailUrl\":\"https:\/\/conservativenthusiast.com\/wp-content\/uploads\/2021\/11\/Noel-livres.jpg\",\"datePublished\":\"2021-11-28T12:03:45+00:00\",\"dateModified\":\"2021-11-28T12:03:52+00:00\",\"description\":\"\u27bd D\u00e9couvrez nos recommandations pour No\u00ebl sur The Conservative Enthusiast : la plateforme de partage et d'apprentissage des conservateurs.\",\"breadcrumb\":{\"@id\":\"https:\/\/conservativenthusiast.com\/liste-didees-de-cadeaux-de-noel\/#breadcrumb\"},\"inLanguage\":\"en-GB\",\"potentialAction\":[{\"@type\":\"ReadAction\",\"target\":[\"https:\/\/conservativenthusiast.com\/liste-didees-de-cadeaux-de-noel\/\"]}]},{\"@type\":\"ImageObject\",\"inLanguage\":\"en-GB\",\"@id\":\"https:\/\/conservativenthusiast.com\/liste-didees-de-cadeaux-de-noel\/#primaryimage\",\"url\":\"https:\/\/conservativenthusiast.com\/wp-content\/uploads\/2021\/11\/Noel-livres.jpg\",\"contentUrl\":\"https:\/\/conservativenthusiast.com\/wp-content\/uploads\/2021\/11\/Noel-livres.jpg\",\"width\":2400,\"height\":1601},{\"@type\":\"BreadcrumbList\",\"@id\":\"https:\/\/conservativenthusiast.com\/liste-didees-de-cadeaux-de-noel\/#breadcrumb\",\"itemListElement\":[{\"@type\":\"ListItem\",\"position\":1,\"name\":\"Accueil\",\"item\":\"https:\/\/conservativenthusiast.com\/\"},{\"@type\":\"ListItem\",\"position\":2,\"name\":\"Liste d&#8217;id\u00e9es de cadeaux de No\u00ebl\"}]},{\"@type\":\"WebSite\",\"@id\":\"https:\/\/conservativenthusiast.com\/#website\",\"url\":\"https:\/\/conservativenthusiast.com\/\",\"name\":\"The Conservative Enthusiast\",\"description\":\"La plateforme de r\u00e9information, de partage et d&#039;apprentissage des conservateurs.\",\"publisher\":{\"@id\":\"https:\/\/conservativenthusiast.com\/#organization\"},\"potentialAction\":[{\"@type\":\"SearchAction\",\"target\":{\"@type\":\"EntryPoint\",\"urlTemplate\":\"https:\/\/conservativenthusiast.com\/?s={search_term_string}\"},\"query-input\":\"required name=search_term_string\"}],\"inLanguage\":\"en-GB\"},{\"@type\":\"Organization\",\"@id\":\"https:\/\/conservativenthusiast.com\/#organization\",\"name\":\"The Conservative Enthusiast\",\"url\":\"https:\/\/conservativenthusiast.com\/\",\"logo\":{\"@type\":\"ImageObject\",\"inLanguage\":\"en-GB\",\"@id\":\"https:\/\/conservativenthusiast.com\/#\/schema\/logo\/image\/\",\"url\":\"https:\/\/i0.wp.com\/conservativeenthusiast.com\/wp-content\/uploads\/2020\/06\/LOGO-CE-MINI.png?fit=3867%2C1180&ssl=1\",\"contentUrl\":\"https:\/\/i0.wp.com\/conservativeenthusiast.com\/wp-content\/uploads\/2020\/06\/LOGO-CE-MINI.png?fit=3867%2C1180&ssl=1\",\"width\":3867,\"height\":1180,\"caption\":\"The Conservative Enthusiast\"},\"image\":{\"@id\":\"https:\/\/conservativenthusiast.com\/#\/schema\/logo\/image\/\"}},{\"@type\":\"Person\",\"@id\":\"https:\/\/conservativenthusiast.com\/#\/schema\/person\/7567721d6caaf0ef1ebb957cdd7c1ae9\",\"name\":\"Booky Mary\",\"image\":{\"@type\":\"ImageObject\",\"inLanguage\":\"en-GB\",\"@id\":\"https:\/\/conservativenthusiast.com\/#\/schema\/person\/image\/\",\"url\":\"https:\/\/secure.gravatar.com\/avatar\/0244d58ce1bf23cd29105b55e407f535?s=96&d=mm&r=g\",\"contentUrl\":\"https:\/\/secure.gravatar.com\/avatar\/0244d58ce1bf23cd29105b55e407f535?s=96&d=mm&r=g\",\"caption\":\"Booky Mary\"},\"sameAs\":[\"https:\/\/www.instagram.com\/booky_mary\/\"],\"url\":\"https:\/\/conservativenthusiast.com\/en\/author\/booky-mary\/\"}]}<\/script>\n<!-- \/ Yoast SEO plugin. -->","yoast_head_json":{"title":"Liste d'id\u00e9es de cadeaux de No\u00ebl - The Conservative Enthusiast","description":"\u27bd D\u00e9couvrez nos recommandations pour No\u00ebl sur The Conservative Enthusiast : la plateforme de partage et d'apprentissage des conservateurs.","robots":{"index":"index","follow":"follow","max-snippet":"max-snippet:-1","max-image-preview":"max-image-preview:large","max-video-preview":"max-video-preview:-1"},"canonical":"https:\/\/conservativenthusiast.com\/en\/liste-didees-de-cadeaux-de-noel\/","og_locale":"en_GB","og_type":"article","og_title":"Liste d'id\u00e9es de cadeaux de No\u00ebl - The Conservative Enthusiast","og_description":"\u27bd D\u00e9couvrez nos recommandations pour No\u00ebl sur The Conservative Enthusiast : la plateforme de partage et d'apprentissage des conservateurs.","og_url":"https:\/\/conservativenthusiast.com\/en\/liste-didees-de-cadeaux-de-noel\/","og_site_name":"The Conservative Enthusiast","article_published_time":"2021-11-28T12:03:45+00:00","article_modified_time":"2021-11-28T12:03:52+00:00","og_image":[{"width":2400,"height":1601,"url":"https:\/\/conservativenthusiast.com\/wp-content\/uploads\/2021\/11\/Noel-livres.jpg","type":"image\/jpeg"}],"author":"Booky Mary","twitter_card":"summary_large_image","twitter_misc":{"Written by":"Booky Mary","Estimated reading time":"11 minutes"},"schema":{"@context":"https:\/\/schema.org","@graph":[{"@type":"Article","@id":"https:\/\/conservativenthusiast.com\/liste-didees-de-cadeaux-de-noel\/#article","isPartOf":{"@id":"https:\/\/conservativenthusiast.com\/liste-didees-de-cadeaux-de-noel\/"},"author":{"name":"Booky Mary","@id":"https:\/\/conservativenthusiast.com\/#\/schema\/person\/7567721d6caaf0ef1ebb957cdd7c1ae9"},"headline":"Liste d&#8217;id\u00e9es de cadeaux de No\u00ebl","datePublished":"2021-11-28T12:03:45+00:00","dateModified":"2021-11-28T12:03:52+00:00","mainEntityOfPage":{"@id":"https:\/\/conservativenthusiast.com\/liste-didees-de-cadeaux-de-noel\/"},"wordCount":1142,"commentCount":0,"publisher":{"@id":"https:\/\/conservativenthusiast.com\/#organization"},"image":{"@id":"https:\/\/conservativenthusiast.com\/liste-didees-de-cadeaux-de-noel\/#primaryimage"},"thumbnailUrl":"https:\/\/conservativenthusiast.com\/wp-content\/uploads\/2021\/11\/Noel-livres.jpg","keywords":["Booky Mary","Conservatisme","Litt\u00e9rature","Livres No\u00ebl","Recommandation"],"articleSection":["Recommandation"],"inLanguage":"en-GB","potentialAction":[{"@type":"CommentAction","name":"Comment","target":["https:\/\/conservativenthusiast.com\/liste-didees-de-cadeaux-de-noel\/#respond"]}]},{"@type":"WebPage","@id":"https:\/\/conservativenthusiast.com\/liste-didees-de-cadeaux-de-noel\/","url":"https:\/\/conservativenthusiast.com\/liste-didees-de-cadeaux-de-noel\/","name":"Liste d'id\u00e9es de cadeaux de No\u00ebl - The Conservative Enthusiast","isPartOf":{"@id":"https:\/\/conservativenthusiast.com\/#website"},"primaryImageOfPage":{"@id":"https:\/\/conservativenthusiast.com\/liste-didees-de-cadeaux-de-noel\/#primaryimage"},"image":{"@id":"https:\/\/conservativenthusiast.com\/liste-didees-de-cadeaux-de-noel\/#primaryimage"},"thumbnailUrl":"https:\/\/conservativenthusiast.com\/wp-content\/uploads\/2021\/11\/Noel-livres.jpg","datePublished":"2021-11-28T12:03:45+00:00","dateModified":"2021-11-28T12:03:52+00:00","description":"\u27bd D\u00e9couvrez nos recommandations pour No\u00ebl sur The Conservative Enthusiast : la plateforme de partage et d'apprentissage des conservateurs.","breadcrumb":{"@id":"https:\/\/conservativenthusiast.com\/liste-didees-de-cadeaux-de-noel\/#breadcrumb"},"inLanguage":"en-GB","potentialAction":[{"@type":"ReadAction","target":["https:\/\/conservativenthusiast.com\/liste-didees-de-cadeaux-de-noel\/"]}]},{"@type":"ImageObject","inLanguage":"en-GB","@id":"https:\/\/conservativenthusiast.com\/liste-didees-de-cadeaux-de-noel\/#primaryimage","url":"https:\/\/conservativenthusiast.com\/wp-content\/uploads\/2021\/11\/Noel-livres.jpg","contentUrl":"https:\/\/conservativenthusiast.com\/wp-content\/uploads\/2021\/11\/Noel-livres.jpg","width":2400,"height":1601},{"@type":"BreadcrumbList","@id":"https:\/\/conservativenthusiast.com\/liste-didees-de-cadeaux-de-noel\/#breadcrumb","itemListElement":[{"@type":"ListItem","position":1,"name":"Accueil","item":"https:\/\/conservativenthusiast.com\/"},{"@type":"ListItem","position":2,"name":"Liste d&#8217;id\u00e9es de cadeaux de No\u00ebl"}]},{"@type":"WebSite","@id":"https:\/\/conservativenthusiast.com\/#website","url":"https:\/\/conservativenthusiast.com\/","name":"The Conservative Enthusiast","description":"La plateforme de r\u00e9information, de partage et d&#039;apprentissage des conservateurs.","publisher":{"@id":"https:\/\/conservativenthusiast.com\/#organization"},"potentialAction":[{"@type":"SearchAction","target":{"@type":"EntryPoint","urlTemplate":"https:\/\/conservativenthusiast.com\/?s={search_term_string}"},"query-input":"required name=search_term_string"}],"inLanguage":"en-GB"},{"@type":"Organization","@id":"https:\/\/conservativenthusiast.com\/#organization","name":"The Conservative Enthusiast","url":"https:\/\/conservativenthusiast.com\/","logo":{"@type":"ImageObject","inLanguage":"en-GB","@id":"https:\/\/conservativenthusiast.com\/#\/schema\/logo\/image\/","url":"https:\/\/i0.wp.com\/conservativeenthusiast.com\/wp-content\/uploads\/2020\/06\/LOGO-CE-MINI.png?fit=3867%2C1180&ssl=1","contentUrl":"https:\/\/i0.wp.com\/conservativeenthusiast.com\/wp-content\/uploads\/2020\/06\/LOGO-CE-MINI.png?fit=3867%2C1180&ssl=1","width":3867,"height":1180,"caption":"The Conservative Enthusiast"},"image":{"@id":"https:\/\/conservativenthusiast.com\/#\/schema\/logo\/image\/"}},{"@type":"Person","@id":"https:\/\/conservativenthusiast.com\/#\/schema\/person\/7567721d6caaf0ef1ebb957cdd7c1ae9","name":"Booky Mary","image":{"@type":"ImageObject","inLanguage":"en-GB","@id":"https:\/\/conservativenthusiast.com\/#\/schema\/person\/image\/","url":"https:\/\/secure.gravatar.com\/avatar\/0244d58ce1bf23cd29105b55e407f535?s=96&d=mm&r=g","contentUrl":"https:\/\/secure.gravatar.com\/avatar\/0244d58ce1bf23cd29105b55e407f535?s=96&d=mm&r=g","caption":"Booky Mary"},"sameAs":["https:\/\/www.instagram.com\/booky_mary\/"],"url":"https:\/\/conservativenthusiast.com\/en\/author\/booky-mary\/"}]}},"_links":{"self":[{"href":"https:\/\/conservativenthusiast.com\/en\/wp-json\/wp\/v2\/posts\/61086"}],"collection":[{"href":"https:\/\/conservativenthusiast.com\/en\/wp-json\/wp\/v2\/posts"}],"about":[{"href":"https:\/\/conservativenthusiast.com\/en\/wp-json\/wp\/v2\/types\/post"}],"author":[{"embeddable":true,"href":"https:\/\/conservativenthusiast.com\/en\/wp-json\/wp\/v2\/users\/5"}],"replies":[{"embeddable":true,"href":"https:\/\/conservativenthusiast.com\/en\/wp-json\/wp\/v2\/comments?post=61086"}],"version-history":[{"count":117,"href":"https:\/\/conservativenthusiast.com\/en\/wp-json\/wp\/v2\/posts\/61086\/revisions"}],"predecessor-version":[{"id":61585,"href":"https:\/\/conservativenthusiast.com\/en\/wp-json\/wp\/v2\/posts\/61086\/revisions\/61585"}],"wp:featuredmedia":[{"embeddable":true,"href":"https:\/\/conservativenthusiast.com\/en\/wp-json\/wp\/v2\/media\/61089"}],"wp:attachment":[{"href":"https:\/\/conservativenthusiast.com\/en\/wp-json\/wp\/v2\/media?parent=61086"}],"wp:term":[{"taxonomy":"category","embeddable":true,"href":"https:\/\/conservativenthusiast.com\/en\/wp-json\/wp\/v2\/categories?post=61086"},{"taxonomy":"post_tag","embeddable":true,"href":"https:\/\/conservativenthusiast.com\/en\/wp-json\/wp\/v2\/tags?post=61086"}],"curies":[{"name":"wp","href":"https:\/\/api.w.org\/{rel}","templated":true}]}}