{"id":56704,"date":"2021-10-16T12:02:00","date_gmt":"2021-10-16T10:02:00","guid":{"rendered":"https:\/\/conservativeenthusiast.com\/?p=56704"},"modified":"2021-10-12T20:03:14","modified_gmt":"2021-10-12T18:03:14","slug":"interview-tce-30-terra-bellum","status":"publish","type":"post","link":"https:\/\/conservativenthusiast.com\/en\/interview-tce-30-terra-bellum\/","title":{"rendered":"Interview TCE #30 &#8211; Terra Bellum"},"content":{"rendered":"<h3 class=\"wp-block-heading\"><strong><span class=\"has-inline-color has-black-color\">1- For our readers who don't know you yet, can you present yourself ?<\/span><\/strong><\/h3>\n\n\n\n<p><\/p>\n\n\n\n<p><em>&#8220;Je suis un Fran\u00e7ais de 25 ans, je me sp\u00e9cialise dans la g\u00e9opolitique mais aussi le monde des affaires et les enjeux g\u00e9ostrat\u00e9giques. J\u2019ai co-fond\u00e9 Terra Bellum en 2018, une chaine YouTube qui traite des enjeux humains et du jeu des puissances dans le monde contemporain, la 1<sup>\u00e8re<\/sup> par son audience dans sa cat\u00e9gorie.&#8221;<\/em><\/p>\n\n\n\n<p><\/p>\n\n\n\n<h3 class=\"wp-block-heading\"><strong><span class=\"has-inline-color has-black-color\">2-: <strong><em>Racontez-nous un peu votre jeunesse, d\u2019o\u00f9 venez-vous&nbsp;?<\/em><\/strong><\/span><\/strong> <strong><span class=\"has-inline-color has-black-color\"><strong><em>Quel a \u00e9t\u00e9 votre parcours&nbsp;? Quels sont vos projets d\u00e9j\u00e0 r\u00e9alis\u00e9s et vos succ\u00e8s pass\u00e9s ?<\/em><\/strong><\/span><\/strong><\/h3>\n\n\n\n<p><\/p>\n\n\n\n<p><em>&#8220;Je suis originaire de Bretagne, ou j\u2019ai pass\u00e9 toute ma jeunesse, l\u00e0-bas j\u2019ai effectu\u00e9 une licence en Histoire. C\u2019est une discipline qui m\u2019int\u00e9resse depuis toujours et avec laquelle j\u2019ai appris \u00e0 lire \u00e9tant enfant, d\u2019abord l\u2019histoire de France puis par ruiss\u00e8lement l\u2019histoire de nos voisins et celle du monde.<\/em><\/p>\n\n\n\n<p><em>C\u2019est avec toutes ces heures d\u00e9pens\u00e9es dans l\u2019Histoire que j\u2019ai compris les rapports entre les hommes et les enjeux des puissances. Cela m\u2019a toujours donn\u00e9 le recul n\u00e9cessaire pour analyser et comprendre les probl\u00e9matiques internationales mais aussi lire \u00e0 travers les motivations humaines. Mes lectures ont d\u00e9velopp\u00e9 mon esprit d\u2019analyse et m\u2019ont dissoci\u00e9 de la doxa, domin\u00e9e aujourd\u2019hui par un esprit candide. J\u2019observe le monde diff\u00e9remment de notre temps ou les \u00e9motions prennent le pas sur l\u2019esprit d\u2019analyse et le pragmatisme.<\/em><\/p>\n\n\n\n<p><em>L\u2019Histoire m\u2019a conduit \u00e0 la g\u00e9opolitique. A l\u2019\u00e9poque nous \u00e9tions en pleine crise ukrainienne, la situation se tendait avec la Russie. Les m\u00e9dias ont effectu\u00e9 leur travail pour orienter l\u2019opinion et j\u2019ai tout de suite voulu comprendre les int\u00e9r\u00eats r\u00e9els autour de ce conflit. C\u2019est \u00e0 ce moment-l\u00e0 que j\u2019ai d\u00e9cid\u00e9 de me sp\u00e9cialiser sur la Russie et d\u2019int\u00e9grer le master en affaires russes &amp; postsovi\u00e9tiques \u00e0 Nanterre dirig\u00e9 par l\u2019excellent Jean-Robert Raviot. Apr\u00e8s l\u2019obtention de mon dipl\u00f4me et un bref passage par le minist\u00e8re des arm\u00e9es, j\u2019ai finalement d\u00e9cid\u00e9 de prendre un virage vers la libert\u00e9 en quittant Paris. Je suis arriv\u00e9 en Russie au d\u00e9but de l\u2019ann\u00e9e 2020 ou j\u2019ai ensuite d\u00e9croch\u00e9 un dipl\u00f4me \u00e0 l\u2019Acad\u00e9mie russe de l&#8217;\u00e9conomie nationale.<\/em><\/p>\n\n\n\n<p><em>Pour ceux qui se poseraient la question, oui, le coronavirus ne m\u2019a fait ni chaud ni froid. J\u2019ai \u00e9t\u00e9 le seul avec une poign\u00e9 de fran\u00e7ais \u00e0 rester sur place \u00e0 l\u2019Acad\u00e9mie, tous les \u00e9trangers \u00e9taient partis, volontairement ou sur ordre, c\u2019\u00e9tait un moment tr\u00e8s plaisant ou il y avait quelques fran\u00e7ais et des russes qui faisaient tourner la boutique. Je ne serai dire si c\u2019est le caract\u00e8re breton ou une mise en parall\u00e8le avec l\u2019h\u00e9catombe historique de la Peste de Justinien qui m\u2019a fait relativiser sur le moment. Je suis revenu temporairement en France deux ans apr\u00e8s mon d\u00e9part en Russie, le pays et les Fran\u00e7ais ont drastiquement chang\u00e9 en peu de temps.&#8221;<\/em><\/p>\n\n\n\n<p><\/p>\n\n\n\n<h3 class=\"wp-block-heading\"><strong><span class=\"has-inline-color has-black-color\">3-: Qu&#8217;est-ce qui vous a amen\u00e9 \u00e0 lancer votre projet ? Quelles sont les \u00e9tapes qui vous y ont men\u00e9es ?<\/span><\/strong><\/h3>\n\n\n\n<p><\/p>\n\n\n\n<p><em>&#8220;Concernant ma vie priv\u00e9e, j\u2019ai toujours \u00e9t\u00e9 droit dans mes bottes, franc et direct. A 25 ans, je suis fier de dire que j\u2019ai compl\u00e9t\u00e9 mes projets de vies personnels. C\u2019est important de parler affaire ou de refaire le monde, mais c\u2019est encore plus important de faire ce pourquoi nous existons originellement.<\/em><\/p>\n\n\n\n<p><em>Concernant Terra Bellum, l\u2019offre \u00e9tait inexistante et la demande importante. Quand nous avons lanc\u00e9 Terra Bellum en 2018 sur YouTube, la vulgarisation sur internet avait d\u00e9j\u00e0 pass\u00e9e ses heures de gloires. Cette vulgarisation \u00e9tait uniquement rel\u00e9gu\u00e9e \u00e0 des th\u00e8mes ais\u00e9ment transmissibles comme de petits sujets sur l\u2019histoire ou de la science.<\/em><\/p>\n\n\n\n<p><em>La G\u00e9opolitique en France n\u2019est pas autant d\u00e9velopp\u00e9e que dans le monde germanique ou anglo-saxon, c\u2019est une combinaison de g\u00e9ographie, d\u2019histoire, de politique et d\u2019\u00e9conomie. L\u00e0 o\u00f9 notre tradition acad\u00e9mique et notre esprit fran\u00e7ais tol\u00e8rent mal les disciplines en milles feuilles. La G\u00e9opolitique a aussi \u00e9t\u00e9 taboue en France car elle a \u00e9t\u00e9 un des piliers id\u00e9ologiques des deux derniers Reich Allemands, elle a structur\u00e9 l\u2019Allemagne politiquement et id\u00e9ologiquement. Elle a donn\u00e9e naissance au concept du Lebensraum (l\u2019espace vital nourricier). Du c\u00f4t\u00e9 anglo-saxon elle a guid\u00e9 les volont\u00e9s imp\u00e9rialistes am\u00e9ricaines avec le concept des points pivots sur le globe \u00e0 contr\u00f4ler pour dominer le monde, le Rimland et de Heartland mais aussi avec le Sea Power d\u2019Alfred Mahan qui est la traduction parfaite de l\u2019US Navy contemporaine. \u00a0<\/em><\/p>\n\n\n\n<p><em>En France, Montesquieu au XVIIIe si\u00e8cle avait d\u00e9velopp\u00e9 la th\u00e9orie des climats, selon laquelle le d\u00e9veloppement humain est influenc\u00e9 par son climat. Par la suite au XIXe et jusqu\u2019\u00e0 1945, l\u2019\u00e9cole g\u00e9opolitique fran\u00e7aise a \u00e9t\u00e9 timide, tr\u00e8s structur\u00e9 autour de la g\u00e9ographie en y minimisant la politique, cela a surtout \u00e9t\u00e9 en contestation face \u00e0 la th\u00e9orie allemande. Nous avons pass\u00e9 plus de temps \u00e0 d\u00e9battre qu\u2019\u00e0 proposer un concept r\u00e9el taill\u00e9 pour la France et l\u2019appliquer. Tout le contraire de l\u2019Allemagne et des Etats-Unis. Apr\u00e8s la guerre, Yves Lacoste a repris les r\u00eanes de la g\u00e9opolitique fran\u00e7aise et en est le p\u00e8re contemporain qui l\u2019a d\u00e9mocratis\u00e9, mais sa figure est totalement absente du grand public. Son institut innovant \u00e0 l\u2019\u00e9poque, l\u2019IFG est aujourd\u2019hui adoss\u00e9e \u00e0 Paris VIII et n\u2019est plus que l\u2019ombre d\u2019elle-m\u00eame.<\/em><\/p>\n\n\n\n<p><em>Sur YouTube, les th\u00e9matiques humaines \u00e9taient trait\u00e9s de mani\u00e8res simplistes, infantiles pour ne pas dire na\u00efves. Les Fran\u00e7ais ont toujours eu ce complexe d\u2019\u00e9noncer les choses comme elles sont et d\u2019aller au bout de leurs analyses. Nous avons voulu \u00e0 travers notre chaine exposer la froideur du monde et un pragmatisme assum\u00e9, au bout du chemin il y une victoire ou une d\u00e9faite. Nous \u00e9voquons aussi des th\u00e8mes porteurs comme le monde \u00e9mergent, l\u2019Arctique ou encore l\u2019Asie, des sujets qui mettent du temps \u00e0 arriver en France car nous sommes tr\u00e8s centr\u00e9s sur nous-m\u00eame. Notre audience croissante et la multiplication des sujets g\u00e9opolitiques sont encourageantes pour l\u2019avenir. C\u2019est aussi un plaisir de voir que la discipline se d\u00e9mocratise parmi le public fran\u00e7ais, que ce soient des initiatives individuelles ou dans de grands m\u00e9dias.&#8221;<\/em><\/p>\n\n\n\n<p class=\"has-text-align-justify\"><\/p>\n\n\n\n<h3 class=\"wp-block-heading\"><strong><span class=\"has-inline-color has-black-color\">4-: <strong><strong>Can you explain to us more in details what are your projects about<\/strong><\/strong><\/span><\/strong><span class=\"has-inline-color has-black-color\"><strong>and why are you doing what you're doing ?<\/strong><\/span><\/h3>\n\n\n\n<p><\/p>\n\n\n\n<p><em>&#8220;Notre objectif est de faire ce que l\u2019\u00e9ducation et la soci\u00e9t\u00e9\u00a0ne font plus, \u00e0 savoir donner une vision d\u2019ensemble sur le monde, expliquer la r\u00e9alit\u00e9 des relations inter-\u00e9tats et renouer avec une vision r\u00e9aliste du monde construite depuis la France. La chaine se r\u00e9sume en une phrase \u201cLes \u00e9tats n&#8217;ont pas d&#8217;amis, ils n&#8217;ont que des int\u00e9r\u00eats.\u201d comme disait De Gaulle.<\/em><\/p>\n\n\n\n<p><em>Nos vid\u00e9os sont utilis\u00e9s dans les \u00e9coles de nos arm\u00e9es et les \u00e9tablissements ou universit\u00e9s qui poss\u00e8dent un module g\u00e9opolitique. Ces donc dires si elles sont plus qualitatives que les \u0153uvres de Nathan ou Hatier alors que nous n\u2019avons pas les m\u00eames moyens. En r\u00e9alit\u00e9, personne ne souhaite recevoir la sauce aseptis\u00e9e des programmes scolaires. Nous offrons du panache dans nos analyse et distribuons des vol\u00e9es de r\u00e9alisme dans un ton tr\u00e8s calme ce qui est peu commun aujourd\u2019hui. Ce qui est int\u00e9ressant c\u2019est que nous avons fait cette chaine sans rechercher \u00e0 pl\u00e9bisciter ou conforter le public. Pour une grande majorit\u00e9 cela ne pose pas de probl\u00e8me et ils en redemandent, peu importe leur bord politique, ce qui est tr\u00e8s encourageant.<\/em><\/p>\n\n\n\n<p><em>Inversement nous avons aussi quelques commentaires amusants ou des menaces de temps \u00e0 autres. Mais vous remarquerez que Terra Bellum n\u2019est pas une chaine YouTube personnifi\u00e9e et nous y tenons, c\u2019est avant tout une id\u00e9e du monde transmise \u00e0 travers une chaine. Que ce soit moi, mon coll\u00e8gue ou des r\u00e9dacteurs qui comprennent notre ligne \u00e9ditoriale, Terra Bellum continue sa mission et nous survivra sans doute si nous prenons les bonnes d\u00e9cisions. J\u2019aime ce que je fais et ce que Terra Bellum devient, \u00e0 terme la chaine va continuer \u00e0 se d\u00e9velopper et croitre naturellement avec du nouveau contenu, peut \u00eatre allons-nous devenir un m\u00e9dia ou une forme de think tank, ou les deux. De mon c\u00f4t\u00e9, j\u2019ai \u00e0 c\u0153ur de faire des actions concr\u00e8tes \u00e0 l\u2019avenir et de peser dans tout ce que nous \u00e9voquons sur notre chaine.&#8221;<\/em><\/p>\n\n\n\n<p><\/p>\n\n\n\n<h3 class=\"wp-block-heading\"><strong><span class=\"has-inline-color has-black-color\">5-: <\/span><\/strong><span class=\"has-inline-color has-black-color\"><strong>What are your main sources of inspiration ? Who or what have had a big influence on you ?<\/strong><\/span><\/h3>\n\n\n\n<p><\/p>\n\n\n\n<p><em>&#8220;Nous avons \u00e9tudi\u00e9 les chaines YouTube anglophones car elles ont un temps d\u2019avance. Leur miniatures, leur format, leur dur\u00e9e, leur th\u00e9matique etc. Cela pour ensuite construire notre propre identit\u00e9, il s\u2019agit de chaines comme Caspian Report ou Wendover Productions.<\/em><\/p>\n\n\n\n<p><em>C\u2019est ce que je recommanderai \u00e0 ceux qui veulent lancer une chaine th\u00e9matique, regardez ce qui se fait dans la sph\u00e8re anglophone, ils font de tout, que ce soit du tir, du vloging ou de la pr\u00e9sentation de sac \u00e0 main et de la petite lingerie. Dans un th\u00e8me plus l\u00e9ger que la g\u00e9opolitique, le Joueur du Grenier s\u2019est par exemple inspir\u00e9 de The Angry Video Game Nerd, il a ensuite construit sa propre identit\u00e9 avec son exp\u00e9rience et avec le temps \u00e0 m\u00eame mieux \u00e9volu\u00e9 que son homologue am\u00e9ricain qui fait toujours les m\u00eames choses. De m\u00eame, Terra Bellum propose un panel de contenus plus int\u00e9ressants maintenant que Caspian Report, nous avons nos entretiens avec Geopragma, notre podcast pour les membres qui ont rejoint la chaine et m\u00eame quelques vid\u00e9os de commentaires. Caspian Report lui est toujours rest\u00e9 sur le m\u00eame format et n\u2019a pas \u00e9volu\u00e9 depuis 11 ans, peut-\u00eatre parce que le public international est moins exigeant.&#8221;<\/em><\/p>\n\n\n\n<p class=\"has-text-align-justify\"><\/p>\n\n\n\n<h3 class=\"wp-block-heading\"><span class=\"has-inline-color has-black-color\"><strong>6-: Qu&#8217;est ce que le conservatisme selon vous ? Et pensez-vous qu&#8217;il est important aujourd&#8217;hui ?<\/strong><\/span><\/h3>\n\n\n\n<p><\/p>\n\n\n\n<p><em>&#8220;Le conservatisme n\u2019est pas un parti, cela peut \u00eatre un mode de vie. Je m\u2019inspire de Roger Scruton en disant que ni le socialisme ni le lib\u00e9ralisme ne peuvent accepter la complexit\u00e9 r\u00e9elle de la soci\u00e9t\u00e9 humaine, tous les deux d\u00e9tournent l\u2019attention de ce qui est r\u00e9el vers un id\u00e9al. Or le conservatisme tend \u00e0 renouer avec le r\u00e9el et par cons\u00e9quent notre tradition mais aussi une vision pragmatique du monde. C\u2019est le seul et unique adversaire du progressisme \u00e0 outrance dans ce qu\u2019il a de plus d\u00e9lirant, par cons\u00e9quent le conservatisme se pose souvent en r\u00e9action \u00e0 quelque chose.<\/em><\/p>\n\n\n\n<p><em>Je suis persuad\u00e9 que dans le monde actuel nous sommes \u00e0 la recherche du r\u00e9el, il est temps pour le conservatisme de proposer et d\u2019entrer dans l\u2019action dans ce XXIe si\u00e8cle qui annonce plusieurs tournants g\u00e9opolitiques. Nous ne devons pas vivre dans la nostalgie du pass\u00e9, il faut construire et b\u00e2tir le futur et enfin avoir un temps d\u2019avance sur le progressisme.&#8221;<\/em><\/p>\n\n\n\n<p><\/p>\n\n\n\n<h3 class=\"wp-block-heading\"><span class=\"has-inline-color has-black-color\"><strong>7-: <strong>Que pensez-vous du contexte actuel de la soci\u00e9t\u00e9 en Europe ? Et \u00e0 l&#8217;\u00e9chelle du monde ?<\/strong><\/strong><\/span><\/h3>\n\n\n\n<p><\/p>\n\n\n\n<p><em>&#8220;La soci\u00e9t\u00e9 occidentale s\u2019est \u00e9loign\u00e9e du r\u00e9el, elle s\u2019est constitu\u00e9 une bulle de protection pour masquer le monde ext\u00e9rieur. Nous ne voulons aussi plus voir la r\u00e9alit\u00e9 de notre histoire ou en dehors de nos pays, d\u2019un c\u00f4t\u00e9 nous nous fermons la porte \u00e0 des opportunit\u00e9s et de l\u2019autre nous ignorons les menaces qui se forment. Nous sommes d\u00e9connect\u00e9s du monde. La pauvret\u00e9, la maladie, la migration ou la guerre sont devenus des sujets aussi tabous que l\u2019\u00e9taient le ch\u00f4mage en URSS. A force de masquer la r\u00e9alit\u00e9 on n\u2019en oublie que la soci\u00e9t\u00e9 peut \u00eatre gouvern\u00e9e par des imb\u00e9ciles.<\/em><\/p>\n\n\n\n<p><em>Nous pr\u00e9tendons \u00eatres des puissances mais nous n\u2019agissons plus en puissance car cela implique des responsabilit\u00e9s que nous ne voulons plus assumer. Par exemple il faudrait faire la guerre sans perdre un seul homme, lutter contre la pauvret\u00e9 en accueillant toute la mis\u00e8re du monde ou prot\u00e9ger nos int\u00e9r\u00eats depuis une conf\u00e9rence Zoom de l\u2019Elys\u00e9e. Je ne bl\u00e2me pas n\u00e9cessairement nos dirigeants car c\u2019est un \u00e9tat d\u2019esprit qui d\u00e9crit bien notre soci\u00e9t\u00e9 actuelle et que l\u2019on retrouve partout, nous avons les politiciens que l\u2019on m\u00e9rite.\u00a0<\/em><\/p>\n\n\n\n<p><em>Dans notre soci\u00e9t\u00e9, nous craignons l\u2019engagement et la confrontation. L\u2019Etat craint de s\u2019engager face \u00e0 d\u2019autres puissances et le citoyen craint de s\u2019engager face \u00e0 l\u2019Etat. R\u00e9trospectivement, c\u2019est incroyable de voir que nous arrivons \u00e0 un point o\u00f9 Il y avait une vie politique et des enjeux plus riches sous la Monarchie que sous ce qu\u2019est devenu la R\u00e9publique qui est cens\u00e9 \u00eatre la repr\u00e9sentation du peuple. \u00a0<\/em><\/p>\n\n\n\n<p><em>Aussi, dans la vie de tous les jours, l\u2019individu ne veut plus s\u2019engager dans sa vie sentimentale, il craint de se confronter \u00e0 son sup\u00e9rieur et il ne s\u2019engage m\u00eame plus pour r\u00e9ussir sa propre vie. Vous savez, en deux ans Russie j\u2019ai fait ce que certains n\u2019arrivent jamais \u00e0 faire au bout de toute une vie en France. En Russie les engagements ont un sens, quand on s\u2019engage il n\u2019y a plus de retour en arri\u00e8re, qu\u2019on le veuille ou non. Cette r\u00e9alit\u00e9 \u00e0 la vie et ce gout du risque nous l\u2019avons perdu en France et dans nos soci\u00e9t\u00e9s surprotectrices, c\u2019est pourtant cela qui a fait de la France la France.<\/em><\/p>\n\n\n\n<p><em>L\u2019occidental a trop de chose \u00e0 perdre au XXIe si\u00e8cle pour se lancer corps et \u00e2me dans de nouvelles luttes, le confort et l\u2019h\u00e9donisme sont rois. Peu importe notre niveau social. L\u2019\u00e9tat nous cajole mais il nous puni aussi s\u00e9v\u00e8rement ou nous exclut si nous n\u2019allons pas dans son sens.<\/em><\/p>\n\n\n\n<p><em>A l\u2019\u00e9chelle du monde, nous avons heureusement, dans le cas de la France, notre histoire qui effectue le travail \u00e0 notre place, nous ne sommes pas arriv\u00e9s au classement des puissances mondiales par hasard. La continuit\u00e9 de notre histoire est \u00e0 port\u00e9e de main, il ne tient qu\u2019\u00e0 nous de la saisir. C\u2019est un travail individuel avant d\u2019\u00eatre collectif, la politique et la soci\u00e9t\u00e9 sont toujours \u00e0 l\u2019image du peuple qui les composent. Je finirai avec cette image de Jordan Peterson &amp; son fameux conseil de ranger sa chambre avant de s\u2019atteler au reste.&#8221;<\/em><\/p>\n\n\n\n<p><\/p>\n\n\n\n<h3 class=\"wp-block-heading\"><span class=\"has-inline-color has-black-color\"><strong>8-: If you had to give 5 elements that every French person should seriously work on at the individual level, what would they be?<\/strong><\/span><\/h3>\n\n\n\n<p><\/p>\n\n\n\n<ol type=\"1\"><li>Le Temps, car c\u2019est la seule chose que tout le monde poss\u00e8de sans distinction et la plus pr\u00e9cieuse qui soit.<\/li><li>La Famille, car c\u2019est ce qui subviendra de nous tous et c\u2019est m\u00eame la raison d\u2019\u00eatre de l\u2019\u00eatre humain, la famille c\u2019est la continuit\u00e9 du peuple et de la nation.<\/li><li>L\u2019Education, car \u00eatre un million de barbares vaut moins que d\u2019\u00eatre 500\u00a0000 citoyens form\u00e9s, instruits et capables.<\/li><li>L\u2019Argent, le nerf de la guerre, qui donne du temps, de l\u2019autonomie, permet de subvenir \u00e0 sa famille et \u00e0 son \u00e9ducation.<\/li><li>La Politique, pour structurer la soci\u00e9t\u00e9, se prot\u00e9ger et progresser<\/li><\/ol>\n\n\n\n<p>C\u2019est une vision antique gr\u00e9co-romaine, mais dans le temps, l\u2019homme reste l\u2019homme, si nous en parlons encore plus de 2000 ans apr\u00e8s, ce sont l\u00e0 des valeurs sures croyez-moi.<\/p>\n\n\n\n<p><\/p>\n\n\n\n<h3 class=\"wp-block-heading\"><span class=\"has-inline-color has-black-color\"><strong>9-: Can you share with us your feelings about today's youth?<\/strong><\/span><\/h3>\n\n\n\n<p><\/p>\n\n\n\n<p>&#8220;La jeunesse que je connais est pleine d\u2019avenir, ont davantage les pieds sur terre contrairement \u00e0 leurs ain\u00e9es car nous traversons une p\u00e9riode plus difficile. Ils sont surtout pr\u00eats \u00e0 en d\u00e9coudre. Ils essayent de comprendre, de remettre en question et d\u2019ouvrir le d\u00e9bat. Ils sont beaucoup plus pragmatiques et l\u2019on peut largement s\u2019attendre \u00e0 un sursaut des consciences qui va balayer la g\u00e9n\u00e9ration de mai 68 qui a fait des ravages en France.<\/p>\n\n\n\n<p>Cela on le doit \u00e0 internet et la d\u00e9mocratisation des contenus num\u00e9riques. Il faut voir le bon c\u00f4t\u00e9 des choses. Internet, ce n\u2019est pas que de l\u2019anesth\u00e9sie g\u00e9n\u00e9ral devant des personnalit\u00e9s et des programmes inutiles ou du TikTok\/instagram avec des n\u00e9o-escorts en ligne \u00e0 tous les coins de page.&#8221;<\/p>\n\n\n\n<p><\/p>\n\n\n\n<h3 class=\"wp-block-heading\"><span class=\"has-inline-color has-black-color\"><strong>10-:<\/strong> <strong><strong>Beaucoup de jeunes fran\u00e7ais cherchent \u00e0 renouer avec leur h\u00e9ritage, quel est le meilleur moyen selon vous d&#8217;y parvenir ?<\/strong><\/strong><\/span><\/h3>\n\n\n\n<p><\/p>\n\n\n\n<p>&#8220;Utilisez votre temps \u00e0 bon escient, ne perdez pas ce temps avec des personnes inutiles ou d\u00e9connect\u00e9s de la r\u00e9alit\u00e9 et de ce que vous recherchez (ici renouer avec votre h\u00e9ritage). Lisez des \u0153uvres historiques qui vous tiennent \u00e0 c\u0153ur, \u00e7a peut \u00eatre sur votre r\u00e9gion, votre ville, votre pays, un membre de votre famille qui a particip\u00e9 \u00e0 un \u00e9v\u00e8nement. Vous allez ensuite naturellement rechercher des informations connexes et vous construire une culture.<\/p>\n\n\n\n<p>Je privil\u00e9gie l\u2019\u00e9coute d\u2019une bonne musique classique ou baroque dans le m\u00eame temps ce qui vous permettra aussi de vous cr\u00e9er une culture musicale tout en lisant. Si vous le souhaitez, joignez-y un verre d\u2019alcool pendant la lecture, un bon armagnac, du cognac ou du vin. Rien qu\u2019en faisant cela vous travailler sur trois th\u00e9matiques.<\/p>\n\n\n\n<p>Ensuite visitez, partagez, d\u00e9placez-vous et regroupez-vous, le patrimoine culturel en France est extr\u00eamement riche. Profitez-en par exemple pour former une association ou un groupe r\u00e9gional qui vise \u00e0 restaurer ou visiter des lieux, discuter et s\u2019instruire. On ne se sent jamais aussi proche de son histoire quand y mettant les pieds physiquement. C\u2019est aussi important de faire des actions concr\u00e8tes.&#8221;<\/p>\n\n\n\n<p><\/p>\n\n\n\n<h3 class=\"wp-block-heading\"><span class=\"has-inline-color has-black-color\"><strong>11-:<\/strong> <strong><strong>Quels sont les principaux dangers qui menacent la civilisation europ\u00e9enne selon vous ?<\/strong><\/strong><\/span><\/h3>\n\n\n\n<p><\/p>\n\n\n\n<p>&#8220;Une civilisation se d\u00e9truit rarement depuis l\u2019ext\u00e9rieur, le probl\u00e8me \u00e0 la racine est interne et d\u00e9coulent de mauvaises d\u00e9cisions. Le probl\u00e8me est politique, les Fran\u00e7ais comme les europ\u00e9ens sont leurs propres fossoyeurs. J\u2019ajouterai m\u00eame qu\u2019ils \u00e9lisent leurs propres fossoyeurs.<\/p>\n\n\n\n<p>La politique est devenue une carri\u00e8re et a perdu de son sens, il sera n\u00e9cessaire de changer l\u2019ensemble du corps politique l\u00e9gislatif, ex\u00e9cutif voir m\u00eame judiciaire. Dans une soci\u00e9t\u00e9 id\u00e9ale, le politicien n\u2019est pas un carri\u00e9riste, c\u2019est un individu m\u00fbr qui a fait ses preuves et qui maitrise les quatre premiers points que j\u2019ai \u00e9voqu\u00e9 plus haut avant d\u2019acc\u00e9der \u00e0 la politique.<\/p>\n\n\n\n<p>Vous remarquerez qu\u2019aujourd\u2019hui nous avons des politiciens qui prennent des d\u00e9cisions pour un peuple mais qui n\u2019ont pas de famille, pas de travail si ce n\u2019est la rente qu\u2019ils tirent de l\u2019imp\u00f4t et une \u00e9ducation m\u00e9diocre avec la baisse du niveau des \u00e9coles.&#8221;<\/p>\n\n\n\n<p><\/p>\n\n\n\n<h3 class=\"wp-block-heading\"><span class=\"has-inline-color has-black-color\"><strong>12-:<\/strong> <strong><strong>Quels seraient les principaux espoirs et leviers qui permettraient de surpasser ces menaces ?<\/strong><\/strong><\/span><\/h3>\n\n\n\n<p><\/p>\n\n\n\n<p><em>&#8220;Je pense que j\u2019ai d\u00e9j\u00e0 fait le tour de cette question. J\u2019ajouterai qu\u2019il est n\u00e9cessaire de renouer avec la r\u00e9alit\u00e9 pour identifier les menaces, les neutraliser et interagir avec le monde qui nous entoure.&#8221;<\/em><\/p>\n\n\n\n<p><\/p>\n\n\n\n<h3 class=\"wp-block-heading\"><span class=\"has-inline-color has-black-color\"><strong>13-:<\/strong> <strong>What are the personalities, authors, initiatives or organizations that seem worthy of interest today in your opinion?<\/strong><\/span><\/h3>\n\n\n\n<p><\/p>\n\n\n\n<p><em>&#8220;Roger Scruton, d\u00e9c\u00e9d\u00e9 il y a peu et dont j\u2019appr\u00e9cie beaucoup les travaux sur le conservatisme \u00e0 notre \u00e9poque contemporaine. Il \u00e9nonce aussi l\u2019importance de l\u2019esth\u00e9tique, de la musique et de l\u2019architecture classique qui font (et d\u00e9font) une civilisation. Dans ses ouvrages, Scruton n\u2019expose pas uniquement la pens\u00e9e conservatrice. Il la vit au quotidien \u00e0 son \u00e9poque. C\u2019est ce qui manque au camp conservateur (terme d\u2019ailleurs m\u00e9connu en France), il faut proposer un avenir et un futur, \u00eatre dans l\u2019action et non dans la r\u00e9action. \u00a0\u00a0<\/em><\/p>\n\n\n\n<p><em>Ensuite, je vais aller \u00e0 l\u2019essentiel en restant dans la sph\u00e8re num\u00e9rique car c\u2019est celle de Terra bellum\u00a0: Dans le format \u00ab\u00a0intello\u00a0\u00bb je citerai 7 jours sur Terre et l\u2019Institut des Libert\u00e9s, les deux proposent un excellent travail de r\u00e9flexion qui compl\u00e8te parfaitement notre chaine. J\u2019appr\u00e9cie aussi beaucoup le travail de M Jacomet dans ses Discussions Sartoriales (disponible aussi en anglais), l\u2019esth\u00e9tique et le bon gout ont leur importance.<\/em><\/p>\n\n\n\n<p><em>Aussi, nous avons la chance d\u2019avoir \u00e9norm\u00e9ment de personnalit\u00e9s qui parlent \u00e0 beaucoup de personnes diff\u00e9rentes et qui remplissent diff\u00e9rents objectifs\u00a0: Je pense notamment aux figures de Papacito ou Baptiste qui ont une approchent assum\u00e9e tr\u00e8s directe voir \u00ab\u00a0beauf\u00a0\u00bb et peuvent faire des erreurs et approximations mais leurs vid\u00e9os ont une \u00e2me.\u00a0Ces gens, je le vois autour de moi, parlent \u00e0 \u00e9norm\u00e9ment de monde dans la France dont je suis issu, la France ouvri\u00e8re, rurale et la classe moyenne. Code Reinho est aussi tr\u00e8s int\u00e9ressant et contrairement \u00e0 ce que certains pensent, il prend en r\u00e9alit\u00e9 beaucoup de pincette dans ces propos et responsabilise \u00e9norm\u00e9ment sur les armes \u00e0 feu.<\/em><\/p>\n\n\n\n<p><em>Tourn\u00e9 vers l\u2019\u00e9tranger il y a ceux que vous avez invit\u00e9 dans votre m\u00e9dia, Conversano, Kublai mais aussi Jean-Marie Corda, on appr\u00e9cie ou pas, mais ils proposent des solutions concr\u00e8tent qui peuvent parler \u00e0 certains dans notre soci\u00e9t\u00e9 actuelle.<\/em><\/p>\n\n\n\n<p><em>Je trouve aussi les entretiens de Thinkerview ou du Livre Noir tr\u00e8s enrichissants. Il y a encore des tas d\u2019autres personnalit\u00e9s que je pourrai citer, Mister Geopolitix pour ses reportages, Le Raptor avec son nouveau format plus pos\u00e9, Sub Brief (ENG) un ancien sous-marinier de l\u2019US Navy, Serpentza (ENG) qui ouvre les yeux sur la Chine, Ben Shapiro (ENG) et sa r\u00e9partie l\u00e9gendaire etc. En \u00e9tant r\u00e9aliste, j\u2019admire aussi beaucoup le business model d\u2019une chaine comme Nota Bene ou encore celui d\u2019Hugo D\u00e9crypte. On tend \u00e0 dissocier chaque personnalit\u00e9, \u00e0 les diviser en camps politiques et elles-m\u00eames s\u2019entrechoquent parfois. N\u2019oubliez pas que factuellement ils r\u00e9pondent tous \u00e0 des besoins diff\u00e9rents, sinon ils ne seraient tout simplement plus pr\u00e9sents.&#8221;<\/em><\/p>\n\n\n\n<p><\/p>\n\n\n\n<h3 class=\"wp-block-heading\"><span class=\"has-inline-color has-black-color\"><strong>14-:<\/strong> <strong>Y a t-il un sujet qui vous para\u00eet d\u00e9laiss\u00e9 aujourd&#8217;hui ou que vous consid\u00e9rez ne pas voir suffisamment dans les m\u00e9dias ou le d\u00e9bat public ?<\/strong><\/span><\/h3>\n\n\n\n<p><\/p>\n\n\n\n<p><em>&#8220;Oui, celui de penser ou repenser la politique au XXIe si\u00e8cle. Nos institutions et notre fonctionnement politique semblent \u00eatre totalement acquis et ne devraient jamais \u00eatre remis en cause. Pourtant il serait temps de changer, ou la classe politique, ou le syst\u00e8me politique.<\/em><\/p>\n\n\n\n<p><em>J\u2019admire la figure de De Gaulle, son combat pour redonner une place \u00e0 la France et les fondements de la Ve R\u00e9publique. Mais ils ne sont plus adapt\u00e9s \u00e0 nos politiciens actuels. La Ve repose sur une figure forte pl\u00e9biscit\u00e9e par le peuple et non pas sur un groupe de fonctionnaires et d\u2019\u00e9narques comme aujourd\u2019hui. La Politique est \u00e0 voir comme une mission et non un travail.&#8221;<\/em><\/p>\n\n\n\n<p><\/p>\n\n\n\n<h3 class=\"wp-block-heading\"><span class=\"has-inline-color has-black-color\"><strong>15-: <\/strong><\/span><strong><span class=\"has-inline-color has-black-color\">Can you give us a book, a movie and a music that you think represent you, or that you care about?<\/span><\/strong><\/h3>\n\n\n\n<p><\/p>\n\n\n\n<p><strong><em>Histoire v\u00e9ridique de la conqu\u00eate de la Nouvelle-Espagne<\/em><\/strong><strong> du conquistador Bernal D\u00edaz del Castillo (XVIe si\u00e8cle).<\/strong><\/p>\n\n\n\n<p><em>Je parlais de l\u2019engagement pr\u00e9c\u00e9demment, Bernal Diaz est un conquistador qui s\u2019est engag\u00e9 comme ses cong\u00e9n\u00e8res dans une aventure exceptionnelle que plus aucun homme ne pourra vivre. Le livre est \u00e0 voir plus comme un roman que comme une source historique pr\u00e9cise sur la conqu\u00eate de l\u2019Empire Azt\u00e8que. J\u2019ai toujours admir\u00e9 l\u2019\u00e9pop\u00e9e des conquistadors car elle est pleine de contraste et d\u2019une dure r\u00e9alit\u00e9, pour le meilleur et pour le pire.<\/em><\/p>\n\n\n\n<p><\/p>\n\n\n\n<p><strong><em>Excalibur<\/em><\/strong><strong> (1981), la meilleure adaptation cin\u00e9matographique de la l\u00e9gende arthurienne.<\/strong><\/p>\n\n\n\n<p><em>Tout y est repr\u00e9sent\u00e9 \u00e0 merveille, le p\u00e9ch\u00e9, la r\u00e9demption, la chevalerie ou encore la justice. C\u2019est une bonne introduction \u00e0 l\u2019arthurianisme, qui est un sujet tr\u00e8s complexe ayant model\u00e9 notre soci\u00e9t\u00e9 m\u00e9di\u00e9vale et qui fait partie de notre patrimoine depuis le VIe si\u00e8cle. Bien s\u00fbr, c\u2019est aussi \u00e0 lier avec mes origines profondes entre la Bretagne armoricaine et le Pays-de-Galles.<\/em><\/p>\n\n\n\n<p><\/p>\n\n\n\n<p><strong>Le Prologue de l\u2019Op\u00e9ra Isis par Jean-Baptiste Lully (1677).<\/strong><\/p>\n\n\n\n<p>Le classicisme fran\u00e7ais dans toute sa splendeur, arrogant, magnifi\u00e9, ambitieux et rayonnant sur l\u2019Europe. Cette \u0153uvre appartient au Grand Si\u00e8cle, il fallait bien que je cite ma p\u00e9riode historique favorite quelque part.<\/p>\n\n\n\n<p><\/p>\n\n\n\n<h3 class=\"wp-block-heading\"><span class=\"has-inline-color has-black-color\"><strong>16-: <strong><strong>What do you think you can bring to someone who is just discovering you?<\/strong><\/strong><\/strong><\/span><\/h3>\n\n\n\n<p><\/p>\n\n\n\n<p>&#8220;<em>Des clefs de compr\u00e9hension sur le monde qui nous entoure, les rapports de forces et la place des puissances. Plus de faits que d\u2019\u00e9motions<\/em>.&#8221;<\/p>\n\n\n\n<p><\/p>\n\n\n\n<h3 class=\"wp-block-heading\"><strong><span class=\"has-inline-color has-black-color\">17-: <strong>Quels sont vos projets \u00e0 l&#8217;avenir ? Dans les prochaines semaines et mois, \u00e0 court terme, mais \u00e9galement votre vision \u00e0 long terme<\/strong><\/span><\/strong>.<\/h3>\n\n\n\n<p><\/p>\n\n\n\n<p><em>&#8220;Concernant Terra Bellum, nous allons poursuivre notre d\u00e9marche avec plus de contenus en \u00e9voluant pour atteindre nos concurrents directs qui font un tr\u00e8s bon travail\u00a0: Le Dessous des Cartes d\u2019Arte et Geopolitis de la RTS. On parle l\u00e0 de deux chaines subventionn\u00e9es, nous avons encore du travail bien que nos audiences se valent sur YouTube en termes de taille. Ce qui est d\u00e9j\u00e0 une belle r\u00e9ussite. Me concernant, j\u2019attends avec impatience notre entretien qui arrivera en podcast et je pense \u00eatre invit\u00e9 dans d\u2019autres \u00e9missions. J\u2019ai aussi d\u2019autres projets personnels.&#8221;<\/em><\/p>\n\n\n\n<p><\/p>\n\n\n\n<h3 class=\"wp-block-heading\"><strong><span class=\"has-inline-color has-black-color\">18-: <strong><strong>O\u00f9 peut-on vous suivre ? Sur quel m\u00e9dia ou r\u00e9seau \u00eates-vous le plus actif ?<\/strong><\/strong><\/span><\/strong><\/h3>\n\n\n\n<p><\/p>\n\n\n\n<p>Principalement notre chaine <a href=\"https:\/\/www.youtube.com\/c\/TerraBellum\/videos\" target=\"_blank\" rel=\"noreferrer noopener\">YouTube<\/a>, notre <a href=\"https:\/\/t.me\/terrabellum\" target=\"_blank\" rel=\"noreferrer noopener\">Telegram<\/a> et notre <a href=\"https:\/\/www.facebook.com\/TerraBellumYT\" target=\"_blank\" rel=\"noreferrer noopener\">Facebook<\/a>.<\/p>\n\n\n\n<p><\/p>\n\n\n\n<h3 class=\"wp-block-heading\"><span class=\"has-inline-color has-black-color\"><strong>19-: A word for the end ?<\/strong><\/span><\/h3>\n\n\n\n<p><\/p>\n\n\n\n<p><em>\u00ab\u00a0La patience est sup\u00e9rieure \u00e0 la concurrence\u00a0\u00bb<\/em><\/p>\n\n\n\n<p><\/p>","protected":false},"excerpt":{"rendered":"<p>1- Pour nos lecteurs qui ne vous connaissent pas encore, pr\u00e9sentez-vous. &#8220;Je suis un Fran\u00e7ais de 25 ans, je me [&hellip;]<\/p>","protected":false},"author":1,"featured_media":56709,"comment_status":"open","ping_status":"open","sticky":false,"template":"","format":"standard","meta":{"_et_pb_use_builder":"off","_et_pb_old_content":"","_et_gb_content_width":"","_exactmetrics_skip_tracking":false,"_exactmetrics_sitenote_active":false,"_exactmetrics_sitenote_note":"","_exactmetrics_sitenote_category":0,"footnotes":""},"categories":[21],"tags":[586,22,587,585],"yoast_head":"<!-- This site is optimized with the Yoast SEO plugin v22.3 - https:\/\/yoast.com\/wordpress\/plugins\/seo\/ -->\n<title>Interview TCE #30 - Terra Bellum - The Conservative Enthusiast<\/title>\n<meta name=\"description\" content=\"\u27bd Interview de Terra Bellum sur The Conservative Enthusiast : La plateforme communautaire de partage et d&#039;apprentissage des conservateurs.\" \/>\n<meta name=\"robots\" content=\"index, follow, max-snippet:-1, max-image-preview:large, max-video-preview:-1\" \/>\n<link rel=\"canonical\" href=\"https:\/\/conservativenthusiast.com\/en\/interview-tce-30-terra-bellum\/\" \/>\n<meta property=\"og:locale\" content=\"en_GB\" \/>\n<meta property=\"og:type\" content=\"article\" \/>\n<meta property=\"og:title\" content=\"Interview TCE #30 - Terra Bellum - The Conservative Enthusiast\" \/>\n<meta property=\"og:description\" content=\"\u27bd Interview de Terra Bellum sur The Conservative Enthusiast : La plateforme communautaire de partage et d&#039;apprentissage des conservateurs.\" \/>\n<meta property=\"og:url\" content=\"https:\/\/conservativenthusiast.com\/en\/interview-tce-30-terra-bellum\/\" \/>\n<meta property=\"og:site_name\" content=\"The Conservative Enthusiast\" \/>\n<meta property=\"article:published_time\" content=\"2021-10-16T10:02:00+00:00\" \/>\n<meta property=\"article:modified_time\" content=\"2021-10-12T18:03:14+00:00\" \/>\n<meta property=\"og:image\" content=\"https:\/\/conservativenthusiast.com\/wp-content\/uploads\/2021\/10\/Terra-Bellum-logo.jpg\" \/>\n\t<meta property=\"og:image:width\" content=\"1200\" \/>\n\t<meta property=\"og:image:height\" content=\"675\" \/>\n\t<meta property=\"og:image:type\" content=\"image\/jpeg\" \/>\n<meta name=\"author\" content=\"Alexis.L\" \/>\n<meta name=\"twitter:card\" content=\"summary_large_image\" \/>\n<meta name=\"twitter:label1\" content=\"Written by\" \/>\n\t<meta name=\"twitter:data1\" content=\"Alexis.L\" \/>\n\t<meta name=\"twitter:label2\" content=\"Estimated reading time\" \/>\n\t<meta name=\"twitter:data2\" content=\"18 minutes\" \/>\n<script type=\"application\/ld+json\" class=\"yoast-schema-graph\">{\"@context\":\"https:\/\/schema.org\",\"@graph\":[{\"@type\":\"Article\",\"@id\":\"https:\/\/conservativenthusiast.com\/interview-tce-30-terra-bellum\/#article\",\"isPartOf\":{\"@id\":\"https:\/\/conservativenthusiast.com\/interview-tce-30-terra-bellum\/\"},\"author\":{\"name\":\"Alexis.L\",\"@id\":\"https:\/\/conservativenthusiast.com\/#\/schema\/person\/3edd83a60aed483f95ebc876aeac7feb\"},\"headline\":\"Interview TCE #30 &#8211; Terra Bellum\",\"datePublished\":\"2021-10-16T10:02:00+00:00\",\"dateModified\":\"2021-10-12T18:03:14+00:00\",\"mainEntityOfPage\":{\"@id\":\"https:\/\/conservativenthusiast.com\/interview-tce-30-terra-bellum\/\"},\"wordCount\":4434,\"commentCount\":2,\"publisher\":{\"@id\":\"https:\/\/conservativenthusiast.com\/#organization\"},\"image\":{\"@id\":\"https:\/\/conservativenthusiast.com\/interview-tce-30-terra-bellum\/#primaryimage\"},\"thumbnailUrl\":\"https:\/\/conservativenthusiast.com\/wp-content\/uploads\/2021\/10\/Terra-Bellum-logo.jpg\",\"keywords\":[\"Chaine Terra Bellum\",\"Interview\",\"Interview Terra Bellum\",\"Terra Bellum\"],\"articleSection\":[\"Interviews\"],\"inLanguage\":\"en-GB\",\"potentialAction\":[{\"@type\":\"CommentAction\",\"name\":\"Comment\",\"target\":[\"https:\/\/conservativenthusiast.com\/interview-tce-30-terra-bellum\/#respond\"]}]},{\"@type\":\"WebPage\",\"@id\":\"https:\/\/conservativenthusiast.com\/interview-tce-30-terra-bellum\/\",\"url\":\"https:\/\/conservativenthusiast.com\/interview-tce-30-terra-bellum\/\",\"name\":\"Interview TCE #30 - Terra Bellum - The Conservative Enthusiast\",\"isPartOf\":{\"@id\":\"https:\/\/conservativenthusiast.com\/#website\"},\"primaryImageOfPage\":{\"@id\":\"https:\/\/conservativenthusiast.com\/interview-tce-30-terra-bellum\/#primaryimage\"},\"image\":{\"@id\":\"https:\/\/conservativenthusiast.com\/interview-tce-30-terra-bellum\/#primaryimage\"},\"thumbnailUrl\":\"https:\/\/conservativenthusiast.com\/wp-content\/uploads\/2021\/10\/Terra-Bellum-logo.jpg\",\"datePublished\":\"2021-10-16T10:02:00+00:00\",\"dateModified\":\"2021-10-12T18:03:14+00:00\",\"description\":\"\u27bd Interview de Terra Bellum sur The Conservative Enthusiast : La plateforme communautaire de partage et d'apprentissage des conservateurs.\",\"breadcrumb\":{\"@id\":\"https:\/\/conservativenthusiast.com\/interview-tce-30-terra-bellum\/#breadcrumb\"},\"inLanguage\":\"en-GB\",\"potentialAction\":[{\"@type\":\"ReadAction\",\"target\":[\"https:\/\/conservativenthusiast.com\/interview-tce-30-terra-bellum\/\"]}]},{\"@type\":\"ImageObject\",\"inLanguage\":\"en-GB\",\"@id\":\"https:\/\/conservativenthusiast.com\/interview-tce-30-terra-bellum\/#primaryimage\",\"url\":\"https:\/\/conservativenthusiast.com\/wp-content\/uploads\/2021\/10\/Terra-Bellum-logo.jpg\",\"contentUrl\":\"https:\/\/conservativenthusiast.com\/wp-content\/uploads\/2021\/10\/Terra-Bellum-logo.jpg\",\"width\":1200,\"height\":675},{\"@type\":\"BreadcrumbList\",\"@id\":\"https:\/\/conservativenthusiast.com\/interview-tce-30-terra-bellum\/#breadcrumb\",\"itemListElement\":[{\"@type\":\"ListItem\",\"position\":1,\"name\":\"Accueil\",\"item\":\"https:\/\/conservativenthusiast.com\/\"},{\"@type\":\"ListItem\",\"position\":2,\"name\":\"Interview TCE #30 &#8211; Terra Bellum\"}]},{\"@type\":\"WebSite\",\"@id\":\"https:\/\/conservativenthusiast.com\/#website\",\"url\":\"https:\/\/conservativenthusiast.com\/\",\"name\":\"The Conservative Enthusiast\",\"description\":\"La plateforme de r\u00e9information, de partage et d&#039;apprentissage des conservateurs.\",\"publisher\":{\"@id\":\"https:\/\/conservativenthusiast.com\/#organization\"},\"potentialAction\":[{\"@type\":\"SearchAction\",\"target\":{\"@type\":\"EntryPoint\",\"urlTemplate\":\"https:\/\/conservativenthusiast.com\/?s={search_term_string}\"},\"query-input\":\"required name=search_term_string\"}],\"inLanguage\":\"en-GB\"},{\"@type\":\"Organization\",\"@id\":\"https:\/\/conservativenthusiast.com\/#organization\",\"name\":\"The Conservative Enthusiast\",\"url\":\"https:\/\/conservativenthusiast.com\/\",\"logo\":{\"@type\":\"ImageObject\",\"inLanguage\":\"en-GB\",\"@id\":\"https:\/\/conservativenthusiast.com\/#\/schema\/logo\/image\/\",\"url\":\"https:\/\/i0.wp.com\/conservativeenthusiast.com\/wp-content\/uploads\/2020\/06\/LOGO-CE-MINI.png?fit=3867%2C1180&ssl=1\",\"contentUrl\":\"https:\/\/i0.wp.com\/conservativeenthusiast.com\/wp-content\/uploads\/2020\/06\/LOGO-CE-MINI.png?fit=3867%2C1180&ssl=1\",\"width\":3867,\"height\":1180,\"caption\":\"The Conservative Enthusiast\"},\"image\":{\"@id\":\"https:\/\/conservativenthusiast.com\/#\/schema\/logo\/image\/\"}},{\"@type\":\"Person\",\"@id\":\"https:\/\/conservativenthusiast.com\/#\/schema\/person\/3edd83a60aed483f95ebc876aeac7feb\",\"name\":\"Alexis.L\",\"image\":{\"@type\":\"ImageObject\",\"inLanguage\":\"en-GB\",\"@id\":\"https:\/\/conservativenthusiast.com\/#\/schema\/person\/image\/\",\"url\":\"https:\/\/secure.gravatar.com\/avatar\/e276145ad3a64170e9c68564bb9e4280?s=96&d=mm&r=g\",\"contentUrl\":\"https:\/\/secure.gravatar.com\/avatar\/e276145ad3a64170e9c68564bb9e4280?s=96&d=mm&r=g\",\"caption\":\"Alexis.L\"},\"description\":\"Si vous appr\u00e9ciez les articles de ce r\u00e9dacteur et que vous souhaitez en d\u00e9couvrir davantage sur lui ou ses \u00e9crits, vous pouvez consulter tous ses articles en cliquant sur son pseudo ou en apprendre plus sur notre page \\\"Notre \u00e9quipe\\\". Vous pouvez \u00e9galement le suivre sur ses diff\u00e9rents r\u00e9seaux sociaux ci-dessous.\",\"url\":\"https:\/\/conservativenthusiast.com\/en\/author\/admin6171\/\"}]}<\/script>\n<!-- \/ Yoast SEO plugin. -->","yoast_head_json":{"title":"Interview TCE #30 - Terra Bellum - The Conservative Enthusiast","description":"\u27bd Interview de Terra Bellum sur The Conservative Enthusiast : La plateforme communautaire de partage et d'apprentissage des conservateurs.","robots":{"index":"index","follow":"follow","max-snippet":"max-snippet:-1","max-image-preview":"max-image-preview:large","max-video-preview":"max-video-preview:-1"},"canonical":"https:\/\/conservativenthusiast.com\/en\/interview-tce-30-terra-bellum\/","og_locale":"en_GB","og_type":"article","og_title":"Interview TCE #30 - Terra Bellum - The Conservative Enthusiast","og_description":"\u27bd Interview de Terra Bellum sur The Conservative Enthusiast : La plateforme communautaire de partage et d'apprentissage des conservateurs.","og_url":"https:\/\/conservativenthusiast.com\/en\/interview-tce-30-terra-bellum\/","og_site_name":"The Conservative Enthusiast","article_published_time":"2021-10-16T10:02:00+00:00","article_modified_time":"2021-10-12T18:03:14+00:00","og_image":[{"width":1200,"height":675,"url":"https:\/\/conservativenthusiast.com\/wp-content\/uploads\/2021\/10\/Terra-Bellum-logo.jpg","type":"image\/jpeg"}],"author":"Alexis.L","twitter_card":"summary_large_image","twitter_misc":{"Written by":"Alexis.L","Estimated reading time":"18 minutes"},"schema":{"@context":"https:\/\/schema.org","@graph":[{"@type":"Article","@id":"https:\/\/conservativenthusiast.com\/interview-tce-30-terra-bellum\/#article","isPartOf":{"@id":"https:\/\/conservativenthusiast.com\/interview-tce-30-terra-bellum\/"},"author":{"name":"Alexis.L","@id":"https:\/\/conservativenthusiast.com\/#\/schema\/person\/3edd83a60aed483f95ebc876aeac7feb"},"headline":"Interview TCE #30 &#8211; Terra Bellum","datePublished":"2021-10-16T10:02:00+00:00","dateModified":"2021-10-12T18:03:14+00:00","mainEntityOfPage":{"@id":"https:\/\/conservativenthusiast.com\/interview-tce-30-terra-bellum\/"},"wordCount":4434,"commentCount":2,"publisher":{"@id":"https:\/\/conservativenthusiast.com\/#organization"},"image":{"@id":"https:\/\/conservativenthusiast.com\/interview-tce-30-terra-bellum\/#primaryimage"},"thumbnailUrl":"https:\/\/conservativenthusiast.com\/wp-content\/uploads\/2021\/10\/Terra-Bellum-logo.jpg","keywords":["Chaine Terra Bellum","Interview","Interview Terra Bellum","Terra Bellum"],"articleSection":["Interviews"],"inLanguage":"en-GB","potentialAction":[{"@type":"CommentAction","name":"Comment","target":["https:\/\/conservativenthusiast.com\/interview-tce-30-terra-bellum\/#respond"]}]},{"@type":"WebPage","@id":"https:\/\/conservativenthusiast.com\/interview-tce-30-terra-bellum\/","url":"https:\/\/conservativenthusiast.com\/interview-tce-30-terra-bellum\/","name":"Interview TCE #30 - Terra Bellum - The Conservative Enthusiast","isPartOf":{"@id":"https:\/\/conservativenthusiast.com\/#website"},"primaryImageOfPage":{"@id":"https:\/\/conservativenthusiast.com\/interview-tce-30-terra-bellum\/#primaryimage"},"image":{"@id":"https:\/\/conservativenthusiast.com\/interview-tce-30-terra-bellum\/#primaryimage"},"thumbnailUrl":"https:\/\/conservativenthusiast.com\/wp-content\/uploads\/2021\/10\/Terra-Bellum-logo.jpg","datePublished":"2021-10-16T10:02:00+00:00","dateModified":"2021-10-12T18:03:14+00:00","description":"\u27bd Interview de Terra Bellum sur The Conservative Enthusiast : La plateforme communautaire de partage et d'apprentissage des conservateurs.","breadcrumb":{"@id":"https:\/\/conservativenthusiast.com\/interview-tce-30-terra-bellum\/#breadcrumb"},"inLanguage":"en-GB","potentialAction":[{"@type":"ReadAction","target":["https:\/\/conservativenthusiast.com\/interview-tce-30-terra-bellum\/"]}]},{"@type":"ImageObject","inLanguage":"en-GB","@id":"https:\/\/conservativenthusiast.com\/interview-tce-30-terra-bellum\/#primaryimage","url":"https:\/\/conservativenthusiast.com\/wp-content\/uploads\/2021\/10\/Terra-Bellum-logo.jpg","contentUrl":"https:\/\/conservativenthusiast.com\/wp-content\/uploads\/2021\/10\/Terra-Bellum-logo.jpg","width":1200,"height":675},{"@type":"BreadcrumbList","@id":"https:\/\/conservativenthusiast.com\/interview-tce-30-terra-bellum\/#breadcrumb","itemListElement":[{"@type":"ListItem","position":1,"name":"Accueil","item":"https:\/\/conservativenthusiast.com\/"},{"@type":"ListItem","position":2,"name":"Interview TCE #30 &#8211; Terra Bellum"}]},{"@type":"WebSite","@id":"https:\/\/conservativenthusiast.com\/#website","url":"https:\/\/conservativenthusiast.com\/","name":"The Conservative Enthusiast","description":"La plateforme de r\u00e9information, de partage et d&#039;apprentissage des conservateurs.","publisher":{"@id":"https:\/\/conservativenthusiast.com\/#organization"},"potentialAction":[{"@type":"SearchAction","target":{"@type":"EntryPoint","urlTemplate":"https:\/\/conservativenthusiast.com\/?s={search_term_string}"},"query-input":"required name=search_term_string"}],"inLanguage":"en-GB"},{"@type":"Organization","@id":"https:\/\/conservativenthusiast.com\/#organization","name":"The Conservative Enthusiast","url":"https:\/\/conservativenthusiast.com\/","logo":{"@type":"ImageObject","inLanguage":"en-GB","@id":"https:\/\/conservativenthusiast.com\/#\/schema\/logo\/image\/","url":"https:\/\/i0.wp.com\/conservativeenthusiast.com\/wp-content\/uploads\/2020\/06\/LOGO-CE-MINI.png?fit=3867%2C1180&ssl=1","contentUrl":"https:\/\/i0.wp.com\/conservativeenthusiast.com\/wp-content\/uploads\/2020\/06\/LOGO-CE-MINI.png?fit=3867%2C1180&ssl=1","width":3867,"height":1180,"caption":"The Conservative Enthusiast"},"image":{"@id":"https:\/\/conservativenthusiast.com\/#\/schema\/logo\/image\/"}},{"@type":"Person","@id":"https:\/\/conservativenthusiast.com\/#\/schema\/person\/3edd83a60aed483f95ebc876aeac7feb","name":"Alexis.L","image":{"@type":"ImageObject","inLanguage":"en-GB","@id":"https:\/\/conservativenthusiast.com\/#\/schema\/person\/image\/","url":"https:\/\/secure.gravatar.com\/avatar\/e276145ad3a64170e9c68564bb9e4280?s=96&d=mm&r=g","contentUrl":"https:\/\/secure.gravatar.com\/avatar\/e276145ad3a64170e9c68564bb9e4280?s=96&d=mm&r=g","caption":"Alexis.L"},"description":"Si vous appr\u00e9ciez les articles de ce r\u00e9dacteur et que vous souhaitez en d\u00e9couvrir davantage sur lui ou ses \u00e9crits, vous pouvez consulter tous ses articles en cliquant sur son pseudo ou en apprendre plus sur notre page \"Notre \u00e9quipe\". Vous pouvez \u00e9galement le suivre sur ses diff\u00e9rents r\u00e9seaux sociaux ci-dessous.","url":"https:\/\/conservativenthusiast.com\/en\/author\/admin6171\/"}]}},"_links":{"self":[{"href":"https:\/\/conservativenthusiast.com\/en\/wp-json\/wp\/v2\/posts\/56704"}],"collection":[{"href":"https:\/\/conservativenthusiast.com\/en\/wp-json\/wp\/v2\/posts"}],"about":[{"href":"https:\/\/conservativenthusiast.com\/en\/wp-json\/wp\/v2\/types\/post"}],"author":[{"embeddable":true,"href":"https:\/\/conservativenthusiast.com\/en\/wp-json\/wp\/v2\/users\/1"}],"replies":[{"embeddable":true,"href":"https:\/\/conservativenthusiast.com\/en\/wp-json\/wp\/v2\/comments?post=56704"}],"version-history":[{"count":21,"href":"https:\/\/conservativenthusiast.com\/en\/wp-json\/wp\/v2\/posts\/56704\/revisions"}],"predecessor-version":[{"id":56733,"href":"https:\/\/conservativenthusiast.com\/en\/wp-json\/wp\/v2\/posts\/56704\/revisions\/56733"}],"wp:featuredmedia":[{"embeddable":true,"href":"https:\/\/conservativenthusiast.com\/en\/wp-json\/wp\/v2\/media\/56709"}],"wp:attachment":[{"href":"https:\/\/conservativenthusiast.com\/en\/wp-json\/wp\/v2\/media?parent=56704"}],"wp:term":[{"taxonomy":"category","embeddable":true,"href":"https:\/\/conservativenthusiast.com\/en\/wp-json\/wp\/v2\/categories?post=56704"},{"taxonomy":"post_tag","embeddable":true,"href":"https:\/\/conservativenthusiast.com\/en\/wp-json\/wp\/v2\/tags?post=56704"}],"curies":[{"name":"wp","href":"https:\/\/api.w.org\/{rel}","templated":true}]}}