{"id":56204,"date":"2021-10-10T17:32:09","date_gmt":"2021-10-10T15:32:09","guid":{"rendered":"https:\/\/conservativeenthusiast.com\/?p=56204"},"modified":"2021-10-17T21:23:46","modified_gmt":"2021-10-17T19:23:46","slug":"la-guerre-de-cent-ans-un-conflit-seculaire-1337-1453","status":"publish","type":"post","link":"https:\/\/conservativenthusiast.com\/en\/la-guerre-de-cent-ans-un-conflit-seculaire-1337-1453\/","title":{"rendered":"La guerre de Cent Ans : un conflit s\u00e9culaire (1337-1453)"},"content":{"rendered":"<h3 class=\"wp-block-heading\"><em><u><span class=\"has-inline-color has-black-color\">Trois foyers pour un brasier s\u00e9culaire<\/span><\/u><\/em><\/h3>\n\n\n\n<p><\/p>\n\n\n\n<p>Si la guerre commence, c\u2019est parce qu\u2019une crise dynastique frappe la France, agr\u00e9ment\u00e9e des probl\u00e8mes aquitain, \u00e9cossais et flamand. Le roi d\u2019Angleterre, Edouard III (de la maison, tr\u00e8s fran\u00e7aise, des Plantagen\u00eat), se trouve \u00e9galement \u00eatre sujet du roi de France par sa possession du duch\u00e9 de Guyenne (Aquitaine) et doit ainsi pr\u00eater serment, ce qu\u2019il rechigne \u00e0 faire. La France est alli\u00e9e avec l\u2019Ecosse dans l\u2019unique but de prendre l\u2019Angleterre entre deux feux en cas de guerre. Enfin, le roi d\u2019Angleterre restreint le commerce de la laine, c\u0153ur de l\u2019industrie flamande, si bien que la r\u00e9gion, sous contr\u00f4le fran\u00e7ais, se tourne vers l\u2019Angleterre.<\/p>\n\n\n\n<p><\/p>\n\n\n\n<h3 class=\"wp-block-heading\"><em><u><span class=\"has-inline-color has-black-color\">Les bellig\u00e9rants ratent leur entr\u00e9e (1337-1343)<\/span><\/u><\/em><\/h3>\n\n\n\n<p><\/p>\n\n\n\n<p>C\u2019est dans ce contexte qu\u2019\u00e9clate la guerre en 1337. Les premi\u00e8res ann\u00e9es sont marqu\u00e9es par des campagnes rat\u00e9es et des difficult\u00e9s de financement. Edouard III s\u2019allie avec la Flandre. Mais pour ces derniers, s\u2019allier avec le roi d\u2019Angleterre alors qu\u2019ils ont pr\u00eat\u00e9 serment au roi de France, c\u2019est \u00eatre des f\u00e9lons&nbsp;! Pour y rem\u00e9dier et s\u2019assurer le soutien des Flandres, Edouard III se proclame, en 1340, roi de France. De l\u00e0 vient cette histoire de couronne&nbsp;: c\u2019est uniquement un pr\u00e9texte. Du reste, Edouard III Plantagen\u00eat est effectivement plus l\u00e9gitime au tr\u00f4ne de France que Philippe VI de Valois qui l\u2019occupe. Les Fran\u00e7ais ex\u00e9cutent des raids sur les c\u00f4tes sud d&#8217;Angleterre. L\u2019Ecosse est attaqu\u00e9e par l\u2019Angleterre. Philippe VI de Valois attaque l\u2019Aquitaine durant \u00e9t\u00e9 1338, suivant en cela les termes de l\u2019Auld Alliance. Ce territoire est mal d\u00e9fendu, pourtant les Fran\u00e7ais \u00e9chouent. Il faudra s\u2019y prendre \u00e0 deux fois.<\/p>\n\n\n\n<div class=\"wp-block-image\"><figure class=\"aligncenter size-full is-resized\"><img decoding=\"async\" src=\"https:\/\/conservativenthusiast.com\/wp-content\/uploads\/2021\/10\/Guerre-de-100-ans-image-V.jpg\" alt=\"\" class=\"wp-image-56207\" width=\"213\" height=\"269\" srcset=\"https:\/\/conservativenthusiast.com\/wp-content\/uploads\/2021\/10\/Guerre-de-100-ans-image-V.jpg 317w, https:\/\/conservativenthusiast.com\/wp-content\/uploads\/2021\/10\/Guerre-de-100-ans-image-V-238x300.jpg 238w, https:\/\/conservativenthusiast.com\/wp-content\/uploads\/2021\/10\/Guerre-de-100-ans-image-V-10x12.jpg 10w\" sizes=\"(max-width: 213px) 100vw, 213px\" \/><figcaption> Philippe VI de Valois (1293-1350), roi de France (1328-1350) <\/figcaption><\/figure><\/div>\n\n\n\n<p>En fin d\u2019ann\u00e9e, tout le duch\u00e9 est captur\u00e9 et le si\u00e8ge est pos\u00e9 sur Bordeaux. Seulement, \u00e0 cette \u00e9poque de l\u2019Histoire, ce sont les assaillants qui c\u00e8dent en premier dans les si\u00e8ges&nbsp;: c\u2019est l\u00e0 tout le paradoxe. Les d\u00e9fenseurs, moins nombreux, ont des r\u00e9serves de nourriture alors que les assaillants vivent sur le pays et \u00e9puisent bien vite les ressources. Le si\u00e8ge est lev\u00e9 le 19 juillet 1339. Edouard III, lui, vit au-dessus de ses moyens et n\u2019obtient pas plus de r\u00e9sultats. ,Son offensive de l&#8217;\u00e9t\u00e9 1338, depuis la Flandre, est inutile. L\u00e0 se trouve un autre probl\u00e8me de l\u2019\u00e9poque&nbsp;: la position d\u00e9fensive est bien plus avantageuse, alors les arm\u00e9es se regardent dans le blanc des yeux pendant plusieurs jours, et repartent parfois sans engager les hostilit\u00e9s. Cette manie co\u00fbte une fortune aux souverains, pour rien. Les meilleurs, \u00e0 ce jeu de patience, seront souvent les Anglais.<\/p>\n\n\n\n<div class=\"wp-block-image\"><figure class=\"aligncenter size-large is-resized\"><img decoding=\"async\" src=\"https:\/\/conservativenthusiast.com\/wp-content\/uploads\/2021\/10\/Guerre-de-100-ans-image-IV-865x1024.jpg\" alt=\"\" class=\"wp-image-56208\" width=\"236\" height=\"279\"\/><figcaption> Edouard III Plantagen\u00eat (1312-1377), roi d&#8217;Angleterre (1327-1377) <\/figcaption><\/figure><\/div>\n\n\n\n<p>En 1340, la flotte fran\u00e7aise adopte une strat\u00e9gie d\u2019une profonde stupidit\u00e9 et est vaincue par la flotte anglaise durant la bataille de l\u2019Ecluse le 24 juin. Gardons-nous d\u2019aller trop loin&nbsp;: les flottes de l\u2019\u00e9poque n\u2019en sont pas vraiment, il s\u2019agit surtout de rassembler le plus grand nombre d\u2019embarcations possible. Mais de fait, la France voit son importance maritime r\u00e9duite d\u2019entr\u00e9e de jeu. C\u2019est l\u00e0 une variable importante&nbsp;: les Anglais doivent constamment passer la Manche, l\u2019absence d\u2019opposition fran\u00e7aise en facilite la travers\u00e9e qui ne reste p\u00e9rilleuse que par les conditions naturelles. A l\u2019\u00e9poque, lever une arm\u00e9e est aussi compliqu\u00e9 que co\u00fbteux. Les offensives prennent g\u00e9n\u00e9ralement la forme de chevauch\u00e9es. C\u2019est exactement l\u2019exercice auquel se plie Edouard III en France.<\/p>\n\n\n\n<div class=\"wp-block-image\"><figure class=\"aligncenter size-full is-resized\"><img decoding=\"async\" src=\"https:\/\/conservativenthusiast.com\/wp-content\/uploads\/2021\/10\/Guerre-de-100-ans-image-VI.jpg\" alt=\"\" class=\"wp-image-56209\" width=\"330\" height=\"263\" srcset=\"https:\/\/conservativenthusiast.com\/wp-content\/uploads\/2021\/10\/Guerre-de-100-ans-image-VI.jpg 382w, https:\/\/conservativenthusiast.com\/wp-content\/uploads\/2021\/10\/Guerre-de-100-ans-image-VI-300x240.jpg 300w, https:\/\/conservativenthusiast.com\/wp-content\/uploads\/2021\/10\/Guerre-de-100-ans-image-VI-15x12.jpg 15w\" sizes=\"(max-width: 330px) 100vw, 330px\" \/><figcaption> Bataille de l&#8217;Ecluse (24 juin 1340) <\/figcaption><\/figure><\/div>\n\n\n\n<p>La pape, fran\u00e7ais et de ce fait absolument partial, pousse les bellig\u00e9rants \u00e0 signer une premi\u00e8re tr\u00eave en septembre 1340&nbsp;: la tr\u00eave dite d\u2019Espl\u00e9chain. Pour l\u2019heure, Philippe VI a \u00e9vit\u00e9 par deux fois le combat, dirige un pays ravag\u00e9, a perdu la Flandre mais gagn\u00e9 l\u2019Aquitaine et est ruin\u00e9. Edouard III est lui aussi ruin\u00e9 et annule purement et simplement ses dettes envers les banquiers italiens, qui font faillite.<\/p>\n\n\n\n<div class=\"wp-block-image\"><figure class=\"aligncenter size-full is-resized\"><img decoding=\"async\" src=\"https:\/\/conservativenthusiast.com\/wp-content\/uploads\/2021\/10\/Guerre-de-100-ans-image-VII.jpg\" alt=\"\" class=\"wp-image-56210\" width=\"507\" height=\"372\" srcset=\"https:\/\/conservativenthusiast.com\/wp-content\/uploads\/2021\/10\/Guerre-de-100-ans-image-VII.jpg 507w, https:\/\/conservativenthusiast.com\/wp-content\/uploads\/2021\/10\/Guerre-de-100-ans-image-VII-480x353.jpg 480w\" sizes=\"(min-width: 0px) and (max-width: 480px) 480px, (min-width: 481px) 507px, 100vw\" \/><figcaption> Guerre de succession de Bretagne (1341-1364) <\/figcaption><\/figure><\/div>\n\n\n\n<p>Pourtant, un nouveau foyer de combats se d\u00e9clare en Bretagne en 1341-1343. Jean III, duc de Bretagne, meurt sans h\u00e9ritier direct. Jean de Montfort (demi-fr\u00e8re de Jean III) et sa femme Jeanne s\u2019opposent \u00e0 Charles de Blois et Jeanne de Penthi\u00e8vre (ni\u00e8ce de Jean III). La guerre de succession de Bretagne, dite guerre des deux Jeannes, voit s\u2019opposer Anglais (avec Montfort) et Fran\u00e7ais (Charles de Blois). La guerre est \u00e9quilibr\u00e9e, si bien que la tr\u00eave de Malestroit, sign\u00e9e en 1343, est n\u00e9cessaire. Les Anglais tiennent la moiti\u00e9 de la Bretagne, Edouard III est fauch\u00e9 mais populaire. Philippe VI a encore refus\u00e9 le combat et ne peut attaquer en Aquitaine \u00e0 cause de la tr\u00eave. En fait, Edouard III avait bien besoin de cette tr\u00eave pour r\u00e9tablir ses finances et lancer une nouvelle campagne contre Philippe VI.<\/p>\n\n\n\n<p><\/p>\n\n\n\n<h3 class=\"wp-block-heading\"><em><u><span class=\"has-inline-color has-black-color\">D\u2019un d\u00e9sastre \u00e0 l\u2019autre\u00a0: la France s\u2019ab\u00eeme pour une d\u00e9cennie (1346-1358)<\/span><\/u><\/em><\/h3>\n\n\n\n<p><\/p>\n\n\n\n<div class=\"wp-block-image\"><figure class=\"aligncenter size-full is-resized\"><img decoding=\"async\" src=\"https:\/\/conservativenthusiast.com\/wp-content\/uploads\/2021\/10\/Guerre-de-100-ans-image-II.jpg\" alt=\"\" class=\"wp-image-56211\" width=\"605\" height=\"454\" srcset=\"https:\/\/conservativenthusiast.com\/wp-content\/uploads\/2021\/10\/Guerre-de-100-ans-image-II.jpg 605w, https:\/\/conservativenthusiast.com\/wp-content\/uploads\/2021\/10\/Guerre-de-100-ans-image-II-480x361.jpg 480w\" sizes=\"(min-width: 0px) and (max-width: 480px) 480px, (min-width: 481px) 605px, 100vw\" \/><figcaption> L&#8217;Europe en 1330 <\/figcaption><\/figure><\/div>\n\n\n\n<p>Au gr\u00e9 des chevauch\u00e9es, le territoire fran\u00e7ais est saccag\u00e9. Philippe VI de Valois, roi de France, \u00e9vite trop souvent le combat et finit par le chercher pour l\u2019honneur. Le 26 ao\u00fbt 1346, Philippe VI rattrape Edouard III \u00e0 Cr\u00e9cy et attaque en large sup\u00e9riorit\u00e9 num\u00e9rique. Les archers exp\u00e9riment\u00e9s anglais, coupl\u00e9s \u00e0 une incomp\u00e9tence fran\u00e7aise patente, conduisent Philippe VI au d\u00e9sastre. Ruin\u00e9, humili\u00e9, le roi est tout de m\u00eame soutenu par les nobles. Edouard III, lui, prend son temps pour s\u2019emparer de Calais&nbsp;: port essentiel pour le d\u00e9barquement des prochaines troupes anglaises sur le continent. L\u2019ann\u00e9e suivante, un navire g\u00e9nois ram\u00e8ne depuis la Crim\u00e9e la peste noire. Celle-ci s\u2019installe en Europe de 1347 \u00e0 1352, laps de temps durant lequel elle a raison de 25 millions d\u2019\u00e2mes, soit 50% de la population europ\u00e9enne. Pourtant, la guerre suit son cours.<\/p>\n\n\n\n<p>Philippe VI meurt en 1350 et laisse place \u00e0 son fils&nbsp;: Jean II le Bon, dont le r\u00e8gne sera plus d\u00e9sastreux encore. Apparait alors Charles II de Navarre, dit \u00ab&nbsp;le Mauvais&nbsp;\u00bb. Ce jeune homme de 20 ans, charmeur et au sens politique aiguis\u00e9, est \u00e9galement plus l\u00e9gitime que Jean II le Bon au tr\u00f4ne de France. En fait, Charles le Mauvais est le fils de Jeanne I\u00e8re de Navarre, donc le petit-fils de Louis X&nbsp;: sa l\u00e9gitimit\u00e9 au tr\u00f4ne est sup\u00e9rieure \u00e0 celle d\u2019Edouard III d\u2019Angleterre, qui lui-m\u00eame \u00e9tait plus l\u00e9gitime que Philippe VI et l\u2019est donc plus que Jean II le Bon. Pourtant, Charles le Mauvais ne r\u00e9clame pas le tr\u00f4ne mais seulement les terres qui devraient \u00eatre siennes. N\u2019obtenant pas gain de cause, il assassine le conn\u00e9table (g\u00e9n\u00e9ralissime) de France en 1354 et organise une attaque en Normandie avec les Anglais.<\/p>\n\n\n\n<div class=\"wp-block-image\"><figure class=\"aligncenter size-full\"><img decoding=\"async\" width=\"184\" height=\"274\" src=\"https:\/\/conservativenthusiast.com\/wp-content\/uploads\/2021\/10\/Guerre-de-100-ans-image-part-2-I.jpg\" alt=\"\" class=\"wp-image-56212\" srcset=\"https:\/\/conservativenthusiast.com\/wp-content\/uploads\/2021\/10\/Guerre-de-100-ans-image-part-2-I.jpg 184w, https:\/\/conservativenthusiast.com\/wp-content\/uploads\/2021\/10\/Guerre-de-100-ans-image-part-2-I-8x12.jpg 8w\" sizes=\"(max-width: 184px) 100vw, 184px\" \/><figcaption> Jean II le Bon (1319-1364), roi de France (1350-1364) <\/figcaption><\/figure><\/div>\n\n\n\n<p>Jean prend peur et le pardonne en lui donnant des terres. Charles le Mauvais, satisfait, annule la campagne anglo-navarraise. Il r\u00e9it\u00e8re la man\u0153uvre en 1355 et est de nouveau pardonn\u00e9 et pay\u00e9 par Jean II. En 1356, Charles le Mauvais remet le couvert. Cette fois, Jean II le fait emprisonner et la campagne anglaise n\u2019est pas abandonn\u00e9e pour autant&nbsp;: des chevauch\u00e9es anglaises se pr\u00e9parent depuis l\u2019Aquitaine et la Normandie. Jean II d\u00e9cide d\u2019emp\u00eacher la concentration des forces adverses \u00e0 Poitiers. Le 19 septembre 1356, le roi m\u00e8ne son arm\u00e9e contre celle du Prince Noir, Edouard de Woodstock, fils d\u2019Edouard III. La victoire anglaise est totale et le roi Jean, chose rare dans l\u2019Histoire de France, est captur\u00e9.<\/p>\n\n\n\n<div class=\"wp-block-image\"><figure class=\"aligncenter size-full is-resized\"><img decoding=\"async\" src=\"https:\/\/conservativenthusiast.com\/wp-content\/uploads\/2021\/10\/Guerre-de-100-ans-image-part-2-III.png\" alt=\"\" class=\"wp-image-56213\" width=\"328\" height=\"273\"\/><figcaption> Edouard de Woodstock, dit le Prince Noir (1330-1376), prince de Galles (1343-1376), prince d\u2019Aquitaine (1362-1372), duc de Cornouailles (1337-1376), fils d\u2019Edouard III <\/figcaption><\/figure><\/div>\n\n\n\n<p>Alors que Charles le Mauvais est lib\u00e9r\u00e9 par un commando en 1357, un mouvement de contestation, dirig\u00e9 par un homme nomm\u00e9 Etienne Marcel, secoue Paris. Cette contestation devient une r\u00e9volte paysanne, nomm\u00e9e \u00ab&nbsp;Grande Jacquerie&nbsp;\u00bb, qui \u00e9clate dans le nord du royaume fran\u00e7ais en 1358. Dans la capitale, Etienne Marcel devient un tyran tandis que Charles le Mauvais g\u00e8re la d\u00e9fense. Ce dernier vient pourtant d\u2019\u00eatre pardonn\u00e9 par le dauphin Charles, fils de Jean II le Bon, qui a pris la r\u00e9gence du royaume. Finalement, la Grande Jacquerie est \u00e9cras\u00e9e deux semaines plus tard par les nobles et le dauphin Charles. Ce dernier redresse le pays pendant que son p\u00e8re, prisonnier en Angleterre, tente de faire des trait\u00e9s de paix d\u00e9lirants avec Edouard III.<\/p>\n\n\n\n<div class=\"wp-block-image\"><figure class=\"aligncenter size-full is-resized\"><img decoding=\"async\" src=\"https:\/\/conservativenthusiast.com\/wp-content\/uploads\/2021\/10\/Guerre-de-100-ans-image-part-2-II.jpg\" alt=\"\" class=\"wp-image-56214\" width=\"291\" height=\"269\"\/><figcaption>Charles II de Navarre, dit Le Mauvais (1334-1387), roi de Navarre (1349-1387)<\/figcaption><\/figure><\/div>\n\n\n\n<p><\/p>\n\n\n\n<h3 class=\"wp-block-heading\"><em><u><span class=\"has-inline-color has-black-color\">Ignorer l\u2019ennemi pour redresser le pays (1358-1369)<\/span><\/u><\/em><\/h3>\n\n\n\n<p><\/p>\n\n\n\n<p>Contre les Anglais, le dauphin met en \u0153uvre la technique dite du sage ou encore \u00ab tactique&nbsp;de la terre d\u00e9serte&nbsp;\u00bb&nbsp;: faute de moyens pour lever une arm\u00e9e, il laisse les chevauch\u00e9es anglaises sans r\u00e9ponses et fortifie les villes. Or, une chevauch\u00e9e ne peut gu\u00e8re mener de si\u00e8ges contre des villes fortifi\u00e9es. D\u00e8s lors, les chevauch\u00e9es entreprises par les Anglais se font \u00e9cho dans l\u2019\u00e9chec et se ruinent en ne raflant aucun butin. En 1360, la tr\u00eave de Br\u00e9tigny est sign\u00e9e. En revanche, la noblesse fran\u00e7aise se trouve frustr\u00e9e par le manque de combativit\u00e9 du roi et les paysans d\u00e9sapprouvent de voir leurs champs br\u00fbler constamment sans \u00eatre d\u00e9fendus. Ils payent des taxes pr\u00e9cis\u00e9ment pour \u00eatre prot\u00e9g\u00e9s&nbsp;; s\u2019ils ne le sont plus, pourquoi payeraient-ils&nbsp;? En 1364, Jean II le Bon expire et le dauphin est enfin sacr\u00e9 Charles V, roi de France.<\/p>\n\n\n\n<div class=\"wp-block-image\"><figure class=\"aligncenter size-full\"><img decoding=\"async\" width=\"186\" height=\"230\" src=\"https:\/\/conservativenthusiast.com\/wp-content\/uploads\/2021\/10\/Guerre-de-100-ans-image-part-2-IV.jpg\" alt=\"\" class=\"wp-image-56215\" srcset=\"https:\/\/conservativenthusiast.com\/wp-content\/uploads\/2021\/10\/Guerre-de-100-ans-image-part-2-IV.jpg 186w, https:\/\/conservativenthusiast.com\/wp-content\/uploads\/2021\/10\/Guerre-de-100-ans-image-part-2-IV-10x12.jpg 10w\" sizes=\"(max-width: 186px) 100vw, 186px\" \/><figcaption> Charles V le Sage (1338-1380), roi de France (1364-1380) <\/figcaption><\/figure><\/div>\n\n\n\n<p>Cette m\u00eame ann\u00e9e 1364, la guerre de succession de Bretagne, qui avait commenc\u00e9 en 1341, prend fin \u00e0 l\u2019avantage des Anglais. Cette victoire anglaise par champion interpos\u00e9 face \u00e0 la France donne \u00e0 Londres un soutien important\u00a0: Jean de Montfort, anglophile, devient Jean IV, duc de Bretagne. En France, les Compagnies, des hommes de guerre qui, licenci\u00e9s en l\u2019absence de combats, d\u00e9solent et pillent le territoire, sont employ\u00e9es des deux c\u00f4t\u00e9s pour \u00e9viter de lever de r\u00e9elles arm\u00e9es. Malgr\u00e9 la tr\u00eave de Br\u00e9tigny, les combats se poursuivent au travers de ces mercenaires. Simultan\u00e9ment, une guerre civile se joue de 1351 \u00e0 1369 en Castille (Espagne). V\u00e9ritable lutte franco-anglaise par successeur l\u00e9gitime de Castille interpos\u00e9, la guerre s\u2019ach\u00e8ve par le triomphe d\u2019Henri de Transtamare, soutenu par la France. Cela n\u2019est pas sans cons\u00e9quence\u00a0: la Castille peut fournir une flotte \u00e0 la France.<\/p>\n\n\n\n<p><\/p>\n\n\n\n<h2 class=\"wp-block-heading\"><em><u><span class=\"has-inline-color has-black-color\">La France change son destin avec du Guesclin (1370-1380)<\/span><\/u><\/em><\/h2>\n\n\n\n<p><\/p>\n\n\n\n<p>En 1370, Charles V prend pour conn\u00e9table le tr\u00e8s comp\u00e9tent Bertrand du Guesclin. Ce breton a fait ses preuves \u00e0 de multiples reprises, menant au combat des mercenaires et luttant pour la guerre civile de Castille. Charles V l\u2019envoie aux quatre coins de la France o\u00f9 il gagne du terrain&nbsp;avec une rare efficacit\u00e9 : Bretagne, Normandie, Aquitaine, Languedoc. Si bien qu\u2019une tr\u00eave est sign\u00e9e en 1375. Edouard III et son fils, le Prince Noir, meurent (en 1377 et 1376 respectivement) avant que la guerre ne reprenne. Jean IV de Bretagne, qui a souffert des attaques du conn\u00e9table du Guesclin en 1373-1375, se rapproche du roi de France. Les hostilit\u00e9s reprennent en 1377&nbsp;: du Guesclin attaque avec succ\u00e8s l\u2019Aquitaine. En 1378, Charles le Mauvais, pourtant pardonn\u00e9 par Charles V en 1371, donne le port de Cherbourg aux Anglais pour d\u00e9barquer sur le continent.<\/p>\n\n\n\n<div class=\"wp-block-image\"><figure class=\"aligncenter size-full is-resized\"><img decoding=\"async\" src=\"https:\/\/conservativenthusiast.com\/wp-content\/uploads\/2021\/10\/Guerre-de-100-ans-image-part-2-VI.jpg\" alt=\"\" class=\"wp-image-56216\" width=\"323\" height=\"323\" srcset=\"https:\/\/conservativenthusiast.com\/wp-content\/uploads\/2021\/10\/Guerre-de-100-ans-image-part-2-VI.jpg 448w, https:\/\/conservativenthusiast.com\/wp-content\/uploads\/2021\/10\/Guerre-de-100-ans-image-part-2-VI-300x300.jpg 300w, https:\/\/conservativenthusiast.com\/wp-content\/uploads\/2021\/10\/Guerre-de-100-ans-image-part-2-VI-150x150.jpg 150w, https:\/\/conservativenthusiast.com\/wp-content\/uploads\/2021\/10\/Guerre-de-100-ans-image-part-2-VI-12x12.jpg 12w\" sizes=\"(max-width: 323px) 100vw, 323px\" \/><figcaption> Bertrand du Guesclin (1320-1380), conn\u00e9table de France (1370-1380) <\/figcaption><\/figure><\/div>\n\n\n\n<p>C\u2019est la trahison de trop\u00a0: la Navarre est confisqu\u00e9e par le roi de France, comme toutes les terres de Charles le Mauvais. D\u00e9poss\u00e9d\u00e9, celui-ci meurt en 1387, dans l\u2019oubli. Alors que la Bretagne se montre elle aussi peu fiable, Charles V confisque le duch\u00e9. Jean IV revient dans le camp fran\u00e7ais, perdant la confiance des Anglais sans toutefois totalement acqu\u00e9rir celle des Fran\u00e7ais. Charles V a r\u00e9gl\u00e9 ses plus gros probl\u00e8mes. Mais si le Prince Noir et Edouard III sont morts en 1376 et 1377, du Guesclin et Charles V les suivent peu apr\u00e8s, en 1380, dans la tombe. La mort de ces quatre hommes plus redoutables les uns que les autres tourne une page. D\u00e9sormais, les oncles dirigent des deux c\u00f4t\u00e9s de la Manche\u00a0: les rois d\u2019Angleterre et de France, Richard II et Charles VI respectivement, sont mineurs.<\/p>\n\n\n\n<p><\/p>\n\n\n\n<h3 class=\"wp-block-heading\"><em><u><span class=\"has-inline-color has-black-color\">Le Grand Schisme d\u2019Occident, les diff\u00e9rends religieux prennent l\u2019ascendant (1378-1417)<\/span><\/u><\/em><\/h3>\n\n\n\n<p><\/p>\n\n\n\n<p>Mais ce ne sont pas l\u00e0 les seules perturbations de la seconde partie de la d\u00e9cennie 1370. En 1376, le pape, install\u00e9 depuis 1309 \u00e0 Avignon, d\u00e9cide de rentrer \u00e0 Rome. Cette d\u00e9cision, \u00e9videmment prise contre l\u2019avis du roi de France (Charles V), est motiv\u00e9e par de graves troubles en Italie. Gr\u00e9goire XI rentre dans la Cit\u00e9 Eternelle pour calmer les esprits, en vain. Seule la mort l\u2019emp\u00eache de quitter Rome, en mars 1378. Contre toute attente, Rome \u00e9lit tr\u00e8s rapidement le pape Urbain VI, en 1378, pour remplacer son d\u00e9funt pr\u00e9d\u00e9cesseur. Cette d\u00e9cision est prise sans l\u2019aval d\u2019une partie des cardinaux, rest\u00e9s \u00e0 Avignon. Alors, lorsque Urbain VI se r\u00e9v\u00e8le \u00eatre un r\u00e9formateur brutal, les cardinaux d\u2019Avignon, scandalis\u00e9s, proclament leur propre pape&nbsp;la m\u00eame ann\u00e9e : Cl\u00e9ment VII. Le Grand Schisme d\u2019Occident vient de commencer.<\/p>\n\n\n\n<p>Si le roi de France s\u2019est oppos\u00e9 au d\u00e9part de Gr\u00e9goire XI, c\u2019est qu\u2019il est avantageux d\u2019avoir le pape sur son territoire. Le puissant pontife \u00e9tait g\u00e9n\u00e9ralement acquis \u00e0 la France depuis le d\u00e9but du si\u00e8cle. Alors, le roi de France soutient sans surprise Cl\u00e9ment VII. Les Anglais, par pur antagonisme, soutiennent Urbain VI. L\u2019Europe se divise alors en fonction de la guerre de Cent Ans et des alliances du moment. Ainsi, Les Fran\u00e7ais et leurs alli\u00e9s castillans et \u00e9cossais sont cl\u00e9mentistes, tandis que les Anglais, le Saint Empire Romain, la Pologne, la Flandre et la Scandinavie sont urbanistes. Allons plus loin, cela signifie que la seule entit\u00e9 jusqu\u2019alors profond\u00e9ment pacifique pousse d\u00e9sormais \u00e0 la guerre. Chaque pape excommunie les puissances de l\u2019autre camp, les op\u00e9rations militaires des uns et des autres sont d\u00e9sormais \u00e9ligibles au terme de \u00ab\u00a0croisade\u00a0\u00bb car ils luttent, cl\u00e9mentistes comme urbanistes, contre l\u2019Ant\u00e9christ, l\u2019Antipape.<\/p>\n\n\n\n<p><\/p>\n\n\n\n<h3 class=\"wp-block-heading\"><em><u><span class=\"has-inline-color has-black-color\">La guerre change de visage (1380-1407)<\/span><\/u><\/em><\/h3>\n\n\n\n<p><\/p>\n\n\n\n<p>En France c\u2019est Philippe II le Hardi, duc de Bourgogne (oncle de Charles VI), qui poss\u00e8de la r\u00e9alit\u00e9 du pouvoir. Son influence est cependant disput\u00e9e par Louis Ier d\u2019Orl\u00e9ans (fr\u00e8re du roi Charles VI). Outre-Manche, Henry de Lancastre (oncle de Richard II Plantagen\u00eat) prend carr\u00e9ment le pouvoir en 1400. Mort en 1404, Philippe II de Bourgogne laisse place \u00e0 son fils Jean Ier, dit Jean \u00ab&nbsp;Sans Peur&nbsp;\u00bb. Cependant, la disparition de Philippe le Hardi laisse l\u2019occasion \u00e0 Louis d\u2019Orl\u00e9ans de gagner en influence au conseil de r\u00e9gence et d\u2019\u00e9carter Jean Sans Peur du pouvoir. Le nouveau duc de Bourgogne d\u00e9cide, en 1407, d\u2019assassiner Louis d\u2019Orl\u00e9ans. C\u2019est alors qu\u2019\u00e9clate une guerre civile en France entre les Bourguignons (Jean Sans Peur) et le parti des princes (partisans de la maison d\u2019Orl\u00e9ans, men\u00e9s par Bernard VII, comte d\u2019Armagnac) alors que le roi Charles VI tombe dans la folie.<\/p>\n\n\n\n<div class=\"wp-block-image\"><figure class=\"aligncenter size-full is-resized\"><img decoding=\"async\" src=\"https:\/\/conservativenthusiast.com\/wp-content\/uploads\/2021\/10\/Guerre-de-100-ans-image-part-3-I.jpg\" alt=\"\" class=\"wp-image-56217\" width=\"227\" height=\"242\" srcset=\"https:\/\/conservativenthusiast.com\/wp-content\/uploads\/2021\/10\/Guerre-de-100-ans-image-part-3-I.jpg 320w, https:\/\/conservativenthusiast.com\/wp-content\/uploads\/2021\/10\/Guerre-de-100-ans-image-part-3-I-282x300.jpg 282w, https:\/\/conservativenthusiast.com\/wp-content\/uploads\/2021\/10\/Guerre-de-100-ans-image-part-3-I-11x12.jpg 11w\" sizes=\"(max-width: 227px) 100vw, 227px\" \/><figcaption> Charles VI le Fou (1368-1422), roi de France (1380-1422) <\/figcaption><\/figure><\/div>\n\n\n\n<p>Malgr\u00e9 les provocations et les tentations, Fran\u00e7ais et Anglais ne se font plus officiellement la guerre. Ils ont mieux \u00e0 faire des deux c\u00f4t\u00e9s de la Manche et n\u2019ont pas vraiment les moyens de s\u2019attaquer. Profitant de la relative accalmie dans l\u2019affrontement franco-anglais, les deux camps cherchent \u00e0 r\u00e9soudre le Grand Schisme. Pour ce faire, Fran\u00e7ais et Anglais organisent le Concile de Pise en 1409. La solution qui \u00e9mane de ce concile pour trancher entre les deux papes est d\u2019en \u00e9lire un troisi\u00e8me\u00a0: Alexandre V. Le Grand Schisme d\u2019Occident vient de s\u2019aggraver, il y a d\u00e9sormais trois papes\u00a0: Benoit XIII \u00e0 Avignon, Gr\u00e9goire XII \u00e0 Rome et Alexandre V \u00e0 Bologne.<\/p>\n\n\n\n<p><\/p>\n\n\n\n<h3 class=\"wp-block-heading\"><em><u><span class=\"has-inline-color has-black-color\">La guerre civile fran\u00e7aise et son \u00e9clipse honteuse d\u2019Azincourt (1407-1422)<\/span><\/u><\/em><\/h3>\n\n\n\n<p><\/p>\n\n\n\n<div class=\"wp-block-image\"><figure class=\"aligncenter size-full is-resized\"><img decoding=\"async\" src=\"https:\/\/conservativenthusiast.com\/wp-content\/uploads\/2021\/10\/Guerre-de-100-ans-image-part-3-VI.jpg\" alt=\"\" class=\"wp-image-56218\" width=\"237\" height=\"331\" srcset=\"https:\/\/conservativenthusiast.com\/wp-content\/uploads\/2021\/10\/Guerre-de-100-ans-image-part-3-VI.jpg 215w, https:\/\/conservativenthusiast.com\/wp-content\/uploads\/2021\/10\/Guerre-de-100-ans-image-part-3-VI-9x12.jpg 9w\" sizes=\"(max-width: 237px) 100vw, 237px\" \/><figcaption> Henry V de Lancastre (1386-1422), roi d&#8217;Angleterre (1413-1422) <\/figcaption><\/figure><\/div>\n\n\n\n<p>Les deux camps font rapidement appel \u00e0 Henry IV, roi d\u2019Angleterre, qui a t\u00f4t fait de se laisser convaincre par le plus offrant. En 1413, Henry IV meurt et laisse sa place \u00e0 son fils&nbsp;: Henry V. Celui-ci, deuxi\u00e8me souverain de la dynastie Lancastre (la dynastie Plantagen\u00eat disparait avec Richard II, qui meurt myst\u00e9rieusement en 1400), est militairement tr\u00e8s comp\u00e9tent. Henry V d\u00e9barque en Normandie alors que les Fran\u00e7ais se sont momentan\u00e9ment r\u00e9concili\u00e9s. Mieux, ils veulent en d\u00e9coudre, \u00ab&nbsp;bouter l\u2019Anglois hors de France&nbsp;\u00bb. Les Fran\u00e7ais provoquent le combat le 25 octobre 1415 \u00e0 Azincourt. L\u2019arm\u00e9e fran\u00e7aise dispose d\u2019une sup\u00e9riorit\u00e9 num\u00e9rique \u00e9crasante mais est command\u00e9e par plusieurs nobles dont la strat\u00e9gie est d\u2019une stupidit\u00e9 sans nom : la d\u00e9faite est totale. Henry V jubile.<\/p>\n\n\n\n<div class=\"wp-block-image\"><figure class=\"aligncenter size-large is-resized\"><img decoding=\"async\" src=\"https:\/\/conservativenthusiast.com\/wp-content\/uploads\/2021\/10\/Bataille-dAzincourt-1024x682.jpg\" alt=\"\" class=\"wp-image-56221\" width=\"427\" height=\"284\"\/><figcaption> Bataille d&#8217;Azincourt (25 octobre 1415) <\/figcaption><\/figure><\/div>\n\n\n\n<p>L\u2019heure est aux n\u00e9gociations&nbsp;: une tr\u00eave est proclam\u00e9e de 1416 \u00e0 1417. Henry V en a besoin pour pr\u00e9parer sa prochaine exp\u00e9dition. Jean Sans Peur reconnait le droit de ce dernier au tr\u00f4ne de France. En 1417, le Grand Schisme est enfin r\u00e9solu par l\u2019\u00e9lection du pape Martin V, qui reconnait officiellement tous les papes pr\u00e9c\u00e9dents et leurs cardinaux. En 1415, l\u2019un des papes avait \u00e9t\u00e9 d\u00e9pos\u00e9 et l\u2019autre avait d\u00e9missionn\u00e9. L\u2019\u00e9t\u00e9 1417 venu, Henry V d\u00e9barque en Normandie et prend une bonne partie de la r\u00e9gion. La guerre civile, elle, reprend en France&nbsp;: Armagnac est \u00e0 Paris avec le roi fou, Jean Sans Peur est \u00e0 Tours avec la reine&nbsp;: chacun son pion. Jean prend Paris fin mai 1418, Armagnac est tu\u00e9 par le peuple dans la foul\u00e9e. Henry se rapproche dangereusement de Paris, que la v\u00e9role frappe par ailleurs (20&nbsp;000 morts).<\/p>\n\n\n\n<div class=\"wp-block-image\"><figure class=\"aligncenter size-full is-resized\"><img decoding=\"async\" src=\"https:\/\/conservativenthusiast.com\/wp-content\/uploads\/2021\/10\/Guerre-de-100-ans-image-part-3-V.jpg\" alt=\"\" class=\"wp-image-56222\" width=\"296\" height=\"342\"\/><figcaption>Jean Ier de Bourgogne, dit Sans Peur (1371-1419), duc de Bourgogne (1404-1419)<\/figcaption><\/figure><\/div>\n\n\n\n<div class=\"wp-block-image\"><figure class=\"aligncenter size-full is-resized\"><img decoding=\"async\" src=\"https:\/\/conservativenthusiast.com\/wp-content\/uploads\/2021\/10\/Guerre-de-100-ans-image-part-4-III.jpg\" alt=\"\" class=\"wp-image-56223\" width=\"560\" height=\"399\" srcset=\"https:\/\/conservativenthusiast.com\/wp-content\/uploads\/2021\/10\/Guerre-de-100-ans-image-part-4-III.jpg 464w, https:\/\/conservativenthusiast.com\/wp-content\/uploads\/2021\/10\/Guerre-de-100-ans-image-part-4-III-300x214.jpg 300w, https:\/\/conservativenthusiast.com\/wp-content\/uploads\/2021\/10\/Guerre-de-100-ans-image-part-4-III-18x12.jpg 18w, https:\/\/conservativenthusiast.com\/wp-content\/uploads\/2021\/10\/Guerre-de-100-ans-image-part-4-III-400x284.jpg 400w\" sizes=\"(max-width: 560px) 100vw, 560px\" \/><figcaption> Carte de la France vers 1420 <\/figcaption><\/figure><\/div>\n\n\n\n<p>Jean contr\u00f4le le roi et la reine \u00e0 Paris. Mais un second gouvernement se forme au sud autour du dauphin Charles, fils de Charles VI (et futur Charles VII). En 1419, les deux camps approchent les Anglais. Pour les trois protagonistes, le but est de faire s\u2019entre-tuer les deux autres. Henry est l\u2019homme fort. Cependant, par l\u2019action du pape Martin V, les Fran\u00e7ais se r\u00e9concilient en 1419 et forment une alliance contre les Anglais. Les partis jurent sur l\u2019Evangile et les reliques de la Vraie Croix. Pourtant, le dauphin Charles pi\u00e8ge et assassine Jean Sans Peur \u00e0 leur premi\u00e8re rencontre, \u00e0 Montereau. Philippe le Bon, fils de Jean et nouveau duc de Bourgogne, fait sans surprise alliance avec Henry V.<\/p>\n\n\n\n<div class=\"wp-block-image\"><figure class=\"aligncenter size-large is-resized\"><img decoding=\"async\" src=\"https:\/\/conservativenthusiast.com\/wp-content\/uploads\/2021\/10\/Assassinat-de-Montereau-982x1024.jpg\" alt=\"\" class=\"wp-image-56224\" width=\"379\" height=\"395\"\/><figcaption> Assassinat de Montereau (10 septembre 1419) <\/figcaption><\/figure><\/div>\n\n\n\n<p>La guerre civile fran\u00e7aise reprend ainsi entre le dauphin Charles au sud et le duc de Bourgogne au nord-est. Henry V, qui contr\u00f4le Paris, en profite pour assurer l\u2019h\u00e9ritage de son fils, promis \u00e0 une double couronne. Le trait\u00e9 de Troyes, le 21 mai 1420, assure \u00e0 Henry la couronne de France apr\u00e8s la mort de Charles VI, fou, vieillissant et malade. La reine, Isabeau de Bavi\u00e8re, vient tout bonnement de d\u00e9sh\u00e9riter son fils, le futur Charles VII. Henry V meurt pourtant peu apr\u00e8s, le 31 ao\u00fbt 1422, pr\u00e9matur\u00e9ment (35 ans), suivi de pr\u00e8s par Charles VI de France (\u00e0 53 ans, le 21 octobre), auquel il devait succ\u00e9der. Son fr\u00e8re Bedford assure la r\u00e9gence du jeune Henry VI qui doit r\u00e9gner sur les royaumes de France et d\u2019Angleterre.<\/p>\n\n\n\n<p><\/p>\n\n\n\n<h3 class=\"wp-block-heading\"><em><u><span class=\"has-inline-color has-black-color\">Bedford et la tentative du triumvirat\u00a0: tout se tient, donc rien n\u2019est stable (1422-1429)<\/span><\/u><\/em><\/h3>\n\n\n\n<p><\/p>\n\n\n\n<p>Bedford n\u2019a pas une t\u00e2che facile et les alliances sont fluctuantes entre les Anglais, les ducs de Bourgogne et de Bretagne et le dauphin Charles. Car tout se complique. Sous la r\u00e9gence des oncles en France, dans les ann\u00e9es 1380, Jean IV, duc de Bretagne, s\u2019est de nouveau rapproch\u00e9 des Anglais. A Jean IV, mort en 1399, succ\u00e8de Jean V, \u00e9galement anglophile. Alors, pour consolider l\u2019alliance entre l\u2019Angleterre, la Bourgogne et la Bretagne, le r\u00e9gent Bedford, le duc de Bourgogne Philippe le Bon et le fr\u00e8re du duc de Bretagne, Arthur de Richemont, se sont arrang\u00e9s pour devenir beau-fr\u00e8re les uns des autres en 1423. C\u2019est une sorte de triumvirat.<\/p>\n\n\n\n<div class=\"wp-block-image\"><figure class=\"aligncenter size-full is-resized\"><img decoding=\"async\" src=\"https:\/\/conservativenthusiast.com\/wp-content\/uploads\/2021\/10\/Bedford-copie.jpg\" alt=\"\" class=\"wp-image-56205\" width=\"262\" height=\"292\" srcset=\"https:\/\/conservativenthusiast.com\/wp-content\/uploads\/2021\/10\/Bedford-copie.jpg 330w, https:\/\/conservativenthusiast.com\/wp-content\/uploads\/2021\/10\/Bedford-copie-269x300.jpg 269w, https:\/\/conservativenthusiast.com\/wp-content\/uploads\/2021\/10\/Bedford-copie-11x12.jpg 11w\" sizes=\"(max-width: 262px) 100vw, 262px\" \/><figcaption>John de Lancastre (1389-1435), duc de Bedford (1414-1435)<\/figcaption><\/figure><\/div>\n\n\n\n<p>Mais Humphrey, le fr\u00e8re de Bedford, distend les liens avec Philippe le Bon, duc de Bourgogne. Car si Bedford est r\u00e9gent anglais en France, son fr\u00e8re Humphrey est r\u00e9gent en Angleterre. Et Humphrey, qui a le sang chaud, n\u2019est pas diplomate. Il faut dire, \u00e9galement, que l\u2019Angleterre craint que cette double couronne avec l\u2019immense royaume fran\u00e7ais n\u2019\u00e9clipse l\u2019importance de l\u2019\u00eele britannique. Les faits donnent raisons aux Anglais inquiets&nbsp;: les souverains sont longuement absents quand les tr\u00eaves se brisent. Pour ne rien arranger, de Richemont joue double jeu.<\/p>\n\n\n\n<div class=\"wp-block-image\"><figure class=\"aligncenter size-full is-resized\"><img decoding=\"async\" src=\"https:\/\/conservativenthusiast.com\/wp-content\/uploads\/2021\/10\/Guerre-de-100-ans-image-part-4-IV.jpg\" alt=\"\" class=\"wp-image-56225\" width=\"251\" height=\"364\" srcset=\"https:\/\/conservativenthusiast.com\/wp-content\/uploads\/2021\/10\/Guerre-de-100-ans-image-part-4-IV.jpg 191w, https:\/\/conservativenthusiast.com\/wp-content\/uploads\/2021\/10\/Guerre-de-100-ans-image-part-4-IV-8x12.jpg 8w\" sizes=\"(max-width: 251px) 100vw, 251px\" \/><figcaption>Arthur de Richemont, conn\u00e9table de France (1425-1458)<\/figcaption><\/figure><\/div>\n\n\n\n<p>Captif des Anglais apr\u00e8s Azincourt (1415), il se consid\u00e8re libre d\u2019eux \u00e0 la mort d\u2019Henry V (1422). Apr\u00e8s la terrible d\u00e9faite du dauphin Charles \u00e0 Verneuil (17 ao\u00fbt 1424), celui-ci n\u2019a plus de conn\u00e9table. Yolande d\u2019Anjou, au sens politique aiguis\u00e9 et influen\u00e7ant grandement le dauphin Charles, lui sugg\u00e8re de le remplacer par Arthur de Richemont. En 1425, Richemont accepte de devenir conn\u00e9table du futur Charles VII. Ce changement d\u2019all\u00e9geance ram\u00e8ne un temps Jean V dans l\u2019alliance avec le dauphin Charles. Mais son territoire est trop \u00e9loign\u00e9 de celui du dauphin \u2026 Donc il revient dans le camp anglais en 1428, sous la menace. La m\u00eame ann\u00e9e, les Anglais posent le si\u00e8ge sur Orl\u00e9ans. C\u2019est dans ce contexte qu\u2019apparait, en avril 1429, un personnage symbolique\u00a0: Jeanne d\u2019Arc.<\/p>\n\n\n\n<p><\/p>\n\n\n\n<h3 class=\"wp-block-heading\"><em><u><span class=\"has-inline-color has-black-color\">Jeanne d\u2019Arc\u00a0: utile mais non d\u00e9cisive, un symbole entre mythe et v\u00e9rit\u00e9 (1429-1431)<\/span><\/u><\/em><\/h3>\n\n\n\n<p><\/p>\n\n\n\n<p>Le mot \u00ab&nbsp;symbolique&nbsp;\u00bb n\u2019est pas anodin et se traduit par une v\u00e9rit\u00e9 arrang\u00e9e. Paysanne inspir\u00e9e, comme il en existe beaucoup \u00e0 l\u2019\u00e9poque, Jeanne d\u2019Arc s\u2019en va effectivement trouver le dauphin. Celui-ci accepte ses services car sa situation est compliqu\u00e9e et il n\u2019a rien \u00e0 y perdre. Jeanne d\u2019Arc souhaite d\u00e9livrer Orl\u00e9ans du si\u00e8ge des Anglais. Sa strat\u00e9gie est d\u2019ex\u00e9cuter une sortie de la ville et d\u2019attaquer frontalement les hommes de Bedford. Cette strat\u00e9gie, normalement vou\u00e9e \u00e0 l\u2019\u00e9chec, est remani\u00e9e par un strat\u00e8ge plus exp\u00e9riment\u00e9 et fonctionne. Les Anglais partent le 8 mai 1429. Ce n\u2019est pas un hasard&nbsp;: le si\u00e8ge d\u2019Orl\u00e9ans, commenc\u00e9 sept mois auparavant, co\u00fbtait cher \u00e0 Bedford et la ville ne semblait pas en passe de flancher. Bedford, en r\u00e9alit\u00e9, n\u2019attendait qu\u2019un pr\u00e9texte pour partir. Jeanne d\u2019Arc est utilis\u00e9e par Bedford comme une excuse pour justifier son \u00e9chec.<\/p>\n\n\n\n<div class=\"wp-block-image\"><figure class=\"aligncenter size-full is-resized\"><img decoding=\"async\" src=\"https:\/\/conservativenthusiast.com\/wp-content\/uploads\/2021\/10\/Guerre-de-100-ans-image-part-4-V.jpg\" alt=\"\" class=\"wp-image-56226\" width=\"264\" height=\"372\" srcset=\"https:\/\/conservativenthusiast.com\/wp-content\/uploads\/2021\/10\/Guerre-de-100-ans-image-part-4-V.jpg 210w, https:\/\/conservativenthusiast.com\/wp-content\/uploads\/2021\/10\/Guerre-de-100-ans-image-part-4-V-9x12.jpg 9w\" sizes=\"(max-width: 264px) 100vw, 264px\" \/><figcaption>Jeanne d&#8217;Arc (v1412-1431)<\/figcaption><\/figure><\/div>\n\n\n\n<p>Les Fran\u00e7ais, qui plus est, obtiennent une grande victoire \u00e0 Patay le 18 juin 1429. Apr\u00e8s la lib\u00e9ration d\u2019Orl\u00e9ans, Jeanne d\u2019Arc souhaite emmener le dauphin Charles \u00e0 Reims, au beau milieu du territoire \u2013 hostile \u2013 des Bourguignons, pour qu\u2019il s\u2019y fasse sacrer. L\u2019arm\u00e9e de Charles ne rencontre aucune opposition. Ce second exploit s\u2019explique facilement&nbsp;: les villes bourguignonnes n\u2019avaient aucun int\u00e9r\u00eat \u00e0 lever une arm\u00e9e pour essayer de barrer le chemin \u00e0 une arm\u00e9e qui ne faisait que passer. Alors on laissa faire. Le sacre b\u00e2cl\u00e9 de Charles VII \u00e0 Reims (17 juillet 1429) fera \u00e9cho au sacre b\u00e2cl\u00e9 d\u2019Henry VI \u00e0 Paris (16 d\u00e9cembre 1431). Il n\u2019y aura pas de troisi\u00e8me exploit pour Jeanne d\u2019Arc. Celle-ci, sur le chemin du retour, tente de prendre Paris avec une partie, seulement, de l\u2019arm\u00e9e en septembre 1429. Son offensive est repouss\u00e9e. Le symbole est bris\u00e9, Charles VII veut donc s\u2019en d\u00e9barrasser.<\/p>\n\n\n\n<div class=\"wp-block-image\"><figure class=\"aligncenter size-full is-resized\"><img decoding=\"async\" src=\"https:\/\/conservativenthusiast.com\/wp-content\/uploads\/2021\/10\/Guerre-de-100-ans-image-part-4-VI.jpg\" alt=\"\" class=\"wp-image-56227\" width=\"412\" height=\"476\"\/><figcaption> Sacre de Charles VII (17 juillet 1429) <\/figcaption><\/figure><\/div>\n\n\n\n<p>Charles VII envoie Jeanne d\u2019Arc \u00ab\u00a0d\u00e9livrer\u00a0\u00bb Compi\u00e8gne du si\u00e8ge des Bourguignons. Alors qu\u2019elle effectue une sortie, on ferme les portes derri\u00e8re elle. Captur\u00e9e, Jeanne d\u2019Arc est vendue aux Anglais qui en font un jugement exp\u00e9ditif dont le verdique est sans appel\u00a0: le b\u00fbcher. Ainsi br\u00fble, le 30 mai 1431, le symbole que fut Jeanne d\u2019Arc.<\/p>\n\n\n\n<p><\/p>\n\n\n\n<h3 class=\"wp-block-heading\"><em><u><span class=\"has-inline-color has-black-color\">Charles VII le bien servi, ou la contre-attaque fran\u00e7aise victorieuse (1435-1453)<\/span><\/u><\/em><\/h3>\n\n\n\n<p><\/p>\n\n\n\n<p>La guerre devient alors d\u00e9cousue, entre guerres priv\u00e9es et coups de main, jusqu\u2019en 1435. Bedford meurt cette m\u00eame ann\u00e9e en plein congr\u00e8s d\u2019Arras qui rassemble tous les partis. Les Fran\u00e7ais, laiss\u00e9s seuls par les Anglais, se pardonnent et s\u2019allient. Paris tombe de nouveau dans l\u2019escarcelle fran\u00e7aise en 1436.<\/p>\n\n\n\n<div class=\"wp-block-image\"><figure class=\"aligncenter size-full is-resized\"><img decoding=\"async\" src=\"https:\/\/conservativenthusiast.com\/wp-content\/uploads\/2021\/10\/Guerre-de-100-ans-image-part-4-II.jpg\" alt=\"\" class=\"wp-image-56228\" width=\"550\" height=\"339\" srcset=\"https:\/\/conservativenthusiast.com\/wp-content\/uploads\/2021\/10\/Guerre-de-100-ans-image-part-4-II.jpg 550w, https:\/\/conservativenthusiast.com\/wp-content\/uploads\/2021\/10\/Guerre-de-100-ans-image-part-4-II-480x296.jpg 480w\" sizes=\"(min-width: 0px) and (max-width: 480px) 480px, (min-width: 481px) 550px, 100vw\" \/><figcaption> Charles VII le Bien Servi (1403-1461), roi de France (1422-1461) <\/figcaption><\/figure><\/div>\n\n\n\n<p>Charles VII r\u00e9forme l\u2019arm\u00e9e et contre-attaque partout. Une tr\u00eave, la derni\u00e8re, est sign\u00e9e en 1444. Fran\u00e7ois Ier, duc de Bretagne apr\u00e8s la mort de son p\u00e8re Jean V en 1442, rejoint d\u00e9finitivement Charles VII car n\u00e9glig\u00e9 par les Anglais. La France unifi\u00e9e de Charles VII est dans une excellente situation militaire et \u00e9conomique alors que l\u2019Angleterre s\u2019enfonce dans de graves troubles internes. En 1449, Charles VII relance les hostilit\u00e9s et m\u00e8ne une guerre \u00e9clair en Normandie, notamment avec la bataille de Formigny le 15 avril 1450, victoire fran\u00e7aise d\u00e9cisive. Charles VII enchaine avec l\u2019Aquitaine et prend Bordeaux le 30 juin 1451, mettant fin \u00e0 300 ans de domination anglaise ininterrompue. Cependant, le roi doit s\u2019occuper de son fils turbulent au sud-est&nbsp;: Bordeaux est repris par les Anglais, sans combattre.<\/p>\n\n\n\n<div class=\"wp-block-image\"><figure class=\"aligncenter size-full is-resized\"><img decoding=\"async\" src=\"https:\/\/conservativenthusiast.com\/wp-content\/uploads\/2021\/10\/Mort-de-Talbot-bis.jpg\" alt=\"\" class=\"wp-image-56206\" width=\"272\" height=\"343\" srcset=\"https:\/\/conservativenthusiast.com\/wp-content\/uploads\/2021\/10\/Mort-de-Talbot-bis.jpg 175w, https:\/\/conservativenthusiast.com\/wp-content\/uploads\/2021\/10\/Mort-de-Talbot-bis-10x12.jpg 10w\" sizes=\"(max-width: 272px) 100vw, 272px\" \/><figcaption> La mort de John Talbot, lors de la bataille de Castillon (17 juillet 1453) <\/figcaption><\/figure><\/div>\n\n\n\n<p>Charles VII, furieux, reconquiert l\u2019Aquitaine et met fin \u00e0 la guerre de Cent Ans avec la bataille de Castillon, le 17 juillet 1453. Talbot, le chef anglais, vieux mais surtout fortement \u00e9m\u00e9ch\u00e9, donne une victoire facile \u00e0 la France. C\u2019est la fin d\u2019une guerre sans fin. L\u2019Angleterre, embourb\u00e9e dans une guerre civile naissante entre la dynastie des Lancastre et celle des York, dite guerre des Deux Roses (1455-1485), ne pouvait plus lutter sur le continent. La m\u00eame ann\u00e9e que Castillon, en 1453, Constantinople tombe \u00e0 l\u2019autre bout de l\u2019Europe, devant les Ottomans. Cet \u00e9v\u00e9nement motivera la recherche de nouvelles voies maritimes vers les Indes, pour contourner l\u2019Empire ottoman, provoquant la d\u00e9couverte du Nouveau Monde\u00a0: les Am\u00e9riques<\/p>\n\n\n\n<p>.<\/p>\n\n\n\n<h2 class=\"wp-block-heading\"><span class=\"has-inline-color has-black-color\">Source (texte) :<\/span><\/h2>\n\n\n\n<p><strong>Minois,<\/strong>\u00a0Georges (2010)<strong>.<\/strong>\u00a0<em>La guerre de Cent Ans<\/em><strong>.<\/strong>\u00a0Paris<strong>\u00a0:\u00a0<\/strong>Perrin<strong>,<\/strong>\u00a0832p<strong>.<\/strong><\/p>\n\n\n\n<p><\/p>\n\n\n\n<h2 class=\"wp-block-heading\"><span class=\"has-inline-color has-black-color\">Sources (images) :<\/span><\/h2>\n\n\n\n<p><a href=\"http:\/\/lepuitdesciences-com.over-blog.com\/2015\/04\/la-dynastie-des-capetiens.html\">http:\/\/lepuitdesciences-com.over-blog.com\/2015\/04\/la-dynastie-des-capetiens.html<\/a> (Philippe VI de Valois)<\/p>\n\n\n\n<p><a href=\"https:\/\/www.alamyimages.fr\/photos-images\/king-edward-iii-of-england.html\">https:\/\/www.alamyimages.fr\/photos-images\/king-edward-iii-of-england.html<\/a> (Edward III)<\/p>\n\n\n\n<p><a href=\"http:\/\/cabaret.over-blog.org\/article-7043992.html\">http:\/\/cabaret.over-blog.org\/article-7043992.html<\/a> (l\u2019Ecluse)<\/p>\n\n\n\n<p><a href=\"https:\/\/www.bretagneweb.com\/histoires\/bretagne-guerre-de-succession.htm\">https:\/\/www.bretagneweb.com\/histoires\/bretagne-guerre-de-succession.htm<\/a> (succession de Bretagne)<\/p>\n\n\n\n<p><a href=\"https:\/\/www.reddit.com\/r\/europe\/comments\/8v1kgi\/europe_in_1300\/\">https:\/\/www.reddit.com\/r\/europe\/comments\/8v1kgi\/europe_in_1300\/<\/a> (l\u2019Europe en 1300)<\/p>\n\n\n\n<p><a href=\"http:\/\/www.cosmovisions.com\/JeanIIBon.htm\">http:\/\/www.cosmovisions.com\/JeanIIBon.htm<\/a> (Jean II le Bon)<\/p>\n\n\n\n<p><a href=\"http:\/\/bramirez.free.fr\/charles_le_mauvais.htm\">http:\/\/bramirez.free.fr\/charles_le_mauvais.htm<\/a> (Charles le Mauvais)<\/p>\n\n\n\n<p><a href=\"https:\/\/davedoeshistory.wordpress.com\/2018\/08\/09\/the-first-duke-of-cornwall-edward-the-black-prince\/\">https:\/\/davedoeshistory.wordpress.com\/2018\/08\/09\/the-first-duke-of-cornwall-edward-the-black-prince\/<\/a> (Le Prince Noir)<\/p>\n\n\n\n<p><a href=\"https:\/\/gw.geneanet.org\/loic15?lang=fr&amp;n=capetiens+de+valois&amp;oc=0&amp;p=charles+v+le+sage\">https:\/\/gw.geneanet.org\/loic15?lang=fr&amp;n=capetiens+de+valois&amp;oc=0&amp;p=charles+v+le+sage<\/a> (Charles V le Sage)<\/p>\n\n\n\n<p><a href=\"https:\/\/www.francebleu.fr\/emissions\/histoires-du-poitou-avec-patrick-sitaud\/poitou\/pourquoi-y-a-t-il-un-centre-du-guesclin-a-niort\">https:\/\/www.francebleu.fr\/emissions\/histoires-du-poitou-avec-patrick-sitaud\/poitou\/pourquoi-y-a-t-il-un-centre-du-guesclin-a-niort<\/a> (Bertrand du Guesclin)<\/p>\n\n\n\n<p><a href=\"https:\/\/www.france-pittoresque.com\/spip.php?article2320\">https:\/\/www.france-pittoresque.com\/spip.php?article2320<\/a> (Charles VI le Fou)<\/p>\n\n\n\n<p><a href=\"https:\/\/www.britannica.com\/biography\/Henry-V-king-of-England\">https:\/\/www.britannica.com\/biography\/Henry-V-king-of-England<\/a> (Henry V)<\/p>\n\n\n\n<p><a href=\"https:\/\/fr.wikipedia.org\/wiki\/Bataille_d%27Azincourt\">https:\/\/fr.wikipedia.org\/wiki\/Bataille_d%27Azincourt<\/a> (bataille d&#8217;Azincourt)<\/p>\n\n\n\n<p><a href=\"http:\/\/bourgogne.over-blog.com\/article-925800.html\">http:\/\/bourgogne.over-blog.com\/article-925800.html<\/a> (Jean Sans Peur, duc de Bourgogne)<\/p>\n\n\n\n<p><a href=\"https:\/\/freyr1978.skyrock.com\/photo.html?id_article=2906345641&amp;id_article_media=33568491\">https:\/\/freyr1978.skyrock.com\/photo.html?id_article=2906345641&amp;id_article_media=33568491<\/a> (carte 1425 environ)<\/p>\n\n\n\n<p><a href=\"https:\/\/en.wikipedia.org\/wiki\/John_of_Lancaster,_1st_Duke_of_Bedford\">https:\/\/en.wikipedia.org\/wiki\/John_of_Lancaster,_1st_Duke_of_Bedford<\/a> (Bedford)<\/p>\n\n\n\n<p><a href=\"https:\/\/fr.wikipedia.org\/wiki\/Assassinat_de_Jean_Ier_de_Bourgogne\">https:\/\/fr.wikipedia.org\/wiki\/Assassinat_de_Jean_Ier_de_Bourgogne<\/a> (assassinat de Montereau)<\/p>\n\n\n\n<p><a href=\"https:\/\/www.herodote.net\/17_juillet_1429-evenement-14290717.php\">https:\/\/www.herodote.net\/17_juillet_1429-evenement-14290717.php<\/a> (sacre de Charles VII)<\/p>\n\n\n\n<p><a href=\"http:\/\/duguesclin.free.fr\/guerre_de_cent_ans\/page\/Richemont.htm\">http:\/\/duguesclin.free.fr\/guerre_de_cent_ans\/page\/Richemont.htm<\/a> (de Richemont)<\/p>\n\n\n\n<p><a href=\"http:\/\/www.1000questions.net\/fr\/jeanne\/\">http:\/\/www.1000questions.net\/fr\/jeanne\/<\/a> (Jeanne d\u2019Arc)<\/p>\n\n\n\n<p><a href=\"https:\/\/citeroyaleloches.fr\/decouvrez\/personnages\/charles-vii\">https:\/\/citeroyaleloches.fr\/decouvrez\/personnages\/charles-vii<\/a> (Charles VII)<\/p>\n\n\n\n<p><a href=\"https:\/\/en.wikipedia.org\/wiki\/Battle_of_Castillon\">https:\/\/en.wikipedia.org\/wiki\/Battle_of_Castillon<\/a> (John Talbot \u00e0 Castillon)<\/p>\n\n\n\n<p><\/p>\n\n\n\n<p><\/p>\n\n\n\n<p><\/p>\n\n\n<div class=\"sabox-plus-item\"><div class=\"saboxplugin-wrap\" itemtype=\"http:\/\/schema.org\/Person\" itemscope itemprop=\"author\"><div class=\"saboxplugin-tab\"><div class=\"saboxplugin-gravatar\"><img alt='Virgile H.' src='https:\/\/secure.gravatar.com\/avatar\/0ab0cc45bc0f52ccc70791c762119b9f?s=100&#038;d=mm&#038;r=g' srcset='https:\/\/secure.gravatar.com\/avatar\/0ab0cc45bc0f52ccc70791c762119b9f?s=200&#038;d=mm&#038;r=g 2x' class='avatar avatar-100 photo' height='100' width='100' itemprop=\"image\" decoding='async'\/><\/div><div class=\"saboxplugin-authorname\"><a href=\"https:\/\/conservativenthusiast.com\/en\/author\/virgile\/\" class=\"vcard author\" rel=\"author\"><span class=\"fn\">Virgile H.<\/span><\/a><\/div><div class=\"saboxplugin-desc\"><div itemprop=\"description\"><p>Si vous appr\u00e9ciez les articles de ce r\u00e9dacteur et que vous souhaitez en d\u00e9couvrir davantage sur lui ou ses \u00e9crits, vous pouvez consulter tous ses articles en cliquant sur son pseudo ou en apprendre plus sur notre page &#8220;<a href=\"https:\/\/conservativenthusiast.com\/en\/notre-equipe\/\">Our team<\/a>&#8220;. Vous pouvez \u00e9galement le suivre sur ses diff\u00e9rents r\u00e9seaux sociaux ci-dessous.<\/p>\n<\/div><\/div><div class=\"clearfix\"><\/div><\/div><\/div><\/div>\n\n\n<p><\/p>\n\n\n\n<p><\/p>","protected":false},"excerpt":{"rendered":"<p>Trois foyers pour un brasier s\u00e9culaire Si la guerre commence, c\u2019est parce qu\u2019une crise dynastique frappe la France, agr\u00e9ment\u00e9e des [&hellip;]<\/p>","protected":false},"author":3,"featured_media":56265,"comment_status":"open","ping_status":"open","sticky":false,"template":"","format":"standard","meta":{"_et_pb_use_builder":"off","_et_pb_old_content":"","_et_gb_content_width":"","_exactmetrics_skip_tracking":false,"_exactmetrics_sitenote_active":false,"_exactmetrics_sitenote_note":"","_exactmetrics_sitenote_category":0,"footnotes":""},"categories":[6],"tags":[582,14,336,584,583],"yoast_head":"<!-- This site is optimized with the Yoast SEO plugin v22.3 - https:\/\/yoast.com\/wordpress\/plugins\/seo\/ -->\n<title>La guerre de Cent Ans : un conflit s\u00e9culaire (1337-1453) - The Conservative Enthusiast<\/title>\n<meta name=\"description\" content=\"\u27bd D\u00e9couvrez la guerre de Cent Ans sur The Conservative Enthusiast : la plateforme de partage et d&#039;apprentissage des conservateurs.\" \/>\n<meta name=\"robots\" content=\"index, follow, max-snippet:-1, max-image-preview:large, max-video-preview:-1\" \/>\n<link rel=\"canonical\" href=\"https:\/\/conservativenthusiast.com\/en\/la-guerre-de-cent-ans-un-conflit-seculaire-1337-1453\/\" \/>\n<meta property=\"og:locale\" content=\"en_GB\" \/>\n<meta property=\"og:type\" content=\"article\" \/>\n<meta property=\"og:title\" content=\"La guerre de Cent Ans : un conflit s\u00e9culaire (1337-1453) - The Conservative Enthusiast\" \/>\n<meta property=\"og:description\" content=\"\u27bd D\u00e9couvrez la guerre de Cent Ans sur The Conservative Enthusiast : la plateforme de partage et d&#039;apprentissage des conservateurs.\" \/>\n<meta property=\"og:url\" content=\"https:\/\/conservativenthusiast.com\/en\/la-guerre-de-cent-ans-un-conflit-seculaire-1337-1453\/\" \/>\n<meta property=\"og:site_name\" content=\"The Conservative Enthusiast\" \/>\n<meta property=\"article:author\" content=\"https:\/\/www.facebook.com\/Hgmonie-399430870688501\" \/>\n<meta property=\"article:published_time\" content=\"2021-10-10T15:32:09+00:00\" \/>\n<meta property=\"article:modified_time\" content=\"2021-10-17T19:23:46+00:00\" \/>\n<meta property=\"og:image\" content=\"https:\/\/conservativenthusiast.com\/wp-content\/uploads\/2021\/10\/jeanne.jpg\" \/>\n\t<meta property=\"og:image:width\" content=\"1000\" \/>\n\t<meta property=\"og:image:height\" content=\"732\" \/>\n\t<meta property=\"og:image:type\" content=\"image\/jpeg\" \/>\n<meta name=\"author\" content=\"Virgile H.\" \/>\n<meta name=\"twitter:card\" content=\"summary_large_image\" \/>\n<meta name=\"twitter:label1\" content=\"Written by\" \/>\n\t<meta name=\"twitter:data1\" content=\"Virgile H.\" \/>\n\t<meta name=\"twitter:label2\" content=\"Estimated reading time\" \/>\n\t<meta name=\"twitter:data2\" content=\"23 minutes\" \/>\n<script type=\"application\/ld+json\" class=\"yoast-schema-graph\">{\"@context\":\"https:\/\/schema.org\",\"@graph\":[{\"@type\":\"Article\",\"@id\":\"https:\/\/conservativenthusiast.com\/la-guerre-de-cent-ans-un-conflit-seculaire-1337-1453\/#article\",\"isPartOf\":{\"@id\":\"https:\/\/conservativenthusiast.com\/la-guerre-de-cent-ans-un-conflit-seculaire-1337-1453\/\"},\"author\":{\"name\":\"Virgile H.\",\"@id\":\"https:\/\/conservativenthusiast.com\/#\/schema\/person\/f47da4ef4c2e97efe4abec2793772472\"},\"headline\":\"La guerre de Cent Ans : un conflit s\u00e9culaire (1337-1453)\",\"datePublished\":\"2021-10-10T15:32:09+00:00\",\"dateModified\":\"2021-10-17T19:23:46+00:00\",\"mainEntityOfPage\":{\"@id\":\"https:\/\/conservativenthusiast.com\/la-guerre-de-cent-ans-un-conflit-seculaire-1337-1453\/\"},\"wordCount\":4867,\"commentCount\":1,\"publisher\":{\"@id\":\"https:\/\/conservativenthusiast.com\/#organization\"},\"image\":{\"@id\":\"https:\/\/conservativenthusiast.com\/la-guerre-de-cent-ans-un-conflit-seculaire-1337-1453\/#primaryimage\"},\"thumbnailUrl\":\"https:\/\/conservativenthusiast.com\/wp-content\/uploads\/2021\/10\/jeanne.jpg\",\"keywords\":[\"Guerre de Cent Ans\",\"Histoire\",\"Histoire de France\",\"Histoire Guerre de Cent Ans\",\"Jeanne d&#039;Arc\"],\"articleSection\":[\"Histoire\"],\"inLanguage\":\"en-GB\",\"potentialAction\":[{\"@type\":\"CommentAction\",\"name\":\"Comment\",\"target\":[\"https:\/\/conservativenthusiast.com\/la-guerre-de-cent-ans-un-conflit-seculaire-1337-1453\/#respond\"]}]},{\"@type\":\"WebPage\",\"@id\":\"https:\/\/conservativenthusiast.com\/la-guerre-de-cent-ans-un-conflit-seculaire-1337-1453\/\",\"url\":\"https:\/\/conservativenthusiast.com\/la-guerre-de-cent-ans-un-conflit-seculaire-1337-1453\/\",\"name\":\"La guerre de Cent Ans : un conflit s\u00e9culaire (1337-1453) - The Conservative Enthusiast\",\"isPartOf\":{\"@id\":\"https:\/\/conservativenthusiast.com\/#website\"},\"primaryImageOfPage\":{\"@id\":\"https:\/\/conservativenthusiast.com\/la-guerre-de-cent-ans-un-conflit-seculaire-1337-1453\/#primaryimage\"},\"image\":{\"@id\":\"https:\/\/conservativenthusiast.com\/la-guerre-de-cent-ans-un-conflit-seculaire-1337-1453\/#primaryimage\"},\"thumbnailUrl\":\"https:\/\/conservativenthusiast.com\/wp-content\/uploads\/2021\/10\/jeanne.jpg\",\"datePublished\":\"2021-10-10T15:32:09+00:00\",\"dateModified\":\"2021-10-17T19:23:46+00:00\",\"description\":\"\u27bd D\u00e9couvrez la guerre de Cent Ans sur The Conservative Enthusiast : la plateforme de partage et d'apprentissage des conservateurs.\",\"breadcrumb\":{\"@id\":\"https:\/\/conservativenthusiast.com\/la-guerre-de-cent-ans-un-conflit-seculaire-1337-1453\/#breadcrumb\"},\"inLanguage\":\"en-GB\",\"potentialAction\":[{\"@type\":\"ReadAction\",\"target\":[\"https:\/\/conservativenthusiast.com\/la-guerre-de-cent-ans-un-conflit-seculaire-1337-1453\/\"]}]},{\"@type\":\"ImageObject\",\"inLanguage\":\"en-GB\",\"@id\":\"https:\/\/conservativenthusiast.com\/la-guerre-de-cent-ans-un-conflit-seculaire-1337-1453\/#primaryimage\",\"url\":\"https:\/\/conservativenthusiast.com\/wp-content\/uploads\/2021\/10\/jeanne.jpg\",\"contentUrl\":\"https:\/\/conservativenthusiast.com\/wp-content\/uploads\/2021\/10\/jeanne.jpg\",\"width\":1000,\"height\":732,\"caption\":\"Guerre de Cent Ans : Jeanne d'Arc en armure devant Orleans. Detail de la peinture par Jules Eugene Lenepveu (1819 - 1898), 1886-1890. Pantheon, Paris. \u00a9Photo Josse\/Leemage\"},{\"@type\":\"BreadcrumbList\",\"@id\":\"https:\/\/conservativenthusiast.com\/la-guerre-de-cent-ans-un-conflit-seculaire-1337-1453\/#breadcrumb\",\"itemListElement\":[{\"@type\":\"ListItem\",\"position\":1,\"name\":\"Accueil\",\"item\":\"https:\/\/conservativenthusiast.com\/\"},{\"@type\":\"ListItem\",\"position\":2,\"name\":\"La guerre de Cent Ans : un conflit s\u00e9culaire (1337-1453)\"}]},{\"@type\":\"WebSite\",\"@id\":\"https:\/\/conservativenthusiast.com\/#website\",\"url\":\"https:\/\/conservativenthusiast.com\/\",\"name\":\"The Conservative Enthusiast\",\"description\":\"La plateforme de r\u00e9information, de partage et d&#039;apprentissage des conservateurs.\",\"publisher\":{\"@id\":\"https:\/\/conservativenthusiast.com\/#organization\"},\"potentialAction\":[{\"@type\":\"SearchAction\",\"target\":{\"@type\":\"EntryPoint\",\"urlTemplate\":\"https:\/\/conservativenthusiast.com\/?s={search_term_string}\"},\"query-input\":\"required name=search_term_string\"}],\"inLanguage\":\"en-GB\"},{\"@type\":\"Organization\",\"@id\":\"https:\/\/conservativenthusiast.com\/#organization\",\"name\":\"The Conservative Enthusiast\",\"url\":\"https:\/\/conservativenthusiast.com\/\",\"logo\":{\"@type\":\"ImageObject\",\"inLanguage\":\"en-GB\",\"@id\":\"https:\/\/conservativenthusiast.com\/#\/schema\/logo\/image\/\",\"url\":\"https:\/\/i0.wp.com\/conservativeenthusiast.com\/wp-content\/uploads\/2020\/06\/LOGO-CE-MINI.png?fit=3867%2C1180&ssl=1\",\"contentUrl\":\"https:\/\/i0.wp.com\/conservativeenthusiast.com\/wp-content\/uploads\/2020\/06\/LOGO-CE-MINI.png?fit=3867%2C1180&ssl=1\",\"width\":3867,\"height\":1180,\"caption\":\"The Conservative Enthusiast\"},\"image\":{\"@id\":\"https:\/\/conservativenthusiast.com\/#\/schema\/logo\/image\/\"}},{\"@type\":\"Person\",\"@id\":\"https:\/\/conservativenthusiast.com\/#\/schema\/person\/f47da4ef4c2e97efe4abec2793772472\",\"name\":\"Virgile H.\",\"image\":{\"@type\":\"ImageObject\",\"inLanguage\":\"en-GB\",\"@id\":\"https:\/\/conservativenthusiast.com\/#\/schema\/person\/image\/\",\"url\":\"https:\/\/secure.gravatar.com\/avatar\/0ab0cc45bc0f52ccc70791c762119b9f?s=96&d=mm&r=g\",\"contentUrl\":\"https:\/\/secure.gravatar.com\/avatar\/0ab0cc45bc0f52ccc70791c762119b9f?s=96&d=mm&r=g\",\"caption\":\"Virgile H.\"},\"description\":\"Si vous appr\u00e9ciez les articles de ce r\u00e9dacteur et que vous souhaitez en d\u00e9couvrir davantage sur lui ou ses \u00e9crits, vous pouvez consulter tous ses articles en cliquant sur son pseudo ou en apprendre plus sur notre page \\\"Notre \u00e9quipe\\\". Vous pouvez \u00e9galement le suivre sur ses diff\u00e9rents r\u00e9seaux sociaux ci-dessous.\",\"sameAs\":[\"http:\/\/hegemonie.fr\/\",\"https:\/\/www.facebook.com\/Hgmonie-399430870688501\"],\"url\":\"https:\/\/conservativenthusiast.com\/en\/author\/virgile\/\"}]}<\/script>\n<!-- \/ Yoast SEO plugin. -->","yoast_head_json":{"title":"La guerre de Cent Ans : un conflit s\u00e9culaire (1337-1453) - The Conservative Enthusiast","description":"\u27bd D\u00e9couvrez la guerre de Cent Ans sur The Conservative Enthusiast : la plateforme de partage et d'apprentissage des conservateurs.","robots":{"index":"index","follow":"follow","max-snippet":"max-snippet:-1","max-image-preview":"max-image-preview:large","max-video-preview":"max-video-preview:-1"},"canonical":"https:\/\/conservativenthusiast.com\/en\/la-guerre-de-cent-ans-un-conflit-seculaire-1337-1453\/","og_locale":"en_GB","og_type":"article","og_title":"La guerre de Cent Ans : un conflit s\u00e9culaire (1337-1453) - The Conservative Enthusiast","og_description":"\u27bd D\u00e9couvrez la guerre de Cent Ans sur The Conservative Enthusiast : la plateforme de partage et d'apprentissage des conservateurs.","og_url":"https:\/\/conservativenthusiast.com\/en\/la-guerre-de-cent-ans-un-conflit-seculaire-1337-1453\/","og_site_name":"The Conservative Enthusiast","article_author":"https:\/\/www.facebook.com\/Hgmonie-399430870688501","article_published_time":"2021-10-10T15:32:09+00:00","article_modified_time":"2021-10-17T19:23:46+00:00","og_image":[{"width":1000,"height":732,"url":"https:\/\/conservativenthusiast.com\/wp-content\/uploads\/2021\/10\/jeanne.jpg","type":"image\/jpeg"}],"author":"Virgile H.","twitter_card":"summary_large_image","twitter_misc":{"Written by":"Virgile H.","Estimated reading time":"23 minutes"},"schema":{"@context":"https:\/\/schema.org","@graph":[{"@type":"Article","@id":"https:\/\/conservativenthusiast.com\/la-guerre-de-cent-ans-un-conflit-seculaire-1337-1453\/#article","isPartOf":{"@id":"https:\/\/conservativenthusiast.com\/la-guerre-de-cent-ans-un-conflit-seculaire-1337-1453\/"},"author":{"name":"Virgile H.","@id":"https:\/\/conservativenthusiast.com\/#\/schema\/person\/f47da4ef4c2e97efe4abec2793772472"},"headline":"La guerre de Cent Ans : un conflit s\u00e9culaire (1337-1453)","datePublished":"2021-10-10T15:32:09+00:00","dateModified":"2021-10-17T19:23:46+00:00","mainEntityOfPage":{"@id":"https:\/\/conservativenthusiast.com\/la-guerre-de-cent-ans-un-conflit-seculaire-1337-1453\/"},"wordCount":4867,"commentCount":1,"publisher":{"@id":"https:\/\/conservativenthusiast.com\/#organization"},"image":{"@id":"https:\/\/conservativenthusiast.com\/la-guerre-de-cent-ans-un-conflit-seculaire-1337-1453\/#primaryimage"},"thumbnailUrl":"https:\/\/conservativenthusiast.com\/wp-content\/uploads\/2021\/10\/jeanne.jpg","keywords":["Guerre de Cent Ans","Histoire","Histoire de France","Histoire Guerre de Cent Ans","Jeanne d&#039;Arc"],"articleSection":["Histoire"],"inLanguage":"en-GB","potentialAction":[{"@type":"CommentAction","name":"Comment","target":["https:\/\/conservativenthusiast.com\/la-guerre-de-cent-ans-un-conflit-seculaire-1337-1453\/#respond"]}]},{"@type":"WebPage","@id":"https:\/\/conservativenthusiast.com\/la-guerre-de-cent-ans-un-conflit-seculaire-1337-1453\/","url":"https:\/\/conservativenthusiast.com\/la-guerre-de-cent-ans-un-conflit-seculaire-1337-1453\/","name":"La guerre de Cent Ans : un conflit s\u00e9culaire (1337-1453) - The Conservative Enthusiast","isPartOf":{"@id":"https:\/\/conservativenthusiast.com\/#website"},"primaryImageOfPage":{"@id":"https:\/\/conservativenthusiast.com\/la-guerre-de-cent-ans-un-conflit-seculaire-1337-1453\/#primaryimage"},"image":{"@id":"https:\/\/conservativenthusiast.com\/la-guerre-de-cent-ans-un-conflit-seculaire-1337-1453\/#primaryimage"},"thumbnailUrl":"https:\/\/conservativenthusiast.com\/wp-content\/uploads\/2021\/10\/jeanne.jpg","datePublished":"2021-10-10T15:32:09+00:00","dateModified":"2021-10-17T19:23:46+00:00","description":"\u27bd D\u00e9couvrez la guerre de Cent Ans sur The Conservative Enthusiast : la plateforme de partage et d'apprentissage des conservateurs.","breadcrumb":{"@id":"https:\/\/conservativenthusiast.com\/la-guerre-de-cent-ans-un-conflit-seculaire-1337-1453\/#breadcrumb"},"inLanguage":"en-GB","potentialAction":[{"@type":"ReadAction","target":["https:\/\/conservativenthusiast.com\/la-guerre-de-cent-ans-un-conflit-seculaire-1337-1453\/"]}]},{"@type":"ImageObject","inLanguage":"en-GB","@id":"https:\/\/conservativenthusiast.com\/la-guerre-de-cent-ans-un-conflit-seculaire-1337-1453\/#primaryimage","url":"https:\/\/conservativenthusiast.com\/wp-content\/uploads\/2021\/10\/jeanne.jpg","contentUrl":"https:\/\/conservativenthusiast.com\/wp-content\/uploads\/2021\/10\/jeanne.jpg","width":1000,"height":732,"caption":"Guerre de Cent Ans : Jeanne d'Arc en armure devant Orleans. Detail de la peinture par Jules Eugene Lenepveu (1819 - 1898), 1886-1890. Pantheon, Paris. \u00a9Photo Josse\/Leemage"},{"@type":"BreadcrumbList","@id":"https:\/\/conservativenthusiast.com\/la-guerre-de-cent-ans-un-conflit-seculaire-1337-1453\/#breadcrumb","itemListElement":[{"@type":"ListItem","position":1,"name":"Accueil","item":"https:\/\/conservativenthusiast.com\/"},{"@type":"ListItem","position":2,"name":"La guerre de Cent Ans : un conflit s\u00e9culaire (1337-1453)"}]},{"@type":"WebSite","@id":"https:\/\/conservativenthusiast.com\/#website","url":"https:\/\/conservativenthusiast.com\/","name":"The Conservative Enthusiast","description":"La plateforme de r\u00e9information, de partage et d&#039;apprentissage des conservateurs.","publisher":{"@id":"https:\/\/conservativenthusiast.com\/#organization"},"potentialAction":[{"@type":"SearchAction","target":{"@type":"EntryPoint","urlTemplate":"https:\/\/conservativenthusiast.com\/?s={search_term_string}"},"query-input":"required name=search_term_string"}],"inLanguage":"en-GB"},{"@type":"Organization","@id":"https:\/\/conservativenthusiast.com\/#organization","name":"The Conservative Enthusiast","url":"https:\/\/conservativenthusiast.com\/","logo":{"@type":"ImageObject","inLanguage":"en-GB","@id":"https:\/\/conservativenthusiast.com\/#\/schema\/logo\/image\/","url":"https:\/\/i0.wp.com\/conservativeenthusiast.com\/wp-content\/uploads\/2020\/06\/LOGO-CE-MINI.png?fit=3867%2C1180&ssl=1","contentUrl":"https:\/\/i0.wp.com\/conservativeenthusiast.com\/wp-content\/uploads\/2020\/06\/LOGO-CE-MINI.png?fit=3867%2C1180&ssl=1","width":3867,"height":1180,"caption":"The Conservative Enthusiast"},"image":{"@id":"https:\/\/conservativenthusiast.com\/#\/schema\/logo\/image\/"}},{"@type":"Person","@id":"https:\/\/conservativenthusiast.com\/#\/schema\/person\/f47da4ef4c2e97efe4abec2793772472","name":"Virgile H.","image":{"@type":"ImageObject","inLanguage":"en-GB","@id":"https:\/\/conservativenthusiast.com\/#\/schema\/person\/image\/","url":"https:\/\/secure.gravatar.com\/avatar\/0ab0cc45bc0f52ccc70791c762119b9f?s=96&d=mm&r=g","contentUrl":"https:\/\/secure.gravatar.com\/avatar\/0ab0cc45bc0f52ccc70791c762119b9f?s=96&d=mm&r=g","caption":"Virgile H."},"description":"Si vous appr\u00e9ciez les articles de ce r\u00e9dacteur et que vous souhaitez en d\u00e9couvrir davantage sur lui ou ses \u00e9crits, vous pouvez consulter tous ses articles en cliquant sur son pseudo ou en apprendre plus sur notre page \"Notre \u00e9quipe\". Vous pouvez \u00e9galement le suivre sur ses diff\u00e9rents r\u00e9seaux sociaux ci-dessous.","sameAs":["http:\/\/hegemonie.fr\/","https:\/\/www.facebook.com\/Hgmonie-399430870688501"],"url":"https:\/\/conservativenthusiast.com\/en\/author\/virgile\/"}]}},"_links":{"self":[{"href":"https:\/\/conservativenthusiast.com\/en\/wp-json\/wp\/v2\/posts\/56204"}],"collection":[{"href":"https:\/\/conservativenthusiast.com\/en\/wp-json\/wp\/v2\/posts"}],"about":[{"href":"https:\/\/conservativenthusiast.com\/en\/wp-json\/wp\/v2\/types\/post"}],"author":[{"embeddable":true,"href":"https:\/\/conservativenthusiast.com\/en\/wp-json\/wp\/v2\/users\/3"}],"replies":[{"embeddable":true,"href":"https:\/\/conservativenthusiast.com\/en\/wp-json\/wp\/v2\/comments?post=56204"}],"version-history":[{"count":24,"href":"https:\/\/conservativenthusiast.com\/en\/wp-json\/wp\/v2\/posts\/56204\/revisions"}],"predecessor-version":[{"id":57456,"href":"https:\/\/conservativenthusiast.com\/en\/wp-json\/wp\/v2\/posts\/56204\/revisions\/57456"}],"wp:featuredmedia":[{"embeddable":true,"href":"https:\/\/conservativenthusiast.com\/en\/wp-json\/wp\/v2\/media\/56265"}],"wp:attachment":[{"href":"https:\/\/conservativenthusiast.com\/en\/wp-json\/wp\/v2\/media?parent=56204"}],"wp:term":[{"taxonomy":"category","embeddable":true,"href":"https:\/\/conservativenthusiast.com\/en\/wp-json\/wp\/v2\/categories?post=56204"},{"taxonomy":"post_tag","embeddable":true,"href":"https:\/\/conservativenthusiast.com\/en\/wp-json\/wp\/v2\/tags?post=56204"}],"curies":[{"name":"wp","href":"https:\/\/api.w.org\/{rel}","templated":true}]}}