{"id":53338,"date":"2021-09-26T12:01:00","date_gmt":"2021-09-26T10:01:00","guid":{"rendered":"https:\/\/conservativeenthusiast.com\/?p=53338"},"modified":"2021-10-17T21:31:12","modified_gmt":"2021-10-17T19:31:12","slug":"interview-tce-29-booky-mary","status":"publish","type":"post","link":"https:\/\/conservativenthusiast.com\/en\/interview-tce-29-booky-mary\/","title":{"rendered":"Interview TCE #29 &#8211; Booky Mary"},"content":{"rendered":"<h3 class=\"wp-block-heading\"><strong><span class=\"has-inline-color has-black-color\">1- For our readers who don't know you yet, can you present yourself ?<\/span><\/strong><\/h3>\n\n\n\n<p><\/p>\n\n\n\n<p>&#8220;Je m\u2019appelle Marie, je suis une jeune Fran\u00e7aise catholique. Je suis actuellement \u00e9tudiante en derni\u00e8re ann\u00e9e d&#8217;un double Master Lettres et M\u00e9tiers du Livre. Je tiens un compte litt\u00e9raire sur Instagram qui a pour vocation de mettre en valeur notre tr\u00e9sor litt\u00e9raire et plus largement notre culture europ\u00e9enne, vous y trouverez des oeuvres classiques comme parfois des contemporaines.<\/p>\n\n\n\n<p>D\u2019un point de vue politique je suis conservatrice et oppos\u00e9e \u00e0 cette soci\u00e9t\u00e9 moderne o\u00f9 les mots ne veulent plus rien dire, o\u00f9 \u00ab l\u2019antiracisme \u00bb est la l\u00e9gitimation du racisme envers les blancs, o\u00f9 le \u00ab f\u00e9minisme \u00bb n\u2019a pour vocation que de s\u00e9parer les hommes et les femmes et certainement pas \u00e0 d\u00e9fendre les femmes contre ce qui les menace r\u00e9ellement, o\u00f9 l\u2019\u00e9cologie officielle d\u00e9teste la Nature et l\u2019ordre naturelle&#8230; Une soci\u00e9t\u00e9 o\u00f9 les mots sont confisqu\u00e9s par une \u00e9lite mondialiste qui cherche \u00e0 d\u00e9truire les nations pour mettre en place un \u00ab Homme nouveau \u00bb adapt\u00e9 \u00e0 un march\u00e9 sans limite, menant ainsi une guerre contre les peuples et leur Tradition.&#8221;<\/p>\n\n\n\n<p><\/p>\n\n\n\n<h3 class=\"wp-block-heading\"><strong><span class=\"has-inline-color has-black-color\">2-: <strong><em>Racontez-nous un peu votre jeunesse, d\u2019o\u00f9 venez-vous&nbsp;?<\/em><\/strong><\/span><\/strong> <strong><span class=\"has-inline-color has-black-color\"><strong><em>Quel a \u00e9t\u00e9 votre parcours&nbsp;? Quels sont vos projets d\u00e9j\u00e0 r\u00e9alis\u00e9s et vos succ\u00e8s pass\u00e9s ?<\/em><\/strong><\/span><\/strong><\/h3>\n\n\n\n<p><\/p>\n\n\n\n<p>&#8220;Je viens d\u2019un village de la montagne Noire en Occitanie, j\u2019ai pass\u00e9 ma jeunesse entre la montagne, la mer et une ferme en pleine campagne pendant mes vacances, j\u2019ai appris \u00e0 aimer toutes les facettes de notre Terre depuis mon plus jeune \u00e2ge, j\u2019ai toujours \u00e9t\u00e9 en contact avec la nature, et c\u2019est donc seulement \u00e0 ma majorit\u00e9 que je suis partie pour la grande ville \u00e0 cause de mes \u00e9tudes.<\/p>\n\n\n\n<p>J\u2019ai donc emm\u00e9nag\u00e9 dans une grande ville pour la premi\u00e8re fois \u00e0 mes 18 ans et cela a \u00e9t\u00e9 un v\u00e9ritable choc, un d\u00e9racinement violent. Apr\u00e8s une premi\u00e8re ann\u00e9e de Licence de Langue et civilisation qui a consist\u00e9 \u00e0 nous donner des dictionnaires \u00e0 apprendre par coeur, j\u2019ai fini cette premi\u00e8re ann\u00e9e et suis ensuite partie seule en \u00c9cosse puis en Angleterre pour y travailler et r\u00e9ellement developper mes comp\u00e9tences linguistiques. Par la suite je suis rentr\u00e9e en France pour reprendre mes \u00e9tudes et ai obtenu une Licence de Lettres option Histoire \u00e0 l\u2019universit\u00e9 de Lyon. En plus des difficult\u00e9s morales pour m\u2019acclimater \u00e0 un environnement sans nature, dans tous les sens du terme, j\u2019ai d\u00fb faire un double travail \u00e0 l\u2019universit\u00e9 afin de d\u00e9construire les b\u00eatises que certains professeurs nous r\u00e9p\u00e9taient comme des mantras en classe. J\u2019ai \u00e9tudi\u00e9 les p\u00e9riodes de l\u2019Antiquit\u00e9 gr\u00e9co-romaine et du Moyen-\u00e2ge fran\u00e7ais, et ai d\u00e9couvert, gr\u00e2ce \u00e0 de grands historiens comme R\u00e9gine Pernoud, que le Moyen-\u00c2ge europ\u00e9en, loin d\u2019\u00eatre une p\u00e9riode obscurantiste, fut une des plus lumineuses de notre Histoire.<\/p>\n\n\n\n<p>Aujourd\u2019hui j\u2019ai pratiquement termin\u00e9 mon premier essai litt\u00e9raire, il me reste encore quelques corrections \u00e0 apporter. Cet essai a pour vocation de mettre en valeur les sp\u00e9cificit\u00e9s de la conception europ\u00e9enne de la Virilit\u00e9, \u00e0 travers la figure du taureau dans la litt\u00e9rature et la peinture, de l\u2019Antiquit\u00e9 jusqu\u2019\u00e0 nos jours. Mais le gros de mon travail viendra avec un essai sur l&#8217;affrontement entre l&#8217;islam et le christianisme au fil de notre histoire, et de la r\u00e9sistance culturelle qui s&#8217;est mise en place depuis l\u2019origine. Ce sera l&#8217;occasion \u00e9galement pour moi de revenir sur tous les mensonges qu&#8217;on nous a rab\u00e2ch\u00e9 \u00e0 l&#8217;universit\u00e9, comme par exemple que nous devons toutes nos inventions et nos d\u00e9couvertes aux arabes, ce qui est faux, ou bien que Al-Andalus fut un havre de paix et de coexistence entre les religions, ce qui est faux \u00e9galement, ou encore que les croisades ont \u00e9t\u00e9 une odieuse entreprise de pillage et de massacre envers les musulmans.&#8221;<\/p>\n\n\n\n<p><\/p>\n\n\n\n<h3 class=\"wp-block-heading\"><strong><span class=\"has-inline-color has-black-color\">3-: Qu&#8217;est-ce qui vous a amen\u00e9 \u00e0 lancer votre projet ? Quelles sont les \u00e9tapes qui vous y ont men\u00e9es ?<\/span><\/strong><\/h3>\n\n\n\n<p>&#8220;J\u2019ai ouvert ce compte Instagram en 2014, \u00e9tant une amoureuse des livres et d\u00e9plorant le manque de mise en avant de cet h\u00e9ritage culturel qui est le notre, j\u2019ai orient\u00e9 mon compte en ce sens. Il y a maintenant un an j\u2019ai lanc\u00e9 le projet d\u2019un grand tour d\u2019Europe \u00e0 travers la litt\u00e9rature que j\u2019ai sobrement baptis\u00e9 \u00ab Lectures Europ\u00e9ennes \u00bb, dont vous pouvez retrouver les escales sur le site de The Conservative Enthusiast dans la rubrique \u00ab Litt\u00e9rature \u00bb. Puis cet \u00e9t\u00e9, j\u2019ai lanc\u00e9 un autre projet plus modeste avec la premi\u00e8re \u00e9dition de \u00ab L\u2019\u00e9t\u00e9 litt\u00e9raire des Europ\u00e9ens \u00bb afin de proposer des classiques europ\u00e9ens, \u00e0 lire pendant les grandes vacances, qui sont bien trop mis de c\u00f4t\u00e9 au profit de \u00ab lectures de plage \u00bb qui se multiplient chaque ann\u00e9e et cachent ces si grandes oeuvres sous l\u2019amas de recommandations journalistiques et \u00e9ditoriales.&#8221;<\/p>\n\n\n\n<p class=\"has-text-align-justify\"><\/p>\n\n\n\n<p><\/p>\n\n\n\n<h3 class=\"wp-block-heading\"><strong><span class=\"has-inline-color has-black-color\">4-: <\/span><\/strong><span class=\"has-inline-color has-black-color\"><strong>What are your main sources of inspiration ? Who or what have had a big influence on you ?<\/strong><\/span><\/h3>\n\n\n\n<p><\/p>\n\n\n\n<p>&#8220;<em>Ma foi bien s\u00fbr me porte dans mon cheminement, et malgr\u00e9 l\u2019\u00e9clipse de l\u2019\u00c9glise catholique par &#8220;l&#8217;\u00c9glise&#8221; conciliaire issue de Vatican II, je constate que les valeurs chr\u00e9tiennes sont toujours vivantes et il est important de les remettre en avant car, contrairement \u00e0 la formule partielle que tout le monde r\u00e9p\u00e8te en permanence, \u00ab Le monde moderne est plein d\u2019anciennes vertus chr\u00e9tiennes devenues folles. \u00bb, il est crucial de citer la r\u00e9flexion de Chesterton jusqu\u2019au bout, \u00ab Elles sont devenues folles, parce qu\u2019isol\u00e9es l\u2019une de l\u2019autre et parce qu\u2019elles vagabondent toutes seules \u00bb. Ce qui n\u2019est pas du tout la m\u00eame chose. C\u2019est justement l&#8217;abandon du dogme catholique et de l\u2019\u00c9glise qui a permis l&#8217;\u00e9laboration du monde dans lequel nous vivons, un monde affaibli, un monde suffocant qui est d\u00e9pourvu du christianisme justement. Le christianisme a donn\u00e9 les crois\u00e9s et les chevaliers, le mondialisme et &#8220;l&#8217;\u00c9glise&#8221; conciliaire qui s\u2019y est ralli\u00e9e, ont donn\u00e9 des hommes d\u00e9virilis\u00e9s et des femmes malades et perdues qui se soumettent au march\u00e9 et \u00e0 l\u2019artificiel de ce monde moderne.<\/em>&#8220;<\/p>\n\n\n\n<p class=\"has-text-align-justify\"><\/p>\n\n\n\n<h3 class=\"wp-block-heading\"><span class=\"has-inline-color has-black-color\"><strong>5-: Qu&#8217;est ce que le conservatisme selon vous ? Et pensez-vous qu&#8217;il est important aujourd&#8217;hui ?<\/strong><\/span><\/h3>\n\n\n\n<p><\/p>\n\n\n\n<p>&#8220;\u00c0 l\u2019origine ce terme d\u00e9signait une volont\u00e9 de garder des droits ou des privil\u00e8ges, donc une vision du monde qui prenait en compte les diff\u00e9rences de situation et rejettait l\u2019\u00e9galitarisme. Au XIXe si\u00e8cle, le terme \u00ab conservateur \u00bb est largement m\u00e9lioratif et s\u2019\u00e9largie \u00e0 la tradition et \u00e0 l&#8217;ordre ancien, apparaissant comme des valeurs \u00e0 d\u00e9fendre et \u00e0 prot\u00e9ger. Cependant d\u00e8s la fin du XIXe si\u00e8cle, les nouvelles valeurs devenant le progr\u00e8s et, par cons\u00e9quent, le changement, alors les d\u00e9fenseurs de l\u2019ordre et de la tradition commencent \u00e0 \u00eatre moqu\u00e9s.<\/p>\n\n\n\n<p>Et au fur et \u00e0 mesure du renversement de cette \u00e9chelle de valeurs dans la soci\u00e9t\u00e9, la d\u00e9nomination de conservateur devint majoritairement n\u00e9gative, aucun parti politique ne voulant plus de cette \u00e9tiquette. Et surtout avec la d\u00e9flagration de mai 68 et de l\u2019omnipr\u00e9sence du capitalisme \u00e0 tous les niveaux de la soci\u00e9t\u00e9, les mentalit\u00e9s changent et deviennent plus perm\u00e9ables \u00e0 la destruction de cette soci\u00e9t\u00e9 et de l\u2019h\u00e9ritage de la France. Aujourd\u2019hui il d\u00e9signe le refus de ce pseudo \u00ab progr\u00e8s \u00bb social et politique qui consiste \u00e0 s\u2019aligner sur les d\u00e9sirs du march\u00e9 lib\u00e9ral.<\/p>\n\n\n\n<p>\u00catre conservateur c\u2019est prot\u00e9ger les valeurs immuables qui ont fait la grandeur de notre civilisation, c\u2019est r\u00e9sister \u00e0 la temp\u00eate gr\u00e2ce \u00e0 nos racines profondes. \u00catre conservateur c\u2019est comprendre et respecter la Cr\u00e9ation de Dieu qu\u2019est la Nature mais aussi la nature de l\u2019Homme. \u00catre conservateur c\u2019est se battre pour un pouvoir politique qui ne soit pas soumis aux fluctuations des progr\u00e8s techniques ni aux changements des id\u00e9es d\u00e9cadentes et hors-sol. \u00catre conservateur c\u2019est aussi ne pas tomber dans la facilit\u00e9 en adoptant les moeurs d\u2019une autre religion ou d\u2019une autre civilisation parce que celles-ci demandent moins d\u2019effort et moins de droiture. \u00catre conservateur c\u2019est surtout savoir diff\u00e9rencier ce qui est appeler \u00e0 durer et doit \u00eatre conserver de ce qui doit changer, autrement dit, le conservateur c\u2019est celui qui regarde le monde avec un esprit lucide, un coeur noble et une posture droite.&#8221;<\/p>\n\n\n\n<p><\/p>\n\n\n\n<h3 class=\"wp-block-heading\"><span class=\"has-inline-color has-black-color\"><strong>6-: <strong>Que pensez-vous du contexte actuel de la soci\u00e9t\u00e9 en Europe ? Et \u00e0 l&#8217;\u00e9chelle du monde ?<\/strong><\/strong><\/span><\/h3>\n\n\n\n<p><\/p>\n\n\n\n<p>&#8220;Personnellement je suis parfois d\u00e9sesp\u00e9r\u00e9e quand je vois qu\u2019en plus du d\u00e9clin de la soci\u00e9t\u00e9, il y a des hommes qui se disent de \u00ab droite \u00bb qui se soumettent \u00e0 l\u2019islam ou adh\u00e9rent \u00e0 la vision lib\u00e9rale du monde et des peuples. Ce ne doit \u00eatre ni l\u2019un ni l\u2019autre, malheureusement ce sont deux mouvements qui s\u2019entraident afin de d\u00e9truire la civilisation europ\u00e9enne, Alexandre Del Valle, docteur en histoire contemporaine et sp\u00e9cialiste en g\u00e9opolitique, explique tr\u00e8s bien ces changements \u00e0 l\u2019\u00e9chelle de l\u2019Europe et du monde dans ces ouvrages.&#8221;<\/p>\n\n\n\n<p><\/p>\n\n\n\n<h3 class=\"wp-block-heading\"><span class=\"has-inline-color has-black-color\"><strong>7-: Si vous deviez donner 5 \u00e9l\u00e9ments sur lesquels tout fran\u00e7ais devrait s\u00e9rieusement travailler au niveau individuel, lesquels seraient-ils ?<\/strong><\/span><\/h3>\n\n\n\n<p><\/p>\n\n\n\n<p>&#8220;Avant tout sur son \u00e2me, en \u00e9tant catholique. Puis en travaillant sur son corps, et quand je dis travailler sur son corps, je ne veux pas dire transformer son corps pour qu\u2019il corresponde aux affiches des publicit\u00e9s sur les arr\u00eats de bus, mais de prendre soin de sa sant\u00e9. Autrement dit prendre ses distances avec cette soci\u00e9t\u00e9 du tout hygi\u00e9niste et du tout aseptis\u00e9 et \u00eatre moins dans une attitude d\u2019assistanat et plus dans une prise de conscience de sa capacit\u00e9 \u00e0 \u00eatre autonome dans ses habitudes de vie. Ensuite il est crucial de prendre soin de son coeur, arr\u00eater de voir les relations humaines comme un buffet \u00e0 volont\u00e9 mais comme un tr\u00e9sor pr\u00e9cieux et qui n\u2019est pas interchangeable. De prendre conscience que choisir c\u2019est accepter qu\u2019on ne peut pas tout avoir et prendre soin de ce qu\u2019on a. Et puis accepter de grandir et comprendre que vivre c\u2019est souffrir comme nous l\u2019apprend la doctrine de l\u2019\u00c9glise, ce qui ne veut pas dire se laisser aller au masochisme mais ne pas s\u2019enfermer dans une illusion de qu\u00eate du bonheur absolu et permanent, car cette illusion apporte plus de malheur que de regarder la vie et ses \u00e9preuves pour ce qu\u2019elles sont comme Saint Thomas d\u2019Aquin nous l\u2019enseigne.&#8221;<\/p>\n\n\n\n<p><\/p>\n\n\n\n<h3 class=\"wp-block-heading\"><span class=\"has-inline-color has-black-color\"><strong>8-: Pouvez-vous nous partager votre ressenti sur la jeunesse d&#8217;aujourd&#8217;hui ?<\/strong><\/span><\/h3>\n\n\n\n<p><\/p>\n\n\n\n<p>&#8220;Je serais en partie pessimiste, je vois sur le campus \u00ab l\u2019avenir de la France \u00bb et il n\u2019est pas brillant, ce sont pour la majorit\u00e9 des fruits qui pourrissent par la t\u00eate issu d\u2019un arbre artificiel qui produit des \u00eatres masochistes et interchangeables. Enfants g\u00e2t\u00e9s qui sont ingrats face \u00e0 l\u2019immensit\u00e9 de leur h\u00e9ritage, je me sens bien seule parfois au milieu de cette faune violente et manipul\u00e9e. Mais je reste catholique et donc je garde toujours l\u2019esp\u00e9rance dans mon coeur, et cette esp\u00e9rance c\u2019est une minorit\u00e9 de la jeunesse qui grossit et qui se r\u00e9enracine, pour ceux qui ont \u00e9t\u00e9 \u00e9lev\u00e9s dans des familles de Gauche, ou qui d\u00e9fendent leurs racines pour les enfants de familles \u00ab de droite \u00bb qui restent. Je ne remercierais jamais assez mes parents de m\u2019avoir donn\u00e9 une \u00e9ducation \u00ab stricte \u00bb et chr\u00e9tienne qui m\u2019a aid\u00e9e \u00e0 me former une colonne vert\u00e9brale solide, et qui me permet de r\u00e9sister \u00e0 la d\u00e9rive diabolique de la soci\u00e9t\u00e9 moderne et de ses pi\u00e8ges.&#8221;<\/p>\n\n\n\n<p><\/p>\n\n\n\n<h3 class=\"wp-block-heading\"><span class=\"has-inline-color has-black-color\"><strong>9-:<\/strong> <strong><strong>Beaucoup de jeunes fran\u00e7ais cherchent \u00e0 renouer avec leur h\u00e9ritage, quel est le meilleur moyen selon vous d&#8217;y parvenir ?<\/strong><\/strong><\/span><\/h3>\n\n\n\n<p><\/p>\n\n\n\n<p>&#8220;\u00c0 une \u00e9chelle personnelle, je dirais bien s\u00fbr la lecture, car elle permet de prendre du recul, l\u00e0 o\u00f9 le visionnage d\u2019\u00e9missions de t\u00e9l\u00e9vision ou de s\u00e9ries ne le permet pas. Elle fait aussi travailler l\u2019imagination et la r\u00e9flexion en plus de nous reconnecter \u00e0 la pens\u00e9e de nos anc\u00eatres. Et par la suite, il faut le plus possible sortir de ces monstruosit\u00e9s que sont aujourd&#8217;hui les grandes villes pour revenir \u00e0 la campagne et fonder des familles saines \u00e0 qui passer ce flambeau.&#8221;<\/p>\n\n\n\n<p><\/p>\n\n\n\n<h3 class=\"wp-block-heading\"><span class=\"has-inline-color has-black-color\"><strong>10-:<\/strong> <strong><strong>Quels sont les principaux dangers qui menacent la civilisation europ\u00e9enne selon vous ?<\/strong><\/strong><\/span><\/h3>\n\n\n\n<p><\/p>\n\n\n\n<p>&#8220;D\u2019abord le lib\u00e9ralisme et le gauchisme qui d\u00e9construisent et d\u00e9christianisent notre peuple, permettant ainsi une invasion islamique \u00e0 laquelle nos anc\u00eatres ont toujours su r\u00e9sister jusqu\u2019\u00e0 pr\u00e9sent. C\u2019est un mouvement de tenaille qui fait beaucoup de mal et qu\u2019il faut combattre en m\u00eame temps. C\u2019est pourquoi la t\u00e2che est si ardue.&#8221;<\/p>\n\n\n\n<p><\/p>\n\n\n\n<h3 class=\"wp-block-heading\"><span class=\"has-inline-color has-black-color\"><strong>11-:<\/strong> <strong><strong>Quels seraient les principaux espoirs et leviers qui permettraient de surpasser ces menaces ?<\/strong><\/strong><\/span><\/h3>\n\n\n\n<p><\/p>\n\n\n\n<p>&#8220;<em>Un exode urbain des patriotes je pense, pour r\u00e9enrichir et red\u00e9couvrir nos campagnes, laisser les id\u00e9ologies \u00ab anti-France \u00bb et anti-chr\u00e9tienne gangrener les grandes villes jusqu\u2019\u00e0 l\u2019effondrement de leur \u00ab cohabitation \u00bb et que les uns partent chercher des ressources ailleurs et les autres fassent un mea-culpa et une cure de d\u00e9sintoxication id\u00e9ologique. Adrien Abauzit d\u00e9veloppe ce probl\u00e8me id\u00e9ologique dans son essai \u00ab La Gauche est une maladie mentale \u00bb.<\/em>&#8220;<\/p>\n\n\n\n<p><\/p>\n\n\n\n<h3 class=\"wp-block-heading\"><span class=\"has-inline-color has-black-color\"><strong>12-:<\/strong> <strong>What are the personalities, authors, initiatives or organizations that seem worthy of interest today in your opinion?<\/strong><\/span><\/h3>\n\n\n\n<p><\/p>\n\n\n\n<p>&#8220;<em>Il y a heureusement des r\u00e9sistants parmi la jeunesse comme les formidables jeunes de SOS Calvaires qui symboliquement et concr\u00e8tement rechristianisent la France. Pour ce qui est des lectures, la plus importante de toutes reste la Bible (je recommande la traduction de l\u2019Abb\u00e9 Glaire ou du Chanoine Crampon). Pour ce qui est de l\u2019histoire de l\u2019esclavage qui sert d\u2019outil de propagande anti-blanc aujourd\u2019hui je recommande fortement \u00ab Esclaves chr\u00e9tiens, ma\u00eetres musulmans: L&#8217;esclavage blanc en M\u00e9diterran\u00e9e (1500-1800) \u00bb de Robert Charles Davis ainsi que \u00ab Le g\u00e9nocide voil\u00e9 \u00bb de Tidiane N\u2019Diaye pour remettre \u00e0 l\u2019endroit cette th\u00e9matique historique, mais aussi \u00ab Pour r\u00e9pondre aux \u00ab d\u00e9coloniaux \u00bb, aux islamo-gauchistes et aux Terroristes de la Repentance \u00bb de Bernard Lugan. Pour ce qui est de notre grande histoire de France, fille ain\u00e9e de l\u2019\u00c9glise, je salue l\u2019initiative des \u00e9ditions Vox Gallia, du CSRB Diffusion et des \u00e9ditions Altitude. Et pour la litt\u00e9rature, le plus grand auteur de tous les temps, \u00e0 mes yeux, reste Dante Alighieri.<\/em>&#8220;<\/p>\n\n\n\n<p><\/p>\n\n\n\n<h3 class=\"wp-block-heading\"><span class=\"has-inline-color has-black-color\"><strong>13-:<\/strong> <strong>Y a t-il un sujet qui vous para\u00eet d\u00e9laiss\u00e9 aujourd&#8217;hui ou que vous consid\u00e9rez ne pas voir suffisamment dans les m\u00e9dias ou le d\u00e9bat public ?<\/strong><\/span><\/h3>\n\n\n\n<p><\/p>\n\n\n\n<p>&#8220;Principalement, et volontairement d\u00e9laiss\u00e9, c\u2019est la s\u00e9paration entre l\u2019\u00c9glise catholique et \u00ab l\u2019\u00c9glise \u00bb conciliaire issue de Vatican II, car ce qui est extr\u00eamement grave et qui cause des pr\u00e9judices immenses au catholicisme, c\u2019est l\u2019amalgame entre les deux. Entre l\u2019imposteur qui m\u00e9prise la Tradition catholique et l\u2019Europe, qu\u2019on appelle \u00e0 tort le \u00ab Pape Fran\u00e7ois \u00bb, et la Tradition de l\u2019\u00c9glise qui \u00e9tait jusque-l\u00e0 d\u00e9fendue par le magist\u00e8re jusqu\u2019au concile Vatican II. Pour mieux comprendre l\u2019\u00e9tendu du probl\u00e8me je recommande la lecture de \u00ab Soixante ans de religion conciliaire \u00bb \u00e9dit\u00e9 par le Collectif Saint Robert Bellarmin (CSRB Diffusion). Ce qui ne veut pas dire qu\u2019il n\u2019y a pas des gens qui essaient de r\u00e9sister au sein du Vatican, en t\u00e9moigne le Cardinal Robert Sarah, mais cela me parait impossible in fine en adh\u00e9rant \u00e0 ce qui a rendu possible Jorge Mario Bergoglio.&#8221;<\/p>\n\n\n\n<p><\/p>\n\n\n\n<h3 class=\"wp-block-heading\"><span class=\"has-inline-color has-black-color\"><strong>14-: <\/strong><\/span><strong><span class=\"has-inline-color has-black-color\">Can you give us a book, a movie and a music that you think represent you, or that you care about?<\/span><\/strong><\/h3>\n\n\n\n<p><\/p>\n\n\n\n<p>&#8220;Il est difficile de choisir des oeuvres qui nous repr\u00e9sentent je pense, mais d\u2019un point de vue litt\u00e9raire, cela serait probablement \u00ab Paradiso \u00bb de \u00ab La Divina Commedia \u00bb de Dante ou \u00ab Cyrano de Bergerac \u00bb d\u2019Edmond Rostand. Pour ce qui est du film, il s\u2019agirait de \u00ab La Morsure des dieux \u00bb de Cheyenne Carron (je recommande d\u2019ailleurs tous les films de cette r\u00e9alisatrice), magnifique film sur la condition paysanne actuelle et sur les liens entre paganisme europ\u00e9en et christianisme. Et puis en ce qui concerne la musique qui me repr\u00e9senterait je choisirais la premi\u00e8re partie du \u00ab Printemps \u00bb des Quatre saisons de Vivaldi recompos\u00e9 par Max Richter.&#8221;<\/p>\n\n\n\n<p><\/p>\n\n\n\n<h3 class=\"wp-block-heading\"><span class=\"has-inline-color has-black-color\"><strong>15-: <strong><strong>What do you think you can bring to someone who is just discovering you?<\/strong><\/strong><\/strong><\/span><\/h3>\n\n\n\n<p><\/p>\n\n\n\n<p>&#8220;<em>J\u2019esp\u00e8re \u00e0 ma modeste \u00e9chelle \u00eatre une porte d\u2019entr\u00e9e pour red\u00e9couvrir notre immense tr\u00e9sor litt\u00e9raire et intellectuel europ\u00e9en, qui donnera l\u2019\u00e9lan suffisant \u00e0 une personne pour se former par elle-m\u00eame par la suite, avec un socle culturel fondamental solide.<\/em>&#8220;<\/p>\n\n\n\n<p><\/p>\n\n\n\n<h3 class=\"wp-block-heading\"><strong><span class=\"has-inline-color has-black-color\">16-: <strong>Quels sont vos projets \u00e0 l&#8217;avenir ? Dans les prochaines semaines et mois, \u00e0 court terme, mais \u00e9galement votre vision \u00e0 long terme<\/strong><\/span><\/strong>.<\/h3>\n\n\n\n<p><\/p>\n\n\n\n<p>&#8220;Je vais obtenir mon double dipl\u00f4me cette ann\u00e9e, probablement publier mon premier essai \u00e9galement ainsi que pr\u00e9parer mes autres projets de recherche, et comme beaucoup, chercher un emploi. Mais \u00e0 long terme, je souhaite surtout trouver un compagnon avec qui fonder une famille et continuer d\u2019honorer Dieu dans mes choix de vie.&#8221;<\/p>\n\n\n\n<p><\/p>\n\n\n\n<h3 class=\"wp-block-heading\"><strong><span class=\"has-inline-color has-black-color\">17-: <strong><strong>O\u00f9 peut-on vous suivre ? Sur quel m\u00e9dia ou r\u00e9seau \u00eates-vous le plus actif ?<\/strong><\/strong><\/span><\/strong><\/h3>\n\n\n\n<p><\/p>\n\n\n\n<p>&#8220;Je ne suis pr\u00e9sente que sur Instagram car j\u2019ai un peu de mal avec les r\u00e9seaux sociaux en g\u00e9n\u00e9ral, mais pour l\u2019instant \u00e0 part quelques messages discourtois r\u00e9currents, les choses se passent bien sur cette plateforme donc je continuerai l\u00e0-bas.&#8221;<\/p>\n\n\n\n<p><\/p>\n\n\n\n<h3 class=\"wp-block-heading\"><span class=\"has-inline-color has-black-color\"><strong>18-: Un mot pour la fin ?<\/strong><\/span><\/h3>\n\n\n\n<p><\/p>\n\n\n\n<p><em>\u00ab \u00d4 combien douce \u00e0 l&#8217;\u00e2me et combien agr\u00e9able \u00e0 Dieu l&#8217;oraison sainte faite dans la cellule de la connaissance de soi-m\u00eame et de Dieu, l&#8217;oeil de l&#8217;intelligence grand ouvert aux lumi\u00e8res de la foi, le coeur tout rempli de l&#8217;abondance de la divine charit\u00e9. \u00bb, Sainte Catherine de Sienne<\/em><\/p>\n\n\n\n<p><\/p>","protected":false},"excerpt":{"rendered":"<p>1- Pour nos lecteurs qui ne vous connaissent pas encore, pr\u00e9sentez-vous. &#8220;Je m\u2019appelle Marie, je suis une jeune Fran\u00e7aise catholique. [&hellip;]<\/p>","protected":false},"author":1,"featured_media":9442,"comment_status":"open","ping_status":"open","sticky":false,"template":"","format":"standard","meta":{"_et_pb_use_builder":"off","_et_pb_old_content":"","_et_gb_content_width":"","_exactmetrics_skip_tracking":false,"_exactmetrics_sitenote_active":false,"_exactmetrics_sitenote_note":"","_exactmetrics_sitenote_category":0,"footnotes":""},"categories":[21],"tags":[568,22,569,51,48],"yoast_head":"<!-- This site is optimized with the Yoast SEO plugin v22.3 - https:\/\/yoast.com\/wordpress\/plugins\/seo\/ -->\n<title>Interview TCE #29 - Booky Mary - The Conservative Enthusiast<\/title>\n<meta name=\"description\" content=\"\u27bd Interview de Booky Mary sur The Conservative Enthusiast : La plateforme communautaire de partage et d&#039;apprentissage des conservateurs.\" \/>\n<meta name=\"robots\" content=\"index, follow, max-snippet:-1, max-image-preview:large, max-video-preview:-1\" \/>\n<link rel=\"canonical\" href=\"https:\/\/conservativenthusiast.com\/en\/interview-tce-29-booky-mary\/\" \/>\n<meta property=\"og:locale\" content=\"en_GB\" \/>\n<meta property=\"og:type\" content=\"article\" \/>\n<meta property=\"og:title\" content=\"Interview TCE #29 - Booky Mary - The Conservative Enthusiast\" \/>\n<meta property=\"og:description\" content=\"\u27bd Interview de Booky Mary sur The Conservative Enthusiast : La plateforme communautaire de partage et d&#039;apprentissage des conservateurs.\" \/>\n<meta property=\"og:url\" content=\"https:\/\/conservativenthusiast.com\/en\/interview-tce-29-booky-mary\/\" \/>\n<meta property=\"og:site_name\" content=\"The Conservative Enthusiast\" \/>\n<meta property=\"article:published_time\" content=\"2021-09-26T10:01:00+00:00\" \/>\n<meta property=\"article:modified_time\" content=\"2021-10-17T19:31:12+00:00\" \/>\n<meta property=\"og:image\" content=\"https:\/\/conservativenthusiast.com\/wp-content\/uploads\/2021\/01\/Booky-Mary.jpg\" \/>\n\t<meta property=\"og:image:width\" content=\"927\" \/>\n\t<meta property=\"og:image:height\" content=\"927\" \/>\n\t<meta property=\"og:image:type\" content=\"image\/jpeg\" \/>\n<meta name=\"author\" content=\"Alexis.L\" \/>\n<meta name=\"twitter:card\" content=\"summary_large_image\" \/>\n<meta name=\"twitter:label1\" content=\"Written by\" \/>\n\t<meta name=\"twitter:data1\" content=\"Alexis.L\" \/>\n\t<meta name=\"twitter:label2\" content=\"Estimated reading time\" \/>\n\t<meta name=\"twitter:data2\" content=\"12 minutes\" \/>\n<script type=\"application\/ld+json\" class=\"yoast-schema-graph\">{\"@context\":\"https:\/\/schema.org\",\"@graph\":[{\"@type\":\"Article\",\"@id\":\"https:\/\/conservativenthusiast.com\/en\/interview-tce-29-booky-mary\/#article\",\"isPartOf\":{\"@id\":\"https:\/\/conservativenthusiast.com\/en\/interview-tce-29-booky-mary\/\"},\"author\":{\"name\":\"Alexis.L\",\"@id\":\"https:\/\/conservativenthusiast.com\/#\/schema\/person\/3edd83a60aed483f95ebc876aeac7feb\"},\"headline\":\"Interview TCE #29 &#8211; Booky Mary\",\"datePublished\":\"2021-09-26T10:01:00+00:00\",\"dateModified\":\"2021-10-17T19:31:12+00:00\",\"mainEntityOfPage\":{\"@id\":\"https:\/\/conservativenthusiast.com\/en\/interview-tce-29-booky-mary\/\"},\"wordCount\":3082,\"commentCount\":1,\"publisher\":{\"@id\":\"https:\/\/conservativenthusiast.com\/#organization\"},\"image\":{\"@id\":\"https:\/\/conservativenthusiast.com\/en\/interview-tce-29-booky-mary\/#primaryimage\"},\"thumbnailUrl\":\"https:\/\/conservativenthusiast.com\/wp-content\/uploads\/2021\/01\/Booky-Mary.jpg\",\"keywords\":[\"Booky Mary\",\"Interview\",\"Interview Booky Mary\",\"Lectures Europ\u00e9ennes\",\"Litt\u00e9rature\"],\"articleSection\":[\"Interviews\"],\"inLanguage\":\"en-GB\",\"potentialAction\":[{\"@type\":\"CommentAction\",\"name\":\"Comment\",\"target\":[\"https:\/\/conservativenthusiast.com\/en\/interview-tce-29-booky-mary\/#respond\"]}]},{\"@type\":\"WebPage\",\"@id\":\"https:\/\/conservativenthusiast.com\/en\/interview-tce-29-booky-mary\/\",\"url\":\"https:\/\/conservativenthusiast.com\/en\/interview-tce-29-booky-mary\/\",\"name\":\"Interview TCE #29 - Booky Mary - The Conservative Enthusiast\",\"isPartOf\":{\"@id\":\"https:\/\/conservativenthusiast.com\/#website\"},\"primaryImageOfPage\":{\"@id\":\"https:\/\/conservativenthusiast.com\/en\/interview-tce-29-booky-mary\/#primaryimage\"},\"image\":{\"@id\":\"https:\/\/conservativenthusiast.com\/en\/interview-tce-29-booky-mary\/#primaryimage\"},\"thumbnailUrl\":\"https:\/\/conservativenthusiast.com\/wp-content\/uploads\/2021\/01\/Booky-Mary.jpg\",\"datePublished\":\"2021-09-26T10:01:00+00:00\",\"dateModified\":\"2021-10-17T19:31:12+00:00\",\"description\":\"\u27bd Interview de Booky Mary sur The Conservative Enthusiast : La plateforme communautaire de partage et d'apprentissage des conservateurs.\",\"breadcrumb\":{\"@id\":\"https:\/\/conservativenthusiast.com\/en\/interview-tce-29-booky-mary\/#breadcrumb\"},\"inLanguage\":\"en-GB\",\"potentialAction\":[{\"@type\":\"ReadAction\",\"target\":[\"https:\/\/conservativenthusiast.com\/en\/interview-tce-29-booky-mary\/\"]}]},{\"@type\":\"ImageObject\",\"inLanguage\":\"en-GB\",\"@id\":\"https:\/\/conservativenthusiast.com\/en\/interview-tce-29-booky-mary\/#primaryimage\",\"url\":\"https:\/\/conservativenthusiast.com\/wp-content\/uploads\/2021\/01\/Booky-Mary.jpg\",\"contentUrl\":\"https:\/\/conservativenthusiast.com\/wp-content\/uploads\/2021\/01\/Booky-Mary.jpg\",\"width\":927,\"height\":927},{\"@type\":\"BreadcrumbList\",\"@id\":\"https:\/\/conservativenthusiast.com\/en\/interview-tce-29-booky-mary\/#breadcrumb\",\"itemListElement\":[{\"@type\":\"ListItem\",\"position\":1,\"name\":\"Accueil\",\"item\":\"https:\/\/conservativenthusiast.com\/\"},{\"@type\":\"ListItem\",\"position\":2,\"name\":\"Interview TCE #29 &#8211; Booky Mary\"}]},{\"@type\":\"WebSite\",\"@id\":\"https:\/\/conservativenthusiast.com\/#website\",\"url\":\"https:\/\/conservativenthusiast.com\/\",\"name\":\"The Conservative Enthusiast\",\"description\":\"La plateforme de r\u00e9information, de partage et d&#039;apprentissage des conservateurs.\",\"publisher\":{\"@id\":\"https:\/\/conservativenthusiast.com\/#organization\"},\"potentialAction\":[{\"@type\":\"SearchAction\",\"target\":{\"@type\":\"EntryPoint\",\"urlTemplate\":\"https:\/\/conservativenthusiast.com\/?s={search_term_string}\"},\"query-input\":\"required name=search_term_string\"}],\"inLanguage\":\"en-GB\"},{\"@type\":\"Organization\",\"@id\":\"https:\/\/conservativenthusiast.com\/#organization\",\"name\":\"The Conservative Enthusiast\",\"url\":\"https:\/\/conservativenthusiast.com\/\",\"logo\":{\"@type\":\"ImageObject\",\"inLanguage\":\"en-GB\",\"@id\":\"https:\/\/conservativenthusiast.com\/#\/schema\/logo\/image\/\",\"url\":\"https:\/\/i0.wp.com\/conservativeenthusiast.com\/wp-content\/uploads\/2020\/06\/LOGO-CE-MINI.png?fit=3867%2C1180&ssl=1\",\"contentUrl\":\"https:\/\/i0.wp.com\/conservativeenthusiast.com\/wp-content\/uploads\/2020\/06\/LOGO-CE-MINI.png?fit=3867%2C1180&ssl=1\",\"width\":3867,\"height\":1180,\"caption\":\"The Conservative Enthusiast\"},\"image\":{\"@id\":\"https:\/\/conservativenthusiast.com\/#\/schema\/logo\/image\/\"}},{\"@type\":\"Person\",\"@id\":\"https:\/\/conservativenthusiast.com\/#\/schema\/person\/3edd83a60aed483f95ebc876aeac7feb\",\"name\":\"Alexis.L\",\"image\":{\"@type\":\"ImageObject\",\"inLanguage\":\"en-GB\",\"@id\":\"https:\/\/conservativenthusiast.com\/#\/schema\/person\/image\/\",\"url\":\"https:\/\/secure.gravatar.com\/avatar\/e276145ad3a64170e9c68564bb9e4280?s=96&d=mm&r=g\",\"contentUrl\":\"https:\/\/secure.gravatar.com\/avatar\/e276145ad3a64170e9c68564bb9e4280?s=96&d=mm&r=g\",\"caption\":\"Alexis.L\"},\"description\":\"Si vous appr\u00e9ciez les articles de ce r\u00e9dacteur et que vous souhaitez en d\u00e9couvrir davantage sur lui ou ses \u00e9crits, vous pouvez consulter tous ses articles en cliquant sur son pseudo ou en apprendre plus sur notre page \\\"Notre \u00e9quipe\\\". Vous pouvez \u00e9galement le suivre sur ses diff\u00e9rents r\u00e9seaux sociaux ci-dessous.\",\"url\":\"https:\/\/conservativenthusiast.com\/en\/author\/admin6171\/\"}]}<\/script>\n<!-- \/ Yoast SEO plugin. -->","yoast_head_json":{"title":"Interview TCE #29 - Booky Mary - The Conservative Enthusiast","description":"\u27bd Interview de Booky Mary sur The Conservative Enthusiast : La plateforme communautaire de partage et d'apprentissage des conservateurs.","robots":{"index":"index","follow":"follow","max-snippet":"max-snippet:-1","max-image-preview":"max-image-preview:large","max-video-preview":"max-video-preview:-1"},"canonical":"https:\/\/conservativenthusiast.com\/en\/interview-tce-29-booky-mary\/","og_locale":"en_GB","og_type":"article","og_title":"Interview TCE #29 - Booky Mary - The Conservative Enthusiast","og_description":"\u27bd Interview de Booky Mary sur The Conservative Enthusiast : La plateforme communautaire de partage et d'apprentissage des conservateurs.","og_url":"https:\/\/conservativenthusiast.com\/en\/interview-tce-29-booky-mary\/","og_site_name":"The Conservative Enthusiast","article_published_time":"2021-09-26T10:01:00+00:00","article_modified_time":"2021-10-17T19:31:12+00:00","og_image":[{"width":927,"height":927,"url":"https:\/\/conservativenthusiast.com\/wp-content\/uploads\/2021\/01\/Booky-Mary.jpg","type":"image\/jpeg"}],"author":"Alexis.L","twitter_card":"summary_large_image","twitter_misc":{"Written by":"Alexis.L","Estimated reading time":"12 minutes"},"schema":{"@context":"https:\/\/schema.org","@graph":[{"@type":"Article","@id":"https:\/\/conservativenthusiast.com\/en\/interview-tce-29-booky-mary\/#article","isPartOf":{"@id":"https:\/\/conservativenthusiast.com\/en\/interview-tce-29-booky-mary\/"},"author":{"name":"Alexis.L","@id":"https:\/\/conservativenthusiast.com\/#\/schema\/person\/3edd83a60aed483f95ebc876aeac7feb"},"headline":"Interview TCE #29 &#8211; Booky Mary","datePublished":"2021-09-26T10:01:00+00:00","dateModified":"2021-10-17T19:31:12+00:00","mainEntityOfPage":{"@id":"https:\/\/conservativenthusiast.com\/en\/interview-tce-29-booky-mary\/"},"wordCount":3082,"commentCount":1,"publisher":{"@id":"https:\/\/conservativenthusiast.com\/#organization"},"image":{"@id":"https:\/\/conservativenthusiast.com\/en\/interview-tce-29-booky-mary\/#primaryimage"},"thumbnailUrl":"https:\/\/conservativenthusiast.com\/wp-content\/uploads\/2021\/01\/Booky-Mary.jpg","keywords":["Booky Mary","Interview","Interview Booky Mary","Lectures Europ\u00e9ennes","Litt\u00e9rature"],"articleSection":["Interviews"],"inLanguage":"en-GB","potentialAction":[{"@type":"CommentAction","name":"Comment","target":["https:\/\/conservativenthusiast.com\/en\/interview-tce-29-booky-mary\/#respond"]}]},{"@type":"WebPage","@id":"https:\/\/conservativenthusiast.com\/en\/interview-tce-29-booky-mary\/","url":"https:\/\/conservativenthusiast.com\/en\/interview-tce-29-booky-mary\/","name":"Interview TCE #29 - Booky Mary - The Conservative Enthusiast","isPartOf":{"@id":"https:\/\/conservativenthusiast.com\/#website"},"primaryImageOfPage":{"@id":"https:\/\/conservativenthusiast.com\/en\/interview-tce-29-booky-mary\/#primaryimage"},"image":{"@id":"https:\/\/conservativenthusiast.com\/en\/interview-tce-29-booky-mary\/#primaryimage"},"thumbnailUrl":"https:\/\/conservativenthusiast.com\/wp-content\/uploads\/2021\/01\/Booky-Mary.jpg","datePublished":"2021-09-26T10:01:00+00:00","dateModified":"2021-10-17T19:31:12+00:00","description":"\u27bd Interview de Booky Mary sur The Conservative Enthusiast : La plateforme communautaire de partage et d'apprentissage des conservateurs.","breadcrumb":{"@id":"https:\/\/conservativenthusiast.com\/en\/interview-tce-29-booky-mary\/#breadcrumb"},"inLanguage":"en-GB","potentialAction":[{"@type":"ReadAction","target":["https:\/\/conservativenthusiast.com\/en\/interview-tce-29-booky-mary\/"]}]},{"@type":"ImageObject","inLanguage":"en-GB","@id":"https:\/\/conservativenthusiast.com\/en\/interview-tce-29-booky-mary\/#primaryimage","url":"https:\/\/conservativenthusiast.com\/wp-content\/uploads\/2021\/01\/Booky-Mary.jpg","contentUrl":"https:\/\/conservativenthusiast.com\/wp-content\/uploads\/2021\/01\/Booky-Mary.jpg","width":927,"height":927},{"@type":"BreadcrumbList","@id":"https:\/\/conservativenthusiast.com\/en\/interview-tce-29-booky-mary\/#breadcrumb","itemListElement":[{"@type":"ListItem","position":1,"name":"Accueil","item":"https:\/\/conservativenthusiast.com\/"},{"@type":"ListItem","position":2,"name":"Interview TCE #29 &#8211; Booky Mary"}]},{"@type":"WebSite","@id":"https:\/\/conservativenthusiast.com\/#website","url":"https:\/\/conservativenthusiast.com\/","name":"The Conservative Enthusiast","description":"La plateforme de r\u00e9information, de partage et d&#039;apprentissage des conservateurs.","publisher":{"@id":"https:\/\/conservativenthusiast.com\/#organization"},"potentialAction":[{"@type":"SearchAction","target":{"@type":"EntryPoint","urlTemplate":"https:\/\/conservativenthusiast.com\/?s={search_term_string}"},"query-input":"required name=search_term_string"}],"inLanguage":"en-GB"},{"@type":"Organization","@id":"https:\/\/conservativenthusiast.com\/#organization","name":"The Conservative Enthusiast","url":"https:\/\/conservativenthusiast.com\/","logo":{"@type":"ImageObject","inLanguage":"en-GB","@id":"https:\/\/conservativenthusiast.com\/#\/schema\/logo\/image\/","url":"https:\/\/i0.wp.com\/conservativeenthusiast.com\/wp-content\/uploads\/2020\/06\/LOGO-CE-MINI.png?fit=3867%2C1180&ssl=1","contentUrl":"https:\/\/i0.wp.com\/conservativeenthusiast.com\/wp-content\/uploads\/2020\/06\/LOGO-CE-MINI.png?fit=3867%2C1180&ssl=1","width":3867,"height":1180,"caption":"The Conservative Enthusiast"},"image":{"@id":"https:\/\/conservativenthusiast.com\/#\/schema\/logo\/image\/"}},{"@type":"Person","@id":"https:\/\/conservativenthusiast.com\/#\/schema\/person\/3edd83a60aed483f95ebc876aeac7feb","name":"Alexis.L","image":{"@type":"ImageObject","inLanguage":"en-GB","@id":"https:\/\/conservativenthusiast.com\/#\/schema\/person\/image\/","url":"https:\/\/secure.gravatar.com\/avatar\/e276145ad3a64170e9c68564bb9e4280?s=96&d=mm&r=g","contentUrl":"https:\/\/secure.gravatar.com\/avatar\/e276145ad3a64170e9c68564bb9e4280?s=96&d=mm&r=g","caption":"Alexis.L"},"description":"Si vous appr\u00e9ciez les articles de ce r\u00e9dacteur et que vous souhaitez en d\u00e9couvrir davantage sur lui ou ses \u00e9crits, vous pouvez consulter tous ses articles en cliquant sur son pseudo ou en apprendre plus sur notre page \"Notre \u00e9quipe\". Vous pouvez \u00e9galement le suivre sur ses diff\u00e9rents r\u00e9seaux sociaux ci-dessous.","url":"https:\/\/conservativenthusiast.com\/en\/author\/admin6171\/"}]}},"_links":{"self":[{"href":"https:\/\/conservativenthusiast.com\/en\/wp-json\/wp\/v2\/posts\/53338"}],"collection":[{"href":"https:\/\/conservativenthusiast.com\/en\/wp-json\/wp\/v2\/posts"}],"about":[{"href":"https:\/\/conservativenthusiast.com\/en\/wp-json\/wp\/v2\/types\/post"}],"author":[{"embeddable":true,"href":"https:\/\/conservativenthusiast.com\/en\/wp-json\/wp\/v2\/users\/1"}],"replies":[{"embeddable":true,"href":"https:\/\/conservativenthusiast.com\/en\/wp-json\/wp\/v2\/comments?post=53338"}],"version-history":[{"count":15,"href":"https:\/\/conservativenthusiast.com\/en\/wp-json\/wp\/v2\/posts\/53338\/revisions"}],"predecessor-version":[{"id":55007,"href":"https:\/\/conservativenthusiast.com\/en\/wp-json\/wp\/v2\/posts\/53338\/revisions\/55007"}],"wp:featuredmedia":[{"embeddable":true,"href":"https:\/\/conservativenthusiast.com\/en\/wp-json\/wp\/v2\/media\/9442"}],"wp:attachment":[{"href":"https:\/\/conservativenthusiast.com\/en\/wp-json\/wp\/v2\/media?parent=53338"}],"wp:term":[{"taxonomy":"category","embeddable":true,"href":"https:\/\/conservativenthusiast.com\/en\/wp-json\/wp\/v2\/categories?post=53338"},{"taxonomy":"post_tag","embeddable":true,"href":"https:\/\/conservativenthusiast.com\/en\/wp-json\/wp\/v2\/tags?post=53338"}],"curies":[{"name":"wp","href":"https:\/\/api.w.org\/{rel}","templated":true}]}}