{"id":53220,"date":"2021-10-22T12:17:00","date_gmt":"2021-10-22T10:17:00","guid":{"rendered":"https:\/\/conservativeenthusiast.com\/?p=53220"},"modified":"2021-09-19T11:21:57","modified_gmt":"2021-09-19T09:21:57","slug":"lectures-europeennes-27-lituanie","status":"publish","type":"post","link":"https:\/\/conservativenthusiast.com\/en\/lectures-europeennes-27-lituanie\/","title":{"rendered":"Lectures Europ\u00e9ennes #27 : Lituanie"},"content":{"rendered":"<p class=\"has-text-align-justify\">Bienvenue sur cette s\u00e9rie qui ajoute une rubrique toute in\u00e9dite \u00e0 notre cat\u00e9gorie Litt\u00e9rature et qui se nomme &#8220;Lectures Europ\u00e9ennes&#8221;. <\/p>\n\n\n\n<p class=\"has-text-align-justify\">Cette rubrique, qui nous est propos\u00e9 par <a href=\"https:\/\/www.instagram.com\/booky_mary\/\" target=\"_blank\" rel=\"noreferrer noopener\">Booky Mary<\/a>, consiste \u00e0 nous faire voyager et visiter tous les pays d&#8217;Europe \u00e0 travers un livre embl\u00e9matique pour chaque pays. Si cette rubrique vous pla\u00eet et que vous souhaiter d\u00e9couvrir tous les autres pays, sachez que les <a href=\"https:\/\/conservativenthusiast.com\/en\/category\/litterature\/lectures-europeennes\/\" target=\"_blank\" rel=\"noreferrer noopener\">Lectures Europ\u00e9ennes<\/a> sont publi\u00e9es un vendredi sur deux. Vous pouvez retrouver la rubrique \u00e0 tout moment sur notre page <a href=\"https:\/\/conservativenthusiast.com\/en\/litterature\/\" target=\"_blank\" rel=\"noreferrer noopener\">Literature<\/a>.<\/p>\n\n\n\n<p>Vous pouvez \u00e9galement d\u00e9couvrir Booky Mary et soutenir son travail en d\u00e9couvrant son <a href=\"https:\/\/www.instagram.com\/booky_mary\/\" target=\"_blank\" rel=\"noreferrer noopener\">compte Instagram<\/a>.<\/p>\n\n\n\n<p class=\"has-text-align-justify\">Ce nouveau num\u00e9ro se porte sur la <a href=\"https:\/\/fr.wikipedia.org\/wiki\/Lituanie\" target=\"_blank\" rel=\"noreferrer noopener\">Lituanie<\/a>, nous vous laissons donc avec notre sp\u00e9cialiste en litt\u00e9rature pour ce voyage \u00e0 travers l&#8217;Europe :<\/p>\n\n\n\n<p>&#8220;Pour ce nouveau rendez-vous des\u00a0<a href=\"https:\/\/www.instagram.com\/explore\/tags\/lectureseurop%C3%A9ennes\/\" target=\"_blank\" rel=\"noreferrer noopener\">#LecturesEurop\u00e9ennes<\/a>, quittons l&#8217;<a href=\"https:\/\/www.instagram.com\/explore\/tags\/europe\/\" target=\"_blank\" rel=\"noreferrer noopener\">Europe<\/a>\u00a0centrale pour nous rendre en\u00a0<a href=\"https:\/\/www.instagram.com\/explore\/tags\/lituanie\/\" target=\"_blank\" rel=\"noreferrer noopener\">Lituanie<\/a>. Pays d\u2019Europe du Nord situ\u00e9 sur la rive orientale de la mer Baltique, elle voit ses premiers Hommes arriver au XIIe mill\u00e9naire av. J.-C, o\u00f9 des Europ\u00e9ens-Baltes s\u2019y sont install\u00e9s. Entre le Ve et le VIIIe si\u00e8cle, des unions de tribus se sont constitu\u00e9es sur les terres occidentales et au Xe si\u00e8cle, les missions de l\u2019Europe\u00a0<a href=\"https:\/\/www.instagram.com\/explore\/tags\/catholique\/\" target=\"_blank\" rel=\"noreferrer noopener\">catholique<\/a>\u00a0ont commenc\u00e9 \u00e0 s\u2019int\u00e9resser aux Baltes pa\u00efens.<\/p>\n\n\n\n<p>En 1009, le nom de la Lituanie est mentionn\u00e9e pour la premi\u00e8re fois dans une description de la mission de Saint Bruno dans les Annales de Quedlinbourg. L&#8217;histoire du royaume commence par l&#8217;unification des tribus lituaniennes par Mindaugas, au milieu du XIIIe si\u00e8cle, en vue de lutter avec succ\u00e8s contre les chevaliers Teutoniques et les chevaliers Porte-Glaive. En 1386, le grand-duc de Lituanie, Jagellon, se marie avec la souveraine de Pologne Hedwige, ce qui cr\u00e9e l&#8217;union de Pologne-Lituanie qui aboutira en 1569 \u00e0 la cr\u00e9ation de la R\u00e9publique des Deux Nations. Au terme des trois partages de la Pologne de la fin du XVIIIe si\u00e8cle, le pays cesse d&#8217;exister politiquement. L&#8217;actuel territoire de la Lituanie est alors int\u00e9gr\u00e9 \u00e0 l&#8217;Empire russe jusqu&#8217;\u00e0 la Premi\u00e8re Guerre mondiale, puis l&#8217;Empire allemand l&#8217;occupe en 1915.<\/p>\n\n\n\n<p>La r\u00e9publique de Lituanie d\u00e9clarera son ind\u00e9pendance le 16 f\u00e9vrier 1918.\u00a0<a href=\"https:\/\/www.instagram.com\/explore\/tags\/youozasbaltouchis\/\" target=\"_blank\" rel=\"noreferrer noopener\">Youozas Baltouchis<\/a>\u00a0(1909-1991), pseudonyme de l&#8217;auteur d&#8217;Albertas Juosenas, fut berger dans sa jeunesse, puis ouvrier. Pendant la guerre, il participa \u00e0 des \u00e9missions de radio depuis Moscou. Publi\u00e9 quelques mois avant sa mort,\u00a0<a href=\"https:\/\/www.instagram.com\/explore\/tags\/lasagadeyouza\/\" target=\"_blank\" rel=\"noreferrer noopener\">La saga de Youza<\/a>\u00a0conte l&#8217;histoire du passeur Youza, qu&#8217;un terrible chagrin d&#8217;amour a conduit \u00e0 vivre reclus dans un champ de seigle, parcourant la for\u00eat puis les marais du Ka\u00efrabal\u00e9, l&#8217;Histoire, celle de son pays, vient le rattraper dans son sanctuaire. Les r\u00e9volutions se succ\u00e8dent, et qu&#8217;ils soient Russes blancs, bolcheviks, fascistes ou partisans, tous viennent se r\u00e9fugier dans sa cabane. Une fresque remarquable sur les bouleversement d&#8217;un pays et de san \u00e2me profonde.&#8221;<\/p>\n\n\n\n<p class=\"has-text-align-justify\"><\/p>\n\n\n\n<h2 class=\"wp-block-heading\"><strong><span class=\"has-inline-color has-black-color\">To go further:<\/span><\/strong><\/h2>\n\n\n\n<p><\/p>\n\n\n\n<p class=\"has-text-align-justify\">Notre objectif chez TCE est bien s\u00fbr de vous pousser \u00e0 visiter nos recommandations et vous inviter \u00e0 renouer avec l\u2019h\u00e9ritage Fran\u00e7ais et Europ\u00e9en. Nous avons pleine conscience que c\u2019est en connaissant ses racines et son identit\u00e9, que l\u2019on est plus \u00e0 m\u00eame de s\u2019\u00e9panouir, se d\u00e9fendre et prosp\u00e9rer.<\/p>\n\n\n\n<p class=\"has-text-align-justify\">Nous vous invitons chaleureusement \u00e0 participer pleinement \u00e0 la communaut\u00e9 en utilisant sur les r\u00e9seaux sociaux le&nbsp;<strong>hashtag #TCE<\/strong><\/p>\n\n\n\n<p><\/p>","protected":false},"excerpt":{"rendered":"<p>Bienvenue sur cette s\u00e9rie qui ajoute une rubrique toute in\u00e9dite \u00e0 notre cat\u00e9gorie Litt\u00e9rature et qui se nomme &#8220;Lectures Europ\u00e9ennes&#8221;. [&hellip;]<\/p>","protected":false},"author":5,"featured_media":53221,"comment_status":"open","ping_status":"open","sticky":false,"template":"","format":"standard","meta":{"_et_pb_use_builder":"off","_et_pb_old_content":"<!-- wp:paragraph {\"align\":\"justify\"} -->\n<p class=\"has-text-align-justify\">Bienvenue sur cette s\u00e9rie qui ajoute une rubrique toute in\u00e9dite \u00e0 notre cat\u00e9gorie Litt\u00e9rature et qui se nomme \"Lectures Europ\u00e9ennes\". <\/p>\n<!-- \/wp:paragraph -->\n\n<!-- wp:paragraph {\"align\":\"justify\"} -->\n<p class=\"has-text-align-justify\">Cette rubrique, qui nous est propos\u00e9 par <a href=\"https:\/\/www.instagram.com\/booky_mary\/\" target=\"_blank\" rel=\"noreferrer noopener\">Booky Mary<\/a>, consiste \u00e0 nous faire voyager et visiter tous les pays d'Europe \u00e0 travers un livre embl\u00e9matique pour chaque pays. Si cette rubrique vous pla\u00eet et que vous souhaiter d\u00e9couvrir tous les autres pays, sachez que les <a href=\"https:\/\/conservativenthusiast.com\/category\/litterature\/lectures-europeennes\/\" target=\"_blank\" rel=\"noreferrer noopener\">Lectures Europ\u00e9ennes<\/a> sont publi\u00e9es un vendredi sur deux. Vous pouvez retrouver la rubrique \u00e0 tout moment sur notre page <a href=\"https:\/\/conservativenthusiast.com\/litterature\/\" target=\"_blank\" rel=\"noreferrer noopener\">Litt\u00e9rature<\/a>.<\/p>\n<!-- \/wp:paragraph -->\n\n<!-- wp:paragraph -->\n<p>Vous pouvez \u00e9galement d\u00e9couvrir Booky Mary et soutenir son travail en d\u00e9couvrant son <a href=\"https:\/\/www.instagram.com\/booky_mary\/\" target=\"_blank\" rel=\"noreferrer noopener\">compte Instagram<\/a>.<\/p>\n<!-- \/wp:paragraph -->\n\n<!-- wp:paragraph {\"align\":\"justify\"} -->\n<p class=\"has-text-align-justify\">Ce nouveau num\u00e9ro se porte sur l'<a href=\"https:\/\/fr.wikipedia.org\/wiki\/Arm%C3%A9nie\" target=\"_blank\" rel=\"noreferrer noopener\">Arm\u00e9nie<\/a> nous vous laissons donc avec notre sp\u00e9cialiste en litt\u00e9rature pour ce voyage \u00e0 travers l'Europe :<\/p>\n<!-- \/wp:paragraph -->\n\n<!-- wp:paragraph {\"align\":\"justify\"} -->\n<p class=\"has-text-align-justify\"><em>\" Pour ce nouvel ouvrage des\u00a0<a href=\"https:\/\/www.instagram.com\/explore\/tags\/lectureseurope%CC%81ennes\/\" target=\"_blank\" rel=\"noreferrer noopener\">#LecturesEurop\u00e9ennes<\/a>, partons \u00e0 la d\u00e9couverte de la\u00a0<a href=\"https:\/\/www.instagram.com\/explore\/tags\/litte%CC%81ratureautrichienne\/\" target=\"_blank\" rel=\"noreferrer noopener\">litt\u00e9rature autrichienne<\/a>. La r\u00e9publique d\u2019Autriche situ\u00e9e en Europe centrale, est un pays montagneux dont la langue officielle est l\u2019Allemand.<\/em><\/p>\n<!-- \/wp:paragraph -->\n\n<!-- wp:paragraph {\"align\":\"justify\"} -->\n<p class=\"has-text-align-justify\"><em>De la po\u00e9sie orale du Bas\u00a0<a href=\"https:\/\/www.instagram.com\/explore\/tags\/moyena%CC%82ge\/\" target=\"_blank\" rel=\"noreferrer noopener\">Moyen-\u00c2ge<\/a>\u00a0jusqu\u2019au\u00a0<a href=\"https:\/\/www.instagram.com\/explore\/tags\/romantismeallemand\/\" target=\"_blank\" rel=\"noreferrer noopener\">Romantisme Allemand<\/a>\u00a0puis au r\u00e9alisme po\u00e9tique, L\u2019Autriche rayonne \u00e0 travers sa litt\u00e9rature partout en\u00a0<a href=\"https:\/\/www.instagram.com\/explore\/tags\/europe\/\" target=\"_blank\" rel=\"noreferrer noopener\">Europe<\/a>. J\u2019ai longtemps h\u00e9sit\u00e9 \u00e0 vous pr\u00e9senter \u00ab\u00a0<a href=\"https:\/\/www.instagram.com\/explore\/tags\/lhommesansqualite%CC%81s\/\" target=\"_blank\" rel=\"noreferrer noopener\">L\u2019Homme sans qualit\u00e9s<\/a>\u00a0\u00bb de Robert Musil, mais j\u2019ai finalement choisi l\u2019oeuvre d\u2019un autre romancier Viennois, proche de lui, avec \u00ab\u00a0<a href=\"https:\/\/www.instagram.com\/explore\/tags\/lessomnambules\/\" target=\"_blank\" rel=\"noreferrer noopener\">Les Somnambules<\/a>\u00a0\u00bb de\u00a0<a href=\"https:\/\/www.instagram.com\/explore\/tags\/hermannbroch\/\" target=\"_blank\" rel=\"noreferrer noopener\">Hermann Broch<\/a>. <\/em><\/p>\n<!-- \/wp:paragraph -->\n\n<!-- wp:paragraph {\"align\":\"justify\"} -->\n<p class=\"has-text-align-justify\"><em>Hermann Broch (1886-1951), nait dans une famille de la riche bourgeoisie juive Viennoise, et abandonne cependant la direction de l'usine familiale pour suivre des \u00e9tudes de math\u00e9matiques, de philosophie et de psychologie. Et c\u2019est en 1931 qu\u2019il publie son premier roman, dont la trilogie est\u00a0republi\u00e9e depuis en un seul volume, \u00ab\u00a0Les Somnambules\u00a0\u00bb, dans laquelle il d\u00e9veloppe une nouvelle forme de narration sur le th\u00e8me du d\u00e9labrement des valeurs de la soci\u00e9t\u00e9 contemporaine \u00e0 travers un tableau de l'Empire allemand durant le r\u00e8gne de Guillaume II de 1888 \u00e0 1918.<\/em><\/p>\n<!-- \/wp:paragraph -->\n\n<!-- wp:paragraph {\"align\":\"justify\"} -->\n<p class=\"has-text-align-justify\"><em>Il y m\u00e8ne une profonde r\u00e9flexion sur le syst\u00e8me social dans lequel il vit, le lecteur pourra y voir par ailleurs un \u00e9cho avec le monde que nous vivons un si\u00e8cle plus tard. Le livre oscille en permanence entre l\u2019essai et le roman, et je dirais que si c\u2019est un essai, c\u2019est une essai \u00e0 la narration romanesque, et si c\u2019est un roman, c\u2019est un roman \u00e0 ambition r\u00e9flexive et essayiste. L'auteur y d\u00e9fend la pens\u00e9e qui veut que tout syst\u00e8me tend \u00e0 devenir \u00ab\u00a0absolu\u00a0\u00bb et \u00e0 engloutir les autres mais cet \u00ab\u00a0engloutissement\u00a0\u00bb visant \u00e0 devenir de plus en plus \u00ab\u00a0rationnel\u00a0\u00bb (Renaissance, Lumi\u00e8res\u2026), voire rationaliste, provoque sa propre destruction car il met en place l\u2019individualisme, et un individu par d\u00e9finition sera toujours soumis \u00e0 l\u2019irrationalit\u00e9, car subjectif. (Je vous recommande \u00e9galement le tr\u00e8s grand roman\u00a0\u00ab\u00a0<a href=\"https:\/\/www.instagram.com\/explore\/tags\/lamortdevirgile\/\" target=\"_blank\" rel=\"noreferrer noopener\">La Mort De Virgile<\/a>\u00a0\u00bb\u00a0du m\u00eame auteur).\"<\/em><\/p>\n<!-- \/wp:paragraph -->\n\n<!-- wp:paragraph {\"align\":\"justify\"} -->\n<p class=\"has-text-align-justify\"><\/p>\n<!-- \/wp:paragraph -->\n\n<!-- wp:heading -->\n<h2><strong><span class=\"has-inline-color has-black-color\">Pour aller plus loin&nbsp;:<\/span><\/strong><\/h2>\n<!-- \/wp:heading -->\n\n<!-- wp:paragraph -->\n<p><\/p>\n<!-- \/wp:paragraph -->\n\n<!-- wp:paragraph -->\n<p>Notre objectif chez TCE est bien s\u00fbr de vous pousser \u00e0 visiter nos recommandations et vous inviter \u00e0 renouer avec l\u2019h\u00e9ritage Fran\u00e7ais et Europ\u00e9en. Nous avons pleine conscience que c\u2019est en connaissant ses racines et son identit\u00e9, que l\u2019on est plus \u00e0 m\u00eame de s\u2019\u00e9panouir, se d\u00e9fendre et prosp\u00e9rer.<\/p>\n<!-- \/wp:paragraph -->\n\n<!-- wp:paragraph -->\n<p>Nous vous invitons chaleureusement \u00e0 participer pleinement \u00e0 la communaut\u00e9 en utilisant sur les r\u00e9seaux sociaux le&nbsp;<strong>hashtag #TCE<\/strong><\/p>\n<!-- \/wp:paragraph -->\n\n<!-- wp:paragraph -->\n<p><\/p>\n<!-- \/wp:paragraph -->\n\n<!-- wp:paragraph -->\n<p><\/p>\n<!-- \/wp:paragraph -->","_et_gb_content_width":"","_exactmetrics_skip_tracking":false,"_exactmetrics_sitenote_active":false,"_exactmetrics_sitenote_note":"","_exactmetrics_sitenote_category":0,"footnotes":""},"categories":[50],"tags":[51,48,565],"yoast_head":"<!-- This site is optimized with the Yoast SEO plugin v22.3 - https:\/\/yoast.com\/wordpress\/plugins\/seo\/ -->\n<title>Lectures Europ\u00e9ennes #27 : Lituanie - The Conservative Enthusiast<\/title>\n<meta name=\"description\" content=\"\u27bd D\u00e9couvrez l&#039;Europe gr\u00e2ce aux Lectures Europ\u00e9ennes sur TCE : la plateforme communautaire de partage et d&#039;apprentissage des conservateurs.\" \/>\n<meta name=\"robots\" content=\"index, follow, max-snippet:-1, max-image-preview:large, max-video-preview:-1\" \/>\n<link rel=\"canonical\" href=\"https:\/\/conservativenthusiast.com\/en\/lectures-europeennes-27-lituanie\/\" \/>\n<meta property=\"og:locale\" content=\"en_GB\" \/>\n<meta property=\"og:type\" content=\"article\" \/>\n<meta property=\"og:title\" content=\"Lectures Europ\u00e9ennes #27 : Lituanie - The Conservative Enthusiast\" \/>\n<meta property=\"og:description\" content=\"\u27bd D\u00e9couvrez l&#039;Europe gr\u00e2ce aux Lectures Europ\u00e9ennes sur TCE : la plateforme communautaire de partage et d&#039;apprentissage des conservateurs.\" \/>\n<meta property=\"og:url\" content=\"https:\/\/conservativenthusiast.com\/en\/lectures-europeennes-27-lituanie\/\" \/>\n<meta property=\"og:site_name\" content=\"The Conservative Enthusiast\" \/>\n<meta property=\"article:published_time\" content=\"2021-10-22T10:17:00+00:00\" \/>\n<meta property=\"article:modified_time\" content=\"2021-09-19T09:21:57+00:00\" \/>\n<meta property=\"og:image\" content=\"https:\/\/conservativenthusiast.com\/wp-content\/uploads\/2021\/09\/Lituanie.jpeg\" \/>\n\t<meta property=\"og:image:width\" content=\"1191\" \/>\n\t<meta property=\"og:image:height\" content=\"1191\" \/>\n\t<meta property=\"og:image:type\" content=\"image\/jpeg\" \/>\n<meta name=\"author\" content=\"Booky Mary\" \/>\n<meta name=\"twitter:card\" content=\"summary_large_image\" \/>\n<meta name=\"twitter:label1\" content=\"Written by\" \/>\n\t<meta name=\"twitter:data1\" content=\"Booky Mary\" \/>\n\t<meta name=\"twitter:label2\" content=\"Estimated reading time\" \/>\n\t<meta name=\"twitter:data2\" content=\"3 minutes\" \/>\n<script type=\"application\/ld+json\" class=\"yoast-schema-graph\">{\"@context\":\"https:\/\/schema.org\",\"@graph\":[{\"@type\":\"Article\",\"@id\":\"https:\/\/conservativenthusiast.com\/lectures-europeennes-27-lituanie\/#article\",\"isPartOf\":{\"@id\":\"https:\/\/conservativenthusiast.com\/lectures-europeennes-27-lituanie\/\"},\"author\":{\"name\":\"Booky Mary\",\"@id\":\"https:\/\/conservativenthusiast.com\/#\/schema\/person\/7567721d6caaf0ef1ebb957cdd7c1ae9\"},\"headline\":\"Lectures Europ\u00e9ennes #27 : Lituanie\",\"datePublished\":\"2021-10-22T10:17:00+00:00\",\"dateModified\":\"2021-09-19T09:21:57+00:00\",\"mainEntityOfPage\":{\"@id\":\"https:\/\/conservativenthusiast.com\/lectures-europeennes-27-lituanie\/\"},\"wordCount\":590,\"commentCount\":0,\"publisher\":{\"@id\":\"https:\/\/conservativenthusiast.com\/#organization\"},\"image\":{\"@id\":\"https:\/\/conservativenthusiast.com\/lectures-europeennes-27-lituanie\/#primaryimage\"},\"thumbnailUrl\":\"https:\/\/conservativenthusiast.com\/wp-content\/uploads\/2021\/09\/Lituanie.jpeg\",\"keywords\":[\"Lectures Europ\u00e9ennes\",\"Litt\u00e9rature\",\"Lituanie\"],\"articleSection\":[\"Lectures Europ\u00e9ennes\"],\"inLanguage\":\"en-GB\",\"potentialAction\":[{\"@type\":\"CommentAction\",\"name\":\"Comment\",\"target\":[\"https:\/\/conservativenthusiast.com\/lectures-europeennes-27-lituanie\/#respond\"]}]},{\"@type\":\"WebPage\",\"@id\":\"https:\/\/conservativenthusiast.com\/lectures-europeennes-27-lituanie\/\",\"url\":\"https:\/\/conservativenthusiast.com\/lectures-europeennes-27-lituanie\/\",\"name\":\"Lectures Europ\u00e9ennes #27 : Lituanie - The Conservative Enthusiast\",\"isPartOf\":{\"@id\":\"https:\/\/conservativenthusiast.com\/#website\"},\"primaryImageOfPage\":{\"@id\":\"https:\/\/conservativenthusiast.com\/lectures-europeennes-27-lituanie\/#primaryimage\"},\"image\":{\"@id\":\"https:\/\/conservativenthusiast.com\/lectures-europeennes-27-lituanie\/#primaryimage\"},\"thumbnailUrl\":\"https:\/\/conservativenthusiast.com\/wp-content\/uploads\/2021\/09\/Lituanie.jpeg\",\"datePublished\":\"2021-10-22T10:17:00+00:00\",\"dateModified\":\"2021-09-19T09:21:57+00:00\",\"description\":\"\u27bd D\u00e9couvrez l'Europe gr\u00e2ce aux Lectures Europ\u00e9ennes sur TCE : la plateforme communautaire de partage et d'apprentissage des conservateurs.\",\"breadcrumb\":{\"@id\":\"https:\/\/conservativenthusiast.com\/lectures-europeennes-27-lituanie\/#breadcrumb\"},\"inLanguage\":\"en-GB\",\"potentialAction\":[{\"@type\":\"ReadAction\",\"target\":[\"https:\/\/conservativenthusiast.com\/lectures-europeennes-27-lituanie\/\"]}]},{\"@type\":\"ImageObject\",\"inLanguage\":\"en-GB\",\"@id\":\"https:\/\/conservativenthusiast.com\/lectures-europeennes-27-lituanie\/#primaryimage\",\"url\":\"https:\/\/conservativenthusiast.com\/wp-content\/uploads\/2021\/09\/Lituanie.jpeg\",\"contentUrl\":\"https:\/\/conservativenthusiast.com\/wp-content\/uploads\/2021\/09\/Lituanie.jpeg\",\"width\":1191,\"height\":1191},{\"@type\":\"BreadcrumbList\",\"@id\":\"https:\/\/conservativenthusiast.com\/lectures-europeennes-27-lituanie\/#breadcrumb\",\"itemListElement\":[{\"@type\":\"ListItem\",\"position\":1,\"name\":\"Accueil\",\"item\":\"https:\/\/conservativenthusiast.com\/\"},{\"@type\":\"ListItem\",\"position\":2,\"name\":\"Lectures Europ\u00e9ennes #27 : Lituanie\"}]},{\"@type\":\"WebSite\",\"@id\":\"https:\/\/conservativenthusiast.com\/#website\",\"url\":\"https:\/\/conservativenthusiast.com\/\",\"name\":\"The Conservative Enthusiast\",\"description\":\"La plateforme de r\u00e9information, de partage et d&#039;apprentissage des conservateurs.\",\"publisher\":{\"@id\":\"https:\/\/conservativenthusiast.com\/#organization\"},\"potentialAction\":[{\"@type\":\"SearchAction\",\"target\":{\"@type\":\"EntryPoint\",\"urlTemplate\":\"https:\/\/conservativenthusiast.com\/?s={search_term_string}\"},\"query-input\":\"required name=search_term_string\"}],\"inLanguage\":\"en-GB\"},{\"@type\":\"Organization\",\"@id\":\"https:\/\/conservativenthusiast.com\/#organization\",\"name\":\"The Conservative Enthusiast\",\"url\":\"https:\/\/conservativenthusiast.com\/\",\"logo\":{\"@type\":\"ImageObject\",\"inLanguage\":\"en-GB\",\"@id\":\"https:\/\/conservativenthusiast.com\/#\/schema\/logo\/image\/\",\"url\":\"https:\/\/i0.wp.com\/conservativeenthusiast.com\/wp-content\/uploads\/2020\/06\/LOGO-CE-MINI.png?fit=3867%2C1180&ssl=1\",\"contentUrl\":\"https:\/\/i0.wp.com\/conservativeenthusiast.com\/wp-content\/uploads\/2020\/06\/LOGO-CE-MINI.png?fit=3867%2C1180&ssl=1\",\"width\":3867,\"height\":1180,\"caption\":\"The Conservative Enthusiast\"},\"image\":{\"@id\":\"https:\/\/conservativenthusiast.com\/#\/schema\/logo\/image\/\"}},{\"@type\":\"Person\",\"@id\":\"https:\/\/conservativenthusiast.com\/#\/schema\/person\/7567721d6caaf0ef1ebb957cdd7c1ae9\",\"name\":\"Booky Mary\",\"image\":{\"@type\":\"ImageObject\",\"inLanguage\":\"en-GB\",\"@id\":\"https:\/\/conservativenthusiast.com\/#\/schema\/person\/image\/\",\"url\":\"https:\/\/secure.gravatar.com\/avatar\/0244d58ce1bf23cd29105b55e407f535?s=96&d=mm&r=g\",\"contentUrl\":\"https:\/\/secure.gravatar.com\/avatar\/0244d58ce1bf23cd29105b55e407f535?s=96&d=mm&r=g\",\"caption\":\"Booky Mary\"},\"sameAs\":[\"https:\/\/www.instagram.com\/booky_mary\/\"],\"url\":\"https:\/\/conservativenthusiast.com\/en\/author\/booky-mary\/\"}]}<\/script>\n<!-- \/ Yoast SEO plugin. -->","yoast_head_json":{"title":"Lectures Europ\u00e9ennes #27 : Lituanie - The Conservative Enthusiast","description":"\u27bd D\u00e9couvrez l'Europe gr\u00e2ce aux Lectures Europ\u00e9ennes sur TCE : la plateforme communautaire de partage et d'apprentissage des conservateurs.","robots":{"index":"index","follow":"follow","max-snippet":"max-snippet:-1","max-image-preview":"max-image-preview:large","max-video-preview":"max-video-preview:-1"},"canonical":"https:\/\/conservativenthusiast.com\/en\/lectures-europeennes-27-lituanie\/","og_locale":"en_GB","og_type":"article","og_title":"Lectures Europ\u00e9ennes #27 : Lituanie - The Conservative Enthusiast","og_description":"\u27bd D\u00e9couvrez l'Europe gr\u00e2ce aux Lectures Europ\u00e9ennes sur TCE : la plateforme communautaire de partage et d'apprentissage des conservateurs.","og_url":"https:\/\/conservativenthusiast.com\/en\/lectures-europeennes-27-lituanie\/","og_site_name":"The Conservative Enthusiast","article_published_time":"2021-10-22T10:17:00+00:00","article_modified_time":"2021-09-19T09:21:57+00:00","og_image":[{"width":1191,"height":1191,"url":"https:\/\/conservativenthusiast.com\/wp-content\/uploads\/2021\/09\/Lituanie.jpeg","type":"image\/jpeg"}],"author":"Booky Mary","twitter_card":"summary_large_image","twitter_misc":{"Written by":"Booky Mary","Estimated reading time":"3 minutes"},"schema":{"@context":"https:\/\/schema.org","@graph":[{"@type":"Article","@id":"https:\/\/conservativenthusiast.com\/lectures-europeennes-27-lituanie\/#article","isPartOf":{"@id":"https:\/\/conservativenthusiast.com\/lectures-europeennes-27-lituanie\/"},"author":{"name":"Booky Mary","@id":"https:\/\/conservativenthusiast.com\/#\/schema\/person\/7567721d6caaf0ef1ebb957cdd7c1ae9"},"headline":"Lectures Europ\u00e9ennes #27 : Lituanie","datePublished":"2021-10-22T10:17:00+00:00","dateModified":"2021-09-19T09:21:57+00:00","mainEntityOfPage":{"@id":"https:\/\/conservativenthusiast.com\/lectures-europeennes-27-lituanie\/"},"wordCount":590,"commentCount":0,"publisher":{"@id":"https:\/\/conservativenthusiast.com\/#organization"},"image":{"@id":"https:\/\/conservativenthusiast.com\/lectures-europeennes-27-lituanie\/#primaryimage"},"thumbnailUrl":"https:\/\/conservativenthusiast.com\/wp-content\/uploads\/2021\/09\/Lituanie.jpeg","keywords":["Lectures Europ\u00e9ennes","Litt\u00e9rature","Lituanie"],"articleSection":["Lectures Europ\u00e9ennes"],"inLanguage":"en-GB","potentialAction":[{"@type":"CommentAction","name":"Comment","target":["https:\/\/conservativenthusiast.com\/lectures-europeennes-27-lituanie\/#respond"]}]},{"@type":"WebPage","@id":"https:\/\/conservativenthusiast.com\/lectures-europeennes-27-lituanie\/","url":"https:\/\/conservativenthusiast.com\/lectures-europeennes-27-lituanie\/","name":"Lectures Europ\u00e9ennes #27 : Lituanie - The Conservative Enthusiast","isPartOf":{"@id":"https:\/\/conservativenthusiast.com\/#website"},"primaryImageOfPage":{"@id":"https:\/\/conservativenthusiast.com\/lectures-europeennes-27-lituanie\/#primaryimage"},"image":{"@id":"https:\/\/conservativenthusiast.com\/lectures-europeennes-27-lituanie\/#primaryimage"},"thumbnailUrl":"https:\/\/conservativenthusiast.com\/wp-content\/uploads\/2021\/09\/Lituanie.jpeg","datePublished":"2021-10-22T10:17:00+00:00","dateModified":"2021-09-19T09:21:57+00:00","description":"\u27bd D\u00e9couvrez l'Europe gr\u00e2ce aux Lectures Europ\u00e9ennes sur TCE : la plateforme communautaire de partage et d'apprentissage des conservateurs.","breadcrumb":{"@id":"https:\/\/conservativenthusiast.com\/lectures-europeennes-27-lituanie\/#breadcrumb"},"inLanguage":"en-GB","potentialAction":[{"@type":"ReadAction","target":["https:\/\/conservativenthusiast.com\/lectures-europeennes-27-lituanie\/"]}]},{"@type":"ImageObject","inLanguage":"en-GB","@id":"https:\/\/conservativenthusiast.com\/lectures-europeennes-27-lituanie\/#primaryimage","url":"https:\/\/conservativenthusiast.com\/wp-content\/uploads\/2021\/09\/Lituanie.jpeg","contentUrl":"https:\/\/conservativenthusiast.com\/wp-content\/uploads\/2021\/09\/Lituanie.jpeg","width":1191,"height":1191},{"@type":"BreadcrumbList","@id":"https:\/\/conservativenthusiast.com\/lectures-europeennes-27-lituanie\/#breadcrumb","itemListElement":[{"@type":"ListItem","position":1,"name":"Accueil","item":"https:\/\/conservativenthusiast.com\/"},{"@type":"ListItem","position":2,"name":"Lectures Europ\u00e9ennes #27 : Lituanie"}]},{"@type":"WebSite","@id":"https:\/\/conservativenthusiast.com\/#website","url":"https:\/\/conservativenthusiast.com\/","name":"The Conservative Enthusiast","description":"La plateforme de r\u00e9information, de partage et d&#039;apprentissage des conservateurs.","publisher":{"@id":"https:\/\/conservativenthusiast.com\/#organization"},"potentialAction":[{"@type":"SearchAction","target":{"@type":"EntryPoint","urlTemplate":"https:\/\/conservativenthusiast.com\/?s={search_term_string}"},"query-input":"required name=search_term_string"}],"inLanguage":"en-GB"},{"@type":"Organization","@id":"https:\/\/conservativenthusiast.com\/#organization","name":"The Conservative Enthusiast","url":"https:\/\/conservativenthusiast.com\/","logo":{"@type":"ImageObject","inLanguage":"en-GB","@id":"https:\/\/conservativenthusiast.com\/#\/schema\/logo\/image\/","url":"https:\/\/i0.wp.com\/conservativeenthusiast.com\/wp-content\/uploads\/2020\/06\/LOGO-CE-MINI.png?fit=3867%2C1180&ssl=1","contentUrl":"https:\/\/i0.wp.com\/conservativeenthusiast.com\/wp-content\/uploads\/2020\/06\/LOGO-CE-MINI.png?fit=3867%2C1180&ssl=1","width":3867,"height":1180,"caption":"The Conservative Enthusiast"},"image":{"@id":"https:\/\/conservativenthusiast.com\/#\/schema\/logo\/image\/"}},{"@type":"Person","@id":"https:\/\/conservativenthusiast.com\/#\/schema\/person\/7567721d6caaf0ef1ebb957cdd7c1ae9","name":"Booky Mary","image":{"@type":"ImageObject","inLanguage":"en-GB","@id":"https:\/\/conservativenthusiast.com\/#\/schema\/person\/image\/","url":"https:\/\/secure.gravatar.com\/avatar\/0244d58ce1bf23cd29105b55e407f535?s=96&d=mm&r=g","contentUrl":"https:\/\/secure.gravatar.com\/avatar\/0244d58ce1bf23cd29105b55e407f535?s=96&d=mm&r=g","caption":"Booky Mary"},"sameAs":["https:\/\/www.instagram.com\/booky_mary\/"],"url":"https:\/\/conservativenthusiast.com\/en\/author\/booky-mary\/"}]}},"_links":{"self":[{"href":"https:\/\/conservativenthusiast.com\/en\/wp-json\/wp\/v2\/posts\/53220"}],"collection":[{"href":"https:\/\/conservativenthusiast.com\/en\/wp-json\/wp\/v2\/posts"}],"about":[{"href":"https:\/\/conservativenthusiast.com\/en\/wp-json\/wp\/v2\/types\/post"}],"author":[{"embeddable":true,"href":"https:\/\/conservativenthusiast.com\/en\/wp-json\/wp\/v2\/users\/5"}],"replies":[{"embeddable":true,"href":"https:\/\/conservativenthusiast.com\/en\/wp-json\/wp\/v2\/comments?post=53220"}],"version-history":[{"count":1,"href":"https:\/\/conservativenthusiast.com\/en\/wp-json\/wp\/v2\/posts\/53220\/revisions"}],"predecessor-version":[{"id":53222,"href":"https:\/\/conservativenthusiast.com\/en\/wp-json\/wp\/v2\/posts\/53220\/revisions\/53222"}],"wp:featuredmedia":[{"embeddable":true,"href":"https:\/\/conservativenthusiast.com\/en\/wp-json\/wp\/v2\/media\/53221"}],"wp:attachment":[{"href":"https:\/\/conservativenthusiast.com\/en\/wp-json\/wp\/v2\/media?parent=53220"}],"wp:term":[{"taxonomy":"category","embeddable":true,"href":"https:\/\/conservativenthusiast.com\/en\/wp-json\/wp\/v2\/categories?post=53220"},{"taxonomy":"post_tag","embeddable":true,"href":"https:\/\/conservativenthusiast.com\/en\/wp-json\/wp\/v2\/tags?post=53220"}],"curies":[{"name":"wp","href":"https:\/\/api.w.org\/{rel}","templated":true}]}}