{"id":53217,"date":"2021-10-08T13:20:36","date_gmt":"2021-10-08T11:20:36","guid":{"rendered":"https:\/\/conservativeenthusiast.com\/?p=53217"},"modified":"2021-10-08T13:20:51","modified_gmt":"2021-10-08T11:20:51","slug":"lectures-europeennes-26-luxembourg","status":"publish","type":"post","link":"https:\/\/conservativenthusiast.com\/en\/lectures-europeennes-26-luxembourg\/","title":{"rendered":"Lectures Europ\u00e9ennes #26 : Luxembourg"},"content":{"rendered":"<p class=\"has-text-align-justify\">Bienvenue sur cette s\u00e9rie qui ajoute une rubrique toute in\u00e9dite \u00e0 notre cat\u00e9gorie Litt\u00e9rature et qui se nomme &#8220;Lectures Europ\u00e9ennes&#8221;. <\/p>\n\n\n\n<p class=\"has-text-align-justify\">Cette rubrique, qui nous est propos\u00e9 par <a href=\"https:\/\/www.instagram.com\/booky_mary\/\" target=\"_blank\" rel=\"noreferrer noopener\">Booky Mary<\/a>, consiste \u00e0 nous faire voyager et visiter tous les pays d&#8217;Europe \u00e0 travers un livre embl\u00e9matique pour chaque pays. Si cette rubrique vous pla\u00eet et que vous souhaiter d\u00e9couvrir tous les autres pays, sachez que les <a href=\"https:\/\/conservativenthusiast.com\/en\/category\/litterature\/lectures-europeennes\/\" target=\"_blank\" rel=\"noreferrer noopener\">Lectures Europ\u00e9ennes<\/a> sont publi\u00e9es un vendredi sur deux. Vous pouvez retrouver la rubrique \u00e0 tout moment sur notre page <a href=\"https:\/\/conservativenthusiast.com\/en\/litterature\/\" target=\"_blank\" rel=\"noreferrer noopener\">Literature<\/a>.<\/p>\n\n\n\n<p>Vous pouvez \u00e9galement d\u00e9couvrir Booky Mary et soutenir son travail en d\u00e9couvrant son <a href=\"https:\/\/www.instagram.com\/booky_mary\/\" target=\"_blank\" rel=\"noreferrer noopener\">compte Instagram<\/a>.<\/p>\n\n\n\n<p class=\"has-text-align-justify\">Ce nouveau num\u00e9ro se porte sur la <a href=\"https:\/\/fr.wikipedia.org\/wiki\/Luxembourg\" target=\"_blank\" rel=\"noreferrer noopener\">Luxembourg<\/a>, nous vous laissons donc avec notre sp\u00e9cialiste en litt\u00e9rature pour ce voyage \u00e0 travers l&#8217;Europe :<\/p>\n\n\n\n<p>&#8220;Ce nouvel ouvrage des&nbsp;<a href=\"https:\/\/www.instagram.com\/explore\/tags\/lectureseurop%C3%A9ennes\/\" target=\"_blank\" rel=\"noreferrer noopener\">#LecturesEurop\u00e9ennes<\/a>, nous m\u00e8nera dans un petit pays d\u2019<a href=\"https:\/\/www.instagram.com\/explore\/tags\/europe\/\" target=\"_blank\" rel=\"noreferrer noopener\">Europe<\/a>&nbsp;par la taille, le&nbsp;<a href=\"https:\/\/www.instagram.com\/explore\/tags\/luxembourg\/\" target=\"_blank\" rel=\"noreferrer noopener\">Luxembourg<\/a>. L&#8217;histoire officielle du Luxembourg d\u00e9bute en 963 par un \u00e9change entre le comte ardennais Sigefroid et l&#8217;abbaye Saint-Maximin de Tr\u00e8ves portant sur le rocher du Bock. Sur les vestiges d&#8217;un \u00ab castellum \u00bb romain appel\u00e9 Lucilinburhuc (signifiant \u00ab petit ch\u00e2teau \u00bb), Sigefroid s&#8217;appr\u00eate \u00e0 construire un ch\u00e2teau, autour duquel, au fil des si\u00e8cles, une ville forteresse se d\u00e9veloppe. L&#8217;histoire du Luxembourg est principalement domin\u00e9e par des souverainet\u00e9s \u00e9trang\u00e8res.<\/p>\n\n\n\n<p>En 1437, la dynastie des Comtes de Luxembourg s&#8217;\u00e9teint et le flambeau passe aux Habsbourg d&#8217;Espagne. En 1443, l&#8217;acquisition du Luxembourg par Philippe le Bon de Bourgogne sera d\u00e9terminante pour son destin,&nbsp;puisqu\u2019alors int\u00e9gr\u00e9 \u00e0 l&#8217;Etat bourguignon, puis aux Pays-Bas, le Luxembourg sera un interm\u00e9diaire entre le royaume de France et l&#8217;empire allemand. La mort du fils de Philippe le Bon, Charles le T\u00e9m\u00e9raire, met fin au r\u00e8gne bourguignon, et les pricipaut\u00e9s du Nord passent aux Habsbourg d&#8217;Autriche en 1715: elles forment une conf\u00e9d\u00e9ration appel\u00e9e les Pays-Bas, auxquels le Luxembourg appartiendra jusqu&#8217;en 1839, et en 1867, le trait\u00e9 de Londres garantit une ind\u00e9pendance perp\u00e9tuelle \u00e0 un Luxembourg neutre. L&#8217;h\u00e9ritage litt\u00e9raire du Luxembourg est assez r\u00e9cent, la premi\u00e8re oeuvre en langue luxembourgeoise &#8220;E\u2019 Schrek op de\u2019 Lezebuerger Parnassus&#8221; du professeur de math\u00e9matiques Anton Meyer appara\u00eet en 1829.<\/p>\n\n\n\n<p>Le XXe si\u00e8cle \u00e9tant souvent consid\u00e9r\u00e9 comme le v\u00e9ritable av\u00e8nement de la&nbsp;<a href=\"https:\/\/www.instagram.com\/explore\/tags\/litt%C3%A9ratureluxembourgeoise\/\" target=\"_blank\" rel=\"noreferrer noopener\">litt\u00e9rature luxembourgeoise<\/a>&nbsp;contemporaine, notamment avec l&#8217;auteur Paul Palgen (1883-1966). Se positionnant comme l&#8217;h\u00e9ritier tragique et triomphant de&nbsp;<a href=\"https:\/\/www.instagram.com\/explore\/tags\/verhaeren\/\" target=\"_blank\" rel=\"noreferrer noopener\">Verhaeren<\/a>, proche des po\u00e8tes unanimistes, tel que Romains, ing\u00e9nieur luxembourgeois captiv\u00e9 par le Br\u00e9sil des ann\u00e9es vingt, il a su exprimer, dans les six volumes de po\u00e9sies qu\u2019il nous a l\u00e9gu\u00e9, la puissance industrielle aussi bien que la r\u00e9v\u00e9rence envers une nature souveraine exotique. Une rigueur formelle entre volont\u00e9 d\u00e9miurgique, tendresse, violence et sensualit\u00e9, accorde \u00e0 ce recueil de po\u00e8mes une place importante dans le patrimoine culturel europ\u00e9en.&#8221;<\/p>\n\n\n\n<p class=\"has-text-align-justify\"><\/p>\n\n\n\n<h2 class=\"wp-block-heading\"><strong><span class=\"has-inline-color has-black-color\">To go further:<\/span><\/strong><\/h2>\n\n\n\n<p><\/p>\n\n\n\n<p class=\"has-text-align-justify\">Notre objectif chez TCE est bien s\u00fbr de vous pousser \u00e0 visiter nos recommandations et vous inviter \u00e0 renouer avec l\u2019h\u00e9ritage Fran\u00e7ais et Europ\u00e9en. Nous avons pleine conscience que c\u2019est en connaissant ses racines et son identit\u00e9, que l\u2019on est plus \u00e0 m\u00eame de s\u2019\u00e9panouir, se d\u00e9fendre et prosp\u00e9rer.<\/p>\n\n\n\n<p class=\"has-text-align-justify\">Nous vous invitons chaleureusement \u00e0 participer pleinement \u00e0 la communaut\u00e9 en utilisant sur les r\u00e9seaux sociaux le&nbsp;<strong>hashtag #TCE<\/strong><\/p>\n\n\n\n<p><\/p>","protected":false},"excerpt":{"rendered":"<p>Bienvenue sur cette s\u00e9rie qui ajoute une rubrique toute in\u00e9dite \u00e0 notre cat\u00e9gorie Litt\u00e9rature et qui se nomme &#8220;Lectures Europ\u00e9ennes&#8221;. [&hellip;]<\/p>","protected":false},"author":5,"featured_media":53218,"comment_status":"open","ping_status":"open","sticky":false,"template":"","format":"standard","meta":{"_et_pb_use_builder":"off","_et_pb_old_content":"<!-- wp:paragraph {\"align\":\"justify\"} -->\n<p class=\"has-text-align-justify\">Bienvenue sur cette s\u00e9rie qui ajoute une rubrique toute in\u00e9dite \u00e0 notre cat\u00e9gorie Litt\u00e9rature et qui se nomme \"Lectures Europ\u00e9ennes\". <\/p>\n<!-- \/wp:paragraph -->\n\n<!-- wp:paragraph {\"align\":\"justify\"} -->\n<p class=\"has-text-align-justify\">Cette rubrique, qui nous est propos\u00e9 par <a href=\"https:\/\/www.instagram.com\/booky_mary\/\" target=\"_blank\" rel=\"noreferrer noopener\">Booky Mary<\/a>, consiste \u00e0 nous faire voyager et visiter tous les pays d'Europe \u00e0 travers un livre embl\u00e9matique pour chaque pays. Si cette rubrique vous pla\u00eet et que vous souhaiter d\u00e9couvrir tous les autres pays, sachez que les <a href=\"https:\/\/conservativenthusiast.com\/category\/litterature\/lectures-europeennes\/\" target=\"_blank\" rel=\"noreferrer noopener\">Lectures Europ\u00e9ennes<\/a> sont publi\u00e9es un vendredi sur deux. Vous pouvez retrouver la rubrique \u00e0 tout moment sur notre page <a href=\"https:\/\/conservativenthusiast.com\/litterature\/\" target=\"_blank\" rel=\"noreferrer noopener\">Litt\u00e9rature<\/a>.<\/p>\n<!-- \/wp:paragraph -->\n\n<!-- wp:paragraph -->\n<p>Vous pouvez \u00e9galement d\u00e9couvrir Booky Mary et soutenir son travail en d\u00e9couvrant son <a href=\"https:\/\/www.instagram.com\/booky_mary\/\" target=\"_blank\" rel=\"noreferrer noopener\">compte Instagram<\/a>.<\/p>\n<!-- \/wp:paragraph -->\n\n<!-- wp:paragraph {\"align\":\"justify\"} -->\n<p class=\"has-text-align-justify\">Ce nouveau num\u00e9ro se porte sur l'<a href=\"https:\/\/fr.wikipedia.org\/wiki\/Arm%C3%A9nie\" target=\"_blank\" rel=\"noreferrer noopener\">Arm\u00e9nie<\/a> nous vous laissons donc avec notre sp\u00e9cialiste en litt\u00e9rature pour ce voyage \u00e0 travers l'Europe :<\/p>\n<!-- \/wp:paragraph -->\n\n<!-- wp:paragraph {\"align\":\"justify\"} -->\n<p class=\"has-text-align-justify\"><em>\" Pour ce nouvel ouvrage des\u00a0<a href=\"https:\/\/www.instagram.com\/explore\/tags\/lectureseurope%CC%81ennes\/\" target=\"_blank\" rel=\"noreferrer noopener\">#LecturesEurop\u00e9ennes<\/a>, partons \u00e0 la d\u00e9couverte de la\u00a0<a href=\"https:\/\/www.instagram.com\/explore\/tags\/litte%CC%81ratureautrichienne\/\" target=\"_blank\" rel=\"noreferrer noopener\">litt\u00e9rature autrichienne<\/a>. La r\u00e9publique d\u2019Autriche situ\u00e9e en Europe centrale, est un pays montagneux dont la langue officielle est l\u2019Allemand.<\/em><\/p>\n<!-- \/wp:paragraph -->\n\n<!-- wp:paragraph {\"align\":\"justify\"} -->\n<p class=\"has-text-align-justify\"><em>De la po\u00e9sie orale du Bas\u00a0<a href=\"https:\/\/www.instagram.com\/explore\/tags\/moyena%CC%82ge\/\" target=\"_blank\" rel=\"noreferrer noopener\">Moyen-\u00c2ge<\/a>\u00a0jusqu\u2019au\u00a0<a href=\"https:\/\/www.instagram.com\/explore\/tags\/romantismeallemand\/\" target=\"_blank\" rel=\"noreferrer noopener\">Romantisme Allemand<\/a>\u00a0puis au r\u00e9alisme po\u00e9tique, L\u2019Autriche rayonne \u00e0 travers sa litt\u00e9rature partout en\u00a0<a href=\"https:\/\/www.instagram.com\/explore\/tags\/europe\/\" target=\"_blank\" rel=\"noreferrer noopener\">Europe<\/a>. J\u2019ai longtemps h\u00e9sit\u00e9 \u00e0 vous pr\u00e9senter \u00ab\u00a0<a href=\"https:\/\/www.instagram.com\/explore\/tags\/lhommesansqualite%CC%81s\/\" target=\"_blank\" rel=\"noreferrer noopener\">L\u2019Homme sans qualit\u00e9s<\/a>\u00a0\u00bb de Robert Musil, mais j\u2019ai finalement choisi l\u2019oeuvre d\u2019un autre romancier Viennois, proche de lui, avec \u00ab\u00a0<a href=\"https:\/\/www.instagram.com\/explore\/tags\/lessomnambules\/\" target=\"_blank\" rel=\"noreferrer noopener\">Les Somnambules<\/a>\u00a0\u00bb de\u00a0<a href=\"https:\/\/www.instagram.com\/explore\/tags\/hermannbroch\/\" target=\"_blank\" rel=\"noreferrer noopener\">Hermann Broch<\/a>. <\/em><\/p>\n<!-- \/wp:paragraph -->\n\n<!-- wp:paragraph {\"align\":\"justify\"} -->\n<p class=\"has-text-align-justify\"><em>Hermann Broch (1886-1951), nait dans une famille de la riche bourgeoisie juive Viennoise, et abandonne cependant la direction de l'usine familiale pour suivre des \u00e9tudes de math\u00e9matiques, de philosophie et de psychologie. Et c\u2019est en 1931 qu\u2019il publie son premier roman, dont la trilogie est\u00a0republi\u00e9e depuis en un seul volume, \u00ab\u00a0Les Somnambules\u00a0\u00bb, dans laquelle il d\u00e9veloppe une nouvelle forme de narration sur le th\u00e8me du d\u00e9labrement des valeurs de la soci\u00e9t\u00e9 contemporaine \u00e0 travers un tableau de l'Empire allemand durant le r\u00e8gne de Guillaume II de 1888 \u00e0 1918.<\/em><\/p>\n<!-- \/wp:paragraph -->\n\n<!-- wp:paragraph {\"align\":\"justify\"} -->\n<p class=\"has-text-align-justify\"><em>Il y m\u00e8ne une profonde r\u00e9flexion sur le syst\u00e8me social dans lequel il vit, le lecteur pourra y voir par ailleurs un \u00e9cho avec le monde que nous vivons un si\u00e8cle plus tard. Le livre oscille en permanence entre l\u2019essai et le roman, et je dirais que si c\u2019est un essai, c\u2019est une essai \u00e0 la narration romanesque, et si c\u2019est un roman, c\u2019est un roman \u00e0 ambition r\u00e9flexive et essayiste. L'auteur y d\u00e9fend la pens\u00e9e qui veut que tout syst\u00e8me tend \u00e0 devenir \u00ab\u00a0absolu\u00a0\u00bb et \u00e0 engloutir les autres mais cet \u00ab\u00a0engloutissement\u00a0\u00bb visant \u00e0 devenir de plus en plus \u00ab\u00a0rationnel\u00a0\u00bb (Renaissance, Lumi\u00e8res\u2026), voire rationaliste, provoque sa propre destruction car il met en place l\u2019individualisme, et un individu par d\u00e9finition sera toujours soumis \u00e0 l\u2019irrationalit\u00e9, car subjectif. (Je vous recommande \u00e9galement le tr\u00e8s grand roman\u00a0\u00ab\u00a0<a href=\"https:\/\/www.instagram.com\/explore\/tags\/lamortdevirgile\/\" target=\"_blank\" rel=\"noreferrer noopener\">La Mort De Virgile<\/a>\u00a0\u00bb\u00a0du m\u00eame auteur).\"<\/em><\/p>\n<!-- \/wp:paragraph -->\n\n<!-- wp:paragraph {\"align\":\"justify\"} -->\n<p class=\"has-text-align-justify\"><\/p>\n<!-- \/wp:paragraph -->\n\n<!-- wp:heading -->\n<h2><strong><span class=\"has-inline-color has-black-color\">Pour aller plus loin&nbsp;:<\/span><\/strong><\/h2>\n<!-- \/wp:heading -->\n\n<!-- wp:paragraph -->\n<p><\/p>\n<!-- \/wp:paragraph -->\n\n<!-- wp:paragraph -->\n<p>Notre objectif chez TCE est bien s\u00fbr de vous pousser \u00e0 visiter nos recommandations et vous inviter \u00e0 renouer avec l\u2019h\u00e9ritage Fran\u00e7ais et Europ\u00e9en. Nous avons pleine conscience que c\u2019est en connaissant ses racines et son identit\u00e9, que l\u2019on est plus \u00e0 m\u00eame de s\u2019\u00e9panouir, se d\u00e9fendre et prosp\u00e9rer.<\/p>\n<!-- \/wp:paragraph -->\n\n<!-- wp:paragraph -->\n<p>Nous vous invitons chaleureusement \u00e0 participer pleinement \u00e0 la communaut\u00e9 en utilisant sur les r\u00e9seaux sociaux le&nbsp;<strong>hashtag #TCE<\/strong><\/p>\n<!-- \/wp:paragraph -->\n\n<!-- wp:paragraph -->\n<p><\/p>\n<!-- \/wp:paragraph -->\n\n<!-- wp:paragraph -->\n<p><\/p>\n<!-- \/wp:paragraph -->","_et_gb_content_width":"","_exactmetrics_skip_tracking":false,"_exactmetrics_sitenote_active":false,"_exactmetrics_sitenote_note":"","_exactmetrics_sitenote_category":0,"footnotes":""},"categories":[50],"tags":[51,48,564],"yoast_head":"<!-- This site is optimized with the Yoast SEO plugin v22.3 - https:\/\/yoast.com\/wordpress\/plugins\/seo\/ -->\n<title>Lectures Europ\u00e9ennes #26 : Luxembourg - The Conservative Enthusiast<\/title>\n<meta name=\"description\" content=\"\u27bd D\u00e9couvrez l&#039;Europe gr\u00e2ce aux Lectures Europ\u00e9ennes sur TCE : la plateforme communautaire de partage et d&#039;apprentissage des conservateurs.\" \/>\n<meta name=\"robots\" content=\"index, follow, max-snippet:-1, max-image-preview:large, max-video-preview:-1\" \/>\n<link rel=\"canonical\" href=\"https:\/\/conservativenthusiast.com\/en\/lectures-europeennes-26-luxembourg\/\" \/>\n<meta property=\"og:locale\" content=\"en_GB\" \/>\n<meta property=\"og:type\" content=\"article\" \/>\n<meta property=\"og:title\" content=\"Lectures Europ\u00e9ennes #26 : Luxembourg - The Conservative Enthusiast\" \/>\n<meta property=\"og:description\" content=\"\u27bd D\u00e9couvrez l&#039;Europe gr\u00e2ce aux Lectures Europ\u00e9ennes sur TCE : la plateforme communautaire de partage et d&#039;apprentissage des conservateurs.\" \/>\n<meta property=\"og:url\" content=\"https:\/\/conservativenthusiast.com\/en\/lectures-europeennes-26-luxembourg\/\" \/>\n<meta property=\"og:site_name\" content=\"The Conservative Enthusiast\" \/>\n<meta property=\"article:published_time\" content=\"2021-10-08T11:20:36+00:00\" \/>\n<meta property=\"article:modified_time\" content=\"2021-10-08T11:20:51+00:00\" \/>\n<meta property=\"og:image\" content=\"https:\/\/conservativenthusiast.com\/wp-content\/uploads\/2021\/09\/Luxembourg.jpeg\" \/>\n\t<meta property=\"og:image:width\" content=\"1192\" \/>\n\t<meta property=\"og:image:height\" content=\"1192\" \/>\n\t<meta property=\"og:image:type\" content=\"image\/jpeg\" \/>\n<meta name=\"author\" content=\"Booky Mary\" \/>\n<meta name=\"twitter:card\" content=\"summary_large_image\" \/>\n<meta name=\"twitter:label1\" content=\"Written by\" \/>\n\t<meta name=\"twitter:data1\" content=\"Booky Mary\" \/>\n\t<meta name=\"twitter:label2\" content=\"Estimated reading time\" \/>\n\t<meta name=\"twitter:data2\" content=\"3 minutes\" \/>\n<script type=\"application\/ld+json\" class=\"yoast-schema-graph\">{\"@context\":\"https:\/\/schema.org\",\"@graph\":[{\"@type\":\"Article\",\"@id\":\"https:\/\/conservativenthusiast.com\/lectures-europeennes-26-luxembourg\/#article\",\"isPartOf\":{\"@id\":\"https:\/\/conservativenthusiast.com\/lectures-europeennes-26-luxembourg\/\"},\"author\":{\"name\":\"Booky Mary\",\"@id\":\"https:\/\/conservativenthusiast.com\/#\/schema\/person\/7567721d6caaf0ef1ebb957cdd7c1ae9\"},\"headline\":\"Lectures Europ\u00e9ennes #26 : Luxembourg\",\"datePublished\":\"2021-10-08T11:20:36+00:00\",\"dateModified\":\"2021-10-08T11:20:51+00:00\",\"mainEntityOfPage\":{\"@id\":\"https:\/\/conservativenthusiast.com\/lectures-europeennes-26-luxembourg\/\"},\"wordCount\":597,\"commentCount\":0,\"publisher\":{\"@id\":\"https:\/\/conservativenthusiast.com\/#organization\"},\"image\":{\"@id\":\"https:\/\/conservativenthusiast.com\/lectures-europeennes-26-luxembourg\/#primaryimage\"},\"thumbnailUrl\":\"https:\/\/conservativenthusiast.com\/wp-content\/uploads\/2021\/09\/Luxembourg.jpeg\",\"keywords\":[\"Lectures Europ\u00e9ennes\",\"Litt\u00e9rature\",\"Luxembourg\"],\"articleSection\":[\"Lectures Europ\u00e9ennes\"],\"inLanguage\":\"en-GB\",\"potentialAction\":[{\"@type\":\"CommentAction\",\"name\":\"Comment\",\"target\":[\"https:\/\/conservativenthusiast.com\/lectures-europeennes-26-luxembourg\/#respond\"]}]},{\"@type\":\"WebPage\",\"@id\":\"https:\/\/conservativenthusiast.com\/lectures-europeennes-26-luxembourg\/\",\"url\":\"https:\/\/conservativenthusiast.com\/lectures-europeennes-26-luxembourg\/\",\"name\":\"Lectures Europ\u00e9ennes #26 : Luxembourg - The Conservative Enthusiast\",\"isPartOf\":{\"@id\":\"https:\/\/conservativenthusiast.com\/#website\"},\"primaryImageOfPage\":{\"@id\":\"https:\/\/conservativenthusiast.com\/lectures-europeennes-26-luxembourg\/#primaryimage\"},\"image\":{\"@id\":\"https:\/\/conservativenthusiast.com\/lectures-europeennes-26-luxembourg\/#primaryimage\"},\"thumbnailUrl\":\"https:\/\/conservativenthusiast.com\/wp-content\/uploads\/2021\/09\/Luxembourg.jpeg\",\"datePublished\":\"2021-10-08T11:20:36+00:00\",\"dateModified\":\"2021-10-08T11:20:51+00:00\",\"description\":\"\u27bd D\u00e9couvrez l'Europe gr\u00e2ce aux Lectures Europ\u00e9ennes sur TCE : la plateforme communautaire de partage et d'apprentissage des conservateurs.\",\"breadcrumb\":{\"@id\":\"https:\/\/conservativenthusiast.com\/lectures-europeennes-26-luxembourg\/#breadcrumb\"},\"inLanguage\":\"en-GB\",\"potentialAction\":[{\"@type\":\"ReadAction\",\"target\":[\"https:\/\/conservativenthusiast.com\/lectures-europeennes-26-luxembourg\/\"]}]},{\"@type\":\"ImageObject\",\"inLanguage\":\"en-GB\",\"@id\":\"https:\/\/conservativenthusiast.com\/lectures-europeennes-26-luxembourg\/#primaryimage\",\"url\":\"https:\/\/conservativenthusiast.com\/wp-content\/uploads\/2021\/09\/Luxembourg.jpeg\",\"contentUrl\":\"https:\/\/conservativenthusiast.com\/wp-content\/uploads\/2021\/09\/Luxembourg.jpeg\",\"width\":1192,\"height\":1192},{\"@type\":\"BreadcrumbList\",\"@id\":\"https:\/\/conservativenthusiast.com\/lectures-europeennes-26-luxembourg\/#breadcrumb\",\"itemListElement\":[{\"@type\":\"ListItem\",\"position\":1,\"name\":\"Accueil\",\"item\":\"https:\/\/conservativenthusiast.com\/\"},{\"@type\":\"ListItem\",\"position\":2,\"name\":\"Lectures Europ\u00e9ennes #26 : Luxembourg\"}]},{\"@type\":\"WebSite\",\"@id\":\"https:\/\/conservativenthusiast.com\/#website\",\"url\":\"https:\/\/conservativenthusiast.com\/\",\"name\":\"The Conservative Enthusiast\",\"description\":\"La plateforme de r\u00e9information, de partage et d&#039;apprentissage des conservateurs.\",\"publisher\":{\"@id\":\"https:\/\/conservativenthusiast.com\/#organization\"},\"potentialAction\":[{\"@type\":\"SearchAction\",\"target\":{\"@type\":\"EntryPoint\",\"urlTemplate\":\"https:\/\/conservativenthusiast.com\/?s={search_term_string}\"},\"query-input\":\"required name=search_term_string\"}],\"inLanguage\":\"en-GB\"},{\"@type\":\"Organization\",\"@id\":\"https:\/\/conservativenthusiast.com\/#organization\",\"name\":\"The Conservative Enthusiast\",\"url\":\"https:\/\/conservativenthusiast.com\/\",\"logo\":{\"@type\":\"ImageObject\",\"inLanguage\":\"en-GB\",\"@id\":\"https:\/\/conservativenthusiast.com\/#\/schema\/logo\/image\/\",\"url\":\"https:\/\/i0.wp.com\/conservativeenthusiast.com\/wp-content\/uploads\/2020\/06\/LOGO-CE-MINI.png?fit=3867%2C1180&ssl=1\",\"contentUrl\":\"https:\/\/i0.wp.com\/conservativeenthusiast.com\/wp-content\/uploads\/2020\/06\/LOGO-CE-MINI.png?fit=3867%2C1180&ssl=1\",\"width\":3867,\"height\":1180,\"caption\":\"The Conservative Enthusiast\"},\"image\":{\"@id\":\"https:\/\/conservativenthusiast.com\/#\/schema\/logo\/image\/\"}},{\"@type\":\"Person\",\"@id\":\"https:\/\/conservativenthusiast.com\/#\/schema\/person\/7567721d6caaf0ef1ebb957cdd7c1ae9\",\"name\":\"Booky Mary\",\"image\":{\"@type\":\"ImageObject\",\"inLanguage\":\"en-GB\",\"@id\":\"https:\/\/conservativenthusiast.com\/#\/schema\/person\/image\/\",\"url\":\"https:\/\/secure.gravatar.com\/avatar\/0244d58ce1bf23cd29105b55e407f535?s=96&d=mm&r=g\",\"contentUrl\":\"https:\/\/secure.gravatar.com\/avatar\/0244d58ce1bf23cd29105b55e407f535?s=96&d=mm&r=g\",\"caption\":\"Booky Mary\"},\"sameAs\":[\"https:\/\/www.instagram.com\/booky_mary\/\"],\"url\":\"https:\/\/conservativenthusiast.com\/en\/author\/booky-mary\/\"}]}<\/script>\n<!-- \/ Yoast SEO plugin. -->","yoast_head_json":{"title":"Lectures Europ\u00e9ennes #26 : Luxembourg - The Conservative Enthusiast","description":"\u27bd D\u00e9couvrez l'Europe gr\u00e2ce aux Lectures Europ\u00e9ennes sur TCE : la plateforme communautaire de partage et d'apprentissage des conservateurs.","robots":{"index":"index","follow":"follow","max-snippet":"max-snippet:-1","max-image-preview":"max-image-preview:large","max-video-preview":"max-video-preview:-1"},"canonical":"https:\/\/conservativenthusiast.com\/en\/lectures-europeennes-26-luxembourg\/","og_locale":"en_GB","og_type":"article","og_title":"Lectures Europ\u00e9ennes #26 : Luxembourg - The Conservative Enthusiast","og_description":"\u27bd D\u00e9couvrez l'Europe gr\u00e2ce aux Lectures Europ\u00e9ennes sur TCE : la plateforme communautaire de partage et d'apprentissage des conservateurs.","og_url":"https:\/\/conservativenthusiast.com\/en\/lectures-europeennes-26-luxembourg\/","og_site_name":"The Conservative Enthusiast","article_published_time":"2021-10-08T11:20:36+00:00","article_modified_time":"2021-10-08T11:20:51+00:00","og_image":[{"width":1192,"height":1192,"url":"https:\/\/conservativenthusiast.com\/wp-content\/uploads\/2021\/09\/Luxembourg.jpeg","type":"image\/jpeg"}],"author":"Booky Mary","twitter_card":"summary_large_image","twitter_misc":{"Written by":"Booky Mary","Estimated reading time":"3 minutes"},"schema":{"@context":"https:\/\/schema.org","@graph":[{"@type":"Article","@id":"https:\/\/conservativenthusiast.com\/lectures-europeennes-26-luxembourg\/#article","isPartOf":{"@id":"https:\/\/conservativenthusiast.com\/lectures-europeennes-26-luxembourg\/"},"author":{"name":"Booky Mary","@id":"https:\/\/conservativenthusiast.com\/#\/schema\/person\/7567721d6caaf0ef1ebb957cdd7c1ae9"},"headline":"Lectures Europ\u00e9ennes #26 : Luxembourg","datePublished":"2021-10-08T11:20:36+00:00","dateModified":"2021-10-08T11:20:51+00:00","mainEntityOfPage":{"@id":"https:\/\/conservativenthusiast.com\/lectures-europeennes-26-luxembourg\/"},"wordCount":597,"commentCount":0,"publisher":{"@id":"https:\/\/conservativenthusiast.com\/#organization"},"image":{"@id":"https:\/\/conservativenthusiast.com\/lectures-europeennes-26-luxembourg\/#primaryimage"},"thumbnailUrl":"https:\/\/conservativenthusiast.com\/wp-content\/uploads\/2021\/09\/Luxembourg.jpeg","keywords":["Lectures Europ\u00e9ennes","Litt\u00e9rature","Luxembourg"],"articleSection":["Lectures Europ\u00e9ennes"],"inLanguage":"en-GB","potentialAction":[{"@type":"CommentAction","name":"Comment","target":["https:\/\/conservativenthusiast.com\/lectures-europeennes-26-luxembourg\/#respond"]}]},{"@type":"WebPage","@id":"https:\/\/conservativenthusiast.com\/lectures-europeennes-26-luxembourg\/","url":"https:\/\/conservativenthusiast.com\/lectures-europeennes-26-luxembourg\/","name":"Lectures Europ\u00e9ennes #26 : Luxembourg - The Conservative Enthusiast","isPartOf":{"@id":"https:\/\/conservativenthusiast.com\/#website"},"primaryImageOfPage":{"@id":"https:\/\/conservativenthusiast.com\/lectures-europeennes-26-luxembourg\/#primaryimage"},"image":{"@id":"https:\/\/conservativenthusiast.com\/lectures-europeennes-26-luxembourg\/#primaryimage"},"thumbnailUrl":"https:\/\/conservativenthusiast.com\/wp-content\/uploads\/2021\/09\/Luxembourg.jpeg","datePublished":"2021-10-08T11:20:36+00:00","dateModified":"2021-10-08T11:20:51+00:00","description":"\u27bd D\u00e9couvrez l'Europe gr\u00e2ce aux Lectures Europ\u00e9ennes sur TCE : la plateforme communautaire de partage et d'apprentissage des conservateurs.","breadcrumb":{"@id":"https:\/\/conservativenthusiast.com\/lectures-europeennes-26-luxembourg\/#breadcrumb"},"inLanguage":"en-GB","potentialAction":[{"@type":"ReadAction","target":["https:\/\/conservativenthusiast.com\/lectures-europeennes-26-luxembourg\/"]}]},{"@type":"ImageObject","inLanguage":"en-GB","@id":"https:\/\/conservativenthusiast.com\/lectures-europeennes-26-luxembourg\/#primaryimage","url":"https:\/\/conservativenthusiast.com\/wp-content\/uploads\/2021\/09\/Luxembourg.jpeg","contentUrl":"https:\/\/conservativenthusiast.com\/wp-content\/uploads\/2021\/09\/Luxembourg.jpeg","width":1192,"height":1192},{"@type":"BreadcrumbList","@id":"https:\/\/conservativenthusiast.com\/lectures-europeennes-26-luxembourg\/#breadcrumb","itemListElement":[{"@type":"ListItem","position":1,"name":"Accueil","item":"https:\/\/conservativenthusiast.com\/"},{"@type":"ListItem","position":2,"name":"Lectures Europ\u00e9ennes #26 : Luxembourg"}]},{"@type":"WebSite","@id":"https:\/\/conservativenthusiast.com\/#website","url":"https:\/\/conservativenthusiast.com\/","name":"The Conservative Enthusiast","description":"La plateforme de r\u00e9information, de partage et d&#039;apprentissage des conservateurs.","publisher":{"@id":"https:\/\/conservativenthusiast.com\/#organization"},"potentialAction":[{"@type":"SearchAction","target":{"@type":"EntryPoint","urlTemplate":"https:\/\/conservativenthusiast.com\/?s={search_term_string}"},"query-input":"required name=search_term_string"}],"inLanguage":"en-GB"},{"@type":"Organization","@id":"https:\/\/conservativenthusiast.com\/#organization","name":"The Conservative Enthusiast","url":"https:\/\/conservativenthusiast.com\/","logo":{"@type":"ImageObject","inLanguage":"en-GB","@id":"https:\/\/conservativenthusiast.com\/#\/schema\/logo\/image\/","url":"https:\/\/i0.wp.com\/conservativeenthusiast.com\/wp-content\/uploads\/2020\/06\/LOGO-CE-MINI.png?fit=3867%2C1180&ssl=1","contentUrl":"https:\/\/i0.wp.com\/conservativeenthusiast.com\/wp-content\/uploads\/2020\/06\/LOGO-CE-MINI.png?fit=3867%2C1180&ssl=1","width":3867,"height":1180,"caption":"The Conservative Enthusiast"},"image":{"@id":"https:\/\/conservativenthusiast.com\/#\/schema\/logo\/image\/"}},{"@type":"Person","@id":"https:\/\/conservativenthusiast.com\/#\/schema\/person\/7567721d6caaf0ef1ebb957cdd7c1ae9","name":"Booky Mary","image":{"@type":"ImageObject","inLanguage":"en-GB","@id":"https:\/\/conservativenthusiast.com\/#\/schema\/person\/image\/","url":"https:\/\/secure.gravatar.com\/avatar\/0244d58ce1bf23cd29105b55e407f535?s=96&d=mm&r=g","contentUrl":"https:\/\/secure.gravatar.com\/avatar\/0244d58ce1bf23cd29105b55e407f535?s=96&d=mm&r=g","caption":"Booky Mary"},"sameAs":["https:\/\/www.instagram.com\/booky_mary\/"],"url":"https:\/\/conservativenthusiast.com\/en\/author\/booky-mary\/"}]}},"_links":{"self":[{"href":"https:\/\/conservativenthusiast.com\/en\/wp-json\/wp\/v2\/posts\/53217"}],"collection":[{"href":"https:\/\/conservativenthusiast.com\/en\/wp-json\/wp\/v2\/posts"}],"about":[{"href":"https:\/\/conservativenthusiast.com\/en\/wp-json\/wp\/v2\/types\/post"}],"author":[{"embeddable":true,"href":"https:\/\/conservativenthusiast.com\/en\/wp-json\/wp\/v2\/users\/5"}],"replies":[{"embeddable":true,"href":"https:\/\/conservativenthusiast.com\/en\/wp-json\/wp\/v2\/comments?post=53217"}],"version-history":[{"count":2,"href":"https:\/\/conservativenthusiast.com\/en\/wp-json\/wp\/v2\/posts\/53217\/revisions"}],"predecessor-version":[{"id":55888,"href":"https:\/\/conservativenthusiast.com\/en\/wp-json\/wp\/v2\/posts\/53217\/revisions\/55888"}],"wp:featuredmedia":[{"embeddable":true,"href":"https:\/\/conservativenthusiast.com\/en\/wp-json\/wp\/v2\/media\/53218"}],"wp:attachment":[{"href":"https:\/\/conservativenthusiast.com\/en\/wp-json\/wp\/v2\/media?parent=53217"}],"wp:term":[{"taxonomy":"category","embeddable":true,"href":"https:\/\/conservativenthusiast.com\/en\/wp-json\/wp\/v2\/categories?post=53217"},{"taxonomy":"post_tag","embeddable":true,"href":"https:\/\/conservativenthusiast.com\/en\/wp-json\/wp\/v2\/tags?post=53217"}],"curies":[{"name":"wp","href":"https:\/\/api.w.org\/{rel}","templated":true}]}}