{"id":40321,"date":"2021-08-31T12:08:00","date_gmt":"2021-08-31T10:08:00","guid":{"rendered":"https:\/\/conservativeenthusiast.com\/?p=40321"},"modified":"2021-09-01T11:07:14","modified_gmt":"2021-09-01T09:07:14","slug":"une-derniere-larme-pour-louest","status":"publish","type":"post","link":"https:\/\/conservativenthusiast.com\/en\/une-derniere-larme-pour-louest\/","title":{"rendered":"Une derni\u00e8re larme pour l&#8217;Ouest"},"content":{"rendered":"<p>Je vous conseille de mettre cette musique l\u00e9g\u00e8rement en fond avant de commencer la lecture.<\/p>\n\n\n\n<p><\/p>\n\n\n\n<figure class=\"wp-block-embed is-type-video is-provider-youtube wp-block-embed-youtube wp-embed-aspect-4-3 wp-has-aspect-ratio\"><div class=\"wp-block-embed__wrapper\">\n<span class=\"JnVyGQ7s98\"><div class=\"responsive-video\"><iframe title=\"Fathom\" width=\"1080\" height=\"810\" src=\"https:\/\/www.youtube.com\/embed\/J4MEafTcO7s?feature=oembed\"  allow=\"accelerometer; autoplay; clipboard-write; encrypted-media; gyroscope; picture-in-picture\" allowfullscreen><\/iframe><\/div><\/span>\n<\/div><\/figure>\n\n\n\n<p><\/p>\n\n\n\n<p>Il y a des mill\u00e9naires, sur les rivages de M\u00e9diterran\u00e9e, une jeune femme, sublime et pure, se faisait enlever par le plus f\u00e9roce de tous les dieux, Zeus.<\/p>\n\n\n\n<p>Son nom \u00e9tait <strong><em>Europe<\/em><\/strong>, et beaucoup aujourd&#8217;hui ont oubli\u00e9 son mythe.<\/p>\n\n\n\n<p>En ce jour o\u00f9 l&#8217;\u00e2me de l&#8217;Europe s&#8217;\u00e9teint peu \u00e0 peu, o\u00f9 la civilisation des p\u00e8res, des colonnes et des cath\u00e9drales dessine son dernier soleil couchant, j&#8217;allume une derni\u00e8re fois la m\u00e9moire de mes anciens.<\/p>\n\n\n\n<p>Je r\u00e9veille cette m\u00e9moire et me fait le dernier Herm\u00e8s, le messager de la lumi\u00e8re vacillante d&#8217;Europe.<\/p>\n\n\n\n<p>Europe, bien \u00e9trange mot.<\/p>\n\n\n\n<p>Au d\u00e9but des temps, quand les premiers hommes nomm\u00e8rent ce continent, les ph\u00e9niciens l&#8217;appel\u00e8rent <em>Ereb<\/em> : le couchant.<\/p>\n\n\n\n<p><\/p>\n\n\n\n<div class=\"wp-block-image\"><figure class=\"aligncenter size-large\"><img decoding=\"async\" width=\"1024\" height=\"683\" src=\"https:\/\/conservativenthusiast.com\/wp-content\/uploads\/2021\/08\/cristina-gottardi-3qPfYTosbWE-unsplash-1024x683.jpg\" alt=\"\" class=\"wp-image-40358\" srcset=\"https:\/\/conservativenthusiast.com\/wp-content\/uploads\/2021\/08\/cristina-gottardi-3qPfYTosbWE-unsplash-980x653.jpg 980w, https:\/\/conservativenthusiast.com\/wp-content\/uploads\/2021\/08\/cristina-gottardi-3qPfYTosbWE-unsplash-480x320.jpg 480w\" sizes=\"(min-width: 0px) and (max-width: 480px) 480px, (min-width: 481px) and (max-width: 980px) 980px, (min-width: 981px) 1024px, 100vw\" \/><\/figure><\/div>\n\n\n\n<p><\/p>\n\n\n\n<p>En opposition \u00e0 <em>Assou<\/em>, qui deviendra Asie : le levant.<\/p>\n\n\n\n<p>Au croisement des civilisations et \u00e0 la crois\u00e9e des temps, le continent de mes anc\u00eatres revient \u00e0 sa gen\u00e8se, en bouclant la boucle.<\/p>\n\n\n\n<p>L&#8217;Europe, ce continent bor\u00e9al, vient terminer sa course tel un astre s&#8217;\u00e9teignant avec gr\u00e2ce apr\u00e8s avoir \u00e9clair\u00e9 les t\u00e9n\u00e8bres et apport\u00e9 la lumi\u00e8re sur tous les peuples, donnant un exemple vaillant de ce dont est capable l&#8217;\u00eatre humain lorsqu&#8217;il repousse les limites de l&#8217;impossible.<\/p>\n\n\n\n<p>Une ethnie lumineuse qui, pendant son bref passage sur Terre, aura apport\u00e9 \u00e0 tous les autres peuples du monde les plus beaux joyaux, ceux de l&#8217;art, de la connaissance, de la philosophe grecque, de l&#8217;artisanat, de la m\u00e9decine, de la technologie et de la morale.<\/p>\n\n\n\n<p>Gr\u00e2ce \u00e0 sa bont\u00e9 et sa bienveillance, le peuple europ\u00e9en aura offert \u00e0 l&#8217;humanit\u00e9 la Lune et les \u00e9toiles. Il aura hiss\u00e9 la prosp\u00e9rit\u00e9 de l&#8217;humanit\u00e9 \u00e0 des niveaux jamais atteints, faisant vivre le paysan d&#8217;aujourd&#8217;hui comme les rois de jadis. <\/p>\n\n\n\n<p>Je sens dans ma chair la mort de ma civilisation et avec tristesse, je prends la main de l&#8217;Europe, comme une vieille dame qui aurait v\u00e9cu une trop belle vie pour pouvoir me l&#8217;expliquer. Et moi qui aurait souffert de trop de peine pour la contenir.<\/p>\n\n\n\n<p>Je l&#8217;accompagne avec soin, vers les derniers rivages du cr\u00e9puscule o\u00f9 elle trouvera une r\u00e9sonnance pour l&#8217;\u00e9ternit\u00e9. Je lui promets que je me ferai gardien de sa m\u00e9moire, h\u00e9ritier de son cadeau, t\u00e9moin de sa splendeur, conteur de son \u00e9pop\u00e9e.<\/p>\n\n\n\n<p>Je pourrai dire : &#8221; <strong><em>J&#8217;\u00e9tais Europ\u00e9en<\/em><\/strong>.&#8221;<\/p>\n\n\n\n<p>Je constate, dans un temps en suspension, la belle Europe donnait son dernier souffle.<\/p>\n\n\n\n<p>Si on tend l&#8217;oreille, on peut entendre le silence au milieu des bruits sans fin. Des vall\u00e9es de France aux for\u00eats myst\u00e9rieuses de Germanie, des falaises de Gr\u00e8ce aux plages d&#8217;Italie, des montagnes de Norv\u00e8ge aux ports de Hollande, l&#8217;Europe attend. Elle se pr\u00e9pare&#8230; <\/p>\n\n\n\n<p><\/p>\n\n\n\n<figure class=\"wp-block-gallery columns-3 is-cropped wp-block-gallery-1 is-layout-flex wp-block-gallery-is-layout-flex\"><ul class=\"blocks-gallery-grid\"><li class=\"blocks-gallery-item\"><figure><img decoding=\"async\" width=\"1024\" height=\"684\" src=\"https:\/\/conservativenthusiast.com\/wp-content\/uploads\/2021\/08\/kai-pilger-uQBxh6L5D4-unsplash-1024x684.jpg\" alt=\"\" data-id=\"40355\" data-full-url=\"https:\/\/conservativenthusiast.com\/wp-content\/uploads\/2021\/08\/kai-pilger-uQBxh6L5D4-unsplash.jpg\" data-link=\"https:\/\/conservativenthusiast.com\/?attachment_id=40355\" class=\"wp-image-40355\" srcset=\"https:\/\/conservativenthusiast.com\/wp-content\/uploads\/2021\/08\/kai-pilger-uQBxh6L5D4-unsplash-980x655.jpg 980w, https:\/\/conservativenthusiast.com\/wp-content\/uploads\/2021\/08\/kai-pilger-uQBxh6L5D4-unsplash-480x321.jpg 480w\" sizes=\"(min-width: 0px) and (max-width: 480px) 480px, (min-width: 481px) and (max-width: 980px) 980px, (min-width: 981px) 1024px, 100vw\" \/><\/figure><\/li><li class=\"blocks-gallery-item\"><figure><img decoding=\"async\" width=\"1024\" height=\"683\" src=\"https:\/\/conservativenthusiast.com\/wp-content\/uploads\/2021\/08\/jean-jacques-halans-bebxKFZvHic-unsplash-1024x683.jpg\" alt=\"\" data-id=\"40354\" data-full-url=\"https:\/\/conservativenthusiast.com\/wp-content\/uploads\/2021\/08\/jean-jacques-halans-bebxKFZvHic-unsplash.jpg\" data-link=\"https:\/\/conservativenthusiast.com\/?attachment_id=40354\" class=\"wp-image-40354\" srcset=\"https:\/\/conservativenthusiast.com\/wp-content\/uploads\/2021\/08\/jean-jacques-halans-bebxKFZvHic-unsplash-980x653.jpg 980w, https:\/\/conservativenthusiast.com\/wp-content\/uploads\/2021\/08\/jean-jacques-halans-bebxKFZvHic-unsplash-480x320.jpg 480w\" sizes=\"(min-width: 0px) and (max-width: 480px) 480px, (min-width: 481px) and (max-width: 980px) 980px, (min-width: 981px) 1024px, 100vw\" \/><\/figure><\/li><li class=\"blocks-gallery-item\"><figure><img decoding=\"async\" width=\"1024\" height=\"683\" src=\"https:\/\/conservativenthusiast.com\/wp-content\/uploads\/2021\/08\/jacob-wixom-aqW-xq6ft90-unsplash-1024x683.jpg\" alt=\"\" data-id=\"40353\" data-full-url=\"https:\/\/conservativenthusiast.com\/wp-content\/uploads\/2021\/08\/jacob-wixom-aqW-xq6ft90-unsplash.jpg\" data-link=\"https:\/\/conservativenthusiast.com\/?attachment_id=40353\" class=\"wp-image-40353\" srcset=\"https:\/\/conservativenthusiast.com\/wp-content\/uploads\/2021\/08\/jacob-wixom-aqW-xq6ft90-unsplash-980x653.jpg 980w, https:\/\/conservativenthusiast.com\/wp-content\/uploads\/2021\/08\/jacob-wixom-aqW-xq6ft90-unsplash-480x320.jpg 480w\" sizes=\"(min-width: 0px) and (max-width: 480px) 480px, (min-width: 481px) and (max-width: 980px) 980px, (min-width: 981px) 1024px, 100vw\" \/><\/figure><\/li><\/ul><\/figure>\n\n\n\n<figure class=\"wp-block-gallery columns-1 is-cropped wp-block-gallery-3 is-layout-flex wp-block-gallery-is-layout-flex\"><ul class=\"blocks-gallery-grid\"><li class=\"blocks-gallery-item\"><figure><img decoding=\"async\" width=\"1024\" height=\"680\" src=\"https:\/\/conservativenthusiast.com\/wp-content\/uploads\/2021\/08\/seth-kane-XOEAHbE_vO8-unsplash-1024x680.jpg\" alt=\"\" data-id=\"40377\" data-full-url=\"https:\/\/conservativenthusiast.com\/wp-content\/uploads\/2021\/08\/seth-kane-XOEAHbE_vO8-unsplash.jpg\" data-link=\"https:\/\/conservativenthusiast.com\/?attachment_id=40377\" class=\"wp-image-40377\" srcset=\"https:\/\/conservativenthusiast.com\/wp-content\/uploads\/2021\/08\/seth-kane-XOEAHbE_vO8-unsplash-980x651.jpg 980w, https:\/\/conservativenthusiast.com\/wp-content\/uploads\/2021\/08\/seth-kane-XOEAHbE_vO8-unsplash-480x319.jpg 480w\" sizes=\"(min-width: 0px) and (max-width: 480px) 480px, (min-width: 481px) and (max-width: 980px) 980px, (min-width: 981px) 1024px, 100vw\" \/><\/figure><\/li><\/ul><\/figure>\n\n\n\n<p><\/p>\n\n\n\n<p>Telle une \u00e9manation proph\u00e9tique, la civilisation europ\u00e9enne glisse de l&#8217;Ouest \u00e0 l&#8217;Est, du couchant vers le levant, pour y rena\u00eetre et trouver une nouvelle forme, telle une jeune fille quittant les bras de sa m\u00e8re pour se rendre dans ceux de son amant qui deviendra son mari et protecteur.<\/p>\n\n\n\n<p>Ainsi va le cycle de la vie, ainsi va le cycle des civilisations.<\/p>\n\n\n\n<p>La flamme de Prom\u00e9th\u00e9e, qui aura offert \u00e0 son peuple la plus glorieuse des \u00e9pop\u00e9es, aura br\u00fbl\u00e9 les ailes de son enfant de l&#8217;Ouest, trop grande et trop glorieuse, elle l&#8217;aura pouss\u00e9 \u00e0 devenir trop s\u00fbre et trop confiante, la rendant aveugle de sa propre folie.<\/p>\n\n\n\n<p>Comme <strong><em>Icare<\/em><\/strong> en son temps, elle aura voulu voler trop haut, causant sa propre chute. Les lamentations de ses enfants se font d\u00e9j\u00e0 entendre, une tristesse \u00e9ternelle de voir s&#8217;\u00e9teindre une gloire si pure.<\/p>\n\n\n\n<p><\/p>\n\n\n\n<div class=\"wp-block-image\"><figure class=\"aligncenter size-large\"><img decoding=\"async\" width=\"839\" height=\"1024\" src=\"https:\/\/conservativenthusiast.com\/wp-content\/uploads\/2021\/08\/Draper_Herbert_James_Mourning_for_Icarus-839x1024.jpg\" alt=\"\" class=\"wp-image-40375\" srcset=\"https:\/\/conservativenthusiast.com\/wp-content\/uploads\/2021\/08\/Draper_Herbert_James_Mourning_for_Icarus-839x1024.jpg 839w, https:\/\/conservativenthusiast.com\/wp-content\/uploads\/2021\/08\/Draper_Herbert_James_Mourning_for_Icarus-246x300.jpg 246w, https:\/\/conservativenthusiast.com\/wp-content\/uploads\/2021\/08\/Draper_Herbert_James_Mourning_for_Icarus-768x938.jpg 768w, https:\/\/conservativenthusiast.com\/wp-content\/uploads\/2021\/08\/Draper_Herbert_James_Mourning_for_Icarus-1258x1536.jpg 1258w, https:\/\/conservativenthusiast.com\/wp-content\/uploads\/2021\/08\/Draper_Herbert_James_Mourning_for_Icarus-1678x2048.jpg 1678w, https:\/\/conservativenthusiast.com\/wp-content\/uploads\/2021\/08\/Draper_Herbert_James_Mourning_for_Icarus-10x12.jpg 10w, https:\/\/conservativenthusiast.com\/wp-content\/uploads\/2021\/08\/Draper_Herbert_James_Mourning_for_Icarus-1080x1318.jpg 1080w, https:\/\/conservativenthusiast.com\/wp-content\/uploads\/2021\/08\/Draper_Herbert_James_Mourning_for_Icarus-1280x1563.jpg 1280w, https:\/\/conservativenthusiast.com\/wp-content\/uploads\/2021\/08\/Draper_Herbert_James_Mourning_for_Icarus-980x1196.jpg 980w, https:\/\/conservativenthusiast.com\/wp-content\/uploads\/2021\/08\/Draper_Herbert_James_Mourning_for_Icarus-480x586.jpg 480w\" sizes=\"(max-width: 839px) 100vw, 839px\" \/><figcaption><strong><em>Pleurs pour Icare<\/em>, 1898 &#8211; Herbert Draper<\/strong><\/figcaption><\/figure><\/div>\n\n\n\n<p><\/p>\n\n\n\n<p>Peu \u00e0 peu, je vois le beau se faire remplacer par l&#8217;hideux, le vivant par la putr\u00e9faction, le pur par le corrompu.<\/p>\n\n\n\n<p>Ce peuple aux milles aventures, aux plus belles femmes, aux plus grandes \u00e9pop\u00e9es.<\/p>\n\n\n\n<p>Ce peuple qui aura \u00e9t\u00e9 le berceau d&#8217;Achille, d&#8217;Alexandre, d&#8217;Ulysse, de Charlemagne, de Saint-Louis, de Jeanne d&#8217;Arc, de Jules Vernes, de Da Vinci ou de Napol\u00e9on.<\/p>\n\n\n\n<p>Ces visages nobles, aux cheveux dor\u00e9s et aux yeux d&#8217;azur, si rares et si longtemps jalous\u00e9s, si longtemps admir\u00e9s, se laissent diluer dans l&#8217;infiniment commun.<\/p>\n\n\n\n<p>Se laissent dispara\u00eetre dans l&#8217;\u00e9b\u00e8ne qui conquiert tout sans distinction, qui lisse, qui efface, qui remplace.<\/p>\n\n\n\n<p><\/p>\n\n\n\n<figure class=\"wp-block-gallery columns-1 is-cropped wp-block-gallery-5 is-layout-flex wp-block-gallery-is-layout-flex\"><ul class=\"blocks-gallery-grid\"><li class=\"blocks-gallery-item\"><figure><img decoding=\"async\" width=\"768\" height=\"1024\" src=\"https:\/\/conservativenthusiast.com\/wp-content\/uploads\/2021\/08\/European-woman-768x1024.jpeg\" alt=\"\" data-id=\"40415\" data-full-url=\"https:\/\/conservativenthusiast.com\/wp-content\/uploads\/2021\/08\/European-woman.jpeg\" data-link=\"https:\/\/conservativenthusiast.com\/?attachment_id=40415\" class=\"wp-image-40415\"\/><\/figure><\/li><\/ul><\/figure>\n\n\n\n<p><\/p>\n\n\n\n<p>Les europ\u00e9ens de l&#8217;Ouest, comme des martyrs, auront au moins dans leur extinction donn\u00e9 l&#8217;exemple \u00e0 leurs fr\u00e8res de l&#8217;Est, comme dernier cadeau.<\/p>\n\n\n\n<p>L&#8217;Ouest, en brulant comme un ph\u00e9nix avant de rena\u00eetre \u00e0 l&#8217;Est, aura montr\u00e9 la plus grande des le\u00e7ons.<\/p>\n\n\n\n<p>Celle qu&#8217;il ne faut jamais oublier. Celle qui nous lie tous, que l&#8217;on soit roturier ou empereur.<\/p>\n\n\n\n<p><\/p>\n\n\n\n<figure class=\"wp-block-pullquote\"><blockquote><p><strong><em>Memento mori<br><\/em><\/strong>Souviens-toi que tu vas mourir.<\/p><\/blockquote><\/figure>\n\n\n\n<p><\/p>\n\n\n\n<p>Les descendants de ces g\u00e9ants auront oubli\u00e9 que m\u00eame eux pouvaient dispara\u00eetre. Que l&#8217;arrogance et l&#8217;orgueil, que la certitude d&#8217;\u00eatre sortie de l&#8217;Histoire, n&#8217;\u00e9tait rien de plus qu&#8217;un pi\u00e8ge pour mieux les abattre.<\/p>\n\n\n\n<p>En ayant reni\u00e9 la sagesse de leurs anciens et les le\u00e7ons du pass\u00e9, ils ont abandonn\u00e9 la vie, ils l&#8217;ont laiss\u00e9 \u00e0 d&#8217;autres. Ils ont oubli\u00e9 que le soldat grec, pour garantir la paix, ne baissait jamais sa garde ni son bouclier. Ils ont oubli\u00e9 que les plus grandes prosp\u00e9rit\u00e9s demandent les plus grands sacrifices.<\/p>\n\n\n\n<p><strong><em>Ils auront oubli\u00e9 que toute libert\u00e9 implique des responsabilit\u00e9s.<\/em><\/strong><\/p>\n\n\n\n<p><\/p>\n\n\n\n<figure class=\"wp-block-pullquote\"><blockquote><p><strong><em>Si vis pacem, para bellum<\/em><\/strong><br>Qui veut la paix, pr\u00e9pare la guerre.<\/p><\/blockquote><\/figure>\n\n\n\n<p><\/p>\n\n\n\n<p>Bient\u00f4t ce peuple qui s&#8217;\u00e9teint dans l&#8217;indiff\u00e9rence, mordu et griff\u00e9 par ces imposteurs infliltr\u00e9s qui \u00e9taient hier ses plus farouches ennemis, va laisser derri\u00e8re lui un d\u00e9cor rempli d&#8217;une mascarade o\u00f9 les nouveaux arrivants r\u00e9\u00e9criront l&#8217;Histoire pour dire &#8220;c&#8217;\u00e9tait nous&#8221;.<\/p>\n\n\n\n<p>Or, certains se souviendront encore. Certains auront vu. Certains auront \u00e9t\u00e9 t\u00e9moins de l&#8217;extinction du plus beau peuple ayant march\u00e9 sur cette Terre. Ce peuple l\u00e0 c&#8217;est le peuple d&#8217;Europe.<\/p>\n\n\n\n<p>Mais l&#8217;Europe est grande. Elle n&#8217;en est pas \u00e0 sa fin. La m\u00e8re meurt pour prot\u00e9ger sa fille. L&#8217;Ouest meurt pour renforcer l&#8217;Est. C&#8217;est d\u00e9j\u00e0 arriv\u00e9, et ce cycle ne fait que se r\u00e9p\u00e9ter.<\/p>\n\n\n\n<p>Il y a presque 2000 ans, Rome s&#8217;effondrait de l&#8217;int\u00e9rieur et de l&#8217;ext\u00e9rieur, ayant travers\u00e9e une d\u00e9cadence tr\u00e8s similaire \u00e0 la n\u00f4tre. Aujourd&#8217;hui, l&#8217;Ouest passe par les m\u00eames \u00e9tapes que les romains ont connues, reproduisant exactement les m\u00eames erreurs, les m\u00eames sch\u00e9mas.<\/p>\n\n\n\n<p><\/p>\n\n\n\n<figure class=\"wp-block-image size-large\"><img decoding=\"async\" width=\"1024\" height=\"636\" src=\"https:\/\/conservativenthusiast.com\/wp-content\/uploads\/2021\/08\/Cole_Thomas_The_Course_of_Empire_Destruction_1836-scaled-1-1024x636.jpg\" alt=\"\" class=\"wp-image-41363\" srcset=\"https:\/\/conservativenthusiast.com\/wp-content\/uploads\/2021\/08\/Cole_Thomas_The_Course_of_Empire_Destruction_1836-scaled-1-980x608.jpg 980w, https:\/\/conservativenthusiast.com\/wp-content\/uploads\/2021\/08\/Cole_Thomas_The_Course_of_Empire_Destruction_1836-scaled-1-480x298.jpg 480w\" sizes=\"(min-width: 0px) and (max-width: 480px) 480px, (min-width: 481px) and (max-width: 980px) 980px, (min-width: 981px) 1024px, 100vw\" \/><\/figure>\n\n\n\n<p><\/p>\n\n\n\n<p>Et la civilisation \u00e0 l&#8217;Ouest, comme elle l&#8217;avait fait du temps de Rome, ne dispara\u00eet pas compl\u00e9tement, car dans sa chute, elle enfante une civilisation h\u00e9riti\u00e8re, qui p\u00e9rpetue sa tradition \u00e0 l&#8217;Est.<\/p>\n\n\n\n<p>Cette extension de la civilisation m\u00e8re, devint m\u00eame plus brillante, plus prosp\u00e8re et conna\u00eetra une long\u00e9vit\u00e9 bien plus grande que son origine.<\/p>\n\n\n\n<p>Et aujourd&#8217;hui, les choses se r\u00e9p\u00e9tent. Aujourd&#8217;hui encore, l&#8217;Ouest se d\u00e9compose pour former un h\u00e9ritier \u00e0 l&#8217;Est qui perdurera sa tradition. Qui fera survivre sa civilisation, en restant solide, pendant que l&#8217;Ouest se d\u00e9truira, comme elle l&#8217;a fait par le pass\u00e9.<\/p>\n\n\n\n<p><\/p>\n\n\n\n<figure class=\"wp-block-image size-large\"><img decoding=\"async\" width=\"1024\" height=\"706\" src=\"https:\/\/conservativenthusiast.com\/wp-content\/uploads\/2021\/08\/Roman-Empire-1024x706.png\" alt=\"\" class=\"wp-image-41361\" srcset=\"https:\/\/conservativenthusiast.com\/wp-content\/uploads\/2021\/08\/Roman-Empire-980x675.png 980w, https:\/\/conservativenthusiast.com\/wp-content\/uploads\/2021\/08\/Roman-Empire-480x331.png 480w\" sizes=\"(min-width: 0px) and (max-width: 480px) 480px, (min-width: 481px) and (max-width: 980px) 980px, (min-width: 981px) 1024px, 100vw\" \/><\/figure>\n\n\n\n<p><\/p>\n\n\n\n<p>Car au final, la Terre continua de tourner \u00e0 la chute de Rome, tout comme elle continuera de tourner \u00e0 la chute de l&#8217;Europe de l&#8217;Ouest, ce ne sont que les civilisations et les peuples qui changent, pas la terre.<\/p>\n\n\n\n<p><strong>L&#8217;important au final, c&#8217;est la civilisation, pas le sol.<\/strong><\/p>\n\n\n\n<p>Et aujourd&#8217;hui, alors que ce cycle se r\u00e9p\u00e8te, le sol de la civilisation h\u00e9riti\u00e8re est bien plus grand, pharamineux m\u00eame.<\/p>\n\n\n\n<p><\/p>\n\n\n\n<h2 class=\"wp-block-heading\"><span class=\"has-inline-color has-black-color\"><strong><em>L&#8217;Europe s&#8217;\u00e9tend de Lisbonne \u00e0 Vladivostok<\/em><\/strong>.<\/span><\/h2>\n\n\n\n<p><\/p>\n\n\n\n<div class=\"wp-block-image\"><figure class=\"aligncenter size-large\"><img decoding=\"async\" width=\"1024\" height=\"552\" src=\"https:\/\/conservativenthusiast.com\/wp-content\/uploads\/2021\/08\/Eurasie-1-1024x552.jpg\" alt=\"\" class=\"wp-image-42681\" srcset=\"https:\/\/conservativenthusiast.com\/wp-content\/uploads\/2021\/08\/Eurasie-1-980x529.jpg 980w, https:\/\/conservativenthusiast.com\/wp-content\/uploads\/2021\/08\/Eurasie-1-480x259.jpg 480w\" sizes=\"(min-width: 0px) and (max-width: 480px) 480px, (min-width: 481px) and (max-width: 980px) 980px, (min-width: 981px) 1024px, 100vw\" \/><figcaption><strong><em>L&#8217;Europe Occidentale d\u00e9cadente et remplac\u00e9e \u00e0 l&#8217;Ouest. L&#8217;Europe orientale, homog\u00e8ne et conservatrice \u00e0 l&#8217;Est.<\/em><\/strong><\/figcaption><\/figure><\/div>\n\n\n\n<p><\/p>\n\n\n\n<p>Les vastes territoires vierges et qui ne demandent qu&#8217;une nouvelle \u00e9pop\u00e9e s&#8217;\u00e9tendent \u00e0 perte de vue \u00e0 l&#8217;Est. Ils appellent les enfants d&#8217;Europe \u00e0 venir \u00e9crire une nouvelle page de leur histoire.<\/p>\n\n\n\n<p>Une nouvelle page de la <strong>grande Histoire<\/strong>.<\/p>\n\n\n\n<p>Comme les grandes migrations des germains d&#8217;antan de l&#8217;Est \u00e0 l&#8217;Ouest, une nouvelle grande migration europ\u00e9enne s&#8217;annonce, cette fois-ci de l&#8217;Ouest \u00e0 l&#8217;Est.<\/p>\n\n\n\n<p>Cette nouvelle \u00e9pop\u00e9e est pleine de d\u00e9fis. Elle portera une nouvelle \u00e8re. Elle donnera \u00e0 l&#8217;Europe un souffle nouveau.<\/p>\n\n\n\n<p>Elle verra \u00e9merger les nouveaux prodiges, les prochains g\u00e9nies. Elle verra les fronti\u00e8res de l&#8217;univers encore repouss\u00e9es. Elle verra l&#8217;Europ\u00e9en se voir attribuer un <strong>territoire vertigineux<\/strong>, <strong>offrant des possibilit\u00e9s infinies<\/strong>.<\/p>\n\n\n\n<p>Elle verra les virtuoses de demain \u00e9crire les nouvelles pages d&#8217;un mill\u00e9naire qui n&#8217;en est qu&#8217;\u00e0 ses d\u00e9buts.<\/p>\n\n\n\n<p>Une <strong>terre faite pour sa grandeur<\/strong>, o\u00f9 les porteurs de la tradition y sont d\u00e9j\u00e0 plus vivants que jamais.<\/p>\n\n\n\n<p>Mon chemin s&#8217;y dessine.<\/p>\n\n\n\n<p>Bient\u00f4t, tout comme mes anc\u00eatres l&#8217;ont fait avant moi, je quitterai un territoire pour en \u00e9pouser un nouveau. Je porterai sur mon dos l&#8217;h\u00e9ritage et les bagages de tout un peuple, toute une g\u00e9n\u00e9ration.<\/p>\n\n\n\n<p><strong>L<\/strong>es derniers meilleurs individus de l&#8217;Ouest, qui obtiendront en h\u00e9ritage cette civilisation et qui glisseront vers l&#8217;Est, <strong>auront pour devoir de la faire perdurer et fleurir<\/strong>.<\/p>\n\n\n\n<p>Et le temps est venu de faire mes adieux \u00e0 la terre qui m&#8217;a vu grandir.<\/p>\n\n\n\n<p>Et n&#8217;\u00e9tant pas tr\u00e8s dou\u00e9 pour les adieux, je ne ferai que remercier.<\/p>\n\n\n\n<p>Ma gratitude pourrait difficilement \u00eatre d\u00e9crite. Mais en quelques lettres, j&#8217;adresse \u00e0 ceux qui m&#8217;ont pr\u00e9c\u00e9d\u00e9s ces derniers mots, \u00e0 la mani\u00e8re d&#8217;un Charles Quint.<\/p>\n\n\n\n<p><\/p>\n\n\n\n<figure class=\"wp-block-pullquote\"><blockquote><p><strong><em>&#8220;Je parle espagnol \u00e0 Dieu, italien aux femmes, fran\u00e7ais aux hommes et allemand \u00e0 mon cheval.&#8221;<\/em><\/strong><\/p><cite><strong><em>Charles Quint<\/em><\/strong><\/cite><\/blockquote><\/figure>\n\n\n\n<p><\/p>\n\n\n\n<p>Je remercie la Gr\u00e8ce de m&#8217;avoir appris \u00e0 penser, \u00e0 philosopher. Je remercie l&#8217;Italie de m&#8217;avoir appris l&#8217;\u00e9l\u00e9gance et la fiert\u00e9. Je remercie l&#8217;Angleterre de m&#8217;avoir appris l&#8217;\u00e9tiquette et le prestige. Je remercie l&#8217;Allemagne de m&#8217;avoir appris la po\u00e9sie, la musique et la discipline. Je remercie la Scandinavie de m&#8217;avoir appris \u00e0 aimer la nature. Je remercie toutes les nations du continent bor\u00e9al d&#8217;avoir pu porter jusqu&#8217;\u00e0 moi leurs enseignements.<\/p>\n\n\n\n<p>Tout particuli\u00e8rement, je remercie le pays qui m&#8217;a vu na\u00eetre, la douce France, de m&#8217;avoir enseign\u00e9 la beaut\u00e9 et l&#8217;art de vivre.<\/p>\n\n\n\n<p>Mais plus que tout, <strong>je remercie l&#8217;Europe <\/strong>de m&#8217;avoir enseign\u00e9 la grandeur.<\/p>\n\n\n\n<p>Une nouvelle page se tourne et de nombreuses p\u00e9rip\u00e9ties m&#8217;attendent dans cette nouvelle Europe, \u00e0 l&#8217;Est, cette h\u00e9riti\u00e8re qui n&#8217;attend plus qu&#8217;\u00e0 briller. J&#8217;y am\u00e8ne l&#8217;enthousiasme et l&#8217;\u00e9nergie de b\u00e2tir.<\/p>\n\n\n\n<p>Plus que jamais, un nouveau cycle commence&#8230;<\/p>\n\n\n\n<p><\/p>\n\n\n\n<figure class=\"wp-block-image size-full\"><img decoding=\"async\" width=\"1024\" height=\"640\" src=\"https:\/\/conservativenthusiast.com\/wp-content\/uploads\/2021\/08\/Russie.jpg\" alt=\"\" class=\"wp-image-40497\" srcset=\"https:\/\/conservativenthusiast.com\/wp-content\/uploads\/2021\/08\/Russie.jpg 1024w, https:\/\/conservativenthusiast.com\/wp-content\/uploads\/2021\/08\/Russie-980x613.jpg 980w, https:\/\/conservativenthusiast.com\/wp-content\/uploads\/2021\/08\/Russie-480x300.jpg 480w\" sizes=\"(min-width: 0px) and (max-width: 480px) 480px, (min-width: 481px) and (max-width: 980px) 980px, (min-width: 981px) 1024px, 100vw\" \/><\/figure>\n\n\n\n<p><\/p>\n\n\n<div class=\"sabox-plus-item\"><div class=\"saboxplugin-wrap\" itemtype=\"http:\/\/schema.org\/Person\" itemscope itemprop=\"author\"><div class=\"saboxplugin-tab\"><div class=\"saboxplugin-gravatar\"><img alt='Alexis.L' src='https:\/\/secure.gravatar.com\/avatar\/e276145ad3a64170e9c68564bb9e4280?s=100&#038;d=mm&#038;r=g' srcset='https:\/\/secure.gravatar.com\/avatar\/e276145ad3a64170e9c68564bb9e4280?s=200&#038;d=mm&#038;r=g 2x' class='avatar avatar-100 photo' height='100' width='100' itemprop=\"image\" decoding='async'\/><\/div><div class=\"saboxplugin-authorname\"><a href=\"https:\/\/conservativenthusiast.com\/en\/author\/admin6171\/\" class=\"vcard author\" rel=\"author\"><span class=\"fn\">Alexis.L<\/span><\/a><\/div><div class=\"saboxplugin-desc\"><div itemprop=\"description\"><p>Si vous appr\u00e9ciez les articles de ce r\u00e9dacteur et que vous souhaitez en d\u00e9couvrir davantage sur lui ou ses \u00e9crits, vous pouvez consulter tous ses articles en cliquant sur son pseudo ou en apprendre plus sur notre page &#8220;<a href=\"https:\/\/conservativenthusiast.com\/en\/notre-equipe\/\">Our team<\/a>&#8220;. Vous pouvez \u00e9galement le suivre sur ses diff\u00e9rents r\u00e9seaux sociaux ci-dessous.<\/p>\n<\/div><\/div><div class=\"clearfix\"><\/div><div class=\"saboxplugin-socials\"><a title=\"Instagram\" target=\"_blank\" href=\"https:\/\/www.instagram.com\/alexis_lisiak\/\" rel=\"nofollow noopener\" class=\"saboxplugin-icon-grey\"><svg aria-hidden=\"true\" class=\"sab-instagram\" role=\"img\" xmlns=\"http:\/\/www.w3.org\/2000\/svg\" viewbox=\"0 0 448 512\"><path fill=\"currentColor\" d=\"M224.1 141c-63.6 0-114.9 51.3-114.9 114.9s51.3 114.9 114.9 114.9S339 319.5 339 255.9 287.7 141 224.1 141zm0 189.6c-41.1 0-74.7-33.5-74.7-74.7s33.5-74.7 74.7-74.7 74.7 33.5 74.7 74.7-33.6 74.7-74.7 74.7zm146.4-194.3c0 14.9-12 26.8-26.8 26.8-14.9 0-26.8-12-26.8-26.8s12-26.8 26.8-26.8 26.8 12 26.8 26.8zm76.1 27.2c-1.7-35.9-9.9-67.7-36.2-93.9-26.2-26.2-58-34.4-93.9-36.2-37-2.1-147.9-2.1-184.9 0-35.8 1.7-67.6 9.9-93.9 36.1s-34.4 58-36.2 93.9c-2.1 37-2.1 147.9 0 184.9 1.7 35.9 9.9 67.7 36.2 93.9s58 34.4 93.9 36.2c37 2.1 147.9 2.1 184.9 0 35.9-1.7 67.7-9.9 93.9-36.2 26.2-26.2 34.4-58 36.2-93.9 2.1-37 2.1-147.8 0-184.8zM398.8 388c-7.8 19.6-22.9 34.7-42.6 42.6-29.5 11.7-99.5 9-132.1 9s-102.7 2.6-132.1-9c-19.6-7.8-34.7-22.9-42.6-42.6-11.7-29.5-9-99.5-9-132.1s-2.6-102.7 9-132.1c7.8-19.6 22.9-34.7 42.6-42.6 29.5-11.7 99.5-9 132.1-9s102.7-2.6 132.1 9c19.6 7.8 34.7 22.9 42.6 42.6 11.7 29.5 9 99.5 9 132.1s2.7 102.7-9 132.1z\"><\/path><\/svg><\/span><\/a><\/div><\/div><\/div><\/div>\n\n\n<p><\/p>\n\n\n\n<p><\/p>","protected":false},"excerpt":{"rendered":"<p>Je vous conseille de mettre cette musique l\u00e9g\u00e8rement en fond avant de commencer la lecture. Il y a des mill\u00e9naires, [&hellip;]<\/p>","protected":false},"author":1,"featured_media":40332,"comment_status":"open","ping_status":"open","sticky":false,"template":"","format":"standard","meta":{"_et_pb_use_builder":"off","_et_pb_old_content":"","_et_gb_content_width":"","_exactmetrics_skip_tracking":false,"_exactmetrics_sitenote_active":false,"_exactmetrics_sitenote_note":"","_exactmetrics_sitenote_category":0,"footnotes":""},"categories":[3,28],"tags":[505,525,524,523,522],"yoast_head":"<!-- This site is optimized with the Yoast SEO plugin v22.3 - https:\/\/yoast.com\/wordpress\/plugins\/seo\/ -->\n<title>Une derni\u00e8re larme pour l&#039;Ouest - The Conservative Enthusiast<\/title>\n<meta name=\"description\" content=\"\u27bd D\u00e9couvrez cet \u00e9crit po\u00e9tique sur The Conservative Enthusiast, la plateforme de partage et d&#039;apprentissage des conservateurs.\" \/>\n<meta name=\"robots\" content=\"index, follow, max-snippet:-1, max-image-preview:large, max-video-preview:-1\" \/>\n<link rel=\"canonical\" href=\"https:\/\/conservativenthusiast.com\/en\/une-derniere-larme-pour-louest\/\" \/>\n<meta property=\"og:locale\" content=\"en_GB\" \/>\n<meta property=\"og:type\" content=\"article\" \/>\n<meta property=\"og:title\" content=\"Une derni\u00e8re larme pour l&#039;Ouest - The Conservative Enthusiast\" \/>\n<meta property=\"og:description\" content=\"\u27bd D\u00e9couvrez cet \u00e9crit po\u00e9tique sur The Conservative Enthusiast, la plateforme de partage et d&#039;apprentissage des conservateurs.\" \/>\n<meta property=\"og:url\" content=\"https:\/\/conservativenthusiast.com\/en\/une-derniere-larme-pour-louest\/\" \/>\n<meta property=\"og:site_name\" content=\"The Conservative Enthusiast\" \/>\n<meta property=\"article:published_time\" content=\"2021-08-31T10:08:00+00:00\" \/>\n<meta property=\"article:modified_time\" content=\"2021-09-01T09:07:14+00:00\" \/>\n<meta property=\"og:image\" content=\"https:\/\/conservativenthusiast.com\/wp-content\/uploads\/2021\/08\/mateus-campos-felipe-9KngV0Hk3AU-unsplash.jpg\" \/>\n\t<meta property=\"og:image:width\" content=\"2400\" \/>\n\t<meta property=\"og:image:height\" content=\"1600\" \/>\n\t<meta property=\"og:image:type\" content=\"image\/jpeg\" \/>\n<meta name=\"author\" content=\"Alexis.L\" \/>\n<meta name=\"twitter:card\" content=\"summary_large_image\" \/>\n<meta name=\"twitter:label1\" content=\"Written by\" \/>\n\t<meta name=\"twitter:data1\" content=\"Alexis.L\" \/>\n\t<meta name=\"twitter:label2\" content=\"Estimated reading time\" \/>\n\t<meta name=\"twitter:data2\" content=\"10 minutes\" \/>\n<script type=\"application\/ld+json\" class=\"yoast-schema-graph\">{\"@context\":\"https:\/\/schema.org\",\"@graph\":[{\"@type\":\"Article\",\"@id\":\"https:\/\/conservativenthusiast.com\/en\/une-derniere-larme-pour-louest\/#article\",\"isPartOf\":{\"@id\":\"https:\/\/conservativenthusiast.com\/en\/une-derniere-larme-pour-louest\/\"},\"author\":{\"name\":\"Alexis.L\",\"@id\":\"https:\/\/conservativenthusiast.com\/#\/schema\/person\/3edd83a60aed483f95ebc876aeac7feb\"},\"headline\":\"Une derni\u00e8re larme pour l&#8217;Ouest\",\"datePublished\":\"2021-08-31T10:08:00+00:00\",\"dateModified\":\"2021-09-01T09:07:14+00:00\",\"mainEntityOfPage\":{\"@id\":\"https:\/\/conservativenthusiast.com\/en\/une-derniere-larme-pour-louest\/\"},\"wordCount\":1890,\"commentCount\":1,\"publisher\":{\"@id\":\"https:\/\/conservativenthusiast.com\/#organization\"},\"image\":{\"@id\":\"https:\/\/conservativenthusiast.com\/en\/une-derniere-larme-pour-louest\/#primaryimage\"},\"thumbnailUrl\":\"https:\/\/conservativenthusiast.com\/wp-content\/uploads\/2021\/08\/mateus-campos-felipe-9KngV0Hk3AU-unsplash.jpg\",\"keywords\":[\"Europe\",\"Europe de l&#039;Est\",\"Europe de l&#039;Ouest\",\"Grand remplacement\",\"Migration Europe\"],\"articleSection\":[\"Philosophie\",\"Politique\"],\"inLanguage\":\"en-GB\",\"potentialAction\":[{\"@type\":\"CommentAction\",\"name\":\"Comment\",\"target\":[\"https:\/\/conservativenthusiast.com\/en\/une-derniere-larme-pour-louest\/#respond\"]}]},{\"@type\":\"WebPage\",\"@id\":\"https:\/\/conservativenthusiast.com\/en\/une-derniere-larme-pour-louest\/\",\"url\":\"https:\/\/conservativenthusiast.com\/en\/une-derniere-larme-pour-louest\/\",\"name\":\"Une derni\u00e8re larme pour l'Ouest - The Conservative Enthusiast\",\"isPartOf\":{\"@id\":\"https:\/\/conservativenthusiast.com\/#website\"},\"primaryImageOfPage\":{\"@id\":\"https:\/\/conservativenthusiast.com\/en\/une-derniere-larme-pour-louest\/#primaryimage\"},\"image\":{\"@id\":\"https:\/\/conservativenthusiast.com\/en\/une-derniere-larme-pour-louest\/#primaryimage\"},\"thumbnailUrl\":\"https:\/\/conservativenthusiast.com\/wp-content\/uploads\/2021\/08\/mateus-campos-felipe-9KngV0Hk3AU-unsplash.jpg\",\"datePublished\":\"2021-08-31T10:08:00+00:00\",\"dateModified\":\"2021-09-01T09:07:14+00:00\",\"description\":\"\u27bd D\u00e9couvrez cet \u00e9crit po\u00e9tique sur The Conservative Enthusiast, la plateforme de partage et d'apprentissage des conservateurs.\",\"breadcrumb\":{\"@id\":\"https:\/\/conservativenthusiast.com\/en\/une-derniere-larme-pour-louest\/#breadcrumb\"},\"inLanguage\":\"en-GB\",\"potentialAction\":[{\"@type\":\"ReadAction\",\"target\":[\"https:\/\/conservativenthusiast.com\/en\/une-derniere-larme-pour-louest\/\"]}]},{\"@type\":\"ImageObject\",\"inLanguage\":\"en-GB\",\"@id\":\"https:\/\/conservativenthusiast.com\/en\/une-derniere-larme-pour-louest\/#primaryimage\",\"url\":\"https:\/\/conservativenthusiast.com\/wp-content\/uploads\/2021\/08\/mateus-campos-felipe-9KngV0Hk3AU-unsplash.jpg\",\"contentUrl\":\"https:\/\/conservativenthusiast.com\/wp-content\/uploads\/2021\/08\/mateus-campos-felipe-9KngV0Hk3AU-unsplash.jpg\",\"width\":2400,\"height\":1600,\"caption\":\"Statue femme\"},{\"@type\":\"BreadcrumbList\",\"@id\":\"https:\/\/conservativenthusiast.com\/en\/une-derniere-larme-pour-louest\/#breadcrumb\",\"itemListElement\":[{\"@type\":\"ListItem\",\"position\":1,\"name\":\"Accueil\",\"item\":\"https:\/\/conservativenthusiast.com\/\"},{\"@type\":\"ListItem\",\"position\":2,\"name\":\"Une derni\u00e8re larme pour l&#8217;Ouest\"}]},{\"@type\":\"WebSite\",\"@id\":\"https:\/\/conservativenthusiast.com\/#website\",\"url\":\"https:\/\/conservativenthusiast.com\/\",\"name\":\"The Conservative Enthusiast\",\"description\":\"La plateforme de r\u00e9information, de partage et d&#039;apprentissage des conservateurs.\",\"publisher\":{\"@id\":\"https:\/\/conservativenthusiast.com\/#organization\"},\"potentialAction\":[{\"@type\":\"SearchAction\",\"target\":{\"@type\":\"EntryPoint\",\"urlTemplate\":\"https:\/\/conservativenthusiast.com\/?s={search_term_string}\"},\"query-input\":\"required name=search_term_string\"}],\"inLanguage\":\"en-GB\"},{\"@type\":\"Organization\",\"@id\":\"https:\/\/conservativenthusiast.com\/#organization\",\"name\":\"The Conservative Enthusiast\",\"url\":\"https:\/\/conservativenthusiast.com\/\",\"logo\":{\"@type\":\"ImageObject\",\"inLanguage\":\"en-GB\",\"@id\":\"https:\/\/conservativenthusiast.com\/#\/schema\/logo\/image\/\",\"url\":\"https:\/\/i0.wp.com\/conservativeenthusiast.com\/wp-content\/uploads\/2020\/06\/LOGO-CE-MINI.png?fit=3867%2C1180&ssl=1\",\"contentUrl\":\"https:\/\/i0.wp.com\/conservativeenthusiast.com\/wp-content\/uploads\/2020\/06\/LOGO-CE-MINI.png?fit=3867%2C1180&ssl=1\",\"width\":3867,\"height\":1180,\"caption\":\"The Conservative Enthusiast\"},\"image\":{\"@id\":\"https:\/\/conservativenthusiast.com\/#\/schema\/logo\/image\/\"}},{\"@type\":\"Person\",\"@id\":\"https:\/\/conservativenthusiast.com\/#\/schema\/person\/3edd83a60aed483f95ebc876aeac7feb\",\"name\":\"Alexis.L\",\"image\":{\"@type\":\"ImageObject\",\"inLanguage\":\"en-GB\",\"@id\":\"https:\/\/conservativenthusiast.com\/#\/schema\/person\/image\/\",\"url\":\"https:\/\/secure.gravatar.com\/avatar\/e276145ad3a64170e9c68564bb9e4280?s=96&d=mm&r=g\",\"contentUrl\":\"https:\/\/secure.gravatar.com\/avatar\/e276145ad3a64170e9c68564bb9e4280?s=96&d=mm&r=g\",\"caption\":\"Alexis.L\"},\"description\":\"Si vous appr\u00e9ciez les articles de ce r\u00e9dacteur et que vous souhaitez en d\u00e9couvrir davantage sur lui ou ses \u00e9crits, vous pouvez consulter tous ses articles en cliquant sur son pseudo ou en apprendre plus sur notre page \\\"Notre \u00e9quipe\\\". Vous pouvez \u00e9galement le suivre sur ses diff\u00e9rents r\u00e9seaux sociaux ci-dessous.\",\"url\":\"https:\/\/conservativenthusiast.com\/en\/author\/admin6171\/\"}]}<\/script>\n<!-- \/ Yoast SEO plugin. -->","yoast_head_json":{"title":"Une derni\u00e8re larme pour l'Ouest - The Conservative Enthusiast","description":"\u27bd D\u00e9couvrez cet \u00e9crit po\u00e9tique sur The Conservative Enthusiast, la plateforme de partage et d'apprentissage des conservateurs.","robots":{"index":"index","follow":"follow","max-snippet":"max-snippet:-1","max-image-preview":"max-image-preview:large","max-video-preview":"max-video-preview:-1"},"canonical":"https:\/\/conservativenthusiast.com\/en\/une-derniere-larme-pour-louest\/","og_locale":"en_GB","og_type":"article","og_title":"Une derni\u00e8re larme pour l'Ouest - The Conservative Enthusiast","og_description":"\u27bd D\u00e9couvrez cet \u00e9crit po\u00e9tique sur The Conservative Enthusiast, la plateforme de partage et d'apprentissage des conservateurs.","og_url":"https:\/\/conservativenthusiast.com\/en\/une-derniere-larme-pour-louest\/","og_site_name":"The Conservative Enthusiast","article_published_time":"2021-08-31T10:08:00+00:00","article_modified_time":"2021-09-01T09:07:14+00:00","og_image":[{"width":2400,"height":1600,"url":"https:\/\/conservativenthusiast.com\/wp-content\/uploads\/2021\/08\/mateus-campos-felipe-9KngV0Hk3AU-unsplash.jpg","type":"image\/jpeg"}],"author":"Alexis.L","twitter_card":"summary_large_image","twitter_misc":{"Written by":"Alexis.L","Estimated reading time":"10 minutes"},"schema":{"@context":"https:\/\/schema.org","@graph":[{"@type":"Article","@id":"https:\/\/conservativenthusiast.com\/en\/une-derniere-larme-pour-louest\/#article","isPartOf":{"@id":"https:\/\/conservativenthusiast.com\/en\/une-derniere-larme-pour-louest\/"},"author":{"name":"Alexis.L","@id":"https:\/\/conservativenthusiast.com\/#\/schema\/person\/3edd83a60aed483f95ebc876aeac7feb"},"headline":"Une derni\u00e8re larme pour l&#8217;Ouest","datePublished":"2021-08-31T10:08:00+00:00","dateModified":"2021-09-01T09:07:14+00:00","mainEntityOfPage":{"@id":"https:\/\/conservativenthusiast.com\/en\/une-derniere-larme-pour-louest\/"},"wordCount":1890,"commentCount":1,"publisher":{"@id":"https:\/\/conservativenthusiast.com\/#organization"},"image":{"@id":"https:\/\/conservativenthusiast.com\/en\/une-derniere-larme-pour-louest\/#primaryimage"},"thumbnailUrl":"https:\/\/conservativenthusiast.com\/wp-content\/uploads\/2021\/08\/mateus-campos-felipe-9KngV0Hk3AU-unsplash.jpg","keywords":["Europe","Europe de l&#039;Est","Europe de l&#039;Ouest","Grand remplacement","Migration Europe"],"articleSection":["Philosophie","Politique"],"inLanguage":"en-GB","potentialAction":[{"@type":"CommentAction","name":"Comment","target":["https:\/\/conservativenthusiast.com\/en\/une-derniere-larme-pour-louest\/#respond"]}]},{"@type":"WebPage","@id":"https:\/\/conservativenthusiast.com\/en\/une-derniere-larme-pour-louest\/","url":"https:\/\/conservativenthusiast.com\/en\/une-derniere-larme-pour-louest\/","name":"Une derni\u00e8re larme pour l'Ouest - The Conservative Enthusiast","isPartOf":{"@id":"https:\/\/conservativenthusiast.com\/#website"},"primaryImageOfPage":{"@id":"https:\/\/conservativenthusiast.com\/en\/une-derniere-larme-pour-louest\/#primaryimage"},"image":{"@id":"https:\/\/conservativenthusiast.com\/en\/une-derniere-larme-pour-louest\/#primaryimage"},"thumbnailUrl":"https:\/\/conservativenthusiast.com\/wp-content\/uploads\/2021\/08\/mateus-campos-felipe-9KngV0Hk3AU-unsplash.jpg","datePublished":"2021-08-31T10:08:00+00:00","dateModified":"2021-09-01T09:07:14+00:00","description":"\u27bd D\u00e9couvrez cet \u00e9crit po\u00e9tique sur The Conservative Enthusiast, la plateforme de partage et d'apprentissage des conservateurs.","breadcrumb":{"@id":"https:\/\/conservativenthusiast.com\/en\/une-derniere-larme-pour-louest\/#breadcrumb"},"inLanguage":"en-GB","potentialAction":[{"@type":"ReadAction","target":["https:\/\/conservativenthusiast.com\/en\/une-derniere-larme-pour-louest\/"]}]},{"@type":"ImageObject","inLanguage":"en-GB","@id":"https:\/\/conservativenthusiast.com\/en\/une-derniere-larme-pour-louest\/#primaryimage","url":"https:\/\/conservativenthusiast.com\/wp-content\/uploads\/2021\/08\/mateus-campos-felipe-9KngV0Hk3AU-unsplash.jpg","contentUrl":"https:\/\/conservativenthusiast.com\/wp-content\/uploads\/2021\/08\/mateus-campos-felipe-9KngV0Hk3AU-unsplash.jpg","width":2400,"height":1600,"caption":"Statue femme"},{"@type":"BreadcrumbList","@id":"https:\/\/conservativenthusiast.com\/en\/une-derniere-larme-pour-louest\/#breadcrumb","itemListElement":[{"@type":"ListItem","position":1,"name":"Accueil","item":"https:\/\/conservativenthusiast.com\/"},{"@type":"ListItem","position":2,"name":"Une derni\u00e8re larme pour l&#8217;Ouest"}]},{"@type":"WebSite","@id":"https:\/\/conservativenthusiast.com\/#website","url":"https:\/\/conservativenthusiast.com\/","name":"The Conservative Enthusiast","description":"La plateforme de r\u00e9information, de partage et d&#039;apprentissage des conservateurs.","publisher":{"@id":"https:\/\/conservativenthusiast.com\/#organization"},"potentialAction":[{"@type":"SearchAction","target":{"@type":"EntryPoint","urlTemplate":"https:\/\/conservativenthusiast.com\/?s={search_term_string}"},"query-input":"required name=search_term_string"}],"inLanguage":"en-GB"},{"@type":"Organization","@id":"https:\/\/conservativenthusiast.com\/#organization","name":"The Conservative Enthusiast","url":"https:\/\/conservativenthusiast.com\/","logo":{"@type":"ImageObject","inLanguage":"en-GB","@id":"https:\/\/conservativenthusiast.com\/#\/schema\/logo\/image\/","url":"https:\/\/i0.wp.com\/conservativeenthusiast.com\/wp-content\/uploads\/2020\/06\/LOGO-CE-MINI.png?fit=3867%2C1180&ssl=1","contentUrl":"https:\/\/i0.wp.com\/conservativeenthusiast.com\/wp-content\/uploads\/2020\/06\/LOGO-CE-MINI.png?fit=3867%2C1180&ssl=1","width":3867,"height":1180,"caption":"The Conservative Enthusiast"},"image":{"@id":"https:\/\/conservativenthusiast.com\/#\/schema\/logo\/image\/"}},{"@type":"Person","@id":"https:\/\/conservativenthusiast.com\/#\/schema\/person\/3edd83a60aed483f95ebc876aeac7feb","name":"Alexis.L","image":{"@type":"ImageObject","inLanguage":"en-GB","@id":"https:\/\/conservativenthusiast.com\/#\/schema\/person\/image\/","url":"https:\/\/secure.gravatar.com\/avatar\/e276145ad3a64170e9c68564bb9e4280?s=96&d=mm&r=g","contentUrl":"https:\/\/secure.gravatar.com\/avatar\/e276145ad3a64170e9c68564bb9e4280?s=96&d=mm&r=g","caption":"Alexis.L"},"description":"Si vous appr\u00e9ciez les articles de ce r\u00e9dacteur et que vous souhaitez en d\u00e9couvrir davantage sur lui ou ses \u00e9crits, vous pouvez consulter tous ses articles en cliquant sur son pseudo ou en apprendre plus sur notre page \"Notre \u00e9quipe\". Vous pouvez \u00e9galement le suivre sur ses diff\u00e9rents r\u00e9seaux sociaux ci-dessous.","url":"https:\/\/conservativenthusiast.com\/en\/author\/admin6171\/"}]}},"_links":{"self":[{"href":"https:\/\/conservativenthusiast.com\/en\/wp-json\/wp\/v2\/posts\/40321"}],"collection":[{"href":"https:\/\/conservativenthusiast.com\/en\/wp-json\/wp\/v2\/posts"}],"about":[{"href":"https:\/\/conservativenthusiast.com\/en\/wp-json\/wp\/v2\/types\/post"}],"author":[{"embeddable":true,"href":"https:\/\/conservativenthusiast.com\/en\/wp-json\/wp\/v2\/users\/1"}],"replies":[{"embeddable":true,"href":"https:\/\/conservativenthusiast.com\/en\/wp-json\/wp\/v2\/comments?post=40321"}],"version-history":[{"count":144,"href":"https:\/\/conservativenthusiast.com\/en\/wp-json\/wp\/v2\/posts\/40321\/revisions"}],"predecessor-version":[{"id":46769,"href":"https:\/\/conservativenthusiast.com\/en\/wp-json\/wp\/v2\/posts\/40321\/revisions\/46769"}],"wp:featuredmedia":[{"embeddable":true,"href":"https:\/\/conservativenthusiast.com\/en\/wp-json\/wp\/v2\/media\/40332"}],"wp:attachment":[{"href":"https:\/\/conservativenthusiast.com\/en\/wp-json\/wp\/v2\/media?parent=40321"}],"wp:term":[{"taxonomy":"category","embeddable":true,"href":"https:\/\/conservativenthusiast.com\/en\/wp-json\/wp\/v2\/categories?post=40321"},{"taxonomy":"post_tag","embeddable":true,"href":"https:\/\/conservativenthusiast.com\/en\/wp-json\/wp\/v2\/tags?post=40321"}],"curies":[{"name":"wp","href":"https:\/\/api.w.org\/{rel}","templated":true}]}}