{"id":3991,"date":"2021-01-02T13:00:00","date_gmt":"2021-01-02T12:00:00","guid":{"rendered":"https:\/\/conservativeenthusiast.com\/?p=3991"},"modified":"2021-01-07T10:52:13","modified_gmt":"2021-01-07T09:52:13","slug":"interview-tce-11-the-golden-one","status":"publish","type":"post","link":"https:\/\/conservativenthusiast.com\/en\/interview-tce-11-the-golden-one\/","title":{"rendered":"Interview TCE #10 &#8211; The Golden One"},"content":{"rendered":"<p>[et_pb_section fb_built=&#8221;1&#8243; _builder_version=&#8221;3.22&#8243;][et_pb_row _builder_version=&#8221;3.25&#8243; background_size=&#8221;initial&#8221; background_position=&#8221;top_left&#8221; background_repeat=&#8221;repeat&#8221;][et_pb_column type=&#8221;4_4&#8243; _builder_version=&#8221;3.25&#8243; custom_padding=&#8221;|||&#8221; custom_padding__hover=&#8221;|||&#8221;][et_pb_text _builder_version=&#8221;4.7.7&#8243; background_size=&#8221;initial&#8221; background_position=&#8221;top_left&#8221; background_repeat=&#8221;repeat&#8221;]<\/p>\n<p>&nbsp;<\/p>\n<h2><strong>Can you present yourself in a few words ? Where do you come from and what is your background ? <\/strong><strong>D\u2019o\u00f9 viens-tu ?<\/strong><\/h2>\n<p>&nbsp;<\/p>\n<p style=\"text-align: justify\"><em>\" My name is Marcus and I had the privilege of growing up in a Sweden a lot saner than what it is today.\"<\/em><\/p>\n<p>&nbsp;<\/p>\n<h2><strong>You are known on the internet as The Golden One: who is it and why did you chose this name?<\/strong><\/h2>\n<p>&nbsp;<\/p>\n<p style=\"text-align: justify\"><em>\" The Golden One is a title I claimed for myself. It was the most heroic and inspiring name of a title I could think about. Ever since claiming it I have strived to be worthy of it. Gold is incorruptible, I also strive to be incorruptible.\"<\/em><\/p>\n<p>&nbsp;<\/p>\n<h2><strong>How did your project start in the first place and how did it evolve to become what it is today ?<\/strong><\/h2>\n<p>&nbsp;<\/p>\n<p style=\"text-align: justify\"><em>\" My YouTube (and other social media) started as a fitness account and with time I started talking about relevant social issues. The migrant crisis of 2015 was a catalyst for switching focus. By that time I decided it was reasonable to speak out against what is being done to Europe.<\/em><\/p>\n<p style=\"text-align: justify\"><em>My main focus as of late has been on self-improvement. Great societal change must always start with oneself, so I try to give people (primarily men) the necessary knowledge to live better lives.\"<\/em><\/p>\n<p>&nbsp;<\/p>\n<p>&nbsp;<\/p>\n<h2><strong>Can you tell us a bit more about your current activity and the main goals you are after ? What do you think you can bring to people discovering you ? <\/strong><\/h2>\n<p>&nbsp;<\/p>\n<p style=\"text-align: justify\"><em>\" My main goals are to grow my businesses, Legio Gloria and Jotunheim Nutrition, in addition to getting as many people as possible to read my book Dauntless.<\/em><\/p>\n<p><em> <\/em><\/p>\n<p><em>Dauntless contains all advice I would like to give to any young man in the Modern World. So instead of having someone watch through all of my videos, it is more straight-forward for them to access the teachings in a book.<\/em><\/p>\n<p style=\"text-align: justify\"><em>The long-term goal is to enact regime change in Sweden. Hopefully in concert with regime-changes all over Western Europe.<\/em><\/p>\n<p style=\"text-align: justify\"><em>Hopefully people who discover me can find some aspects of my teachings that they can successfully incorporate into their lives.\"<\/em><\/p>\n<p>&nbsp;<\/p>\n<h2><strong>What are your main sources of inspiration ? Who or what have had a big influence on you ?<\/strong><\/h2>\n<p style=\"text-align: justify\"><em>\" Great sources of inspiration have always been classical art, myths and historical individuals. Aesthetically speaking I always wanted to look like an ancient statue, a Greek or Nordic demigod. Historical individuals such as Charles Martel and Napoleon have also served as inspirations to pursue a heroic path.\"<\/em><\/p>\n<p>&nbsp;<\/p>\n<h2><strong>Can you tell us more about the meta-political aspect of your channel ? What is, broadly, your take on the current political situation in Europe? <\/strong><\/h2>\n<p><strong>\u00a0<\/strong><\/p>\n<p style=\"text-align: justify\"><em>\" My primary aim with my metapolitical message is to get as many Europeans as possible (including people in the colonies) to identify as European. When they identify as belonging to a magnificent civilisation instead of just rootless individuals, they will be more likely to act in a way that serves the regeneration of European civilisation.\"<\/em><\/p>\n<p>&nbsp;<\/p>\n<h2><strong>On your channel, you stress the importance of physical appearance and post a lot of content about bodybuilding, combat sports and physical training. Why do you think physical exercise is so important for western men ? <\/strong><\/h2>\n<p>&nbsp;<\/p>\n<p style=\"text-align: justify\"><em>\" The mind and body are one. A healthy mind in a healthy body. Except for the purely health-based reasons, there are two more significant reasons for Western men to train today:<\/em><\/p>\n<ol>\n<li style=\"text-align: justify\"><em>In a culture war, the one with the best aesthetics wins. Creating an attractive culture starts with attractive people. No one wants to be associated with big bellies and poorly dressed and anti-social individuals<\/em><\/li>\n<li style=\"text-align: justify\"><em>A young European man is seen as a potential target by the imported hostile elements (from the MENA-region). Learning how to defend yourself and others is of paramount importance. Europe is not as safe as it was 50 years ago. We have gone from an idyll to Gotham City.<\/em><\/li>\n<\/ol>\n<p>&nbsp;<\/p>\n<h2><strong>You have created your own brand producing apparel in Europe with designs inspired by our heritage, as well as a brand selling supplements for athlete, can you tell us a few words about these projects and in which way they are related to your goals? <\/strong><\/h2>\n<p><strong>\u00a0<\/strong><\/p>\n<p style=\"text-align: justify\"><em>\" There are a few different aspects to running a business. First and foremost, it feels great to actively participate in the cause of bringing back manufacturing to Europe. Outsourcing production to other powers (potential rivals), such as China, is hardly a sustainable strategy if we want to have a strong Europe. Furthermore, it feels good to present clothing that are made by manufacturers who do not rely on semi-slave labour (as is often the case with clothing made in the Third World)<\/em><\/p>\n<p style=\"text-align: justify\"><em>Moreover, it is good to showcase entrepreneurial, administrative and leadership skills when seeking to pursue a political goal later in life.\"<\/em><\/p>\n<p>&nbsp;<\/p>\n<p>&nbsp;<\/p>\n<h2><strong>What can you say to our French speaking audience on the current situation in Sweden ? Do you foresee a change in the mainstream opinion about subjects such as immigration and in identity ?<\/strong><\/h2>\n<p>&nbsp;<\/p>\n<p style=\"text-align: justify\"><em>\" There has already been a rather large shift in public opinion. In 2010 it was still a big taboo to talk about immigration as something negative. Now it is commonplace to talk about the ills of mass immigration from the MENA-region<\/em><\/p>\n<p style=\"text-align: justify\"><em>The identity part is a bit harder, since many people are quite individualist, and do not feel overly attached to a national identity. In my view, it is more useful to talk about identity on a civilisational scale. Guillaume Faye talked about bioculture, this a concept I find highly valuable.<\/em><\/p>\n<p style=\"text-align: justify\"><em>So instead of only talking about Swedish identity we can talk about European civilisation and bioculture. It is easier to understand, especially since most European countries (particularly in Western Europe) are quite similar, and face similar problems.\"<\/em><\/p>\n<p>&nbsp;<\/p>\n<p>&nbsp;<\/p>\n<h2><strong>What are your plans for the future and what can we expect from you in the next month or even next years ?<\/strong><\/h2>\n<p><strong>\u00a0<\/strong><\/p>\n<p style=\"text-align: justify\"><em>\" My current focus on a personal level is to take care of my family, and perhaps to make some additional children \ud83d\ude0a<\/em><\/p>\n<p style=\"text-align: justify\"><em>On a metapolitical level I have another book which will be out sometime next year. And Dauntless will be translated into French.<\/em><\/p>\n<p style=\"text-align: justify\"><em>Regarding <a href=\"https:\/\/thegoldenone.se\/legiogloria\/\">Legio Gloria<\/a>we will continue to develop and release new clothes, especially more formal wear.<\/em><\/p>\n<p style=\"text-align: justify\"><em>Due to the successes of this year\u2019s releases, we are in a position to bring a lot of new products to the line next year. Good times ahead!\"<\/em><\/p>\n<p>&nbsp;<\/p>\n<h2><\/h2>\n<h2><strong>If you could recommend one book, one song and one film, what would it be and why?<\/strong><\/h2>\n<p>&nbsp;<\/p>\n<p>&nbsp;<\/p>\n<p style=\"text-align: justify\"><em>\" I would recommend my own <a href=\"https:\/\/thegoldenone.se\/my-book-dauntless\/\">Dauntless<\/a>which, as mentioned above, will come in a French edition next year.<\/em><\/p>\n<p style=\"text-align: justify\"><em>A song recommendation would be I, Caligvla by Ex Deo, not necessarily because of the lyrics but because it is great to train to.<\/em><\/p>\n<p style=\"text-align: justify\"><em>In terms of film recommendations, I would go with the Lord of the Rings trilogy. Highly inspiring!\"<\/em><\/p>\n<p>&nbsp;<\/p>\n<p>&nbsp;<\/p>\n<h2><strong>Where can we follow you and on which social media are you the most active ? <\/strong><\/h2>\n<p>&nbsp;<\/p>\n<p>&nbsp;<\/p>\n<p><em>\" I am mainly active on<a href=\"https:\/\/www.instagram.com\/thegloriouslion\/\"> Instagram<\/a>, Telegram, <a href=\"https:\/\/twitter.com\/TheGloriousLion\">Twitter<\/a> and <a href=\"https:\/\/www.youtube.com\/user\/TheLatsbrah\">YouTube<\/a>.<\/em><\/p>\n<p><em>On Instagram I post everyday stuff, including training etc<\/em><\/p>\n<p style=\"text-align: justify\"><em>On Telegram I post more political stuff. On Twitter I post shorter comments, either sharing beautiful pictures of architecture or political comments.<\/em><\/p>\n<p style=\"text-align: justify\"><em>YouTube is my biggest platform and where I put in the most effort. I usually post one or two videos a week.\"<\/em><\/p>\n<p>&nbsp;<\/p>\n<h2><strong>Un dernier mot pour conclure cet entretien\u00a0?<\/strong><\/h2>\n<p>&nbsp;<\/p>\n<p style=\"text-align: justify\"><em>\" I salute my French brethren. I have always held France and the French in high esteem, especially in a historical context.<\/em><\/p>\n<p><em>Stay strong, and do not forget that it is never too late to turn the tide!\"<\/em><\/p>\n<p>&nbsp;<\/p>\n<p>[\/et_pb_text][\/et_pb_column][\/et_pb_row][\/et_pb_section]<\/p>","protected":false},"excerpt":{"rendered":"<p>&nbsp; En guise d\u2019introduction peux-tu te pr\u00e9senter \u00e0 nos lecteurs ? D\u2019o\u00f9 viens-tu ? &nbsp; &#8220;Mon nom est Marcus et [&hellip;]<\/p>","protected":false},"author":4,"featured_media":6517,"comment_status":"open","ping_status":"open","sticky":false,"template":"","format":"standard","meta":{"_et_pb_use_builder":"on","_et_pb_old_content":"<!-- wp:heading {\"level\":3} -->\n<h3><strong><span class=\"has-inline-color has-black-color\">1- Pour nos lecteurs qui ne vous connaissent pas encore, pr\u00e9sentez-vous.<\/span><\/strong><\/h3>\n<!-- \/wp:heading -->\n\n<!-- wp:paragraph -->\n<p><\/p>\n<!-- \/wp:paragraph -->\n\n<!-- wp:paragraph {\"align\":\"justify\"} -->\n<p class=\"has-text-align-justify\"><em>\" Je suis un militant nationaliste canadien-fran\u00e7ais doubl\u00e9 d'un souverainiste qu\u00e9b\u00e9cois. Avec mon camarade Philippe Plamondon, j'ai fond\u00e9 un think tank nationaliste du nom d'Horizon Qu\u00e9bec Actuel ainsi qu'une webt\u00e9l\u00e9 nationaliste et patriote qu\u00e9b\u00e9coise d\u00e9cryptant l'actualit\u00e9 ; Nomos-TV. Je contribue \u00e9galement au site de r\u00e9information souverainiste Vigile.quebec en tant que r\u00e9dacteur en chef.\"<\/em><\/p>\n<!-- \/wp:paragraph -->\n\n<!-- wp:paragraph -->\n<p><\/p>\n<!-- \/wp:paragraph -->\n\n<!-- wp:heading {\"level\":3} -->\n<h3><strong><span class=\"has-inline-color has-black-color\">2-: Quel est votre parcours ? Votre jeunesse, vos \u00e9tudes, vos projets d\u00e9j\u00e0 r\u00e9alis\u00e9s et vos succ\u00e8s pass\u00e9s ?<\/span><\/strong><\/h3>\n<!-- \/wp:heading -->\n\n<!-- wp:paragraph -->\n<p><\/p>\n<!-- \/wp:paragraph -->\n\n<!-- wp:paragraph {\"align\":\"justify\"} -->\n<p class=\"has-text-align-justify\"><em>\" Je suis n\u00e9 dans un environnement familial plut\u00f4t \u00e0 gauche, politiquement tr\u00e8s proche du Parti qu\u00e9b\u00e9cois (PQ), soit le grand parti social-d\u00e9mocrate souhaitant la s\u00e9paration du Qu\u00e9bec du reste de la conf\u00e9d\u00e9ration canadienne. En raison des \u00e9v\u00e9nements du 11 septembre et de ses suites, j'ai \u00e9t\u00e9 amen\u00e9 \u00e0 \u00e9tudier le monde arabe, et notamment, \u00e0 faire des stages linguistiques en Tunisie et en \u00c9gype dans un cadre universitaire. La civilisation islamique a \u00e9t\u00e9 un miroir qui m'a fait prendre conscience de mon occidentalit\u00e9, ce qui m'a pouss\u00e9 \u00e0 me r\u00e9enraciner dans le paradigme national qu\u00e9b\u00e9cois et, par extension, \u00e0 m'int\u00e9resser \u00e0 la sc\u00e8ne politique fran\u00e7aise. En compagnie de quelques coll\u00e8gues, j'ai rencontr\u00e9 Marine Le Pen lors de son passage au Qu\u00e9bec en 2016, ce qui a \u00e9t\u00e9 le d\u00e9but de mon engagement m\u00e9tapolitique.\"<\/em><\/p>\n<!-- \/wp:paragraph -->\n\n<!-- wp:paragraph -->\n<p><\/p>\n<!-- \/wp:paragraph -->\n\n<!-- wp:heading {\"level\":3} -->\n<h3><strong><span class=\"has-inline-color has-black-color\">3-: Qu'est-ce qui vous a amen\u00e9 \u00e0 lancer votre projet ? Quelles sont les \u00e9tapes qui vous y ont men\u00e9es ?<\/span><\/strong><\/h3>\n<!-- \/wp:heading -->\n\n<!-- wp:paragraph -->\n<p><\/p>\n<!-- \/wp:paragraph -->\n\n<!-- wp:paragraph {\"align\":\"justify\"} -->\n<p class=\"has-text-align-justify\"><em>\" La d\u00e9liquescence de la sc\u00e8ne politique qu\u00e9b\u00e9coise en g\u00e9n\u00e9ral et du camp souverainiste en particulier ont \u00e9t\u00e9 les \u00e9l\u00e9ments d\u00e9clencheurs de mon militantisme. Suite aux m\u00e9saventures \u00e9lectorales r\u00e9p\u00e9t\u00e9es du PQ, il est apparu \u00e9vident que la grande famille souverainiste \u00e9tait en train de tomber dans une spirale d'insignifiance sans fin et qu'une recomposition politique de la sc\u00e8ne qu\u00e9b\u00e9coise \u00e9tait en cours. Dans cette ambiance, il \u00e9tait primordial qu'une voix nationaliste d\u00e9complex\u00e9e \u00e9merge afin de nommer le r\u00e9el.\"<\/em><\/p>\n<!-- \/wp:paragraph -->\n\n<!-- wp:paragraph {\"align\":\"justify\"} -->\n<p class=\"has-text-align-justify\"><\/p>\n<!-- \/wp:paragraph -->\n\n<!-- wp:heading {\"level\":3} -->\n<h3><strong><span class=\"has-inline-color has-black-color\">4-: <strong><strong>Pouvez-vous nous expliquer plus en d\u00e9tail en quoi consiste vo<\/strong><\/strong><\/span><\/strong><span class=\"has-inline-color has-black-color\"><strong>s projets, votre d\u00e9marche et pourquoi vous faites ce que vous faites ?<\/strong><\/span><\/h3>\n<!-- \/wp:heading -->\n\n<!-- wp:paragraph -->\n<p><\/p>\n<!-- \/wp:paragraph -->\n\n<!-- wp:paragraph {\"align\":\"justify\"} -->\n<p class=\"has-text-align-justify\"><em>\" Depuis les ann\u00e9es 1960 et la p\u00e9riode que nous appelons la R\u00e9volution tranquille qu\u00e9b\u00e9coise, soit la victoire de la contre-culture soixante-huitarde, la gauche a compl\u00e8tement gagn\u00e9 le combat culturel au point de liquider m\u00e9diatiquement et politiquement toute opposition de droite. Nomos-TV vise \u00e0 mener une kulturkampf contre le consensus gauchiste qui r\u00e8gne dans la soci\u00e9t\u00e9 qu\u00e9b\u00e9coise et notamment au sein du camp patriote qui en est venu \u00e0 confondre le \u00ab progressisme \u00bb avec l'id\u00e9e m\u00eame d'ind\u00e9pendance de notre peuple. Les questions d\u00e9mographique et identitaire sont nos fers de lance, car nous croyons que c'est principalement par ces questions qu'une droitisation de la soci\u00e9t\u00e9 peut s'op\u00e9rer, permettant ainsi de relancer le mouvement nationaliste sur des bases saines.\"<\/em><\/p>\n<!-- \/wp:paragraph -->\n\n<!-- wp:paragraph -->\n<p><\/p>\n<!-- \/wp:paragraph -->\n\n<!-- wp:heading {\"level\":3} -->\n<h3><strong><span class=\"has-inline-color has-black-color\">5-: <\/span><\/strong><span class=\"has-inline-color has-black-color\"><strong>Quelles sont vos principales sources d'inspiration, vos influences et vos r\u00e9f\u00e9rences ?<\/strong><\/span><\/h3>\n<!-- \/wp:heading -->\n\n<!-- wp:paragraph -->\n<p><\/p>\n<!-- \/wp:paragraph -->\n\n<!-- wp:paragraph {\"align\":\"justify\"} -->\n<p class=\"has-text-align-justify\"><em>\" Je suis un fervent d\u00e9fenseur du chanoine Lionel Groulx, dont je viens de pr\u00e9facer une anthologie politique, qui est le grand intellectuel du d\u00e9but du XXe si\u00e8cle ayant donn\u00e9 une v\u00e9ritable conscience nationale aux Canadiens fran\u00e7ais en luttant contre la tentation des n\u00f4tres de se laisser assimiler par la civilisation mat\u00e9rialiste anglo-protestante nord-am\u00e9ricaine. La pens\u00e9e du juriste allemand Carl Schmitt et sa d\u00e9finition du paradigme politique centr\u00e9 sur la tension ami\/ennemi a \u00e9galement \u00e9t\u00e9 d'une grande influence dans ma conception philosophique de la chose publique. Plus proche de nous, c'est l'\u00e9crivain Renaud Camus et sa description du ph\u00e9nom\u00e8ne de changement de peuple que conna\u00eet tout l'Occident, connue sous l'expression de Grand remplacement, qui a marqu\u00e9 ma conscience politique r\u00e9cente.\"<\/em><\/p>\n<!-- \/wp:paragraph -->\n\n<!-- wp:paragraph -->\n<p><\/p>\n<!-- \/wp:paragraph -->\n\n<!-- wp:heading {\"level\":3} -->\n<h3><span class=\"has-inline-color has-black-color\"><strong>6-: Qu'est-ce que le conservatisme selon vous ? Et pensez-vous qu'il est important aujourd'hui ?<\/strong><\/span><\/h3>\n<!-- \/wp:heading -->\n\n<!-- wp:paragraph -->\n<p><\/p>\n<!-- \/wp:paragraph -->\n\n<!-- wp:paragraph {\"align\":\"justify\"} -->\n<p class=\"has-text-align-justify\"><em>\" Conserver, certes, mais que conserver ? Dans le contexte qu\u00e9b\u00e9cois et canadien, le conservatisme ne servirait qu'\u00e0 conserver les politiques d'immigration massive, l'endoctrinement multiculturel, le f\u00e9minisme d'\u00c9tat, le mariage homosexuel, la banalisation de l'avortement ou encore la l\u00e9galisation de la marijuana. Le conservatisme freine temporairement la vitesse de croisi\u00e8re des \u00ab avanc\u00e9es soci\u00e9tales \u00bb qu'impose la gauche, mais ne change pas la direction dans laquelle va la soci\u00e9t\u00e9.<\/em><\/p>\n<!-- \/wp:paragraph -->\n\n<!-- wp:paragraph {\"align\":\"justify\"} -->\n<p class=\"has-text-align-justify\"><em>\u00c0 mon avis, il faut viser la mise en place d'une v\u00e9ritable politique d'envergure pour inverser les tendances actuelles et changer drastiquement le cap qu'a pris la civilisation occidentale. Pour cela, il faut op\u00e9rer une reconqu\u00eate des c\u0153urs et des esprits, \u00e9tape pr\u00e9alable \u00e0 toute prise de pouvoir politique. Je suis donc plus attach\u00e9 au terme de droite nationale qu'a celui de conservatisme qui me semble impropre \u00e0 r\u00e9pondre aux d\u00e9fis du monde actuel que nous a impos\u00e9 la gauche depuis 60 ans.\"<\/em><\/p>\n<!-- \/wp:paragraph -->\n\n<!-- wp:paragraph -->\n<p><\/p>\n<!-- \/wp:paragraph -->\n\n<!-- wp:heading {\"level\":3} -->\n<h3><span class=\"has-inline-color has-black-color\"><strong>7-: Que pensez-vous du contexte actuel de la soci\u00e9t\u00e9 en Europe ? Au Qu\u00e9bec ? Et \u00e0 l'\u00e9chelle du monde ?<\/strong><\/span><\/h3>\n<!-- \/wp:heading -->\n\n<!-- wp:paragraph -->\n<p><\/p>\n<!-- \/wp:paragraph -->\n\n<!-- wp:paragraph {\"align\":\"justify\"} -->\n<p class=\"has-text-align-justify\"><em>\" L'Europe est en d\u00e9clin depuis au moins la Seconde Guerre mondiale, et peut-\u00eatre faut-il m\u00eame remonter \u00e0 la Grande Guerre pour en comprendre les causes. La cons\u00e9quence concr\u00e8te de ce d\u00e9clin est le remplacement physique de tous les peuples d'ascendance europ\u00e9enne \u2013 les peuples blancs pour \u00eatre plus clair \u2013 par une immigration de remplacement venue du tiers- monde. Ce ph\u00e9nom\u00e8ne massif, d'une ampleur in\u00e9gal\u00e9e me semble \u00eatre la principale transformation \u00e0 laquelle il nous faudra r\u00e9fl\u00e9chir pour assurer un avenir \u00e0 nos enfants. Si les tendances d\u00e9mographiques actuelles ne sont pas invers\u00e9es, les euro-descendants qui ont b\u00e2ti ce continent seront minoritaires en Am\u00e9rique du Nord d'ici trente ans. Ce contexte de marginalisation d\u00e9mographique nous oblige \u00e0 reconsid\u00e9rer radicalement notre rapport \u00e0 l'\u00c9tat et \u00e0 la chose politique.\"<\/em><\/p>\n<!-- \/wp:paragraph -->\n\n<!-- wp:paragraph -->\n<p><\/p>\n<!-- \/wp:paragraph -->\n\n<!-- wp:heading {\"level\":3} -->\n<h3><span class=\"has-inline-color has-black-color\"><strong>8-: Si vous deviez donner 5 \u00e9l\u00e9ments sur lesquels tout Fran\u00e7ais, Europ\u00e9en ou Qu\u00e9b\u00e9cois devrait s\u00e9rieusement travailler au niveau individuel, lesquels seraient-ils ?<\/strong><\/span><\/h3>\n<!-- \/wp:heading -->\n\n<!-- wp:paragraph -->\n<p><\/p>\n<!-- \/wp:paragraph -->\n\n<!-- wp:list {\"ordered\":true} -->\n<ol><li>Il faut avant tout retrouver une pulsion de vie. Cela passe notamment par la prise de conscience que notre combat est avant tout d\u00e9mographique. Le premier devoir des Occidentaux ayant une conscience identitaire est de fonder un foyer et de faire des enfants pour la suite du monde.<\/li><li>Dans un second temps, il faut retrouver nos racines profondes et cela passe par le rappel que l'Occident a \u00e9t\u00e9 fond\u00e9 sur trois piliers : la philosophie grecque, le droit romain et la religion chr\u00e9tienne. D\u00e9fendre cet h\u00e9ritage face aux hordes d'excit\u00e9s qui appellent sans arr\u00eat \u00e0 l'ethnomasochisme est devenu une n\u00e9cessit\u00e9 vitale. Il faut pour cela renouer les fils de la transmission d'une culture g\u00e9n\u00e9rale classique qui trop souvent ne nous a pas \u00e9t\u00e9 transmise par la g\u00e9n\u00e9ration pr\u00e9c\u00e9dente.<\/li><li>Dans le contexte qu\u00e9b\u00e9cois, qui sera bient\u00f4t celui de l'Europe de l'Ouest, il faut se pr\u00e9parer \u00e0 devenir minoritaires sur le plan d\u00e9mographique, ce qui implique de red\u00e9couvrir une solidarit\u00e9 r\u00e9ellement \u00ab nationale \u00bb et de reproduire partiellement le communautarisme des groupes ethniques qui nous entourent (Juifs, Chinois, etc.) pour peser dans le monde de demain.<\/li><li>Pratiquer l'adh\u00e9sion par la s\u00e9duction. Si nous sommes attrayants, les id\u00e9es que nous portons le seront aussi. Il faut rompre cette id\u00e9e que le camp national est un ramassis de marginaux n'ayant pas trouv\u00e9 de place dans la soci\u00e9t\u00e9. Il faut donc \u00e9viter au niveau personnel les personnalit\u00e9s et environnements r\u00e9barbatifs en s\u00e9parant le bon grain de l'ivraie.<\/li><li>\u00c9viter le pi\u00e8ge de la surench\u00e8re radicale. Nous gagnerons le combat des id\u00e9es en nous pr\u00e9sentant comme le camp de la lucidit\u00e9 et du r\u00e9el. Laissons \u00e0 la gauche ses fantasmes totalitaires d\u00e9connect\u00e9s de la d\u00e9cence commune du petit peuple.<\/li><\/ol>\n<!-- \/wp:list -->\n\n<!-- wp:paragraph -->\n<p><\/p>\n<!-- \/wp:paragraph -->\n\n<!-- wp:heading {\"level\":3} -->\n<h3><span class=\"has-inline-color has-black-color\"><strong>9-: Pouvez-vous nous partager votre ressenti sur la jeunesse d'aujourd'hui ?<\/strong><\/span><\/h3>\n<!-- \/wp:heading -->\n\n<!-- wp:paragraph -->\n<p><\/p>\n<!-- \/wp:paragraph -->\n\n<!-- wp:paragraph {\"align\":\"justify\"} -->\n<p class=\"has-text-align-justify\"><em>\" Je crois que nous assistons \u00e0 un double mouvement de la jeunesse. Une partie de celle-ci est impr\u00e9gn\u00e9e par la haine de soi diffus\u00e9e par le gauchisme institutionnel, principalement par l'\u00e9cole et les m\u00e9dias, dont l'apoth\u00e9ose actuelle est le mouvement \u00ab woke \u00bb. Remarquons au passage que toutes les d\u00e9rives id\u00e9ologiques passent par les campus universitaires californiens et se transmettent dans un insupportable globish g\u00e9n\u00e9ralis\u00e9.<\/em><\/p>\n<!-- \/wp:paragraph -->\n\n<!-- wp:paragraph {\"align\":\"justify\"} -->\n<p class=\"has-text-align-justify\"><em>Une seconde partie de la jeunesse, \u00e0 mon avis malheureusement minoritaire, prend conscience que l'on tente par tous les moyens de la culpabiliser d'appartenir \u00e0 l'Occident et qu'elle n'a que deux choix : baisser la t\u00eate ou la relever en assumant ce formidable h\u00e9ritage. Je fonde beaucoup d'espoir sur la radicalisation du d\u00e9bat public sur la question identitaire qui poussera de plus en plus de jeunes dans le camp national. Sur ce point, la gauche identitaire - ou r\u00e9gressive comme l'appellent les Anglo-am\u00e9ricains - est notre principal alli\u00e9 puisqu'elle polarise le d\u00e9bat public et force les jeunes occidentaux \u00e0 choisir leur camp.\"<\/em><\/p>\n<!-- \/wp:paragraph -->\n\n<!-- wp:paragraph -->\n<p><\/p>\n<!-- \/wp:paragraph -->\n\n<!-- wp:heading {\"level\":3} -->\n<h3><span class=\"has-inline-color has-black-color\"><strong>10-: Beaucoup de jeunes cherchent \u00e0 renouer avec leur h\u00e9ritage, quel est le meilleur moyen selon vous d'y parvenir ?<\/strong><\/span><\/h3>\n<!-- \/wp:heading -->\n\n<!-- wp:paragraph -->\n<p><\/p>\n<!-- \/wp:paragraph -->\n\n<!-- wp:paragraph {\"align\":\"justify\"} -->\n<p class=\"has-text-align-justify\"><em>\" Cela passe \u00e9videmment par la lecture, mais aussi la musique qui est un vecteur de valeurs culturelles. Il faut red\u00e9couvrir les oeuvres culturelles europ\u00e9ennes qui sont, il est vrai, plut\u00f4t \u00e9litistes, ce qui d\u00e9courage souvent les jeunes des classes populaires \u00e0 s'y int\u00e9resser. Le d\u00e9fi est de surmonter ses propres appr\u00e9hensions initiales \u2013 il est plus facile d'\u00e9couter de la pop, ou pire du rap, que de se forcer \u00e0 d\u00e9couvrir Lully, Vivaldi ou Schubert \u2013 pour enfin parvenir \u00e0 cr\u00e9er un environnement domestique r\u00e9ellement occidental et europ\u00e9en.\"<\/em><\/p>\n<!-- \/wp:paragraph -->\n\n<!-- wp:paragraph -->\n<p><\/p>\n<!-- \/wp:paragraph -->\n\n<!-- wp:heading {\"level\":3} -->\n<h3><span class=\"has-inline-color has-black-color\"><strong>11-: Quels sont les principaux dangers qui menacent la civilisation occidentale selon vous ?<\/strong><\/span><\/h3>\n<!-- \/wp:heading -->\n\n<!-- wp:paragraph -->\n<p><\/p>\n<!-- \/wp:paragraph -->\n\n<!-- wp:paragraph {\"align\":\"justify\"} -->\n<p class=\"has-text-align-justify\"><em>\" Trois menaces me semblent peser principalement sur l'Occident :<\/em><\/p>\n<!-- \/wp:paragraph -->\n\n<!-- wp:list {\"ordered\":true} -->\n<ol><li>le remplacement d\u00e9mographique dont le djihad au quotidien n'est que la cons\u00e9quence. Par-del\u00e0 la question de l'islam, nous devons avoir la lucidit\u00e9 de reconna\u00eetre qu'une soci\u00e9t\u00e9 multiraciale est toujours multi-conflictuelle et les \u00c9tats-Unis doivent nous servir de contre-exemple absolu en la mati\u00e8re ;<\/li><li>le gauchisme institutionnel qui gangr\u00e8ne les \u00e9lites et transmet une pulsion de mort au reste de la soci\u00e9t\u00e9, notamment en posant un interdit moral sur toute r\u00e9sistance aux demandes des lobbys minoritaires les plus radicaux (BLM, LGBT, f\u00e9ministes de tout poil, etc.) ;<\/li><li>les vis\u00e9es imp\u00e9rialistes mondiales de la Chine national-communiste qui cherche \u00e0 se venger du retard civilisationnel qu'elle avait acquise au courant des derniers si\u00e8cles et qui ne s'embarrasse pas de moraline pour r\u00e9gler ses probl\u00e8mes de dissidences internes (Ou\u00efghours, Tib\u00e9tains, chr\u00e9tiens, etc.).\"<\/li><\/ol>\n<!-- \/wp:list -->\n\n<!-- wp:paragraph -->\n<p><\/p>\n<!-- \/wp:paragraph -->\n\n<!-- wp:heading {\"level\":3} -->\n<h3><span class=\"has-inline-color has-black-color\"><strong>12-: Quels sont les principaux espoirs et leviers qui permettraient de surpasser ces menaces ?<\/strong><\/span><\/h3>\n<!-- \/wp:heading -->\n\n<!-- wp:paragraph -->\n<p><\/p>\n<!-- \/wp:paragraph -->\n\n<!-- wp:paragraph {\"align\":\"justify\"} -->\n<p class=\"has-text-align-justify\"><em>\" En gardant en t\u00eate ces trois menaces, il serait possible \u00e0 l'Occident de retrouver une volont\u00e9 de puissance pour renouer avec son destin historique qu'est celui de dominer la sc\u00e8ne mondiale et de se projeter au-del\u00e0, vers les \u00e9toiles. Pour cela, il faudra constituer une \u00e9lite capable d'affronter les p\u00e9rils de la soci\u00e9t\u00e9 actuelle qui tend \u00e0 valoriser l'avachissement g\u00e9n\u00e9ral plut\u00f4t que l'effort. M\u00eame si la tache s'annonce fort rude, rien n'est jou\u00e9.\" <\/em><\/p>\n<!-- \/wp:paragraph -->\n\n<!-- wp:paragraph -->\n<p><\/p>\n<!-- \/wp:paragraph -->\n\n<!-- wp:heading {\"level\":3} -->\n<h3><span class=\"has-inline-color has-black-color\"><strong>13-: Quels sont les personnalit\u00e9s, auteurs, initiatives ou organisations qui paraissent dignes d'int\u00e9r\u00eat aujourd'hui selon vous ?<\/strong><\/span><\/h3>\n<!-- \/wp:heading -->\n\n<!-- wp:paragraph -->\n<p><\/p>\n<!-- \/wp:paragraph -->\n\n<!-- wp:paragraph {\"align\":\"justify\"} -->\n<p class=\"has-text-align-justify\"><em>\" Au-del\u00e0 de Renaud Camus cit\u00e9 pr\u00e9c\u00e9demment, il y a bien s\u00fbr l'Institut Iliade issu de la Nouvelle Droite fran\u00e7aise qui me semble incarner le r\u00e9veil identitaire dont l'Europe a cruellement besoin. M\u00eame chose pour le site Pol\u00e9mia de Jean-Yves Le Gallou. Cela dit, la constitution d'une nouvelle opinion publique sur internet me semble grandement prometteuse pour l'avenir du camp national, malgr\u00e9 la trop grande pr\u00e9sence de ce qu'il faut appeler le conspirationnisme cosmopolite qui fait des ravages dans nos rangs. Il faut par ailleurs s'attendre \u00e0 une radicalisation du verrouillage d'internet dans les ann\u00e9es qui viennent en raison du danger pour le syst\u00e8me actuel que constitue la r\u00e9information par internet.\"<\/em><\/p>\n<!-- \/wp:paragraph -->\n\n<!-- wp:paragraph -->\n<p><\/p>\n<!-- \/wp:paragraph -->\n\n<!-- wp:heading {\"level\":3} -->\n<h3><span class=\"has-inline-color has-black-color\"><strong>14-:<\/strong> <strong>Y a t-il un sujet qui vous para\u00eet d\u00e9laiss\u00e9 aujourd'hui ou que vous consid\u00e9rez ne pas voir suffisamment dans les m\u00e9dias ou le d\u00e9bat public ?<\/strong><\/span><\/h3>\n<!-- \/wp:heading -->\n\n<!-- wp:paragraph -->\n<p><\/p>\n<!-- \/wp:paragraph -->\n\n<!-- wp:paragraph {\"align\":\"justify\"} -->\n<p class=\"has-text-align-justify\"><em>\" La question raciale, grand tabou depuis la fin de la Seconde Guerre mondiale fait un retour fulgurant dans l'espace public par la gauche multiculturaliste qui impose un discours racialiste anti-blanc. Au lieu d'\u00e9viter le d\u00e9bat, le camp national et la droite en g\u00e9n\u00e9ral devraient prendre la balle au bond pour r\u00e9tablir quelques v\u00e9rit\u00e9s au lieu de fuir la question comme une pucelle effarouch\u00e9e. Nous ne pouvons laisser \u00e0 nos ennemis le seul monopole de cet enjeu alors que nous subissons pr\u00e9cis\u00e9ment une attaque physique et m\u00e9morielle sur cette question pr\u00e9cise qui deviendra de plus en plus cruciale dans les prochaines d\u00e9cennies.\"<\/em><\/p>\n<!-- \/wp:paragraph -->\n\n<!-- wp:paragraph -->\n<p><\/p>\n<!-- \/wp:paragraph -->\n\n<!-- wp:heading {\"level\":3} -->\n<h3><span class=\"has-inline-color has-black-color\"><strong>15-:<\/strong> <strong>Pouvez-vous nous donner un livre, un film et une musique, qui selon vous vous repr\u00e9sente, ou auquel vous tenez ?<\/strong><\/span><\/h3>\n<!-- \/wp:heading -->\n\n<!-- wp:paragraph -->\n<p><\/p>\n<!-- \/wp:paragraph -->\n\n<!-- wp:paragraph {\"align\":\"justify\"} -->\n<p class=\"has-text-align-justify\"><em>\" Th\u00e9ologie politique de Carl Schmitt a \u00e9t\u00e9 pour moi un v\u00e9ritable moment d'\u00e9veil intellectuel. Sa lecture permet de mettre des mots sur ce que nous ressentons comme une \u00e9vidence, soit que toute pens\u00e9e politique repose en fait sur une m\u00e9taphysique de l'esprit et r\u00e9sulte avant tout d'une prise de position th\u00e9ologique.\"<\/em><\/p>\n<!-- \/wp:paragraph -->\n\n<!-- wp:paragraph -->\n<p><\/p>\n<!-- \/wp:paragraph -->\n\n<!-- wp:heading {\"level\":3} -->\n<h3><span class=\"has-inline-color has-black-color\"><strong>16-:<\/strong> <strong>Que pensez-vous pouvoir apporter \u00e0 quelqu'un qui vous d\u00e9couvre ?<\/strong><\/span><\/h3>\n<!-- \/wp:heading -->\n\n<!-- wp:paragraph -->\n<p><\/p>\n<!-- \/wp:paragraph -->\n\n<!-- wp:paragraph {\"align\":\"justify\"} -->\n<p class=\"has-text-align-justify\">\" \u00c9veiller les consciences en osant nommer le r\u00e9el dans un contexte d'emballement id\u00e9ologique mystificateur domin\u00e9 par le gauchisme.\"<\/p>\n<!-- \/wp:paragraph -->\n\n<!-- wp:paragraph -->\n<p><\/p>\n<!-- \/wp:paragraph -->\n\n<!-- wp:heading {\"level\":3} -->\n<h3><span class=\"has-inline-color has-black-color\"><strong>17-: Quels sont vos projets \u00e0 l'avenir ? Dans les prochaines semaines et mois, \u00e0 court terme, mais \u00e9galement votre vision \u00e0 long terme<\/strong>.<\/span><\/h3>\n<!-- \/wp:heading -->\n\n<!-- wp:paragraph -->\n<p><\/p>\n<!-- \/wp:paragraph -->\n\n<!-- wp:paragraph {\"align\":\"justify\"} -->\n<p class=\"has-text-align-justify\"><em>\" La difficult\u00e9 pour les m\u00e9dias alternatifs qui ne re\u00e7oivent aucune subvention est de survivre \u00e0 la censure et \u00e0 l'ins\u00e9curit\u00e9 \u00e9conomique. Le ma\u00eetre-mot est donc la constance: produire r\u00e9guli\u00e8rement un contenu de qualit\u00e9 pour s'imposer dans les c\u0153urs et les esprits afin de mener \u00e0 bien le combat culturel.\"<\/em><\/p>\n<!-- \/wp:paragraph -->\n\n<!-- wp:paragraph -->\n<p><\/p>\n<!-- \/wp:paragraph -->\n\n<!-- wp:heading {\"level\":3} -->\n<h3><span class=\"has-inline-color has-black-color\"><strong>18-: O\u00f9 peut-on vous suivre ? Sur quel m\u00e9dia ou r\u00e9seau \u00eates-vous le plus actif ?<\/strong><\/span><\/h3>\n<!-- \/wp:heading -->\n\n<!-- wp:paragraph -->\n<p><\/p>\n<!-- \/wp:paragraph -->\n\n<!-- wp:paragraph {\"align\":\"justify\"} -->\n<p class=\"has-text-align-justify\"><em>\" Principalement sur les m\u00e9dias auxquels je participe :<br>- <a href=\"https:\/\/nomos-tv.com\/\" target=\"_blank\" rel=\"noreferrer noopener\">nomos-tv.com<\/a>, la premi\u00e8re webt\u00e9l\u00e9 patriote du Qu\u00e9bec<br>- <a href=\"http:\/\/horizonquebecactuel.com\/\" target=\"_blank\" rel=\"noreferrer noopener\">horizonquebecactuel.com<\/a>, le renouveau nationaliste<br>- <a href=\"https:\/\/vigile.quebec\/\" target=\"_blank\" rel=\"noreferrer noopener\">vigile.quebec<\/a>, le plus honorable site de r\u00e9information souverainiste\"<\/em><\/p>\n<!-- \/wp:paragraph -->\n\n<!-- wp:paragraph -->\n<p><\/p>\n<!-- \/wp:paragraph -->\n\n<!-- wp:heading {\"level\":3} -->\n<h3><span class=\"has-inline-color has-black-color\"><strong>19-: Un mot pour la fin ?<\/strong><\/span><\/h3>\n<!-- \/wp:heading -->\n\n<!-- wp:paragraph -->\n<p><\/p>\n<!-- \/wp:paragraph -->\n\n<!-- wp:paragraph {\"align\":\"justify\"} -->\n<p class=\"has-text-align-justify\">\" Ma francophilie m'oblige \u00e0 vous taquiner sur le nom de votre site ! Pourquoi diable les Fran\u00e7ais se croient-ils oblig\u00e9s d'utiliser l'anglais pour se sentir dans le vent ? Le long combat culturel de la nation fran\u00e7aise d'Am\u00e9rique m'interdit pour ma part de laisser un pouce \u00e0 l'anglicisation de la sph\u00e8re publique qui contribue \u00e0 l'uniformisation du monde. Cela dit, l'hypersensibilit\u00e9 qu\u00e9b\u00e9coise sur la question linguistique ne doit pas m'emp\u00eacher de voir le travail de qualit\u00e9 qui est le v\u00f4tre.<\/p>\n<!-- \/wp:paragraph -->\n\n<!-- wp:paragraph {\"align\":\"justify\"} -->\n<p class=\"has-text-align-justify\">Par ailleurs, au-del\u00e0 de nos sensibilit\u00e9s nationales respectives, les Occidentaux doivent retrouver un sentiment d'une destin\u00e9e commune car les m\u00eames probl\u00e8mes soci\u00e9taux, d\u00e9mographiques et g\u00e9opolitiques nous unissent dans un combat commun pour redresser radicalement notre civilisation. Il n'en tient qu'\u00e0 nous de changer le cours des choses. Tout reste \u00e0 faire.\"<\/p>\n<!-- \/wp:paragraph -->\n\n<!-- wp:paragraph -->\n<p><\/p>\n<!-- \/wp:paragraph -->\n\n<!-- wp:paragraph -->\n<p><\/p>\n<!-- \/wp:paragraph -->\n\n<!-- wp:paragraph -->\n<p><\/p>\n<!-- \/wp:paragraph -->","_et_gb_content_width":"","_exactmetrics_skip_tracking":false,"_exactmetrics_sitenote_active":false,"_exactmetrics_sitenote_note":"","_exactmetrics_sitenote_category":0,"footnotes":""},"categories":[21],"tags":[22,90,89],"yoast_head":"<!-- This site is optimized with the Yoast SEO plugin v22.3 - https:\/\/yoast.com\/wordpress\/plugins\/seo\/ -->\n<title>Interview TCE #10 - The Golden One - The Conservative Enthusiast<\/title>\n<meta name=\"description\" content=\"\u27bd Interview de The Golden One sur TCE : La plateforme de r\u00e9information, de partage et d&#039;apprentissage des conservateurs.\" \/>\n<meta name=\"robots\" content=\"index, follow, max-snippet:-1, max-image-preview:large, max-video-preview:-1\" \/>\n<link rel=\"canonical\" href=\"https:\/\/conservativenthusiast.com\/en\/interview-tce-11-the-golden-one\/\" \/>\n<meta property=\"og:locale\" content=\"en_GB\" \/>\n<meta property=\"og:type\" content=\"article\" \/>\n<meta property=\"og:title\" content=\"Interview TCE #10 - The Golden One - The Conservative Enthusiast\" \/>\n<meta property=\"og:description\" content=\"\u27bd Interview de The Golden One sur TCE : La plateforme de r\u00e9information, de partage et d&#039;apprentissage des conservateurs.\" \/>\n<meta property=\"og:url\" content=\"https:\/\/conservativenthusiast.com\/en\/interview-tce-11-the-golden-one\/\" \/>\n<meta property=\"og:site_name\" content=\"The Conservative Enthusiast\" \/>\n<meta property=\"article:published_time\" content=\"2021-01-02T12:00:00+00:00\" \/>\n<meta property=\"article:modified_time\" content=\"2021-01-07T09:52:13+00:00\" \/>\n<meta property=\"og:image\" content=\"https:\/\/conservativenthusiast.com\/wp-content\/uploads\/2021\/01\/The-Golden-One-TCE.jpg\" \/>\n\t<meta property=\"og:image:width\" content=\"980\" \/>\n\t<meta property=\"og:image:height\" content=\"600\" \/>\n\t<meta property=\"og:image:type\" content=\"image\/jpeg\" \/>\n<meta name=\"author\" content=\"Sten Falk\" \/>\n<meta name=\"twitter:card\" content=\"summary_large_image\" \/>\n<meta name=\"twitter:label1\" content=\"Written by\" \/>\n\t<meta name=\"twitter:data1\" content=\"Sten Falk\" \/>\n\t<meta name=\"twitter:label2\" content=\"Estimated reading time\" \/>\n\t<meta name=\"twitter:data2\" content=\"8 minutes\" \/>\n<script type=\"application\/ld+json\" class=\"yoast-schema-graph\">{\"@context\":\"https:\/\/schema.org\",\"@graph\":[{\"@type\":\"Article\",\"@id\":\"https:\/\/conservativenthusiast.com\/interview-tce-11-the-golden-one\/#article\",\"isPartOf\":{\"@id\":\"https:\/\/conservativenthusiast.com\/interview-tce-11-the-golden-one\/\"},\"author\":{\"name\":\"Sten Falk\",\"@id\":\"https:\/\/conservativenthusiast.com\/#\/schema\/person\/f48033413ea9f9ccd391378d52902611\"},\"headline\":\"Interview TCE #10 &#8211; The Golden One\",\"datePublished\":\"2021-01-02T12:00:00+00:00\",\"dateModified\":\"2021-01-07T09:52:13+00:00\",\"mainEntityOfPage\":{\"@id\":\"https:\/\/conservativenthusiast.com\/interview-tce-11-the-golden-one\/\"},\"wordCount\":1576,\"commentCount\":0,\"publisher\":{\"@id\":\"https:\/\/conservativenthusiast.com\/#organization\"},\"image\":{\"@id\":\"https:\/\/conservativenthusiast.com\/interview-tce-11-the-golden-one\/#primaryimage\"},\"thumbnailUrl\":\"https:\/\/conservativenthusiast.com\/wp-content\/uploads\/2021\/01\/The-Golden-One-TCE.jpg\",\"keywords\":[\"Interview\",\"Marcus Follin\",\"The Golden One\"],\"articleSection\":[\"Interviews\"],\"inLanguage\":\"en-GB\",\"potentialAction\":[{\"@type\":\"CommentAction\",\"name\":\"Comment\",\"target\":[\"https:\/\/conservativenthusiast.com\/interview-tce-11-the-golden-one\/#respond\"]}]},{\"@type\":\"WebPage\",\"@id\":\"https:\/\/conservativenthusiast.com\/interview-tce-11-the-golden-one\/\",\"url\":\"https:\/\/conservativenthusiast.com\/interview-tce-11-the-golden-one\/\",\"name\":\"Interview TCE #10 - The Golden One - The Conservative Enthusiast\",\"isPartOf\":{\"@id\":\"https:\/\/conservativenthusiast.com\/#website\"},\"primaryImageOfPage\":{\"@id\":\"https:\/\/conservativenthusiast.com\/interview-tce-11-the-golden-one\/#primaryimage\"},\"image\":{\"@id\":\"https:\/\/conservativenthusiast.com\/interview-tce-11-the-golden-one\/#primaryimage\"},\"thumbnailUrl\":\"https:\/\/conservativenthusiast.com\/wp-content\/uploads\/2021\/01\/The-Golden-One-TCE.jpg\",\"datePublished\":\"2021-01-02T12:00:00+00:00\",\"dateModified\":\"2021-01-07T09:52:13+00:00\",\"description\":\"\u27bd Interview de The Golden One sur TCE : La plateforme de r\u00e9information, de partage et d'apprentissage des conservateurs.\",\"breadcrumb\":{\"@id\":\"https:\/\/conservativenthusiast.com\/interview-tce-11-the-golden-one\/#breadcrumb\"},\"inLanguage\":\"en-GB\",\"potentialAction\":[{\"@type\":\"ReadAction\",\"target\":[\"https:\/\/conservativenthusiast.com\/interview-tce-11-the-golden-one\/\"]}]},{\"@type\":\"ImageObject\",\"inLanguage\":\"en-GB\",\"@id\":\"https:\/\/conservativenthusiast.com\/interview-tce-11-the-golden-one\/#primaryimage\",\"url\":\"https:\/\/conservativenthusiast.com\/wp-content\/uploads\/2021\/01\/The-Golden-One-TCE.jpg\",\"contentUrl\":\"https:\/\/conservativenthusiast.com\/wp-content\/uploads\/2021\/01\/The-Golden-One-TCE.jpg\",\"width\":980,\"height\":600},{\"@type\":\"BreadcrumbList\",\"@id\":\"https:\/\/conservativenthusiast.com\/interview-tce-11-the-golden-one\/#breadcrumb\",\"itemListElement\":[{\"@type\":\"ListItem\",\"position\":1,\"name\":\"Accueil\",\"item\":\"https:\/\/conservativenthusiast.com\/\"},{\"@type\":\"ListItem\",\"position\":2,\"name\":\"Interview TCE #10 &#8211; The Golden One\"}]},{\"@type\":\"WebSite\",\"@id\":\"https:\/\/conservativenthusiast.com\/#website\",\"url\":\"https:\/\/conservativenthusiast.com\/\",\"name\":\"The Conservative Enthusiast\",\"description\":\"La plateforme de r\u00e9information, de partage et d&#039;apprentissage des conservateurs.\",\"publisher\":{\"@id\":\"https:\/\/conservativenthusiast.com\/#organization\"},\"potentialAction\":[{\"@type\":\"SearchAction\",\"target\":{\"@type\":\"EntryPoint\",\"urlTemplate\":\"https:\/\/conservativenthusiast.com\/?s={search_term_string}\"},\"query-input\":\"required name=search_term_string\"}],\"inLanguage\":\"en-GB\"},{\"@type\":\"Organization\",\"@id\":\"https:\/\/conservativenthusiast.com\/#organization\",\"name\":\"The Conservative Enthusiast\",\"url\":\"https:\/\/conservativenthusiast.com\/\",\"logo\":{\"@type\":\"ImageObject\",\"inLanguage\":\"en-GB\",\"@id\":\"https:\/\/conservativenthusiast.com\/#\/schema\/logo\/image\/\",\"url\":\"https:\/\/i0.wp.com\/conservativeenthusiast.com\/wp-content\/uploads\/2020\/06\/LOGO-CE-MINI.png?fit=3867%2C1180&ssl=1\",\"contentUrl\":\"https:\/\/i0.wp.com\/conservativeenthusiast.com\/wp-content\/uploads\/2020\/06\/LOGO-CE-MINI.png?fit=3867%2C1180&ssl=1\",\"width\":3867,\"height\":1180,\"caption\":\"The Conservative Enthusiast\"},\"image\":{\"@id\":\"https:\/\/conservativenthusiast.com\/#\/schema\/logo\/image\/\"}},{\"@type\":\"Person\",\"@id\":\"https:\/\/conservativenthusiast.com\/#\/schema\/person\/f48033413ea9f9ccd391378d52902611\",\"name\":\"Sten Falk\",\"image\":{\"@type\":\"ImageObject\",\"inLanguage\":\"en-GB\",\"@id\":\"https:\/\/conservativenthusiast.com\/#\/schema\/person\/image\/\",\"url\":\"https:\/\/secure.gravatar.com\/avatar\/7d4c65709da1f67261c308a9f60ae1fa?s=96&d=mm&r=g\",\"contentUrl\":\"https:\/\/secure.gravatar.com\/avatar\/7d4c65709da1f67261c308a9f60ae1fa?s=96&d=mm&r=g\",\"caption\":\"Sten Falk\"},\"description\":\"D\u00e9tenteur d'une ma\u00eetrise en science politique, Sten Falk ne se limite pas \u00e0 sa sp\u00e9cialit\u00e9 qu'est la politique. D\u2019une curiosit\u00e9 intellectuelle d\u00e9bordante, passionn\u00e9 de nature et amateur de style masculin classique, il apporte ses contributions dans de nombreuses rubriques de TCE. Consultez tous ses articles en cliquant sur son nom et suivez-le sur twitter en cliquant sur le logo ci-dessous. Voir notre \u00e9quipe.\",\"url\":\"https:\/\/conservativenthusiast.com\/en\/author\/sten-oden\/\"}]}<\/script>\n<!-- \/ Yoast SEO plugin. -->","yoast_head_json":{"title":"Interview TCE #10 - The Golden One - The Conservative Enthusiast","description":"\u27bd Interview de The Golden One sur TCE : La plateforme de r\u00e9information, de partage et d'apprentissage des conservateurs.","robots":{"index":"index","follow":"follow","max-snippet":"max-snippet:-1","max-image-preview":"max-image-preview:large","max-video-preview":"max-video-preview:-1"},"canonical":"https:\/\/conservativenthusiast.com\/en\/interview-tce-11-the-golden-one\/","og_locale":"en_GB","og_type":"article","og_title":"Interview TCE #10 - The Golden One - The Conservative Enthusiast","og_description":"\u27bd Interview de The Golden One sur TCE : La plateforme de r\u00e9information, de partage et d'apprentissage des conservateurs.","og_url":"https:\/\/conservativenthusiast.com\/en\/interview-tce-11-the-golden-one\/","og_site_name":"The Conservative Enthusiast","article_published_time":"2021-01-02T12:00:00+00:00","article_modified_time":"2021-01-07T09:52:13+00:00","og_image":[{"width":980,"height":600,"url":"https:\/\/conservativenthusiast.com\/wp-content\/uploads\/2021\/01\/The-Golden-One-TCE.jpg","type":"image\/jpeg"}],"author":"Sten Falk","twitter_card":"summary_large_image","twitter_misc":{"Written by":"Sten Falk","Estimated reading time":"8 minutes"},"schema":{"@context":"https:\/\/schema.org","@graph":[{"@type":"Article","@id":"https:\/\/conservativenthusiast.com\/interview-tce-11-the-golden-one\/#article","isPartOf":{"@id":"https:\/\/conservativenthusiast.com\/interview-tce-11-the-golden-one\/"},"author":{"name":"Sten Falk","@id":"https:\/\/conservativenthusiast.com\/#\/schema\/person\/f48033413ea9f9ccd391378d52902611"},"headline":"Interview TCE #10 &#8211; The Golden One","datePublished":"2021-01-02T12:00:00+00:00","dateModified":"2021-01-07T09:52:13+00:00","mainEntityOfPage":{"@id":"https:\/\/conservativenthusiast.com\/interview-tce-11-the-golden-one\/"},"wordCount":1576,"commentCount":0,"publisher":{"@id":"https:\/\/conservativenthusiast.com\/#organization"},"image":{"@id":"https:\/\/conservativenthusiast.com\/interview-tce-11-the-golden-one\/#primaryimage"},"thumbnailUrl":"https:\/\/conservativenthusiast.com\/wp-content\/uploads\/2021\/01\/The-Golden-One-TCE.jpg","keywords":["Interview","Marcus Follin","The Golden One"],"articleSection":["Interviews"],"inLanguage":"en-GB","potentialAction":[{"@type":"CommentAction","name":"Comment","target":["https:\/\/conservativenthusiast.com\/interview-tce-11-the-golden-one\/#respond"]}]},{"@type":"WebPage","@id":"https:\/\/conservativenthusiast.com\/interview-tce-11-the-golden-one\/","url":"https:\/\/conservativenthusiast.com\/interview-tce-11-the-golden-one\/","name":"Interview TCE #10 - The Golden One - The Conservative Enthusiast","isPartOf":{"@id":"https:\/\/conservativenthusiast.com\/#website"},"primaryImageOfPage":{"@id":"https:\/\/conservativenthusiast.com\/interview-tce-11-the-golden-one\/#primaryimage"},"image":{"@id":"https:\/\/conservativenthusiast.com\/interview-tce-11-the-golden-one\/#primaryimage"},"thumbnailUrl":"https:\/\/conservativenthusiast.com\/wp-content\/uploads\/2021\/01\/The-Golden-One-TCE.jpg","datePublished":"2021-01-02T12:00:00+00:00","dateModified":"2021-01-07T09:52:13+00:00","description":"\u27bd Interview de The Golden One sur TCE : La plateforme de r\u00e9information, de partage et d'apprentissage des conservateurs.","breadcrumb":{"@id":"https:\/\/conservativenthusiast.com\/interview-tce-11-the-golden-one\/#breadcrumb"},"inLanguage":"en-GB","potentialAction":[{"@type":"ReadAction","target":["https:\/\/conservativenthusiast.com\/interview-tce-11-the-golden-one\/"]}]},{"@type":"ImageObject","inLanguage":"en-GB","@id":"https:\/\/conservativenthusiast.com\/interview-tce-11-the-golden-one\/#primaryimage","url":"https:\/\/conservativenthusiast.com\/wp-content\/uploads\/2021\/01\/The-Golden-One-TCE.jpg","contentUrl":"https:\/\/conservativenthusiast.com\/wp-content\/uploads\/2021\/01\/The-Golden-One-TCE.jpg","width":980,"height":600},{"@type":"BreadcrumbList","@id":"https:\/\/conservativenthusiast.com\/interview-tce-11-the-golden-one\/#breadcrumb","itemListElement":[{"@type":"ListItem","position":1,"name":"Accueil","item":"https:\/\/conservativenthusiast.com\/"},{"@type":"ListItem","position":2,"name":"Interview TCE #10 &#8211; The Golden One"}]},{"@type":"WebSite","@id":"https:\/\/conservativenthusiast.com\/#website","url":"https:\/\/conservativenthusiast.com\/","name":"The Conservative Enthusiast","description":"La plateforme de r\u00e9information, de partage et d&#039;apprentissage des conservateurs.","publisher":{"@id":"https:\/\/conservativenthusiast.com\/#organization"},"potentialAction":[{"@type":"SearchAction","target":{"@type":"EntryPoint","urlTemplate":"https:\/\/conservativenthusiast.com\/?s={search_term_string}"},"query-input":"required name=search_term_string"}],"inLanguage":"en-GB"},{"@type":"Organization","@id":"https:\/\/conservativenthusiast.com\/#organization","name":"The Conservative Enthusiast","url":"https:\/\/conservativenthusiast.com\/","logo":{"@type":"ImageObject","inLanguage":"en-GB","@id":"https:\/\/conservativenthusiast.com\/#\/schema\/logo\/image\/","url":"https:\/\/i0.wp.com\/conservativeenthusiast.com\/wp-content\/uploads\/2020\/06\/LOGO-CE-MINI.png?fit=3867%2C1180&ssl=1","contentUrl":"https:\/\/i0.wp.com\/conservativeenthusiast.com\/wp-content\/uploads\/2020\/06\/LOGO-CE-MINI.png?fit=3867%2C1180&ssl=1","width":3867,"height":1180,"caption":"The Conservative Enthusiast"},"image":{"@id":"https:\/\/conservativenthusiast.com\/#\/schema\/logo\/image\/"}},{"@type":"Person","@id":"https:\/\/conservativenthusiast.com\/#\/schema\/person\/f48033413ea9f9ccd391378d52902611","name":"Sten Falk","image":{"@type":"ImageObject","inLanguage":"en-GB","@id":"https:\/\/conservativenthusiast.com\/#\/schema\/person\/image\/","url":"https:\/\/secure.gravatar.com\/avatar\/7d4c65709da1f67261c308a9f60ae1fa?s=96&d=mm&r=g","contentUrl":"https:\/\/secure.gravatar.com\/avatar\/7d4c65709da1f67261c308a9f60ae1fa?s=96&d=mm&r=g","caption":"Sten Falk"},"description":"D\u00e9tenteur d'une ma\u00eetrise en science politique, Sten Falk ne se limite pas \u00e0 sa sp\u00e9cialit\u00e9 qu'est la politique. D\u2019une curiosit\u00e9 intellectuelle d\u00e9bordante, passionn\u00e9 de nature et amateur de style masculin classique, il apporte ses contributions dans de nombreuses rubriques de TCE. Consultez tous ses articles en cliquant sur son nom et suivez-le sur twitter en cliquant sur le logo ci-dessous. Voir notre \u00e9quipe.","url":"https:\/\/conservativenthusiast.com\/en\/author\/sten-oden\/"}]}},"_links":{"self":[{"href":"https:\/\/conservativenthusiast.com\/en\/wp-json\/wp\/v2\/posts\/3991"}],"collection":[{"href":"https:\/\/conservativenthusiast.com\/en\/wp-json\/wp\/v2\/posts"}],"about":[{"href":"https:\/\/conservativenthusiast.com\/en\/wp-json\/wp\/v2\/types\/post"}],"author":[{"embeddable":true,"href":"https:\/\/conservativenthusiast.com\/en\/wp-json\/wp\/v2\/users\/4"}],"replies":[{"embeddable":true,"href":"https:\/\/conservativenthusiast.com\/en\/wp-json\/wp\/v2\/comments?post=3991"}],"version-history":[{"count":11,"href":"https:\/\/conservativenthusiast.com\/en\/wp-json\/wp\/v2\/posts\/3991\/revisions"}],"predecessor-version":[{"id":7534,"href":"https:\/\/conservativenthusiast.com\/en\/wp-json\/wp\/v2\/posts\/3991\/revisions\/7534"}],"wp:featuredmedia":[{"embeddable":true,"href":"https:\/\/conservativenthusiast.com\/en\/wp-json\/wp\/v2\/media\/6517"}],"wp:attachment":[{"href":"https:\/\/conservativenthusiast.com\/en\/wp-json\/wp\/v2\/media?parent=3991"}],"wp:term":[{"taxonomy":"category","embeddable":true,"href":"https:\/\/conservativenthusiast.com\/en\/wp-json\/wp\/v2\/categories?post=3991"},{"taxonomy":"post_tag","embeddable":true,"href":"https:\/\/conservativenthusiast.com\/en\/wp-json\/wp\/v2\/tags?post=3991"}],"curies":[{"name":"wp","href":"https:\/\/api.w.org\/{rel}","templated":true}]}}