{"id":3883,"date":"2021-01-16T12:30:00","date_gmt":"2021-01-16T11:30:00","guid":{"rendered":"https:\/\/conservativeenthusiast.com\/?p=3883"},"modified":"2021-01-16T13:04:56","modified_gmt":"2021-01-16T12:04:56","slug":"interview-tce-10-alexandre-cormier-denis","status":"publish","type":"post","link":"https:\/\/conservativenthusiast.com\/en\/interview-tce-10-alexandre-cormier-denis\/","title":{"rendered":"Interview TCE #11 &#8211; Alexandre Cormier-Denis"},"content":{"rendered":"<h3 class=\"wp-block-heading\"><strong><span class=\"has-inline-color has-black-color\">1- For our readers who don't know you yet, can you present yourself ?<\/span><\/strong><\/h3>\n\n\n\n<p><\/p>\n\n\n\n<p class=\"has-text-align-justify\"><em>&#8221; Je suis un militant nationaliste canadien-fran\u00e7ais doubl\u00e9 d&#8217;un souverainiste qu\u00e9b\u00e9cois. Avec mon camarade Philippe Plamondon, j&#8217;ai fond\u00e9 un think tank nationaliste du nom d&#8217;Horizon Qu\u00e9bec Actuel ainsi qu&#8217;une webt\u00e9l\u00e9 nationaliste et patriote qu\u00e9b\u00e9coise d\u00e9cryptant l&#8217;actualit\u00e9 ; Nomos-TV. Je contribue \u00e9galement au site de r\u00e9information souverainiste Vigile.quebec en tant que r\u00e9dacteur en chef.&#8221;<\/em><\/p>\n\n\n\n<p><\/p>\n\n\n\n<h3 class=\"wp-block-heading\"><strong><span class=\"has-inline-color has-black-color\">2-: Quel est votre parcours ? Votre jeunesse, vos \u00e9tudes, vos projets d\u00e9j\u00e0 r\u00e9alis\u00e9s et vos succ\u00e8s pass\u00e9s ?<\/span><\/strong><\/h3>\n\n\n\n<p><\/p>\n\n\n\n<p class=\"has-text-align-justify\"><em>&#8221; Je suis n\u00e9 dans un environnement familial plut\u00f4t \u00e0 gauche, politiquement tr\u00e8s proche du Parti qu\u00e9b\u00e9cois (PQ), soit le grand parti social-d\u00e9mocrate souhaitant la s\u00e9paration du Qu\u00e9bec du reste de la conf\u00e9d\u00e9ration canadienne. En raison des \u00e9v\u00e9nements du 11 septembre et de ses suites, j&#8217;ai \u00e9t\u00e9 amen\u00e9 \u00e0 \u00e9tudier le monde arabe, et notamment, \u00e0 faire des stages linguistiques en Tunisie et en \u00c9gype dans un cadre universitaire. La civilisation islamique a \u00e9t\u00e9 un miroir qui m&#8217;a fait prendre conscience de mon occidentalit\u00e9, ce qui m&#8217;a pouss\u00e9 \u00e0 me r\u00e9enraciner dans le paradigme national qu\u00e9b\u00e9cois et, par extension, \u00e0 m&#8217;int\u00e9resser \u00e0 la sc\u00e8ne politique fran\u00e7aise. En compagnie de quelques coll\u00e8gues, j&#8217;ai rencontr\u00e9 Marine Le Pen lors de son passage au Qu\u00e9bec en 2016, ce qui a \u00e9t\u00e9 le d\u00e9but de mon engagement m\u00e9tapolitique.&#8221;<\/em><\/p>\n\n\n\n<p><\/p>\n\n\n\n<h3 class=\"wp-block-heading\"><strong><span class=\"has-inline-color has-black-color\">3-: Qu&#8217;est-ce qui vous a amen\u00e9 \u00e0 lancer votre projet ? Quelles sont les \u00e9tapes qui vous y ont men\u00e9es ?<\/span><\/strong><\/h3>\n\n\n\n<p><\/p>\n\n\n\n<p class=\"has-text-align-justify\"><em>&#8221; La d\u00e9liquescence de la sc\u00e8ne politique qu\u00e9b\u00e9coise en g\u00e9n\u00e9ral et du camp souverainiste en particulier ont \u00e9t\u00e9 les \u00e9l\u00e9ments d\u00e9clencheurs de mon militantisme. Suite aux m\u00e9saventures \u00e9lectorales r\u00e9p\u00e9t\u00e9es du PQ, il est apparu \u00e9vident que la grande famille souverainiste \u00e9tait en train de tomber dans une spirale d&#8217;insignifiance sans fin et qu&#8217;une recomposition politique de la sc\u00e8ne qu\u00e9b\u00e9coise \u00e9tait en cours. Dans cette ambiance, il \u00e9tait primordial qu&#8217;une voix nationaliste d\u00e9complex\u00e9e \u00e9merge afin de nommer le r\u00e9el.&#8221;<\/em><\/p>\n\n\n\n<p class=\"has-text-align-justify\"><\/p>\n\n\n\n<h3 class=\"wp-block-heading\"><strong><span class=\"has-inline-color has-black-color\">4-: <strong><strong>Can you explain to us more in details what are your projects about<\/strong><\/strong><\/span><\/strong><span class=\"has-inline-color has-black-color\"><strong>and why are you doing what you're doing ?<\/strong><\/span><\/h3>\n\n\n\n<p><\/p>\n\n\n\n<p class=\"has-text-align-justify\"><em>&#8221; Depuis les ann\u00e9es 1960 et la p\u00e9riode que nous appelons la R\u00e9volution tranquille qu\u00e9b\u00e9coise, soit la victoire de la contre-culture soixante-huitarde, la gauche a compl\u00e8tement gagn\u00e9 le combat culturel au point de liquider m\u00e9diatiquement et politiquement toute opposition de droite. Nomos-TV vise \u00e0 mener une kulturkampf contre le consensus gauchiste qui r\u00e8gne dans la soci\u00e9t\u00e9 qu\u00e9b\u00e9coise et notamment au sein du camp patriote qui en est venu \u00e0 confondre le \u00ab progressisme \u00bb avec l&#8217;id\u00e9e m\u00eame d&#8217;ind\u00e9pendance de notre peuple. Les questions d\u00e9mographique et identitaire sont nos fers de lance, car nous croyons que c&#8217;est principalement par ces questions qu&#8217;une droitisation de la soci\u00e9t\u00e9 peut s&#8217;op\u00e9rer, permettant ainsi de relancer le mouvement nationaliste sur des bases saines.&#8221;<\/em><\/p>\n\n\n\n<p><\/p>\n\n\n\n<h3 class=\"wp-block-heading\"><strong><span class=\"has-inline-color has-black-color\">5-: <\/span><\/strong><span class=\"has-inline-color has-black-color\"><strong>What are your main sources of inspiration ? Who or what have had a big influence on you ?<\/strong><\/span><\/h3>\n\n\n\n<p><\/p>\n\n\n\n<p class=\"has-text-align-justify\"><em>&#8221; Je suis un fervent d\u00e9fenseur du chanoine Lionel Groulx, dont je viens de pr\u00e9facer une anthologie politique, qui est le grand intellectuel du d\u00e9but du XXe si\u00e8cle ayant donn\u00e9 une v\u00e9ritable conscience nationale aux Canadiens fran\u00e7ais en luttant contre la tentation des n\u00f4tres de se laisser assimiler par la civilisation mat\u00e9rialiste anglo-protestante nord-am\u00e9ricaine. La pens\u00e9e du juriste allemand Carl Schmitt et sa d\u00e9finition du paradigme politique centr\u00e9 sur la tension ami\/ennemi a \u00e9galement \u00e9t\u00e9 d&#8217;une grande influence dans ma conception philosophique de la chose publique. Plus proche de nous, c&#8217;est l&#8217;\u00e9crivain Renaud Camus et sa description du ph\u00e9nom\u00e8ne de changement de peuple que conna\u00eet tout l&#8217;Occident, connue sous l&#8217;expression de Grand remplacement, qui a marqu\u00e9 ma conscience politique r\u00e9cente.&#8221;<\/em><\/p>\n\n\n\n<p><\/p>\n\n\n\n<h3 class=\"wp-block-heading\"><span class=\"has-inline-color has-black-color\"><strong>6-: What is conservatism in your opinion? And do you think it is important today?<\/strong><\/span><\/h3>\n\n\n\n<p><\/p>\n\n\n\n<p class=\"has-text-align-justify\"><em>&#8221; Conserver, certes, mais que conserver ? Dans le contexte qu\u00e9b\u00e9cois et canadien, le conservatisme ne servirait qu&#8217;\u00e0 conserver les politiques d&#8217;immigration massive, l&#8217;endoctrinement multiculturel, le f\u00e9minisme d&#8217;\u00c9tat, le mariage homosexuel, la banalisation de l&#8217;avortement ou encore la l\u00e9galisation de la marijuana. Le conservatisme freine temporairement la vitesse de croisi\u00e8re des \u00ab avanc\u00e9es soci\u00e9tales \u00bb qu&#8217;impose la gauche, mais ne change pas la direction dans laquelle va la soci\u00e9t\u00e9.<\/em><\/p>\n\n\n\n<p class=\"has-text-align-justify\"><em>\u00c0 mon avis, il faut viser la mise en place d&#8217;une v\u00e9ritable politique d&#8217;envergure pour inverser les tendances actuelles et changer drastiquement le cap qu&#8217;a pris la civilisation occidentale. Pour cela, il faut op\u00e9rer une reconqu\u00eate des c\u0153urs et des esprits, \u00e9tape pr\u00e9alable \u00e0 toute prise de pouvoir politique. Je suis donc plus attach\u00e9 au terme de droite nationale qu&#8217;a celui de conservatisme qui me semble impropre \u00e0 r\u00e9pondre aux d\u00e9fis du monde actuel que nous a impos\u00e9 la gauche depuis 60 ans.&#8221;<\/em><\/p>\n\n\n\n<p><\/p>\n\n\n\n<h3 class=\"wp-block-heading\"><span class=\"has-inline-color has-black-color\"><strong>7-: Que pensez-vous du contexte actuel de la soci\u00e9t\u00e9 en Europe ? Au Qu\u00e9bec ? Et \u00e0 l&#8217;\u00e9chelle du monde ?<\/strong><\/span><\/h3>\n\n\n\n<p><\/p>\n\n\n\n<p class=\"has-text-align-justify\"><em>&#8221; L&#8217;Europe est en d\u00e9clin depuis au moins la Seconde Guerre mondiale, et peut-\u00eatre faut-il m\u00eame remonter \u00e0 la Grande Guerre pour en comprendre les causes. La cons\u00e9quence concr\u00e8te de ce d\u00e9clin est le remplacement physique de tous les peuples d&#8217;ascendance europ\u00e9enne \u2013 les peuples blancs pour \u00eatre plus clair \u2013 par une immigration de remplacement venue du tiers- monde. Ce ph\u00e9nom\u00e8ne massif, d&#8217;une ampleur in\u00e9gal\u00e9e me semble \u00eatre la principale transformation \u00e0 laquelle il nous faudra r\u00e9fl\u00e9chir pour assurer un avenir \u00e0 nos enfants. Si les tendances d\u00e9mographiques actuelles ne sont pas invers\u00e9es, les euro-descendants qui ont b\u00e2ti ce continent seront minoritaires en Am\u00e9rique du Nord d&#8217;ici trente ans. Ce contexte de marginalisation d\u00e9mographique nous oblige \u00e0 reconsid\u00e9rer radicalement notre rapport \u00e0 l&#8217;\u00c9tat et \u00e0 la chose politique.&#8221;<\/em><\/p>\n\n\n\n<p><\/p>\n\n\n\n<h3 class=\"wp-block-heading\"><span class=\"has-inline-color has-black-color\"><strong>8-: Si vous deviez donner 5 \u00e9l\u00e9ments sur lesquels tout Fran\u00e7ais, Europ\u00e9en ou Qu\u00e9b\u00e9cois devrait s\u00e9rieusement travailler au niveau individuel, lesquels seraient-ils ?<\/strong><\/span><\/h3>\n\n\n\n<p><\/p>\n\n\n\n<ol><li>Il faut avant tout retrouver une pulsion de vie. Cela passe notamment par la prise de conscience que notre combat est avant tout d\u00e9mographique. Le premier devoir des Occidentaux ayant une conscience identitaire est de fonder un foyer et de faire des enfants pour la suite du monde.<\/li><li>Dans un second temps, il faut retrouver nos racines profondes et cela passe par le rappel que l&#8217;Occident a \u00e9t\u00e9 fond\u00e9 sur trois piliers : la philosophie grecque, le droit romain et la religion chr\u00e9tienne. D\u00e9fendre cet h\u00e9ritage face aux hordes d&#8217;excit\u00e9s qui appellent sans arr\u00eat \u00e0 l&#8217;ethnomasochisme est devenu une n\u00e9cessit\u00e9 vitale. Il faut pour cela renouer les fils de la transmission d&#8217;une culture g\u00e9n\u00e9rale classique qui trop souvent ne nous a pas \u00e9t\u00e9 transmise par la g\u00e9n\u00e9ration pr\u00e9c\u00e9dente.<\/li><li>Dans le contexte qu\u00e9b\u00e9cois, qui sera bient\u00f4t celui de l&#8217;Europe de l&#8217;Ouest, il faut se pr\u00e9parer \u00e0 devenir minoritaires sur le plan d\u00e9mographique, ce qui implique de red\u00e9couvrir une solidarit\u00e9 r\u00e9ellement \u00ab nationale \u00bb et de reproduire partiellement le communautarisme des groupes ethniques qui nous entourent (Juifs, Chinois, etc.) pour peser dans le monde de demain.<\/li><li>Pratiquer l&#8217;adh\u00e9sion par la s\u00e9duction. Si nous sommes attrayants, les id\u00e9es que nous portons le seront aussi. Il faut rompre cette id\u00e9e que le camp national est un ramassis de marginaux n&#8217;ayant pas trouv\u00e9 de place dans la soci\u00e9t\u00e9. Il faut donc \u00e9viter au niveau personnel les personnalit\u00e9s et environnements r\u00e9barbatifs en s\u00e9parant le bon grain de l&#8217;ivraie.<\/li><li>\u00c9viter le pi\u00e8ge de la surench\u00e8re radicale. Nous gagnerons le combat des id\u00e9es en nous pr\u00e9sentant comme le camp de la lucidit\u00e9 et du r\u00e9el. Laissons \u00e0 la gauche ses fantasmes totalitaires d\u00e9connect\u00e9s de la d\u00e9cence commune du petit peuple.<\/li><\/ol>\n\n\n\n<p><\/p>\n\n\n\n<h3 class=\"wp-block-heading\"><span class=\"has-inline-color has-black-color\"><strong>9-: Can you share with us your feelings about today's youth?<\/strong><\/span><\/h3>\n\n\n\n<p><\/p>\n\n\n\n<p class=\"has-text-align-justify\"><em>&#8221; Je crois que nous assistons \u00e0 un double mouvement de la jeunesse. Une partie de celle-ci est impr\u00e9gn\u00e9e par la haine de soi diffus\u00e9e par le gauchisme institutionnel, principalement par l&#8217;\u00e9cole et les m\u00e9dias, dont l&#8217;apoth\u00e9ose actuelle est le mouvement \u00ab woke \u00bb. Remarquons au passage que toutes les d\u00e9rives id\u00e9ologiques passent par les campus universitaires californiens et se transmettent dans un insupportable globish g\u00e9n\u00e9ralis\u00e9.<\/em><\/p>\n\n\n\n<p class=\"has-text-align-justify\"><em>Une seconde partie de la jeunesse, \u00e0 mon avis malheureusement minoritaire, prend conscience que l&#8217;on tente par tous les moyens de la culpabiliser d&#8217;appartenir \u00e0 l&#8217;Occident et qu&#8217;elle n&#8217;a que deux choix : baisser la t\u00eate ou la relever en assumant ce formidable h\u00e9ritage. Je fonde beaucoup d&#8217;espoir sur la radicalisation du d\u00e9bat public sur la question identitaire qui poussera de plus en plus de jeunes dans le camp national. Sur ce point, la gauche identitaire &#8211; ou r\u00e9gressive comme l&#8217;appellent les Anglo-am\u00e9ricains &#8211; est notre principal alli\u00e9 puisqu&#8217;elle polarise le d\u00e9bat public et force les jeunes occidentaux \u00e0 choisir leur camp.&#8221;<\/em><\/p>\n\n\n\n<p><\/p>\n\n\n\n<h3 class=\"wp-block-heading\"><span class=\"has-inline-color has-black-color\"><strong>10-: Beaucoup de jeunes cherchent \u00e0 renouer avec leur h\u00e9ritage, quel est le meilleur moyen selon vous d&#8217;y parvenir ?<\/strong><\/span><\/h3>\n\n\n\n<p><\/p>\n\n\n\n<p class=\"has-text-align-justify\"><em>&#8221; Cela passe \u00e9videmment par la lecture, mais aussi la musique qui est un vecteur de valeurs culturelles. Il faut red\u00e9couvrir les oeuvres culturelles europ\u00e9ennes qui sont, il est vrai, plut\u00f4t \u00e9litistes, ce qui d\u00e9courage souvent les jeunes des classes populaires \u00e0 s&#8217;y int\u00e9resser. Le d\u00e9fi est de surmonter ses propres appr\u00e9hensions initiales \u2013 il est plus facile d&#8217;\u00e9couter de la pop, ou pire du rap, que de se forcer \u00e0 d\u00e9couvrir Lully, Vivaldi ou Schubert \u2013 pour enfin parvenir \u00e0 cr\u00e9er un environnement domestique r\u00e9ellement occidental et europ\u00e9en.&#8221;<\/em><\/p>\n\n\n\n<p><\/p>\n\n\n\n<h3 class=\"wp-block-heading\"><span class=\"has-inline-color has-black-color\"><strong>11-: Quels sont les principaux dangers qui menacent la civilisation occidentale selon vous ?<\/strong><\/span><\/h3>\n\n\n\n<p><\/p>\n\n\n\n<p class=\"has-text-align-justify\"><em>&#8221; Trois menaces me semblent peser principalement sur l&#8217;Occident :<\/em><\/p>\n\n\n\n<ol><li>le remplacement d\u00e9mographique dont le djihad au quotidien n&#8217;est que la cons\u00e9quence. Par-del\u00e0 la question de l&#8217;islam, nous devons avoir la lucidit\u00e9 de reconna\u00eetre qu&#8217;une soci\u00e9t\u00e9 multiraciale est toujours multi-conflictuelle et les \u00c9tats-Unis doivent nous servir de contre-exemple absolu en la mati\u00e8re ;<\/li><li>le gauchisme institutionnel qui gangr\u00e8ne les \u00e9lites et transmet une pulsion de mort au reste de la soci\u00e9t\u00e9, notamment en posant un interdit moral sur toute r\u00e9sistance aux demandes des lobbys minoritaires les plus radicaux (BLM, LGBT, f\u00e9ministes de tout poil, etc.) ;<\/li><li>les vis\u00e9es imp\u00e9rialistes mondiales de la Chine national-communiste qui cherche \u00e0 se venger du retard civilisationnel qu&#8217;elle avait acquise au courant des derniers si\u00e8cles et qui ne s&#8217;embarrasse pas de moraline pour r\u00e9gler ses probl\u00e8mes de dissidences internes (Ou\u00efghours, Tib\u00e9tains, chr\u00e9tiens, etc.).&#8221;<\/li><\/ol>\n\n\n\n<p><\/p>\n\n\n\n<h3 class=\"wp-block-heading\"><span class=\"has-inline-color has-black-color\"><strong>12-: What are the main hopes and levers to overcome these threats?<\/strong><\/span><\/h3>\n\n\n\n<p><\/p>\n\n\n\n<p class=\"has-text-align-justify\"><em>&#8221; En gardant en t\u00eate ces trois menaces, il serait possible \u00e0 l&#8217;Occident de retrouver une volont\u00e9 de puissance pour renouer avec son destin historique qu&#8217;est celui de dominer la sc\u00e8ne mondiale et de se projeter au-del\u00e0, vers les \u00e9toiles. Pour cela, il faudra constituer une \u00e9lite capable d&#8217;affronter les p\u00e9rils de la soci\u00e9t\u00e9 actuelle qui tend \u00e0 valoriser l&#8217;avachissement g\u00e9n\u00e9ral plut\u00f4t que l&#8217;effort. M\u00eame si la tache s&#8217;annonce fort rude, rien n&#8217;est jou\u00e9.&#8221; <\/em><\/p>\n\n\n\n<p><\/p>\n\n\n\n<h3 class=\"wp-block-heading\"><span class=\"has-inline-color has-black-color\"><strong>13-: Quels sont les personnalit\u00e9s, auteurs, initiatives ou organisations qui paraissent dignes d&#8217;int\u00e9r\u00eat aujourd&#8217;hui selon vous ?<\/strong><\/span><\/h3>\n\n\n\n<p><\/p>\n\n\n\n<p class=\"has-text-align-justify\"><em>&#8221; Au-del\u00e0 de Renaud Camus cit\u00e9 pr\u00e9c\u00e9demment, il y a bien s\u00fbr l&#8217;Institut Iliade issu de la Nouvelle Droite fran\u00e7aise qui me semble incarner le r\u00e9veil identitaire dont l&#8217;Europe a cruellement besoin. M\u00eame chose pour le site Pol\u00e9mia de Jean-Yves Le Gallou. Cela dit, la constitution d&#8217;une nouvelle opinion publique sur internet me semble grandement prometteuse pour l&#8217;avenir du camp national, malgr\u00e9 la trop grande pr\u00e9sence de ce qu&#8217;il faut appeler le conspirationnisme cosmopolite qui fait des ravages dans nos rangs. Il faut par ailleurs s&#8217;attendre \u00e0 une radicalisation du verrouillage d&#8217;internet dans les ann\u00e9es qui viennent en raison du danger pour le syst\u00e8me actuel que constitue la r\u00e9information par internet.&#8221;<\/em><\/p>\n\n\n\n<p><\/p>\n\n\n\n<h3 class=\"wp-block-heading\"><span class=\"has-inline-color has-black-color\"><strong>14-:<\/strong> <strong>Y a t-il un sujet qui vous para\u00eet d\u00e9laiss\u00e9 aujourd&#8217;hui ou que vous consid\u00e9rez ne pas voir suffisamment dans les m\u00e9dias ou le d\u00e9bat public ?<\/strong><\/span><\/h3>\n\n\n\n<p><\/p>\n\n\n\n<p class=\"has-text-align-justify\"><em>&#8221; La question raciale, grand tabou depuis la fin de la Seconde Guerre mondiale fait un retour fulgurant dans l&#8217;espace public par la gauche multiculturaliste qui impose un discours racialiste anti-blanc. Au lieu d&#8217;\u00e9viter le d\u00e9bat, le camp national et la droite en g\u00e9n\u00e9ral devraient prendre la balle au bond pour r\u00e9tablir quelques v\u00e9rit\u00e9s au lieu de fuir la question comme une pucelle effarouch\u00e9e. Nous ne pouvons laisser \u00e0 nos ennemis le seul monopole de cet enjeu alors que nous subissons pr\u00e9cis\u00e9ment une attaque physique et m\u00e9morielle sur cette question pr\u00e9cise qui deviendra de plus en plus cruciale dans les prochaines d\u00e9cennies.&#8221;<\/em><\/p>\n\n\n\n<p><\/p>\n\n\n\n<h3 class=\"wp-block-heading\"><span class=\"has-inline-color has-black-color\"><strong>15-:<\/strong> <strong>Pouvez-vous nous donner un livre, un film et une musique, qui selon vous vous repr\u00e9sente, ou auquel vous tenez ?<\/strong><\/span><\/h3>\n\n\n\n<p><\/p>\n\n\n\n<p class=\"has-text-align-justify\"><em>&#8221; Th\u00e9ologie politique de Carl Schmitt a \u00e9t\u00e9 pour moi un v\u00e9ritable moment d&#8217;\u00e9veil intellectuel. Sa lecture permet de mettre des mots sur ce que nous ressentons comme une \u00e9vidence, soit que toute pens\u00e9e politique repose en fait sur une m\u00e9taphysique de l&#8217;esprit et r\u00e9sulte avant tout d&#8217;une prise de position th\u00e9ologique.&#8221;<\/em><\/p>\n\n\n\n<p><\/p>\n\n\n\n<h3 class=\"wp-block-heading\"><span class=\"has-inline-color has-black-color\"><strong>16-:<\/strong> <strong>What do you think you can bring to someone who is just discovering you?<\/strong><\/span><\/h3>\n\n\n\n<p><\/p>\n\n\n\n<p class=\"has-text-align-justify\">&#8221; \u00c9veiller les consciences en osant nommer le r\u00e9el dans un contexte d&#8217;emballement id\u00e9ologique mystificateur domin\u00e9 par le gauchisme.&#8221;<\/p>\n\n\n\n<p><\/p>\n\n\n\n<h3 class=\"wp-block-heading\"><span class=\"has-inline-color has-black-color\"><strong>17-: Quels sont vos projets \u00e0 l&#8217;avenir ? Dans les prochaines semaines et mois, \u00e0 court terme, mais \u00e9galement votre vision \u00e0 long terme<\/strong>.<\/span><\/h3>\n\n\n\n<p><\/p>\n\n\n\n<p class=\"has-text-align-justify\"><em>&#8221; La difficult\u00e9 pour les m\u00e9dias alternatifs qui ne re\u00e7oivent aucune subvention est de survivre \u00e0 la censure et \u00e0 l&#8217;ins\u00e9curit\u00e9 \u00e9conomique. Le ma\u00eetre-mot est donc la constance: produire r\u00e9guli\u00e8rement un contenu de qualit\u00e9 pour s&#8217;imposer dans les c\u0153urs et les esprits afin de mener \u00e0 bien le combat culturel.&#8221;<\/em><\/p>\n\n\n\n<p><\/p>\n\n\n\n<h3 class=\"wp-block-heading\"><span class=\"has-inline-color has-black-color\"><strong>18-: Where can we follow you? On which media or social network are you the most active?<\/strong><\/span><\/h3>\n\n\n\n<p><\/p>\n\n\n\n<p class=\"has-text-align-justify\"><em>&#8221; Principalement sur les m\u00e9dias auxquels je participe :<br>&#8211; <a href=\"https:\/\/nomos-tv.com\/\" target=\"_blank\" rel=\"noreferrer noopener\">nomos-tv.com<\/a>, la premi\u00e8re webt\u00e9l\u00e9 patriote du Qu\u00e9bec<br>&#8211; <a href=\"http:\/\/horizonquebecactuel.com\/\" target=\"_blank\" rel=\"noreferrer noopener\">horizonquebecactuel.com<\/a>, le renouveau nationaliste<br>&#8211; <a href=\"https:\/\/vigile.quebec\/\" target=\"_blank\" rel=\"noreferrer noopener\">vigile.quebec<\/a>, le plus honorable site de r\u00e9information souverainiste&#8221;<\/em><\/p>\n\n\n\n<p><\/p>\n\n\n\n<h3 class=\"wp-block-heading\"><span class=\"has-inline-color has-black-color\"><strong>19-: A word for the end ?<\/strong><\/span><\/h3>\n\n\n\n<p><\/p>\n\n\n\n<p class=\"has-text-align-justify\">&#8221; Ma francophilie m&#8217;oblige \u00e0 vous taquiner sur le nom de votre site ! Pourquoi diable les Fran\u00e7ais se croient-ils oblig\u00e9s d&#8217;utiliser l&#8217;anglais pour se sentir dans le vent ? Le long combat culturel de la nation fran\u00e7aise d&#8217;Am\u00e9rique m&#8217;interdit pour ma part de laisser un pouce \u00e0 l&#8217;anglicisation de la sph\u00e8re publique qui contribue \u00e0 l&#8217;uniformisation du monde. Cela dit, l&#8217;hypersensibilit\u00e9 qu\u00e9b\u00e9coise sur la question linguistique ne doit pas m&#8217;emp\u00eacher de voir le travail de qualit\u00e9 qui est le v\u00f4tre.<\/p>\n\n\n\n<p class=\"has-text-align-justify\">Par ailleurs, au-del\u00e0 de nos sensibilit\u00e9s nationales respectives, les Occidentaux doivent retrouver un sentiment d&#8217;une destin\u00e9e commune car les m\u00eames probl\u00e8mes soci\u00e9taux, d\u00e9mographiques et g\u00e9opolitiques nous unissent dans un combat commun pour redresser radicalement notre civilisation. Il n&#8217;en tient qu&#8217;\u00e0 nous de changer le cours des choses. Tout reste \u00e0 faire.&#8221;<\/p>\n\n\n\n<p><\/p>\n\n\n\n<p><\/p>\n\n\n\n<p><\/p>","protected":false},"excerpt":{"rendered":"<p>1- Pour nos lecteurs qui ne vous connaissent pas encore, pr\u00e9sentez-vous. &#8221; Je suis un militant nationaliste canadien-fran\u00e7ais doubl\u00e9 d&#8217;un [&hellip;]<\/p>","protected":false},"author":1,"featured_media":8720,"comment_status":"open","ping_status":"open","sticky":false,"template":"","format":"standard","meta":{"_et_pb_use_builder":"off","_et_pb_old_content":"","_et_gb_content_width":"","_exactmetrics_skip_tracking":false,"_exactmetrics_sitenote_active":false,"_exactmetrics_sitenote_note":"","_exactmetrics_sitenote_category":0,"footnotes":""},"categories":[21],"tags":[87,22,88],"yoast_head":"<!-- This site is optimized with the Yoast SEO plugin v22.3 - https:\/\/yoast.com\/wordpress\/plugins\/seo\/ -->\n<title>Interview TCE #11 - Alexandre Cormier-Denis - The Conservative Enthusiast<\/title>\n<meta name=\"description\" content=\"\u27bd Interview de Alexandre Cormier-Denis sur TCE : La plateforme de r\u00e9information, de partage et d&#039;apprentissage des conservateurs.\" \/>\n<meta name=\"robots\" content=\"index, follow, max-snippet:-1, max-image-preview:large, max-video-preview:-1\" \/>\n<link rel=\"canonical\" href=\"https:\/\/conservativenthusiast.com\/en\/interview-tce-10-alexandre-cormier-denis\/\" \/>\n<meta property=\"og:locale\" content=\"en_GB\" \/>\n<meta property=\"og:type\" content=\"article\" \/>\n<meta property=\"og:title\" content=\"Interview TCE #11 - Alexandre Cormier-Denis - The Conservative Enthusiast\" \/>\n<meta property=\"og:description\" content=\"\u27bd Interview de Alexandre Cormier-Denis sur TCE : La plateforme de r\u00e9information, de partage et d&#039;apprentissage des conservateurs.\" \/>\n<meta property=\"og:url\" content=\"https:\/\/conservativenthusiast.com\/en\/interview-tce-10-alexandre-cormier-denis\/\" \/>\n<meta property=\"og:site_name\" content=\"The Conservative Enthusiast\" \/>\n<meta property=\"article:published_time\" content=\"2021-01-16T11:30:00+00:00\" \/>\n<meta property=\"article:modified_time\" content=\"2021-01-16T12:04:56+00:00\" \/>\n<meta property=\"og:image\" content=\"https:\/\/conservativenthusiast.com\/wp-content\/uploads\/2021\/01\/Alexandre-Cormier-Denis-interview.png\" \/>\n\t<meta property=\"og:image:width\" content=\"964\" \/>\n\t<meta property=\"og:image:height\" content=\"542\" \/>\n\t<meta property=\"og:image:type\" content=\"image\/png\" \/>\n<meta name=\"author\" content=\"Alexis.L\" \/>\n<meta name=\"twitter:card\" content=\"summary_large_image\" \/>\n<meta name=\"twitter:label1\" content=\"Written by\" \/>\n\t<meta name=\"twitter:data1\" content=\"Alexis.L\" \/>\n\t<meta name=\"twitter:label2\" content=\"Estimated reading time\" \/>\n\t<meta name=\"twitter:data2\" content=\"11 minutes\" \/>\n<script type=\"application\/ld+json\" class=\"yoast-schema-graph\">{\"@context\":\"https:\/\/schema.org\",\"@graph\":[{\"@type\":\"Article\",\"@id\":\"https:\/\/conservativenthusiast.com\/en\/interview-tce-10-alexandre-cormier-denis\/#article\",\"isPartOf\":{\"@id\":\"https:\/\/conservativenthusiast.com\/en\/interview-tce-10-alexandre-cormier-denis\/\"},\"author\":{\"name\":\"Alexis.L\",\"@id\":\"https:\/\/conservativenthusiast.com\/#\/schema\/person\/3edd83a60aed483f95ebc876aeac7feb\"},\"headline\":\"Interview TCE #11 &#8211; Alexandre Cormier-Denis\",\"datePublished\":\"2021-01-16T11:30:00+00:00\",\"dateModified\":\"2021-01-16T12:04:56+00:00\",\"mainEntityOfPage\":{\"@id\":\"https:\/\/conservativenthusiast.com\/en\/interview-tce-10-alexandre-cormier-denis\/\"},\"wordCount\":2658,\"commentCount\":0,\"publisher\":{\"@id\":\"https:\/\/conservativenthusiast.com\/#organization\"},\"image\":{\"@id\":\"https:\/\/conservativenthusiast.com\/en\/interview-tce-10-alexandre-cormier-denis\/#primaryimage\"},\"thumbnailUrl\":\"https:\/\/conservativenthusiast.com\/wp-content\/uploads\/2021\/01\/Alexandre-Cormier-Denis-interview.png\",\"keywords\":[\"Alexandre Cormier-Denis\",\"Interview\",\"Nomos-TV\"],\"articleSection\":[\"Interviews\"],\"inLanguage\":\"en-GB\",\"potentialAction\":[{\"@type\":\"CommentAction\",\"name\":\"Comment\",\"target\":[\"https:\/\/conservativenthusiast.com\/en\/interview-tce-10-alexandre-cormier-denis\/#respond\"]}]},{\"@type\":\"WebPage\",\"@id\":\"https:\/\/conservativenthusiast.com\/en\/interview-tce-10-alexandre-cormier-denis\/\",\"url\":\"https:\/\/conservativenthusiast.com\/en\/interview-tce-10-alexandre-cormier-denis\/\",\"name\":\"Interview TCE #11 - Alexandre Cormier-Denis - The Conservative Enthusiast\",\"isPartOf\":{\"@id\":\"https:\/\/conservativenthusiast.com\/#website\"},\"primaryImageOfPage\":{\"@id\":\"https:\/\/conservativenthusiast.com\/en\/interview-tce-10-alexandre-cormier-denis\/#primaryimage\"},\"image\":{\"@id\":\"https:\/\/conservativenthusiast.com\/en\/interview-tce-10-alexandre-cormier-denis\/#primaryimage\"},\"thumbnailUrl\":\"https:\/\/conservativenthusiast.com\/wp-content\/uploads\/2021\/01\/Alexandre-Cormier-Denis-interview.png\",\"datePublished\":\"2021-01-16T11:30:00+00:00\",\"dateModified\":\"2021-01-16T12:04:56+00:00\",\"description\":\"\u27bd Interview de Alexandre Cormier-Denis sur TCE : La plateforme de r\u00e9information, de partage et d'apprentissage des conservateurs.\",\"breadcrumb\":{\"@id\":\"https:\/\/conservativenthusiast.com\/en\/interview-tce-10-alexandre-cormier-denis\/#breadcrumb\"},\"inLanguage\":\"en-GB\",\"potentialAction\":[{\"@type\":\"ReadAction\",\"target\":[\"https:\/\/conservativenthusiast.com\/en\/interview-tce-10-alexandre-cormier-denis\/\"]}]},{\"@type\":\"ImageObject\",\"inLanguage\":\"en-GB\",\"@id\":\"https:\/\/conservativenthusiast.com\/en\/interview-tce-10-alexandre-cormier-denis\/#primaryimage\",\"url\":\"https:\/\/conservativenthusiast.com\/wp-content\/uploads\/2021\/01\/Alexandre-Cormier-Denis-interview.png\",\"contentUrl\":\"https:\/\/conservativenthusiast.com\/wp-content\/uploads\/2021\/01\/Alexandre-Cormier-Denis-interview.png\",\"width\":964,\"height\":542},{\"@type\":\"BreadcrumbList\",\"@id\":\"https:\/\/conservativenthusiast.com\/en\/interview-tce-10-alexandre-cormier-denis\/#breadcrumb\",\"itemListElement\":[{\"@type\":\"ListItem\",\"position\":1,\"name\":\"Accueil\",\"item\":\"https:\/\/conservativenthusiast.com\/\"},{\"@type\":\"ListItem\",\"position\":2,\"name\":\"Interview TCE #11 &#8211; Alexandre Cormier-Denis\"}]},{\"@type\":\"WebSite\",\"@id\":\"https:\/\/conservativenthusiast.com\/#website\",\"url\":\"https:\/\/conservativenthusiast.com\/\",\"name\":\"The Conservative Enthusiast\",\"description\":\"La plateforme de r\u00e9information, de partage et d&#039;apprentissage des conservateurs.\",\"publisher\":{\"@id\":\"https:\/\/conservativenthusiast.com\/#organization\"},\"potentialAction\":[{\"@type\":\"SearchAction\",\"target\":{\"@type\":\"EntryPoint\",\"urlTemplate\":\"https:\/\/conservativenthusiast.com\/?s={search_term_string}\"},\"query-input\":\"required name=search_term_string\"}],\"inLanguage\":\"en-GB\"},{\"@type\":\"Organization\",\"@id\":\"https:\/\/conservativenthusiast.com\/#organization\",\"name\":\"The Conservative Enthusiast\",\"url\":\"https:\/\/conservativenthusiast.com\/\",\"logo\":{\"@type\":\"ImageObject\",\"inLanguage\":\"en-GB\",\"@id\":\"https:\/\/conservativenthusiast.com\/#\/schema\/logo\/image\/\",\"url\":\"https:\/\/i0.wp.com\/conservativeenthusiast.com\/wp-content\/uploads\/2020\/06\/LOGO-CE-MINI.png?fit=3867%2C1180&ssl=1\",\"contentUrl\":\"https:\/\/i0.wp.com\/conservativeenthusiast.com\/wp-content\/uploads\/2020\/06\/LOGO-CE-MINI.png?fit=3867%2C1180&ssl=1\",\"width\":3867,\"height\":1180,\"caption\":\"The Conservative Enthusiast\"},\"image\":{\"@id\":\"https:\/\/conservativenthusiast.com\/#\/schema\/logo\/image\/\"}},{\"@type\":\"Person\",\"@id\":\"https:\/\/conservativenthusiast.com\/#\/schema\/person\/3edd83a60aed483f95ebc876aeac7feb\",\"name\":\"Alexis.L\",\"image\":{\"@type\":\"ImageObject\",\"inLanguage\":\"en-GB\",\"@id\":\"https:\/\/conservativenthusiast.com\/#\/schema\/person\/image\/\",\"url\":\"https:\/\/secure.gravatar.com\/avatar\/e276145ad3a64170e9c68564bb9e4280?s=96&d=mm&r=g\",\"contentUrl\":\"https:\/\/secure.gravatar.com\/avatar\/e276145ad3a64170e9c68564bb9e4280?s=96&d=mm&r=g\",\"caption\":\"Alexis.L\"},\"description\":\"Si vous appr\u00e9ciez les articles de ce r\u00e9dacteur et que vous souhaitez en d\u00e9couvrir davantage sur lui ou ses \u00e9crits, vous pouvez consulter tous ses articles en cliquant sur son pseudo ou en apprendre plus sur notre page \\\"Notre \u00e9quipe\\\". Vous pouvez \u00e9galement le suivre sur ses diff\u00e9rents r\u00e9seaux sociaux ci-dessous.\",\"url\":\"https:\/\/conservativenthusiast.com\/en\/author\/admin6171\/\"}]}<\/script>\n<!-- \/ Yoast SEO plugin. -->","yoast_head_json":{"title":"Interview TCE #11 - Alexandre Cormier-Denis - The Conservative Enthusiast","description":"\u27bd Interview de Alexandre Cormier-Denis sur TCE : La plateforme de r\u00e9information, de partage et d'apprentissage des conservateurs.","robots":{"index":"index","follow":"follow","max-snippet":"max-snippet:-1","max-image-preview":"max-image-preview:large","max-video-preview":"max-video-preview:-1"},"canonical":"https:\/\/conservativenthusiast.com\/en\/interview-tce-10-alexandre-cormier-denis\/","og_locale":"en_GB","og_type":"article","og_title":"Interview TCE #11 - Alexandre Cormier-Denis - The Conservative Enthusiast","og_description":"\u27bd Interview de Alexandre Cormier-Denis sur TCE : La plateforme de r\u00e9information, de partage et d'apprentissage des conservateurs.","og_url":"https:\/\/conservativenthusiast.com\/en\/interview-tce-10-alexandre-cormier-denis\/","og_site_name":"The Conservative Enthusiast","article_published_time":"2021-01-16T11:30:00+00:00","article_modified_time":"2021-01-16T12:04:56+00:00","og_image":[{"width":964,"height":542,"url":"https:\/\/conservativenthusiast.com\/wp-content\/uploads\/2021\/01\/Alexandre-Cormier-Denis-interview.png","type":"image\/png"}],"author":"Alexis.L","twitter_card":"summary_large_image","twitter_misc":{"Written by":"Alexis.L","Estimated reading time":"11 minutes"},"schema":{"@context":"https:\/\/schema.org","@graph":[{"@type":"Article","@id":"https:\/\/conservativenthusiast.com\/en\/interview-tce-10-alexandre-cormier-denis\/#article","isPartOf":{"@id":"https:\/\/conservativenthusiast.com\/en\/interview-tce-10-alexandre-cormier-denis\/"},"author":{"name":"Alexis.L","@id":"https:\/\/conservativenthusiast.com\/#\/schema\/person\/3edd83a60aed483f95ebc876aeac7feb"},"headline":"Interview TCE #11 &#8211; Alexandre Cormier-Denis","datePublished":"2021-01-16T11:30:00+00:00","dateModified":"2021-01-16T12:04:56+00:00","mainEntityOfPage":{"@id":"https:\/\/conservativenthusiast.com\/en\/interview-tce-10-alexandre-cormier-denis\/"},"wordCount":2658,"commentCount":0,"publisher":{"@id":"https:\/\/conservativenthusiast.com\/#organization"},"image":{"@id":"https:\/\/conservativenthusiast.com\/en\/interview-tce-10-alexandre-cormier-denis\/#primaryimage"},"thumbnailUrl":"https:\/\/conservativenthusiast.com\/wp-content\/uploads\/2021\/01\/Alexandre-Cormier-Denis-interview.png","keywords":["Alexandre Cormier-Denis","Interview","Nomos-TV"],"articleSection":["Interviews"],"inLanguage":"en-GB","potentialAction":[{"@type":"CommentAction","name":"Comment","target":["https:\/\/conservativenthusiast.com\/en\/interview-tce-10-alexandre-cormier-denis\/#respond"]}]},{"@type":"WebPage","@id":"https:\/\/conservativenthusiast.com\/en\/interview-tce-10-alexandre-cormier-denis\/","url":"https:\/\/conservativenthusiast.com\/en\/interview-tce-10-alexandre-cormier-denis\/","name":"Interview TCE #11 - Alexandre Cormier-Denis - The Conservative Enthusiast","isPartOf":{"@id":"https:\/\/conservativenthusiast.com\/#website"},"primaryImageOfPage":{"@id":"https:\/\/conservativenthusiast.com\/en\/interview-tce-10-alexandre-cormier-denis\/#primaryimage"},"image":{"@id":"https:\/\/conservativenthusiast.com\/en\/interview-tce-10-alexandre-cormier-denis\/#primaryimage"},"thumbnailUrl":"https:\/\/conservativenthusiast.com\/wp-content\/uploads\/2021\/01\/Alexandre-Cormier-Denis-interview.png","datePublished":"2021-01-16T11:30:00+00:00","dateModified":"2021-01-16T12:04:56+00:00","description":"\u27bd Interview de Alexandre Cormier-Denis sur TCE : La plateforme de r\u00e9information, de partage et d'apprentissage des conservateurs.","breadcrumb":{"@id":"https:\/\/conservativenthusiast.com\/en\/interview-tce-10-alexandre-cormier-denis\/#breadcrumb"},"inLanguage":"en-GB","potentialAction":[{"@type":"ReadAction","target":["https:\/\/conservativenthusiast.com\/en\/interview-tce-10-alexandre-cormier-denis\/"]}]},{"@type":"ImageObject","inLanguage":"en-GB","@id":"https:\/\/conservativenthusiast.com\/en\/interview-tce-10-alexandre-cormier-denis\/#primaryimage","url":"https:\/\/conservativenthusiast.com\/wp-content\/uploads\/2021\/01\/Alexandre-Cormier-Denis-interview.png","contentUrl":"https:\/\/conservativenthusiast.com\/wp-content\/uploads\/2021\/01\/Alexandre-Cormier-Denis-interview.png","width":964,"height":542},{"@type":"BreadcrumbList","@id":"https:\/\/conservativenthusiast.com\/en\/interview-tce-10-alexandre-cormier-denis\/#breadcrumb","itemListElement":[{"@type":"ListItem","position":1,"name":"Accueil","item":"https:\/\/conservativenthusiast.com\/"},{"@type":"ListItem","position":2,"name":"Interview TCE #11 &#8211; Alexandre Cormier-Denis"}]},{"@type":"WebSite","@id":"https:\/\/conservativenthusiast.com\/#website","url":"https:\/\/conservativenthusiast.com\/","name":"The Conservative Enthusiast","description":"La plateforme de r\u00e9information, de partage et d&#039;apprentissage des conservateurs.","publisher":{"@id":"https:\/\/conservativenthusiast.com\/#organization"},"potentialAction":[{"@type":"SearchAction","target":{"@type":"EntryPoint","urlTemplate":"https:\/\/conservativenthusiast.com\/?s={search_term_string}"},"query-input":"required name=search_term_string"}],"inLanguage":"en-GB"},{"@type":"Organization","@id":"https:\/\/conservativenthusiast.com\/#organization","name":"The Conservative Enthusiast","url":"https:\/\/conservativenthusiast.com\/","logo":{"@type":"ImageObject","inLanguage":"en-GB","@id":"https:\/\/conservativenthusiast.com\/#\/schema\/logo\/image\/","url":"https:\/\/i0.wp.com\/conservativeenthusiast.com\/wp-content\/uploads\/2020\/06\/LOGO-CE-MINI.png?fit=3867%2C1180&ssl=1","contentUrl":"https:\/\/i0.wp.com\/conservativeenthusiast.com\/wp-content\/uploads\/2020\/06\/LOGO-CE-MINI.png?fit=3867%2C1180&ssl=1","width":3867,"height":1180,"caption":"The Conservative Enthusiast"},"image":{"@id":"https:\/\/conservativenthusiast.com\/#\/schema\/logo\/image\/"}},{"@type":"Person","@id":"https:\/\/conservativenthusiast.com\/#\/schema\/person\/3edd83a60aed483f95ebc876aeac7feb","name":"Alexis.L","image":{"@type":"ImageObject","inLanguage":"en-GB","@id":"https:\/\/conservativenthusiast.com\/#\/schema\/person\/image\/","url":"https:\/\/secure.gravatar.com\/avatar\/e276145ad3a64170e9c68564bb9e4280?s=96&d=mm&r=g","contentUrl":"https:\/\/secure.gravatar.com\/avatar\/e276145ad3a64170e9c68564bb9e4280?s=96&d=mm&r=g","caption":"Alexis.L"},"description":"Si vous appr\u00e9ciez les articles de ce r\u00e9dacteur et que vous souhaitez en d\u00e9couvrir davantage sur lui ou ses \u00e9crits, vous pouvez consulter tous ses articles en cliquant sur son pseudo ou en apprendre plus sur notre page \"Notre \u00e9quipe\". Vous pouvez \u00e9galement le suivre sur ses diff\u00e9rents r\u00e9seaux sociaux ci-dessous.","url":"https:\/\/conservativenthusiast.com\/en\/author\/admin6171\/"}]}},"_links":{"self":[{"href":"https:\/\/conservativenthusiast.com\/en\/wp-json\/wp\/v2\/posts\/3883"}],"collection":[{"href":"https:\/\/conservativenthusiast.com\/en\/wp-json\/wp\/v2\/posts"}],"about":[{"href":"https:\/\/conservativenthusiast.com\/en\/wp-json\/wp\/v2\/types\/post"}],"author":[{"embeddable":true,"href":"https:\/\/conservativenthusiast.com\/en\/wp-json\/wp\/v2\/users\/1"}],"replies":[{"embeddable":true,"href":"https:\/\/conservativenthusiast.com\/en\/wp-json\/wp\/v2\/comments?post=3883"}],"version-history":[{"count":42,"href":"https:\/\/conservativenthusiast.com\/en\/wp-json\/wp\/v2\/posts\/3883\/revisions"}],"predecessor-version":[{"id":4000,"href":"https:\/\/conservativenthusiast.com\/en\/wp-json\/wp\/v2\/posts\/3883\/revisions\/4000"}],"wp:featuredmedia":[{"embeddable":true,"href":"https:\/\/conservativenthusiast.com\/en\/wp-json\/wp\/v2\/media\/8720"}],"wp:attachment":[{"href":"https:\/\/conservativenthusiast.com\/en\/wp-json\/wp\/v2\/media?parent=3883"}],"wp:term":[{"taxonomy":"category","embeddable":true,"href":"https:\/\/conservativenthusiast.com\/en\/wp-json\/wp\/v2\/categories?post=3883"},{"taxonomy":"post_tag","embeddable":true,"href":"https:\/\/conservativenthusiast.com\/en\/wp-json\/wp\/v2\/tags?post=3883"}],"curies":[{"name":"wp","href":"https:\/\/api.w.org\/{rel}","templated":true}]}}