{"id":38316,"date":"2021-09-03T13:45:00","date_gmt":"2021-09-03T11:45:00","guid":{"rendered":"https:\/\/conservativeenthusiast.com\/?p=38316"},"modified":"2021-09-03T13:43:37","modified_gmt":"2021-09-03T11:43:37","slug":"quelle-europe","status":"publish","type":"post","link":"https:\/\/conservativenthusiast.com\/en\/quelle-europe\/","title":{"rendered":"Quelle Europe ?"},"content":{"rendered":"<p class=\"has-text-align-justify\">Aujourd&#8217;hui, c&#8217;est avec grand plaisir que nous continuons notre partenariat avec l&#8217;<strong>Institut Iliade<\/strong> avec notre publication <strong>d&#8217;un vendredi sur deux<\/strong>.<\/p>\n\n\n\n<p class=\"has-text-align-justify\">Cette semaine nous d\u00e9couvrons une liste de recommandations de livres indispensables \u00e0 lire pour mieux comprendre l&#8217;Europe et amener \u00e0 une r\u00e9flexion sur quelle Europe souhaitons-nous.<\/p>\n\n\n\n<p><\/p>\n\n\n\n<h3 class=\"wp-block-heading\"><span class=\"has-inline-color has-black-color\">Une s\u00e9lection d&#8217;ouvrages de Philippe Conrad, R\u00e9gis Debray, Chantal Delsol, Louis Dumont, Guillaume Faye, Henri de Grossouvre, Christian Harbulot, Robert D. Kaplan, Yves Lacoste&#8230;<\/span><\/h3>\n\n\n\n<p><\/p>\n\n\n\n<p><\/p>\n\n\n\n<p><\/p>\n\n\n\n<h3 class=\"wp-block-heading\"><span class=\"has-inline-color has-black-color\">Aymeric Chauprade,\u00a0<em>G\u00e9opolitique. Constantes et changements dans l\u2019histoire<\/em>\u00a0(Ellipses, 2003, 4<sup>e<\/sup>\u00a0\u00e9dition 2013)<\/span><\/h3>\n\n\n\n<p>Une somme sans \u00e9quivalent.<\/p>\n\n\n\n<p>\u00a0<a href=\"http:\/\/www.europa-diffusion.com\/fr\/essais\/5579-geopolitique-constantes-et-changements-dans-l-histoire.html\" target=\"_blank\" rel=\"noreferrer noopener\">Acheter en ligne<\/a><\/p>\n\n\n\n<p><\/p>\n\n\n\n<hr class=\"wp-block-separator\"\/>\n\n\n\n<p><\/p>\n\n\n\n<h3 class=\"wp-block-heading\"><span class=\"has-inline-color has-black-color\">Philippe Conrad,\u00a0<em>Histoire de la Reconquista<\/em>\u00a0(PUF, Que sais-Je ?, 1999)<\/span><\/h3>\n\n\n\n<p>L\u2019ouvrage de r\u00e9f\u00e9rence, pour le public fran\u00e7ais, sur l\u2019un des \u00e9pisodes les plus durs mais les plus f\u00e9conds de l\u2019histoire europ\u00e9enne.<\/p>\n\n\n\n<p><\/p>\n\n\n\n<hr class=\"wp-block-separator\"\/>\n\n\n\n<p><\/p>\n\n\n\n<h3 class=\"wp-block-heading\"><span class=\"has-inline-color has-black-color\">R\u00e9gis Debray,\u00a0<em>Eloge des fronti\u00e8res<\/em>\u00a0(Folio, poche, 2013)<\/span><\/h3>\n\n\n\n<p>La fronti\u00e8re comme rem\u00e8de \u00e0 l\u2019indiff\u00e9rence et comme sauvegarde du vivant. Un manifeste qui,&nbsp;<em>\u00ab&nbsp;d\u00e9chiffrant notre pass\u00e9, ose faire face \u00e0 l\u2019avenir&nbsp;\u00bb<\/em>.<\/p>\n\n\n\n<p>\u00a0<a href=\"http:\/\/www.europa-diffusion.com\/fr\/essais\/2370-eloge-des-frontieres.html\" target=\"_blank\" rel=\"noreferrer noopener\">Acheter en ligne<\/a><\/p>\n\n\n\n<p><\/p>\n\n\n\n<hr class=\"wp-block-separator\"\/>\n\n\n\n<p><\/p>\n\n\n\n<h3 class=\"wp-block-heading\"><span class=\"has-inline-color has-black-color\">Chantal Delsol &amp; Jean-Fran\u00e7ois Matt\u00e9i,\u00a0<em>L\u2019identit\u00e9 de l\u2019Europe<\/em>\u00a0(PUF, 2010)<\/span><\/h3>\n\n\n\n<p>Le paradoxe insoutenable d\u2019une Europe priv\u00e9e de racines et d\u2019identit\u00e9 propre, victime \u00e0 rebours de son colonialisme culturel. Victor Hugo, Paul Val\u00e9ry et Albert Camus appel\u00e9s \u00e0 la rescousse. Un vibrant plaidoyer, appuy\u00e9 sur le christianisme :&nbsp;<em>\u00ab&nbsp;Si l\u2019Europe n\u2019ose plus se r\u00e9clamer de sa culture en abdiquant son origine et son destin, elle se dissoudra sans voir quelle se prive tout simplement de sa pr\u00e9sence au monde.&nbsp;\u00bb<\/em><\/p>\n\n\n\n<p>\u00a0<a href=\"http:\/\/www.europa-diffusion.com\/fr\/europe\/2758-l-identite-de-l-europe.html\" target=\"_blank\" rel=\"noreferrer noopener\">Acheter en ligne<\/a><\/p>\n\n\n\n<p><\/p>\n\n\n\n<hr class=\"wp-block-separator\"\/>\n\n\n\n<p><\/p>\n\n\n\n<h3 class=\"wp-block-heading\"><span class=\"has-inline-color has-black-color\">Louis Dumont,\u00a0<em>L\u2019Id\u00e9ologie allemande. France-Allemagne et retour<\/em>\u00a0(Gallimard, 1991)<\/span><\/h3>\n\n\n\n<p>Un livre qui, au-del\u00e0 de son sujet structurant pour \u00ab l\u2019espace carolingien \u00bb \u00e0 soutenir et promouvoir, restitue au mot \u00ab\u00a0id\u00e9ologie\u00a0\u00bb sa dignit\u00e9.<\/p>\n\n\n\n<p><\/p>\n\n\n\n<hr class=\"wp-block-separator\"\/>\n\n\n\n<p><\/p>\n\n\n\n<h3 class=\"wp-block-heading\"><span class=\"has-inline-color has-black-color\">Guillaume Faye,\u00a0<em>Nouveau discours \u00e0 la nation europ\u00e9enne<\/em>\u00a0(Albatros, 1985)<\/span><\/h3>\n\n\n\n<p>Le manifeste d\u2019un patriotisme europ\u00e9en.<\/p>\n\n\n\n<p><\/p>\n\n\n\n<hr class=\"wp-block-separator\"\/>\n\n\n\n<p><\/p>\n\n\n\n<h3 class=\"wp-block-heading\"><span class=\"has-inline-color has-black-color\">Henri de Grossouvre,\u00a0<em>Paris-Berlin-Moscou. La voie de l\u2019ind\u00e9pendance et de la paix<\/em> (L\u2019Age d\u2019Homme, 2002)<\/span><\/h3>\n\n\n\n<p><em>\u00ab\u00a0Moi je dis qu\u2019il faut faire l\u2019Europe avec pour base un accord entre Fran\u00e7ais et Allemands.<\/em>\u00a0(\u2026)\u00a0<em>Une fois l\u2019Europe faite sur ces bases<\/em>\u00a0(\u2026),<em>\u00a0alors, on pourra se tourner vers la Russie. Alors, on pourra essayer, une bonne fois pour toutes, de faire l\u2019Europe tout enti\u00e8re avec la Russie aussi, dut-elle changer son r\u00e9gime. Voil\u00e0 le programme des vrais Europ\u00e9ens. Voil\u00e0 le mien\u00a0\u00bb<\/em>\u00a0(De Gaulle, 1949). Par l\u2019auteur de\u00a0<em>Pour une Europe europ\u00e9enne, une avant-garde pour sortir de l\u2019impasse\u00a0<\/em>(Editions Xenia, 2007).<\/p>\n\n\n\n<p><\/p>\n\n\n\n<hr class=\"wp-block-separator\"\/>\n\n\n\n<p><\/p>\n\n\n\n<h3 class=\"wp-block-heading\"><span class=\"has-inline-color has-black-color\">Christian Harbulot,\u00a0<em>La main invisible des puissances. Les Europ\u00e9ens face \u00e0 la guerre \u00e9conomique<\/em>\u00a0(Ellipses, 2005)<\/span><\/h3>\n\n\n\n<p>La fin des illusions du \u00ab village plan\u00e9taire \u00bb et de la \u00ab d\u00e9mocratie de march\u00e9 \u00bb comme horizon ind\u00e9passable de l\u2019humanit\u00e9. Le monde confront\u00e9 \u00e0 l\u2019unilat\u00e9ralisme am\u00e9ricain et \u00e0&nbsp;<em>\u00ab&nbsp;la perspective d\u2019une hyper puissance chinoise avant la fin du si\u00e8cle&nbsp;\u00bb<\/em>. Un plaidoyer pour une nouvelle culture de la puissance qui seule permettra \u00e0 la France et \u00e0 l\u2019Europe de relever le d\u00e9fi de la guerre \u00e9conomique mondiale.<\/p>\n\n\n\n<p>\u00a0<a href=\"http:\/\/www.europa-diffusion.com\/fr\/europe\/5424-la-main-invisible-des-puissances.html\" target=\"_blank\" rel=\"noreferrer noopener\">Acheter en ligne<\/a><\/p>\n\n\n\n<p><\/p>\n\n\n\n<hr class=\"wp-block-separator\"\/>\n\n\n\n<p><\/p>\n\n\n\n<h3 class=\"wp-block-heading\"><span class=\"has-inline-color has-black-color\">Robert D. Kaplan,\u00a0<em>La strat\u00e9gie du guerrier. De l\u2019\u00e9thique pa\u00efenne dans l\u2019art de gouverner<\/em>\u00a0(Bayard, 2003)<\/span><\/h3>\n\n\n\n<p>La th\u00e8se la plus fouill\u00e9e en faveur de l\u2019extension plan\u00e9taire de\u00a0<em>\u00ab\u00a0l\u2019empire du Bien\u00a0\u00bb<\/em>. Pour comprendre de l\u2019int\u00e9rieur les ressorts id\u00e9ologiques du bellicisme am\u00e9ricain.<\/p>\n\n\n\n<p><\/p>\n\n\n\n<hr class=\"wp-block-separator\"\/>\n\n\n\n<p><\/p>\n\n\n\n<h3 class=\"wp-block-heading\"><span class=\"has-inline-color has-black-color\">Yves Lacoste,\u00a0<em>Questions de g\u00e9opolitique<\/em>\u00a0(Le Livre de Poche, 1991)<\/span><\/h3>\n\n\n\n<p><em>\u00ab\u00a0La g\u00e9ographie, \u00e7a sert d\u2019abord \u00e0 faire la guerre\u00a0\u00bb<\/em>\u2026 Un recueil d\u2019articles parus dans\u00a0<em>H\u00e9rodote<\/em>\u00a0au cours des ann\u00e9es 1990, qui rel\u00e8ve notamment que la ligne de faille g\u00e9opolitique est d\u00e9sormais principalement Nord-Sud.<\/p>\n\n\n\n<p><\/p>\n\n\n\n<hr class=\"wp-block-separator\"\/>\n\n\n\n<p><\/p>\n\n\n\n<h3 class=\"wp-block-heading\"><span class=\"has-inline-color has-black-color\">Jordis von Lohaussen,\u00a0<em>Les Empires et la Puissance\u00a0<\/em>(Le Labyrinthe, r\u00e9\u00e9dition 1996)<\/span><\/h3>\n\n\n\n<p>Quand la pens\u00e9e en termes de continents rejoint la pens\u00e9e en termes de si\u00e8cles.&nbsp;<em>\u00ab&nbsp;La puissance est comme l\u2019eau : elle ne conna\u00eet pas d\u2019espaces vides. La richesse sans d\u00e9fense est toujours une invitation au rapt et au pillage.&nbsp;\u00bb<\/em>&nbsp;Un trait\u00e9 de g\u00e9opolitique pour l\u2019Europe d\u2019aujourd\u2019hui et de demain.<\/p>\n\n\n\n<p>\u00a0<a href=\"http:\/\/www.europa-diffusion.com\/fr\/essais\/3787-les-empires-et-la-puissance.html\" target=\"_blank\" rel=\"noreferrer noopener\">Acheter en ligne<\/a><\/p>\n\n\n\n<p><\/p>\n\n\n\n<hr class=\"wp-block-separator\"\/>\n\n\n\n<p><\/p>\n\n\n\n<h3 class=\"wp-block-heading\"><span class=\"has-inline-color has-black-color\">Bernard Lugan,\u00a0<em>D\u00e9colonisez l\u2019Afrique !<\/em>\u00a0(Ellipses, 2011)<\/span><\/h3>\n\n\n\n<p>La d\u00e9nonciation solidement argument\u00e9e du mouvement de recolonisation \u00e9conomique, politique, philosophique et morale que subissent les peuples et les pays africains, un demi-si\u00e8cle apr\u00e8s leur \u00ab ind\u00e9pendance \u00bb. La v\u00e9ritable lib\u00e9ration du continent comme condition de l\u2019arr\u00eat des flux migratoires vers les anciennes colonies europ\u00e9ennes.<\/p>\n\n\n\n<p>\u00a0<a href=\"http:\/\/www.europa-diffusion.com\/fr\/essais\/2493-decolonisez-l-afrique-.html\" target=\"_blank\" rel=\"noreferrer noopener\">Acheter en ligne<\/a><\/p>\n\n\n\n<p><\/p>\n\n\n\n<hr class=\"wp-block-separator\"\/>\n\n\n\n<p><\/p>\n\n\n\n<h3 class=\"wp-block-heading\"><span class=\"has-inline-color has-black-color\">Xavier Raufer,\u00a0<em>Les nouveaux dangers plan\u00e9taires<\/em>\u00a0(CNRS, Biblis, 2012)<\/span><\/h3>\n\n\n\n<p>Une analyse rigoureuse du chaos plan\u00e9taire qui caract\u00e9rise le stade actuel de la mondialisation. La d\u00e9nonciation du&nbsp;<em>\u00ab&nbsp;syndrome de Byzance&nbsp;\u00bb<\/em>&nbsp;qui guette les d\u00e9cideurs politiques et s\u00e9curitaires du Vieux Continent. Heidegger au service d\u2019une doctrine de&nbsp;<em>\u00ab&nbsp;d\u00e9c\u00e8lement pr\u00e9coce&nbsp;\u00bb<\/em>&nbsp;des menaces r\u00e9elles.<\/p>\n\n\n\n<p>\u00a0<a href=\"http:\/\/www.europa-diffusion.com\/fr\/monde\/5425-les-nouveaux-dangers-planetaires.html\" target=\"_blank\" rel=\"noreferrer noopener\">Acheter en ligne<\/a><\/p>\n\n\n\n<p><\/p>\n\n\n\n<hr class=\"wp-block-separator\"\/>\n\n\n\n<p><\/p>\n\n\n\n<h3 class=\"wp-block-heading\"><span class=\"has-inline-color has-black-color\">Alfred Sauvy,\u00a0<em>L\u2019Europe submerg\u00e9e. Sud-Nord dans 30 ans<\/em>\u00a0(Dunod, 1987)<\/span><\/h3>\n\n\n\n<p>Aux origines du Grand Remplacement : les cons\u00e9quences, d\u00e9j\u00e0 connues il y a pr\u00e8s de trente ans, du contraste entre\u00a0<em>\u00ab\u00a0un jeune Sud d\u00e9bordant de vitalit\u00e9\u00a0\u00bb<\/em>\u00a0et une Europe vieillissante\u2026 L\u2019ouvrage pr\u00e9monitoire du plus grand d\u00e9mographe fran\u00e7ais.<\/p>\n\n\n\n<p><\/p>\n\n\n\n<hr class=\"wp-block-separator\"\/>\n\n\n\n<p><\/p>\n\n\n\n<h3 class=\"wp-block-heading\"><span class=\"has-inline-color has-black-color\">Oswald Spengler,\u00a0<em>Prussianit\u00e9 et socialisme<\/em>\u00a0(1918, Actes Sud, 1986)<\/span><\/h3>\n\n\n\n<p>En opposant l\u2019esprit prussien (teutonique) \u00e0 l\u2019esprit anglo-saxon (viking), Spengler propose des clefs de compr\u00e9hension originales sur l\u2019opposition fondamentale Europe-Am\u00e9rique.<\/p>\n\n\n\n<p><\/p>\n\n\n\n<hr class=\"wp-block-separator\"\/>\n\n\n\n<p><\/p>\n\n\n\n<h3 class=\"wp-block-heading\"><span class=\"has-inline-color has-black-color\">Dominique Venner,\u00a0<em>Le Si\u00e8cle de 1914<\/em>\u00a0(Pygmalion, 2006)<\/span><\/h3>\n\n\n\n<p>Une interpr\u00e9tation novatrice de l\u2019histoire europ\u00e9enne au XX<sup>e<\/sup>&nbsp;si\u00e8cle, qui est aussi une fresque de notre ancienne civilisation europ\u00e9enne et un essai d\u00e9finissant les conditions d\u2019une n\u00e9cessaire renaissance.<\/p>\n\n\n\n<p>&nbsp;<a href=\"http:\/\/www.europa-diffusion.com\/fr\/1ere-guerre-mondiale\/1363-le-siecle-de-1914.html\" target=\"_blank\" rel=\"noreferrer noopener\">Acheter en ligne<\/a><\/p>\n\n\n\n<p><small>Illustration : Pierre-Paul Rubens, L\u2019enl\u00e8vement d\u2019Europe (1628). Madrid, mus\u00e9e du Prado<\/small><\/p>\n\n\n\n<p><\/p>\n\n\n\n<p><\/p>\n\n\n\n\n\n\n<p><\/p>\n\n\n\n<p><\/p>","protected":false},"excerpt":{"rendered":"<p>Aujourd&#8217;hui, c&#8217;est avec grand plaisir que nous continuons notre partenariat avec l&#8217;Institut Iliade avec notre publication d&#8217;un vendredi sur deux. [&hellip;]<\/p>","protected":false},"author":90,"featured_media":38317,"comment_status":"open","ping_status":"open","sticky":false,"template":"","format":"standard","meta":{"_et_pb_use_builder":"off","_et_pb_old_content":"","_et_gb_content_width":"","_exactmetrics_skip_tracking":false,"_exactmetrics_sitenote_active":false,"_exactmetrics_sitenote_note":"","_exactmetrics_sitenote_category":0,"footnotes":""},"categories":[280,28],"tags":[505,268,508],"yoast_head":"<!-- This site is optimized with the Yoast SEO plugin v22.3 - https:\/\/yoast.com\/wordpress\/plugins\/seo\/ -->\n<title>Quelle Europe ? - The Conservative Enthusiast<\/title>\n<meta name=\"description\" content=\"\u27bd Partenariat entre l&#039;Institut Iliade et The Conservative Enthusiast : la plateforme de partage et d&#039;apprentissage des conservateurs.\" \/>\n<meta name=\"robots\" content=\"index, follow, max-snippet:-1, max-image-preview:large, max-video-preview:-1\" \/>\n<link rel=\"canonical\" href=\"https:\/\/conservativenthusiast.com\/en\/quelle-europe\/\" \/>\n<meta property=\"og:locale\" content=\"en_GB\" \/>\n<meta property=\"og:type\" content=\"article\" \/>\n<meta property=\"og:title\" content=\"Quelle Europe ? - The Conservative Enthusiast\" \/>\n<meta property=\"og:description\" content=\"\u27bd Partenariat entre l&#039;Institut Iliade et The Conservative Enthusiast : la plateforme de partage et d&#039;apprentissage des conservateurs.\" \/>\n<meta property=\"og:url\" content=\"https:\/\/conservativenthusiast.com\/en\/quelle-europe\/\" \/>\n<meta property=\"og:site_name\" content=\"The Conservative Enthusiast\" \/>\n<meta property=\"article:published_time\" content=\"2021-09-03T11:45:00+00:00\" \/>\n<meta property=\"article:modified_time\" content=\"2021-09-03T11:43:37+00:00\" \/>\n<meta property=\"og:image\" content=\"https:\/\/conservativenthusiast.com\/wp-content\/uploads\/2021\/07\/europe-jupiter1.jpg.webp\" \/>\n\t<meta property=\"og:image:width\" content=\"800\" \/>\n\t<meta property=\"og:image:height\" content=\"450\" \/>\n\t<meta property=\"og:image:type\" content=\"image\/webp\" \/>\n<meta name=\"author\" content=\"Institut Iliade\" \/>\n<meta name=\"twitter:card\" content=\"summary_large_image\" \/>\n<meta name=\"twitter:label1\" content=\"Written by\" \/>\n\t<meta name=\"twitter:data1\" content=\"Institut Iliade\" \/>\n\t<meta name=\"twitter:label2\" content=\"Estimated reading time\" \/>\n\t<meta name=\"twitter:data2\" content=\"4 minutes\" \/>\n<script type=\"application\/ld+json\" class=\"yoast-schema-graph\">{\"@context\":\"https:\/\/schema.org\",\"@graph\":[{\"@type\":\"Article\",\"@id\":\"https:\/\/conservativenthusiast.com\/en\/quelle-europe\/#article\",\"isPartOf\":{\"@id\":\"https:\/\/conservativenthusiast.com\/en\/quelle-europe\/\"},\"author\":{\"name\":\"Institut Iliade\",\"@id\":\"https:\/\/conservativenthusiast.com\/#\/schema\/person\/c8c1a5e91c0d70ade8836c87939dfad3\"},\"headline\":\"Quelle Europe ?\",\"datePublished\":\"2021-09-03T11:45:00+00:00\",\"dateModified\":\"2021-09-03T11:43:37+00:00\",\"mainEntityOfPage\":{\"@id\":\"https:\/\/conservativenthusiast.com\/en\/quelle-europe\/\"},\"wordCount\":980,\"commentCount\":0,\"publisher\":{\"@id\":\"https:\/\/conservativenthusiast.com\/#organization\"},\"image\":{\"@id\":\"https:\/\/conservativenthusiast.com\/en\/quelle-europe\/#primaryimage\"},\"thumbnailUrl\":\"https:\/\/conservativenthusiast.com\/wp-content\/uploads\/2021\/07\/europe-jupiter1.jpg.webp\",\"keywords\":[\"Europe\",\"Institut Iliade\",\"Livres europe\"],\"articleSection\":[\"Institut Iliade\",\"Politique\"],\"inLanguage\":\"en-GB\",\"potentialAction\":[{\"@type\":\"CommentAction\",\"name\":\"Comment\",\"target\":[\"https:\/\/conservativenthusiast.com\/en\/quelle-europe\/#respond\"]}]},{\"@type\":\"WebPage\",\"@id\":\"https:\/\/conservativenthusiast.com\/en\/quelle-europe\/\",\"url\":\"https:\/\/conservativenthusiast.com\/en\/quelle-europe\/\",\"name\":\"Quelle Europe ? - The Conservative Enthusiast\",\"isPartOf\":{\"@id\":\"https:\/\/conservativenthusiast.com\/#website\"},\"primaryImageOfPage\":{\"@id\":\"https:\/\/conservativenthusiast.com\/en\/quelle-europe\/#primaryimage\"},\"image\":{\"@id\":\"https:\/\/conservativenthusiast.com\/en\/quelle-europe\/#primaryimage\"},\"thumbnailUrl\":\"https:\/\/conservativenthusiast.com\/wp-content\/uploads\/2021\/07\/europe-jupiter1.jpg.webp\",\"datePublished\":\"2021-09-03T11:45:00+00:00\",\"dateModified\":\"2021-09-03T11:43:37+00:00\",\"description\":\"\u27bd Partenariat entre l'Institut Iliade et The Conservative Enthusiast : la plateforme de partage et d'apprentissage des conservateurs.\",\"breadcrumb\":{\"@id\":\"https:\/\/conservativenthusiast.com\/en\/quelle-europe\/#breadcrumb\"},\"inLanguage\":\"en-GB\",\"potentialAction\":[{\"@type\":\"ReadAction\",\"target\":[\"https:\/\/conservativenthusiast.com\/en\/quelle-europe\/\"]}]},{\"@type\":\"ImageObject\",\"inLanguage\":\"en-GB\",\"@id\":\"https:\/\/conservativenthusiast.com\/en\/quelle-europe\/#primaryimage\",\"url\":\"https:\/\/conservativenthusiast.com\/wp-content\/uploads\/2021\/07\/europe-jupiter1.jpg.webp\",\"contentUrl\":\"https:\/\/conservativenthusiast.com\/wp-content\/uploads\/2021\/07\/europe-jupiter1.jpg.webp\",\"width\":800,\"height\":450},{\"@type\":\"BreadcrumbList\",\"@id\":\"https:\/\/conservativenthusiast.com\/en\/quelle-europe\/#breadcrumb\",\"itemListElement\":[{\"@type\":\"ListItem\",\"position\":1,\"name\":\"Accueil\",\"item\":\"https:\/\/conservativenthusiast.com\/\"},{\"@type\":\"ListItem\",\"position\":2,\"name\":\"Quelle Europe ?\"}]},{\"@type\":\"WebSite\",\"@id\":\"https:\/\/conservativenthusiast.com\/#website\",\"url\":\"https:\/\/conservativenthusiast.com\/\",\"name\":\"The Conservative Enthusiast\",\"description\":\"La plateforme de r\u00e9information, de partage et d&#039;apprentissage des conservateurs.\",\"publisher\":{\"@id\":\"https:\/\/conservativenthusiast.com\/#organization\"},\"potentialAction\":[{\"@type\":\"SearchAction\",\"target\":{\"@type\":\"EntryPoint\",\"urlTemplate\":\"https:\/\/conservativenthusiast.com\/?s={search_term_string}\"},\"query-input\":\"required name=search_term_string\"}],\"inLanguage\":\"en-GB\"},{\"@type\":\"Organization\",\"@id\":\"https:\/\/conservativenthusiast.com\/#organization\",\"name\":\"The Conservative Enthusiast\",\"url\":\"https:\/\/conservativenthusiast.com\/\",\"logo\":{\"@type\":\"ImageObject\",\"inLanguage\":\"en-GB\",\"@id\":\"https:\/\/conservativenthusiast.com\/#\/schema\/logo\/image\/\",\"url\":\"https:\/\/i0.wp.com\/conservativeenthusiast.com\/wp-content\/uploads\/2020\/06\/LOGO-CE-MINI.png?fit=3867%2C1180&ssl=1\",\"contentUrl\":\"https:\/\/i0.wp.com\/conservativeenthusiast.com\/wp-content\/uploads\/2020\/06\/LOGO-CE-MINI.png?fit=3867%2C1180&ssl=1\",\"width\":3867,\"height\":1180,\"caption\":\"The Conservative Enthusiast\"},\"image\":{\"@id\":\"https:\/\/conservativenthusiast.com\/#\/schema\/logo\/image\/\"}},{\"@type\":\"Person\",\"@id\":\"https:\/\/conservativenthusiast.com\/#\/schema\/person\/c8c1a5e91c0d70ade8836c87939dfad3\",\"name\":\"Institut Iliade\",\"image\":{\"@type\":\"ImageObject\",\"inLanguage\":\"en-GB\",\"@id\":\"https:\/\/conservativenthusiast.com\/#\/schema\/person\/image\/\",\"url\":\"https:\/\/secure.gravatar.com\/avatar\/244cb47d52d5370b54ba4aff7a7fd60f?s=96&d=mm&r=g\",\"contentUrl\":\"https:\/\/secure.gravatar.com\/avatar\/244cb47d52d5370b54ba4aff7a7fd60f?s=96&d=mm&r=g\",\"caption\":\"Institut Iliade\"},\"description\":\"N'h\u00e9sitez pas \u00e0 vous rendre sur le site de l'Institut Iliade pour en apprendre plus et les soutenir.\",\"sameAs\":[\"https:\/\/institut-iliade.com\/\"],\"url\":\"https:\/\/conservativenthusiast.com\/en\/author\/institut-iliade\/\"}]}<\/script>\n<!-- \/ Yoast SEO plugin. -->","yoast_head_json":{"title":"Quelle Europe ? - The Conservative Enthusiast","description":"\u27bd Partenariat entre l'Institut Iliade et The Conservative Enthusiast : la plateforme de partage et d'apprentissage des conservateurs.","robots":{"index":"index","follow":"follow","max-snippet":"max-snippet:-1","max-image-preview":"max-image-preview:large","max-video-preview":"max-video-preview:-1"},"canonical":"https:\/\/conservativenthusiast.com\/en\/quelle-europe\/","og_locale":"en_GB","og_type":"article","og_title":"Quelle Europe ? - The Conservative Enthusiast","og_description":"\u27bd Partenariat entre l'Institut Iliade et The Conservative Enthusiast : la plateforme de partage et d'apprentissage des conservateurs.","og_url":"https:\/\/conservativenthusiast.com\/en\/quelle-europe\/","og_site_name":"The Conservative Enthusiast","article_published_time":"2021-09-03T11:45:00+00:00","article_modified_time":"2021-09-03T11:43:37+00:00","og_image":[{"width":800,"height":450,"url":"https:\/\/conservativenthusiast.com\/wp-content\/uploads\/2021\/07\/europe-jupiter1.jpg.webp","type":"image\/webp"}],"author":"Institut Iliade","twitter_card":"summary_large_image","twitter_misc":{"Written by":"Institut Iliade","Estimated reading time":"4 minutes"},"schema":{"@context":"https:\/\/schema.org","@graph":[{"@type":"Article","@id":"https:\/\/conservativenthusiast.com\/en\/quelle-europe\/#article","isPartOf":{"@id":"https:\/\/conservativenthusiast.com\/en\/quelle-europe\/"},"author":{"name":"Institut Iliade","@id":"https:\/\/conservativenthusiast.com\/#\/schema\/person\/c8c1a5e91c0d70ade8836c87939dfad3"},"headline":"Quelle Europe ?","datePublished":"2021-09-03T11:45:00+00:00","dateModified":"2021-09-03T11:43:37+00:00","mainEntityOfPage":{"@id":"https:\/\/conservativenthusiast.com\/en\/quelle-europe\/"},"wordCount":980,"commentCount":0,"publisher":{"@id":"https:\/\/conservativenthusiast.com\/#organization"},"image":{"@id":"https:\/\/conservativenthusiast.com\/en\/quelle-europe\/#primaryimage"},"thumbnailUrl":"https:\/\/conservativenthusiast.com\/wp-content\/uploads\/2021\/07\/europe-jupiter1.jpg.webp","keywords":["Europe","Institut Iliade","Livres europe"],"articleSection":["Institut Iliade","Politique"],"inLanguage":"en-GB","potentialAction":[{"@type":"CommentAction","name":"Comment","target":["https:\/\/conservativenthusiast.com\/en\/quelle-europe\/#respond"]}]},{"@type":"WebPage","@id":"https:\/\/conservativenthusiast.com\/en\/quelle-europe\/","url":"https:\/\/conservativenthusiast.com\/en\/quelle-europe\/","name":"Quelle Europe ? - The Conservative Enthusiast","isPartOf":{"@id":"https:\/\/conservativenthusiast.com\/#website"},"primaryImageOfPage":{"@id":"https:\/\/conservativenthusiast.com\/en\/quelle-europe\/#primaryimage"},"image":{"@id":"https:\/\/conservativenthusiast.com\/en\/quelle-europe\/#primaryimage"},"thumbnailUrl":"https:\/\/conservativenthusiast.com\/wp-content\/uploads\/2021\/07\/europe-jupiter1.jpg.webp","datePublished":"2021-09-03T11:45:00+00:00","dateModified":"2021-09-03T11:43:37+00:00","description":"\u27bd Partenariat entre l'Institut Iliade et The Conservative Enthusiast : la plateforme de partage et d'apprentissage des conservateurs.","breadcrumb":{"@id":"https:\/\/conservativenthusiast.com\/en\/quelle-europe\/#breadcrumb"},"inLanguage":"en-GB","potentialAction":[{"@type":"ReadAction","target":["https:\/\/conservativenthusiast.com\/en\/quelle-europe\/"]}]},{"@type":"ImageObject","inLanguage":"en-GB","@id":"https:\/\/conservativenthusiast.com\/en\/quelle-europe\/#primaryimage","url":"https:\/\/conservativenthusiast.com\/wp-content\/uploads\/2021\/07\/europe-jupiter1.jpg.webp","contentUrl":"https:\/\/conservativenthusiast.com\/wp-content\/uploads\/2021\/07\/europe-jupiter1.jpg.webp","width":800,"height":450},{"@type":"BreadcrumbList","@id":"https:\/\/conservativenthusiast.com\/en\/quelle-europe\/#breadcrumb","itemListElement":[{"@type":"ListItem","position":1,"name":"Accueil","item":"https:\/\/conservativenthusiast.com\/"},{"@type":"ListItem","position":2,"name":"Quelle Europe ?"}]},{"@type":"WebSite","@id":"https:\/\/conservativenthusiast.com\/#website","url":"https:\/\/conservativenthusiast.com\/","name":"The Conservative Enthusiast","description":"La plateforme de r\u00e9information, de partage et d&#039;apprentissage des conservateurs.","publisher":{"@id":"https:\/\/conservativenthusiast.com\/#organization"},"potentialAction":[{"@type":"SearchAction","target":{"@type":"EntryPoint","urlTemplate":"https:\/\/conservativenthusiast.com\/?s={search_term_string}"},"query-input":"required name=search_term_string"}],"inLanguage":"en-GB"},{"@type":"Organization","@id":"https:\/\/conservativenthusiast.com\/#organization","name":"The Conservative Enthusiast","url":"https:\/\/conservativenthusiast.com\/","logo":{"@type":"ImageObject","inLanguage":"en-GB","@id":"https:\/\/conservativenthusiast.com\/#\/schema\/logo\/image\/","url":"https:\/\/i0.wp.com\/conservativeenthusiast.com\/wp-content\/uploads\/2020\/06\/LOGO-CE-MINI.png?fit=3867%2C1180&ssl=1","contentUrl":"https:\/\/i0.wp.com\/conservativeenthusiast.com\/wp-content\/uploads\/2020\/06\/LOGO-CE-MINI.png?fit=3867%2C1180&ssl=1","width":3867,"height":1180,"caption":"The Conservative Enthusiast"},"image":{"@id":"https:\/\/conservativenthusiast.com\/#\/schema\/logo\/image\/"}},{"@type":"Person","@id":"https:\/\/conservativenthusiast.com\/#\/schema\/person\/c8c1a5e91c0d70ade8836c87939dfad3","name":"Institut Iliade","image":{"@type":"ImageObject","inLanguage":"en-GB","@id":"https:\/\/conservativenthusiast.com\/#\/schema\/person\/image\/","url":"https:\/\/secure.gravatar.com\/avatar\/244cb47d52d5370b54ba4aff7a7fd60f?s=96&d=mm&r=g","contentUrl":"https:\/\/secure.gravatar.com\/avatar\/244cb47d52d5370b54ba4aff7a7fd60f?s=96&d=mm&r=g","caption":"Institut Iliade"},"description":"N'h\u00e9sitez pas \u00e0 vous rendre sur le site de l'Institut Iliade pour en apprendre plus et les soutenir.","sameAs":["https:\/\/institut-iliade.com\/"],"url":"https:\/\/conservativenthusiast.com\/en\/author\/institut-iliade\/"}]}},"_links":{"self":[{"href":"https:\/\/conservativenthusiast.com\/en\/wp-json\/wp\/v2\/posts\/38316"}],"collection":[{"href":"https:\/\/conservativenthusiast.com\/en\/wp-json\/wp\/v2\/posts"}],"about":[{"href":"https:\/\/conservativenthusiast.com\/en\/wp-json\/wp\/v2\/types\/post"}],"author":[{"embeddable":true,"href":"https:\/\/conservativenthusiast.com\/en\/wp-json\/wp\/v2\/users\/90"}],"replies":[{"embeddable":true,"href":"https:\/\/conservativenthusiast.com\/en\/wp-json\/wp\/v2\/comments?post=38316"}],"version-history":[{"count":5,"href":"https:\/\/conservativenthusiast.com\/en\/wp-json\/wp\/v2\/posts\/38316\/revisions"}],"predecessor-version":[{"id":38328,"href":"https:\/\/conservativenthusiast.com\/en\/wp-json\/wp\/v2\/posts\/38316\/revisions\/38328"}],"wp:featuredmedia":[{"embeddable":true,"href":"https:\/\/conservativenthusiast.com\/en\/wp-json\/wp\/v2\/media\/38317"}],"wp:attachment":[{"href":"https:\/\/conservativenthusiast.com\/en\/wp-json\/wp\/v2\/media?parent=38316"}],"wp:term":[{"taxonomy":"category","embeddable":true,"href":"https:\/\/conservativenthusiast.com\/en\/wp-json\/wp\/v2\/categories?post=38316"},{"taxonomy":"post_tag","embeddable":true,"href":"https:\/\/conservativenthusiast.com\/en\/wp-json\/wp\/v2\/tags?post=38316"}],"curies":[{"name":"wp","href":"https:\/\/api.w.org\/{rel}","templated":true}]}}