{"id":38294,"date":"2021-08-06T12:03:00","date_gmt":"2021-08-06T10:03:00","guid":{"rendered":"https:\/\/conservativeenthusiast.com\/?p=38294"},"modified":"2021-07-27T17:45:36","modified_gmt":"2021-07-27T15:45:36","slug":"nous-sommes-le-paysage-de-leurope-2","status":"publish","type":"post","link":"https:\/\/conservativenthusiast.com\/en\/nous-sommes-le-paysage-de-leurope-2\/","title":{"rendered":"Nous sommes le paysage de l\u2019Europe"},"content":{"rendered":"<p class=\"has-text-align-justify\">Aujourd&#8217;hui, c&#8217;est avec grand plaisir que nous continuons notre partenariat avec l&#8217;<strong>Institut Iliade<\/strong> avec notre publication <strong>d&#8217;un vendredi sur deux<\/strong>.<\/p>\n\n\n\n<p class=\"has-text-align-justify\">Cette semaine nous d\u00e9couvrons un article et une vid\u00e9o qui met en lumi\u00e8re le lien \u00e9troit entre l&#8217;Europ\u00e9en et sa terre.<\/p>\n\n\n\n<p><\/p>\n\n\n\n<h3 class=\"wp-block-heading\"><span class=\"has-inline-color has-black-color\">Les itin\u00e9raires europ\u00e9ens, ce sont les chemins de la naissance \u00e0 soi-m\u00eame. Les itin\u00e9raires europ\u00e9ens, ce sont les chemins de la beaut\u00e9. Les itin\u00e9raires europ\u00e9ens, ce sont les chemins de l\u2019aventure&#8230;<\/span><\/h3>\n\n\n\n<p><\/p>\n\n\n\n<p><\/p>\n\n\n\n<figure class=\"wp-block-embed is-type-video is-provider-youtube wp-block-embed-youtube wp-embed-aspect-16-9 wp-has-aspect-ratio\"><div class=\"wp-block-embed__wrapper\">\n<span class=\"7UsFcQf0Xz3lCwyn2x5AuJpIMrBV\"><div class=\"responsive-video\"><iframe title=\"\ud83c\udf1e Les itin\u00e9raires europ\u00e9ens de l&#039;Institut Iliade\" width=\"1080\" height=\"608\" src=\"https:\/\/www.youtube.com\/embed\/4YLFZ8OeHf4?feature=oembed\"  allow=\"accelerometer; autoplay; clipboard-write; encrypted-media; gyroscope; picture-in-picture\" allowfullscreen><\/iframe><\/div><\/span>\n<\/div><\/figure>\n\n\n\n<p><\/p>\n\n\n\n<p><strong>Nous sommes le paysage de l\u2019Europe. Cette v\u00e9rit\u00e9, on ne la d\u00e9couvre qu\u2019\u00e0 la fin des itin\u00e9raires europ\u00e9ens. Ce sont les chemins qui m\u00e8nent \u00e0 cette connaissance.<\/strong><\/p>\n\n\n\n<p>Au commencement, nous ne savons pas tr\u00e8s bien qui nous sommes. Nous ne savons pas ce qu\u2019est la vie, le sens profond de l\u2019\u00eatre. Je, tu, il \u2013 nous ne sommes pas des abstractions math\u00e9matiques comme on veut nous le faire croire, et encore moins des abstractions philosophiques. Nous ne sommes pas des \u00ab citoyens du monde \u00bb. M\u00eame si nous essayons, nous ne nous reconnaissons pas dans les images publicitaires.<\/p>\n\n\n\n<p>Les itin\u00e9raires europ\u00e9ens, ce sont les chemins de la naissance \u00e0 soi-m\u00eame. Le plus difficile \u00e0 trouver est toujours le d\u00e9but du sentier, celui qui nous conduit vers nous-m\u00eame, vers ce qui nous fait aller bien. Heureusement, un jour, nous trouvons. Premi\u00e8re fois de notre vie que quelque chose nous touche et premi\u00e8re fois aussi que nous nous sentons s\u00e9par\u00e9s. Cette naissance est aussi le deuil de ce que nous nous ne sommes pas. Pourquoi n\u2019avoir pas choisi un autre continent ? Comment expliquer notre sympathie pour un itin\u00e9raire europ\u00e9en ? Pourquoi ressentons-nous cette sympathie comme n\u00e9cessaire et ne pouvons-nous pas l\u2019expliquer ?<\/p>\n\n\n\n<p>Les itin\u00e9raires europ\u00e9ens, ce sont les chemins de la beaut\u00e9. \u00c0 l\u2019or\u00e9e du sentier, nous avons tous \u00e9t\u00e9 orient\u00e9s par une premi\u00e8re exp\u00e9rience de la beaut\u00e9, exp\u00e9rience solitaire la premi\u00e8re fois, et vertigineuse. La vie est impr\u00e9visible. Nous devons agir sans pouvoir deviner ce qui nous attend et le temps est irr\u00e9versible. Seule la beaut\u00e9, cette beaut\u00e9 qui se pr\u00e9sente \u00e0 nous, peut \u00eatre notre guide. Dans l\u2019amour, le coup de foudre est la promesse d\u2019un foyer heureux. De m\u00eame, dans la vie, la beaut\u00e9 doit \u00eatre pour nous la promesse d\u2019une voie qui m\u00e8ne \u00e0 notre plus complet \u00e9panouissement.<\/p>\n\n\n\n<p>Les itin\u00e9raires europ\u00e9ens, ce sont les chemins de l\u2019aventure. Chemin de terre, de sable et de pierre\u2026 Chemin humide et doux, sec et ombrag\u00e9\u2026 Chemin des plaines et des bosquets, des littoraux et des falaises, des montagnes et des lacs\u2026 D\u00e9sormais nos sens et notre souffle s\u2019\u00e9veillent, d\u00e9sormais nous avons un corps pour sentir et un esprit pour respirer, alors que nous parcourons, la joie dans l\u2019\u00e2me, ce beau sentier sur lequel nous sifflotons gaiement.<\/p>\n\n\n\n<p>Les itin\u00e9raires europ\u00e9ens, ce sont les chemins de l\u2019amiti\u00e9 et de l\u2019amour. D\u2019une \u00e9tape \u00e0 l\u2019autre, nous rencontrons d\u2019autres marcheurs avec lesquels nous faisons un bout de chemin. Hyacinthe, Lila, H\u00e9lios\u2026 Ce sont des pr\u00e9noms europ\u00e9ens. Un \u00e9t\u00e9, nous nous sommes retrouv\u00e9s r\u00e9unis au bord d\u2019un lac. Nous avons \u00e9prouv\u00e9 les m\u00eames sensations, partag\u00e9 les m\u00eames \u00e9motions et pens\u00e9es. Harmonie int\u00e9rieure et ext\u00e9rieure, manifeste par notre enthousiasme et nos sourires. C\u2019est la premi\u00e8re fois que nous connaissons cela, la r\u00e9elle appartenance \u00e0 un groupe. Notre langage est une musique naturelle, plus profonde, plus pudique que les mots.<\/p>\n\n\n\n<p>Les itin\u00e9raires europ\u00e9ens, ce sont les chemins des Europ\u00e9ens. Hyacinthe, Lila, H\u00e9lios\u2026 Ce sont nos pr\u00e9noms et ce sont aussi des \u00eatres d\u2019une nature qui nous entoure au quotidien. Aller par monts et par vaux, rendre visite \u00e0 ses proches, effectuer un p\u00e8lerinage, voyager\u2026 Les itin\u00e9raires de l\u2019Europe, ce sont les chemins o\u00f9 nous marchons dans les traces de nos anc\u00eatres, que ce soient celles de la petite ou de la grande histoire. Chemins qui m\u00e8nent aux grottes du pal\u00e9olithique, aux menhirs magnifi\u00e9s par les celtes, aux temples grecs, aux camps militaires des l\u00e9gionnaires romains, aux cath\u00e9drales des p\u00e8lerins, aux grandes foires ou festivals de musique\u2026<\/p>\n\n\n\n<p>Les itin\u00e9raires europ\u00e9ens, ce sont les chemins de l\u2019enracinement. L\u2019existence d\u2019une communication est un signe de vie. Transmission du mouvement, circulation des \u00e9nergies\u2026 Pourquoi cette voie est-elle la n\u00f4tre ? Pourquoi une telle r\u00e9ciprocit\u00e9 avec notre itin\u00e9raire ? Car nous partageons des affinit\u00e9s avec notre environnement. On nous force \u00e0 nous interroger sur le pourquoi de ces affinit\u00e9s. Mais autant nous demander pourquoi nous sommes nous. Nous venons d\u2019atteindre les limites de la rationalit\u00e9. La vie est un donn\u00e9 qui ne s\u2019explique pas, ni ne se justifie. Nous sommes n\u00e9s comme nous sommes n\u00e9s, et nos anc\u00eatres pareillement avant nous. On ne raisonne pas sur la vie, il convient juste d\u2019aller dans son sens.<\/p>\n\n\n\n<p>Nous sommes le paysage de l\u2019Europe. Si Dieu a cr\u00e9\u00e9 l\u2019homme, la nature europ\u00e9enne nous a faits nous, europ\u00e9ens, \u00e0 son image, du moins c\u2019est ce qui appara\u00eet dans les lignes de nos mains. On nous dit qu\u2019il existe d\u2019un c\u00f4t\u00e9 la nature et d\u2019un autre la culture, comme si nous \u00e9tions de constitution diff\u00e9rente. Mais notre corps est fait des m\u00eames \u00e9l\u00e9ments. Sagesse, courage, temp\u00e9rance et justice. On nous dit que nos h\u00e9ros et nos dieux sont une pure invention culturelle. Mais le texte nous a \u00e9t\u00e9 murmur\u00e9 par les \u00e9pop\u00e9es g\u00e9ologiques. Nous sommes le paysage de l\u2019Europe, autant qu\u2019elle est notre paysage. Elle nous anime et nous fait vivre, tant dans le corps que dans l\u2019\u00e2me.<\/p>\n\n\n\n<p>Les itin\u00e9raires europ\u00e9ens, ce sont les chemins de l\u2019immortalit\u00e9 sur la terre. Nous sommes jeunes, nous sommes vieux, tout cela est relatif, lorsque nous savons que nous avons l\u2019\u00e2ge de notre nature. Plusieurs milliers d\u2019ann\u00e9es. Nous ne sommes pas n\u00e9s d\u2019hier et nous ne serons pas vieux dans cent ans car un si\u00e8cle n\u2019est pas l\u2019\u00e9bauche d\u2019une ride sur le visage d\u2019un \u00eatre mill\u00e9naire. C\u2019est \u00e0 la fin du sentier que nous comprenons cette v\u00e9rit\u00e9, que nous participons d\u2019une lign\u00e9e imm\u00e9moriale. Enfin reposons-nous, et jouissons du simple fait d\u2019\u00eatre nous-m\u00eames.<\/p>\n\n\n\n<p>Les itin\u00e9raires europ\u00e9ens, ce sont les chemins de la s\u00e9r\u00e9nit\u00e9. Une balise, deux balises, trois balises\u2026 Il est \u00e9tonnant de voir \u00e0 quelle vitesse le paysage change. En quelques pas, on atteint rapidement cent, deux cents\u2026 mille m\u00e8tres de d\u00e9nivel\u00e9. Dans la vie, on ne se rend compte de la distance parcourue que lorsque l\u2019on regarde derri\u00e8re soi. Il y a d\u00e9sormais une profondeur de champ, un horizon. Au loin, le point de d\u00e9part qui \u00e9tait tout une montagne n\u2019est plus qu\u2019un minuscule point, anecdotique, et nos perspectives de vie exc\u00e8dent infiniment notre champ de vision. Nous sommes rest\u00e9s l\u00e0 longtemps, entre amis europ\u00e9ens, \u00e0 contempler le soleil sur la vall\u00e9e.<\/p>\n\n\n\n<p><strong>Une vid\u00e9o r\u00e9alis\u00e9e par Justine Bertrand de la&nbsp;<a href=\"https:\/\/institut-iliade.com\/formation\/\">promotion Jean Raspail<\/a>.<\/strong><\/p>\n\n\n\n<p>Retrouvez&nbsp;<a href=\"https:\/\/institut-iliade.com\/itineraires-europeens\/\" target=\"_blank\" rel=\"noreferrer noopener\">les itin\u00e9raires europ\u00e9ens sur le site de l\u2019Institut Iliade<\/a>.<\/p>\n\n\n\n<p><small><strong>Cr\u00e9dits :<\/strong>&nbsp;Kevin MacLeod pour les musiques Long Road Ahead et Lord of the Land<\/small><\/p>\n\n\n\n<p><\/p>\n\n\n\n\n\n\n<p><\/p>\n\n\n\n<p><\/p>","protected":false},"excerpt":{"rendered":"<p>Aujourd&#8217;hui, c&#8217;est avec grand plaisir que nous continuons notre partenariat avec l&#8217;Institut Iliade avec notre publication d&#8217;un vendredi sur deux. [&hellip;]<\/p>","protected":false},"author":90,"featured_media":38288,"comment_status":"open","ping_status":"open","sticky":false,"template":"","format":"standard","meta":{"_et_pb_use_builder":"off","_et_pb_old_content":"","_et_gb_content_width":"","_exactmetrics_skip_tracking":false,"_exactmetrics_sitenote_active":false,"_exactmetrics_sitenote_note":"","_exactmetrics_sitenote_category":0,"footnotes":""},"categories":[280,28],"tags":[505,506,268],"yoast_head":"<!-- This site is optimized with the Yoast SEO plugin v22.3 - https:\/\/yoast.com\/wordpress\/plugins\/seo\/ -->\n<title>Nous sommes le paysage de l\u2019Europe - The Conservative Enthusiast<\/title>\n<meta name=\"description\" content=\"\u27bd Partenariat entre l&#039;Institut Iliade et The Conservative Enthusiast : la plateforme de partage et d&#039;apprentissage des conservateurs.\" \/>\n<meta name=\"robots\" content=\"index, follow, max-snippet:-1, max-image-preview:large, max-video-preview:-1\" \/>\n<link rel=\"canonical\" href=\"https:\/\/conservativenthusiast.com\/en\/nous-sommes-le-paysage-de-leurope-2\/\" \/>\n<meta property=\"og:locale\" content=\"en_GB\" \/>\n<meta property=\"og:type\" content=\"article\" \/>\n<meta property=\"og:title\" content=\"Nous sommes le paysage de l\u2019Europe - The Conservative Enthusiast\" \/>\n<meta property=\"og:description\" content=\"\u27bd Partenariat entre l&#039;Institut Iliade et The Conservative Enthusiast : la plateforme de partage et d&#039;apprentissage des conservateurs.\" \/>\n<meta property=\"og:url\" content=\"https:\/\/conservativenthusiast.com\/en\/nous-sommes-le-paysage-de-leurope-2\/\" \/>\n<meta property=\"og:site_name\" content=\"The Conservative Enthusiast\" \/>\n<meta property=\"article:published_time\" content=\"2021-08-06T10:03:00+00:00\" \/>\n<meta property=\"article:modified_time\" content=\"2021-07-27T15:45:36+00:00\" \/>\n<meta property=\"og:image\" content=\"https:\/\/conservativenthusiast.com\/wp-content\/uploads\/2021\/08\/Itineraires-europe.jpg\" \/>\n\t<meta property=\"og:image:width\" content=\"1279\" \/>\n\t<meta property=\"og:image:height\" content=\"674\" \/>\n\t<meta property=\"og:image:type\" content=\"image\/jpeg\" \/>\n<meta name=\"author\" content=\"Institut Iliade\" \/>\n<meta name=\"twitter:card\" content=\"summary_large_image\" \/>\n<meta name=\"twitter:label1\" content=\"Written by\" \/>\n\t<meta name=\"twitter:data1\" content=\"Institut Iliade\" \/>\n\t<meta name=\"twitter:label2\" content=\"Estimated reading time\" \/>\n\t<meta name=\"twitter:data2\" content=\"5 minutes\" \/>\n<script type=\"application\/ld+json\" class=\"yoast-schema-graph\">{\"@context\":\"https:\/\/schema.org\",\"@graph\":[{\"@type\":\"Article\",\"@id\":\"https:\/\/conservativenthusiast.com\/nous-sommes-le-paysage-de-leurope-2\/#article\",\"isPartOf\":{\"@id\":\"https:\/\/conservativenthusiast.com\/nous-sommes-le-paysage-de-leurope-2\/\"},\"author\":{\"name\":\"Institut Iliade\",\"@id\":\"https:\/\/conservativenthusiast.com\/#\/schema\/person\/c8c1a5e91c0d70ade8836c87939dfad3\"},\"headline\":\"Nous sommes le paysage de l\u2019Europe\",\"datePublished\":\"2021-08-06T10:03:00+00:00\",\"dateModified\":\"2021-07-27T15:45:36+00:00\",\"mainEntityOfPage\":{\"@id\":\"https:\/\/conservativenthusiast.com\/nous-sommes-le-paysage-de-leurope-2\/\"},\"wordCount\":1298,\"commentCount\":0,\"publisher\":{\"@id\":\"https:\/\/conservativenthusiast.com\/#organization\"},\"image\":{\"@id\":\"https:\/\/conservativenthusiast.com\/nous-sommes-le-paysage-de-leurope-2\/#primaryimage\"},\"thumbnailUrl\":\"https:\/\/conservativenthusiast.com\/wp-content\/uploads\/2021\/08\/Itineraires-europe.jpg\",\"keywords\":[\"Europe\",\"Europ\u00e9en\",\"Institut Iliade\"],\"articleSection\":[\"Institut Iliade\",\"Politique\"],\"inLanguage\":\"en-GB\",\"potentialAction\":[{\"@type\":\"CommentAction\",\"name\":\"Comment\",\"target\":[\"https:\/\/conservativenthusiast.com\/nous-sommes-le-paysage-de-leurope-2\/#respond\"]}]},{\"@type\":\"WebPage\",\"@id\":\"https:\/\/conservativenthusiast.com\/nous-sommes-le-paysage-de-leurope-2\/\",\"url\":\"https:\/\/conservativenthusiast.com\/nous-sommes-le-paysage-de-leurope-2\/\",\"name\":\"Nous sommes le paysage de l\u2019Europe - The Conservative Enthusiast\",\"isPartOf\":{\"@id\":\"https:\/\/conservativenthusiast.com\/#website\"},\"primaryImageOfPage\":{\"@id\":\"https:\/\/conservativenthusiast.com\/nous-sommes-le-paysage-de-leurope-2\/#primaryimage\"},\"image\":{\"@id\":\"https:\/\/conservativenthusiast.com\/nous-sommes-le-paysage-de-leurope-2\/#primaryimage\"},\"thumbnailUrl\":\"https:\/\/conservativenthusiast.com\/wp-content\/uploads\/2021\/08\/Itineraires-europe.jpg\",\"datePublished\":\"2021-08-06T10:03:00+00:00\",\"dateModified\":\"2021-07-27T15:45:36+00:00\",\"description\":\"\u27bd Partenariat entre l'Institut Iliade et The Conservative Enthusiast : la plateforme de partage et d'apprentissage des conservateurs.\",\"breadcrumb\":{\"@id\":\"https:\/\/conservativenthusiast.com\/nous-sommes-le-paysage-de-leurope-2\/#breadcrumb\"},\"inLanguage\":\"en-GB\",\"potentialAction\":[{\"@type\":\"ReadAction\",\"target\":[\"https:\/\/conservativenthusiast.com\/nous-sommes-le-paysage-de-leurope-2\/\"]}]},{\"@type\":\"ImageObject\",\"inLanguage\":\"en-GB\",\"@id\":\"https:\/\/conservativenthusiast.com\/nous-sommes-le-paysage-de-leurope-2\/#primaryimage\",\"url\":\"https:\/\/conservativenthusiast.com\/wp-content\/uploads\/2021\/08\/Itineraires-europe.jpg\",\"contentUrl\":\"https:\/\/conservativenthusiast.com\/wp-content\/uploads\/2021\/08\/Itineraires-europe.jpg\",\"width\":1279,\"height\":674},{\"@type\":\"BreadcrumbList\",\"@id\":\"https:\/\/conservativenthusiast.com\/nous-sommes-le-paysage-de-leurope-2\/#breadcrumb\",\"itemListElement\":[{\"@type\":\"ListItem\",\"position\":1,\"name\":\"Accueil\",\"item\":\"https:\/\/conservativenthusiast.com\/\"},{\"@type\":\"ListItem\",\"position\":2,\"name\":\"Nous sommes le paysage de l\u2019Europe\"}]},{\"@type\":\"WebSite\",\"@id\":\"https:\/\/conservativenthusiast.com\/#website\",\"url\":\"https:\/\/conservativenthusiast.com\/\",\"name\":\"The Conservative Enthusiast\",\"description\":\"La plateforme de r\u00e9information, de partage et d&#039;apprentissage des conservateurs.\",\"publisher\":{\"@id\":\"https:\/\/conservativenthusiast.com\/#organization\"},\"potentialAction\":[{\"@type\":\"SearchAction\",\"target\":{\"@type\":\"EntryPoint\",\"urlTemplate\":\"https:\/\/conservativenthusiast.com\/?s={search_term_string}\"},\"query-input\":\"required name=search_term_string\"}],\"inLanguage\":\"en-GB\"},{\"@type\":\"Organization\",\"@id\":\"https:\/\/conservativenthusiast.com\/#organization\",\"name\":\"The Conservative Enthusiast\",\"url\":\"https:\/\/conservativenthusiast.com\/\",\"logo\":{\"@type\":\"ImageObject\",\"inLanguage\":\"en-GB\",\"@id\":\"https:\/\/conservativenthusiast.com\/#\/schema\/logo\/image\/\",\"url\":\"https:\/\/i0.wp.com\/conservativeenthusiast.com\/wp-content\/uploads\/2020\/06\/LOGO-CE-MINI.png?fit=3867%2C1180&ssl=1\",\"contentUrl\":\"https:\/\/i0.wp.com\/conservativeenthusiast.com\/wp-content\/uploads\/2020\/06\/LOGO-CE-MINI.png?fit=3867%2C1180&ssl=1\",\"width\":3867,\"height\":1180,\"caption\":\"The Conservative Enthusiast\"},\"image\":{\"@id\":\"https:\/\/conservativenthusiast.com\/#\/schema\/logo\/image\/\"}},{\"@type\":\"Person\",\"@id\":\"https:\/\/conservativenthusiast.com\/#\/schema\/person\/c8c1a5e91c0d70ade8836c87939dfad3\",\"name\":\"Institut Iliade\",\"image\":{\"@type\":\"ImageObject\",\"inLanguage\":\"en-GB\",\"@id\":\"https:\/\/conservativenthusiast.com\/#\/schema\/person\/image\/\",\"url\":\"https:\/\/secure.gravatar.com\/avatar\/244cb47d52d5370b54ba4aff7a7fd60f?s=96&d=mm&r=g\",\"contentUrl\":\"https:\/\/secure.gravatar.com\/avatar\/244cb47d52d5370b54ba4aff7a7fd60f?s=96&d=mm&r=g\",\"caption\":\"Institut Iliade\"},\"description\":\"N'h\u00e9sitez pas \u00e0 vous rendre sur le site de l'Institut Iliade pour en apprendre plus et les soutenir.\",\"sameAs\":[\"https:\/\/institut-iliade.com\/\"],\"url\":\"https:\/\/conservativenthusiast.com\/en\/author\/institut-iliade\/\"}]}<\/script>\n<!-- \/ Yoast SEO plugin. -->","yoast_head_json":{"title":"Nous sommes le paysage de l\u2019Europe - The Conservative Enthusiast","description":"\u27bd Partenariat entre l'Institut Iliade et The Conservative Enthusiast : la plateforme de partage et d'apprentissage des conservateurs.","robots":{"index":"index","follow":"follow","max-snippet":"max-snippet:-1","max-image-preview":"max-image-preview:large","max-video-preview":"max-video-preview:-1"},"canonical":"https:\/\/conservativenthusiast.com\/en\/nous-sommes-le-paysage-de-leurope-2\/","og_locale":"en_GB","og_type":"article","og_title":"Nous sommes le paysage de l\u2019Europe - The Conservative Enthusiast","og_description":"\u27bd Partenariat entre l'Institut Iliade et The Conservative Enthusiast : la plateforme de partage et d'apprentissage des conservateurs.","og_url":"https:\/\/conservativenthusiast.com\/en\/nous-sommes-le-paysage-de-leurope-2\/","og_site_name":"The Conservative Enthusiast","article_published_time":"2021-08-06T10:03:00+00:00","article_modified_time":"2021-07-27T15:45:36+00:00","og_image":[{"width":1279,"height":674,"url":"https:\/\/conservativenthusiast.com\/wp-content\/uploads\/2021\/08\/Itineraires-europe.jpg","type":"image\/jpeg"}],"author":"Institut Iliade","twitter_card":"summary_large_image","twitter_misc":{"Written by":"Institut Iliade","Estimated reading time":"5 minutes"},"schema":{"@context":"https:\/\/schema.org","@graph":[{"@type":"Article","@id":"https:\/\/conservativenthusiast.com\/nous-sommes-le-paysage-de-leurope-2\/#article","isPartOf":{"@id":"https:\/\/conservativenthusiast.com\/nous-sommes-le-paysage-de-leurope-2\/"},"author":{"name":"Institut Iliade","@id":"https:\/\/conservativenthusiast.com\/#\/schema\/person\/c8c1a5e91c0d70ade8836c87939dfad3"},"headline":"Nous sommes le paysage de l\u2019Europe","datePublished":"2021-08-06T10:03:00+00:00","dateModified":"2021-07-27T15:45:36+00:00","mainEntityOfPage":{"@id":"https:\/\/conservativenthusiast.com\/nous-sommes-le-paysage-de-leurope-2\/"},"wordCount":1298,"commentCount":0,"publisher":{"@id":"https:\/\/conservativenthusiast.com\/#organization"},"image":{"@id":"https:\/\/conservativenthusiast.com\/nous-sommes-le-paysage-de-leurope-2\/#primaryimage"},"thumbnailUrl":"https:\/\/conservativenthusiast.com\/wp-content\/uploads\/2021\/08\/Itineraires-europe.jpg","keywords":["Europe","Europ\u00e9en","Institut Iliade"],"articleSection":["Institut Iliade","Politique"],"inLanguage":"en-GB","potentialAction":[{"@type":"CommentAction","name":"Comment","target":["https:\/\/conservativenthusiast.com\/nous-sommes-le-paysage-de-leurope-2\/#respond"]}]},{"@type":"WebPage","@id":"https:\/\/conservativenthusiast.com\/nous-sommes-le-paysage-de-leurope-2\/","url":"https:\/\/conservativenthusiast.com\/nous-sommes-le-paysage-de-leurope-2\/","name":"Nous sommes le paysage de l\u2019Europe - The Conservative Enthusiast","isPartOf":{"@id":"https:\/\/conservativenthusiast.com\/#website"},"primaryImageOfPage":{"@id":"https:\/\/conservativenthusiast.com\/nous-sommes-le-paysage-de-leurope-2\/#primaryimage"},"image":{"@id":"https:\/\/conservativenthusiast.com\/nous-sommes-le-paysage-de-leurope-2\/#primaryimage"},"thumbnailUrl":"https:\/\/conservativenthusiast.com\/wp-content\/uploads\/2021\/08\/Itineraires-europe.jpg","datePublished":"2021-08-06T10:03:00+00:00","dateModified":"2021-07-27T15:45:36+00:00","description":"\u27bd Partenariat entre l'Institut Iliade et The Conservative Enthusiast : la plateforme de partage et d'apprentissage des conservateurs.","breadcrumb":{"@id":"https:\/\/conservativenthusiast.com\/nous-sommes-le-paysage-de-leurope-2\/#breadcrumb"},"inLanguage":"en-GB","potentialAction":[{"@type":"ReadAction","target":["https:\/\/conservativenthusiast.com\/nous-sommes-le-paysage-de-leurope-2\/"]}]},{"@type":"ImageObject","inLanguage":"en-GB","@id":"https:\/\/conservativenthusiast.com\/nous-sommes-le-paysage-de-leurope-2\/#primaryimage","url":"https:\/\/conservativenthusiast.com\/wp-content\/uploads\/2021\/08\/Itineraires-europe.jpg","contentUrl":"https:\/\/conservativenthusiast.com\/wp-content\/uploads\/2021\/08\/Itineraires-europe.jpg","width":1279,"height":674},{"@type":"BreadcrumbList","@id":"https:\/\/conservativenthusiast.com\/nous-sommes-le-paysage-de-leurope-2\/#breadcrumb","itemListElement":[{"@type":"ListItem","position":1,"name":"Accueil","item":"https:\/\/conservativenthusiast.com\/"},{"@type":"ListItem","position":2,"name":"Nous sommes le paysage de l\u2019Europe"}]},{"@type":"WebSite","@id":"https:\/\/conservativenthusiast.com\/#website","url":"https:\/\/conservativenthusiast.com\/","name":"The Conservative Enthusiast","description":"La plateforme de r\u00e9information, de partage et d&#039;apprentissage des conservateurs.","publisher":{"@id":"https:\/\/conservativenthusiast.com\/#organization"},"potentialAction":[{"@type":"SearchAction","target":{"@type":"EntryPoint","urlTemplate":"https:\/\/conservativenthusiast.com\/?s={search_term_string}"},"query-input":"required name=search_term_string"}],"inLanguage":"en-GB"},{"@type":"Organization","@id":"https:\/\/conservativenthusiast.com\/#organization","name":"The Conservative Enthusiast","url":"https:\/\/conservativenthusiast.com\/","logo":{"@type":"ImageObject","inLanguage":"en-GB","@id":"https:\/\/conservativenthusiast.com\/#\/schema\/logo\/image\/","url":"https:\/\/i0.wp.com\/conservativeenthusiast.com\/wp-content\/uploads\/2020\/06\/LOGO-CE-MINI.png?fit=3867%2C1180&ssl=1","contentUrl":"https:\/\/i0.wp.com\/conservativeenthusiast.com\/wp-content\/uploads\/2020\/06\/LOGO-CE-MINI.png?fit=3867%2C1180&ssl=1","width":3867,"height":1180,"caption":"The Conservative Enthusiast"},"image":{"@id":"https:\/\/conservativenthusiast.com\/#\/schema\/logo\/image\/"}},{"@type":"Person","@id":"https:\/\/conservativenthusiast.com\/#\/schema\/person\/c8c1a5e91c0d70ade8836c87939dfad3","name":"Institut Iliade","image":{"@type":"ImageObject","inLanguage":"en-GB","@id":"https:\/\/conservativenthusiast.com\/#\/schema\/person\/image\/","url":"https:\/\/secure.gravatar.com\/avatar\/244cb47d52d5370b54ba4aff7a7fd60f?s=96&d=mm&r=g","contentUrl":"https:\/\/secure.gravatar.com\/avatar\/244cb47d52d5370b54ba4aff7a7fd60f?s=96&d=mm&r=g","caption":"Institut Iliade"},"description":"N'h\u00e9sitez pas \u00e0 vous rendre sur le site de l'Institut Iliade pour en apprendre plus et les soutenir.","sameAs":["https:\/\/institut-iliade.com\/"],"url":"https:\/\/conservativenthusiast.com\/en\/author\/institut-iliade\/"}]}},"_links":{"self":[{"href":"https:\/\/conservativenthusiast.com\/en\/wp-json\/wp\/v2\/posts\/38294"}],"collection":[{"href":"https:\/\/conservativenthusiast.com\/en\/wp-json\/wp\/v2\/posts"}],"about":[{"href":"https:\/\/conservativenthusiast.com\/en\/wp-json\/wp\/v2\/types\/post"}],"author":[{"embeddable":true,"href":"https:\/\/conservativenthusiast.com\/en\/wp-json\/wp\/v2\/users\/90"}],"replies":[{"embeddable":true,"href":"https:\/\/conservativenthusiast.com\/en\/wp-json\/wp\/v2\/comments?post=38294"}],"version-history":[{"count":1,"href":"https:\/\/conservativenthusiast.com\/en\/wp-json\/wp\/v2\/posts\/38294\/revisions"}],"predecessor-version":[{"id":38332,"href":"https:\/\/conservativenthusiast.com\/en\/wp-json\/wp\/v2\/posts\/38294\/revisions\/38332"}],"wp:featuredmedia":[{"embeddable":true,"href":"https:\/\/conservativenthusiast.com\/en\/wp-json\/wp\/v2\/media\/38288"}],"wp:attachment":[{"href":"https:\/\/conservativenthusiast.com\/en\/wp-json\/wp\/v2\/media?parent=38294"}],"wp:term":[{"taxonomy":"category","embeddable":true,"href":"https:\/\/conservativenthusiast.com\/en\/wp-json\/wp\/v2\/categories?post=38294"},{"taxonomy":"post_tag","embeddable":true,"href":"https:\/\/conservativenthusiast.com\/en\/wp-json\/wp\/v2\/tags?post=38294"}],"curies":[{"name":"wp","href":"https:\/\/api.w.org\/{rel}","templated":true}]}}