{"id":38281,"date":"2021-08-20T13:04:00","date_gmt":"2021-08-20T11:04:00","guid":{"rendered":"https:\/\/conservativeenthusiast.com\/?p=38281"},"modified":"2021-08-20T13:07:30","modified_gmt":"2021-08-20T11:07:30","slug":"gagner-la-guerre-informationnelle","status":"publish","type":"post","link":"https:\/\/conservativenthusiast.com\/en\/gagner-la-guerre-informationnelle\/","title":{"rendered":"Gagner la guerre informationnelle"},"content":{"rendered":"<p class=\"has-text-align-justify\">Aujourd&#8217;hui, c&#8217;est avec grand plaisir que nous continuons notre partenariat avec l&#8217;<strong>Institut Iliade<\/strong> avec notre publication <strong>d&#8217;un vendredi sur deux<\/strong>.<\/p>\n\n\n\n<p class=\"has-text-align-justify\">Cette semaine nous d\u00e9couvrons un article sur le confilt de l&#8217;information et des m\u00e9dias de notre \u00e9poque.<\/p>\n\n\n\n<p><\/p>\n\n\n\n<h3 class=\"wp-block-heading\"><span class=\"has-inline-color has-black-color\">Les puissances ont renou\u00e9 avec le conflit, o\u00f9 l\u2019essentiel se joue dans la sph\u00e8re immat\u00e9rielle. Un stimulant manuel de strat\u00e9gie pour tenter de gagner la guerre culturelle. Ici et maintenant.<\/span><\/h3>\n\n\n\n<p><\/p>\n\n\n\n<p><strong>Officier sup\u00e9rieur des Troupes de marine, enseignant \u00e0 l\u2019\u00c9cole de guerre \u00e9conomique (EGE), Rapha\u00ebl Chauvancy est un sp\u00e9cialiste des probl\u00e9matiques de puissance et des nouvelles formes de conflictualit\u00e9. Son dernier ouvrage invite \u00e0 une \u00ab pens\u00e9e strat\u00e9gique alternative \u00bb, seule \u00e0 m\u00eame de nous pr\u00e9parer aux conflits de demain.<\/strong><\/p>\n\n\n\n<p>\u00ab&nbsp;Il n\u2019y aura pas de renaissance, ni m\u00eame de maintien, de la puissance fran\u00e7aise si elle ne se dote pas d\u2019organes d\u2019influence synerg\u00e9tiques et n\u2019investit pas les espaces immat\u00e9riels.&nbsp;\u00bb S\u2019inscrivant dans le cadre conceptuel de la guerre syst\u00e9mique, telle que d\u00e9finie par Christian Harbulot \u00e0 la t\u00eate de l\u2019EGE, Rapha\u00ebl Chauvancy explore la r\u00e9alit\u00e9 en cours du choc des puissances et l\u2019extension du domaine de la guerre aux nouveaux espaces \u00e9conomiques, virtuels ou cognitifs. Mettant l\u2019accent sur les nouveaux enjeux des affrontements informationnels, pointant le r\u00f4le des id\u00e9es \u2013 et de l\u2019identit\u00e9 \u2013 comme forces majeures \u00e0 inscrire dans les raisonnements strat\u00e9giques, l\u2019auteur int\u00e8gre pleinement la dimension de l\u2019immat\u00e9riel dans les conflits en gestation et plaide pour une politique d\u2019influence r\u00e9solument offensive.<\/p>\n\n\n\n<p>C\u2019est tout l\u2019int\u00e9r\u00eat de cet essai que de poser les fondements d\u2019une analyse renouvel\u00e9e des conflits en cours et surtout \u00e0 venir, o\u00f9 la seule force mat\u00e9rielle et militaire suffira moins que jamais \u00e0 emporter la victoire. Une analyse structur\u00e9e autour de concepts fondamentaux (puissance, n\u00e9cessit\u00e9, volont\u00e9, l\u00e9gitimit\u00e9) qui ne vaut pas seulement pour un \u00c9tat ou une entreprise, mais peut \u00e9galement inspirer les mouvements militants. D\u2019ailleurs, ainsi que l\u2019explique Rapha\u00ebl Chauvancy dans la lettre&nbsp;<em>Communication &amp; Influence<\/em>&nbsp;de mars 2021 (1), \u00ab&nbsp;dans la sph\u00e8re immat\u00e9rielle, tous les coups sont permis pour affaiblir l\u2019adversaire, le d\u00e9structurer, le diviser, le d\u00e9l\u00e9gitimer. Ce ne sont pas seulement les organes r\u00e9galiens ou les entreprises mais la culture et la soci\u00e9t\u00e9 elle-m\u00eame qui sont vis\u00e9es.&nbsp;\u00bb Le champ de bataille principal est bien celui des id\u00e9es et des repr\u00e9sentations, qu\u2019il s\u2019agit de fa\u00e7onner, diffuser et finalement imposer \u2013 rendre \u00ab&nbsp;h\u00e9g\u00e9moniques&nbsp;\u00bb selon la terminologie gramscienne. C\u2019est cet aspect qui nous int\u00e9ressera plus particuli\u00e8rement ici.<\/p>\n\n\n\n<p><\/p>\n\n\n\n<h3 class=\"wp-block-heading\"><span class=\"has-inline-color has-black-color\">La guerre de l\u2019information par le contenu<\/span><\/h3>\n\n\n\n<p><\/p>\n\n\n\n<p>\u00ab&nbsp;La guerre informationnelle porte sur plusieurs axes&nbsp;: le d\u00e9cryptage, la production conceptuelle, le formatage contextuel&nbsp;\u00bb, explique Chauvancy. \u00ab&nbsp;Elle ne se limite pas \u00e0 discr\u00e9diter l\u2019adversaire, \u00e0 l\u00e9gitimer un syst\u00e8me particulier ou \u00e0 s\u2019imposer moralement. L\u2019enjeu est celui de la construction de la connaissance elle-m\u00eame. Ainsi en arrive-t-on \u00e0 la guerre de l\u2019information par le contenu. La mani\u00e8re de produire cette connaissance conduit l\u2019autre [l\u2019adversaire] \u00e0 d\u00e9pendre d\u2019un syst\u00e8me ferm\u00e9, ne lui laissant aucune marge de man\u0153uvre cognitive. Une fois enferm\u00e9 dans une matrice cognitive constitu\u00e9e de grilles de lectures biais\u00e9es, il s\u2019agit de saturer la cible d\u2019informations nourrissant ces grilles.&nbsp;\u00bb Dit autrement, dans la guerre informationnelle et les op\u00e9rations d\u2019influence qui en d\u00e9coulent, le succ\u00e8s ne r\u00e9sulte pas du choc mais de la prise d\u2019initiative. Il ne vient pas d\u2019une \u00ab&nbsp;friction&nbsp;\u00bb, pour paraphraser Clausewitz, mais d\u2019un encerclement cognitif de l\u2019adversaire&nbsp;: il est moins bouscul\u00e9 qu\u2019\u00e9touff\u00e9, priv\u00e9 de toute intelligence de situation et donc de capacit\u00e9 d\u2019action.<\/p>\n\n\n\n<p>Concr\u00e8tement, \u00ab&nbsp;la guerre de l\u2019information par le contenu s\u2019inspire de la culture du combat mao\u00efste consistant \u00e0 identifier et exploiter les contradictions internes de l\u2019adversaire&nbsp;\u00bb. L\u2019auteur s\u2019inspire \u00e9videmment des travaux de Christian Harbulot, qui a actualis\u00e9 et formalis\u00e9 cette approche en France en d\u00e9crivant un certain nombre de principes de \u00ab&nbsp;gu\u00e9rilla&nbsp;\u00bb relevant de cette strat\u00e9gie qui s\u2019applique parfaitement \u00e0 la guerre id\u00e9ologique&nbsp;:<\/p>\n\n\n\n<ul><li>Attaquer l\u2019adversaire par surprise.<\/li><li>Pousser l\u2019autre \u00e0 la faute.<\/li><li>Viser ses points faibles et discr\u00e9diter ses points forts.<\/li><li>Se polariser sur la faille la plus accessible de l\u2019adversaire.<\/li><li>Se cr\u00e9er des caisses de r\u00e9sonnance partisanes d\u00e9marqu\u00e9es.<\/li><li>Eviter l\u2019encerclement et la destruction.<\/li><\/ul>\n\n\n\n<p>Les progr\u00e8s techniques amplifient les capacit\u00e9s de cette strat\u00e9gie \u00ab&nbsp;du faible au fort&nbsp;\u00bb dans le domaine de la guerre de l\u2019information. Rapha\u00ebl Chauvancy notre ainsi que \u00ab&nbsp;l\u2019apog\u00e9e de la virtualit\u00e9 marque paradoxalement le r\u00e9veil de faits&nbsp;\u00bb&nbsp;: la circulation de l\u2019information, les flux de donn\u00e9es, permettent certes toutes les op\u00e9rations d\u2019intoxication et de manipulation \u00e0 grande \u00e9chelle, mais \u00e9ventuellement \u00e0 la port\u00e9e de groupes dissidents. Surtout, ils acc\u00e9l\u00e8rent \u00ab&nbsp;la diffusion de la r\u00e9alit\u00e9 brute&nbsp;\u00bb&nbsp;: alors que le contenant (la technique, les r\u00e9seaux informatiques) occupait un espace central et peu contest\u00e9, \u00ab&nbsp;la guerre de l\u2019information par le contenu, ou choc des id\u00e9es si l\u2019on pr\u00e9f\u00e8re, renverse la donne. La cr\u00e9ation de connaissance elle-m\u00eame est devenue une arme. Le fond reprend le pas sur la forme. La v\u00e9rit\u00e9 retrouve une l\u00e9gitimit\u00e9.&nbsp;\u00bb Aujourd\u2019hui en effet, engager la \u00ab&nbsp;gu\u00e9rilla culturelle&nbsp;\u00bb au sens o\u00f9 l\u2019entend Fran\u00e7ois Bousquet, c\u2019est permettre le retour au r\u00e9el \u2013 au tragique de la vie.<\/p>\n\n\n\n<p><\/p>\n\n\n\n<h3 class=\"wp-block-heading\">Comment faire \u00e9voluer les croyances&nbsp;?<\/h3>\n\n\n\n<p><\/p>\n\n\n\n<p>Rapha\u00ebl Chauvancy s\u2019appuie \u00e9videmment sur la m\u00e9thode dite de la \u00ab fen\u00eatre d\u2019Overton&nbsp;\u00bb pour expliquer comment sont engag\u00e9es des strat\u00e9gies d\u2019influence visant \u00e0 modifier les raisonnements et \u00e0 formater la logique \u2013 le seuil d\u2019acceptabilit\u00e9 des id\u00e9es \u2013 d\u2019un public cible. \u00ab&nbsp;Le constat de d\u00e9part est l\u2019impossibilit\u00e9, pour un dirigeant politique, de b\u00e9n\u00e9ficier durablement du soutien populaire sans se maintenir dans le cadre d\u2019une fen\u00eatre d\u2019acceptabilit\u00e9. Selon ce mod\u00e8le, le v\u00e9ritable pouvoir appartient \u00e0 qui est capable de d\u00e9placer cette fen\u00eatre d\u2019acceptabilit\u00e9, l\u00e9gitimant certaines opinions auparavant tenues pour irrecevables ou, \u00e0 l\u2019inverse, expulsant des id\u00e9es admises hors du cadre. Enoncer les normes morales est un enjeu de puissance d\u00e9cisif dans un monde liquide o\u00f9 la communication est fluide et les r\u00e9actions populaires plus instinctives que r\u00e9fl\u00e9chies. Il n\u2019est donc pas tant question de rationalit\u00e9 que de croyances et du moyen de les faire glisser progressivement et insensiblement.&nbsp;\u00bb<\/p>\n\n\n\n<p>L\u2019auteur d\u00e9crypte la m\u00e9thode permettant \u00e0 une \u00ab&nbsp;id\u00e9e impensable&nbsp;\u00bb de finir par s\u2019imposer&nbsp;:<\/p>\n\n\n\n<ul><li>Elle doit d\u2019abord \u00eatre \u00e9tudi\u00e9e sous pr\u00e9texte de curiosit\u00e9 scientifique (\u00ab&nbsp;nul ne peut s\u2019opposer l\u00e9gitimement \u00e0 la science&nbsp;\u00bb).<\/li><li>Elle devient une proposition certes radicale mais aussi un sujet d\u2019\u00e9tude th\u00e9orique.<\/li><li>La cr\u00e9ation d\u2019un jargon scientifique att\u00e9nue progressivement la connotation p\u00e9jorative de l\u2019id\u00e9e radicale (\u00ab&nbsp;la modification du vocabulaire ne change rien \u00e0 la chose en tant que telle, mais modifie sa perception&nbsp;\u00bb).<\/li><li>Il est ensuite possible de d\u00e9battre autour de cette id\u00e9e et de temp\u00e9rer les jugements de valeur par un vocabulaire plus neutre, premi\u00e8re \u00e9tape de la normalisation (en s\u2019appuyant le cas \u00e9ch\u00e9ant \u00ab&nbsp;sur la libert\u00e9 de penser pour d\u00e9sarmer les oppositions&nbsp;\u00bb).<\/li><li>L\u2019id\u00e9e doit ensuite s\u2019inscrire dans le paysage culturel par l\u2019implication de personnalit\u00e9s convaincues et par une offensive m\u00e9diatique savamment orchestr\u00e9e&nbsp;: \u00ab&nbsp;Des groupes de pression se constituent et jouent de leur influence jusqu\u2019\u00e0 traduire leur id\u00e9e dans le paysage politique et normatif.&nbsp;\u00bb<\/li><\/ul>\n\n\n\n<p>Si l\u2019auteur prend l\u2019exemple de l\u2019esclavage pour illustrer la fa\u00e7on dont la&nbsp;<a href=\"https:\/\/www.youtube.com\/watch?v=R1CzNwL2V1M\" target=\"_blank\" rel=\"noreferrer noopener\">fen\u00eatre d\u2019Overton<\/a>&nbsp;peut se d\u00e9placer, dans le temps long en l\u2019esp\u00e8ce, la fa\u00e7on dont s\u2019est impos\u00e9e&nbsp;<a href=\"https:\/\/institut-iliade.com\/philippique-contre-lenerveillement\/\" target=\"_blank\" rel=\"noreferrer noopener\">l\u2019id\u00e9ologie&nbsp;<em>woke<\/em><\/a>&nbsp;dans la plupart des campus et des m\u00e9dias am\u00e9ricains, et tente de le faire en France, est encore plus r\u00e9v\u00e9latrice de cette m\u00e9thode qui, comme toute pratique r\u00e9volutionnaire, repose in fine sur des \u00ab&nbsp;minorit\u00e9s agissantes&nbsp;\u00bb mais organis\u00e9es, et partageant un objectif clair, radical, subversif.<\/p>\n\n\n\n<p><\/p>\n\n\n\n<h3 class=\"wp-block-heading\"><span class=\"has-inline-color has-black-color\">Combats pour aujourd\u2019hui et pour demain<\/span><\/h3>\n\n\n\n<p><\/p>\n\n\n\n<p>Au niveau politique, Rapha\u00ebl Chauvancy observe que la seule id\u00e9e d\u2019ind\u00e9pendance nationale \u00e0 l\u2019\u00e9gard des \u00c9tats-Unis a \u00e9t\u00e9 \u00ab progressivement repouss\u00e9e entre les cat\u00e9gories radicales et impensables dans la plupart des pays europ\u00e9ens \u00bb, contribuant \u00e0 l\u2019isolement de la France et \u00e0 l\u2019avortement du projet d\u2019Europe-puissance esquiss\u00e9 autour de l\u2019axe Paris-Berlin-Moscou lors de l\u2019invasion de l\u2019Irak en 2003. L\u2019auteur ne l\u2019\u00e9crit pas, mais le poids des nombreux&nbsp;<em>Young Leaders<\/em>&nbsp;au sein des diff\u00e9rents gouvernements et cercles de pouvoir du Vieux Continent, y compris fran\u00e7ais, n\u2019a sans doute pas \u00e9t\u00e9 \u00e9tranger \u00e0 cette strat\u00e9gie d\u2019influence d\u2019une redoutable efficacit\u00e9.<\/p>\n\n\n\n<p>L\u2019emploi de qualificatifs tels que \u00ab&nbsp;populiste&nbsp;\u00bb ou \u00ab&nbsp;d\u2019extr\u00eame droite&nbsp;\u00bb vise ni plus ni moins, selon la m\u00eame m\u00e9thode, qu\u2019\u00e0 disqualifier les oppositions politiques et \u00e0 leur d\u00e9nier toute l\u00e9gitimit\u00e9 \u00e0 gouverner. \u00ab&nbsp;Les d\u00e9mocraties europ\u00e9ennes valorisent ainsi \u201cl\u2019extr\u00eame centre\u201d pour qui les oppositions ne sont pas des alternatives, mais des id\u00e9es impensables ou radicales avec lesquelles nul dialogue n\u2019est possible. L\u2019extr\u00eame centre r\u00e9glemente jusqu\u2019\u00e0 la vie priv\u00e9e des individus, s\u2019introduit dans les familles, pr\u00e9tend contr\u00f4ler l\u2019\u00e9ducation dispens\u00e9e par les parents, les rapports entre \u00e9poux, ces intrusions ne reculant pas m\u00eame devant l\u2019intimit\u00e9 sexuelle. Une \u00e9tude int\u00e9ressante d\u2019un philosophe polonais est all\u00e9e jusqu\u2019\u00e0 \u00e9tablir un parall\u00e8le troublant entre le caract\u00e8re intrusif de l\u2019\u00c9tat communiste et celui de l\u2019\u00c9tat lib\u00e9ral de type \u201coccidental\u201d. Un des effets en est qu\u2019en Europe comme aux \u00c9tats-Unis, la puissance cr\u00e9atrice est atteinte en raison des contraintes qui p\u00e8sent sur la libert\u00e9 de penser. [\u2026] Exclusif quoiqu\u2019il en dise, l\u2019extr\u00eame-centre est \u00e0 la fois th\u00e9ocratique, car il n\u2019accepte pas que ses valeurs (dites \u201cprogressistes\u201d) soient remises en cause, et technocratique, car privil\u00e9giant la contrainte administrative et r\u00e9glementaire au d\u00e9bat politique.&nbsp;\u00bb Et Rapha\u00ebl Chauvancy de conclure qu\u2019\u00ab&nbsp;aucune action d\u2019influence ne peut \u00eatre men\u00e9e efficacement sans prise en compte du formatage psychologique de l\u2019opinion qui en d\u00e9coule&nbsp;\u00bb (2)\u2026<\/p>\n\n\n\n<p>Si certaines analyses pourront sembler discutables, notamment le d\u00e9veloppement sur les \u00ab&nbsp;identit\u00e9s st\u00e9riles&nbsp;\u00bb ou la croyance en la sup\u00e9riorit\u00e9 morale des \u00ab&nbsp;d\u00e9mocraties&nbsp;\u00bb, cet ouvrage s\u2019av\u00e8re essentiel. Pour r\u00e9fl\u00e9chir (strat\u00e9giquement) avant d\u2019agir. Comprendre la r\u00e9alit\u00e9 du th\u00e9\u00e2tre d\u2019op\u00e9rations, les rapports de force \u00e0 l\u2019\u0153uvre, afin d\u2019y entreprendre les man\u0153uvres les plus efficaces possibles. Et viser, non pas le t\u00e9moignage, mais la victoire.<\/p>\n\n\n\n<p><\/p>\n\n\n\n<p><strong><span class=\"has-inline-color has-black-color\">Gr\u00e9goire Gambier<\/span><\/strong><\/p>\n\n\n\n<p>Rapha\u00ebl Chauvancy,&nbsp;<em>Les nouveaux visages de la guerre. Comment la France doit se pr\u00e9parer aux conflits de demain<\/em>, VA Editions, Versailles, 2021, 198 p., 25 \u20ac.<\/p>\n\n\n\n<h2 class=\"wp-block-heading\"><span class=\"has-inline-color has-black-color\">Notes<\/span><\/h2>\n\n\n\n<ol><li><em>Communication &amp; Influence<\/em>&nbsp;n\u00b0120, mars 2021, entretien de Bruno Racouchot avec Rapha\u00ebl Chauvancy, en acc\u00e8s libre sur le site&nbsp;<a href=\"http:\/\/www.communicationetinfluence.fr\/2021\/04\/10\/n120-mars-2021-affrontements-informationnels-et-guerre-systemique-le-decryptage-de-raphael-chauvancy\/\" target=\"_blank\" rel=\"noreferrer noopener\">communicationetinfluence.fr<\/a><\/li><li>Cf. l\u2019intervention de Fran\u00e7ois Bousquet \u00ab&nbsp;<a href=\"https:\/\/www.youtube.com\/watch?v=Z5yIcDX1Ww8\" target=\"_blank\" rel=\"noreferrer noopener\">L\u2019art de la guerre culturelle. Asym\u00e9trie et gu\u00e9rilla<\/a>&nbsp;\u00bb, au V<sup>e<\/sup>&nbsp;colloque de l\u2019Institut Iliade, Paris, le 7 avril 2018.<\/li><\/ol>\n\n\n\n<p><\/p>\n\n\n\n<p><\/p>\n\n\n\n\n\n\n<p><\/p>\n\n\n\n<p><\/p>","protected":false},"excerpt":{"rendered":"<p>Aujourd&#8217;hui, c&#8217;est avec grand plaisir que nous continuons notre partenariat avec l&#8217;Institut Iliade avec notre publication d&#8217;un vendredi sur deux. [&hellip;]<\/p>","protected":false},"author":90,"featured_media":38296,"comment_status":"open","ping_status":"open","sticky":false,"template":"","format":"standard","meta":{"_et_pb_use_builder":"off","_et_pb_old_content":"","_et_gb_content_width":"","_exactmetrics_skip_tracking":false,"_exactmetrics_sitenote_active":false,"_exactmetrics_sitenote_note":"","_exactmetrics_sitenote_category":0,"footnotes":""},"categories":[280,28],"tags":[507,268],"yoast_head":"<!-- This site is optimized with the Yoast SEO plugin v22.3 - https:\/\/yoast.com\/wordpress\/plugins\/seo\/ -->\n<title>Gagner la guerre informationnelle - The Conservative Enthusiast<\/title>\n<meta name=\"description\" content=\"\u27bd Partenariat entre l&#039;Institut Iliade et The Conservative Enthusiast : la plateforme de partage et d&#039;apprentissage des conservateurs.\" \/>\n<meta name=\"robots\" content=\"index, follow, max-snippet:-1, max-image-preview:large, max-video-preview:-1\" \/>\n<link rel=\"canonical\" href=\"https:\/\/conservativenthusiast.com\/en\/gagner-la-guerre-informationnelle\/\" \/>\n<meta property=\"og:locale\" content=\"en_GB\" \/>\n<meta property=\"og:type\" content=\"article\" \/>\n<meta property=\"og:title\" content=\"Gagner la guerre informationnelle - The Conservative Enthusiast\" \/>\n<meta property=\"og:description\" content=\"\u27bd Partenariat entre l&#039;Institut Iliade et The Conservative Enthusiast : la plateforme de partage et d&#039;apprentissage des conservateurs.\" \/>\n<meta property=\"og:url\" content=\"https:\/\/conservativenthusiast.com\/en\/gagner-la-guerre-informationnelle\/\" \/>\n<meta property=\"og:site_name\" content=\"The Conservative Enthusiast\" \/>\n<meta property=\"article:published_time\" content=\"2021-08-20T11:04:00+00:00\" \/>\n<meta property=\"article:modified_time\" content=\"2021-08-20T11:07:30+00:00\" \/>\n<meta property=\"og:image\" content=\"https:\/\/conservativenthusiast.com\/wp-content\/uploads\/2021\/08\/les-nouveaux-visages-de-la-guerre.png\" \/>\n\t<meta property=\"og:image:width\" content=\"1280\" \/>\n\t<meta property=\"og:image:height\" content=\"720\" \/>\n\t<meta property=\"og:image:type\" content=\"image\/png\" \/>\n<meta name=\"author\" content=\"Institut Iliade\" \/>\n<meta name=\"twitter:card\" content=\"summary_large_image\" \/>\n<meta name=\"twitter:label1\" content=\"Written by\" \/>\n\t<meta name=\"twitter:data1\" content=\"Institut Iliade\" \/>\n\t<meta name=\"twitter:label2\" content=\"Estimated reading time\" \/>\n\t<meta name=\"twitter:data2\" content=\"8 minutes\" \/>\n<script type=\"application\/ld+json\" class=\"yoast-schema-graph\">{\"@context\":\"https:\/\/schema.org\",\"@graph\":[{\"@type\":\"Article\",\"@id\":\"https:\/\/conservativenthusiast.com\/gagner-la-guerre-informationnelle\/#article\",\"isPartOf\":{\"@id\":\"https:\/\/conservativenthusiast.com\/gagner-la-guerre-informationnelle\/\"},\"author\":{\"name\":\"Institut Iliade\",\"@id\":\"https:\/\/conservativenthusiast.com\/#\/schema\/person\/c8c1a5e91c0d70ade8836c87939dfad3\"},\"headline\":\"Gagner la guerre informationnelle\",\"datePublished\":\"2021-08-20T11:04:00+00:00\",\"dateModified\":\"2021-08-20T11:07:30+00:00\",\"mainEntityOfPage\":{\"@id\":\"https:\/\/conservativenthusiast.com\/gagner-la-guerre-informationnelle\/\"},\"wordCount\":2022,\"commentCount\":0,\"publisher\":{\"@id\":\"https:\/\/conservativenthusiast.com\/#organization\"},\"image\":{\"@id\":\"https:\/\/conservativenthusiast.com\/gagner-la-guerre-informationnelle\/#primaryimage\"},\"thumbnailUrl\":\"https:\/\/conservativenthusiast.com\/wp-content\/uploads\/2021\/08\/les-nouveaux-visages-de-la-guerre.png\",\"keywords\":[\"Gagner la guerre informationelle\",\"Institut Iliade\"],\"articleSection\":[\"Institut Iliade\",\"Politique\"],\"inLanguage\":\"en-GB\",\"potentialAction\":[{\"@type\":\"CommentAction\",\"name\":\"Comment\",\"target\":[\"https:\/\/conservativenthusiast.com\/gagner-la-guerre-informationnelle\/#respond\"]}]},{\"@type\":\"WebPage\",\"@id\":\"https:\/\/conservativenthusiast.com\/gagner-la-guerre-informationnelle\/\",\"url\":\"https:\/\/conservativenthusiast.com\/gagner-la-guerre-informationnelle\/\",\"name\":\"Gagner la guerre informationnelle - The Conservative Enthusiast\",\"isPartOf\":{\"@id\":\"https:\/\/conservativenthusiast.com\/#website\"},\"primaryImageOfPage\":{\"@id\":\"https:\/\/conservativenthusiast.com\/gagner-la-guerre-informationnelle\/#primaryimage\"},\"image\":{\"@id\":\"https:\/\/conservativenthusiast.com\/gagner-la-guerre-informationnelle\/#primaryimage\"},\"thumbnailUrl\":\"https:\/\/conservativenthusiast.com\/wp-content\/uploads\/2021\/08\/les-nouveaux-visages-de-la-guerre.png\",\"datePublished\":\"2021-08-20T11:04:00+00:00\",\"dateModified\":\"2021-08-20T11:07:30+00:00\",\"description\":\"\u27bd Partenariat entre l'Institut Iliade et The Conservative Enthusiast : la plateforme de partage et d'apprentissage des conservateurs.\",\"breadcrumb\":{\"@id\":\"https:\/\/conservativenthusiast.com\/gagner-la-guerre-informationnelle\/#breadcrumb\"},\"inLanguage\":\"en-GB\",\"potentialAction\":[{\"@type\":\"ReadAction\",\"target\":[\"https:\/\/conservativenthusiast.com\/gagner-la-guerre-informationnelle\/\"]}]},{\"@type\":\"ImageObject\",\"inLanguage\":\"en-GB\",\"@id\":\"https:\/\/conservativenthusiast.com\/gagner-la-guerre-informationnelle\/#primaryimage\",\"url\":\"https:\/\/conservativenthusiast.com\/wp-content\/uploads\/2021\/08\/les-nouveaux-visages-de-la-guerre.png\",\"contentUrl\":\"https:\/\/conservativenthusiast.com\/wp-content\/uploads\/2021\/08\/les-nouveaux-visages-de-la-guerre.png\",\"width\":1280,\"height\":720},{\"@type\":\"BreadcrumbList\",\"@id\":\"https:\/\/conservativenthusiast.com\/gagner-la-guerre-informationnelle\/#breadcrumb\",\"itemListElement\":[{\"@type\":\"ListItem\",\"position\":1,\"name\":\"Accueil\",\"item\":\"https:\/\/conservativenthusiast.com\/\"},{\"@type\":\"ListItem\",\"position\":2,\"name\":\"Gagner la guerre informationnelle\"}]},{\"@type\":\"WebSite\",\"@id\":\"https:\/\/conservativenthusiast.com\/#website\",\"url\":\"https:\/\/conservativenthusiast.com\/\",\"name\":\"The Conservative Enthusiast\",\"description\":\"La plateforme de r\u00e9information, de partage et d&#039;apprentissage des conservateurs.\",\"publisher\":{\"@id\":\"https:\/\/conservativenthusiast.com\/#organization\"},\"potentialAction\":[{\"@type\":\"SearchAction\",\"target\":{\"@type\":\"EntryPoint\",\"urlTemplate\":\"https:\/\/conservativenthusiast.com\/?s={search_term_string}\"},\"query-input\":\"required name=search_term_string\"}],\"inLanguage\":\"en-GB\"},{\"@type\":\"Organization\",\"@id\":\"https:\/\/conservativenthusiast.com\/#organization\",\"name\":\"The Conservative Enthusiast\",\"url\":\"https:\/\/conservativenthusiast.com\/\",\"logo\":{\"@type\":\"ImageObject\",\"inLanguage\":\"en-GB\",\"@id\":\"https:\/\/conservativenthusiast.com\/#\/schema\/logo\/image\/\",\"url\":\"https:\/\/i0.wp.com\/conservativeenthusiast.com\/wp-content\/uploads\/2020\/06\/LOGO-CE-MINI.png?fit=3867%2C1180&ssl=1\",\"contentUrl\":\"https:\/\/i0.wp.com\/conservativeenthusiast.com\/wp-content\/uploads\/2020\/06\/LOGO-CE-MINI.png?fit=3867%2C1180&ssl=1\",\"width\":3867,\"height\":1180,\"caption\":\"The Conservative Enthusiast\"},\"image\":{\"@id\":\"https:\/\/conservativenthusiast.com\/#\/schema\/logo\/image\/\"}},{\"@type\":\"Person\",\"@id\":\"https:\/\/conservativenthusiast.com\/#\/schema\/person\/c8c1a5e91c0d70ade8836c87939dfad3\",\"name\":\"Institut Iliade\",\"image\":{\"@type\":\"ImageObject\",\"inLanguage\":\"en-GB\",\"@id\":\"https:\/\/conservativenthusiast.com\/#\/schema\/person\/image\/\",\"url\":\"https:\/\/secure.gravatar.com\/avatar\/244cb47d52d5370b54ba4aff7a7fd60f?s=96&d=mm&r=g\",\"contentUrl\":\"https:\/\/secure.gravatar.com\/avatar\/244cb47d52d5370b54ba4aff7a7fd60f?s=96&d=mm&r=g\",\"caption\":\"Institut Iliade\"},\"description\":\"N'h\u00e9sitez pas \u00e0 vous rendre sur le site de l'Institut Iliade pour en apprendre plus et les soutenir.\",\"sameAs\":[\"https:\/\/institut-iliade.com\/\"],\"url\":\"https:\/\/conservativenthusiast.com\/en\/author\/institut-iliade\/\"}]}<\/script>\n<!-- \/ Yoast SEO plugin. -->","yoast_head_json":{"title":"Gagner la guerre informationnelle - The Conservative Enthusiast","description":"\u27bd Partenariat entre l'Institut Iliade et The Conservative Enthusiast : la plateforme de partage et d'apprentissage des conservateurs.","robots":{"index":"index","follow":"follow","max-snippet":"max-snippet:-1","max-image-preview":"max-image-preview:large","max-video-preview":"max-video-preview:-1"},"canonical":"https:\/\/conservativenthusiast.com\/en\/gagner-la-guerre-informationnelle\/","og_locale":"en_GB","og_type":"article","og_title":"Gagner la guerre informationnelle - The Conservative Enthusiast","og_description":"\u27bd Partenariat entre l'Institut Iliade et The Conservative Enthusiast : la plateforme de partage et d'apprentissage des conservateurs.","og_url":"https:\/\/conservativenthusiast.com\/en\/gagner-la-guerre-informationnelle\/","og_site_name":"The Conservative Enthusiast","article_published_time":"2021-08-20T11:04:00+00:00","article_modified_time":"2021-08-20T11:07:30+00:00","og_image":[{"width":1280,"height":720,"url":"https:\/\/conservativenthusiast.com\/wp-content\/uploads\/2021\/08\/les-nouveaux-visages-de-la-guerre.png","type":"image\/png"}],"author":"Institut Iliade","twitter_card":"summary_large_image","twitter_misc":{"Written by":"Institut Iliade","Estimated reading time":"8 minutes"},"schema":{"@context":"https:\/\/schema.org","@graph":[{"@type":"Article","@id":"https:\/\/conservativenthusiast.com\/gagner-la-guerre-informationnelle\/#article","isPartOf":{"@id":"https:\/\/conservativenthusiast.com\/gagner-la-guerre-informationnelle\/"},"author":{"name":"Institut Iliade","@id":"https:\/\/conservativenthusiast.com\/#\/schema\/person\/c8c1a5e91c0d70ade8836c87939dfad3"},"headline":"Gagner la guerre informationnelle","datePublished":"2021-08-20T11:04:00+00:00","dateModified":"2021-08-20T11:07:30+00:00","mainEntityOfPage":{"@id":"https:\/\/conservativenthusiast.com\/gagner-la-guerre-informationnelle\/"},"wordCount":2022,"commentCount":0,"publisher":{"@id":"https:\/\/conservativenthusiast.com\/#organization"},"image":{"@id":"https:\/\/conservativenthusiast.com\/gagner-la-guerre-informationnelle\/#primaryimage"},"thumbnailUrl":"https:\/\/conservativenthusiast.com\/wp-content\/uploads\/2021\/08\/les-nouveaux-visages-de-la-guerre.png","keywords":["Gagner la guerre informationelle","Institut Iliade"],"articleSection":["Institut Iliade","Politique"],"inLanguage":"en-GB","potentialAction":[{"@type":"CommentAction","name":"Comment","target":["https:\/\/conservativenthusiast.com\/gagner-la-guerre-informationnelle\/#respond"]}]},{"@type":"WebPage","@id":"https:\/\/conservativenthusiast.com\/gagner-la-guerre-informationnelle\/","url":"https:\/\/conservativenthusiast.com\/gagner-la-guerre-informationnelle\/","name":"Gagner la guerre informationnelle - The Conservative Enthusiast","isPartOf":{"@id":"https:\/\/conservativenthusiast.com\/#website"},"primaryImageOfPage":{"@id":"https:\/\/conservativenthusiast.com\/gagner-la-guerre-informationnelle\/#primaryimage"},"image":{"@id":"https:\/\/conservativenthusiast.com\/gagner-la-guerre-informationnelle\/#primaryimage"},"thumbnailUrl":"https:\/\/conservativenthusiast.com\/wp-content\/uploads\/2021\/08\/les-nouveaux-visages-de-la-guerre.png","datePublished":"2021-08-20T11:04:00+00:00","dateModified":"2021-08-20T11:07:30+00:00","description":"\u27bd Partenariat entre l'Institut Iliade et The Conservative Enthusiast : la plateforme de partage et d'apprentissage des conservateurs.","breadcrumb":{"@id":"https:\/\/conservativenthusiast.com\/gagner-la-guerre-informationnelle\/#breadcrumb"},"inLanguage":"en-GB","potentialAction":[{"@type":"ReadAction","target":["https:\/\/conservativenthusiast.com\/gagner-la-guerre-informationnelle\/"]}]},{"@type":"ImageObject","inLanguage":"en-GB","@id":"https:\/\/conservativenthusiast.com\/gagner-la-guerre-informationnelle\/#primaryimage","url":"https:\/\/conservativenthusiast.com\/wp-content\/uploads\/2021\/08\/les-nouveaux-visages-de-la-guerre.png","contentUrl":"https:\/\/conservativenthusiast.com\/wp-content\/uploads\/2021\/08\/les-nouveaux-visages-de-la-guerre.png","width":1280,"height":720},{"@type":"BreadcrumbList","@id":"https:\/\/conservativenthusiast.com\/gagner-la-guerre-informationnelle\/#breadcrumb","itemListElement":[{"@type":"ListItem","position":1,"name":"Accueil","item":"https:\/\/conservativenthusiast.com\/"},{"@type":"ListItem","position":2,"name":"Gagner la guerre informationnelle"}]},{"@type":"WebSite","@id":"https:\/\/conservativenthusiast.com\/#website","url":"https:\/\/conservativenthusiast.com\/","name":"The Conservative Enthusiast","description":"La plateforme de r\u00e9information, de partage et d&#039;apprentissage des conservateurs.","publisher":{"@id":"https:\/\/conservativenthusiast.com\/#organization"},"potentialAction":[{"@type":"SearchAction","target":{"@type":"EntryPoint","urlTemplate":"https:\/\/conservativenthusiast.com\/?s={search_term_string}"},"query-input":"required name=search_term_string"}],"inLanguage":"en-GB"},{"@type":"Organization","@id":"https:\/\/conservativenthusiast.com\/#organization","name":"The Conservative Enthusiast","url":"https:\/\/conservativenthusiast.com\/","logo":{"@type":"ImageObject","inLanguage":"en-GB","@id":"https:\/\/conservativenthusiast.com\/#\/schema\/logo\/image\/","url":"https:\/\/i0.wp.com\/conservativeenthusiast.com\/wp-content\/uploads\/2020\/06\/LOGO-CE-MINI.png?fit=3867%2C1180&ssl=1","contentUrl":"https:\/\/i0.wp.com\/conservativeenthusiast.com\/wp-content\/uploads\/2020\/06\/LOGO-CE-MINI.png?fit=3867%2C1180&ssl=1","width":3867,"height":1180,"caption":"The Conservative Enthusiast"},"image":{"@id":"https:\/\/conservativenthusiast.com\/#\/schema\/logo\/image\/"}},{"@type":"Person","@id":"https:\/\/conservativenthusiast.com\/#\/schema\/person\/c8c1a5e91c0d70ade8836c87939dfad3","name":"Institut Iliade","image":{"@type":"ImageObject","inLanguage":"en-GB","@id":"https:\/\/conservativenthusiast.com\/#\/schema\/person\/image\/","url":"https:\/\/secure.gravatar.com\/avatar\/244cb47d52d5370b54ba4aff7a7fd60f?s=96&d=mm&r=g","contentUrl":"https:\/\/secure.gravatar.com\/avatar\/244cb47d52d5370b54ba4aff7a7fd60f?s=96&d=mm&r=g","caption":"Institut Iliade"},"description":"N'h\u00e9sitez pas \u00e0 vous rendre sur le site de l'Institut Iliade pour en apprendre plus et les soutenir.","sameAs":["https:\/\/institut-iliade.com\/"],"url":"https:\/\/conservativenthusiast.com\/en\/author\/institut-iliade\/"}]}},"_links":{"self":[{"href":"https:\/\/conservativenthusiast.com\/en\/wp-json\/wp\/v2\/posts\/38281"}],"collection":[{"href":"https:\/\/conservativenthusiast.com\/en\/wp-json\/wp\/v2\/posts"}],"about":[{"href":"https:\/\/conservativenthusiast.com\/en\/wp-json\/wp\/v2\/types\/post"}],"author":[{"embeddable":true,"href":"https:\/\/conservativenthusiast.com\/en\/wp-json\/wp\/v2\/users\/90"}],"replies":[{"embeddable":true,"href":"https:\/\/conservativenthusiast.com\/en\/wp-json\/wp\/v2\/comments?post=38281"}],"version-history":[{"count":7,"href":"https:\/\/conservativenthusiast.com\/en\/wp-json\/wp\/v2\/posts\/38281\/revisions"}],"predecessor-version":[{"id":40320,"href":"https:\/\/conservativenthusiast.com\/en\/wp-json\/wp\/v2\/posts\/38281\/revisions\/40320"}],"wp:featuredmedia":[{"embeddable":true,"href":"https:\/\/conservativenthusiast.com\/en\/wp-json\/wp\/v2\/media\/38296"}],"wp:attachment":[{"href":"https:\/\/conservativenthusiast.com\/en\/wp-json\/wp\/v2\/media?parent=38281"}],"wp:term":[{"taxonomy":"category","embeddable":true,"href":"https:\/\/conservativenthusiast.com\/en\/wp-json\/wp\/v2\/categories?post=38281"},{"taxonomy":"post_tag","embeddable":true,"href":"https:\/\/conservativenthusiast.com\/en\/wp-json\/wp\/v2\/tags?post=38281"}],"curies":[{"name":"wp","href":"https:\/\/api.w.org\/{rel}","templated":true}]}}