{"id":36422,"date":"2021-07-24T12:10:00","date_gmt":"2021-07-24T10:10:00","guid":{"rendered":"https:\/\/conservativeenthusiast.com\/?p=36422"},"modified":"2021-07-27T17:34:13","modified_gmt":"2021-07-27T15:34:13","slug":"alexandre-le-grand-cosmocrator-356-323-av-j-c","status":"publish","type":"post","link":"https:\/\/conservativenthusiast.com\/en\/alexandre-le-grand-cosmocrator-356-323-av-j-c\/","title":{"rendered":"Alexandre le Grand, cosmocrator (356-323 av. J-C)"},"content":{"rendered":"<h2 class=\"wp-block-heading\"><em><u><span class=\"has-inline-color has-black-color\">Le royaume de Mac\u00e9doine\u00a0: de barbare \u00e0 premi\u00e8re puissance grecque<\/span><\/u><\/em><\/h2>\n\n\n\n<p><\/p>\n\n\n\n<p class=\"has-drop-cap\">Le royaume de Mac\u00e9doine int\u00e9gra la civilisation grecque sous le r\u00e8gne d\u2019Alexandre Ier (498-454)* en r\u00e9v\u00e9lant le plan perse \u00e0 la ligue grecque durant la bataille de Plat\u00e9es (479). Cet affrontement, remport\u00e9 de ce fait par la ligue grecque contre l\u2019Empire perse ach\u00e9m\u00e9nide**, fut le dernier de la Seconde Guerre m\u00e9dique (480-479). Alexandre Ier fut affubl\u00e9 du surnom \u00ab&nbsp;Philhell\u00e8ne&nbsp;\u00bb quand bien m\u00eame il avait \u00e9t\u00e9 du c\u00f4t\u00e9 perse toute la guerre durant, par pragmatisme. Une \u00e8re de prosp\u00e9rit\u00e9 se pr\u00e9senta ensuite \u00e0 la Mac\u00e9doine sous le r\u00e8gne du roi \u00e9clair\u00e9 Arch\u00e9laos (413-399) qui r\u00e9forma l\u2019Etat et l\u2019arm\u00e9e, tout en profitant du fait que les Grecs plongeaient dans la guerre du P\u00e9loponn\u00e8se (431-404) pour s\u2019imposer en Gr\u00e8ce. Philippe II de Mac\u00e9doine monta sur le tr\u00f4ne, d\u2019abord en tant que tuteur, en 359. Cinq pr\u00e9tendants mena\u00e7aient son tr\u00f4ne et son royaume \u00e9tait menac\u00e9 aux quatre points cardinaux. Pour se d\u00e9fendre, il cr\u00e9a la phalange mac\u00e9donienne durant l\u2019hiver 359-358.<\/p>\n\n\n\n<p class=\"has-small-font-size\"><em>*Sauf indication contraire, toutes les dates de cet article sont sous-entendues avant J\u00e9sus Christ.<\/em><\/p>\n\n\n\n<p class=\"has-small-font-size\"><em>**Notons qu\u2019avant l\u2019Empire romain, le terme \u00ab&nbsp;empire&nbsp;\u00bb n\u2019existait pas. Toutes ces structures politiques sont donc des royaumes bien qu\u2019elles poss\u00e8dent souvent toutes les caract\u00e9ristiques d\u2019un empire. Le souverain ach\u00e9m\u00e9nide \u00e9tait ainsi le Roi des rois ou Grand roi. Le concept politique a largement pr\u00e9c\u00e9d\u00e9 Rome. Je ne ferai pas toujours la diff\u00e9rence par simplicit\u00e9.<\/em><\/p>\n\n\n\n<div class=\"wp-block-image\"><figure class=\"aligncenter size-large is-resized\"><img decoding=\"async\" src=\"https:\/\/conservativenthusiast.com\/wp-content\/uploads\/2021\/07\/Resume-guerres-Mediques.png\" alt=\"\" class=\"wp-image-36444\" width=\"440\" height=\"405\"\/><figcaption>R\u00e9sum\u00e9 des guerres m\u00e9diques (490-479 av. J.C)<\/figcaption><\/figure><\/div>\n\n\n\n<p>Philippe \u00e9pousa Olympias. Alexandre naquit de cette union. Philippe r\u00e9forma l\u2019arm\u00e9e sur le mod\u00e8le grec et agrandit le territoire du royaume de Mac\u00e9doine, conqu\u00e9rant le territoire au nord, la Thrace \u00e0 l\u2019est et la Thessalie au sud. Sa puissance montait au d\u00e9triment d\u2019Ath\u00e8nes. Surtout, Philippe gagna un si\u00e8ge au Conseil amphictyonique* et se confronta \u00e0 P\u00e9rinthe et Byzance (\u00e0 l\u2019est), soutenues par Ath\u00e8nes. Il ambitionnait l\u2019h\u00e9g\u00e9monie sur la Gr\u00e8ce pour mener une guerre contre l\u2019Empire perse ach\u00e9m\u00e9nide. Alexandre, lui, impressionnait d\u00e9j\u00e0 et avait la confiance de son p\u00e8re pour exercer la r\u00e9gence du royaume malgr\u00e9 son jeune \u00e2ge.<\/p>\n\n\n\n<p class=\"has-small-font-size\"><em>*Ligue religieuse charg\u00e9e des sanctuaires de Delphes (pour Apollon) et des Thermopyles (pour D\u00e9m\u00e9ter).<\/em><\/p>\n\n\n\n<p><\/p>\n\n\n\n<h2 class=\"wp-block-heading\"><em><u><span class=\"has-inline-color has-black-color\">Assassinat de Philippe II\u00a0: un futur cosmocrator h\u00e9rite du d\u00e9funt h\u00e9g\u00e9m\u00f4n<\/span><\/u><\/em><\/h2>\n\n\n\n<p><\/p>\n\n\n\n<div class=\"wp-block-image\"><figure class=\"aligncenter size-large is-resized\"><img decoding=\"async\" src=\"https:\/\/conservativenthusiast.com\/wp-content\/uploads\/2021\/07\/Empire-achemenides-et-evolutions-1024x674.gif\" alt=\"\" class=\"wp-image-36443\" width=\"709\" height=\"466\"\/><figcaption>Empire perse ach\u00e9m\u00e9nide et son \u00e9volution<\/figcaption><\/figure><\/div>\n\n\n\n<div class=\"wp-block-image\"><figure class=\"alignright size-large is-resized\"><img decoding=\"async\" src=\"https:\/\/conservativenthusiast.com\/wp-content\/uploads\/2021\/07\/Alexandre-1-II.jpg\" alt=\"\" class=\"wp-image-36427\" width=\"167\" height=\"241\" srcset=\"https:\/\/conservativenthusiast.com\/wp-content\/uploads\/2021\/07\/Alexandre-1-II.jpg 330w, https:\/\/conservativenthusiast.com\/wp-content\/uploads\/2021\/07\/Alexandre-1-II-208x300.jpg 208w, https:\/\/conservativenthusiast.com\/wp-content\/uploads\/2021\/07\/Alexandre-1-II-8x12.jpg 8w\" sizes=\"(max-width: 167px) 100vw, 167px\" \/><figcaption>Philippe II de Mac\u00e9doine, roi de 359 \u00e0 336 av. J-C<\/figcaption><\/figure><\/div>\n\n\n\n<p>Philippe II de Mac\u00e9doine parvint, notamment par sa victoire \u00e0 la bataille de Ch\u00e9ron\u00e9e en 338*, \u00e0 vaincre la Gr\u00e8ce pour lui imposer sa tutelle. Cette soumission de la Gr\u00e8ce \u00e0 la Mac\u00e9doine (sauf Sparte, dans un premier temps) prit la forme de la ligue de Corinthe. Seulement voil\u00e0, lui qui voulait affronter l\u2019Empire perse ach\u00e9m\u00e9nide (qui \u00e9tait passablement instable) fut assassin\u00e9 en 336. Son fils, Alexandre III, prit alors la couronne du royaume de Mac\u00e9doine. Soulag\u00e9e, la Gr\u00e8ce pensait cette soumission aux Mac\u00e9doniens termin\u00e9e. Un si jeune roi ne pouvait plus les contraindre&nbsp;! Les g\u00e9n\u00e9raux de Philippe II conseill\u00e8rent \u00e0 Alexandre III de d\u2019abord prendre le temps de stabiliser la situation interne du royaume. Le jeune roi n\u2019en voulut rien entendre. Il passa deux ann\u00e9es \u00e0 r\u00e9tablir l\u2019assujettissement de la Gr\u00e8ce (except\u00e9 Sparte). Une fois cette domination r\u00e9tablie, il se r\u00e9appropria les projets de son paternel. En 334, il \u00e9tait enfin pr\u00eat.<\/p>\n\n\n\n<p><em>*A laquelle Alexandre participa. Il s\u2019y vit confier par son p\u00e8re un r\u00f4le cl\u00e9.<\/em><\/p>\n\n\n\n<div class=\"wp-block-image\"><figure class=\"aligncenter size-large is-resized\"><img decoding=\"async\" src=\"https:\/\/conservativenthusiast.com\/wp-content\/uploads\/2021\/07\/Alexandre-2-III-et-demi.png\" alt=\"\" class=\"wp-image-36424\" width=\"656\" height=\"524\"\/><figcaption>La Gr\u00e8ce sous domination mac\u00e9donienne (pas l&#8217;interm\u00e9diaire de la Ligue de Corinthe)<\/figcaption><\/figure><\/div>\n\n\n\n<p>Alexandre distribua toutes ses richesses, car il ne comptait pas revenir, et partit sans laisser d\u2019h\u00e9ritier, au grand dam de sa m\u00e8re. Son tr\u00e9sor \u00e9tait vide, il avait de l\u2019argent pour moins d\u2019un mois de campagne, de la nourriture pour juste un mois. Son objectif \u00e9tait avant tout de lib\u00e9rer l\u2019Asie Mineure et d\u2019en faire une seconde Gr\u00e8ce, d\u2019\u00e9carter la menace perse et de faire de la mer Eg\u00e9e la mer des Grecs. Ses ambitions allaient jusqu\u2019\u00e0 la Syrie, voire l\u2019Egypte car il se pensait fils de Zeus-Ammon (Ammon \u00e9tant une divinit\u00e9 de premier plan des Egyptiens). Ainsi, l\u2019invasion de l\u2019Egypte, qui fut regard\u00e9e par beaucoup comme un d\u00e9tour, \u00e9tait peut-\u00eatre son objectif initial. Il n\u2019avait pas pour volont\u00e9 de d\u00e9truire l\u2019Empire perse, seulement de le rejeter \u00e0 l\u2019Est, loin de la M\u00e9diterran\u00e9e.<\/p>\n\n\n\n<p>Alexandre comptait s\u2019appuyer sur l\u2019Asie Mineure, assez hell\u00e9nis\u00e9e et pr\u00eate \u00e0 se soulever, puis sur les Juifs de Palestine, \u00e9galement favorables au d\u00e9part des Perses et enfin sur l\u2019Egypte tr\u00e8s hell\u00e9nis\u00e9e. Cette derni\u00e8re s\u2019\u00e9tait r\u00e9cemment rebell\u00e9e contre le pouvoir perse au point de s\u2019en d\u00e9partir de 404\/402 \u00e0 343\u00a0! La reconqu\u00eate ach\u00e9m\u00e9nide datait d\u2019une d\u00e9cennie \u00e0 peine. Alexandre partait avec 30 000 fantassins et 5 000 cavaliers. Alexandre laissait par ailleurs la r\u00e9gence de la Mac\u00e9doine \u00e0 l\u2019excellent g\u00e9n\u00e9ral Antipatros (nous avons francis\u00e9 le nom\u00a0en Antipater) \u2013 qui avait servi Philippe II \u2013 avec 12 000 hommes et 1 500 cavaliers, une force bien insuffisante. L\u2019arm\u00e9e d\u2019Alexandre \u00e9tait largement mac\u00e9donienne, except\u00e9 la cavalerie pour partie thessalienne et quelques centaines de fantassins de diff\u00e9rentes cit\u00e9s grecques.<\/p>\n\n\n\n<p><\/p>\n\n\n\n<h2 class=\"wp-block-heading\"><em><u><span class=\"has-inline-color has-black-color\">Le Granique et l\u2019invasion de l\u2019Asie Mineure\u00a0: coup de semonce.<\/span><\/u><\/em><\/h2>\n\n\n\n<p><\/p>\n\n\n\n<p>Alexandre partit de Mac\u00e9doine en avril 334 pour ne plus y revenir. A 21 ans et 9 mois, il s\u2019appr\u00eatait \u00e0 envahir le plus grand empire que le monde avait alors connu. Empire dont Darius III Codoman \u00e9tait le Roi des rois depuis qu\u2019il avait usurp\u00e9 le pouvoir en 336 (Artaxerx\u00e8s III fut assassin\u00e9 en 338 et son fils Ars\u00e8s apr\u00e8s lui en 336, Darius \u00e9tait d\u2019une branche collat\u00e9rale de la dynastie des Ach\u00e9m\u00e9nides). Darius m\u00e9prisait le jeune roi mac\u00e9donien et ne le prenait pas au s\u00e9rieux. Alexandre traversa l\u2019Hellespont et s\u2019attela \u00e0 la lib\u00e9ration de l\u2019Asie Mineure. Tr\u00e8s vite il affronta une premi\u00e8re arm\u00e9e perse. Celle-ci \u00e9tait envoy\u00e9e par Darius III mais command\u00e9e par le mercenaire grec Memnos. L\u2019arm\u00e9e perse, selon les sources, aurait \u00e9t\u00e9 trois fois plus grande que celle d\u2019Alexandre (donc environ 100 000 hommes), quand d\u2019autres portent ses effectifs \u00e0 20 000 fantassins et un peu moins de 20 000 cavaliers (dont nombre de mercenaires grecs malgr\u00e9 la convention de Corinthe interdisant \u00e0 tout grec de prendre les armes contre le roi de Mac\u00e9doine)&nbsp;; soit 40 000 hommes face aux 35&nbsp;000, dont 5 000 cavaliers, d\u2019Alexandre.<\/p>\n\n\n\n<div class=\"wp-block-image\"><figure class=\"aligncenter size-large is-resized\"><img decoding=\"async\" src=\"https:\/\/conservativenthusiast.com\/wp-content\/uploads\/2021\/07\/Alexandre-podcast-3.png\" alt=\"\" class=\"wp-image-36425\" width=\"695\" height=\"375\"\/><figcaption>Itin\u00e9raire d&#8217;Alexandre jusqu&#8217;\u00e0 Halicarnasse et passant par le Granique<\/figcaption><\/figure><\/div>\n\n\n\n<p>Sit\u00f4t arriv\u00e9 devant l\u2019arm\u00e9e perse, le roi de Mac\u00e9doine ordonna d\u2019attaquer, malgr\u00e9 la marche \u00e9puisante juste ex\u00e9cut\u00e9e. Pour cela, en plus de la fatigue, les Mac\u00e9doniens devaient franchir le Granique, peu profond mais formant tout de m\u00eame un obstacle. L\u2019ordre d\u2019attaquer incessamment tint aussi au soleil qui, couchant, aveuglait les Perses alors qu\u2019attendre l\u2019aube aurait invers\u00e9 la donne. Alexandre d\u00e9cida de d\u2019abord lancer sa cavalerie, les Compagnons, qu\u2019il dirigeait personnellement. Les Perses align\u00e8rent leur puissante cavalerie en premi\u00e8re ligne pour r\u00e9pondre au mouvement mac\u00e9donien. Alexandre chargea en deux colonnes et engagea la bataille sans strat\u00e9gie particuli\u00e8re.<\/p>\n\n\n\n<p>Surexcit\u00e9, le roi fut bless\u00e9 \u00e0 plusieurs reprises mais tua plusieurs adversaires dont le beau-fils de Darius III, Mithridate&nbsp;; le fr\u00e8re de ce dernier (Rhoisak\u00e8s) et manqua de tuer Spithridate, gouverneur g\u00e9n\u00e9ral de Lydie et d\u2019Ionie. Parm\u00e9nion, g\u00e9n\u00e9ral mac\u00e9donien, profita du combat de cavalerie pour faire avancer ses fantassins contre ceux de l\u2019adversaire. Devant le roi mac\u00e9donien en furie, les cavaliers perses s\u2019enfuirent finalement. Seuls les fantassins mercenaires grecs lutt\u00e8rent jusqu\u2019au bout : ils savaient qu\u2019Alexandre serait, pour eux, sans piti\u00e9. Et effectivement il les massacra presque tous et r\u00e9duisit la majorit\u00e9 des survivants en esclavage. La bataille du Granique s\u2019achevait ainsi sur une victoire nette des Mac\u00e9doniens en 334 av. J-C.<\/p>\n\n\n\n<div class=\"wp-block-image\"><figure class=\"aligncenter size-large is-resized\"><img decoding=\"async\" src=\"https:\/\/conservativenthusiast.com\/wp-content\/uploads\/2021\/07\/Alexandre-podcast-9-1024x584.jpg\" alt=\"\" class=\"wp-image-36426\" width=\"723\" height=\"412\"\/><figcaption>Bataille du Granique (mai 334 av. J.C)<\/figcaption><\/figure><\/div>\n\n\n\n<p>Fort de ce premier triomphe, Alexandre lib\u00e9ra tout le littoral jusqu\u2019\u00e0 Halicarnasse. Il buta sur Milet, ville portuaire r\u00e9fractaire. Milet proposa sa neutralit\u00e9. Sachant qu\u2019une flotte de 400 vaisseaux perses rodait dans le coin et pouvait fondre sur la flotte d\u2019une centaine de navires d\u2019Alexandre, cette proposition \u00e9tait inacceptable&nbsp;: c\u2019eut \u00e9t\u00e9 fragiliser ses arri\u00e8res. Alexandre assi\u00e9gea et captura la ville, non sans pertes, en massacrant ses habitants. La r\u00e9sistance de Milet lui indiqua au moins que son id\u00e9e d\u2019unir tous les Hell\u00e8nes \u00e9tait illusoire. Il rencontrerait toujours des Grecs r\u00e9fractaires. Pour cette raison, il proposa \u00e0 des mercenaires Grecs de rejoindre ses rangs. Ils en furent agr\u00e9ablement surpris et accept\u00e8rent. Par ailleurs, face \u00e0 une si puissante flotte perse et faisant davantage confiance \u00e0 sa force terrestre, Alexandre d\u00e9sarma sa flotte. Ce n\u2019\u00e9tait pas idiot&nbsp;: entretenir une flotte co\u00fbtait extr\u00eamement cher. Mais ce n\u2019\u00e9tait pas sans cons\u00e9quences, nous le verrons. La flotte perse requ\u00e9rait 80 000 hommes, parmi lesquels relativement peu de guerriers, pour le fonctionnement de ses 400 b\u00e2timents (des trir\u00e8mes majoritairement). Alexandre pr\u00e9f\u00e9ra s\u2019emparer des littoraux pour que d\u00e9p\u00e9risse en mer la flotte perse en la privant de combats et de ports.<\/p>\n\n\n\n<div class=\"wp-block-image\"><figure class=\"alignright size-large is-resized\"><img decoding=\"async\" src=\"https:\/\/conservativenthusiast.com\/wp-content\/uploads\/2021\/07\/Alexandre-3-I.jpg\" alt=\"\" class=\"wp-image-36428\" width=\"411\" height=\"323\"\/><figcaption>Alexandre le Grand et le n\u0153ud Gordien, repr\u00e9sentation <\/figcaption><\/figure><\/div>\n\n\n\n<p>Il mit alors le si\u00e8ge sur la magnifique cit\u00e9 d\u2019Halicarnasse, d\u00e9fendue par Memnos. Il l\u2019enleva finalement par la ruse. Pendant que Parm\u00e9nion prenait l\u2019int\u00e9rieur des terres d\u2019Asie Mineure, Alexandre faisait tomber le littoral, au p\u00e9ril de sa vie. Le roi mac\u00e9donien \u00e9tait en train de se forger une r\u00e9putation d\u2019invincibilit\u00e9. C\u2019est au c\u0153ur de la Phrygie, r\u00e9gion soumise par Parm\u00e9nion, qu\u2019Alexandre fut confront\u00e9 au fameux n\u0153ud Gordien apr\u00e8s avoir pris la ville de Gordion. La proph\u00e9tie disait que quiconque parviendrait \u00e0 d\u00e9faire le n\u0153ud gordien (celui du chariot de Gordius, un paysan r\u00e9volt\u00e9 devenu roi de Phrygie) serait ma\u00eetre de l\u2019Asie. Alexandre trancha le n\u0153ud de son \u00e9p\u00e9e. Il n\u2019\u00e9tait pas sp\u00e9cifi\u00e9 comment le n\u0153ud devait \u00eatre d\u00e9fait. Une autre version de l\u2019histoire dit qu\u2019il s\u2019attela r\u00e9ellement \u00e0 la t\u00e2che et le d\u00e9noua en profitant de la faiblesse du vieux chariot.<\/p>\n\n\n\n<div class=\"wp-block-image\"><figure class=\"aligncenter size-large is-resized\"><img decoding=\"async\" src=\"https:\/\/conservativenthusiast.com\/wp-content\/uploads\/2021\/07\/Alexandre-podcast-4.png\" alt=\"\" class=\"wp-image-36429\" width=\"661\" height=\"357\"\/><figcaption>Itin\u00e9raire d&#8217;Alexandre d&#8217;Halicarnasse \u00e0 Issos<\/figcaption><\/figure><\/div>\n\n\n\n<p>D\u00e9j\u00e0, un complot contre Alexandre fut d\u00e9couvert et un autre soup\u00e7onn\u00e9 alors que le roi \u00e9tait tomb\u00e9 malade. C\u2019\u00e9tait le d\u00e9but d\u2019une longue s\u00e9rie. Simultan\u00e9ment, les Perses d\u00e9cid\u00e8rent, avec les Spartiates, d\u2019attaquer la Mac\u00e9doine par la mer. Mais Antipater triompha de la flotte ach\u00e9m\u00e9nide au large de la Thrace. Alexandre commen\u00e7ait \u00e0 regretter d\u2019avoir d\u00e9mantel\u00e9 sa flotte. Apr\u00e8s avoir soumis une large partie de l\u2019Asie Mineure, le roi mac\u00e9donien se pr\u00e9senta aux portes de la Syrie. L\u00e0 l\u2019attendait Darius III, \u00e0 la t\u00eate d\u2019une nouvelle arm\u00e9e. En fait, Darius \u00e9tait m\u00eame sur ses arri\u00e8res. Alexandre devait choisir entre avancer p\u00e9niblement avec un danger sur ses arri\u00e8res ou revenir sur ses pas pour affronter une arm\u00e9e bien sup\u00e9rieure en nombre. Il opta pour la seconde option. Ainsi d\u00e9buta la bataille d\u2019Issos en 333.<\/p>\n\n\n\n<p><\/p>\n\n\n\n<h2 class=\"wp-block-heading\"><em><u><span class=\"has-inline-color has-black-color\">Issos, \u00e9chec au Grand Roi<\/span><\/u><\/em><\/h2>\n\n\n\n<p><\/p>\n\n\n\n<p>L\u2019arm\u00e9e perse \u00e9tait h\u00e9t\u00e9rog\u00e8ne et trop grande pour correctement man\u0153uvrer sur la plaine d\u2019Issos*. Alexandre l\u2019avait tr\u00e8s bien compris. Pourtant, l\u2019arm\u00e9e perse, forte de 300 000 \u00e0 600 000 hommes selon les auteurs antiques et moins de 300 000 selon les \u00e9tudes modernes, allait affronter moins de 30 000 mac\u00e9doniens ! Alexandre disposa Parm\u00e9nion sur la gauche et lui-m\u00eame se pla\u00e7a \u00e0 droite, aux pieds des montagnes, avec les Compagnons. Les fantassins \u00e9taient au centre. Darius \u00e9tait, lui, sur son char, derri\u00e8re le centre de sa ligne, entre ses gardes. Son centre \u00e9tait compos\u00e9 de mercenaires grecs, ses ailes de Perses. Son plan \u00e9tait d\u2019envelopper les Mac\u00e9doniens avec son aile droite, proche de l\u2019eau, en enfon\u00e7ant l\u2019aile de Parm\u00e9nion. Comprenant cela, Alexandre fit nombre de sacrifices aux dieux en faveur de son g\u00e9n\u00e9ral et lui envoya des cavaliers thessaliens en renfort.<\/p>\n\n\n\n<p class=\"has-small-font-size\"><em>*Issos est plus connue sous son nom latin&nbsp;: Issus.<\/em><\/p>\n\n\n\n<p>Il le fit sans pour autant trop d\u00e9garnir son aile, avec laquelle il comptait enfoncer l\u2019ennemi. En somme, un plan exactement inverse \u00e0 celui de Darius III, \u00e0 la pr\u00e9cision pr\u00e8s que le roi de Mac\u00e9doine ne voulait pas envelopper l\u2019arm\u00e9e perse mais simplement tuer Darius pour d\u00e9sorganiser ses adversaires. C\u2019\u00e9tait l\u00e0 sa strat\u00e9gie favorite. Encore une fois, cette bataille d\u2019Issos en 333 ne fut pas un exemple de strat\u00e9gie. Darius attendait en position d\u00e9fensive, son centre prot\u00e9g\u00e9 par des barricades. Alexandre, apr\u00e8s un discours enflamm\u00e9, chargea avec son aile droite l\u2019aile gauche adverse. Il enjamba pour cela le fleuve peu profond qui barrait la route. Les centres entr\u00e8rent en collision. Alexandre avait le dessus de son c\u00f4t\u00e9, le combat \u00e9tait \u00e9gal au centre mais les Mac\u00e9doniens reculaient du c\u00f4t\u00e9 de Parm\u00e9nion.<\/p>\n\n\n\n<div class=\"wp-block-image\"><figure class=\"aligncenter size-large is-resized\"><img decoding=\"async\" src=\"https:\/\/conservativenthusiast.com\/wp-content\/uploads\/2021\/07\/Alexandre-podcast-2-1024x478.jpg\" alt=\"\" class=\"wp-image-36430\" width=\"678\" height=\"316\"\/><figcaption>Repr\u00e9sentation de la bataille d&#8217;Issos (333 av. J.C)<\/figcaption><\/figure><\/div>\n\n\n\n<p>Faisant reculer l\u2019aile gauche perse, Alexandre put assaillir le centre perse sur le flanc, lui donnant l\u2019avantage au centre. Surtout, Alexandre s\u2019attaqua directement \u00e0 la garde de Darius, voire, selon certaines sources, \u00e0 Darius lui-m\u00eame. Quoi qu\u2019il en soit, la rumeur de la mort de Darius suscita le d\u00e9sordre dans l\u2019arm\u00e9e perse qui progressait pourtant franchement contre Parm\u00e9nion. Darius n\u2019\u00e9tait pas mort mais en fuite. Il avait laiss\u00e9, dans la pr\u00e9cipitation, son manteau, son bouclier, son char et sa famille. Toute l\u2019arm\u00e9e perse partit en d\u00e9route. Les pertes sont difficiles \u00e0 estimer et souvent exag\u00e9r\u00e9es, allant du simple au double selon les sources. Les plus fiables d\u2019entre elles indiquent plus de 100 000 pertes* chez les Perses pour 200 \u00e0 450 tu\u00e9s et 500 \u00e0 plusieurs milliers de bless\u00e9s mac\u00e9doniens. Autant les chiffres pour la Mac\u00e9doine sont r\u00e9alistes, autant celui de 100 000 pertes est certainement tr\u00e8s exag\u00e9r\u00e9.<\/p>\n\n\n\n<p class=\"has-small-font-size\"><em>*Notons que le terme de perte, militairement parlant, compte tous ceux qui sont d\u00e9finitivement ou momentan\u00e9ment hors combat : tu\u00e9s, bless\u00e9s, malades, prisonniers, disparus.<\/em><\/p>\n\n\n\n<p><\/p>\n\n\n\n<h2 class=\"wp-block-heading\"><em><u><span class=\"has-inline-color has-black-color\">De Tyr \u00e0 Memphis, Alexandre le Grand atteint ses objectifs levantins<\/span><\/u><\/em><\/h2>\n\n\n\n<p><\/p>\n\n\n\n<div class=\"wp-block-image\"><figure class=\"alignright size-large is-resized\"><img decoding=\"async\" src=\"https:\/\/conservativenthusiast.com\/wp-content\/uploads\/2021\/07\/Alexandre-podcast-10-Tyr-1024x583.jpg\" alt=\"\" class=\"wp-image-36431\" width=\"477\" height=\"272\"\/><figcaption>Repr\u00e9sentation de l&#8217;\u00eele-cit\u00e9 de Tyr<\/figcaption><\/figure><\/div>\n\n\n\n<p>Apr\u00e8s avoir vaincu par deux fois les arm\u00e9es ach\u00e9m\u00e9nides (Granique en 334 et Issos en 333), Alexandre s\u2019attela \u00e0 l\u2019invasion de la Syrie. L\u2019\u00eele-cit\u00e9 de Tyr essaya alors d\u2019imposer sa neutralit\u00e9. Le conqu\u00e9rant mac\u00e9donien, irrit\u00e9, s\u2019en alla mener le si\u00e8ge de Tyr de janvier \u00e0 juillet 332. Alexandre fit b\u00e2tir une digue pour rejoindre l\u2019\u00eele, expliquant le fait que Tyr soit aujourd\u2019hui une presqu\u2019\u00eele. L\u2019\u00eele-cit\u00e9, apr\u00e8s une r\u00e9sistance acharn\u00e9e, finit par tomber et un massacre y fut perp\u00e9tr\u00e9 par les Mac\u00e9doniens. Le message \u00e9tait clair&nbsp;: Alexandre ne tol\u00e9rerait aucune r\u00e9sistance. Gaza, en Palestine, se d\u00e9cida pourtant \u00e9galement \u00e0 r\u00e9sister. Bien moins robuste que Tyr, Gaza c\u00e9da plus rapidement et n\u2019\u00e9chappa pas au massacre.<\/p>\n\n\n\n<p>Darius et Alexandre s\u2019\u00e9changeaient des lettres insolentes. Alexandre \u00e9tait jeune et imbu de lui-m\u00eame. Il se vantait souvent de ses exploits sur le champ de bataille, surtout quand il avait bu. Notons \u00e9galement que sa capacit\u00e9 administrative \u00e9tait impressionnante&nbsp;: il g\u00e9rait lui-m\u00eame la plupart des affaires dans son empire en expansion. Parm\u00e9nion, avant le si\u00e8ge de Tyr, \u00e9tait all\u00e9 prendre une partie du tr\u00e9sor ach\u00e9m\u00e9nide \u00e0 Damas. Alexandre poursuivit alors son chemin jusqu\u2019\u00e0 l\u2019Egypte et fut re\u00e7u en lib\u00e9rateur \u00e0 P\u00e9luse puis \u00e0 Memphis, la capitale. Le bruit que le fils de Zeus-Ammon arrivait les d\u00e9livrer des Perses courait en Egypte. Par droit de conqu\u00eate mais aussi de filiation, \u00e9tant le fils du dieu Ammon, Alexandre re\u00e7ut le tr\u00f4ne de Memphis. On notera qu\u2019Alexandre ne se fit roi d\u2019aucun des territoires qu\u2019il traversa jusqu\u2019\u00e0 l\u2019Egypte, indiquant qu\u2019il atteignait peut-\u00eatre l\u00e0 son objectif.<\/p>\n\n\n\n<p>Ainsi, Alexandre devint pharaon. Il \u00e9tait \u00ab Roi \u00e9pervier (ancienne tribu des \u00c9perviers) Hiq-Quennu \u00bb (Prince de la Victoire) mais \u00e9galement \u00ab roi roseau et roi gu\u00eape Meri-Ammon Satepen-re \u00bb ou \u00ab Bien-aim\u00e9 d\u2019Ammon, Elu du dieu Soleil \u00bb, le roseau symbolisant la Haute-Egypte et la gu\u00eape la Basse-Egypte. Il re\u00e7ut \u00e9galement des titres pharaoniques comme \u00ab Seigneur de Deux Pays \u00bb et \u00ab Seigneur des Ascensions \u00bb. Alexandre profita de son s\u00e9jour en Egypte pour fonder la plus rayonnante des Alexandrie, face \u00e0 l\u2019\u00eele Pharos. Il ne manqua pas non plus de passer voir l\u2019oracle du dieu Ammon, \u00e0 Siouah. Le conqu\u00e9rant aurait pu s\u2019en retourner en Mac\u00e9doine si Darius III n\u2019avait pas rassembl\u00e9 une nouvelle grande arm\u00e9e en M\u00e9sopotamie. L\u2019\u00e9pop\u00e9e n\u2019\u00e9tait pas termin\u00e9e, les Ach\u00e9m\u00e9nides avaient encore de la ressource.<\/p>\n\n\n\n<div class=\"wp-block-image\"><figure class=\"aligncenter size-large is-resized\"><img decoding=\"async\" src=\"https:\/\/conservativenthusiast.com\/wp-content\/uploads\/2021\/07\/Alexandre-podcast-5.png\" alt=\"\" class=\"wp-image-36432\" width=\"645\" height=\"349\"\/><figcaption>Itin\u00e9raire d&#8217;Alexandre entre Issos et Babylone (333-331 av. J.C)<\/figcaption><\/figure><\/div>\n\n\n\n<p><\/p>\n\n\n\n<h2 class=\"wp-block-heading\"><em><u><span class=\"has-inline-color has-black-color\">Gaugam\u00e8les, \u00e9chec et mat<\/span><\/u><\/em><\/h2>\n\n\n\n<p><\/p>\n\n\n\n<p>Alexandre partit en avril, ce qui \u00e9tait une terrible erreur : c\u2019\u00e9tait marcher des centaines de kilom\u00e8tres lors de la saison la plus chaude dans une zone d\u00e9sertique. L\u2019arm\u00e9e grecque souffrit le martyr jusqu\u2019\u00e0 arriver proche de la Mossoul actuelle, \u00e0 la plaine de Gaugamela (Gaugam\u00e8les). Elle faisait l\u00e0 face \u00e0 la grande arm\u00e9e de Darius. Les estimations pr\u00eatent aux Perses de 200 000 fantassins et 45 000 cavaliers \u00e0 1 000 000 de fantassins et 100 000 cavaliers. Sachant l\u2019arm\u00e9e d\u2019Alexandre forte de 40 000 fantassins et 7 000 cavaliers, il est improbable que l\u2019arm\u00e9e de Darius ait d\u00e9pass\u00e9 100 000 ou 150 000 hommes. La sup\u00e9riorit\u00e9 num\u00e9rique perse n\u2019en \u00e9tait pas moins insupportable aux Mac\u00e9doniens.<\/p>\n\n\n\n<p>Cependant, on peut avancer que la tactique des phalanges mac\u00e9doniennes, r\u00e9pondant aux principes des math\u00e9matiques et de la logique, si chers aux Grecs, \u00e9tait sup\u00e9rieure aux formations perses. Si la civilisation grecque n\u2019\u00e9tait pas globalement sup\u00e9rieure \u00e0 celle de l\u2019Empire ach\u00e9m\u00e9nide, elle l\u2019\u00e9tait sur la question de la strat\u00e9gie militaire. Surtout, les Mac\u00e9doniens savaient leurs savantes formations grecques sup\u00e9rieures, chose v\u00e9rifi\u00e9e par deux fois d\u00e9j\u00e0 sur le champ de bataille. Ainsi, les Mac\u00e9doniens \u00e9taient convaincus de leur sup\u00e9riorit\u00e9 mentale tandis que le moral des Perses n\u2019\u00e9tait pas reluisant. Et pour cause&nbsp;: il est dit qu\u2019une \u00e9clipse pr\u00e9c\u00e9da le jour de l\u2019affrontement, gage de d\u00e9faite pour l\u2019arm\u00e9e ach\u00e9m\u00e9nide, compos\u00e9e d\u2019un peuple qui accordait une tr\u00e8s grande importance au ciel et aux dieux.<\/p>\n\n\n\n<p>Le 1er octobre 331, la bataille de Gaugam\u00e8les d\u00e9buta. Alexandre dirigeait l\u2019aile droite, il savait le terrain au centre potentiellement truff\u00e9 de chausse-trappes destin\u00e9s \u00e0 enrayer ses fameuses charges de cavalerie des Compagnons. Il se dirigea avec son aile vers la droite, c\u2019est-\u00e0-dire avec de l\u2019infanterie d\u2019\u00e9lite et ses Compagnons, pour attirer l\u2019aile gauche perse loin du combat. Et effectivement, la cavalerie perse s\u2019\u00e9tira en miroir d\u2019Alexandre pour emp\u00eacher tout d\u00e9bordement, formant un arc de cercle. Alors que les centres se rencontraient au milieu du champ de bataille et que l\u2019aile gauche aux ordres de Parm\u00e9nion allait au contact de son vis-\u00e0-vis perse, Darius lan\u00e7a ses chars contre l\u2019infanterie d\u2019\u00e9lite qui suivait le mouvement d\u2019Alexandre. Les assaillants perses furent massacr\u00e9s. Darius insista en envoyant des cavaliers pour agrandir l\u2019arc de cercle et attaquer Alexandre sur sa droite. Le roi perse souhaitait profiter de sa sup\u00e9riorit\u00e9 num\u00e9rique pour prendre Alexandre \u00e0 son propre jeu.<\/p>\n\n\n\n<div class=\"wp-block-image\"><figure class=\"aligncenter size-large is-resized\"><img decoding=\"async\" src=\"https:\/\/conservativenthusiast.com\/wp-content\/uploads\/2021\/07\/Gaugameles-reprez-1024x422.jpg\" alt=\"\" class=\"wp-image-36442\" width=\"718\" height=\"295\"\/><figcaption>Repr\u00e9sentation de la bataille de Gaugam\u00e8les (1<sup>er<\/sup> octobre 331 av. J-C)<\/figcaption><\/figure><\/div>\n\n\n\n<div class=\"wp-block-image\"><figure class=\"alignleft size-large is-resized\"><img decoding=\"async\" src=\"https:\/\/conservativenthusiast.com\/wp-content\/uploads\/2021\/07\/Alexandre-podcast-13-1024x451.png\" alt=\"\" class=\"wp-image-36433\" width=\"520\" height=\"228\"\/><figcaption>Sch\u00e9ma tactique de la bataille de Gaugam\u00e8les (octobre 331 av. J-C)<\/figcaption><\/figure><\/div>\n\n\n\n<p>Pour cela, il aurait fallu que Darius comprenne le jeu du mac\u00e9donien en premier lieu car, ce faisant, il ouvrit une br\u00e8che entre l\u2019arc de cercle form\u00e9 par son aile gauche et le centre de son arm\u00e9e. Alexandre s\u2019y engouffra, menant son habituelle charge, jusqu\u2019\u00e0 Darius. Tuant lui-m\u00eame le conducteur du char de Darius, il provoqua la fuite du Grand Roi. Mais il ne pouvait le traquer car il devait secourir Parm\u00e9nion qui souffrait \u00e0 gauche. Le mouvement d\u2019Alexandre avait d\u00e9couvert le flanc de son g\u00e9n\u00e9ral et celui-ci affrontait l\u2019excellent g\u00e9n\u00e9ral perse Maz\u00e9e. Ayant sauv\u00e9 sa gauche et mis toute l\u2019arm\u00e9e perse en d\u00e9route, Alexandre poursuivit avec acharnement mais tardivement ses adversaires, ne pouvant leur infliger une d\u00e9faite compl\u00e8te. Alexandre en voulut \u00e0 Parm\u00e9nion. Les historiens antiques donnent entre 40 000 et 300 000 morts Perses et entre 300 et 500 morts Mac\u00e9doniens. Les chiffres de 40 000 et 500 sont s\u00fbrement les plus proches de la v\u00e9rit\u00e9. En parall\u00e8le de cette victoire, le roi spartiate Agis III fut vaincu et tu\u00e9 en Gr\u00e8ce par Antipater alors qu\u2019il attaquait la Mac\u00e9doine. Ath\u00e8nes n\u2019avait pas boug\u00e9.<\/p>\n\n\n\n<p><\/p>\n\n\n\n<h2 class=\"wp-block-heading\"><em><u><span class=\"has-inline-color has-black-color\">De Darius III \u00e0 Spitam\u00e8ne, une traque dans le plus vaste des empires d\u2019alors<\/span><\/u><\/em><\/h2>\n\n\n\n<p><\/p>\n\n\n\n<p>La bataille de Gaugam\u00e8les, en octobre 331, scella le destin de Darius III. D\u00e8s sa victoire acquise, Alexandre d\u00e9buta une v\u00e9ritable traque. Le roi de Mac\u00e9doine voulait rattraper Darius III pour prendre sa place et gouverner le monde. Dans cette fr\u00e9n\u00e9tique&nbsp;poursuite, Alexandre entra dans les capitales de l\u2019Empire perse ach\u00e9m\u00e9nide&nbsp;sans coup f\u00e9rir : Babylone, Suse, Pers\u00e9polis et Ecbatane. A Pers\u00e9polis, Alexandre laissa ses hommes massacrer la population et piller la ville. Le motif&nbsp;: une vengeance pour les guerres m\u00e9diques. La vraie raison&nbsp;: il fallait laisser les soldats amasser du butin et assouvir leurs plus bas d\u00e9sirs.<\/p>\n\n\n\n<div class=\"wp-block-image\"><figure class=\"aligncenter size-large is-resized\"><img decoding=\"async\" src=\"https:\/\/conservativenthusiast.com\/wp-content\/uploads\/2021\/07\/Alexandre-podcast-6.png\" alt=\"\" class=\"wp-image-36434\" width=\"675\" height=\"365\"\/><figcaption>Itin\u00e9raire d&#8217;Alexandre de Babylone (331) \u00e0 Babylone (324)<\/figcaption><\/figure><\/div>\n\n\n\n<p>Bessos (Bessus en latin), cousin de Darius, trahit le Grand roi. Il nourrissait le projet de le livrer mais finit par le tuer en juillet 330. Alexandre, qui n\u2019avait pas souhait\u00e9 cette finalit\u00e9, se devait de poursuivre Bessos qui s\u2019\u00e9tait proclam\u00e9 Artaxerx\u00e8s IV et avait la l\u00e9gitimit\u00e9 n\u00e9cessaire pour revendiquer le tr\u00f4ne. Cette traque mena les Mac\u00e9doniens \u00e0 l\u2019extr\u00e9mit\u00e9 orientale de l\u2019Empire perse, en Sogdiane et en Bactriane. Les Mac\u00e9doniens montraient des signes de lassitude et, plus grave, acceptaient mal l\u2019orientalisation d\u2019Alexandre. Ce dernier adoptait de plus en plus les traditions asiatiques, ce qui, du reste, facilitait la conqu\u00eate&nbsp;: les Perses voyaient leurs us et coutumes respect\u00e9es. Alexandre demandait d\u00e9sormais \u00e0 ses hommes la proskyn\u00e8se. C\u2019\u00e9tait un probl\u00e8me de taille car les Grecs, comme les Mac\u00e9doniens, montraient leur fid\u00e9lit\u00e9 au souverain par un bais\u00e9 sur la main, non \u00e0 genoux, en abaissant leur menton jusqu\u2019\u00e0 ce qu\u2019il touche le sol (proskyn\u00e8se), ce que faisaient les Perses. Les tensions furent telles qu\u2019Alexandre abandonna l\u2019imposition de la proskyn\u00e8se.<\/p>\n\n\n\n<div class=\"wp-block-image\"><figure class=\"aligncenter size-large is-resized\"><img decoding=\"async\" src=\"https:\/\/conservativenthusiast.com\/wp-content\/uploads\/2021\/07\/Alexandre-podcast-16.jpg\" alt=\"\" class=\"wp-image-36435\" width=\"492\" height=\"315\" srcset=\"https:\/\/conservativenthusiast.com\/wp-content\/uploads\/2021\/07\/Alexandre-podcast-16.jpg 350w, https:\/\/conservativenthusiast.com\/wp-content\/uploads\/2021\/07\/Alexandre-podcast-16-300x192.jpg 300w, https:\/\/conservativenthusiast.com\/wp-content\/uploads\/2021\/07\/Alexandre-podcast-16-16x10.jpg 16w\" sizes=\"(max-width: 492px) 100vw, 492px\" \/><figcaption>Repr\u00e9sentation d&#8217;Alexandre d\u00e9couvrant la d\u00e9pouille de Darius III<\/figcaption><\/figure><\/div>\n\n\n\n<p>Le fait qu\u2019Alexandre se croie un demi-dieu et se comporte comme tel, voire carr\u00e9ment comme une divinit\u00e9, ne heurtait pas les Grecs mais choquait les Mac\u00e9doniens. Cette orientalisation allait \u00eatre la source de plusieurs complots qu\u2019on ne d\u00e9taillera pas ici, faute de place. Alexandre souhaitait \u00e9galement trouver l\u2019Oc\u00e9an Ext\u00e9rieur&nbsp;: la limite du monde. Bessos fut finalement livr\u00e9 au roi. Il fut remplac\u00e9 dans la dissidence par un certain Spitam\u00e8ne en 329. Celui-ci, noble sogdien, pensait arr\u00eater Alexandre en livrant Bessos et mena la r\u00e9sistance en constatant qu\u2019il avait tort.<\/p>\n\n\n\n<p>Alexandre fit taire, non sans mal, les r\u00e9bellions de Sogdiane et Bactriane. Le roi de Mac\u00e9doine fit particuli\u00e8rement sensation en prenant l\u2019Heptapole en quelques jours\u00a0: une ceinture de sept forteresses aux confins nord-est de l\u2019Empire ach\u00e9m\u00e9nide. Il traversa l\u2019Iaxarte et lutta contre les Scythes mais ne trouva toujours pas le bout du monde. Alexandre, d\u00e9j\u00e0, devait rebrousser chemin pour lutter \u00e0 Maracanda (Samarcande) contre Spitam\u00e8ne. Pacifier la Sogdiane et la Bactriane occupa les Mac\u00e9doniens jusqu\u2019au d\u00e9but de 327. De fait, Spitam\u00e8ne avait trouv\u00e9 la mort fin 328, \u00f4tant \u00e0 la r\u00e9sistance son \u00e2me.<\/p>\n\n\n\n<p><\/p>\n\n\n\n<h2 class=\"wp-block-heading\"><em><u><span class=\"has-inline-color has-black-color\">Une derni\u00e8re chevauch\u00e9e vers le bout du monde<\/span><\/u><\/em><\/h2>\n\n\n\n<p><\/p>\n\n\n\n<p>Les ambitions d\u2019Alexandre le tourn\u00e8rent vers l\u2019Inde. Comme toujours, il cherchait \u00e0 atteindre l\u2019Oc\u00e9an Ext\u00e9rieur et la limite du monde. En s\u2019alliant avec Omphis, un prince local, il se trouva \u00e0 faire la guerre \u00e0 un autre prince indien&nbsp;: le radjah P\u00f4ros*. L\u2019Indus franchi, Alexandre trouva P\u00f4ros campant sur la rive oppos\u00e9e d\u2019un fleuve nomm\u00e9 Hydaspe, avec 20 \u00e0 50&nbsp;000 fantassins, 4&nbsp;000 cavaliers, des centaines de chars et 300 \u00e9l\u00e9phants. Attaquer frontalement le radjah indien revenait \u00e0 traverser l\u2019Hydaspe devant l\u2019ennemi et promettait un \u00e9chec cuisant. Alexandre d\u00e9cida de faire diversion&nbsp;: il laissa face \u00e0 P\u00f4ros le gros de son arm\u00e9e avec le g\u00e9n\u00e9ral Crat\u00e8re. Le roi s\u2019en alla, lui, plus au sud, accompagn\u00e9 de 12 \u00e0 14&nbsp;000 hommes, dont 5&nbsp;000 cavaliers. Il traversa o\u00f9 le fleuve \u00e9tait moins large. Tout ceci se faisait sous une pluie torrentielle, durant un orage, de nuit&nbsp;: Alexandre avait le malheur d\u2019attaquer son adversaire durant la saison des pluies, \u00e0 la mi-juin (ce qu\u2019on appelle d\u00e9sormais la mousson, une saison qui s\u2019\u00e9tend de juin \u00e0 septembre en Inde).<\/p>\n\n\n\n<p class=\"has-small-font-size\"><em>*P\u00f4ros est plus connu sous son nom latin : Porus.<\/em><\/p>\n\n\n\n<div class=\"wp-block-image\"><figure class=\"aligncenter size-large is-resized\"><img decoding=\"async\" src=\"https:\/\/conservativenthusiast.com\/wp-content\/uploads\/2021\/07\/portrait-Alexandre-le-Grand.jpg\" alt=\"\" class=\"wp-image-36441\" width=\"621\" height=\"439\"\/><figcaption>Alexandre le Grand (356-323 av. J-C), roi de Mac\u00e9doine (336-323 av. J-C), pharaon d&#8217;Egypte (331-323 av. J-C) et Grand Roi de perse (330-323 av. J-C)<\/figcaption><\/figure><\/div>\n\n\n\n<p>Le roi mac\u00e9donien misa tout sur une attaque surprise. Sa man\u0153uvre, pourtant, fut d\u00e9couverte car trop lente. Le radjah indien attendait, de fait, des renforts d\u2019un autre radjah (provenant du Cachemire) qui devait soutenir P\u00f4ros en arrivant depuis cette m\u00eame direction. Renforts dont Alexandre n\u2019avait pas soup\u00e7onn\u00e9 l\u2019existence. Si le roi de Mac\u00e9doine avait attaqu\u00e9 plus tard, il aurait eu \u00e0 affronter une masse bien plus importante d\u2019ennemis. P\u00f4ros envoya une avant-garde contre Alexandre, men\u00e9e par un de ses fils. Mais il avait sous-estim\u00e9 le nombre des Mac\u00e9doniens. L\u2019avant-garde fut facilement \u00e9cras\u00e9e et le fils du radjah y perdit la vie. P\u00f4ros, apprenant la mort de son fils, d\u00e9cida de laisser une petite partie de son arm\u00e9e face \u00e0 Crat\u00e8re et d\u2019en jeter la majeure partie dans la m\u00eal\u00e9e (30&nbsp;000 fantassins, 4&nbsp;000 cavaliers, 300 chars et 200 \u00e9l\u00e9phants) pour submerger les phalanges mac\u00e9doniennes.<\/p>\n\n\n\n<div class=\"wp-block-image\"><figure class=\"alignleft size-large\"><img decoding=\"async\" width=\"365\" height=\"239\" src=\"https:\/\/conservativenthusiast.com\/wp-content\/uploads\/2021\/07\/Alexandre-podcast-18.jpg\" alt=\"\" class=\"wp-image-36436\" srcset=\"https:\/\/conservativenthusiast.com\/wp-content\/uploads\/2021\/07\/Alexandre-podcast-18.jpg 365w, https:\/\/conservativenthusiast.com\/wp-content\/uploads\/2021\/07\/Alexandre-podcast-18-300x196.jpg 300w, https:\/\/conservativenthusiast.com\/wp-content\/uploads\/2021\/07\/Alexandre-podcast-18-16x10.jpg 16w\" sizes=\"(max-width: 365px) 100vw, 365px\" \/><figcaption>Bataille de l&#8217;Hydaspe (326 av. J-C)<\/figcaption><\/figure><\/div>\n\n\n\n<p>Ainsi d\u00e9buta la bataille de l\u2019Hydaspe (326), la premi\u00e8re grande bataille depuis Gaugamel\u00e8s (331). Alexandre disposa son infanterie au centre, entour\u00e9e de deux ailes constitu\u00e9es de cavaliers. Il ordonna \u00e0 la cavalerie d\u2019aller au-del\u00e0 des ailes ennemies puis de les attaquer sur leurs arri\u00e8res, de mani\u00e8re \u00e0 \u00eatre le plus loin possible des \u00e9l\u00e9phants indiens, plac\u00e9s en premi\u00e8re ligne, qui faisaient peur aux chevaux. Pour s\u2019assurer que les cavaliers indiens ne leur couperaient pas la route pr\u00e9matur\u00e9ment, il envoya les cavaliers mont\u00e9s Scythes harceler les flancs de l\u2019arm\u00e9e de P\u00f4ros. L\u2019infanterie devait avancer pour affronter les \u00e9l\u00e9phants et les fantassins adverses.&nbsp;Sa man\u0153uvre fut un succ\u00e8s mais tr\u00e8s vite le combat devint confus. L\u2019arm\u00e9e d\u2019Alexandre commen\u00e7a \u00e0 encercler l\u2019arm\u00e9e indienne. Celle-ci se faisait de plus pi\u00e9tiner par ses propres \u00e9l\u00e9phants dont une majorit\u00e9 avait p\u00e9ri. P\u00f4ros montait l\u2019un de ces \u00e9l\u00e9phants.<\/p>\n\n\n\n<p>Le reste de l\u2019arm\u00e9e mac\u00e9donienne parvint \u00e0 traverser sous la direction de Crat\u00e8re et l\u2019arm\u00e9e indienne partit en d\u00e9route. P\u00f4ros, qui avait perdu un deuxi\u00e8me fils dans le combat, refusait de se rendre. Il lutta jusqu\u2019\u00e0 la fin, tenta de s\u2019\u00e9chapper mais fut finalement rattrap\u00e9. Le bilan de cette bataille faisait \u00e9tat de 12 \u00e0 23\u00a0000 Indiens tu\u00e9s alors qu\u2019Alexandre perdait 700 fantassins et 300 cavaliers. Le roi de Mac\u00e9doine y avait \u00e9galement perdu son fid\u00e8le destrier\u00a0: Buc\u00e9phale. L\u2019arm\u00e9e de soutien du radjah du Cachemire fit demi-tour en apprenant l\u2019issue de la bataille de l\u2019Hydaspe et annon\u00e7a sa soumission. Alexandre admirait le courage et le caract\u00e8re de P\u00f4ros. Il eut \u00e0 c\u0153ur de s\u2019en faire un ami. De ce fait d\u00e9coula l\u2019interdiction de piller les territoires de P\u00f4ros. Alexandre for\u00e7a Omphis et P\u00f4ros \u00e0 r\u00e9gler leurs diff\u00e9rends.<\/p>\n\n\n\n<p><\/p>\n\n\n\n<h2 class=\"wp-block-heading\"><em><u><span class=\"has-inline-color has-black-color\">L\u2019ambition d\u00e9mesur\u00e9e \u00e0 l\u2019\u00e9preuve de la lassitude des hommes\u00a0: le tournant<\/span><\/u><\/em><\/h2>\n\n\n\n<p><\/p>\n\n\n\n<p>Alors qu\u2019Alexandre continuait sa route, il se confronta au seul obstacle qu\u2019il ne pouvait surmonter&nbsp;: son arm\u00e9e refusa de franchir l\u2019Hyphase et d\u2019avancer plus en avant dans la jungle indienne. Il fut contraint de rebrousser chemin au soulagement de sa troupe. Alexandre ne perdait pourtant pas son objectif de vue. Il d\u00e9cida ainsi de longer le Golfe persique plus au sud, un bout de l\u2019Oc\u00e9an Ext\u00e9rieur selon lui. D\u2019ailleurs, il est plus probable qu\u2019Alexandre n\u2019ait pas \u00e9t\u00e9 contraint par ses soldats mais ait choisi de consolider la fa\u00e7ade maritime de son empire. Pour cela, il d\u00e9cida de traverser, en septembre-octobre 325, le d\u00e9sert de G\u00e9drosie (Mekren aujourd\u2019hui), l\u2019une des r\u00e9gions les plus hostiles du monde. Il y fit passer une partie de son arm\u00e9e tandis qu\u2019une autre partie empruntait un chemin bien plus ais\u00e9 au nord sous la f\u00e9rule de Crat\u00e8re et que son navarque*, N\u00e9arque, dirigeait la flotte dans le Golfe persique. Ceux qui le suivirent dans le d\u00e9sert souffrirent le martyr. Ils arriv\u00e8rent \u00e0 Suse \u00e9puis\u00e9s. Apr\u00e8s tout, Alexandre n\u2019avait-il pas, en dix ans, parcouru 35&nbsp;000 kilom\u00e8tres&nbsp;?<\/p>\n\n\n\n<p class=\"has-small-font-size\"><em>*Un navarque est un amiral dans l\u2019Antiquit\u00e9 et depuis la Gr\u00e8ce antique. Le terme amiral est d\u00e9riv\u00e9 de l\u2019arabe. Il apparait chez les Normands de Sicile puis d<\/em>ans la langue fran\u00e7aise<em> au XIIIe si\u00e8cle.<\/em><\/p>\n\n\n\n<div class=\"wp-block-image\"><figure class=\"aligncenter size-large is-resized\"><img decoding=\"async\" src=\"https:\/\/conservativenthusiast.com\/wp-content\/uploads\/2021\/07\/Ocean-exterieur.jpg\" alt=\"\" class=\"wp-image-36445\" width=\"474\" height=\"461\"\/><figcaption>Le monde tel que l&#8217;imaginaient les Grecs et le fameux Oc\u00e9an Ext\u00e9rieur<\/figcaption><\/figure><\/div>\n\n\n\n<p><\/p>\n\n\n\n<h2 class=\"wp-block-heading\"><em><u><span class=\"has-inline-color has-black-color\">Restauration de l\u2019Empire mac\u00e9donien et m\u00e9tissage des peuples<\/span><\/u><\/em><\/h2>\n\n\n\n<p><\/p>\n\n\n\n<p>De retour d\u2019Inde, Alexandre retrouva son empire en lambeaux. L\u2019absence prolong\u00e9e du conqu\u00e9rant y avait sem\u00e9 la corruption et excit\u00e9 les ambitions. Alexandre aurait-il perdu son empire s\u2019il avait envahi l\u2019Inde&nbsp;? En 324 av. J-C, Alexandre s\u2019attela alors \u00e0 la t\u00e2che de restaurer son autorit\u00e9 sur ses terres. Mais l\u00e0 n\u2019\u00e9tait pas son plus grand projet. Celui qui, d\u00e9sormais, se disait un dieu, voulait op\u00e9rer une fusion des cultures occidentale et orientale. Pour cela, il organisa les noces de Suse&nbsp;: 10&nbsp;000 mariages entre ses guerriers et des femmes perses. Il voulait cr\u00e9er une aristocratie mixte. Apr\u00e8s quoi, il voulut int\u00e9grer \u00e0 son arm\u00e9e occidentale des \u00e9l\u00e9ments orientaux. Le refus de son arm\u00e9e fut cat\u00e9gorique et violent. Alexandre r\u00e9pliqua avec brutalit\u00e9 et obtint satisfaction. La volont\u00e9 du roi \u00e9tait la loi&nbsp;: la monarchie hell\u00e9nistique venait de na\u00eetre. Il fallait d\u00e9sormais aller plus loin dans le m\u00e9tissage des peuples.<\/p>\n\n\n\n<div class=\"wp-block-image\"><figure class=\"aligncenter size-large is-resized\"><img decoding=\"async\" src=\"https:\/\/conservativenthusiast.com\/wp-content\/uploads\/2021\/07\/Empire-dAlexandre-podcast.jpg\" alt=\"\" class=\"wp-image-36437\" width=\"710\" height=\"399\" srcset=\"https:\/\/conservativenthusiast.com\/wp-content\/uploads\/2021\/07\/Empire-dAlexandre-podcast.jpg 710w, https:\/\/conservativenthusiast.com\/wp-content\/uploads\/2021\/07\/Empire-dAlexandre-podcast-480x270.jpg 480w\" sizes=\"(min-width: 0px) and (max-width: 480px) 480px, (min-width: 481px) 710px, 100vw\" \/><figcaption>L&#8217;empire mac\u00e9donien d&#8217;Alexandre le Grand \u00e0 son apog\u00e9e (324-323 av. J.C)<\/figcaption><\/figure><\/div>\n\n\n\n<p>Le grand projet d\u2019Alexandre fut de cr\u00e9er une religion unique dont il aurait \u00e9t\u00e9 le dieu. C\u2019\u00e9tait rassembler les croyances occidentales et orientales, multiples et antagonistes. La logique grecque et la volont\u00e9 d\u2019\u00e9chapper au pouvoir des dieux ne pouvait \u00eatre associ\u00e9es \u00e0 l\u2019adulation du surnaturel et des divinit\u00e9s en orient. Alexandre obtint n\u00e9anmoins d\u2019\u00eatre reconnu comme un dieu par tous les Grecs, comme il l\u2019\u00e9tait d\u00e9j\u00e0 par tous les orientaux.<\/p>\n\n\n\n<p><\/p>\n\n\n\n<h2 class=\"wp-block-heading\"><em><u><span class=\"has-inline-color has-black-color\">Lorsque sonne le glas, le chaos temp\u00eate<\/span><\/u><\/em><\/h2>\n\n\n\n<p><\/p>\n\n\n\n<div class=\"wp-block-image\"><figure class=\"alignright size-large is-resized\"><img decoding=\"async\" src=\"https:\/\/conservativenthusiast.com\/wp-content\/uploads\/2021\/07\/Alexandre-podcast-20.jpg\" alt=\"\" class=\"wp-image-36438\" width=\"401\" height=\"240\" srcset=\"https:\/\/conservativenthusiast.com\/wp-content\/uploads\/2021\/07\/Alexandre-podcast-20.jpg 450w, https:\/\/conservativenthusiast.com\/wp-content\/uploads\/2021\/07\/Alexandre-podcast-20-300x179.jpg 300w, https:\/\/conservativenthusiast.com\/wp-content\/uploads\/2021\/07\/Alexandre-podcast-20-16x10.jpg 16w\" sizes=\"(max-width: 401px) 100vw, 401px\" \/><figcaption>Mort d&#8217;Alexandre le Grand (nuit du 11 au 12 juin 323 av. J-C)<\/figcaption><\/figure><\/div>\n\n\n\n<p>Si la fusion des croyances n\u2019\u00e9tait pas encore r\u00e9ussie, le conqu\u00e9rant mac\u00e9donien \u00e9tablissait d\u00e9j\u00e0 des plans pour faire le tour de l\u2019Afrique par la mer et l\u2019invasion de l\u2019Europe. Il \u00e9tait toujours en qu\u00eate de l\u2019Oc\u00e9an Ext\u00e9rieur. Alexandre \u00e9tait heureux en 324. \u00c7a ne dura pas. H\u00e9phestion, son meilleur ami, presque son \u00e2me s\u0153ur, d\u00e9c\u00e9da brutalement \u00e0 la fin de l\u2019ann\u00e9e. Quelque chose venait de se briser en Alexandre&nbsp;: il perdit sa capacit\u00e9 de concentration. L\u2019\u00e9t\u00e9 323 venu, alors qu\u2019il semblait enfin surmonter la mort d\u2019H\u00e9phestion et finissait d\u2019organiser la circumnavigation autour de l\u2019Afrique, il fut pris d\u2019une forte fi\u00e8vre (peut-\u00eatre la Malaria) qui le terrassa dans la nuit du 11 au 12 juin 323, \u00e0 32 ans seulement.<\/p>\n\n\n\n<div class=\"wp-block-image\"><figure class=\"aligncenter size-large is-resized\"><img decoding=\"async\" src=\"https:\/\/conservativenthusiast.com\/wp-content\/uploads\/2021\/07\/Alexandre-podcast-21.png\" alt=\"\" class=\"wp-image-36439\" width=\"630\" height=\"289\" srcset=\"https:\/\/conservativenthusiast.com\/wp-content\/uploads\/2021\/07\/Alexandre-podcast-21.png 630w, https:\/\/conservativenthusiast.com\/wp-content\/uploads\/2021\/07\/Alexandre-podcast-21-480x221.png 480w\" sizes=\"(min-width: 0px) and (max-width: 480px) 480px, (min-width: 481px) 630px, 100vw\" \/><figcaption>Les Diadoques (vers 310 av. J.C)<\/figcaption><\/figure><\/div>\n\n\n\n<p>Sa mort, inattendue et soudaine, provoqua une lutte de pouvoir entre ses diff\u00e9rents g\u00e9n\u00e9raux. Ceux-ci \u00e9taient trop ambitieux pour se rassembler autour du fils d\u2019Alexandre le Grand, Alexandre IV \u00c6gos, n\u00e9 un mois apr\u00e8s le d\u00e9c\u00e8s du conqu\u00e9rant. Alors, la lutte de pouvoir se d\u00e9cha\u00eena entre les <em>Diadoques<\/em> (\u00ab\u00a0successeurs\u00a0\u00bb) pendant un demi-si\u00e8cle et toute la famille d\u2019Alexandre le Grand fut progressivement ex\u00e9cut\u00e9e de 323 \u00e0 310. Le sang d\u2019Alexandre repr\u00e9sentait un enjeu g\u00e9opolitique trop important pour \u00eatre laiss\u00e9 \u00e0 l\u2019un des g\u00e9n\u00e9raux sans qu\u2019un ou plusieurs autres ne cherchent \u00e0 l\u2019en priver. Ainsi s\u2019ouvrait l\u2019\u00e8re hell\u00e9nistique, domin\u00e9e par des monarchies.<\/p>\n\n\n\n<p><\/p>\n\n\n\n<h2 class=\"wp-block-heading\">Sources (texte) :<\/h2>\n\n\n\n<p><\/p>\n\n\n\n<p><strong>Weigall,<\/strong>&nbsp;Arthur (2019)<strong>.<\/strong>&nbsp;<em>Alexandre le Grand<\/em><strong>.<\/strong>&nbsp;Paris<strong>&nbsp;:&nbsp;<\/strong>\u00c9ditions Payot &amp; Rivages<strong>,<\/strong>&nbsp;512p<strong>.<\/strong><\/p>\n\n\n\n<p><strong>Orrieux,<\/strong>&nbsp;Claude et <strong>Schmitt Pantel,<\/strong>&nbsp;Pauline (2020, 4<sup>e<\/sup> \u00e9dition)<strong>.<\/strong>&nbsp;<em>Histoire grecque<\/em><strong>.<\/strong>&nbsp;Paris<strong>&nbsp;:&nbsp;<\/strong>PUF<strong>,<\/strong>&nbsp;509p<strong>. <\/strong>(J&#8217;utilise les pages 315 \u00e0 358)<\/p>\n\n\n\n<p><strong>Benoist-M\u00e9chin,<\/strong>&nbsp;Jacques (2009)<strong>.<\/strong>&nbsp;<em>Alexandre le Grand<\/em><strong>.<\/strong>&nbsp;Millau<strong>&nbsp;:&nbsp;<\/strong>Tempus Perrin<strong>,<\/strong>&nbsp;352p<strong>.<\/strong><\/p>\n\n\n\n<p><strong>Green,<\/strong>\u00a0Peter (2012)<strong>.<\/strong>\u00a0<em>Les Guerres m\u00e9diques<\/em><strong>.<\/strong>\u00a0Paris<strong>\u00a0:\u00a0<\/strong>Tallandier<strong>,<\/strong>\u00a0448p<strong>.<\/strong><\/p>\n\n\n\n<p><\/p>\n\n\n\n<h2 class=\"wp-block-heading\">Sources (images) :<\/h2>\n\n\n\n<p><\/p>\n\n\n\n<p><a href=\"https:\/\/www.historia.fr\/carte-blanche-%C3%A0-franck-ferrand\/lhistoire-bascule-%C3%A0-salamine\">https:\/\/www.historia.fr\/carte-blanche-%C3%A0-franck-ferrand\/lhistoire-bascule-%C3%A0-salamine<\/a> (carte r\u00e9sumant les guerres m\u00e9diques)<\/p>\n\n\n\n<p><a href=\"http:\/\/dba-v3.fr\/wp-content\/uploads\/2015\/11\/6_Empire-perse.gif\">http:\/\/dba-v3.fr\/wp-content\/uploads\/2015\/11\/6_Empire-perse.gif<\/a> (empire perse ach\u00e9m\u00e9nide et son \u00e9volution)<\/p>\n\n\n\n<p><a href=\"https:\/\/fr.wikipedia.org\/wiki\/Philippe_II_(roi_de_Mac%C3%A9doine)\">https:\/\/fr.wikipedia.org\/wiki\/Philippe_II_(roi_de_Mac%C3%A9doine)<\/a> (Philippe II de Mac\u00e9doine)<\/p>\n\n\n\n<p><a href=\"https:\/\/fr.wikipedia.org\/wiki\/Alexandre_le_Grand\">https:\/\/fr.wikipedia.org\/wiki\/Alexandre_le_Grand<\/a> (domination de la Mac\u00e9doine, parcours hach\u00e9 d\u2019Alexandre jusqu\u2019\u00e0 Halicarnasse puis Issos, puis Babylone et de retour \u00e0 Babylone, portrait d\u2019Alexandre)<\/p>\n\n\n\n<p><a href=\"https:\/\/fr.wikipedia.org\/wiki\/Bataille_du_Granique#\/media\/Fichier:Jean_Audran_-_La_bataille_du_Granique.jpg\">https:\/\/fr.wikipedia.org\/wiki\/Bataille_du_Granique#\/media\/Fichier:Jean_Audran_-_La_bataille_du_Granique.jpg<\/a> (Repr\u00e9sentation bataille du Granique)<\/p>\n\n\n\n<p><a href=\"https:\/\/fr.wikipedia.org\/wiki\/N%C5%93ud_gordien\">https:\/\/fr.wikipedia.org\/wiki\/N%C5%93ud_gordien<\/a> (repr\u00e9sentation d\u2019Alexandre tranchant le n\u0153ud Gordien)<\/p>\n\n\n\n<p><a href=\"https:\/\/fr.wikipedia.org\/wiki\/Bataille_d%27Issos\">https:\/\/fr.wikipedia.org\/wiki\/Bataille_d%27Issos<\/a> (bataille d\u2019Issos avec repr\u00e9sentation)<\/p>\n\n\n\n<p><a href=\"https:\/\/www.pourlascience.fr\/sd\/archeologie\/le-siege-de-tyr-limpossibilite-dune-ile-9735.php\">https:\/\/www.pourlascience.fr\/sd\/archeologie\/le-siege-de-tyr-limpossibilite-dune-ile-9735.php<\/a> (\u00eele de Tyr)<\/p>\n\n\n\n<p><a href=\"https:\/\/fr.wikipedia.org\/wiki\/Bataille_de_Gaugam%C3%A8les\">https:\/\/fr.wikipedia.org\/wiki\/Bataille_de_Gaugam%C3%A8les<\/a> (bataille de Gaugam\u00e8les, repr\u00e9sentation et sch\u00e9ma tactique)<\/p>\n\n\n\n<p><a href=\"http:\/\/socialstudiesforkids.com\/articles\/worldhistory\/alexanderthegreatsuccess7.htm\">http:\/\/socialstudiesforkids.com\/articles\/worldhistory\/alexanderthegreatsuccess7.htm<\/a> (Alexandre d\u00e9couvre le corps de Darius III)<\/p>\n\n\n\n<p><a href=\"https:\/\/alchetron.com\/Hecataeus-of-Miletus\">https:\/\/alchetron.com\/Hecataeus-of-Miletus<\/a> (oc\u00e9an ext\u00e9rieur)<\/p>\n\n\n\n<p><a href=\"http:\/\/antikforever.com\/guerres_batailles\/batailles\/portes_persiques_hydaspe.htm\">http:\/\/antikforever.com\/guerres_batailles\/batailles\/portes_persiques_hydaspe.htm<\/a> (bataille de l\u2019Hydaspe)<\/p>\n\n\n\n<p><a href=\"https:\/\/www.larousse.fr\/encyclopedie\/images\/Lexp%C3%A9dition_dAlexandre\/1009142\">https:\/\/www.larousse.fr\/encyclopedie\/images\/Lexp%C3%A9dition_dAlexandre\/1009142<\/a> (Empire full avec d\u00e9tails)<\/p>\n\n\n\n<p><a href=\"http:\/\/epopeealexandre.canalblog.com\/archives\/2010\/03\/01\/17191430.html\">http:\/\/epopeealexandre.canalblog.com\/archives\/2010\/03\/01\/17191430.html<\/a> (mort d\u2019Alexandre)<\/p>\n\n\n\n<p><a href=\"https:\/\/fr.wikipedia.org\/wiki\/Diadoque\">https:\/\/fr.wikipedia.org\/wiki\/Diadoque<\/a> (diadoques cartes)<\/p>\n\n\n\n<p><\/p>\n\n\n\n<p><\/p>\n\n\n<div class=\"sabox-plus-item\"><div class=\"saboxplugin-wrap\" itemtype=\"http:\/\/schema.org\/Person\" itemscope itemprop=\"author\"><div class=\"saboxplugin-tab\"><div class=\"saboxplugin-gravatar\"><img alt='Virgile H.' src='https:\/\/secure.gravatar.com\/avatar\/0ab0cc45bc0f52ccc70791c762119b9f?s=100&#038;d=mm&#038;r=g' srcset='https:\/\/secure.gravatar.com\/avatar\/0ab0cc45bc0f52ccc70791c762119b9f?s=200&#038;d=mm&#038;r=g 2x' class='avatar avatar-100 photo' height='100' width='100' itemprop=\"image\" decoding='async'\/><\/div><div class=\"saboxplugin-authorname\"><a href=\"https:\/\/conservativenthusiast.com\/en\/author\/virgile\/\" class=\"vcard author\" rel=\"author\"><span class=\"fn\">Virgile H.<\/span><\/a><\/div><div class=\"saboxplugin-desc\"><div itemprop=\"description\"><p>Si vous appr\u00e9ciez les articles de ce r\u00e9dacteur et que vous souhaitez en d\u00e9couvrir davantage sur lui ou ses \u00e9crits, vous pouvez consulter tous ses articles en cliquant sur son pseudo ou en apprendre plus sur notre page &#8220;<a href=\"https:\/\/conservativenthusiast.com\/en\/notre-equipe\/\">Our team<\/a>&#8220;. Vous pouvez \u00e9galement le suivre sur ses diff\u00e9rents r\u00e9seaux sociaux ci-dessous.<\/p>\n<\/div><\/div><div class=\"clearfix\"><\/div><\/div><\/div><\/div>","protected":false},"excerpt":{"rendered":"<p>Le royaume de Mac\u00e9doine\u00a0: de barbare \u00e0 premi\u00e8re puissance grecque Le royaume de Mac\u00e9doine int\u00e9gra la civilisation grecque sous le [&hellip;]<\/p>","protected":false},"author":3,"featured_media":36751,"comment_status":"open","ping_status":"open","sticky":false,"template":"","format":"standard","meta":{"_et_pb_use_builder":"off","_et_pb_old_content":"","_et_gb_content_width":"","_exactmetrics_skip_tracking":false,"_exactmetrics_sitenote_active":false,"_exactmetrics_sitenote_note":"","_exactmetrics_sitenote_category":0,"footnotes":""},"categories":[6],"tags":[464],"yoast_head":"<!-- This site is optimized with the Yoast SEO plugin v22.3 - https:\/\/yoast.com\/wordpress\/plugins\/seo\/ -->\n<title>Alexandre le Grand, cosmocrator (356-323 av. J-C) - The Conservative Enthusiast<\/title>\n<meta name=\"description\" content=\"\u27bd La plateforme d&#039;actualit\u00e9, d&#039;information, de partage et d&#039;apprentissage des conservateurs.\" \/>\n<meta name=\"robots\" content=\"index, follow, max-snippet:-1, max-image-preview:large, max-video-preview:-1\" \/>\n<link rel=\"canonical\" href=\"https:\/\/conservativenthusiast.com\/en\/alexandre-le-grand-cosmocrator-356-323-av-j-c\/\" \/>\n<meta property=\"og:locale\" content=\"en_GB\" \/>\n<meta property=\"og:type\" content=\"article\" \/>\n<meta property=\"og:title\" content=\"Alexandre le Grand, cosmocrator (356-323 av. J-C) - The Conservative Enthusiast\" \/>\n<meta property=\"og:description\" content=\"\u27bd La plateforme d&#039;actualit\u00e9, d&#039;information, de partage et d&#039;apprentissage des conservateurs.\" \/>\n<meta property=\"og:url\" content=\"https:\/\/conservativenthusiast.com\/en\/alexandre-le-grand-cosmocrator-356-323-av-j-c\/\" \/>\n<meta property=\"og:site_name\" content=\"The Conservative Enthusiast\" \/>\n<meta property=\"article:author\" content=\"https:\/\/www.facebook.com\/Hgmonie-399430870688501\" \/>\n<meta property=\"article:published_time\" content=\"2021-07-24T10:10:00+00:00\" \/>\n<meta property=\"article:modified_time\" content=\"2021-07-27T15:34:13+00:00\" \/>\n<meta property=\"og:image\" content=\"https:\/\/conservativenthusiast.com\/wp-content\/uploads\/2021\/07\/Alexander-the-great.jpg\" \/>\n\t<meta property=\"og:image:width\" content=\"1024\" \/>\n\t<meta property=\"og:image:height\" content=\"645\" \/>\n\t<meta property=\"og:image:type\" content=\"image\/jpeg\" \/>\n<meta name=\"author\" content=\"Virgile H.\" \/>\n<meta name=\"twitter:card\" content=\"summary_large_image\" \/>\n<meta name=\"twitter:label1\" content=\"Written by\" \/>\n\t<meta name=\"twitter:data1\" content=\"Virgile H.\" \/>\n\t<meta name=\"twitter:label2\" content=\"Estimated reading time\" \/>\n\t<meta name=\"twitter:data2\" content=\"27 minutes\" \/>\n<script type=\"application\/ld+json\" class=\"yoast-schema-graph\">{\"@context\":\"https:\/\/schema.org\",\"@graph\":[{\"@type\":\"Article\",\"@id\":\"https:\/\/conservativenthusiast.com\/en\/alexandre-le-grand-cosmocrator-356-323-av-j-c\/#article\",\"isPartOf\":{\"@id\":\"https:\/\/conservativenthusiast.com\/en\/alexandre-le-grand-cosmocrator-356-323-av-j-c\/\"},\"author\":{\"name\":\"Virgile H.\",\"@id\":\"https:\/\/conservativenthusiast.com\/#\/schema\/person\/f47da4ef4c2e97efe4abec2793772472\"},\"headline\":\"Alexandre le Grand, cosmocrator (356-323 av. J-C)\",\"datePublished\":\"2021-07-24T10:10:00+00:00\",\"dateModified\":\"2021-07-27T15:34:13+00:00\",\"mainEntityOfPage\":{\"@id\":\"https:\/\/conservativenthusiast.com\/en\/alexandre-le-grand-cosmocrator-356-323-av-j-c\/\"},\"wordCount\":6111,\"commentCount\":0,\"publisher\":{\"@id\":\"https:\/\/conservativenthusiast.com\/#organization\"},\"image\":{\"@id\":\"https:\/\/conservativenthusiast.com\/en\/alexandre-le-grand-cosmocrator-356-323-av-j-c\/#primaryimage\"},\"thumbnailUrl\":\"https:\/\/conservativenthusiast.com\/wp-content\/uploads\/2021\/07\/Alexander-the-great.jpg\",\"keywords\":[\"Alexandre le grand\"],\"articleSection\":[\"Histoire\"],\"inLanguage\":\"en-GB\",\"potentialAction\":[{\"@type\":\"CommentAction\",\"name\":\"Comment\",\"target\":[\"https:\/\/conservativenthusiast.com\/en\/alexandre-le-grand-cosmocrator-356-323-av-j-c\/#respond\"]}]},{\"@type\":\"WebPage\",\"@id\":\"https:\/\/conservativenthusiast.com\/en\/alexandre-le-grand-cosmocrator-356-323-av-j-c\/\",\"url\":\"https:\/\/conservativenthusiast.com\/en\/alexandre-le-grand-cosmocrator-356-323-av-j-c\/\",\"name\":\"Alexandre le Grand, cosmocrator (356-323 av. J-C) - The Conservative Enthusiast\",\"isPartOf\":{\"@id\":\"https:\/\/conservativenthusiast.com\/#website\"},\"primaryImageOfPage\":{\"@id\":\"https:\/\/conservativenthusiast.com\/en\/alexandre-le-grand-cosmocrator-356-323-av-j-c\/#primaryimage\"},\"image\":{\"@id\":\"https:\/\/conservativenthusiast.com\/en\/alexandre-le-grand-cosmocrator-356-323-av-j-c\/#primaryimage\"},\"thumbnailUrl\":\"https:\/\/conservativenthusiast.com\/wp-content\/uploads\/2021\/07\/Alexander-the-great.jpg\",\"datePublished\":\"2021-07-24T10:10:00+00:00\",\"dateModified\":\"2021-07-27T15:34:13+00:00\",\"description\":\"\u27bd La plateforme d'actualit\u00e9, d'information, de partage et d'apprentissage des conservateurs.\",\"breadcrumb\":{\"@id\":\"https:\/\/conservativenthusiast.com\/en\/alexandre-le-grand-cosmocrator-356-323-av-j-c\/#breadcrumb\"},\"inLanguage\":\"en-GB\",\"potentialAction\":[{\"@type\":\"ReadAction\",\"target\":[\"https:\/\/conservativenthusiast.com\/en\/alexandre-le-grand-cosmocrator-356-323-av-j-c\/\"]}]},{\"@type\":\"ImageObject\",\"inLanguage\":\"en-GB\",\"@id\":\"https:\/\/conservativenthusiast.com\/en\/alexandre-le-grand-cosmocrator-356-323-av-j-c\/#primaryimage\",\"url\":\"https:\/\/conservativenthusiast.com\/wp-content\/uploads\/2021\/07\/Alexander-the-great.jpg\",\"contentUrl\":\"https:\/\/conservativenthusiast.com\/wp-content\/uploads\/2021\/07\/Alexander-the-great.jpg\",\"width\":1024,\"height\":645,\"caption\":\"alexandre le grand illustration\"},{\"@type\":\"BreadcrumbList\",\"@id\":\"https:\/\/conservativenthusiast.com\/en\/alexandre-le-grand-cosmocrator-356-323-av-j-c\/#breadcrumb\",\"itemListElement\":[{\"@type\":\"ListItem\",\"position\":1,\"name\":\"Accueil\",\"item\":\"https:\/\/conservativenthusiast.com\/\"},{\"@type\":\"ListItem\",\"position\":2,\"name\":\"Alexandre le Grand, cosmocrator (356-323 av. J-C)\"}]},{\"@type\":\"WebSite\",\"@id\":\"https:\/\/conservativenthusiast.com\/#website\",\"url\":\"https:\/\/conservativenthusiast.com\/\",\"name\":\"The Conservative Enthusiast\",\"description\":\"La plateforme de r\u00e9information, de partage et d&#039;apprentissage des conservateurs.\",\"publisher\":{\"@id\":\"https:\/\/conservativenthusiast.com\/#organization\"},\"potentialAction\":[{\"@type\":\"SearchAction\",\"target\":{\"@type\":\"EntryPoint\",\"urlTemplate\":\"https:\/\/conservativenthusiast.com\/?s={search_term_string}\"},\"query-input\":\"required name=search_term_string\"}],\"inLanguage\":\"en-GB\"},{\"@type\":\"Organization\",\"@id\":\"https:\/\/conservativenthusiast.com\/#organization\",\"name\":\"The Conservative Enthusiast\",\"url\":\"https:\/\/conservativenthusiast.com\/\",\"logo\":{\"@type\":\"ImageObject\",\"inLanguage\":\"en-GB\",\"@id\":\"https:\/\/conservativenthusiast.com\/#\/schema\/logo\/image\/\",\"url\":\"https:\/\/i0.wp.com\/conservativeenthusiast.com\/wp-content\/uploads\/2020\/06\/LOGO-CE-MINI.png?fit=3867%2C1180&ssl=1\",\"contentUrl\":\"https:\/\/i0.wp.com\/conservativeenthusiast.com\/wp-content\/uploads\/2020\/06\/LOGO-CE-MINI.png?fit=3867%2C1180&ssl=1\",\"width\":3867,\"height\":1180,\"caption\":\"The Conservative Enthusiast\"},\"image\":{\"@id\":\"https:\/\/conservativenthusiast.com\/#\/schema\/logo\/image\/\"}},{\"@type\":\"Person\",\"@id\":\"https:\/\/conservativenthusiast.com\/#\/schema\/person\/f47da4ef4c2e97efe4abec2793772472\",\"name\":\"Virgile H.\",\"image\":{\"@type\":\"ImageObject\",\"inLanguage\":\"en-GB\",\"@id\":\"https:\/\/conservativenthusiast.com\/#\/schema\/person\/image\/\",\"url\":\"https:\/\/secure.gravatar.com\/avatar\/0ab0cc45bc0f52ccc70791c762119b9f?s=96&d=mm&r=g\",\"contentUrl\":\"https:\/\/secure.gravatar.com\/avatar\/0ab0cc45bc0f52ccc70791c762119b9f?s=96&d=mm&r=g\",\"caption\":\"Virgile H.\"},\"description\":\"Si vous appr\u00e9ciez les articles de ce r\u00e9dacteur et que vous souhaitez en d\u00e9couvrir davantage sur lui ou ses \u00e9crits, vous pouvez consulter tous ses articles en cliquant sur son pseudo ou en apprendre plus sur notre page \\\"Notre \u00e9quipe\\\". Vous pouvez \u00e9galement le suivre sur ses diff\u00e9rents r\u00e9seaux sociaux ci-dessous.\",\"sameAs\":[\"http:\/\/hegemonie.fr\/\",\"https:\/\/www.facebook.com\/Hgmonie-399430870688501\"],\"url\":\"https:\/\/conservativenthusiast.com\/en\/author\/virgile\/\"}]}<\/script>\n<!-- \/ Yoast SEO plugin. -->","yoast_head_json":{"title":"Alexandre le Grand, cosmocrator (356-323 av. J-C) - The Conservative Enthusiast","description":"\u27bd La plateforme d'actualit\u00e9, d'information, de partage et d'apprentissage des conservateurs.","robots":{"index":"index","follow":"follow","max-snippet":"max-snippet:-1","max-image-preview":"max-image-preview:large","max-video-preview":"max-video-preview:-1"},"canonical":"https:\/\/conservativenthusiast.com\/en\/alexandre-le-grand-cosmocrator-356-323-av-j-c\/","og_locale":"en_GB","og_type":"article","og_title":"Alexandre le Grand, cosmocrator (356-323 av. J-C) - The Conservative Enthusiast","og_description":"\u27bd La plateforme d'actualit\u00e9, d'information, de partage et d'apprentissage des conservateurs.","og_url":"https:\/\/conservativenthusiast.com\/en\/alexandre-le-grand-cosmocrator-356-323-av-j-c\/","og_site_name":"The Conservative Enthusiast","article_author":"https:\/\/www.facebook.com\/Hgmonie-399430870688501","article_published_time":"2021-07-24T10:10:00+00:00","article_modified_time":"2021-07-27T15:34:13+00:00","og_image":[{"width":1024,"height":645,"url":"https:\/\/conservativenthusiast.com\/wp-content\/uploads\/2021\/07\/Alexander-the-great.jpg","type":"image\/jpeg"}],"author":"Virgile H.","twitter_card":"summary_large_image","twitter_misc":{"Written by":"Virgile H.","Estimated reading time":"27 minutes"},"schema":{"@context":"https:\/\/schema.org","@graph":[{"@type":"Article","@id":"https:\/\/conservativenthusiast.com\/en\/alexandre-le-grand-cosmocrator-356-323-av-j-c\/#article","isPartOf":{"@id":"https:\/\/conservativenthusiast.com\/en\/alexandre-le-grand-cosmocrator-356-323-av-j-c\/"},"author":{"name":"Virgile H.","@id":"https:\/\/conservativenthusiast.com\/#\/schema\/person\/f47da4ef4c2e97efe4abec2793772472"},"headline":"Alexandre le Grand, cosmocrator (356-323 av. J-C)","datePublished":"2021-07-24T10:10:00+00:00","dateModified":"2021-07-27T15:34:13+00:00","mainEntityOfPage":{"@id":"https:\/\/conservativenthusiast.com\/en\/alexandre-le-grand-cosmocrator-356-323-av-j-c\/"},"wordCount":6111,"commentCount":0,"publisher":{"@id":"https:\/\/conservativenthusiast.com\/#organization"},"image":{"@id":"https:\/\/conservativenthusiast.com\/en\/alexandre-le-grand-cosmocrator-356-323-av-j-c\/#primaryimage"},"thumbnailUrl":"https:\/\/conservativenthusiast.com\/wp-content\/uploads\/2021\/07\/Alexander-the-great.jpg","keywords":["Alexandre le grand"],"articleSection":["Histoire"],"inLanguage":"en-GB","potentialAction":[{"@type":"CommentAction","name":"Comment","target":["https:\/\/conservativenthusiast.com\/en\/alexandre-le-grand-cosmocrator-356-323-av-j-c\/#respond"]}]},{"@type":"WebPage","@id":"https:\/\/conservativenthusiast.com\/en\/alexandre-le-grand-cosmocrator-356-323-av-j-c\/","url":"https:\/\/conservativenthusiast.com\/en\/alexandre-le-grand-cosmocrator-356-323-av-j-c\/","name":"Alexandre le Grand, cosmocrator (356-323 av. J-C) - The Conservative Enthusiast","isPartOf":{"@id":"https:\/\/conservativenthusiast.com\/#website"},"primaryImageOfPage":{"@id":"https:\/\/conservativenthusiast.com\/en\/alexandre-le-grand-cosmocrator-356-323-av-j-c\/#primaryimage"},"image":{"@id":"https:\/\/conservativenthusiast.com\/en\/alexandre-le-grand-cosmocrator-356-323-av-j-c\/#primaryimage"},"thumbnailUrl":"https:\/\/conservativenthusiast.com\/wp-content\/uploads\/2021\/07\/Alexander-the-great.jpg","datePublished":"2021-07-24T10:10:00+00:00","dateModified":"2021-07-27T15:34:13+00:00","description":"\u27bd La plateforme d'actualit\u00e9, d'information, de partage et d'apprentissage des conservateurs.","breadcrumb":{"@id":"https:\/\/conservativenthusiast.com\/en\/alexandre-le-grand-cosmocrator-356-323-av-j-c\/#breadcrumb"},"inLanguage":"en-GB","potentialAction":[{"@type":"ReadAction","target":["https:\/\/conservativenthusiast.com\/en\/alexandre-le-grand-cosmocrator-356-323-av-j-c\/"]}]},{"@type":"ImageObject","inLanguage":"en-GB","@id":"https:\/\/conservativenthusiast.com\/en\/alexandre-le-grand-cosmocrator-356-323-av-j-c\/#primaryimage","url":"https:\/\/conservativenthusiast.com\/wp-content\/uploads\/2021\/07\/Alexander-the-great.jpg","contentUrl":"https:\/\/conservativenthusiast.com\/wp-content\/uploads\/2021\/07\/Alexander-the-great.jpg","width":1024,"height":645,"caption":"alexandre le grand illustration"},{"@type":"BreadcrumbList","@id":"https:\/\/conservativenthusiast.com\/en\/alexandre-le-grand-cosmocrator-356-323-av-j-c\/#breadcrumb","itemListElement":[{"@type":"ListItem","position":1,"name":"Accueil","item":"https:\/\/conservativenthusiast.com\/"},{"@type":"ListItem","position":2,"name":"Alexandre le Grand, cosmocrator (356-323 av. J-C)"}]},{"@type":"WebSite","@id":"https:\/\/conservativenthusiast.com\/#website","url":"https:\/\/conservativenthusiast.com\/","name":"The Conservative Enthusiast","description":"La plateforme de r\u00e9information, de partage et d&#039;apprentissage des conservateurs.","publisher":{"@id":"https:\/\/conservativenthusiast.com\/#organization"},"potentialAction":[{"@type":"SearchAction","target":{"@type":"EntryPoint","urlTemplate":"https:\/\/conservativenthusiast.com\/?s={search_term_string}"},"query-input":"required name=search_term_string"}],"inLanguage":"en-GB"},{"@type":"Organization","@id":"https:\/\/conservativenthusiast.com\/#organization","name":"The Conservative Enthusiast","url":"https:\/\/conservativenthusiast.com\/","logo":{"@type":"ImageObject","inLanguage":"en-GB","@id":"https:\/\/conservativenthusiast.com\/#\/schema\/logo\/image\/","url":"https:\/\/i0.wp.com\/conservativeenthusiast.com\/wp-content\/uploads\/2020\/06\/LOGO-CE-MINI.png?fit=3867%2C1180&ssl=1","contentUrl":"https:\/\/i0.wp.com\/conservativeenthusiast.com\/wp-content\/uploads\/2020\/06\/LOGO-CE-MINI.png?fit=3867%2C1180&ssl=1","width":3867,"height":1180,"caption":"The Conservative Enthusiast"},"image":{"@id":"https:\/\/conservativenthusiast.com\/#\/schema\/logo\/image\/"}},{"@type":"Person","@id":"https:\/\/conservativenthusiast.com\/#\/schema\/person\/f47da4ef4c2e97efe4abec2793772472","name":"Virgile H.","image":{"@type":"ImageObject","inLanguage":"en-GB","@id":"https:\/\/conservativenthusiast.com\/#\/schema\/person\/image\/","url":"https:\/\/secure.gravatar.com\/avatar\/0ab0cc45bc0f52ccc70791c762119b9f?s=96&d=mm&r=g","contentUrl":"https:\/\/secure.gravatar.com\/avatar\/0ab0cc45bc0f52ccc70791c762119b9f?s=96&d=mm&r=g","caption":"Virgile H."},"description":"Si vous appr\u00e9ciez les articles de ce r\u00e9dacteur et que vous souhaitez en d\u00e9couvrir davantage sur lui ou ses \u00e9crits, vous pouvez consulter tous ses articles en cliquant sur son pseudo ou en apprendre plus sur notre page \"Notre \u00e9quipe\". Vous pouvez \u00e9galement le suivre sur ses diff\u00e9rents r\u00e9seaux sociaux ci-dessous.","sameAs":["http:\/\/hegemonie.fr\/","https:\/\/www.facebook.com\/Hgmonie-399430870688501"],"url":"https:\/\/conservativenthusiast.com\/en\/author\/virgile\/"}]}},"_links":{"self":[{"href":"https:\/\/conservativenthusiast.com\/en\/wp-json\/wp\/v2\/posts\/36422"}],"collection":[{"href":"https:\/\/conservativenthusiast.com\/en\/wp-json\/wp\/v2\/posts"}],"about":[{"href":"https:\/\/conservativenthusiast.com\/en\/wp-json\/wp\/v2\/types\/post"}],"author":[{"embeddable":true,"href":"https:\/\/conservativenthusiast.com\/en\/wp-json\/wp\/v2\/users\/3"}],"replies":[{"embeddable":true,"href":"https:\/\/conservativenthusiast.com\/en\/wp-json\/wp\/v2\/comments?post=36422"}],"version-history":[{"count":5,"href":"https:\/\/conservativenthusiast.com\/en\/wp-json\/wp\/v2\/posts\/36422\/revisions"}],"predecessor-version":[{"id":38330,"href":"https:\/\/conservativenthusiast.com\/en\/wp-json\/wp\/v2\/posts\/36422\/revisions\/38330"}],"wp:featuredmedia":[{"embeddable":true,"href":"https:\/\/conservativenthusiast.com\/en\/wp-json\/wp\/v2\/media\/36751"}],"wp:attachment":[{"href":"https:\/\/conservativenthusiast.com\/en\/wp-json\/wp\/v2\/media?parent=36422"}],"wp:term":[{"taxonomy":"category","embeddable":true,"href":"https:\/\/conservativenthusiast.com\/en\/wp-json\/wp\/v2\/categories?post=36422"},{"taxonomy":"post_tag","embeddable":true,"href":"https:\/\/conservativenthusiast.com\/en\/wp-json\/wp\/v2\/tags?post=36422"}],"curies":[{"name":"wp","href":"https:\/\/api.w.org\/{rel}","templated":true}]}}