{"id":35613,"date":"2021-07-03T12:00:00","date_gmt":"2021-07-03T10:00:00","guid":{"rendered":"https:\/\/conservativeenthusiast.com\/?p=35613"},"modified":"2021-07-31T14:34:18","modified_gmt":"2021-07-31T12:34:18","slug":"interview-tce-25-anton-malafeev","status":"publish","type":"post","link":"https:\/\/conservativenthusiast.com\/en\/interview-tce-25-anton-malafeev\/","title":{"rendered":"Interview TCE #25 &#8211; Anton Malafeev"},"content":{"rendered":"<h3 class=\"wp-block-heading\"><strong><span class=\"has-inline-color has-black-color\">1- For our readers who don't know you yet, can you present yourself ?<\/span><\/strong><\/h3>\n\n\n\n<p><\/p>\n\n\n\n<p class=\"has-text-align-justify\">&#8220;Je suis russe, j\u2019ai 43 ans et je vis en France depuis 1998. Je m\u2019int\u00e9resse \u00e0 la soci\u00e9t\u00e9, aux comparatifs interculturels, donc \u00e0 l\u2019anthropologie et \u00e0 la sociologie pour parler plus simplement. J\u2019enseigne l\u2019\u00e9thique et l\u2019intelligence sociale \u00e0 SKEMA (une \u00e9cole de commerce), j\u2019\u00e9cris des articles, je viens de publier mon premier livre et j\u2019ai commenc\u00e9 une cha\u00eene Youtube. Toute ma production \u00e9crite et audiovisuelle se concentre essentiellement sur les sujets de soci\u00e9t\u00e9. Je cherche \u00e0 comprendre son fonctionnement, qui est en m\u00e9tamorphose continue, et partager le fruit de mes recherches et analyses avec tout le monde.&#8221;<\/p>\n\n\n\n<p><\/p>\n\n\n\n<h3 class=\"wp-block-heading\"><strong><span class=\"has-inline-color has-black-color\">2-: Quel est votre parcours ? Votre jeunesse, vos \u00e9tudes, vos projets d\u00e9j\u00e0 r\u00e9alis\u00e9s et vos succ\u00e8s pass\u00e9s ?<\/span><\/strong><\/h3>\n\n\n\n<p><\/p>\n\n\n\n<p class=\"has-text-align-justify\">Je suis n\u00e9 en URSS dans le Donbass, l\u00e0 o\u00f9 se poursuit malheureusement le conflit depuis 2014. Je dis toujours que j\u2019appartiens \u00e0 la derni\u00e8re g\u00e9n\u00e9ration sovi\u00e9tique, puisque j\u2019ai eu le temps de go\u00fbter au communisme, version sovi\u00e9tique, et \u00e0 ses \u00ab&nbsp;charmes&nbsp;\u00bb innombrables, bien qu\u2019ils fussent d\u00e9j\u00e0 en fin de course.<\/p>\n\n\n\n<p class=\"has-text-align-justify\">Petit, j\u2019ai pas mal boug\u00e9 avec ma famille. J\u2019ai v\u00e9cu en Ukraine, dans les pays Baltes, en Russie bien s\u00fbr, en Mongolie et en Tch\u00e9coslovaquie (dans l\u2019actuelle r\u00e9publique Tch\u00e8que). A l\u2019\u00e2ge de 19 ans je suis arriv\u00e9 en France pour continuer mes \u00e9tudes sup\u00e9rieures. La vie a fait que j\u2019y suis rest\u00e9 apr\u00e8s mes \u00e9tudes. Et cette ann\u00e9e, cela va faire 23 ans que je fais \u00ab&nbsp;partie des meubles&nbsp;\u00bb, tout en gardant un \u0153il observateur sur la soci\u00e9t\u00e9 fran\u00e7aise.<\/p>\n\n\n\n<p class=\"has-text-align-justify\">Apr\u00e8s une exp\u00e9rience aupr\u00e8s des entreprises parisiennes (dans l\u2019export, le conseil en strat\u00e9gie et organisation, et autre), en 2012 j\u2019ai commenc\u00e9 \u00e0 \u00e9crire dans mon blog <a href=\"http:\/\/www.newpointdeview.com\">New Point De View<\/a>. Ce sont principalement des r\u00e9flexions sur la soci\u00e9t\u00e9 (notamment occidentale, sovi\u00e9tique et post-sovi\u00e9tique), des analyses interculturelles pour essayer de comprendre et expliquer aux autres les difficult\u00e9s d\u2019entente et de compr\u00e9hension mutuelle entre les peuples, les politiciens, les couples, les hommes d\u2019affaires, et j\u2019en passe.<\/p>\n\n\n\n<p class=\"has-text-align-justify\">En 2019 j\u2019ai publi\u00e9 mon premier livre <a href=\"https:\/\/antonmalafeev.com\/psychologie-des-nouveaux-riches\/\"><em>La psychologie des nouveaux riches \u2022 Le r\u00e9cit d\u2019un serviteur<\/em><\/a> qui est un essai-soci\u00e9t\u00e9 atypique. J\u2019y retrace mon exp\u00e9rience de travail avec des (tr\u00e8s) riches en France, ce qui fait que le livre est bas\u00e9 sur des faits r\u00e9els sans la moindre once de romance. Et \u00e0 la fois c\u2019est un essai sociologique, \u00e9conomique et politique o\u00f9 je propose le plafonnement des fortunes (\u00e0 ne pas confondre avec le plafonnement des revenus) et j\u2019argumente le fait que cela n\u2019a rien \u00e0 voir avec le communisme ou socialisme. En r\u00e9alit\u00e9, j\u2019y mets dos \u00e0 dos le capitalisme avec le communisme qui sont deux extr\u00eames inadapt\u00e9s \u00e0 la nature humaine. Aujourd\u2019hui, je d\u00e9veloppe mon nouveau projet \u2014 interviewer des gens \u00ab&nbsp;out of the box&nbsp;\u00bb \u2014 sur <a href=\"https:\/\/www.youtube.com\/channel\/UCWFt2WvySLorv3XfN5WIt5g?sub_confirmation=1\">ma cha\u00eene Youtube<\/a>.<\/p>\n\n\n\n<p><\/p>\n\n\n\n<h3 class=\"wp-block-heading\"><strong><span class=\"has-inline-color has-black-color\">3-: Qu&#8217;est-ce qui vous a amen\u00e9 \u00e0 lancer votre projet ? Quelles sont les \u00e9tapes qui vous y ont men\u00e9es ?<\/span><\/strong><\/h3>\n\n\n\n<p><\/p>\n\n\n\n<p class=\"has-text-align-justify\">&#8220;Ici, je risque de vous d\u00e9cevoir. Car je n\u2019ai pas de r\u00e9ponse rationnelle et concr\u00e8te. En revanche, je ferai probablement plaisir aux adeptes de spiritualit\u00e9 et de d\u00e9veloppement personnel, en disant qu\u2019une force int\u00e9rieure m\u2019y a pouss\u00e9. En 2012, apr\u00e8s une perte d\u2019emploi pour raisons \u00e9conomiques, j\u2019ai senti que je devais tout changer. Et dans une esp\u00e8ce de n\u00e9buleuse de pens\u00e9es j\u2019ai entrevu le besoin d\u2019\u00e9crire \u2014 la chose que je n\u2019ai jamais faite auparavant. La suite des \u00e9tapes fut une sorte de puzzle inexplicable (et trop long pour \u00eatre exprim\u00e9 en quelques lignes) qui m\u2019ont amen\u00e9 \u00e0 la vie que je m\u00e8ne aujourd\u2019hui.&#8221;<\/p>\n\n\n\n<p class=\"has-text-align-justify\"><\/p>\n\n\n\n<h3 class=\"wp-block-heading\"><strong><span class=\"has-inline-color has-black-color\">4-: <strong><strong>Can you explain to us more in details what are your projects about<\/strong><\/strong><\/span><\/strong><span class=\"has-inline-color has-black-color\"><strong>and why are you doing what you're doing ?<\/strong><\/span><\/h3>\n\n\n\n<p><\/p>\n\n\n\n<p class=\"has-text-align-justify\">&#8220;J\u2019ai toujours aim\u00e9 comprendre les choses et pas simplement les survoler sans rentrer dans les d\u00e9tails. J\u2019ai l\u2019impression que c\u2019est le moteur principal de ma production aujourd\u2019hui.<\/p>\n\n\n\n<p class=\"has-text-align-justify\">Apr\u00e8s avoir \u00e9crit et parl\u00e9 en public de mes analyses et r\u00e9flexions, j\u2019ai voulu chercher au-del\u00e0 de ma propre pens\u00e9e et je me suis orient\u00e9 vers les interviews des gens atypiques qui, aussi, cherchent \u00e0 comprendre et analysent. Cela permet d\u2019\u00e9toffer sa propre vision des choses, de confronter son regard \u00e0 celui venant des horizons compl\u00e8tement diff\u00e9rents, pour mieux comprendre le monde dans lequel nous vivons.<\/p>\n\n\n\n<p class=\"has-text-align-justify\">C\u2019est cette qu\u00eate et cette compr\u00e9hension approfondie qui a toujours permis \u00e0 l\u2019humain de se sur\u00e9lever et d\u2019\u00e9voluer. Pour moi, c\u2019est int\u00e9ressant, mais surtout important pour la p\u00e9rennit\u00e9 et l\u2019am\u00e9lioration de notre esp\u00e8ce. \u00c7a peut sonner creux et surfait, et pourtant c\u2019est ce qui m\u2019anime. C\u2019est certainement pour cela aussi que je parle dans mon livre de la prochaine sur\u00e9l\u00e9vation que la genre humain doit effectuer pour monter sur la nouvelle marche de son d\u00e9veloppement.&#8221;<\/p>\n\n\n\n<p><\/p>\n\n\n\n<h3 class=\"wp-block-heading\"><strong><span class=\"has-inline-color has-black-color\">5-: <\/span><\/strong><span class=\"has-inline-color has-black-color\"><strong>Qu&#8217;est ce que le conservatisme selon vous ? Et pensez-vous qu&#8217;il est important aujourd&#8217;hui ?<\/strong><\/span><\/h3>\n\n\n\n<p><\/p>\n\n\n\n<p class=\"has-text-align-justify\">&#8220;De mani\u00e8re simpliste, c\u2019est une propension \u00e0 maintenir les fa\u00e7ons d\u2019antan de voir et de faire les choses&nbsp;; de pr\u00e9server les valeurs h\u00e9rit\u00e9es de nos ascendants.<\/p>\n\n\n\n<p class=\"has-text-align-justify\">Le conservatisme extr\u00eame, c\u2019est l\u2019envie fanatique de ne rien changer, de garder \u00e0 tout prix les usages et les us et coutumes d&#8217;antan. Une chose qui est impossible dans l\u2019univers o\u00f9 tout change en permanence et passe d\u2019un \u00e9tat \u00e0 l\u2019autre. La soci\u00e9t\u00e9 humaine n\u2019en est absolument pas l\u2019exception. Tous les processus qui s\u2019y d\u00e9roulent \u00e9voluent en permanence. Et si le terme \u00ab&nbsp;\u00e9voluer&nbsp;\u00bb peut para\u00eetre tir\u00e9 par les cheveux pour certains, alors on peut le remplacer par \u00ab&nbsp;changer&nbsp;\u00bb.<\/p>\n\n\n\n<p class=\"has-text-align-justify\">Le m\u00e9canisme du changement ne s\u2019arr\u00eatera jamais. A ce sujet je peux vous proposer de lire mon article : <a href=\"https:\/\/www.newpointdeview.com\/pro\/de-la-crise-au-progres-changement-probleme-solution\/\">De la crise au progr\u00e8s: Changement\u2014Probl\u00e8me\u2014Solution<\/a>. J\u2019y explique justement la logique du changement permanent.<\/p>\n\n\n\n<p class=\"has-text-align-justify\">Donc le conservatisme est bien s\u00fbr n\u00e9cessaire jusqu\u2019\u00e0 un certain degr\u00e9. Ne serait-ce que pour que certaines valeurs perdurent dans la soci\u00e9t\u00e9. Mais elles doivent, in\u00e9vitablement, \u00eatre revues et adapt\u00e9es \u00e0 l\u2019\u00e9poque qu\u2019elles sont en train de traverser. Puisqu\u2019elles ne peuvent pas demeurer inchang\u00e9es <em>ad vitam \u00e6ternam<\/em>. Pour cela, naturellement, le d\u00e9bat est vital dans toute soci\u00e9t\u00e9. Pas seulement aujourd\u2019hui. Cependant il faut toujours chercher le juste milieu pour la pr\u00e9servation des valeurs, qui doivent \u00eatre articul\u00e9es dans l\u2019actualit\u00e9 du moment. En d\u2019autres termes, le conservatisme est toujours important, pas seulement aujourd\u2019hui. Mais il doit \u00eatre souple et intelligent, dans tous les sens du terme.&#8221;<\/p>\n\n\n\n<p><\/p>\n\n\n\n<h3 class=\"wp-block-heading\"><span class=\"has-inline-color has-black-color\"><strong>6-: Que pensez-vous du contexte actuel de la soci\u00e9t\u00e9 en Europe ? Et \u00e0 l&#8217;\u00e9chelle du monde ?<\/strong><\/span><\/h3>\n\n\n\n<p><\/p>\n\n\n\n<p class=\"has-text-align-justify\">&#8220;Tr\u00e8s vaste d\u00e9bat. Et puis \u00e0 quel moment de l\u2019histoire ce genre d\u2019interrogation n\u2019\u00e9voquerait de vastes d\u00e9bats de ses contemporains&nbsp;?<\/p>\n\n\n\n<p class=\"has-text-align-justify\">Comme j\u2019ai dit plus haut, le monde (et l\u2019Europe en fait partie) est en permanente m\u00e9tamorphose, que celle-ci nous plaise ou pas. Statuer de mani\u00e8re univoque que ce monde va mal ou bien rel\u00e8verait de la d\u00e9mence pure.<\/p>\n\n\n\n<p class=\"has-text-align-justify\">Le fait est qu\u2019on a trop souvent tendance \u00e0 penser que le monde va mal. C\u2019est une r\u00e9action psychologique bas\u00e9e sur un tas de biais cognitifs, dont la nature humaine est bourr\u00e9e jusqu\u2019au paroxysme. Mais en m\u00eame temps, tout voir \u00e0 travers des lunettes roses serait tout aussi anormal.<\/p>\n\n\n\n<p class=\"has-text-align-justify\">Les p\u00e9rip\u00e9ties que nous visons en Europe et dans le monde, que \u00e7a soit pendant le COVID ou m\u00eame avant, nous montrent clairement que nous sommes en mutation. Celles que j\u2019ai tent\u00e9 de d\u00e9crire plus haut en \u00e0 peine quelques mots. On peut supposer que la mutation d\u2019aujourd\u2019hui serait plus forte et plus rapide que celles que l\u2019humanit\u00e9 a connu par le pass\u00e9. Mais ni vous ni moi n\u2019ont assist\u00e9 aux mutations et aux probl\u00e8mes du pass\u00e9, donc nous ne pouvons qu\u2019\u00e9mettre des hypoth\u00e8ses sur le degr\u00e9 de ces changements aujourd\u2019hui. Seulement, \u00e0 quel point nos hypoth\u00e8ses seront justes&nbsp;?<\/p>\n\n\n\n<p class=\"has-text-align-justify\">Oui, beaucoup de choses nous font peur et nous d\u00e9plaisent dans ce qui se passe aujourd\u2019hui. Et compte tenu des recherches en anthropologie et en neurologie, l\u2019humain a tendance le plus souvent \u00e0 noircir le tableau. Ce m\u00e9canisme s\u2019est ancr\u00e9 en nous au d\u00e9but de notre survie, lorsque l\u2019existence humaine \u00e9tait incomparablement moins stable, moins confortable et plus dangereuse. Et malgr\u00e9 le confort, la s\u00e9curit\u00e9 et l\u2019abondance dans lesquels nous vivons aujourd\u2019hui, nous continuons \u00e0 \u00eatre r\u00e9gis par ces biais cognitifs, en pensant que tout va de pire en pire. Or, la r\u00e9alit\u00e9 est souvent tr\u00e8s diff\u00e9rente.<\/p>\n\n\n\n<p class=\"has-text-align-justify\">Sommes-nous suffisamment ouverts d\u2019esprit et pr\u00eats \u00e0 accepter et \u00e0 comprendre que, peut-\u00eatre, le monde et l\u2019Europe ne vont pas si mal&nbsp;? Que ce ne sont que des m\u00e9tamorphoses d\u2019une soci\u00e9t\u00e9 qui \u00e9volue. (Bien trop lentement, d\u2019ailleurs. Mais l\u00e0 c\u2019est un autre sujet)<\/p>\n\n\n\n<p class=\"has-text-align-justify\">Et dites-vous bien qu\u2019\u00e0 l\u2019\u00e9chelle de l\u2019histoire les probl\u00e8mes, qui nous touchent aujourd\u2019hui et nous paraissent comme \u00e9normes et graves, puissent para\u00eetre comme insignifiants aux g\u00e9n\u00e9rations futures. De la m\u00eame mani\u00e8re que, aujourd\u2019hui, nous n\u2019accordons pas du tout la m\u00eame attention aux m\u00e9tamorphoses qu\u2019ont subi nos anc\u00eatres il y a 100 ou 2000 ans. Un petit d\u00e9tail : tous changements \u2014 \u00e9tant bas\u00e9s sur la science, le progr\u00e8s social, etc \u2014 peuvent-\u00eatre, pour ainsi dire, naturels et souhaitables. Mais les changements peuvent aussi \u00eatre le fruit d\u2019int\u00e9r\u00eats obscurs de quelques puissants qui parasitent la soci\u00e9t\u00e9 enti\u00e8re. Et assez souvent, distinguer une fronti\u00e8re entre l\u2019un et l\u2019autre s\u2019av\u00e8re impossible. Or, le contexte actuel de la soci\u00e9t\u00e9 n\u2019en fait point exception. Nous ne sommes qu\u2019au milieu d\u2019une m\u00e9tamorphose permanente qui ne s\u2019arr\u00eate jamais.&#8221;<\/p>\n\n\n\n<p><\/p>\n\n\n\n<h3 class=\"wp-block-heading\"><span class=\"has-inline-color has-black-color\"><strong>7-: Si vous deviez donner 5 \u00e9l\u00e9ments sur lesquels tout fran\u00e7ais devrait s\u00e9rieusement travailler au niveau individuel, lesquels seraient-ils ?<\/strong><\/span><\/h3>\n\n\n\n<p><\/p>\n\n\n\n<ul><li>R\u00e9\u00e9valuer drastiquement la certitude d\u2019\u00eatre le nombril du monde, en tant qu\u2019individu occidental et en tant que fran\u00e7ais.<\/li><li>Se rendre compte que le mode de vie men\u00e9 par les Fran\u00e7ais \u2014 m\u00eame par les gilets jaunes \u2014 est extr\u00eamement privil\u00e9gi\u00e9 compar\u00e9 \u00e0 la majorit\u00e9 de la population terrestre.<\/li><li>\u00catre plus r\u00e9fl\u00e9chis au quotidien. Ici, \u00ab&nbsp;r\u00e9fl\u00e9chis&nbsp;\u00bb n\u2019est pas le synonyme de \u00ab&nbsp;pol\u00e9mique&nbsp;\u00bb, mais plut\u00f4t de \u00ab&nbsp;\u00e9coutant et cherchant \u00e0 comprendre&nbsp;\u00bb. Tout le monde n\u2019aurait qu\u2019\u00e0 y gagner&nbsp;!<\/li><li>\u00c9tudier l\u2019histoire dans sa globalit\u00e9, ainsi que ne pas d\u00e9laisser aveuglement les valeurs des a\u00efeux. N\u00e9anmoins, garder \u00e0 l\u2019esprit que tout dans ce monde, t\u00f4t ou tard, est sujet au changement.<\/li><li>Et enfin, dans une certaine mesure, ce conseil concerne toutes les nations sans exception, car personne n\u2019aime se faire critiquer par des \u00e9trangers. Beaucoup de certitudes endurcies de g\u00e9n\u00e9ration en g\u00e9n\u00e9ration font que les gens sont persuad\u00e9s de facto d\u00e9tenir la raison supr\u00eame. Or, je dirais que nous devrions tous savoir entendre la critique et les v\u00e9rit\u00e9s venant d\u2019ailleurs, notamment des \u00e9trangers. C\u2019est le meilleur point de comparaison et de remise en question.<\/li><\/ul>\n\n\n\n<p><\/p>\n\n\n\n<h3 class=\"wp-block-heading\"><span class=\"has-inline-color has-black-color\"><strong>8-: Pouvez-vous nous partager votre ressenti sur la jeunesse d&#8217;aujourd&#8217;hui ?<\/strong><\/span><\/h3>\n\n\n\n<p><\/p>\n\n\n\n<p class=\"has-text-align-justify\">&#8220;En enseignant dans une \u00e9cole de commerce, j\u2019ai en face de moi les jeunes de 20-30 ans. Ce n\u2019est bien s\u00fbr pas la totalit\u00e9 de la jeunesse qui nous entoure. Mais je peux dire de ces 20-30 ans que, dans leur ensemble, ils ne sont pas les pires repr\u00e9sentants de la nouvelle g\u00e9n\u00e9ration. M\u00eame si, soyons honn\u00eates, on voudrait qu\u2019ils soient plus attentifs, plus cultiv\u00e9s, etc.<\/p>\n\n\n\n<p class=\"has-text-align-justify\">Je remarque un param\u00e8tre assez int\u00e9ressant et plaisant \u00e0 la fois&nbsp;: ils sont assez sensibles \u00e0 l\u2019\u00e9tat du monde dans lequel nous sommes tous de nos jours. Ils voient et sentent assez bien ce qui ne va pas. Et, selon moi, c\u2019est un tr\u00e8s bon barom\u00e8tre du fait que ces 20-30 ans ne sont pas compl\u00e8tement perdus pour la soci\u00e9t\u00e9, m\u00eame s\u2019ils ne sont pas tout \u00e0 fait conscients des difficult\u00e9s qui se profilent \u00e0 l\u2019horizon. Qui, de surcro\u00eet, ne sont pas de leur faute\u2026<\/p>\n\n\n\n<p class=\"has-text-align-justify\">J\u2019ai l\u2019impression que les jeunes \u00e9duqu\u00e9s et instruits rentrent dans la vie adulte \u00e9tant peu ou prou conscients et pr\u00e9par\u00e9s. M\u00eame si quiconque pourrait redire plein de chose de la hauteur de ses 40, 50 ou 60 ans de v\u00e9cu.<\/p>\n\n\n\n<p class=\"has-text-align-justify\">En revanche, les jeunes ayant eu une \u00e9ducation passive, voire absente, et n\u2019\u00e9tant pas convenablement instruits n\u2019ont pas du tout la m\u00eame approche de la vie. Ceux-l\u00e0 font peur aux doyens de la soci\u00e9t\u00e9.<\/p>\n\n\n\n<p class=\"has-text-align-justify\">Mais \u00e0 quelle \u00e9poque c\u2019\u00e9tait diff\u00e9rent&nbsp;? De tous les temps la soci\u00e9t\u00e9 \u00e9tait divis\u00e9e de la m\u00eame mani\u00e8re qu\u2019aujourd\u2019hui. Et personne, je pense, ne saurait r\u00e9ellement estimer si la jeunesse d\u2019aujourd\u2019hui est mieux pr\u00e9par\u00e9e pour la vie adulte qu\u2019il y a 50 ou 100 ans. Car seuls les indices d\u2019alphab\u00e9tisation, de BAC et de doctorats obtenus ne v\u00e9hiculent gu\u00e8re l\u2019\u00e9tat global de la soci\u00e9t\u00e9 et de son aptitude d\u2019affronter le monde VUCA dans lequel nous \u00e9voluons depuis \u00e0 peine quelques d\u00e9cennies.<\/p>\n\n\n\n<p class=\"has-text-align-justify\">Bref, c\u2019est le sujet d\u2019un livre, pas d\u2019une r\u00e9ponse sur le coin d\u2019une table.&#8221;<\/p>\n\n\n\n<p class=\"has-text-align-justify\"><\/p>\n\n\n\n<h3 class=\"wp-block-heading\"><span class=\"has-inline-color has-black-color\"><strong>9-: Beaucoup de jeunes fran\u00e7ais cherchent \u00e0 renouer avec leur h\u00e9ritage, quel est le meilleur moyen selon vous d&#8217;y parvenir ?<\/strong><\/span><\/h3>\n\n\n\n<p><\/p>\n\n\n\n<p class=\"has-text-align-justify\">&#8220;\u00c9tudier l\u2019histoire.<\/p>\n\n\n\n<p class=\"has-text-align-justify\">Il n\u2019y a pas d\u2019autres voies possibles. Churchill a dit \u00ab un&nbsp;peuple qui&nbsp;oublie&nbsp;son&nbsp;pass\u00e9 se condamne \u00e0 le&nbsp;revivre \u00bb. Il avait parfaitement raison. Par exemple, si les jeunes Fran\u00e7ais d\u2019aujourd\u2019hui vont continuer \u00e0 croire que la deuxi\u00e8me guerre mondiale a \u00e9t\u00e9 gagn\u00e9 par les Am\u00e9ricains, la citation de Churchill pourrait, peut-\u00eatre, se r\u00e9aliser dans un futur plus ou moins proche\u2026<\/p>\n\n\n\n<p class=\"has-text-align-justify\">Pour renouer avec son h\u00e9ritage, il faut le conna\u00eetre, mais il faut aussi le comprendre. D\u2019o\u00f9 le deuxi\u00e8me point, que je mart\u00e8le inlassablement \u00e0 mes \u00e9tudiants&nbsp;: il faut toujours chercher \u00e0 comprendre. Et cette compr\u00e9hension ne passe que par la lecture, l\u2019\u00e9coute, le d\u00e9bat et surtout la comparaison&nbsp;! Car toute cognition est bas\u00e9e sur la comparaison.<\/p>\n\n\n\n<p class=\"has-text-align-justify\">Donc comparez les sources d\u2019information&nbsp;; les pays et les modes de vie lors de vos voyages ; les pens\u00e9es des uns et des autres&nbsp;; les analyses diff\u00e9rentes&nbsp;; et enfin l\u2019histoire \u00e0 ce qui se passe aujourd\u2019hui ! C\u2019est d\u2019ailleurs une des raisons pour laquelle j\u2019ai voulu \u2014 apr\u00e8s mes propres analyses sous l\u2019\u00e9gide \u00ab&nbsp;new point de view&nbsp;\u00bb \u2014 d\u2019interviewer des personnes (tr\u00e8s) diff\u00e9rentes pour recueillir \u00ab&nbsp;d\u2019autres points de view&nbsp;\u00bb venant de tous horizons.&#8221;<\/p>\n\n\n\n<p><\/p>\n\n\n\n<h3 class=\"wp-block-heading\"><span class=\"has-inline-color has-black-color\"><strong>10-: Quels sont les principaux dangers qui menacent la civilisation europ\u00e9enne selon vous ?<\/strong><\/span><\/h3>\n\n\n\n<p><\/p>\n\n\n\n<ol type=\"1\"><li>Je dirais le \u00ab&nbsp;chauvinisme analphab\u00e8te&nbsp;\u00bb qui, comme vous pouvez le deviner, n\u2019a rien \u00e0 voir avec le souverainisme.<\/li><li>Le suivisme aveugle de Washington, que \u00e7a soit au niveau de la France ou de l\u2019Europe.<\/li><li>Le politiquement correct qui fausse la donne et interdit d\u2019appeler un chat un chat. Compte tenu des particularit\u00e9s culturelles, les Latins (et les Occidentaux plus g\u00e9n\u00e9ralement) aiment beaucoup \u2014 en mode \u00ab&nbsp;communication indirecte&nbsp;\u00bb \u2014 voiler la face du monde, l\u2019embellir pour cacher la mis\u00e8re. Seulement, lorsque \u00e7a devient la r\u00e8gle \u00e9rig\u00e9e au rang de la loi, les non-dits et les doubles standards font surface, ce qui ne m\u00e8ne jamais vers un avenir radieux. C\u2019est un sovi\u00e9tique qui vous parle\u2026<\/li><\/ol>\n\n\n\n<p class=\"has-text-align-justify\"><\/p>\n\n\n\n<h3 class=\"wp-block-heading\"><span class=\"has-inline-color has-black-color\"><strong>11-: Quels sont les principaux espoirs et leviers qui permettraient de surpasser ces menaces ?<\/strong><\/span><\/h3>\n\n\n\n<p><\/p>\n\n\n\n<p class=\"has-text-align-justify\">&#8220;Prenant en compte ma r\u00e9ponse pr\u00e9c\u00e9dente, je devrais \u00e9crire un livre pour r\u00e9pondre \u00e0 cette question. Alors, j\u2019essaie juste d\u2019en esquisser le contenu.<\/p>\n\n\n\n<p class=\"has-text-align-justify\">Pour moi, la premi\u00e8re chose qui prime sur tout et avant tout, c\u2019est l\u2019instruction. Il n\u2019y a pas d\u2019autres espoirs, d\u2019autres armes plus puissantes ou d\u2019autres leviers que l\u2019instruction continue, dans les domaines touchant peu ou prou \u00e0 la nature humaine et aux principes du fonctionnement social.<\/p>\n\n\n\n<p class=\"has-text-align-justify\">Selon moi, c\u2019est l\u00e0-dedans que sont codifi\u00e9s absolument tous les secrets du fonctionnement social, de la politique, de l\u2019\u00e9conomie, etc. En les comprenant, on peut plus ais\u00e9ment les analyser et donc se construire des grilles de lecture et une image du monde bien plus proche de la r\u00e9alit\u00e9 que celle qui habituellement gravite dans le (sub)conscient collectif. Donc encore et toujours&nbsp;: lecture, \u00e9coute, d\u00e9bats. Et ce, en continue. Le monde et la soci\u00e9t\u00e9 ne sont pas fig\u00e9s. Il faut \u00eatre en permanence \u00e0 l\u2019affut de l\u2019histoire, des changements et tendances en cours.&#8221;<\/p>\n\n\n\n<p><\/p>\n\n\n\n<h3 class=\"wp-block-heading\"><span class=\"has-inline-color has-black-color\"><strong>12-:<\/strong> <strong>Y a t-il un sujet qui vous para\u00eet d\u00e9laiss\u00e9 aujourd&#8217;hui ou que vous consid\u00e9rez ne pas voir suffisamment dans les m\u00e9dias ou le d\u00e9bat public ?<\/strong><\/span><\/h3>\n\n\n\n<p><\/p>\n\n\n\n<p class=\"has-text-align-justify\">&#8220;Sans vouloir tirer la couette de mon c\u00f4t\u00e9, c\u2019est le sujet dans lequel je fais ma recherche et je publie mes analyses depuis bient\u00f4t 10 ans \u2014 l\u2019intelligence sociale. Comme j\u2019ai dit plus haut, c\u2019est dans les m\u00e9canismes sociaux que se cachent tous les secrets de notre soci\u00e9t\u00e9 et de son organisation, pays par pays.<\/p>\n\n\n\n<p class=\"has-text-align-justify\">Les \u00e9coles (quelles qu\u2019elles soient) ne prennent pas au s\u00e9rieux ce sujet. Le marketing et la finance sont bien plus importants. Les entreprises pr\u00e9f\u00e8rent investir dans les formations d&#8217;Excel ou d\u2019autres progiciels, plut\u00f4t que dans l\u2019\u00e9tude du fonctionnement de la ressource principale de n\u2019importe quelle bo\u00eete \u2014 l\u2019humain. Les m\u00e9dias, majoritairement, ne parlent que des attentats, du COVID, des batailles pr\u00e9sidentielles et des probl\u00e8mes \u00e9conomiques&nbsp;; et en p\u00e9riode estivale des autoroutes bouch\u00e9es par les d\u00e9parts simultan\u00e9s vers les campings o\u00f9 apr\u00e8s les premiers coups de soleil on va pour la \u00e9ni\u00e8me fois \u00e9lire la Miss Camping, joyeusement agr\u00e9ment\u00e9e par le karaok\u00e9 g\u00e9n\u00e9ralis\u00e9.<\/p>\n\n\n\n<p class=\"has-text-align-justify\">Personne, ou tr\u00e8s peu, ne parle de la racine de tous les maux du fonctionnement humain. Car en int\u00e9grant les notions comme <em>l\u2019\u00e9thique sociale<\/em> and <em>l\u2019intelligence sociale<\/em> dans le quotidien des \u00e9coles, des entreprises et des gouvernements on pourrait, j\u2019en suis certain, am\u00e9liorer un tas de choses.&#8221;<\/p>\n\n\n\n<p><\/p>\n\n\n\n<h3 class=\"wp-block-heading\"><span class=\"has-inline-color has-black-color\"><strong>13-: <strong><strong>Can you give us a book, a movie and a music that you think represent you, or that you care about?<\/strong><\/strong><\/strong><\/span><\/h3>\n\n\n\n<p><\/p>\n\n\n\n<p class=\"has-text-align-justify\">&#8220;\u00c0 mon adolescence j\u2019ai \u00e9t\u00e9 marqu\u00e9 par le film Forest Gump. Pour moi, c\u2019est un livre ouvert sur la nature humaine et sur le genre humain, en dehors d\u2019\u00eatre un des meilleurs sc\u00e9narios que je n\u2019ai jamais vu produit au cin\u00e9ma.<\/p>\n\n\n\n<p class=\"has-text-align-justify\">Je peux aussi conseiller le livre <a href=\"https:\/\/amzn.to\/3uARvyF\"><em>La psychologie des foules<\/em><\/a> de Gustave Le Bon. En d\u00e9pit des critiques que l\u2019on peut aujourd\u2019hui entendre \u00e0 l\u2019endroit de cette \u0153uvre, moi, je vous dis&nbsp;: sachez lire entre les lignes et de mani\u00e8re d\u00e9tach\u00e9e. Cette analyse de nature humaine par Gustave Le Bon n\u2019a pris aucune ride depuis 1895.<\/p>\n\n\n\n<p class=\"has-text-align-justify\">D\u2019ailleurs, vous aurez compris, le titre de mon premier essai fait r\u00e9f\u00e9rence \u00e0 cet anc\u00eatre de la psychosociologie contemporaine. Et pour en compl\u00e9ter la panoplie&nbsp;: <a href=\"https:\/\/amzn.to\/3o34c2w\"><em>Utopies r\u00e9alistes<\/em><\/a> de Rutger Bregman avec <a href=\"https:\/\/amzn.to\/33xSVy0\"><em>Non, ce n\u2019\u00e9tait pas mieux avant<\/em><\/a> de Johan Norberg. \u00c7a permet de relativiser et de prendre de la hauteur.&#8221;<\/p>\n\n\n\n<p><\/p>\n\n\n\n<h3 class=\"wp-block-heading\"><span class=\"has-inline-color has-black-color\"><strong>14-: <strong>What do you think you can bring to someone who is just discovering you?<\/strong><\/strong><\/span><\/h3>\n\n\n\n<p><\/p>\n\n\n\n<p class=\"has-text-align-justify\">&#8220;\u00ab&nbsp;Un autre regard sur le monde&nbsp;\u00bb qui est la devise de mon site NewPointDeView.com, ainsi que de toute ma production \u00e9crite et audio-visuelle. Ma t\u00e2che principale et mon int\u00e9r\u00eat consistent \u00e0 chercher \u00e0 comprendre des sujets vari\u00e9s, les analyser et en transmettre le r\u00e9sultat \u00e0 tous ceux qui veulent comprendre, comparer, d\u00e9couvrir, envisager les choses diff\u00e9remment et sont pr\u00eats \u00e0 changer d\u2019avis.<\/p>\n\n\n\n<p class=\"has-text-align-justify\">Cela \u00e9tant, tout le monde peut me faire changer d\u2019avis en r\u00e9agissant \u00e0 ma production de mani\u00e8re constructive. Je ne dirai jamais non&nbsp;! Et ce n\u2019est m\u00eame pas de la self-publicit\u00e9. J\u2019ai toujours fonctionn\u00e9 ainsi.&#8221;<\/p>\n\n\n\n<p><\/p>\n\n\n\n<h3 class=\"wp-block-heading\"><strong><span class=\"has-inline-color has-black-color\">15-: Quels sont vos projets \u00e0 l&#8217;avenir ? Dans les prochaines semaines et mois, \u00e0 court terme, mais \u00e9galement votre vision \u00e0 long terme.<\/span><\/strong><\/h3>\n\n\n\n<p><\/p>\n\n\n\n<p class=\"has-text-align-justify\">&#8220;Interviewer sous forme de d\u00e9bat des gens (personnalit\u00e9s) sortant des clous qui peuvent apporter des analyses nouvelles, inattendues, atypiques, un nouveau courant de pens\u00e9e. Le projet est d\u00e9j\u00e0 en cours. Je suis en plein d\u00e9veloppement et concr\u00e9tisation. Premi\u00e8res interviews en 3 langues (fran\u00e7ais, russe, anglais) sont d\u00e9j\u00e0 <a href=\"https:\/\/www.youtube.com\/watch?v=-tIg4kmvCak&amp;list=PLYDYp-UIQP-L6H-ND7Uvjxj3uK8aQEi2c&amp;ab_channel=AntonMalafeev\">en ligne<\/a>.<\/p>\n\n\n\n<p class=\"has-text-align-justify\">Une fois que ce projet est sur les railles et que j\u2019arrive \u00e0 m\u2019entourer d\u2019une \u00e9quipe de pros (cadrage, montage, community management), \u00e7a me permettra de d\u00e9l\u00e9guer beaucoup de t\u00e2ches et de revenir \u00e0 l\u2019\u00e9criture. Quelques sujets d\u00e9j\u00e0 en t\u00eate pour de nouveaux essais\u2026&#8221;<\/p>\n\n\n\n<p><\/p>\n\n\n\n<h3 class=\"wp-block-heading\"><strong><span class=\"has-inline-color has-black-color\">16-: O\u00f9 peut-on vous suivre ? Sur quel m\u00e9dia ou r\u00e9seau \u00eates-vous le plus actif ?<\/span><\/strong><\/h3>\n\n\n\n<p><\/p>\n\n\n\n<p class=\"has-text-align-justify\">Essentiellement sur <a href=\"http:\/\/bit.ly\/AntonYoutube\">ma cha\u00eene<\/a> and <a href=\"https:\/\/www.instagram.com\/anton.malafeev\">Insta<\/a>, mon <a href=\"http:\/\/www.newpointdeview.com\">blog<\/a>, mon <a href=\"https:\/\/antonmalafeev.com\/\">site d\u2019auteur<\/a> et ma <a href=\"https:\/\/facebook.com\/AntonMalafeev\/\">page Facebook<\/a><\/p>\n\n\n\n<p><\/p>\n\n\n\n<h3 class=\"wp-block-heading\"><strong><span class=\"has-inline-color has-black-color\">17-: Un mot pour la fin ?<\/span><\/strong><\/h3>\n\n\n\n<p><\/p>\n\n\n\n<p>&#8220;Cherchez \u00e0 comprendre !&#8221;<\/p>\n\n\n\n<p><\/p>\n\n\n\n<p><\/p>","protected":false},"excerpt":{"rendered":"<p>1- Pour nos lecteurs qui ne vous connaissent pas encore, pr\u00e9sentez-vous. &#8220;Je suis russe, j\u2019ai 43 ans et je vis [&hellip;]<\/p>","protected":false},"author":1,"featured_media":35920,"comment_status":"open","ping_status":"open","sticky":false,"template":"","format":"standard","meta":{"_et_pb_use_builder":"off","_et_pb_old_content":"","_et_gb_content_width":"","_exactmetrics_skip_tracking":false,"_exactmetrics_sitenote_active":false,"_exactmetrics_sitenote_note":"","_exactmetrics_sitenote_category":0,"footnotes":""},"categories":[21],"tags":[469,22,470],"yoast_head":"<!-- This site is optimized with the Yoast SEO plugin v22.3 - https:\/\/yoast.com\/wordpress\/plugins\/seo\/ -->\n<title>Interview TCE #25 - Anton Malafeev - The Conservative Enthusiast<\/title>\n<meta name=\"description\" content=\"\u27bd Interview de Anton Malafeev sur The Conservative Enthusiast : La plateforme communautaire de partage et d&#039;apprentissage des conservateurs.\" \/>\n<meta name=\"robots\" content=\"index, follow, max-snippet:-1, max-image-preview:large, max-video-preview:-1\" \/>\n<link rel=\"canonical\" href=\"https:\/\/conservativenthusiast.com\/en\/interview-tce-25-anton-malafeev\/\" \/>\n<meta property=\"og:locale\" content=\"en_GB\" \/>\n<meta property=\"og:type\" content=\"article\" \/>\n<meta property=\"og:title\" content=\"Interview TCE #25 - Anton Malafeev - The Conservative Enthusiast\" \/>\n<meta property=\"og:description\" content=\"\u27bd Interview de Anton Malafeev sur The Conservative Enthusiast : La plateforme communautaire de partage et d&#039;apprentissage des conservateurs.\" \/>\n<meta property=\"og:url\" content=\"https:\/\/conservativenthusiast.com\/en\/interview-tce-25-anton-malafeev\/\" \/>\n<meta property=\"og:site_name\" content=\"The Conservative Enthusiast\" \/>\n<meta property=\"article:published_time\" content=\"2021-07-03T10:00:00+00:00\" \/>\n<meta property=\"article:modified_time\" content=\"2021-07-31T12:34:18+00:00\" \/>\n<meta property=\"og:image\" content=\"https:\/\/conservativenthusiast.com\/wp-content\/uploads\/2021\/07\/Anton-Malafeev-NewPointDeView.com-30.jpg\" \/>\n\t<meta property=\"og:image:width\" content=\"1729\" \/>\n\t<meta property=\"og:image:height\" content=\"1155\" \/>\n\t<meta property=\"og:image:type\" content=\"image\/jpeg\" \/>\n<meta name=\"author\" content=\"Alexis.L\" \/>\n<meta name=\"twitter:card\" content=\"summary_large_image\" \/>\n<meta name=\"twitter:label1\" content=\"Written by\" \/>\n\t<meta name=\"twitter:data1\" content=\"Alexis.L\" \/>\n\t<meta name=\"twitter:label2\" content=\"Estimated reading time\" \/>\n\t<meta name=\"twitter:data2\" content=\"15 minutes\" \/>\n<script type=\"application\/ld+json\" class=\"yoast-schema-graph\">{\"@context\":\"https:\/\/schema.org\",\"@graph\":[{\"@type\":\"Article\",\"@id\":\"https:\/\/conservativenthusiast.com\/interview-tce-25-anton-malafeev\/#article\",\"isPartOf\":{\"@id\":\"https:\/\/conservativenthusiast.com\/interview-tce-25-anton-malafeev\/\"},\"author\":{\"name\":\"Alexis.L\",\"@id\":\"https:\/\/conservativenthusiast.com\/#\/schema\/person\/3edd83a60aed483f95ebc876aeac7feb\"},\"headline\":\"Interview TCE #25 &#8211; Anton Malafeev\",\"datePublished\":\"2021-07-03T10:00:00+00:00\",\"dateModified\":\"2021-07-31T12:34:18+00:00\",\"mainEntityOfPage\":{\"@id\":\"https:\/\/conservativenthusiast.com\/interview-tce-25-anton-malafeev\/\"},\"wordCount\":3736,\"commentCount\":0,\"publisher\":{\"@id\":\"https:\/\/conservativenthusiast.com\/#organization\"},\"image\":{\"@id\":\"https:\/\/conservativenthusiast.com\/interview-tce-25-anton-malafeev\/#primaryimage\"},\"thumbnailUrl\":\"https:\/\/conservativenthusiast.com\/wp-content\/uploads\/2021\/07\/Anton-Malafeev-NewPointDeView.com-30.jpg\",\"keywords\":[\"Anton Malafeev\",\"Interview\",\"New Point de View\"],\"articleSection\":[\"Interviews\"],\"inLanguage\":\"en-GB\",\"potentialAction\":[{\"@type\":\"CommentAction\",\"name\":\"Comment\",\"target\":[\"https:\/\/conservativenthusiast.com\/interview-tce-25-anton-malafeev\/#respond\"]}]},{\"@type\":\"WebPage\",\"@id\":\"https:\/\/conservativenthusiast.com\/interview-tce-25-anton-malafeev\/\",\"url\":\"https:\/\/conservativenthusiast.com\/interview-tce-25-anton-malafeev\/\",\"name\":\"Interview TCE #25 - Anton Malafeev - The Conservative Enthusiast\",\"isPartOf\":{\"@id\":\"https:\/\/conservativenthusiast.com\/#website\"},\"primaryImageOfPage\":{\"@id\":\"https:\/\/conservativenthusiast.com\/interview-tce-25-anton-malafeev\/#primaryimage\"},\"image\":{\"@id\":\"https:\/\/conservativenthusiast.com\/interview-tce-25-anton-malafeev\/#primaryimage\"},\"thumbnailUrl\":\"https:\/\/conservativenthusiast.com\/wp-content\/uploads\/2021\/07\/Anton-Malafeev-NewPointDeView.com-30.jpg\",\"datePublished\":\"2021-07-03T10:00:00+00:00\",\"dateModified\":\"2021-07-31T12:34:18+00:00\",\"description\":\"\u27bd Interview de Anton Malafeev sur The Conservative Enthusiast : La plateforme communautaire de partage et d'apprentissage des conservateurs.\",\"breadcrumb\":{\"@id\":\"https:\/\/conservativenthusiast.com\/interview-tce-25-anton-malafeev\/#breadcrumb\"},\"inLanguage\":\"en-GB\",\"potentialAction\":[{\"@type\":\"ReadAction\",\"target\":[\"https:\/\/conservativenthusiast.com\/interview-tce-25-anton-malafeev\/\"]}]},{\"@type\":\"ImageObject\",\"inLanguage\":\"en-GB\",\"@id\":\"https:\/\/conservativenthusiast.com\/interview-tce-25-anton-malafeev\/#primaryimage\",\"url\":\"https:\/\/conservativenthusiast.com\/wp-content\/uploads\/2021\/07\/Anton-Malafeev-NewPointDeView.com-30.jpg\",\"contentUrl\":\"https:\/\/conservativenthusiast.com\/wp-content\/uploads\/2021\/07\/Anton-Malafeev-NewPointDeView.com-30.jpg\",\"width\":1729,\"height\":1155},{\"@type\":\"BreadcrumbList\",\"@id\":\"https:\/\/conservativenthusiast.com\/interview-tce-25-anton-malafeev\/#breadcrumb\",\"itemListElement\":[{\"@type\":\"ListItem\",\"position\":1,\"name\":\"Accueil\",\"item\":\"https:\/\/conservativenthusiast.com\/\"},{\"@type\":\"ListItem\",\"position\":2,\"name\":\"Interview TCE #25 &#8211; Anton Malafeev\"}]},{\"@type\":\"WebSite\",\"@id\":\"https:\/\/conservativenthusiast.com\/#website\",\"url\":\"https:\/\/conservativenthusiast.com\/\",\"name\":\"The Conservative Enthusiast\",\"description\":\"La plateforme de r\u00e9information, de partage et d&#039;apprentissage des conservateurs.\",\"publisher\":{\"@id\":\"https:\/\/conservativenthusiast.com\/#organization\"},\"potentialAction\":[{\"@type\":\"SearchAction\",\"target\":{\"@type\":\"EntryPoint\",\"urlTemplate\":\"https:\/\/conservativenthusiast.com\/?s={search_term_string}\"},\"query-input\":\"required name=search_term_string\"}],\"inLanguage\":\"en-GB\"},{\"@type\":\"Organization\",\"@id\":\"https:\/\/conservativenthusiast.com\/#organization\",\"name\":\"The Conservative Enthusiast\",\"url\":\"https:\/\/conservativenthusiast.com\/\",\"logo\":{\"@type\":\"ImageObject\",\"inLanguage\":\"en-GB\",\"@id\":\"https:\/\/conservativenthusiast.com\/#\/schema\/logo\/image\/\",\"url\":\"https:\/\/i0.wp.com\/conservativeenthusiast.com\/wp-content\/uploads\/2020\/06\/LOGO-CE-MINI.png?fit=3867%2C1180&ssl=1\",\"contentUrl\":\"https:\/\/i0.wp.com\/conservativeenthusiast.com\/wp-content\/uploads\/2020\/06\/LOGO-CE-MINI.png?fit=3867%2C1180&ssl=1\",\"width\":3867,\"height\":1180,\"caption\":\"The Conservative Enthusiast\"},\"image\":{\"@id\":\"https:\/\/conservativenthusiast.com\/#\/schema\/logo\/image\/\"}},{\"@type\":\"Person\",\"@id\":\"https:\/\/conservativenthusiast.com\/#\/schema\/person\/3edd83a60aed483f95ebc876aeac7feb\",\"name\":\"Alexis.L\",\"image\":{\"@type\":\"ImageObject\",\"inLanguage\":\"en-GB\",\"@id\":\"https:\/\/conservativenthusiast.com\/#\/schema\/person\/image\/\",\"url\":\"https:\/\/secure.gravatar.com\/avatar\/e276145ad3a64170e9c68564bb9e4280?s=96&d=mm&r=g\",\"contentUrl\":\"https:\/\/secure.gravatar.com\/avatar\/e276145ad3a64170e9c68564bb9e4280?s=96&d=mm&r=g\",\"caption\":\"Alexis.L\"},\"description\":\"Si vous appr\u00e9ciez les articles de ce r\u00e9dacteur et que vous souhaitez en d\u00e9couvrir davantage sur lui ou ses \u00e9crits, vous pouvez consulter tous ses articles en cliquant sur son pseudo ou en apprendre plus sur notre page \\\"Notre \u00e9quipe\\\". Vous pouvez \u00e9galement le suivre sur ses diff\u00e9rents r\u00e9seaux sociaux ci-dessous.\",\"url\":\"https:\/\/conservativenthusiast.com\/en\/author\/admin6171\/\"}]}<\/script>\n<!-- \/ Yoast SEO plugin. -->","yoast_head_json":{"title":"Interview TCE #25 - Anton Malafeev - The Conservative Enthusiast","description":"\u27bd Interview de Anton Malafeev sur The Conservative Enthusiast : La plateforme communautaire de partage et d'apprentissage des conservateurs.","robots":{"index":"index","follow":"follow","max-snippet":"max-snippet:-1","max-image-preview":"max-image-preview:large","max-video-preview":"max-video-preview:-1"},"canonical":"https:\/\/conservativenthusiast.com\/en\/interview-tce-25-anton-malafeev\/","og_locale":"en_GB","og_type":"article","og_title":"Interview TCE #25 - Anton Malafeev - The Conservative Enthusiast","og_description":"\u27bd Interview de Anton Malafeev sur The Conservative Enthusiast : La plateforme communautaire de partage et d'apprentissage des conservateurs.","og_url":"https:\/\/conservativenthusiast.com\/en\/interview-tce-25-anton-malafeev\/","og_site_name":"The Conservative Enthusiast","article_published_time":"2021-07-03T10:00:00+00:00","article_modified_time":"2021-07-31T12:34:18+00:00","og_image":[{"width":1729,"height":1155,"url":"https:\/\/conservativenthusiast.com\/wp-content\/uploads\/2021\/07\/Anton-Malafeev-NewPointDeView.com-30.jpg","type":"image\/jpeg"}],"author":"Alexis.L","twitter_card":"summary_large_image","twitter_misc":{"Written by":"Alexis.L","Estimated reading time":"15 minutes"},"schema":{"@context":"https:\/\/schema.org","@graph":[{"@type":"Article","@id":"https:\/\/conservativenthusiast.com\/interview-tce-25-anton-malafeev\/#article","isPartOf":{"@id":"https:\/\/conservativenthusiast.com\/interview-tce-25-anton-malafeev\/"},"author":{"name":"Alexis.L","@id":"https:\/\/conservativenthusiast.com\/#\/schema\/person\/3edd83a60aed483f95ebc876aeac7feb"},"headline":"Interview TCE #25 &#8211; Anton Malafeev","datePublished":"2021-07-03T10:00:00+00:00","dateModified":"2021-07-31T12:34:18+00:00","mainEntityOfPage":{"@id":"https:\/\/conservativenthusiast.com\/interview-tce-25-anton-malafeev\/"},"wordCount":3736,"commentCount":0,"publisher":{"@id":"https:\/\/conservativenthusiast.com\/#organization"},"image":{"@id":"https:\/\/conservativenthusiast.com\/interview-tce-25-anton-malafeev\/#primaryimage"},"thumbnailUrl":"https:\/\/conservativenthusiast.com\/wp-content\/uploads\/2021\/07\/Anton-Malafeev-NewPointDeView.com-30.jpg","keywords":["Anton Malafeev","Interview","New Point de View"],"articleSection":["Interviews"],"inLanguage":"en-GB","potentialAction":[{"@type":"CommentAction","name":"Comment","target":["https:\/\/conservativenthusiast.com\/interview-tce-25-anton-malafeev\/#respond"]}]},{"@type":"WebPage","@id":"https:\/\/conservativenthusiast.com\/interview-tce-25-anton-malafeev\/","url":"https:\/\/conservativenthusiast.com\/interview-tce-25-anton-malafeev\/","name":"Interview TCE #25 - Anton Malafeev - The Conservative Enthusiast","isPartOf":{"@id":"https:\/\/conservativenthusiast.com\/#website"},"primaryImageOfPage":{"@id":"https:\/\/conservativenthusiast.com\/interview-tce-25-anton-malafeev\/#primaryimage"},"image":{"@id":"https:\/\/conservativenthusiast.com\/interview-tce-25-anton-malafeev\/#primaryimage"},"thumbnailUrl":"https:\/\/conservativenthusiast.com\/wp-content\/uploads\/2021\/07\/Anton-Malafeev-NewPointDeView.com-30.jpg","datePublished":"2021-07-03T10:00:00+00:00","dateModified":"2021-07-31T12:34:18+00:00","description":"\u27bd Interview de Anton Malafeev sur The Conservative Enthusiast : La plateforme communautaire de partage et d'apprentissage des conservateurs.","breadcrumb":{"@id":"https:\/\/conservativenthusiast.com\/interview-tce-25-anton-malafeev\/#breadcrumb"},"inLanguage":"en-GB","potentialAction":[{"@type":"ReadAction","target":["https:\/\/conservativenthusiast.com\/interview-tce-25-anton-malafeev\/"]}]},{"@type":"ImageObject","inLanguage":"en-GB","@id":"https:\/\/conservativenthusiast.com\/interview-tce-25-anton-malafeev\/#primaryimage","url":"https:\/\/conservativenthusiast.com\/wp-content\/uploads\/2021\/07\/Anton-Malafeev-NewPointDeView.com-30.jpg","contentUrl":"https:\/\/conservativenthusiast.com\/wp-content\/uploads\/2021\/07\/Anton-Malafeev-NewPointDeView.com-30.jpg","width":1729,"height":1155},{"@type":"BreadcrumbList","@id":"https:\/\/conservativenthusiast.com\/interview-tce-25-anton-malafeev\/#breadcrumb","itemListElement":[{"@type":"ListItem","position":1,"name":"Accueil","item":"https:\/\/conservativenthusiast.com\/"},{"@type":"ListItem","position":2,"name":"Interview TCE #25 &#8211; Anton Malafeev"}]},{"@type":"WebSite","@id":"https:\/\/conservativenthusiast.com\/#website","url":"https:\/\/conservativenthusiast.com\/","name":"The Conservative Enthusiast","description":"La plateforme de r\u00e9information, de partage et d&#039;apprentissage des conservateurs.","publisher":{"@id":"https:\/\/conservativenthusiast.com\/#organization"},"potentialAction":[{"@type":"SearchAction","target":{"@type":"EntryPoint","urlTemplate":"https:\/\/conservativenthusiast.com\/?s={search_term_string}"},"query-input":"required name=search_term_string"}],"inLanguage":"en-GB"},{"@type":"Organization","@id":"https:\/\/conservativenthusiast.com\/#organization","name":"The Conservative Enthusiast","url":"https:\/\/conservativenthusiast.com\/","logo":{"@type":"ImageObject","inLanguage":"en-GB","@id":"https:\/\/conservativenthusiast.com\/#\/schema\/logo\/image\/","url":"https:\/\/i0.wp.com\/conservativeenthusiast.com\/wp-content\/uploads\/2020\/06\/LOGO-CE-MINI.png?fit=3867%2C1180&ssl=1","contentUrl":"https:\/\/i0.wp.com\/conservativeenthusiast.com\/wp-content\/uploads\/2020\/06\/LOGO-CE-MINI.png?fit=3867%2C1180&ssl=1","width":3867,"height":1180,"caption":"The Conservative Enthusiast"},"image":{"@id":"https:\/\/conservativenthusiast.com\/#\/schema\/logo\/image\/"}},{"@type":"Person","@id":"https:\/\/conservativenthusiast.com\/#\/schema\/person\/3edd83a60aed483f95ebc876aeac7feb","name":"Alexis.L","image":{"@type":"ImageObject","inLanguage":"en-GB","@id":"https:\/\/conservativenthusiast.com\/#\/schema\/person\/image\/","url":"https:\/\/secure.gravatar.com\/avatar\/e276145ad3a64170e9c68564bb9e4280?s=96&d=mm&r=g","contentUrl":"https:\/\/secure.gravatar.com\/avatar\/e276145ad3a64170e9c68564bb9e4280?s=96&d=mm&r=g","caption":"Alexis.L"},"description":"Si vous appr\u00e9ciez les articles de ce r\u00e9dacteur et que vous souhaitez en d\u00e9couvrir davantage sur lui ou ses \u00e9crits, vous pouvez consulter tous ses articles en cliquant sur son pseudo ou en apprendre plus sur notre page \"Notre \u00e9quipe\". Vous pouvez \u00e9galement le suivre sur ses diff\u00e9rents r\u00e9seaux sociaux ci-dessous.","url":"https:\/\/conservativenthusiast.com\/en\/author\/admin6171\/"}]}},"_links":{"self":[{"href":"https:\/\/conservativenthusiast.com\/en\/wp-json\/wp\/v2\/posts\/35613"}],"collection":[{"href":"https:\/\/conservativenthusiast.com\/en\/wp-json\/wp\/v2\/posts"}],"about":[{"href":"https:\/\/conservativenthusiast.com\/en\/wp-json\/wp\/v2\/types\/post"}],"author":[{"embeddable":true,"href":"https:\/\/conservativenthusiast.com\/en\/wp-json\/wp\/v2\/users\/1"}],"replies":[{"embeddable":true,"href":"https:\/\/conservativenthusiast.com\/en\/wp-json\/wp\/v2\/comments?post=35613"}],"version-history":[{"count":13,"href":"https:\/\/conservativenthusiast.com\/en\/wp-json\/wp\/v2\/posts\/35613\/revisions"}],"predecessor-version":[{"id":38830,"href":"https:\/\/conservativenthusiast.com\/en\/wp-json\/wp\/v2\/posts\/35613\/revisions\/38830"}],"wp:featuredmedia":[{"embeddable":true,"href":"https:\/\/conservativenthusiast.com\/en\/wp-json\/wp\/v2\/media\/35920"}],"wp:attachment":[{"href":"https:\/\/conservativenthusiast.com\/en\/wp-json\/wp\/v2\/media?parent=35613"}],"wp:term":[{"taxonomy":"category","embeddable":true,"href":"https:\/\/conservativenthusiast.com\/en\/wp-json\/wp\/v2\/categories?post=35613"},{"taxonomy":"post_tag","embeddable":true,"href":"https:\/\/conservativenthusiast.com\/en\/wp-json\/wp\/v2\/tags?post=35613"}],"curies":[{"name":"wp","href":"https:\/\/api.w.org\/{rel}","templated":true}]}}