{"id":35129,"date":"2021-07-08T12:05:00","date_gmt":"2021-07-08T10:05:00","guid":{"rendered":"https:\/\/conservativeenthusiast.com\/?p=35129"},"modified":"2021-06-21T17:20:13","modified_gmt":"2021-06-21T15:20:13","slug":"le-masque-de-zorro-le-charme-et-lepee","status":"publish","type":"post","link":"https:\/\/conservativenthusiast.com\/en\/le-masque-de-zorro-le-charme-et-lepee\/","title":{"rendered":"Le Masque de Zorro, le charme et l&#8217;\u00e9p\u00e9e"},"content":{"rendered":"<h2 class=\"wp-block-heading\"><strong><span class=\"has-inline-color has-black-color\">JEUDI CIN\u00c9MA #37 : <\/span><\/strong><span class=\"has-inline-color has-black-color\"><strong>LE<\/strong><\/span> <span class=\"has-inline-color has-black-color\"><strong>MASQUE DE ZORRO<\/strong><\/span><\/h2>\n\n\n\n<p><\/p>\n\n\n\n<figure class=\"wp-block-image size-large\"><img decoding=\"async\" width=\"1024\" height=\"327\" src=\"https:\/\/conservativenthusiast.com\/wp-content\/uploads\/2020\/11\/JEUDI-CINEMA-1024x327.png\" alt=\"JEUDI CINEMA THE CONSERVATIVE ENTHUSIAST\" class=\"wp-image-2778\" srcset=\"https:\/\/conservativenthusiast.com\/wp-content\/uploads\/2020\/11\/JEUDI-CINEMA-1024x327.png 1024w, https:\/\/conservativenthusiast.com\/wp-content\/uploads\/2020\/11\/JEUDI-CINEMA-300x96.png 300w, https:\/\/conservativenthusiast.com\/wp-content\/uploads\/2020\/11\/JEUDI-CINEMA-768x245.png 768w, https:\/\/conservativenthusiast.com\/wp-content\/uploads\/2020\/11\/JEUDI-CINEMA-1536x491.png 1536w, https:\/\/conservativenthusiast.com\/wp-content\/uploads\/2020\/11\/JEUDI-CINEMA-2048x654.png 2048w, https:\/\/conservativenthusiast.com\/wp-content\/uploads\/2020\/11\/JEUDI-CINEMA-1080x345.png 1080w, https:\/\/conservativenthusiast.com\/wp-content\/uploads\/2020\/11\/JEUDI-CINEMA-1280x409.png 1280w, https:\/\/conservativenthusiast.com\/wp-content\/uploads\/2020\/11\/JEUDI-CINEMA-980x313.png 980w, https:\/\/conservativenthusiast.com\/wp-content\/uploads\/2020\/11\/JEUDI-CINEMA-480x153.png 480w\" sizes=\"(max-width: 1024px) 100vw, 1024px\" \/><\/figure>\n\n\n\n<p><\/p>\n\n\n\n<p class=\"has-text-align-justify\">Nous poursuivons avec cet article, notre liste de recommandations de films, qui nous l\u2019esp\u00e9rons, saura vous plaire et vous faire d\u00e9couvrir ou revisiter les \u0153uvres anthologiques du cin\u00e9ma qui sont selon nous primordiales \u00e0 conna\u00eetre.<\/p>\n\n\n\n<p class=\"has-text-align-justify\">Cette liste de films concoct\u00e9e par nos soins est nomm\u00e9e \u201c<strong>THURSDAY CINEMA<\/strong>\u201c, elle est num\u00e9rot\u00e9e et vous pouvez la retrouver d\u00e8s maintenant dans la rubrique&nbsp;<a href=\"https:\/\/conservativenthusiast.com\/en\/cinema\/\"><strong>Cinema<\/strong><\/a>&nbsp;of the platform.<\/p>\n\n\n\n<p>Cette semaine, on d\u00e9couvre l&#8217;excellent film : <strong>Le Masque de Zorro<\/strong><\/p>\n\n\n\n<p class=\"has-text-align-justify\">L&#8217;un des films les plus sous-estim\u00e9s et sous-cot\u00e9s serait sans doute le Masque de Zorro. Cette fable g\u00e9niale qu&#8217;est le personnage de <a href=\"https:\/\/fr.wikipedia.org\/wiki\/Zorro\" target=\"_blank\" rel=\"noreferrer noopener\">Zorro<\/a>, l&#8217;un des personnages les plus adapt\u00e9s de l&#8217;histoire du cin\u00e9ma, est reprise et brillamment adapt\u00e9e \u00e0 l&#8217;\u00e9cran par le r\u00e9alisateur <a href=\"https:\/\/fr.wikipedia.org\/wiki\/Martin_Campbell\" target=\"_blank\" rel=\"noreferrer noopener\">Martin Campbell<\/a> qui nous offre un vrai bijou narratif.<\/p>\n\n\n\n<p class=\"has-text-align-justify\">Les acteurs \u00e0 l&#8217;affiche sont choisis avec soin, on retrouve : <a href=\"https:\/\/fr.wikipedia.org\/wiki\/Anthony_Hopkins\" target=\"_blank\" rel=\"noreferrer noopener\">Anthony Hopkins<\/a>, <a href=\"https:\/\/fr.wikipedia.org\/wiki\/Antonio_Banderas\" target=\"_blank\" rel=\"noreferrer noopener\">Antonio Banderas<\/a>, <a href=\"https:\/\/fr.wikipedia.org\/wiki\/Catherine_Zeta-Jones\" target=\"_blank\" rel=\"noreferrer noopener\">Catherine Zeta-Jones<\/a>, <a href=\"https:\/\/fr.wikipedia.org\/wiki\/Stuart_Wilson\" target=\"_blank\" rel=\"noreferrer noopener\">Stuart Wilson<\/a> and <a href=\"https:\/\/fr.wikipedia.org\/wiki\/Matt_Letscher\" target=\"_blank\" rel=\"noreferrer noopener\">Matt Letscher<\/a>.<\/p>\n\n\n\n<p><\/p>\n\n\n\n<h3 class=\"wp-block-heading\"><span class=\"has-inline-color has-black-color\">Why do we have to watch this film?<\/span><\/h3>\n\n\n\n<p><\/p>\n\n\n\n<p class=\"has-text-align-justify\">Dans le cin\u00e9ma, tout comme dans la narration en g\u00e9n\u00e9ral, certaines histoires sont lourdes en symbolique. Pour ce qui est de l&#8217;histoire de ce film, on en a pour notre argent, car la trame est tr\u00e8s int\u00e9ressante et bourr\u00e9e de symboliques.<\/p>\n\n\n\n<p class=\"has-text-align-justify\">On commence par la figure de Zorro, ce justicier masqu\u00e9, qui \u0153uvre, sans int\u00e9r\u00eat personnel, pour le bien du peuple, qui subit la pauvret\u00e9 et l&#8217;oppression de dirigeants malhonn\u00eates. Bien des choses pourraient \u00eatre dites sur cette figure centrale, sur son altruisme mais \u00e9galement sa posture.<\/p>\n\n\n\n<p class=\"has-text-align-justify\">Le fait qu&#8217;il se masque en dit long sur ses intentions, il \u0153uvre avant tout pour une cause et non pour lui-m\u00eame.<\/p>\n\n\n\n<p class=\"has-text-align-justify\">Le fait qu&#8217;il se batte \u00e0 l&#8217;\u00e9p\u00e9e, dans une \u00e9poque o\u00f9 l&#8217;utilisation du pistolet et du fusil est courante en dit long \u00e9galement. Vous ne voyez pas Zorro tuer des gens \u00e0 coup de pistolet, il garde une certaine noblesse en n&#8217;utilisant uniquement que l&#8217;arme du &#8220;chevalier&#8221;, du noble, ce qui cr\u00e9e un d\u00e9calage entre ses ennemis et lui, car ce dernier ne s&#8217;abaisse pas \u00e0 utiliser des armes qui le rendraient &#8220;barbare&#8221;.<\/p>\n\n\n\n<p class=\"has-text-align-justify\">Zorro, c&#8217;est \u00e9galement un style particulier, tr\u00e8s diff\u00e9rent du simple justicier, il va agir en alliant toujours la force et le charme. L&#8217;\u00e9l\u00e9gance et la fermet\u00e9. Il incarne \u00e9galement une forme de d\u00e9foulement pour le peuple, puisqu&#8217;au-del\u00e0 de leur apporter une d\u00e9livrance physique, il apporte \u00e9galement une d\u00e9livrance morale. C&#8217;est pour cela d&#8217;ailleurs qu&#8217;il joue souvent avec ses ennemis, de fa\u00e7on humoristique, en les ridiculisant. Un d\u00e9tail qui pourrait paraitre anodin mais qui en dit long \u00e9galement sur sa position par rapport au public.<\/p>\n\n\n\n<p>On pourrait analyser beaucoup de choses sur la symbolique de ce personnage vous l&#8217;imaginez bien.<\/p>\n\n\n\n<p class=\"has-text-align-justify\">Mais \u00e9videmment, comme tout homme, personne n&#8217;est immortel et l&#8217;humain derri\u00e8re le masque va vieillir, subir les al\u00e9as de la vie et devoir un beau jour dispara\u00eetre. Laissant le peuple sans h\u00e9ros&#8230;<\/p>\n\n\n\n<p class=\"has-text-align-justify\">Apr\u00e8s des ann\u00e9es difficiles pour la population, intervient un jeune homme inexp\u00e9riment\u00e9, d\u00e9sordonn\u00e9 et plein de fougue, Alejandro. Le vieux Zorro va voir en lui un r\u00e9el potentiel et va d\u00e9cider d&#8217;en faire le nouveau Zorro.<\/p>\n\n\n\n<p>L\u00e0 commence une autre symbolique, celle de la passation, celle du ma\u00eetre, celle de la<strong> figure du p\u00e8re.<\/strong><\/p>\n\n\n\n<p class=\"has-text-align-justify\">Bien sup\u00e9rieur \u00e0 tout cadeau que peut faire un r\u00e9el p\u00e8re \u00e0 son fils, le vieux Zorro va offrir \u00e0 cet orphelin la plus belle chose : une \u00e9ducation compl\u00e8te. <strong>Il va en faire un homme<\/strong>.<\/p>\n\n\n\n<p>En somme, il lui offre la libert\u00e9 mais dans le m\u00eame temps, le sens des responsabilit\u00e9s.<\/p>\n\n\n\n<p><\/p>\n\n\n\n<div class=\"wp-block-image\"><figure class=\"aligncenter size-large\"><img decoding=\"async\" width=\"1024\" height=\"576\" src=\"https:\/\/conservativenthusiast.com\/wp-content\/uploads\/2021\/07\/Le-masque-de-Zorro-1024x576.jpg\" alt=\"Duel masque de zorro\" class=\"wp-image-35141\" srcset=\"https:\/\/conservativenthusiast.com\/wp-content\/uploads\/2021\/07\/Le-masque-de-Zorro-980x551.jpg 980w, https:\/\/conservativenthusiast.com\/wp-content\/uploads\/2021\/07\/Le-masque-de-Zorro-480x270.jpg 480w\" sizes=\"(min-width: 0px) and (max-width: 480px) 480px, (min-width: 481px) and (max-width: 980px) 980px, (min-width: 981px) 1024px, 100vw\" \/><figcaption><strong><em>Le vieux Zorro passant son savoir au jeune Zorro<\/em><\/strong>, <strong><em>perp\u00e9tuant l&#8217;h\u00e9ritage d&#8217;un justicier dont le peuple a tant besoin.<\/em><\/strong><\/figcaption><\/figure><\/div>\n\n\n\n<p><\/p>\n\n\n\n<p class=\"has-text-align-justify\">L\u00e0 commence une autre symbolique, l&#8217;apprenti devenu l&#8217;h\u00e9ritier, le fils spirituel, reste enfin la symbolique de l&#8217;h\u00e9ritage. Alejandro n&#8217;est pas le seul orphelin.<\/p>\n\n\n\n<p class=\"has-text-align-justify\">La fille du vieux Zorro, enlev\u00e9e \u00e0 la naissance, est elle aussi orpheline. Son p\u00e8re \u00e9tant un imposteur et m\u00eame pire, l&#8217;ennemi jur\u00e9 de son vrai p\u00e8re, une qu\u00eate de r\u00e9demption commence.<\/p>\n\n\n\n<p class=\"has-text-align-justify\">Les chemins des deux orphelins vont s&#8217;entrem\u00ealer, l&#8217;un ayant Zorro comme p\u00e8re spirituel, l&#8217;autre ayant Zorro pour v\u00e9ritable p\u00e8re charnel, pour enfin se r\u00e9unir.<\/p>\n\n\n\n<p><\/p>\n\n\n\n<div class=\"wp-block-image\"><figure class=\"aligncenter size-large\"><img decoding=\"async\" width=\"1024\" height=\"587\" src=\"https:\/\/conservativenthusiast.com\/wp-content\/uploads\/2021\/07\/mask-of-zorro-review-image-1200x688-1-1024x587.jpg\" alt=\"Couple Zorro\" class=\"wp-image-35143\" srcset=\"https:\/\/conservativenthusiast.com\/wp-content\/uploads\/2021\/07\/mask-of-zorro-review-image-1200x688-1-1024x587.jpg 1024w, https:\/\/conservativenthusiast.com\/wp-content\/uploads\/2021\/07\/mask-of-zorro-review-image-1200x688-1-980x562.jpg 980w, https:\/\/conservativenthusiast.com\/wp-content\/uploads\/2021\/07\/mask-of-zorro-review-image-1200x688-1-480x275.jpg 480w\" sizes=\"(min-width: 0px) and (max-width: 480px) 480px, (min-width: 481px) and (max-width: 980px) 980px, (min-width: 981px) 1024px, 100vw\" \/><figcaption><strong><em>Deux orphelins, une seule figure.<\/em><\/strong><\/figcaption><\/figure><\/div>\n\n\n\n<p><\/p>\n\n\n\n<p class=\"has-text-align-justify\">La magnifique Elena va s&#8217;unir au nouveau Zorro pour r\u00e9habiliter la justice et d\u00e9couvrir la v\u00e9rit\u00e9 sur son vrai p\u00e8re. Les deux \u00e9tant r\u00e9unis pour le m\u00eame combat, dans l&#8217;amour \u00e0 la fois du m\u00eame p\u00e8re et \u00e9galement d&#8217;un amour l&#8217;un pour l&#8217;autre.<\/p>\n\n\n\n<p>Le vieux Zorro donnera sa b\u00e9n\u00e9diction au jeune Zorro, bouclant la boucle.<\/p>\n\n\n\n<p class=\"has-text-align-justify\">On vous recommande donc fortement de visionner ce film grandement divertissant et g\u00e9nialement r\u00e9alis\u00e9.<\/p>\n\n\n\n<p><\/p>\n\n\n\n<figure class=\"wp-block-embed is-type-video is-provider-youtube wp-block-embed-youtube wp-embed-aspect-16-9 wp-has-aspect-ratio\"><div class=\"wp-block-embed__wrapper\">\n<span class=\"aZHsg\"><div class=\"responsive-video\"><iframe title=\"The Mask Of Zorro  - Trailer\" width=\"1080\" height=\"608\" src=\"https:\/\/www.youtube.com\/embed\/FzrhTLNorF0?feature=oembed\"  allow=\"accelerometer; autoplay; clipboard-write; encrypted-media; gyroscope; picture-in-picture\" allowfullscreen><\/iframe><\/div><\/span>\n<\/div><\/figure>\n\n\n\n<p><\/p>\n\n\n\n<p><strong>Surtout n\u2019h\u00e9sitez pas, une fois le film visionn\u00e9, \u00e0 nous donner vos retours&nbsp; en commentaires en bas de cet article ou sur nos r\u00e9seaux sociaux.<\/strong><\/p>\n\n\n\n<p><\/p>","protected":false},"excerpt":{"rendered":"<p>JEUDI CIN\u00c9MA #37 : LE MASQUE DE ZORRO Nous poursuivons avec cet article, notre liste de recommandations de films, qui [&hellip;]<\/p>","protected":false},"author":1,"featured_media":35132,"comment_status":"open","ping_status":"open","sticky":false,"template":"","format":"standard","meta":{"_et_pb_use_builder":"off","_et_pb_old_content":"","_et_gb_content_width":"","_exactmetrics_skip_tracking":false,"_exactmetrics_sitenote_active":false,"_exactmetrics_sitenote_note":"","_exactmetrics_sitenote_category":0,"footnotes":""},"categories":[23],"tags":[457,455,454,285,456],"yoast_head":"<!-- This site is optimized with the Yoast SEO plugin v22.3 - https:\/\/yoast.com\/wordpress\/plugins\/seo\/ -->\n<title>Le Masque de Zorro, le charme et l&#039;\u00e9p\u00e9e - The Conservative Enthusiast<\/title>\n<meta name=\"description\" content=\"\u27bd D\u00e9couvrez le film Le Masque de Zorro sur The Conservative Enthusiast : la plateforme de partage et d&#039;apprentissage des conservateurs.\" \/>\n<meta name=\"robots\" content=\"index, follow, max-snippet:-1, max-image-preview:large, max-video-preview:-1\" \/>\n<link rel=\"canonical\" href=\"https:\/\/conservativenthusiast.com\/en\/le-masque-de-zorro-le-charme-et-lepee\/\" \/>\n<meta property=\"og:locale\" content=\"en_GB\" \/>\n<meta property=\"og:type\" content=\"article\" \/>\n<meta property=\"og:title\" content=\"Le Masque de Zorro, le charme et l&#039;\u00e9p\u00e9e - The Conservative Enthusiast\" \/>\n<meta property=\"og:description\" content=\"\u27bd D\u00e9couvrez le film Le Masque de Zorro sur The Conservative Enthusiast : la plateforme de partage et d&#039;apprentissage des conservateurs.\" \/>\n<meta property=\"og:url\" content=\"https:\/\/conservativenthusiast.com\/en\/le-masque-de-zorro-le-charme-et-lepee\/\" \/>\n<meta property=\"og:site_name\" content=\"The Conservative Enthusiast\" \/>\n<meta property=\"article:published_time\" content=\"2021-07-08T10:05:00+00:00\" \/>\n<meta property=\"article:modified_time\" content=\"2021-06-21T15:20:13+00:00\" \/>\n<meta property=\"og:image\" content=\"https:\/\/conservativenthusiast.com\/wp-content\/uploads\/2021\/07\/Le-Masque-de-Zorro-film.jpg\" \/>\n\t<meta property=\"og:image:width\" content=\"1600\" \/>\n\t<meta property=\"og:image:height\" content=\"900\" \/>\n\t<meta property=\"og:image:type\" content=\"image\/jpeg\" \/>\n<meta name=\"author\" content=\"Alexis.L\" \/>\n<meta name=\"twitter:card\" content=\"summary_large_image\" \/>\n<meta name=\"twitter:label1\" content=\"Written by\" \/>\n\t<meta name=\"twitter:data1\" content=\"Alexis.L\" \/>\n\t<meta name=\"twitter:label2\" content=\"Estimated reading time\" \/>\n\t<meta name=\"twitter:data2\" content=\"5 minutes\" \/>\n<script type=\"application\/ld+json\" class=\"yoast-schema-graph\">{\"@context\":\"https:\/\/schema.org\",\"@graph\":[{\"@type\":\"Article\",\"@id\":\"https:\/\/conservativenthusiast.com\/le-masque-de-zorro-le-charme-et-lepee\/#article\",\"isPartOf\":{\"@id\":\"https:\/\/conservativenthusiast.com\/le-masque-de-zorro-le-charme-et-lepee\/\"},\"author\":{\"name\":\"Alexis.L\",\"@id\":\"https:\/\/conservativenthusiast.com\/#\/schema\/person\/3edd83a60aed483f95ebc876aeac7feb\"},\"headline\":\"Le Masque de Zorro, le charme et l&#8217;\u00e9p\u00e9e\",\"datePublished\":\"2021-07-08T10:05:00+00:00\",\"dateModified\":\"2021-06-21T15:20:13+00:00\",\"mainEntityOfPage\":{\"@id\":\"https:\/\/conservativenthusiast.com\/le-masque-de-zorro-le-charme-et-lepee\/\"},\"wordCount\":912,\"commentCount\":0,\"publisher\":{\"@id\":\"https:\/\/conservativenthusiast.com\/#organization\"},\"image\":{\"@id\":\"https:\/\/conservativenthusiast.com\/le-masque-de-zorro-le-charme-et-lepee\/#primaryimage\"},\"thumbnailUrl\":\"https:\/\/conservativenthusiast.com\/wp-content\/uploads\/2021\/07\/Le-Masque-de-Zorro-film.jpg\",\"keywords\":[\"Antonio Banderas\",\"La l\u00e9gende de Zorro\",\"Le Masque de Zorro\",\"TCE film\",\"Zorro\"],\"articleSection\":[\"Cin\u00e9ma\"],\"inLanguage\":\"en-GB\",\"potentialAction\":[{\"@type\":\"CommentAction\",\"name\":\"Comment\",\"target\":[\"https:\/\/conservativenthusiast.com\/le-masque-de-zorro-le-charme-et-lepee\/#respond\"]}]},{\"@type\":\"WebPage\",\"@id\":\"https:\/\/conservativenthusiast.com\/le-masque-de-zorro-le-charme-et-lepee\/\",\"url\":\"https:\/\/conservativenthusiast.com\/le-masque-de-zorro-le-charme-et-lepee\/\",\"name\":\"Le Masque de Zorro, le charme et l'\u00e9p\u00e9e - The Conservative Enthusiast\",\"isPartOf\":{\"@id\":\"https:\/\/conservativenthusiast.com\/#website\"},\"primaryImageOfPage\":{\"@id\":\"https:\/\/conservativenthusiast.com\/le-masque-de-zorro-le-charme-et-lepee\/#primaryimage\"},\"image\":{\"@id\":\"https:\/\/conservativenthusiast.com\/le-masque-de-zorro-le-charme-et-lepee\/#primaryimage\"},\"thumbnailUrl\":\"https:\/\/conservativenthusiast.com\/wp-content\/uploads\/2021\/07\/Le-Masque-de-Zorro-film.jpg\",\"datePublished\":\"2021-07-08T10:05:00+00:00\",\"dateModified\":\"2021-06-21T15:20:13+00:00\",\"description\":\"\u27bd D\u00e9couvrez le film Le Masque de Zorro sur The Conservative Enthusiast : la plateforme de partage et d'apprentissage des conservateurs.\",\"breadcrumb\":{\"@id\":\"https:\/\/conservativenthusiast.com\/le-masque-de-zorro-le-charme-et-lepee\/#breadcrumb\"},\"inLanguage\":\"en-GB\",\"potentialAction\":[{\"@type\":\"ReadAction\",\"target\":[\"https:\/\/conservativenthusiast.com\/le-masque-de-zorro-le-charme-et-lepee\/\"]}]},{\"@type\":\"ImageObject\",\"inLanguage\":\"en-GB\",\"@id\":\"https:\/\/conservativenthusiast.com\/le-masque-de-zorro-le-charme-et-lepee\/#primaryimage\",\"url\":\"https:\/\/conservativenthusiast.com\/wp-content\/uploads\/2021\/07\/Le-Masque-de-Zorro-film.jpg\",\"contentUrl\":\"https:\/\/conservativenthusiast.com\/wp-content\/uploads\/2021\/07\/Le-Masque-de-Zorro-film.jpg\",\"width\":1600,\"height\":900,\"caption\":\"Le Masque de Zorro\"},{\"@type\":\"BreadcrumbList\",\"@id\":\"https:\/\/conservativenthusiast.com\/le-masque-de-zorro-le-charme-et-lepee\/#breadcrumb\",\"itemListElement\":[{\"@type\":\"ListItem\",\"position\":1,\"name\":\"Accueil\",\"item\":\"https:\/\/conservativenthusiast.com\/\"},{\"@type\":\"ListItem\",\"position\":2,\"name\":\"Le Masque de Zorro, le charme et l&#8217;\u00e9p\u00e9e\"}]},{\"@type\":\"WebSite\",\"@id\":\"https:\/\/conservativenthusiast.com\/#website\",\"url\":\"https:\/\/conservativenthusiast.com\/\",\"name\":\"The Conservative Enthusiast\",\"description\":\"La plateforme de r\u00e9information, de partage et d&#039;apprentissage des conservateurs.\",\"publisher\":{\"@id\":\"https:\/\/conservativenthusiast.com\/#organization\"},\"potentialAction\":[{\"@type\":\"SearchAction\",\"target\":{\"@type\":\"EntryPoint\",\"urlTemplate\":\"https:\/\/conservativenthusiast.com\/?s={search_term_string}\"},\"query-input\":\"required name=search_term_string\"}],\"inLanguage\":\"en-GB\"},{\"@type\":\"Organization\",\"@id\":\"https:\/\/conservativenthusiast.com\/#organization\",\"name\":\"The Conservative Enthusiast\",\"url\":\"https:\/\/conservativenthusiast.com\/\",\"logo\":{\"@type\":\"ImageObject\",\"inLanguage\":\"en-GB\",\"@id\":\"https:\/\/conservativenthusiast.com\/#\/schema\/logo\/image\/\",\"url\":\"https:\/\/i0.wp.com\/conservativeenthusiast.com\/wp-content\/uploads\/2020\/06\/LOGO-CE-MINI.png?fit=3867%2C1180&ssl=1\",\"contentUrl\":\"https:\/\/i0.wp.com\/conservativeenthusiast.com\/wp-content\/uploads\/2020\/06\/LOGO-CE-MINI.png?fit=3867%2C1180&ssl=1\",\"width\":3867,\"height\":1180,\"caption\":\"The Conservative Enthusiast\"},\"image\":{\"@id\":\"https:\/\/conservativenthusiast.com\/#\/schema\/logo\/image\/\"}},{\"@type\":\"Person\",\"@id\":\"https:\/\/conservativenthusiast.com\/#\/schema\/person\/3edd83a60aed483f95ebc876aeac7feb\",\"name\":\"Alexis.L\",\"image\":{\"@type\":\"ImageObject\",\"inLanguage\":\"en-GB\",\"@id\":\"https:\/\/conservativenthusiast.com\/#\/schema\/person\/image\/\",\"url\":\"https:\/\/secure.gravatar.com\/avatar\/e276145ad3a64170e9c68564bb9e4280?s=96&d=mm&r=g\",\"contentUrl\":\"https:\/\/secure.gravatar.com\/avatar\/e276145ad3a64170e9c68564bb9e4280?s=96&d=mm&r=g\",\"caption\":\"Alexis.L\"},\"description\":\"Si vous appr\u00e9ciez les articles de ce r\u00e9dacteur et que vous souhaitez en d\u00e9couvrir davantage sur lui ou ses \u00e9crits, vous pouvez consulter tous ses articles en cliquant sur son pseudo ou en apprendre plus sur notre page \\\"Notre \u00e9quipe\\\". Vous pouvez \u00e9galement le suivre sur ses diff\u00e9rents r\u00e9seaux sociaux ci-dessous.\",\"url\":\"https:\/\/conservativenthusiast.com\/en\/author\/admin6171\/\"}]}<\/script>\n<!-- \/ Yoast SEO plugin. -->","yoast_head_json":{"title":"Le Masque de Zorro, le charme et l'\u00e9p\u00e9e - The Conservative Enthusiast","description":"\u27bd D\u00e9couvrez le film Le Masque de Zorro sur The Conservative Enthusiast : la plateforme de partage et d'apprentissage des conservateurs.","robots":{"index":"index","follow":"follow","max-snippet":"max-snippet:-1","max-image-preview":"max-image-preview:large","max-video-preview":"max-video-preview:-1"},"canonical":"https:\/\/conservativenthusiast.com\/en\/le-masque-de-zorro-le-charme-et-lepee\/","og_locale":"en_GB","og_type":"article","og_title":"Le Masque de Zorro, le charme et l'\u00e9p\u00e9e - The Conservative Enthusiast","og_description":"\u27bd D\u00e9couvrez le film Le Masque de Zorro sur The Conservative Enthusiast : la plateforme de partage et d'apprentissage des conservateurs.","og_url":"https:\/\/conservativenthusiast.com\/en\/le-masque-de-zorro-le-charme-et-lepee\/","og_site_name":"The Conservative Enthusiast","article_published_time":"2021-07-08T10:05:00+00:00","article_modified_time":"2021-06-21T15:20:13+00:00","og_image":[{"width":1600,"height":900,"url":"https:\/\/conservativenthusiast.com\/wp-content\/uploads\/2021\/07\/Le-Masque-de-Zorro-film.jpg","type":"image\/jpeg"}],"author":"Alexis.L","twitter_card":"summary_large_image","twitter_misc":{"Written by":"Alexis.L","Estimated reading time":"5 minutes"},"schema":{"@context":"https:\/\/schema.org","@graph":[{"@type":"Article","@id":"https:\/\/conservativenthusiast.com\/le-masque-de-zorro-le-charme-et-lepee\/#article","isPartOf":{"@id":"https:\/\/conservativenthusiast.com\/le-masque-de-zorro-le-charme-et-lepee\/"},"author":{"name":"Alexis.L","@id":"https:\/\/conservativenthusiast.com\/#\/schema\/person\/3edd83a60aed483f95ebc876aeac7feb"},"headline":"Le Masque de Zorro, le charme et l&#8217;\u00e9p\u00e9e","datePublished":"2021-07-08T10:05:00+00:00","dateModified":"2021-06-21T15:20:13+00:00","mainEntityOfPage":{"@id":"https:\/\/conservativenthusiast.com\/le-masque-de-zorro-le-charme-et-lepee\/"},"wordCount":912,"commentCount":0,"publisher":{"@id":"https:\/\/conservativenthusiast.com\/#organization"},"image":{"@id":"https:\/\/conservativenthusiast.com\/le-masque-de-zorro-le-charme-et-lepee\/#primaryimage"},"thumbnailUrl":"https:\/\/conservativenthusiast.com\/wp-content\/uploads\/2021\/07\/Le-Masque-de-Zorro-film.jpg","keywords":["Antonio Banderas","La l\u00e9gende de Zorro","Le Masque de Zorro","TCE film","Zorro"],"articleSection":["Cin\u00e9ma"],"inLanguage":"en-GB","potentialAction":[{"@type":"CommentAction","name":"Comment","target":["https:\/\/conservativenthusiast.com\/le-masque-de-zorro-le-charme-et-lepee\/#respond"]}]},{"@type":"WebPage","@id":"https:\/\/conservativenthusiast.com\/le-masque-de-zorro-le-charme-et-lepee\/","url":"https:\/\/conservativenthusiast.com\/le-masque-de-zorro-le-charme-et-lepee\/","name":"Le Masque de Zorro, le charme et l'\u00e9p\u00e9e - The Conservative Enthusiast","isPartOf":{"@id":"https:\/\/conservativenthusiast.com\/#website"},"primaryImageOfPage":{"@id":"https:\/\/conservativenthusiast.com\/le-masque-de-zorro-le-charme-et-lepee\/#primaryimage"},"image":{"@id":"https:\/\/conservativenthusiast.com\/le-masque-de-zorro-le-charme-et-lepee\/#primaryimage"},"thumbnailUrl":"https:\/\/conservativenthusiast.com\/wp-content\/uploads\/2021\/07\/Le-Masque-de-Zorro-film.jpg","datePublished":"2021-07-08T10:05:00+00:00","dateModified":"2021-06-21T15:20:13+00:00","description":"\u27bd D\u00e9couvrez le film Le Masque de Zorro sur The Conservative Enthusiast : la plateforme de partage et d'apprentissage des conservateurs.","breadcrumb":{"@id":"https:\/\/conservativenthusiast.com\/le-masque-de-zorro-le-charme-et-lepee\/#breadcrumb"},"inLanguage":"en-GB","potentialAction":[{"@type":"ReadAction","target":["https:\/\/conservativenthusiast.com\/le-masque-de-zorro-le-charme-et-lepee\/"]}]},{"@type":"ImageObject","inLanguage":"en-GB","@id":"https:\/\/conservativenthusiast.com\/le-masque-de-zorro-le-charme-et-lepee\/#primaryimage","url":"https:\/\/conservativenthusiast.com\/wp-content\/uploads\/2021\/07\/Le-Masque-de-Zorro-film.jpg","contentUrl":"https:\/\/conservativenthusiast.com\/wp-content\/uploads\/2021\/07\/Le-Masque-de-Zorro-film.jpg","width":1600,"height":900,"caption":"Le Masque de Zorro"},{"@type":"BreadcrumbList","@id":"https:\/\/conservativenthusiast.com\/le-masque-de-zorro-le-charme-et-lepee\/#breadcrumb","itemListElement":[{"@type":"ListItem","position":1,"name":"Accueil","item":"https:\/\/conservativenthusiast.com\/"},{"@type":"ListItem","position":2,"name":"Le Masque de Zorro, le charme et l&#8217;\u00e9p\u00e9e"}]},{"@type":"WebSite","@id":"https:\/\/conservativenthusiast.com\/#website","url":"https:\/\/conservativenthusiast.com\/","name":"The Conservative Enthusiast","description":"La plateforme de r\u00e9information, de partage et d&#039;apprentissage des conservateurs.","publisher":{"@id":"https:\/\/conservativenthusiast.com\/#organization"},"potentialAction":[{"@type":"SearchAction","target":{"@type":"EntryPoint","urlTemplate":"https:\/\/conservativenthusiast.com\/?s={search_term_string}"},"query-input":"required name=search_term_string"}],"inLanguage":"en-GB"},{"@type":"Organization","@id":"https:\/\/conservativenthusiast.com\/#organization","name":"The Conservative Enthusiast","url":"https:\/\/conservativenthusiast.com\/","logo":{"@type":"ImageObject","inLanguage":"en-GB","@id":"https:\/\/conservativenthusiast.com\/#\/schema\/logo\/image\/","url":"https:\/\/i0.wp.com\/conservativeenthusiast.com\/wp-content\/uploads\/2020\/06\/LOGO-CE-MINI.png?fit=3867%2C1180&ssl=1","contentUrl":"https:\/\/i0.wp.com\/conservativeenthusiast.com\/wp-content\/uploads\/2020\/06\/LOGO-CE-MINI.png?fit=3867%2C1180&ssl=1","width":3867,"height":1180,"caption":"The Conservative Enthusiast"},"image":{"@id":"https:\/\/conservativenthusiast.com\/#\/schema\/logo\/image\/"}},{"@type":"Person","@id":"https:\/\/conservativenthusiast.com\/#\/schema\/person\/3edd83a60aed483f95ebc876aeac7feb","name":"Alexis.L","image":{"@type":"ImageObject","inLanguage":"en-GB","@id":"https:\/\/conservativenthusiast.com\/#\/schema\/person\/image\/","url":"https:\/\/secure.gravatar.com\/avatar\/e276145ad3a64170e9c68564bb9e4280?s=96&d=mm&r=g","contentUrl":"https:\/\/secure.gravatar.com\/avatar\/e276145ad3a64170e9c68564bb9e4280?s=96&d=mm&r=g","caption":"Alexis.L"},"description":"Si vous appr\u00e9ciez les articles de ce r\u00e9dacteur et que vous souhaitez en d\u00e9couvrir davantage sur lui ou ses \u00e9crits, vous pouvez consulter tous ses articles en cliquant sur son pseudo ou en apprendre plus sur notre page \"Notre \u00e9quipe\". Vous pouvez \u00e9galement le suivre sur ses diff\u00e9rents r\u00e9seaux sociaux ci-dessous.","url":"https:\/\/conservativenthusiast.com\/en\/author\/admin6171\/"}]}},"_links":{"self":[{"href":"https:\/\/conservativenthusiast.com\/en\/wp-json\/wp\/v2\/posts\/35129"}],"collection":[{"href":"https:\/\/conservativenthusiast.com\/en\/wp-json\/wp\/v2\/posts"}],"about":[{"href":"https:\/\/conservativenthusiast.com\/en\/wp-json\/wp\/v2\/types\/post"}],"author":[{"embeddable":true,"href":"https:\/\/conservativenthusiast.com\/en\/wp-json\/wp\/v2\/users\/1"}],"replies":[{"embeddable":true,"href":"https:\/\/conservativenthusiast.com\/en\/wp-json\/wp\/v2\/comments?post=35129"}],"version-history":[{"count":26,"href":"https:\/\/conservativenthusiast.com\/en\/wp-json\/wp\/v2\/posts\/35129\/revisions"}],"predecessor-version":[{"id":35814,"href":"https:\/\/conservativenthusiast.com\/en\/wp-json\/wp\/v2\/posts\/35129\/revisions\/35814"}],"wp:featuredmedia":[{"embeddable":true,"href":"https:\/\/conservativenthusiast.com\/en\/wp-json\/wp\/v2\/media\/35132"}],"wp:attachment":[{"href":"https:\/\/conservativenthusiast.com\/en\/wp-json\/wp\/v2\/media?parent=35129"}],"wp:term":[{"taxonomy":"category","embeddable":true,"href":"https:\/\/conservativenthusiast.com\/en\/wp-json\/wp\/v2\/categories?post=35129"},{"taxonomy":"post_tag","embeddable":true,"href":"https:\/\/conservativenthusiast.com\/en\/wp-json\/wp\/v2\/tags?post=35129"}],"curies":[{"name":"wp","href":"https:\/\/api.w.org\/{rel}","templated":true}]}}