{"id":32973,"date":"2021-05-29T12:00:00","date_gmt":"2021-05-29T10:00:00","guid":{"rendered":"https:\/\/conservativeenthusiast.com\/?p=32973"},"modified":"2021-05-25T15:46:02","modified_gmt":"2021-05-25T13:46:02","slug":"interview-tce-21-pleinement-femme","status":"publish","type":"post","link":"https:\/\/conservativenthusiast.com\/en\/interview-tce-21-pleinement-femme\/","title":{"rendered":"Interview TCE #21 &#8211; Pleinement Femme"},"content":{"rendered":"<h3 class=\"wp-block-heading\"><strong><span class=\"has-inline-color has-black-color\">1- For our readers who don't know you yet, can you present yourself ?<\/span><\/strong><\/h3>\n\n\n\n<p><\/p>\n\n\n\n<p class=\"has-text-align-justify\"><em>&#8220;<\/em>Je me pr\u00e9sente sous le nom de \u00ab&nbsp;Pleinement Femme&nbsp;\u00bb qui est mon pseudo YouTube. J\u2019ai choisi ce pseudo tout simplement car pour moi, \u00eatre une femme est devenue tr\u00e8s floue, beaucoup de femmes sont perdues et ne savent plus comment \u00eatre \u00ab&nbsp;Pleinement Femme&nbsp;\u00bb. Alors j\u2019essaye \u00e0 ma petite \u00e9chelle d\u2019y redonner du sens et de la valeur.<\/p>\n\n\n\n<p class=\"has-text-align-justify\">J\u2019ai \u00e9galement fait le choix de rester anonyme car je pense qu\u2019il est aujourd\u2019hui dangereux de montrer son visage sur YouTube surtout avec les id\u00e9es que je pr\u00e9sente, que ce soit pour ma carri\u00e8re mais aussi pour ma vie personnelle.<\/p>\n\n\n\n<p class=\"has-text-align-justify\">Je suis une jeune femme de 24 ans, je suis n\u00e9e et j\u2019ai grandi en France. J\u2019ai fait toute ma scolarit\u00e9 en France jusqu\u2019\u00e0 l\u2019universit\u00e9.<\/p>\n\n\n\n<p class=\"has-text-align-justify\">\u00c0 l\u2019\u00e2ge de 19 ans j\u2019ai d\u00e9cid\u00e9 de partir pour les \u00c9tats-Unis en tant qu\u2019au pair qui est un s\u00e9jour linguistique dans lesquels tu dois t\u2019occuper d\u2019enfants pour une famille am\u00e9ricaine en \u00e9change d\u2019\u00eatre nourris log\u00e9s et un salaire. Mon but \u00e9tait de pouvoir apprendre l\u2019anglais et aussi de voyager. Apr\u00e8s 1 an, j\u2019ai d\u00e9cid\u00e9 d\u2019y rester et de faire des \u00e9tudes aux \u00c9tats-Unis dans la Tech \u00e9tant donn\u00e9 que j\u2019\u00e9tais en Californie \u00e0 San Francisco. J\u2019\u00e9tais consciente du nombre d\u2019opportunit\u00e9s qu\u2019il y avait pour moi ici et donc j\u2019ai d\u00e9cid\u00e9 de tenter ma chance. Depuis, j\u2019ai \u00e9tudi\u00e9 et je suis encore \u00e0 l\u2019universit\u00e9 je travaille \u00e9galement en tant que Web Designer pour une compagnie bas\u00e9e sur San Francisco.&#8221;<\/p>\n\n\n\n<p><\/p>\n\n\n\n<h3 class=\"wp-block-heading\"><strong><span class=\"has-inline-color has-black-color\">2-: <strong><em>Racontez-nous un peu votre jeunesse, d\u2019o\u00f9 venez-vous&nbsp;? Quel a \u00e9t\u00e9 votre parcours&nbsp;? Quels sont vos projets d\u00e9j\u00e0 r\u00e9alis\u00e9s et vos succ\u00e8s pass\u00e9s ?<\/em><\/strong><\/span><\/strong><\/h3>\n\n\n\n<p><\/p>\n\n\n\n<p class=\"has-text-align-justify\">&#8220;J\u2019ai grandi dans un quartier \u00ab&nbsp;sensible&nbsp;\u00bb dans le Nord de la France, j\u2019ai \u00e9t\u00e9 \u00e9lev\u00e9 par ma grand-m\u00e8re jusqu\u2019\u00e0 mes 16 ans. J\u2019ai eu une enfant assez paisible jusqu\u2019au jour o\u00f9 ma grand-m\u00e8re est d\u00e9c\u00e9d\u00e9e. Apr\u00e8s sa mort, je me suis retrouv\u00e9e toute seule et j\u2019ai d\u00fb prendre ma vie en main. J\u2019ai d\u00fb devenir une adulte bien plus t\u00f4t que la plupart des adolescentes de mon \u00e2ge. \u00c0 16 ans, j\u2019ai eu mon premier studio, mais je ne voulais absolument pas arr\u00eater mes \u00e9tudes et donc j\u2019ai d\u00fb travailler en dehors du lyc\u00e9e. J\u2019ai du sacrifi\u00e9 mes weekends, mes soir\u00e9es et mes vacances pour pouvoir payer mon loyer, me nourrir et continuer mes \u00e9tudes. J\u2019ai fait tout type de job, serveuse, KFC, animatrice, baby-sitter etc. etc.<\/p>\n\n\n\n<p class=\"has-text-align-justify\">Apr\u00e8s avoir eu miraculeusement mon baccalaur\u00e9at je me suis inscrite \u00e0 la Facult\u00e9, j\u2019y ai pass\u00e9 une ann\u00e9e mais ma fili\u00e8re ne m\u2019int\u00e9ressait pas vraiment. Ayant beaucoup de choses \u00e0 m\u2019occuper en dehors de mes \u00e9tudes c\u2019\u00e9tait tr\u00e8s difficile pour moi de me concentrer et de prendre les bonnes d\u00e9cisions, notamment le choix de ma fili\u00e8re.<\/p>\n\n\n\n<p class=\"has-text-align-justify\">C\u2019est donc apr\u00e8s cette ann\u00e9e universitaire en envoyant mon cv comme je faisais pour chaque vacance, que j\u2019ai trouv\u00e9 l\u2019opportunit\u00e9 de partir aux \u00c9tats-Unis pour \u00eatre Au Pair. C\u2019\u00e9tait pour moi une nouvelle chance et \u00e9tant donn\u00e9 que je n\u2019avais rien \u00e0 perdre en France, je suis partie&nbsp;avec beaucoup enthousiasme et d\u2019excitation&nbsp;! \u00c9tonnamment, je ne ressentais pas vraiment de peur mais simplement de la joie et de la curiosit\u00e9 pour un nouveau d\u00e9part !<\/p>\n\n\n\n<p class=\"has-text-align-justify\">C\u2019est arriv\u00e9 aux \u00c9tats-Unis que ma vie a compl\u00e8tement chang\u00e9. En \u00e9tant Au Pair, je vivais avec une famille am\u00e9ricaine, je n\u2019avais plus \u00e0 me pr\u00e9occuper de mon loyer, j\u2019\u00e9tais nourri loger, je pouvais enfin penser \u00e0 mon avenir, penser \u00e0 moi et enfin d\u00e9couvrir mon r\u00e9el potentiel. Cette aventure a r\u00e9ellement \u00e9t\u00e9 pour moi une r\u00e9v\u00e9lation et une d\u00e9couverte \u00e0 ma personne. J\u2019ai \u00e9galement aper\u00e7u une \u00e9norme diff\u00e9rence quant \u00e0 l\u2019\u00c9ducation am\u00e9ricaine dans les universit\u00e9s, les professeurs \u00e9taient engag\u00e9s, encourageant et motivant&nbsp;! J\u2019avais l\u2019impression que ce pays m\u2019accordait une deuxi\u00e8me chance, que les Am\u00e9ricains reconnaissaient mon potentiel et de ce fait&nbsp;; j\u2019y croyais. J\u2019avais beaucoup plus d\u2019ambitions, je voyais enfin un futur beaucoup plus fructueux et pour la premi\u00e8re fois je croyais en mon potentiel.<\/p>\n\n\n\n<p class=\"has-text-align-justify\">Cette exp\u00e9rience m\u2019a aussi fait prendre conscience de beaucoup de choses par rapport \u00e0 ma vision du monde, j\u2019ai rencontr\u00e9 \u00e9norm\u00e9ment de personnes venant de pays diff\u00e9rents, de cultures diff\u00e9rentes et cela m\u2019a \u00e9galement rapproch\u00e9 de ma propre culture. Non seulement \u00e7a m\u2019a fait prendre conscience que la culture et la nation \u00e9taient tr\u00e8s importantes. Mais \u00e7a m\u2019a aussi permis de r\u00e9aliser que la culture fran\u00e7aise \u00e9tait une culture tr\u00e8s belle, riche et que malheureusement ces choses-l\u00e0 ne m\u2019ont jamais \u00e9tait enseign\u00e9 \u00e0 l\u2019\u00e9cole. Comme on dit \u00ab&nbsp;On ne se rend compte de l&#8217;importance des choses qu&#8217;apr\u00e8s les avoir perdues&nbsp;\u00bb.<\/p>\n\n\n\n<p class=\"has-text-align-justify\">Cela fait maintenant quatre ans que je suis aux \u00c9tats-Unis, je continue mes \u00e9tudes en informatique tout en travaillant. J\u2019ai \u00e9galement commenc\u00e9 ma chaine Youtube et mes projets personnels depuis un peu plus d\u2019un an. Maintenant, j\u2019essaye de partager mon exp\u00e9rience et peut-\u00eatre aussi faire prendre conscience aux Fran\u00e7ais de certaines choses qui peuvent \u00eatre difficile \u00e0 comprendre aujourd\u2019hui \u00e0 cause de la propagande m\u00e9diatique dominant et permanente venant de la gauche. J\u2019ai d\u00e9cid\u00e9 de me centrer plut\u00f4t dans la critique du f\u00e9minisme tout simplement par ce que je me sens concern\u00e9 en tant que femme, les f\u00e9ministes ne m\u2019ont jamais repr\u00e9sent\u00e9, ni aid\u00e9 et personnellement je ne me sentais pas libre quand je devais aller travailler tous les jours pour pouvoir me nourrir et payer mon loyer. En ayant v\u00e9cu des situations compliqu\u00e9es seule je me suis rendu compte du privil\u00e8ge d\u2019avoir un homme dans sa vie qui puisse l\u2019\u00e9pauler, l\u2019aider et l\u2019aimer. Et c\u2019est en partie pour cela que je suis devenue antif\u00e9ministe car malheureusement les f\u00e9ministes nous encouragent \u00e0 \u00eatre seule sauf que pour l\u2019avoir exp\u00e9riment\u00e9 ce n\u2019est pas facile d\u2019\u00eatre seule.&#8221;<\/p>\n\n\n\n<p class=\"has-text-align-justify\"><\/p>\n\n\n\n<h3 class=\"wp-block-heading\"><strong><span class=\"has-inline-color has-black-color\">3-: <strong><strong><strong><em>Qu&#8217;est-ce qui vous a&nbsp;amen\u00e9 \u00e0 lancer vos&nbsp;projets ? Quelles sont les \u00e9tapes qui vous y ont men\u00e9es ?<\/em><\/strong><\/strong><\/strong><\/span><\/strong><\/h3>\n\n\n\n<p><\/p>\n\n\n\n<p class=\"has-text-align-justify\">&#8220;Ce qui m\u2019a pouss\u00e9e \u00e0 lancer ma chaine Youtube a \u00e9t\u00e9 mon \u00ab&nbsp;r\u00e9veil&nbsp;\u00bb progressif \u00e0 travers mes exp\u00e9riences. Comme je le disais, au cours de ma petite exp\u00e9rience sur terre, j\u2019ai rencontr\u00e9 beaucoup de personnes venant de diff\u00e9rentes cat\u00e9gories sociales, avec un v\u00e9cu diff\u00e8rent, venant de pays diff\u00e9rents et c\u2019est principalement ces exp\u00e9riences de vie qui m\u2019en ont appris le plus sur le monde dans lesquels nous vivons.<\/p>\n\n\n\n<p class=\"has-text-align-justify\">C\u2019est gr\u00e2ce \u00e0 ces exp\u00e9riences que je me suis construit ma propre identit\u00e9, ma propre personnalit\u00e9 et surtout c\u2019est gr\u00e2ce \u00e0 ces exp\u00e9riences que j\u2019ai pu \u00e9chapper au st\u00e9r\u00e9otype ou \u00e0 la caricature \u00ab&nbsp;m\u00e9diatique gauchiste&nbsp;\u00bb si je puis dire. M\u00eame si nous sommes \u00e9videmment tous influenc\u00e9 diff\u00e9remment par la soci\u00e9t\u00e9 j\u2019ai commenc\u00e9 \u00e0 r\u00e9fl\u00e9chir et \u00e0 d\u00e9velopper un sens critique. Et je m\u2019en rendais de plus en plus compte que tr\u00e8s peu de personne arrivaient \u00e0 critiquer ou m\u00eame d\u00e9fier les propos m\u00e9diatiques.<\/p>\n\n\n\n<p class=\"has-text-align-justify\">Alors c\u2019est avec r\u00e9flexion et une belle rencontre avec un Youtubeur Fran\u00e7ais (L\u2019Observateur) que j\u2019ai d\u00e9cid\u00e9e \u00e0 mon tour de me lancer et de partager mon opinion sur la soci\u00e9t\u00e9 dans lesquels nous vivons et principalement sur le mensonge du f\u00e9minisme car moi aussi, j\u2019y ai cru.<\/p>\n\n\n\n<p class=\"has-text-align-justify\">Pendant ma premi\u00e8re ann\u00e9e aux \u00c9tats-Unis la m\u00e8re des enfants auxquels je travaillais pour, \u00e9tait tr\u00e8s f\u00e9ministe. C\u2019est en vivant avec elle que je me suis aussi rendu compte qu\u2019elle repr\u00e9sentait tout ce que je ne voulais pas \u00eatre. J\u2019entre beaucoup plus en profondeur sur mon exp\u00e9rience avec cette m\u00e8re f\u00e9ministe dans mes vid\u00e9os donc si vous \u00eates int\u00e9ress\u00e9 par mon exp\u00e9rience vous pouvez aller voir \u00e7a sur ma chaine Youtube. Dans mes vid\u00e9os, je raconte pourquoi ironiquement une f\u00e9ministe m\u2019a ouvert les yeux sur la toxicit\u00e9 du mouvement.&#8221;<\/p>\n\n\n\n<p><\/p>\n\n\n\n<h3 class=\"wp-block-heading\"><strong><span class=\"has-inline-color has-black-color\">4-: <\/span><\/strong><span class=\"has-inline-color has-black-color\"><strong><strong><em>Pouvez-vous nous expliquer plus en d\u00e9tail en quoi consiste vos projets, votre d\u00e9marche et pourquoi vous faites ce que vous faites ?<\/em><\/strong><\/strong><\/span><\/h3>\n\n\n\n<p><\/p>\n\n\n\n<p class=\"has-text-align-justify\">&#8220;Mes projets actuels consistent principalement \u00e0 \u00e9veiller la population et plus particuli\u00e8rement les femmes par rapport aux mensonges de la propagande f\u00e9ministe actuelle. Le f\u00e9minisme actuel est \u00e0 mon sens un mouvement tr\u00e8s toxique. Je pense qu\u2019il est m\u00eame dangereux pour les femmes, pour les adolescents et aussi pour les enfants. C\u2019est un mouvement tr\u00e8s destructeur qui enseigne les femmes \u00e0 d\u00e9tester la femme et \u00e0 devenir des hommes. Et \u00e0 l\u2019inverse, ils enseignent aux hommes \u00e0 d\u00e9tester l\u2019homme et \u00e0 devenir des femmes. Ce qui est ironique c\u2019est que pour elles, la f\u00e9minit\u00e9 est quelque chose de toxique seulement pour les femmes mais pour les hommes c\u2019est une lib\u00e9ration et inversement elles nous enseignent que la masculinit\u00e9 est toxique pour les hommes mais pour les femmes, non.<\/p>\n\n\n\n<p class=\"has-text-align-justify\">J\u2019en ai conclu que les f\u00e9ministes en r\u00e9alit\u00e9 d\u00e9testent la femme et fait en sorte de d\u00e9truire la f\u00e9minit\u00e9 qui est \u00e0 mon sens naturel chez une femme. Elles d\u00e9testent tout ce qui est reli\u00e9 \u00e0 la nature f\u00e9minine telle que l\u2019\u00e9l\u00e9gance, la douceur, l\u2019empathie, l\u2019\u00e9motion, l\u2019instinct maternel etc. etc. Elles veulent nous s\u00e9parer de la chose la plus belle au monde, l\u2019instinct maternel, s\u2019occuper de nos enfants et aimer s\u2019occuper de nos enfants. Elles nous parlent de choix mais si une femme a le malheur d\u2019avoir pour ambitions d\u2019\u00eatre m\u00e8re au foyer et de s\u2019occuper de ses enfants alors elle sera critiqu\u00e9e, moqu\u00e9 par ces m\u00eames f\u00e9ministes. Car en r\u00e9alit\u00e9, il n\u2019y a pas des choix avec le f\u00e9minisme il y a UN choix. Le leur.<\/p>\n\n\n\n<p class=\"has-text-align-justify\">Leur choix, pour beaucoup d\u2019entre elles est de devenir des femmes vulgaires, sans pudeur, sans douceur et le pire dans tout c\u2019est que se comporter ainsi ne les rend m\u00eame pas heureuses. Tout le monde parle d\u2019\u00e9galit\u00e9 mais personne ne se pose la question&nbsp;: pourquoi les femmes sont de plus en plus malheureuses&nbsp;?<\/p>\n\n\n\n<p class=\"has-text-align-justify\">Car malheureusement ces femmes finissent souvent seules, sans enfants \u00e0 un \u00e2ge o\u00f9 il est presque impossible de fonder une famille. Et croyais moi, entre une descendance et une carri\u00e8re \u00e9panouissante mon choix est vite fait. Je sais ce qui me rendra la plus heureuse sur le long terme. Les femmes sont cens\u00e9es \u00eatre plus libre et pourtant n\u2019ont plus le choix de pouvoir prioriser sa famille au d\u00e9pourvu de leur carri\u00e8re.<\/p>\n\n\n\n<p class=\"has-text-align-justify\">Alors mon but ici est simplement de poser des questions, de discuter et de remettre en question ce que beaucoup trop de femmes prennent pour acquit. Comment-\u00eatre Pleinement Femme en 2021.&#8221;<\/p>\n\n\n\n<p><\/p>\n\n\n\n<h3 class=\"wp-block-heading\"><span class=\"has-inline-color has-black-color\"><strong>5-: <strong>Quelles sont vos principales sources d&#8217;inspirations, vos influences et vos r\u00e9f\u00e9rences ?<\/strong><\/strong><\/span><\/h3>\n\n\n\n<p><\/p>\n\n\n\n<p class=\"has-text-align-justify\">&#8220;Jordan Peterson&nbsp;a \u00e9t\u00e9 l\u2019un des premiers qui m\u2019a litt\u00e9ralement ouvert les yeux sur beaucoup de choses. Jordan Peterson est un intellectuel, psychologue et professeur. Je pense qu\u2019il est l\u2019un des plus grands intellectuels de notre \u00e9poque.<\/p>\n\n\n\n<p class=\"has-text-align-justify\">J\u2019aime aussi beaucoup Candace Owens&nbsp;une conservatrice am\u00e9ricaine qui est pour moi <em>le<\/em> mod\u00e8le f\u00e9minin en 2021.<\/p>\n\n\n\n<p class=\"has-text-align-justify\">Sinon, je suis pas mal de compte conservateur am\u00e9ricain tel que Charlie Kirk, Ben Shapiro, David Harris, The Officer Tatum\u2026<\/p>\n\n\n\n<p class=\"has-text-align-justify\">En fran\u00e7ais, je suis \u00e9galement quelques comptes conservateurs&nbsp;dont L\u2019Observateur qui m\u2019a aid\u00e9 \u00e0 comprendre la nature f\u00e9minine.<\/p>\n\n\n\n<p class=\"has-text-align-justify\">Sinon j\u2019essaye de lire un maximum pendant mon temps libre sur divers sujets, que ce soit politique, philosophique mais aussi spirituel.&#8221;<\/p>\n\n\n\n<p><\/p>\n\n\n\n<h3 class=\"wp-block-heading\"><span class=\"has-inline-color has-black-color\"><strong>6-: <strong>Qu&#8217;est-ce que le conservatisme selon vous ? Et pensez-vous qu&#8217;il est important aujourd&#8217;hui ?<\/strong><\/strong><\/span><\/h3>\n\n\n\n<p><\/p>\n\n\n\n<p class=\"has-text-align-justify\"><em>&#8220;<\/em>Je pense que le conservatisme repr\u00e9sente des valeurs et des principes traditionnelles en accord avec notre nature, notre nation et la famille.<\/p>\n\n\n\n<p class=\"has-text-align-justify\">Je pense qu\u2019aujourd\u2019hui le conservatisme a pris un nouveau tournant et que les jeunes se rendent compte de plus en plus de l\u2019importance des valeurs patriotiques. Il est \u00e9videmment encore plus important aujourd\u2019hui d\u2019en prendre conscience car la propagande progressiste \u00e0 malheureusement le pouvoir sur pratiquement tous les m\u00e9dias mainstream, le cin\u00e9ma, la politique\u2026<\/p>\n\n\n\n<p class=\"has-text-align-justify\">Nous avons besoin d\u2019en parler, de d\u00e9fendre nos valeurs et d\u2019en \u00eatre fi\u00e8re. Ce sont les conservateurs d\u2019aujourd\u2019hui qui sont les nouveaux \u00ab&nbsp;rebelles&nbsp;\u00bb de notre \u00e9poque.&#8221;<\/p>\n\n\n\n<p><\/p>\n\n\n\n<h3 class=\"wp-block-heading\"><span class=\"has-inline-color has-black-color\"><strong>7-: Pouvez-vous nous partager votre ressenti sur la jeunesse d&#8217;aujourd&#8217;hui ?<\/strong><\/span><\/h3>\n\n\n\n<p><\/p>\n\n\n\n<p class=\"has-text-align-justify\">&#8220;Mon ressenti sur la jeunesse d\u2019aujourd\u2019hui est assez mitig\u00e9, d\u2019un c\u00f4t\u00e9 il y a la g\u00e9n\u00e9ration \u00ab&nbsp;twitter&nbsp;\u00bb, des enfants qui essayent de donner des le\u00e7ons \u00e0 des adultes s\u00fbr comment devrait fonctionner notre soci\u00e9t\u00e9 et son persuad\u00e9 qu\u2019ils d\u00e9tiennent la v\u00e9rit\u00e9. Comme ce sont encore des enfants ils sont capricieux, ingrats et n\u2019ont que peu d\u2019exp\u00e9riences. Cette jeunesse me fait perdre espoir.<\/p>\n\n\n\n<p class=\"has-text-align-justify\">Heureusement, je pense qu\u2019en majorit\u00e9 les jeunes se r\u00e9veillent. Ils se r\u00e9veillent et deviennent d\u2019autant plus patriotiques et motiv\u00e9s pour changer les choses&nbsp;! Cette jeunesse me donne espoir, et j\u2019esp\u00e8re en faire partie.&#8221;<\/p>\n\n\n\n<p class=\"has-text-align-justify\"><\/p>\n\n\n\n<h3 class=\"wp-block-heading\"><strong><span class=\"has-inline-color has-black-color\">8-: <strong>Beaucoup de jeunes fran\u00e7ais cherchent \u00e0 renouer avec leur h\u00e9ritage, quel est le meilleur moyen selon vous d&#8217;y parvenir ?<\/strong><\/span><\/strong><\/h3>\n\n\n\n<p><\/p>\n\n\n\n<p class=\"has-text-align-justify\">&#8220;Apprendre et comprendre l\u2019histoire.&#8221;<\/p>\n\n\n\n<p><\/p>\n\n\n\n<h3 class=\"wp-block-heading\"><span class=\"has-inline-color has-black-color\"><strong>9-: Quels sont les principaux dangers qui menacent la civilisation europ\u00e9enne selon vous ?<\/strong><\/span><\/h3>\n\n\n\n<p><\/p>\n\n\n\n<p class=\"has-text-align-justify\">&#8220;<em>Le mondialisme. En quelques mots, je pense qu\u2019il est \u00e9vident que l\u2019Europe a aujourd\u2019hui pour objectif la mondialisation et je suis contre un gouvernement mondial qui je pense d\u00e9shumanisera le peuple pour en faire des individus.&#8221;<\/em><\/p>\n\n\n\n<p><\/p>\n\n\n\n<h3 class=\"wp-block-heading\"><span class=\"has-inline-color has-black-color\"><strong>10-: Quels sont les principaux espoirs et leviers qui permettraient de surpasser ces menaces ?<\/strong><\/span><\/h3>\n\n\n\n<p><\/p>\n\n\n\n<p class=\"has-text-align-justify\">&#8220;<em>La jeunesse. Qui d\u00e9tient la jeunesse, d\u00e9tient l\u2019avenir<\/em>.&#8221;<\/p>\n\n\n\n<p class=\"has-text-align-justify\"><\/p>\n\n\n\n<h3 class=\"wp-block-heading\"><span class=\"has-inline-color has-black-color\"><strong>11-: <strong>Y a t-il un sujet qui vous para\u00eet d\u00e9laiss\u00e9 aujourd&#8217;hui ou que vous consid\u00e9rez ne pas voir suffisamment dans les m\u00e9dias ou le d\u00e9bat public ?<\/strong><\/strong><\/span><\/h3>\n\n\n\n<p><\/p>\n\n\n\n<p class=\"has-text-align-justify\">&#8220;En France, l\u2019\u00e9conomie et le socialisme. Il est assez surprenant que dans les d\u00e9bats politiques et m\u00eames venant de conservateur fran\u00e7ais il y a tr\u00e8s peu voire pas du tout de d\u00e9bat sur l\u2019\u00e9conomie fran\u00e7aise. Ce que je reproche au conservateur fran\u00e7ais c\u2019est qu\u2019il n\u2019adresse qu\u2019un seul probl\u00e8me&nbsp;; l\u2019immigration. Qui est \u00e9videmment un probl\u00e8me pour plusieurs raisons mais il y a \u00e9galement un probl\u00e8me tr\u00e8s important en France qui est le socialisme et l\u2019\u00e9conomie. La droite fran\u00e7aise est de droite seulement pour l\u2019immigration mais promu le socialisme pour l\u2019\u00e9conomie. Ce qui est une terrible erreur vue les cons\u00e9quences \u00e9conomiques en France et je pense que chaque Fran\u00e7ais modeste peu vous en informez. La France n\u2019a pas besoin de plus de socialisme <em>au contraire.<\/em>&#8220;<\/p>\n\n\n\n<p><\/p>\n\n\n\n<h3 class=\"wp-block-heading\"><span class=\"has-inline-color has-black-color\"><strong>12-: Pouvez-vous nous donner un livre, un film et une musique, qui selon vous vous repr\u00e9sente, ou auquel vous tenez ?<\/strong><\/span><\/h3>\n\n\n\n<p><\/p>\n\n\n\n<p class=\"has-text-align-justify\">&#8220;Un livre qui me repr\u00e9sente&nbsp;? Je ne&nbsp;l\u2019ai pas encore trouv\u00e9&nbsp;! Mais, j\u2019ai deux livres auxquels je tiens et auxquels je porte beaucoup d\u2019int\u00e9r\u00eat.<\/p>\n\n\n\n<p class=\"has-text-align-justify\">Le premier c\u2019est <em>Propaganda<\/em>, un livre fascinant d\u2019Edward Bernay qui nous explique comment la propagande fonctionne et comment les politiciens, le gouvernement, les m\u00e9dias, manipulent les masses. Tr\u00e8s int\u00e9ressant et passionnant de rentrer dans la t\u00eate d\u2019un manipulateur de masse.<\/p>\n\n\n\n<p class=\"has-text-align-justify\">Le second c\u2019est <em>Let Me Be a Woman<\/em> de Elisabeth Elliot. L\u2019histoire d\u2019une m\u00e8re qui parle \u00e0 sa fille, de valeur, de f\u00e9minit\u00e9, tout ce que j\u2019aurais aim\u00e9 entendre venant d\u2019une m\u00e8re.<\/p>\n\n\n\n<p class=\"has-text-align-justify\">Une chanson qui me repr\u00e9sente&nbsp;: <em>Wake Up Everybody<\/em> de Harold Melvin &amp; The Blue Notes.<\/p>\n\n\n\n<p class=\"has-text-align-justify\">Deux de mes films pr\u00e9f\u00e9r\u00e9s&nbsp;: <em>Matrix<\/em> and <em>Retour Vers le Futur<\/em>.&#8221;<\/p>\n\n\n\n<p><\/p>\n\n\n\n<h3 class=\"wp-block-heading\"><span class=\"has-inline-color has-black-color\"><strong>13-:<\/strong> <strong>What do you think you can bring to someone who is just discovering you?<\/strong><\/span><\/h3>\n\n\n\n<p><\/p>\n\n\n\n<p><em>&#8220;Des r\u00e9ponses \u00e0 certaines questions, de la clart\u00e9 et de l\u2019espoir. En tout cas, c\u2019est mon but.<\/em><\/p>\n\n\n\n<p class=\"has-text-align-justify\"><em>J\u2019essaye aussi de partager ma philosophie de vie qui est de ne pas prendre totalement sa vie au s\u00e9rieux et que quoiqu\u2019il arrive nous allons tous \u00eatre ok \u00ab\u00a0we will all be ok\u00a0\u00bb, comme on dit en anglais.<\/em><\/p>\n\n\n\n<p class=\"has-text-align-justify\"><em>Nous allons tous mourir, nous sommes tous humains, des fois il faut juste appr\u00e9cier les choses les plus simples et se reconnecter avec notre nature.&#8221;<\/em><\/p>\n\n\n\n<p><\/p>\n\n\n\n<h3 class=\"wp-block-heading\"><span class=\"has-inline-color has-black-color\"><strong>14-: Quels sont vos projets \u00e0 l&#8217;avenir ? Dans les prochaines semaines et mois, \u00e0 court terme, mais \u00e9galement votre vision \u00e0 long terme ?<\/strong><\/span><\/h3>\n\n\n\n<p><\/p>\n\n\n\n<p class=\"has-text-align-justify\"><em>&#8220;Alors j\u2019ai plusieurs projets en t\u00eate, notamment la cr\u00e9ation de mon site web qui est en cours pour les prochaines semaines \u00e0 venir.&#8221;<\/em><\/p>\n\n\n\n<p><\/p>\n\n\n\n<h3 class=\"wp-block-heading\"><span class=\"has-inline-color has-black-color\"><strong>15-: <strong>O\u00f9 peut-on vous suivre ? Sur quel m\u00e9dia ou r\u00e9seau \u00eates-vous le plus actif ?<\/strong><\/strong><\/span><\/h3>\n\n\n\n<p><\/p>\n\n\n\n<p class=\"has-text-align-justify\"><em>&#8220;Ma chaine Youtube\u00a0! Je poste r\u00e9guli\u00e8rement des vid\u00e9os sur divers sujets, f\u00e9minismes, politique, f\u00e9minit\u00e9\u2026 Je suis \u00e9galement active sur mon compte Instagram, je fais beaucoup de stories et je suis tr\u00e8s engag\u00e9 avec mes abonn\u00e9s. Nous avons notre petite communaut\u00e9 tr\u00e8s sympathique et respectueuse.&#8221;<\/em><\/p>\n\n\n\n<p><\/p>\n\n\n\n<h3 class=\"wp-block-heading\"><span class=\"has-inline-color has-black-color\"><strong>16-: <strong>Un mot pour la fin ?<\/strong><\/strong><\/span><\/h3>\n\n\n\n<p><\/p>\n\n\n\n<p>&#8220;Vive la libert\u00e9 !&#8221;<\/p>\n\n\n\n<p><\/p>\n\n\n\n<p><\/p>","protected":false},"excerpt":{"rendered":"<p>1- Pour nos lecteurs qui ne vous connaissent pas encore, pr\u00e9sentez-vous. &#8220;Je me pr\u00e9sente sous le nom de \u00ab&nbsp;Pleinement Femme&nbsp;\u00bb [&hellip;]<\/p>","protected":false},"author":1,"featured_media":32997,"comment_status":"open","ping_status":"open","sticky":false,"template":"","format":"standard","meta":{"_et_pb_use_builder":"off","_et_pb_old_content":"","_et_gb_content_width":"","_exactmetrics_skip_tracking":false,"_exactmetrics_sitenote_active":false,"_exactmetrics_sitenote_note":"","_exactmetrics_sitenote_category":0,"footnotes":""},"categories":[21],"tags":[22,422,421],"yoast_head":"<!-- This site is optimized with the Yoast SEO plugin v22.3 - https:\/\/yoast.com\/wordpress\/plugins\/seo\/ -->\n<title>Interview TCE #21 - Pleinement Femme - The Conservative Enthusiast<\/title>\n<meta name=\"description\" content=\"\u27bd Interview de Pleinement Femme sur The Conservative Enthusiast : La plateforme de partage et d&#039;apprentissage des conservateurs.\" \/>\n<meta name=\"robots\" content=\"index, follow, max-snippet:-1, max-image-preview:large, max-video-preview:-1\" \/>\n<link rel=\"canonical\" href=\"https:\/\/conservativenthusiast.com\/en\/interview-tce-21-pleinement-femme\/\" \/>\n<meta property=\"og:locale\" content=\"en_GB\" \/>\n<meta property=\"og:type\" content=\"article\" \/>\n<meta property=\"og:title\" content=\"Interview TCE #21 - Pleinement Femme - The Conservative Enthusiast\" \/>\n<meta property=\"og:description\" content=\"\u27bd Interview de Pleinement Femme sur The Conservative Enthusiast : La plateforme de partage et d&#039;apprentissage des conservateurs.\" \/>\n<meta property=\"og:url\" content=\"https:\/\/conservativenthusiast.com\/en\/interview-tce-21-pleinement-femme\/\" \/>\n<meta property=\"og:site_name\" content=\"The Conservative Enthusiast\" \/>\n<meta property=\"article:published_time\" content=\"2021-05-29T10:00:00+00:00\" \/>\n<meta property=\"article:modified_time\" content=\"2021-05-25T13:46:02+00:00\" \/>\n<meta property=\"og:image\" content=\"https:\/\/conservativenthusiast.com\/wp-content\/uploads\/2021\/05\/Pleinement-Femme-1.jpg\" \/>\n\t<meta property=\"og:image:width\" content=\"900\" \/>\n\t<meta property=\"og:image:height\" content=\"900\" \/>\n\t<meta property=\"og:image:type\" content=\"image\/jpeg\" \/>\n<meta name=\"author\" content=\"Alexis.L\" \/>\n<meta name=\"twitter:card\" content=\"summary_large_image\" \/>\n<meta name=\"twitter:label1\" content=\"Written by\" \/>\n\t<meta name=\"twitter:data1\" content=\"Alexis.L\" \/>\n\t<meta name=\"twitter:label2\" content=\"Estimated reading time\" \/>\n\t<meta name=\"twitter:data2\" content=\"12 minutes\" \/>\n<script type=\"application\/ld+json\" class=\"yoast-schema-graph\">{\"@context\":\"https:\/\/schema.org\",\"@graph\":[{\"@type\":\"Article\",\"@id\":\"https:\/\/conservativenthusiast.com\/interview-tce-21-pleinement-femme\/#article\",\"isPartOf\":{\"@id\":\"https:\/\/conservativenthusiast.com\/interview-tce-21-pleinement-femme\/\"},\"author\":{\"name\":\"Alexis.L\",\"@id\":\"https:\/\/conservativenthusiast.com\/#\/schema\/person\/3edd83a60aed483f95ebc876aeac7feb\"},\"headline\":\"Interview TCE #21 &#8211; Pleinement Femme\",\"datePublished\":\"2021-05-29T10:00:00+00:00\",\"dateModified\":\"2021-05-25T13:46:02+00:00\",\"mainEntityOfPage\":{\"@id\":\"https:\/\/conservativenthusiast.com\/interview-tce-21-pleinement-femme\/\"},\"wordCount\":3037,\"commentCount\":0,\"publisher\":{\"@id\":\"https:\/\/conservativenthusiast.com\/#organization\"},\"image\":{\"@id\":\"https:\/\/conservativenthusiast.com\/interview-tce-21-pleinement-femme\/#primaryimage\"},\"thumbnailUrl\":\"https:\/\/conservativenthusiast.com\/wp-content\/uploads\/2021\/05\/Pleinement-Femme-1.jpg\",\"keywords\":[\"Interview\",\"Interview Pleinement Femme\",\"Pleinement Femme\"],\"articleSection\":[\"Interviews\"],\"inLanguage\":\"en-GB\",\"potentialAction\":[{\"@type\":\"CommentAction\",\"name\":\"Comment\",\"target\":[\"https:\/\/conservativenthusiast.com\/interview-tce-21-pleinement-femme\/#respond\"]}]},{\"@type\":\"WebPage\",\"@id\":\"https:\/\/conservativenthusiast.com\/interview-tce-21-pleinement-femme\/\",\"url\":\"https:\/\/conservativenthusiast.com\/interview-tce-21-pleinement-femme\/\",\"name\":\"Interview TCE #21 - Pleinement Femme - The Conservative Enthusiast\",\"isPartOf\":{\"@id\":\"https:\/\/conservativenthusiast.com\/#website\"},\"primaryImageOfPage\":{\"@id\":\"https:\/\/conservativenthusiast.com\/interview-tce-21-pleinement-femme\/#primaryimage\"},\"image\":{\"@id\":\"https:\/\/conservativenthusiast.com\/interview-tce-21-pleinement-femme\/#primaryimage\"},\"thumbnailUrl\":\"https:\/\/conservativenthusiast.com\/wp-content\/uploads\/2021\/05\/Pleinement-Femme-1.jpg\",\"datePublished\":\"2021-05-29T10:00:00+00:00\",\"dateModified\":\"2021-05-25T13:46:02+00:00\",\"description\":\"\u27bd Interview de Pleinement Femme sur The Conservative Enthusiast : La plateforme de partage et d'apprentissage des conservateurs.\",\"breadcrumb\":{\"@id\":\"https:\/\/conservativenthusiast.com\/interview-tce-21-pleinement-femme\/#breadcrumb\"},\"inLanguage\":\"en-GB\",\"potentialAction\":[{\"@type\":\"ReadAction\",\"target\":[\"https:\/\/conservativenthusiast.com\/interview-tce-21-pleinement-femme\/\"]}]},{\"@type\":\"ImageObject\",\"inLanguage\":\"en-GB\",\"@id\":\"https:\/\/conservativenthusiast.com\/interview-tce-21-pleinement-femme\/#primaryimage\",\"url\":\"https:\/\/conservativenthusiast.com\/wp-content\/uploads\/2021\/05\/Pleinement-Femme-1.jpg\",\"contentUrl\":\"https:\/\/conservativenthusiast.com\/wp-content\/uploads\/2021\/05\/Pleinement-Femme-1.jpg\",\"width\":900,\"height\":900,\"caption\":\"Pleinement Femme logo\"},{\"@type\":\"BreadcrumbList\",\"@id\":\"https:\/\/conservativenthusiast.com\/interview-tce-21-pleinement-femme\/#breadcrumb\",\"itemListElement\":[{\"@type\":\"ListItem\",\"position\":1,\"name\":\"Accueil\",\"item\":\"https:\/\/conservativenthusiast.com\/\"},{\"@type\":\"ListItem\",\"position\":2,\"name\":\"Interview TCE #21 &#8211; Pleinement Femme\"}]},{\"@type\":\"WebSite\",\"@id\":\"https:\/\/conservativenthusiast.com\/#website\",\"url\":\"https:\/\/conservativenthusiast.com\/\",\"name\":\"The Conservative Enthusiast\",\"description\":\"La plateforme de r\u00e9information, de partage et d&#039;apprentissage des conservateurs.\",\"publisher\":{\"@id\":\"https:\/\/conservativenthusiast.com\/#organization\"},\"potentialAction\":[{\"@type\":\"SearchAction\",\"target\":{\"@type\":\"EntryPoint\",\"urlTemplate\":\"https:\/\/conservativenthusiast.com\/?s={search_term_string}\"},\"query-input\":\"required name=search_term_string\"}],\"inLanguage\":\"en-GB\"},{\"@type\":\"Organization\",\"@id\":\"https:\/\/conservativenthusiast.com\/#organization\",\"name\":\"The Conservative Enthusiast\",\"url\":\"https:\/\/conservativenthusiast.com\/\",\"logo\":{\"@type\":\"ImageObject\",\"inLanguage\":\"en-GB\",\"@id\":\"https:\/\/conservativenthusiast.com\/#\/schema\/logo\/image\/\",\"url\":\"https:\/\/i0.wp.com\/conservativeenthusiast.com\/wp-content\/uploads\/2020\/06\/LOGO-CE-MINI.png?fit=3867%2C1180&ssl=1\",\"contentUrl\":\"https:\/\/i0.wp.com\/conservativeenthusiast.com\/wp-content\/uploads\/2020\/06\/LOGO-CE-MINI.png?fit=3867%2C1180&ssl=1\",\"width\":3867,\"height\":1180,\"caption\":\"The Conservative Enthusiast\"},\"image\":{\"@id\":\"https:\/\/conservativenthusiast.com\/#\/schema\/logo\/image\/\"}},{\"@type\":\"Person\",\"@id\":\"https:\/\/conservativenthusiast.com\/#\/schema\/person\/3edd83a60aed483f95ebc876aeac7feb\",\"name\":\"Alexis.L\",\"image\":{\"@type\":\"ImageObject\",\"inLanguage\":\"en-GB\",\"@id\":\"https:\/\/conservativenthusiast.com\/#\/schema\/person\/image\/\",\"url\":\"https:\/\/secure.gravatar.com\/avatar\/e276145ad3a64170e9c68564bb9e4280?s=96&d=mm&r=g\",\"contentUrl\":\"https:\/\/secure.gravatar.com\/avatar\/e276145ad3a64170e9c68564bb9e4280?s=96&d=mm&r=g\",\"caption\":\"Alexis.L\"},\"description\":\"Si vous appr\u00e9ciez les articles de ce r\u00e9dacteur et que vous souhaitez en d\u00e9couvrir davantage sur lui ou ses \u00e9crits, vous pouvez consulter tous ses articles en cliquant sur son pseudo ou en apprendre plus sur notre page \\\"Notre \u00e9quipe\\\". Vous pouvez \u00e9galement le suivre sur ses diff\u00e9rents r\u00e9seaux sociaux ci-dessous.\",\"url\":\"https:\/\/conservativenthusiast.com\/en\/author\/admin6171\/\"}]}<\/script>\n<!-- \/ Yoast SEO plugin. -->","yoast_head_json":{"title":"Interview TCE #21 - Pleinement Femme - The Conservative Enthusiast","description":"\u27bd Interview de Pleinement Femme sur The Conservative Enthusiast : La plateforme de partage et d'apprentissage des conservateurs.","robots":{"index":"index","follow":"follow","max-snippet":"max-snippet:-1","max-image-preview":"max-image-preview:large","max-video-preview":"max-video-preview:-1"},"canonical":"https:\/\/conservativenthusiast.com\/en\/interview-tce-21-pleinement-femme\/","og_locale":"en_GB","og_type":"article","og_title":"Interview TCE #21 - Pleinement Femme - The Conservative Enthusiast","og_description":"\u27bd Interview de Pleinement Femme sur The Conservative Enthusiast : La plateforme de partage et d'apprentissage des conservateurs.","og_url":"https:\/\/conservativenthusiast.com\/en\/interview-tce-21-pleinement-femme\/","og_site_name":"The Conservative Enthusiast","article_published_time":"2021-05-29T10:00:00+00:00","article_modified_time":"2021-05-25T13:46:02+00:00","og_image":[{"width":900,"height":900,"url":"https:\/\/conservativenthusiast.com\/wp-content\/uploads\/2021\/05\/Pleinement-Femme-1.jpg","type":"image\/jpeg"}],"author":"Alexis.L","twitter_card":"summary_large_image","twitter_misc":{"Written by":"Alexis.L","Estimated reading time":"12 minutes"},"schema":{"@context":"https:\/\/schema.org","@graph":[{"@type":"Article","@id":"https:\/\/conservativenthusiast.com\/interview-tce-21-pleinement-femme\/#article","isPartOf":{"@id":"https:\/\/conservativenthusiast.com\/interview-tce-21-pleinement-femme\/"},"author":{"name":"Alexis.L","@id":"https:\/\/conservativenthusiast.com\/#\/schema\/person\/3edd83a60aed483f95ebc876aeac7feb"},"headline":"Interview TCE #21 &#8211; Pleinement Femme","datePublished":"2021-05-29T10:00:00+00:00","dateModified":"2021-05-25T13:46:02+00:00","mainEntityOfPage":{"@id":"https:\/\/conservativenthusiast.com\/interview-tce-21-pleinement-femme\/"},"wordCount":3037,"commentCount":0,"publisher":{"@id":"https:\/\/conservativenthusiast.com\/#organization"},"image":{"@id":"https:\/\/conservativenthusiast.com\/interview-tce-21-pleinement-femme\/#primaryimage"},"thumbnailUrl":"https:\/\/conservativenthusiast.com\/wp-content\/uploads\/2021\/05\/Pleinement-Femme-1.jpg","keywords":["Interview","Interview Pleinement Femme","Pleinement Femme"],"articleSection":["Interviews"],"inLanguage":"en-GB","potentialAction":[{"@type":"CommentAction","name":"Comment","target":["https:\/\/conservativenthusiast.com\/interview-tce-21-pleinement-femme\/#respond"]}]},{"@type":"WebPage","@id":"https:\/\/conservativenthusiast.com\/interview-tce-21-pleinement-femme\/","url":"https:\/\/conservativenthusiast.com\/interview-tce-21-pleinement-femme\/","name":"Interview TCE #21 - Pleinement Femme - The Conservative Enthusiast","isPartOf":{"@id":"https:\/\/conservativenthusiast.com\/#website"},"primaryImageOfPage":{"@id":"https:\/\/conservativenthusiast.com\/interview-tce-21-pleinement-femme\/#primaryimage"},"image":{"@id":"https:\/\/conservativenthusiast.com\/interview-tce-21-pleinement-femme\/#primaryimage"},"thumbnailUrl":"https:\/\/conservativenthusiast.com\/wp-content\/uploads\/2021\/05\/Pleinement-Femme-1.jpg","datePublished":"2021-05-29T10:00:00+00:00","dateModified":"2021-05-25T13:46:02+00:00","description":"\u27bd Interview de Pleinement Femme sur The Conservative Enthusiast : La plateforme de partage et d'apprentissage des conservateurs.","breadcrumb":{"@id":"https:\/\/conservativenthusiast.com\/interview-tce-21-pleinement-femme\/#breadcrumb"},"inLanguage":"en-GB","potentialAction":[{"@type":"ReadAction","target":["https:\/\/conservativenthusiast.com\/interview-tce-21-pleinement-femme\/"]}]},{"@type":"ImageObject","inLanguage":"en-GB","@id":"https:\/\/conservativenthusiast.com\/interview-tce-21-pleinement-femme\/#primaryimage","url":"https:\/\/conservativenthusiast.com\/wp-content\/uploads\/2021\/05\/Pleinement-Femme-1.jpg","contentUrl":"https:\/\/conservativenthusiast.com\/wp-content\/uploads\/2021\/05\/Pleinement-Femme-1.jpg","width":900,"height":900,"caption":"Pleinement Femme logo"},{"@type":"BreadcrumbList","@id":"https:\/\/conservativenthusiast.com\/interview-tce-21-pleinement-femme\/#breadcrumb","itemListElement":[{"@type":"ListItem","position":1,"name":"Accueil","item":"https:\/\/conservativenthusiast.com\/"},{"@type":"ListItem","position":2,"name":"Interview TCE #21 &#8211; Pleinement Femme"}]},{"@type":"WebSite","@id":"https:\/\/conservativenthusiast.com\/#website","url":"https:\/\/conservativenthusiast.com\/","name":"The Conservative Enthusiast","description":"La plateforme de r\u00e9information, de partage et d&#039;apprentissage des conservateurs.","publisher":{"@id":"https:\/\/conservativenthusiast.com\/#organization"},"potentialAction":[{"@type":"SearchAction","target":{"@type":"EntryPoint","urlTemplate":"https:\/\/conservativenthusiast.com\/?s={search_term_string}"},"query-input":"required name=search_term_string"}],"inLanguage":"en-GB"},{"@type":"Organization","@id":"https:\/\/conservativenthusiast.com\/#organization","name":"The Conservative Enthusiast","url":"https:\/\/conservativenthusiast.com\/","logo":{"@type":"ImageObject","inLanguage":"en-GB","@id":"https:\/\/conservativenthusiast.com\/#\/schema\/logo\/image\/","url":"https:\/\/i0.wp.com\/conservativeenthusiast.com\/wp-content\/uploads\/2020\/06\/LOGO-CE-MINI.png?fit=3867%2C1180&ssl=1","contentUrl":"https:\/\/i0.wp.com\/conservativeenthusiast.com\/wp-content\/uploads\/2020\/06\/LOGO-CE-MINI.png?fit=3867%2C1180&ssl=1","width":3867,"height":1180,"caption":"The Conservative Enthusiast"},"image":{"@id":"https:\/\/conservativenthusiast.com\/#\/schema\/logo\/image\/"}},{"@type":"Person","@id":"https:\/\/conservativenthusiast.com\/#\/schema\/person\/3edd83a60aed483f95ebc876aeac7feb","name":"Alexis.L","image":{"@type":"ImageObject","inLanguage":"en-GB","@id":"https:\/\/conservativenthusiast.com\/#\/schema\/person\/image\/","url":"https:\/\/secure.gravatar.com\/avatar\/e276145ad3a64170e9c68564bb9e4280?s=96&d=mm&r=g","contentUrl":"https:\/\/secure.gravatar.com\/avatar\/e276145ad3a64170e9c68564bb9e4280?s=96&d=mm&r=g","caption":"Alexis.L"},"description":"Si vous appr\u00e9ciez les articles de ce r\u00e9dacteur et que vous souhaitez en d\u00e9couvrir davantage sur lui ou ses \u00e9crits, vous pouvez consulter tous ses articles en cliquant sur son pseudo ou en apprendre plus sur notre page \"Notre \u00e9quipe\". Vous pouvez \u00e9galement le suivre sur ses diff\u00e9rents r\u00e9seaux sociaux ci-dessous.","url":"https:\/\/conservativenthusiast.com\/en\/author\/admin6171\/"}]}},"_links":{"self":[{"href":"https:\/\/conservativenthusiast.com\/en\/wp-json\/wp\/v2\/posts\/32973"}],"collection":[{"href":"https:\/\/conservativenthusiast.com\/en\/wp-json\/wp\/v2\/posts"}],"about":[{"href":"https:\/\/conservativenthusiast.com\/en\/wp-json\/wp\/v2\/types\/post"}],"author":[{"embeddable":true,"href":"https:\/\/conservativenthusiast.com\/en\/wp-json\/wp\/v2\/users\/1"}],"replies":[{"embeddable":true,"href":"https:\/\/conservativenthusiast.com\/en\/wp-json\/wp\/v2\/comments?post=32973"}],"version-history":[{"count":6,"href":"https:\/\/conservativenthusiast.com\/en\/wp-json\/wp\/v2\/posts\/32973\/revisions"}],"predecessor-version":[{"id":32999,"href":"https:\/\/conservativenthusiast.com\/en\/wp-json\/wp\/v2\/posts\/32973\/revisions\/32999"}],"wp:featuredmedia":[{"embeddable":true,"href":"https:\/\/conservativenthusiast.com\/en\/wp-json\/wp\/v2\/media\/32997"}],"wp:attachment":[{"href":"https:\/\/conservativenthusiast.com\/en\/wp-json\/wp\/v2\/media?parent=32973"}],"wp:term":[{"taxonomy":"category","embeddable":true,"href":"https:\/\/conservativenthusiast.com\/en\/wp-json\/wp\/v2\/categories?post=32973"},{"taxonomy":"post_tag","embeddable":true,"href":"https:\/\/conservativenthusiast.com\/en\/wp-json\/wp\/v2\/tags?post=32973"}],"curies":[{"name":"wp","href":"https:\/\/api.w.org\/{rel}","templated":true}]}}