{"id":3226,"date":"2020-12-19T12:00:00","date_gmt":"2020-12-19T11:00:00","guid":{"rendered":"https:\/\/conservativeenthusiast.com\/?p=3226"},"modified":"2020-12-23T18:07:32","modified_gmt":"2020-12-23T17:07:32","slug":"interview-tce-9-la-nature-comme-socle","status":"publish","type":"post","link":"https:\/\/conservativenthusiast.com\/en\/interview-tce-9-la-nature-comme-socle\/","title":{"rendered":"Interview TCE #9 &#8211; La Nature Comme Socle"},"content":{"rendered":"<h3 class=\"wp-block-heading\"><strong><span class=\"has-inline-color has-black-color\">1- For our readers who don't know you yet, can you present yourself ?<\/span><\/strong><\/h3>\n\n\n\n<p><\/p>\n\n\n\n<p><em>&#8220;Bonjour et merci pour cette interview. Je me fais connaitre sous le pseudonyme de Brennos Volques \/ La Nature Comme Socle sur Facebook et Instagram. J\u2019ai 25 ans et je vis dans le sud de la France.&#8221;<\/em><\/p>\n\n\n\n<p class=\"has-text-align-justify\"><\/p>\n\n\n\n<h3 class=\"wp-block-heading\"><strong><span class=\"has-inline-color has-black-color\">2-: Quel est votre parcours ? Votre jeunesse, vos \u00e9tudes, vos projets d\u00e9j\u00e0 r\u00e9alis\u00e9s et vos succ\u00e8s pass\u00e9s ?<\/span><\/strong><\/h3>\n\n\n\n<p><\/p>\n\n\n\n<p>&#8220;Parcours perso&nbsp;:<\/p>\n\n\n\n<p class=\"has-text-align-justify\">Je suis n\u00e9 et j\u2019ai grandi dans le sud de la France, dans une famille tout \u00e0 fait classique, o\u00f9 la politique et la religion n\u2019\u00e9taient pas du tout au centre de la vie de famille. Mon fr\u00e8re, ma s\u0153ur et moi avons grandi et r\u00e9alis\u00e9 nos parcours respectifs avec le soutien de nos parents mais tout en gardant une libert\u00e9 totale de nos choix, le libre arbitre \u00e9tait de mise.<\/p>\n\n\n\n<p>Parcours Pro&nbsp;:<\/p>\n\n\n\n<p class=\"has-text-align-justify\">J\u2019ai fait des \u00e9tudes sup\u00e9rieures sp\u00e9cialis\u00e9es dans le commerce et le marketing en alternance que j\u2019ai termin\u00e9 cette ann\u00e9e (Master 2). J\u2019ai d\u00e9but\u00e9 dans le secteur de l\u2019alimentaire (grande distribution, boulangerie) pendant 5 ans et maintenant je suis d\u00e9sormais \u00e0 mon compte.&#8221;<\/p>\n\n\n\n<p><\/p>\n\n\n\n<h3 class=\"wp-block-heading\"><strong><span class=\"has-inline-color has-black-color\">3-: Qu&#8217;est-ce qui vous a amen\u00e9 \u00e0 lancer votre projet ? Quelles sont les \u00e9tapes qui vous y ont men\u00e9es ?<\/span><\/strong><\/h3>\n\n\n\n<p><\/p>\n\n\n\n<p class=\"has-text-align-justify\"><em>&#8221; <\/em>Tout d\u2019abord, \u00e9tant d\u2019origine Bourguignonne (par mon p\u00e8re) et Sicilienne \/ Calabraise (par ma m\u00e8re). J\u2019ai tr\u00e8s vite \u00e9t\u00e9 berc\u00e9 par cette identit\u00e9 Europ\u00e9enne des deux c\u00f4t\u00e9s de ma famille, principalement gr\u00e2ce \u00e0 mes grands-parents et \u00e0 mon fr\u00e8re. En effet, du c\u00f4t\u00e9 Bourguignon mes grands-parents parlaient le patois du charollais et vivaient en pleine campagne pr\u00e8s de vestiges Gaulois et Gallo-Romain. Il y a bon nombre de dolmens et menhirs dans la r\u00e9gion, que j\u2019ai pu contempler lors de ballades familiales. De plus, ils nous racontaient tr\u00e8s souvent des anecdotes sur la mani\u00e8re de vivre de leur \u00e9poque, ce qui m\u2019a toujours fait penser que la vie d\u2019avant devait \u00eatre plus agr\u00e9able voire m\u00eame meilleure qu\u2019\u00e0 notre \u00e9poque. De mon c\u00f4t\u00e9 Sicilien \/ Calabrais, j\u2019entendais les histoires sur l\u2019empire Romain, son histoire et sa grandeur. D\u2019ailleurs, les mythes sur l\u2019ancien empire Romain, comme la louve allaitant Remus et Romulus, m\u2019ont toujours frapp\u00e9 par leur beaut\u00e9.<\/p>\n\n\n\n<p class=\"has-text-align-justify\">Ensuite, il y a le fait que j\u2019ai toujours \u00e9cout\u00e9 et fait du Black M\u00e9tal. C\u2019est pour moi une musique r\u00e9solument identitaire et proche des racines Europ\u00e9ennes, tant au niveau des th\u00e9matiques abord\u00e9es que par certains aspects techniques (gammes \u00e0 la guitare, utilisation d\u2019instruments traditionnels, etc\u2026). Le N\u00e9o-Folk, la musique Martiale et Industrielle ainsi que la musique Classique sont aussi des genres qui m\u2019inspirent. J\u2019\u00e9coute r\u00e9guli\u00e8rement des reproductions de musique antique (Grecque et Romaine), ainsi que la red\u00e9couverte de la musique des Vikings et des peuples Celtes qui revient au go\u00fbt du jour.<\/p>\n\n\n\n<p class=\"has-text-align-justify\">\u00c9tant \u00e9galement passionn\u00e9 par l\u2019histoire de l\u2019Europe, et plus particuli\u00e8rement par l\u2019histoire pr\u00e9chr\u00e9tienne, j\u2019ai toujours eu cette vision grandiose et puissante des Dieux grecs et Germaniques. Je consultais r\u00e9guli\u00e8rement des revues, des livres et des vid\u00e9os sur internet \u00e0 ce sujet. Dans ma conception de ce que doit \u00eatre l\u2019Homme Europ\u00e9en, cela est un point important car c\u2019est de cette mani\u00e8re qu\u2019il peut pr\u00e9server et transmettre sa longue m\u00e9moire.<\/p>\n\n\n\n<p class=\"has-text-align-justify\">Enfin, j\u2019ai toujours \u00e9t\u00e9 attir\u00e9 par les Menhirs et les Dolmens, ces pierres qui traversent les \u00e2ges et qui t\u00e9moignent d\u2019un pass\u00e9 lointain. La nature et la montagne me permettent \u00e9galement de me ressourcer et de quitter ce monde moderne au bord de l\u2019effondrement. &nbsp;<\/p>\n\n\n\n<p class=\"has-text-align-justify\">\u00c0 la base je souhaitais faire partager ma passion pour la nature et les vestiges de ma r\u00e9gion rencontr\u00e9s lors de mes randonn\u00e9es. Malgr\u00e9 cela, j\u2019\u00e9tais encore confus sur la ligne exacte que je voulais suivre. Puis, \u00e0 mesure que la page prenait de l\u2019ampleur, j\u2019ai ressenti le besoin d\u2019aller plus loin dans mon travail. J\u2019ai voulu partager \u00e0 mes abonn\u00e9s ce qui m\u2019animait r\u00e9ellement, les citations de mes auteurs pr\u00e9f\u00e9r\u00e9s illustr\u00e9s par des images en coh\u00e9rence avec le texte et tout cela li\u00e9 \u00e0 notre identit\u00e9 Europ\u00e9enne. Alors j\u2019ai commenc\u00e9 \u00e0 fouiller dans mes connaissances personnelles, des livres, des archives etc\u2026 pour trouver du contenu \u00e0 partager et \u00e0 faire connaitre.&#8221;<\/p>\n\n\n\n<p class=\"has-text-align-justify\"><\/p>\n\n\n\n<h3 class=\"wp-block-heading\"><strong><span class=\"has-inline-color has-black-color\">4-: <strong><strong>Pouvez-vous nous expliquer plus en d\u00e9tail en quoi consiste votre projet ?<\/strong><\/strong><\/span><\/strong><\/h3>\n\n\n\n<p><\/p>\n\n\n\n<p class=\"has-text-align-justify\">&#8221; Cela faisait pas mal d\u2019ann\u00e9es que l\u2019id\u00e9e d\u2019une page comme celle-ci me trottait dans la t\u00eate. Le nom vient bien \u00e9videmment de la c\u00e9l\u00e8bre citation de Dominique Venner&nbsp;: \u00ab&nbsp;La nature comme socle, l\u2019excellence comme but, et la beaut\u00e9 comme horizon&nbsp;\u00bb. Ayant d\u00e9couvert Dominique Venner malheureusement le jour de sa mort dans la cath\u00e9drale de Paris et apr\u00e8s avoir regard\u00e9 la vid\u00e9o d\u2019hommage de l\u2019Institut Iliade sur YouTube, je me suis directement int\u00e9ress\u00e9 \u00e0 cet homme, qui m\u2019a ouvert les yeux et r\u00e9pondu \u00e0 bon nombre de mes questions.<\/p>\n\n\n\n<p class=\"has-text-align-justify\">Mon projet se base sur mon cheminement intellectuel, sur ma conception du monde, de notre place \u00e0 nous, Europ\u00e9ens, qui, au milieu de ce monde d\u00e9cadent, devons nous lever et affirmer que, nous serons, comme hier, toujours pr\u00e9sent sur cette terre Europ\u00e9enne. Ce cheminement s\u2019est fait gr\u00e2ce \u00e0 plusieurs \u00e9l\u00e9ments.&#8221;<\/p>\n\n\n\n<p><\/p>\n\n\n\n<h3 class=\"wp-block-heading\"><strong><span class=\"has-inline-color has-black-color\">5-: <strong>: Depuis combien de temps votre projet est lanc\u00e9, et comment se passe son \u00e9volution ?<\/strong><\/span><\/strong><\/h3>\n\n\n\n<p><\/p>\n\n\n\n<p class=\"has-text-align-justify\"><em>&#8221; <\/em>J\u2019ai officiellement lanc\u00e9 ce projet le 22 mai 2020. Apr\u00e8s des d\u00e9buts assez faibles, ma page a commenc\u00e9 \u00e0 se d\u00e9velopper lors de mon changement de strat\u00e9gie de publication. \u00c9tant plus qualitatives et plus visuelles, gr\u00e2ce \u00e0 des images et citations en parfaite ad\u00e9quation, j\u2019ai eu le plaisir de voir mes publications de plus en plus relay\u00e9es.<\/p>\n\n\n\n<p class=\"has-text-align-justify\">Pour \u00eatre franc je ne m\u2019attendais pas \u00e0 ce que ma page soit aussi vite partag\u00e9e et encore moins par des noms assez connus.<\/p>\n\n\n\n<p class=\"has-text-align-justify\">J\u2019avais r\u00e9cemment atteint les 1000 abonn\u00e9s mais \u00e0 cause de la censure de Facebook sur un de mes comptes j\u2019ai \u00e9t\u00e9 contraint de recr\u00e9er une nouvelle page sous le nom de \u00ab&nbsp;La Nature Comme Socle \u2013 Europa&nbsp;\u00bb. Malgr\u00e9 tout, je concentre le gros de mon travail sur Instagram et Telegram, qui, je le rappelle pour ce dernier, est un m\u00e9dia o\u00f9 la censure est pour le moment inexistante donc j\u2019encourage tout le monde \u00e0 rejoindre cette application&nbsp;! &#8220;<\/p>\n\n\n\n<p><\/p>\n\n\n\n<h3 class=\"wp-block-heading\"><span class=\"has-inline-color has-black-color\"><strong>6-: <strong>Quelles sont vos principales sources d&#8217;inspirations, vos influences et vos r\u00e9f\u00e9rences ?<\/strong><\/strong><\/span><\/h3>\n\n\n\n<p><\/p>\n\n\n\n<p class=\"has-text-align-justify\">&#8221; Mes principales influences sont la musique, notamment le Black M\u00e9tal, le Pagan \/ Folk M\u00e9tal, le N\u00e9o-Folk, la musique traditionnelle Europ\u00e9enne et la musique Classique.<\/p>\n\n\n\n<p class=\"has-text-align-justify\">J\u2019aime beaucoup les \u00e9crits de Jean Mabire, Domminique Venner, Jean Haudry, Sylvain Tesson et bon nombre d\u2019autres auteurs\u2026 Il y a \u00e9galement la mythologie Grecque et Celto-Germanique, l\u2019Iliade et l\u2019Odyss\u00e9e qui sont des textes d\u2019une extr\u00eame importance \u00e0 mes yeux, des \u00e9crits sacr\u00e9s pour les Europ\u00e9ens.<\/p>\n\n\n\n<p class=\"has-text-align-justify\">Je m\u2019inspire \u00e9galement beaucoup du site internet CITATIO&nbsp;: <a href=\"https:\/\/citations.institut-iliade.com\/\">https:\/\/citations.institut-iliade.com\/<\/a> , cr\u00e9\u00e9 par l\u2019Institut Iliade. C\u2019est une banque de citations o\u00f9 l\u2019on retrouve de grands auteurs Europ\u00e9ens et plus encore. C\u2019est une v\u00e9ritable mine d\u2019or et je conseille \u00e0 tout le monde d\u2019aller regarder.<\/p>\n\n\n\n<p class=\"has-text-align-justify\">La fougue et la d\u00e9termination du baron Ungern-Sternberg me prend \u00e9galement aux tripes, c\u2019est un homme qui m\u2019inspire beaucoup.&#8221;<\/p>\n\n\n\n<p><\/p>\n\n\n\n<h3 class=\"wp-block-heading\"><span class=\"has-inline-color has-black-color\"><strong>7-: <strong>Qu&#8217;est-ce que le conservatisme selon vous ? Et pensez-vous qu&#8217;il est important aujourd&#8217;hui ? Si oui pourquoi et si non pourquoi ?<\/strong><\/strong><\/span><\/h3>\n\n\n\n<p><\/p>\n\n\n\n<p class=\"has-text-align-justify\">&#8221; Ma vision du conservatisme est relativement simple et loin du conservatisme que certaines personnalit\u00e9s de droite souhaitent pour les Fran\u00e7ais et les Europ\u00e9ens. Je souhaite que notre socle Bio-Ethnique et Culturel Europ\u00e9en soit le plus pr\u00e9serv\u00e9 possible.<\/p>\n\n\n\n<p class=\"has-text-align-justify\">Il nous faut r\u00e9europ\u00e9aniser la France et L\u2019Europe, qui sont en train de disparaitre. Quand je parle de r\u00e9europ\u00e9aniser, c\u2019est \u00e0 la fois par le corps et l\u2019esprit. Revenir aux bases essentielles de notre civilisation et de nos sp\u00e9cificit\u00e9s qui nous sont propres. La priorit\u00e9 est de revenir aux fondements m\u00eame de notre civilisation Europ\u00e9enne, de notre lointain pass\u00e9, de se rappeler de notre longue m\u00e9moire et de l\u2019honorer chaque jour. Nous devons \u00e9galement faire plus d\u2019enfants, les enchanter par les contes et l\u00e9gendes que nos anc\u00eatres nous ont l\u00e9gu\u00e9 et ne pas les laisser devant des s\u00e9ries Netflix qui les abrutissent et les incitent \u00e0 se m\u00e9langer avec la terre enti\u00e8re. Nous devons \u00eatre en communion avec cette nature que nous avons trop longtemps bafou\u00e9 aux profits de monoth\u00e9ismes dogmatiques non-europ\u00e9ens et incompatibles avec notre mode de vie. L\u2019universalisme et l\u2019acceptation de tout n\u2019a pas sa place dans notre soci\u00e9t\u00e9 et notre civilisation c\u2019est pourquoi le conservatisme tel que je l\u2019envisage est important aujourd\u2019hui.&#8221;<\/p>\n\n\n\n<p><\/p>\n\n\n\n<h3 class=\"wp-block-heading\"><span class=\"has-inline-color has-black-color\"><strong>8-: <strong>Pouvez-vous nous donner un livre, un film et une musique, qui selon vous vous repr\u00e9sente, ou auquel vous tenez ?<\/strong><\/strong><\/span><\/h3>\n\n\n\n<p><\/p>\n\n\n\n<p class=\"has-text-align-justify\"><em>Livre&nbsp;: Jean Mabire, Le Soleil Retrouv\u00e9 des Hyperbor\u00e9ens, car ce livre est un chef d\u2019\u0153uvre \u00e0 mes yeux. Il rassemble \u00e9norm\u00e9ment d\u2019informations et des faits historiques importants. De plus, ce livre nous montre une v\u00e9ritable connexion entre les peuples Grecs, Celtes et Germano-Scandinaves car ils partagent tous, dans leurs mythologies, l\u2019origine de l\u2019hyperbor\u00e9e.<\/em><\/p>\n\n\n\n<p class=\"has-text-align-justify\"><em>Film : Grand Torino de Clint Eastwood . Que dire de plus sur ce film, il est extr\u00eamement bien r\u00e9alis\u00e9, l\u2019histoire est prenante et Clint Eastwood m\u2019a marqu\u00e9 dans ce r\u00f4le.<\/em><\/p>\n\n\n\n<p class=\"has-text-align-justify\"><em>Musique : \u00ab&nbsp;<a href=\"https:\/\/www.youtube.com\/watch?v=3y91FaPKcUY&amp;ab_channel=ChoeurMontjoieSaintDenis\" target=\"_blank\" rel=\"noreferrer noopener\">Le Clan<\/a>&nbsp;\u00bb du Ch\u0153ur Montjoie Saint-Denis , parce qu\u2019elle repr\u00e9sente cette vie traditionnelle et clanique des peuples Europ\u00e9ens<\/em><\/p>\n\n\n\n<p><\/p>\n\n\n\n<h3 class=\"wp-block-heading\"><span class=\"has-inline-color has-black-color\"><strong>9-: Que pensez-vous pouvoir apporter \u00e0 quelqu&#8217;un qui vous d\u00e9couvre ?<\/strong><\/span><\/h3>\n\n\n\n<p><\/p>\n\n\n\n<p class=\"has-text-align-justify\"><em>&#8221;  Ce que j\u2019esp\u00e8re apporter \u00e0 mes abonn\u00e9s et aux futurs personnes qui rejoindront ma page, c\u2019est cette amour que je porte pour notre longue m\u00e9moire, notre h\u00e9ritage guerrier et spirituel des anciens peuples Europ\u00e9ens et des divinit\u00e9s auxquelles ils croyaient, l\u2019amour pour la pr\u00e9servation de la nature, de la faune et la flore qui caract\u00e9rise la diversit\u00e9 de nos paysages. Et bien \u00e9videmment de la pr\u00e9servation de ce que nous sommes en tant que peuple. &#8220;<\/em><\/p>\n\n\n\n<p><\/p>\n\n\n\n<h3 class=\"wp-block-heading\"><span class=\"has-inline-color has-black-color\"><strong>10-: Quels sont vos projets \u00e0 l&#8217;avenir ? Dans les prochaines semaines et mois, \u00e0 court terme, mais \u00e9galement votre vision \u00e0 long terme.<\/strong><\/span><\/h3>\n\n\n\n<p><\/p>\n\n\n\n<p class=\"has-text-align-justify\">&#8221; Cr\u00e9er une marque de v\u00eatements enracin\u00e9e qui puise dans notre glorieux h\u00e9ritage europ\u00e9en. La marque est en cours de cr\u00e9ation \u00e0 l\u2019heure o\u00f9 j\u2019\u00e9cris ces lignes.<\/p>\n\n\n\n<p class=\"has-text-align-justify\">Ayant d\u00e9j\u00e0 compos\u00e9 et enregistr\u00e9 quelques sorties en format cassette et CD il y a quelques ann\u00e9es j\u2019avais envie de me lancer sur un nouveau projet musical, je suis donc en train de composer pour mon groupe de Black M\u00e9tal cr\u00e9\u00e9 cette ann\u00e9e. La th\u00e9matique de l\u2019album et des futures sorties seront ax\u00e9es sur le mythe d\u2019Hyperbor\u00e9e.<\/p>\n\n\n\n<p class=\"has-text-align-justify\">Toujours dans la musique, je suis \u00e9galement en collaboration avec un ami pour la cr\u00e9ation de plusieurs labels sp\u00e9cialis\u00e9s dans diff\u00e9rents styles (M\u00e9tal Extr\u00eame, Black M\u00e9tal, N\u00e9o-Folk, New Wave\u2026).<\/p>\n\n\n\n<p class=\"has-text-align-justify\">D\u2019autres projets sont en cours de cr\u00e9ation mais pour le moment je ne peux vous en dire plus.&#8221;<\/p>\n\n\n\n<p><\/p>\n\n\n\n<h3 class=\"wp-block-heading\"><span class=\"has-inline-color has-black-color\"><strong>11-: O\u00f9 peut-on vous suivre ? Sur quel m\u00e9dia\/r\u00e9seau \u00eates-vous le plus actif?<\/strong><\/span><\/h3>\n\n\n\n<p><\/p>\n\n\n\n<p class=\"has-text-align-justify\"><em>&#8221; <\/em> Voici les diff\u00e9rents liens o\u00f9 vous pouvez me suivre&nbsp;:<\/p>\n\n\n\n<p>La Nature Comme Socle<\/p>\n\n\n\n<p>Facebook&nbsp;: <a href=\"https:\/\/www.facebook.com\/EuropaLNCS\">https:\/\/www.facebook.com\/EuropaLNCS<\/a><\/p>\n\n\n\n<p>Instagram : <a href=\"https:\/\/www.instagram.com\/la.nature.comme.socle\/\">https:\/\/www.instagram.com\/la.nature.comme.socle\/<\/a><\/p>\n\n\n\n<p>Telegram : <a href=\"http:\/\/t.me\/LaNatureCommeSocle\" target=\"_blank\" rel=\"noreferrer noopener\">t.me\/LaNatureCommeSocle<\/a><\/p>\n\n\n\n<p>Sol Invictvs Media (promotion pour les groupes de Black M\u00e9tal, M\u00e9tal Extr\u00eame et N\u00e9o-Folk)<\/p>\n\n\n\n<p>Facebook&nbsp;: <a href=\"https:\/\/www.facebook.com\/SolInvictvsMedia\">https:\/\/www.facebook.com\/SolInvictvsMedia<\/a><\/p>\n\n\n\n<p>Instagram : <a href=\"https:\/\/www.instagram.com\/sol.invictvs.media\/\">https:\/\/www.instagram.com\/sol.invictvs.media\/<\/a><\/p>\n\n\n\n<p>Telegram : <a href=\"http:\/\/t.me\/SolInvictvsMedia\" target=\"_blank\" rel=\"noreferrer noopener\">t.me\/SolInvictvsMedia<\/a><\/p>\n\n\n\n<p><\/p>\n\n\n\n<h3 class=\"wp-block-heading\"><span class=\"has-inline-color has-black-color\"><strong>12-: Un mot pour la fin ?<\/strong><\/span><\/h3>\n\n\n\n<p><\/p>\n\n\n\n<p class=\"has-text-align-justify\">&#8221; Je remercie <a href=\"https:\/\/www.instagram.com\/alexis_lisiak\/\" target=\"_blank\" rel=\"noreferrer noopener\">Alexis Lisiak<\/a> Fondateur et Directeur de <a href=\"https:\/\/conservativenthusiast.com\/en\/\" target=\"_blank\" rel=\"noreferrer noopener\">The Conservative Enthusiast<\/a>, ainsi que ceux qui travaillent de pr\u00e8s ou de loin sur ce projet qui est tr\u00e8s prometteur et tr\u00e8s int\u00e9ressant, bravo \u00e0 vous.<\/p>\n\n\n\n<p class=\"has-text-align-justify\">Je remercie \u00e9galement mes abonn\u00e9s qui me suivent depuis le d\u00e9but et me soutiennent, ainsi que <a href=\"https:\/\/institut-iliade.com\/\" target=\"_blank\" rel=\"noreferrer noopener\">l\u2019Institut Iliade<\/a> et tous les autres acteurs du milieu qui m\u2019ont permis d\u2019en arriver l\u00e0.<\/p>\n\n\n\n<p class=\"has-text-align-justify\">Pour terminer, je laisserai cette citation de fin de Dominique Venner qui est pour moi la plus repr\u00e9sentative de l\u2019\u00e9poque dans laquelle nous vivons. \u00ab&nbsp;Faire une \u0153uvre de vie de ce qui \u00e9tait lettre morte, comprendre ce que l\u2019on est, d\u00e9couvrir comment vivre et agir selon notre tradition, voil\u00e0 notre t\u00e2che. Ce n\u2019est pas seulement un pr\u00e9alable \u00e0 l\u2019action. La pens\u00e9e est l\u2019action. Notre monde ne sera pas sauv\u00e9 par des savants aveugles ou des \u00e9rudits blas\u00e9s. Il sera sauv\u00e9 par des&nbsp;po\u00e8tes et des combattants, par ceux qui auront forg\u00e9 l\u2019\u00ab \u00e9p\u00e9e magique&nbsp;\u00bb dont parlait&nbsp;Ernst J\u00fcnger, l\u2019\u00e9p\u00e9e spirituelle qui fait p\u00e2lir les monstres et les&nbsp;tyrans. Notre monde sera sauv\u00e9 par les veilleurs post\u00e9s aux&nbsp;fronti\u00e8res&nbsp;du royaume et du&nbsp;temps.&#8221;&nbsp;<\/p>\n\n\n\n<p><strong>Dominique Venner<\/strong><br><a href=\"https:\/\/citations.institut-iliade.com\/livres\/histoire-et-tradition-des-europeens-dominique-venner\/\"><em>Histoire et tradition des Europ\u00e9ens<\/em><\/a>, \u00c9ditions du Rocher, coll. Histoire, 2002<\/p>\n\n\n\n<p><\/p>\n\n\n\n<p><\/p>\n\n\n\n<p><\/p>","protected":false},"excerpt":{"rendered":"<p>1- Pour nos lecteurs qui ne vous connaissent pas encore, pr\u00e9sentez-vous. &#8220;Bonjour et merci pour cette interview. Je me fais [&hellip;]<\/p>","protected":false},"author":1,"featured_media":3293,"comment_status":"open","ping_status":"open","sticky":false,"template":"","format":"standard","meta":{"_et_pb_use_builder":"off","_et_pb_old_content":"","_et_gb_content_width":"","_exactmetrics_skip_tracking":false,"_exactmetrics_sitenote_active":false,"_exactmetrics_sitenote_note":"","_exactmetrics_sitenote_category":0,"footnotes":""},"categories":[21],"tags":[22,77],"yoast_head":"<!-- This site is optimized with the Yoast SEO plugin v22.3 - https:\/\/yoast.com\/wordpress\/plugins\/seo\/ -->\n<title>Interview TCE #9 - La Nature Comme Socle - The Conservative Enthusiast<\/title>\n<meta name=\"description\" content=\"\u27bd Interview de La Nature Comme Socle sur TCE : La plateforme de r\u00e9information, de partage et d&#039;apprentissage des conservateurs.\" \/>\n<meta name=\"robots\" content=\"index, follow, max-snippet:-1, max-image-preview:large, max-video-preview:-1\" \/>\n<link rel=\"canonical\" href=\"https:\/\/conservativenthusiast.com\/en\/interview-tce-9-la-nature-comme-socle\/\" \/>\n<meta property=\"og:locale\" content=\"en_GB\" \/>\n<meta property=\"og:type\" content=\"article\" \/>\n<meta property=\"og:title\" content=\"Interview TCE #9 - La Nature Comme Socle - The Conservative Enthusiast\" \/>\n<meta property=\"og:description\" content=\"\u27bd Interview de La Nature Comme Socle sur TCE : La plateforme de r\u00e9information, de partage et d&#039;apprentissage des conservateurs.\" \/>\n<meta property=\"og:url\" content=\"https:\/\/conservativenthusiast.com\/en\/interview-tce-9-la-nature-comme-socle\/\" \/>\n<meta property=\"og:site_name\" content=\"The Conservative Enthusiast\" \/>\n<meta property=\"article:published_time\" content=\"2020-12-19T11:00:00+00:00\" \/>\n<meta property=\"article:modified_time\" content=\"2020-12-23T17:07:32+00:00\" \/>\n<meta property=\"og:image\" content=\"https:\/\/conservativenthusiast.com\/wp-content\/uploads\/2020\/12\/LA-NATURE-COMME-SOCLE-TCE.jpg\" \/>\n\t<meta property=\"og:image:width\" content=\"1500\" \/>\n\t<meta property=\"og:image:height\" content=\"1500\" \/>\n\t<meta property=\"og:image:type\" content=\"image\/jpeg\" \/>\n<meta name=\"author\" content=\"Alexis.L\" \/>\n<meta name=\"twitter:card\" content=\"summary_large_image\" \/>\n<meta name=\"twitter:label1\" content=\"Written by\" \/>\n\t<meta name=\"twitter:data1\" content=\"Alexis.L\" \/>\n\t<meta name=\"twitter:label2\" content=\"Estimated reading time\" \/>\n\t<meta name=\"twitter:data2\" content=\"11 minutes\" \/>\n<script type=\"application\/ld+json\" class=\"yoast-schema-graph\">{\"@context\":\"https:\/\/schema.org\",\"@graph\":[{\"@type\":\"Article\",\"@id\":\"https:\/\/conservativenthusiast.com\/interview-tce-9-la-nature-comme-socle\/#article\",\"isPartOf\":{\"@id\":\"https:\/\/conservativenthusiast.com\/interview-tce-9-la-nature-comme-socle\/\"},\"author\":{\"name\":\"Alexis.L\",\"@id\":\"https:\/\/conservativenthusiast.com\/#\/schema\/person\/3edd83a60aed483f95ebc876aeac7feb\"},\"headline\":\"Interview TCE #9 &#8211; La Nature Comme Socle\",\"datePublished\":\"2020-12-19T11:00:00+00:00\",\"dateModified\":\"2020-12-23T17:07:32+00:00\",\"mainEntityOfPage\":{\"@id\":\"https:\/\/conservativenthusiast.com\/interview-tce-9-la-nature-comme-socle\/\"},\"wordCount\":2304,\"commentCount\":2,\"publisher\":{\"@id\":\"https:\/\/conservativenthusiast.com\/#organization\"},\"image\":{\"@id\":\"https:\/\/conservativenthusiast.com\/interview-tce-9-la-nature-comme-socle\/#primaryimage\"},\"thumbnailUrl\":\"https:\/\/conservativenthusiast.com\/wp-content\/uploads\/2020\/12\/LA-NATURE-COMME-SOCLE-TCE.jpg\",\"keywords\":[\"Interview\",\"La Nature Comme Socle\"],\"articleSection\":[\"Interviews\"],\"inLanguage\":\"en-GB\",\"potentialAction\":[{\"@type\":\"CommentAction\",\"name\":\"Comment\",\"target\":[\"https:\/\/conservativenthusiast.com\/interview-tce-9-la-nature-comme-socle\/#respond\"]}]},{\"@type\":\"WebPage\",\"@id\":\"https:\/\/conservativenthusiast.com\/interview-tce-9-la-nature-comme-socle\/\",\"url\":\"https:\/\/conservativenthusiast.com\/interview-tce-9-la-nature-comme-socle\/\",\"name\":\"Interview TCE #9 - La Nature Comme Socle - The Conservative Enthusiast\",\"isPartOf\":{\"@id\":\"https:\/\/conservativenthusiast.com\/#website\"},\"primaryImageOfPage\":{\"@id\":\"https:\/\/conservativenthusiast.com\/interview-tce-9-la-nature-comme-socle\/#primaryimage\"},\"image\":{\"@id\":\"https:\/\/conservativenthusiast.com\/interview-tce-9-la-nature-comme-socle\/#primaryimage\"},\"thumbnailUrl\":\"https:\/\/conservativenthusiast.com\/wp-content\/uploads\/2020\/12\/LA-NATURE-COMME-SOCLE-TCE.jpg\",\"datePublished\":\"2020-12-19T11:00:00+00:00\",\"dateModified\":\"2020-12-23T17:07:32+00:00\",\"description\":\"\u27bd Interview de La Nature Comme Socle sur TCE : La plateforme de r\u00e9information, de partage et d'apprentissage des conservateurs.\",\"breadcrumb\":{\"@id\":\"https:\/\/conservativenthusiast.com\/interview-tce-9-la-nature-comme-socle\/#breadcrumb\"},\"inLanguage\":\"en-GB\",\"potentialAction\":[{\"@type\":\"ReadAction\",\"target\":[\"https:\/\/conservativenthusiast.com\/interview-tce-9-la-nature-comme-socle\/\"]}]},{\"@type\":\"ImageObject\",\"inLanguage\":\"en-GB\",\"@id\":\"https:\/\/conservativenthusiast.com\/interview-tce-9-la-nature-comme-socle\/#primaryimage\",\"url\":\"https:\/\/conservativenthusiast.com\/wp-content\/uploads\/2020\/12\/LA-NATURE-COMME-SOCLE-TCE.jpg\",\"contentUrl\":\"https:\/\/conservativenthusiast.com\/wp-content\/uploads\/2020\/12\/LA-NATURE-COMME-SOCLE-TCE.jpg\",\"width\":1500,\"height\":1500,\"caption\":\"La Nature Comme Socle The Conservative Enthusiast\"},{\"@type\":\"BreadcrumbList\",\"@id\":\"https:\/\/conservativenthusiast.com\/interview-tce-9-la-nature-comme-socle\/#breadcrumb\",\"itemListElement\":[{\"@type\":\"ListItem\",\"position\":1,\"name\":\"Accueil\",\"item\":\"https:\/\/conservativenthusiast.com\/\"},{\"@type\":\"ListItem\",\"position\":2,\"name\":\"Interview TCE #9 &#8211; La Nature Comme Socle\"}]},{\"@type\":\"WebSite\",\"@id\":\"https:\/\/conservativenthusiast.com\/#website\",\"url\":\"https:\/\/conservativenthusiast.com\/\",\"name\":\"The Conservative Enthusiast\",\"description\":\"La plateforme de r\u00e9information, de partage et d&#039;apprentissage des conservateurs.\",\"publisher\":{\"@id\":\"https:\/\/conservativenthusiast.com\/#organization\"},\"potentialAction\":[{\"@type\":\"SearchAction\",\"target\":{\"@type\":\"EntryPoint\",\"urlTemplate\":\"https:\/\/conservativenthusiast.com\/?s={search_term_string}\"},\"query-input\":\"required name=search_term_string\"}],\"inLanguage\":\"en-GB\"},{\"@type\":\"Organization\",\"@id\":\"https:\/\/conservativenthusiast.com\/#organization\",\"name\":\"The Conservative Enthusiast\",\"url\":\"https:\/\/conservativenthusiast.com\/\",\"logo\":{\"@type\":\"ImageObject\",\"inLanguage\":\"en-GB\",\"@id\":\"https:\/\/conservativenthusiast.com\/#\/schema\/logo\/image\/\",\"url\":\"https:\/\/i0.wp.com\/conservativeenthusiast.com\/wp-content\/uploads\/2020\/06\/LOGO-CE-MINI.png?fit=3867%2C1180&ssl=1\",\"contentUrl\":\"https:\/\/i0.wp.com\/conservativeenthusiast.com\/wp-content\/uploads\/2020\/06\/LOGO-CE-MINI.png?fit=3867%2C1180&ssl=1\",\"width\":3867,\"height\":1180,\"caption\":\"The Conservative Enthusiast\"},\"image\":{\"@id\":\"https:\/\/conservativenthusiast.com\/#\/schema\/logo\/image\/\"}},{\"@type\":\"Person\",\"@id\":\"https:\/\/conservativenthusiast.com\/#\/schema\/person\/3edd83a60aed483f95ebc876aeac7feb\",\"name\":\"Alexis.L\",\"image\":{\"@type\":\"ImageObject\",\"inLanguage\":\"en-GB\",\"@id\":\"https:\/\/conservativenthusiast.com\/#\/schema\/person\/image\/\",\"url\":\"https:\/\/secure.gravatar.com\/avatar\/e276145ad3a64170e9c68564bb9e4280?s=96&d=mm&r=g\",\"contentUrl\":\"https:\/\/secure.gravatar.com\/avatar\/e276145ad3a64170e9c68564bb9e4280?s=96&d=mm&r=g\",\"caption\":\"Alexis.L\"},\"description\":\"Si vous appr\u00e9ciez les articles de ce r\u00e9dacteur et que vous souhaitez en d\u00e9couvrir davantage sur lui ou ses \u00e9crits, vous pouvez consulter tous ses articles en cliquant sur son pseudo ou en apprendre plus sur notre page \\\"Notre \u00e9quipe\\\". Vous pouvez \u00e9galement le suivre sur ses diff\u00e9rents r\u00e9seaux sociaux ci-dessous.\",\"url\":\"https:\/\/conservativenthusiast.com\/en\/author\/admin6171\/\"}]}<\/script>\n<!-- \/ Yoast SEO plugin. -->","yoast_head_json":{"title":"Interview TCE #9 - La Nature Comme Socle - The Conservative Enthusiast","description":"\u27bd Interview de La Nature Comme Socle sur TCE : La plateforme de r\u00e9information, de partage et d'apprentissage des conservateurs.","robots":{"index":"index","follow":"follow","max-snippet":"max-snippet:-1","max-image-preview":"max-image-preview:large","max-video-preview":"max-video-preview:-1"},"canonical":"https:\/\/conservativenthusiast.com\/en\/interview-tce-9-la-nature-comme-socle\/","og_locale":"en_GB","og_type":"article","og_title":"Interview TCE #9 - La Nature Comme Socle - The Conservative Enthusiast","og_description":"\u27bd Interview de La Nature Comme Socle sur TCE : La plateforme de r\u00e9information, de partage et d'apprentissage des conservateurs.","og_url":"https:\/\/conservativenthusiast.com\/en\/interview-tce-9-la-nature-comme-socle\/","og_site_name":"The Conservative Enthusiast","article_published_time":"2020-12-19T11:00:00+00:00","article_modified_time":"2020-12-23T17:07:32+00:00","og_image":[{"width":1500,"height":1500,"url":"https:\/\/conservativenthusiast.com\/wp-content\/uploads\/2020\/12\/LA-NATURE-COMME-SOCLE-TCE.jpg","type":"image\/jpeg"}],"author":"Alexis.L","twitter_card":"summary_large_image","twitter_misc":{"Written by":"Alexis.L","Estimated reading time":"11 minutes"},"schema":{"@context":"https:\/\/schema.org","@graph":[{"@type":"Article","@id":"https:\/\/conservativenthusiast.com\/interview-tce-9-la-nature-comme-socle\/#article","isPartOf":{"@id":"https:\/\/conservativenthusiast.com\/interview-tce-9-la-nature-comme-socle\/"},"author":{"name":"Alexis.L","@id":"https:\/\/conservativenthusiast.com\/#\/schema\/person\/3edd83a60aed483f95ebc876aeac7feb"},"headline":"Interview TCE #9 &#8211; La Nature Comme Socle","datePublished":"2020-12-19T11:00:00+00:00","dateModified":"2020-12-23T17:07:32+00:00","mainEntityOfPage":{"@id":"https:\/\/conservativenthusiast.com\/interview-tce-9-la-nature-comme-socle\/"},"wordCount":2304,"commentCount":2,"publisher":{"@id":"https:\/\/conservativenthusiast.com\/#organization"},"image":{"@id":"https:\/\/conservativenthusiast.com\/interview-tce-9-la-nature-comme-socle\/#primaryimage"},"thumbnailUrl":"https:\/\/conservativenthusiast.com\/wp-content\/uploads\/2020\/12\/LA-NATURE-COMME-SOCLE-TCE.jpg","keywords":["Interview","La Nature Comme Socle"],"articleSection":["Interviews"],"inLanguage":"en-GB","potentialAction":[{"@type":"CommentAction","name":"Comment","target":["https:\/\/conservativenthusiast.com\/interview-tce-9-la-nature-comme-socle\/#respond"]}]},{"@type":"WebPage","@id":"https:\/\/conservativenthusiast.com\/interview-tce-9-la-nature-comme-socle\/","url":"https:\/\/conservativenthusiast.com\/interview-tce-9-la-nature-comme-socle\/","name":"Interview TCE #9 - La Nature Comme Socle - The Conservative Enthusiast","isPartOf":{"@id":"https:\/\/conservativenthusiast.com\/#website"},"primaryImageOfPage":{"@id":"https:\/\/conservativenthusiast.com\/interview-tce-9-la-nature-comme-socle\/#primaryimage"},"image":{"@id":"https:\/\/conservativenthusiast.com\/interview-tce-9-la-nature-comme-socle\/#primaryimage"},"thumbnailUrl":"https:\/\/conservativenthusiast.com\/wp-content\/uploads\/2020\/12\/LA-NATURE-COMME-SOCLE-TCE.jpg","datePublished":"2020-12-19T11:00:00+00:00","dateModified":"2020-12-23T17:07:32+00:00","description":"\u27bd Interview de La Nature Comme Socle sur TCE : La plateforme de r\u00e9information, de partage et d'apprentissage des conservateurs.","breadcrumb":{"@id":"https:\/\/conservativenthusiast.com\/interview-tce-9-la-nature-comme-socle\/#breadcrumb"},"inLanguage":"en-GB","potentialAction":[{"@type":"ReadAction","target":["https:\/\/conservativenthusiast.com\/interview-tce-9-la-nature-comme-socle\/"]}]},{"@type":"ImageObject","inLanguage":"en-GB","@id":"https:\/\/conservativenthusiast.com\/interview-tce-9-la-nature-comme-socle\/#primaryimage","url":"https:\/\/conservativenthusiast.com\/wp-content\/uploads\/2020\/12\/LA-NATURE-COMME-SOCLE-TCE.jpg","contentUrl":"https:\/\/conservativenthusiast.com\/wp-content\/uploads\/2020\/12\/LA-NATURE-COMME-SOCLE-TCE.jpg","width":1500,"height":1500,"caption":"La Nature Comme Socle The Conservative Enthusiast"},{"@type":"BreadcrumbList","@id":"https:\/\/conservativenthusiast.com\/interview-tce-9-la-nature-comme-socle\/#breadcrumb","itemListElement":[{"@type":"ListItem","position":1,"name":"Accueil","item":"https:\/\/conservativenthusiast.com\/"},{"@type":"ListItem","position":2,"name":"Interview TCE #9 &#8211; La Nature Comme Socle"}]},{"@type":"WebSite","@id":"https:\/\/conservativenthusiast.com\/#website","url":"https:\/\/conservativenthusiast.com\/","name":"The Conservative Enthusiast","description":"La plateforme de r\u00e9information, de partage et d&#039;apprentissage des conservateurs.","publisher":{"@id":"https:\/\/conservativenthusiast.com\/#organization"},"potentialAction":[{"@type":"SearchAction","target":{"@type":"EntryPoint","urlTemplate":"https:\/\/conservativenthusiast.com\/?s={search_term_string}"},"query-input":"required name=search_term_string"}],"inLanguage":"en-GB"},{"@type":"Organization","@id":"https:\/\/conservativenthusiast.com\/#organization","name":"The Conservative Enthusiast","url":"https:\/\/conservativenthusiast.com\/","logo":{"@type":"ImageObject","inLanguage":"en-GB","@id":"https:\/\/conservativenthusiast.com\/#\/schema\/logo\/image\/","url":"https:\/\/i0.wp.com\/conservativeenthusiast.com\/wp-content\/uploads\/2020\/06\/LOGO-CE-MINI.png?fit=3867%2C1180&ssl=1","contentUrl":"https:\/\/i0.wp.com\/conservativeenthusiast.com\/wp-content\/uploads\/2020\/06\/LOGO-CE-MINI.png?fit=3867%2C1180&ssl=1","width":3867,"height":1180,"caption":"The Conservative Enthusiast"},"image":{"@id":"https:\/\/conservativenthusiast.com\/#\/schema\/logo\/image\/"}},{"@type":"Person","@id":"https:\/\/conservativenthusiast.com\/#\/schema\/person\/3edd83a60aed483f95ebc876aeac7feb","name":"Alexis.L","image":{"@type":"ImageObject","inLanguage":"en-GB","@id":"https:\/\/conservativenthusiast.com\/#\/schema\/person\/image\/","url":"https:\/\/secure.gravatar.com\/avatar\/e276145ad3a64170e9c68564bb9e4280?s=96&d=mm&r=g","contentUrl":"https:\/\/secure.gravatar.com\/avatar\/e276145ad3a64170e9c68564bb9e4280?s=96&d=mm&r=g","caption":"Alexis.L"},"description":"Si vous appr\u00e9ciez les articles de ce r\u00e9dacteur et que vous souhaitez en d\u00e9couvrir davantage sur lui ou ses \u00e9crits, vous pouvez consulter tous ses articles en cliquant sur son pseudo ou en apprendre plus sur notre page \"Notre \u00e9quipe\". Vous pouvez \u00e9galement le suivre sur ses diff\u00e9rents r\u00e9seaux sociaux ci-dessous.","url":"https:\/\/conservativenthusiast.com\/en\/author\/admin6171\/"}]}},"_links":{"self":[{"href":"https:\/\/conservativenthusiast.com\/en\/wp-json\/wp\/v2\/posts\/3226"}],"collection":[{"href":"https:\/\/conservativenthusiast.com\/en\/wp-json\/wp\/v2\/posts"}],"about":[{"href":"https:\/\/conservativenthusiast.com\/en\/wp-json\/wp\/v2\/types\/post"}],"author":[{"embeddable":true,"href":"https:\/\/conservativenthusiast.com\/en\/wp-json\/wp\/v2\/users\/1"}],"replies":[{"embeddable":true,"href":"https:\/\/conservativenthusiast.com\/en\/wp-json\/wp\/v2\/comments?post=3226"}],"version-history":[{"count":10,"href":"https:\/\/conservativenthusiast.com\/en\/wp-json\/wp\/v2\/posts\/3226\/revisions"}],"predecessor-version":[{"id":5693,"href":"https:\/\/conservativenthusiast.com\/en\/wp-json\/wp\/v2\/posts\/3226\/revisions\/5693"}],"wp:featuredmedia":[{"embeddable":true,"href":"https:\/\/conservativenthusiast.com\/en\/wp-json\/wp\/v2\/media\/3293"}],"wp:attachment":[{"href":"https:\/\/conservativenthusiast.com\/en\/wp-json\/wp\/v2\/media?parent=3226"}],"wp:term":[{"taxonomy":"category","embeddable":true,"href":"https:\/\/conservativenthusiast.com\/en\/wp-json\/wp\/v2\/categories?post=3226"},{"taxonomy":"post_tag","embeddable":true,"href":"https:\/\/conservativenthusiast.com\/en\/wp-json\/wp\/v2\/tags?post=3226"}],"curies":[{"name":"wp","href":"https:\/\/api.w.org\/{rel}","templated":true}]}}