{"id":3094,"date":"2020-11-29T12:00:48","date_gmt":"2020-11-29T11:00:48","guid":{"rendered":"https:\/\/conservativeenthusiast.com\/?p=3094"},"modified":"2020-11-29T11:54:22","modified_gmt":"2020-11-29T10:54:22","slug":"charles-aznavour-lintemporel","status":"publish","type":"post","link":"https:\/\/conservativenthusiast.com\/en\/charles-aznavour-lintemporel\/","title":{"rendered":"Charles Aznavour, l\u2019intemporel"},"content":{"rendered":"<p><\/p>\n\n\n\n<h2 class=\"wp-block-heading\"><strong><span class=\"has-inline-color has-black-color\">Introduction<\/span><\/strong><\/h2>\n\n\n\n<p><\/p>\n\n\n\n<p class=\"has-text-align-justify\">Si l\u2019on m\u2019annon\u00e7ait qu\u2019aujourd\u2019hui en France il existe des gens n\u2019ayant jamais entendu parler de Charles Aznavour, je vous avoue que j\u2019aurais peine \u00e0 y croire tant cet homme a marqu\u00e9 son \u00e9poque. V\u00e9ritable monument de la chanson fran\u00e7aise, son influence est telle qu\u2019elle se propagea sur l\u2019ensemble du globe et traversa les g\u00e9n\u00e9rations, tant et si bien qu\u2019il me serait parfaitement impossible de r\u00e9sumer l\u2019enti\u00e8ret\u00e9 de sa vie en un seul article exhaustif.<\/p>\n\n\n\n<p class=\"has-text-align-justify\">Ainsi, le sujet n\u2019est pas tant de vous dresser une biographie partiellement compl\u00e8te (que vous pourrez d\u2019ailleurs trouver assez facilement un peu partout sur le net) mais de revenir sur quelques faits marquants de la vie de cet homme haut en couleur et qui sont pourtant assez peu connus du grand public.<\/p>\n\n\n\n<p class=\"has-text-align-justify\">Bien-s\u00fbr, \u00e9tant une des personnalit\u00e9s les plus connues et les plus appr\u00e9ci\u00e9es de France, moult d\u2019interviews, d\u2019\u00e9missions ou de reportages lui sont d\u00e9j\u00e0 d\u00e9di\u00e9s, mais il est probable que la plupart d\u2019entre vous ignorent encore \u00e9norm\u00e9ment de choses \u00e0 son sujet.<\/p>\n\n\n\n<p class=\"has-text-align-justify\">Cet article sera donc l\u2019occasion de sortir des sentiers battus et de vous livrer ma recommandation et mon analyse personnelle de quelques-unes de ses chansons, comme ce fut le cas dans <a href=\"https:\/\/conservativenthusiast.com\/en\/decouvrir-et-comprendre-jacques-brel\/\" target=\"_blank\" rel=\"noreferrer noopener\">l\u2019article consacr\u00e9 \u00e0 Jacques Brel<\/a> que je vous invite \u00e0 consulter si ce n\u2019est pas encore fait.<\/p>\n\n\n\n<p class=\"has-text-align-justify\">Chers lecteurs, d\u00e9couvrons sans plus tarder cet homme illustre dont absolument rien n\u2019aurait pourtant laiss\u00e9 pr\u00e9sager une telle carri\u00e8re.<\/p>\n\n\n\n<p><\/p>\n\n\n\n<h2 class=\"wp-block-heading\"><strong><span class=\"has-inline-color has-black-color\">De sa naissance \u00e0 ses d\u00e9buts\u2026<\/span><\/strong><\/h2>\n\n\n\n<p><\/p>\n\n\n\n<p class=\"has-text-align-justify\">C\u2019est le 22 mai 1924 \u00e0 Paris dans un h\u00f4pital pour indigents du 6<sup>e<\/sup> arrondissement que le petit Charles Aznavourian voit le jour. Fils d\u2019un p\u00e8re g\u00e9orgien, chanteur&nbsp;; et d\u2019une m\u00e8re arm\u00e9nienne de Turquie, com\u00e9dienne, qui ont tous deux fuit le g\u00e9nocide arm\u00e9nien en 1915, Charles sera imm\u00e9diatement le fruit de son environnement.<\/p>\n\n\n\n<p class=\"has-text-align-justify\">&nbsp;Alors qu\u2019il n\u2019est \u00e2g\u00e9 que de 9 ans, il d\u00e9marre une carri\u00e8re de com\u00e9dien au th\u00e9\u00e2tre du Petit-Monde. La sc\u00e8ne ne le quittera plus jamais. C\u2019est aussi \u00e0 ce moment qu\u2019il d\u00e9cide de raccourcir son nom en Aznavour et de le garder comme nom de sc\u00e8ne.<\/p>\n\n\n\n<p class=\"has-text-align-justify\">Faute de moyens, son p\u00e8re ayant ouvert depuis un petit restaurant qui ne leur rapporte pas assez d\u2019argent, le jeune Charles arr\u00eate ses \u00e9tudes au certificat d\u2019\u00e9tudes et devient ce qu\u2019il appelle \u00ab&nbsp;un enfant de la rue&nbsp;\u00bb.<\/p>\n\n\n\n<p class=\"has-text-align-justify\">Aux alentours de ses 12 ans, il est engag\u00e9 par Henri Varna au casino de Paris et voue une grande admiration \u00e0 <a href=\"https:\/\/fr.wikipedia.org\/wiki\/Charles_Trenet\" target=\"_blank\" rel=\"noreferrer noopener\">Charles Trenet <\/a>qui devient son mod\u00e8le.<\/p>\n\n\n\n<p class=\"has-text-align-justify\">C\u2019est par hasard qu\u2019il rencontre <a href=\"https:\/\/fr.wikipedia.org\/wiki\/Pierre_Roche_(compositeur)\" target=\"_blank\" rel=\"noreferrer noopener\">Pierre Roche<\/a> en 1942 lors d\u2019un gala. Devant initialement r\u00e9aliser leur tour de chant s\u00e9par\u00e9ment, les deux hommes sont appel\u00e9s sur sc\u00e8ne en m\u00eame temps suite \u00e0 une erreur de speakerine. La magie op\u00e9ra instantan\u00e9ment, ce fut la naissance du futur c\u00e9l\u00e8bre duo <em>Roche et Aznavour.<\/em> Tous deux se lient d\u2019amiti\u00e9 et d\u00e9cident de se produire dans diff\u00e9rents galas.<\/p>\n\n\n\n<p class=\"has-text-align-justify\">Cinq ans plus tard, <a href=\"https:\/\/fr.wikipedia.org\/wiki\/Francis_Blanche\" target=\"_blank\" rel=\"noreferrer noopener\">Francis Blanche<\/a> leur propose de participer \u00e0 une \u00e9mission en public qu\u2019il anime sur RTF. C\u2019est \u00e0 cette occasion que Charles Aznavour fait une rencontre d\u00e9terminante avec la cultissime <a href=\"https:\/\/fr.wikipedia.org\/wiki\/%C3%89dith_Piaf\" target=\"_blank\" rel=\"noreferrer noopener\">\u00c9dith Piaf<\/a> qui le rep\u00e8re et le prend sous son aile.<\/p>\n\n\n\n<p><\/p>\n\n\n\n<h2 class=\"wp-block-heading\"><strong><span class=\"has-inline-color has-black-color\">Son amiti\u00e9 avec Piaf<\/span><\/strong><\/h2>\n\n\n\n<p><\/p>\n\n\n\n<p class=\"has-text-align-justify\">Le surnommant \u00ab&nbsp;le g\u00e9nie con&nbsp;\u00bb, elle le convainc avec son acolyte de l\u2019accompagner dans sa tourn\u00e9e aux \u00c9tats-Unis en 1948, ce que le duo accepte. L\u00e0-bas, Aznavour est en quelque sorte \u00ab&nbsp;l\u2019homme \u00e0 tout faire&nbsp;\u00bb d\u2019\u00c9dith -qui le pr\u00e9sente \u00e0 toutes les stars et l\u2019installe chez elle- et lui \u00e9crit \u00e9norm\u00e9ment de chansons, notamment <strong><em><a href=\"https:\/\/www.youtube.com\/watch?v=gJhm4q3wMfo\" target=\"_blank\" rel=\"noreferrer noopener\">Il pleut<\/a><\/em><\/strong>. Il se confie sur cette situation qu\u2019il trouve grandement enrichissante&nbsp;:<\/p>\n\n\n\n<p><\/p>\n\n\n\n<p class=\"has-text-align-justify\"><em>\u00ab&nbsp;C\u2019est un truc extraordinaire que de tomber avec une vedette importante&nbsp;; de suivre cette vedette, de la voir travailler. De voir ce qu\u2019elle fait de formidable, et peut-\u00eatre de moins formidable&nbsp;; et d\u2019apprendre tout gr\u00e2ce \u00e0 elle. On paye en retour d\u2019une mani\u00e8re ou d\u2019une autre, et bien, je payais en \u00e9tant utile.&nbsp;\u00bb <\/em>La vie de Charles Aznavour, France 2<\/p>\n\n\n\n<p><\/p>\n\n\n\n<p class=\"has-text-align-justify\">Pourtant excellent parolier, il n\u2019est \u00e0 l\u2019\u00e9poque pas reconnu comme un artiste \u00e0 part enti\u00e8re. Seule Piaf (ou presque) semble croire en lui :<\/p>\n\n\n\n<p><\/p>\n\n\n\n<p><em>\u00ab&nbsp;Elle m\u2019a dit un soir, tu seras le plus grand.&nbsp;\u00bb<\/em> Charles Aznavour \u00e0 propos d\u2019\u00c9dith Piaf, France T\u00e9l\u00e9vision, 2018.<\/p>\n\n\n\n<p><\/p>\n\n\n\n<p>Il se rem\u00e9more m\u00eame une anecdote qui l\u2019a particuli\u00e8rement touch\u00e9 en ce temps&nbsp;:<\/p>\n\n\n\n<p><\/p>\n\n\n\n<p class=\"has-text-align-justify\"><em>\u00ab&nbsp;Je lui avais pr\u00e9sent\u00e9 une chanson qui est devenue ma chanson&nbsp;: \u00ab&nbsp;Sa jeunesse&nbsp;\u00bb. Elle l\u2019a \u00e9cout\u00e9e avec beaucoup de tristesse et elle m\u2019a dit&nbsp;: \u00ab&nbsp;non Charles, ce n\u2019est pas pour moi, \u00e7a\u2026 c\u2019est pour toi&nbsp;\u00bb. C\u2019est rare que quelqu\u2019un vous dise \u00e7a\u2026&nbsp;\u00bb <\/em>Charles Aznavour \u00e0 propos d\u2019\u00c9dith Piaf, France T\u00e9l\u00e9vision, 2018.<\/p>\n\n\n\n<p><\/p>\n\n\n\n<p class=\"has-text-align-justify\">Si elle peut pourtant parfois se montrer tr\u00e8s rude avec lui, ce n\u2019est que pour pousser Charles \u00e0 devenir le meilleur. \u00c0 l\u2019instar du parent qui se montre strict avec son enfant, son attitude t\u00e9moigne au fond d\u2019une r\u00e9elle bienveillance et d\u2019un d\u00e9sir sinc\u00e8re de le voir r\u00e9ussir. Aznavour explique \u00e0 ce propos qu\u2019elle <em>l\u2019obligeait \u00e0 retourner sur sc\u00e8ne apr\u00e8s un passage en public qu\u2019elle n\u2019avait pas jug\u00e9 suffisamment bon <\/em>et qu\u2019il a donc d\u00fb se <em>forcer \u00e0 toujours faire mieux, parce que \u00ab&nbsp;Tata zizique&nbsp;\u00bb [\u00c9dith Piaf] \u00e9tait l\u00e0, avec ses exigences de perfection.<\/em><\/p>\n\n\n\n<p class=\"has-text-align-justify\">Son ami Roche ayant d\u00e9cid\u00e9 de vivre au Canada, Charles Aznavour songe dans un premier temps \u00e0 rester vivre \u00e0 Montr\u00e9al, ne voyant de surcroit toujours pas venir le succ\u00e8s. Mais le mal du pays et la m\u00f4me l\u2019en dissuadent. C\u2019est d\u2019ailleurs une nouvelle fois \u00c9dith qui l\u2019encourage \u00e0 poursuivre une carri\u00e8re en solo, allant jusqu\u2019\u00e0 l\u2019incorporer dans sa tourn\u00e9e comme r\u00e9gisseur et chanteur en premi\u00e8re partie. Tous deux vivent dans le m\u00eame h\u00f4tel particulier \u00e0 Boulogne pendant huit ans, ce qui renforce consid\u00e9rablement leur amiti\u00e9 exceptionnelle.<\/p>\n\n\n\n<p>Cette relation, Charles ne l\u2019oubliera jamais. Il en parle avec une nostalgie et une tendresse touchante&nbsp;:<\/p>\n\n\n\n<p><\/p>\n\n\n\n<p><em>\u00ab&nbsp;Il n\u2019y a pas un jour o\u00f9 j\u2019oublie Piaf ou Trenet, pas un&nbsp;!&nbsp;\u00bb<\/em> C \u00e0 vous, 2015<\/p>\n\n\n\n<p><\/p>\n\n\n\n<p>Signe d\u2019une infinie reconnaissance pour ses mod\u00e8les qui lui ont tant apport\u00e9.<\/p>\n\n\n\n<p class=\"has-text-align-justify\">Pourtant, malgr\u00e9 l\u2019\u00e9norme soutien de son amie, absolument personne \u00e0 l\u2019\u00e9poque ne s\u2019imagine une seconde que <em>\u00ab&nbsp;le petit Charles&nbsp;\u00bb <\/em>puisse devenir une l\u00e9gende de la chanson fran\u00e7aise. Pire, il subit un lynchage m\u00e9diatique violent et irrationnel presque permanent pendant de nombreuses ann\u00e9es qui mettront son moral et sa d\u00e9termination \u00e0 rude \u00e9preuve.<\/p>\n\n\n\n<p><\/p>\n\n\n\n<h2 class=\"wp-block-heading\"><strong><span class=\"has-inline-color has-black-color\">Une d\u00e9termination hors du commun<\/span><\/strong><\/h2>\n\n\n\n<p><\/p>\n\n\n\n<div class=\"wp-block-image\"><figure class=\"aligncenter size-large\"><img decoding=\"async\" width=\"680\" height=\"1024\" src=\"https:\/\/conservativenthusiast.com\/wp-content\/uploads\/2020\/11\/azzz-680x1024.jpg\" alt=\"\" class=\"wp-image-3109\" srcset=\"https:\/\/conservativenthusiast.com\/wp-content\/uploads\/2020\/11\/azzz-680x1024.jpg 680w, https:\/\/conservativenthusiast.com\/wp-content\/uploads\/2020\/11\/azzz-199x300.jpg 199w, https:\/\/conservativenthusiast.com\/wp-content\/uploads\/2020\/11\/azzz-768x1157.jpg 768w, https:\/\/conservativenthusiast.com\/wp-content\/uploads\/2020\/11\/azzz-1020x1536.jpg 1020w, https:\/\/conservativenthusiast.com\/wp-content\/uploads\/2020\/11\/azzz-1359x2048.jpg 1359w, https:\/\/conservativenthusiast.com\/wp-content\/uploads\/2020\/11\/azzz-1080x1627.jpg 1080w, https:\/\/conservativenthusiast.com\/wp-content\/uploads\/2020\/11\/azzz-1280x1929.jpg 1280w, https:\/\/conservativenthusiast.com\/wp-content\/uploads\/2020\/11\/azzz-980x1477.jpg 980w, https:\/\/conservativenthusiast.com\/wp-content\/uploads\/2020\/11\/azzz-480x723.jpg 480w, https:\/\/conservativenthusiast.com\/wp-content\/uploads\/2020\/11\/azzz-scaled.jpg 1699w\" sizes=\"(max-width: 680px) 100vw, 680px\" \/><\/figure><\/div>\n\n\n\n<p><\/p>\n\n\n\n<p class=\"has-text-align-justify\">Charles Aznavour d\u00e9bute sa carri\u00e8re solo au tout d\u00e9but des ann\u00e9es 1950. Il \u00e9crit et chante ses propres chansons, <strong><em><a href=\"https:\/\/www.youtube.com\/watch?v=2xgtrUanJqo\" target=\"_blank\" rel=\"noreferrer noopener\">Sur ma vie<\/a><\/em><\/strong> est d\u2019ailleurs la premi\u00e8re chanson qu\u2019il d\u00e9cide de garder pour lui. La notori\u00e9t\u00e9 arrivant, apparaissent aussi les premi\u00e8res critiques. D\u00e9bute alors un v\u00e9ritable d\u00e9chainement m\u00e9diatique.<\/p>\n\n\n\n<p class=\"has-text-align-justify\">Les journalistes de l\u2019\u00e9poque le fustigent, l\u2019attaquent sur tous les plans&nbsp;: sa voix nasillarde et caverneuse, son manque de puissance vocale, son physique ingrat, sa gestuelle d\u00e9rangeante. Les humiliations et les jeux de mots de mauvais go\u00fbt pleuvent&nbsp;: <em>\u00ab&nbsp;As no voice&nbsp;\u00bb, \u00ab&nbsp;l\u2019enrou\u00e9 vers l\u2019or&nbsp;\u00bb, \u00ab&nbsp;l\u2019aphonie des grandeurs&nbsp;\u00bb, \u00ab&nbsp;la laryngite&nbsp;\u00bb<\/em> en d\u00e9rision avec une de ses cordes vocales paralys\u00e9e\u2026 La presse ira m\u00eame jusqu\u2019\u00e0 le m\u00e9priser en le qualifiant <em>\u00ab&nbsp;d\u2019infirme&nbsp;\u00bb <\/em>et \u00e0 se demander <em>\u00ab&nbsp;comment ce gnome peut-il chanter l\u2019amour&nbsp;?&nbsp;\u00bb.<\/em><\/p>\n\n\n\n<p>Un soir de 1956, apr\u00e8s une \u00e9mission qui se termine en flop, il \u00e9crit dans un exc\u00e8s de col\u00e8re&nbsp;:<\/p>\n\n\n\n<p><\/p>\n\n\n\n<p class=\"has-text-align-justify\"><em>\u00ab&nbsp;Quels sont mes handicaps&nbsp;? Ma voix, ma taille, mes gestes, mon manque de culture et d&#8217;instruction, ma franchise, mon manque de personnalit\u00e9. Ma voix&nbsp;? Impossible de la changer. Les professeurs que j&#8217;ai consult\u00e9s sont cat\u00e9goriques&nbsp;: ils m&#8217;ont d\u00e9conseill\u00e9 de chanter. Je chanterai pourtant, quitte \u00e0 m&#8217;en d\u00e9chirer la glotte.&nbsp;\u00bb<\/em><\/p>\n\n\n\n<p><\/p>\n\n\n\n<p class=\"has-text-align-justify\">Et c\u2019est exactement ce qu\u2019il fera. Il pers\u00e9v\u00e8re et travaille sans rel\u00e2che. Loin de s\u2019apitoyer sur son sort et de se morfondre, c\u2019est dans la critique qu\u2019il puise toute sa force. Chaque quolibet le rend un peu plus d\u00e9termin\u00e9 et d\u00e9cuple sa rage de vaincre.<\/p>\n\n\n\n<p class=\"has-text-align-justify\">Le 12 d\u00e9cembre 1960 \u00e0 l\u2019Alhambra, il interpr\u00e8te pour la premi\u00e8re fois sur cette sc\u00e8ne une chanson qui fait basculer son destin&nbsp;: <strong><em><a href=\"https:\/\/www.youtube.com\/watch?v=mvN2Cv8uFvM\" target=\"_blank\" rel=\"noreferrer noopener\">Je me voyais d\u00e9j\u00e0<\/a><\/em><\/strong><em>. <\/em>V\u00e9ritable cri de col\u00e8re, cette chanson pourtant refus\u00e9e par <a href=\"https:\/\/fr.wikipedia.org\/wiki\/Yves_Montand\" target=\"_blank\" rel=\"noreferrer noopener\">Yves Montand<\/a> lui vaut une ovation pour la premi\u00e8re fois de sa carri\u00e8re de chanteur. Le public est debout, conquis.<\/p>\n\n\n\n<p class=\"has-text-align-justify\">Son succ\u00e8s finit par \u00eatre \u00e0 la hauteur de son acharnement. S\u2019il connait un succ\u00e8s tardif, la cons\u00e9cration n\u2019en est que plus grande. L\u2019artiste exulte, rayonne dans le monde entier. Galvanis\u00e9 par le succ\u00e8s, il \u00e9crit au cours des ann\u00e9es 1960 les plus belles chansons de son r\u00e9pertoire et du patrimoine fran\u00e7ais&nbsp;: <strong><em><a href=\"https:\/\/www.youtube.com\/watch?v=T-8SJcCyZxU\" target=\"_blank\" rel=\"noreferrer noopener\">Tu t\u2019laisses aller<\/a>, <a href=\"https:\/\/www.youtube.com\/watch?v=TuOP4ff3vNE\" target=\"_blank\" rel=\"noreferrer noopener\">Il faut savoir<\/a>, <a href=\"https:\/\/www.youtube.com\/watch?v=jKs52DkHCg8\" target=\"_blank\" rel=\"noreferrer noopener\">L\u2019amour c\u2019est comme un jour<\/a>, <a href=\"https:\/\/www.youtube.com\/watch?v=ADYDZMc1GbU\" target=\"_blank\" rel=\"noreferrer noopener\">La Mama<\/a>, <a href=\"https:\/\/www.youtube.com\/watch?v=MT_f8p-ZuqU\" target=\"_blank\" rel=\"noreferrer noopener\">Et pourtant<\/a>, <a href=\"https:\/\/www.youtube.com\/watch?v=Nz-dCGNcfNM\" target=\"_blank\" rel=\"noreferrer noopener\">For Me Formidable<\/a>, <a href=\"https:\/\/www.youtube.com\/watch?v=S9_I0rgYbrk\" target=\"_blank\" rel=\"noreferrer noopener\">Que c\u2019est triste Venise<\/a>, <a href=\"https:\/\/www.youtube.com\/watch?v=-UFPXJfoeo8\" target=\"_blank\" rel=\"noreferrer noopener\">Et moi dans mon coin<\/a> <\/em><\/strong>and<strong><em> <a href=\"https:\/\/www.youtube.com\/watch?v=0OrKMaeQUx0\" target=\"_blank\" rel=\"noreferrer noopener\">Emmenez-moi<\/a>.<\/em><\/strong><\/p>\n\n\n\n<p>V\u00e9ritable monument de la chanson fran\u00e7aise, Charles Aznavour n\u2019est pas peu fier de son succ\u00e8s et pour cause&nbsp;!<\/p>\n\n\n\n<p>D\u2019un esprit revanchard, il explique son \u00e9tat d\u2019esprit&nbsp;lorsque la critique d\u00e9ferle :<\/p>\n\n\n\n<p><\/p>\n\n\n\n<p class=\"has-text-align-justify\"><em>\u00ab&nbsp;On m\u2019a aid\u00e9 en me disant que j\u2019\u00e9tais mauvais dans la chanson. J\u2019ai eu les dents tr\u00e8s longues apr\u00e8s cela. Je me suis dit, ils ne veulent pas l\u2019admettre, moi j\u2019y crois, il va falloir qu\u2019ils y croient aussi.&nbsp;\u00bb <\/em>ORTF, 1963<\/p>\n\n\n\n<p><\/p>\n\n\n\n<p>Cette force de caract\u00e8re ne le quittera jamais.<\/p>\n\n\n\n<p class=\"has-text-align-justify\">Alors qu\u2019il est \u00e9lu artiste masculin de l\u2019ann\u00e9e lors des victoires de la musique de 1997, Charles Aznavour, haut la t\u00eate, pourfend ses anciens bourreaux dans un silence assourdissant&nbsp;:<\/p>\n\n\n\n<p><\/p>\n\n\n\n<p class=\"has-text-align-justify\"><em>\u00ab&nbsp;Je voudrais dire une chose importante puisqu\u2019on en est au moment des remerciements, je voudrais remercier particuli\u00e8rement tous ceux qui ont dit que je ne savais pas chanter, que je ne savais pas \u00e9crire, que j\u2019\u00e9tais petit, que j\u2019\u00e9tais laid et que je ne ferais aucune carri\u00e8re.&nbsp;\u00bb<\/em><\/p>\n\n\n\n<p><\/p>\n\n\n\n<h2 class=\"wp-block-heading\"><strong><span class=\"has-inline-color has-black-color\">Son rapport \u00e0 la sc\u00e8ne<\/span><\/strong><\/h2>\n\n\n\n<p><\/p>\n\n\n\n<p class=\"has-text-align-justify\">S\u2019il a \u00e9norm\u00e9ment travaill\u00e9 pour r\u00e9ussir, ce n\u2019est pas simplement par orgueil ou par soif avide de reconnaissance. Charles Aznavour est avant tout un passionn\u00e9&nbsp;:<\/p>\n\n\n\n<p><\/p>\n\n\n\n<p><em>\u00ab&nbsp;J\u2019ai toujours eu envie de chanter, j\u2019ai toujours eu envie d\u2019\u00e9crire.&nbsp;\u00bb <\/em>C \u00e0 vous, 2018<\/p>\n\n\n\n<p><\/p>\n\n\n\n<p class=\"has-text-align-justify\">Ce qui fait la force des chansons d\u2019Aznavour, c\u2019est leur sinc\u00e9rit\u00e9. Lorsqu\u2019il monte sur sc\u00e8ne, il ne joue aucun r\u00f4le, il chante ce qu\u2019il est, ce qu\u2019il vit, ce qu\u2019il ressent&nbsp;:<\/p>\n\n\n\n<p><\/p>\n\n\n\n<p><em>\u00ab&nbsp;Sur sc\u00e8ne, je ne dis que la v\u00e9rit\u00e9&nbsp;!&nbsp;\u00bb <\/em>Pardonnez-moi, RTS, 2014<\/p>\n\n\n\n<p><\/p>\n\n\n\n<p class=\"has-text-align-justify\">La sc\u00e8ne est ce qui l\u2019anime, il lui consacrera tout, presque l\u2019enti\u00e8ret\u00e9 de sa vie&nbsp;: quatre-vingt-cinq ans de carri\u00e8re. Quelques semaines avant sa mort, il d\u00e9clare au cours d\u2019une interview&nbsp;:<\/p>\n\n\n\n<p><\/p>\n\n\n\n<p><em>&nbsp;\u00ab&nbsp;Je me sens vivant sur sc\u00e8ne.&nbsp;\u00bb <\/em>C \u00e0 vous, 2018<\/p>\n\n\n\n<p><\/p>\n\n\n\n<p>Se sentir vivant. Vivre pleinement. Tel \u00e9tait son maitre mot&nbsp;:<\/p>\n\n\n\n<p><\/p>\n\n\n\n<p><em>\u00ab&nbsp;Moi j\u2019aime vivre, je n\u2019ai pas peur de la mort, j\u2019ai peur de ne pas vivre.&nbsp;\u00bb<\/em> RTL, 2007<\/p>\n\n\n\n<p><\/p>\n\n\n\n<p class=\"has-text-align-justify\">Il n\u2019\u00e9voquera d\u2019ailleurs jamais la moindre envie de retraite. S\u2019il annonce \u00e0 plusieurs reprises qu\u2019il r\u00e9duit son nombre de tours de chant, c\u2019est uniquement pour tenir la cadence et pouvoir continuer de se produire sur sc\u00e8ne malgr\u00e9 son \u00e2ge.<\/p>\n\n\n\n<p>La sc\u00e8ne est sa raison d\u2019\u00eatre. \u00c0 la question <em>\u00ab&nbsp;Pourriez-vous-vivre sans chanter&nbsp;?&nbsp;\u00bb<\/em>, voici ce qu\u2019il r\u00e9pond&nbsp;:<\/p>\n\n\n\n<p><\/p>\n\n\n\n<p><em>\u00ab&nbsp;Non, et je ne pense pas que les gens puissent vivre sans musique.&nbsp;\u00bb <\/em>RTS 1965<\/p>\n\n\n\n<p><\/p>\n\n\n\n<h2 class=\"wp-block-heading\"><span class=\"has-inline-color has-black-color\"><strong>Un r\u00e9volutionnaire de la musique<\/strong><\/span><\/h2>\n\n\n\n<p><\/p>\n\n\n\n<div class=\"wp-block-image\"><figure class=\"aligncenter size-large\"><img decoding=\"async\" width=\"675\" height=\"1024\" src=\"https:\/\/conservativenthusiast.com\/wp-content\/uploads\/2020\/11\/azz-1-675x1024.jpg\" alt=\"\" class=\"wp-image-3111\" srcset=\"https:\/\/conservativenthusiast.com\/wp-content\/uploads\/2020\/11\/azz-1-675x1024.jpg 675w, https:\/\/conservativenthusiast.com\/wp-content\/uploads\/2020\/11\/azz-1-198x300.jpg 198w, https:\/\/conservativenthusiast.com\/wp-content\/uploads\/2020\/11\/azz-1-768x1164.jpg 768w, https:\/\/conservativenthusiast.com\/wp-content\/uploads\/2020\/11\/azz-1-1013x1536.jpg 1013w, https:\/\/conservativenthusiast.com\/wp-content\/uploads\/2020\/11\/azz-1-1351x2048.jpg 1351w, https:\/\/conservativenthusiast.com\/wp-content\/uploads\/2020\/11\/azz-1-1080x1638.jpg 1080w, https:\/\/conservativenthusiast.com\/wp-content\/uploads\/2020\/11\/azz-1-1280x1941.jpg 1280w, https:\/\/conservativenthusiast.com\/wp-content\/uploads\/2020\/11\/azz-1-980x1486.jpg 980w, https:\/\/conservativenthusiast.com\/wp-content\/uploads\/2020\/11\/azz-1-480x728.jpg 480w, https:\/\/conservativenthusiast.com\/wp-content\/uploads\/2020\/11\/azz-1-scaled.jpg 1688w\" sizes=\"(max-width: 675px) 100vw, 675px\" \/><\/figure><\/div>\n\n\n\n<p><\/p>\n\n\n\n<p class=\"has-text-align-justify\">Consid\u00e9r\u00e9 comme \u00ab&nbsp;l\u2019ambassadeur de la chanson fran\u00e7aise \u00e0 travers le monde&nbsp;\u00bb, Charles Aznavour la r\u00e9volutionne, \u00e9tend son influence dans le monde entier et la rend intemporelle.<\/p>\n\n\n\n<p class=\"has-text-align-justify\">Toujours honn\u00eate sur sc\u00e8ne, Aznavour n\u2019a aucun tabou et chante sans peur et sans complexe. Il brise les codes de l\u2019\u00e9poque et \u00e9crit des chansons qui feront scandale notamment en 1955 avec <strong><em><a href=\"https:\/\/www.youtube.com\/watch?v=gCzSk5ljDzM\" target=\"_blank\" rel=\"noreferrer noopener\">Apr\u00e8s l\u2019amour<\/a><\/em><\/strong>, qui d\u00e9crit un couple\u2026 apr\u00e8s l\u2019amour. L\u2019ann\u00e9e suivante, un de ces disques est m\u00eame interdit \u00e0 la vente aux moins de seize ans \u00e0 cause du titre <strong><em><a href=\"https:\/\/www.youtube.com\/watch?v=5Cdmdich1b0\" target=\"_blank\" rel=\"noreferrer noopener\">Je veux te dire adieu<\/a><\/em><\/strong> qui parle d\u2019adult\u00e8re. La m\u00eame ann\u00e9e, sa chanson <strong><em><a href=\"https:\/\/www.youtube.com\/watch?v=OyqNCMv5UsU\" target=\"_blank\" rel=\"noreferrer noopener\">Moi j\u2019fais mon rond<\/a><\/em><\/strong>, dans lequel Aznavour se glisse dans la peau d\u2019un maquereau qui raconte comment la jeune femme qu\u2019il prostitue lui ram\u00e8ne de l\u2019argent, fait s\u2019insurger le Comit\u00e9 d\u2019\u00e9coute qui raye le titre sur la pochette et l\u2019interdit.<\/p>\n\n\n\n<p class=\"has-text-align-justify\">Quelques ann\u00e9es plus tard, en 1971, il \u00e9crit une chanson absolument magnifique intitul\u00e9e <strong><em><a href=\"https:\/\/www.youtube.com\/watch?v=RoMPyKGHWhQ\" target=\"_blank\" rel=\"noreferrer noopener\">Mourir d\u2019aimer<\/a><\/em><\/strong>. Si la chanson ne fait pas de vague et remporte m\u00eame un franc succ\u00e8s, beaucoup ignorent cependant l\u2019origine des paroles. Charles Aznavour s\u2019inspire en effet d\u2019un scandale survenu deux ans plus t\u00f4t et qui bouscule la soci\u00e9t\u00e9&nbsp;: l\u2019affaire <em><a href=\"https:\/\/fr.wikipedia.org\/wiki\/Gabrielle_Russier\" target=\"_blank\" rel=\"noreferrer noopener\">Gabrielle Russier<\/a>. <\/em>Cette jeune professeure de trente ans qui se donne la mort apr\u00e8s une condamnation d\u2019un an de prison avec sursis pour enl\u00e8vement et d\u00e9tournement de mineur suite \u00e0 une liaison amoureuse entretenue avec un de ses \u00e9l\u00e8ves de seize ans. Au-del\u00e0 de l\u2019affaire, c\u2019est la symbolique qui est importante et que chante Aznavour, celle de l\u2019amour impossible et du d\u00e9sespoir qu\u2019il peut provoquer.<\/p>\n\n\n\n<p class=\"has-text-align-justify\">L\u2019ann\u00e9e suivante, en 1972, il interpr\u00e8te ce qui deviendra un de ses plus grands succ\u00e8s&nbsp;: <strong><em><a href=\"https:\/\/www.youtube.com\/watch?v=BURp0SNj_Vo\" target=\"_blank\" rel=\"noreferrer noopener\">Comme ils disent<\/a>.<\/em><\/strong> Il \u00e9bauche le portrait d\u2019un vieux gar\u00e7on homosexuel qui m\u00e8ne une vie banale la journ\u00e9e et se travestit la nuit. Pour la premi\u00e8re fois, ce th\u00e8me est abord\u00e9 sans d\u00e9rision ni sarcasme. \u00c9tonnement, il rencontre un succ\u00e8s imm\u00e9diat aupr\u00e8s du public et ne laisse qu\u2019un silence g\u00ean\u00e9 dans les m\u00e9dias. Ce qui est admirable dans cette chanson, outre l\u2019audace qu\u2019elle n\u00e9cessite, c\u2019est la fa\u00e7on dont le sujet est abord\u00e9. Charles Aznavour fait le choix de parler \u00e0 la premi\u00e8re personne et de mimer l\u2019action, qui est un clin d\u2019\u0153il \u00e0 son ami homosexuel <em>Androuchka<\/em>. Il d\u00e9peint un homme d\u2019une grande discr\u00e9tion, presque timide, qui ne tombe pas dans la caricature. D\u2019un homme qui ne se d\u00e9finit non pas par son orientation sexuelle mais comme un <em>artiste.<\/em> J\u2019aime particuli\u00e8rement ce passage&nbsp;:<\/p>\n\n\n\n<p><\/p>\n\n\n\n<p><em>\u00ab&nbsp;<\/em><em>On rencontre des attard\u00e9s<br>Qui pour \u00e9pater leur tabl\u00e9e<br>Marchent et ondulent<br>Singeant ce qu&#8217;ils croient \u00eatre nous<br>Et se couvrent, les pauvres fous<br>De ridicule<\/em><\/p>\n\n\n\n<p><em>\u00c7a gesticule et parle fort<br>\u00c7a joue les divas, les t\u00e9nors<br>De la b\u00eatise&nbsp;\u00bb<\/em><\/p>\n\n\n\n<p><\/p>\n\n\n\n<p class=\"has-text-align-justify\">Singeant ce qu\u2019ils croient \u00eatre l\u2019homosexualit\u00e9, gesticulant, parlant fort et se couvrant de ridicule\u2026 Cela ne vous \u00e9voque rien&nbsp;? N\u2019est-ce pas cocasse de nuire \u00e0 la cause que l\u2019on croit d\u00e9fendre&nbsp;?<\/p>\n\n\n\n<p>Je vous laisse m\u00e9diter l\u00e0-dessus. Reprenons.<\/p>\n\n\n\n<p class=\"has-text-align-justify\">Dans le courant des ann\u00e9es 1960, Charles Aznavour est au sommet de son art, \u00e0 tel point que ses chansons se propagent partout dans le monde et contribuent au d\u00e9veloppement et \u00e0 la valorisation de certains styles musicaux \u00e9mergents, notamment le rap, le hip-hop et le slam.<\/p>\n\n\n\n<p class=\"has-text-align-justify\">En 1966, il signe un de ses plus grands succ\u00e8s&nbsp;: <strong><em><a href=\"https:\/\/www.youtube.com\/watch?v=28nMw4zmdKE\" target=\"_blank\" rel=\"noreferrer noopener\">Parce que tu crois<\/a>. <\/em><\/strong>Cette chanson connait un tel succ\u00e8s qu\u2019elle sera m\u00eame sampl\u00e9e \u00e0 de nombreuses reprises par des artistes issus de registres totalement diff\u00e9rents, notamment par des rappeurs. Ainsi, plus de trente ans plus tard, les premi\u00e8res notes de la chanson servent de base musicale au tube de <em><a href=\"https:\/\/fr.wikipedia.org\/wiki\/Dr._Dre\" target=\"_blank\" rel=\"noreferrer noopener\">Dr Dre<\/a><\/em> and <em><a href=\"https:\/\/fr.wikipedia.org\/wiki\/Eminem\" target=\"_blank\" rel=\"noreferrer noopener\">Eminem<\/a> <strong><a href=\"https:\/\/www.youtube.com\/watch?v=-Ubyt7iWJ8Q\" target=\"_blank\" rel=\"noreferrer noopener\">What\u2019s the Difference<\/a><\/strong>.<\/em><\/p>\n\n\n\n<p class=\"has-text-align-justify\">Un an plus tard, c\u2019est au tour de sa chanson <strong><em><a href=\"https:\/\/www.youtube.com\/watch?v=-859ZyC19sw\" target=\"_blank\" rel=\"noreferrer noopener\">D\u00e9sormais<\/a><\/em><\/strong> sortie en 1969 d\u2019influencer les morceaux <strong><em><a href=\"https:\/\/www.youtube.com\/watch?v=d4OxMeZNyxk\" target=\"_blank\" rel=\"noreferrer noopener\">\u00c9meutes<\/a><\/em><\/strong> du rappeur <em><a href=\"https:\/\/fr.wikipedia.org\/wiki\/Passi\" target=\"_blank\" rel=\"noreferrer noopener\">Passi<\/a> <\/em>and <strong><em><a href=\"https:\/\/www.youtube.com\/watch?v=mDW9JLg6uCY\" target=\"_blank\" rel=\"noreferrer noopener\">Le plaisir de l\u2019effort<\/a><\/em><\/strong> des <em><a href=\"https:\/\/fr.wikipedia.org\/wiki\/Psy_4_de_la_rime\" target=\"_blank\" rel=\"noreferrer noopener\">Psy4 de la rime<\/a>.<\/em><\/p>\n\n\n\n<p class=\"has-text-align-justify\">Autres exemples, <strong><em>La Mama<\/em><\/strong> inspire au groupe <em><a href=\"https:\/\/fr.wikipedia.org\/wiki\/Sniper_(groupe)\" target=\"_blank\" rel=\"noreferrer noopener\">Sniper<\/a><\/em> le morceau <strong><em><a href=\"https:\/\/www.youtube.com\/watch?v=OCpWWDF_Qho\" target=\"_blank\" rel=\"noreferrer noopener\">Aketo Solo<\/a>&nbsp;<\/em><\/strong>ou encore l\u2019air de <strong><em><a href=\"https:\/\/www.youtube.com\/watch?v=Pl0xwHbSekM\" target=\"_blank\" rel=\"noreferrer noopener\">Comme l\u2019eau, le feu, le vent<\/a><\/em><\/strong> qui est repris par <em><a href=\"https:\/\/www.infoconcert.com\/artiste\/roger-molls-117557\/concerts.html?menu=biographie\" target=\"_blank\" rel=\"noreferrer noopener\">Roger Molls<\/a><\/em> dans son morceau <strong><em><a href=\"https:\/\/www.youtube.com\/watch?v=3Pyl-GNoIMs\" target=\"_blank\" rel=\"noreferrer noopener\">Hipology<\/a><\/em><\/strong>.<\/p>\n\n\n\n<p><\/p>\n\n\n\n<h2 class=\"wp-block-heading\"><strong><span class=\"has-inline-color has-black-color\">Son engagement pour l\u2019Arm\u00e9nie<\/span><\/strong><\/h2>\n\n\n\n<p><\/p>\n\n\n\n<p class=\"has-text-align-justify\">Artiste engag\u00e9, humaniste et certainement tr\u00e8s affect\u00e9 par le pass\u00e9 de ses parents, Charles Aznavour s\u2019engage pour d\u00e9fendre sa terre de c\u0153ur l\u2019Arm\u00e9nie et deviendra au fil du temps un h\u00e9ros national.<\/p>\n\n\n\n<p class=\"has-text-align-justify\">D\u00e8s 1975, il d\u00e9nonce le g\u00e9nocide arm\u00e9nien dans <strong><em><a href=\"https:\/\/www.youtube.com\/watch?v=GUcQ8C_Idzg\" target=\"_blank\" rel=\"noreferrer noopener\">Ils sont tomb\u00e9s<\/a><\/em><\/strong> et refuse m\u00eame de se rendre \u00e0 nouveau en Turquie tant que l\u2019\u00c9tat ne reconnait pas les massacres.<\/p>\n\n\n\n<p class=\"has-text-align-justify\">En 1989, alors que l\u2019Arm\u00e9nie est frapp\u00e9e quelques mois plus t\u00f4t par un terrible s\u00e9isme, il fonde l\u2019association <em>Aznavour pour l\u2019Arm\u00e9nie<\/em> dans le but de r\u00e9unir et d\u2019envoyer des v\u00eatements et de la nourriture aux rescap\u00e9s. Il \u00e9crit la m\u00eame ann\u00e9e la chanson <strong><em><a href=\"https:\/\/www.youtube.com\/watch?v=j8vxNx6gc6c\" target=\"_blank\" rel=\"noreferrer noopener\">Pour toi Arm\u00e9nie<\/a> <\/em><\/strong>dont les fonds r\u00e9colt\u00e9s servent le financement de la fondation.<\/p>\n\n\n\n<p>En 2004, il re\u00e7oit la plus haute distinction de l\u2019Arm\u00e9nie&nbsp;: le titre de h\u00e9ros national de l\u2019Arm\u00e9nie.<\/p>\n\n\n\n<p class=\"has-text-align-justify\">Bien que militant, il d\u00e9clare cependant \u00e0 de nombreuses reprises qu\u2019il n\u2019a aucun politique et qu\u2019il n\u2019agit que&nbsp;pour le bien du pays&nbsp;:<\/p>\n\n\n\n<p><\/p>\n\n\n\n<p class=\"has-text-align-justify\"><em>\u00ab&nbsp;Je travaille pour le peuple arm\u00e9nien, je ne travaille pour aucun parti politique. Aucun des partis politiques d\u2019Arm\u00e9nie ou de France ne peut se targuer de m\u2019avoir dans ses rangs.&nbsp;\u00bb \u00c0 voix nue, 2005<\/em><\/p>\n\n\n\n<p><\/p>\n\n\n\n<p class=\"has-text-align-justify\">Sans renier sa culture fran\u00e7aise, il repr\u00e9sente \u00e0 partir de 1995 l\u2019Arm\u00e9nie dans plusieurs instances diplomatiques internationales et le 26 d\u00e9cembre 2008, le pr\u00e9sident de la R\u00e9publique d\u2019Arm\u00e9nie, <a href=\"https:\/\/fr.wikipedia.org\/wiki\/Serge_Sarkissian\" target=\"_blank\" rel=\"noreferrer noopener\">Serge Sargsian<\/a>, lui conf\u00e8re la citoyennet\u00e9 arm\u00e9nienne.<\/p>\n\n\n\n<p class=\"has-text-align-justify\">L\u2019ann\u00e9e suivante, en f\u00e9vrier 2009, il accepte le poste d\u2019ambassadeur d\u2019Arm\u00e9nie en Suisse suite \u00e0 la proposition du pr\u00e9sident arm\u00e9nien. Il est \u00e9galement le repr\u00e9sentant de l\u2019Arm\u00e9nie aupr\u00e8s de <em>l\u2019Organisation des Nations Unis<\/em> \u00e0 Gen\u00e8ve.<\/p>\n\n\n\n<p class=\"has-text-align-justify\">Luttant fervemment pour la reconnaissance du g\u00e9nocide, il d\u00e9plore l\u2019attitude du gouvernement turc qui campe sur ses positions et s\u2019enferme dans le d\u00e9ni. Il d\u00e9clare d\u2019ailleurs \u00e0 propos d\u2019<a href=\"https:\/\/fr.wikipedia.org\/wiki\/Recep_Tayyip_Erdo%C4%9Fan\" target=\"_blank\" rel=\"noreferrer noopener\">Erdogan<\/a>&nbsp;:<\/p>\n\n\n\n<p><\/p>\n\n\n\n<p class=\"has-text-align-justify\"><em>\u00ab&nbsp;C\u2019est dommage qu\u2019il fasse un m\u00e9tier comme le sien en ayant si peu de m\u00e9moire. Le peuple turc, lui, est au courant. [\u2026] Erdogan devrait essayer d\u00e8s maintenant de se mettre du bon c\u00f4t\u00e9. [\u2026] En tuant la culture arm\u00e9nienne ils ont tu\u00e9 la culture turque&nbsp;!&nbsp;\u00bb<\/em> Paris Match, 2018<\/p>\n\n\n\n<p><\/p>\n\n\n\n<p>Il craint m\u00eame que ce comportement nuise consid\u00e9rablement aux g\u00e9n\u00e9rations turques \u00e0 venir&nbsp;:<\/p>\n\n\n\n<p><\/p>\n\n\n\n<p class=\"has-text-align-justify\"><em>\u00ab&nbsp;La jeunesse d\u2019aujourd\u2019hui n\u2019y est pour rien et n\u2019a donc rien \u00e0 cacher. Mais l\u2019attitude de Erdogan nuit consid\u00e9rablement aux g\u00e9n\u00e9rations \u00e0 venir : ils vont \u00eatre oblig\u00e9 de porter un fardeau qui n\u2019est pas le leur.&nbsp;\u00bb <\/em>Paris Match 2018<\/p>\n\n\n\n<p><\/p>\n\n\n\n<p class=\"has-text-align-justify\">S\u2019il ne cesse de se montrer v\u00e9h\u00e9ment envers l\u2019\u00c9tat turc, Charles Aznavour n\u2019esp\u00e8re pourtant qu\u2019une chose&nbsp;: la paix entre les deux camps. Il tient d\u2019ailleurs \u00e0 affirmer qu\u2019il \u00ab&nbsp;n\u2019est pas un anti-turc&nbsp;\u00bb mais ne comprend pas les postures n\u00e9gationnistes du gouvernement d\u2019Ankara.<\/p>\n\n\n\n<p class=\"has-text-align-justify\">&nbsp;Il est persuad\u00e9 que la paix est possible et surtout n\u00e9cessaire et esp\u00e8re d\u2019ailleurs voir cette r\u00e9conciliation avant sa mort. S\u2019il savait\u2026<\/p>\n\n\n\n<p class=\"has-text-align-justify\">Si la paix semble \u2013malheureusement- plus que jamais compromise aujourd\u2019hui, il aura tout de m\u00eame grandement contribu\u00e9 \u00e0 sensibiliser la France et l\u2019Europe \u00e0 la cause arm\u00e9nienne et aura \u00e9t\u00e9 de son vivant un des plus illustres d\u00e9fenseurs de ce peuple qui semble \u00eatre un oubli\u00e9 de l\u2019Histoire\u2026<\/p>\n\n\n\n<p class=\"has-text-align-justify\">\u00c0 des ann\u00e9es lumi\u00e8res de nos \u00ab&nbsp;humanistes&nbsp;\u00bb contemporains arborant fi\u00e8rement sur leurs r\u00e9seaux sociaux leur petit carr\u00e9 \u00e0 la couleur d\u2019une cause dont ils ignorent \u00e0 peu pr\u00e8s tout (et dont ils se moquent \u00e9perdument en r\u00e9alit\u00e9) et qui n\u2019agissent que par narcissisme (leur but \u00e9tant simplement de gonfler leur \u00e9go en obtenant de la validation sociale), Aznavour lui, n\u2019a cess\u00e9 toute sa vie de se battre pour d\u00e9fendre ce en quoi il croyait. L\u00e0 o\u00f9 ces bien-pensants se contentent de faire la morale au monde entier (persuad\u00e9s en outre de d\u00e9tenir le monopole du bien et de la raison), Charles Aznavour, lui, agit et se tient bien \u00e0 l\u2019\u00e9cart de tous ces discours m\u00e9prisants, larmoyants et st\u00e9riles&nbsp;:<\/p>\n\n\n\n<p><\/p>\n\n\n\n<p class=\"has-text-align-justify\"><em>\u00ab&nbsp;Je n\u2019aime pas parler du c\u00f4t\u00e9 \u00e9motionnel. La larme \u00e0 l\u2019\u0153il n\u2019a jamais \u00e9t\u00e9 mon truc. Ceux qui pleurnichent n\u2019auront rien. Peut-\u00eatre que je pleurerai le jour o\u00f9 la Turquie nous donnera raison. Le but n&#8217;est pas de parler uniquement du g\u00e9nocide arm\u00e9nien mais DES g\u00e9nocides. C\u2019est important de comm\u00e9morer pour ne pas sombrer dans l\u2019oubli.&nbsp;\u00bb <\/em>Paris Match, 2018<\/p>\n\n\n\n<p><\/p>\n\n\n\n<p class=\"has-text-align-justify\">En plus d\u2019\u00eatre un artiste g\u00e9nial \u00e0 la carri\u00e8re hors du commun, il \u00e9tait un homme qui incarnait pleinement ses id\u00e9es. Sa force de caract\u00e8re et de conviction forge le respect.<\/p>\n\n\n\n<p><\/p>\n\n\n\n<h2 class=\"wp-block-heading\"><strong><span class=\"has-inline-color has-black-color\">Son rapport \u00e0 la France<\/span><\/strong><\/h2>\n\n\n\n<p><\/p>\n\n\n\n<p class=\"has-text-align-justify\">Malgr\u00e9 son attachement pour sa terre d\u2019origine, il est hors de question pour lui de renier la France. Il se dit \u00ab&nbsp;fran\u00e7ais jusqu\u2019au bout des ongles&nbsp;\u00bb peu importe sa g\u00e9n\u00e9alogie et d\u00e9clare \u00e0 propos de son int\u00e9gration :<\/p>\n\n\n\n<p><\/p>\n\n\n\n<p class=\"has-text-align-justify\"><em>\u00ab&nbsp;Je suis devenu fran\u00e7ais d\u2019abord, dans ma t\u00eate, dans mon c\u0153ur, dans ma mani\u00e8re d\u2019\u00eatre, dans ma langue\u2026 J\u2019ai abandonn\u00e9 une grande partie de mon arm\u00e9nit\u00e9 pour \u00eatre fran\u00e7ais\u2026 Il faut le faire. Ou alors il faut partir.&nbsp;\u00bb<\/em> RTL, 2013<\/p>\n\n\n\n<p><\/p>\n\n\n\n<p class=\"has-text-align-justify\">Il ne fait aucun doute que cette int\u00e9gration remarquable lui ait \u00e9t\u00e9 inculqu\u00e9e en grande partie par son \u00e9ducation.<\/p>\n\n\n\n<p class=\"has-text-align-justify\">Ayant fui le g\u00e9nocide arm\u00e9nien, ses parents ne devaient \u00eatre que de passage en France dans l\u2019attente d\u2019un visa pour rejoindre les \u00c9tats-Unis. Ils d\u00e9cident finalement de s\u2019installer en France suite \u00e0 la naissance de leur deuxi\u00e8me enfant, le petit Charles. Durant la Seconde Guerre mondiale, la famille Aznavourian cachera des juifs, des russes et des arm\u00e9niens dans leur appartement parisien. Le p\u00e8re, <em>Mamigon Aznavourian, <\/em>entre en r\u00e9sistance et rejoint un groupe d\u2019engag\u00e9s volontaires \u00e9trangers et apatrides avec la volont\u00e9 de <em>r\u00e9pondre \u00e0 ce pays qui lui a beaucoup donn\u00e9<\/em>. Il reviendra trois mois plus tard, seul survivant. Ses parents travailleront ensuite en tant que cuisinier et couturi\u00e8re.<\/p>\n\n\n\n<p>La famille obtient la nationalit\u00e9 fran\u00e7aise en 1947 apr\u00e8s dix-neuf ans d\u2019attente.<\/p>\n\n\n\n<p class=\"has-text-align-justify\">Formidable exemple d\u2019assimilation, Charles Aznavour est de surcroit tr\u00e8s attach\u00e9 \u00e0 la langue fran\u00e7aise&nbsp;; l\u2019important dans la chanson \u00e9tant d\u2019apr\u00e8s lui de <em>rendre les mots agr\u00e9ables<\/em>.<\/p>\n\n\n\n<p><\/p>\n\n\n\n<h2 class=\"wp-block-heading\"><strong><span class=\"has-inline-color has-black-color\">La post\u00e9rit\u00e9<\/span><\/strong><\/h2>\n\n\n\n<p><\/p>\n\n\n\n<figure class=\"wp-block-image size-large\"><img decoding=\"async\" width=\"1024\" height=\"778\" src=\"https:\/\/conservativenthusiast.com\/wp-content\/uploads\/2020\/11\/aznn-1024x778.jpg\" alt=\"\" class=\"wp-image-3112\" srcset=\"https:\/\/conservativenthusiast.com\/wp-content\/uploads\/2020\/11\/aznn-1024x778.jpg 1024w, https:\/\/conservativenthusiast.com\/wp-content\/uploads\/2020\/11\/aznn-300x228.jpg 300w, https:\/\/conservativenthusiast.com\/wp-content\/uploads\/2020\/11\/aznn-768x583.jpg 768w, https:\/\/conservativenthusiast.com\/wp-content\/uploads\/2020\/11\/aznn-1536x1166.jpg 1536w, https:\/\/conservativenthusiast.com\/wp-content\/uploads\/2020\/11\/aznn-2048x1555.jpg 2048w, https:\/\/conservativenthusiast.com\/wp-content\/uploads\/2020\/11\/aznn-1080x820.jpg 1080w, https:\/\/conservativenthusiast.com\/wp-content\/uploads\/2020\/11\/aznn-1280x972.jpg 1280w, https:\/\/conservativenthusiast.com\/wp-content\/uploads\/2020\/11\/aznn-980x744.jpg 980w, https:\/\/conservativenthusiast.com\/wp-content\/uploads\/2020\/11\/aznn-480x365.jpg 480w\" sizes=\"(max-width: 1024px) 100vw, 1024px\" \/><\/figure>\n\n\n\n<p><\/p>\n\n\n\n<p class=\"has-text-align-justify\">Apr\u00e8s avoir men\u00e9 une vie tr\u00e9pidante, Charles Aznavour s\u2019\u00e9teint finalement le 1<sup>er<\/sup> octobre 2018 \u00e0 Mouri\u00e8s \u00e0 l\u2019\u00e2ge de quatre-vingt-quatorze ans, ne r\u00e9alisant malheureusement pas la promesse qu\u2019il s\u2019\u00e9tait faite de chanter jusque ses cent ans.<\/p>\n\n\n\n<p class=\"has-text-align-justify\">Il laisse derri\u00e8re lui un h\u00e9ritage musical et culturel immense qui t\u00e9moigne de ce qu\u2019\u00e9tait la France d\u2019entant. Aznavour incarne \u00e0 mes yeux cette vieille France insouciante o\u00f9 il faisait encore bon vivre. Qui n\u2019a jamais \u00e9prouv\u00e9 cette sensation de nostalgie \u00e0 l\u2019\u00e9coute d\u2019un titre comme <strong><em><a href=\"https:\/\/www.youtube.com\/watch?v=fVfnEyLOkrM\" target=\"_blank\" rel=\"noreferrer noopener\">La boh\u00e8me<\/a><\/em><\/strong>&nbsp;? Ce chef-d\u2019\u0153uvre \u00e9crit par <a href=\"https:\/\/fr.wikipedia.org\/wiki\/Jacques_Plante_(parolier)\" target=\"_blank\" rel=\"noreferrer noopener\">Jacques Plante<\/a> et interpr\u00e9t\u00e9 \u00e0 merveille par Aznavour qui aborde la nostalgie d\u2019un peintre ne reconnaissant plus le quartier de sa jeunesse, Montmartre. Tout lui semble triste, d\u00e9nu\u00e9 de couleur, de parfum, de sens et de vie. La boh\u00e8me d\u2019autre fois n\u2019existe plus, la nouvelle g\u00e9n\u00e9ration ne sachant se satisfaire de choses simples. Il regrette ce temps o\u00f9 les gens s\u2019aimaient et \u00e9taient heureux. Ce temps o\u00f9 les gens vivaient l\u2019instant.<\/p>\n\n\n\n<p class=\"has-text-align-justify\">Ce temps qui nous \u00e9chappe est le th\u00e8me d\u2019un autre bijou de Charles Aznavour&nbsp;: <strong><em><a href=\"https:\/\/www.youtube.com\/watch?v=dbxyKR1P8vA\" target=\"_blank\" rel=\"noreferrer noopener\">Hier encore<\/a>. <\/em><\/strong>Les paroles sont les r\u00e9flexions d\u2019un homme \u00e2g\u00e9 dressant le bilan de sa vie, se rendant compte petit-\u00e0-petit qu\u2019il a g\u00e2ch\u00e9 sa vie en courant apr\u00e8s des futilit\u00e9s. Ses espoirs envol\u00e9s, se sentant de plus en plus proche de la fin, il regrette ce temps g\u00e2ch\u00e9 par sa b\u00eatise et son \u00e9go\u00efsme.<\/p>\n\n\n\n<p class=\"has-text-align-justify\">Je vous conseille fortement d\u2019\u00e9couter la version live du concert de <em>Yerevan<\/em> en 2015 que je vous joins ci-dessous dans laquelle la chanson prend tout son sens.<\/p>\n\n\n\n<p class=\"has-text-align-justify\">Pendant que certains courent apr\u00e8s le temps (et que d\u2019autres acceptent de s\u2019en laisser priver au profit de la sacro-sainte \u00ab&nbsp;sant\u00e9&nbsp;\u00bb), Aznavour lui est intemporel en sachant allier pass\u00e9, pr\u00e9sent et futur&nbsp;: en ayant le culte de ses maitres, la rage de vivre et un regard port\u00e9 vers l\u2019avenir. Il est en cela une source s\u00fbre d\u2019inspiration et un mod\u00e8le d\u2019art de vivre.<\/p>\n\n\n\n<p><\/p>\n\n\n\n<p><\/p>\n\n\n\n<h2 class=\"wp-block-heading\"><strong><span class=\"has-inline-color has-black-color\">Pour aller plus loin :<\/span><\/strong><\/h2>\n\n\n\n<p><\/p>\n\n\n\n<figure class=\"wp-block-embed-youtube wp-block-embed is-type-video is-provider-youtube wp-embed-aspect-16-9 wp-has-aspect-ratio\"><div class=\"wp-block-embed__wrapper\">\n<span class=\"X0bAmaP\"><div class=\"responsive-video\"><iframe title=\"Charles Aznavour &#039;&#039;Hier Encore&quot;\" width=\"1080\" height=\"608\" src=\"https:\/\/www.youtube.com\/embed\/lWs_gSx-taI?feature=oembed\" frameborder=\"0\" allow=\"accelerometer; autoplay; clipboard-write; encrypted-media; gyroscope; picture-in-picture\" allowfullscreen><\/iframe><\/div><\/span>\n<\/div><\/figure>\n\n\n\n<figure class=\"wp-block-embed-youtube wp-block-embed is-type-video is-provider-youtube wp-embed-aspect-16-9 wp-has-aspect-ratio\"><div class=\"wp-block-embed__wrapper\">\n<span class=\"JQ4wT4z8Nu6vtKbnDYdxzDeoRrhAochGfqKcss61eMxZ37jqgNpIvyJBii05EnHC2O1d98a\"><div class=\"responsive-video\"><iframe title=\"La Vie De Charles Aznavour sur France 2 vid\u00e9o:Nisrine Foufa\" width=\"1080\" height=\"608\" src=\"https:\/\/www.youtube.com\/embed\/192D1cOQSZY?feature=oembed\" frameborder=\"0\" allow=\"accelerometer; autoplay; clipboard-write; encrypted-media; gyroscope; picture-in-picture\" allowfullscreen><\/iframe><\/div><\/span>\n<\/div><\/figure>\n\n\n\n<figure class=\"wp-block-embed-youtube wp-block-embed is-type-video is-provider-youtube wp-embed-aspect-16-9 wp-has-aspect-ratio\"><div class=\"wp-block-embed__wrapper\">\n<span class=\"0UgEfvCp7Se6PzKLjVsF\"><div class=\"responsive-video\"><iframe title=\"Charles Aznavour &quot;Comme ils disent&quot; | Archive INA\" width=\"1080\" height=\"608\" src=\"https:\/\/www.youtube.com\/embed\/-4-zC8WtwBw?feature=oembed\" frameborder=\"0\" allow=\"accelerometer; autoplay; clipboard-write; encrypted-media; gyroscope; picture-in-picture\" allowfullscreen><\/iframe><\/div><\/span>\n<\/div><\/figure>\n\n\n\n<figure class=\"wp-block-embed-youtube wp-block-embed is-type-video is-provider-youtube wp-embed-aspect-16-9 wp-has-aspect-ratio\"><div class=\"wp-block-embed__wrapper\">\n<span class=\"7JraVRHbXEckK2t0PtTXcesjoEQ7BBinbSLGu69Hg6IjMoxp2kuaMI1rfKWQD54DxCPYGOew4OAgpsZymd5zhNq8zNwnmvS8\"><div class=\"responsive-video\"><iframe title=\"Pardonnez-moi - L&#039;interview de Charles Aznavour\" width=\"1080\" height=\"608\" src=\"https:\/\/www.youtube.com\/embed\/ZmGY44vZis8?feature=oembed\" frameborder=\"0\" allow=\"accelerometer; autoplay; clipboard-write; encrypted-media; gyroscope; picture-in-picture\" allowfullscreen><\/iframe><\/div><\/span>\n<\/div><\/figure>\n\n\n\n<figure class=\"wp-block-embed-youtube wp-block-embed is-type-video is-provider-youtube wp-embed-aspect-16-9 wp-has-aspect-ratio\"><div class=\"wp-block-embed__wrapper\">\n<span class=\"1SRtpdfGygDNhuZjCKmXeSvwoUE1rMBQZF7ns6Npz5IbPHvGyHOkmdLkMc7rWIeEVUl59TCJ8gAibx33jK8W4fBX2Vt6Y9Q4Toan\"><div class=\"responsive-video\"><iframe title=\"Une soir\u00e9e avec Charles Aznavour (1965)\" width=\"1080\" height=\"608\" src=\"https:\/\/www.youtube.com\/embed\/ugqfDjlKhQg?feature=oembed\" frameborder=\"0\" allow=\"accelerometer; autoplay; clipboard-write; encrypted-media; gyroscope; picture-in-picture\" allowfullscreen><\/iframe><\/div><\/span>\n<\/div><\/figure>\n\n\n\n<figure class=\"wp-block-embed-youtube wp-block-embed is-type-video is-provider-youtube wp-embed-aspect-4-3 wp-has-aspect-ratio\"><div class=\"wp-block-embed__wrapper\">\n<span class=\"7ZRP6B1jOkNmcToSV8Ir3vMHu9EXndyWDs0AF2alx4bYt5QGLqUfeh\"><div class=\"responsive-video\"><iframe title=\"Charles Aznavour \u00e9voque \u00c9dith Piaf (1958)\" width=\"1080\" height=\"810\" src=\"https:\/\/www.youtube.com\/embed\/IITzK-sD3AQ?feature=oembed\" frameborder=\"0\" allow=\"accelerometer; autoplay; clipboard-write; encrypted-media; gyroscope; picture-in-picture\" allowfullscreen><\/iframe><\/div><\/span>\n<\/div><\/figure>\n\n\n\n<figure class=\"wp-block-embed-youtube wp-block-embed is-type-video is-provider-youtube wp-embed-aspect-16-9 wp-has-aspect-ratio\"><div class=\"wp-block-embed__wrapper\">\n<span class=\"IBJ1T5a7\"><div class=\"responsive-video\"><iframe title=\"Charles AZNAVOUR se l\u00e2che : imp\u00f4ts, politique, et chansons...\" width=\"1080\" height=\"608\" src=\"https:\/\/www.youtube.com\/embed\/o7F81ixmCKc?feature=oembed\" frameborder=\"0\" allow=\"accelerometer; autoplay; clipboard-write; encrypted-media; gyroscope; picture-in-picture\" allowfullscreen><\/iframe><\/div><\/span>\n<\/div><\/figure>\n\n\n\n<p><a href=\"https:\/\/www.francetvinfo.fr\/culture\/musique\/chanson-francaise\/aznavour-evoque-piaf-et-trenet-dans-3-legendes-un-emouvant-coffret-posthume_3351175.html\">https:\/\/www.francetvinfo.fr\/culture\/musique\/chanson-francaise\/aznavour-evoque-piaf-et-trenet-dans-3-legendes-un-emouvant-coffret-posthume_3351175.html<\/a><\/p>\n\n\n\n<p><a href=\"https:\/\/www.franceculture.fr\/emissions\/a-voix-nue\/charles-aznavour-15-ecorche-turquie\">https:\/\/www.franceculture.fr\/emissions\/a-voix-nue\/charles-aznavour-15-ecorche-turquie<\/a><\/p>\n\n\n\n<p><a href=\"https:\/\/www.parismatch.com\/Actu\/International\/Charles-Aznavour-Ma-famille-maternelle-a-ete-massacree-752906\">https:\/\/www.parismatch.com\/Actu\/International\/Charles-Aznavour-Ma-famille-maternelle-a-ete-massacree-752906<\/a><\/p>\n\n\n\n<p><\/p>\n\n\n\n<p><\/p>\n\n\n\n<p><\/p>","protected":false},"excerpt":{"rendered":"<p>Introduction Si l\u2019on m\u2019annon\u00e7ait qu\u2019aujourd\u2019hui en France il existe des gens n\u2019ayant jamais entendu parler de Charles Aznavour, je vous [&hellip;]<\/p>","protected":false},"author":1,"featured_media":3105,"comment_status":"open","ping_status":"open","sticky":false,"template":"","format":"standard","meta":{"_et_pb_use_builder":"off","_et_pb_old_content":"","_et_gb_content_width":"","_exactmetrics_skip_tracking":false,"_exactmetrics_sitenote_active":false,"_exactmetrics_sitenote_note":"","_exactmetrics_sitenote_category":0,"footnotes":""},"categories":[4,46],"tags":[13,45],"yoast_head":"<!-- This site is optimized with the Yoast SEO plugin v22.3 - https:\/\/yoast.com\/wordpress\/plugins\/seo\/ -->\n<title>Charles Aznavour, l\u2019intemporel - The Conservative Enthusiast<\/title>\n<meta name=\"description\" content=\"\u27bd D\u00e9couvrez notre article consacr\u00e9 \u00e0 Charles Aznavour sur TCE : la plateforme de partage et d&#039;apprentissage des conservateurs.\" \/>\n<meta name=\"robots\" content=\"index, follow, max-snippet:-1, max-image-preview:large, max-video-preview:-1\" \/>\n<link rel=\"canonical\" href=\"https:\/\/conservativenthusiast.com\/en\/charles-aznavour-lintemporel\/\" \/>\n<meta property=\"og:locale\" content=\"en_GB\" \/>\n<meta property=\"og:type\" content=\"article\" \/>\n<meta property=\"og:title\" content=\"Charles Aznavour, l\u2019intemporel - The Conservative Enthusiast\" \/>\n<meta property=\"og:description\" content=\"\u27bd D\u00e9couvrez notre article consacr\u00e9 \u00e0 Charles Aznavour sur TCE : la plateforme de partage et d&#039;apprentissage des conservateurs.\" \/>\n<meta property=\"og:url\" content=\"https:\/\/conservativenthusiast.com\/en\/charles-aznavour-lintemporel\/\" \/>\n<meta property=\"og:site_name\" content=\"The Conservative Enthusiast\" \/>\n<meta property=\"article:published_time\" content=\"2020-11-29T11:00:48+00:00\" \/>\n<meta property=\"article:modified_time\" content=\"2020-11-29T10:54:22+00:00\" \/>\n<meta property=\"og:image\" content=\"https:\/\/conservativenthusiast.com\/wp-content\/uploads\/2020\/11\/az-scaled.jpg\" \/>\n\t<meta property=\"og:image:width\" content=\"2560\" \/>\n\t<meta property=\"og:image:height\" content=\"1701\" \/>\n\t<meta property=\"og:image:type\" content=\"image\/jpeg\" \/>\n<meta name=\"author\" content=\"Alexis.L\" \/>\n<meta name=\"twitter:card\" content=\"summary_large_image\" \/>\n<meta name=\"twitter:label1\" content=\"Written by\" \/>\n\t<meta name=\"twitter:data1\" content=\"Alexis.L\" \/>\n\t<meta name=\"twitter:label2\" content=\"Estimated reading time\" \/>\n\t<meta name=\"twitter:data2\" content=\"22 minutes\" \/>\n<script type=\"application\/ld+json\" class=\"yoast-schema-graph\">{\"@context\":\"https:\/\/schema.org\",\"@graph\":[{\"@type\":\"Article\",\"@id\":\"https:\/\/conservativenthusiast.com\/charles-aznavour-lintemporel\/#article\",\"isPartOf\":{\"@id\":\"https:\/\/conservativenthusiast.com\/charles-aznavour-lintemporel\/\"},\"author\":{\"name\":\"Alexis.L\",\"@id\":\"https:\/\/conservativenthusiast.com\/#\/schema\/person\/3edd83a60aed483f95ebc876aeac7feb\"},\"headline\":\"Charles Aznavour, l\u2019intemporel\",\"datePublished\":\"2020-11-29T11:00:48+00:00\",\"dateModified\":\"2020-11-29T10:54:22+00:00\",\"mainEntityOfPage\":{\"@id\":\"https:\/\/conservativenthusiast.com\/charles-aznavour-lintemporel\/\"},\"wordCount\":4493,\"commentCount\":2,\"publisher\":{\"@id\":\"https:\/\/conservativenthusiast.com\/#organization\"},\"image\":{\"@id\":\"https:\/\/conservativenthusiast.com\/charles-aznavour-lintemporel\/#primaryimage\"},\"thumbnailUrl\":\"https:\/\/conservativenthusiast.com\/wp-content\/uploads\/2020\/11\/az-scaled.jpg\",\"keywords\":[\"Biographie\",\"Musique\"],\"articleSection\":[\"Biographie\",\"Musique\"],\"inLanguage\":\"en-GB\",\"potentialAction\":[{\"@type\":\"CommentAction\",\"name\":\"Comment\",\"target\":[\"https:\/\/conservativenthusiast.com\/charles-aznavour-lintemporel\/#respond\"]}]},{\"@type\":\"WebPage\",\"@id\":\"https:\/\/conservativenthusiast.com\/charles-aznavour-lintemporel\/\",\"url\":\"https:\/\/conservativenthusiast.com\/charles-aznavour-lintemporel\/\",\"name\":\"Charles Aznavour, l\u2019intemporel - The Conservative Enthusiast\",\"isPartOf\":{\"@id\":\"https:\/\/conservativenthusiast.com\/#website\"},\"primaryImageOfPage\":{\"@id\":\"https:\/\/conservativenthusiast.com\/charles-aznavour-lintemporel\/#primaryimage\"},\"image\":{\"@id\":\"https:\/\/conservativenthusiast.com\/charles-aznavour-lintemporel\/#primaryimage\"},\"thumbnailUrl\":\"https:\/\/conservativenthusiast.com\/wp-content\/uploads\/2020\/11\/az-scaled.jpg\",\"datePublished\":\"2020-11-29T11:00:48+00:00\",\"dateModified\":\"2020-11-29T10:54:22+00:00\",\"description\":\"\u27bd D\u00e9couvrez notre article consacr\u00e9 \u00e0 Charles Aznavour sur TCE : la plateforme de partage et d'apprentissage des conservateurs.\",\"breadcrumb\":{\"@id\":\"https:\/\/conservativenthusiast.com\/charles-aznavour-lintemporel\/#breadcrumb\"},\"inLanguage\":\"en-GB\",\"potentialAction\":[{\"@type\":\"ReadAction\",\"target\":[\"https:\/\/conservativenthusiast.com\/charles-aznavour-lintemporel\/\"]}]},{\"@type\":\"ImageObject\",\"inLanguage\":\"en-GB\",\"@id\":\"https:\/\/conservativenthusiast.com\/charles-aznavour-lintemporel\/#primaryimage\",\"url\":\"https:\/\/conservativenthusiast.com\/wp-content\/uploads\/2020\/11\/az-scaled.jpg\",\"contentUrl\":\"https:\/\/conservativenthusiast.com\/wp-content\/uploads\/2020\/11\/az-scaled.jpg\",\"width\":2560,\"height\":1701},{\"@type\":\"BreadcrumbList\",\"@id\":\"https:\/\/conservativenthusiast.com\/charles-aznavour-lintemporel\/#breadcrumb\",\"itemListElement\":[{\"@type\":\"ListItem\",\"position\":1,\"name\":\"Accueil\",\"item\":\"https:\/\/conservativenthusiast.com\/\"},{\"@type\":\"ListItem\",\"position\":2,\"name\":\"Charles Aznavour, l\u2019intemporel\"}]},{\"@type\":\"WebSite\",\"@id\":\"https:\/\/conservativenthusiast.com\/#website\",\"url\":\"https:\/\/conservativenthusiast.com\/\",\"name\":\"The Conservative Enthusiast\",\"description\":\"La plateforme de r\u00e9information, de partage et d&#039;apprentissage des conservateurs.\",\"publisher\":{\"@id\":\"https:\/\/conservativenthusiast.com\/#organization\"},\"potentialAction\":[{\"@type\":\"SearchAction\",\"target\":{\"@type\":\"EntryPoint\",\"urlTemplate\":\"https:\/\/conservativenthusiast.com\/?s={search_term_string}\"},\"query-input\":\"required name=search_term_string\"}],\"inLanguage\":\"en-GB\"},{\"@type\":\"Organization\",\"@id\":\"https:\/\/conservativenthusiast.com\/#organization\",\"name\":\"The Conservative Enthusiast\",\"url\":\"https:\/\/conservativenthusiast.com\/\",\"logo\":{\"@type\":\"ImageObject\",\"inLanguage\":\"en-GB\",\"@id\":\"https:\/\/conservativenthusiast.com\/#\/schema\/logo\/image\/\",\"url\":\"https:\/\/i0.wp.com\/conservativeenthusiast.com\/wp-content\/uploads\/2020\/06\/LOGO-CE-MINI.png?fit=3867%2C1180&ssl=1\",\"contentUrl\":\"https:\/\/i0.wp.com\/conservativeenthusiast.com\/wp-content\/uploads\/2020\/06\/LOGO-CE-MINI.png?fit=3867%2C1180&ssl=1\",\"width\":3867,\"height\":1180,\"caption\":\"The Conservative Enthusiast\"},\"image\":{\"@id\":\"https:\/\/conservativenthusiast.com\/#\/schema\/logo\/image\/\"}},{\"@type\":\"Person\",\"@id\":\"https:\/\/conservativenthusiast.com\/#\/schema\/person\/3edd83a60aed483f95ebc876aeac7feb\",\"name\":\"Alexis.L\",\"image\":{\"@type\":\"ImageObject\",\"inLanguage\":\"en-GB\",\"@id\":\"https:\/\/conservativenthusiast.com\/#\/schema\/person\/image\/\",\"url\":\"https:\/\/secure.gravatar.com\/avatar\/e276145ad3a64170e9c68564bb9e4280?s=96&d=mm&r=g\",\"contentUrl\":\"https:\/\/secure.gravatar.com\/avatar\/e276145ad3a64170e9c68564bb9e4280?s=96&d=mm&r=g\",\"caption\":\"Alexis.L\"},\"description\":\"Si vous appr\u00e9ciez les articles de ce r\u00e9dacteur et que vous souhaitez en d\u00e9couvrir davantage sur lui ou ses \u00e9crits, vous pouvez consulter tous ses articles en cliquant sur son pseudo ou en apprendre plus sur notre page \\\"Notre \u00e9quipe\\\". Vous pouvez \u00e9galement le suivre sur ses diff\u00e9rents r\u00e9seaux sociaux ci-dessous.\",\"url\":\"https:\/\/conservativenthusiast.com\/en\/author\/admin6171\/\"}]}<\/script>\n<!-- \/ Yoast SEO plugin. -->","yoast_head_json":{"title":"Charles Aznavour, l\u2019intemporel - The Conservative Enthusiast","description":"\u27bd D\u00e9couvrez notre article consacr\u00e9 \u00e0 Charles Aznavour sur TCE : la plateforme de partage et d'apprentissage des conservateurs.","robots":{"index":"index","follow":"follow","max-snippet":"max-snippet:-1","max-image-preview":"max-image-preview:large","max-video-preview":"max-video-preview:-1"},"canonical":"https:\/\/conservativenthusiast.com\/en\/charles-aznavour-lintemporel\/","og_locale":"en_GB","og_type":"article","og_title":"Charles Aznavour, l\u2019intemporel - The Conservative Enthusiast","og_description":"\u27bd D\u00e9couvrez notre article consacr\u00e9 \u00e0 Charles Aznavour sur TCE : la plateforme de partage et d'apprentissage des conservateurs.","og_url":"https:\/\/conservativenthusiast.com\/en\/charles-aznavour-lintemporel\/","og_site_name":"The Conservative Enthusiast","article_published_time":"2020-11-29T11:00:48+00:00","article_modified_time":"2020-11-29T10:54:22+00:00","og_image":[{"width":2560,"height":1701,"url":"https:\/\/conservativenthusiast.com\/wp-content\/uploads\/2020\/11\/az-scaled.jpg","type":"image\/jpeg"}],"author":"Alexis.L","twitter_card":"summary_large_image","twitter_misc":{"Written by":"Alexis.L","Estimated reading time":"22 minutes"},"schema":{"@context":"https:\/\/schema.org","@graph":[{"@type":"Article","@id":"https:\/\/conservativenthusiast.com\/charles-aznavour-lintemporel\/#article","isPartOf":{"@id":"https:\/\/conservativenthusiast.com\/charles-aznavour-lintemporel\/"},"author":{"name":"Alexis.L","@id":"https:\/\/conservativenthusiast.com\/#\/schema\/person\/3edd83a60aed483f95ebc876aeac7feb"},"headline":"Charles Aznavour, l\u2019intemporel","datePublished":"2020-11-29T11:00:48+00:00","dateModified":"2020-11-29T10:54:22+00:00","mainEntityOfPage":{"@id":"https:\/\/conservativenthusiast.com\/charles-aznavour-lintemporel\/"},"wordCount":4493,"commentCount":2,"publisher":{"@id":"https:\/\/conservativenthusiast.com\/#organization"},"image":{"@id":"https:\/\/conservativenthusiast.com\/charles-aznavour-lintemporel\/#primaryimage"},"thumbnailUrl":"https:\/\/conservativenthusiast.com\/wp-content\/uploads\/2020\/11\/az-scaled.jpg","keywords":["Biographie","Musique"],"articleSection":["Biographie","Musique"],"inLanguage":"en-GB","potentialAction":[{"@type":"CommentAction","name":"Comment","target":["https:\/\/conservativenthusiast.com\/charles-aznavour-lintemporel\/#respond"]}]},{"@type":"WebPage","@id":"https:\/\/conservativenthusiast.com\/charles-aznavour-lintemporel\/","url":"https:\/\/conservativenthusiast.com\/charles-aznavour-lintemporel\/","name":"Charles Aznavour, l\u2019intemporel - The Conservative Enthusiast","isPartOf":{"@id":"https:\/\/conservativenthusiast.com\/#website"},"primaryImageOfPage":{"@id":"https:\/\/conservativenthusiast.com\/charles-aznavour-lintemporel\/#primaryimage"},"image":{"@id":"https:\/\/conservativenthusiast.com\/charles-aznavour-lintemporel\/#primaryimage"},"thumbnailUrl":"https:\/\/conservativenthusiast.com\/wp-content\/uploads\/2020\/11\/az-scaled.jpg","datePublished":"2020-11-29T11:00:48+00:00","dateModified":"2020-11-29T10:54:22+00:00","description":"\u27bd D\u00e9couvrez notre article consacr\u00e9 \u00e0 Charles Aznavour sur TCE : la plateforme de partage et d'apprentissage des conservateurs.","breadcrumb":{"@id":"https:\/\/conservativenthusiast.com\/charles-aznavour-lintemporel\/#breadcrumb"},"inLanguage":"en-GB","potentialAction":[{"@type":"ReadAction","target":["https:\/\/conservativenthusiast.com\/charles-aznavour-lintemporel\/"]}]},{"@type":"ImageObject","inLanguage":"en-GB","@id":"https:\/\/conservativenthusiast.com\/charles-aznavour-lintemporel\/#primaryimage","url":"https:\/\/conservativenthusiast.com\/wp-content\/uploads\/2020\/11\/az-scaled.jpg","contentUrl":"https:\/\/conservativenthusiast.com\/wp-content\/uploads\/2020\/11\/az-scaled.jpg","width":2560,"height":1701},{"@type":"BreadcrumbList","@id":"https:\/\/conservativenthusiast.com\/charles-aznavour-lintemporel\/#breadcrumb","itemListElement":[{"@type":"ListItem","position":1,"name":"Accueil","item":"https:\/\/conservativenthusiast.com\/"},{"@type":"ListItem","position":2,"name":"Charles Aznavour, l\u2019intemporel"}]},{"@type":"WebSite","@id":"https:\/\/conservativenthusiast.com\/#website","url":"https:\/\/conservativenthusiast.com\/","name":"The Conservative Enthusiast","description":"La plateforme de r\u00e9information, de partage et d&#039;apprentissage des conservateurs.","publisher":{"@id":"https:\/\/conservativenthusiast.com\/#organization"},"potentialAction":[{"@type":"SearchAction","target":{"@type":"EntryPoint","urlTemplate":"https:\/\/conservativenthusiast.com\/?s={search_term_string}"},"query-input":"required name=search_term_string"}],"inLanguage":"en-GB"},{"@type":"Organization","@id":"https:\/\/conservativenthusiast.com\/#organization","name":"The Conservative Enthusiast","url":"https:\/\/conservativenthusiast.com\/","logo":{"@type":"ImageObject","inLanguage":"en-GB","@id":"https:\/\/conservativenthusiast.com\/#\/schema\/logo\/image\/","url":"https:\/\/i0.wp.com\/conservativeenthusiast.com\/wp-content\/uploads\/2020\/06\/LOGO-CE-MINI.png?fit=3867%2C1180&ssl=1","contentUrl":"https:\/\/i0.wp.com\/conservativeenthusiast.com\/wp-content\/uploads\/2020\/06\/LOGO-CE-MINI.png?fit=3867%2C1180&ssl=1","width":3867,"height":1180,"caption":"The Conservative Enthusiast"},"image":{"@id":"https:\/\/conservativenthusiast.com\/#\/schema\/logo\/image\/"}},{"@type":"Person","@id":"https:\/\/conservativenthusiast.com\/#\/schema\/person\/3edd83a60aed483f95ebc876aeac7feb","name":"Alexis.L","image":{"@type":"ImageObject","inLanguage":"en-GB","@id":"https:\/\/conservativenthusiast.com\/#\/schema\/person\/image\/","url":"https:\/\/secure.gravatar.com\/avatar\/e276145ad3a64170e9c68564bb9e4280?s=96&d=mm&r=g","contentUrl":"https:\/\/secure.gravatar.com\/avatar\/e276145ad3a64170e9c68564bb9e4280?s=96&d=mm&r=g","caption":"Alexis.L"},"description":"Si vous appr\u00e9ciez les articles de ce r\u00e9dacteur et que vous souhaitez en d\u00e9couvrir davantage sur lui ou ses \u00e9crits, vous pouvez consulter tous ses articles en cliquant sur son pseudo ou en apprendre plus sur notre page \"Notre \u00e9quipe\". Vous pouvez \u00e9galement le suivre sur ses diff\u00e9rents r\u00e9seaux sociaux ci-dessous.","url":"https:\/\/conservativenthusiast.com\/en\/author\/admin6171\/"}]}},"_links":{"self":[{"href":"https:\/\/conservativenthusiast.com\/en\/wp-json\/wp\/v2\/posts\/3094"}],"collection":[{"href":"https:\/\/conservativenthusiast.com\/en\/wp-json\/wp\/v2\/posts"}],"about":[{"href":"https:\/\/conservativenthusiast.com\/en\/wp-json\/wp\/v2\/types\/post"}],"author":[{"embeddable":true,"href":"https:\/\/conservativenthusiast.com\/en\/wp-json\/wp\/v2\/users\/1"}],"replies":[{"embeddable":true,"href":"https:\/\/conservativenthusiast.com\/en\/wp-json\/wp\/v2\/comments?post=3094"}],"version-history":[{"count":17,"href":"https:\/\/conservativenthusiast.com\/en\/wp-json\/wp\/v2\/posts\/3094\/revisions"}],"predecessor-version":[{"id":3123,"href":"https:\/\/conservativenthusiast.com\/en\/wp-json\/wp\/v2\/posts\/3094\/revisions\/3123"}],"wp:featuredmedia":[{"embeddable":true,"href":"https:\/\/conservativenthusiast.com\/en\/wp-json\/wp\/v2\/media\/3105"}],"wp:attachment":[{"href":"https:\/\/conservativenthusiast.com\/en\/wp-json\/wp\/v2\/media?parent=3094"}],"wp:term":[{"taxonomy":"category","embeddable":true,"href":"https:\/\/conservativenthusiast.com\/en\/wp-json\/wp\/v2\/categories?post=3094"},{"taxonomy":"post_tag","embeddable":true,"href":"https:\/\/conservativenthusiast.com\/en\/wp-json\/wp\/v2\/tags?post=3094"}],"curies":[{"name":"wp","href":"https:\/\/api.w.org\/{rel}","templated":true}]}}