{"id":2988,"date":"2020-11-28T12:00:37","date_gmt":"2020-11-28T11:00:37","guid":{"rendered":"https:\/\/conservativeenthusiast.com\/?p=2988"},"modified":"2021-01-27T12:45:54","modified_gmt":"2021-01-27T11:45:54","slug":"chronique-des-libertes-sacrifiees-1","status":"publish","type":"post","link":"https:\/\/conservativenthusiast.com\/en\/chronique-des-libertes-sacrifiees-1\/","title":{"rendered":"Chronique des libert\u00e9s sacrifi\u00e9es #1 : Quand l&#8217;Ouest devient l&#8217;Est"},"content":{"rendered":"<p class=\"has-text-align-justify\">Renforcement du contr\u00f4le des r\u00e9seaux sociaux, mesures sanitaires liberticides, remise en cause de la libert\u00e9 d\u2019expression\u2026 Au cours des derni\u00e8res ann\u00e9es et en particulier des derniers mois nous constatons tous une d\u00e9rive autoritaire remettant en cause des libert\u00e9s individuelles que nous consid\u00e9rions encore r\u00e9cemment comme \u00e9tant intouchables.<\/p>\n\n\n\n<p class=\"has-text-align-justify\">Partant de ce constat, The Conservative Enthusiast initie une s\u00e9rie d\u2019articles baptis\u00e9e la <em><strong>Chronique des libert\u00e9s sacrifi\u00e9es<\/strong><\/em>, dont l\u2019objectif est d\u2019informer, de documenter et de d\u00e9battre des libert\u00e9s qui nous sont de plus en plus souvent soustraites afin de nous \u00ab&nbsp;prot\u00e9ger&nbsp;\u00bb. Dans cette chronique nous partagerons, commenterons et analyserons des informations sur ce processus qui prend place non seulement en France mais aussi dans les autres pays d\u2019Europe ainsi qu&#8217;au niveau mondial.&nbsp;&nbsp;&nbsp;&nbsp;<\/p>\n\n\n\n<p><\/p>\n\n\n\n<h2 class=\"wp-block-heading\"><span class=\"has-inline-color has-black-color\">Quand l\u2019Ouest devient l\u2019Est<\/span><\/h2>\n\n\n\n<p><\/p>\n\n\n\n<p class=\"has-text-align-justify\">Afin d\u2019ouvrir le bal, commen\u00e7ons par dresser un bilan de la situation sur le sol fran\u00e7ais \u00e0 l\u2019\u00e9criture de ces lignes. L\u2019\u00e9tat d\u2019urgence sanitaire provoque une situation in\u00e9dite et un recul des libert\u00e9s que nous n\u2019aurions jamais pu imaginer il y a une ann\u00e9e de cela&nbsp;: interdiction de quitter le territoire sans autorisation, interdiction de se d\u00e9placer au sein m\u00eame du territoire fran\u00e7ais sans justificatif, interdiction de se rassembler, obligation d\u2019avoir une attestation pour sortir de son domicile, obligation du port du masque dans tous les \u00e9tablissements accessibles au public voire \u00e0 l\u2019ext\u00e9rieur dans certaines villes\u2026<\/p>\n\n\n\n<p class=\"has-text-align-justify\">En prenant du recul, ces restrictions auxquelles la population s\u2019habitue progressivement depuis le premier confinement au printemps 2020 apparaissent comme relevant d\u2019une violence extr\u00eame. Ces libert\u00e9s qui nous ont \u00e9t\u00e9 soustraites avec une facilit\u00e9 d\u00e9concertante ont \u00e9t\u00e9 acquises par nos anc\u00eatres au prix de combats longs de plusieurs si\u00e8cles. Pensez \u00e0 la libert\u00e9 de commerce et d\u2019industrie, aujourd\u2019hui bafou\u00e9e par des fermetures dict\u00e9es selon un sens de la proportionnalit\u00e9 pour le moins discutable. L\u2019interdiction des d\u00e9placements dans le pays rappelle les passeports int\u00e9rieurs chinois et sovi\u00e9tiques. L\u2019interdiction pure et simple de sortir de chez soi sans \u00ab&nbsp;pr\u00e9texte valable&nbsp;\u00bb nous plonge dans un monde digne de <em>1984<\/em>. Les similarit\u00e9s de la dystopie d\u2019Orwell avec nos \u00c9tats post-modernes sont d\u00e9sormais admises par tous, y compris par des intellectuels ayant longtemps ni\u00e9 cette d\u00e9rive.<\/p>\n\n\n\n<p class=\"has-text-align-justify\">D\u2019aucuns consid\u00e8rent ces restrictions de libert\u00e9 justifi\u00e9es par la situation sanitaire exceptionnelle, d\u2019autres contestent leur bien-fond\u00e9. Tous y voient un risque de normalisation de cette situation en raison de la menace \u00e9pid\u00e9miologique brandie \u00e0 chaque tentative de contestation.<\/p>\n\n\n\n<p class=\"has-text-align-justify\">Car c\u2019est l\u00e0 le danger principal de ce type de crises lors desquelles l\u2019\u00e9tat d\u2019urgence prend la main et met entre parenth\u00e8se les m\u00e9canismes d\u00e9mocratiques d\u00e9j\u00e0 extr\u00eamement r\u00e9duits en temps normal. Les \u00e9lites \u00e0 la t\u00eate de l\u2019\u00c9tat ont la f\u00e2cheuse habitude de s\u2019accommoder rapidement \u00e0 leur marge de man\u0153uvre octroy\u00e9e par la situation d\u2019urgence. Sortir de la situation exceptionnelle n\u00e9cessite en effet un courage politique et un contre-pouvoir capable de brider l\u2019ex\u00e9cutif, qui se permet tout et ne se remet plus en question. Le contre-pouvoir actuel semble toutefois peu pr\u00e9occup\u00e9 par les libert\u00e9s et semble loin d\u2019\u00eatre en position de remettre en cause la politique du gouvernement. Le Rassemblement National, principal parti d\u2019opposition, n\u2019incarne pas non plus une v\u00e9ritable remise en cause de la cette gestion de crise.<\/p>\n\n\n\n<p class=\"has-text-align-justify\">\u00c0 l\u2019approche du mois de d\u00e9cembre, on se demande si l\u2019\u00c9tat \u00ab&nbsp;autorisera&nbsp;\u00bb le peuple \u00e0 f\u00eater No\u00ebl. Une situation ubuesque qui pr\u00eaterait \u00e0 rire si on ne constatait pas la docilit\u00e9 invraisemblable des peuples europ\u00e9ens. Si l\u2019\u00c9tat donne 5 jours pour f\u00eater No\u00ebl ce serait formidable, le peuple serait sans doute heureux d\u2019une telle d\u00e9cision&nbsp;! Rendez-vous compte&nbsp;: nous en sommes \u00e0 esp\u00e9rer de nos \u00c9tats un s\u00e9same pour pouvoir se r\u00e9unir en famille pour f\u00eater une tradition mill\u00e9naire, le tout sous pr\u00e9texte d\u2019une \u00e9pid\u00e9mie ne provoquant pour le moment aucune mortalit\u00e9 suppl\u00e9mentaire en comparaison des ann\u00e9es pr\u00e9c\u00e9dentes (!).<\/p>\n\n\n\n<p class=\"has-text-align-justify\">Cette situation pionni\u00e8re nous permet pour le moins de tirer deux le\u00e7ons. La premi\u00e8re est que le progr\u00e8s technologique donne des outils de contr\u00f4les sociaux \u00e0 l\u2019envergure sans pr\u00e9c\u00e9dent. Confiner la France enti\u00e8re aurait \u00e9t\u00e9 impossible sans les m\u00e9dias de masse permettant de diffuser la peur et les mesures de r\u00e9pression. De plus, le t\u00e9l\u00e9travail, consid\u00e9r\u00e9 par beaucoup comme une aubaine, a au contraire facilit\u00e9 la mise en place de ce syst\u00e8me de privation de libert\u00e9 g\u00e9n\u00e9ralis\u00e9. Le t\u00e9l\u00e9travail permet en effet d\u2019amortir le co\u00fbt \u00e9conomique de telles mesures&nbsp;et de garantir le fonctionnement d\u2019une grande partie de l\u2019\u00e9conomie tertiaris\u00e9e.<\/p>\n\n\n\n<p class=\"has-text-align-justify\">La deuxi\u00e8me le\u00e7on est que la peur du covid-19 terrorise apparemment moins les Fran\u00e7ais que la peur des mesures de r\u00e9pression, comprenez par l\u00e0 les fameux 135 euros d\u2019amende en cas de non-respect des sacro-saints \u00ab&nbsp;gestes barri\u00e8res&nbsp;\u00bb. Le masque est par exemple port\u00e9 par la plupart des gens pendant des jours et des semaines cons\u00e9cutives, ce qui est r\u00e9v\u00e9lateur&nbsp;: ils n\u2019en portent pas pour se prot\u00e9ger mais bien pour \u00e9viter les 135 euros&nbsp;ou les 1000 euros en cas de r\u00e9cidive&nbsp;qui planent au-dessus de leur t\u00eate. Les condamnations \u00e0 de la prison ferme pour non-respect du confinement sont devenues une r\u00e9alit\u00e9&nbsp;: pouvons-nous pr\u00e9tendre vivre dans un pays libre lors qu\u2019il est possible de passer deux mois sous les barreaux pour \u00eatre sorti de chez soi&nbsp;?<\/p>\n\n\n\n<p class=\"has-text-align-justify\">Les mesures sanitaires li\u00e9es au covid-19 ne sont toutefois que l\u2019une des facettes de ce glissement vers un \u00c9tat de plus en plus autoritaire et de moins en moins entich\u00e9 de la libert\u00e9. En particularit\u00e9 depuis l\u2019arriv\u00e9e au pouvoir d\u2019Emmanuel Macron, les offensives contre la libert\u00e9 et en particulier la libert\u00e9 d\u2019expression sont r\u00e9guli\u00e8res et de plus en plus ambitieuses. Le projet de loi \u00ab&nbsp;s\u00e9curit\u00e9 globale&nbsp;\u00bb fait craindre une acc\u00e9l\u00e9ration de cette tendance vers un contr\u00f4le de l\u2019information accru.<\/p>\n\n\n\n<p class=\"has-text-align-justify\">Le m\u00e9canisme l\u00e9gal n\u2019est toutefois pas la seule source de danger pour les libert\u00e9s individuelles. Des initiatives priv\u00e9es vont en effet bien plus loin&nbsp;: nous avons pu le constater avec le parti pris et la censure des m\u00e9dias lors du d\u00e9pouillement des voix de l\u2019\u00e9lection pr\u00e9sidentielle aux \u00c9tats-Unis. Sur le plan sanitaire, de nombreux a\u00e9roports internationaux collaborent sur la mise en place d\u2019un \u00ab&nbsp;passeport covid-19&nbsp;\u00bb qui permettrait au voyageur de montrer patte blanche au d\u00e9collage (et donc de refuser l\u2019acc\u00e8s aux personnes n\u2019\u00e9tant pas test\u00e9es en permanence). Certains imaginent d\u00e9j\u00e0 qu\u2019il faudra justifier le fait d\u2019\u00eatre vaccin\u00e9 pour acheter des tickets pour un concert ou un match de foot. Aujourd\u2019hui ces hypoth\u00e8ses vous paraissent peut-\u00eatre tir\u00e9es par les cheveux, mais qu\u2019auriez-vous dit un an en arri\u00e8re \u00e0 une personne vous expliquant qu\u2019un virus avec taux de mortalit\u00e9 de moins de 1% provoquerait des confinements g\u00e9n\u00e9ralis\u00e9s et une mise \u00e0 mort d\u2019une partie de l\u2019\u00e9conomie&nbsp;?<\/p>\n\n\n\n<p><\/p>\n\n\n\n<h2 class=\"wp-block-heading\"><span class=\"has-inline-color has-black-color\">SOURCES <\/span>:<\/h2>\n\n\n\n<p><\/p>\n\n\n\n<p><a href=\"https:\/\/www.bfmtv.com\/economie\/entreprises\/l-idee-d-un-passeport-covid-pour-prendre-l-avion-fait-son-chemin_AN-202010260148.html\">https:\/\/www.bfmtv.com\/economie\/entreprises\/l-idee-d-un-passeport-covid-pour-prendre-l-avion-fait-son-chemin_AN-202010260148.html<\/a><\/p>\n\n\n\n<p><a href=\"https:\/\/www.aokpass.com\/\">https:\/\/www.aokpass.com\/<\/a><\/p>\n\n\n\n<p><\/p>\n\n\n\n<p><\/p>\n\n\n\n<p><\/p>","protected":false},"excerpt":{"rendered":"<p>Renforcement du contr\u00f4le des r\u00e9seaux sociaux, mesures sanitaires liberticides, remise en cause de la libert\u00e9 d\u2019expression\u2026 Au cours des derni\u00e8res [&hellip;]<\/p>","protected":false},"author":4,"featured_media":3084,"comment_status":"open","ping_status":"open","sticky":false,"template":"","format":"standard","meta":{"_et_pb_use_builder":"off","_et_pb_old_content":"","_et_gb_content_width":"","_exactmetrics_skip_tracking":false,"_exactmetrics_sitenote_active":false,"_exactmetrics_sitenote_note":"","_exactmetrics_sitenote_category":0,"footnotes":""},"categories":[69,28],"tags":[68,29],"yoast_head":"<!-- This site is optimized with the Yoast SEO plugin v22.3 - https:\/\/yoast.com\/wordpress\/plugins\/seo\/ -->\n<title>Chronique des libert\u00e9s sacrifi\u00e9es #1 : Quand l&#039;Ouest devient l&#039;Est - The Conservative Enthusiast<\/title>\n<meta name=\"description\" content=\"\u27bd Chronique des libert\u00e9s sacrifi\u00e9es #1 sur TCE : La plateforme de r\u00e9information de partage et d&#039;apprentissage des conservateurs.\" \/>\n<meta name=\"robots\" content=\"index, follow, max-snippet:-1, max-image-preview:large, max-video-preview:-1\" \/>\n<link rel=\"canonical\" href=\"https:\/\/conservativenthusiast.com\/en\/chronique-des-libertes-sacrifiees-1\/\" \/>\n<meta property=\"og:locale\" content=\"en_GB\" \/>\n<meta property=\"og:type\" content=\"article\" \/>\n<meta property=\"og:title\" content=\"Chronique des libert\u00e9s sacrifi\u00e9es #1 : Quand l&#039;Ouest devient l&#039;Est - The Conservative Enthusiast\" \/>\n<meta property=\"og:description\" content=\"\u27bd Chronique des libert\u00e9s sacrifi\u00e9es #1 sur TCE : La plateforme de r\u00e9information de partage et d&#039;apprentissage des conservateurs.\" \/>\n<meta property=\"og:url\" content=\"https:\/\/conservativenthusiast.com\/en\/chronique-des-libertes-sacrifiees-1\/\" \/>\n<meta property=\"og:site_name\" content=\"The Conservative Enthusiast\" \/>\n<meta property=\"article:published_time\" content=\"2020-11-28T11:00:37+00:00\" \/>\n<meta property=\"article:modified_time\" content=\"2021-01-27T11:45:54+00:00\" \/>\n<meta property=\"og:image\" content=\"https:\/\/conservativenthusiast.com\/wp-content\/uploads\/2020\/11\/BANNIER-LIBERTES-SACRIFIEES-3.jpg\" \/>\n\t<meta property=\"og:image:width\" content=\"2400\" \/>\n\t<meta property=\"og:image:height\" content=\"1383\" \/>\n\t<meta property=\"og:image:type\" content=\"image\/jpeg\" \/>\n<meta name=\"author\" content=\"Sten Falk\" \/>\n<meta name=\"twitter:card\" content=\"summary_large_image\" \/>\n<meta name=\"twitter:label1\" content=\"Written by\" \/>\n\t<meta name=\"twitter:data1\" content=\"Sten Falk\" \/>\n\t<meta name=\"twitter:label2\" content=\"Estimated reading time\" \/>\n\t<meta name=\"twitter:data2\" content=\"5 minutes\" \/>\n<script type=\"application\/ld+json\" class=\"yoast-schema-graph\">{\"@context\":\"https:\/\/schema.org\",\"@graph\":[{\"@type\":\"Article\",\"@id\":\"https:\/\/conservativenthusiast.com\/chronique-des-libertes-sacrifiees-1\/#article\",\"isPartOf\":{\"@id\":\"https:\/\/conservativenthusiast.com\/chronique-des-libertes-sacrifiees-1\/\"},\"author\":{\"name\":\"Sten Falk\",\"@id\":\"https:\/\/conservativenthusiast.com\/#\/schema\/person\/f48033413ea9f9ccd391378d52902611\"},\"headline\":\"Chronique des libert\u00e9s sacrifi\u00e9es #1 : Quand l&#8217;Ouest devient l&#8217;Est\",\"datePublished\":\"2020-11-28T11:00:37+00:00\",\"dateModified\":\"2021-01-27T11:45:54+00:00\",\"mainEntityOfPage\":{\"@id\":\"https:\/\/conservativenthusiast.com\/chronique-des-libertes-sacrifiees-1\/\"},\"wordCount\":1303,\"commentCount\":5,\"publisher\":{\"@id\":\"https:\/\/conservativenthusiast.com\/#organization\"},\"image\":{\"@id\":\"https:\/\/conservativenthusiast.com\/chronique-des-libertes-sacrifiees-1\/#primaryimage\"},\"thumbnailUrl\":\"https:\/\/conservativenthusiast.com\/wp-content\/uploads\/2020\/11\/BANNIER-LIBERTES-SACRIFIEES-3.jpg\",\"keywords\":[\"Chronique des libert\u00e9s sacrifi\u00e9es\",\"Politique\"],\"articleSection\":[\"Chronique des Libert\u00e9s Sacrifi\u00e9es\",\"Politique\"],\"inLanguage\":\"en-GB\",\"potentialAction\":[{\"@type\":\"CommentAction\",\"name\":\"Comment\",\"target\":[\"https:\/\/conservativenthusiast.com\/chronique-des-libertes-sacrifiees-1\/#respond\"]}]},{\"@type\":\"WebPage\",\"@id\":\"https:\/\/conservativenthusiast.com\/chronique-des-libertes-sacrifiees-1\/\",\"url\":\"https:\/\/conservativenthusiast.com\/chronique-des-libertes-sacrifiees-1\/\",\"name\":\"Chronique des libert\u00e9s sacrifi\u00e9es #1 : Quand l'Ouest devient l'Est - The Conservative Enthusiast\",\"isPartOf\":{\"@id\":\"https:\/\/conservativenthusiast.com\/#website\"},\"primaryImageOfPage\":{\"@id\":\"https:\/\/conservativenthusiast.com\/chronique-des-libertes-sacrifiees-1\/#primaryimage\"},\"image\":{\"@id\":\"https:\/\/conservativenthusiast.com\/chronique-des-libertes-sacrifiees-1\/#primaryimage\"},\"thumbnailUrl\":\"https:\/\/conservativenthusiast.com\/wp-content\/uploads\/2020\/11\/BANNIER-LIBERTES-SACRIFIEES-3.jpg\",\"datePublished\":\"2020-11-28T11:00:37+00:00\",\"dateModified\":\"2021-01-27T11:45:54+00:00\",\"description\":\"\u27bd Chronique des libert\u00e9s sacrifi\u00e9es #1 sur TCE : La plateforme de r\u00e9information de partage et d'apprentissage des conservateurs.\",\"breadcrumb\":{\"@id\":\"https:\/\/conservativenthusiast.com\/chronique-des-libertes-sacrifiees-1\/#breadcrumb\"},\"inLanguage\":\"en-GB\",\"potentialAction\":[{\"@type\":\"ReadAction\",\"target\":[\"https:\/\/conservativenthusiast.com\/chronique-des-libertes-sacrifiees-1\/\"]}]},{\"@type\":\"ImageObject\",\"inLanguage\":\"en-GB\",\"@id\":\"https:\/\/conservativenthusiast.com\/chronique-des-libertes-sacrifiees-1\/#primaryimage\",\"url\":\"https:\/\/conservativenthusiast.com\/wp-content\/uploads\/2020\/11\/BANNIER-LIBERTES-SACRIFIEES-3.jpg\",\"contentUrl\":\"https:\/\/conservativenthusiast.com\/wp-content\/uploads\/2020\/11\/BANNIER-LIBERTES-SACRIFIEES-3.jpg\",\"width\":2400,\"height\":1383},{\"@type\":\"BreadcrumbList\",\"@id\":\"https:\/\/conservativenthusiast.com\/chronique-des-libertes-sacrifiees-1\/#breadcrumb\",\"itemListElement\":[{\"@type\":\"ListItem\",\"position\":1,\"name\":\"Accueil\",\"item\":\"https:\/\/conservativenthusiast.com\/\"},{\"@type\":\"ListItem\",\"position\":2,\"name\":\"Chronique des libert\u00e9s sacrifi\u00e9es #1 : Quand l&#8217;Ouest devient l&#8217;Est\"}]},{\"@type\":\"WebSite\",\"@id\":\"https:\/\/conservativenthusiast.com\/#website\",\"url\":\"https:\/\/conservativenthusiast.com\/\",\"name\":\"The Conservative Enthusiast\",\"description\":\"La plateforme de r\u00e9information, de partage et d&#039;apprentissage des conservateurs.\",\"publisher\":{\"@id\":\"https:\/\/conservativenthusiast.com\/#organization\"},\"potentialAction\":[{\"@type\":\"SearchAction\",\"target\":{\"@type\":\"EntryPoint\",\"urlTemplate\":\"https:\/\/conservativenthusiast.com\/?s={search_term_string}\"},\"query-input\":\"required name=search_term_string\"}],\"inLanguage\":\"en-GB\"},{\"@type\":\"Organization\",\"@id\":\"https:\/\/conservativenthusiast.com\/#organization\",\"name\":\"The Conservative Enthusiast\",\"url\":\"https:\/\/conservativenthusiast.com\/\",\"logo\":{\"@type\":\"ImageObject\",\"inLanguage\":\"en-GB\",\"@id\":\"https:\/\/conservativenthusiast.com\/#\/schema\/logo\/image\/\",\"url\":\"https:\/\/i0.wp.com\/conservativeenthusiast.com\/wp-content\/uploads\/2020\/06\/LOGO-CE-MINI.png?fit=3867%2C1180&ssl=1\",\"contentUrl\":\"https:\/\/i0.wp.com\/conservativeenthusiast.com\/wp-content\/uploads\/2020\/06\/LOGO-CE-MINI.png?fit=3867%2C1180&ssl=1\",\"width\":3867,\"height\":1180,\"caption\":\"The Conservative Enthusiast\"},\"image\":{\"@id\":\"https:\/\/conservativenthusiast.com\/#\/schema\/logo\/image\/\"}},{\"@type\":\"Person\",\"@id\":\"https:\/\/conservativenthusiast.com\/#\/schema\/person\/f48033413ea9f9ccd391378d52902611\",\"name\":\"Sten Falk\",\"image\":{\"@type\":\"ImageObject\",\"inLanguage\":\"en-GB\",\"@id\":\"https:\/\/conservativenthusiast.com\/#\/schema\/person\/image\/\",\"url\":\"https:\/\/secure.gravatar.com\/avatar\/7d4c65709da1f67261c308a9f60ae1fa?s=96&d=mm&r=g\",\"contentUrl\":\"https:\/\/secure.gravatar.com\/avatar\/7d4c65709da1f67261c308a9f60ae1fa?s=96&d=mm&r=g\",\"caption\":\"Sten Falk\"},\"description\":\"D\u00e9tenteur d'une ma\u00eetrise en science politique, Sten Falk ne se limite pas \u00e0 sa sp\u00e9cialit\u00e9 qu'est la politique. D\u2019une curiosit\u00e9 intellectuelle d\u00e9bordante, passionn\u00e9 de nature et amateur de style masculin classique, il apporte ses contributions dans de nombreuses rubriques de TCE. Consultez tous ses articles en cliquant sur son nom et suivez-le sur twitter en cliquant sur le logo ci-dessous. Voir notre \u00e9quipe.\",\"url\":\"https:\/\/conservativenthusiast.com\/en\/author\/sten-oden\/\"}]}<\/script>\n<!-- \/ Yoast SEO plugin. -->","yoast_head_json":{"title":"Chronique des libert\u00e9s sacrifi\u00e9es #1 : Quand l'Ouest devient l'Est - The Conservative Enthusiast","description":"\u27bd Chronique des libert\u00e9s sacrifi\u00e9es #1 sur TCE : La plateforme de r\u00e9information de partage et d'apprentissage des conservateurs.","robots":{"index":"index","follow":"follow","max-snippet":"max-snippet:-1","max-image-preview":"max-image-preview:large","max-video-preview":"max-video-preview:-1"},"canonical":"https:\/\/conservativenthusiast.com\/en\/chronique-des-libertes-sacrifiees-1\/","og_locale":"en_GB","og_type":"article","og_title":"Chronique des libert\u00e9s sacrifi\u00e9es #1 : Quand l'Ouest devient l'Est - The Conservative Enthusiast","og_description":"\u27bd Chronique des libert\u00e9s sacrifi\u00e9es #1 sur TCE : La plateforme de r\u00e9information de partage et d'apprentissage des conservateurs.","og_url":"https:\/\/conservativenthusiast.com\/en\/chronique-des-libertes-sacrifiees-1\/","og_site_name":"The Conservative Enthusiast","article_published_time":"2020-11-28T11:00:37+00:00","article_modified_time":"2021-01-27T11:45:54+00:00","og_image":[{"width":2400,"height":1383,"url":"https:\/\/conservativenthusiast.com\/wp-content\/uploads\/2020\/11\/BANNIER-LIBERTES-SACRIFIEES-3.jpg","type":"image\/jpeg"}],"author":"Sten Falk","twitter_card":"summary_large_image","twitter_misc":{"Written by":"Sten Falk","Estimated reading time":"5 minutes"},"schema":{"@context":"https:\/\/schema.org","@graph":[{"@type":"Article","@id":"https:\/\/conservativenthusiast.com\/chronique-des-libertes-sacrifiees-1\/#article","isPartOf":{"@id":"https:\/\/conservativenthusiast.com\/chronique-des-libertes-sacrifiees-1\/"},"author":{"name":"Sten Falk","@id":"https:\/\/conservativenthusiast.com\/#\/schema\/person\/f48033413ea9f9ccd391378d52902611"},"headline":"Chronique des libert\u00e9s sacrifi\u00e9es #1 : Quand l&#8217;Ouest devient l&#8217;Est","datePublished":"2020-11-28T11:00:37+00:00","dateModified":"2021-01-27T11:45:54+00:00","mainEntityOfPage":{"@id":"https:\/\/conservativenthusiast.com\/chronique-des-libertes-sacrifiees-1\/"},"wordCount":1303,"commentCount":5,"publisher":{"@id":"https:\/\/conservativenthusiast.com\/#organization"},"image":{"@id":"https:\/\/conservativenthusiast.com\/chronique-des-libertes-sacrifiees-1\/#primaryimage"},"thumbnailUrl":"https:\/\/conservativenthusiast.com\/wp-content\/uploads\/2020\/11\/BANNIER-LIBERTES-SACRIFIEES-3.jpg","keywords":["Chronique des libert\u00e9s sacrifi\u00e9es","Politique"],"articleSection":["Chronique des Libert\u00e9s Sacrifi\u00e9es","Politique"],"inLanguage":"en-GB","potentialAction":[{"@type":"CommentAction","name":"Comment","target":["https:\/\/conservativenthusiast.com\/chronique-des-libertes-sacrifiees-1\/#respond"]}]},{"@type":"WebPage","@id":"https:\/\/conservativenthusiast.com\/chronique-des-libertes-sacrifiees-1\/","url":"https:\/\/conservativenthusiast.com\/chronique-des-libertes-sacrifiees-1\/","name":"Chronique des libert\u00e9s sacrifi\u00e9es #1 : Quand l'Ouest devient l'Est - The Conservative Enthusiast","isPartOf":{"@id":"https:\/\/conservativenthusiast.com\/#website"},"primaryImageOfPage":{"@id":"https:\/\/conservativenthusiast.com\/chronique-des-libertes-sacrifiees-1\/#primaryimage"},"image":{"@id":"https:\/\/conservativenthusiast.com\/chronique-des-libertes-sacrifiees-1\/#primaryimage"},"thumbnailUrl":"https:\/\/conservativenthusiast.com\/wp-content\/uploads\/2020\/11\/BANNIER-LIBERTES-SACRIFIEES-3.jpg","datePublished":"2020-11-28T11:00:37+00:00","dateModified":"2021-01-27T11:45:54+00:00","description":"\u27bd Chronique des libert\u00e9s sacrifi\u00e9es #1 sur TCE : La plateforme de r\u00e9information de partage et d'apprentissage des conservateurs.","breadcrumb":{"@id":"https:\/\/conservativenthusiast.com\/chronique-des-libertes-sacrifiees-1\/#breadcrumb"},"inLanguage":"en-GB","potentialAction":[{"@type":"ReadAction","target":["https:\/\/conservativenthusiast.com\/chronique-des-libertes-sacrifiees-1\/"]}]},{"@type":"ImageObject","inLanguage":"en-GB","@id":"https:\/\/conservativenthusiast.com\/chronique-des-libertes-sacrifiees-1\/#primaryimage","url":"https:\/\/conservativenthusiast.com\/wp-content\/uploads\/2020\/11\/BANNIER-LIBERTES-SACRIFIEES-3.jpg","contentUrl":"https:\/\/conservativenthusiast.com\/wp-content\/uploads\/2020\/11\/BANNIER-LIBERTES-SACRIFIEES-3.jpg","width":2400,"height":1383},{"@type":"BreadcrumbList","@id":"https:\/\/conservativenthusiast.com\/chronique-des-libertes-sacrifiees-1\/#breadcrumb","itemListElement":[{"@type":"ListItem","position":1,"name":"Accueil","item":"https:\/\/conservativenthusiast.com\/"},{"@type":"ListItem","position":2,"name":"Chronique des libert\u00e9s sacrifi\u00e9es #1 : Quand l&#8217;Ouest devient l&#8217;Est"}]},{"@type":"WebSite","@id":"https:\/\/conservativenthusiast.com\/#website","url":"https:\/\/conservativenthusiast.com\/","name":"The Conservative Enthusiast","description":"La plateforme de r\u00e9information, de partage et d&#039;apprentissage des conservateurs.","publisher":{"@id":"https:\/\/conservativenthusiast.com\/#organization"},"potentialAction":[{"@type":"SearchAction","target":{"@type":"EntryPoint","urlTemplate":"https:\/\/conservativenthusiast.com\/?s={search_term_string}"},"query-input":"required name=search_term_string"}],"inLanguage":"en-GB"},{"@type":"Organization","@id":"https:\/\/conservativenthusiast.com\/#organization","name":"The Conservative Enthusiast","url":"https:\/\/conservativenthusiast.com\/","logo":{"@type":"ImageObject","inLanguage":"en-GB","@id":"https:\/\/conservativenthusiast.com\/#\/schema\/logo\/image\/","url":"https:\/\/i0.wp.com\/conservativeenthusiast.com\/wp-content\/uploads\/2020\/06\/LOGO-CE-MINI.png?fit=3867%2C1180&ssl=1","contentUrl":"https:\/\/i0.wp.com\/conservativeenthusiast.com\/wp-content\/uploads\/2020\/06\/LOGO-CE-MINI.png?fit=3867%2C1180&ssl=1","width":3867,"height":1180,"caption":"The Conservative Enthusiast"},"image":{"@id":"https:\/\/conservativenthusiast.com\/#\/schema\/logo\/image\/"}},{"@type":"Person","@id":"https:\/\/conservativenthusiast.com\/#\/schema\/person\/f48033413ea9f9ccd391378d52902611","name":"Sten Falk","image":{"@type":"ImageObject","inLanguage":"en-GB","@id":"https:\/\/conservativenthusiast.com\/#\/schema\/person\/image\/","url":"https:\/\/secure.gravatar.com\/avatar\/7d4c65709da1f67261c308a9f60ae1fa?s=96&d=mm&r=g","contentUrl":"https:\/\/secure.gravatar.com\/avatar\/7d4c65709da1f67261c308a9f60ae1fa?s=96&d=mm&r=g","caption":"Sten Falk"},"description":"D\u00e9tenteur d'une ma\u00eetrise en science politique, Sten Falk ne se limite pas \u00e0 sa sp\u00e9cialit\u00e9 qu'est la politique. D\u2019une curiosit\u00e9 intellectuelle d\u00e9bordante, passionn\u00e9 de nature et amateur de style masculin classique, il apporte ses contributions dans de nombreuses rubriques de TCE. Consultez tous ses articles en cliquant sur son nom et suivez-le sur twitter en cliquant sur le logo ci-dessous. Voir notre \u00e9quipe.","url":"https:\/\/conservativenthusiast.com\/en\/author\/sten-oden\/"}]}},"_links":{"self":[{"href":"https:\/\/conservativenthusiast.com\/en\/wp-json\/wp\/v2\/posts\/2988"}],"collection":[{"href":"https:\/\/conservativenthusiast.com\/en\/wp-json\/wp\/v2\/posts"}],"about":[{"href":"https:\/\/conservativenthusiast.com\/en\/wp-json\/wp\/v2\/types\/post"}],"author":[{"embeddable":true,"href":"https:\/\/conservativenthusiast.com\/en\/wp-json\/wp\/v2\/users\/4"}],"replies":[{"embeddable":true,"href":"https:\/\/conservativenthusiast.com\/en\/wp-json\/wp\/v2\/comments?post=2988"}],"version-history":[{"count":10,"href":"https:\/\/conservativenthusiast.com\/en\/wp-json\/wp\/v2\/posts\/2988\/revisions"}],"predecessor-version":[{"id":10981,"href":"https:\/\/conservativenthusiast.com\/en\/wp-json\/wp\/v2\/posts\/2988\/revisions\/10981"}],"wp:featuredmedia":[{"embeddable":true,"href":"https:\/\/conservativenthusiast.com\/en\/wp-json\/wp\/v2\/media\/3084"}],"wp:attachment":[{"href":"https:\/\/conservativenthusiast.com\/en\/wp-json\/wp\/v2\/media?parent=2988"}],"wp:term":[{"taxonomy":"category","embeddable":true,"href":"https:\/\/conservativenthusiast.com\/en\/wp-json\/wp\/v2\/categories?post=2988"},{"taxonomy":"post_tag","embeddable":true,"href":"https:\/\/conservativenthusiast.com\/en\/wp-json\/wp\/v2\/tags?post=2988"}],"curies":[{"name":"wp","href":"https:\/\/api.w.org\/{rel}","templated":true}]}}