{"id":2857,"date":"2020-11-14T14:37:38","date_gmt":"2020-11-14T13:37:38","guid":{"rendered":"https:\/\/conservativeenthusiast.com\/?p=2857"},"modified":"2020-11-14T22:19:48","modified_gmt":"2020-11-14T21:19:48","slug":"elegance-et-style-masculin-classique-le-retour-du-beau-commence-par-soi-meme","status":"publish","type":"post","link":"https:\/\/conservativenthusiast.com\/en\/elegance-et-style-masculin-classique-le-retour-du-beau-commence-par-soi-meme\/","title":{"rendered":"\u00c9l\u00e9gance et style masculin classique : Le retour du beau commence par soi-m\u00eame"},"content":{"rendered":"<p class=\"has-text-align-justify\">Force est de constater que nous vivons une \u00e9poque marqu\u00e9e par l\u2019avachissement des esprits et le r\u00e8gne de la laideur. Que ce soit d\u2019un point de vue artistique, architectural ou stylistique, le beau est malmen\u00e9 par un relativisme d\u00e9brid\u00e9. Dans les rues jalonn\u00e9es d\u2019\u00ab \u0153uvres d\u2019art\u00a0\u00bb parfois confondues avec des ordures, les hommes en jogging et baskets d\u00e9ambulent au milieu des blocs de b\u00e9ton \u00e0 l\u2019architecture fonctionnaliste. L&#8217;\u00e9l\u00e9gance et le style masculin classique sont une mani\u00e8re de r\u00e9sister \u00e0 la post-modernit\u00e9 abjecte.<\/p>\n\n\n\n<p><\/p>\n\n\n\n<h2 class=\"wp-block-heading\"><span class=\"has-inline-color has-black-color\">Dans une \u00e9poque domin\u00e9e par la laideur, le style est une fa\u00e7on d&#8217;incarner le retour du beau <\/span><\/h2>\n\n\n\n<p><\/p>\n\n\n\n<p><\/p>\n\n\n\n<p class=\"has-text-align-justify\">H\u00e9las, nous n\u2019avons individuellement qu\u2019un levier d\u2019action limit\u00e9 sur les choix urbanistiques et les tendances de l\u2019art contemporain. Reste, entre autres moyens d\u2019action, la mani\u00e8re dont nous d\u00e9cidons de nous pr\u00e9senter au monde. Prendre soin de son apparence et tendre vers l\u2019\u00e9l\u00e9gance est un effort que chacun peut entreprendre afin de participer au retour du beau. Paradoxalement, bien que notre \u00e9poque accorde une importance exacerb\u00e9e au paraitre et \u00e0 l\u2019apparence, la direction prise par la mode, et en particulier la mode masculine, semble au contraire tendre vers une sous-ench\u00e8re permanente et un nivellement par le bas. Fort heureusement, un contre-courant se manifeste depuis une dizaine d\u2019ann\u00e9e sous la forme d\u2019un engouement pour le style masculin classique et le style <em>sartorial, <\/em>dont nous vous avons parl\u00e9 pr\u00e9c\u00e9demment dans notre <a href=\"https:\/\/conservativenthusiast.com\/en\/introduction-a-lelegance-masculine\/\" target=\"_blank\" rel=\"noreferrer noopener\">Introduction \u00e0 l\u2019\u00e9l\u00e9gance masculine<\/a> et notre article sur le <a href=\"https:\/\/conservativenthusiast.com\/en\/sartorialisme-le-retour-de-lelegance\/\" target=\"_blank\" rel=\"noreferrer noopener\">sartorialisme et le retour de l&#8217;\u00e9l\u00e9gance<\/a>.<\/p>\n\n\n\n<p class=\"has-text-align-justify\">Dans ce nouvel article sur l&#8217;\u00e9l\u00e9gance, nous vous proposons quelques pistes pour am\u00e9liorer simplement votre style afin de participer \u00e0 votre \u00e9chelle au retour du beau que nous sommes nombreux \u00e0 pl\u00e9bisciter. D\u2019un point de vue pratique, il ne s\u2019agit pas de se pr\u00e9senter \u00e0 l\u2019amphith\u00e9\u00e2tre de l\u2019universit\u00e9 en costume trois pi\u00e8ces, ni de rev\u00eatir un smoking en alpaga lors de votre prochaine soir\u00e9e entre amis. L\u2019\u00e9l\u00e9gance, c\u2019est savoir s\u2019adapter \u00e0 son milieu tout en apportant un soin particulier \u00e0 relever d\u2019un cran le niveau vestimentaire auquel nous nous sommes habitu\u00e9s. L\u2019objectif n\u2019\u00e9tant pas d\u2019\u00eatre assimil\u00e9 \u00e0 un dandy eff\u00e9min\u00e9 mais \u00e0 un homme de go\u00fbt qui affiche une identit\u00e9 plus \u00e9labor\u00e9e en s\u2019appuyant sur un style classique.<\/p>\n\n\n\n<p><\/p>\n\n\n\n<h2 class=\"wp-block-heading\"><span class=\"has-inline-color has-black-color\">Le style comme marqueur identitaire<\/span><\/h2>\n\n\n\n<p><\/p>\n\n\n\n<p><\/p>\n\n\n\n<p class=\"has-text-align-justify\">Ce n\u2019est pas un <em>scoop<\/em>, le style vestimentaire est, et a toujours \u00e9t\u00e9, un moyen de montrer son appartenance \u00e0 un groupe et d\u2019afficher ses valeurs de mani\u00e8re plus ou moins subtile. Nous connaissons tous un \u00ab\u00a0\u00e9tudiant engag\u00e9\u00a0\u00bb portant fi\u00e8rement un <em>pin\u2019s<\/em> du Che sens\u00e9 le faire passer pour un r\u00e9volutionnaire en herbe, alors qu\u2019il ne s\u2019agit que d\u2019une certification ISO pour bien-pensant progressiste parfum\u00e9 \u00e0 la lutte pour les minorit\u00e9s opprim\u00e9es. Autre exemple\u00a0: un sarouel pour rappeler au monde qu\u2019on est dans le camp du <em>bien <\/em>et qu\u2019on s\u2019est engag\u00e9 en tant que b\u00e9n\u00e9vole humanitaire au B\u00e9nin ou un bonnet rasta qui, port\u00e9 par un blanc, marque le rejet de ses origines europ\u00e9ennes pour mieux embrasser la <em>diversit\u00e9<\/em>. \u00c0 l\u2019inverse, se distinguer en affichant un style classique montrera une appr\u00e9ciation des valeurs traditionnelles et conservatrices occidentales.<\/p>\n\n\n\n<p class=\"has-text-align-justify\">Le style vestimentaire classique marque \u00e9galement une distinction sexu\u00e9e qui est aujourd\u2019hui largement rejet\u00e9e au profit d\u2019un style <em>mainstream<\/em> androgyne de plus en plus indiff\u00e9renci\u00e9. Le costume, commun\u00e9ment appel\u00e9 <em>costard,<\/em> est une tenue qui assume pleinement son caract\u00e8re masculin&nbsp;: la veste met en valeur la silhouette gr\u00e2ce aux \u00e9paules structur\u00e9es et aux revers, renfor\u00e7ant la carrure de celui qui la porte. Ce v\u00eatement port\u00e9 par les hommes occidentaux dans sa forme actuelle depuis plus d\u2019un si\u00e8cle, est aujourd\u2019hui \u00e0 la limite d\u2019\u00eatre placard\u00e9 comme un symbole de la <em>masculinit\u00e9 toxique<\/em>. Raison de plus pour en porter. <\/p>\n\n\n\n<p><\/p>\n\n\n\n<div class=\"wp-block-image\"><figure class=\"aligncenter size-large\"><img decoding=\"async\" width=\"534\" height=\"720\" src=\"https:\/\/conservativenthusiast.com\/wp-content\/uploads\/2020\/11\/model112.jpg\" alt=\"\" class=\"wp-image-2870\" srcset=\"https:\/\/conservativenthusiast.com\/wp-content\/uploads\/2020\/11\/model112.jpg 534w, https:\/\/conservativenthusiast.com\/wp-content\/uploads\/2020\/11\/model112-480x647.jpg 480w\" sizes=\"(min-width: 0px) and (max-width: 480px) 480px, (min-width: 481px) 534px, 100vw\" \/><figcaption>La <em>masculinit\u00e9 toxique<\/em> \u00e0 son paroxysme<\/figcaption><\/figure><\/div>\n\n\n\n<p><\/p>\n\n\n\n<h2 class=\"wp-block-heading\"><span class=\"has-inline-color has-black-color\">Quelques pistes pour un style masculin classique affirm\u00e9 en fonction de son milieu<\/span><\/h2>\n\n\n\n<p><\/p>\n\n\n\n<p><\/p>\n\n\n\n<p><strong>Universit\u00e9s et Hautes \u00e9coles&nbsp;: le r\u00e8gne du <em>Casual<\/em><\/strong><\/p>\n\n\n\n<p class=\"has-text-align-justify\">Les codes vestimentaires sont fortement marqu\u00e9s par le contexte socio-culturel. Dans les milieux universitaires, le <em>casual <\/em>r\u00e8gne en ma\u00eetre et porter une veste de sport (blazer) est g\u00e9n\u00e9ralement l\u2019apanage des professeurs (lorsqu\u2019ils n\u2019arborent pas un t-shirt imprim\u00e9 avec une phrase sens\u00e9e les rendre <em>cool <\/em>and <em>accessibles<\/em>). \u00catre \u00e9l\u00e9gant \u00e0 l\u2019universit\u00e9 ou dans une haute \u00e9cole ne demande donc qu\u2019un effort minimal&nbsp;: porter des chemises informelles ou des polos \u00e0 la place de t-shirts vous distinguera d\u00e9j\u00e0 de la masse. Vous pouvez \u00e9galement privil\u00e9gier les cols roul\u00e9s, les pantalons en laine, les chinos en coton, les chaussures en cuir et les baskets blanches minimalistes plut\u00f4t que les jeans et sweatshirts.<\/p>\n\n\n\n<p class=\"has-text-align-justify\">Deux conseils g\u00e9n\u00e9raux et simples&nbsp;: \u00e9vitez le noir et privil\u00e9giez les mati\u00e8res naturelles. Le noir est un pi\u00e8ge \u00e0 \u00e9viter car basique et peu flatteur pour votre carrure. En plus d&#8217;\u00eatre salissant, il absorbe la couleur et ne met pas en valeur le teint de votre peau. Privil\u00e9giez dans un premier temps les couleurs classiques telles que les bruns, beiges, gris, et les bleus.  <\/p>\n\n\n\n<p class=\"has-text-align-justify\">Les mati\u00e8res naturelles, en plus d\u2019\u00eatre plus esth\u00e9tiques, sont quant \u00e0 elles beaucoup plus confortables \u00e0 porter. Elles sont \u00e9galement plus durables et moins n\u00e9fastes pour l&#8217;environnement. De plus, une composition naturelle (laine, coton, lin, soie) est souvent un gage de qualit\u00e9 qui rime souvent avec un savoir-faire et une fabrication europ\u00e9enne. Une pi\u00e8ce forte facile \u00e0 porter qui allie g\u00e9n\u00e9ralement ces deux qualit\u00e9s telle que le manteau en laine, rel\u00e8vera tout de suite le niveau tout en se mariant facilement avec une tenue plus d\u00e9contract\u00e9e.<\/p>\n\n\n\n<p><\/p>\n\n\n\n<p><strong>Le <em>Business Casual<\/em><\/strong><\/p>\n\n\n\n<p class=\"has-text-align-justify\">Aujourd\u2019hui le <em>dress code<\/em> du costume-cravate, autrefois la norme dans la plupart des bureaux, ne survit que dans les \u00e9tudes d\u2019avocat et certaines banques. Le <em>business casual<\/em>, subtil m\u00e9lange de formalisme et de d\u00e9contraction, a pris la main dans la majorit\u00e9 des entreprises.<\/p>\n\n\n\n<p><\/p>\n\n\n\n<div class=\"wp-block-image\"><figure class=\"aligncenter size-large is-resized\"><img decoding=\"async\" src=\"https:\/\/conservativenthusiast.com\/wp-content\/uploads\/2020\/11\/tenue-business-casual-683x1024.jpg\" alt=\"\" class=\"wp-image-2863\" width=\"362\" height=\"542\" srcset=\"https:\/\/conservativenthusiast.com\/wp-content\/uploads\/2020\/11\/tenue-business-casual-683x1024.jpg 683w, https:\/\/conservativenthusiast.com\/wp-content\/uploads\/2020\/11\/tenue-business-casual-200x300.jpg 200w, https:\/\/conservativenthusiast.com\/wp-content\/uploads\/2020\/11\/tenue-business-casual-768x1152.jpg 768w, https:\/\/conservativenthusiast.com\/wp-content\/uploads\/2020\/11\/tenue-business-casual-1024x1536.jpg 1024w, https:\/\/conservativenthusiast.com\/wp-content\/uploads\/2020\/11\/tenue-business-casual-1365x2048.jpg 1365w, https:\/\/conservativenthusiast.com\/wp-content\/uploads\/2020\/11\/tenue-business-casual-1080x1620.jpg 1080w, https:\/\/conservativenthusiast.com\/wp-content\/uploads\/2020\/11\/tenue-business-casual-1280x1920.jpg 1280w, https:\/\/conservativenthusiast.com\/wp-content\/uploads\/2020\/11\/tenue-business-casual-980x1470.jpg 980w, https:\/\/conservativenthusiast.com\/wp-content\/uploads\/2020\/11\/tenue-business-casual-480x720.jpg 480w, https:\/\/conservativenthusiast.com\/wp-content\/uploads\/2020\/11\/tenue-business-casual-scaled.jpg 1707w\" sizes=\"(max-width: 362px) 100vw, 362px\" \/><figcaption>Les tenues <em>business casual <\/em>permettent une libert\u00e9 stylistique appr\u00e9ciable<\/figcaption><\/figure><\/div>\n\n\n\n<p class=\"has-text-align-justify\">Dans un milieu professionnel o\u00f9 le <em>business casual<\/em> est la r\u00e8gle, de belles chaussures en cuir lisse mettront facilement en valeur votre tenue. Deuxi\u00e8me conseil&nbsp;: n\u2019h\u00e9sitez pas \u00e0 porter une cravate de mani\u00e8re occasionnelle. En effet, depuis que les cravates ont disparu de la plupart des bureaux, elles prennent tout leur sens en devenant un v\u00e9ritable marqueur de style et non plus un accessoire contraignant car obligatoire. Pour ne pas pousser le formalisme trop loin, privil\u00e9giez des cravates \u00e0 motifs ou avec des mati\u00e8res moins formelles que la soie pure, comme par exemple la laine ou les m\u00e9langes avec du lin, du coton et de la soie. <\/p>\n\n\n\n<p><\/p>\n\n\n\n<div class=\"wp-block-image\"><figure class=\"aligncenter size-large is-resized\"><img decoding=\"async\" src=\"https:\/\/conservativenthusiast.com\/wp-content\/uploads\/2020\/11\/chaussures-double-boucles-1024x684.jpg\" alt=\"\" class=\"wp-image-2861\" width=\"693\" height=\"463\" srcset=\"https:\/\/conservativenthusiast.com\/wp-content\/uploads\/2020\/11\/chaussures-double-boucles-1024x684.jpg 1024w, https:\/\/conservativenthusiast.com\/wp-content\/uploads\/2020\/11\/chaussures-double-boucles-300x200.jpg 300w, https:\/\/conservativenthusiast.com\/wp-content\/uploads\/2020\/11\/chaussures-double-boucles-768x513.jpg 768w, https:\/\/conservativenthusiast.com\/wp-content\/uploads\/2020\/11\/chaussures-double-boucles-1536x1025.jpg 1536w, https:\/\/conservativenthusiast.com\/wp-content\/uploads\/2020\/11\/chaussures-double-boucles-2048x1367.jpg 2048w, https:\/\/conservativenthusiast.com\/wp-content\/uploads\/2020\/11\/chaussures-double-boucles-1080x721.jpg 1080w, https:\/\/conservativenthusiast.com\/wp-content\/uploads\/2020\/11\/chaussures-double-boucles-1280x855.jpg 1280w, https:\/\/conservativenthusiast.com\/wp-content\/uploads\/2020\/11\/chaussures-double-boucles-980x654.jpg 980w, https:\/\/conservativenthusiast.com\/wp-content\/uploads\/2020\/11\/chaussures-double-boucles-480x320.jpg 480w\" sizes=\"(max-width: 693px) 100vw, 693px\" \/><figcaption>Une paire de souliers dit &#8220;double boucles&#8221; se porte aussi bien avec un costume qu&#8217;avec une veste de sport<\/figcaption><\/figure><\/div>\n\n\n\n<p class=\"has-text-align-justify\">Les pochettes sont \u00e9galement une option pour compl\u00e9menter un style <em>business casual<\/em> standard compos\u00e9 d\u2019un chino et d\u2019une veste de sport. Une pochette est un petit mouchoir, habituellement en soie ou en laine, que l\u2019on glisse dans la poche poitrine et qui permet d\u2019apporter une touche d\u2019\u00e9l\u00e9gance \u00e0 n\u2019importe quelle veste un peu banale.<\/p>\n\n\n\n<p class=\"has-text-align-justify\">Pour ce qui est d\u2019habiller les jambes, des pantalons \u00e0 pinces permettent de rehausser l\u2019\u00e9l\u00e9gance d\u2019une tenue avec une touche <em>sartoriale<\/em> que les connaisseurs ne manqueront pas d\u2019appr\u00e9cier. De plus, le confort des pantalons \u00e0 pince \u00e0 taille haute est royal en comparaison des pantalons <em>slim<\/em> qui pullulent aujourd\u2019hui dans les rayons. Pour creuser le sujet des pantalons habill\u00e9s, rien de mieux que l&#8217;<a href=\"https:\/\/jamaisvulgaire.com\/trouver-son-style-blog\/bien-s-habiller\/guide-ultime-pantalon-habille-gurkha\/\" target=\"_blank\" rel=\"noreferrer noopener\">article de Jamais Vulgaire<\/a> que nous vous recommandons chaudement.<\/p>\n\n\n\n<p><\/p>\n\n\n\n<h2 class=\"wp-block-heading\"><span class=\"has-inline-color has-black-color\">Pour aller plus loin&#8230;<\/span><\/h2>\n\n\n\n<p><\/p>\n\n\n\n<p><\/p>\n\n\n\n<p class=\"has-text-align-justify\">Ces quelques conseils pratiques ne sont que des pistes pour participer \u00e0 son \u00e9chelle au retour du beau et \u00e0 la promotion de l\u2019\u00e9l\u00e9gance et du style masculin classique. Dans une \u00e9poque o\u00f9 l\u2019apparence rev\u00eat une importance capitale, il vaut la peine de r\u00e9fl\u00e9chir consciemment \u00e0 la mani\u00e8re dont l\u2019on se pr\u00e9sente au monde car cela en dit long sur ce que nous sommes et ce que nous voulons \u00eatre.<\/p>\n\n\n\n<p class=\"has-text-align-justify\">Pour aller plus loin, n\u2019h\u00e9sitez pas \u00e0 consulter notre rubrique <a href=\"https:\/\/conservativenthusiast.com\/en\/category\/elegance\/\" target=\"_blank\" rel=\"noreferrer noopener\">Elegance<\/a> ainsi que nos pr\u00e9c\u00e9dents articles tels que l&#8217;<a href=\"https:\/\/conservativenthusiast.com\/en\/introduction-a-lelegance-masculine\/\" target=\"_blank\" rel=\"noreferrer noopener\">Introduction \u00e0 l\u2019\u00e9l\u00e9gance masculine<\/a> ou notre article sur le <a href=\"https:\/\/conservativenthusiast.com\/en\/sartorialisme-le-retour-de-lelegance\/\" target=\"_blank\" rel=\"noreferrer noopener\">sartorialisme et le retour de l&#8217;\u00e9l\u00e9gance<\/a>. Afin de ne pas manquer nos prochains articles sur le sujet nous vous invitons \u00e9galement \u00e0 vous inscire \u00e0 notre newsletter en cochant la rubrique Elegance dans la colonne de droite. Nous avons \u00e9galement une page instagram d\u00e9di\u00e9e \u00e0 l&#8217;\u00e9l\u00e9gance masculine classique intitul\u00e9e <a href=\"https:\/\/www.instagram.com\/the.sartorial.circle\/\" target=\"_blank\" rel=\"noreferrer noopener\">The Sartorial Circle<\/a> sur laquelle nous partageons du contenu sur-mesure. <\/p>\n\n\n\n<p class=\"has-text-align-justify\">En sus, voici quelques recommandations d&#8217;autres sources d\u2019information pour en apprendre davantage ainsi que quelques recommandations de marques que nous appr\u00e9cions chez The Conservative Enthusiast et qui ont la particularit\u00e9 de faire fabriquer leurs pi\u00e8ces en Europe. <\/p>\n\n\n\n<p><\/p>\n\n\n\n<p><strong>En apprendre plus sur l&#8217;\u00e9l\u00e9gance et le style masculin classique :<\/strong><\/p>\n\n\n\n<p>bloggeurs<\/p>\n\n\n\n<ul><li><a href=\"https:\/\/parisiangentleman.fr\/\" target=\"_blank\" rel=\"noreferrer noopener\">Parisian Gentleman<\/a>, une r\u00e9f\u00e9rence sur l&#8217;art tailleur et le style classique<\/li><li><a href=\"https:\/\/jamaisvulgaire.com\/\" target=\"_blank\" rel=\"noreferrer noopener\">Jamais Vulgaire<\/a>, un blog de mode masculine que l&#8217;on appr\u00e9cie \u00e9galement beaucoup<\/li><\/ul>\n\n\n\n<p><strong>Marques<\/strong> : <\/p>\n\n\n\n<ul><li><a href=\"https:\/\/www.piniparma.com\/?lang=fr\" target=\"_blank\" rel=\"noreferrer noopener\">Pini Parma<\/a>, pour un style italien <em>rac\u00e9<\/em> avec notamment de beaux pantalons.<\/li><li><a href=\"https:\/\/natalino.co\/\" target=\"_blank\" rel=\"noreferrer noopener\">Natalino<\/a>, une marque fabriquant de tr\u00e8s beaux pantalons \u00e0 pinces au Portugal et en Italie.<\/li><li><a href=\"https:\/\/www.walkerslater.com\/\" target=\"_blank\" rel=\"noreferrer noopener\">Walker Slater<\/a>, pour leurs v\u00eatements en tweed de tr\u00e8s bonne qualit\u00e9.<\/li><li><a href=\"https:\/\/orbans.fr\/fr\/\" target=\"_blank\" rel=\"noreferrer noopener\">Orbans<\/a> pour des souliers classiques au rapport qualit\u00e9\/prix imbattable<\/li><\/ul>\n\n\n\n<p><\/p>","protected":false},"excerpt":{"rendered":"<p>Force est de constater que nous vivons une \u00e9poque marqu\u00e9e par l\u2019avachissement des esprits et le r\u00e8gne de la laideur. [&hellip;]<\/p>","protected":false},"author":4,"featured_media":2878,"comment_status":"open","ping_status":"open","sticky":false,"template":"","format":"standard","meta":{"_et_pb_use_builder":"off","_et_pb_old_content":"","_et_gb_content_width":"","_exactmetrics_skip_tracking":false,"_exactmetrics_sitenote_active":false,"_exactmetrics_sitenote_note":"","_exactmetrics_sitenote_category":0,"footnotes":""},"categories":[5],"tags":[15],"yoast_head":"<!-- This site is optimized with the Yoast SEO plugin v22.3 - https:\/\/yoast.com\/wordpress\/plugins\/seo\/ -->\n<title>\u00c9l\u00e9gance et style masculin classique : Le retour du beau commence par soi-m\u00eame - The Conservative Enthusiast<\/title>\n<meta name=\"description\" content=\"\u27bd D\u00e9couvrez notre article sur l&#039;\u00e9l\u00e9gance, le style masculin classique sur The Conservative Enthusiast : la plateforme des conservateurs.\" \/>\n<meta name=\"robots\" content=\"index, follow, max-snippet:-1, max-image-preview:large, max-video-preview:-1\" \/>\n<link rel=\"canonical\" href=\"https:\/\/conservativenthusiast.com\/en\/elegance-et-style-masculin-classique-le-retour-du-beau-commence-par-soi-meme\/\" \/>\n<meta property=\"og:locale\" content=\"en_GB\" \/>\n<meta property=\"og:type\" content=\"article\" \/>\n<meta property=\"og:title\" content=\"\u00c9l\u00e9gance et style masculin classique : Le retour du beau commence par soi-m\u00eame - The Conservative Enthusiast\" \/>\n<meta property=\"og:description\" content=\"\u27bd D\u00e9couvrez notre article sur l&#039;\u00e9l\u00e9gance, le style masculin classique sur The Conservative Enthusiast : la plateforme des conservateurs.\" \/>\n<meta property=\"og:url\" content=\"https:\/\/conservativenthusiast.com\/en\/elegance-et-style-masculin-classique-le-retour-du-beau-commence-par-soi-meme\/\" \/>\n<meta property=\"og:site_name\" content=\"The Conservative Enthusiast\" \/>\n<meta property=\"article:published_time\" content=\"2020-11-14T13:37:38+00:00\" \/>\n<meta property=\"article:modified_time\" content=\"2020-11-14T21:19:48+00:00\" \/>\n<meta property=\"og:image\" content=\"https:\/\/conservativenthusiast.com\/wp-content\/uploads\/2020\/11\/benjamin-rascoe-rnV9Y5_EbJs-unsplash-1_edited-scaled.jpg\" \/>\n\t<meta property=\"og:image:width\" content=\"2560\" \/>\n\t<meta property=\"og:image:height\" content=\"1438\" \/>\n\t<meta property=\"og:image:type\" content=\"image\/jpeg\" \/>\n<meta name=\"author\" content=\"Sten Falk\" \/>\n<meta name=\"twitter:card\" content=\"summary_large_image\" \/>\n<meta name=\"twitter:label1\" content=\"Written by\" \/>\n\t<meta name=\"twitter:data1\" content=\"Sten Falk\" \/>\n\t<meta name=\"twitter:label2\" content=\"Estimated reading time\" \/>\n\t<meta name=\"twitter:data2\" content=\"8 minutes\" \/>\n<script type=\"application\/ld+json\" class=\"yoast-schema-graph\">{\"@context\":\"https:\/\/schema.org\",\"@graph\":[{\"@type\":\"Article\",\"@id\":\"https:\/\/conservativenthusiast.com\/en\/elegance-et-style-masculin-classique-le-retour-du-beau-commence-par-soi-meme\/#article\",\"isPartOf\":{\"@id\":\"https:\/\/conservativenthusiast.com\/en\/elegance-et-style-masculin-classique-le-retour-du-beau-commence-par-soi-meme\/\"},\"author\":{\"name\":\"Sten Falk\",\"@id\":\"https:\/\/conservativenthusiast.com\/#\/schema\/person\/f48033413ea9f9ccd391378d52902611\"},\"headline\":\"\u00c9l\u00e9gance et style masculin classique : Le retour du beau commence par soi-m\u00eame\",\"datePublished\":\"2020-11-14T13:37:38+00:00\",\"dateModified\":\"2020-11-14T21:19:48+00:00\",\"mainEntityOfPage\":{\"@id\":\"https:\/\/conservativenthusiast.com\/en\/elegance-et-style-masculin-classique-le-retour-du-beau-commence-par-soi-meme\/\"},\"wordCount\":1661,\"commentCount\":4,\"publisher\":{\"@id\":\"https:\/\/conservativenthusiast.com\/#organization\"},\"image\":{\"@id\":\"https:\/\/conservativenthusiast.com\/en\/elegance-et-style-masculin-classique-le-retour-du-beau-commence-par-soi-meme\/#primaryimage\"},\"thumbnailUrl\":\"https:\/\/conservativenthusiast.com\/wp-content\/uploads\/2020\/11\/benjamin-rascoe-rnV9Y5_EbJs-unsplash-1_edited-scaled.jpg\",\"keywords\":[\"\u00c9l\u00e9gance\"],\"articleSection\":[\"\u00c9l\u00e9gance\"],\"inLanguage\":\"en-GB\",\"potentialAction\":[{\"@type\":\"CommentAction\",\"name\":\"Comment\",\"target\":[\"https:\/\/conservativenthusiast.com\/en\/elegance-et-style-masculin-classique-le-retour-du-beau-commence-par-soi-meme\/#respond\"]}]},{\"@type\":\"WebPage\",\"@id\":\"https:\/\/conservativenthusiast.com\/en\/elegance-et-style-masculin-classique-le-retour-du-beau-commence-par-soi-meme\/\",\"url\":\"https:\/\/conservativenthusiast.com\/en\/elegance-et-style-masculin-classique-le-retour-du-beau-commence-par-soi-meme\/\",\"name\":\"\u00c9l\u00e9gance et style masculin classique : Le retour du beau commence par soi-m\u00eame - The Conservative Enthusiast\",\"isPartOf\":{\"@id\":\"https:\/\/conservativenthusiast.com\/#website\"},\"primaryImageOfPage\":{\"@id\":\"https:\/\/conservativenthusiast.com\/en\/elegance-et-style-masculin-classique-le-retour-du-beau-commence-par-soi-meme\/#primaryimage\"},\"image\":{\"@id\":\"https:\/\/conservativenthusiast.com\/en\/elegance-et-style-masculin-classique-le-retour-du-beau-commence-par-soi-meme\/#primaryimage\"},\"thumbnailUrl\":\"https:\/\/conservativenthusiast.com\/wp-content\/uploads\/2020\/11\/benjamin-rascoe-rnV9Y5_EbJs-unsplash-1_edited-scaled.jpg\",\"datePublished\":\"2020-11-14T13:37:38+00:00\",\"dateModified\":\"2020-11-14T21:19:48+00:00\",\"description\":\"\u27bd D\u00e9couvrez notre article sur l'\u00e9l\u00e9gance, le style masculin classique sur The Conservative Enthusiast : la plateforme des conservateurs.\",\"breadcrumb\":{\"@id\":\"https:\/\/conservativenthusiast.com\/en\/elegance-et-style-masculin-classique-le-retour-du-beau-commence-par-soi-meme\/#breadcrumb\"},\"inLanguage\":\"en-GB\",\"potentialAction\":[{\"@type\":\"ReadAction\",\"target\":[\"https:\/\/conservativenthusiast.com\/en\/elegance-et-style-masculin-classique-le-retour-du-beau-commence-par-soi-meme\/\"]}]},{\"@type\":\"ImageObject\",\"inLanguage\":\"en-GB\",\"@id\":\"https:\/\/conservativenthusiast.com\/en\/elegance-et-style-masculin-classique-le-retour-du-beau-commence-par-soi-meme\/#primaryimage\",\"url\":\"https:\/\/conservativenthusiast.com\/wp-content\/uploads\/2020\/11\/benjamin-rascoe-rnV9Y5_EbJs-unsplash-1_edited-scaled.jpg\",\"contentUrl\":\"https:\/\/conservativenthusiast.com\/wp-content\/uploads\/2020\/11\/benjamin-rascoe-rnV9Y5_EbJs-unsplash-1_edited-scaled.jpg\",\"width\":2560,\"height\":1438,\"caption\":\"\u00e9l\u00e9gance style masculin classique The Conservative Enthusiast\"},{\"@type\":\"BreadcrumbList\",\"@id\":\"https:\/\/conservativenthusiast.com\/en\/elegance-et-style-masculin-classique-le-retour-du-beau-commence-par-soi-meme\/#breadcrumb\",\"itemListElement\":[{\"@type\":\"ListItem\",\"position\":1,\"name\":\"Accueil\",\"item\":\"https:\/\/conservativenthusiast.com\/\"},{\"@type\":\"ListItem\",\"position\":2,\"name\":\"\u00c9l\u00e9gance et style masculin classique : Le retour du beau commence par soi-m\u00eame\"}]},{\"@type\":\"WebSite\",\"@id\":\"https:\/\/conservativenthusiast.com\/#website\",\"url\":\"https:\/\/conservativenthusiast.com\/\",\"name\":\"The Conservative Enthusiast\",\"description\":\"La plateforme de r\u00e9information, de partage et d&#039;apprentissage des conservateurs.\",\"publisher\":{\"@id\":\"https:\/\/conservativenthusiast.com\/#organization\"},\"potentialAction\":[{\"@type\":\"SearchAction\",\"target\":{\"@type\":\"EntryPoint\",\"urlTemplate\":\"https:\/\/conservativenthusiast.com\/?s={search_term_string}\"},\"query-input\":\"required name=search_term_string\"}],\"inLanguage\":\"en-GB\"},{\"@type\":\"Organization\",\"@id\":\"https:\/\/conservativenthusiast.com\/#organization\",\"name\":\"The Conservative Enthusiast\",\"url\":\"https:\/\/conservativenthusiast.com\/\",\"logo\":{\"@type\":\"ImageObject\",\"inLanguage\":\"en-GB\",\"@id\":\"https:\/\/conservativenthusiast.com\/#\/schema\/logo\/image\/\",\"url\":\"https:\/\/i0.wp.com\/conservativeenthusiast.com\/wp-content\/uploads\/2020\/06\/LOGO-CE-MINI.png?fit=3867%2C1180&ssl=1\",\"contentUrl\":\"https:\/\/i0.wp.com\/conservativeenthusiast.com\/wp-content\/uploads\/2020\/06\/LOGO-CE-MINI.png?fit=3867%2C1180&ssl=1\",\"width\":3867,\"height\":1180,\"caption\":\"The Conservative Enthusiast\"},\"image\":{\"@id\":\"https:\/\/conservativenthusiast.com\/#\/schema\/logo\/image\/\"}},{\"@type\":\"Person\",\"@id\":\"https:\/\/conservativenthusiast.com\/#\/schema\/person\/f48033413ea9f9ccd391378d52902611\",\"name\":\"Sten Falk\",\"image\":{\"@type\":\"ImageObject\",\"inLanguage\":\"en-GB\",\"@id\":\"https:\/\/conservativenthusiast.com\/#\/schema\/person\/image\/\",\"url\":\"https:\/\/secure.gravatar.com\/avatar\/7d4c65709da1f67261c308a9f60ae1fa?s=96&d=mm&r=g\",\"contentUrl\":\"https:\/\/secure.gravatar.com\/avatar\/7d4c65709da1f67261c308a9f60ae1fa?s=96&d=mm&r=g\",\"caption\":\"Sten Falk\"},\"description\":\"D\u00e9tenteur d'une ma\u00eetrise en science politique, Sten Falk ne se limite pas \u00e0 sa sp\u00e9cialit\u00e9 qu'est la politique. D\u2019une curiosit\u00e9 intellectuelle d\u00e9bordante, passionn\u00e9 de nature et amateur de style masculin classique, il apporte ses contributions dans de nombreuses rubriques de TCE. Consultez tous ses articles en cliquant sur son nom et suivez-le sur twitter en cliquant sur le logo ci-dessous. Voir notre \u00e9quipe.\",\"url\":\"https:\/\/conservativenthusiast.com\/en\/author\/sten-oden\/\"}]}<\/script>\n<!-- \/ Yoast SEO plugin. -->","yoast_head_json":{"title":"\u00c9l\u00e9gance et style masculin classique : Le retour du beau commence par soi-m\u00eame - The Conservative Enthusiast","description":"\u27bd D\u00e9couvrez notre article sur l'\u00e9l\u00e9gance, le style masculin classique sur The Conservative Enthusiast : la plateforme des conservateurs.","robots":{"index":"index","follow":"follow","max-snippet":"max-snippet:-1","max-image-preview":"max-image-preview:large","max-video-preview":"max-video-preview:-1"},"canonical":"https:\/\/conservativenthusiast.com\/en\/elegance-et-style-masculin-classique-le-retour-du-beau-commence-par-soi-meme\/","og_locale":"en_GB","og_type":"article","og_title":"\u00c9l\u00e9gance et style masculin classique : Le retour du beau commence par soi-m\u00eame - The Conservative Enthusiast","og_description":"\u27bd D\u00e9couvrez notre article sur l'\u00e9l\u00e9gance, le style masculin classique sur The Conservative Enthusiast : la plateforme des conservateurs.","og_url":"https:\/\/conservativenthusiast.com\/en\/elegance-et-style-masculin-classique-le-retour-du-beau-commence-par-soi-meme\/","og_site_name":"The Conservative Enthusiast","article_published_time":"2020-11-14T13:37:38+00:00","article_modified_time":"2020-11-14T21:19:48+00:00","og_image":[{"width":2560,"height":1438,"url":"https:\/\/conservativenthusiast.com\/wp-content\/uploads\/2020\/11\/benjamin-rascoe-rnV9Y5_EbJs-unsplash-1_edited-scaled.jpg","type":"image\/jpeg"}],"author":"Sten Falk","twitter_card":"summary_large_image","twitter_misc":{"Written by":"Sten Falk","Estimated reading time":"8 minutes"},"schema":{"@context":"https:\/\/schema.org","@graph":[{"@type":"Article","@id":"https:\/\/conservativenthusiast.com\/en\/elegance-et-style-masculin-classique-le-retour-du-beau-commence-par-soi-meme\/#article","isPartOf":{"@id":"https:\/\/conservativenthusiast.com\/en\/elegance-et-style-masculin-classique-le-retour-du-beau-commence-par-soi-meme\/"},"author":{"name":"Sten Falk","@id":"https:\/\/conservativenthusiast.com\/#\/schema\/person\/f48033413ea9f9ccd391378d52902611"},"headline":"\u00c9l\u00e9gance et style masculin classique : Le retour du beau commence par soi-m\u00eame","datePublished":"2020-11-14T13:37:38+00:00","dateModified":"2020-11-14T21:19:48+00:00","mainEntityOfPage":{"@id":"https:\/\/conservativenthusiast.com\/en\/elegance-et-style-masculin-classique-le-retour-du-beau-commence-par-soi-meme\/"},"wordCount":1661,"commentCount":4,"publisher":{"@id":"https:\/\/conservativenthusiast.com\/#organization"},"image":{"@id":"https:\/\/conservativenthusiast.com\/en\/elegance-et-style-masculin-classique-le-retour-du-beau-commence-par-soi-meme\/#primaryimage"},"thumbnailUrl":"https:\/\/conservativenthusiast.com\/wp-content\/uploads\/2020\/11\/benjamin-rascoe-rnV9Y5_EbJs-unsplash-1_edited-scaled.jpg","keywords":["\u00c9l\u00e9gance"],"articleSection":["\u00c9l\u00e9gance"],"inLanguage":"en-GB","potentialAction":[{"@type":"CommentAction","name":"Comment","target":["https:\/\/conservativenthusiast.com\/en\/elegance-et-style-masculin-classique-le-retour-du-beau-commence-par-soi-meme\/#respond"]}]},{"@type":"WebPage","@id":"https:\/\/conservativenthusiast.com\/en\/elegance-et-style-masculin-classique-le-retour-du-beau-commence-par-soi-meme\/","url":"https:\/\/conservativenthusiast.com\/en\/elegance-et-style-masculin-classique-le-retour-du-beau-commence-par-soi-meme\/","name":"\u00c9l\u00e9gance et style masculin classique : Le retour du beau commence par soi-m\u00eame - The Conservative Enthusiast","isPartOf":{"@id":"https:\/\/conservativenthusiast.com\/#website"},"primaryImageOfPage":{"@id":"https:\/\/conservativenthusiast.com\/en\/elegance-et-style-masculin-classique-le-retour-du-beau-commence-par-soi-meme\/#primaryimage"},"image":{"@id":"https:\/\/conservativenthusiast.com\/en\/elegance-et-style-masculin-classique-le-retour-du-beau-commence-par-soi-meme\/#primaryimage"},"thumbnailUrl":"https:\/\/conservativenthusiast.com\/wp-content\/uploads\/2020\/11\/benjamin-rascoe-rnV9Y5_EbJs-unsplash-1_edited-scaled.jpg","datePublished":"2020-11-14T13:37:38+00:00","dateModified":"2020-11-14T21:19:48+00:00","description":"\u27bd D\u00e9couvrez notre article sur l'\u00e9l\u00e9gance, le style masculin classique sur The Conservative Enthusiast : la plateforme des conservateurs.","breadcrumb":{"@id":"https:\/\/conservativenthusiast.com\/en\/elegance-et-style-masculin-classique-le-retour-du-beau-commence-par-soi-meme\/#breadcrumb"},"inLanguage":"en-GB","potentialAction":[{"@type":"ReadAction","target":["https:\/\/conservativenthusiast.com\/en\/elegance-et-style-masculin-classique-le-retour-du-beau-commence-par-soi-meme\/"]}]},{"@type":"ImageObject","inLanguage":"en-GB","@id":"https:\/\/conservativenthusiast.com\/en\/elegance-et-style-masculin-classique-le-retour-du-beau-commence-par-soi-meme\/#primaryimage","url":"https:\/\/conservativenthusiast.com\/wp-content\/uploads\/2020\/11\/benjamin-rascoe-rnV9Y5_EbJs-unsplash-1_edited-scaled.jpg","contentUrl":"https:\/\/conservativenthusiast.com\/wp-content\/uploads\/2020\/11\/benjamin-rascoe-rnV9Y5_EbJs-unsplash-1_edited-scaled.jpg","width":2560,"height":1438,"caption":"\u00e9l\u00e9gance style masculin classique The Conservative Enthusiast"},{"@type":"BreadcrumbList","@id":"https:\/\/conservativenthusiast.com\/en\/elegance-et-style-masculin-classique-le-retour-du-beau-commence-par-soi-meme\/#breadcrumb","itemListElement":[{"@type":"ListItem","position":1,"name":"Accueil","item":"https:\/\/conservativenthusiast.com\/"},{"@type":"ListItem","position":2,"name":"\u00c9l\u00e9gance et style masculin classique : Le retour du beau commence par soi-m\u00eame"}]},{"@type":"WebSite","@id":"https:\/\/conservativenthusiast.com\/#website","url":"https:\/\/conservativenthusiast.com\/","name":"The Conservative Enthusiast","description":"La plateforme de r\u00e9information, de partage et d&#039;apprentissage des conservateurs.","publisher":{"@id":"https:\/\/conservativenthusiast.com\/#organization"},"potentialAction":[{"@type":"SearchAction","target":{"@type":"EntryPoint","urlTemplate":"https:\/\/conservativenthusiast.com\/?s={search_term_string}"},"query-input":"required name=search_term_string"}],"inLanguage":"en-GB"},{"@type":"Organization","@id":"https:\/\/conservativenthusiast.com\/#organization","name":"The Conservative Enthusiast","url":"https:\/\/conservativenthusiast.com\/","logo":{"@type":"ImageObject","inLanguage":"en-GB","@id":"https:\/\/conservativenthusiast.com\/#\/schema\/logo\/image\/","url":"https:\/\/i0.wp.com\/conservativeenthusiast.com\/wp-content\/uploads\/2020\/06\/LOGO-CE-MINI.png?fit=3867%2C1180&ssl=1","contentUrl":"https:\/\/i0.wp.com\/conservativeenthusiast.com\/wp-content\/uploads\/2020\/06\/LOGO-CE-MINI.png?fit=3867%2C1180&ssl=1","width":3867,"height":1180,"caption":"The Conservative Enthusiast"},"image":{"@id":"https:\/\/conservativenthusiast.com\/#\/schema\/logo\/image\/"}},{"@type":"Person","@id":"https:\/\/conservativenthusiast.com\/#\/schema\/person\/f48033413ea9f9ccd391378d52902611","name":"Sten Falk","image":{"@type":"ImageObject","inLanguage":"en-GB","@id":"https:\/\/conservativenthusiast.com\/#\/schema\/person\/image\/","url":"https:\/\/secure.gravatar.com\/avatar\/7d4c65709da1f67261c308a9f60ae1fa?s=96&d=mm&r=g","contentUrl":"https:\/\/secure.gravatar.com\/avatar\/7d4c65709da1f67261c308a9f60ae1fa?s=96&d=mm&r=g","caption":"Sten Falk"},"description":"D\u00e9tenteur d'une ma\u00eetrise en science politique, Sten Falk ne se limite pas \u00e0 sa sp\u00e9cialit\u00e9 qu'est la politique. D\u2019une curiosit\u00e9 intellectuelle d\u00e9bordante, passionn\u00e9 de nature et amateur de style masculin classique, il apporte ses contributions dans de nombreuses rubriques de TCE. Consultez tous ses articles en cliquant sur son nom et suivez-le sur twitter en cliquant sur le logo ci-dessous. Voir notre \u00e9quipe.","url":"https:\/\/conservativenthusiast.com\/en\/author\/sten-oden\/"}]}},"_links":{"self":[{"href":"https:\/\/conservativenthusiast.com\/en\/wp-json\/wp\/v2\/posts\/2857"}],"collection":[{"href":"https:\/\/conservativenthusiast.com\/en\/wp-json\/wp\/v2\/posts"}],"about":[{"href":"https:\/\/conservativenthusiast.com\/en\/wp-json\/wp\/v2\/types\/post"}],"author":[{"embeddable":true,"href":"https:\/\/conservativenthusiast.com\/en\/wp-json\/wp\/v2\/users\/4"}],"replies":[{"embeddable":true,"href":"https:\/\/conservativenthusiast.com\/en\/wp-json\/wp\/v2\/comments?post=2857"}],"version-history":[{"count":22,"href":"https:\/\/conservativenthusiast.com\/en\/wp-json\/wp\/v2\/posts\/2857\/revisions"}],"predecessor-version":[{"id":2886,"href":"https:\/\/conservativenthusiast.com\/en\/wp-json\/wp\/v2\/posts\/2857\/revisions\/2886"}],"wp:featuredmedia":[{"embeddable":true,"href":"https:\/\/conservativenthusiast.com\/en\/wp-json\/wp\/v2\/media\/2878"}],"wp:attachment":[{"href":"https:\/\/conservativenthusiast.com\/en\/wp-json\/wp\/v2\/media?parent=2857"}],"wp:term":[{"taxonomy":"category","embeddable":true,"href":"https:\/\/conservativenthusiast.com\/en\/wp-json\/wp\/v2\/categories?post=2857"},{"taxonomy":"post_tag","embeddable":true,"href":"https:\/\/conservativenthusiast.com\/en\/wp-json\/wp\/v2\/tags?post=2857"}],"curies":[{"name":"wp","href":"https:\/\/api.w.org\/{rel}","templated":true}]}}