{"id":2785,"date":"2020-11-15T12:00:00","date_gmt":"2020-11-15T11:00:00","guid":{"rendered":"https:\/\/conservativeenthusiast.com\/?p=2785"},"modified":"2020-11-15T13:10:13","modified_gmt":"2020-11-15T12:10:13","slug":"les-deux-patries-jean-de-viguerie","status":"publish","type":"post","link":"https:\/\/conservativenthusiast.com\/en\/les-deux-patries-jean-de-viguerie\/","title":{"rendered":"Les deux patries \u2013 Jean de Viguerie"},"content":{"rendered":"<p><\/p>\n\n\n\n<h2 class=\"wp-block-heading\"><strong><span class=\"has-inline-color has-black-color\">Introduction<\/span><\/strong><\/h2>\n\n\n\n<p><\/p>\n\n\n\n<p class=\"has-text-align-justify\">Cet article fait suite \u00e0 notre premi\u00e8re <a href=\"https:\/\/conservativenthusiast.com\/en\/recommandation-de-lectures-comprendre-la-france-et-leurope\/\" target=\"_blank\" rel=\"noreferrer noopener\">s\u00e9lection de livres<\/a> que vous pouvez retrouver dans la cat\u00e9gorie <a href=\"https:\/\/conservativenthusiast.com\/en\/litterature\/\" target=\"_blank\" rel=\"noreferrer noopener\">Literature<\/a> de notre site. Nous vous avons r\u00e9dig\u00e9 une premi\u00e8re liste non exhaustive de recommandations qui constituent \u00e0 nos yeux une premi\u00e8re base solide de livres \u00e0 connaitre que nous vous invitons \u00e0 consulter. Aujourd\u2019hui, nous vous proposons de revenir plus en d\u00e9tail sur un livre qui a particuli\u00e8rement retenu notre attention&nbsp;: <a href=\"http:\/\/www.librairiefrancaise.fr\/fr\/essais-doctrines-idees-principes\/5926--les-deux-patries-jean-de-viguerie-poche-9782856523902.html\" target=\"_blank\" rel=\"noreferrer noopener\">Les deux patries<\/a> de <em><a href=\"https:\/\/fr.wikipedia.org\/wiki\/Jean_de_Viguerie\" target=\"_blank\" rel=\"noreferrer noopener\">Jean de Viguerie<\/a><\/em>.<\/p>\n\n\n\n<p class=\"has-text-align-justify\">Nous tenons \u00e0 rappeler encore une fois que nous ne faisons ici qu\u2019une pr\u00e9sentation subjective de cet ouvrage. Nous vous livrons simplement notre ressenti et notre analyse tout en vous offrant la possibilit\u00e9 de nous partager les v\u00f4tres dans l\u2019espace commentaire d\u00e9di\u00e9 en bas de cet article. Nous encourageons toujours l\u2019honn\u00eatet\u00e9 intellectuelle et tentons toujours d\u2019\u00eatre le plus objectif et transparent possible avec nos lecteurs. Nous sommes dans une d\u00e9marche d\u2019ouverture et d\u2019instruction, pas d\u2019id\u00e9ologie. TCE est une plateforme d\u2019apprentissage mais aussi de partage et nous t\u00e2chons toujours de nous rendre accessible et disponible pour notre communaut\u00e9. La v\u00e9rit\u00e9 seule nous importe. Cette introduction close, d\u00e9couvrons ensemble cet ouvrage.<\/p>\n\n\n\n<p><\/p>\n\n\n\n<h2 class=\"wp-block-heading\"><strong><span class=\"has-inline-color has-black-color\">Pourquoi lire Les Deux Patries\u00a0?<\/span><\/strong><\/h2>\n\n\n\n<p><\/p>\n\n\n\n<p class=\"has-text-align-justify\">Qu\u2019est-ce que la patrie&nbsp;? Il en existe peut-\u00eatre autant de conceptions qu\u2019il y a d\u2019humains sur terre. Est-ce le pays dans lequel nous vivons&nbsp;? Celui dans lequel nous sommes n\u00e9s&nbsp;? Celui dans lequel nous nous sentons bien&nbsp;? Est-ce seulement un pays ou plut\u00f4t un concept id\u00e9ologique&nbsp;? Une id\u00e9e&nbsp;? Bref, vous l\u2019aurez compris, chacun semble avoir sa propre interpr\u00e9tation, comme si les mots n\u2019avaient aucun sens et qu\u2019il suffisait de penser pour avoir raison. Mais chez TCE, ce qui nous int\u00e9resse, c\u2019est la v\u00e9rit\u00e9. Ce terme, aujourd\u2019hui galvaud\u00e9, signifie \u00e9tymologiquement \u00ab&nbsp;le pays des p\u00e8res&nbsp;\u00bb. Il prend directement un sens bien plus fort et plus profond que ce qu\u2019on aimerait laisser para\u00eetre aujourd\u2019hui, abordant les notions de pass\u00e9, de succession et d\u2019h\u00e9ritage.<\/p>\n\n\n\n<p class=\"has-text-align-justify\">Mais que signifie vraiment la patrie&nbsp;? On constate aujourd\u2019hui que ce mot a perdu tout son sens, toute son essence m\u00eame. Jean de Viguerie retrace l\u2019histoire de la notion de patrie, de sa naissance \u00e0 nos jours, et met en \u00e9vidence le fait qu\u2019il n\u2019existe non pas une, mais deux patries bien distinctes et que tout oppose. Il nous montre \u00e0 travers un travail de recherche consid\u00e9rable quelles sont ces deux patries&nbsp;et comment la seconde s\u2019est substitu\u00e9e \u00e0 la premi\u00e8re avant de la d\u00e9truire. L\u2019une, la patrie traditionnelle, est bel et bien la terre des p\u00e8res&nbsp;; l\u2019autre, la patrie r\u00e9volutionnaire, n\u2019est qu\u2019une imposture qui se sert de la France pour exister et s\u2019exprimer. Se basant sur des \u00e9crits et des faits historiques, Jean de Viguerie contextualise et d\u00e9voile comment la patrie r\u00e9volutionnaire a capt\u00e9 la patrie traditionnelle, qui \u00e9tait la France, pour la remplacer pernicieusement et finir par l\u2019an\u00e9antir. Toute histoire de l\u2019id\u00e9e de patrie est vaine si les deux sens du mot ne sont pas distingu\u00e9s.<\/p>\n\n\n\n<p class=\"has-text-align-justify\">En plus de fournir une analyse tr\u00e8s compl\u00e8te, ce livre est truff\u00e9 de r\u00e9f\u00e9rences et de citations incroyables. On y retrouve des \u00e9crits de <a href=\"https:\/\/fr.wikipedia.org\/wiki\/Pierre_de_Ronsard\" target=\"_blank\" rel=\"noreferrer noopener\">Ronsard<\/a>, <a href=\"https:\/\/fr.wikipedia.org\/wiki\/Charles_Baudelaire\" target=\"_blank\" rel=\"noreferrer noopener\">Baudelaire<\/a>, <a href=\"https:\/\/fr.wikipedia.org\/wiki\/Joachim_du_Bellay\" target=\"_blank\" rel=\"noreferrer noopener\">Du Bellay<\/a>, <a href=\"https:\/\/fr.wikipedia.org\/wiki\/L%C3%A9on_Bloy\" target=\"_blank\" rel=\"noreferrer noopener\">Bloy<\/a>, <a href=\"https:\/\/fr.wikipedia.org\/wiki\/Charles_Maurras\" target=\"_blank\" rel=\"noreferrer noopener\">Maurras<\/a>, <a href=\"https:\/\/fr.wikipedia.org\/wiki\/Fran%C3%A7ois_Athanase_Charette_de_La_Contrie\" target=\"_blank\" rel=\"noreferrer noopener\">Charrette<\/a> et bien d\u2019autres qui \u00e9tayent les propos de l\u2019auteur. Bien qu\u2019il n\u00e9cessite de conna\u00eetre un minimum l\u2019Histoire de France, ce livre reste n\u00e9anmoins tr\u00e8s accessible et reprend chaque \u00e9v\u00e9nement marquant de mani\u00e8re chronologique. La conclusion est \u00e9difiante et pourrait profond\u00e9ment changer votre regard sur la France.<\/p>\n\n\n\n<p><\/p>\n\n\n\n<h2 class=\"wp-block-heading\"><strong><span class=\"has-inline-color has-black-color\">Mon avis&nbsp;:<\/span><\/strong><\/h2>\n\n\n\n<p><\/p>\n\n\n\n<p class=\"has-text-align-justify\">Chez TCE, nous pensons que c\u2019est gr\u00e2ce au pass\u00e9 que l\u2019on peut comprendre le pr\u00e9sent. Ce livre a grandement contribu\u00e9 \u00e0 cette id\u00e9e&nbsp;: il est absolument indispensable pour tous ceux souhaitant comprendre la situation actuelle de la France.<\/p>\n\n\n\n<p><\/p>\n\n\n\n<p class=\"has-text-align-justify\">Comment la tradition a-t-elle c\u00e9d\u00e9 \u00e0 la d\u00e9mesure et \u00e0 la d\u00e9cadence mortif\u00e8re de notre \u00e9poque&nbsp;?<\/p>\n\n\n\n<p><\/p>\n\n\n\n<p class=\"has-text-align-justify\">Comment la terre des p\u00e8res a-t-elle \u00e9t\u00e9 d\u00e9truite au profit d\u2019id\u00e9aux droit-de-l\u2019hommistes&nbsp;?<\/p>\n\n\n\n<p><\/p>\n\n\n\n<p class=\"has-text-align-justify\">De Viguerie pourfend les responsables et d\u00e9nonce les \u00e9l\u00e9ments d\u00e9clencheurs de cette lente et progressive descente aux enfers nous amenant \u00e0 un pr\u00e9sent qui ferait p\u00e2lir nos anc\u00eatres. Mais l\u2019auteur ne se contente pas simplement de d\u00e9signer des coupables, il nous livre \u00e9galement les \u00e9l\u00e9ments cl\u00e9s pour comprendre notre \u00e9poque.<\/p>\n\n\n\n<p><\/p>\n\n\n\n<p class=\"has-text-align-justify\">Il est en effet fortement possible que votre vision de la France change \u00e0 jamais apr\u00e8s avoir lu ce livre.<\/p>\n\n\n\n<p><\/p>\n\n\n\n<p class=\"has-text-align-justify\">Ce livre nous ouvre les yeux sur cette mascarade que nous prenons pour la \u00ab&nbsp;patrie&nbsp;\u00bb mais qui n\u2019est qu\u2019une imposture r\u00e9publicaine. \u00c0 mes yeux, la France n\u2019est pas et ne sera jamais la R\u00e9publique, ce sont deux choses bien distinctes et de surcroit, contradictoires. La lecture des deux patries n\u2019a fait que renforcer cette id\u00e9e.<\/p>\n\n\n\n<p class=\"has-text-align-justify\">Ce livre est une v\u00e9ritable bombe qui fait tomber les masques et d\u00e9voile la v\u00e9ritable intention de ceux qui nous gouvernent. Bien loin des th\u00e9ories farfelues dites \u00ab&nbsp;complotistes&nbsp;\u00bb (fruits de la d\u00e9fiance \u2013justifi\u00e9e- du peuple vis-\u00e0-vis de son gouvernement et des \u00e9lites), ce livre s\u2019appuie sur des faits concrets, historiques et factuels qui rendent le contenu difficilement contestable et critiquable.<\/p>\n\n\n\n<p class=\"has-text-align-justify\">\u00catre capable de cerner la diff\u00e9rence entre la France et la R\u00e9publique est selon moi n\u00e9cessaire pour ne pas tomber dans cette tromperie collective qui contribue \u00e0 l\u2019abrutissement, au d\u00e9racinement et \u00e0 l\u2019extinction des civilisations.<\/p>\n\n\n\n<p><\/p>\n\n\n\n<p class=\"has-text-align-justify\">Mais ce n\u2019est pas la seule zone d\u2019ombre qu\u2019\u00e9claircit ce livre.<\/p>\n\n\n\n<p><\/p>\n\n\n\n<p class=\"has-text-align-justify\">En effet, il permet \u00e9galement de cerner la diff\u00e9rence fondamentale entre la vision de \u00ab&nbsp;gauche&nbsp;\u00bb et la vision de \u00ab&nbsp;droite&nbsp;\u00bb. Loin de se cantonner \u00e0 des querelles de politiciens, cet ouvrage va au-del\u00e0 du discours traditionnel et revient sur l\u2019essence de la droite et de la gauche en vous pr\u00e9sentant leurs origines, leurs caract\u00e9ristiques et leurs diff\u00e9rences profondes. Aborder ces notions est n\u00e9cessaire selon moi si l\u2019on veut \u00eatre capable de lire entre les lignes et de se situer politiquement sans d\u00e9pendre d\u2019un politicien qui n\u2019incarne plus l\u2019ombre d\u2019une id\u00e9e et ne se porte h\u00e9las plus garant d\u2019une quelconque honn\u00eatet\u00e9.<\/p>\n\n\n\n<p class=\"has-text-align-justify\">Ce livre remet les pendules \u00e0 l\u2019heure et nous rappelle \u00e0 tous pourquoi nous nous battons ou pourquoi nous devons nous battre&nbsp;; mais aussi et surtout pour quoi nous ne devons plus nous battre. Plut\u00f4t que de foncer t\u00eate baiss\u00e9e et de courir tout droit \u00e0 la mort, comme ce fut tragiquement le cas au cours des derniers si\u00e8cles, l\u2019analyse de Jean De Viguerie nous apporte du recul sur la situation malgr\u00e9 un constat amer et une conclusion pour le moins tragique.<\/p>\n\n\n\n<p><\/p>\n\n\n\n<h2 class=\"wp-block-heading\"><strong><span class=\"has-inline-color has-black-color\">Ma conclusion&nbsp;:<\/span><\/strong><\/h2>\n\n\n\n<p><\/p>\n\n\n\n<p class=\"has-text-align-justify\">\u00c0 titre personnel, je dresse le m\u00eame constat et partage totalement la vision de Jean de Viguerie et consid\u00e8re que nous entrons, malheureusement, dans la derni\u00e8re phase de la d\u00e9cadence, c\u2019est-\u00e0-dire celle de notre disparition. Si la conclusion semble d\u00e9faitiste, elle n\u2019est pourtant que le fruit d\u2019un constat froid qui ne c\u00e8de jamais \u00e0 l\u2019\u00e9motion et ne fait jamais de morale.<\/p>\n\n\n\n<p class=\"has-text-align-justify\">Doit-on cependant c\u00e9der au <strong><a href=\"https:\/\/conservativenthusiast.com\/en\/qui-est-vraiment-arthur-schopenhauer\/\" target=\"_blank\" rel=\"noreferrer noopener\">nihilisme<\/a><\/strong>&nbsp;? Pour nos lecteurs assidus, vous comprenez que cette hypoth\u00e8se est exclue d\u2019embl\u00e9e et que nous pr\u00e9f\u00e9rons de loin adopter une position <strong><a href=\"https:\/\/conservativenthusiast.com\/en\/stoicisme\/\" target=\"_blank\" rel=\"noreferrer noopener\">sto\u00efque<\/a><\/strong> sur la situation.<\/p>\n\n\n\n<p><\/p>\n\n\n\n<p class=\"has-text-align-justify\">Mais alors, que faire&nbsp;?<\/p>\n\n\n\n<p><\/p>\n\n\n\n<p class=\"has-text-align-justify\">C\u2019est l\u00e0 le combat de notre \u00e8re. Je pense que notre g\u00e9n\u00e9ration a un r\u00f4le cl\u00e9 \u00e0 jouer. Se battre ou dispara\u00eetre, tel est l\u2019enjeu. Mais il ne sera pas question de reproduire les erreurs pass\u00e9es et de courir \u00e0 notre perte.<\/p>\n\n\n\n<p><\/p>\n\n\n\n<p class=\"has-text-align-justify\"><em>\u00ab La&nbsp;folie,&nbsp;c&#8217;est&nbsp;de faire toujours la&nbsp;m\u00eame&nbsp;chose et de s&#8217;attendre \u00e0 un&nbsp;r\u00e9sultat&nbsp;diff\u00e9rent. \u00bb<\/em> disait <a href=\"https:\/\/fr.wikipedia.org\/wiki\/Albert_Einstein\" target=\"_blank\" rel=\"noreferrer noopener\">Albert Einstein<\/a>.<\/p>\n\n\n\n<p><\/p>\n\n\n\n<p class=\"has-text-align-justify\">Chez TCE, nous pensons que ce combat est d\u2019abord intellectuel et passe par l\u2019apprentissage. C\u2019est pourquoi nous vous recommandons des ouvrages qui nous semblent importants et peuvent d\u00e9clencher cet \u00e9veil des consciences. Bien-s\u00fbr, nous n\u2019avons pas la pr\u00e9tention de d\u00e9tenir la v\u00e9rit\u00e9, nous vous encourageons au contraire \u00e0 adopter une attitude proactive vous permettant de vous faire votre propre opinion sur n\u2019importe quel sujet. Mais nous consid\u00e9rons tout de m\u00eame que notre long cheminement intellectuel peut permettre \u00e0 nos lecteurs d\u2019accro\u00eetre leurs connaissances et d\u2019explorer des pistes de r\u00e9flexion qui leur \u00e9taient inconnues jusqu\u2019\u00e0 lors.<\/p>\n\n\n\n<p>Telle est la premi\u00e8re \u00e9tape.<\/p>\n\n\n\n<p><\/p>\n\n\n\n<p>Vous partagez nos id\u00e9es et souhaitez vous joindre \u00e0 nous&nbsp;? Chers amis, soyez les bienvenus.<\/p>\n\n\n\n<p><\/p>\n\n\n\n<p><em>\u00ab\u00a0Tout ne fait que commencer.\u00a0\u00bb<\/em><\/p>\n\n\n\n<p><\/p>\n\n\n\n<p><\/p>","protected":false},"excerpt":{"rendered":"<p>Introduction Cet article fait suite \u00e0 notre premi\u00e8re s\u00e9lection de livres que vous pouvez retrouver dans la cat\u00e9gorie Litt\u00e9rature de [&hellip;]<\/p>","protected":false},"author":1,"featured_media":2813,"comment_status":"open","ping_status":"open","sticky":false,"template":"","format":"standard","meta":{"_et_pb_use_builder":"off","_et_pb_old_content":"","_et_gb_content_width":"","_exactmetrics_skip_tracking":false,"_exactmetrics_sitenote_active":false,"_exactmetrics_sitenote_note":"","_exactmetrics_sitenote_category":0,"footnotes":""},"categories":[47,49],"tags":[48,53],"yoast_head":"<!-- This site is optimized with the Yoast SEO plugin v22.3 - https:\/\/yoast.com\/wordpress\/plugins\/seo\/ -->\n<title>Les deux patries \u2013 Jean de Viguerie - The Conservative Enthusiast<\/title>\n<meta name=\"description\" content=\"\u27bd Notre recommandation sur Les deux patries de Jean de Viguerie sur TCE : la plateforme de partage et d&#039;apprentissage des conservateurs.\" \/>\n<meta name=\"robots\" content=\"index, follow, max-snippet:-1, max-image-preview:large, max-video-preview:-1\" \/>\n<link rel=\"canonical\" href=\"https:\/\/conservativenthusiast.com\/en\/les-deux-patries-jean-de-viguerie\/\" \/>\n<meta property=\"og:locale\" content=\"en_GB\" \/>\n<meta property=\"og:type\" content=\"article\" \/>\n<meta property=\"og:title\" content=\"Les deux patries \u2013 Jean de Viguerie - The Conservative Enthusiast\" \/>\n<meta property=\"og:description\" content=\"\u27bd Notre recommandation sur Les deux patries de Jean de Viguerie sur TCE : la plateforme de partage et d&#039;apprentissage des conservateurs.\" \/>\n<meta property=\"og:url\" content=\"https:\/\/conservativenthusiast.com\/en\/les-deux-patries-jean-de-viguerie\/\" \/>\n<meta property=\"og:site_name\" content=\"The Conservative Enthusiast\" \/>\n<meta property=\"article:published_time\" content=\"2020-11-15T11:00:00+00:00\" \/>\n<meta property=\"article:modified_time\" content=\"2020-11-15T12:10:13+00:00\" \/>\n<meta property=\"og:image\" content=\"https:\/\/conservativenthusiast.com\/wp-content\/uploads\/2020\/11\/Deux-patries-scaled.jpg\" \/>\n\t<meta property=\"og:image:width\" content=\"1440\" \/>\n\t<meta property=\"og:image:height\" content=\"2560\" \/>\n\t<meta property=\"og:image:type\" content=\"image\/jpeg\" \/>\n<meta name=\"author\" content=\"Alexis.L\" \/>\n<meta name=\"twitter:card\" content=\"summary_large_image\" \/>\n<meta name=\"twitter:label1\" content=\"Written by\" \/>\n\t<meta name=\"twitter:data1\" content=\"Alexis.L\" \/>\n\t<meta name=\"twitter:label2\" content=\"Estimated reading time\" \/>\n\t<meta name=\"twitter:data2\" content=\"8 minutes\" \/>\n<script type=\"application\/ld+json\" class=\"yoast-schema-graph\">{\"@context\":\"https:\/\/schema.org\",\"@graph\":[{\"@type\":\"Article\",\"@id\":\"https:\/\/conservativenthusiast.com\/en\/les-deux-patries-jean-de-viguerie\/#article\",\"isPartOf\":{\"@id\":\"https:\/\/conservativenthusiast.com\/en\/les-deux-patries-jean-de-viguerie\/\"},\"author\":{\"name\":\"Alexis.L\",\"@id\":\"https:\/\/conservativenthusiast.com\/#\/schema\/person\/3edd83a60aed483f95ebc876aeac7feb\"},\"headline\":\"Les deux patries \u2013 Jean de Viguerie\",\"datePublished\":\"2020-11-15T11:00:00+00:00\",\"dateModified\":\"2020-11-15T12:10:13+00:00\",\"mainEntityOfPage\":{\"@id\":\"https:\/\/conservativenthusiast.com\/en\/les-deux-patries-jean-de-viguerie\/\"},\"wordCount\":1536,\"commentCount\":0,\"publisher\":{\"@id\":\"https:\/\/conservativenthusiast.com\/#organization\"},\"image\":{\"@id\":\"https:\/\/conservativenthusiast.com\/en\/les-deux-patries-jean-de-viguerie\/#primaryimage\"},\"thumbnailUrl\":\"https:\/\/conservativenthusiast.com\/wp-content\/uploads\/2020\/11\/Deux-patries-scaled.jpg\",\"keywords\":[\"Litt\u00e9rature\",\"Recommandation\"],\"articleSection\":[\"Litt\u00e9rature\",\"Recommandation\"],\"inLanguage\":\"en-GB\",\"potentialAction\":[{\"@type\":\"CommentAction\",\"name\":\"Comment\",\"target\":[\"https:\/\/conservativenthusiast.com\/en\/les-deux-patries-jean-de-viguerie\/#respond\"]}]},{\"@type\":\"WebPage\",\"@id\":\"https:\/\/conservativenthusiast.com\/en\/les-deux-patries-jean-de-viguerie\/\",\"url\":\"https:\/\/conservativenthusiast.com\/en\/les-deux-patries-jean-de-viguerie\/\",\"name\":\"Les deux patries \u2013 Jean de Viguerie - The Conservative Enthusiast\",\"isPartOf\":{\"@id\":\"https:\/\/conservativenthusiast.com\/#website\"},\"primaryImageOfPage\":{\"@id\":\"https:\/\/conservativenthusiast.com\/en\/les-deux-patries-jean-de-viguerie\/#primaryimage\"},\"image\":{\"@id\":\"https:\/\/conservativenthusiast.com\/en\/les-deux-patries-jean-de-viguerie\/#primaryimage\"},\"thumbnailUrl\":\"https:\/\/conservativenthusiast.com\/wp-content\/uploads\/2020\/11\/Deux-patries-scaled.jpg\",\"datePublished\":\"2020-11-15T11:00:00+00:00\",\"dateModified\":\"2020-11-15T12:10:13+00:00\",\"description\":\"\u27bd Notre recommandation sur Les deux patries de Jean de Viguerie sur TCE : la plateforme de partage et d'apprentissage des conservateurs.\",\"breadcrumb\":{\"@id\":\"https:\/\/conservativenthusiast.com\/en\/les-deux-patries-jean-de-viguerie\/#breadcrumb\"},\"inLanguage\":\"en-GB\",\"potentialAction\":[{\"@type\":\"ReadAction\",\"target\":[\"https:\/\/conservativenthusiast.com\/en\/les-deux-patries-jean-de-viguerie\/\"]}]},{\"@type\":\"ImageObject\",\"inLanguage\":\"en-GB\",\"@id\":\"https:\/\/conservativenthusiast.com\/en\/les-deux-patries-jean-de-viguerie\/#primaryimage\",\"url\":\"https:\/\/conservativenthusiast.com\/wp-content\/uploads\/2020\/11\/Deux-patries-scaled.jpg\",\"contentUrl\":\"https:\/\/conservativenthusiast.com\/wp-content\/uploads\/2020\/11\/Deux-patries-scaled.jpg\",\"width\":1440,\"height\":2560,\"caption\":\"Les Deux Patries - Jean de Viguerie\"},{\"@type\":\"BreadcrumbList\",\"@id\":\"https:\/\/conservativenthusiast.com\/en\/les-deux-patries-jean-de-viguerie\/#breadcrumb\",\"itemListElement\":[{\"@type\":\"ListItem\",\"position\":1,\"name\":\"Accueil\",\"item\":\"https:\/\/conservativenthusiast.com\/\"},{\"@type\":\"ListItem\",\"position\":2,\"name\":\"Les deux patries \u2013 Jean de Viguerie\"}]},{\"@type\":\"WebSite\",\"@id\":\"https:\/\/conservativenthusiast.com\/#website\",\"url\":\"https:\/\/conservativenthusiast.com\/\",\"name\":\"The Conservative Enthusiast\",\"description\":\"La plateforme de r\u00e9information, de partage et d&#039;apprentissage des conservateurs.\",\"publisher\":{\"@id\":\"https:\/\/conservativenthusiast.com\/#organization\"},\"potentialAction\":[{\"@type\":\"SearchAction\",\"target\":{\"@type\":\"EntryPoint\",\"urlTemplate\":\"https:\/\/conservativenthusiast.com\/?s={search_term_string}\"},\"query-input\":\"required name=search_term_string\"}],\"inLanguage\":\"en-GB\"},{\"@type\":\"Organization\",\"@id\":\"https:\/\/conservativenthusiast.com\/#organization\",\"name\":\"The Conservative Enthusiast\",\"url\":\"https:\/\/conservativenthusiast.com\/\",\"logo\":{\"@type\":\"ImageObject\",\"inLanguage\":\"en-GB\",\"@id\":\"https:\/\/conservativenthusiast.com\/#\/schema\/logo\/image\/\",\"url\":\"https:\/\/i0.wp.com\/conservativeenthusiast.com\/wp-content\/uploads\/2020\/06\/LOGO-CE-MINI.png?fit=3867%2C1180&ssl=1\",\"contentUrl\":\"https:\/\/i0.wp.com\/conservativeenthusiast.com\/wp-content\/uploads\/2020\/06\/LOGO-CE-MINI.png?fit=3867%2C1180&ssl=1\",\"width\":3867,\"height\":1180,\"caption\":\"The Conservative Enthusiast\"},\"image\":{\"@id\":\"https:\/\/conservativenthusiast.com\/#\/schema\/logo\/image\/\"}},{\"@type\":\"Person\",\"@id\":\"https:\/\/conservativenthusiast.com\/#\/schema\/person\/3edd83a60aed483f95ebc876aeac7feb\",\"name\":\"Alexis.L\",\"image\":{\"@type\":\"ImageObject\",\"inLanguage\":\"en-GB\",\"@id\":\"https:\/\/conservativenthusiast.com\/#\/schema\/person\/image\/\",\"url\":\"https:\/\/secure.gravatar.com\/avatar\/e276145ad3a64170e9c68564bb9e4280?s=96&d=mm&r=g\",\"contentUrl\":\"https:\/\/secure.gravatar.com\/avatar\/e276145ad3a64170e9c68564bb9e4280?s=96&d=mm&r=g\",\"caption\":\"Alexis.L\"},\"description\":\"Si vous appr\u00e9ciez les articles de ce r\u00e9dacteur et que vous souhaitez en d\u00e9couvrir davantage sur lui ou ses \u00e9crits, vous pouvez consulter tous ses articles en cliquant sur son pseudo ou en apprendre plus sur notre page \\\"Notre \u00e9quipe\\\". Vous pouvez \u00e9galement le suivre sur ses diff\u00e9rents r\u00e9seaux sociaux ci-dessous.\",\"url\":\"https:\/\/conservativenthusiast.com\/en\/author\/admin6171\/\"}]}<\/script>\n<!-- \/ Yoast SEO plugin. -->","yoast_head_json":{"title":"Les deux patries \u2013 Jean de Viguerie - The Conservative Enthusiast","description":"\u27bd Notre recommandation sur Les deux patries de Jean de Viguerie sur TCE : la plateforme de partage et d'apprentissage des conservateurs.","robots":{"index":"index","follow":"follow","max-snippet":"max-snippet:-1","max-image-preview":"max-image-preview:large","max-video-preview":"max-video-preview:-1"},"canonical":"https:\/\/conservativenthusiast.com\/en\/les-deux-patries-jean-de-viguerie\/","og_locale":"en_GB","og_type":"article","og_title":"Les deux patries \u2013 Jean de Viguerie - The Conservative Enthusiast","og_description":"\u27bd Notre recommandation sur Les deux patries de Jean de Viguerie sur TCE : la plateforme de partage et d'apprentissage des conservateurs.","og_url":"https:\/\/conservativenthusiast.com\/en\/les-deux-patries-jean-de-viguerie\/","og_site_name":"The Conservative Enthusiast","article_published_time":"2020-11-15T11:00:00+00:00","article_modified_time":"2020-11-15T12:10:13+00:00","og_image":[{"width":1440,"height":2560,"url":"https:\/\/conservativenthusiast.com\/wp-content\/uploads\/2020\/11\/Deux-patries-scaled.jpg","type":"image\/jpeg"}],"author":"Alexis.L","twitter_card":"summary_large_image","twitter_misc":{"Written by":"Alexis.L","Estimated reading time":"8 minutes"},"schema":{"@context":"https:\/\/schema.org","@graph":[{"@type":"Article","@id":"https:\/\/conservativenthusiast.com\/en\/les-deux-patries-jean-de-viguerie\/#article","isPartOf":{"@id":"https:\/\/conservativenthusiast.com\/en\/les-deux-patries-jean-de-viguerie\/"},"author":{"name":"Alexis.L","@id":"https:\/\/conservativenthusiast.com\/#\/schema\/person\/3edd83a60aed483f95ebc876aeac7feb"},"headline":"Les deux patries \u2013 Jean de Viguerie","datePublished":"2020-11-15T11:00:00+00:00","dateModified":"2020-11-15T12:10:13+00:00","mainEntityOfPage":{"@id":"https:\/\/conservativenthusiast.com\/en\/les-deux-patries-jean-de-viguerie\/"},"wordCount":1536,"commentCount":0,"publisher":{"@id":"https:\/\/conservativenthusiast.com\/#organization"},"image":{"@id":"https:\/\/conservativenthusiast.com\/en\/les-deux-patries-jean-de-viguerie\/#primaryimage"},"thumbnailUrl":"https:\/\/conservativenthusiast.com\/wp-content\/uploads\/2020\/11\/Deux-patries-scaled.jpg","keywords":["Litt\u00e9rature","Recommandation"],"articleSection":["Litt\u00e9rature","Recommandation"],"inLanguage":"en-GB","potentialAction":[{"@type":"CommentAction","name":"Comment","target":["https:\/\/conservativenthusiast.com\/en\/les-deux-patries-jean-de-viguerie\/#respond"]}]},{"@type":"WebPage","@id":"https:\/\/conservativenthusiast.com\/en\/les-deux-patries-jean-de-viguerie\/","url":"https:\/\/conservativenthusiast.com\/en\/les-deux-patries-jean-de-viguerie\/","name":"Les deux patries \u2013 Jean de Viguerie - The Conservative Enthusiast","isPartOf":{"@id":"https:\/\/conservativenthusiast.com\/#website"},"primaryImageOfPage":{"@id":"https:\/\/conservativenthusiast.com\/en\/les-deux-patries-jean-de-viguerie\/#primaryimage"},"image":{"@id":"https:\/\/conservativenthusiast.com\/en\/les-deux-patries-jean-de-viguerie\/#primaryimage"},"thumbnailUrl":"https:\/\/conservativenthusiast.com\/wp-content\/uploads\/2020\/11\/Deux-patries-scaled.jpg","datePublished":"2020-11-15T11:00:00+00:00","dateModified":"2020-11-15T12:10:13+00:00","description":"\u27bd Notre recommandation sur Les deux patries de Jean de Viguerie sur TCE : la plateforme de partage et d'apprentissage des conservateurs.","breadcrumb":{"@id":"https:\/\/conservativenthusiast.com\/en\/les-deux-patries-jean-de-viguerie\/#breadcrumb"},"inLanguage":"en-GB","potentialAction":[{"@type":"ReadAction","target":["https:\/\/conservativenthusiast.com\/en\/les-deux-patries-jean-de-viguerie\/"]}]},{"@type":"ImageObject","inLanguage":"en-GB","@id":"https:\/\/conservativenthusiast.com\/en\/les-deux-patries-jean-de-viguerie\/#primaryimage","url":"https:\/\/conservativenthusiast.com\/wp-content\/uploads\/2020\/11\/Deux-patries-scaled.jpg","contentUrl":"https:\/\/conservativenthusiast.com\/wp-content\/uploads\/2020\/11\/Deux-patries-scaled.jpg","width":1440,"height":2560,"caption":"Les Deux Patries - Jean de Viguerie"},{"@type":"BreadcrumbList","@id":"https:\/\/conservativenthusiast.com\/en\/les-deux-patries-jean-de-viguerie\/#breadcrumb","itemListElement":[{"@type":"ListItem","position":1,"name":"Accueil","item":"https:\/\/conservativenthusiast.com\/"},{"@type":"ListItem","position":2,"name":"Les deux patries \u2013 Jean de Viguerie"}]},{"@type":"WebSite","@id":"https:\/\/conservativenthusiast.com\/#website","url":"https:\/\/conservativenthusiast.com\/","name":"The Conservative Enthusiast","description":"La plateforme de r\u00e9information, de partage et d&#039;apprentissage des conservateurs.","publisher":{"@id":"https:\/\/conservativenthusiast.com\/#organization"},"potentialAction":[{"@type":"SearchAction","target":{"@type":"EntryPoint","urlTemplate":"https:\/\/conservativenthusiast.com\/?s={search_term_string}"},"query-input":"required name=search_term_string"}],"inLanguage":"en-GB"},{"@type":"Organization","@id":"https:\/\/conservativenthusiast.com\/#organization","name":"The Conservative Enthusiast","url":"https:\/\/conservativenthusiast.com\/","logo":{"@type":"ImageObject","inLanguage":"en-GB","@id":"https:\/\/conservativenthusiast.com\/#\/schema\/logo\/image\/","url":"https:\/\/i0.wp.com\/conservativeenthusiast.com\/wp-content\/uploads\/2020\/06\/LOGO-CE-MINI.png?fit=3867%2C1180&ssl=1","contentUrl":"https:\/\/i0.wp.com\/conservativeenthusiast.com\/wp-content\/uploads\/2020\/06\/LOGO-CE-MINI.png?fit=3867%2C1180&ssl=1","width":3867,"height":1180,"caption":"The Conservative Enthusiast"},"image":{"@id":"https:\/\/conservativenthusiast.com\/#\/schema\/logo\/image\/"}},{"@type":"Person","@id":"https:\/\/conservativenthusiast.com\/#\/schema\/person\/3edd83a60aed483f95ebc876aeac7feb","name":"Alexis.L","image":{"@type":"ImageObject","inLanguage":"en-GB","@id":"https:\/\/conservativenthusiast.com\/#\/schema\/person\/image\/","url":"https:\/\/secure.gravatar.com\/avatar\/e276145ad3a64170e9c68564bb9e4280?s=96&d=mm&r=g","contentUrl":"https:\/\/secure.gravatar.com\/avatar\/e276145ad3a64170e9c68564bb9e4280?s=96&d=mm&r=g","caption":"Alexis.L"},"description":"Si vous appr\u00e9ciez les articles de ce r\u00e9dacteur et que vous souhaitez en d\u00e9couvrir davantage sur lui ou ses \u00e9crits, vous pouvez consulter tous ses articles en cliquant sur son pseudo ou en apprendre plus sur notre page \"Notre \u00e9quipe\". Vous pouvez \u00e9galement le suivre sur ses diff\u00e9rents r\u00e9seaux sociaux ci-dessous.","url":"https:\/\/conservativenthusiast.com\/en\/author\/admin6171\/"}]}},"_links":{"self":[{"href":"https:\/\/conservativenthusiast.com\/en\/wp-json\/wp\/v2\/posts\/2785"}],"collection":[{"href":"https:\/\/conservativenthusiast.com\/en\/wp-json\/wp\/v2\/posts"}],"about":[{"href":"https:\/\/conservativenthusiast.com\/en\/wp-json\/wp\/v2\/types\/post"}],"author":[{"embeddable":true,"href":"https:\/\/conservativenthusiast.com\/en\/wp-json\/wp\/v2\/users\/1"}],"replies":[{"embeddable":true,"href":"https:\/\/conservativenthusiast.com\/en\/wp-json\/wp\/v2\/comments?post=2785"}],"version-history":[{"count":4,"href":"https:\/\/conservativenthusiast.com\/en\/wp-json\/wp\/v2\/posts\/2785\/revisions"}],"predecessor-version":[{"id":2887,"href":"https:\/\/conservativenthusiast.com\/en\/wp-json\/wp\/v2\/posts\/2785\/revisions\/2887"}],"wp:featuredmedia":[{"embeddable":true,"href":"https:\/\/conservativenthusiast.com\/en\/wp-json\/wp\/v2\/media\/2813"}],"wp:attachment":[{"href":"https:\/\/conservativenthusiast.com\/en\/wp-json\/wp\/v2\/media?parent=2785"}],"wp:term":[{"taxonomy":"category","embeddable":true,"href":"https:\/\/conservativenthusiast.com\/en\/wp-json\/wp\/v2\/categories?post=2785"},{"taxonomy":"post_tag","embeddable":true,"href":"https:\/\/conservativenthusiast.com\/en\/wp-json\/wp\/v2\/tags?post=2785"}],"curies":[{"name":"wp","href":"https:\/\/api.w.org\/{rel}","templated":true}]}}