{"id":2724,"date":"2020-11-08T12:31:40","date_gmt":"2020-11-08T11:31:40","guid":{"rendered":"https:\/\/conservativeenthusiast.com\/?p=2724"},"modified":"2021-01-27T18:43:44","modified_gmt":"2021-01-27T17:43:44","slug":"leurope-en-marche-vers-le-gouffre-de-la-grande-guerre-1871-1914","status":"publish","type":"post","link":"https:\/\/conservativenthusiast.com\/en\/leurope-en-marche-vers-le-gouffre-de-la-grande-guerre-1871-1914\/","title":{"rendered":"L&#8217;Europe en marche vers le gouffre de la Grande Guerre (1871-1914)"},"content":{"rendered":"<p class=\"has-text-align-justify\">Avant de survoler les \u00e9l\u00e9ments importants de la Grande Guerre (1914-1918) dans un <a href=\"https:\/\/conservativenthusiast.com\/en\/premiere-guerre-mondiale\/\" target=\"_blank\" rel=\"noreferrer noopener\">prochain article<\/a>, il nous faut \u00e9tablir une contextualisation solide. Car la \u00ab\u00a0Der des Ders\u00a0\u00bb fut la r\u00e9sultante d\u2019une escalade des tensions en Europe qui cache un engrenage g\u00e9opolitique subtile et complexe. Alors, comment l\u2019Europe en est-elle arriv\u00e9e l\u00e0\u00a0?<\/p>\n\n\n\n<h2 class=\"wp-block-heading\"><span class=\"has-inline-color has-black-color\">Le syst\u00e8me Bismarckien pour isoler la France<\/span><\/h2>\n\n\n\n<p class=\"has-text-align-justify\">Commen\u00e7ons, comme on a l\u2019habitude de l\u2019entendre, par la guerre franco-allemande de 1870-1871 qui accoucha du Deuxi\u00e8me Reich allemand (janvier 1871). N\u2019oublions pas que la mutation fut double&nbsp;: la France, jusque-l\u00e0 sous le Second Empire de Napol\u00e9on III, versa pour la troisi\u00e8me fois dans le r\u00e9publicanisme en septembre 1870. La Troisi\u00e8me R\u00e9publique fran\u00e7aise naissait ainsi dans la d\u00e9faite et conc\u00e9dait derechef l\u2019Alsace-Moselle aux Allemands.<\/p>\n\n\n\n<div class=\"wp-block-image\"><figure class=\"aligncenter size-large\"><img decoding=\"async\" width=\"1024\" height=\"674\" src=\"https:\/\/conservativenthusiast.com\/wp-content\/uploads\/2020\/11\/WWI-carte-1871-1024x674.png\" alt=\"\" class=\"wp-image-2734\" srcset=\"https:\/\/conservativenthusiast.com\/wp-content\/uploads\/2020\/11\/WWI-carte-1871-1024x674.png 1024w, https:\/\/conservativenthusiast.com\/wp-content\/uploads\/2020\/11\/WWI-carte-1871-980x645.png 980w, https:\/\/conservativenthusiast.com\/wp-content\/uploads\/2020\/11\/WWI-carte-1871-480x316.png 480w\" sizes=\"(min-width: 0px) and (max-width: 480px) 480px, (min-width: 481px) and (max-width: 980px) 980px, (min-width: 981px) 1024px, 100vw\" \/><figcaption>L&#8217;Europe en 1871<\/figcaption><\/figure><\/div>\n\n\n\n<p class=\"has-text-align-justify\">Otto von Bismarck, le chancelier allemand, avait d\u00e9j\u00e0 d\u00e9montr\u00e9 tout son talent de diplomate et de fin connaisseur de la g\u00e9opolitique. Sa t\u00e2che n\u2019\u00e9tait pourtant pas termin\u00e9e&nbsp;: il savait la France revancharde et craignait l\u2019\u00e9ventualit\u00e9 d\u2019une nouvelle guerre. C\u2019est cette peur qui le poussa \u00e0 s\u2019allier \u00e0 l\u2019Empire d\u2019Autriche-Hongrie et l\u2019Empire de Russie, par ladite Entente des trois empereurs, en 1873&nbsp;: man\u0153uvre visant \u00e0 isoler diplomatiquement la France. Cette alliance contenait pourtant une variable non viable&nbsp;: elle r\u00e9unissait la Russie et l\u2019Autriche-Hongrie dont les int\u00e9r\u00eats \u00e9taient contraires, \u00e0 minima concernant les Balkans.<\/p>\n\n\n\n<h2 class=\"wp-block-heading\"><span class=\"has-inline-color has-black-color\">La crise d&#8217;orient, de l&#8217;apog\u00e9e \u00e0 la fin du syst\u00e8me bismarckien<\/span><\/h2>\n\n\n\n<p class=\"has-text-align-justify\">D\u00e8s 1875 et jusqu\u2019\u00e0 1878, la crise d\u2019orient, que provoqu\u00e8rent les soul\u00e8vements des peuples des Balkans contre le fragile Empire ottoman, montra les limites de l\u2019entente germano-austro-russe. Pour la Russie, l\u2019Empire ottoman \u00e9tait un ennemi s\u00e9culaire et une nouvelle guerre russo-turque (1877-1878) \u00e9branla les relations diplomatiques d\u00e9j\u00e0 ex\u00e9crables de ces deux empires. Cette fois-ci, la Russie \u00e9tait soutenue par les principaut\u00e9s de Roumanie, de Serbie et du Mont\u00e9n\u00e9gro ainsi que des volontaires Bulgares. La victoire russe offrit \u00e0 la Roumanie son ind\u00e9pendance, tout comme elle l\u2019offrit \u00e0 la Serbie et au Mont\u00e9n\u00e9gro qui, en sus, purent s\u2019agrandir territorialement au d\u00e9pend des Ottomans. La Bulgarie devint, elle, une principaut\u00e9 autonome et la Mac\u00e9doine comme la Roum\u00e9lie orientale lui furent initialement promises (trait\u00e9 de San Stefano). Ces gains territoriaux lui furent pourtant retir\u00e9s au congr\u00e8s de Berlin (1878) qui tentait de pallier les m\u00e9contentements dus au trait\u00e9 pr\u00e9c\u00e9dant.<\/p>\n\n\n\n<p class=\"has-text-align-justify\">Ce congr\u00e8s donna au Mont\u00e9n\u00e9gro l\u2019acc\u00e8s \u00e0 la mer Adriatique qu\u2019il d\u00e9sirait et plusieurs villes \u00e0 l\u2019Autriche-Hongrie. Cette derni\u00e8re attribution fera par ailleurs monter la tension avec la Serbie. La France profita de l\u2019attribution de Chypre au Royaume-Uni pour r\u00e9clamer la Tunisie ottomane, tandis que l\u2019Italie occupait Tripoli en Libye ottomane. Le Royaume-Uni profita des prises de position fran\u00e7aise et italienne pour s\u2019approprier, <em>de facto<\/em>, l\u2019Egypte ottomane. Celle-ci demeurait une partie de l\u2019Empire ottoman mais \u00e9tait g\u00e9r\u00e9e par les Britanniques. L\u2019ambition de ces derniers n\u2019\u00e9tait pas tant territoriale&nbsp;qu\u2019\u00e9conomique : le canal de Suez venait d\u2019\u00eatre creus\u00e9 (1869).<\/p>\n\n\n\n<p class=\"has-text-align-justify\">Apr\u00e8s ce congr\u00e8s de Berlin, Bismarck signa la Duplice avec la Double Monarchie austro-hongroise en 1879, assurant une assistance mutuelle secr\u00e8te en cas d\u2019attaque russe. Doit-on rappeler que l\u2019Entente des trois empereurs \u00e9tait toujours d\u2019actualit\u00e9&nbsp;? L\u2019Empire des tsars \u00e9tait vu comme impr\u00e9visible et dangereux. D\u2019ailleurs, le Trait\u00e9 des trois empereurs (\u00e0 ne pas confondre avec l\u2019Entente des trois empereurs) fut sign\u00e9 en 1881 et assurait la neutralit\u00e9 entre les trois empires. Cette m\u00eame ann\u00e9e, la Roumanie obtint sa compl\u00e8te ind\u00e9pendance vis-\u00e0-vis de l\u2019Empire ottoman.<\/p>\n\n\n\n<p class=\"has-text-align-justify\">En 1882, Bismarck agrandit la Duplice en y int\u00e9grant l\u2019Italie, formant la Triplice. Cette alliance \u00e9tait dirig\u00e9e contre la France et assurait une assistance mutuelle contre elle. Si l\u2019Italie entra dans cette alliance, c\u2019est parce que Paris \u00e9tablit un protectorat sur la Tunisie en 1881&nbsp;; territoire qu\u2019elle convoitait et que la France tenait depuis le congr\u00e8s de Berlin de 1878. Concernant ce dernier, ses stigmates d\u00e9clench\u00e8rent la guerre serbo-bulgare (1885-1886) dans les Balkans.<\/p>\n\n\n\n<p class=\"has-text-align-justify\">Pourquoi cette guerre serbo-bulgare&nbsp;? La principaut\u00e9 de Bulgarie revendiqua la Roum\u00e9lie orientale qu\u2019on lui avait promise (San Stefano) puis refus\u00e9e (Berlin, 1878), demeur\u00e9e province autonome de l\u2019Empire ottoman. Les Serbes s\u2019oppos\u00e8rent \u00e0 l\u2019affirmation de la puissance bulgare. La Serbie, soutenue par l\u2019Autriche-Hongrie, fut d\u00e9faite par la Bulgarie, soutenue par la Russie. La Roum\u00e9lie orientale revint alors \u00e0 la principaut\u00e9 de Bulgarie. On voit d\u00e9j\u00e0 ici, trente ans avant le d\u00e9clenchement de la Premi\u00e8re Guerre mondiale, une tension certaine entre la Russie et l\u2019Autriche-Hongrie. Le premier stade fut la m\u00e9sentente du fait des int\u00e9r\u00eats oppos\u00e9s. Le deuxi\u00e8me stade venait d\u2019\u00eatre d\u00e9pass\u00e9&nbsp;: un affrontement par procuration.<\/p>\n\n\n\n<p class=\"has-text-align-justify\">En 1885, la conf\u00e9rence de Berlin (\u00e0 ne pas confondre avec le congr\u00e8s de 1878) rassembla les puissances europ\u00e9ennes concernant le partage de l\u2019Afrique. Bismarck consid\u00e9rait, \u00e0 raison, que les vell\u00e9it\u00e9s coloniales, particuli\u00e8rement en Afrique, d\u00e9tournaient la violence et \u00e9vitaient les guerres en Europe. Mais cette seconde vague de colonisation, focalis\u00e9e sur l\u2019Afrique et l\u2019Asie, touchait \u00e0 sa fin. Et l\u2019Allemagne poss\u00e9dait un empire colonial bien maigre&nbsp;: elle \u00e9tait la perdante de la colonisation de l\u2019Afrique. Fran\u00e7ais et Britanniques en \u00e9taient les vainqueurs. L\u2019Allemagne essayera sous peu d\u2019avoir une plus grande part du g\u00e2teau.<\/p>\n\n\n\n<div class=\"wp-block-image\"><figure class=\"aligncenter size-large\"><img decoding=\"async\" width=\"1024\" height=\"576\" src=\"https:\/\/conservativenthusiast.com\/wp-content\/uploads\/2020\/11\/Capture-decran-219-1024x576.png\" alt=\"\" class=\"wp-image-2736\" srcset=\"https:\/\/conservativenthusiast.com\/wp-content\/uploads\/2020\/11\/Capture-decran-219-980x551.png 980w, https:\/\/conservativenthusiast.com\/wp-content\/uploads\/2020\/11\/Capture-decran-219-480x270.png 480w\" sizes=\"(min-width: 0px) and (max-width: 480px) 480px, (min-width: 481px) and (max-width: 980px) 980px, (min-width: 981px) 1024px, 100vw\" \/><figcaption>Le partage de l&#8217;Afrique entre les puissances coloniales europ\u00e9ennes (fin XIXe)<\/figcaption><\/figure><\/div>\n\n\n\n<p class=\"has-text-align-justify\">Le trait\u00e9 de r\u00e9assurance entre les empires allemand et russe fut sign\u00e9 en 1887 et garantissait la neutralit\u00e9 de la Russie dans une \u00e9ventuelle guerre d\u00e9clar\u00e9e par la France contre l\u2019Empire allemand comme de la neutralit\u00e9 de l\u2019Allemagne dans une \u00e9ventuelle guerre d\u00e9clar\u00e9e par les Austro-hongrois contre l\u2019Empire russe. De plus, l\u2019Allemagne laissait la Russie libre sur la question des d\u00e9troits, nous y reviendrons. Les int\u00e9r\u00eats austro-russes \u00e9taient si divergents que la Russie en venait \u00e0 se pr\u00e9munir d\u2019une intervention allemande. C\u2019\u00e9tait envisager la guerre et la pr\u00e9parer. C\u00f4t\u00e9 allemand, c\u2019\u00e9tait surtout le dernier acte du syst\u00e8me bismarckien.<\/p>\n\n\n\n<p class=\"has-text-align-justify\">En 1888, Guillaume Ier, l\u2019empereur du Deuxi\u00e8me Reich, passa l\u2019arme \u00e0 gauche. Son petit-fils, Guillaume II, lui succ\u00e9da. Ce dernier entendait mener un r\u00e8gne plus personnel. Surtout, il voulait avoir les mains libres avec la Russie pour pouvoir se rapprocher de l\u2019Autriche-Hongrie. C\u2019\u00e9tait menacer le fragile \u00e9quilibre \u00e9tabli par Bismarck. De ce fait, le chancelier d\u00e9missionna en 1890 et son syst\u00e8me s\u2019\u00e9croula en partie avec son d\u00e9part. La politique d\u2019\u00e9quilibre bismarckienne laissait place \u00e0 la <em>Weltpolitik<\/em> (\u00ab&nbsp;Politique mondiale&nbsp;\u00bb expansionniste et belliqueuse) de Guillaume II. Si la Triplice lui surv\u00e9cut, les divergences des int\u00e9r\u00eats austro-russes \u00e9cart\u00e8rent la Russie de l\u2019Empire allemand.<\/p>\n\n\n\n<p class=\"has-text-align-justify\">De fait, le trait\u00e9 de r\u00e9assurance, impopulaire en Allemagne, devait \u00eatre renouvel\u00e9 mais fut rejet\u00e9 en 1890, comme en 1891. C\u2019\u00e9tait une humiliation pour la Russie. Celle-ci \u00e9tait pourtant germanophile, son commerce et son industrie \u00e9taient tourn\u00e9s vers la Prusse. La francophilie \u00e9tait tout au plus culturelle en Russie. Rien n\u2019appelait \u00e0 une alliance franco-russe, jug\u00e9e contre-nature. Pourtant, d\u00e9sormais seule, Saint-P\u00e9tersbourg se tourna vers Paris. La France en profita&nbsp;: l\u2019alliance militaire franco-russe fut sign\u00e9e d\u00e8s 1893&nbsp;; elle assurait notamment d\u2019un soutien mutuel contre la Triplice. L\u2019ancien chancelier allemand, par ses man\u0153uvres, avait tenu la France diplomatiquement isol\u00e9e en Europe pendant vingt ans&nbsp;! L\u2019Allemagne risquait d\u00e9sormais ce qui \u00e9tait le pire cauchemar de Bismarck&nbsp;: une guerre sur deux fronts.<\/p>\n\n\n\n<h2 class=\"wp-block-heading\"><span class=\"has-inline-color has-black-color\">Une alliance franco-russe en partie dirig\u00e9e contre l&#8217;imp\u00e9rialisme britannique<\/span><\/h2>\n\n\n\n<p class=\"has-text-align-justify\">Les Russes voulaient les capitaux fran\u00e7ais pour soutenir l\u2019expansion rapide de leur industrialisation et de leur syst\u00e8me bancaire. De fait, ce fut rapidement 1\/3 de l\u2019\u00e9pargne des Fran\u00e7ais qui fut investie dans l\u2019Empire russe, notamment dans le rail. La France, r\u00e9publicaine dans une Europe de souverains, sortait avec succ\u00e8s de son isolation diplomatique en s\u2019alliant avec un empire conservateur. L\u2019alliance franco-russe de 1893 instaurait une coop\u00e9ration militaire, \u00e9conomique et financi\u00e8re en plus de l\u2019alliance d\u00e9fensive dirig\u00e9e surtout contre l\u2019Allemagne et \u2026 l\u2019Empire britannique. \u00c7a peut paraitre d\u00e9routant de prime abord quand on connait la suite. C\u2019est en r\u00e9alit\u00e9 logique.<\/p>\n\n\n\n<p class=\"has-text-align-justify\">Le Royaume-Uni, par son immense empire, bloquait toutes les voies d\u2019expansion naturelles de la Russie&nbsp;: Chine, Afghanistan, Perse et d\u00e9troits ottomans. Il en allait en r\u00e9alit\u00e9 de m\u00eame pour la France. Et puis, la Russie \u00e9tant davantage germanophile, cherchait encore \u00e0 se concilier l\u2019Empire allemand. D\u2019ailleurs, le trait\u00e9 \u00e9tait d\u00e9fensif et interdisait un soutien \u00e0 une France agressive. Ainsi, par cet accord franco-russe, la France jugulait la mont\u00e9e en puissance allemande en sortant de l\u2019isolement, la Russie se montrait en position de force dans les Balkans face \u00e0 un Empire d\u2019Autriche-Hongrie jug\u00e9 d\u00e9cadent et Paris comme Saint-P\u00e9tersbourg envoyaient un message \u00e0 Londres.<\/p>\n\n\n\n<p class=\"has-text-align-justify\">Les ann\u00e9es 1880 et 1890 virent na\u00eetre, en sus du nationalisme, un fort sentiment imp\u00e9rialiste europ\u00e9en. D\u2019o\u00f9 le couronnement de la reine Victoria comme imp\u00e9ratrice des Indes en 1876. Le peuple commen\u00e7a \u00e0 consid\u00e9rer les fronti\u00e8res imp\u00e9riales comme les fronti\u00e8res nationales. L\u00e2cher du terrain, m\u00eame lointain, devenait d\u00e9sormais une atteinte scandaleuse \u00e0 l\u2019int\u00e9grit\u00e9 imp\u00e9riale pour les peuples. Ayant cela en t\u00eate, nous comprendrons mieux les prochaines crises et pourquoi elles furent si tendues.<\/p>\n\n\n\n<div class=\"wp-block-image\"><figure class=\"aligncenter size-large\"><img decoding=\"async\" width=\"1024\" height=\"576\" src=\"https:\/\/conservativenthusiast.com\/wp-content\/uploads\/2020\/11\/Capture-decran-213-1024x576.png\" alt=\"\" class=\"wp-image-2739\" srcset=\"https:\/\/conservativenthusiast.com\/wp-content\/uploads\/2020\/11\/Capture-decran-213-980x551.png 980w, https:\/\/conservativenthusiast.com\/wp-content\/uploads\/2020\/11\/Capture-decran-213-480x270.png 480w\" sizes=\"(min-width: 0px) and (max-width: 480px) 480px, (min-width: 481px) and (max-width: 980px) 980px, (min-width: 981px) 1024px, 100vw\" \/><figcaption>Le monde et la colonisation europ\u00e9enne (fin XIXe)<\/figcaption><\/figure><\/div>\n\n\n\n<p class=\"has-text-align-justify\">Avant de voir apparaitre les s\u00e9rieuses crises africaines entre la France et l\u2019Empire allemand, ce furent les Fran\u00e7ais et les Britanniques qui se confront\u00e8rent. En Afrique, la France terminait sa colonisation selon un axe Ouest-Est allant de l\u2019Atlantique (Dakar, S\u00e9n\u00e9gal) \u00e0 la mer Rouge (Djibouti). Le Royaume-Uni, lui, terminait sa colonisation en suivant un axe Nord-Sud allant de la M\u00e9diterran\u00e9e (Le Caire, Egypte) \u00e0 l\u2019Atlantique sud (Le Cap en Afrique du Sud). Irr\u00e9m\u00e9diablement, deux colonnes, l\u2019une fran\u00e7aise, l\u2019autre britannique, se rencontr\u00e8rent \u00e0 la crois\u00e9e des chemins en 1898. En l\u2019occurrence \u00e0 Fachoda, dans l\u2019actuel Soudan du Sud.<\/p>\n\n\n\n<p class=\"has-text-align-justify\">Cette crise diplomatique majeure, quant \u00e0 la revendication de Fachoda, manqua de d\u00e9g\u00e9n\u00e9rer. La France recula finalement. C\u2019\u00e9tait une humiliation diplomatique pour cette derni\u00e8re mais \u00e9galement un scandale pour l\u2019opinion populaire. Le Royaume-Uni s\u2019empressa de faire des concessions sur d\u2019autres points en Afrique pour rendre sa cr\u00e9dibilit\u00e9 \u00e0 la France. C\u2019est que, de part et d\u2019autre, on avait mieux \u00e0 faire que s\u2019affronter, malgr\u00e9 la mont\u00e9e des nationalismes. Pour la France, on se souciait de r\u00e9cup\u00e9rer l\u2019Alsace-Moselle, de r\u00e9gler la question de la la\u00efcit\u00e9 (chose faite le 9 d\u00e9cembre 1905 avec la loi de la s\u00e9paration des Eglises et de l\u2019Etat) et surtout de traiter l\u2019affaire Dreyfus (1894-1906). Au Royaume-Uni, on se pr\u00e9occupait bien plus de la Seconde Guerre des Boers (1899-1902).<\/p>\n\n\n\n<h2 class=\"wp-block-heading\"><span class=\"has-inline-color has-black-color\">Fissure dans la Triple Alliance et \u00e9mergence de la Triple Entente<\/span><\/h2>\n\n\n\n<p class=\"has-text-align-justify\">En Europe, une invisible trahison mena\u00e7ait la Triple-Alliance (Triplice)&nbsp;: L\u2019Italie, parce qu\u2019elle d\u00e9pendait financi\u00e8rement de la France \u00e0 hauteur de 60% (dette ext\u00e9rieure) au d\u00e9but du XX<sup>\u00e8me<\/sup> si\u00e8cle, conclut un accord secret avec cette derni\u00e8re en 1902 par lequel l\u2019Italie s\u2019engageait \u00e0 rester neutre en cas d\u2019attaque allemande sur la France. On ajoutera un ressentiment italien envers l\u2019Autriche-Hongrie. L\u2019Italie revendiquait, en effet, des terres de son imposant voisin qui sont situ\u00e9es dans les Alpes juliennes, au nord-est de l\u2019Italie.<\/p>\n\n\n\n<p class=\"has-text-align-justify\">En 1904-1905, l\u2019empire tsariste (Russie) se trouva vaincu durant la bataille navale de Tsushima par le Japon. Ce pays \u00e9tait pourtant consid\u00e9r\u00e9, \u00e0 cette \u00e9poque, comme de seconde zone, militairement parlant. Le trait\u00e9 de paix de Portsmouth fut sign\u00e9 en 1905. A cette humiliante d\u00e9faite se juxtaposa une premi\u00e8re r\u00e9volution populaire. Le tsar Nicolas II n\u2019\u00e9tait pas tr\u00e8s populaire. L\u2019Empire russe des Romanov chancelait sans sombrer. En r\u00e9alit\u00e9, ces d\u00e9boires furent d\u00e9cisifs dans la formation de la Triple Entente. La France ne pouvait se permettre de voir son seul alli\u00e9 durablement affaibli et intensifia son aide \u00e0 la Russie. Paris voulait moderniser cette derni\u00e8re, surtout militairement parlant. Ce revers de Tsushima obligea \u00e9galement le tsar Nicolas II \u00e0 renoncer \u00e0 ses ambitions orientales et \u00e0 reporter son attention sur l\u2019occident. Ce recul russe r\u00e9chauffait les relations russo-britanniques.<\/p>\n\n\n\n<p class=\"has-text-align-justify\">Depuis bien longtemps, le Royaume-Uni s\u2019attelait \u00e0 r\u00e9guler la balance des puissances. Il voulait pr\u00e9server un concert de puissances moyennes en Europe. Si une puissance devenait inqui\u00e9tante, voire h\u00e9g\u00e9monique, elle devenait l\u2019ennemie du Royaume-Uni. Ainsi, la France fut bien longtemps l\u2019ennemi d\u00e9sign\u00e9 \u00e0 cause de sa pr\u00e9pond\u00e9rance. Seulement voil\u00e0, depuis 1871 et la guerre franco-allemande, c\u2019\u00e9tait bien l\u2019Empire allemand qui avait repris le flambeau. D\u2019autant plus que celui-ci d\u00e9veloppait sa Hochseeflotte (flotte de Haute Mer) dans l\u2019optique d\u2019\u00e9galer la Royal Navy britannique. Sans oublier la comp\u00e9titivit\u00e9 \u00e9conomique r\u00e9gnant entre les deux pays. Et pour cause, la production industrielle allemande atteindra 15,7% du total mondial en 1914, alors que le Royaume-Uni produira 14% du total. Mais n\u2019avan\u00e7ons pas trop rapidement.<\/p>\n\n\n\n<p class=\"has-text-align-justify\">L\u2019Allemagne \u00e9tant la puissance la plus inqui\u00e9tante et \u00e9tant \u00e0 la t\u00eate de la Triple Alliance, le Royaume-Uni se rapprocha de la France, cr\u00e9ant l\u2019Entente cordiale en 1904. Cette entente r\u00e9gla les diff\u00e9rends coloniaux entre les deux vieux rivaux, surtout en Afrique. La France y reconnut la libert\u00e9 de commerce au Maroc, \u00e0 quoi les Britanniques conc\u00e9d\u00e8rent la neutralit\u00e9 du tout nouveau canal de Suez, en Egypte. Ce rapprochement \u00e9tait, \u00e0 bien des \u00e9gards, le fruit des actions de Napol\u00e9on III. De mani\u00e8re directe car ce dernier avait \u00e9t\u00e9 un grand anglophile. Mais \u00e9galement de mani\u00e8re indirecte car c\u2019est sa chute en 1870 qui ent\u00e9rina la pr\u00e9pond\u00e9rance allemande sur le continent. Les relations franco-britanniques \u00e9taient, chose rare dans l\u2019Histoire, plut\u00f4t bonnes. D\u2019autant plus avec le r\u00e8glement des diff\u00e9rends en Afrique. Plus concr\u00e8tement, dans cette fi\u00e8vre colonialiste, c\u2019\u00e9tait un rapprochement des poss\u00e9dants face aux chasseurs de terres. L\u2019Entente cordiale, par extension, devint la Triple Entente (France, Royaume-Uni et Russie) en 1907.<\/p>\n\n\n\n<p class=\"has-text-align-justify\">Londres accepta de s\u2019allier avec une Russie diminu\u00e9e par la d\u00e9faite de Tsushima (1905) et ayant renonc\u00e9 \u00e0 ses ambitions orientales. Les Britanniques sign\u00e8rent pour apaiser la Russie, vue comme un facteur d\u2019instabilit\u00e9 au Tibet et en Afghanistan. La convention de 1907 d\u00e9limitait d\u2019ailleurs les zones d\u2019influence de chacun, ne laissant \u00e0 la Russie que les Balkans pour faire montre de sa puissance.<\/p>\n\n\n\n<p class=\"has-text-align-justify\">Cette alliance russo-britannique \u00e9tait donc presque exclusivement de circonstance. Si bien que les Britanniques s\u2019oppos\u00e8rent toujours \u00e0 la tendance du panslavisme russe et de ses int\u00e9r\u00eats dans les Balkans. On peut ajouter un second sujet sur lequel Fran\u00e7ais comme Britanniques avaient toujours \u00e9t\u00e9 frileux&nbsp;: la question des d\u00e9troits. Les Russes voulaient, depuis longtemps, \u00e9tendre leur influence dans les eaux chaudes de la M\u00e9diterran\u00e9e. Pour ce faire, l\u2019Empire russe demandait \u00e0 l\u2019Empire ottoman l\u2019internationalisation des d\u00e9troits du Bosphore et des Dardanelles. L\u2019Europe, Paris et Londres les premiers, avait toujours refus\u00e9 aux Russes un tel gain d\u2019influence, jug\u00e9 dangereux. On rappellera ici que c\u2019est en partie ce qui motiva la guerre de Crim\u00e9e en 1853-1856, lors de laquelle Fran\u00e7ais et Britanniques avaient soutenus les Ottomans contre les Russes. L\u2019Entente rassemblait des int\u00e9r\u00eats imp\u00e9rialistes contradictoires. Du reste, la Royaume-Uni s\u2019opposa aussi \u00e0 l\u2019Allemagne sur la question, vitale pour les Britanniques, du canal de Suez.<\/p>\n\n\n\n<div class=\"wp-block-image\"><figure class=\"aligncenter size-large\"><img decoding=\"async\" width=\"1024\" height=\"576\" src=\"https:\/\/conservativenthusiast.com\/wp-content\/uploads\/2020\/11\/Capture-decran-417-1024x576.png\" alt=\"\" class=\"wp-image-2742\" srcset=\"https:\/\/conservativenthusiast.com\/wp-content\/uploads\/2020\/11\/Capture-decran-417-980x551.png 980w, https:\/\/conservativenthusiast.com\/wp-content\/uploads\/2020\/11\/Capture-decran-417-480x270.png 480w\" sizes=\"(min-width: 0px) and (max-width: 480px) 480px, (min-width: 481px) and (max-width: 980px) 980px, (min-width: 981px) 1024px, 100vw\" \/><figcaption>Les d\u00e9troits ottomans et le canal de Suez dans la g\u00e9opolitique europ\u00e9enne<\/figcaption><\/figure><\/div>\n\n\n\n<h2 class=\"wp-block-heading\"><span class=\"has-inline-color has-black-color\">Une Europe bipolaris\u00e9e sous tension<\/span><\/h2>\n\n\n\n<p class=\"has-text-align-justify\">Le ton ne se faisait pas plus dur seulement entre Londres et Berlin. En Afrique du Nord, les tensions mont\u00e8rent autour du Maroc entre la France et le Deuxi\u00e8me Reich. Tous deux voulaient y \u00e9tablir leur influence. Une premi\u00e8re crise, dite de Tanger (1905) \u00e9clata. Entre 1887 et 1907, l\u2019Europe \u00e9tait ainsi pass\u00e9e de l\u2019apog\u00e9e bismarckienne \u00e0 une dangereuse bipolarisation.<\/p>\n\n\n\n<p class=\"has-text-align-justify\">Les empires austro-hongrois et ottoman \u00e9taient d\u00e9sormais trop faibles pour s\u2019imposer dans les Balkans. D\u2019ailleurs, les Ottomans voyaient leur territoire europ\u00e9en se r\u00e9duire comme peau de chagrin. La Russie en vint \u00e0 craindre l\u2019\u00e9mergence d\u2019une nouvelle puissance balkanique. De cette peur la volont\u00e9 Russe de tenir les Balkans, notamment pour tenir les d\u00e9troits ottomans. Saint-P\u00e9tersbourg tenta alors de faire de la Serbie et de la Bulgarie, nations slaves des Balkans, ses points d\u2019appuis dans un panslavisme naissant mais f\u00e9brile. Ce n\u2019\u00e9tait pas seulement aller \u00e0 l\u2019encontre des int\u00e9r\u00eats austro-hongrois. C\u2019\u00e9tait aussi vouloir concilier deux nations aux ambitions contradictoires.<\/p>\n\n\n\n<p class=\"has-text-align-justify\">Le panslavisme \u00e9tait surtout utile en interne car populaire en Russie. D\u00e9j\u00e0, les d\u00e9cideurs politiques russes se scindaient entre les lib\u00e9raux voulant aider les Slaves et les conservateurs, plus lucides quant aux capacit\u00e9s militaires russes, qui appelaient \u00e0 la prudence. Jusqu\u2019en 1908, les limites entre les empires d\u2019Autriche-Hongrie et de Russie \u00e9taient claires et respect\u00e9es. L\u2019annexion de la Bosnie par l\u2019Autriche-Hongrie en 1909 fit na\u00eetre un sentiment proserbe en Russie. Les tensions ne cess\u00e8rent d\u2019augmenter. D\u2019autant que la Russie et l\u2019Autriche-Hongrie envisageaient un conflit bref pour f\u00e9d\u00e9rer leurs peuples respectifs par le patriotisme.<\/p>\n\n\n\n<p class=\"has-text-align-justify\">Une seconde crise franco-allemande concernant le Maroc \u00e9clata. La crise dite d\u2019Agadir (1911) avait les m\u00eames fondements que la pr\u00e9c\u00e9dente. La France, qui voulait \u00e9viter la guerre en Europe, dut c\u00e9der 272&nbsp;000 km\u00b2 de terres africaines jouxtant le Cameroun allemand. L\u2019Empire allemand, ayant obtenu une plus grande part du g\u00e2teau africain, laissa la France \u00e9tablir un protectorat sur le Maroc. L\u2019Italie s\u2019\u00e9tait d\u00e9j\u00e0 essay\u00e9e \u00e0 la conqu\u00eate africaine, avait officiellement annex\u00e9 l\u2019Erythr\u00e9e en 1882 et s\u2019\u00e9tait ensuite aventur\u00e9e en Ethiopie. Balay\u00e9e \u00e0 Adoua en 1896 par l\u2019arm\u00e9e de l\u2019Empire \u00e9thiopien, les Italiens avaient tr\u00e8s mal v\u00e9cu cette humiliation. L\u2019Italie voulait sa part d\u2019Afrique et se d\u00e9cida \u00e0 r\u00e9essayer, cette fois au d\u00e9triment de l\u2019Empire ottoman.<\/p>\n\n\n\n<div class=\"wp-block-image\"><figure class=\"aligncenter size-large\"><img decoding=\"async\" width=\"1024\" height=\"576\" src=\"https:\/\/conservativenthusiast.com\/wp-content\/uploads\/2020\/11\/Capture-decran-215-1024x576.png\" alt=\"\" class=\"wp-image-2740\" srcset=\"https:\/\/conservativenthusiast.com\/wp-content\/uploads\/2020\/11\/Capture-decran-215-980x551.png 980w, https:\/\/conservativenthusiast.com\/wp-content\/uploads\/2020\/11\/Capture-decran-215-480x270.png 480w\" sizes=\"(min-width: 0px) and (max-width: 480px) 480px, (min-width: 481px) and (max-width: 980px) 980px, (min-width: 981px) 1024px, 100vw\" \/><figcaption>Repr\u00e9sentation de la perte de territoire de l&#8217;Empire Ottoman entre 1850 et 1914<\/figcaption><\/figure><\/div>\n\n\n\n<h2 class=\"wp-block-heading\"><span class=\"has-inline-color has-black-color\">La faiblesse ottomanne enflamme les Balkans<\/span><\/h2>\n\n\n\n<p class=\"has-text-align-justify\">En 1911, suite au congr\u00e8s de Berlin de 1878 qui donnait \u00e0 l\u2019Italie Tripoli ; mais \u00e9galement suite \u00e0 une clause de l\u2019accord secret avec la France en 1902, l\u2019Italie lan\u00e7a un ultimatum \u00e0 l\u2019Empire ottoman concernant la Libye ottomane. Ce dernier se montra conciliant mais pas assez au go\u00fbt des Italiens. Ainsi fut d\u00e9clench\u00e9e la guerre italo-turque (1911-1912), laquelle d\u00e9montra, malgr\u00e9 une pi\u00e8tre organisation italienne, la faiblesse ottomane. La victoire finale italienne donna des id\u00e9es \u00e0 certaines nations dans les Balkans, toujours en qu\u00eate d\u2019\u00e9mancipation ou de gains territoriaux.<\/p>\n\n\n\n<div class=\"wp-block-image\"><figure class=\"aligncenter size-large\"><img decoding=\"async\" width=\"800\" height=\"560\" src=\"https:\/\/conservativenthusiast.com\/wp-content\/uploads\/2020\/11\/image-wwI-balkans.jpg\" alt=\"\" class=\"wp-image-2746\" srcset=\"https:\/\/conservativenthusiast.com\/wp-content\/uploads\/2020\/11\/image-wwI-balkans.jpg 800w, https:\/\/conservativenthusiast.com\/wp-content\/uploads\/2020\/11\/image-wwI-balkans-480x336.jpg 480w\" sizes=\"(min-width: 0px) and (max-width: 480px) 480px, (min-width: 481px) 800px, 100vw\" \/><figcaption>La carte des Balkans avant les guerres Balkaniques<\/figcaption><\/figure><\/div>\n\n\n\n<p class=\"has-text-align-justify\">La suite logique de la guerre italo-turque, des tensions dans les Balkans et des r\u00e9voltes albanaises (1910-1912) est sans appel&nbsp;: les deux guerres balkaniques. Celles-ci virent les nouvelles nations, juste d\u00e9livr\u00e9es du joug ottoman, presque chasser la Sublime Porte hors d\u2019Europe. La Premi\u00e8re Guerre balkanique (1912-1913) opposa une coalition (Serbie, Gr\u00e8ce, Mont\u00e9n\u00e9gro et Bulgarie) \u00e0 l\u2019Empire ottoman. La coalition sortant vainqueur de l\u2019affrontement, la Bulgarie s\u2019estima l\u00e9s\u00e9e sur le partage de la Mac\u00e9doine, vieille revendication datant du trait\u00e9 de San Stefano de 1878. La Serbie s\u2019\u00e9tait, elle, arrog\u00e9e la part du lion, ce qui provoqua l\u2019ire des Bulgares. De ce m\u00e9contentement d\u00e9coula la Seconde Guerre balkanique (1913) durant laquelle la Bulgarie se fit \u00e9triller, seule contre une coalition regroupant ses anciens alli\u00e9s et ennemis : la Serbie, la Gr\u00e8ce, la Roumanie et l\u2019Empire ottoman.<\/p>\n\n\n\n<div class=\"wp-block-image\"><figure class=\"aligncenter size-large\"><img decoding=\"async\" width=\"1024\" height=\"710\" src=\"https:\/\/conservativenthusiast.com\/wp-content\/uploads\/2020\/11\/image-wwI-balkans-II-1024x710.png\" alt=\"\" class=\"wp-image-2748\" srcset=\"https:\/\/conservativenthusiast.com\/wp-content\/uploads\/2020\/11\/image-wwI-balkans-II-1024x710.png 1024w, https:\/\/conservativenthusiast.com\/wp-content\/uploads\/2020\/11\/image-wwI-balkans-II-980x680.png 980w, https:\/\/conservativenthusiast.com\/wp-content\/uploads\/2020\/11\/image-wwI-balkans-II-480x333.png 480w\" sizes=\"(min-width: 0px) and (max-width: 480px) 480px, (min-width: 481px) and (max-width: 980px) 980px, (min-width: 981px) 1024px, 100vw\" \/><figcaption>Les Balkans apr\u00e8s les guerres balkaniques<\/figcaption><\/figure><\/div>\n\n\n\n<p class=\"has-text-align-justify\">Pendant les guerres balkaniques, le blocus des d\u00e9troits ottomans fit souffrir l\u2019\u00e9conomie russe dont 37% des exportations transitaient par ces voies commerciales. Pour Saint-P\u00e9tersbourg, contr\u00f4ler les d\u00e9troits devenait vital pour la sauvegarde de son \u00e9conomie. Les guerres balkaniques montr\u00e8rent surtout que les Austro-hongrois, tout comme les Ottomans, \u00e9taient d\u00e9sormais incapables de la t\u00e2che qui leur incombait nagu\u00e8re d\u2019apaiser les tensions dans les Balkans. Pour la Russie, elles montraient aussi l\u2019inconcevabilit\u00e9 d\u2019une entente entre Serbes et Bulgares, farouchement antagonistes. Saint-P\u00e9tersbourg devait choisir son camp. On s\u2019en souvient, l\u2019annexion de la Bosnie par l\u2019Autriche-Hongrie avait fait na\u00eetre un sentiment proserbe en Russie. La Bulgarie \u00e9tait, elle, jug\u00e9e peu fiable. Saint-P\u00e9tersbourg refusa d\u2019aider cette derni\u00e8re, pourtant ruin\u00e9e par la guerre. Le grand fr\u00e8re russe s\u2019\u00e9tait prononc\u00e9. La Serbie devint le pivot de la politique russe dans les Balkans. C\u2019\u00e9tait provoquer le rapprochement germano-bulgare.<\/p>\n\n\n\n<div class=\"wp-block-image\"><figure class=\"aligncenter size-large\"><img decoding=\"async\" width=\"1024\" height=\"576\" src=\"https:\/\/conservativenthusiast.com\/wp-content\/uploads\/2020\/11\/Capture-decran-216-1024x576.png\" alt=\"\" class=\"wp-image-2750\" srcset=\"https:\/\/conservativenthusiast.com\/wp-content\/uploads\/2020\/11\/Capture-decran-216-980x551.png 980w, https:\/\/conservativenthusiast.com\/wp-content\/uploads\/2020\/11\/Capture-decran-216-480x270.png 480w\" sizes=\"(min-width: 0px) and (max-width: 480px) 480px, (min-width: 481px) and (max-width: 980px) 980px, (min-width: 981px) 1024px, 100vw\" \/><figcaption>La m\u00eame comparaison entre 1850 et 1914 pour l&#8217;Empire ottoman, mais avec les b\u00e9n\u00e9ficiaires de son effondrement<\/figcaption><\/figure><\/div>\n\n\n\n<p class=\"has-text-align-justify\">Le parti belliciste prit le dessus en Russie en 1914. Pouss\u00e9e par la France, la Russie envisagea une guerre g\u00e9n\u00e9ralis\u00e9e pour r\u00e9soudre ses probl\u00e8mes et s\u2019emparer des d\u00e9troits. La Russie, si prudente en 1893, se laissait s\u00e9duire en 1914 par la France, qui tournait l\u2019alliance contre l\u2019Allemagne.<\/p>\n\n\n\n<h2 class=\"wp-block-heading\"><span class=\"has-inline-color has-black-color\">Les liens du sang ne sauveront pas l&#8217;Europe<\/span><\/h2>\n\n\n\n<p class=\"has-text-align-justify\">L\u2019Europe de 1914 \u00e9tait, malgr\u00e9 les alliances, une grande famille. George V d\u2019Angleterre, le Kaiser Guillaume II et le Tsar Nicolas II \u00e9taient cousins. George V et Nicolas II se ressemblaient par ailleurs \u00e9norm\u00e9ment. La Kaiser Guillaume II \u00e9tait le parrain d\u2019Alexe\u00ef, le tsar\u00e9vitch, fils et h\u00e9ritier de Nicolas II. George V d\u2019Angleterre et Albert I<sup>er<\/sup> de Belgique \u00e9taient \u00e9galement des cousins \u00e9loign\u00e9s par la maison de Saxe-Cobourg-Gotha. George V allait d\u2019ailleurs changer de nom de famille, \u00e0 la consonnance germanique, une fois la guerre d\u00e9clench\u00e9e contre l\u2019Empire allemand. Il abandonnera son nom au profit de celui de Windsor. Tout ce beau monde descendait largement de Christian IX du Danemark, le \u00ab&nbsp;beau-p\u00e8re de l\u2019Europe&nbsp;\u00bb mais surtout de la reine Victoria d\u2019Angleterre, la \u00ab&nbsp;grand-m\u00e8re de l\u2019Europe&nbsp;\u00bb. On pourrait croire \u00e0 des relations, de faite, familiales, plus apais\u00e9es&nbsp;: il n\u2019en est rien.<\/p>\n\n\n\n<div class=\"wp-block-image\"><figure class=\"aligncenter size-large\"><img decoding=\"async\" width=\"724\" height=\"1024\" src=\"https:\/\/conservativenthusiast.com\/wp-content\/uploads\/2020\/11\/image-wwI-Nico-et-Georges-724x1024.jpg\" alt=\"\" class=\"wp-image-2752\"\/><figcaption>Nicolas II \u00e0 gauche et Georges V \u00e0 droite<\/figcaption><\/figure><\/div>\n\n\n\n<p class=\"has-text-align-justify\">Une nouveaut\u00e9 d\u2019ordre militaire a son importance dans la gestion de la crise de 1914&nbsp;: les \u00e9tats-majors de toutes les puissances majeures ont pr\u00e9par\u00e9 des plans de guerre pr\u00e9cis en pr\u00e9vision d\u2019un conflit. En p\u00e9riode de paix, les puissances se pr\u00e9paraient donc \u00e0 d\u2019\u00e9ventuelles guerres \u00e0 venir. Cette anticipation est bien nouvelle, on n\u2019imaginait auparavant les plans de guerre qu\u2019au d\u00e9but du confit. Or l\u2019Empire allemand a d\u00e9j\u00e0 un plan d\u2019attaque&nbsp;depuis le d\u00e9but du si\u00e8cle : le plan Schlieffen.<\/p>\n\n\n\n<p class=\"has-text-align-justify\">L\u2019Allemagne, par ce plan dirig\u00e9 contre la France et la Russie, cherchait \u00e0 \u00e9viter une guerre sur deux fronts. Il visait \u00e0 an\u00e9antir la France en 40 jours puis \u00e0 reporter l\u2019effort sur le front est, aid\u00e9 dans ce projet par l\u2019Autriche-Hongrie. La France, de son c\u00f4t\u00e9, imagina le Plan XVII. D\u2019apr\u00e8s celui-ci, l\u2019effort fran\u00e7ais serait port\u00e9 sur la fronti\u00e8re pour attaquer directement l\u2019Alsace-Moselle perdue puis la Ruhr, r\u00e9gion industrielle indispensable \u00e0 l\u2019effort de guerre allemand.<\/p>\n\n\n\n<p class=\"has-text-align-justify\">Aux plans militaires se coupla logiquement une mont\u00e9e en puissance qui se mat\u00e9rialisa par une course \u00e0 l\u2019armement en Europe. Et pour cause, les d\u00e9penses militaires des puissances europ\u00e9ennes entre 1870 et 1914 explos\u00e8rent&nbsp;: + 300%&nbsp;! Le d\u00e9but du XXe si\u00e8cle \u00e9tait, sans \u00e9quivoque, une paix arm\u00e9e.<\/p>\n\n\n\n<div class=\"wp-block-image\"><figure class=\"aligncenter size-large\"><img decoding=\"async\" width=\"1024\" height=\"576\" src=\"https:\/\/conservativenthusiast.com\/wp-content\/uploads\/2020\/11\/Capture-decran-220-1024x576.png\" alt=\"\" class=\"wp-image-2754\" srcset=\"https:\/\/conservativenthusiast.com\/wp-content\/uploads\/2020\/11\/Capture-decran-220-980x551.png 980w, https:\/\/conservativenthusiast.com\/wp-content\/uploads\/2020\/11\/Capture-decran-220-480x270.png 480w\" sizes=\"(min-width: 0px) and (max-width: 480px) 480px, (min-width: 481px) and (max-width: 980px) 980px, (min-width: 981px) 1024px, 100vw\" \/><figcaption>L&#8217;Europe de 1914 et le syst\u00e8me des alliances<\/figcaption><\/figure><\/div>\n\n\n\n<h2 class=\"wp-block-heading\"><span class=\"has-inline-color has-black-color\">Un assassinat enclenche l&#8217;engrenage infernal<\/span><\/h2>\n\n\n\n<p class=\"has-text-align-justify\"><img decoding=\"async\" width=\"304\" height=\"224\" src=\"\">Guerres balkaniques, alliances europ\u00e9ennes, plans pr\u00e9ventifs de guerre, course \u00e0 l\u2019armement et tensions coloniales&nbsp;; le tout sur fond de revanche fran\u00e7aise et de tensions austro-russes&nbsp;: c\u2019est dans ce contexte explosif que se d\u00e9roula la crise de 1914, provenant des Balkans, la poudri\u00e8re de l\u2019Europe. Les tensions ethniques inh\u00e9rentes \u00e0 l\u2019instable Double Monarchie austro-hongroise provoqu\u00e8rent l\u2019assassinat de l\u2019archiduc Fran\u00e7ois Ferdinand, h\u00e9ritier du tr\u00f4ne, et de sa femme, \u00e0 Sarajevo, le 28 juin.<\/p>\n\n\n\n<div class=\"wp-block-image\"><figure class=\"aligncenter size-large\"><img decoding=\"async\" width=\"528\" height=\"518\" src=\"https:\/\/conservativenthusiast.com\/wp-content\/uploads\/2020\/11\/WWI-assassinat-Francois-Ferdinand.jpg\" alt=\"\" class=\"wp-image-2756\" srcset=\"https:\/\/conservativenthusiast.com\/wp-content\/uploads\/2020\/11\/WWI-assassinat-Francois-Ferdinand.jpg 528w, https:\/\/conservativenthusiast.com\/wp-content\/uploads\/2020\/11\/WWI-assassinat-Francois-Ferdinand-480x471.jpg 480w\" sizes=\"(min-width: 0px) and (max-width: 480px) 480px, (min-width: 481px) 528px, 100vw\" \/><figcaption>Assassinat de l&#8217;archiduc d&#8217;Autriche-Hongrie Fran\u00e7ois Ferdinand<\/figcaption><\/figure><\/div>\n\n\n\n<p class=\"has-text-align-justify\">L\u2019Autriche-Hongrie envoya un ultimatum \u00e0 la Serbie, accus\u00e9e d\u2019avoir fourni les armes du crime. La Double Monarchie s\u2019assura du soutien allemand dans cette affaire, car trop effray\u00e9e par les syst\u00e8mes d\u2019alliances europ\u00e9ennes que pourraient d\u00e9chainer le fait que les Serbes soient slaves, comme les Russes. En s\u2019assurant de ce soutien, l\u2019Autriche-Hongrie donna \u00e0 la crise un aspect international. Pourtant, Nicolas II, le tsar russe, n\u2019avait absolument pas apport\u00e9 son soutien \u00e0 la Bulgarie lors de la Seconde Guerre balkanique, alors qu\u2019elle n\u2019avait pas encore d\u00e9cid\u00e9 de s\u2019en d\u00e9tourner. L\u2019implication russe \u00e9tait incertaine, tant dans son \u00e9ventualit\u00e9 que dans son ampleur. Mais la dimension internationale du conflit poussa le tsar \u00e0 garantir la s\u00e9curit\u00e9 des Serbes. La machine infernale \u00e9tait enclench\u00e9e.<\/p>\n\n\n\n<p class=\"has-text-align-justify\">La Serbie, forte du soutien inconditionnel russe, rejeta l\u2019ultimatum austro-hongrois qu\u2019elle s\u2019appr\u00eatait \u00e0 accepter. L\u2019Autriche-Hongrie, en r\u00e9ponse, mobilisa contre la Serbie et vis-versa. La Russie mobilisa contre l\u2019Autriche-Hongrie. L\u2019Allemagne, en application de la Triple Alliance, mobilisa contre la Russie et envoya un ultimatum \u00e0 la France, l\u2019avertissant que toute mobilisation g\u00e9n\u00e9rale de sa part pour soutenir la Russie dans le cadre de la Triple Entente serait vue comme une d\u00e9claration de guerre par le Deuxi\u00e8me Reich. Mais la France se devait d\u2019appliquer la clause d\u00e9fensive du trait\u00e9 franco-russe de 1893 (en r\u00e9alit\u00e9, la France aurait d\u00fb attendre une action militaire allemande concr\u00e8te contre la Russie pour se voir oblig\u00e9e d\u2019intervenir). Les Fran\u00e7ais mobilis\u00e8rent. Il restait deux acteurs&nbsp;: l\u2019Italie c\u00f4t\u00e9 Alliance et le Royaume-Uni c\u00f4t\u00e9 Entente. Cet \u00e9t\u00e9 1914 venait de voir d\u00e9buter la Premi\u00e8re Guerre mondiale.<\/p>\n\n\n\n<h2 class=\"wp-block-heading\"><span class=\"has-inline-color has-black-color\">Sources (texte) :<\/span><\/h2>\n\n\n\n<p><strong>Keegan,<\/strong>&nbsp;John (2005)<strong>.<\/strong>&nbsp;<em>La Premi\u00e8re Guerre mondiale<\/em><strong>.<\/strong>&nbsp;Paris<strong>&nbsp;:&nbsp;<\/strong>Perrin<strong>,<\/strong>&nbsp;570p<strong>.<\/strong><\/p>\n\n\n\n<p><strong>Sumpf,<\/strong>&nbsp;Alexandre (2017)<strong>.<\/strong> <em>La Grande Guerre oubli\u00e9e<\/em><strong>.<\/strong>&nbsp;Paris<strong>&nbsp;:&nbsp;<\/strong>Perrin<strong>,<\/strong>&nbsp;608p<strong>.<\/strong><\/p>\n\n\n\n<p><strong>Touchard, <\/strong>Patrice&nbsp;; <strong>Bermond-Bousquet, <\/strong>Christine&nbsp;; <strong>Cabanel, <\/strong>Patrick&nbsp;;<strong> Lefebvre,<\/strong> Maxime (2010)<strong>.<\/strong>&nbsp;<em>Le si\u00e8cle des exc\u00e8s, de 1870 \u00e0 nos jours<\/em><strong>.<\/strong>&nbsp;Paris<strong>&nbsp;:&nbsp;<\/strong>Puf<strong>,<\/strong>&nbsp;780p<strong>.<\/strong><\/p>\n\n\n\n<p><strong>R\u00e9mond,<\/strong>&nbsp;Ren\u00e9 (1974)<strong>.<\/strong>&nbsp;<em>Le XIXe si\u00e8cle 1815-1914<\/em><strong>.<\/strong>&nbsp;France<strong>&nbsp;:&nbsp;<\/strong>\u00c9ditions du Seuil<strong>,<\/strong>&nbsp;258p<strong>.<\/strong><\/p>\n\n\n\n<p><strong>R\u00e9mond,<\/strong>&nbsp;Ren\u00e9 (2002)<strong>.<\/strong>&nbsp;<em>Le XXe si\u00e8cle de 1914 \u00e0 nos jours<\/em><strong>.<\/strong>&nbsp;France<strong>&nbsp;: <\/strong>\u00c9ditions du Seuil<strong>,<\/strong>&nbsp;306p<strong>.<\/strong><\/p>\n\n\n\n<p>&nbsp;\u00ab L\u2019Atlas des empires \u00bb (2019, janvier)<strong>.<\/strong>&nbsp;<em>Le Monde<\/em><strong>,<\/strong>&nbsp;no 27&nbsp;(num\u00e9ro sp\u00e9cial)<strong>,<\/strong>&nbsp;p<strong>.<\/strong>&nbsp;114-121&nbsp;; 136-147<strong>.<\/strong><\/p>\n\n\n\n<p><a href=\"https:\/\/www.youtube.com\/watch?v=jJEYM_ew_cI&amp;ab_channel=documentairesstars\">https:\/\/www.youtube.com\/watch?v=jJEYM_ew_cI&amp;ab_channel=documentairesstars<\/a>(le Dessous des cartes sur les causes de la Premi\u00e8re Guerre mondiale, premi\u00e8re partie)<\/p>\n\n\n\n<p><a href=\"https:\/\/www.youtube.com\/watch?v=OtfZTBpMNzg&amp;ab_channel=SEGPAMend%C3%A8sFranceTourcoing\">https:\/\/www.youtube.com\/watch?v=OtfZTBpMNzg&amp;ab_channel=SEGPAMend%C3%A8sFranceTourcoing<\/a> (le Dessous des Cartes, sur les causes de le Premi\u00e8re Guerre mondiale, deuxi\u00e8me partie)<\/p>\n\n\n\n<p><strong>Apocalypse, la&nbsp;1<sup>re<\/sup>&nbsp;Guerre mondiale<\/strong>, documentaire en 5 \u00e9pisodes de Daniel Costelle et Isabelle Clarke, diffus\u00e9 en 2014 (4h30 de documentaire)<\/p>\n\n\n\n<p><a href=\"http:\/\/www.cosmovisions.com\/ChronoQuestionOrient.htm\">http:\/\/www.cosmovisions.com\/ChronoQuestionOrient.htm<\/a> (la question d\u2019Orient)<\/p>\n\n\n\n<p><a href=\"https:\/\/fr.wikipedia.org\/wiki\/Crise_bulgare_(1885%E2%80%931888)\">https:\/\/fr.wikipedia.org\/wiki\/Crise_bulgare_(1885%E2%80%931888)<\/a> (la crise serbo-bulgare de 1885 \u00e0 1888)<\/p>\n\n\n\n<p><a href=\"https:\/\/fr.wikipedia.org\/wiki\/Guerre_italo-turque\">https:\/\/fr.wikipedia.org\/wiki\/Guerre_italo-turque<\/a> (guerre italo-turque)<\/p>\n\n\n\n<p><a href=\"https:\/\/video.lefigaro.fr\/figaro\/video\/28-juin-1914-l-assassinat-de-l-archiduc-francois-ferdinand-a-sarajevo\/3627184085001\/\">https:\/\/video.lefigaro.fr\/figaro\/video\/28-juin-1914-l-assassinat-de-l-archiduc-francois-ferdinand-a-sarajevo\/3627184085001\/<\/a> (vid\u00e9o retra\u00e7ant l\u2019assassinat de l\u2019archiduc Fran\u00e7ois Ferdinand, pour les curieux)<\/p>\n\n\n\n<h2 class=\"wp-block-heading\"><span class=\"has-inline-color has-black-color\">Sources (images) :<\/span><\/h2>\n\n\n\n<p><a href=\"https:\/\/commons.wikimedia.org\/wiki\/File:Europe_1871_map_en.png\">https:\/\/commons.wikimedia.org\/wiki\/File:Europe_1871_map_en.png<\/a> (carte de l\u2019Europe en 1871)<\/p>\n\n\n\n<p><a href=\"https:\/\/www.youtube.com\/watch?v=jJEYM_ew_cI&amp;ab_channel=documentairesstars\">https:\/\/www.youtube.com\/watch?v=jJEYM_ew_cI&amp;ab_channel=documentairesstars<\/a>(le Dessous des cartes sur les causes de la Premi\u00e8re Guerre mondiale, premi\u00e8re partie)<\/p>\n\n\n\n<p><a href=\"https:\/\/www.youtube.com\/watch?v=OtfZTBpMNzg&amp;ab_channel=SEGPAMend%C3%A8sFranceTourcoing\">https:\/\/www.youtube.com\/watch?v=OtfZTBpMNzg&amp;ab_channel=SEGPAMend%C3%A8sFranceTourcoing<\/a> (le Dessous des Cartes, sur les causes de le Premi\u00e8re Guerre mondiale, deuxi\u00e8me partie)<\/p>\n\n\n\n<p><a href=\"https:\/\/aetdebesancon.home.blog\/2014\/01\/09\/la-poudriere-des-balkans-et-la-position-incertaine-de-litalie\/\">https:\/\/aetdebesancon.home.blog\/2014\/01\/09\/la-poudriere-des-balkans-et-la-position-incertaine-de-litalie\/<\/a> (Balkans avant les guerres balkaniques)<\/p>\n\n\n\n<p><a href=\"http:\/\/www.jprissoan-histoirepolitique.com\/le-coin-du-bachotage\/les-relations-internationales\/k-centenaire-de-la-guerre-1914-1918\/lesguerresbalkaniques1912-1913\">http:\/\/www.jprissoan-histoirepolitique.com\/le-coin-du-bachotage\/les-relations-internationales\/k-centenaire-de-la-guerre-1914-1918\/lesguerresbalkaniques1912-1913<\/a> (Balkans apr\u00e8s les guerres balkaniques)<\/p>\n\n\n\n<p><a href=\"http:\/\/lizotchka-russie.over-blog.com\/article-34531140.html\">http:\/\/lizotchka-russie.over-blog.com\/article-34531140.html<\/a> (George V et Nicolas II)<\/p>\n\n\n\n<p><a href=\"https:\/\/www.herodote.net\/28_juin_1914-evenement-19140628.php\">https:\/\/www.herodote.net\/28_juin_1914-evenement-19140628.php<\/a> (assassinat de l\u2019archiduc austro-hongrois)<\/p>","protected":false},"excerpt":{"rendered":"<p>Avant de survoler les \u00e9l\u00e9ments importants de la Grande Guerre (1914-1918) dans un prochain article, il nous faut \u00e9tablir une [&hellip;]<\/p>","protected":false},"author":3,"featured_media":2726,"comment_status":"open","ping_status":"open","sticky":false,"template":"","format":"standard","meta":{"_et_pb_use_builder":"off","_et_pb_old_content":"","_et_gb_content_width":"","_exactmetrics_skip_tracking":false,"_exactmetrics_sitenote_active":false,"_exactmetrics_sitenote_note":"","_exactmetrics_sitenote_category":0,"footnotes":""},"categories":[6],"tags":[58,36,14,57],"yoast_head":"<!-- This site is optimized with the Yoast SEO plugin v22.3 - https:\/\/yoast.com\/wordpress\/plugins\/seo\/ -->\n<title>L&#039;Europe en marche vers le gouffre de la Grande Guerre (1871-1914) - The Conservative Enthusiast<\/title>\n<meta name=\"description\" content=\"\u27bd D\u00e9couvrez les \u00e9v\u00e9nements qui ont amen\u00e9 \u00e0 la Premi\u00e8re Guerre Mondiale. TCE : La plateforme de partage et d&#039;apprentissage des conservateurs.\" \/>\n<meta name=\"robots\" content=\"index, follow, max-snippet:-1, max-image-preview:large, max-video-preview:-1\" \/>\n<link rel=\"canonical\" href=\"https:\/\/conservativenthusiast.com\/en\/leurope-en-marche-vers-le-gouffre-de-la-grande-guerre-1871-1914\/\" \/>\n<meta property=\"og:locale\" content=\"en_GB\" \/>\n<meta property=\"og:type\" content=\"article\" \/>\n<meta property=\"og:title\" content=\"L&#039;Europe en marche vers le gouffre de la Grande Guerre (1871-1914) - The Conservative Enthusiast\" \/>\n<meta property=\"og:description\" content=\"\u27bd D\u00e9couvrez les \u00e9v\u00e9nements qui ont amen\u00e9 \u00e0 la Premi\u00e8re Guerre Mondiale. TCE : La plateforme de partage et d&#039;apprentissage des conservateurs.\" \/>\n<meta property=\"og:url\" content=\"https:\/\/conservativenthusiast.com\/en\/leurope-en-marche-vers-le-gouffre-de-la-grande-guerre-1871-1914\/\" \/>\n<meta property=\"og:site_name\" content=\"The Conservative Enthusiast\" \/>\n<meta property=\"article:author\" content=\"https:\/\/www.facebook.com\/Hgmonie-399430870688501\" \/>\n<meta property=\"article:published_time\" content=\"2020-11-08T11:31:40+00:00\" \/>\n<meta property=\"article:modified_time\" content=\"2021-01-27T17:43:44+00:00\" \/>\n<meta property=\"og:image\" content=\"https:\/\/conservativenthusiast.com\/wp-content\/uploads\/2020\/11\/museums-victoria-G10WnM_EEDY-unsplash.jpg\" \/>\n\t<meta property=\"og:image:width\" content=\"2400\" \/>\n\t<meta property=\"og:image:height\" content=\"1463\" \/>\n\t<meta property=\"og:image:type\" content=\"image\/jpeg\" \/>\n<meta name=\"author\" content=\"Virgile H.\" \/>\n<meta name=\"twitter:card\" content=\"summary_large_image\" \/>\n<meta name=\"twitter:label1\" content=\"Written by\" \/>\n\t<meta name=\"twitter:data1\" content=\"Virgile H.\" \/>\n\t<meta name=\"twitter:label2\" content=\"Estimated reading time\" \/>\n\t<meta name=\"twitter:data2\" content=\"21 minutes\" \/>\n<script type=\"application\/ld+json\" class=\"yoast-schema-graph\">{\"@context\":\"https:\/\/schema.org\",\"@graph\":[{\"@type\":\"Article\",\"@id\":\"https:\/\/conservativenthusiast.com\/leurope-en-marche-vers-le-gouffre-de-la-grande-guerre-1871-1914\/#article\",\"isPartOf\":{\"@id\":\"https:\/\/conservativenthusiast.com\/leurope-en-marche-vers-le-gouffre-de-la-grande-guerre-1871-1914\/\"},\"author\":{\"name\":\"Virgile H.\",\"@id\":\"https:\/\/conservativenthusiast.com\/#\/schema\/person\/f47da4ef4c2e97efe4abec2793772472\"},\"headline\":\"L&#8217;Europe en marche vers le gouffre de la Grande Guerre (1871-1914)\",\"datePublished\":\"2020-11-08T11:31:40+00:00\",\"dateModified\":\"2021-01-27T17:43:44+00:00\",\"mainEntityOfPage\":{\"@id\":\"https:\/\/conservativenthusiast.com\/leurope-en-marche-vers-le-gouffre-de-la-grande-guerre-1871-1914\/\"},\"wordCount\":4890,\"commentCount\":0,\"publisher\":{\"@id\":\"https:\/\/conservativenthusiast.com\/#organization\"},\"image\":{\"@id\":\"https:\/\/conservativenthusiast.com\/leurope-en-marche-vers-le-gouffre-de-la-grande-guerre-1871-1914\/#primaryimage\"},\"thumbnailUrl\":\"https:\/\/conservativenthusiast.com\/wp-content\/uploads\/2020\/11\/museums-victoria-G10WnM_EEDY-unsplash.jpg\",\"keywords\":[\"Grande Guerre\",\"Guerre\",\"Histoire\",\"Premi\u00e8re Guerre Mondiale\"],\"articleSection\":[\"Histoire\"],\"inLanguage\":\"en-GB\",\"potentialAction\":[{\"@type\":\"CommentAction\",\"name\":\"Comment\",\"target\":[\"https:\/\/conservativenthusiast.com\/leurope-en-marche-vers-le-gouffre-de-la-grande-guerre-1871-1914\/#respond\"]}]},{\"@type\":\"WebPage\",\"@id\":\"https:\/\/conservativenthusiast.com\/leurope-en-marche-vers-le-gouffre-de-la-grande-guerre-1871-1914\/\",\"url\":\"https:\/\/conservativenthusiast.com\/leurope-en-marche-vers-le-gouffre-de-la-grande-guerre-1871-1914\/\",\"name\":\"L'Europe en marche vers le gouffre de la Grande Guerre (1871-1914) - The Conservative Enthusiast\",\"isPartOf\":{\"@id\":\"https:\/\/conservativenthusiast.com\/#website\"},\"primaryImageOfPage\":{\"@id\":\"https:\/\/conservativenthusiast.com\/leurope-en-marche-vers-le-gouffre-de-la-grande-guerre-1871-1914\/#primaryimage\"},\"image\":{\"@id\":\"https:\/\/conservativenthusiast.com\/leurope-en-marche-vers-le-gouffre-de-la-grande-guerre-1871-1914\/#primaryimage\"},\"thumbnailUrl\":\"https:\/\/conservativenthusiast.com\/wp-content\/uploads\/2020\/11\/museums-victoria-G10WnM_EEDY-unsplash.jpg\",\"datePublished\":\"2020-11-08T11:31:40+00:00\",\"dateModified\":\"2021-01-27T17:43:44+00:00\",\"description\":\"\u27bd D\u00e9couvrez les \u00e9v\u00e9nements qui ont amen\u00e9 \u00e0 la Premi\u00e8re Guerre Mondiale. TCE : La plateforme de partage et d'apprentissage des conservateurs.\",\"breadcrumb\":{\"@id\":\"https:\/\/conservativenthusiast.com\/leurope-en-marche-vers-le-gouffre-de-la-grande-guerre-1871-1914\/#breadcrumb\"},\"inLanguage\":\"en-GB\",\"potentialAction\":[{\"@type\":\"ReadAction\",\"target\":[\"https:\/\/conservativenthusiast.com\/leurope-en-marche-vers-le-gouffre-de-la-grande-guerre-1871-1914\/\"]}]},{\"@type\":\"ImageObject\",\"inLanguage\":\"en-GB\",\"@id\":\"https:\/\/conservativenthusiast.com\/leurope-en-marche-vers-le-gouffre-de-la-grande-guerre-1871-1914\/#primaryimage\",\"url\":\"https:\/\/conservativenthusiast.com\/wp-content\/uploads\/2020\/11\/museums-victoria-G10WnM_EEDY-unsplash.jpg\",\"contentUrl\":\"https:\/\/conservativenthusiast.com\/wp-content\/uploads\/2020\/11\/museums-victoria-G10WnM_EEDY-unsplash.jpg\",\"width\":2400,\"height\":1463},{\"@type\":\"BreadcrumbList\",\"@id\":\"https:\/\/conservativenthusiast.com\/leurope-en-marche-vers-le-gouffre-de-la-grande-guerre-1871-1914\/#breadcrumb\",\"itemListElement\":[{\"@type\":\"ListItem\",\"position\":1,\"name\":\"Accueil\",\"item\":\"https:\/\/conservativenthusiast.com\/\"},{\"@type\":\"ListItem\",\"position\":2,\"name\":\"L&#8217;Europe en marche vers le gouffre de la Grande Guerre (1871-1914)\"}]},{\"@type\":\"WebSite\",\"@id\":\"https:\/\/conservativenthusiast.com\/#website\",\"url\":\"https:\/\/conservativenthusiast.com\/\",\"name\":\"The Conservative Enthusiast\",\"description\":\"La plateforme de r\u00e9information, de partage et d&#039;apprentissage des conservateurs.\",\"publisher\":{\"@id\":\"https:\/\/conservativenthusiast.com\/#organization\"},\"potentialAction\":[{\"@type\":\"SearchAction\",\"target\":{\"@type\":\"EntryPoint\",\"urlTemplate\":\"https:\/\/conservativenthusiast.com\/?s={search_term_string}\"},\"query-input\":\"required name=search_term_string\"}],\"inLanguage\":\"en-GB\"},{\"@type\":\"Organization\",\"@id\":\"https:\/\/conservativenthusiast.com\/#organization\",\"name\":\"The Conservative Enthusiast\",\"url\":\"https:\/\/conservativenthusiast.com\/\",\"logo\":{\"@type\":\"ImageObject\",\"inLanguage\":\"en-GB\",\"@id\":\"https:\/\/conservativenthusiast.com\/#\/schema\/logo\/image\/\",\"url\":\"https:\/\/i0.wp.com\/conservativeenthusiast.com\/wp-content\/uploads\/2020\/06\/LOGO-CE-MINI.png?fit=3867%2C1180&ssl=1\",\"contentUrl\":\"https:\/\/i0.wp.com\/conservativeenthusiast.com\/wp-content\/uploads\/2020\/06\/LOGO-CE-MINI.png?fit=3867%2C1180&ssl=1\",\"width\":3867,\"height\":1180,\"caption\":\"The Conservative Enthusiast\"},\"image\":{\"@id\":\"https:\/\/conservativenthusiast.com\/#\/schema\/logo\/image\/\"}},{\"@type\":\"Person\",\"@id\":\"https:\/\/conservativenthusiast.com\/#\/schema\/person\/f47da4ef4c2e97efe4abec2793772472\",\"name\":\"Virgile H.\",\"image\":{\"@type\":\"ImageObject\",\"inLanguage\":\"en-GB\",\"@id\":\"https:\/\/conservativenthusiast.com\/#\/schema\/person\/image\/\",\"url\":\"https:\/\/secure.gravatar.com\/avatar\/0ab0cc45bc0f52ccc70791c762119b9f?s=96&d=mm&r=g\",\"contentUrl\":\"https:\/\/secure.gravatar.com\/avatar\/0ab0cc45bc0f52ccc70791c762119b9f?s=96&d=mm&r=g\",\"caption\":\"Virgile H.\"},\"description\":\"Si vous appr\u00e9ciez les articles de ce r\u00e9dacteur et que vous souhaitez en d\u00e9couvrir davantage sur lui ou ses \u00e9crits, vous pouvez consulter tous ses articles en cliquant sur son pseudo ou en apprendre plus sur notre page \\\"Notre \u00e9quipe\\\". Vous pouvez \u00e9galement le suivre sur ses diff\u00e9rents r\u00e9seaux sociaux ci-dessous.\",\"sameAs\":[\"http:\/\/hegemonie.fr\/\",\"https:\/\/www.facebook.com\/Hgmonie-399430870688501\"],\"url\":\"https:\/\/conservativenthusiast.com\/en\/author\/virgile\/\"}]}<\/script>\n<!-- \/ Yoast SEO plugin. -->","yoast_head_json":{"title":"L'Europe en marche vers le gouffre de la Grande Guerre (1871-1914) - The Conservative Enthusiast","description":"\u27bd D\u00e9couvrez les \u00e9v\u00e9nements qui ont amen\u00e9 \u00e0 la Premi\u00e8re Guerre Mondiale. TCE : La plateforme de partage et d'apprentissage des conservateurs.","robots":{"index":"index","follow":"follow","max-snippet":"max-snippet:-1","max-image-preview":"max-image-preview:large","max-video-preview":"max-video-preview:-1"},"canonical":"https:\/\/conservativenthusiast.com\/en\/leurope-en-marche-vers-le-gouffre-de-la-grande-guerre-1871-1914\/","og_locale":"en_GB","og_type":"article","og_title":"L'Europe en marche vers le gouffre de la Grande Guerre (1871-1914) - The Conservative Enthusiast","og_description":"\u27bd D\u00e9couvrez les \u00e9v\u00e9nements qui ont amen\u00e9 \u00e0 la Premi\u00e8re Guerre Mondiale. TCE : La plateforme de partage et d'apprentissage des conservateurs.","og_url":"https:\/\/conservativenthusiast.com\/en\/leurope-en-marche-vers-le-gouffre-de-la-grande-guerre-1871-1914\/","og_site_name":"The Conservative Enthusiast","article_author":"https:\/\/www.facebook.com\/Hgmonie-399430870688501","article_published_time":"2020-11-08T11:31:40+00:00","article_modified_time":"2021-01-27T17:43:44+00:00","og_image":[{"width":2400,"height":1463,"url":"https:\/\/conservativenthusiast.com\/wp-content\/uploads\/2020\/11\/museums-victoria-G10WnM_EEDY-unsplash.jpg","type":"image\/jpeg"}],"author":"Virgile H.","twitter_card":"summary_large_image","twitter_misc":{"Written by":"Virgile H.","Estimated reading time":"21 minutes"},"schema":{"@context":"https:\/\/schema.org","@graph":[{"@type":"Article","@id":"https:\/\/conservativenthusiast.com\/leurope-en-marche-vers-le-gouffre-de-la-grande-guerre-1871-1914\/#article","isPartOf":{"@id":"https:\/\/conservativenthusiast.com\/leurope-en-marche-vers-le-gouffre-de-la-grande-guerre-1871-1914\/"},"author":{"name":"Virgile H.","@id":"https:\/\/conservativenthusiast.com\/#\/schema\/person\/f47da4ef4c2e97efe4abec2793772472"},"headline":"L&#8217;Europe en marche vers le gouffre de la Grande Guerre (1871-1914)","datePublished":"2020-11-08T11:31:40+00:00","dateModified":"2021-01-27T17:43:44+00:00","mainEntityOfPage":{"@id":"https:\/\/conservativenthusiast.com\/leurope-en-marche-vers-le-gouffre-de-la-grande-guerre-1871-1914\/"},"wordCount":4890,"commentCount":0,"publisher":{"@id":"https:\/\/conservativenthusiast.com\/#organization"},"image":{"@id":"https:\/\/conservativenthusiast.com\/leurope-en-marche-vers-le-gouffre-de-la-grande-guerre-1871-1914\/#primaryimage"},"thumbnailUrl":"https:\/\/conservativenthusiast.com\/wp-content\/uploads\/2020\/11\/museums-victoria-G10WnM_EEDY-unsplash.jpg","keywords":["Grande Guerre","Guerre","Histoire","Premi\u00e8re Guerre Mondiale"],"articleSection":["Histoire"],"inLanguage":"en-GB","potentialAction":[{"@type":"CommentAction","name":"Comment","target":["https:\/\/conservativenthusiast.com\/leurope-en-marche-vers-le-gouffre-de-la-grande-guerre-1871-1914\/#respond"]}]},{"@type":"WebPage","@id":"https:\/\/conservativenthusiast.com\/leurope-en-marche-vers-le-gouffre-de-la-grande-guerre-1871-1914\/","url":"https:\/\/conservativenthusiast.com\/leurope-en-marche-vers-le-gouffre-de-la-grande-guerre-1871-1914\/","name":"L'Europe en marche vers le gouffre de la Grande Guerre (1871-1914) - The Conservative Enthusiast","isPartOf":{"@id":"https:\/\/conservativenthusiast.com\/#website"},"primaryImageOfPage":{"@id":"https:\/\/conservativenthusiast.com\/leurope-en-marche-vers-le-gouffre-de-la-grande-guerre-1871-1914\/#primaryimage"},"image":{"@id":"https:\/\/conservativenthusiast.com\/leurope-en-marche-vers-le-gouffre-de-la-grande-guerre-1871-1914\/#primaryimage"},"thumbnailUrl":"https:\/\/conservativenthusiast.com\/wp-content\/uploads\/2020\/11\/museums-victoria-G10WnM_EEDY-unsplash.jpg","datePublished":"2020-11-08T11:31:40+00:00","dateModified":"2021-01-27T17:43:44+00:00","description":"\u27bd D\u00e9couvrez les \u00e9v\u00e9nements qui ont amen\u00e9 \u00e0 la Premi\u00e8re Guerre Mondiale. TCE : La plateforme de partage et d'apprentissage des conservateurs.","breadcrumb":{"@id":"https:\/\/conservativenthusiast.com\/leurope-en-marche-vers-le-gouffre-de-la-grande-guerre-1871-1914\/#breadcrumb"},"inLanguage":"en-GB","potentialAction":[{"@type":"ReadAction","target":["https:\/\/conservativenthusiast.com\/leurope-en-marche-vers-le-gouffre-de-la-grande-guerre-1871-1914\/"]}]},{"@type":"ImageObject","inLanguage":"en-GB","@id":"https:\/\/conservativenthusiast.com\/leurope-en-marche-vers-le-gouffre-de-la-grande-guerre-1871-1914\/#primaryimage","url":"https:\/\/conservativenthusiast.com\/wp-content\/uploads\/2020\/11\/museums-victoria-G10WnM_EEDY-unsplash.jpg","contentUrl":"https:\/\/conservativenthusiast.com\/wp-content\/uploads\/2020\/11\/museums-victoria-G10WnM_EEDY-unsplash.jpg","width":2400,"height":1463},{"@type":"BreadcrumbList","@id":"https:\/\/conservativenthusiast.com\/leurope-en-marche-vers-le-gouffre-de-la-grande-guerre-1871-1914\/#breadcrumb","itemListElement":[{"@type":"ListItem","position":1,"name":"Accueil","item":"https:\/\/conservativenthusiast.com\/"},{"@type":"ListItem","position":2,"name":"L&#8217;Europe en marche vers le gouffre de la Grande Guerre (1871-1914)"}]},{"@type":"WebSite","@id":"https:\/\/conservativenthusiast.com\/#website","url":"https:\/\/conservativenthusiast.com\/","name":"The Conservative Enthusiast","description":"La plateforme de r\u00e9information, de partage et d&#039;apprentissage des conservateurs.","publisher":{"@id":"https:\/\/conservativenthusiast.com\/#organization"},"potentialAction":[{"@type":"SearchAction","target":{"@type":"EntryPoint","urlTemplate":"https:\/\/conservativenthusiast.com\/?s={search_term_string}"},"query-input":"required name=search_term_string"}],"inLanguage":"en-GB"},{"@type":"Organization","@id":"https:\/\/conservativenthusiast.com\/#organization","name":"The Conservative Enthusiast","url":"https:\/\/conservativenthusiast.com\/","logo":{"@type":"ImageObject","inLanguage":"en-GB","@id":"https:\/\/conservativenthusiast.com\/#\/schema\/logo\/image\/","url":"https:\/\/i0.wp.com\/conservativeenthusiast.com\/wp-content\/uploads\/2020\/06\/LOGO-CE-MINI.png?fit=3867%2C1180&ssl=1","contentUrl":"https:\/\/i0.wp.com\/conservativeenthusiast.com\/wp-content\/uploads\/2020\/06\/LOGO-CE-MINI.png?fit=3867%2C1180&ssl=1","width":3867,"height":1180,"caption":"The Conservative Enthusiast"},"image":{"@id":"https:\/\/conservativenthusiast.com\/#\/schema\/logo\/image\/"}},{"@type":"Person","@id":"https:\/\/conservativenthusiast.com\/#\/schema\/person\/f47da4ef4c2e97efe4abec2793772472","name":"Virgile H.","image":{"@type":"ImageObject","inLanguage":"en-GB","@id":"https:\/\/conservativenthusiast.com\/#\/schema\/person\/image\/","url":"https:\/\/secure.gravatar.com\/avatar\/0ab0cc45bc0f52ccc70791c762119b9f?s=96&d=mm&r=g","contentUrl":"https:\/\/secure.gravatar.com\/avatar\/0ab0cc45bc0f52ccc70791c762119b9f?s=96&d=mm&r=g","caption":"Virgile H."},"description":"Si vous appr\u00e9ciez les articles de ce r\u00e9dacteur et que vous souhaitez en d\u00e9couvrir davantage sur lui ou ses \u00e9crits, vous pouvez consulter tous ses articles en cliquant sur son pseudo ou en apprendre plus sur notre page \"Notre \u00e9quipe\". Vous pouvez \u00e9galement le suivre sur ses diff\u00e9rents r\u00e9seaux sociaux ci-dessous.","sameAs":["http:\/\/hegemonie.fr\/","https:\/\/www.facebook.com\/Hgmonie-399430870688501"],"url":"https:\/\/conservativenthusiast.com\/en\/author\/virgile\/"}]}},"_links":{"self":[{"href":"https:\/\/conservativenthusiast.com\/en\/wp-json\/wp\/v2\/posts\/2724"}],"collection":[{"href":"https:\/\/conservativenthusiast.com\/en\/wp-json\/wp\/v2\/posts"}],"about":[{"href":"https:\/\/conservativenthusiast.com\/en\/wp-json\/wp\/v2\/types\/post"}],"author":[{"embeddable":true,"href":"https:\/\/conservativenthusiast.com\/en\/wp-json\/wp\/v2\/users\/3"}],"replies":[{"embeddable":true,"href":"https:\/\/conservativenthusiast.com\/en\/wp-json\/wp\/v2\/comments?post=2724"}],"version-history":[{"count":22,"href":"https:\/\/conservativenthusiast.com\/en\/wp-json\/wp\/v2\/posts\/2724\/revisions"}],"predecessor-version":[{"id":11041,"href":"https:\/\/conservativenthusiast.com\/en\/wp-json\/wp\/v2\/posts\/2724\/revisions\/11041"}],"wp:featuredmedia":[{"embeddable":true,"href":"https:\/\/conservativenthusiast.com\/en\/wp-json\/wp\/v2\/media\/2726"}],"wp:attachment":[{"href":"https:\/\/conservativenthusiast.com\/en\/wp-json\/wp\/v2\/media?parent=2724"}],"wp:term":[{"taxonomy":"category","embeddable":true,"href":"https:\/\/conservativenthusiast.com\/en\/wp-json\/wp\/v2\/categories?post=2724"},{"taxonomy":"post_tag","embeddable":true,"href":"https:\/\/conservativenthusiast.com\/en\/wp-json\/wp\/v2\/tags?post=2724"}],"curies":[{"name":"wp","href":"https:\/\/api.w.org\/{rel}","templated":true}]}}