{"id":2556,"date":"2020-11-01T12:00:00","date_gmt":"2020-11-01T11:00:00","guid":{"rendered":"https:\/\/conservativeenthusiast.com\/?p=2556"},"modified":"2021-03-21T14:17:36","modified_gmt":"2021-03-21T13:17:36","slug":"vauban-architecte-de-france","status":"publish","type":"post","link":"https:\/\/conservativenthusiast.com\/en\/vauban-architecte-de-france\/","title":{"rendered":"Vauban, architecte de France"},"content":{"rendered":"<p class=\"has-text-align-justify\">Ami fran\u00e7ais, si tu lis ces lignes, sais-tu que pas tr\u00e8s loin de chez toi, se cache une merveille gorg\u00e9e d&#8217;Histoire, trace du g\u00e9nie Vauban ?<\/p>\n\n\n\n<p class=\"has-text-align-justify\">Effectivement, si tu habites sur le sol Fran\u00e7ais, il y a de grandes chances que non loin de ton domicile, une fortification Vauban n&#8217;attende que toi.<\/p>\n\n\n\n<p class=\"has-text-align-justify\">Et si tu ne connais pas ce colosse qu&#8217;a \u00e9t\u00e9 Vauban, alors installe-toi bien, tu t&#8217;appr\u00eates \u00e0 d\u00e9couvrir une merveille de la nation. Et apr\u00e8s avoir d\u00e9couvert sa formidable histoire, on te garantit que la tentation d&#8217;aller contempler de tes yeux l&#8217;une de ses cr\u00e9ations sera plus forte que toi.<\/p>\n\n\n\n<p><\/p>\n\n\n\n<h2 class=\"wp-block-heading\"><span class=\"has-inline-color has-black-color\">Un jeune homme prometteur<\/span><\/h2>\n\n\n\n<p><\/p>\n\n\n\n<p class=\"has-text-align-justify\">Vauban, avant d&#8217;\u00eatre un parcours formidable c&#8217;est avant tout un caract\u00e8re fort, courageux et franc. S\u00e9bastien Le Prestre de Vauban c&#8217;est un personnage qui s&#8217;int\u00e9resse \u00e0 tout, passionn\u00e9 par la vie et surtout dot\u00e9 d&#8217;un g\u00e9nie sans pareil pour l&#8217;ing\u00e9nierie. Beaucoup le surnomment le <a href=\"https:\/\/fr.wikipedia.org\/wiki\/L%C3%A9onard_de_Vinci\" target=\"_blank\" rel=\"noreferrer noopener\">L\u00e9onard de Vinci<\/a> fran\u00e7ais.<\/p>\n\n\n\n<div class=\"wp-block-image\"><figure class=\"aligncenter size-large\"><img decoding=\"async\" width=\"771\" height=\"1024\" src=\"https:\/\/conservativenthusiast.com\/wp-content\/uploads\/2020\/11\/Vauban-771x1024.jpg\" alt=\"\" class=\"wp-image-2562\"\/><figcaption>S\u00e9bastien Le Prestre de Vauban<\/figcaption><\/figure><\/div>\n\n\n\n<p class=\"has-text-align-justify\">Il d\u00e9montra maintes et maintes fois que rien ne pouvait l&#8217;arr\u00eater et ce d\u00e8s le plus jeune \u00e2ge. En effet, issu d&#8217;une famille de petite noblesse en Bourgogne, son parcours commence d\u00e8s l&#8217;\u00e2ge de 17 ans, lorsqu&#8217;il est recrut\u00e9 par <a href=\"https:\/\/fr.wikipedia.org\/wiki\/Louis_II_de_Bourbon-Cond%C3%A9\" target=\"_blank\" rel=\"noreferrer noopener\">Louis II de Bourbon-Cond\u00e9<\/a> et embarqu\u00e9 pour le si\u00e8ge de Sainte-Menehould.<\/p>\n\n\n\n<p class=\"has-text-align-justify\">Pour mettre un peu de contexte : ce si\u00e8ge est l&#8217;un des nombreux pendant la grande p\u00e9riode de troubles qu&#8217;on surnomme <a rel=\"noreferrer noopener\" href=\"https:\/\/fr.wikipedia.org\/wiki\/Fronde_(histoire)#:~:text=La%20Fronde%20(1648%2D1653),XIV%20(1643%2D1651).\" target=\"_blank\">la Fronde<\/a>. Cette p\u00e9riode, qui \u00e9clate en pleine <a rel=\"noreferrer noopener\" href=\"https:\/\/fr.wikipedia.org\/wiki\/Guerre_franco-espagnole\" target=\"_blank\">guerre d&#8217;Espagne<\/a>, est une corr\u00e9lation de beaucoup de facteurs qui causent une guerre civile \u00e0 l&#8217;int\u00e9rieur de la France entre les Frondeurs et la Monarchie. Pour faire tr\u00e8s simple, c&#8217;est une r\u00e9volte caus\u00e9e par la mont\u00e9e en puissance de la monarchie absolue qui abaisse de plus en plus le pouvoir de tous les autres ordres, coupl\u00e9e \u00e0 une pression fiscale de plus en plus forte.<\/p>\n\n\n\n<p class=\"has-text-align-justify\">C&#8217;est dans ce contexte de r\u00e9volte que notre jeune Vauban est amen\u00e9 \u00e0 son premier si\u00e8ge, \u00e0 Sainte-Menehould, du c\u00f4t\u00e9 des Frondeurs, o\u00f9 il se fait hautement remarquer. Il traverse avec t\u00e9m\u00e9rit\u00e9 le fleuve l&#8217;Aisne, \u00e0 la nage et sous le feu de l&#8217;ennemi et passe derri\u00e8re leurs lignes en espionnage. Il y sera fait prisionner par les troupes royales. Alors prisonnier, il refusera de descendre de cheval et c&#8217;est son fort caract\u00e8re qui s\u00e9duira le <a rel=\"noreferrer noopener\" href=\"https:\/\/fr.wikipedia.org\/wiki\/Jules_Mazarin\" target=\"_blank\">cardinal Mazarin<\/a>.<\/p>\n\n\n\n<p class=\"has-text-align-justify\">Le cardinal d\u00e9cidera, voyant la fouge du jeune Vauban, de le recruter dans les arm\u00e9es du roi. Ironie du sort, il retournera donc se battre au si\u00e8ge de Sainte-Menehould mais cette fois-ci dans le camp oppos\u00e9. Il se fera \u00e0 nouveau remarquer et cette fois-ci pour sa participation au travail sur les fortifications.<\/p>\n\n\n\n<p class=\"has-text-align-justify\">Il encha\u00eenera ensuite les si\u00e8ges et on d\u00e9tectera chez lui tr\u00e8s rapidement des talents en mati\u00e8re d&#8217;ing\u00e9nierie. Ses contemporains diront de lui qu&#8217;il est un visionnaire en mati\u00e8re d&#8217;ing\u00e9nierie de si\u00e8ge. Il est donc naturellement nomm\u00e9 <strong>ing\u00e9nieur ordinaire<\/strong> \u00e0 seulement 22 ans.<\/p>\n\n\n\n<p class=\"has-text-align-justify\">Il sera tr\u00e8s souvent bless\u00e9 lors de batailles et de si\u00e8ges, puisqu&#8217;il n&#8217;a peur de rien et s&#8217;expose souvent au feu ennemi. En parall\u00e8le, il travaille de plus en plus sur les fortifications tout au long des ann\u00e9es et peaufine son art. Le roi \u00e9tant tr\u00e8s satisfait de son travail, lui confiera au fil du temps des responsabilit\u00e9s de plus en plus grandes dont la gestion de certaines villes de France.<\/p>\n\n\n\n<p><\/p>\n\n\n\n<h2 class=\"wp-block-heading\"><span class=\"has-inline-color has-black-color\">Des premi\u00e8res innovations, symbole de son g\u00e9nie mais aussi de son amour du peuple<\/span><\/h2>\n\n\n\n<p><\/p>\n\n\n\n<p class=\"has-text-align-justify\">Sa premi\u00e8re grande innovation prendra place au <a href=\"https:\/\/fr.wikipedia.org\/wiki\/Si%C3%A8ge_de_Maastricht_(1673)\" target=\"_blank\" rel=\"noreferrer noopener\">si\u00e8ge de Maastricht<\/a>. La ville \u00e9tant une place forte tr\u00e8s difficilement prenable, le roi de France Louis XIV d\u00e9cidera donc de faire appel \u00e0 son meilleur ing\u00e9nieur, Vauban. Il lui confiera enti\u00e8rement le si\u00e8ge du ch\u00e2teau, \u00e0 lui et \u00e0 lui seul. C&#8217;est tout ce qu&#8217;attendait notre ing\u00e9nieur, puisqu&#8217;il s&#8217;empresse de se mettre \u00e0 l&#8217;\u0153uvre et met au point un syst\u00e8me de tranch\u00e9es pour avancer progressivement et en suret\u00e9 jusqu&#8217;aux remparts ennemis.<\/p>\n\n\n\n<p class=\"has-text-align-justify\">Ce nouveau syst\u00e8me de tranch\u00e9es est une v\u00e9ritable r\u00e9volution et il sera pr\u00e9serv\u00e9 (m\u00eame si modifi\u00e9) pendant des si\u00e8cles, \u00e9tant utilis\u00e9 sous diff\u00e9rentes variantes, surtout pendant la premi\u00e8re guerre mondiale et jusqu&#8217;\u00e0 la deuxi\u00e8me guerre mondiale. L\u00e0 ce syst\u00e8me fut d\u00e9pass\u00e9 d\u00fb aux technologies modernes comme l&#8217;aviation et le parachutage, les bombardements etc&#8230;<\/p>\n\n\n\n<p class=\"has-text-align-justify\">Pour mettre au point ce syst\u00e8me, Vauban prendra comme base les syst\u00e8mes d&#8217;un ing\u00e9nieur italien, pour ensuite l&#8217;am\u00e9liorer et l&#8217;incorporer dans un ensemble bien plus large et complexe. Ce syst\u00e8me sera redoutable d&#8217;efficacit\u00e9 puisqu&#8217;il permettra de prendre la ville de Maastricht en seulement 13 jours&#8230;<\/p>\n\n\n\n<p class=\"has-text-align-justify\">Rappelons qu&#8217;\u00e0 l&#8217;\u00e9poque la norme \u00e9tait que les si\u00e8ges pouvaient durer facilement plusieurs mois. C&#8217;est donc une v\u00e9ritable prouesse que r\u00e9alise notre Vauban qui donnera d&#8217;ailleurs son nom \u00e0 cette nouvelle m\u00e9thode de si\u00e8ge, qu&#8217;on appellera un &#8220;<a href=\"http:\/\/fortificationetmemoire.fr\/vauban-ou-lattaque-raisonnee\/#:~:text=Ce%20que%20l'on%20nomme,tous%20les%20corps%20de%20troupe.&amp;text=Lors%20de%20ce%20si%C3%A8ge%2C%20il,place%20en%20limitant%20les%20risques.\" target=\"_blank\" rel=\"noreferrer noopener\">si\u00e8ge \u00e0 la Vauban<\/a>&#8220;.<\/p>\n\n\n\n<p class=\"has-text-align-justify\">Ces tranch\u00e9es, sont d&#8217;ailleurs un reflet de sa vision de la guerre tr\u00e8s pragmatique et pr\u00e8s du peuple. Connaissant bien les horreurs des batailles, s&#8217;exposant souvent lui-m\u00eame, son premier souhait est de pr\u00e9server le plus de vies possibles. Il fa\u00e7onne donc son syst\u00e8me en positionnant les tranch\u00e9es en zigzag, rendant assez difficile la mort des personnes \u00e0 l&#8217;int\u00e9rieur. Sa philosophie sera donc de multiplier le plus de travaux possibles en amont pour sauver le plus de vies possibles une fois dans le feu de l&#8217;action.<\/p>\n\n\n\n<p>Il dira lui m\u00eame :<\/p>\n\n\n\n<blockquote class=\"wp-block-quote\"><p><span class=\"has-inline-color has-black-color\"><strong><em>&#8220;Quand on expose d&#8217;honn\u00eates gens \u00e0 se faire tuer autant que je le fais, on doit du moins rendre t\u00e9moignage de leur m\u00e9rite et de leur bon coeur.&#8221;<\/em><\/strong><\/span><\/p><cite><strong><span class=\"has-inline-color has-black-color\">Vauban<\/span><\/strong><\/cite><\/blockquote>\n\n\n\n<p><\/p>\n\n\n\n<h2 class=\"wp-block-heading\"><strong><span class=\"has-inline-color has-black-color\">Vauban, b\u00e2tisseur des fronti\u00e8res actuelles<\/span><\/strong><\/h2>\n\n\n\n<p><\/p>\n\n\n\n<p class=\"has-text-align-justify\">Au fil des ann\u00e9es, Vauban deviendra un ami du<a href=\"https:\/\/fr.wikipedia.org\/wiki\/Louis_XIV\" target=\"_blank\" rel=\"noreferrer noopener\"> roi Soleil<\/a> et il lui fera remarquer, toujours avec son franc-parler l\u00e9gendaire, que les fronti\u00e8res de la France sont tr\u00e8s fragiles, difficiles \u00e0 d\u00e9fendre et qu&#8217;elles exposent la France au danger. Il lui proposera de prendre en main les fortifications des fronti\u00e8res.<\/p>\n\n\n\n<p class=\"has-text-align-justify\">Le roi accepta et lui confia les fronti\u00e8res de la nation, <strong>plus sage d\u00e9cision n&#8217;aurait-su \u00eatre prise<\/strong>. L&#8217;ing\u00e9nieur se mit au travail et d\u00e9buta l&#8217;un des plus grands chantiers de l&#8217;Histoire de France, voire d&#8217;Europe. Une miriade de constructions, \u00e0 la fois de nouvelles forteresses, de murailles et \u00e9galement de restaurations d&#8217;anciens forts vont se mettre en route. Ce colossale chantier qui dessinera jusqu&#8217;\u00e0 aujourd&#8217;hui les fronti\u00e8res de la France, sera nomm\u00e9 la <a rel=\"noreferrer noopener\" href=\"https:\/\/fr.wikipedia.org\/wiki\/Ceinture_de_fer\" target=\"_blank\">Ceinture de fer<\/a>.<\/p>\n\n\n\n<figure class=\"wp-block-gallery aligncenter columns-1 is-cropped wp-block-gallery-1 is-layout-flex wp-block-gallery-is-layout-flex\"><ul class=\"blocks-gallery-grid\"><li class=\"blocks-gallery-item\"><figure><img decoding=\"async\" width=\"599\" height=\"600\" src=\"https:\/\/conservativenthusiast.com\/wp-content\/uploads\/2020\/10\/PlacesFortesLouisXIV.png\" alt=\"\" data-id=\"2652\" data-full-url=\"https:\/\/conservativenthusiast.com\/wp-content\/uploads\/2020\/10\/PlacesFortesLouisXIV.png\" data-link=\"https:\/\/conservativenthusiast.com\/?attachment_id=2652\" class=\"wp-image-2652\" srcset=\"https:\/\/conservativenthusiast.com\/wp-content\/uploads\/2020\/10\/PlacesFortesLouisXIV.png 599w, https:\/\/conservativenthusiast.com\/wp-content\/uploads\/2020\/10\/PlacesFortesLouisXIV-480x481.png 480w\" sizes=\"(min-width: 0px) and (max-width: 480px) 480px, (min-width: 481px) 599px, 100vw\" \/><\/figure><\/li><\/ul><figcaption class=\"blocks-gallery-caption\"><em><strong>La Ceinture de Fer<\/strong><\/em><\/figcaption><\/figure>\n\n\n\n<p><\/p>\n\n\n\n<p class=\"has-text-align-justify\">Au final, son chantier comportera la construction \u00e0 partir de rien, de plus d&#8217;une trentaine de places fortes et le r\u00e9am\u00e9nagement total ou partiel de plus de 300 constructions existantes. En plus d&#8217;\u00eatre imposant, son syst\u00e8me de fortifications est un pur chef d&#8217;oeuvre ficel\u00e9 de part en part. Les d\u00e9fenses sont un savant r\u00e9seau de fortifications en deux lignes, qui se soutiennent mutuellement, faisant de la France un pays imprenable pour l&#8217;\u00e9poque.<\/p>\n\n\n\n<p>Son g\u00e9nie fera jaillir du sol des forteresses qui en plus d&#8217;\u00eatre imprenables, seront absolument splendides, gr\u00e2ce \u00e0 sa structure en \u00e9toile. Quelques exemples :<\/p>\n\n\n\n<figure class=\"wp-block-gallery alignwide columns-2 is-cropped wp-block-gallery-3 is-layout-flex wp-block-gallery-is-layout-flex\"><ul class=\"blocks-gallery-grid\"><li class=\"blocks-gallery-item\"><figure><img decoding=\"async\" width=\"800\" height=\"732\" src=\"https:\/\/conservativenthusiast.com\/wp-content\/uploads\/2020\/10\/800px-Plan_citadelle_Neuf_Brisach.jpg\" alt=\"\" data-id=\"2645\" data-full-url=\"https:\/\/conservativenthusiast.com\/wp-content\/uploads\/2020\/10\/800px-Plan_citadelle_Neuf_Brisach.jpg\" data-link=\"https:\/\/conservativenthusiast.com\/?attachment_id=2645\" class=\"wp-image-2645\" srcset=\"https:\/\/conservativenthusiast.com\/wp-content\/uploads\/2020\/10\/800px-Plan_citadelle_Neuf_Brisach.jpg 800w, https:\/\/conservativenthusiast.com\/wp-content\/uploads\/2020\/10\/800px-Plan_citadelle_Neuf_Brisach-480x439.jpg 480w\" sizes=\"(min-width: 0px) and (max-width: 480px) 480px, (min-width: 481px) 800px, 100vw\" \/><figcaption class=\"blocks-gallery-item__caption\">Plan de la citadelle de Neuf Brisach<\/figcaption><\/figure><\/li><li class=\"blocks-gallery-item\"><figure><img decoding=\"async\" width=\"1024\" height=\"855\" src=\"https:\/\/conservativenthusiast.com\/wp-content\/uploads\/2020\/10\/Plan_citadelle_de_Strasbourg_avant_1800-1024x855.jpg\" alt=\"\" data-id=\"2646\" data-full-url=\"https:\/\/conservativenthusiast.com\/wp-content\/uploads\/2020\/10\/Plan_citadelle_de_Strasbourg_avant_1800.jpg\" data-link=\"https:\/\/conservativenthusiast.com\/?attachment_id=2646\" class=\"wp-image-2646\" srcset=\"https:\/\/conservativenthusiast.com\/wp-content\/uploads\/2020\/10\/Plan_citadelle_de_Strasbourg_avant_1800-980x818.jpg 980w, https:\/\/conservativenthusiast.com\/wp-content\/uploads\/2020\/10\/Plan_citadelle_de_Strasbourg_avant_1800-480x401.jpg 480w\" sizes=\"(min-width: 0px) and (max-width: 480px) 480px, (min-width: 481px) and (max-width: 980px) 980px, (min-width: 981px) 1024px, 100vw\" \/><figcaption class=\"blocks-gallery-item__caption\">Plan de la citadelle de Strasbourg<\/figcaption><\/figure><\/li><\/ul><\/figure>\n\n\n\n<p class=\"has-text-align-justify\">Aujourd&#8217;hui, bien que certaines soient toujours debout, d&#8217;autres ont connu la premi\u00e8re et la seconde guerre mondiale. Cependant dans l&#8217;ensemble, \u00e9norm\u00e9ment de ces forteresses sont toujours en bon \u00e9tat aujourd&#8217;hui et beaucoup de ces bijoux du patrimoine sont d&#8217;ailleurs inscrits au <a rel=\"noreferrer noopener\" href=\"https:\/\/fr.wikipedia.org\/wiki\/Fortifications_de_Vauban_inscrites_%C3%A0_l%27Unesco\" target=\"_blank\">patrimoine mondiale de l&#8217;UNESCO<\/a>.<\/p>\n\n\n\n<p><\/p>\n\n\n\n<h2 class=\"wp-block-heading\"><span class=\"has-inline-color has-black-color\">Un homme \u00e0 l&#8217;honneur et \u00e0 la franchise exemplaire<\/span><\/h2>\n\n\n\n<p><\/p>\n\n\n\n<p class=\"has-text-align-justify\">Vauban, ce n&#8217;est pas qu&#8217;un visionnaire et un ing\u00e9nieur, c&#8217;est \u00e9galement une personnalit\u00e9 forte qui ne se pliera jamais au politiquement correct de son \u00e9poque, \u00e0 la pression de ses pairs ou \u00e0 toute forme de niaiserie.<\/p>\n\n\n\n<p class=\"has-text-align-justify\">Pour n&#8217;en citer qu&#8217;une, pas de plus bel exemple de son fort caract\u00e8re que cette citation de sa propre bouche qu&#8217;il pronon\u00e7a en 1671 :<\/p>\n\n\n\n<blockquote class=\"wp-block-quote\"><p><span class=\"has-inline-color has-black-color\"><strong><em>&#8221; Je ne crains ni le roi, ni vous, ni tout le genre humain ensemble.<\/em>&#8220;<\/strong><\/span><\/p><cite><span class=\"has-inline-color has-black-color\"><strong>S\u00e9bastien Le Prestre de Vauban<\/strong><\/span><\/cite><\/blockquote>\n\n\n\n<p class=\"has-text-align-justify\"> Loin des futilit\u00e9s, il sera d&#8217;ailleurs tr\u00e8s proche du petit peuple et lors de ses multiples travers\u00e9es du pays pour superviser son colossal chantier, il sera le t\u00e9moin de la mis\u00e8re des pauvres et se pr\u00e9occupera beaucoup de leur sort.<\/p>\n\n\n\n<p class=\"has-text-align-justify\">Il \u00e9crira notamment &#8220;<a href=\"https:\/\/books.google.fr\/books\/about\/La_d%C3%AEme_royale.html?id=3v8NAAAAQAAJ&amp;printsec=frontcover&amp;source=kp_read_button&amp;redir_esc=y#v=onepage&amp;q&amp;f=false\" target=\"_blank\" rel=\"noreferrer noopener\">La D\u00eeme Royale<\/a>&#8221; qui est une r\u00e9vision compl\u00e8te du syst\u00e8me des imp\u00f4ts en France, pour unifier les taxes avec un syst\u00e8me progressif, \u00e0 toutes les classes sociales et faire contribuer les plus riches pour soulager les plus pauvres. Comme on peut s&#8217;y attendre, l&#8217;ouvrage f\u00fbt f\u00e9rocement repouss\u00e9 par les plus riches et sous la pression, le roi sera forc\u00e9 d&#8217;interdire la circulation du livre, qui continuera \u00e0 se faire tout de m\u00eame de fa\u00e7on clandestine.<\/p>\n\n\n\n<p class=\"has-text-align-justify\">En 1693, il poussera \u00e9galement le roi \u00e0 cr\u00e9er, cette fois-ci avec succ\u00e8s,<a rel=\"noreferrer noopener\" href=\"https:\/\/www.musee-du-genie-angers.fr\/fpdb\/10264016-doc-fiche-15.pdf\" target=\"_blank\"> l&#8217;ordre de Saint-Louis<\/a>. Ce nouvel ordre militaire est une petite r\u00e9volution car elle est l&#8217;une des premi\u00e8res r\u00e9compenses \u00e0 s&#8217;attribuer uniquement au m\u00e9rite. L&#8217;ordre ne r\u00e9compense plus les gens par rapport \u00e0 leur nom de naissance uniquement, mais s&#8217;ouvre \u00e0 tous et permet de juger d&#8217;un homme uniquement \u00e0 ses talents et \u00e0 son seul m\u00e9rite.<\/p>\n\n\n\n<p>Apr\u00e8s son immense carri\u00e8re, Vauban sera nomm\u00e9 Mar\u00e9chal de France et sera ador\u00e9 \u00e0 la fois par le roi et par le peuple.<\/p>\n\n\n\n<p>Voltaire dira d&#8217;ailleurs de lui qu&#8217;il est &#8220;<strong><em>le premier des ing\u00e9nieurs et le meilleur des citoyens<\/em><\/strong>&#8220;.<\/p>\n\n\n\n<p class=\"has-text-align-justify\">Cet homme colossal, \u00e9norme contributeur \u00e0 la nation Fran\u00e7aise, s&#8217;\u00e9teindra le 30 mars 1707 \u00e0 Paris. La monarchie ne lui rendit pas un hommage \u00e0 la hauteur de son parcours \u00e0 sa mort, mais cette erreur fut r\u00e9par\u00e9e bien des ann\u00e9es plus tard, par <a href=\"https:\/\/fr.wikipedia.org\/wiki\/Napol%C3%A9on_Ier\" target=\"_blank\" rel=\"noreferrer noopener\">Napol\u00e9on Bonaparte<\/a>. Suite aux multiples destructions faites pendant la R\u00e9volution Fran\u00e7aise, l&#8217;empereur fera transf\u00e9rer le coeur de Vauban aux <a href=\"https:\/\/www.musee-armee.fr\/votre-visite\/les-espaces-du-musee\/lhotel-national-des-invalides.html\" target=\"_blank\" rel=\"noreferrer noopener\">Invalides<\/a>. Il lui rendra tous les honneurs qu&#8217;il m\u00e9rite et fera grande \u00e9loge de son exemplarit\u00e9.<\/p>\n\n\n\n<figure class=\"wp-block-image size-large\"><img decoding=\"async\" width=\"844\" height=\"1024\" src=\"https:\/\/conservativenthusiast.com\/wp-content\/uploads\/2020\/10\/Vauban-Invalides-TCE-844x1024.jpg\" alt=\"\" class=\"wp-image-2696\" srcset=\"https:\/\/conservativenthusiast.com\/wp-content\/uploads\/2020\/10\/Vauban-Invalides-TCE-844x1024.jpg 844w, https:\/\/conservativenthusiast.com\/wp-content\/uploads\/2020\/10\/Vauban-Invalides-TCE-247x300.jpg 247w, https:\/\/conservativenthusiast.com\/wp-content\/uploads\/2020\/10\/Vauban-Invalides-TCE-768x932.jpg 768w, https:\/\/conservativenthusiast.com\/wp-content\/uploads\/2020\/10\/Vauban-Invalides-TCE-1265x1536.jpg 1265w, https:\/\/conservativenthusiast.com\/wp-content\/uploads\/2020\/10\/Vauban-Invalides-TCE-1687x2048.jpg 1687w, https:\/\/conservativenthusiast.com\/wp-content\/uploads\/2020\/10\/Vauban-Invalides-TCE-1080x1311.jpg 1080w, https:\/\/conservativenthusiast.com\/wp-content\/uploads\/2020\/10\/Vauban-Invalides-TCE-1280x1554.jpg 1280w, https:\/\/conservativenthusiast.com\/wp-content\/uploads\/2020\/10\/Vauban-Invalides-TCE-980x1190.jpg 980w, https:\/\/conservativenthusiast.com\/wp-content\/uploads\/2020\/10\/Vauban-Invalides-TCE-480x583.jpg 480w\" sizes=\"(max-width: 844px) 100vw, 844px\" \/><\/figure>\n\n\n\n<p class=\"has-text-align-justify\"><strong><em>D\u00e9sormais il repose sous le d\u00f4me des Invalides, juste \u00e0 cot\u00e9 du tombeau de l&#8217;Empereur des Fran\u00e7ais et nous vous invitons fortement \u00e0 lui rendre visite et l&#8217;honorer comme il se doit<\/em><\/strong>&#8230;<\/p>\n\n\n\n<p><\/p>\n\n\n\n<h2 class=\"wp-block-heading\"><strong><span class=\"has-inline-color has-black-color\">To go further:<\/span><\/strong><\/h2>\n\n\n\n<p><\/p>\n\n\n\n<p class=\"has-text-align-justify\">Notre objectif chez TCE est bien s\u00fbr de vous pousser \u00e0 visiter nos recommandations et vous inviter \u00e0 renouer avec l\u2019h\u00e9ritage Fran\u00e7ais et Europ\u00e9en. Nous avons pleine conscience que c\u2019est en connaissant ses racines et son identit\u00e9 que l\u2019on est plus \u00e0 m\u00eame de s\u2019\u00e9panouir, se d\u00e9fendre et prosp\u00e9rer. C\u2019est pourquoi, nous vous laissons toujours dans chaque article des liens et sources pour aller plus loin et continuer votre d\u00e9marche.  Vous pouvez retrouver tous nos articles de ce type dans les rubriques <a rel=\"noreferrer noopener\" href=\"https:\/\/conservativenthusiast.com\/en\/patrimoine\/\" target=\"_blank\">Patrimony<\/a> and <a rel=\"noreferrer noopener\" href=\"https:\/\/conservativenthusiast.com\/en\/histoire\/\" target=\"_blank\">History<\/a>.<\/p>\n\n\n\n<p class=\"has-text-align-justify\">Si vous vous rendez sur un des lieux de nos recommandations, nous vous invitons chaleureusement \u00e0 participer pleinement \u00e0 la communaut\u00e9 en taguant votre visite sur les r\u00e9seaux sociaux avec le&nbsp;<strong>hashtag #TCE<\/strong><\/p>\n\n\n\n<p><\/p>\n\n\n\n<h2 class=\"wp-block-heading\"><span class=\"has-inline-color has-black-color\">Sources :<\/span><\/h2>\n\n\n\n<figure class=\"wp-block-embed is-type-video is-provider-youtube wp-block-embed-youtube wp-embed-aspect-16-9 wp-has-aspect-ratio\"><div class=\"wp-block-embed__wrapper\">\n<span class=\"uK09y8lG2EOmMVhvCfQbHd4q7x5wgpBS\"><div class=\"responsive-video\"><iframe title=\"Vauban, artisan des fronti\u00e8res de la France - La Petite Histoire\" width=\"1080\" height=\"608\" src=\"https:\/\/www.youtube.com\/embed\/ipz9voOIJws?feature=oembed\"  allow=\"accelerometer; autoplay; clipboard-write; encrypted-media; gyroscope; picture-in-picture\" allowfullscreen><\/iframe><\/div><\/span>\n<\/div><\/figure>\n\n\n\n<p><a href=\"https:\/\/www.baladesetpatrimoine.com\/le-marquis-de-vauban\/\" target=\"_blank\" rel=\"noreferrer noopener\">Le Marquis de Vauban<\/a><\/p>\n\n\n\n<p><a href=\"https:\/\/college-vauban.fr\/historique-vauban\/\" target=\"_blank\" rel=\"noreferrer noopener\">Un Mar\u00e9chal proche du peuple<\/a><\/p>\n\n\n\n<p><a href=\"http:\/\/www.janinetissot.fdaf.org\/jt_vauban.htm\" target=\"_blank\" rel=\"noreferrer noopener\">Vauban Actus DN<\/a><\/p>\n\n\n\n<p><a rel=\"noreferrer noopener\" href=\"https:\/\/www.lhistoire.fr\/carte\/le-pr%C3%A9-carr%C3%A9%C2%A0-fronti%C3%A8res-et-places-fortes-sous-louis-xiv\" target=\"_blank\">Le pr\u00e9 carr\u00e9<\/a><\/p>\n\n\n\n<p><a href=\"http:\/\/www.vallee-du-ciron.com\/Documents\/Ouvrages\/Michelant\/1703%20Vauban.htm\" target=\"_blank\" rel=\"noreferrer noopener\">Vauban au si\u00e8ge de Brisach<\/a><\/p>\n\n\n\n<p><a href=\"https:\/\/fr.wikipedia.org\/wiki\/S%C3%A9bastien_Le_Prestre_de_Vauban\">https:\/\/fr.wikipedia.org\/wiki\/S%C3%A9bastien_Le_Prestre_de_Vauban<\/a><\/p>\n\n\n\n<figure class=\"wp-block-embed is-type-link is-provider-histoires-d-039-universites wp-block-embed-histoires-d-039-universites\"><div class=\"wp-block-embed__wrapper\">\n<span class=\"RLwvyaiRdV8WSo0lsdTrw3yWDCGeJUgzjfY16I77bb1HmTIMqjfEnAgsSxkQ5eimCvXKD5q9NxlE4n8oPQp\"><a href=\"https:\/\/histoiresduniversites.wordpress.com\/2015\/07\/10\/vauban-30-ans-en-1663\/\">Vauban, 30 ans en&nbsp;1663<\/a><\/span>\n<\/div><\/figure>\n\n\n\n<p><\/p>","protected":false},"excerpt":{"rendered":"<p>Ami fran\u00e7ais, si tu lis ces lignes, sais-tu que pas tr\u00e8s loin de chez toi, se cache une merveille gorg\u00e9e [&hellip;]<\/p>","protected":false},"author":1,"featured_media":2563,"comment_status":"open","ping_status":"open","sticky":false,"template":"","format":"standard","meta":{"_et_pb_use_builder":"off","_et_pb_old_content":"","_et_gb_content_width":"","_exactmetrics_skip_tracking":false,"_exactmetrics_sitenote_active":false,"_exactmetrics_sitenote_note":"","_exactmetrics_sitenote_category":0,"footnotes":""},"categories":[4,6,34],"tags":[13,14,33],"yoast_head":"<!-- This site is optimized with the Yoast SEO plugin v22.3 - https:\/\/yoast.com\/wordpress\/plugins\/seo\/ -->\n<title>Vauban, architecte de France - The Conservative Enthusiast<\/title>\n<meta name=\"description\" content=\"\u27bd D\u00e9couvrez le formidable parcours de Vauban sur TCE : la plateforme de partage et d&#039;apprentissage des conservateurs.\" \/>\n<meta name=\"robots\" content=\"index, follow, max-snippet:-1, max-image-preview:large, max-video-preview:-1\" \/>\n<link rel=\"canonical\" href=\"https:\/\/conservativenthusiast.com\/en\/vauban-architecte-de-france\/\" \/>\n<meta property=\"og:locale\" content=\"en_GB\" \/>\n<meta property=\"og:type\" content=\"article\" \/>\n<meta property=\"og:title\" content=\"Vauban, architecte de France - The Conservative Enthusiast\" \/>\n<meta property=\"og:description\" content=\"\u27bd D\u00e9couvrez le formidable parcours de Vauban sur TCE : la plateforme de partage et d&#039;apprentissage des conservateurs.\" \/>\n<meta property=\"og:url\" content=\"https:\/\/conservativenthusiast.com\/en\/vauban-architecte-de-france\/\" \/>\n<meta property=\"og:site_name\" content=\"The Conservative Enthusiast\" \/>\n<meta property=\"article:published_time\" content=\"2020-11-01T11:00:00+00:00\" \/>\n<meta property=\"article:modified_time\" content=\"2021-03-21T13:17:36+00:00\" \/>\n<meta property=\"og:image\" content=\"https:\/\/conservativenthusiast.com\/wp-content\/uploads\/2020\/11\/Sebastien-Vauban-TCE.jpg\" \/>\n\t<meta property=\"og:image:width\" content=\"800\" \/>\n\t<meta property=\"og:image:height\" content=\"677\" \/>\n\t<meta property=\"og:image:type\" content=\"image\/jpeg\" \/>\n<meta name=\"author\" content=\"Alexis.L\" \/>\n<meta name=\"twitter:card\" content=\"summary_large_image\" \/>\n<meta name=\"twitter:label1\" content=\"Written by\" \/>\n\t<meta name=\"twitter:data1\" content=\"Alexis.L\" \/>\n\t<meta name=\"twitter:label2\" content=\"Estimated reading time\" \/>\n\t<meta name=\"twitter:data2\" content=\"9 minutes\" \/>\n<script type=\"application\/ld+json\" class=\"yoast-schema-graph\">{\"@context\":\"https:\/\/schema.org\",\"@graph\":[{\"@type\":\"Article\",\"@id\":\"https:\/\/conservativenthusiast.com\/vauban-architecte-de-france\/#article\",\"isPartOf\":{\"@id\":\"https:\/\/conservativenthusiast.com\/vauban-architecte-de-france\/\"},\"author\":{\"name\":\"Alexis.L\",\"@id\":\"https:\/\/conservativenthusiast.com\/#\/schema\/person\/3edd83a60aed483f95ebc876aeac7feb\"},\"headline\":\"Vauban, architecte de France\",\"datePublished\":\"2020-11-01T11:00:00+00:00\",\"dateModified\":\"2021-03-21T13:17:36+00:00\",\"mainEntityOfPage\":{\"@id\":\"https:\/\/conservativenthusiast.com\/vauban-architecte-de-france\/\"},\"wordCount\":2030,\"commentCount\":0,\"publisher\":{\"@id\":\"https:\/\/conservativenthusiast.com\/#organization\"},\"image\":{\"@id\":\"https:\/\/conservativenthusiast.com\/vauban-architecte-de-france\/#primaryimage\"},\"thumbnailUrl\":\"https:\/\/conservativenthusiast.com\/wp-content\/uploads\/2020\/11\/Sebastien-Vauban-TCE.jpg\",\"keywords\":[\"Biographie\",\"Histoire\",\"Patrimoine\"],\"articleSection\":[\"Biographie\",\"Histoire\",\"Patrimoine\"],\"inLanguage\":\"en-GB\",\"potentialAction\":[{\"@type\":\"CommentAction\",\"name\":\"Comment\",\"target\":[\"https:\/\/conservativenthusiast.com\/vauban-architecte-de-france\/#respond\"]}]},{\"@type\":\"WebPage\",\"@id\":\"https:\/\/conservativenthusiast.com\/vauban-architecte-de-france\/\",\"url\":\"https:\/\/conservativenthusiast.com\/vauban-architecte-de-france\/\",\"name\":\"Vauban, architecte de France - The Conservative Enthusiast\",\"isPartOf\":{\"@id\":\"https:\/\/conservativenthusiast.com\/#website\"},\"primaryImageOfPage\":{\"@id\":\"https:\/\/conservativenthusiast.com\/vauban-architecte-de-france\/#primaryimage\"},\"image\":{\"@id\":\"https:\/\/conservativenthusiast.com\/vauban-architecte-de-france\/#primaryimage\"},\"thumbnailUrl\":\"https:\/\/conservativenthusiast.com\/wp-content\/uploads\/2020\/11\/Sebastien-Vauban-TCE.jpg\",\"datePublished\":\"2020-11-01T11:00:00+00:00\",\"dateModified\":\"2021-03-21T13:17:36+00:00\",\"description\":\"\u27bd D\u00e9couvrez le formidable parcours de Vauban sur TCE : la plateforme de partage et d'apprentissage des conservateurs.\",\"breadcrumb\":{\"@id\":\"https:\/\/conservativenthusiast.com\/vauban-architecte-de-france\/#breadcrumb\"},\"inLanguage\":\"en-GB\",\"potentialAction\":[{\"@type\":\"ReadAction\",\"target\":[\"https:\/\/conservativenthusiast.com\/vauban-architecte-de-france\/\"]}]},{\"@type\":\"ImageObject\",\"inLanguage\":\"en-GB\",\"@id\":\"https:\/\/conservativenthusiast.com\/vauban-architecte-de-france\/#primaryimage\",\"url\":\"https:\/\/conservativenthusiast.com\/wp-content\/uploads\/2020\/11\/Sebastien-Vauban-TCE.jpg\",\"contentUrl\":\"https:\/\/conservativenthusiast.com\/wp-content\/uploads\/2020\/11\/Sebastien-Vauban-TCE.jpg\",\"width\":800,\"height\":677},{\"@type\":\"BreadcrumbList\",\"@id\":\"https:\/\/conservativenthusiast.com\/vauban-architecte-de-france\/#breadcrumb\",\"itemListElement\":[{\"@type\":\"ListItem\",\"position\":1,\"name\":\"Accueil\",\"item\":\"https:\/\/conservativenthusiast.com\/\"},{\"@type\":\"ListItem\",\"position\":2,\"name\":\"Vauban, architecte de France\"}]},{\"@type\":\"WebSite\",\"@id\":\"https:\/\/conservativenthusiast.com\/#website\",\"url\":\"https:\/\/conservativenthusiast.com\/\",\"name\":\"The Conservative Enthusiast\",\"description\":\"La plateforme de r\u00e9information, de partage et d&#039;apprentissage des conservateurs.\",\"publisher\":{\"@id\":\"https:\/\/conservativenthusiast.com\/#organization\"},\"potentialAction\":[{\"@type\":\"SearchAction\",\"target\":{\"@type\":\"EntryPoint\",\"urlTemplate\":\"https:\/\/conservativenthusiast.com\/?s={search_term_string}\"},\"query-input\":\"required name=search_term_string\"}],\"inLanguage\":\"en-GB\"},{\"@type\":\"Organization\",\"@id\":\"https:\/\/conservativenthusiast.com\/#organization\",\"name\":\"The Conservative Enthusiast\",\"url\":\"https:\/\/conservativenthusiast.com\/\",\"logo\":{\"@type\":\"ImageObject\",\"inLanguage\":\"en-GB\",\"@id\":\"https:\/\/conservativenthusiast.com\/#\/schema\/logo\/image\/\",\"url\":\"https:\/\/i0.wp.com\/conservativeenthusiast.com\/wp-content\/uploads\/2020\/06\/LOGO-CE-MINI.png?fit=3867%2C1180&ssl=1\",\"contentUrl\":\"https:\/\/i0.wp.com\/conservativeenthusiast.com\/wp-content\/uploads\/2020\/06\/LOGO-CE-MINI.png?fit=3867%2C1180&ssl=1\",\"width\":3867,\"height\":1180,\"caption\":\"The Conservative Enthusiast\"},\"image\":{\"@id\":\"https:\/\/conservativenthusiast.com\/#\/schema\/logo\/image\/\"}},{\"@type\":\"Person\",\"@id\":\"https:\/\/conservativenthusiast.com\/#\/schema\/person\/3edd83a60aed483f95ebc876aeac7feb\",\"name\":\"Alexis.L\",\"image\":{\"@type\":\"ImageObject\",\"inLanguage\":\"en-GB\",\"@id\":\"https:\/\/conservativenthusiast.com\/#\/schema\/person\/image\/\",\"url\":\"https:\/\/secure.gravatar.com\/avatar\/e276145ad3a64170e9c68564bb9e4280?s=96&d=mm&r=g\",\"contentUrl\":\"https:\/\/secure.gravatar.com\/avatar\/e276145ad3a64170e9c68564bb9e4280?s=96&d=mm&r=g\",\"caption\":\"Alexis.L\"},\"description\":\"Si vous appr\u00e9ciez les articles de ce r\u00e9dacteur et que vous souhaitez en d\u00e9couvrir davantage sur lui ou ses \u00e9crits, vous pouvez consulter tous ses articles en cliquant sur son pseudo ou en apprendre plus sur notre page \\\"Notre \u00e9quipe\\\". Vous pouvez \u00e9galement le suivre sur ses diff\u00e9rents r\u00e9seaux sociaux ci-dessous.\",\"url\":\"https:\/\/conservativenthusiast.com\/en\/author\/admin6171\/\"}]}<\/script>\n<!-- \/ Yoast SEO plugin. -->","yoast_head_json":{"title":"Vauban, architecte de France - The Conservative Enthusiast","description":"\u27bd D\u00e9couvrez le formidable parcours de Vauban sur TCE : la plateforme de partage et d'apprentissage des conservateurs.","robots":{"index":"index","follow":"follow","max-snippet":"max-snippet:-1","max-image-preview":"max-image-preview:large","max-video-preview":"max-video-preview:-1"},"canonical":"https:\/\/conservativenthusiast.com\/en\/vauban-architecte-de-france\/","og_locale":"en_GB","og_type":"article","og_title":"Vauban, architecte de France - The Conservative Enthusiast","og_description":"\u27bd D\u00e9couvrez le formidable parcours de Vauban sur TCE : la plateforme de partage et d'apprentissage des conservateurs.","og_url":"https:\/\/conservativenthusiast.com\/en\/vauban-architecte-de-france\/","og_site_name":"The Conservative Enthusiast","article_published_time":"2020-11-01T11:00:00+00:00","article_modified_time":"2021-03-21T13:17:36+00:00","og_image":[{"width":800,"height":677,"url":"https:\/\/conservativenthusiast.com\/wp-content\/uploads\/2020\/11\/Sebastien-Vauban-TCE.jpg","type":"image\/jpeg"}],"author":"Alexis.L","twitter_card":"summary_large_image","twitter_misc":{"Written by":"Alexis.L","Estimated reading time":"9 minutes"},"schema":{"@context":"https:\/\/schema.org","@graph":[{"@type":"Article","@id":"https:\/\/conservativenthusiast.com\/vauban-architecte-de-france\/#article","isPartOf":{"@id":"https:\/\/conservativenthusiast.com\/vauban-architecte-de-france\/"},"author":{"name":"Alexis.L","@id":"https:\/\/conservativenthusiast.com\/#\/schema\/person\/3edd83a60aed483f95ebc876aeac7feb"},"headline":"Vauban, architecte de France","datePublished":"2020-11-01T11:00:00+00:00","dateModified":"2021-03-21T13:17:36+00:00","mainEntityOfPage":{"@id":"https:\/\/conservativenthusiast.com\/vauban-architecte-de-france\/"},"wordCount":2030,"commentCount":0,"publisher":{"@id":"https:\/\/conservativenthusiast.com\/#organization"},"image":{"@id":"https:\/\/conservativenthusiast.com\/vauban-architecte-de-france\/#primaryimage"},"thumbnailUrl":"https:\/\/conservativenthusiast.com\/wp-content\/uploads\/2020\/11\/Sebastien-Vauban-TCE.jpg","keywords":["Biographie","Histoire","Patrimoine"],"articleSection":["Biographie","Histoire","Patrimoine"],"inLanguage":"en-GB","potentialAction":[{"@type":"CommentAction","name":"Comment","target":["https:\/\/conservativenthusiast.com\/vauban-architecte-de-france\/#respond"]}]},{"@type":"WebPage","@id":"https:\/\/conservativenthusiast.com\/vauban-architecte-de-france\/","url":"https:\/\/conservativenthusiast.com\/vauban-architecte-de-france\/","name":"Vauban, architecte de France - The Conservative Enthusiast","isPartOf":{"@id":"https:\/\/conservativenthusiast.com\/#website"},"primaryImageOfPage":{"@id":"https:\/\/conservativenthusiast.com\/vauban-architecte-de-france\/#primaryimage"},"image":{"@id":"https:\/\/conservativenthusiast.com\/vauban-architecte-de-france\/#primaryimage"},"thumbnailUrl":"https:\/\/conservativenthusiast.com\/wp-content\/uploads\/2020\/11\/Sebastien-Vauban-TCE.jpg","datePublished":"2020-11-01T11:00:00+00:00","dateModified":"2021-03-21T13:17:36+00:00","description":"\u27bd D\u00e9couvrez le formidable parcours de Vauban sur TCE : la plateforme de partage et d'apprentissage des conservateurs.","breadcrumb":{"@id":"https:\/\/conservativenthusiast.com\/vauban-architecte-de-france\/#breadcrumb"},"inLanguage":"en-GB","potentialAction":[{"@type":"ReadAction","target":["https:\/\/conservativenthusiast.com\/vauban-architecte-de-france\/"]}]},{"@type":"ImageObject","inLanguage":"en-GB","@id":"https:\/\/conservativenthusiast.com\/vauban-architecte-de-france\/#primaryimage","url":"https:\/\/conservativenthusiast.com\/wp-content\/uploads\/2020\/11\/Sebastien-Vauban-TCE.jpg","contentUrl":"https:\/\/conservativenthusiast.com\/wp-content\/uploads\/2020\/11\/Sebastien-Vauban-TCE.jpg","width":800,"height":677},{"@type":"BreadcrumbList","@id":"https:\/\/conservativenthusiast.com\/vauban-architecte-de-france\/#breadcrumb","itemListElement":[{"@type":"ListItem","position":1,"name":"Accueil","item":"https:\/\/conservativenthusiast.com\/"},{"@type":"ListItem","position":2,"name":"Vauban, architecte de France"}]},{"@type":"WebSite","@id":"https:\/\/conservativenthusiast.com\/#website","url":"https:\/\/conservativenthusiast.com\/","name":"The Conservative Enthusiast","description":"La plateforme de r\u00e9information, de partage et d&#039;apprentissage des conservateurs.","publisher":{"@id":"https:\/\/conservativenthusiast.com\/#organization"},"potentialAction":[{"@type":"SearchAction","target":{"@type":"EntryPoint","urlTemplate":"https:\/\/conservativenthusiast.com\/?s={search_term_string}"},"query-input":"required name=search_term_string"}],"inLanguage":"en-GB"},{"@type":"Organization","@id":"https:\/\/conservativenthusiast.com\/#organization","name":"The Conservative Enthusiast","url":"https:\/\/conservativenthusiast.com\/","logo":{"@type":"ImageObject","inLanguage":"en-GB","@id":"https:\/\/conservativenthusiast.com\/#\/schema\/logo\/image\/","url":"https:\/\/i0.wp.com\/conservativeenthusiast.com\/wp-content\/uploads\/2020\/06\/LOGO-CE-MINI.png?fit=3867%2C1180&ssl=1","contentUrl":"https:\/\/i0.wp.com\/conservativeenthusiast.com\/wp-content\/uploads\/2020\/06\/LOGO-CE-MINI.png?fit=3867%2C1180&ssl=1","width":3867,"height":1180,"caption":"The Conservative Enthusiast"},"image":{"@id":"https:\/\/conservativenthusiast.com\/#\/schema\/logo\/image\/"}},{"@type":"Person","@id":"https:\/\/conservativenthusiast.com\/#\/schema\/person\/3edd83a60aed483f95ebc876aeac7feb","name":"Alexis.L","image":{"@type":"ImageObject","inLanguage":"en-GB","@id":"https:\/\/conservativenthusiast.com\/#\/schema\/person\/image\/","url":"https:\/\/secure.gravatar.com\/avatar\/e276145ad3a64170e9c68564bb9e4280?s=96&d=mm&r=g","contentUrl":"https:\/\/secure.gravatar.com\/avatar\/e276145ad3a64170e9c68564bb9e4280?s=96&d=mm&r=g","caption":"Alexis.L"},"description":"Si vous appr\u00e9ciez les articles de ce r\u00e9dacteur et que vous souhaitez en d\u00e9couvrir davantage sur lui ou ses \u00e9crits, vous pouvez consulter tous ses articles en cliquant sur son pseudo ou en apprendre plus sur notre page \"Notre \u00e9quipe\". Vous pouvez \u00e9galement le suivre sur ses diff\u00e9rents r\u00e9seaux sociaux ci-dessous.","url":"https:\/\/conservativenthusiast.com\/en\/author\/admin6171\/"}]}},"_links":{"self":[{"href":"https:\/\/conservativenthusiast.com\/en\/wp-json\/wp\/v2\/posts\/2556"}],"collection":[{"href":"https:\/\/conservativenthusiast.com\/en\/wp-json\/wp\/v2\/posts"}],"about":[{"href":"https:\/\/conservativenthusiast.com\/en\/wp-json\/wp\/v2\/types\/post"}],"author":[{"embeddable":true,"href":"https:\/\/conservativenthusiast.com\/en\/wp-json\/wp\/v2\/users\/1"}],"replies":[{"embeddable":true,"href":"https:\/\/conservativenthusiast.com\/en\/wp-json\/wp\/v2\/comments?post=2556"}],"version-history":[{"count":147,"href":"https:\/\/conservativenthusiast.com\/en\/wp-json\/wp\/v2\/posts\/2556\/revisions"}],"predecessor-version":[{"id":16766,"href":"https:\/\/conservativenthusiast.com\/en\/wp-json\/wp\/v2\/posts\/2556\/revisions\/16766"}],"wp:featuredmedia":[{"embeddable":true,"href":"https:\/\/conservativenthusiast.com\/en\/wp-json\/wp\/v2\/media\/2563"}],"wp:attachment":[{"href":"https:\/\/conservativenthusiast.com\/en\/wp-json\/wp\/v2\/media?parent=2556"}],"wp:term":[{"taxonomy":"category","embeddable":true,"href":"https:\/\/conservativenthusiast.com\/en\/wp-json\/wp\/v2\/categories?post=2556"},{"taxonomy":"post_tag","embeddable":true,"href":"https:\/\/conservativenthusiast.com\/en\/wp-json\/wp\/v2\/tags?post=2556"}],"curies":[{"name":"wp","href":"https:\/\/api.w.org\/{rel}","templated":true}]}}