{"id":2147,"date":"2020-11-06T12:05:00","date_gmt":"2020-11-06T11:05:00","guid":{"rendered":"https:\/\/conservativeenthusiast.com\/?p=2147"},"modified":"2020-11-07T14:53:33","modified_gmt":"2020-11-07T13:53:33","slug":"lectures-europeennes-2-allemagne","status":"publish","type":"post","link":"https:\/\/conservativenthusiast.com\/en\/lectures-europeennes-2-allemagne\/","title":{"rendered":"Lectures Europ\u00e9ennes #2 : Allemagne"},"content":{"rendered":"<p class=\"has-text-align-justify\">Bienvenue sur cette nouvelle s\u00e9rie d&#8217;article qui ajoute une rubrique toute in\u00e9dite \u00e0 notre cat\u00e9gorie Litt\u00e9rature et qui se nomme &#8220;Lectures Europ\u00e9ennes&#8221;. <\/p>\n\n\n\n<p class=\"has-text-align-justify\">Cette nouvelle rubrique, qui nous est propos\u00e9 par <a href=\"https:\/\/www.instagram.com\/booky_mary\/\" target=\"_blank\" rel=\"noreferrer noopener\">Booky Mary<\/a>, consistera \u00e0 nous faire voyager et visiter tous les pays d&#8217;Europe \u00e0 travers un livre embl\u00e9matique pour chaque pays. Si cette rubrique vous pla\u00eet et que vous souhaiter d\u00e9couvrir tous les autres pays, sachez que les <a href=\"https:\/\/conservativenthusiast.com\/en\/category\/litterature\/lectures-europeennes\/\" target=\"_blank\" rel=\"noreferrer noopener\">Lectures Europ\u00e9ennes<\/a> sont publi\u00e9es un vendredi sur deux. Vous pouvez retrouver la rubrique \u00e0 tout moment sur notre page <a href=\"https:\/\/conservativenthusiast.com\/en\/litterature\/\" target=\"_blank\" rel=\"noreferrer noopener\">Literature<\/a>.<\/p>\n\n\n\n<p>Vous pouvez \u00e9galement d\u00e9couvrir Booky Mary et soutenir son travail en d\u00e9couvrant son <a href=\"https:\/\/www.instagram.com\/booky_mary\/\" target=\"_blank\" rel=\"noreferrer noopener\">compte Instagram<\/a>.<\/p>\n\n\n\n<p class=\"has-text-align-justify\">Notre premier num\u00e9ro se porte sur l&#8217;<a href=\"https:\/\/fr.wikipedia.org\/wiki\/Allemagne\" target=\"_blank\" rel=\"noreferrer noopener\">Allemagne<\/a> et nous vous laissons donc avec notre sp\u00e9cialiste en litt\u00e9rature pour ce voyage \u00e0 travers l&#8217;Europe :<\/p>\n\n\n\n<p class=\"has-text-align-justify\"><em><span class=\"has-inline-color has-black-color\">&#8221; Pour ce second ouvrage des\u00a0<a href=\"https:\/\/www.instagram.com\/explore\/tags\/lectureseurope%CC%81ennes\/\" target=\"_blank\" rel=\"noreferrer noopener\">#LecturesEurop\u00e9ennes<\/a>, nous quitterons l\u2019Albanie pour aller en Allemagne. Faisant anciennement partie du Saint-Empire romain germanique, actuel \u00e9tat d\u2019Europe centrale, le pays est compos\u00e9 de seize \u00ab\u00a0Lande\u00a0\u00bb depuis sa r\u00e9unification en 1990.<\/span><\/em><\/p>\n\n\n\n<p class=\"has-text-align-justify\"><span class=\"has-inline-color has-black-color\"><em>J\u2019aurais pu choisir des auteurs \u00ab\u00a0\u00e9vidents\u00a0\u00bb pour parler de la\u00a0<a href=\"https:\/\/www.instagram.com\/explore\/tags\/litte%CC%81ratureallemande\/\" target=\"_blank\" rel=\"noreferrer noopener\">#Litt\u00e9ratureAllemande<\/a>, comme\u00a0<a href=\"https:\/\/www.instagram.com\/explore\/tags\/goethe\/\" target=\"_blank\" rel=\"noreferrer noopener\">#Goethe<\/a>, mais j\u2019ai choisi une \u00e9crivaine, po\u00e9tesse et compositrice du XIXe si\u00e8cle,\u00a0<a href=\"https:\/\/www.instagram.com\/explore\/tags\/annettevondrostehu%CC%88lshoff\/\" target=\"_blank\" rel=\"noreferrer noopener\">#AnnettevonDrosteH\u00fclshoff<\/a>\u00a0(1797-1848). Descendante de l&#8217;ancienne aristocratie catholique de Westphalie, elle est consid\u00e9r\u00e9e par une grande partie du monde germanophone comme la plus grande po\u00e9tesse allemande de tous les temps, particuli\u00e8rement connue pour ses po\u00e8mes religieux.<\/em><\/span><\/p>\n\n\n\n<p class=\"has-text-align-justify\"><em><span class=\"has-inline-color has-black-color\">Elle ne cesse depuis sa plus tendre enfance de composer, fervente catholique, elle exerce beaucoup ce talent pour l\u2019\u00e9laboration de po\u00e8mes spirituels voire de visions.<\/span><\/em><\/p>\n\n\n\n<p class=\"has-text-align-justify\"><em><span class=\"has-inline-color has-black-color\">D\u2019une plume un peu dure mais tr\u00e8s dense avec des topos tournant autour de la nature et du spirituel, elle nous offre ses plus belles compositions dans ce recueil publi\u00e9 par\u00a0<a href=\"https:\/\/www.instagram.com\/explore\/tags\/ladogana\/\" target=\"_blank\" rel=\"noreferrer noopener\">#LaDogana<\/a>, r\u00e9unissant \u00e0 la fois \u00ab\u00a0Tableaux de la Lande\u00a0\u00bb, \u00ab\u00a0Po\u00e8mes divers\u00a0\u00bb, \u00ab\u00a0Songe d\u2019un jour d\u2019\u00e9t\u00e9\u00a0\u00bb, \u00ab\u00a0L\u2019ann\u00e9e spirituelle\u00a0\u00bb, \u00ab\u00a0Le leg du m\u00e9decin\u00a0\u00bb et \u00ab\u00a0Le spiritus familiaris du Maquignon\u00a0\u00bb, ainsi qu\u2019une tr\u00e8s bonne postface qui nous aide \u00e0 mieux cerner les compositions po\u00e9tiques si organiques et en mouvement de cette \u00e9crivaine trop peu connue et tellement talentueuse.\u00a0&#8220;<\/span><\/em><\/p>\n\n\n\n<p class=\"has-text-align-justify\"><\/p>\n\n\n\n<h2 class=\"wp-block-heading\"><strong><span class=\"has-inline-color has-black-color\">To go further:<\/span><\/strong><\/h2>\n\n\n\n<p><\/p>\n\n\n\n<p>Notre objectif chez TCE est bien s\u00fbr de vous pousser \u00e0 visiter nos recommandations et vous inviter \u00e0 renouer avec l\u2019h\u00e9ritage Fran\u00e7ais et Europ\u00e9en. Nous avons pleine conscience que c\u2019est en connaissant ses racines et son identit\u00e9, que l\u2019on est plus \u00e0 m\u00eame de s\u2019\u00e9panouir, se d\u00e9fendre et prosp\u00e9rer.<\/p>\n\n\n\n<p>Nous vous invitons chaleureusement \u00e0 participer pleinement \u00e0 la communaut\u00e9 en utilisant sur les r\u00e9seaux sociaux le&nbsp;<strong>hashtag #TCE<\/strong><\/p>","protected":false},"excerpt":{"rendered":"<p>Bienvenue sur cette nouvelle s\u00e9rie d&#8217;article qui ajoute une rubrique toute in\u00e9dite \u00e0 notre cat\u00e9gorie Litt\u00e9rature et qui se nomme [&hellip;]<\/p>","protected":false},"author":5,"featured_media":2151,"comment_status":"open","ping_status":"open","sticky":false,"template":"","format":"standard","meta":{"_et_pb_use_builder":"off","_et_pb_old_content":"","_et_gb_content_width":"","_exactmetrics_skip_tracking":false,"_exactmetrics_sitenote_active":false,"_exactmetrics_sitenote_note":"","_exactmetrics_sitenote_category":0,"footnotes":""},"categories":[50],"tags":[54,51,48],"yoast_head":"<!-- This site is optimized with the Yoast SEO plugin v22.3 - https:\/\/yoast.com\/wordpress\/plugins\/seo\/ -->\n<title>Lectures Europ\u00e9ennes #2 : Allemagne - The Conservative Enthusiast<\/title>\n<meta name=\"description\" content=\"\u27bd D\u00e9couvrez l&#039;Europe gr\u00e2ce aux Lectures Europ\u00e9ennes sur TCE : la plateforme d&#039;actualit\u00e9, de partage et d&#039;apprentissage des conservateurs.\" \/>\n<meta name=\"robots\" content=\"index, follow, max-snippet:-1, max-image-preview:large, max-video-preview:-1\" \/>\n<link rel=\"canonical\" href=\"https:\/\/conservativenthusiast.com\/en\/lectures-europeennes-2-allemagne\/\" \/>\n<meta property=\"og:locale\" content=\"en_GB\" \/>\n<meta property=\"og:type\" content=\"article\" \/>\n<meta property=\"og:title\" content=\"Lectures Europ\u00e9ennes #2 : Allemagne - The Conservative Enthusiast\" \/>\n<meta property=\"og:description\" content=\"\u27bd D\u00e9couvrez l&#039;Europe gr\u00e2ce aux Lectures Europ\u00e9ennes sur TCE : la plateforme d&#039;actualit\u00e9, de partage et d&#039;apprentissage des conservateurs.\" \/>\n<meta property=\"og:url\" content=\"https:\/\/conservativenthusiast.com\/en\/lectures-europeennes-2-allemagne\/\" \/>\n<meta property=\"og:site_name\" content=\"The Conservative Enthusiast\" \/>\n<meta property=\"article:published_time\" content=\"2020-11-06T11:05:00+00:00\" \/>\n<meta property=\"article:modified_time\" content=\"2020-11-07T13:53:33+00:00\" \/>\n<meta property=\"og:image\" content=\"https:\/\/conservativenthusiast.com\/wp-content\/uploads\/2020\/10\/Allemagne.jpeg\" \/>\n\t<meta property=\"og:image:width\" content=\"960\" \/>\n\t<meta property=\"og:image:height\" content=\"960\" \/>\n\t<meta property=\"og:image:type\" content=\"image\/jpeg\" \/>\n<meta name=\"author\" content=\"Booky Mary\" \/>\n<meta name=\"twitter:card\" content=\"summary_large_image\" \/>\n<meta name=\"twitter:label1\" content=\"Written by\" \/>\n\t<meta name=\"twitter:data1\" content=\"Booky Mary\" \/>\n\t<meta name=\"twitter:label2\" content=\"Estimated reading time\" \/>\n\t<meta name=\"twitter:data2\" content=\"2 minutes\" \/>\n<script type=\"application\/ld+json\" class=\"yoast-schema-graph\">{\"@context\":\"https:\/\/schema.org\",\"@graph\":[{\"@type\":\"Article\",\"@id\":\"https:\/\/conservativenthusiast.com\/en\/lectures-europeennes-2-allemagne\/#article\",\"isPartOf\":{\"@id\":\"https:\/\/conservativenthusiast.com\/en\/lectures-europeennes-2-allemagne\/\"},\"author\":{\"name\":\"Booky Mary\",\"@id\":\"https:\/\/conservativenthusiast.com\/#\/schema\/person\/7567721d6caaf0ef1ebb957cdd7c1ae9\"},\"headline\":\"Lectures Europ\u00e9ennes #2 : Allemagne\",\"datePublished\":\"2020-11-06T11:05:00+00:00\",\"dateModified\":\"2020-11-07T13:53:33+00:00\",\"mainEntityOfPage\":{\"@id\":\"https:\/\/conservativenthusiast.com\/en\/lectures-europeennes-2-allemagne\/\"},\"wordCount\":459,\"commentCount\":0,\"publisher\":{\"@id\":\"https:\/\/conservativenthusiast.com\/#organization\"},\"image\":{\"@id\":\"https:\/\/conservativenthusiast.com\/en\/lectures-europeennes-2-allemagne\/#primaryimage\"},\"thumbnailUrl\":\"https:\/\/conservativenthusiast.com\/wp-content\/uploads\/2020\/10\/Allemagne.jpeg\",\"keywords\":[\"Allemagne\",\"Lectures Europ\u00e9ennes\",\"Litt\u00e9rature\"],\"articleSection\":[\"Lectures Europ\u00e9ennes\"],\"inLanguage\":\"en-GB\",\"potentialAction\":[{\"@type\":\"CommentAction\",\"name\":\"Comment\",\"target\":[\"https:\/\/conservativenthusiast.com\/en\/lectures-europeennes-2-allemagne\/#respond\"]}]},{\"@type\":\"WebPage\",\"@id\":\"https:\/\/conservativenthusiast.com\/en\/lectures-europeennes-2-allemagne\/\",\"url\":\"https:\/\/conservativenthusiast.com\/en\/lectures-europeennes-2-allemagne\/\",\"name\":\"Lectures Europ\u00e9ennes #2 : Allemagne - The Conservative Enthusiast\",\"isPartOf\":{\"@id\":\"https:\/\/conservativenthusiast.com\/#website\"},\"primaryImageOfPage\":{\"@id\":\"https:\/\/conservativenthusiast.com\/en\/lectures-europeennes-2-allemagne\/#primaryimage\"},\"image\":{\"@id\":\"https:\/\/conservativenthusiast.com\/en\/lectures-europeennes-2-allemagne\/#primaryimage\"},\"thumbnailUrl\":\"https:\/\/conservativenthusiast.com\/wp-content\/uploads\/2020\/10\/Allemagne.jpeg\",\"datePublished\":\"2020-11-06T11:05:00+00:00\",\"dateModified\":\"2020-11-07T13:53:33+00:00\",\"description\":\"\u27bd D\u00e9couvrez l'Europe gr\u00e2ce aux Lectures Europ\u00e9ennes sur TCE : la plateforme d'actualit\u00e9, de partage et d'apprentissage des conservateurs.\",\"breadcrumb\":{\"@id\":\"https:\/\/conservativenthusiast.com\/en\/lectures-europeennes-2-allemagne\/#breadcrumb\"},\"inLanguage\":\"en-GB\",\"potentialAction\":[{\"@type\":\"ReadAction\",\"target\":[\"https:\/\/conservativenthusiast.com\/en\/lectures-europeennes-2-allemagne\/\"]}]},{\"@type\":\"ImageObject\",\"inLanguage\":\"en-GB\",\"@id\":\"https:\/\/conservativenthusiast.com\/en\/lectures-europeennes-2-allemagne\/#primaryimage\",\"url\":\"https:\/\/conservativenthusiast.com\/wp-content\/uploads\/2020\/10\/Allemagne.jpeg\",\"contentUrl\":\"https:\/\/conservativenthusiast.com\/wp-content\/uploads\/2020\/10\/Allemagne.jpeg\",\"width\":960,\"height\":960,\"caption\":\"Allemagne TCE\"},{\"@type\":\"BreadcrumbList\",\"@id\":\"https:\/\/conservativenthusiast.com\/en\/lectures-europeennes-2-allemagne\/#breadcrumb\",\"itemListElement\":[{\"@type\":\"ListItem\",\"position\":1,\"name\":\"Accueil\",\"item\":\"https:\/\/conservativenthusiast.com\/\"},{\"@type\":\"ListItem\",\"position\":2,\"name\":\"Lectures Europ\u00e9ennes #2 : Allemagne\"}]},{\"@type\":\"WebSite\",\"@id\":\"https:\/\/conservativenthusiast.com\/#website\",\"url\":\"https:\/\/conservativenthusiast.com\/\",\"name\":\"The Conservative Enthusiast\",\"description\":\"La plateforme de r\u00e9information, de partage et d&#039;apprentissage des conservateurs.\",\"publisher\":{\"@id\":\"https:\/\/conservativenthusiast.com\/#organization\"},\"potentialAction\":[{\"@type\":\"SearchAction\",\"target\":{\"@type\":\"EntryPoint\",\"urlTemplate\":\"https:\/\/conservativenthusiast.com\/?s={search_term_string}\"},\"query-input\":\"required name=search_term_string\"}],\"inLanguage\":\"en-GB\"},{\"@type\":\"Organization\",\"@id\":\"https:\/\/conservativenthusiast.com\/#organization\",\"name\":\"The Conservative Enthusiast\",\"url\":\"https:\/\/conservativenthusiast.com\/\",\"logo\":{\"@type\":\"ImageObject\",\"inLanguage\":\"en-GB\",\"@id\":\"https:\/\/conservativenthusiast.com\/#\/schema\/logo\/image\/\",\"url\":\"https:\/\/i0.wp.com\/conservativeenthusiast.com\/wp-content\/uploads\/2020\/06\/LOGO-CE-MINI.png?fit=3867%2C1180&ssl=1\",\"contentUrl\":\"https:\/\/i0.wp.com\/conservativeenthusiast.com\/wp-content\/uploads\/2020\/06\/LOGO-CE-MINI.png?fit=3867%2C1180&ssl=1\",\"width\":3867,\"height\":1180,\"caption\":\"The Conservative Enthusiast\"},\"image\":{\"@id\":\"https:\/\/conservativenthusiast.com\/#\/schema\/logo\/image\/\"}},{\"@type\":\"Person\",\"@id\":\"https:\/\/conservativenthusiast.com\/#\/schema\/person\/7567721d6caaf0ef1ebb957cdd7c1ae9\",\"name\":\"Booky Mary\",\"image\":{\"@type\":\"ImageObject\",\"inLanguage\":\"en-GB\",\"@id\":\"https:\/\/conservativenthusiast.com\/#\/schema\/person\/image\/\",\"url\":\"https:\/\/secure.gravatar.com\/avatar\/0244d58ce1bf23cd29105b55e407f535?s=96&d=mm&r=g\",\"contentUrl\":\"https:\/\/secure.gravatar.com\/avatar\/0244d58ce1bf23cd29105b55e407f535?s=96&d=mm&r=g\",\"caption\":\"Booky Mary\"},\"sameAs\":[\"https:\/\/www.instagram.com\/booky_mary\/\"],\"url\":\"https:\/\/conservativenthusiast.com\/en\/author\/booky-mary\/\"}]}<\/script>\n<!-- \/ Yoast SEO plugin. -->","yoast_head_json":{"title":"Lectures Europ\u00e9ennes #2 : Allemagne - The Conservative Enthusiast","description":"\u27bd D\u00e9couvrez l'Europe gr\u00e2ce aux Lectures Europ\u00e9ennes sur TCE : la plateforme d'actualit\u00e9, de partage et d'apprentissage des conservateurs.","robots":{"index":"index","follow":"follow","max-snippet":"max-snippet:-1","max-image-preview":"max-image-preview:large","max-video-preview":"max-video-preview:-1"},"canonical":"https:\/\/conservativenthusiast.com\/en\/lectures-europeennes-2-allemagne\/","og_locale":"en_GB","og_type":"article","og_title":"Lectures Europ\u00e9ennes #2 : Allemagne - The Conservative Enthusiast","og_description":"\u27bd D\u00e9couvrez l'Europe gr\u00e2ce aux Lectures Europ\u00e9ennes sur TCE : la plateforme d'actualit\u00e9, de partage et d'apprentissage des conservateurs.","og_url":"https:\/\/conservativenthusiast.com\/en\/lectures-europeennes-2-allemagne\/","og_site_name":"The Conservative Enthusiast","article_published_time":"2020-11-06T11:05:00+00:00","article_modified_time":"2020-11-07T13:53:33+00:00","og_image":[{"width":960,"height":960,"url":"https:\/\/conservativenthusiast.com\/wp-content\/uploads\/2020\/10\/Allemagne.jpeg","type":"image\/jpeg"}],"author":"Booky Mary","twitter_card":"summary_large_image","twitter_misc":{"Written by":"Booky Mary","Estimated reading time":"2 minutes"},"schema":{"@context":"https:\/\/schema.org","@graph":[{"@type":"Article","@id":"https:\/\/conservativenthusiast.com\/en\/lectures-europeennes-2-allemagne\/#article","isPartOf":{"@id":"https:\/\/conservativenthusiast.com\/en\/lectures-europeennes-2-allemagne\/"},"author":{"name":"Booky Mary","@id":"https:\/\/conservativenthusiast.com\/#\/schema\/person\/7567721d6caaf0ef1ebb957cdd7c1ae9"},"headline":"Lectures Europ\u00e9ennes #2 : Allemagne","datePublished":"2020-11-06T11:05:00+00:00","dateModified":"2020-11-07T13:53:33+00:00","mainEntityOfPage":{"@id":"https:\/\/conservativenthusiast.com\/en\/lectures-europeennes-2-allemagne\/"},"wordCount":459,"commentCount":0,"publisher":{"@id":"https:\/\/conservativenthusiast.com\/#organization"},"image":{"@id":"https:\/\/conservativenthusiast.com\/en\/lectures-europeennes-2-allemagne\/#primaryimage"},"thumbnailUrl":"https:\/\/conservativenthusiast.com\/wp-content\/uploads\/2020\/10\/Allemagne.jpeg","keywords":["Allemagne","Lectures Europ\u00e9ennes","Litt\u00e9rature"],"articleSection":["Lectures Europ\u00e9ennes"],"inLanguage":"en-GB","potentialAction":[{"@type":"CommentAction","name":"Comment","target":["https:\/\/conservativenthusiast.com\/en\/lectures-europeennes-2-allemagne\/#respond"]}]},{"@type":"WebPage","@id":"https:\/\/conservativenthusiast.com\/en\/lectures-europeennes-2-allemagne\/","url":"https:\/\/conservativenthusiast.com\/en\/lectures-europeennes-2-allemagne\/","name":"Lectures Europ\u00e9ennes #2 : Allemagne - The Conservative Enthusiast","isPartOf":{"@id":"https:\/\/conservativenthusiast.com\/#website"},"primaryImageOfPage":{"@id":"https:\/\/conservativenthusiast.com\/en\/lectures-europeennes-2-allemagne\/#primaryimage"},"image":{"@id":"https:\/\/conservativenthusiast.com\/en\/lectures-europeennes-2-allemagne\/#primaryimage"},"thumbnailUrl":"https:\/\/conservativenthusiast.com\/wp-content\/uploads\/2020\/10\/Allemagne.jpeg","datePublished":"2020-11-06T11:05:00+00:00","dateModified":"2020-11-07T13:53:33+00:00","description":"\u27bd D\u00e9couvrez l'Europe gr\u00e2ce aux Lectures Europ\u00e9ennes sur TCE : la plateforme d'actualit\u00e9, de partage et d'apprentissage des conservateurs.","breadcrumb":{"@id":"https:\/\/conservativenthusiast.com\/en\/lectures-europeennes-2-allemagne\/#breadcrumb"},"inLanguage":"en-GB","potentialAction":[{"@type":"ReadAction","target":["https:\/\/conservativenthusiast.com\/en\/lectures-europeennes-2-allemagne\/"]}]},{"@type":"ImageObject","inLanguage":"en-GB","@id":"https:\/\/conservativenthusiast.com\/en\/lectures-europeennes-2-allemagne\/#primaryimage","url":"https:\/\/conservativenthusiast.com\/wp-content\/uploads\/2020\/10\/Allemagne.jpeg","contentUrl":"https:\/\/conservativenthusiast.com\/wp-content\/uploads\/2020\/10\/Allemagne.jpeg","width":960,"height":960,"caption":"Allemagne TCE"},{"@type":"BreadcrumbList","@id":"https:\/\/conservativenthusiast.com\/en\/lectures-europeennes-2-allemagne\/#breadcrumb","itemListElement":[{"@type":"ListItem","position":1,"name":"Accueil","item":"https:\/\/conservativenthusiast.com\/"},{"@type":"ListItem","position":2,"name":"Lectures Europ\u00e9ennes #2 : Allemagne"}]},{"@type":"WebSite","@id":"https:\/\/conservativenthusiast.com\/#website","url":"https:\/\/conservativenthusiast.com\/","name":"The Conservative Enthusiast","description":"La plateforme de r\u00e9information, de partage et d&#039;apprentissage des conservateurs.","publisher":{"@id":"https:\/\/conservativenthusiast.com\/#organization"},"potentialAction":[{"@type":"SearchAction","target":{"@type":"EntryPoint","urlTemplate":"https:\/\/conservativenthusiast.com\/?s={search_term_string}"},"query-input":"required name=search_term_string"}],"inLanguage":"en-GB"},{"@type":"Organization","@id":"https:\/\/conservativenthusiast.com\/#organization","name":"The Conservative Enthusiast","url":"https:\/\/conservativenthusiast.com\/","logo":{"@type":"ImageObject","inLanguage":"en-GB","@id":"https:\/\/conservativenthusiast.com\/#\/schema\/logo\/image\/","url":"https:\/\/i0.wp.com\/conservativeenthusiast.com\/wp-content\/uploads\/2020\/06\/LOGO-CE-MINI.png?fit=3867%2C1180&ssl=1","contentUrl":"https:\/\/i0.wp.com\/conservativeenthusiast.com\/wp-content\/uploads\/2020\/06\/LOGO-CE-MINI.png?fit=3867%2C1180&ssl=1","width":3867,"height":1180,"caption":"The Conservative Enthusiast"},"image":{"@id":"https:\/\/conservativenthusiast.com\/#\/schema\/logo\/image\/"}},{"@type":"Person","@id":"https:\/\/conservativenthusiast.com\/#\/schema\/person\/7567721d6caaf0ef1ebb957cdd7c1ae9","name":"Booky Mary","image":{"@type":"ImageObject","inLanguage":"en-GB","@id":"https:\/\/conservativenthusiast.com\/#\/schema\/person\/image\/","url":"https:\/\/secure.gravatar.com\/avatar\/0244d58ce1bf23cd29105b55e407f535?s=96&d=mm&r=g","contentUrl":"https:\/\/secure.gravatar.com\/avatar\/0244d58ce1bf23cd29105b55e407f535?s=96&d=mm&r=g","caption":"Booky Mary"},"sameAs":["https:\/\/www.instagram.com\/booky_mary\/"],"url":"https:\/\/conservativenthusiast.com\/en\/author\/booky-mary\/"}]}},"_links":{"self":[{"href":"https:\/\/conservativenthusiast.com\/en\/wp-json\/wp\/v2\/posts\/2147"}],"collection":[{"href":"https:\/\/conservativenthusiast.com\/en\/wp-json\/wp\/v2\/posts"}],"about":[{"href":"https:\/\/conservativenthusiast.com\/en\/wp-json\/wp\/v2\/types\/post"}],"author":[{"embeddable":true,"href":"https:\/\/conservativenthusiast.com\/en\/wp-json\/wp\/v2\/users\/5"}],"replies":[{"embeddable":true,"href":"https:\/\/conservativenthusiast.com\/en\/wp-json\/wp\/v2\/comments?post=2147"}],"version-history":[{"count":3,"href":"https:\/\/conservativenthusiast.com\/en\/wp-json\/wp\/v2\/posts\/2147\/revisions"}],"predecessor-version":[{"id":2150,"href":"https:\/\/conservativenthusiast.com\/en\/wp-json\/wp\/v2\/posts\/2147\/revisions\/2150"}],"wp:featuredmedia":[{"embeddable":true,"href":"https:\/\/conservativenthusiast.com\/en\/wp-json\/wp\/v2\/media\/2151"}],"wp:attachment":[{"href":"https:\/\/conservativenthusiast.com\/en\/wp-json\/wp\/v2\/media?parent=2147"}],"wp:term":[{"taxonomy":"category","embeddable":true,"href":"https:\/\/conservativenthusiast.com\/en\/wp-json\/wp\/v2\/categories?post=2147"},{"taxonomy":"post_tag","embeddable":true,"href":"https:\/\/conservativenthusiast.com\/en\/wp-json\/wp\/v2\/tags?post=2147"}],"curies":[{"name":"wp","href":"https:\/\/api.w.org\/{rel}","templated":true}]}}