{"id":2113,"date":"2020-10-25T16:18:06","date_gmt":"2020-10-25T15:18:06","guid":{"rendered":"https:\/\/conservativeenthusiast.com\/?p=2113"},"modified":"2020-10-25T21:26:17","modified_gmt":"2020-10-25T20:26:17","slug":"eloge-de-la-force-laurent-obertone","status":"publish","type":"post","link":"https:\/\/conservativenthusiast.com\/en\/eloge-de-la-force-laurent-obertone\/","title":{"rendered":"\u00c9loge de la force, Laurent Obertone"},"content":{"rendered":"<p><\/p>\n\n\n\n<h2 class=\"wp-block-heading\"><strong><span class=\"has-inline-color has-black-color\">Introduction<\/span><\/strong><\/h2>\n\n\n\n<p><\/p>\n\n\n\n<p class=\"has-text-align-justify\">Cet article fait suite \u00e0 notre premi\u00e8re <a href=\"https:\/\/conservativenthusiast.com\/en\/recommandation-de-lectures-comprendre-la-france-et-leurope\/\" target=\"_blank\" rel=\"noreferrer noopener\">s\u00e9lection de livres<\/a> que vous pouvez retrouver dans la cat\u00e9gorie <a href=\"https:\/\/conservativenthusiast.com\/en\/litterature\/\" target=\"_blank\" rel=\"noreferrer noopener\">Literature<\/a> de notre site. Il y a quelques jours, nous vous avons r\u00e9dig\u00e9 une premi\u00e8re liste non exhaustive de recommandations qui constituent \u00e0 nos yeux une premi\u00e8re base solide de livres \u00e0 connaitre que nous vous invitons \u00e0 consulter. Aujourd\u2019hui, nous vous proposons de revenir plus en d\u00e9tail sur un livre qui a particuli\u00e8rement retenu notre attention&nbsp;: <a href=\"https:\/\/www.ring.fr\/livres\/eloge-de-la-force\" target=\"_blank\" rel=\"noreferrer noopener\">\u00c9loge de la force<\/a> de <em>Laurent Obertone<\/em>.<\/p>\n\n\n\n<p class=\"has-text-align-justify\">Nous tenons \u00e0 rappeler encore une fois que nous ne faisons ici qu\u2019une pr\u00e9sentation subjective de cet ouvrage. Nous vous livrons simplement notre ressenti et notre analyse tout en vous offrant la possibilit\u00e9 de nous partager les v\u00f4tres dans l\u2019espace commentaire d\u00e9di\u00e9 en bas de cet article. Nous encourageons toujours l\u2019honn\u00eatet\u00e9 intellectuelle et tentons toujours d\u2019\u00eatre le plus objectif et transparent possible avec nos lecteurs. Nous sommes dans une d\u00e9marche d\u2019ouverture et d\u2019instruction, pas d\u2019id\u00e9ologie. TCE est une plateforme d\u2019apprentissage mais aussi de partage et nous t\u00e2chons toujours de nous rendre accessible et disponible pour notre communaut\u00e9. La v\u00e9rit\u00e9 seule nous importe. Cette introduction close, d\u00e9couvrons ensemble cet ouvrage.<\/p>\n\n\n\n<p><\/p>\n\n\n\n<h2 class=\"wp-block-heading\"><strong><span class=\"has-inline-color has-black-color\">Why you have to read <strong>\u00c9<\/strong>loge de la Force&nbsp;?<\/span><\/strong><\/h2>\n\n\n\n<p><\/p>\n\n\n\n<p class=\"has-text-align-justify\">Avant toute chose, nous vous conseillons dans un premier temps la lecture des pr\u00e9c\u00e9dents ouvrages de cet auteur&nbsp;: <a rel=\"noreferrer noopener\" href=\"https:\/\/www.ring.fr\/livres\/la-france-orange-mecanique\" target=\"_blank\">La France orange m\u00e9canique<\/a>, <a rel=\"noreferrer noopener\" href=\"https:\/\/www.ring.fr\/livres\/la-france-big-brother\" target=\"_blank\">La France Big Brother<\/a>, <a rel=\"noreferrer noopener\" href=\"https:\/\/www.ring.fr\/livres\/la-france-interdite\" target=\"_blank\">La France Interdite<\/a> and <a rel=\"noreferrer noopener\" href=\"https:\/\/www.ring.fr\/livres\/guerilla-tome-2-le-temps-des-barbares\" target=\"_blank\">Gu\u00e9rilla<\/a> de mani\u00e8re \u00e0 comprendre le long cheminement de l\u2019auteur et \u00e0 cerner correctement les tenants et aboutissants de \u00c9loge de la force.<\/p>\n\n\n\n<p class=\"has-text-align-justify\">Ces premiers ouvrages voulaient nous \u00e9veiller, nous <em>ouvrir les yeux<\/em> sur la r\u00e9alit\u00e9 de notre soci\u00e9t\u00e9 actuelle. Celui-ci nous incite cette fois-ci \u00e0 agir. Ce livre arrive \u00e0 un point nomm\u00e9. <em>\u00c0 un moment de l\u2019histoire o\u00f9 se joue le destin de l\u2019Humanit\u00e9<\/em>. Nous avons tous (du moins, pour ceux n\u2019ayant pas ferm\u00e9 les yeux par id\u00e9ologie) pu constater la d\u00e9gradation progressive de notre soci\u00e9t\u00e9 et de notre mode de vie. Que ce soit l\u2019\u00e9ducation, l\u2019\u00e9conomie, la s\u00e9curit\u00e9, le constat est le m\u00eame pour une majorit\u00e9 de fran\u00e7ais qui peine \u00e0 trouver des solutions.<\/p>\n\n\n\n<p class=\"has-text-align-justify\">Pour tous ces fran\u00e7ais qui se sentent victimes d\u2019un syst\u00e8me qu\u2019ils ne comprennent plus, pour tous ces fran\u00e7ais qui constatent avec effroi ce qu&#8217;est en train de devenir leur pays, pour tous ces fran\u00e7ais qui s\u2019interrogent et ne se contentent plus simplement de prendre pour argent comptant les informations qu\u2019on leur fait ingurgiter de force \u00e0 longueur de journ\u00e9e, pour tous ces fran\u00e7ais qui n\u2019ont pas renonc\u00e9&nbsp;: ce livre s\u2019adresse \u00e0 vous.<\/p>\n\n\n\n<p class=\"has-text-align-justify\">Ce livre est un appel \u00e0 la reconqu\u00eate, mais une reconqu\u00eate qui est d\u2019abord personnelle. <em>Laurent Obertone<\/em> cloue au pilori notre condition mis\u00e9rable d\u2019esclave et lance un appel \u00e0 la reconqu\u00eate de soi. \u00c0 reconqu\u00e9rir notre libert\u00e9, celle que nous avons laiss\u00e9 filer entre nos doigts boudin\u00e9s et engourdis. \u00c0 nous r\u00e9incarner. \u00c0 ne plus avoir peur, \u00e0 ne plus se laisser aveugler et \u00e0 ne plus subir en devenant meilleur.<\/p>\n\n\n\n<p class=\"has-text-align-justify\">Ce livre nous appelle \u00e0 devenir plus fort, autonome, disciplin\u00e9, actif, humble. C\u2019est un appel \u00e0 la responsabilisation de chacun&nbsp;: \u00e0 stopper cette infantilisation qui nous fait demeurer dans un \u00e9tat permanent de paresse. Bref, ce livre est la r\u00e9ponse que beaucoup de fran\u00e7ais attendaient et propose des solutions concr\u00e8tes et applicables par tous, puisqu\u2019elles sont individuelles et ne d\u00e9pendent que de la volont\u00e9 de chacun.<\/p>\n\n\n\n<p class=\"has-text-align-justify\">Enfin, c\u2019est un livre tr\u00e8s accessible qui ne demande aucun bagage intellectuel pouss\u00e9, simplement de la bonne volont\u00e9 et de l\u2019honn\u00eatet\u00e9. La lecture est fluide \u00e0 l\u2019instar d\u2019un <em>Gu\u00e9rilla<\/em> et bien plus ais\u00e9e qu\u2019un <em>Orange m\u00e9canique<\/em> par exemple. Alors, qu\u2019attendez-vous pour devenir ce que vous \u00eates&nbsp;?<\/p>\n\n\n\n<p><\/p>\n\n\n\n<h2 class=\"wp-block-heading\"><strong><span class=\"has-inline-color has-black-color\">Notre impression g\u00e9n\u00e9rale<\/span><\/strong><\/h2>\n\n\n\n<p><\/p>\n\n\n\n<p>Cet article vous permet de d\u00e9couvrir l&#8217;avis de deux r\u00e9dacteurs diff\u00e9rents de chez TCE : <a rel=\"noreferrer noopener\" href=\"https:\/\/conservativenthusiast.com\/en\/author\/nicolas6666\/\" target=\"_blank\">Nicolas<\/a> and <a rel=\"noreferrer noopener\" href=\"https:\/\/conservativenthusiast.com\/en\/author\/admin6171\/\" target=\"_blank\">Alexis<\/a>.<\/p>\n\n\n\n<p><\/p>\n\n\n\n<h4 class=\"wp-block-heading\"><strong><span class=\"has-inline-color has-black-color\"><span style=\"text-decoration: underline\">L&#8217;avis de Nicolas B. :<\/span><\/span><\/strong><\/h4>\n\n\n\n<p><\/p>\n\n\n\n<p class=\"has-text-align-justify\">J\u2019ai personnellement ador\u00e9 ce livre et vous le recommande fortement. C\u2019est bel et bien la premi\u00e8re fois que je me suis senti autant concern\u00e9 par le sujet d\u2019un livre. Cette impression d\u2019\u00eatre face \u00e0 nous-m\u00eame, compl\u00e8tement seul, coup\u00e9 du monde ext\u00e9rieur en l\u2019espace d\u2019une lecture. Nous sommes seuls, face \u00e0 nos certitudes et nos doutes, contraint de contempler le triste tableau de la r\u00e9alit\u00e9 que nous d\u00e9peint <em>Obertone<\/em>. Et cette r\u00e9alit\u00e9 ne s\u2019exprime ni par l\u2019abstrait, ni par l\u2019expressionnisme, mais bien par le r\u00e9alisme le plus pur et qui pourrait, dans le cas de la France, basculer bien vite vers la nature morte.<\/p>\n\n\n\n<p class=\"has-text-align-justify\">Le style est incisif, pr\u00e9cis, percutant. Les phrases sont tr\u00e8s courtes, saccad\u00e9es, frappantes. Le discours est tranchant et vise juste. Chaque phrase est une gifle.<\/p>\n\n\n\n<p class=\"has-text-align-justify\">J\u2019ai beaucoup appr\u00e9ci\u00e9 le ton employ\u00e9. On a l\u2019impression d\u2019\u00eatre seul avec notre conscience qui ressurgit du plus profond de nous. Cette \u00ab&nbsp;mauvaise&nbsp;\u00bb conscience que nous nous effor\u00e7ons souvent de laisser enfouie par l\u00e2chet\u00e9 ou par id\u00e9ologie. Mais on ne peut \u00e9chapper au r\u00e9el.<\/p>\n\n\n\n<p class=\"has-text-align-justify\">Le r\u00e9el, c\u2019est pr\u00e9cis\u00e9ment ce \u00e0 quoi <em>Obertone<\/em> veut nous confronter depuis le d\u00e9but de sa carri\u00e8re d\u2019\u00e9crivain. Seule la v\u00e9rit\u00e9 se conforme au r\u00e9el. Il n\u2019est jamais question d\u2019id\u00e9alisme ou d\u2019euph\u00e9misme. Son analyse de la soci\u00e9t\u00e9 est froide, chirurgicale, implacable.<\/p>\n\n\n\n<p class=\"has-text-align-justify\">Certains passages sont une v\u00e9ritable bouff\u00e9e d\u2019air pur et permet \u00e0 ceux qui n\u2019ont pas renonc\u00e9 de ne plus se sentir totalement seuls, incompris, d\u00e9laiss\u00e9s et impuissants face \u00e0 ce monstre \u00e9tatique, m\u00e9diatique et politique.<\/p>\n\n\n\n<p class=\"has-text-align-justify\">Ce livre nous pique \u00e0 vif, nous nargue pour susciter cette col\u00e8re, cette <strong><a href=\"https:\/\/conservativenthusiast.com\/en\/qui-est-vraiment-arthur-schopenhauer\/\" target=\"_blank\" rel=\"noreferrer noopener\">r\u00e9volte enfouie en nous.<\/a> <\/strong><em>Andr\u00e9 Bercoff<\/em> dans son entretien avec <em>Laurent Obertone<\/em> surnomme son ouvrage \u00ab&nbsp;<em>Ainsi parlait Oberthoustra<\/em>&nbsp;\u00bb, en r\u00e9f\u00e9rence \u00e0 l\u2019\u0153uvre <em>Ainsi parlait Zarathoustra<\/em> de <em><a href=\"https:\/\/conservativenthusiast.com\/en\/nietzsche-plus-actuel-que-jamais\/\" target=\"_blank\" rel=\"noreferrer noopener\">Nietzsche<\/a><\/em>. Je trouve la comparaison tr\u00e8s juste et pertinente.<\/p>\n\n\n\n<p class=\"has-text-align-justify\">Le th\u00e8me de l\u2019effondrement est omnipr\u00e9sent du d\u00e9but \u00e0 la fin, comme si ce livre \u00e9tait annonciateur d\u2019un terrible \u00e9v\u00e9nement \u00e0 venir. La fin d\u2019une \u00e8re, peut-\u00eatre de la n\u00f4tre, qui sait. Il d\u00e9nonce \u00e9galement cet obscurantisme dans lequel nous sommes plong\u00e9s sans en prendre r\u00e9ellement conscience. \u00c9veiller les consciences et montrer la voie de la reconqu\u00eate, tel est le message d\u00e9livr\u00e9 par monsieur Obertone. La conclusion est d\u2019ailleurs magistrale.<\/p>\n\n\n\n<p>\u00c0 mes yeux, ce livre est presque proph\u00e9tique.<\/p>\n\n\n\n<p><\/p>\n\n\n\n<h4 class=\"wp-block-heading\"><strong><span style=\"text-decoration: underline\"><span class=\"has-inline-color has-black-color\">L&#8217;avis d&#8217;Alexis L. :<\/span><\/span><\/strong><\/h4>\n\n\n\n<p><\/p>\n\n\n\n<p class=\"has-text-align-justify\">Pour ne pas faire de r\u00e9p\u00e9tition avec l&#8217;analyse de mon tr\u00e8s cher coll\u00e8gue Nicolas, car je suis enti\u00e8rement d&#8217;accord avec tout son constat, je ne ferai qu&#8217;ajouter quelques \u00e9l\u00e9ments que j&#8217;ai particuli\u00e8rement appr\u00e9ci\u00e9 pendant ma lecture.<\/p>\n\n\n\n<p class=\"has-text-align-justify\">Premi\u00e8rement, en plus d&#8217;\u00eatre incisif et tranchant dans son constat, j&#8217;aime beaucoup les parall\u00e8les que l&#8217;auteur fait avec beaucoup de symboles de la culture populaire et qui sont tr\u00e8s r\u00e9v\u00e9lateurs. L&#8217;un que j&#8217;ai le plus appr\u00e9ci\u00e9 est son parall\u00e8le avec le Mordor, les Hobbits est le combat contre le mal, insidieux, perfide, qui envahit chaque \u00eatre. Son  analogie entre les progressistes qui se laissent d\u00e9vorer de l&#8217;int\u00e9rieur par tous leurs vices, tel un Gollum se laissant d\u00e9vorer par l&#8217;anneau, nous para\u00eet tellement \u00e9vident une fois l&#8217;avoir lu, qu&#8217;elle nous saute yeux.<\/p>\n\n\n\n<p class=\"has-text-align-justify\">L&#8217;invitation qu&#8217;il nous fait \u00e0 prendre notre destin en main, m\u00eame si la cause para\u00eet perdue et que Big Brother para\u00eet tout puissant tel Sauron, est fantastique. Il nous montre que rien n&#8217;est jamais perdu et nous pousse, tel un Frodon ou une communaut\u00e9 de l&#8217;anneau, \u00e0 ne pas d\u00e9sesp\u00e9rer et b\u00e2tir une communaut\u00e9 de r\u00e9sistants, tout comme une communaut\u00e9 de l&#8217;anneau.<\/p>\n\n\n\n<p>Finalement, en lisant et vous impr\u00e9gnant de ces dix lois, vous avez d\u00fb constater ou constaterez la frappante coh\u00e9rence avec notre projet The Conservative Enthusiast, qui n&#8217;est que pure \u00e9manation du constat de Laurent Obertone.<\/p>\n\n\n\n<p class=\"has-text-align-justify\">Son livre qui vous pousse \u00e0 redevenir vous-m\u00eame et \u00e0 reprendre en main votre vie, votre environnement et ne plus subir la soci\u00e9t\u00e9, en vous formant et en formant une \u00e9quipe, est totalement en prolongation de notre projet qui se base sur le m\u00eame constat.<\/p>\n\n\n\n<p class=\"has-text-align-justify\">\u00c9loge de la Force, c&#8217;est une v\u00e9rit\u00e9 salvatrice qui ne rend qu&#8217;encore plus \u00e9vident la n\u00e9cessit\u00e9 de b\u00e2tir des communaut\u00e9s telles que la n\u00f4tre, qui n&#8217;existe que pour <strong><em>le bon, le juste, le beau.<\/em><\/strong><\/p>\n\n\n\n<p><\/p>\n\n\n\n<h2 class=\"wp-block-heading\"><strong><span class=\"has-inline-color has-black-color\">To go further:<\/span><\/strong><\/h2>\n\n\n\n<p><\/p>\n\n\n\n<p><\/p>\n\n\n\n<figure class=\"wp-block-embed-youtube wp-block-embed is-type-video is-provider-youtube wp-embed-aspect-16-9 wp-has-aspect-ratio\"><div class=\"wp-block-embed__wrapper\">\n<span class=\"Gy05fV2S62ferwjzxqICh7ZF6upn1mo9vMZG7qYUcWWATDEL4nlvCaNap1jiDlktMhw0SsxPd4kAO5KLXgJOV\"><div class=\"responsive-video\"><iframe title=\"\u00c9loge de la force, de Laurent Obertone\" width=\"1080\" height=\"608\" src=\"https:\/\/www.youtube.com\/embed\/Wz2MA6TxMFw?start=17&#038;feature=oembed\" frameborder=\"0\" allow=\"accelerometer; autoplay; clipboard-write; encrypted-media; gyroscope; picture-in-picture\" allowfullscreen><\/iframe><\/div><\/span>\n<\/div><\/figure>\n\n\n\n<figure class=\"wp-block-embed-youtube wp-block-embed is-type-video is-provider-youtube wp-embed-aspect-16-9 wp-has-aspect-ratio\"><div class=\"wp-block-embed__wrapper\">\n<span class=\"FITeGuNK1mHWVMzfYPREqjBS4gpQbCd56xrOhlJsX2DtyciwkAa\"><div class=\"responsive-video\"><iframe title=\"Laurent Obertone : &quot;c&#039;est aux citoyens de se r\u00e9approprier leur destin contre l&#039;Etat&quot;\" width=\"1080\" height=\"608\" src=\"https:\/\/www.youtube.com\/embed\/FE-K0Q3ezuA?feature=oembed\" frameborder=\"0\" allow=\"accelerometer; autoplay; clipboard-write; encrypted-media; gyroscope; picture-in-picture\" allowfullscreen><\/iframe><\/div><\/span>\n<\/div><\/figure>\n\n\n\n<figure class=\"wp-block-embed-youtube wp-block-embed is-type-video is-provider-youtube wp-embed-aspect-16-9 wp-has-aspect-ratio\"><div class=\"wp-block-embed__wrapper\">\n<span class=\"VJVUO8HkC49jdZ9IgSfyDhxcLiWRxfSaQbFOLBd2Ri4ee1kG3uUon56I6n3G15bJDZT0hpy\"><div class=\"responsive-video\"><iframe title=\"\u201cEloge de la Force\u201d, Laurent Obertone au micro d&#039;Andr\u00e9 Bercoff\" width=\"1080\" height=\"608\" src=\"https:\/\/www.youtube.com\/embed\/Jvn2ivWDM_8?start=3&#038;feature=oembed\" frameborder=\"0\" allow=\"accelerometer; autoplay; clipboard-write; encrypted-media; gyroscope; picture-in-picture\" allowfullscreen><\/iframe><\/div><\/span>\n<\/div><\/figure>\n\n\n\n<figure class=\"wp-block-embed-youtube wp-block-embed is-type-video is-provider-youtube wp-embed-aspect-16-9 wp-has-aspect-ratio\"><div class=\"wp-block-embed__wrapper\">\n<span class=\"QiMVkw3SRxdGsEoWj8496aHzrf1OnFBtvNYle0CDhgL\"><div class=\"responsive-video\"><iframe title=\"Bient\u00f4t la guerre civile en France ? \u00ab Les \u00e9l\u00e9ments du drame sont en place \u00bb, selon Obertone\" width=\"1080\" height=\"608\" src=\"https:\/\/www.youtube.com\/embed\/n4rDbP4sx64?feature=oembed\" frameborder=\"0\" allow=\"accelerometer; autoplay; clipboard-write; encrypted-media; gyroscope; picture-in-picture\" allowfullscreen><\/iframe><\/div><\/span>\n<\/div><\/figure>","protected":false},"excerpt":{"rendered":"<p>Introduction Cet article fait suite \u00e0 notre premi\u00e8re s\u00e9lection de livres que vous pouvez retrouver dans la cat\u00e9gorie Litt\u00e9rature de [&hellip;]<\/p>","protected":false},"author":1,"featured_media":2114,"comment_status":"open","ping_status":"open","sticky":false,"template":"","format":"standard","meta":{"_et_pb_use_builder":"off","_et_pb_old_content":"","_et_gb_content_width":"","_exactmetrics_skip_tracking":false,"_exactmetrics_sitenote_active":false,"_exactmetrics_sitenote_note":"","_exactmetrics_sitenote_category":0,"footnotes":""},"categories":[47,49],"tags":[48,53],"yoast_head":"<!-- This site is optimized with the Yoast SEO plugin v22.3 - https:\/\/yoast.com\/wordpress\/plugins\/seo\/ -->\n<title>\u00c9loge de la force, Laurent Obertone - The Conservative Enthusiast<\/title>\n<meta name=\"description\" content=\"\u27bd Notre recommandation d&#039;\u00c9loge de la force de Laurent Obertone sur TCE : la plateforme de partage et d&#039;apprentissage des conservateurs.\" \/>\n<meta name=\"robots\" content=\"index, follow, max-snippet:-1, max-image-preview:large, max-video-preview:-1\" \/>\n<link rel=\"canonical\" href=\"https:\/\/conservativenthusiast.com\/en\/eloge-de-la-force-laurent-obertone\/\" \/>\n<meta property=\"og:locale\" content=\"en_GB\" \/>\n<meta property=\"og:type\" content=\"article\" \/>\n<meta property=\"og:title\" content=\"\u00c9loge de la force, Laurent Obertone - The Conservative Enthusiast\" \/>\n<meta property=\"og:description\" content=\"\u27bd Notre recommandation d&#039;\u00c9loge de la force de Laurent Obertone sur TCE : la plateforme de partage et d&#039;apprentissage des conservateurs.\" \/>\n<meta property=\"og:url\" content=\"https:\/\/conservativenthusiast.com\/en\/eloge-de-la-force-laurent-obertone\/\" \/>\n<meta property=\"og:site_name\" content=\"The Conservative Enthusiast\" \/>\n<meta property=\"article:published_time\" content=\"2020-10-25T15:18:06+00:00\" \/>\n<meta property=\"article:modified_time\" content=\"2020-10-25T20:26:17+00:00\" \/>\n<meta property=\"og:image\" content=\"https:\/\/conservativenthusiast.com\/wp-content\/uploads\/2020\/10\/Eloge-de-la-Force-scaled.jpg\" \/>\n\t<meta property=\"og:image:width\" content=\"1604\" \/>\n\t<meta property=\"og:image:height\" content=\"2560\" \/>\n\t<meta property=\"og:image:type\" content=\"image\/jpeg\" \/>\n<meta name=\"author\" content=\"Alexis.L\" \/>\n<meta name=\"twitter:card\" content=\"summary_large_image\" \/>\n<meta name=\"twitter:label1\" content=\"Written by\" \/>\n\t<meta name=\"twitter:data1\" content=\"Alexis.L\" \/>\n\t<meta name=\"twitter:label2\" content=\"Estimated reading time\" \/>\n\t<meta name=\"twitter:data2\" content=\"8 minutes\" \/>\n<script type=\"application\/ld+json\" class=\"yoast-schema-graph\">{\"@context\":\"https:\/\/schema.org\",\"@graph\":[{\"@type\":\"Article\",\"@id\":\"https:\/\/conservativenthusiast.com\/eloge-de-la-force-laurent-obertone\/#article\",\"isPartOf\":{\"@id\":\"https:\/\/conservativenthusiast.com\/eloge-de-la-force-laurent-obertone\/\"},\"author\":{\"name\":\"Alexis.L\",\"@id\":\"https:\/\/conservativenthusiast.com\/#\/schema\/person\/3edd83a60aed483f95ebc876aeac7feb\"},\"headline\":\"\u00c9loge de la force, Laurent Obertone\",\"datePublished\":\"2020-10-25T15:18:06+00:00\",\"dateModified\":\"2020-10-25T20:26:17+00:00\",\"mainEntityOfPage\":{\"@id\":\"https:\/\/conservativenthusiast.com\/eloge-de-la-force-laurent-obertone\/\"},\"wordCount\":1551,\"commentCount\":0,\"publisher\":{\"@id\":\"https:\/\/conservativenthusiast.com\/#organization\"},\"image\":{\"@id\":\"https:\/\/conservativenthusiast.com\/eloge-de-la-force-laurent-obertone\/#primaryimage\"},\"thumbnailUrl\":\"https:\/\/conservativenthusiast.com\/wp-content\/uploads\/2020\/10\/Eloge-de-la-Force-scaled.jpg\",\"keywords\":[\"Litt\u00e9rature\",\"Recommandation\"],\"articleSection\":[\"Litt\u00e9rature\",\"Recommandation\"],\"inLanguage\":\"en-GB\",\"potentialAction\":[{\"@type\":\"CommentAction\",\"name\":\"Comment\",\"target\":[\"https:\/\/conservativenthusiast.com\/eloge-de-la-force-laurent-obertone\/#respond\"]}]},{\"@type\":\"WebPage\",\"@id\":\"https:\/\/conservativenthusiast.com\/eloge-de-la-force-laurent-obertone\/\",\"url\":\"https:\/\/conservativenthusiast.com\/eloge-de-la-force-laurent-obertone\/\",\"name\":\"\u00c9loge de la force, Laurent Obertone - The Conservative Enthusiast\",\"isPartOf\":{\"@id\":\"https:\/\/conservativenthusiast.com\/#website\"},\"primaryImageOfPage\":{\"@id\":\"https:\/\/conservativenthusiast.com\/eloge-de-la-force-laurent-obertone\/#primaryimage\"},\"image\":{\"@id\":\"https:\/\/conservativenthusiast.com\/eloge-de-la-force-laurent-obertone\/#primaryimage\"},\"thumbnailUrl\":\"https:\/\/conservativenthusiast.com\/wp-content\/uploads\/2020\/10\/Eloge-de-la-Force-scaled.jpg\",\"datePublished\":\"2020-10-25T15:18:06+00:00\",\"dateModified\":\"2020-10-25T20:26:17+00:00\",\"description\":\"\u27bd Notre recommandation d'\u00c9loge de la force de Laurent Obertone sur TCE : la plateforme de partage et d'apprentissage des conservateurs.\",\"breadcrumb\":{\"@id\":\"https:\/\/conservativenthusiast.com\/eloge-de-la-force-laurent-obertone\/#breadcrumb\"},\"inLanguage\":\"en-GB\",\"potentialAction\":[{\"@type\":\"ReadAction\",\"target\":[\"https:\/\/conservativenthusiast.com\/eloge-de-la-force-laurent-obertone\/\"]}]},{\"@type\":\"ImageObject\",\"inLanguage\":\"en-GB\",\"@id\":\"https:\/\/conservativenthusiast.com\/eloge-de-la-force-laurent-obertone\/#primaryimage\",\"url\":\"https:\/\/conservativenthusiast.com\/wp-content\/uploads\/2020\/10\/Eloge-de-la-Force-scaled.jpg\",\"contentUrl\":\"https:\/\/conservativenthusiast.com\/wp-content\/uploads\/2020\/10\/Eloge-de-la-Force-scaled.jpg\",\"width\":1604,\"height\":2560},{\"@type\":\"BreadcrumbList\",\"@id\":\"https:\/\/conservativenthusiast.com\/eloge-de-la-force-laurent-obertone\/#breadcrumb\",\"itemListElement\":[{\"@type\":\"ListItem\",\"position\":1,\"name\":\"Accueil\",\"item\":\"https:\/\/conservativenthusiast.com\/\"},{\"@type\":\"ListItem\",\"position\":2,\"name\":\"\u00c9loge de la force, Laurent Obertone\"}]},{\"@type\":\"WebSite\",\"@id\":\"https:\/\/conservativenthusiast.com\/#website\",\"url\":\"https:\/\/conservativenthusiast.com\/\",\"name\":\"The Conservative Enthusiast\",\"description\":\"La plateforme de r\u00e9information, de partage et d&#039;apprentissage des conservateurs.\",\"publisher\":{\"@id\":\"https:\/\/conservativenthusiast.com\/#organization\"},\"potentialAction\":[{\"@type\":\"SearchAction\",\"target\":{\"@type\":\"EntryPoint\",\"urlTemplate\":\"https:\/\/conservativenthusiast.com\/?s={search_term_string}\"},\"query-input\":\"required name=search_term_string\"}],\"inLanguage\":\"en-GB\"},{\"@type\":\"Organization\",\"@id\":\"https:\/\/conservativenthusiast.com\/#organization\",\"name\":\"The Conservative Enthusiast\",\"url\":\"https:\/\/conservativenthusiast.com\/\",\"logo\":{\"@type\":\"ImageObject\",\"inLanguage\":\"en-GB\",\"@id\":\"https:\/\/conservativenthusiast.com\/#\/schema\/logo\/image\/\",\"url\":\"https:\/\/i0.wp.com\/conservativeenthusiast.com\/wp-content\/uploads\/2020\/06\/LOGO-CE-MINI.png?fit=3867%2C1180&ssl=1\",\"contentUrl\":\"https:\/\/i0.wp.com\/conservativeenthusiast.com\/wp-content\/uploads\/2020\/06\/LOGO-CE-MINI.png?fit=3867%2C1180&ssl=1\",\"width\":3867,\"height\":1180,\"caption\":\"The Conservative Enthusiast\"},\"image\":{\"@id\":\"https:\/\/conservativenthusiast.com\/#\/schema\/logo\/image\/\"}},{\"@type\":\"Person\",\"@id\":\"https:\/\/conservativenthusiast.com\/#\/schema\/person\/3edd83a60aed483f95ebc876aeac7feb\",\"name\":\"Alexis.L\",\"image\":{\"@type\":\"ImageObject\",\"inLanguage\":\"en-GB\",\"@id\":\"https:\/\/conservativenthusiast.com\/#\/schema\/person\/image\/\",\"url\":\"https:\/\/secure.gravatar.com\/avatar\/e276145ad3a64170e9c68564bb9e4280?s=96&d=mm&r=g\",\"contentUrl\":\"https:\/\/secure.gravatar.com\/avatar\/e276145ad3a64170e9c68564bb9e4280?s=96&d=mm&r=g\",\"caption\":\"Alexis.L\"},\"description\":\"Si vous appr\u00e9ciez les articles de ce r\u00e9dacteur et que vous souhaitez en d\u00e9couvrir davantage sur lui ou ses \u00e9crits, vous pouvez consulter tous ses articles en cliquant sur son pseudo ou en apprendre plus sur notre page \\\"Notre \u00e9quipe\\\". Vous pouvez \u00e9galement le suivre sur ses diff\u00e9rents r\u00e9seaux sociaux ci-dessous.\",\"url\":\"https:\/\/conservativenthusiast.com\/en\/author\/admin6171\/\"}]}<\/script>\n<!-- \/ Yoast SEO plugin. -->","yoast_head_json":{"title":"\u00c9loge de la force, Laurent Obertone - The Conservative Enthusiast","description":"\u27bd Notre recommandation d'\u00c9loge de la force de Laurent Obertone sur TCE : la plateforme de partage et d'apprentissage des conservateurs.","robots":{"index":"index","follow":"follow","max-snippet":"max-snippet:-1","max-image-preview":"max-image-preview:large","max-video-preview":"max-video-preview:-1"},"canonical":"https:\/\/conservativenthusiast.com\/en\/eloge-de-la-force-laurent-obertone\/","og_locale":"en_GB","og_type":"article","og_title":"\u00c9loge de la force, Laurent Obertone - The Conservative Enthusiast","og_description":"\u27bd Notre recommandation d'\u00c9loge de la force de Laurent Obertone sur TCE : la plateforme de partage et d'apprentissage des conservateurs.","og_url":"https:\/\/conservativenthusiast.com\/en\/eloge-de-la-force-laurent-obertone\/","og_site_name":"The Conservative Enthusiast","article_published_time":"2020-10-25T15:18:06+00:00","article_modified_time":"2020-10-25T20:26:17+00:00","og_image":[{"width":1604,"height":2560,"url":"https:\/\/conservativenthusiast.com\/wp-content\/uploads\/2020\/10\/Eloge-de-la-Force-scaled.jpg","type":"image\/jpeg"}],"author":"Alexis.L","twitter_card":"summary_large_image","twitter_misc":{"Written by":"Alexis.L","Estimated reading time":"8 minutes"},"schema":{"@context":"https:\/\/schema.org","@graph":[{"@type":"Article","@id":"https:\/\/conservativenthusiast.com\/eloge-de-la-force-laurent-obertone\/#article","isPartOf":{"@id":"https:\/\/conservativenthusiast.com\/eloge-de-la-force-laurent-obertone\/"},"author":{"name":"Alexis.L","@id":"https:\/\/conservativenthusiast.com\/#\/schema\/person\/3edd83a60aed483f95ebc876aeac7feb"},"headline":"\u00c9loge de la force, Laurent Obertone","datePublished":"2020-10-25T15:18:06+00:00","dateModified":"2020-10-25T20:26:17+00:00","mainEntityOfPage":{"@id":"https:\/\/conservativenthusiast.com\/eloge-de-la-force-laurent-obertone\/"},"wordCount":1551,"commentCount":0,"publisher":{"@id":"https:\/\/conservativenthusiast.com\/#organization"},"image":{"@id":"https:\/\/conservativenthusiast.com\/eloge-de-la-force-laurent-obertone\/#primaryimage"},"thumbnailUrl":"https:\/\/conservativenthusiast.com\/wp-content\/uploads\/2020\/10\/Eloge-de-la-Force-scaled.jpg","keywords":["Litt\u00e9rature","Recommandation"],"articleSection":["Litt\u00e9rature","Recommandation"],"inLanguage":"en-GB","potentialAction":[{"@type":"CommentAction","name":"Comment","target":["https:\/\/conservativenthusiast.com\/eloge-de-la-force-laurent-obertone\/#respond"]}]},{"@type":"WebPage","@id":"https:\/\/conservativenthusiast.com\/eloge-de-la-force-laurent-obertone\/","url":"https:\/\/conservativenthusiast.com\/eloge-de-la-force-laurent-obertone\/","name":"\u00c9loge de la force, Laurent Obertone - The Conservative Enthusiast","isPartOf":{"@id":"https:\/\/conservativenthusiast.com\/#website"},"primaryImageOfPage":{"@id":"https:\/\/conservativenthusiast.com\/eloge-de-la-force-laurent-obertone\/#primaryimage"},"image":{"@id":"https:\/\/conservativenthusiast.com\/eloge-de-la-force-laurent-obertone\/#primaryimage"},"thumbnailUrl":"https:\/\/conservativenthusiast.com\/wp-content\/uploads\/2020\/10\/Eloge-de-la-Force-scaled.jpg","datePublished":"2020-10-25T15:18:06+00:00","dateModified":"2020-10-25T20:26:17+00:00","description":"\u27bd Notre recommandation d'\u00c9loge de la force de Laurent Obertone sur TCE : la plateforme de partage et d'apprentissage des conservateurs.","breadcrumb":{"@id":"https:\/\/conservativenthusiast.com\/eloge-de-la-force-laurent-obertone\/#breadcrumb"},"inLanguage":"en-GB","potentialAction":[{"@type":"ReadAction","target":["https:\/\/conservativenthusiast.com\/eloge-de-la-force-laurent-obertone\/"]}]},{"@type":"ImageObject","inLanguage":"en-GB","@id":"https:\/\/conservativenthusiast.com\/eloge-de-la-force-laurent-obertone\/#primaryimage","url":"https:\/\/conservativenthusiast.com\/wp-content\/uploads\/2020\/10\/Eloge-de-la-Force-scaled.jpg","contentUrl":"https:\/\/conservativenthusiast.com\/wp-content\/uploads\/2020\/10\/Eloge-de-la-Force-scaled.jpg","width":1604,"height":2560},{"@type":"BreadcrumbList","@id":"https:\/\/conservativenthusiast.com\/eloge-de-la-force-laurent-obertone\/#breadcrumb","itemListElement":[{"@type":"ListItem","position":1,"name":"Accueil","item":"https:\/\/conservativenthusiast.com\/"},{"@type":"ListItem","position":2,"name":"\u00c9loge de la force, Laurent Obertone"}]},{"@type":"WebSite","@id":"https:\/\/conservativenthusiast.com\/#website","url":"https:\/\/conservativenthusiast.com\/","name":"The Conservative Enthusiast","description":"La plateforme de r\u00e9information, de partage et d&#039;apprentissage des conservateurs.","publisher":{"@id":"https:\/\/conservativenthusiast.com\/#organization"},"potentialAction":[{"@type":"SearchAction","target":{"@type":"EntryPoint","urlTemplate":"https:\/\/conservativenthusiast.com\/?s={search_term_string}"},"query-input":"required name=search_term_string"}],"inLanguage":"en-GB"},{"@type":"Organization","@id":"https:\/\/conservativenthusiast.com\/#organization","name":"The Conservative Enthusiast","url":"https:\/\/conservativenthusiast.com\/","logo":{"@type":"ImageObject","inLanguage":"en-GB","@id":"https:\/\/conservativenthusiast.com\/#\/schema\/logo\/image\/","url":"https:\/\/i0.wp.com\/conservativeenthusiast.com\/wp-content\/uploads\/2020\/06\/LOGO-CE-MINI.png?fit=3867%2C1180&ssl=1","contentUrl":"https:\/\/i0.wp.com\/conservativeenthusiast.com\/wp-content\/uploads\/2020\/06\/LOGO-CE-MINI.png?fit=3867%2C1180&ssl=1","width":3867,"height":1180,"caption":"The Conservative Enthusiast"},"image":{"@id":"https:\/\/conservativenthusiast.com\/#\/schema\/logo\/image\/"}},{"@type":"Person","@id":"https:\/\/conservativenthusiast.com\/#\/schema\/person\/3edd83a60aed483f95ebc876aeac7feb","name":"Alexis.L","image":{"@type":"ImageObject","inLanguage":"en-GB","@id":"https:\/\/conservativenthusiast.com\/#\/schema\/person\/image\/","url":"https:\/\/secure.gravatar.com\/avatar\/e276145ad3a64170e9c68564bb9e4280?s=96&d=mm&r=g","contentUrl":"https:\/\/secure.gravatar.com\/avatar\/e276145ad3a64170e9c68564bb9e4280?s=96&d=mm&r=g","caption":"Alexis.L"},"description":"Si vous appr\u00e9ciez les articles de ce r\u00e9dacteur et que vous souhaitez en d\u00e9couvrir davantage sur lui ou ses \u00e9crits, vous pouvez consulter tous ses articles en cliquant sur son pseudo ou en apprendre plus sur notre page \"Notre \u00e9quipe\". Vous pouvez \u00e9galement le suivre sur ses diff\u00e9rents r\u00e9seaux sociaux ci-dessous.","url":"https:\/\/conservativenthusiast.com\/en\/author\/admin6171\/"}]}},"_links":{"self":[{"href":"https:\/\/conservativenthusiast.com\/en\/wp-json\/wp\/v2\/posts\/2113"}],"collection":[{"href":"https:\/\/conservativenthusiast.com\/en\/wp-json\/wp\/v2\/posts"}],"about":[{"href":"https:\/\/conservativenthusiast.com\/en\/wp-json\/wp\/v2\/types\/post"}],"author":[{"embeddable":true,"href":"https:\/\/conservativenthusiast.com\/en\/wp-json\/wp\/v2\/users\/1"}],"replies":[{"embeddable":true,"href":"https:\/\/conservativenthusiast.com\/en\/wp-json\/wp\/v2\/comments?post=2113"}],"version-history":[{"count":27,"href":"https:\/\/conservativenthusiast.com\/en\/wp-json\/wp\/v2\/posts\/2113\/revisions"}],"predecessor-version":[{"id":2146,"href":"https:\/\/conservativenthusiast.com\/en\/wp-json\/wp\/v2\/posts\/2113\/revisions\/2146"}],"wp:featuredmedia":[{"embeddable":true,"href":"https:\/\/conservativenthusiast.com\/en\/wp-json\/wp\/v2\/media\/2114"}],"wp:attachment":[{"href":"https:\/\/conservativenthusiast.com\/en\/wp-json\/wp\/v2\/media?parent=2113"}],"wp:term":[{"taxonomy":"category","embeddable":true,"href":"https:\/\/conservativenthusiast.com\/en\/wp-json\/wp\/v2\/categories?post=2113"},{"taxonomy":"post_tag","embeddable":true,"href":"https:\/\/conservativenthusiast.com\/en\/wp-json\/wp\/v2\/tags?post=2113"}],"curies":[{"name":"wp","href":"https:\/\/api.w.org\/{rel}","templated":true}]}}