{"id":2095,"date":"2020-11-07T12:34:00","date_gmt":"2020-11-07T11:34:00","guid":{"rendered":"https:\/\/conservativeenthusiast.com\/?p=2095"},"modified":"2020-11-07T14:36:31","modified_gmt":"2020-11-07T13:36:31","slug":"interview-tce-6-talos-europa","status":"publish","type":"post","link":"https:\/\/conservativenthusiast.com\/en\/interview-tce-6-talos-europa\/","title":{"rendered":"Interview TCE #6 &#8211; Talos Europa"},"content":{"rendered":"<h3 class=\"wp-block-heading\"><strong><span class=\"has-inline-color has-black-color\">1- Pr\u00e9sentez-vous : Quel \u00e2ge avez-vous ? Sous quel nom ou pseudo vous faites vous conna\u00eetre ? D&#8217;o\u00f9 venez-vous ?<\/span><\/strong><\/h3>\n\n\n\n<p><\/p>\n\n\n\n<p class=\"has-text-align-justify\"><em>&#8221; Bonjour ! Je m\u2019appelle Arthur, j\u2019ai 25 ans. Je me fais connaitre sur instagram sous le pseudo&nbsp; Talos Europa mais les abonn\u00e9s m\u2019appellent tous Talos. Je viens de Picardie, de la campagne&nbsp; picarde plus pr\u00e9cis\u00e9ment, et pour laquelle j\u2019ai beaucoup d\u2019affection. Bien que premi\u00e8rement,&nbsp; j\u2019ai eu du m\u00e9pris \u00e0 l\u2019\u00e9gard de ma r\u00e9gion, cependant je pense qu\u2019aujourd\u2019hui, elle est essentielle&nbsp; \u00e0 mon enracinement. Je suis aujourd\u2019hui \u00e0 Lille.&#8221;<\/em><\/p>\n\n\n\n<p class=\"has-text-align-justify\"><\/p>\n\n\n\n<h3 class=\"wp-block-heading\"><strong><em><span class=\"has-inline-color has-black-color\">2-: Quel est votre parcours ? Votre jeunesse, vos \u00e9tudes, votre parcours professionnel et personnel.<\/span><\/em><\/strong><\/h3>\n\n\n\n<p><\/p>\n\n\n\n<p class=\"has-text-align-justify\"><em>&#8221; Je suis un enfant de classe moyenne, j\u2019ai grandi entour\u00e9 par la nature et les chevaux. Je pense&nbsp; que ce fut essentiel dans la construction de ma sensibilit\u00e9 politique et historique. Depuis que je&nbsp; suis enfant, je suis passionn\u00e9 par l\u2019Egypte ancienne, la Gr\u00e8ce et la Rome antique. Mon enfance&nbsp; a \u00e9t\u00e9 berc\u00e9e par l\u2019Iliade et l\u2019Odyss\u00e9e, les mythes grecs, l\u2019histoire de Rome et l\u2019Egypte ancienne,&nbsp; l\u2019\u00e9tude du latin et du grec. L\u00e0 o\u00f9 j\u2019ai grandi, ces passions \u00e9taient per\u00e7ues comme \u00ab anormales \u00bb&nbsp; ou \u00ab \u00e9tranges \u00bb. J\u2019ai fait du football (sport pour lequel j\u2019ai aujourd\u2019hui beaucoup d\u2019int\u00e9r\u00eat)&nbsp; pendant plus de 10 ans, comme tout le monde. En terme relationnel, je n\u2019ai jamais eu de&nbsp; probl\u00e8me avec d\u2019autres individus, j\u2019ai vraiment eu une enfance tranquille et sans probl\u00e8me.&nbsp;&nbsp;<\/em><\/p>\n\n\n\n<p class=\"has-text-align-justify\"><em>D\u2019un point de vue religieux, ma famille est catholique de culture mais ath\u00e9e au niveau de la&nbsp; spiritualit\u00e9. Je suis, pour ma part, catholique. J\u2019ai refus\u00e9 la communion puisque dans mon&nbsp; entourage \u00e9norm\u00e9ment de personnes d\u00e9cidaient de la faire uniquement pour les apports&nbsp; mat\u00e9riels. Je l\u2019ai donc rejet\u00e9 par principe.&nbsp;&nbsp;<\/em><\/p>\n\n\n\n<p class=\"has-text-align-justify\"><em>Au niveau scolaire, j\u2019ai eu la chance (malchance ?) d\u2019\u00eatre diagnostiqu\u00e9 intellectuellement&nbsp; pr\u00e9coce. J\u2019ai saut\u00e9 la classe de CM2 et je n\u2019ai jamais eu de probl\u00e8me dans ma scolarit\u00e9 jusqu\u2019au&nbsp; baccalaur\u00e9at. Durant l\u2019adolescence, j\u2019ai d\u00e9velopp\u00e9 une passion pour Alexandre Le Grand et&nbsp; Napol\u00e9on.&nbsp;&nbsp;<\/em><\/p>\n\n\n\n<p class=\"has-text-align-justify\"><em>\u00c0 partir de la terminale, j\u2019ai eu une p\u00e9riode d\u2019ath\u00e9isme, surement par convention sociale. J\u2019ai&nbsp; \u00e9galement eu une p\u00e9riode gamer comme beaucoup.&nbsp;&nbsp;<\/em><\/p>\n\n\n\n<p class=\"has-text-align-justify\"><em>Apr\u00e8s avoir eu le baccalaur\u00e9at, j\u2019\u00e9tais assez mal conseill\u00e9 quant \u00e0 mes possibilit\u00e9s d\u2019avenir. Alors&nbsp; je me suis perdu un an en BTS. Je suis parti en licence d\u2019\u00e9conomie, j\u2019ai d\u00e9couvert une vie&nbsp; d\u2019h\u00e9doniste que je n\u2019avais pas \u00e0 la campagne. Ce qui m\u2019a fallu quelques ann\u00e9es d\u2019\u00e9chec scolaire.&nbsp; Par la suite, j\u2019ai effectu\u00e9 une licence d\u2019histoire avec succ\u00e8s. Elle m\u2019a permis d\u2019avoir un coup de&nbsp; foudre intellectuel pour les \u00e9crivains et penseurs romantiques allemand et fran\u00e7ais. J\u2019ai ensuite&nbsp; effectu\u00e9 une licence de Science Politique. Puis enfin un master de Communication Politique&nbsp; que je termine cette ann\u00e9e. \u00c7a me semble primordial aujourd\u2019hui de ma\u00eetriser la&nbsp; communication, surtout que les conservateurs en France ne sont pas les meilleurs dans ce&nbsp; domaine.&nbsp;&nbsp;<\/em><\/p>\n\n\n\n<p class=\"has-text-align-justify\"><em>Au niveau plus personnel, j\u2019ai une relation particuli\u00e8re \u00e0 l\u2019Islam. En quelques sortes comme&nbsp; Ren\u00e9 Gu\u00e9non. J\u2019ai v\u00e9cu et grandi dans un entourage mat\u00e9rialiste, au sein duquel la spiritualit\u00e9&nbsp; n\u2019avait pas sa place. Gr\u00e2ce \u00e0 des rencontres, j\u2019ai d\u00e9couvert que l\u2019Islam portait encore en elle,&nbsp; l\u2019esprit traditionnel et la flamme spirituelle qui nous manquaient \u00e0 nous, occidentaux. Je connais&nbsp; tr\u00e8s bien cette religion pour avoir \u00e9t\u00e9 spectateur des rites, pour avoir lu le Coran et avoir v\u00e9cu&nbsp; en quelques sortes leur mode de vie dans le cadre de relations.&nbsp;<\/em><\/p>\n\n\n\n<p class=\"has-text-align-justify\"><em>Bien qu\u2019\u00e9trange, ce fut salvateur, je pense. C\u2019est ce qui m\u2019a ramen\u00e9 vers le catholicisme et les&nbsp; penseurs de la d\u00e9cadence, comme Gu\u00e9non, Evola et Spengler. J\u2019essaye de r\u00e9introduire l\u2019esprit&nbsp;traditionnel dans mon catholicisme. \u00c7a m\u2019a \u00e9galement fait prendre conscience du danger que notre civilisation encourrait.&nbsp;<\/em><\/p>\n\n\n\n<p class=\"has-text-align-justify\"><em>Quant \u00e0 mes autres activit\u00e9s, je fais de la sculpture, de la musculation et je r\u00e9dige parfois des&nbsp; po\u00e8mes.&#8221;<\/em><\/p>\n\n\n\n<p><\/p>\n\n\n\n<h3 class=\"wp-block-heading\"><strong><span class=\"has-inline-color has-black-color\">3-: Qu&#8217;est-ce qui vous a amen\u00e9 \u00e0 lancer votre projet ? Quelles sont les \u00e9tapes qui vous y ont men\u00e9es ?<\/span><\/strong><\/h3>\n\n\n\n<p><\/p>\n\n\n\n<p class=\"has-text-align-justify\"><em>&#8221; La mode des r\u00e9seaux sociaux ! Le fait d\u2019\u00eatre submerg\u00e9 de publications idiotes, de voir mon&nbsp; peuple avoir du d\u00e9sint\u00e9r\u00eat pour son identit\u00e9, son patrimoine, son histoire et ses anc\u00eatres. Mon&nbsp; histoire personnelle et mon capital culturel m\u2019ont amen\u00e9 \u00e0 ce projet, ce fut le terreau fertile \u00e0&nbsp; sa cr\u00e9ation. Beaucoup de discussions avec des amis qui ressentaient, comme moi, une nostalgie&nbsp; pour notre grandeur et une certaine fatalit\u00e9 vis-\u00e0-vis de l\u2019\u00e9poque post-moderne. Mais si je dois&nbsp; parler d\u2019un fait tr\u00e8s marquant et d\u00e9cisif, ce fut les d\u00e9boulonnages de statue. Je me sentais attaqu\u00e9&nbsp; directement dans mon identit\u00e9, chaque information \u00e0 ce propos \u00e9tait l\u2019\u00e9quivalent d\u2019un coup de&nbsp; poignard. Ca a r\u00e9ellement \u00e9t\u00e9 le catalyseur.&nbsp;&nbsp;\u00c0 c\u00f4t\u00e9 de \u00e7a, je voyais \u00e9galement beaucoup de \u00ab beau \u00bb sur Instagram, je regardais \u00e9galement&nbsp; les vid\u00e9os de Julien Rochedy et de Simon (Barbare civilis\u00e9). Je me suis dit qu\u2019il \u00e9tait n\u00e9cessaire&nbsp; d\u2019amener ma touche et de faire du beau avec un message inspirant et politique derri\u00e8re.&#8221;<\/em><\/p>\n\n\n\n<p><\/p>\n\n\n\n<h3 class=\"wp-block-heading\"><strong><span class=\"has-inline-color has-black-color\">4-: Pouvez-vous nous expliquer plus en d\u00e9tail en quoi consiste votre projet ?<\/span><\/strong><\/h3>\n\n\n\n<p><\/p>\n\n\n\n<p class=\"has-text-align-justify\"><em>&#8221; Le projet consiste \u00e0 inspirer les jeunes europ\u00e9ens sur les r\u00e9seaux sociaux, surtout les jeunes de&nbsp; droite qui en ont besoin. C\u2019est avant tout donner un id\u00e9al, un absolu, quelque chose qui&nbsp; transcende et les reconnecte avec leurs anc\u00eatres, leur grandeur qu\u2019ils ont au fond d\u2019eux. C\u2019est&nbsp; leur redonner cette fiert\u00e9 que nos anc\u00eatres avaient et leur montrer que nous sommes beaucoup&nbsp; \u00e0 ch\u00e9rir encore notre civilisation. Ce legs appartient \u00e0 tous les europ\u00e9ens mais avant tout \u00e0 notre&nbsp; courant politique. Puisque les post-modernes l\u2019ont d\u00e9laiss\u00e9, c\u2019est \u00e0 nous de le porter. Il y a&nbsp; encore de l\u2019espoir, tout n\u2019est pas perdu.&#8221;<\/em><\/p>\n\n\n\n<p><\/p>\n\n\n\n<h3 class=\"wp-block-heading\"><strong><span class=\"has-inline-color has-black-color\">5-: Depuis combien de temps votre projet est lanc\u00e9, et comment se passe son \u00e9volution?<\/span><\/strong><\/h3>\n\n\n\n<p><\/p>\n\n\n\n<p class=\"has-text-align-justify\"><em>&#8221; Le projet est lanc\u00e9 depuis fin juillet. Son \u00e9volution se passe tr\u00e8s bien, je m\u2019attendais pas \u00e0 avoir&nbsp; autant de succ\u00e8s au d\u00e9but mais il s\u2019av\u00e8re que Simon fut s\u00e9duit par le projet et je lui dois&nbsp; beaucoup dans ce petit succ\u00e8s. Il y a des id\u00e9es pour faire \u00e9voluer la page, ce n\u2019est pas encore&nbsp; fixe mais elle sera bien \u00e9videmment politique. Je vous en dirai plus prochainement.&#8221;<\/em><\/p>\n\n\n\n<p><\/p>\n\n\n\n<h3 class=\"wp-block-heading\"><strong><span class=\"has-inline-color has-black-color\">6-: Quelles sont vos principales sources d&#8217;inspirations, vos influences et vos r\u00e9f\u00e9rences?<\/span><\/strong><\/h3>\n\n\n\n<p><\/p>\n\n\n\n<p><em>&#8221; L\u2019Europe !&nbsp;&nbsp;<\/em><\/p>\n\n\n\n<p class=\"has-text-align-justify\"><em>Je vais tenter de vous faire un panorama de mes influences historiques et intellectuelles. Je dirais&nbsp; que d\u2019un point de vue historique, la p\u00e9riode hell\u00e9nistique m\u2019inspire \u00e9norm\u00e9ment. Au niveau&nbsp; des personnages Alexandre Le Grand, Saint-Louis, Jeanne d\u2019Arc, Sainte-Genevi\u00e8ve et Auguste&nbsp; m\u2019inspirent. Napol\u00e9on qui est \u00e0 mes yeux est un Roi hell\u00e9nistique donn\u00e9 \u00e0 la France par la&nbsp; providence. Napol\u00e9on III qui m\u00e9rite plus de reconnaissance que ce que l\u2019histoire lui donne.&nbsp; D\u2019un point de vue religieux, Saint-Michel. Au niveau litt\u00e9raire, De Nerval, De Musset, Goethe&nbsp;et Schiller m\u2019inspirent \u00e9norm\u00e9ment. Au niveau philosophique, Simone Weil, Nietzsche, Julius&nbsp; Evola, Ren\u00e9 Gu\u00e9non, Marc-Aur\u00e8le. H\u00e9las tous ces mod\u00e8les sont morts. Je vais essayer de vous&nbsp; en donner des vivants ! Alain de Benoist m\u2019inspire beaucoup, Thibault Isabel \u00e9galement. Au&nbsp; niveau politique, Fran\u00e7ois-Xavier Bellamy, Charles Gave. (en esp\u00e9rant que sa candidature \u00e0 la&nbsp; pr\u00e9sidentielle sera un succ\u00e8s)&nbsp;&nbsp;<\/em><\/p>\n\n\n\n<p class=\"has-text-align-justify\"><em>Voil\u00e0 pour les vivants, je dois dire que tr\u00e8s peu de contemporains m\u2019inspirent r\u00e9ellement. Dans d\u2019autres domaines, Jacqueline de Romilly et Carl Jung. Au niveau artistique, l\u2019art gr\u00e9co romain m\u2019inspire, j\u2019y vois le beau \u00e0 l\u2019\u00e9tat pur.&#8221;<\/em><\/p>\n\n\n\n<p><\/p>\n\n\n\n<h3 class=\"wp-block-heading\"><strong><span class=\"has-inline-color has-black-color\">7-: Qu&#8217;est-ce que le conservatisme selon vous ? Et pensez-vous qu&#8217;il est important aujourd&#8217;hui ? Si oui pourquoi et si non pourquoi ?<\/span><\/strong><\/h3>\n\n\n\n<p><\/p>\n\n\n\n<p class=\"has-text-align-justify\"><em>&#8221; Je vais vous r\u00e9pondre par une citation de Gustave Thibon qui repr\u00e9sente \u00e0 mes yeux la&nbsp; d\u00e9finition parfaite du conservatisme.&nbsp;&nbsp;<\/em><\/p>\n\n\n\n<p class=\"has-text-align-justify\"><em>\u00ab Le v\u00e9ritable esprit conservateur est autre chose. Il ne consiste pas \u00e0 retourner en arri\u00e8re, mais&nbsp; \u00e0 remonter jusqu&#8217;\u00e0 la source. Nous ne voulons pas r\u00e9p\u00e9ter, mais renouveler. Et pour cela nous&nbsp; devons nous placer au centre m\u00eame du jaillissement de l&#8217;histoire, c&#8217;est-\u00e0-dire au c\u0153ur de cette&nbsp; nature humaine et politique qui varie \u00e0 l&#8217;infini dans ses manifestations, mais dont l&#8217;essence reste&nbsp; \u00e0 jamais identique parce qu&#8217;elle se situe au-del\u00e0 du temps. L&#8217;accident passe et se d\u00e9mode, l&#8217;\u00eatre&nbsp; subsiste. Et si nous nous tournons souvent vers le pass\u00e9, ce n&#8217;est pas par nostalgie de ce qui&nbsp; n&#8217;est plus, mais pour y d\u00e9couvrir, sous le flux des contingences, les lin\u00e9aments d&#8217;une n\u00e9cessit\u00e9&nbsp; qui demeure. \u00bb&nbsp;&nbsp;<\/em><\/p>\n\n\n\n<p class=\"has-text-align-justify\"><em>Le conservatisme est essentiel \u00e0 mes yeux. Dans une \u00e9poque d\u00e9cadente au sein de laquelle la&nbsp; majorit\u00e9 de la population occidentale est d\u00e9racin\u00e9e, le conservatisme appara\u00eet comme le rem\u00e8de&nbsp; \u00e0 ce poison qu\u2019est la postmodernit\u00e9. Aujourd\u2019hui, paradoxalement, il est r\u00e9volutionnaire. On&nbsp; doit revenir \u00e0 la source de notre identit\u00e9 pour recr\u00e9er du grandiose.&#8221;<\/em><\/p>\n\n\n\n<p><\/p>\n\n\n\n<h3 class=\"wp-block-heading\"><strong><span class=\"has-inline-color has-black-color\">8-: Pouvez-vous nous donner un livre, un film et une musique, qui selon vous vous repr\u00e9sente, ou auquel vous tenez ?<\/span><\/strong><\/h3>\n\n\n\n<p><\/p>\n\n\n\n<p class=\"has-text-align-justify\"><em>&#8221; Le Faust de Goethe, sans aucune h\u00e9sitation. Je le relis souvent. Pour moi, ce livre contient&nbsp; l\u2019identit\u00e9 europ\u00e9enne. J\u2019y retrouve du mysticisme, du folklore, du tragique, la soif de&nbsp; connaissance et l\u2019hybris qui nous caract\u00e9rise si bien.&nbsp;&nbsp;<\/em><\/p>\n\n\n\n<p class=\"has-text-align-justify\"><em>Si je dois citer un film, \u00e7a serait \u00ab l\u2019associ\u00e9 du Diable \u00bb, encore une fois pour le mysticisme dans&nbsp; ce film, la critique de modernit\u00e9 qu\u2019on y retrouve et la mise en perspective de la vanit\u00e9. Une&nbsp; musique ? Anissa de Wejdene !&nbsp;&nbsp;<\/em><\/p>\n\n\n\n<p class=\"has-text-align-justify\"><em>Plus s\u00e9rieusement, ma musique pr\u00e9f\u00e9r\u00e9e est la sonate du Diable de Tartini. Sa l\u00e9gende y est&nbsp; pour beaucoup.&nbsp;&nbsp;<\/em><\/p>\n\n\n\n<p class=\"has-text-align-justify\"><em>Je reconnais rechercher dans mes int\u00e9r\u00eats l\u2019enchantement du monde qui fait d\u00e9faut \u00e0 notre&nbsp; \u00e9poque.&#8221;<\/em><\/p>\n\n\n\n<p><\/p>\n\n\n\n<h3 class=\"wp-block-heading\"><strong><span class=\"has-inline-color has-black-color\">9-: Que pensez-vous pouvoir apporter \u00e0 quelqu&#8217;un qui vous d\u00e9couvre ?<\/span><\/strong><\/h3>\n\n\n\n<p><\/p>\n\n\n\n<p class=\"has-text-align-justify\"><em>&#8221; Une fiert\u00e9, un retour \u00e0 ses racines. Pour une personne qui n\u2019est pas europ\u00e9enne, je peux lui&nbsp; apporter la fascination pour notre civilisation et pourquoi pas le fait qu\u2019ils adoptent notre&nbsp; h\u00e9ritage. Je le dis souvent, je veux pousser les jeunes de droite (les jeunes en g\u00e9n\u00e9ral) \u00e0 pratiquer&nbsp;un art, quel qu\u2019il soit, leur redonner le go\u00fbt des racines hell\u00e9no-chr\u00e9tiennes. Leur montrer que&nbsp; si leurs anc\u00eatres ont pu sculpter des choses grandioses, \u00e9crire des chefs-d\u2019\u0153uvre, peindre le&nbsp; majestueux, ils peuvent le faire. J\u2019aimerai vraiment qu\u2019un nouveau courant romantique \u00e9merge&nbsp; en Europe. Ne laissons pas l\u2019\u00e9criture aux instagrameuses et aux enfants des 68ards.&#8221;<\/em><\/p>\n\n\n\n<p><\/p>\n\n\n\n<h3 class=\"wp-block-heading\"><strong><span class=\"has-inline-color has-black-color\">10-: Quels sont vos projets \u00e0 l&#8217;avenir ? Dans les prochaines semaines et mois, \u00e0 court terme, mais \u00e9galement votre vision \u00e0 long terme.<\/span><\/strong><\/h3>\n\n\n\n<p><\/p>\n\n\n\n<p class=\"has-text-align-justify\"><em>&#8221; \u00c0 court terme, j\u2019ai commenc\u00e9 \u00e0 incorporer des montages vid\u00e9o avec des musiques pour&nbsp; accompagner le message. \u00c7a a l\u2019air de plaire.&nbsp;&nbsp;<\/em><\/p>\n\n\n\n<p class=\"has-text-align-justify\"><em>Il y a d\u2019autres projets avec un ami mais qui ne sont pas r\u00e9ellement d\u00e9fini. Une chose est s\u00fbre,&nbsp; c\u2019est qu\u2019ils seront politiques, intellectuels, toujours sur la ligne qui fait l\u2019identit\u00e9 de la page. Gr\u00e2ce&nbsp; \u00e0 cette page, j\u2019ai rencontr\u00e9 beaucoup de personnes tr\u00e8s intelligentes, cultiv\u00e9es et talentueuses,&nbsp; pourquoi pas d\u00e9velopper un cercle de pens\u00e9e ?&nbsp;\u00c0 titre personnel et \u00e0 long terme, j\u2019aimerai \u00e9crire un roman.&#8221;<\/em><\/p>\n\n\n\n<p><\/p>\n\n\n\n<h3 class=\"wp-block-heading\"><strong><span class=\"has-inline-color has-black-color\">11-: O\u00f9 peut-on vous suivre ? Sur quel m\u00e9dia ou r\u00e9seau \u00eates-vous le plus actif ?<\/span><\/strong><\/h3>\n\n\n\n<p><\/p>\n\n\n\n<p class=\"has-text-align-justify\"><em>&#8221; Sur Instagram \u00e9videmment. Facebook ce n\u2019est pas pour tout de suite et Telegram \u00e7a sera pour&nbsp; bient\u00f4t.&nbsp;&nbsp;<\/em><\/p>\n\n\n\n<p class=\"has-text-align-justify\"><em>Je n\u2019aime pas beaucoup Twitter mais son aspect viral peut \u00eatre utile.&#8221;<\/em><\/p>\n\n\n\n<p><\/p>\n\n\n\n<h3 class=\"wp-block-heading\"><strong><span class=\"has-inline-color has-black-color\">12-: Un mot pour la fin ?<\/span><\/strong><\/h3>\n\n\n\n<p><\/p>\n\n\n\n<p class=\"has-text-align-justify\">&#8221; La jeunesse de droite est grande.&#8221;<\/p>","protected":false},"excerpt":{"rendered":"<p>1- Pr\u00e9sentez-vous : Quel \u00e2ge avez-vous ? Sous quel nom ou pseudo vous faites vous conna\u00eetre ? D&#8217;o\u00f9 venez-vous ? [&hellip;]<\/p>","protected":false},"author":1,"featured_media":2723,"comment_status":"open","ping_status":"open","sticky":false,"template":"","format":"standard","meta":{"_et_pb_use_builder":"off","_et_pb_old_content":"","_et_gb_content_width":"","_exactmetrics_skip_tracking":false,"_exactmetrics_sitenote_active":false,"_exactmetrics_sitenote_note":"","_exactmetrics_sitenote_category":0,"footnotes":""},"categories":[21,34,28],"tags":[22,33,29],"yoast_head":"<!-- This site is optimized with the Yoast SEO plugin v22.3 - https:\/\/yoast.com\/wordpress\/plugins\/seo\/ -->\n<title>Interview TCE #6 - Talos Europa - The Conservative Enthusiast<\/title>\n<meta name=\"description\" content=\"\u27bd Interview de Talos Europa sur TCE : La plateforme d&#039;actualit\u00e9, de r\u00e9information, de partage et d&#039;apprentissage des conservateurs.\" \/>\n<meta name=\"robots\" content=\"index, follow, max-snippet:-1, max-image-preview:large, max-video-preview:-1\" \/>\n<link rel=\"canonical\" href=\"https:\/\/conservativenthusiast.com\/en\/interview-tce-6-talos-europa\/\" \/>\n<meta property=\"og:locale\" content=\"en_GB\" \/>\n<meta property=\"og:type\" content=\"article\" \/>\n<meta property=\"og:title\" content=\"Interview TCE #6 - Talos Europa - The Conservative Enthusiast\" \/>\n<meta property=\"og:description\" content=\"\u27bd Interview de Talos Europa sur TCE : La plateforme d&#039;actualit\u00e9, de r\u00e9information, de partage et d&#039;apprentissage des conservateurs.\" \/>\n<meta property=\"og:url\" content=\"https:\/\/conservativenthusiast.com\/en\/interview-tce-6-talos-europa\/\" \/>\n<meta property=\"og:site_name\" content=\"The Conservative Enthusiast\" \/>\n<meta property=\"article:published_time\" content=\"2020-11-07T11:34:00+00:00\" \/>\n<meta property=\"article:modified_time\" content=\"2020-11-07T13:36:31+00:00\" \/>\n<meta property=\"og:image\" content=\"https:\/\/conservativenthusiast.com\/wp-content\/uploads\/2020\/11\/122579447_359325892014727_8398913648582659231_n.jpg\" \/>\n\t<meta property=\"og:image:width\" content=\"492\" \/>\n\t<meta property=\"og:image:height\" content=\"483\" \/>\n\t<meta property=\"og:image:type\" content=\"image\/jpeg\" \/>\n<meta name=\"author\" content=\"Alexis.L\" \/>\n<meta name=\"twitter:card\" content=\"summary_large_image\" \/>\n<meta name=\"twitter:label1\" content=\"Written by\" \/>\n\t<meta name=\"twitter:data1\" content=\"Alexis.L\" \/>\n\t<meta name=\"twitter:label2\" content=\"Estimated reading time\" \/>\n\t<meta name=\"twitter:data2\" content=\"11 minutes\" \/>\n<script type=\"application\/ld+json\" class=\"yoast-schema-graph\">{\"@context\":\"https:\/\/schema.org\",\"@graph\":[{\"@type\":\"Article\",\"@id\":\"https:\/\/conservativenthusiast.com\/interview-tce-6-talos-europa\/#article\",\"isPartOf\":{\"@id\":\"https:\/\/conservativenthusiast.com\/interview-tce-6-talos-europa\/\"},\"author\":{\"name\":\"Alexis.L\",\"@id\":\"https:\/\/conservativenthusiast.com\/#\/schema\/person\/3edd83a60aed483f95ebc876aeac7feb\"},\"headline\":\"Interview TCE #6 &#8211; Talos Europa\",\"datePublished\":\"2020-11-07T11:34:00+00:00\",\"dateModified\":\"2020-11-07T13:36:31+00:00\",\"mainEntityOfPage\":{\"@id\":\"https:\/\/conservativenthusiast.com\/interview-tce-6-talos-europa\/\"},\"wordCount\":2178,\"commentCount\":0,\"publisher\":{\"@id\":\"https:\/\/conservativenthusiast.com\/#organization\"},\"image\":{\"@id\":\"https:\/\/conservativenthusiast.com\/interview-tce-6-talos-europa\/#primaryimage\"},\"thumbnailUrl\":\"https:\/\/conservativenthusiast.com\/wp-content\/uploads\/2020\/11\/122579447_359325892014727_8398913648582659231_n.jpg\",\"keywords\":[\"Interview\",\"Patrimoine\",\"Politique\"],\"articleSection\":[\"Interviews\",\"Patrimoine\",\"Politique\"],\"inLanguage\":\"en-GB\",\"potentialAction\":[{\"@type\":\"CommentAction\",\"name\":\"Comment\",\"target\":[\"https:\/\/conservativenthusiast.com\/interview-tce-6-talos-europa\/#respond\"]}]},{\"@type\":\"WebPage\",\"@id\":\"https:\/\/conservativenthusiast.com\/interview-tce-6-talos-europa\/\",\"url\":\"https:\/\/conservativenthusiast.com\/interview-tce-6-talos-europa\/\",\"name\":\"Interview TCE #6 - Talos Europa - The Conservative Enthusiast\",\"isPartOf\":{\"@id\":\"https:\/\/conservativenthusiast.com\/#website\"},\"primaryImageOfPage\":{\"@id\":\"https:\/\/conservativenthusiast.com\/interview-tce-6-talos-europa\/#primaryimage\"},\"image\":{\"@id\":\"https:\/\/conservativenthusiast.com\/interview-tce-6-talos-europa\/#primaryimage\"},\"thumbnailUrl\":\"https:\/\/conservativenthusiast.com\/wp-content\/uploads\/2020\/11\/122579447_359325892014727_8398913648582659231_n.jpg\",\"datePublished\":\"2020-11-07T11:34:00+00:00\",\"dateModified\":\"2020-11-07T13:36:31+00:00\",\"description\":\"\u27bd Interview de Talos Europa sur TCE : La plateforme d'actualit\u00e9, de r\u00e9information, de partage et d'apprentissage des conservateurs.\",\"breadcrumb\":{\"@id\":\"https:\/\/conservativenthusiast.com\/interview-tce-6-talos-europa\/#breadcrumb\"},\"inLanguage\":\"en-GB\",\"potentialAction\":[{\"@type\":\"ReadAction\",\"target\":[\"https:\/\/conservativenthusiast.com\/interview-tce-6-talos-europa\/\"]}]},{\"@type\":\"ImageObject\",\"inLanguage\":\"en-GB\",\"@id\":\"https:\/\/conservativenthusiast.com\/interview-tce-6-talos-europa\/#primaryimage\",\"url\":\"https:\/\/conservativenthusiast.com\/wp-content\/uploads\/2020\/11\/122579447_359325892014727_8398913648582659231_n.jpg\",\"contentUrl\":\"https:\/\/conservativenthusiast.com\/wp-content\/uploads\/2020\/11\/122579447_359325892014727_8398913648582659231_n.jpg\",\"width\":492,\"height\":483,\"caption\":\"Talos Europa TCE\"},{\"@type\":\"BreadcrumbList\",\"@id\":\"https:\/\/conservativenthusiast.com\/interview-tce-6-talos-europa\/#breadcrumb\",\"itemListElement\":[{\"@type\":\"ListItem\",\"position\":1,\"name\":\"Accueil\",\"item\":\"https:\/\/conservativenthusiast.com\/\"},{\"@type\":\"ListItem\",\"position\":2,\"name\":\"Interview TCE #6 &#8211; Talos Europa\"}]},{\"@type\":\"WebSite\",\"@id\":\"https:\/\/conservativenthusiast.com\/#website\",\"url\":\"https:\/\/conservativenthusiast.com\/\",\"name\":\"The Conservative Enthusiast\",\"description\":\"La plateforme de r\u00e9information, de partage et d&#039;apprentissage des conservateurs.\",\"publisher\":{\"@id\":\"https:\/\/conservativenthusiast.com\/#organization\"},\"potentialAction\":[{\"@type\":\"SearchAction\",\"target\":{\"@type\":\"EntryPoint\",\"urlTemplate\":\"https:\/\/conservativenthusiast.com\/?s={search_term_string}\"},\"query-input\":\"required name=search_term_string\"}],\"inLanguage\":\"en-GB\"},{\"@type\":\"Organization\",\"@id\":\"https:\/\/conservativenthusiast.com\/#organization\",\"name\":\"The Conservative Enthusiast\",\"url\":\"https:\/\/conservativenthusiast.com\/\",\"logo\":{\"@type\":\"ImageObject\",\"inLanguage\":\"en-GB\",\"@id\":\"https:\/\/conservativenthusiast.com\/#\/schema\/logo\/image\/\",\"url\":\"https:\/\/i0.wp.com\/conservativeenthusiast.com\/wp-content\/uploads\/2020\/06\/LOGO-CE-MINI.png?fit=3867%2C1180&ssl=1\",\"contentUrl\":\"https:\/\/i0.wp.com\/conservativeenthusiast.com\/wp-content\/uploads\/2020\/06\/LOGO-CE-MINI.png?fit=3867%2C1180&ssl=1\",\"width\":3867,\"height\":1180,\"caption\":\"The Conservative Enthusiast\"},\"image\":{\"@id\":\"https:\/\/conservativenthusiast.com\/#\/schema\/logo\/image\/\"}},{\"@type\":\"Person\",\"@id\":\"https:\/\/conservativenthusiast.com\/#\/schema\/person\/3edd83a60aed483f95ebc876aeac7feb\",\"name\":\"Alexis.L\",\"image\":{\"@type\":\"ImageObject\",\"inLanguage\":\"en-GB\",\"@id\":\"https:\/\/conservativenthusiast.com\/#\/schema\/person\/image\/\",\"url\":\"https:\/\/secure.gravatar.com\/avatar\/e276145ad3a64170e9c68564bb9e4280?s=96&d=mm&r=g\",\"contentUrl\":\"https:\/\/secure.gravatar.com\/avatar\/e276145ad3a64170e9c68564bb9e4280?s=96&d=mm&r=g\",\"caption\":\"Alexis.L\"},\"description\":\"Si vous appr\u00e9ciez les articles de ce r\u00e9dacteur et que vous souhaitez en d\u00e9couvrir davantage sur lui ou ses \u00e9crits, vous pouvez consulter tous ses articles en cliquant sur son pseudo ou en apprendre plus sur notre page \\\"Notre \u00e9quipe\\\". Vous pouvez \u00e9galement le suivre sur ses diff\u00e9rents r\u00e9seaux sociaux ci-dessous.\",\"url\":\"https:\/\/conservativenthusiast.com\/en\/author\/admin6171\/\"}]}<\/script>\n<!-- \/ Yoast SEO plugin. -->","yoast_head_json":{"title":"Interview TCE #6 - Talos Europa - The Conservative Enthusiast","description":"\u27bd Interview de Talos Europa sur TCE : La plateforme d'actualit\u00e9, de r\u00e9information, de partage et d'apprentissage des conservateurs.","robots":{"index":"index","follow":"follow","max-snippet":"max-snippet:-1","max-image-preview":"max-image-preview:large","max-video-preview":"max-video-preview:-1"},"canonical":"https:\/\/conservativenthusiast.com\/en\/interview-tce-6-talos-europa\/","og_locale":"en_GB","og_type":"article","og_title":"Interview TCE #6 - Talos Europa - The Conservative Enthusiast","og_description":"\u27bd Interview de Talos Europa sur TCE : La plateforme d'actualit\u00e9, de r\u00e9information, de partage et d'apprentissage des conservateurs.","og_url":"https:\/\/conservativenthusiast.com\/en\/interview-tce-6-talos-europa\/","og_site_name":"The Conservative Enthusiast","article_published_time":"2020-11-07T11:34:00+00:00","article_modified_time":"2020-11-07T13:36:31+00:00","og_image":[{"width":492,"height":483,"url":"https:\/\/conservativenthusiast.com\/wp-content\/uploads\/2020\/11\/122579447_359325892014727_8398913648582659231_n.jpg","type":"image\/jpeg"}],"author":"Alexis.L","twitter_card":"summary_large_image","twitter_misc":{"Written by":"Alexis.L","Estimated reading time":"11 minutes"},"schema":{"@context":"https:\/\/schema.org","@graph":[{"@type":"Article","@id":"https:\/\/conservativenthusiast.com\/interview-tce-6-talos-europa\/#article","isPartOf":{"@id":"https:\/\/conservativenthusiast.com\/interview-tce-6-talos-europa\/"},"author":{"name":"Alexis.L","@id":"https:\/\/conservativenthusiast.com\/#\/schema\/person\/3edd83a60aed483f95ebc876aeac7feb"},"headline":"Interview TCE #6 &#8211; Talos Europa","datePublished":"2020-11-07T11:34:00+00:00","dateModified":"2020-11-07T13:36:31+00:00","mainEntityOfPage":{"@id":"https:\/\/conservativenthusiast.com\/interview-tce-6-talos-europa\/"},"wordCount":2178,"commentCount":0,"publisher":{"@id":"https:\/\/conservativenthusiast.com\/#organization"},"image":{"@id":"https:\/\/conservativenthusiast.com\/interview-tce-6-talos-europa\/#primaryimage"},"thumbnailUrl":"https:\/\/conservativenthusiast.com\/wp-content\/uploads\/2020\/11\/122579447_359325892014727_8398913648582659231_n.jpg","keywords":["Interview","Patrimoine","Politique"],"articleSection":["Interviews","Patrimoine","Politique"],"inLanguage":"en-GB","potentialAction":[{"@type":"CommentAction","name":"Comment","target":["https:\/\/conservativenthusiast.com\/interview-tce-6-talos-europa\/#respond"]}]},{"@type":"WebPage","@id":"https:\/\/conservativenthusiast.com\/interview-tce-6-talos-europa\/","url":"https:\/\/conservativenthusiast.com\/interview-tce-6-talos-europa\/","name":"Interview TCE #6 - Talos Europa - The Conservative Enthusiast","isPartOf":{"@id":"https:\/\/conservativenthusiast.com\/#website"},"primaryImageOfPage":{"@id":"https:\/\/conservativenthusiast.com\/interview-tce-6-talos-europa\/#primaryimage"},"image":{"@id":"https:\/\/conservativenthusiast.com\/interview-tce-6-talos-europa\/#primaryimage"},"thumbnailUrl":"https:\/\/conservativenthusiast.com\/wp-content\/uploads\/2020\/11\/122579447_359325892014727_8398913648582659231_n.jpg","datePublished":"2020-11-07T11:34:00+00:00","dateModified":"2020-11-07T13:36:31+00:00","description":"\u27bd Interview de Talos Europa sur TCE : La plateforme d'actualit\u00e9, de r\u00e9information, de partage et d'apprentissage des conservateurs.","breadcrumb":{"@id":"https:\/\/conservativenthusiast.com\/interview-tce-6-talos-europa\/#breadcrumb"},"inLanguage":"en-GB","potentialAction":[{"@type":"ReadAction","target":["https:\/\/conservativenthusiast.com\/interview-tce-6-talos-europa\/"]}]},{"@type":"ImageObject","inLanguage":"en-GB","@id":"https:\/\/conservativenthusiast.com\/interview-tce-6-talos-europa\/#primaryimage","url":"https:\/\/conservativenthusiast.com\/wp-content\/uploads\/2020\/11\/122579447_359325892014727_8398913648582659231_n.jpg","contentUrl":"https:\/\/conservativenthusiast.com\/wp-content\/uploads\/2020\/11\/122579447_359325892014727_8398913648582659231_n.jpg","width":492,"height":483,"caption":"Talos Europa TCE"},{"@type":"BreadcrumbList","@id":"https:\/\/conservativenthusiast.com\/interview-tce-6-talos-europa\/#breadcrumb","itemListElement":[{"@type":"ListItem","position":1,"name":"Accueil","item":"https:\/\/conservativenthusiast.com\/"},{"@type":"ListItem","position":2,"name":"Interview TCE #6 &#8211; Talos Europa"}]},{"@type":"WebSite","@id":"https:\/\/conservativenthusiast.com\/#website","url":"https:\/\/conservativenthusiast.com\/","name":"The Conservative Enthusiast","description":"La plateforme de r\u00e9information, de partage et d&#039;apprentissage des conservateurs.","publisher":{"@id":"https:\/\/conservativenthusiast.com\/#organization"},"potentialAction":[{"@type":"SearchAction","target":{"@type":"EntryPoint","urlTemplate":"https:\/\/conservativenthusiast.com\/?s={search_term_string}"},"query-input":"required name=search_term_string"}],"inLanguage":"en-GB"},{"@type":"Organization","@id":"https:\/\/conservativenthusiast.com\/#organization","name":"The Conservative Enthusiast","url":"https:\/\/conservativenthusiast.com\/","logo":{"@type":"ImageObject","inLanguage":"en-GB","@id":"https:\/\/conservativenthusiast.com\/#\/schema\/logo\/image\/","url":"https:\/\/i0.wp.com\/conservativeenthusiast.com\/wp-content\/uploads\/2020\/06\/LOGO-CE-MINI.png?fit=3867%2C1180&ssl=1","contentUrl":"https:\/\/i0.wp.com\/conservativeenthusiast.com\/wp-content\/uploads\/2020\/06\/LOGO-CE-MINI.png?fit=3867%2C1180&ssl=1","width":3867,"height":1180,"caption":"The Conservative Enthusiast"},"image":{"@id":"https:\/\/conservativenthusiast.com\/#\/schema\/logo\/image\/"}},{"@type":"Person","@id":"https:\/\/conservativenthusiast.com\/#\/schema\/person\/3edd83a60aed483f95ebc876aeac7feb","name":"Alexis.L","image":{"@type":"ImageObject","inLanguage":"en-GB","@id":"https:\/\/conservativenthusiast.com\/#\/schema\/person\/image\/","url":"https:\/\/secure.gravatar.com\/avatar\/e276145ad3a64170e9c68564bb9e4280?s=96&d=mm&r=g","contentUrl":"https:\/\/secure.gravatar.com\/avatar\/e276145ad3a64170e9c68564bb9e4280?s=96&d=mm&r=g","caption":"Alexis.L"},"description":"Si vous appr\u00e9ciez les articles de ce r\u00e9dacteur et que vous souhaitez en d\u00e9couvrir davantage sur lui ou ses \u00e9crits, vous pouvez consulter tous ses articles en cliquant sur son pseudo ou en apprendre plus sur notre page \"Notre \u00e9quipe\". Vous pouvez \u00e9galement le suivre sur ses diff\u00e9rents r\u00e9seaux sociaux ci-dessous.","url":"https:\/\/conservativenthusiast.com\/en\/author\/admin6171\/"}]}},"_links":{"self":[{"href":"https:\/\/conservativenthusiast.com\/en\/wp-json\/wp\/v2\/posts\/2095"}],"collection":[{"href":"https:\/\/conservativenthusiast.com\/en\/wp-json\/wp\/v2\/posts"}],"about":[{"href":"https:\/\/conservativenthusiast.com\/en\/wp-json\/wp\/v2\/types\/post"}],"author":[{"embeddable":true,"href":"https:\/\/conservativenthusiast.com\/en\/wp-json\/wp\/v2\/users\/1"}],"replies":[{"embeddable":true,"href":"https:\/\/conservativenthusiast.com\/en\/wp-json\/wp\/v2\/comments?post=2095"}],"version-history":[{"count":9,"href":"https:\/\/conservativenthusiast.com\/en\/wp-json\/wp\/v2\/posts\/2095\/revisions"}],"predecessor-version":[{"id":2123,"href":"https:\/\/conservativenthusiast.com\/en\/wp-json\/wp\/v2\/posts\/2095\/revisions\/2123"}],"wp:featuredmedia":[{"embeddable":true,"href":"https:\/\/conservativenthusiast.com\/en\/wp-json\/wp\/v2\/media\/2723"}],"wp:attachment":[{"href":"https:\/\/conservativenthusiast.com\/en\/wp-json\/wp\/v2\/media?parent=2095"}],"wp:term":[{"taxonomy":"category","embeddable":true,"href":"https:\/\/conservativenthusiast.com\/en\/wp-json\/wp\/v2\/categories?post=2095"},{"taxonomy":"post_tag","embeddable":true,"href":"https:\/\/conservativenthusiast.com\/en\/wp-json\/wp\/v2\/tags?post=2095"}],"curies":[{"name":"wp","href":"https:\/\/api.w.org\/{rel}","templated":true}]}}