{"id":2079,"date":"2020-10-24T12:00:00","date_gmt":"2020-10-24T10:00:00","guid":{"rendered":"https:\/\/conservativeenthusiast.com\/?p=2079"},"modified":"2020-10-24T13:20:16","modified_gmt":"2020-10-24T11:20:16","slug":"interview-tce-5-ferenc-almassy","status":"publish","type":"post","link":"https:\/\/conservativenthusiast.com\/en\/interview-tce-5-ferenc-almassy\/","title":{"rendered":"Interview TCE #5 &#8211; Ferenc Alm\u00e1ssy"},"content":{"rendered":"<h3 class=\"wp-block-heading\"><strong><span class=\"has-inline-color has-black-color\">1- Pr\u00e9sentez-vous : Quel \u00e2ge avez-vous ? Sous quel nom ou pseudo vous faites vous conna\u00eetre ? D&#8217;o\u00f9 venez-vous ?<\/span><\/strong><\/h3>\n\n\n\n<p><\/p>\n\n\n\n<p class=\"has-text-align-justify\"><em>&#8221; <\/em>J\u2019ai 32 ans, je suis journaliste ind\u00e9pendant, correspondant de <a href=\"https:\/\/www.tvlibertes.com\/\" target=\"_blank\" rel=\"noreferrer noopener\">TV Libert\u00e9s<\/a>, fondateur et r\u00e9dacteur en chef du <a href=\"https:\/\/visegradpost.com\/fr\/accueil\/\" target=\"_blank\" rel=\"noreferrer noopener\">Visegr\u00e1d Post<\/a>, site chr\u00e9tien et conservateur cherchant \u00e0 donner aux lecteurs des clefs de compr\u00e9hension de l\u2019Europe centrale. Je suis franco-hongrois, j\u2019ai grandi \u00e0 Paris et vit en Hongrie depuis 2010. J\u2019ai peu ou prou toujours sign\u00e9 mes articles de mon nom de plume, Ferenc Alm\u00e1ssy.<\/p>\n\n\n\n<p class=\"has-text-align-justify\"><em>J\u2019ai eu la chance d\u2019avoir une \u00e9ducation bi-culturelle&nbsp;: j\u2019ai appris \u00e0 lire et \u00e9crire dans mes deux langues, et j\u2019ai aussi bien entendu des contes en fran\u00e7ais qu\u2019en hongrois. Issu de la classe moyenne, je n\u2019ai pas beaucoup voyag\u00e9 \u00e9tant jeune, si ce n\u2019est en Hongrie o\u00f9 je passais la majeure partie de mes \u00e9t\u00e9s, cr\u00e9ant ainsi en moi un lien particulier avec ma \u00ab&nbsp;matrie&nbsp;\u00bb.&#8221;<\/em><\/p>\n\n\n\n<p class=\"has-text-align-justify\"><\/p>\n\n\n\n<h3 class=\"wp-block-heading\"><strong><em><span class=\"has-inline-color has-black-color\">2-: Quel est votre parcours ? Votre jeunesse, vos \u00e9tudes, votre parcours professionnel et personnel.<\/span><\/em><\/strong><\/h3>\n\n\n\n<p><\/p>\n\n\n\n<p class=\"has-text-align-justify\"><em>&#8221; Berc\u00e9 par les histoires de marins et soldats, j\u2019ai voulu arr\u00eater l\u2019\u00e9cole \u00e0 la fin de la primaire pour d\u00e9couvrir le monde. Mais mon calvaire scolaire m\u2019a amen\u00e9 jusqu\u2019\u00e0 un baccalaur\u00e9at scientifique, puis j\u2019ai commenc\u00e9 une facult\u00e9 de math\u00e9matiques. J\u2019ai rapidement satur\u00e9, puis mon parcours a \u00e9t\u00e9 chaotique. Un peu d\u2019histoire \u00e0 la Sorbonne, puis des chantiers, enfin un retour aux math\u00e9matiques pour bifurquer sur la m\u00e9canique th\u00e9orique afin de travailler dans le b\u00e2timent. Mais ce que j\u2019ai d\u00e9couvert ces ann\u00e9es-l\u00e0 sur les grands chantiers parisiens \u2013 corruption, d\u00e9tournement de fonds publics, importation et exploitation de clandestins esclavagis\u00e9s, esquives des protocoles de traitement des d\u00e9chets dangereux, \u2026 &#8211; m\u2019a profond\u00e9ment heurt\u00e9 et m\u2019a pouss\u00e9 \u00e0 abandonner cette fili\u00e8re. D\u00e9boussol\u00e9, sans dipl\u00f4me, j\u2019ai d\u00e9cid\u00e9 de changer radicalement d\u2019air, alors qu\u2019en parall\u00e8le je commen\u00e7ais \u00e0 \u00e9touffer \u00e0 Paris et au contact de la politique fran\u00e7aise. J\u2019ai alors pris mes affaires et je suis parti, \u00e0 22 ans et sans projet, en Hongrie. Ca a \u00e9t\u00e9 la meilleure d\u00e9cision de ma vie.<\/em><\/p>\n\n\n\n<p class=\"has-text-align-justify\"><em>Apr\u00e8s avoir fait les 400 coups et vadrouill\u00e9 un peu, j\u2019ai commenc\u00e9 \u00e0 travailler. Traduction, tourisme, multinationale, j\u2019ai essay\u00e9 pas mal de choses. Mais c\u2019est en 2015 avec l\u2019av\u00e8nement de la \u00ab&nbsp;crise des migrants&nbsp;\u00bb que j\u2019ai trouv\u00e9 ma voie.<\/em><\/p>\n\n\n\n<p class=\"has-text-align-justify\"><em>Contact\u00e9 par TV Libert\u00e9s pour les aider \u00e0 couvrir les \u00e9v\u00e9nements \u2013 ils se doutaient bien que ce que rapportait la presse mainstream \u00e9tait partiel et partial \u2013 j\u2019ai commenc\u00e9 \u00e0 travailler \u00e0 plein temps comme fixeur, reporteur et plus tard, comme journaliste \u00e0 part enti\u00e8re.&#8221;<\/em><\/p>\n\n\n\n<p><\/p>\n\n\n\n<h3 class=\"wp-block-heading\"><strong><span class=\"has-inline-color has-black-color\">3-: Qu&#8217;est-ce qui vous a amen\u00e9 \u00e0 lancer votre projet ? Quelles sont les \u00e9tapes qui vous y ont men\u00e9es ?<\/span><\/strong><\/h3>\n\n\n\n<p><\/p>\n\n\n\n<p class=\"has-text-align-justify\"><em>&#8221; C\u2019est pr\u00e9cis\u00e9ment cet \u00e9t\u00e9 2015 et mon exp\u00e9rience plus intime de la guerre m\u00e9diatique qui m\u2019ont motiv\u00e9 \u00e0 faire plus qu\u2019\u00e9crire des articles et tourner des images. Avec mon coll\u00e8gue Nicolas de Lamberterie, nous avons fait germer l\u2019id\u00e9e d\u2019un m\u00e9dia \u00ab&nbsp;de r\u00e9information&nbsp;\u00bb pour l\u2019Europe centrale. Avec le patronage de TV Libert\u00e9s, ce projet a pu voir le jour en 2016.&#8221;<\/em><\/p>\n\n\n\n<p><\/p>\n\n\n\n<h3 class=\"wp-block-heading\"><strong><span class=\"has-inline-color has-black-color\">4-: Pouvez-vous nous expliquer plus en d\u00e9tail en quoi consiste votre projet ?<\/span><\/strong><\/h3>\n\n\n\n<p><\/p>\n\n\n\n<p class=\"has-text-align-justify\"><em>&#8221; Le VP est un tout-en-ligne qui, en fran\u00e7ais, anglais et allemand, offre gratuitement \u00e0 ses lecteurs des articles exclusifs ou des traductions d\u2019articles et de discours de la r\u00e9gion centreurop\u00e9enne. Ax\u00e9 sur le Groupe de Visegr\u00e1d (V4&nbsp;; structure de coop\u00e9ration ad hoc compos\u00e9e de la Pologne, de la Tch\u00e9quie, de la Slovaquie et de la Hongrie), le site ne couvre pas tant l\u2019actualit\u00e9 \u2013 nous proposons une modeste revue de presse hebdomadaire le dimanche soir \u2013 qu\u2019il n\u2019essaye d\u2019apporter un regard diff\u00e9rent sur la r\u00e9gion, depuis un angle r\u00e9solument chr\u00e9tien et \u00ab&nbsp;conservateur&nbsp;\u00bb, au sens large. L\u2019immense majorit\u00e9 du lectorat ne trouve ailleurs que de la presse lib\u00e9rale, progressiste, engag\u00e9e \u00e0 gauche et hostile aux politiques et aux soci\u00e9t\u00e9s d\u2019Europe centrale. Nous avons voulu, modestement, apporter notre contribution \u00e0 la vaste lutte pour le r\u00e9\u00e9quilibrage des forces.<\/em><\/p>\n\n\n\n<p class=\"has-text-align-justify\"><em>Mais encore une fois, nous ne faisons pas de l\u2019actu. Nos lecteurs trouvent sur le site plut\u00f4t des analyses, des papiers d\u2019opinion et des entretiens&nbsp;: la devise de notre site est \u00ab&nbsp;Comprendre l\u2019Europe centrale&nbsp;\u00bb. C\u2019est notre objectif, permettre \u00e0 nos lecteurs, quel qu\u2019ils soient, de mieux appr\u00e9hender la complexit\u00e9 de la r\u00e9gion la plus dynamique d\u2019Europe.<\/em><\/p>\n\n\n\n<p class=\"has-text-align-justify\"><em>Nous avons une capacit\u00e9 de production assez faible car notre \u00e9quipe est b\u00e9n\u00e9vole. C\u2019est aussi ce qui nous a conduit \u00e0 abandonner les traductions syst\u00e9matiques, pr\u00e9f\u00e9rant publier des articles parfois en une seule langue, et donc pr\u00e9sents exclusivement sur une des versions du site, que de ne rien publier. Il y a donc pour ainsi dire 3 Visegr\u00e1d Post en un. Mais pour diverses raisons \u2013 identit\u00e9 de notre sponsor, constitution de notre \u00e9quipe, lectorat prioritaire \u2013 la partie francophone est de loin la plus d\u00e9velopp\u00e9e et la plus riche.&#8221;<\/em><\/p>\n\n\n\n<p><\/p>\n\n\n\n<h3 class=\"wp-block-heading\"><strong><span class=\"has-inline-color has-black-color\">5-: Depuis combien de temps votre projet est lanc\u00e9, et comment se passe son \u00e9volution?<\/span><\/strong><\/h3>\n\n\n\n<p><\/p>\n\n\n\n<p class=\"has-text-align-justify\"><em>&#8221; Le Visegr\u00e1d Post a connu plusieurs \u00e9tapes, comme beaucoup de m\u00e9dias. Lanc\u00e9 le 31 mars 2016, il a d\u2019abord fonctionn\u00e9 en fran\u00e7ais et anglais, et l\u2019allemand s\u2019est rajout\u00e9 pour les deux ans du site. Au d\u00e9but, nous tentions de couvrir les \u00e9v\u00e9nements d\u2019actualit\u00e9 les plus importants, et traduisions tous nos articles. Puis, au fil du temps, le projet a \u00e9volu\u00e9. \u00c0 partir de 2017, nous nous sommes pos\u00e9 une question&nbsp;: que peut-on apporter \u00e0 nos lecteurs que d\u2019autres ne leur proposent pas&nbsp;? La r\u00e9ponse est venue ais\u00e9ment, il nous fallait abandonner notre tentative de suivre l\u2019actualit\u00e9 chaude \u2013 nous n\u2019avons pas les moyens pour faire cela convenablement et sur le long terme \u2013 et plut\u00f4t accompagner nos lecteurs dans leur suivi et leur \u00e9tude de la r\u00e9gion. Depuis lors, nous continuons sur cette lanc\u00e9e. M\u00e9dia ind\u00e9pendant, nous n\u2019avons de comptes \u00e0 rendre \u00e0 personne.<\/em><\/p>\n\n\n\n<p class=\"has-text-align-justify\"><em>Nous ne cherchons pas \u00e0 faire la propagande de tel parti ou de tel parti, oligarque, ou gouvernement, et nous cherchons \u00e0 b\u00e2tir une plateforme conservatrice reconnue, s\u00e9rieuse, fiable et int\u00e9ressante pour tous ceux int\u00e9ress\u00e9s par la r\u00e9gion, quelque soit leur orientation&nbsp;: nous tentons de repr\u00e9senter mani\u00e8re \u00e9quilibr\u00e9e les diff\u00e9rents points de vue conservateurs de l\u2019Europe centrale, sans soutenir aucune vell\u00e9it\u00e9 d\u2019assujettissement \u00e0 des puissances ext\u00e9rieures \u2013 USA, Russie, Allemagne, Isra\u00ebl, Turquie, Chine&#8230; Le Visegr\u00e1d Post ne cherche pas \u00e0 tromper son public, contrairement \u00e0 nombre de nos confr\u00e8res&nbsp;: nous assumons ouvertement notre orientation politique pour que le lecteur puisse nous lire en connaissance de cause et puisse ainsi se faire son avis librement.<\/em>&#8220;<\/p>\n\n\n\n<p><\/p>\n\n\n\n<h3 class=\"wp-block-heading\"><strong><span class=\"has-inline-color has-black-color\">6-: Quelles sont vos principales sources d&#8217;inspirations, vos influences et vos r\u00e9f\u00e9rences?<\/span><\/strong><\/h3>\n\n\n\n<p><\/p>\n\n\n\n<p class=\"has-text-align-justify\"><em>&#8221; Parmi les m\u00e9dias qui nous ont inspir\u00e9 au d\u00e9part, il faut citer le Monde diplomatique ou encore Courrier international. Les m\u00e9dias dits de la \u00ab&nbsp;r\u00e9infosph\u00e8re&nbsp;\u00bb ont \u00e9galement \u00e9t\u00e9 des mod\u00e8les, notamment pour le fonctionnement concret, les aspects techniques ou encore l\u2019organisation. Mais le Visegr\u00e1d Post, je crois, est un peu unique en son genre et a su se forger sa propre identit\u00e9. J\u2019oserais m\u00eame dire qu\u2019il est sur la voie pour devenir un jour une r\u00e9f\u00e9rence. Mais peut-\u00eatre suis-je mauvais juge, car le projet me tient beaucoup \u00e0 c\u0153ur&nbsp;!<\/em><\/p>\n\n\n\n<p class=\"has-text-align-justify\"><em>Du c\u00f4t\u00e9 des influences politiques ou id\u00e9ologiques, en ce qui me concerne, je dirais que la Doctrine sociale de l\u2019\u00c9glise catholique et la Nouvelle droite sont probablement mes deux piliers moraux et intellectuels. Mais je suis \u00e9galement fortement impr\u00e9gn\u00e9 du patriotisme hongrois, le tout saupoudr\u00e9 d\u2019un peu de traditionnalisme, et de pinc\u00e9es de Bakounine, de Chesterton\u2026 mais n\u2019ayant jamais \u00e9t\u00e9 tr\u00e8s acad\u00e9mique, \u00e9tant autodidacte, je rejette toute \u00e9tiquette et je ne cherche pas \u00e0 mettre le Visegr\u00e1d Post sous une banni\u00e8re plus \u00e9troite que celles du \u00ab&nbsp;conservatisme et du christianisme&nbsp;\u00bb.&#8221;<\/em><\/p>\n\n\n\n<p><\/p>\n\n\n\n<h3 class=\"wp-block-heading\"><strong><span class=\"has-inline-color has-black-color\">7-: Qu&#8217;est-ce que le conservatisme selon vous ? Et pensez-vous qu&#8217;il est important aujourd&#8217;hui ? Si oui pourquoi et si non pourquoi ?<\/span><\/strong><\/h3>\n\n\n\n<p><\/p>\n\n\n\n<p class=\"has-text-align-justify\"><em>&#8221; Enfant d\u00e9j\u00e0, je ne comprenais pas la furie progressiste. S\u2019il me semblait l\u00e9gitime de chercher \u00e0 corriger des choses dysfonctionnelles, il me semblait aussi \u00e9vident qu\u2019il \u00e9tait n\u00e9cessaire de travailler \u00e0 pr\u00e9server un certain h\u00e9ritage, qu\u2019il soit mat\u00e9riel comme immat\u00e9riel, naturel ou artificiel. Je crois qu\u2019on est rapidement t\u00e9moin dans la vie de la fragilit\u00e9 des choses bonnes, de la difficult\u00e9 \u00e0 b\u00e2tir, de l\u2019importance d\u2019un cadre commun qui apporte s\u00e9curit\u00e9, justice et libert\u00e9. Si je devais donc donner une d\u00e9finition du conservatisme, je dirais que c\u2019est l\u2019engagement sur le terrain politique en faveur de la pr\u00e9servation du bien commun. En cela, le conservatisme n\u2019est pas n\u00e9cessairement \u00ab&nbsp;\u00e0 droite&nbsp;\u00bb &#8211; mais s\u2019inscrit dans une philosophie \u00ab&nbsp;de droite&nbsp;\u00bb.<\/em><\/p>\n\n\n\n<p class=\"has-text-align-justify\"><em>Ce qui explique notamment, au fur et \u00e0 mesure que notre monde devient, par la technique, de plus en plus petit et interconnect\u00e9, que des ennemis d\u2019hier, par l\u2019\u00e9volution des structures \u2013 aussi bien physiques (transport, communication) que politiques et \u00e9conomiques \u2013 se retrouvent de plus en plus c\u00f4te \u00e0 c\u00f4te. On le voit dans l\u2019opposition croissante entre mondialistes et localistes, dichotomie de plus en plus pertinente alors que \u00ab&nbsp;gauche&nbsp;\u00bb et \u00ab&nbsp;droite&nbsp;\u00bb se retrouvent d\u00e9chir\u00e9es entre les deux mouvements.<\/em><\/p>\n\n\n\n<p class=\"has-text-align-justify\"><em>La ligne de rupture, celle qui d\u00e9finit le localisme par rupture d\u2019avec la soi-disant marche in\u00e9luctable du Progr\u00e8s qui m\u00e8nerait n\u00e9cessairement vers une gouvernance mondiale et une uniformisation de l\u2019humanit\u00e9, c\u2019est cette volont\u00e9 de s\u2019ancrer dans le local, de vivre \u00e0 \u00e9chelle humaine malgr\u00e9 les moyens techniques r\u00e9volutionnaires et destructeurs des structures humaines traditionnelles. Pour moi, le localisme est la forme la plus vivante de conservatisme aujourd\u2019hui. Elle est notamment capable de r\u00e9int\u00e9grer dans la pens\u00e9e politique l\u2019ancrage au sol, de repenser la protection du vivant, et de nous sortir du culte de Mammon. On pourrait dire qu\u2019\u00eatre conservateur, c\u2019est \u00eatre \u00ab&nbsp;responsabiliste&nbsp;\u00bb, vouloir assurer le maintien de ce qui a prouv\u00e9 \u00eatre une valeur s\u00fbre et qu\u2019on sait fragile plut\u00f4t que de suivre une utopie ou un fantasme destructeurs.&#8221;<\/em><\/p>\n\n\n\n<p><\/p>\n\n\n\n<h3 class=\"wp-block-heading\"><strong><span class=\"has-inline-color has-black-color\">8-: Pouvez-vous nous donner un livre, un film et une musique, qui selon vous vous repr\u00e9sente, ou auquel vous tenez ?<\/span><\/strong><\/h3>\n\n\n\n<p><\/p>\n\n\n\n<p class=\"has-text-align-justify\"><em>&#8221; Je d\u00e9teste les \u00e9tiquettes, et je n\u2019aime pas r\u00e9duire mes vues et mes go\u00fbts \u00e0 une \u0153uvre&nbsp;! \u00c0 titre personnel, j\u2019ai \u00e9t\u00e9 tr\u00e8s marqu\u00e9 par les Pens\u00e9es pour moi-m\u00eame de Marc-Aur\u00e8le, ainsi que par le cin\u00e9ma de Tarkovski. Mais je ne dirais pas que \u00e7a me d\u00e9finit, je ne suis ni un po\u00e8te sovi\u00e9tique ni un asc\u00e8te. Les grands classiques grecs, mais aussi l\u2019\u00e9tude de l\u2019Histoire \u2013 Georges Duby a \u00e9t\u00e9 pour moi la porte d\u2019entr\u00e9e dans cet univers \u2013 sont autant d\u2019\u00e9l\u00e9ments fondamentaux qui structurent ma pens\u00e9e.<\/em><\/p>\n\n\n\n<p class=\"has-text-align-justify\"><em>Pour ce qui est du film, ce serait un cocktail des Duellistes et de Blade Runner de Scott, de Barry Lindon et Kubrick, de Brazil de Gilliam, de Stalker et Solaris de Tarkovski, ou encore d\u2019Insterstellar de Nolan. J\u2019en oublie certainement plein d\u2019autres, mais ceux-l\u00e0 me parlent particuli\u00e8rement.<\/em><\/p>\n\n\n\n<p class=\"has-text-align-justify\"><em>Pour la musique, je pourrais faire un paragraphe complet, j\u2019ai des go\u00fbts assez \u00e9clectiques qui englobent les musiques folkloriques, la musique classique, l\u2019op\u00e9ra, le drum and bass, et j\u2019\u00e9coute beaucoup de musiques de films o\u00f9 de jeux, deux havres o\u00f9 des compositeurs \u2013 Inon Zur, Geoff Knorr<\/em>, <em>Ennio Morriconne, Max Richter, Hans Zimmer, Jeremy Soule, Ramin Djawadi, Howard Shore, \u2026\u2013 peuvent encore cr\u00e9er de superbes \u0153uvres en dehors du cadre de la musique commerciale infecte que bombardent les grandes maisons de disque. Mais pour le coup j\u2019ai une chanson \u00e0 laquelle je m\u2019identifie et qui me prend toujours aux tripes \u00e0 chaque fois que je l\u2019entends, c\u2019est la Qu\u00eate de Jacques Brel.&#8221;<\/em><\/p>\n\n\n\n<p><\/p>\n\n\n\n<h3 class=\"wp-block-heading\"><strong><span class=\"has-inline-color has-black-color\">9-: Que pensez-vous pouvoir apporter \u00e0 quelqu&#8217;un qui vous d\u00e9couvre ?<\/span><\/strong><\/h3>\n\n\n\n<p><\/p>\n\n\n\n<p class=\"has-text-align-justify\"><em>&#8221; J\u2019esp\u00e8re que quelque soit l\u2019orientation politique de la personne, elle trouvera sur le Visegr\u00e1d Post mati\u00e8re \u00e0 r\u00e9flexion, et qu\u2019elle pourra apprendre des choses utiles pour se faire sa propre opinion sur cette partie m\u00e9connue de l\u2019Europe.<\/em><\/p>\n\n\n\n<p class=\"has-text-align-justify\"><em>J\u2019esp\u00e8re, si le lecteur est \u00ab&nbsp;un conservateur&nbsp;\u00bb, lui permettre d\u2019aborder l\u2019Europe centrale avec un \u0153il critique \u2013 mais pas \u00e0 travers la focale lib\u00e9rale. Il ne faut pas fantasmer sur l\u2019Europe centrale, mais chercher \u00e0 comprendre la raison de sa diff\u00e9rence de mentalit\u00e9 et de politique.&#8221;<\/em><\/p>\n\n\n\n<p><\/p>\n\n\n\n<h3 class=\"wp-block-heading\"><strong><span class=\"has-inline-color has-black-color\">10-: Quels sont vos projets \u00e0 l&#8217;avenir ? Dans les prochaines semaines et mois, \u00e0 court terme, mais \u00e9galement votre vision \u00e0 long terme.<\/span><\/strong><\/h3>\n\n\n\n<p><\/p>\n\n\n\n<p class=\"has-text-align-justify\"><em>&#8221; \u00c0 court, \u00e0 moyen et \u00e0 long terme&nbsp;: la survie et le d\u00e9veloppement du site. Ce n\u2019est pas une mince affaire&nbsp;! Ce n\u2019est pas un projet commercial, nous n\u2019avons pas de revenus, et nous sommes un m\u00e9dia gratuit. Nous travaillons actuellement \u00e0 trouver des solutions pour p\u00e9renniser le projet et lui permettre de se d\u00e9velopper pour devenir un v\u00e9ritable m\u00e9dia incontournable sur la sc\u00e8ne des m\u00e9dias politiques internationaux. Mais c\u2019est une longue route. Et pas grand monde n\u2019est int\u00e9ress\u00e9 \u00e0 financer un m\u00e9dia ind\u00e9pendant. J\u2019en profite pour remercier chaleureusement tous les donateurs qui nous soutiennent depuis le d\u00e9but ainsi que le groupe Libert\u00e9s pour son soutien. Nous travaillons d\u2019arrache-pied pour amener le site vers l\u2019\u00e9tape suivante. Cela passera certainement par des partenariats avec des grands m\u00e9dias.<\/em>&#8220;<\/p>\n\n\n\n<p><\/p>\n\n\n\n<h3 class=\"wp-block-heading\"><strong><span class=\"has-inline-color has-black-color\">11-: O\u00f9 peut-on vous suivre ? Sur quel m\u00e9dia ou r\u00e9seau \u00eates-vous le plus actif ?<\/span><\/strong><\/h3>\n\n\n\n<p><\/p>\n\n\n\n<p class=\"has-text-align-justify\">&#8220;<em>Aujourd\u2019hui, la majeure partie de mon travail est invisible, car le site requiert du temps et de l\u2019\u00e9nergie. Il m\u2019arrive toutefois d\u2019\u00e9crire r\u00e9guli\u00e8rement ou occasionnellement, en fran\u00e7ais, dans le <a href=\"https:\/\/leclubdelapresse.fr\/\" target=\"_blank\" rel=\"noreferrer noopener\">Club de la Presse<\/a>, en particulier, et bien entendu j\u2019interviens de temps en temps sur TV Libert\u00e9s. Je n\u2019utilise \u00e0 titre personnel que relativement peu les m\u00e9dias sociaux, mais sur Facebook, je dispose d\u2019une <a href=\"https:\/\/www.facebook.com\/ferencalmassy\" target=\"_blank\" rel=\"noreferrer noopener\">page<\/a> multilingue que j\u2019alimente aussi bien de mes productions que de liens que je trouve int\u00e9ressants ou utiles, et j\u2019y partage mes r\u00e9flexions sur l\u2019actualit\u00e9.<\/em>&#8220;<\/p>\n\n\n\n<p><\/p>\n\n\n\n<h3 class=\"wp-block-heading\"><strong><span class=\"has-inline-color has-black-color\">12-: Un mot pour la fin ?<\/span><\/strong><\/h3>\n\n\n\n<p><\/p>\n\n\n\n<p class=\"has-text-align-justify\"><em>&#8220;Merci pour cet entretien, et longue vie au Conservative Enthousiast&nbsp;! Alors que le monde est boulevers\u00e9 par des changements jamais vus dans tous les domaines, il est particuli\u00e8rement difficile de garder les id\u00e9es au clair tout en baignant dans un oc\u00e9an de lib\u00e9ralisme et de progressisme, le tout \u00e0 la sauce orwello-covidienne, en parall\u00e8le d\u2019une d\u00e9gradation, pour les Fran\u00e7ais, de leur niveau de vie. Il importe pour cela d\u2019avoir quelques points d\u2019ancrage o\u00f9 l\u2019on peut trouver de l\u2019air frais, prendre du recul et le temps de r\u00e9fl\u00e9chir afin de construire une pens\u00e9e \u00e9quilibr\u00e9e, loin des injonctions du monde moderne, tyrannique et omnipr\u00e9sent, nihiliste et corrupteur. Pour la dimension intellectuelle et l\u2019action concr\u00e8te, un certain nombre de m\u00e9dias sont des balises de secours. Vu la faiblesse de nos moyens, la puissance titanesque de ceux que nous affrontons, l\u2019\u00e9tendue des d\u00e9g\u00e2ts et la sid\u00e9ration de notre milieu, la t\u00e2che est immense, et donc chaque havre additionnel est le bienvenu. Le Visegr\u00e1d Post essaye de faire sa part dans ce travail hercul\u00e9en, j\u2019esp\u00e8re que les lecteurs pourront aussi compter sur le Conservative Enthousiast.&#8221;<\/em><\/p>","protected":false},"excerpt":{"rendered":"<p>1- Pr\u00e9sentez-vous : Quel \u00e2ge avez-vous ? Sous quel nom ou pseudo vous faites vous conna\u00eetre ? D&#8217;o\u00f9 venez-vous ? [&hellip;]<\/p>","protected":false},"author":1,"featured_media":2092,"comment_status":"open","ping_status":"open","sticky":false,"template":"","format":"standard","meta":{"_et_pb_use_builder":"off","_et_pb_old_content":"","_et_gb_content_width":"","_exactmetrics_skip_tracking":false,"_exactmetrics_sitenote_active":false,"_exactmetrics_sitenote_note":"","_exactmetrics_sitenote_category":0,"footnotes":""},"categories":[21,28],"tags":[22,29],"yoast_head":"<!-- This site is optimized with the Yoast SEO plugin v22.3 - https:\/\/yoast.com\/wordpress\/plugins\/seo\/ -->\n<title>Interview TCE #5 - Ferenc Alm\u00e1ssy - The Conservative Enthusiast<\/title>\n<meta name=\"description\" content=\"\u27bd Interview de Ferenc Almassy sur TCE : La plateforme d&#039;actualit\u00e9, de r\u00e9information, de partage et d&#039;apprentissage des conservateurs.\" \/>\n<meta name=\"robots\" content=\"index, follow, max-snippet:-1, max-image-preview:large, max-video-preview:-1\" \/>\n<link rel=\"canonical\" href=\"https:\/\/conservativenthusiast.com\/en\/interview-tce-5-ferenc-almassy\/\" \/>\n<meta property=\"og:locale\" content=\"en_GB\" \/>\n<meta property=\"og:type\" content=\"article\" \/>\n<meta property=\"og:title\" content=\"Interview TCE #5 - Ferenc Alm\u00e1ssy - The Conservative Enthusiast\" \/>\n<meta property=\"og:description\" content=\"\u27bd Interview de Ferenc Almassy sur TCE : La plateforme d&#039;actualit\u00e9, de r\u00e9information, de partage et d&#039;apprentissage des conservateurs.\" \/>\n<meta property=\"og:url\" content=\"https:\/\/conservativenthusiast.com\/en\/interview-tce-5-ferenc-almassy\/\" \/>\n<meta property=\"og:site_name\" content=\"The Conservative Enthusiast\" \/>\n<meta property=\"article:published_time\" content=\"2020-10-24T10:00:00+00:00\" \/>\n<meta property=\"article:modified_time\" content=\"2020-10-24T11:20:16+00:00\" \/>\n<meta property=\"og:image\" content=\"https:\/\/conservativenthusiast.com\/wp-content\/uploads\/2020\/10\/ferenc-iliade-hongire.jpg\" \/>\n\t<meta property=\"og:image:width\" content=\"800\" \/>\n\t<meta property=\"og:image:height\" content=\"450\" \/>\n\t<meta property=\"og:image:type\" content=\"image\/jpeg\" \/>\n<meta name=\"author\" content=\"Alexis.L\" \/>\n<meta name=\"twitter:card\" content=\"summary_large_image\" \/>\n<meta name=\"twitter:label1\" content=\"Written by\" \/>\n\t<meta name=\"twitter:data1\" content=\"Alexis.L\" \/>\n\t<meta name=\"twitter:label2\" content=\"Estimated reading time\" \/>\n\t<meta name=\"twitter:data2\" content=\"14 minutes\" \/>\n<script type=\"application\/ld+json\" class=\"yoast-schema-graph\">{\"@context\":\"https:\/\/schema.org\",\"@graph\":[{\"@type\":\"Article\",\"@id\":\"https:\/\/conservativenthusiast.com\/interview-tce-5-ferenc-almassy\/#article\",\"isPartOf\":{\"@id\":\"https:\/\/conservativenthusiast.com\/interview-tce-5-ferenc-almassy\/\"},\"author\":{\"name\":\"Alexis.L\",\"@id\":\"https:\/\/conservativenthusiast.com\/#\/schema\/person\/3edd83a60aed483f95ebc876aeac7feb\"},\"headline\":\"Interview TCE #5 &#8211; Ferenc Alm\u00e1ssy\",\"datePublished\":\"2020-10-24T10:00:00+00:00\",\"dateModified\":\"2020-10-24T11:20:16+00:00\",\"mainEntityOfPage\":{\"@id\":\"https:\/\/conservativenthusiast.com\/interview-tce-5-ferenc-almassy\/\"},\"wordCount\":2725,\"commentCount\":1,\"publisher\":{\"@id\":\"https:\/\/conservativenthusiast.com\/#organization\"},\"image\":{\"@id\":\"https:\/\/conservativenthusiast.com\/interview-tce-5-ferenc-almassy\/#primaryimage\"},\"thumbnailUrl\":\"https:\/\/conservativenthusiast.com\/wp-content\/uploads\/2020\/10\/ferenc-iliade-hongire.jpg\",\"keywords\":[\"Interview\",\"Politique\"],\"articleSection\":[\"Interviews\",\"Politique\"],\"inLanguage\":\"en-GB\",\"potentialAction\":[{\"@type\":\"CommentAction\",\"name\":\"Comment\",\"target\":[\"https:\/\/conservativenthusiast.com\/interview-tce-5-ferenc-almassy\/#respond\"]}]},{\"@type\":\"WebPage\",\"@id\":\"https:\/\/conservativenthusiast.com\/interview-tce-5-ferenc-almassy\/\",\"url\":\"https:\/\/conservativenthusiast.com\/interview-tce-5-ferenc-almassy\/\",\"name\":\"Interview TCE #5 - Ferenc Alm\u00e1ssy - The Conservative Enthusiast\",\"isPartOf\":{\"@id\":\"https:\/\/conservativenthusiast.com\/#website\"},\"primaryImageOfPage\":{\"@id\":\"https:\/\/conservativenthusiast.com\/interview-tce-5-ferenc-almassy\/#primaryimage\"},\"image\":{\"@id\":\"https:\/\/conservativenthusiast.com\/interview-tce-5-ferenc-almassy\/#primaryimage\"},\"thumbnailUrl\":\"https:\/\/conservativenthusiast.com\/wp-content\/uploads\/2020\/10\/ferenc-iliade-hongire.jpg\",\"datePublished\":\"2020-10-24T10:00:00+00:00\",\"dateModified\":\"2020-10-24T11:20:16+00:00\",\"description\":\"\u27bd Interview de Ferenc Almassy sur TCE : La plateforme d'actualit\u00e9, de r\u00e9information, de partage et d'apprentissage des conservateurs.\",\"breadcrumb\":{\"@id\":\"https:\/\/conservativenthusiast.com\/interview-tce-5-ferenc-almassy\/#breadcrumb\"},\"inLanguage\":\"en-GB\",\"potentialAction\":[{\"@type\":\"ReadAction\",\"target\":[\"https:\/\/conservativenthusiast.com\/interview-tce-5-ferenc-almassy\/\"]}]},{\"@type\":\"ImageObject\",\"inLanguage\":\"en-GB\",\"@id\":\"https:\/\/conservativenthusiast.com\/interview-tce-5-ferenc-almassy\/#primaryimage\",\"url\":\"https:\/\/conservativenthusiast.com\/wp-content\/uploads\/2020\/10\/ferenc-iliade-hongire.jpg\",\"contentUrl\":\"https:\/\/conservativenthusiast.com\/wp-content\/uploads\/2020\/10\/ferenc-iliade-hongire.jpg\",\"width\":800,\"height\":450,\"caption\":\"Ferenc Almassy Interview TCE\"},{\"@type\":\"BreadcrumbList\",\"@id\":\"https:\/\/conservativenthusiast.com\/interview-tce-5-ferenc-almassy\/#breadcrumb\",\"itemListElement\":[{\"@type\":\"ListItem\",\"position\":1,\"name\":\"Accueil\",\"item\":\"https:\/\/conservativenthusiast.com\/\"},{\"@type\":\"ListItem\",\"position\":2,\"name\":\"Interview TCE #5 &#8211; Ferenc Alm\u00e1ssy\"}]},{\"@type\":\"WebSite\",\"@id\":\"https:\/\/conservativenthusiast.com\/#website\",\"url\":\"https:\/\/conservativenthusiast.com\/\",\"name\":\"The Conservative Enthusiast\",\"description\":\"La plateforme de r\u00e9information, de partage et d&#039;apprentissage des conservateurs.\",\"publisher\":{\"@id\":\"https:\/\/conservativenthusiast.com\/#organization\"},\"potentialAction\":[{\"@type\":\"SearchAction\",\"target\":{\"@type\":\"EntryPoint\",\"urlTemplate\":\"https:\/\/conservativenthusiast.com\/?s={search_term_string}\"},\"query-input\":\"required name=search_term_string\"}],\"inLanguage\":\"en-GB\"},{\"@type\":\"Organization\",\"@id\":\"https:\/\/conservativenthusiast.com\/#organization\",\"name\":\"The Conservative Enthusiast\",\"url\":\"https:\/\/conservativenthusiast.com\/\",\"logo\":{\"@type\":\"ImageObject\",\"inLanguage\":\"en-GB\",\"@id\":\"https:\/\/conservativenthusiast.com\/#\/schema\/logo\/image\/\",\"url\":\"https:\/\/i0.wp.com\/conservativeenthusiast.com\/wp-content\/uploads\/2020\/06\/LOGO-CE-MINI.png?fit=3867%2C1180&ssl=1\",\"contentUrl\":\"https:\/\/i0.wp.com\/conservativeenthusiast.com\/wp-content\/uploads\/2020\/06\/LOGO-CE-MINI.png?fit=3867%2C1180&ssl=1\",\"width\":3867,\"height\":1180,\"caption\":\"The Conservative Enthusiast\"},\"image\":{\"@id\":\"https:\/\/conservativenthusiast.com\/#\/schema\/logo\/image\/\"}},{\"@type\":\"Person\",\"@id\":\"https:\/\/conservativenthusiast.com\/#\/schema\/person\/3edd83a60aed483f95ebc876aeac7feb\",\"name\":\"Alexis.L\",\"image\":{\"@type\":\"ImageObject\",\"inLanguage\":\"en-GB\",\"@id\":\"https:\/\/conservativenthusiast.com\/#\/schema\/person\/image\/\",\"url\":\"https:\/\/secure.gravatar.com\/avatar\/e276145ad3a64170e9c68564bb9e4280?s=96&d=mm&r=g\",\"contentUrl\":\"https:\/\/secure.gravatar.com\/avatar\/e276145ad3a64170e9c68564bb9e4280?s=96&d=mm&r=g\",\"caption\":\"Alexis.L\"},\"description\":\"Si vous appr\u00e9ciez les articles de ce r\u00e9dacteur et que vous souhaitez en d\u00e9couvrir davantage sur lui ou ses \u00e9crits, vous pouvez consulter tous ses articles en cliquant sur son pseudo ou en apprendre plus sur notre page \\\"Notre \u00e9quipe\\\". Vous pouvez \u00e9galement le suivre sur ses diff\u00e9rents r\u00e9seaux sociaux ci-dessous.\",\"url\":\"https:\/\/conservativenthusiast.com\/en\/author\/admin6171\/\"}]}<\/script>\n<!-- \/ Yoast SEO plugin. -->","yoast_head_json":{"title":"Interview TCE #5 - Ferenc Alm\u00e1ssy - The Conservative Enthusiast","description":"\u27bd Interview de Ferenc Almassy sur TCE : La plateforme d'actualit\u00e9, de r\u00e9information, de partage et d'apprentissage des conservateurs.","robots":{"index":"index","follow":"follow","max-snippet":"max-snippet:-1","max-image-preview":"max-image-preview:large","max-video-preview":"max-video-preview:-1"},"canonical":"https:\/\/conservativenthusiast.com\/en\/interview-tce-5-ferenc-almassy\/","og_locale":"en_GB","og_type":"article","og_title":"Interview TCE #5 - Ferenc Alm\u00e1ssy - The Conservative Enthusiast","og_description":"\u27bd Interview de Ferenc Almassy sur TCE : La plateforme d'actualit\u00e9, de r\u00e9information, de partage et d'apprentissage des conservateurs.","og_url":"https:\/\/conservativenthusiast.com\/en\/interview-tce-5-ferenc-almassy\/","og_site_name":"The Conservative Enthusiast","article_published_time":"2020-10-24T10:00:00+00:00","article_modified_time":"2020-10-24T11:20:16+00:00","og_image":[{"width":800,"height":450,"url":"https:\/\/conservativenthusiast.com\/wp-content\/uploads\/2020\/10\/ferenc-iliade-hongire.jpg","type":"image\/jpeg"}],"author":"Alexis.L","twitter_card":"summary_large_image","twitter_misc":{"Written by":"Alexis.L","Estimated reading time":"14 minutes"},"schema":{"@context":"https:\/\/schema.org","@graph":[{"@type":"Article","@id":"https:\/\/conservativenthusiast.com\/interview-tce-5-ferenc-almassy\/#article","isPartOf":{"@id":"https:\/\/conservativenthusiast.com\/interview-tce-5-ferenc-almassy\/"},"author":{"name":"Alexis.L","@id":"https:\/\/conservativenthusiast.com\/#\/schema\/person\/3edd83a60aed483f95ebc876aeac7feb"},"headline":"Interview TCE #5 &#8211; Ferenc Alm\u00e1ssy","datePublished":"2020-10-24T10:00:00+00:00","dateModified":"2020-10-24T11:20:16+00:00","mainEntityOfPage":{"@id":"https:\/\/conservativenthusiast.com\/interview-tce-5-ferenc-almassy\/"},"wordCount":2725,"commentCount":1,"publisher":{"@id":"https:\/\/conservativenthusiast.com\/#organization"},"image":{"@id":"https:\/\/conservativenthusiast.com\/interview-tce-5-ferenc-almassy\/#primaryimage"},"thumbnailUrl":"https:\/\/conservativenthusiast.com\/wp-content\/uploads\/2020\/10\/ferenc-iliade-hongire.jpg","keywords":["Interview","Politique"],"articleSection":["Interviews","Politique"],"inLanguage":"en-GB","potentialAction":[{"@type":"CommentAction","name":"Comment","target":["https:\/\/conservativenthusiast.com\/interview-tce-5-ferenc-almassy\/#respond"]}]},{"@type":"WebPage","@id":"https:\/\/conservativenthusiast.com\/interview-tce-5-ferenc-almassy\/","url":"https:\/\/conservativenthusiast.com\/interview-tce-5-ferenc-almassy\/","name":"Interview TCE #5 - Ferenc Alm\u00e1ssy - The Conservative Enthusiast","isPartOf":{"@id":"https:\/\/conservativenthusiast.com\/#website"},"primaryImageOfPage":{"@id":"https:\/\/conservativenthusiast.com\/interview-tce-5-ferenc-almassy\/#primaryimage"},"image":{"@id":"https:\/\/conservativenthusiast.com\/interview-tce-5-ferenc-almassy\/#primaryimage"},"thumbnailUrl":"https:\/\/conservativenthusiast.com\/wp-content\/uploads\/2020\/10\/ferenc-iliade-hongire.jpg","datePublished":"2020-10-24T10:00:00+00:00","dateModified":"2020-10-24T11:20:16+00:00","description":"\u27bd Interview de Ferenc Almassy sur TCE : La plateforme d'actualit\u00e9, de r\u00e9information, de partage et d'apprentissage des conservateurs.","breadcrumb":{"@id":"https:\/\/conservativenthusiast.com\/interview-tce-5-ferenc-almassy\/#breadcrumb"},"inLanguage":"en-GB","potentialAction":[{"@type":"ReadAction","target":["https:\/\/conservativenthusiast.com\/interview-tce-5-ferenc-almassy\/"]}]},{"@type":"ImageObject","inLanguage":"en-GB","@id":"https:\/\/conservativenthusiast.com\/interview-tce-5-ferenc-almassy\/#primaryimage","url":"https:\/\/conservativenthusiast.com\/wp-content\/uploads\/2020\/10\/ferenc-iliade-hongire.jpg","contentUrl":"https:\/\/conservativenthusiast.com\/wp-content\/uploads\/2020\/10\/ferenc-iliade-hongire.jpg","width":800,"height":450,"caption":"Ferenc Almassy Interview TCE"},{"@type":"BreadcrumbList","@id":"https:\/\/conservativenthusiast.com\/interview-tce-5-ferenc-almassy\/#breadcrumb","itemListElement":[{"@type":"ListItem","position":1,"name":"Accueil","item":"https:\/\/conservativenthusiast.com\/"},{"@type":"ListItem","position":2,"name":"Interview TCE #5 &#8211; Ferenc Alm\u00e1ssy"}]},{"@type":"WebSite","@id":"https:\/\/conservativenthusiast.com\/#website","url":"https:\/\/conservativenthusiast.com\/","name":"The Conservative Enthusiast","description":"La plateforme de r\u00e9information, de partage et d&#039;apprentissage des conservateurs.","publisher":{"@id":"https:\/\/conservativenthusiast.com\/#organization"},"potentialAction":[{"@type":"SearchAction","target":{"@type":"EntryPoint","urlTemplate":"https:\/\/conservativenthusiast.com\/?s={search_term_string}"},"query-input":"required name=search_term_string"}],"inLanguage":"en-GB"},{"@type":"Organization","@id":"https:\/\/conservativenthusiast.com\/#organization","name":"The Conservative Enthusiast","url":"https:\/\/conservativenthusiast.com\/","logo":{"@type":"ImageObject","inLanguage":"en-GB","@id":"https:\/\/conservativenthusiast.com\/#\/schema\/logo\/image\/","url":"https:\/\/i0.wp.com\/conservativeenthusiast.com\/wp-content\/uploads\/2020\/06\/LOGO-CE-MINI.png?fit=3867%2C1180&ssl=1","contentUrl":"https:\/\/i0.wp.com\/conservativeenthusiast.com\/wp-content\/uploads\/2020\/06\/LOGO-CE-MINI.png?fit=3867%2C1180&ssl=1","width":3867,"height":1180,"caption":"The Conservative Enthusiast"},"image":{"@id":"https:\/\/conservativenthusiast.com\/#\/schema\/logo\/image\/"}},{"@type":"Person","@id":"https:\/\/conservativenthusiast.com\/#\/schema\/person\/3edd83a60aed483f95ebc876aeac7feb","name":"Alexis.L","image":{"@type":"ImageObject","inLanguage":"en-GB","@id":"https:\/\/conservativenthusiast.com\/#\/schema\/person\/image\/","url":"https:\/\/secure.gravatar.com\/avatar\/e276145ad3a64170e9c68564bb9e4280?s=96&d=mm&r=g","contentUrl":"https:\/\/secure.gravatar.com\/avatar\/e276145ad3a64170e9c68564bb9e4280?s=96&d=mm&r=g","caption":"Alexis.L"},"description":"Si vous appr\u00e9ciez les articles de ce r\u00e9dacteur et que vous souhaitez en d\u00e9couvrir davantage sur lui ou ses \u00e9crits, vous pouvez consulter tous ses articles en cliquant sur son pseudo ou en apprendre plus sur notre page \"Notre \u00e9quipe\". Vous pouvez \u00e9galement le suivre sur ses diff\u00e9rents r\u00e9seaux sociaux ci-dessous.","url":"https:\/\/conservativenthusiast.com\/en\/author\/admin6171\/"}]}},"_links":{"self":[{"href":"https:\/\/conservativenthusiast.com\/en\/wp-json\/wp\/v2\/posts\/2079"}],"collection":[{"href":"https:\/\/conservativenthusiast.com\/en\/wp-json\/wp\/v2\/posts"}],"about":[{"href":"https:\/\/conservativenthusiast.com\/en\/wp-json\/wp\/v2\/types\/post"}],"author":[{"embeddable":true,"href":"https:\/\/conservativenthusiast.com\/en\/wp-json\/wp\/v2\/users\/1"}],"replies":[{"embeddable":true,"href":"https:\/\/conservativenthusiast.com\/en\/wp-json\/wp\/v2\/comments?post=2079"}],"version-history":[{"count":17,"href":"https:\/\/conservativenthusiast.com\/en\/wp-json\/wp\/v2\/posts\/2079\/revisions"}],"predecessor-version":[{"id":2110,"href":"https:\/\/conservativenthusiast.com\/en\/wp-json\/wp\/v2\/posts\/2079\/revisions\/2110"}],"wp:featuredmedia":[{"embeddable":true,"href":"https:\/\/conservativenthusiast.com\/en\/wp-json\/wp\/v2\/media\/2092"}],"wp:attachment":[{"href":"https:\/\/conservativenthusiast.com\/en\/wp-json\/wp\/v2\/media?parent=2079"}],"wp:term":[{"taxonomy":"category","embeddable":true,"href":"https:\/\/conservativenthusiast.com\/en\/wp-json\/wp\/v2\/categories?post=2079"},{"taxonomy":"post_tag","embeddable":true,"href":"https:\/\/conservativenthusiast.com\/en\/wp-json\/wp\/v2\/tags?post=2079"}],"curies":[{"name":"wp","href":"https:\/\/api.w.org\/{rel}","templated":true}]}}