{"id":2057,"date":"2020-10-23T17:21:13","date_gmt":"2020-10-23T15:21:13","guid":{"rendered":"https:\/\/conservativeenthusiast.com\/?p=2057"},"modified":"2020-10-23T17:25:34","modified_gmt":"2020-10-23T15:25:34","slug":"lectures-europeennes-1-albanie","status":"publish","type":"post","link":"https:\/\/conservativenthusiast.com\/en\/lectures-europeennes-1-albanie\/","title":{"rendered":"Lectures Europ\u00e9ennes #1 : Albanie"},"content":{"rendered":"<p class=\"has-text-align-justify\">Bienvenue sur cette nouvelle s\u00e9rie d&#8217;article qui ajoute une rubrique toute in\u00e9dite \u00e0 notre cat\u00e9gorie Litt\u00e9rature et qui se nomme &#8220;Lectures Europ\u00e9ennes&#8221;. <\/p>\n\n\n\n<p class=\"has-text-align-justify\">Cette nouvelle rubrique, qui nous est propos\u00e9 par <a href=\"https:\/\/www.instagram.com\/booky_mary\/\" target=\"_blank\" rel=\"noreferrer noopener\">Booky Mary<\/a>, consistera \u00e0 nous faire voyager et visiter tous les pays d&#8217;Europe \u00e0 travers un livre embl\u00e9matique pour chaque pays. Si cette rubrique vous pla\u00eet et que vous souhaiter d\u00e9couvrir tous les autres pays, sachez que les <a href=\"https:\/\/conservativenthusiast.com\/en\/category\/litterature\/lectures-europeennes\/\" target=\"_blank\" rel=\"noreferrer noopener\">Lectures Europ\u00e9ennes<\/a> sont publi\u00e9es un vendredi sur deux. Vous pouvez retrouver la rubrique \u00e0 tout moment sur notre page <a href=\"https:\/\/conservativenthusiast.com\/en\/litterature\/\" target=\"_blank\" rel=\"noreferrer noopener\">Literature<\/a>.<\/p>\n\n\n\n<p>Vous pouvez \u00e9galement d\u00e9couvrir Booky Mary et soutenir son travail en d\u00e9couvrant son <a href=\"https:\/\/www.instagram.com\/booky_mary\/\" target=\"_blank\" rel=\"noreferrer noopener\">compte Instagram<\/a>.<\/p>\n\n\n\n<p>Notre premier num\u00e9ro se porte sur l&#8217;<a href=\"https:\/\/fr.wikipedia.org\/wiki\/Albanie\" target=\"_blank\" rel=\"noreferrer noopener\">Albanie<\/a> et nous vous laissons donc avec notre sp\u00e9cialiste en litt\u00e9rature pour ce voyage \u00e0 travers l&#8217;Europe :<\/p>\n\n\n\n<p class=\"has-text-align-justify\"><em><span class=\"has-inline-color has-black-color\">&#8221; Pour le premier ouvrage des&nbsp;<a href=\"https:\/\/www.instagram.com\/explore\/tags\/lectureseurope%CC%81ennes\/\" target=\"_blank\" rel=\"noreferrer noopener\">#LecturesEurop\u00e9ennes<\/a>, nous poserons nos bagages en&nbsp;<a href=\"https:\/\/www.instagram.com\/explore\/tags\/albanie\/\" target=\"_blank\" rel=\"noreferrer noopener\">#Albanie<\/a>, signifiant litt\u00e9ralement le \u00ab&nbsp;pays des aigles&nbsp;\u00bb, il s\u2019agit d\u2019une r\u00e9publique se situant dans l\u2019ouest de la p\u00e9ninsule des&nbsp;<a href=\"https:\/\/www.instagram.com\/explore\/tags\/balkans\/\" target=\"_blank\" rel=\"noreferrer noopener\">#Balkans<\/a>. <\/span><\/em><\/p>\n\n\n\n<p class=\"has-text-align-justify\"><em><span class=\"has-inline-color has-black-color\">La&nbsp;<a href=\"https:\/\/www.instagram.com\/explore\/tags\/litte%CC%81raturealbanaise\/\" target=\"_blank\" rel=\"noreferrer noopener\">#litt\u00e9ratureAlbanaise<\/a>&nbsp;conna\u00eet un tournant important gr\u00e2ce \u00e0 l\u2019auteur dont nous allons parler aujourd\u2019hui puisqu\u2019il se battra pour promouvoir l\u2019Albanais comme langue de l\u2019ind\u00e9pendance de son pays face \u00e0 son morcellement et aux offensives Ottomanes.<\/span><\/em><\/p>\n\n\n\n<p class=\"has-text-align-justify\"><em><span class=\"has-inline-color has-black-color\">C\u2019est avec son chef-d\u2019oeuvre,&nbsp;<a href=\"https:\/\/www.instagram.com\/explore\/tags\/leluthdesmontagnes\/\" target=\"_blank\" rel=\"noreferrer noopener\">#LeLuthdesMontagnes<\/a>, que le po\u00e8te&nbsp;<a href=\"https:\/\/www.instagram.com\/explore\/tags\/gjergjfishta\/\" target=\"_blank\" rel=\"noreferrer noopener\">#GjergjFishta<\/a>&nbsp;(1871-1940), pr\u00eatre franciscain attach\u00e9 \u00e0 la souverainet\u00e9 et \u00e0 l\u2019\u00e2me profonde de son pays, retrace la fresque \u00e9pique du peuple Albanais au XIXe si\u00e8cle.<\/span><\/em><\/p>\n\n\n\n<p class=\"has-text-align-justify\"><em><span class=\"has-inline-color has-black-color\">Sous la forme de chants, le po\u00e8te nous fait d\u00e9couvrir l\u2019enracinement de tout un peuple qui a su pr\u00e9server une langue propre, une foi in\u00e9branlable et une conscience nationale face aux tentatives d\u2019invasions que le pays conna\u00eet alors.<\/span><\/em><\/p>\n\n\n\n<p class=\"has-text-align-justify\"><em><span class=\"has-inline-color has-black-color\">Des chants \u00e9piques empreints de courage et de dignit\u00e9 qui vous feront d\u00e9couvrir, gr\u00e2ce \u00e0 une langue fougueuse et ma\u00eetris\u00e9e, le destin d\u2019un peuple qui lutte, qui r\u00e9siste et qui prot\u00e8ge ses traditions.<\/span><\/em><\/p>\n\n\n\n<p class=\"has-text-align-justify\"><em><span class=\"has-inline-color has-black-color\">L\u2019introduction de ce livre est particuli\u00e8rement bien faite et utile car elle remet tr\u00e8s bien l\u2019oeuvre dans son contexte et dans la vie de son auteur, j\u2019ai cependant d\u00fb faire quelques petites recherches sur l\u2019Albanie pour cette lecture mais cette \u00e9pop\u00e9e est parfaitement lisible pour un n\u00e9ophyte gr\u00e2ce notamment \u00e0 cette tr\u00e8s bonne introduction.<\/span><\/em><\/p>\n\n\n\n<p class=\"has-text-align-justify\"><em><span class=\"has-inline-color has-black-color\">Les blessures inflig\u00e9es \u00e0 l\u2019Albanie d\u2019abord par l\u2019Empire Ottoman puis par le communisme ont profond\u00e9ment chang\u00e9es ce pays, \u00e0 qui Gjergj Fishta restitue \u00e0 travers cet ouvrage un souffle de libert\u00e9 et une volont\u00e9 d\u2019ind\u00e9pendance gr\u00e2ce \u00e0 ce grand po\u00e8me \u00e9pique, une \u00e9pop\u00e9e toujours aussi poignante m\u00eame plus d\u2019un si\u00e8cle apr\u00e8s.&nbsp;<a href=\"https:\/\/www.instagram.com\/explore\/tags\/litte%CC%81ratureeurope%CC%81enne\/\" target=\"_blank\" rel=\"noreferrer noopener\">#litt\u00e9ratureeurop\u00e9enne<\/a>&nbsp;<a href=\"https:\/\/www.instagram.com\/explore\/tags\/europe\/\" target=\"_blank\" rel=\"noreferrer noopener\">#Europe<\/a><a href=\"https:\/\/www.instagram.com\/editions.harmattan\/\" target=\"_blank\" rel=\"noreferrer noopener\">@editions.harmattan<\/a>.<\/span><\/em>&#8220;<\/p>\n\n\n\n<p class=\"has-text-align-justify\"><\/p>\n\n\n\n<h2 class=\"wp-block-heading\"><strong><span class=\"has-inline-color has-black-color\">To go further:<\/span><\/strong><\/h2>\n\n\n\n<p><\/p>\n\n\n\n<p>Notre objectif chez TCE est bien s\u00fbr de vous pousser \u00e0 visiter nos recommandations et vous inviter \u00e0 renouer avec l\u2019h\u00e9ritage Fran\u00e7ais et Europ\u00e9en. Nous avons pleine conscience que c\u2019est en connaissant ses racines et son identit\u00e9, que l\u2019on est plus \u00e0 m\u00eame de s\u2019\u00e9panouir, se d\u00e9fendre et prosp\u00e9rer.<\/p>\n\n\n\n<p>Nous vous invitons chaleureusement \u00e0 participer pleinement \u00e0 la communaut\u00e9 en utilisant sur les r\u00e9seaux sociaux le&nbsp;<strong>hashtag #TCE<\/strong><\/p>","protected":false},"excerpt":{"rendered":"<p>Bienvenue sur cette nouvelle s\u00e9rie d&#8217;article qui ajoute une rubrique toute in\u00e9dite \u00e0 notre cat\u00e9gorie Litt\u00e9rature et qui se nomme [&hellip;]<\/p>","protected":false},"author":5,"featured_media":2071,"comment_status":"open","ping_status":"open","sticky":false,"template":"","format":"standard","meta":{"_et_pb_use_builder":"off","_et_pb_old_content":"","_et_gb_content_width":"","_exactmetrics_skip_tracking":false,"_exactmetrics_sitenote_active":false,"_exactmetrics_sitenote_note":"","_exactmetrics_sitenote_category":0,"footnotes":""},"categories":[50],"tags":[52,51,48],"yoast_head":"<!-- This site is optimized with the Yoast SEO plugin v22.3 - https:\/\/yoast.com\/wordpress\/plugins\/seo\/ -->\n<title>Lectures Europ\u00e9ennes #1 : Albanie - The Conservative Enthusiast<\/title>\n<meta name=\"description\" content=\"\u27bd D\u00e9couvrez l&#039;Europe gr\u00e2ce aux Lectures Europ\u00e9ennes sur TCE : la plateforme d&#039;actualit\u00e9, de partage et d&#039;apprentissage des conservateurs.\" \/>\n<meta name=\"robots\" content=\"index, follow, max-snippet:-1, max-image-preview:large, max-video-preview:-1\" \/>\n<link rel=\"canonical\" href=\"https:\/\/conservativenthusiast.com\/en\/lectures-europeennes-1-albanie\/\" \/>\n<meta property=\"og:locale\" content=\"en_GB\" \/>\n<meta property=\"og:type\" content=\"article\" \/>\n<meta property=\"og:title\" content=\"Lectures Europ\u00e9ennes #1 : Albanie - The Conservative Enthusiast\" \/>\n<meta property=\"og:description\" content=\"\u27bd D\u00e9couvrez l&#039;Europe gr\u00e2ce aux Lectures Europ\u00e9ennes sur TCE : la plateforme d&#039;actualit\u00e9, de partage et d&#039;apprentissage des conservateurs.\" \/>\n<meta property=\"og:url\" content=\"https:\/\/conservativenthusiast.com\/en\/lectures-europeennes-1-albanie\/\" \/>\n<meta property=\"og:site_name\" content=\"The Conservative Enthusiast\" \/>\n<meta property=\"article:published_time\" content=\"2020-10-23T15:21:13+00:00\" \/>\n<meta property=\"article:modified_time\" content=\"2020-10-23T15:25:34+00:00\" \/>\n<meta property=\"og:image\" content=\"https:\/\/conservativenthusiast.com\/wp-content\/uploads\/2020\/10\/Albanie.jpeg\" \/>\n\t<meta property=\"og:image:width\" content=\"960\" \/>\n\t<meta property=\"og:image:height\" content=\"960\" \/>\n\t<meta property=\"og:image:type\" content=\"image\/jpeg\" \/>\n<meta name=\"author\" content=\"Booky Mary\" \/>\n<meta name=\"twitter:card\" content=\"summary_large_image\" \/>\n<meta name=\"twitter:label1\" content=\"Written by\" \/>\n\t<meta name=\"twitter:data1\" content=\"Booky Mary\" \/>\n\t<meta name=\"twitter:label2\" content=\"Estimated reading time\" \/>\n\t<meta name=\"twitter:data2\" content=\"3 minutes\" \/>\n<script type=\"application\/ld+json\" class=\"yoast-schema-graph\">{\"@context\":\"https:\/\/schema.org\",\"@graph\":[{\"@type\":\"Article\",\"@id\":\"https:\/\/conservativenthusiast.com\/lectures-europeennes-1-albanie\/#article\",\"isPartOf\":{\"@id\":\"https:\/\/conservativenthusiast.com\/lectures-europeennes-1-albanie\/\"},\"author\":{\"name\":\"Booky Mary\",\"@id\":\"https:\/\/conservativenthusiast.com\/#\/schema\/person\/7567721d6caaf0ef1ebb957cdd7c1ae9\"},\"headline\":\"Lectures Europ\u00e9ennes #1 : Albanie\",\"datePublished\":\"2020-10-23T15:21:13+00:00\",\"dateModified\":\"2020-10-23T15:25:34+00:00\",\"mainEntityOfPage\":{\"@id\":\"https:\/\/conservativenthusiast.com\/lectures-europeennes-1-albanie\/\"},\"wordCount\":570,\"commentCount\":2,\"publisher\":{\"@id\":\"https:\/\/conservativenthusiast.com\/#organization\"},\"image\":{\"@id\":\"https:\/\/conservativenthusiast.com\/lectures-europeennes-1-albanie\/#primaryimage\"},\"thumbnailUrl\":\"https:\/\/conservativenthusiast.com\/wp-content\/uploads\/2020\/10\/Albanie.jpeg\",\"keywords\":[\"Albanie\",\"Lectures Europ\u00e9ennes\",\"Litt\u00e9rature\"],\"articleSection\":[\"Lectures Europ\u00e9ennes\"],\"inLanguage\":\"en-GB\",\"potentialAction\":[{\"@type\":\"CommentAction\",\"name\":\"Comment\",\"target\":[\"https:\/\/conservativenthusiast.com\/lectures-europeennes-1-albanie\/#respond\"]}]},{\"@type\":\"WebPage\",\"@id\":\"https:\/\/conservativenthusiast.com\/lectures-europeennes-1-albanie\/\",\"url\":\"https:\/\/conservativenthusiast.com\/lectures-europeennes-1-albanie\/\",\"name\":\"Lectures Europ\u00e9ennes #1 : Albanie - The Conservative Enthusiast\",\"isPartOf\":{\"@id\":\"https:\/\/conservativenthusiast.com\/#website\"},\"primaryImageOfPage\":{\"@id\":\"https:\/\/conservativenthusiast.com\/lectures-europeennes-1-albanie\/#primaryimage\"},\"image\":{\"@id\":\"https:\/\/conservativenthusiast.com\/lectures-europeennes-1-albanie\/#primaryimage\"},\"thumbnailUrl\":\"https:\/\/conservativenthusiast.com\/wp-content\/uploads\/2020\/10\/Albanie.jpeg\",\"datePublished\":\"2020-10-23T15:21:13+00:00\",\"dateModified\":\"2020-10-23T15:25:34+00:00\",\"description\":\"\u27bd D\u00e9couvrez l'Europe gr\u00e2ce aux Lectures Europ\u00e9ennes sur TCE : la plateforme d'actualit\u00e9, de partage et d'apprentissage des conservateurs.\",\"breadcrumb\":{\"@id\":\"https:\/\/conservativenthusiast.com\/lectures-europeennes-1-albanie\/#breadcrumb\"},\"inLanguage\":\"en-GB\",\"potentialAction\":[{\"@type\":\"ReadAction\",\"target\":[\"https:\/\/conservativenthusiast.com\/lectures-europeennes-1-albanie\/\"]}]},{\"@type\":\"ImageObject\",\"inLanguage\":\"en-GB\",\"@id\":\"https:\/\/conservativenthusiast.com\/lectures-europeennes-1-albanie\/#primaryimage\",\"url\":\"https:\/\/conservativenthusiast.com\/wp-content\/uploads\/2020\/10\/Albanie.jpeg\",\"contentUrl\":\"https:\/\/conservativenthusiast.com\/wp-content\/uploads\/2020\/10\/Albanie.jpeg\",\"width\":960,\"height\":960,\"caption\":\"Albanie TCE Booky Mary\"},{\"@type\":\"BreadcrumbList\",\"@id\":\"https:\/\/conservativenthusiast.com\/lectures-europeennes-1-albanie\/#breadcrumb\",\"itemListElement\":[{\"@type\":\"ListItem\",\"position\":1,\"name\":\"Accueil\",\"item\":\"https:\/\/conservativenthusiast.com\/\"},{\"@type\":\"ListItem\",\"position\":2,\"name\":\"Lectures Europ\u00e9ennes #1 : Albanie\"}]},{\"@type\":\"WebSite\",\"@id\":\"https:\/\/conservativenthusiast.com\/#website\",\"url\":\"https:\/\/conservativenthusiast.com\/\",\"name\":\"The Conservative Enthusiast\",\"description\":\"La plateforme de r\u00e9information, de partage et d&#039;apprentissage des conservateurs.\",\"publisher\":{\"@id\":\"https:\/\/conservativenthusiast.com\/#organization\"},\"potentialAction\":[{\"@type\":\"SearchAction\",\"target\":{\"@type\":\"EntryPoint\",\"urlTemplate\":\"https:\/\/conservativenthusiast.com\/?s={search_term_string}\"},\"query-input\":\"required name=search_term_string\"}],\"inLanguage\":\"en-GB\"},{\"@type\":\"Organization\",\"@id\":\"https:\/\/conservativenthusiast.com\/#organization\",\"name\":\"The Conservative Enthusiast\",\"url\":\"https:\/\/conservativenthusiast.com\/\",\"logo\":{\"@type\":\"ImageObject\",\"inLanguage\":\"en-GB\",\"@id\":\"https:\/\/conservativenthusiast.com\/#\/schema\/logo\/image\/\",\"url\":\"https:\/\/i0.wp.com\/conservativeenthusiast.com\/wp-content\/uploads\/2020\/06\/LOGO-CE-MINI.png?fit=3867%2C1180&ssl=1\",\"contentUrl\":\"https:\/\/i0.wp.com\/conservativeenthusiast.com\/wp-content\/uploads\/2020\/06\/LOGO-CE-MINI.png?fit=3867%2C1180&ssl=1\",\"width\":3867,\"height\":1180,\"caption\":\"The Conservative Enthusiast\"},\"image\":{\"@id\":\"https:\/\/conservativenthusiast.com\/#\/schema\/logo\/image\/\"}},{\"@type\":\"Person\",\"@id\":\"https:\/\/conservativenthusiast.com\/#\/schema\/person\/7567721d6caaf0ef1ebb957cdd7c1ae9\",\"name\":\"Booky Mary\",\"image\":{\"@type\":\"ImageObject\",\"inLanguage\":\"en-GB\",\"@id\":\"https:\/\/conservativenthusiast.com\/#\/schema\/person\/image\/\",\"url\":\"https:\/\/secure.gravatar.com\/avatar\/0244d58ce1bf23cd29105b55e407f535?s=96&d=mm&r=g\",\"contentUrl\":\"https:\/\/secure.gravatar.com\/avatar\/0244d58ce1bf23cd29105b55e407f535?s=96&d=mm&r=g\",\"caption\":\"Booky Mary\"},\"sameAs\":[\"https:\/\/www.instagram.com\/booky_mary\/\"],\"url\":\"https:\/\/conservativenthusiast.com\/en\/author\/booky-mary\/\"}]}<\/script>\n<!-- \/ Yoast SEO plugin. -->","yoast_head_json":{"title":"Lectures Europ\u00e9ennes #1 : Albanie - The Conservative Enthusiast","description":"\u27bd D\u00e9couvrez l'Europe gr\u00e2ce aux Lectures Europ\u00e9ennes sur TCE : la plateforme d'actualit\u00e9, de partage et d'apprentissage des conservateurs.","robots":{"index":"index","follow":"follow","max-snippet":"max-snippet:-1","max-image-preview":"max-image-preview:large","max-video-preview":"max-video-preview:-1"},"canonical":"https:\/\/conservativenthusiast.com\/en\/lectures-europeennes-1-albanie\/","og_locale":"en_GB","og_type":"article","og_title":"Lectures Europ\u00e9ennes #1 : Albanie - The Conservative Enthusiast","og_description":"\u27bd D\u00e9couvrez l'Europe gr\u00e2ce aux Lectures Europ\u00e9ennes sur TCE : la plateforme d'actualit\u00e9, de partage et d'apprentissage des conservateurs.","og_url":"https:\/\/conservativenthusiast.com\/en\/lectures-europeennes-1-albanie\/","og_site_name":"The Conservative Enthusiast","article_published_time":"2020-10-23T15:21:13+00:00","article_modified_time":"2020-10-23T15:25:34+00:00","og_image":[{"width":960,"height":960,"url":"https:\/\/conservativenthusiast.com\/wp-content\/uploads\/2020\/10\/Albanie.jpeg","type":"image\/jpeg"}],"author":"Booky Mary","twitter_card":"summary_large_image","twitter_misc":{"Written by":"Booky Mary","Estimated reading time":"3 minutes"},"schema":{"@context":"https:\/\/schema.org","@graph":[{"@type":"Article","@id":"https:\/\/conservativenthusiast.com\/lectures-europeennes-1-albanie\/#article","isPartOf":{"@id":"https:\/\/conservativenthusiast.com\/lectures-europeennes-1-albanie\/"},"author":{"name":"Booky Mary","@id":"https:\/\/conservativenthusiast.com\/#\/schema\/person\/7567721d6caaf0ef1ebb957cdd7c1ae9"},"headline":"Lectures Europ\u00e9ennes #1 : Albanie","datePublished":"2020-10-23T15:21:13+00:00","dateModified":"2020-10-23T15:25:34+00:00","mainEntityOfPage":{"@id":"https:\/\/conservativenthusiast.com\/lectures-europeennes-1-albanie\/"},"wordCount":570,"commentCount":2,"publisher":{"@id":"https:\/\/conservativenthusiast.com\/#organization"},"image":{"@id":"https:\/\/conservativenthusiast.com\/lectures-europeennes-1-albanie\/#primaryimage"},"thumbnailUrl":"https:\/\/conservativenthusiast.com\/wp-content\/uploads\/2020\/10\/Albanie.jpeg","keywords":["Albanie","Lectures Europ\u00e9ennes","Litt\u00e9rature"],"articleSection":["Lectures Europ\u00e9ennes"],"inLanguage":"en-GB","potentialAction":[{"@type":"CommentAction","name":"Comment","target":["https:\/\/conservativenthusiast.com\/lectures-europeennes-1-albanie\/#respond"]}]},{"@type":"WebPage","@id":"https:\/\/conservativenthusiast.com\/lectures-europeennes-1-albanie\/","url":"https:\/\/conservativenthusiast.com\/lectures-europeennes-1-albanie\/","name":"Lectures Europ\u00e9ennes #1 : Albanie - The Conservative Enthusiast","isPartOf":{"@id":"https:\/\/conservativenthusiast.com\/#website"},"primaryImageOfPage":{"@id":"https:\/\/conservativenthusiast.com\/lectures-europeennes-1-albanie\/#primaryimage"},"image":{"@id":"https:\/\/conservativenthusiast.com\/lectures-europeennes-1-albanie\/#primaryimage"},"thumbnailUrl":"https:\/\/conservativenthusiast.com\/wp-content\/uploads\/2020\/10\/Albanie.jpeg","datePublished":"2020-10-23T15:21:13+00:00","dateModified":"2020-10-23T15:25:34+00:00","description":"\u27bd D\u00e9couvrez l'Europe gr\u00e2ce aux Lectures Europ\u00e9ennes sur TCE : la plateforme d'actualit\u00e9, de partage et d'apprentissage des conservateurs.","breadcrumb":{"@id":"https:\/\/conservativenthusiast.com\/lectures-europeennes-1-albanie\/#breadcrumb"},"inLanguage":"en-GB","potentialAction":[{"@type":"ReadAction","target":["https:\/\/conservativenthusiast.com\/lectures-europeennes-1-albanie\/"]}]},{"@type":"ImageObject","inLanguage":"en-GB","@id":"https:\/\/conservativenthusiast.com\/lectures-europeennes-1-albanie\/#primaryimage","url":"https:\/\/conservativenthusiast.com\/wp-content\/uploads\/2020\/10\/Albanie.jpeg","contentUrl":"https:\/\/conservativenthusiast.com\/wp-content\/uploads\/2020\/10\/Albanie.jpeg","width":960,"height":960,"caption":"Albanie TCE Booky Mary"},{"@type":"BreadcrumbList","@id":"https:\/\/conservativenthusiast.com\/lectures-europeennes-1-albanie\/#breadcrumb","itemListElement":[{"@type":"ListItem","position":1,"name":"Accueil","item":"https:\/\/conservativenthusiast.com\/"},{"@type":"ListItem","position":2,"name":"Lectures Europ\u00e9ennes #1 : Albanie"}]},{"@type":"WebSite","@id":"https:\/\/conservativenthusiast.com\/#website","url":"https:\/\/conservativenthusiast.com\/","name":"The Conservative Enthusiast","description":"La plateforme de r\u00e9information, de partage et d&#039;apprentissage des conservateurs.","publisher":{"@id":"https:\/\/conservativenthusiast.com\/#organization"},"potentialAction":[{"@type":"SearchAction","target":{"@type":"EntryPoint","urlTemplate":"https:\/\/conservativenthusiast.com\/?s={search_term_string}"},"query-input":"required name=search_term_string"}],"inLanguage":"en-GB"},{"@type":"Organization","@id":"https:\/\/conservativenthusiast.com\/#organization","name":"The Conservative Enthusiast","url":"https:\/\/conservativenthusiast.com\/","logo":{"@type":"ImageObject","inLanguage":"en-GB","@id":"https:\/\/conservativenthusiast.com\/#\/schema\/logo\/image\/","url":"https:\/\/i0.wp.com\/conservativeenthusiast.com\/wp-content\/uploads\/2020\/06\/LOGO-CE-MINI.png?fit=3867%2C1180&ssl=1","contentUrl":"https:\/\/i0.wp.com\/conservativeenthusiast.com\/wp-content\/uploads\/2020\/06\/LOGO-CE-MINI.png?fit=3867%2C1180&ssl=1","width":3867,"height":1180,"caption":"The Conservative Enthusiast"},"image":{"@id":"https:\/\/conservativenthusiast.com\/#\/schema\/logo\/image\/"}},{"@type":"Person","@id":"https:\/\/conservativenthusiast.com\/#\/schema\/person\/7567721d6caaf0ef1ebb957cdd7c1ae9","name":"Booky Mary","image":{"@type":"ImageObject","inLanguage":"en-GB","@id":"https:\/\/conservativenthusiast.com\/#\/schema\/person\/image\/","url":"https:\/\/secure.gravatar.com\/avatar\/0244d58ce1bf23cd29105b55e407f535?s=96&d=mm&r=g","contentUrl":"https:\/\/secure.gravatar.com\/avatar\/0244d58ce1bf23cd29105b55e407f535?s=96&d=mm&r=g","caption":"Booky Mary"},"sameAs":["https:\/\/www.instagram.com\/booky_mary\/"],"url":"https:\/\/conservativenthusiast.com\/en\/author\/booky-mary\/"}]}},"_links":{"self":[{"href":"https:\/\/conservativenthusiast.com\/en\/wp-json\/wp\/v2\/posts\/2057"}],"collection":[{"href":"https:\/\/conservativenthusiast.com\/en\/wp-json\/wp\/v2\/posts"}],"about":[{"href":"https:\/\/conservativenthusiast.com\/en\/wp-json\/wp\/v2\/types\/post"}],"author":[{"embeddable":true,"href":"https:\/\/conservativenthusiast.com\/en\/wp-json\/wp\/v2\/users\/5"}],"replies":[{"embeddable":true,"href":"https:\/\/conservativenthusiast.com\/en\/wp-json\/wp\/v2\/comments?post=2057"}],"version-history":[{"count":14,"href":"https:\/\/conservativenthusiast.com\/en\/wp-json\/wp\/v2\/posts\/2057\/revisions"}],"predecessor-version":[{"id":2074,"href":"https:\/\/conservativenthusiast.com\/en\/wp-json\/wp\/v2\/posts\/2057\/revisions\/2074"}],"wp:featuredmedia":[{"embeddable":true,"href":"https:\/\/conservativenthusiast.com\/en\/wp-json\/wp\/v2\/media\/2071"}],"wp:attachment":[{"href":"https:\/\/conservativenthusiast.com\/en\/wp-json\/wp\/v2\/media?parent=2057"}],"wp:term":[{"taxonomy":"category","embeddable":true,"href":"https:\/\/conservativenthusiast.com\/en\/wp-json\/wp\/v2\/categories?post=2057"},{"taxonomy":"post_tag","embeddable":true,"href":"https:\/\/conservativenthusiast.com\/en\/wp-json\/wp\/v2\/tags?post=2057"}],"curies":[{"name":"wp","href":"https:\/\/api.w.org\/{rel}","templated":true}]}}