{"id":19978,"date":"2021-04-09T12:13:00","date_gmt":"2021-04-09T10:13:00","guid":{"rendered":"https:\/\/conservativeenthusiast.com\/?p=19978"},"modified":"2021-04-09T17:51:41","modified_gmt":"2021-04-09T15:51:41","slug":"lectures-europeennes-13-danemark","status":"publish","type":"post","link":"https:\/\/conservativenthusiast.com\/en\/lectures-europeennes-13-danemark\/","title":{"rendered":"Lectures Europ\u00e9ennes #13 : Danemark"},"content":{"rendered":"<p class=\"has-text-align-justify\">Bienvenue sur cette s\u00e9rie qui ajoute une rubrique toute in\u00e9dite \u00e0 notre cat\u00e9gorie Litt\u00e9rature et qui se nomme &#8220;Lectures Europ\u00e9ennes&#8221;. <\/p>\n\n\n\n<p class=\"has-text-align-justify\">Cette rubrique, qui nous est propos\u00e9 par <a href=\"https:\/\/www.instagram.com\/booky_mary\/\" target=\"_blank\" rel=\"noreferrer noopener\">Booky Mary<\/a>, consiste \u00e0 nous faire voyager et visiter tous les pays d&#8217;Europe \u00e0 travers un livre embl\u00e9matique pour chaque pays. Si cette rubrique vous pla\u00eet et que vous souhaiter d\u00e9couvrir tous les autres pays, sachez que les <a href=\"https:\/\/conservativenthusiast.com\/en\/category\/litterature\/lectures-europeennes\/\" target=\"_blank\" rel=\"noreferrer noopener\">Lectures Europ\u00e9ennes<\/a> sont publi\u00e9es un vendredi sur deux. Vous pouvez retrouver la rubrique \u00e0 tout moment sur notre page <a href=\"https:\/\/conservativenthusiast.com\/en\/litterature\/\" target=\"_blank\" rel=\"noreferrer noopener\">Literature<\/a>.<\/p>\n\n\n\n<p>Vous pouvez \u00e9galement d\u00e9couvrir Booky Mary et soutenir son travail en d\u00e9couvrant son <a href=\"https:\/\/www.instagram.com\/booky_mary\/\" target=\"_blank\" rel=\"noreferrer noopener\">compte Instagram<\/a>.<\/p>\n\n\n\n<p class=\"has-text-align-justify\">Ce nouveau num\u00e9ro se porte sur le <a href=\"https:\/\/fr.wikipedia.org\/wiki\/Danemark\" target=\"_blank\" rel=\"noreferrer noopener\">Danemark<\/a> nous vous laissons donc avec notre sp\u00e9cialiste en litt\u00e9rature pour ce voyage \u00e0 travers l&#8217;Europe :<\/p>\n\n\n\n<p class=\"has-text-align-justify\">&#8221; Pour ce treizi\u00e8me rendez-vous, nous monterons jusqu&#8217;au\u00a0<a href=\"https:\/\/www.instagram.com\/explore\/tags\/danemark\/\" target=\"_blank\" rel=\"noreferrer noopener\">Danemark<\/a>, grand pays d\u2019Europe du Nord. Compar\u00e9 \u00e0 d&#8217;autres peuples d&#8217;Europe du Nord, le peuple danois se s\u00e9dentarise d\u00e8s le VIIIe si\u00e8cle et plusieurs tentatives d&#8217;union du Danemark sont r\u00e9alis\u00e9es avec plus ou moins de succ\u00e8s jusqu\u2019au XIe si\u00e8cle, o\u00f9 les Danois participent aux exp\u00e9ditions vikings, colonisant, pillant et commer\u00e7ant partout en Europe.<\/p>\n\n\n\n<p class=\"has-text-align-justify\">La christianisation du pays se recoupant en partie avec l&#8217;\u00e9poque\u00a0<a href=\"https:\/\/www.instagram.com\/explore\/tags\/viking\/\" target=\"_blank\" rel=\"noreferrer noopener\">Viking<\/a>. Mais les \u00e9vang\u00e9lisations sont interrompues sous Charlemagne qui interdit que les missionnaires se rendent dans des territoires non soumis \u00e0 son autorit\u00e9. Et c&#8217;est sous le r\u00e8gne de Louis le Pieux qu&#8217;elles reprendront. Ce sera alors le roi Harald Ier qui fondera, aux environs de 940, trois \u00e9v\u00each\u00e9s : Schleswig, Ribe et Aarhus. L&#8217;\u00c9glise \u00e9tendra alors son influence s\u00e9culaire et la soci\u00e9t\u00e9 agricole de 700 000 personnes est \u00e0 la fin du XIe si\u00e8cle une soci\u00e9t\u00e9 aux normes f\u00e9odales avec un clerg\u00e9 puissant et une noblesse s\u00e9culi\u00e8re qui constitue le noyau de la d\u00e9fense du royaume. C&#8217;est cette passionnante \u00e9pop\u00e9e nordique que\u00a0<a href=\"https:\/\/www.instagram.com\/explore\/tags\/lagestedesdanois\/\" target=\"_blank\" rel=\"noreferrer noopener\"><em>La Geste des Danois<\/em><\/a>\u00a0retrace, une \u0153uvre de l&#8217;historien m\u00e9di\u00e9val\u00a0<a href=\"https:\/\/www.instagram.com\/explore\/tags\/saxogrammaticus\/\" target=\"_blank\" rel=\"noreferrer noopener\">Saxo Grammaticus<\/a>, r\u00e9dig\u00e9e en l\u2019an 1200. Il s\u2019agit du premier livre danois qui exer\u00e7a par ailleurs une tr\u00e8s grande influence sur la\u00a0<a href=\"https:\/\/www.instagram.com\/explore\/tags\/litt%C3%A9raturedanoise\/\" target=\"_blank\" rel=\"noreferrer noopener\">litt\u00e9rature danoise<\/a>. C\u2019est aujourd\u2019hui un chef d\u2019\u0153uvre reconnu de la\u00a0<a href=\"https:\/\/www.instagram.com\/explore\/tags\/litt%C3%A9raturem%C3%A9di%C3%A9vale\/\" target=\"_blank\" rel=\"noreferrer noopener\">litt\u00e9rature m\u00e9di\u00e9vale<\/a>\u00a0et une r\u00e9f\u00e9rence en mati\u00e8re \u00e0 la fois historique et po\u00e9tique. Il constitue \u00e9galement un t\u00e9moignage majeur concernant la\u00a0<a href=\"https:\/\/www.instagram.com\/explore\/tags\/mythologienordique\/\" target=\"_blank\" rel=\"noreferrer noopener\">mythologie nordique<\/a>.<\/p>\n\n\n\n<p class=\"has-text-align-justify\"><em>La\u00a0<\/em><a href=\"https:\/\/www.instagram.com\/explore\/tags\/gestadanorum\/\" target=\"_blank\" rel=\"noreferrer noopener\"><em>Gesta Danorum<\/em><\/a>\u00a0est le r\u00e9cit de l&#8217;histoire des Danois, de ses origines jusqu&#8217;\u00e0 l&#8217;\u00e9poque o\u00f9 v\u00e9cut Saxo. Elle est l&#8217;une des plus anciennes et des plus importantes \u0153uvres litt\u00e9raires danoises, et il convient de pr\u00e9ciser qu&#8217;elle joue encore aujourd&#8217;hui, un r\u00f4le fondamental dans la constitution du ciment identitaire national danois. Elle a \u00e9galement contribu\u00e9 \u00e0 marquer et mythifier l\u2019identit\u00e9 danoise depuis la\u00a0<a href=\"https:\/\/www.instagram.com\/explore\/tags\/renaissance\/\" target=\"_blank\" rel=\"noreferrer noopener\">Renaissance<\/a>, p\u00e9riode o\u00f9 l&#8217;\u0153uvre fut imprim\u00e9e pour la premi\u00e8re fois \u00e0 Paris, en 1514, jusqu\u2019\u00e0 la fin du XIXe si\u00e8cle. Une oeuvre importante donc que nous pouvons d\u00e9couvrir dans la collection\u00a0\u00ab\u00a0<a href=\"https:\/\/www.instagram.com\/explore\/tags\/laubedespeuples\/\" target=\"_blank\" rel=\"noreferrer noopener\">L\u2019aube des peuples<\/a>\u00a0\u00bb\u00a0des \u00e9ditions Gallimard.&#8221;<\/p>\n\n\n\n<p class=\"has-text-align-justify\"><\/p>\n\n\n\n<h2 class=\"wp-block-heading\"><strong><span class=\"has-inline-color has-black-color\">To go further:<\/span><\/strong><\/h2>\n\n\n\n<p><\/p>\n\n\n\n<p>Notre objectif chez TCE est bien s\u00fbr de vous pousser \u00e0 visiter nos recommandations et vous inviter \u00e0 renouer avec l\u2019h\u00e9ritage Fran\u00e7ais et Europ\u00e9en. Nous avons pleine conscience que c\u2019est en connaissant ses racines et son identit\u00e9, que l\u2019on est plus \u00e0 m\u00eame de s\u2019\u00e9panouir, se d\u00e9fendre et prosp\u00e9rer.<\/p>\n\n\n\n<p>Nous vous invitons chaleureusement \u00e0 participer pleinement \u00e0 la communaut\u00e9 en utilisant sur les r\u00e9seaux sociaux le&nbsp;<strong>hashtag #TCE<\/strong><\/p>\n\n\n\n<p><\/p>\n\n\n\n<p><\/p>","protected":false},"excerpt":{"rendered":"<p>Bienvenue sur cette s\u00e9rie qui ajoute une rubrique toute in\u00e9dite \u00e0 notre cat\u00e9gorie Litt\u00e9rature et qui se nomme &#8220;Lectures Europ\u00e9ennes&#8221;. [&hellip;]<\/p>","protected":false},"author":5,"featured_media":19979,"comment_status":"open","ping_status":"open","sticky":false,"template":"","format":"standard","meta":{"_et_pb_use_builder":"off","_et_pb_old_content":"<!-- wp:paragraph {\"align\":\"justify\"} -->\n<p class=\"has-text-align-justify\">Bienvenue sur cette s\u00e9rie qui ajoute une rubrique toute in\u00e9dite \u00e0 notre cat\u00e9gorie Litt\u00e9rature et qui se nomme \"Lectures Europ\u00e9ennes\". <\/p>\n<!-- \/wp:paragraph -->\n\n<!-- wp:paragraph {\"align\":\"justify\"} -->\n<p class=\"has-text-align-justify\">Cette rubrique, qui nous est propos\u00e9 par <a href=\"https:\/\/www.instagram.com\/booky_mary\/\" target=\"_blank\" rel=\"noreferrer noopener\">Booky Mary<\/a>, consiste \u00e0 nous faire voyager et visiter tous les pays d'Europe \u00e0 travers un livre embl\u00e9matique pour chaque pays. Si cette rubrique vous pla\u00eet et que vous souhaiter d\u00e9couvrir tous les autres pays, sachez que les <a href=\"https:\/\/conservativenthusiast.com\/category\/litterature\/lectures-europeennes\/\" target=\"_blank\" rel=\"noreferrer noopener\">Lectures Europ\u00e9ennes<\/a> sont publi\u00e9es un vendredi sur deux. Vous pouvez retrouver la rubrique \u00e0 tout moment sur notre page <a href=\"https:\/\/conservativenthusiast.com\/litterature\/\" target=\"_blank\" rel=\"noreferrer noopener\">Litt\u00e9rature<\/a>.<\/p>\n<!-- \/wp:paragraph -->\n\n<!-- wp:paragraph -->\n<p>Vous pouvez \u00e9galement d\u00e9couvrir Booky Mary et soutenir son travail en d\u00e9couvrant son <a href=\"https:\/\/www.instagram.com\/booky_mary\/\" target=\"_blank\" rel=\"noreferrer noopener\">compte Instagram<\/a>.<\/p>\n<!-- \/wp:paragraph -->\n\n<!-- wp:paragraph {\"align\":\"justify\"} -->\n<p class=\"has-text-align-justify\">Ce nouveau num\u00e9ro se porte sur l'<a href=\"https:\/\/fr.wikipedia.org\/wiki\/Arm%C3%A9nie\" target=\"_blank\" rel=\"noreferrer noopener\">Arm\u00e9nie<\/a> nous vous laissons donc avec notre sp\u00e9cialiste en litt\u00e9rature pour ce voyage \u00e0 travers l'Europe :<\/p>\n<!-- \/wp:paragraph -->\n\n<!-- wp:paragraph {\"align\":\"justify\"} -->\n<p class=\"has-text-align-justify\"><em>\" Pour ce nouvel ouvrage des\u00a0<a href=\"https:\/\/www.instagram.com\/explore\/tags\/lectureseurope%CC%81ennes\/\" target=\"_blank\" rel=\"noreferrer noopener\">#LecturesEurop\u00e9ennes<\/a>, partons \u00e0 la d\u00e9couverte de la\u00a0<a href=\"https:\/\/www.instagram.com\/explore\/tags\/litte%CC%81ratureautrichienne\/\" target=\"_blank\" rel=\"noreferrer noopener\">litt\u00e9rature autrichienne<\/a>. La r\u00e9publique d\u2019Autriche situ\u00e9e en Europe centrale, est un pays montagneux dont la langue officielle est l\u2019Allemand.<\/em><\/p>\n<!-- \/wp:paragraph -->\n\n<!-- wp:paragraph {\"align\":\"justify\"} -->\n<p class=\"has-text-align-justify\"><em>De la po\u00e9sie orale du Bas\u00a0<a href=\"https:\/\/www.instagram.com\/explore\/tags\/moyena%CC%82ge\/\" target=\"_blank\" rel=\"noreferrer noopener\">Moyen-\u00c2ge<\/a>\u00a0jusqu\u2019au\u00a0<a href=\"https:\/\/www.instagram.com\/explore\/tags\/romantismeallemand\/\" target=\"_blank\" rel=\"noreferrer noopener\">Romantisme Allemand<\/a>\u00a0puis au r\u00e9alisme po\u00e9tique, L\u2019Autriche rayonne \u00e0 travers sa litt\u00e9rature partout en\u00a0<a href=\"https:\/\/www.instagram.com\/explore\/tags\/europe\/\" target=\"_blank\" rel=\"noreferrer noopener\">Europe<\/a>. J\u2019ai longtemps h\u00e9sit\u00e9 \u00e0 vous pr\u00e9senter \u00ab\u00a0<a href=\"https:\/\/www.instagram.com\/explore\/tags\/lhommesansqualite%CC%81s\/\" target=\"_blank\" rel=\"noreferrer noopener\">L\u2019Homme sans qualit\u00e9s<\/a>\u00a0\u00bb de Robert Musil, mais j\u2019ai finalement choisi l\u2019oeuvre d\u2019un autre romancier Viennois, proche de lui, avec \u00ab\u00a0<a href=\"https:\/\/www.instagram.com\/explore\/tags\/lessomnambules\/\" target=\"_blank\" rel=\"noreferrer noopener\">Les Somnambules<\/a>\u00a0\u00bb de\u00a0<a href=\"https:\/\/www.instagram.com\/explore\/tags\/hermannbroch\/\" target=\"_blank\" rel=\"noreferrer noopener\">Hermann Broch<\/a>. <\/em><\/p>\n<!-- \/wp:paragraph -->\n\n<!-- wp:paragraph {\"align\":\"justify\"} -->\n<p class=\"has-text-align-justify\"><em>Hermann Broch (1886-1951), nait dans une famille de la riche bourgeoisie juive Viennoise, et abandonne cependant la direction de l'usine familiale pour suivre des \u00e9tudes de math\u00e9matiques, de philosophie et de psychologie. Et c\u2019est en 1931 qu\u2019il publie son premier roman, dont la trilogie est\u00a0republi\u00e9e depuis en un seul volume, \u00ab\u00a0Les Somnambules\u00a0\u00bb, dans laquelle il d\u00e9veloppe une nouvelle forme de narration sur le th\u00e8me du d\u00e9labrement des valeurs de la soci\u00e9t\u00e9 contemporaine \u00e0 travers un tableau de l'Empire allemand durant le r\u00e8gne de Guillaume II de 1888 \u00e0 1918.<\/em><\/p>\n<!-- \/wp:paragraph -->\n\n<!-- wp:paragraph {\"align\":\"justify\"} -->\n<p class=\"has-text-align-justify\"><em>Il y m\u00e8ne une profonde r\u00e9flexion sur le syst\u00e8me social dans lequel il vit, le lecteur pourra y voir par ailleurs un \u00e9cho avec le monde que nous vivons un si\u00e8cle plus tard. Le livre oscille en permanence entre l\u2019essai et le roman, et je dirais que si c\u2019est un essai, c\u2019est une essai \u00e0 la narration romanesque, et si c\u2019est un roman, c\u2019est un roman \u00e0 ambition r\u00e9flexive et essayiste. L'auteur y d\u00e9fend la pens\u00e9e qui veut que tout syst\u00e8me tend \u00e0 devenir \u00ab\u00a0absolu\u00a0\u00bb et \u00e0 engloutir les autres mais cet \u00ab\u00a0engloutissement\u00a0\u00bb visant \u00e0 devenir de plus en plus \u00ab\u00a0rationnel\u00a0\u00bb (Renaissance, Lumi\u00e8res\u2026), voire rationaliste, provoque sa propre destruction car il met en place l\u2019individualisme, et un individu par d\u00e9finition sera toujours soumis \u00e0 l\u2019irrationalit\u00e9, car subjectif. (Je vous recommande \u00e9galement le tr\u00e8s grand roman\u00a0\u00ab\u00a0<a href=\"https:\/\/www.instagram.com\/explore\/tags\/lamortdevirgile\/\" target=\"_blank\" rel=\"noreferrer noopener\">La Mort De Virgile<\/a>\u00a0\u00bb\u00a0du m\u00eame auteur).\"<\/em><\/p>\n<!-- \/wp:paragraph -->\n\n<!-- wp:paragraph {\"align\":\"justify\"} -->\n<p class=\"has-text-align-justify\"><\/p>\n<!-- \/wp:paragraph -->\n\n<!-- wp:heading -->\n<h2><strong><span class=\"has-inline-color has-black-color\">Pour aller plus loin&nbsp;:<\/span><\/strong><\/h2>\n<!-- \/wp:heading -->\n\n<!-- wp:paragraph -->\n<p><\/p>\n<!-- \/wp:paragraph -->\n\n<!-- wp:paragraph -->\n<p>Notre objectif chez TCE est bien s\u00fbr de vous pousser \u00e0 visiter nos recommandations et vous inviter \u00e0 renouer avec l\u2019h\u00e9ritage Fran\u00e7ais et Europ\u00e9en. Nous avons pleine conscience que c\u2019est en connaissant ses racines et son identit\u00e9, que l\u2019on est plus \u00e0 m\u00eame de s\u2019\u00e9panouir, se d\u00e9fendre et prosp\u00e9rer.<\/p>\n<!-- \/wp:paragraph -->\n\n<!-- wp:paragraph -->\n<p>Nous vous invitons chaleureusement \u00e0 participer pleinement \u00e0 la communaut\u00e9 en utilisant sur les r\u00e9seaux sociaux le&nbsp;<strong>hashtag #TCE<\/strong><\/p>\n<!-- \/wp:paragraph -->\n\n<!-- wp:paragraph -->\n<p><\/p>\n<!-- \/wp:paragraph -->\n\n<!-- wp:paragraph -->\n<p><\/p>\n<!-- \/wp:paragraph -->","_et_gb_content_width":"","_exactmetrics_skip_tracking":false,"_exactmetrics_sitenote_active":false,"_exactmetrics_sitenote_note":"","_exactmetrics_sitenote_category":0,"footnotes":""},"categories":[50],"tags":[311,51,48],"yoast_head":"<!-- This site is optimized with the Yoast SEO plugin v22.3 - https:\/\/yoast.com\/wordpress\/plugins\/seo\/ -->\n<title>Lectures Europ\u00e9ennes #13 : Danemark - The Conservative Enthusiast<\/title>\n<meta name=\"description\" content=\"\u27bd D\u00e9couvrez l&#039;Europe gr\u00e2ce aux Lectures Europ\u00e9ennes sur TCE : la plateforme communautaire de partage et d&#039;apprentissage des conservateurs.\" \/>\n<meta name=\"robots\" content=\"index, follow, max-snippet:-1, max-image-preview:large, max-video-preview:-1\" \/>\n<link rel=\"canonical\" href=\"https:\/\/conservativenthusiast.com\/en\/lectures-europeennes-13-danemark\/\" \/>\n<meta property=\"og:locale\" content=\"en_GB\" \/>\n<meta property=\"og:type\" content=\"article\" \/>\n<meta property=\"og:title\" content=\"Lectures Europ\u00e9ennes #13 : Danemark - The Conservative Enthusiast\" \/>\n<meta property=\"og:description\" content=\"\u27bd D\u00e9couvrez l&#039;Europe gr\u00e2ce aux Lectures Europ\u00e9ennes sur TCE : la plateforme communautaire de partage et d&#039;apprentissage des conservateurs.\" \/>\n<meta property=\"og:url\" content=\"https:\/\/conservativenthusiast.com\/en\/lectures-europeennes-13-danemark\/\" \/>\n<meta property=\"og:site_name\" content=\"The Conservative Enthusiast\" \/>\n<meta property=\"article:published_time\" content=\"2021-04-09T10:13:00+00:00\" \/>\n<meta property=\"article:modified_time\" content=\"2021-04-09T15:51:41+00:00\" \/>\n<meta property=\"og:image\" content=\"https:\/\/conservativenthusiast.com\/wp-content\/uploads\/2021\/04\/Danemark.jpeg\" \/>\n\t<meta property=\"og:image:width\" content=\"480\" \/>\n\t<meta property=\"og:image:height\" content=\"480\" \/>\n\t<meta property=\"og:image:type\" content=\"image\/jpeg\" \/>\n<meta name=\"author\" content=\"Booky Mary\" \/>\n<meta name=\"twitter:card\" content=\"summary_large_image\" \/>\n<meta name=\"twitter:label1\" content=\"Written by\" \/>\n\t<meta name=\"twitter:data1\" content=\"Booky Mary\" \/>\n\t<meta name=\"twitter:label2\" content=\"Estimated reading time\" \/>\n\t<meta name=\"twitter:data2\" content=\"3 minutes\" \/>\n<script type=\"application\/ld+json\" class=\"yoast-schema-graph\">{\"@context\":\"https:\/\/schema.org\",\"@graph\":[{\"@type\":\"Article\",\"@id\":\"https:\/\/conservativenthusiast.com\/en\/lectures-europeennes-13-danemark\/#article\",\"isPartOf\":{\"@id\":\"https:\/\/conservativenthusiast.com\/en\/lectures-europeennes-13-danemark\/\"},\"author\":{\"name\":\"Booky Mary\",\"@id\":\"https:\/\/conservativenthusiast.com\/#\/schema\/person\/7567721d6caaf0ef1ebb957cdd7c1ae9\"},\"headline\":\"Lectures Europ\u00e9ennes #13 : Danemark\",\"datePublished\":\"2021-04-09T10:13:00+00:00\",\"dateModified\":\"2021-04-09T15:51:41+00:00\",\"mainEntityOfPage\":{\"@id\":\"https:\/\/conservativenthusiast.com\/en\/lectures-europeennes-13-danemark\/\"},\"wordCount\":620,\"commentCount\":0,\"publisher\":{\"@id\":\"https:\/\/conservativenthusiast.com\/#organization\"},\"image\":{\"@id\":\"https:\/\/conservativenthusiast.com\/en\/lectures-europeennes-13-danemark\/#primaryimage\"},\"thumbnailUrl\":\"https:\/\/conservativenthusiast.com\/wp-content\/uploads\/2021\/04\/Danemark.jpeg\",\"keywords\":[\"Danemark\",\"Lectures Europ\u00e9ennes\",\"Litt\u00e9rature\"],\"articleSection\":[\"Lectures Europ\u00e9ennes\"],\"inLanguage\":\"en-GB\",\"potentialAction\":[{\"@type\":\"CommentAction\",\"name\":\"Comment\",\"target\":[\"https:\/\/conservativenthusiast.com\/en\/lectures-europeennes-13-danemark\/#respond\"]}]},{\"@type\":\"WebPage\",\"@id\":\"https:\/\/conservativenthusiast.com\/en\/lectures-europeennes-13-danemark\/\",\"url\":\"https:\/\/conservativenthusiast.com\/en\/lectures-europeennes-13-danemark\/\",\"name\":\"Lectures Europ\u00e9ennes #13 : Danemark - The Conservative Enthusiast\",\"isPartOf\":{\"@id\":\"https:\/\/conservativenthusiast.com\/#website\"},\"primaryImageOfPage\":{\"@id\":\"https:\/\/conservativenthusiast.com\/en\/lectures-europeennes-13-danemark\/#primaryimage\"},\"image\":{\"@id\":\"https:\/\/conservativenthusiast.com\/en\/lectures-europeennes-13-danemark\/#primaryimage\"},\"thumbnailUrl\":\"https:\/\/conservativenthusiast.com\/wp-content\/uploads\/2021\/04\/Danemark.jpeg\",\"datePublished\":\"2021-04-09T10:13:00+00:00\",\"dateModified\":\"2021-04-09T15:51:41+00:00\",\"description\":\"\u27bd D\u00e9couvrez l'Europe gr\u00e2ce aux Lectures Europ\u00e9ennes sur TCE : la plateforme communautaire de partage et d'apprentissage des conservateurs.\",\"breadcrumb\":{\"@id\":\"https:\/\/conservativenthusiast.com\/en\/lectures-europeennes-13-danemark\/#breadcrumb\"},\"inLanguage\":\"en-GB\",\"potentialAction\":[{\"@type\":\"ReadAction\",\"target\":[\"https:\/\/conservativenthusiast.com\/en\/lectures-europeennes-13-danemark\/\"]}]},{\"@type\":\"ImageObject\",\"inLanguage\":\"en-GB\",\"@id\":\"https:\/\/conservativenthusiast.com\/en\/lectures-europeennes-13-danemark\/#primaryimage\",\"url\":\"https:\/\/conservativenthusiast.com\/wp-content\/uploads\/2021\/04\/Danemark.jpeg\",\"contentUrl\":\"https:\/\/conservativenthusiast.com\/wp-content\/uploads\/2021\/04\/Danemark.jpeg\",\"width\":480,\"height\":480,\"caption\":\"Danemark Lectures Europ\u00e9ennes\"},{\"@type\":\"BreadcrumbList\",\"@id\":\"https:\/\/conservativenthusiast.com\/en\/lectures-europeennes-13-danemark\/#breadcrumb\",\"itemListElement\":[{\"@type\":\"ListItem\",\"position\":1,\"name\":\"Accueil\",\"item\":\"https:\/\/conservativenthusiast.com\/\"},{\"@type\":\"ListItem\",\"position\":2,\"name\":\"Lectures Europ\u00e9ennes #13 : Danemark\"}]},{\"@type\":\"WebSite\",\"@id\":\"https:\/\/conservativenthusiast.com\/#website\",\"url\":\"https:\/\/conservativenthusiast.com\/\",\"name\":\"The Conservative Enthusiast\",\"description\":\"La plateforme de r\u00e9information, de partage et d&#039;apprentissage des conservateurs.\",\"publisher\":{\"@id\":\"https:\/\/conservativenthusiast.com\/#organization\"},\"potentialAction\":[{\"@type\":\"SearchAction\",\"target\":{\"@type\":\"EntryPoint\",\"urlTemplate\":\"https:\/\/conservativenthusiast.com\/?s={search_term_string}\"},\"query-input\":\"required name=search_term_string\"}],\"inLanguage\":\"en-GB\"},{\"@type\":\"Organization\",\"@id\":\"https:\/\/conservativenthusiast.com\/#organization\",\"name\":\"The Conservative Enthusiast\",\"url\":\"https:\/\/conservativenthusiast.com\/\",\"logo\":{\"@type\":\"ImageObject\",\"inLanguage\":\"en-GB\",\"@id\":\"https:\/\/conservativenthusiast.com\/#\/schema\/logo\/image\/\",\"url\":\"https:\/\/i0.wp.com\/conservativeenthusiast.com\/wp-content\/uploads\/2020\/06\/LOGO-CE-MINI.png?fit=3867%2C1180&ssl=1\",\"contentUrl\":\"https:\/\/i0.wp.com\/conservativeenthusiast.com\/wp-content\/uploads\/2020\/06\/LOGO-CE-MINI.png?fit=3867%2C1180&ssl=1\",\"width\":3867,\"height\":1180,\"caption\":\"The Conservative Enthusiast\"},\"image\":{\"@id\":\"https:\/\/conservativenthusiast.com\/#\/schema\/logo\/image\/\"}},{\"@type\":\"Person\",\"@id\":\"https:\/\/conservativenthusiast.com\/#\/schema\/person\/7567721d6caaf0ef1ebb957cdd7c1ae9\",\"name\":\"Booky Mary\",\"image\":{\"@type\":\"ImageObject\",\"inLanguage\":\"en-GB\",\"@id\":\"https:\/\/conservativenthusiast.com\/#\/schema\/person\/image\/\",\"url\":\"https:\/\/secure.gravatar.com\/avatar\/0244d58ce1bf23cd29105b55e407f535?s=96&d=mm&r=g\",\"contentUrl\":\"https:\/\/secure.gravatar.com\/avatar\/0244d58ce1bf23cd29105b55e407f535?s=96&d=mm&r=g\",\"caption\":\"Booky Mary\"},\"sameAs\":[\"https:\/\/www.instagram.com\/booky_mary\/\"],\"url\":\"https:\/\/conservativenthusiast.com\/en\/author\/booky-mary\/\"}]}<\/script>\n<!-- \/ Yoast SEO plugin. -->","yoast_head_json":{"title":"Lectures Europ\u00e9ennes #13 : Danemark - The Conservative Enthusiast","description":"\u27bd D\u00e9couvrez l'Europe gr\u00e2ce aux Lectures Europ\u00e9ennes sur TCE : la plateforme communautaire de partage et d'apprentissage des conservateurs.","robots":{"index":"index","follow":"follow","max-snippet":"max-snippet:-1","max-image-preview":"max-image-preview:large","max-video-preview":"max-video-preview:-1"},"canonical":"https:\/\/conservativenthusiast.com\/en\/lectures-europeennes-13-danemark\/","og_locale":"en_GB","og_type":"article","og_title":"Lectures Europ\u00e9ennes #13 : Danemark - The Conservative Enthusiast","og_description":"\u27bd D\u00e9couvrez l'Europe gr\u00e2ce aux Lectures Europ\u00e9ennes sur TCE : la plateforme communautaire de partage et d'apprentissage des conservateurs.","og_url":"https:\/\/conservativenthusiast.com\/en\/lectures-europeennes-13-danemark\/","og_site_name":"The Conservative Enthusiast","article_published_time":"2021-04-09T10:13:00+00:00","article_modified_time":"2021-04-09T15:51:41+00:00","og_image":[{"width":480,"height":480,"url":"https:\/\/conservativenthusiast.com\/wp-content\/uploads\/2021\/04\/Danemark.jpeg","type":"image\/jpeg"}],"author":"Booky Mary","twitter_card":"summary_large_image","twitter_misc":{"Written by":"Booky Mary","Estimated reading time":"3 minutes"},"schema":{"@context":"https:\/\/schema.org","@graph":[{"@type":"Article","@id":"https:\/\/conservativenthusiast.com\/en\/lectures-europeennes-13-danemark\/#article","isPartOf":{"@id":"https:\/\/conservativenthusiast.com\/en\/lectures-europeennes-13-danemark\/"},"author":{"name":"Booky Mary","@id":"https:\/\/conservativenthusiast.com\/#\/schema\/person\/7567721d6caaf0ef1ebb957cdd7c1ae9"},"headline":"Lectures Europ\u00e9ennes #13 : Danemark","datePublished":"2021-04-09T10:13:00+00:00","dateModified":"2021-04-09T15:51:41+00:00","mainEntityOfPage":{"@id":"https:\/\/conservativenthusiast.com\/en\/lectures-europeennes-13-danemark\/"},"wordCount":620,"commentCount":0,"publisher":{"@id":"https:\/\/conservativenthusiast.com\/#organization"},"image":{"@id":"https:\/\/conservativenthusiast.com\/en\/lectures-europeennes-13-danemark\/#primaryimage"},"thumbnailUrl":"https:\/\/conservativenthusiast.com\/wp-content\/uploads\/2021\/04\/Danemark.jpeg","keywords":["Danemark","Lectures Europ\u00e9ennes","Litt\u00e9rature"],"articleSection":["Lectures Europ\u00e9ennes"],"inLanguage":"en-GB","potentialAction":[{"@type":"CommentAction","name":"Comment","target":["https:\/\/conservativenthusiast.com\/en\/lectures-europeennes-13-danemark\/#respond"]}]},{"@type":"WebPage","@id":"https:\/\/conservativenthusiast.com\/en\/lectures-europeennes-13-danemark\/","url":"https:\/\/conservativenthusiast.com\/en\/lectures-europeennes-13-danemark\/","name":"Lectures Europ\u00e9ennes #13 : Danemark - The Conservative Enthusiast","isPartOf":{"@id":"https:\/\/conservativenthusiast.com\/#website"},"primaryImageOfPage":{"@id":"https:\/\/conservativenthusiast.com\/en\/lectures-europeennes-13-danemark\/#primaryimage"},"image":{"@id":"https:\/\/conservativenthusiast.com\/en\/lectures-europeennes-13-danemark\/#primaryimage"},"thumbnailUrl":"https:\/\/conservativenthusiast.com\/wp-content\/uploads\/2021\/04\/Danemark.jpeg","datePublished":"2021-04-09T10:13:00+00:00","dateModified":"2021-04-09T15:51:41+00:00","description":"\u27bd D\u00e9couvrez l'Europe gr\u00e2ce aux Lectures Europ\u00e9ennes sur TCE : la plateforme communautaire de partage et d'apprentissage des conservateurs.","breadcrumb":{"@id":"https:\/\/conservativenthusiast.com\/en\/lectures-europeennes-13-danemark\/#breadcrumb"},"inLanguage":"en-GB","potentialAction":[{"@type":"ReadAction","target":["https:\/\/conservativenthusiast.com\/en\/lectures-europeennes-13-danemark\/"]}]},{"@type":"ImageObject","inLanguage":"en-GB","@id":"https:\/\/conservativenthusiast.com\/en\/lectures-europeennes-13-danemark\/#primaryimage","url":"https:\/\/conservativenthusiast.com\/wp-content\/uploads\/2021\/04\/Danemark.jpeg","contentUrl":"https:\/\/conservativenthusiast.com\/wp-content\/uploads\/2021\/04\/Danemark.jpeg","width":480,"height":480,"caption":"Danemark Lectures Europ\u00e9ennes"},{"@type":"BreadcrumbList","@id":"https:\/\/conservativenthusiast.com\/en\/lectures-europeennes-13-danemark\/#breadcrumb","itemListElement":[{"@type":"ListItem","position":1,"name":"Accueil","item":"https:\/\/conservativenthusiast.com\/"},{"@type":"ListItem","position":2,"name":"Lectures Europ\u00e9ennes #13 : Danemark"}]},{"@type":"WebSite","@id":"https:\/\/conservativenthusiast.com\/#website","url":"https:\/\/conservativenthusiast.com\/","name":"The Conservative Enthusiast","description":"La plateforme de r\u00e9information, de partage et d&#039;apprentissage des conservateurs.","publisher":{"@id":"https:\/\/conservativenthusiast.com\/#organization"},"potentialAction":[{"@type":"SearchAction","target":{"@type":"EntryPoint","urlTemplate":"https:\/\/conservativenthusiast.com\/?s={search_term_string}"},"query-input":"required name=search_term_string"}],"inLanguage":"en-GB"},{"@type":"Organization","@id":"https:\/\/conservativenthusiast.com\/#organization","name":"The Conservative Enthusiast","url":"https:\/\/conservativenthusiast.com\/","logo":{"@type":"ImageObject","inLanguage":"en-GB","@id":"https:\/\/conservativenthusiast.com\/#\/schema\/logo\/image\/","url":"https:\/\/i0.wp.com\/conservativeenthusiast.com\/wp-content\/uploads\/2020\/06\/LOGO-CE-MINI.png?fit=3867%2C1180&ssl=1","contentUrl":"https:\/\/i0.wp.com\/conservativeenthusiast.com\/wp-content\/uploads\/2020\/06\/LOGO-CE-MINI.png?fit=3867%2C1180&ssl=1","width":3867,"height":1180,"caption":"The Conservative Enthusiast"},"image":{"@id":"https:\/\/conservativenthusiast.com\/#\/schema\/logo\/image\/"}},{"@type":"Person","@id":"https:\/\/conservativenthusiast.com\/#\/schema\/person\/7567721d6caaf0ef1ebb957cdd7c1ae9","name":"Booky Mary","image":{"@type":"ImageObject","inLanguage":"en-GB","@id":"https:\/\/conservativenthusiast.com\/#\/schema\/person\/image\/","url":"https:\/\/secure.gravatar.com\/avatar\/0244d58ce1bf23cd29105b55e407f535?s=96&d=mm&r=g","contentUrl":"https:\/\/secure.gravatar.com\/avatar\/0244d58ce1bf23cd29105b55e407f535?s=96&d=mm&r=g","caption":"Booky Mary"},"sameAs":["https:\/\/www.instagram.com\/booky_mary\/"],"url":"https:\/\/conservativenthusiast.com\/en\/author\/booky-mary\/"}]}},"_links":{"self":[{"href":"https:\/\/conservativenthusiast.com\/en\/wp-json\/wp\/v2\/posts\/19978"}],"collection":[{"href":"https:\/\/conservativenthusiast.com\/en\/wp-json\/wp\/v2\/posts"}],"about":[{"href":"https:\/\/conservativenthusiast.com\/en\/wp-json\/wp\/v2\/types\/post"}],"author":[{"embeddable":true,"href":"https:\/\/conservativenthusiast.com\/en\/wp-json\/wp\/v2\/users\/5"}],"replies":[{"embeddable":true,"href":"https:\/\/conservativenthusiast.com\/en\/wp-json\/wp\/v2\/comments?post=19978"}],"version-history":[{"count":2,"href":"https:\/\/conservativenthusiast.com\/en\/wp-json\/wp\/v2\/posts\/19978\/revisions"}],"predecessor-version":[{"id":19982,"href":"https:\/\/conservativenthusiast.com\/en\/wp-json\/wp\/v2\/posts\/19978\/revisions\/19982"}],"wp:featuredmedia":[{"embeddable":true,"href":"https:\/\/conservativenthusiast.com\/en\/wp-json\/wp\/v2\/media\/19979"}],"wp:attachment":[{"href":"https:\/\/conservativenthusiast.com\/en\/wp-json\/wp\/v2\/media?parent=19978"}],"wp:term":[{"taxonomy":"category","embeddable":true,"href":"https:\/\/conservativenthusiast.com\/en\/wp-json\/wp\/v2\/categories?post=19978"},{"taxonomy":"post_tag","embeddable":true,"href":"https:\/\/conservativenthusiast.com\/en\/wp-json\/wp\/v2\/tags?post=19978"}],"curies":[{"name":"wp","href":"https:\/\/api.w.org\/{rel}","templated":true}]}}