{"id":1689,"date":"2020-10-03T14:32:10","date_gmt":"2020-10-03T12:32:10","guid":{"rendered":"https:\/\/conservativeenthusiast.com\/?p=1689"},"modified":"2020-11-25T19:23:57","modified_gmt":"2020-11-25T18:23:57","slug":"la-seconde-guerre-mondiale-1939-1945","status":"publish","type":"post","link":"https:\/\/conservativenthusiast.com\/en\/la-seconde-guerre-mondiale-1939-1945\/","title":{"rendered":"La Seconde Guerre mondiale (1939-1945)"},"content":{"rendered":"<p>Voici le d\u00e9but d&#8217;une longue s\u00e9rie d&#8217;articles qui retracent les grands moments de l&#8217;Histoire, que vous pouvez retrouver \u00e0 tout moment dans la cat\u00e9gorie <a href=\"https:\/\/conservativenthusiast.com\/en\/histoire\/\" target=\"_blank\" rel=\"noreferrer noopener\">History<\/a>. La Seconde Guerre mondiale sera le premier conflit abord\u00e9.<\/p>\n\n\n\n<p class=\"has-drop-cap has-text-align-justify\">En guise de contexte pour introduire la Seconde Guerre mondiale, voyageons d\u2019abord en Asie. Le Japon y poursuivait sa mont\u00e9e en puissance. Pour bien comprendre ce qui mena le Japon \u00e0 la guerre totale, il faut en expliquer les conflits externe et interne. Luttant depuis des d\u00e9cennies pour \u00e9viter la colonisation europ\u00e9enne, le Japon privil\u00e9giait pour sa politique ext\u00e9rieure la force tout en se gardant d\u2019inqui\u00e9ter outre mesure les Occidentaux. De cet \u00e9quilibre p\u00e9rilleux naquit n\u00e9anmoins un empire. Depuis son \u00e9tonnante victoire maritime \u00e0 Tsushima en 1905, qui avait vu le Japon, alors pourtant consid\u00e9r\u00e9 comme une puissance inf\u00e9rieure car non-occidentale, vaincre le puissant Empire russe, la puissance japonaise n\u2019avait cess\u00e9 d\u2019augmenter.<\/p>\n\n\n\n<p class=\"has-text-align-justify\">Le Japon annexa la Cor\u00e9e en 1910. Se rangeant du c\u00f4t\u00e9 de l\u2019Entente lors de la Premi\u00e8re Guerre mondiale, le Japon s\u2019arrogea le privil\u00e8ge de s\u2019emparer des nombreux territoires allemands du Pacifique. Cet expansionnisme mettait en p\u00e9ril le fragile \u00e9quilibre de l\u2019Asie. C\u2019est que la Chine, exp\u00e9rimentant le \u00ab&nbsp;si\u00e8cle de l\u2019humiliation&nbsp;\u00bb, vivait l\u2019une des p\u00e9riodes les plus dures de son histoire et manquait de s\u2019effondrer. Une telle d\u00e9liquescence de la Chine mena\u00e7ait le commerce hautement profitable aux Occidentaux dont elle \u00e9tait le centre n\u00e9vralgique en Asie. Les Etats-Unis s\u2019\u00e9chin\u00e8rent alors \u00e0 temp\u00e9rer l\u2019expansionnisme japonais pour permettre la survie de la lucrative Chine. Il faut dire que le Japon imp\u00e9rial s\u2019industrialisait avec une c\u00e9l\u00e9rit\u00e9 peu commune. On l\u2019a compris, la politique ext\u00e9rieure japonaise \u00e9tait bic\u00e9phale mais surtout contradictoire. Il faut d\u00e9sormais y superposer un conflit interne.<\/p>\n\n\n\n<p class=\"has-text-align-justify\"><img decoding=\"async\" width=\"357\" height=\"218\" src=\"\">Dans le Japon imp\u00e9rial, le pouvoir \u00e9tait d\u00e9tenu par les militaires. Cependant, la Marine et l\u2019arm\u00e9e de terre n\u2019avaient ni les m\u00eames objectifs ni les m\u00eames ennemis d\u00e9sign\u00e9s. La Marine consid\u00e9rait le p\u00e9ril am\u00e9ricain comme le premier, celui qu\u2019il convenait d\u2019\u00e9liminer pour s\u2019emparer de l\u2019Asie du Sud-Est et agrandir l\u2019empire sans heurts. L\u2019arm\u00e9e de terre, elle, consid\u00e9rait le \u00ab&nbsp;p\u00e9ril rouge&nbsp;\u00bb, que repr\u00e9sentaient les Sovi\u00e9tiques, bien plus pr\u00e9occupant. Marine et arm\u00e9e se disputant les cr\u00e9dits annuels (part du budget annuel leur \u00e9tant allou\u00e9e) fut la r\u00e9sultante de ce conflit, dont je vous \u00e9pargne quelques complications. En 1931, ce ne fut ni le gouvernement ni l\u2019empereur Hiro-Hito qui ordonn\u00e8rent de s\u2019emparer de la Mandchourie. Le gouvernement fut plac\u00e9 devant le fait accompli par des boutefeux Japonais.<\/p>\n\n\n\n<h2 class=\"wp-block-heading\"><span class=\"has-inline-color has-black-color\">La guerre en Asie<\/span><\/h2>\n\n\n\n<p class=\"has-text-align-justify\">De nombreuses petites pouss\u00e9es suppl\u00e9mentaires s\u2019op\u00e9r\u00e8rent sans que la guerre n\u2019\u00e9clate avec un Tchiang Ka\u00ef-shek se sachant incapable de faire face avec sa Chine nationaliste si fragilement unie. Le 7 juillet 1937, ce ne fut pas non plus l\u2019Empereur qui ordonna d\u2019attaquer le Chine. L\u2019incident du pont Marco Polo (nord-est de la Chine) ne tint \u00e0 rien et enclencha une escalade d\u00e9mesur\u00e9e. Pourtant, Tokyo acceptait toujours le fait accompli et le cautionnait m\u00eame. Pour garder son assise sur la Chine, Tchiang Ka\u00ef-shek devait garder sa l\u00e9gitimit\u00e9. Ni Nankin, ni Tokyo ne souhaitait en r\u00e9alit\u00e9 cette guerre&nbsp;: elle aurait pu \u00eatre \u00e9vit\u00e9e facilement. D\u2019autant que viser la Chine alors que l\u2019ennemi d\u00e9sign\u00e9 \u00e9tait, au choix, l\u2019URSS ou les Etats-Unis n\u2019\u00e9tait pas un bon calcul pour le Japon qui esp\u00e9rait cette guerre courte, \u00e0 tort. Sans compter que le p\u00e9ril rouge se pr\u00e9cisait.<\/p>\n\n\n\n<div class=\"wp-block-image\"><figure class=\"aligncenter size-large is-resized\"><img decoding=\"async\" src=\"https:\/\/conservativenthusiast.com\/wp-content\/uploads\/2020\/10\/TCE-WWI-I.jpg\" alt=\"\" class=\"wp-image-1691\" width=\"821\" height=\"499\" srcset=\"https:\/\/conservativenthusiast.com\/wp-content\/uploads\/2020\/10\/TCE-WWI-I.jpg 821w, https:\/\/conservativenthusiast.com\/wp-content\/uploads\/2020\/10\/TCE-WWI-I-480x292.png 480w\" sizes=\"(min-width: 0px) and (max-width: 480px) 480px, (min-width: 481px) 821px, 100vw\" \/><figcaption><strong><em>Carte de l&#8217;Asie et possessions japonaises en 1939<\/em><\/strong><\/figcaption><\/figure><\/div>\n\n\n\n<p class=\"has-text-align-justify\">Le fait que le Japon ait sign\u00e9 avec l\u2019Allemagne et l\u2019Italie le pacte anti-komintern en 1936 (le komintern d\u00e9signe l\u2019URSS et son id\u00e9e de communisme international) engendra des tensions entre le Japon et l\u2019URSS autour de la Mongolie. En 1938, l\u2019URSS soutint officiellement la Chine (nourriture, mat\u00e9riel, conseillers, ing\u00e9nieurs \u2026) contre l\u2019envahisseur japonais. La m\u00eame ann\u00e9e, la premi\u00e8re bataille \u00e0 la fronti\u00e8re survint&nbsp;au lac Khassan. L\u2019URSS, voyant la puissance de l\u2019Allemagne nazie (alli\u00e9e au Japon) grandir en Europe, voulait d\u00e9faire les Japonais pour s\u2019assurer qu\u2019ils n\u2019attaqueraient plus par la suite. En mai 1939, un nouvel incident survint, engageant la bataille de Khalkin Gol, remport\u00e9e par les Sovi\u00e9tiques.<\/p>\n\n\n\n<p class=\"has-text-align-justify\">Avec le pacte de non-agression germano-sovi\u00e9tique (1939), le Japon se r\u00e9signa \u00e0 \u00e9galement signer un trait\u00e9 avec l\u2019URSS, ce qui desservira plus tard grandement Hitler (on y reviendra). Le Japon, qui favorisait une strat\u00e9gie d\u2019expansion terrestre, lui pr\u00e9f\u00e9rait d\u00e9sormais une strat\u00e9gie maritime, motivant la guerre contre les Am\u00e9ricains. De fait, le Japon, pour s\u2019agrandir, \u00e0 part en Chine, devait forc\u00e9ment f\u00e2cher un grand d\u2019occident. Qu\u2019on en juge&nbsp;: le Raj (Inde, Pakistan, Bangladesh et Birmanie actuels), Hong-Kong, la Malaisie et Singapour \u00e9taient aux Britanniques ; l\u2019Indochine (Vi\u00eat Nam, Cambodge et Laos actuels) \u00e0 la France ; les Philippines aux Etats-Unis ; les Indes Orientales (Indon\u00e9sie actuelle) aux N\u00e9erlandais ; l\u2019Australie faisait partie du Commonwealth britannique et l\u2019URSS mena\u00e7ait au nord. Le Japon d\u00e9cidera de tous les f\u00e2cher en m\u00eame temps.<\/p>\n\n\n\n<h2 class=\"wp-block-heading\"><span class=\"has-inline-color has-black-color\">La mont\u00e9e des totalitarismes en Europe<\/span><\/h2>\n\n\n\n<p class=\"has-text-align-justify\">Alors que l\u2019Europe se pacifie enfin, apr\u00e8s la boucherie de la Grande Guerre (1914-1918) et ses remous jusque dans les ann\u00e9es 1920, les totalitarismes s\u2019\u00e9veillent. Le premier sera le moins parfait&nbsp;: Mussolini, cr\u00e9a le parti national fasciste (PNF) en 1921, profitant de la \u00ab&nbsp;victoire mutil\u00e9e&nbsp;\u00bb italienne de 14-18. Car l\u2019Italie \u00e9tait sortie meurtrie de la Grande Guerre sans avoir re\u00e7u, comme l\u2019avaient promis les puissances de l\u2019Entente, les terres qu\u2019elle revendiquait&nbsp;: en particulier les terres irr\u00e9dentes. Par son antisocialisme et son antisyndicalisme, Mussolini s\u2019attira le soutien de la bourgeoisie et de la classe moyenne. Le 28 octobre 1922, avec les \u00ab&nbsp;chemises noires&nbsp;\u00bb, Mussolini intimida l\u2019\u00e9tat et forma un nouveau gouvernement. D\u00e8s 1925, son parti devint le seul et il s\u2019arrogea des pouvoirs dictatoriaux.<\/p>\n\n\n\n<p class=\"has-text-align-justify\">Adolf Hitler s\u2019inspira de Mussolini et, \u00e0 la t\u00eate du parti qu\u2019il venait de refonder, le Parti national-socialiste des travailleurs allemands (NSDAP), ou parti \u00ab&nbsp;nazi&nbsp;\u00bb, tenta le putsch de la Brasserie, \u00e0 Munich, contre la R\u00e9publique de Weimar en 1923. Le r\u00e9gime weimarien \u00e9tait effectivement tr\u00e8s faible, d\u00e9muni de forces arm\u00e9es satisfaisantes, accabl\u00e9 par les indemnit\u00e9s de guerre, mais ne tomba pas si facilement. Le putsch \u00e9tait manqu\u00e9, Hitler jet\u00e9 en prison. <\/p>\n\n\n\n<p class=\"has-text-align-justify\">A sa sortie, il reprit la t\u00eate du NSDAP et profita de la double crise \u00e9conomique (1921-1923 avec l\u2019hyperinflation puis 1929 avec la Grande D\u00e9pression) qui augmenta la mis\u00e8re et le ch\u00f4mage en Allemagne, pour gagner les \u00e9lections de 1933. Le 30 janvier 1933, Hitler devint chancelier&nbsp;; interdit les autres partis apr\u00e8s l\u2019incendie du Reichstag le 27 f\u00e9vrier&nbsp;; contr\u00f4la la population et fit arr\u00eater, par les SA et SS, les opposants (surtout communistes) pour les d\u00e9porter dans les premiers camps de concentration d\u00e8s 1933&nbsp;; purifia son parti avec la nuit des longs couteaux en 1934&nbsp;; cumula les titres de chancelier et pr\u00e9sident d\u2019Allemagne \u00e0 la mort du mar\u00e9chal Hindenburg en ao\u00fbt 1934&nbsp;; et promulgua des lois antis\u00e9mites (dites de Nuremberg) en 1935.<\/p>\n\n\n\n<p class=\"has-text-align-justify\">La Premi\u00e8re Guerre mondiale pr\u00e9cipita l\u2019Empire russe dans le gouffre par les r\u00e9volutions russes de 1917. Du chaos de la guerre civile, l\u2019URSS \u00e9mergea. Staline y \u00e9limina tous ses opposants politiques, souvent physiquement, apr\u00e8s la mort de L\u00e9nine en 1924. Il acc\u00e9da \u00e0 la fonction de secr\u00e9taire g\u00e9n\u00e9ral du parti communiste et instaura le socialisme dans un pays. Son r\u00e9gime devint totalitaire, le \u00ab&nbsp;grand tournant&nbsp;\u00bb s\u2019op\u00e9ra avec la collectivisation des terres (1929-1933), s\u2019accompagnant de la d\u00e9koulakisation (chasse aux riches paysans), causant \u00e9galement la terrible famine d\u2019Ukraine (Holodomor&nbsp;: 1932-1933)&nbsp;; mena les proc\u00e8s de Moscou (truqu\u00e9s) en 1936 puis la Grande Purge (1937-1939) pour renouveler les responsables politiques et \u00e9liminer des opposants potentiels. Il d\u00e9capita \u00e9galement l\u2019Arm\u00e9e rouge de ses hauts dirigeants.<\/p>\n\n\n\n<h2 class=\"wp-block-heading\"><span class=\"has-inline-color has-black-color\">Les forces de l&#8217;Axe enclenchent l&#8217;engrenage<\/span><\/h2>\n\n\n\n<p class=\"has-text-align-justify\">L\u2019Allemagne et le Japon, puis \u00e9galement l\u2019Italie, sign\u00e8rent le pacte anti-Komintern en 1936, dirig\u00e9 directement contre l\u2019URSS. L\u2019Allemagne nazie condamnait le \u00ab&nbsp;jud\u00e9o-bolch\u00e9visme&nbsp;\u00bb dans son programme et Hitler comptait conqu\u00e9rir \u00ab&nbsp;l\u2019espace vital&nbsp;\u00bb (<em>Lebensraum<\/em>) n\u00e9cessaire aux colons allemands pour un IIIe Reich allemand cens\u00e9 durer 1&nbsp;000 ans. Mais pour l\u2019heure, Hitler ne tenait pas \u00e0 entrer en guerre contre le g\u00e9ant sovi\u00e9tique. Et puis, l\u2019ennemi h\u00e9r\u00e9ditaire se trouvait \u00e0 l\u2019ouest&nbsp;: la France. Lorsque la guerre civile espagnole \u00e9clata (1936-1939), Franco, fachiste, s\u2019opposant au gouvernement socialiste du Frente Popular&nbsp;; l\u2019Italie et l\u2019Allemagne soutinrent sans r\u00e9serve Franco, tout comme l\u2019URSS soutint le Frente Popular. La France et le Royaume-Uni \u00e9taient les grands absents de cette \u00e9quation, ils ne s\u2019impliqu\u00e8rent qu\u2019avec la plus grande prudence pour pr\u00e9server la paix europ\u00e9enne.<\/p>\n\n\n\n<p class=\"has-text-align-justify\">Pourtant, en France, la IIIe R\u00e9publique \u00e9tait celle du Front Populaire. Il est \u00e0 noter que les d\u00e9mocraties \u00e9taient bien seules dans cette Europe de r\u00e9gimes totalitaires ou autoritaires. Barcelone et Madrid tomb\u00e8rent finalement en 1939, Franco triompha. Pour l\u2019Allemagne et l\u2019Italie, cette guerre civile fut l\u2019occasion de mettre en \u0153uvre des strat\u00e9gies militaires, notamment a\u00e9riennes, qui furent utilis\u00e9es lors de la Seconde Guerre mondiale. En 1938, Hitler annexa l\u2019Autriche (<em>Anschluss<\/em>) et revendiqua les Sud\u00e8tes tch\u00e9coslovaques dont la population \u00e9tait majoritairement allemande, provoquant de vives tensions. <\/p>\n\n\n\n<p class=\"has-text-align-justify\">Cette m\u00eame ann\u00e9e, Daladier (France), Chamberlain (Grande-Bretagne), Mussolini (Italie) et Hitler (Allemagne) organis\u00e8rent la conf\u00e9rence de Munich durant laquelle les repr\u00e9sentants des d\u00e9mocraties franco-britanniques, farouchement pacifistes, c\u00e9d\u00e8rent pour sauver la paix. Mussolini apaisa les inqui\u00e9tudes, les Sud\u00e8tes revenaient \u00e0 l\u2019Allemagne et Hitler promettait de ne plus rien annexer. Mais \u00e0 peine la crise des Sud\u00e8tes fut-elle r\u00e9gl\u00e9e qu\u2019Hitler chercha \u00e0 s\u2019emparer de l\u2019enti\u00e8re Tch\u00e9coslovaquie. En 1939, Hitler viola d\u00e9lib\u00e9r\u00e9ment les accords de Munich et s\u2019empara d\u2019une large partie de la Tch\u00e9coslovaquie. Apr\u00e8s tout, il violait d\u00e9j\u00e0 all\u00e8grement le trait\u00e9 de Versailles de 1919, le \u00ab&nbsp;coup de poignard dans le dos&nbsp;\u00bb comme le surnommait Hitler, en r\u00e9armant l\u2019Allemagne. L\u2019Italie n\u2019\u00e9tait pas en reste et annexait l\u2019Albanie o\u00f9 elle avait d\u00e9j\u00e0 une grande influence. Ce n\u2019\u00e9tait l\u00e0 que la premi\u00e8re \u00e9tape d\u2019une ambition immense de r\u00e9tablir un territoire digne de l\u2019Empire romain&nbsp;; une ambition qui commen\u00e7ait par l\u2019invasion de la Gr\u00e8ce selon Mussolini.<\/p>\n\n\n\n<p class=\"has-text-align-justify\">L\u2019Allemagne et l\u2019Italie sign\u00e8rent le pacte d\u2019acier en 1939, \u00e9tablissant l\u2019alliance militaire des puissances de l\u2019Axe Rome-Berlin. Hitler \u00e9tait un diplomate de talent, il jouait un temps la brutalit\u00e9, un autre la douceur. En ao\u00fbt 1939, le pacte de non-agression germano-sovi\u00e9tique (pacte Molotov-Ribbentrop) surprit l\u2019Europe et contenait surtout une clause secr\u00e8te du partage de la Pologne. Cette derni\u00e8re, pour avoir un acc\u00e8s \u00e0 la mer Baltique, coupait le IIIe Reich en deux. On n\u2019oubliera pas non plus que la Pologne avait \u00e9t\u00e9 form\u00e9e sur les d\u00e9bris des empires allemand, austro-hongrois et russe en 1918 et qu\u2019elle s\u2019\u00e9tait agrandie aux d\u00e9pends de l\u2019URSS, ce que Staline n\u2019avait pas oubli\u00e9.<\/p>\n\n\n\n<h2 class=\"wp-block-heading\"><span class=\"has-inline-color has-black-color\">La guerre \u00e9clate en Europe<\/span><\/h2>\n\n\n\n<p class=\"has-text-align-justify\"><img decoding=\"async\" width=\"157\" height=\"148\" src=\"\"><img decoding=\"async\" width=\"267\" height=\"181\" src=\"\">Le 1er septembre 1939, apr\u00e8s un faux incident (de Gleiwitz) et un ultimatum, l\u2019Allemagne attaqua la Pologne. Celle-ci ne put se d\u00e9fendre, surtout lorsque l\u2019URSS l\u2019attaqua sur ses arri\u00e8res le 17 septembre. La Pologne, seule, fut d\u00e9faite le 6 octobre. La France et la Grande-Bretagne avaient pourtant d\u00e9clar\u00e9 la guerre \u00e0 l\u2019Allemagne le 3 septembre, mais n\u2019avaient pas agi. Les Alli\u00e9s pr\u00e9f\u00e9r\u00e8rent miser sur la d\u00e9fense avec la ligne Maginot. Quelle erreur&nbsp;! Hitler avait tout le temps de pr\u00e9parer son attaque \u00e0 l\u2019ouest. De fait, il attaqua d\u2019abord au nord&nbsp;en avril 1940 : le Danemark et la Norv\u00e8ge, pour s\u00e9curiser la route du fer provenant de la Su\u00e8de neutre.<\/p>\n\n\n\n<div class=\"wp-block-image\"><figure class=\"aligncenter size-large\"><img decoding=\"async\" width=\"413\" height=\"390\" src=\"https:\/\/conservativenthusiast.com\/wp-content\/uploads\/2020\/10\/TCE-WWII-II.jpg\" alt=\"\" class=\"wp-image-1692\" srcset=\"https:\/\/conservativenthusiast.com\/wp-content\/uploads\/2020\/10\/TCE-WWII-II.jpg 413w, https:\/\/conservativenthusiast.com\/wp-content\/uploads\/2020\/10\/TCE-WWII-II-300x283.jpg 300w\" sizes=\"(max-width: 413px) 100vw, 413px\" \/><figcaption><strong><em>Campagne de Pologne en 1939<\/em><\/strong><\/figcaption><\/figure><\/div>\n\n\n\n<p class=\"has-text-align-justify\">Le F\u00fchrer attaqua enfin \u00e0 l\u2019ouest l\u2019ennemi h\u00e9r\u00e9ditaire&nbsp;: la France. Pour cela, il rusa en faisant une diversion le 10 mai 1940 l\u00e0 o\u00f9 on l\u2019attendait&nbsp;: en Belgique, au nord&nbsp;; alors que le point critique de son plan \u00e9tait de percer par les Ardennes, for\u00eat pourtant r\u00e9put\u00e9e infranchissable, surtout avec des tanks. C\u2019est pr\u00e9cis\u00e9ment l\u00e0 qu\u2019Hitler lan\u00e7a ses colonnes blind\u00e9es et pi\u00e9gea au nord les Alli\u00e9s. Ces derniers, qui n\u2019avaient pas de r\u00e9serve strat\u00e9gique (quelle erreur&nbsp;!), en furent r\u00e9duits \u00e0 se replier sur le port de Dunkerque pour r\u00e9embarquer vers l\u2019Angleterre. La fuite fut un succ\u00e8s, 300&nbsp;000 soldats Alli\u00e9s s\u2019\u00e9chapp\u00e8rent gr\u00e2ce au sacrifice de milliers de Fran\u00e7ais qui d\u00e9fendaient la ville.<\/p>\n\n\n\n<div class=\"wp-block-image\"><figure class=\"aligncenter size-large\"><img decoding=\"async\" width=\"613\" height=\"413\" src=\"https:\/\/conservativenthusiast.com\/wp-content\/uploads\/2020\/10\/TCE-WWII-III.png\" alt=\"\" class=\"wp-image-1693\" srcset=\"https:\/\/conservativenthusiast.com\/wp-content\/uploads\/2020\/10\/TCE-WWII-III.png 613w, https:\/\/conservativenthusiast.com\/wp-content\/uploads\/2020\/10\/TCE-WWII-III-480x323.png 480w\" sizes=\"(min-width: 0px) and (max-width: 480px) 480px, (min-width: 481px) 613px, 100vw\" \/><figcaption><strong><em>Invasion de la France en 1940<\/em><\/strong><\/figcaption><\/figure><\/div>\n\n\n\n<div class=\"wp-block-image\"><figure class=\"alignleft size-large\"><img decoding=\"async\" width=\"410\" height=\"390\" src=\"https:\/\/conservativenthusiast.com\/wp-content\/uploads\/2020\/10\/TCE-WWII-IV.jpg\" alt=\"\" class=\"wp-image-1694\" srcset=\"https:\/\/conservativenthusiast.com\/wp-content\/uploads\/2020\/10\/TCE-WWII-IV.jpg 410w, https:\/\/conservativenthusiast.com\/wp-content\/uploads\/2020\/10\/TCE-WWII-IV-300x285.jpg 300w\" sizes=\"(max-width: 410px) 100vw, 410px\" \/><figcaption><strong><em>D\u00e9coupage de la France de 1940 \u00e0 1942<\/em><\/strong><\/figcaption><\/figure><\/div>\n\n\n\n<p class=\"has-text-align-justify\"><img decoding=\"async\" width=\"207\" height=\"196\" src=\"\">D\u00e8s lors, la France n\u2019avait plus les moyens de se d\u00e9fendre. C\u2019est ce moment que choisit la courageuse Italie pour d\u00e9clarer la guerre \u00e0 la France le 10 juin. L\u2019offensive italienne se brisa lamentablement sur les Alpes contre des chasseurs alpins particuli\u00e8rement efficaces. Les Allemands, eux, \u00e9taient inarr\u00eatables. Tant et si bien que P\u00e9tain fut invit\u00e9 \u00e0 prendre le pouvoir et demanda la cessation imm\u00e9diate des combats le 17 juin 1940. Le 18, de Gaulle appela \u00e0 la r\u00e9sistance depuis Londres. Le 22, l\u2019armistice franco-allemand fut sign\u00e9. L\u2019Angleterre, elle, resta de la partie. S\u2019engagea alors la Bataille d\u2019Angleterre&nbsp;: la Luftwaffe (arm\u00e9e de l\u2019air allemande) affronta la Royal Air Force pendant des mois. La technique du Blitz, qui consistait \u00e0 viser sp\u00e9cifiquement les villes historiques et dens\u00e9ment peupl\u00e9es, prit le pas sur le duel a\u00e9rien. Les bombes pleuvaient sur Londres. Churchill, Premier ministre et moteur de la r\u00e9sistance, \u00e9tait le dernier mais pugnace ennemi du F\u00fchrer. Il se d\u00e9mena pour amener tant l\u2019URSS que les Etats-Unis dans le conflit. Pendant ce temps, Mussolini d\u00e9cida d\u2019attaquer l\u2019Egypte britannique et la Gr\u00e8ce. Les deux op\u00e9rations furent de cuisants \u00e9checs. Le soldat italien \u00e9tait courageux mais mal command\u00e9, mal \u00e9quip\u00e9, mal nourri, car la logistique \u00e9tait mal g\u00e9r\u00e9e. Hitler devait secourir son alli\u00e9 italien. Pour ce faire, il envoya Rommel, g\u00e9n\u00e9ral comp\u00e9tent, en Afrique du nord pour relever la situation. L\u2019Afrika Korps fut cr\u00e9\u00e9 et l\u2019offensive relanc\u00e9e. Le F\u00fchrer s\u2019occupa ensuite des Balkans. Il attaqua d\u00e9but avril 1941 la Yougoslavie, r\u00e9alisant son plus bel exemple de Blitzkrieg r\u00e9ussi puis poursuivit contre la Gr\u00e8ce. Les deux pays furent terrass\u00e9s en moins de deux mois. Hitler fit cesser le Blitz sur Londres. Il avait mieux \u00e0 faire&nbsp;: il devait maintenant conqu\u00e9rir l\u2019espace vital pour la \u00ab&nbsp;race aryenne&nbsp;\u00bb.<\/p>\n\n\n\n<h2 class=\"wp-block-heading\"><span class=\"has-inline-color has-black-color\">Le d\u00e9but de la guerre germano-sovi\u00e9tique<\/span><\/h2>\n\n\n\n<div class=\"wp-block-image\"><figure class=\"alignright size-large\"><img decoding=\"async\" width=\"347\" height=\"390\" src=\"https:\/\/conservativenthusiast.com\/wp-content\/uploads\/2020\/10\/TCE-WWII-V.jpg\" alt=\"\" class=\"wp-image-1695\" srcset=\"https:\/\/conservativenthusiast.com\/wp-content\/uploads\/2020\/10\/TCE-WWII-V.jpg 347w, https:\/\/conservativenthusiast.com\/wp-content\/uploads\/2020\/10\/TCE-WWII-V-267x300.jpg 267w\" sizes=\"(max-width: 347px) 100vw, 347px\" \/><figcaption><strong><em>Op\u00e9ration Barbarossa, d\u00e9clench\u00e9e le 22 juin 1941<\/em><\/strong><\/figcaption><\/figure><\/div>\n\n\n\n<p class=\"has-text-align-justify\"><img decoding=\"async\" width=\"223\" height=\"250\" src=\"\">Hitler, faisant fi du pacte de non-agression sign\u00e9 moins de deux ans plus t\u00f4t, attaqua sans d\u00e9claration de guerre l\u2019URSS le 22 juin 1941. C\u2019\u00e9tait la plus grande invasion de l\u2019Histoire\u00a0: 3,8 millions d\u2019hommes s\u2019\u00e9lanc\u00e8rent dans l\u2019immensit\u00e9 russe\u00a0! L\u2019arm\u00e9e \u00e9tait scind\u00e9e en trois pour poursuivre autant d\u2019objectifs distincts\u00a0: L\u00e9ningrad, berceau du Bolch\u00e9visme, objectif id\u00e9ologique\u00a0; Moscou, objectif politique\u00a0; Kiev, objectif \u00e9conomique. L\u2019invasion fut spectaculaire\u00a0: les Allemands mirent le si\u00e8ge sur L\u00e9ningrad d\u00e9but septembre 1941. Kiev tomba \u00e9galement en septembre mais avait n\u00e9cessit\u00e9 un d\u00e9tour du groupe d\u2019arm\u00e9es centre. Ce d\u00e9lai, exig\u00e9 par Hitler, fit perdre un temps pr\u00e9cieux au groupe d\u2019arm\u00e9es centre qui ne put marcher sur Moscou \u00e0 nouveau que l\u2019hiver venu. Les Allemands furent repouss\u00e9s, alors qu\u2019ils avaient atteint les faubourgs de Moscou, le 5 d\u00e9cembre 1941. Si l\u2019URSS s\u2019\u00e9tait montr\u00e9e totalement d\u00e9sempar\u00e9e de prime abord, elle se ressaisissait. D\u2019ailleurs, Staline avait ordonn\u00e9 le d\u00e9placement en urgence de 1\u00a0500 usines de l\u2019ouest vers l\u2019est, derri\u00e8re Moscou\u00a0! La capacit\u00e9 industrielle sovi\u00e9tique n\u2019\u00e9tait pas an\u00e9antie, ce qui sera crucial ensuite. Avant d\u2019aller plus loin, il nous faut rappeler que cette invasion fut suivie par les <em>Einsatzgruppen<\/em>, des hommes charg\u00e9s d\u2019exterminer les Juifs et les Slaves, \u00ab\u00a0races\u00a0\u00bb consid\u00e9r\u00e9es comme inf\u00e9rieures et n\u00e9fastes. Cette invasion occasionna donc la Shoah par balle\u00a0: l\u2019ex\u00e9cution sommaire des ennemis d\u00e9sign\u00e9s du r\u00e9gime nazi. Un exemple donnera un go\u00fbt de l\u2019horreur que cache ces mots\u00a0: les 29 et 30 septembre 1941, les Einsatzgruppen assassin\u00e8rent 33\u00a0771 hommes, femmes et enfants juifs au ravin de Babi Yar en Ukraine, un record.<\/p>\n\n\n\n<h2 class=\"wp-block-heading\"><span class=\"has-inline-color has-black-color\">La guerre prend une dimension mondiale<\/span><\/h2>\n\n\n\n<p class=\"has-text-align-justify\">Le 7 d\u00e9cembre 1941, la guerre devint mondiale. Le Japon, qui \u00e9tait en guerre contre la Chine depuis 1937 alors que ses ennemis d\u00e9sign\u00e9s \u00e9taient soit l\u2019URSS soit les Etats-Unis, vit son arm\u00e9e s\u2019enliser dans un conflit sans int\u00e9r\u00eat. Le Japon imp\u00e9rial avait besoin de ressources et surtout de p\u00e9trole. Or les Etats-Unis, plus grand fournisseur de p\u00e9trole, avait mis un embargo sur le Japon qu\u2019ils jugeaient trop expansionniste. Alors le Japon d\u00e9cida, dos au mur, d\u2019attaquer les Etats-Unis \u00e0 Hawa\u00ef le 7 d\u00e9cembre 1941.<\/p>\n\n\n\n<p class=\"has-text-align-justify\">L\u2019objectif de cette attaque surprise, sans d\u00e9claration de guerre, sur Pearl Harbor, \u00e9tait fond\u00e9 sur la croyance na\u00efve que toute la flotte am\u00e9ricaine serait dans le port. Si le Japon pouvait priver les Etats-Unis de leur flotte d\u00e8s la premi\u00e8re action du conflit, alors les Am\u00e9ricains pourraient renoncer \u00e0 la guerre ou, dans le cas contraire, auraient bien du mal \u00e0 devenir rapidement une menace. L\u2019attaque, d\u00e9peinte aujourd\u2019hui comme une fulgurante victoire, fut en r\u00e9alit\u00e9 un fiasco strat\u00e9gique. Le Japon ne coula d\u00e9finitivement que trois tr\u00e8s vieux cuirass\u00e9s. Pour autant, le Japon avait du mordant&nbsp;: des attaques se d\u00e9cha\u00een\u00e8rent partout en Asie du sud-est&nbsp;contre les territoires des puissances de l\u2019ouest&nbsp;; Philippines, Singapour, Hong-Kong, Indon\u00e9sie, rien ne r\u00e9sista. Le Japon avait besoin des ressources naturelles de ces terres. Les Japonais, se consid\u00e9rant sup\u00e9rieurs aux autres asiatiques, voulaient lib\u00e9rer l\u2019Asie du joug europ\u00e9en dans l\u2019id\u00e9e de former la \u00ab&nbsp;Grande Asie&nbsp;\u00bb. C\u2019\u00e9tait troquer la domination europ\u00e9enne pour celle du \u00ab&nbsp;grand fr\u00e8re japonais&nbsp;\u00bb. Pendant ce temps, les Etats-Unis internaient 100&nbsp;000 Japonais am\u00e9ricains dans des camps, craignant la collusion avec Tokyo.<\/p>\n\n\n\n<div class=\"wp-block-image\"><figure class=\"alignright size-large is-resized\"><img decoding=\"async\" src=\"https:\/\/conservativenthusiast.com\/wp-content\/uploads\/2020\/10\/TCE-WWII-VI.png\" alt=\"\" class=\"wp-image-1696\" width=\"364\" height=\"386\" srcset=\"https:\/\/conservativenthusiast.com\/wp-content\/uploads\/2020\/10\/TCE-WWII-VI.png 432w, https:\/\/conservativenthusiast.com\/wp-content\/uploads\/2020\/10\/TCE-WWII-VI-283x300.png 283w\" sizes=\"(max-width: 364px) 100vw, 364px\" \/><figcaption><strong><em>Europe en janvier 1942 (puissances de l&#8217;Axe en noir)<\/em><\/strong><\/figcaption><\/figure><\/div>\n\n\n\n<p class=\"has-text-align-justify\"><img decoding=\"async\" width=\"253\" height=\"268\" src=\"\">Hitler d\u00e9clara la guerre aux Etats-Unis le 11 d\u00e9cembre 1941. Le F\u00fchrer pensait, \u00e0 tort, que s\u2019il rejoignait le Japon dans sa guerre, ce dernier le rejoindrait dans la sienne contre l\u2019URSS. Or, l\u2019URSS \u00e9tait au bord du gouffre fin 1941. Le Japon n\u2019en fera rien. C\u2019est l\u00e0 que les cons\u00e9quences du trait\u00e9 russo-japonais de 1939 prennent tout leur sens. La guerre mondiale \u00e9tait d\u00e9sormais engag\u00e9e. Il est \u00e0 noter que les Am\u00e9ricains fournissaient d\u00e9j\u00e0 largement les Alli\u00e9s et surtout l\u2019URSS en mat\u00e9riel depuis juin 1941. Plus encore, les Etats-Unis s\u2019\u00e9taient entendus avec le Royaume-Uni au d\u00e9but de l\u2019ann\u00e9e pour instaurer le principe de \u00ab&nbsp;L\u2019Allemagne d\u2019abord&nbsp;\u00bb (<em>Germany First<\/em>), d\u00e9signant Berlin comme l\u2019ennemi principal. Avant de finir 1941, il semble important de souligner que la r\u00e9sistance se d\u00e9veloppa en Europe. En France, certes, d\u00e8s 1940 et surtout apr\u00e8s le 22 juin 1941 (les Communistes rejoignant massivement la r\u00e9sistance). Mais pas seulement. La r\u00e9sistance se fit partout, m\u00eame en Allemagne. Les organisations les plus handicapantes pour l\u2019occupant allemand furent sans aucun doute les r\u00e9sistances polonaise, yougoslave (sous Tito) et russe, o\u00f9 de v\u00e9ritables arm\u00e9es partisanes sabotaient la logistique. Mettons un second pied dans l\u2019horreur de la Shoah avec 1942&nbsp;; en janvier se d\u00e9roula la conf\u00e9rence de Wannsee o\u00f9 fut d\u00e9cid\u00e9e la solution finale&nbsp;: l\u2019assassinat des Juifs (principalement) dans des camps, non plus de concentration, mais d\u2019extermination. Nommons les plus ignobles&nbsp;: Auschwitz-Birkenau, Treblinka, Belzec, Sobibor, Chelmno, compl\u00e9tant l\u2019action des dizaines de camps de concentration tels que Dachau et Buchenwald. La vaste majorit\u00e9 des camps de la mort furent construits en Pologne. Ce revirement \u00e9tait largement li\u00e9 \u00e0 l\u2019\u00e9chec de l\u2019op\u00e9ration Barbarossa. En lien avec l\u2019Holocauste, il nous faut dire que la France vichiste, r\u00e9gime collaborationniste, faisait tourner son industrie pour le Grand Reich, justifiant les terribles bombardements des Alli\u00e9s sur le territoire fran\u00e7ais, mais prenait \u00e9galement le pli id\u00e9ologique de l\u2019occupant avec la rafle du V\u00e9l\u2019 d\u2019Hiv les 16 et 17 juillet 1942.<\/p>\n\n\n\n<p class=\"has-text-align-justify\">En 1942, Hitler r\u00e9organisa avec brio son arm\u00e9e sur le front de l\u2019est et se pr\u00e9para \u00e0 l\u2019assaut. Tout le monde pensait que Moscou serait la cible&nbsp;: ce sera en fait Stalingrad. Le F\u00fchrer tenait l\u00e0 un plan fabuleux. Il manquera cependant de chance. Stalingrad, pour bien des raisons, fut tenue <em>in extremis<\/em> par les Sovi\u00e9tiques. Quel beau troph\u00e9e c\u2019e\u00fbt \u00e9t\u00e9 pour Hitler que de prendre une ville portant le nom de Staline&nbsp;! Ce dernier ne le laissa pas faire. L\u2019arm\u00e9e allemande du g\u00e9n\u00e9ral Paulus fut enferm\u00e9e dans la ville, soudainement encercl\u00e9e par les Sovi\u00e9tiques. Rien ne pourrait sauver cette arm\u00e9e. Les Allemands \u00e9taient encore repouss\u00e9s mais l\u2019URSS demeurait au bord de la d\u00e9faite.<\/p>\n\n\n\n<h2 class=\"wp-block-heading\"><span class=\"has-inline-color has-black-color\">1942 : Le tournant de la guerre<\/span><\/h2>\n\n\n\n<p class=\"has-text-align-justify\"><img decoding=\"async\" width=\"277\" height=\"207\" src=\"\">Dans le Pacifique et en Asie, le Japon semblait inarr\u00eatable et infligeait des d\u00e9faites humiliantes aux Europ\u00e9ens mais surtout aux Britanniques qui furent repouss\u00e9s jusqu\u2019en Inde &#8230; M\u00eame Singapour, consid\u00e9r\u00e9e comme une forteresse imprenable par l\u2019amiraut\u00e9 britannique tomba en quelque jours. Pourtant, la bataille de Midway du 5 au 7 juin 1942 fut une d\u00e9cisive d\u00e9faite maritime pour le Japon qui, il faut le dire, manqua cruellement de chance durant cet engagement face aux Am\u00e9ricains. Sur terre, ces derniers se r\u00e9veill\u00e8rent et un combat acharn\u00e9 commen\u00e7a, semblable \u00e0 Stalingrad, toutes deux batailles charni\u00e8res de la Seconde Guerre mondiale&nbsp;: c\u2019\u00e9tait la bataille de Guadalcanal (sur une \u00eele au nord-est de l\u2019Australie).<\/p>\n\n\n\n<p class=\"has-text-align-justify\">Ce n\u2019est pas un hasard si 1942 est une ann\u00e9e charni\u00e8re du conflit. Les Alli\u00e9s avaient industriellement repris le dessus. En 1942, l\u2019Axe sortait 26&nbsp;000 avions et 11&nbsp;000 chars de ses usines, les Alli\u00e9s en produisaient respectivement 100&nbsp;000 et 58&nbsp;000. Ajoutons \u00e9galement que la guerre des ondes (d\u00e9cryptage) tourna en faveur des Alli\u00e9s avec les premiers craquages des codes allemands (comme la fameuse Enigma, dont le code fut d\u00e9finitivement cass\u00e9 l\u2019ann\u00e9e suivante).<\/p>\n\n\n\n<div class=\"wp-block-image\"><figure class=\"aligncenter size-large is-resized\"><img decoding=\"async\" src=\"https:\/\/conservativenthusiast.com\/wp-content\/uploads\/2020\/10\/TCE-WWII-VII.jpg\" alt=\"\" class=\"wp-image-1697\" width=\"452\" height=\"339\" \/><figcaption><strong><em>Situation du front avant la bataille de Koursk ( \u00e9t\u00e9 1943)<\/em><\/strong><\/figcaption><\/figure><\/div>\n\n\n\n<p class=\"has-text-align-justify\">En juillet 1943 se joua sur le front de l\u2019est la plus grande bataille de blind\u00e9s de l\u2019Histoire \u00e0 Koursk. Ce fut une victoire tactique mais une d\u00e9faite strat\u00e9gique pour l\u2019Allemagne&nbsp;: ses blind\u00e9s \u00e9taient meilleurs mais trop peu nombreux. Cette d\u00e9faite allemande \u00e9tait d\u00e9cisive et marqua le v\u00e9ritable tournant de la guerre en Europe. Plus que Stalingrad, c\u2019est \u00e0 Koursk qu\u2019Hitler prit pour la derni\u00e8re fois l\u2019offensive sur le front de l\u2019est.<\/p>\n\n\n\n<p class=\"has-text-align-justify\">En Afrique du Nord, Rommel fut repouss\u00e9 et un d\u00e9barquement alli\u00e9 advint le 8 novembre 1942 au Maroc et en Alg\u00e9rie. La guerre du d\u00e9sert devint impossible pour Rommel qui se replia vers Tunis. 1943 s\u2019ouvrait sur la perte d\u2019une arm\u00e9e allemande \u00e0 Stalingrad et sur l\u2019abandon de Guadalcanal pour les Japonais, tous deux en f\u00e9vrier. Goebbels, ministre de la propagande du Reich, d\u00e9clara alors la guerre totale. Les Alli\u00e9s d\u00e9truisirent l\u2019Afrika Korps en Tunisie en mai puis d\u00e9barqu\u00e8rent en Sicile en juillet et enfin en dans la botte italienne en septembre 1943. L\u2019invasion de la forteresse Europe avait d\u00e9but\u00e9 et les Alli\u00e9s \u00e9taient d\u00e9cid\u00e9s, depuis la conf\u00e9rence de Casablanca en janvier 1943, \u00e0 accepter des puissances de l\u2019Axe uniquement la capitulation sans condition. Le roi italien fit emprisonner Mussolini et signa derechef la paix avec les Alli\u00e9s le 3 septembre. Hitler ne pouvait l\u2019accepter&nbsp;: la Wehrmacht d\u00e9ferla sur l\u2019Italie et r\u00e9tablit autant la ligne de front que Mussolini au pouvoir.<\/p>\n\n\n\n<p class=\"has-text-align-justify\"><img decoding=\"async\" width=\"301\" height=\"217\" src=\"\">Dans le Pacifique, les Japonais ne cessaient de reculer contre les Am\u00e9ricains, signe annonciateur d&#8217;une d\u00e9faite prochaine du Japon dans la partie asiatique de la Seconde Guerre mondiale. Toutes les \u00eeles furent perdues une par une. La flotte japonaise ne faisait d\u00e9j\u00e0 plus le poids contre la machine de guerre am\u00e9ricaine. On notera la grande efficacit\u00e9 des sous-marins am\u00e9ricains. Les Philippines et les Mariannes, \u00e9tapes cruciales de la conqu\u00eate du Pacifique, \u00e9taient en vue. En Asie du sud-est, les Japonais peinaient contre la Chine alors que les Britanniques repartaient \u00e0 l\u2019offensive en Birmanie. En 1944, les Mariannes puis les Philippines tomb\u00e8rent apr\u00e8s une opini\u00e2tre r\u00e9sistance&nbsp;: le Japon \u00e9tait \u00e0 port\u00e9e des bombes. Du reste, la bataille pour les Philippines fut effroyable et la plus grande bataille maritime de l\u2019Histoire, la bataille du Golfe de Leyte, s\u2019y d\u00e9roula. Toutes deux se sold\u00e8rent sur une victoire am\u00e9ricaine.<\/p>\n\n\n\n<div class=\"wp-block-image\"><figure class=\"aligncenter size-large is-resized\"><img decoding=\"async\" src=\"https:\/\/conservativenthusiast.com\/wp-content\/uploads\/2020\/10\/TCE-WWII-VIII.jpg\" alt=\"\" class=\"wp-image-1698\" width=\"724\" height=\"522\" srcset=\"https:\/\/conservativenthusiast.com\/wp-content\/uploads\/2020\/10\/TCE-WWII-VIII.jpg 724w, https:\/\/conservativenthusiast.com\/wp-content\/uploads\/2020\/10\/TCE-WWII-VIII-480x346.jpg 480w\" sizes=\"(min-width: 0px) and (max-width: 480px) 480px, (min-width: 481px) 724px, 100vw\" \/><figcaption><strong><em>Les Am\u00e9ricains d\u00e9butent leur inexorable avanc\u00e9e dans le Pacifique (1943-1945)<\/em><\/strong><\/figcaption><\/figure><\/div>\n\n\n\n<p class=\"has-text-align-justify\"> Le Japon voyait sa machine de guerre se d\u00e9traquer mais venait d\u2019inventer une technique terrifiante et tr\u00e8s efficace pour lutter contre la flotte am\u00e9ricaine&nbsp;: les <em>Kamikazes<\/em>, le \u00ab&nbsp;vent divin&nbsp;\u00bb, des pilotes \u00e9crasant leur appareil sur les navires ennemis. La perte de terrain dans le Pacifique ne trouvait pas d\u2019\u00e9cho en Asie o\u00f9 l\u2019Empire du Soleil-Levant lan\u00e7a une inqui\u00e9tante op\u00e9ration en Birmanie pour enrayer la contre-attaque britannique et d\u00e9clencha une monstrueuse offensive, dite \u00ab&nbsp;Ichi-Go&nbsp;\u00bb contre la Chine nationaliste. Le Japon avait encore de la ressource.<\/p>\n\n\n\n<h2 class=\"wp-block-heading\"><span class=\"has-inline-color has-black-color\">Le d\u00e9barquement de Normandie et la lib\u00e9ration de la France<\/span><\/h2>\n\n\n\n<div class=\"wp-block-image\"><figure class=\"alignleft size-large\"><img decoding=\"async\" width=\"529\" height=\"390\" src=\"https:\/\/conservativenthusiast.com\/wp-content\/uploads\/2020\/10\/TCE-WWII-IX.jpg\" alt=\"\" class=\"wp-image-1699\" srcset=\"https:\/\/conservativenthusiast.com\/wp-content\/uploads\/2020\/10\/TCE-WWII-IX.jpg 529w, https:\/\/conservativenthusiast.com\/wp-content\/uploads\/2020\/10\/TCE-WWII-IX-480x354.jpg 480w\" sizes=\"(min-width: 0px) and (max-width: 480px) 480px, (min-width: 481px) 529px, 100vw\" \/><figcaption><strong><em>D\u00e9barquement de Normandie (6 juin 1944)<\/em><\/strong><\/figcaption><\/figure><\/div>\n\n\n\n<p class=\"has-text-align-justify\"><img decoding=\"async\" width=\"304\" height=\"224\" src=\"\">En Europe, les Alli\u00e9s de l\u2019ouest progressaient avec difficult\u00e9 en Italie puis d\u00e9barqu\u00e8rent en Normandie le 6 juin 1944 et en Provence le 15 ao\u00fbt 1944. Le second front en Europe, destin\u00e9 \u00e0 soulager l\u2019URSS, d\u00e9cid\u00e9 lors de la conf\u00e9rence de T\u00e9h\u00e9ran en novembre 1943, se mat\u00e9rialisait. La progression, en Normandie, fut particuli\u00e8rement difficile mais le front fut finalement perc\u00e9 et la route de Paris ouverte. La capitale fran\u00e7aise fut lib\u00e9r\u00e9e le 25 ao\u00fbt 1944. L\u2019effort des Alli\u00e9s se dirigea alors vers le Rhin, qui formait un formidable obstacle naturel. A l\u2019est, les Sovi\u00e9tiques \u00e9taient inarr\u00eatables&nbsp;: ils lanc\u00e8rent l\u2019op\u00e9ration Bagration le 22 juin 1944. Men\u00e9e en m\u00eame temps que le d\u00e9barquement de Normandie \u00e0 dessein, cette colossale op\u00e9ration d\u00e9truisit totalement le groupe d\u2019arm\u00e9es centre allemand.<\/p>\n\n\n\n<p class=\"has-text-align-justify\">La Wehrmacht (arm\u00e9e allemande) agonisait et dut r\u00e9duire la ligne de front. D\u00e8s lors, l\u2019Ukraine fut lib\u00e9r\u00e9e, la Roumanie cessa les hostilit\u00e9s et fut envahie. Prise entre deux feux, l\u2019Allemagne peinait \u00e0 attribuer ses ressources mais donnait et donnera toujours largement priorit\u00e9 au front de l\u2019est. On aurait d\u2019ailleurs tort de consid\u00e9rer l\u2019Allemagne comme industriellement an\u00e9antie avant cet instant. Gr\u00e2ce \u00e0 la politique de d\u00e9centralisation de production de Speer, le Reich tripla sa production d\u2019armements entre 1942 et 1944 pour culminer en \u00e9t\u00e9 1944. C\u2019est \u00e0 ce moment que les produits de remplacements du Reich (<em>Ersatz<\/em>) vinrent \u00e0 manquer. Les bombardements des Alli\u00e9s tuaient moins l\u2019industrie allemande que les civils. On peut citer \u00e0 cet \u00e9gard le bombardement de Dresde dans la nuit du 13 au 14 f\u00e9vrier 1945 qui tua 140\u00a0000 Allemands. A l\u2019ouest, l\u2019op\u00e9ration Market Garden, qui visait \u00e0 parachuter des soldats derri\u00e8re les lignes ennemies pour prendre les ponts du Rhin, fut un cuisant \u00e9chec. Les Allemands r\u00e9sist\u00e8rent non seulement sur le Rhin mais lanc\u00e8rent en plus une contre-attaque qui donna des sueurs froides aux Alli\u00e9s en d\u00e9cembre 1944.<\/p>\n\n\n\n<h2 class=\"wp-block-heading\"><span class=\"has-inline-color has-black-color\">Le Grand Reich \u00e0 l&#8217;agonie<\/span><\/h2>\n\n\n\n<p class=\"has-text-align-justify\">En 1945, pourtant, les Alli\u00e9s \u00e0 l\u2019ouest pass\u00e8rent le Rhin et butt\u00e8rent sur la ligne Siegfried (Maginot made in Germany). Une fois cet ultime obstacle surmont\u00e9, les Alli\u00e9s d\u00e9ferl\u00e8rent sur le territoire allemand. A l\u2019est, les Sovi\u00e9tiques exerc\u00e8rent une formidable pression et l\u2019op\u00e9ration Vistule-Oder balaya les Allemands en janvier 1945. Berlin \u00e9tait en vue. D\u00e9j\u00e0 les Alli\u00e9s d\u00e9cidaient, avec la conf\u00e9rence de Yalta en f\u00e9vrier 1945, de l\u2019Europe d\u2019apr\u00e8s-guerre et de l\u2019occupation de l\u2019Allemagne.<\/p>\n\n\n\n<p class=\"has-text-align-justify\">Les fronts ouest et est se rencontr\u00e8rent \u00e0 Torgau sur l\u2019Elbe le 25 avril 1945. Les Am\u00e9ricains laiss\u00e8rent le champ libre aux Sovi\u00e9tiques pour prendre Berlin. Staline tenait l\u00e0 une victoire politique inestimable. Les Sovi\u00e9tiques, comme toujours avec des effectifs d\u00e9lirants, fondirent enfin sur Berlin o\u00f9 \u00e9tait retranch\u00e9 Hitler. La ville fut \u00e9rig\u00e9e en forteresse pour l\u2019occasion. L\u2019objectif \u00e9tait le Reichstag (parlement). Devant l\u2019inexorable progression sovi\u00e9tique, Hitler se suicida dans son bunker le 30 avril 1945. La ville d\u00e9posa les armes le 2 mai. Le 8 mai, la capitulation sans condition de l\u2019Allemagne nazie fut sign\u00e9e. La Seconde Guerre mondiale en Europe prenait fin.<\/p>\n\n\n\n<h2 class=\"wp-block-heading\"><span class=\"has-inline-color has-black-color\">La fin de la Seconde Guerre mondiale<\/span><\/h2>\n\n\n\n<div class=\"wp-block-image\"><figure class=\"aligncenter size-large\"><img decoding=\"async\" width=\"760\" height=\"563\" src=\"https:\/\/conservativenthusiast.com\/wp-content\/uploads\/2020\/10\/TCE-WWII-X.jpg\" alt=\"\" class=\"wp-image-1700\" srcset=\"https:\/\/conservativenthusiast.com\/wp-content\/uploads\/2020\/10\/TCE-WWII-X.jpg 760w, https:\/\/conservativenthusiast.com\/wp-content\/uploads\/2020\/10\/TCE-WWII-X-480x356.jpg 480w\" sizes=\"(min-width: 0px) and (max-width: 480px) 480px, (min-width: 481px) 760px, 100vw\" \/><figcaption><strong><em>Guerre du Pacifique (1942-1945)<\/em><\/strong><\/figcaption><\/figure><\/div>\n\n\n\n<p class=\"has-text-align-justify\"><img decoding=\"async\" width=\"271\" height=\"201\" src=\"\">Dans le Pacifique, 1945 s\u2019annon\u00e7ait sanglante. Les Alli\u00e9s progress\u00e8rent en Birmanie puis en Indochine. Les Am\u00e9ricains abord\u00e8rent enfin les \u00eeles les plus proches du Japon. Les batailles d\u2019Iwo Jima (f\u00e9vrier-mars) et d\u2019Okinawa (avril-juin) furent si sanglantes que le projet d\u2019invasion du Japon-m\u00eame fut abandonn\u00e9. La crainte des <em>Kamikazes<\/em> qui occasionnaient des pertes significatives, aggrava la chose. Iwo Jima, Okinawa, les <em>Kamikazes<\/em>, Le Japon voulait dissuader les Am\u00e9ricains d\u2019envahir l\u2019archipel nippon, c\u2019\u00e9tait chose faite. Le r\u00e9sultat ne fut cependant pas celui escompt\u00e9. Apr\u00e8s un ultimatum et des bombardements meurtriers du Japon, les Am\u00e9ricains l\u00e2ch\u00e8rent la premi\u00e8re bombe nucl\u00e9aire le 6 ao\u00fbt 1945 sur Hiroshima. Une unique bombe terrassa la ville (140&nbsp;000 morts).<\/p>\n\n\n\n<p class=\"has-text-align-justify\">Les Sovi\u00e9tiques entr\u00e8rent alors en guerre contre le Japon le 8 ao\u00fbt 1945. La Mandchourie (r\u00e9gion au nord des Cor\u00e9es) fut envahie extr\u00eamement rapidement par les Sovi\u00e9tiques. N\u00e9anmoins, pour montrer aux Japonais que cette bombe atomique n\u2019\u00e9tait pas la seule que poss\u00e9daient les Etats-Unis, une seconde bombe atomique fut l\u00e2ch\u00e9e, cette fois sur Nagasaki, le 9 ao\u00fbt 1945 (70&nbsp;000 morts). Le Japon demanda l\u2019arr\u00eat des combats le 15 ao\u00fbt. La capitulation sans condition fut sign\u00e9e le 2 septembre 1945&nbsp;: le Japon n\u2019avait d\u2019autre choix, les Alli\u00e9s s\u2019\u00e9taient engag\u00e9s \u00e0 exiger cette conclusion de la guerre lors de la conf\u00e9rence de Potsdam (juillet-ao\u00fbt 1945). La Seconde Guerre mondiale prit fin, laissant le monde plonger dans la guerre froide.<\/p>\n\n\n\n<h2 class=\"wp-block-heading\"><span class=\"has-inline-color has-black-color\">Sources (texte) :<\/span><\/h2>\n\n\n\n<p><strong>Keegan,<\/strong>&nbsp;John (2009)<strong>.<\/strong>&nbsp;<em>La Deuxi\u00e8me Guerre mondiale<\/em><strong>.<\/strong>&nbsp;Paris<strong>&nbsp;:&nbsp;<\/strong>Perrin<strong>,<\/strong>&nbsp;817p<strong>.<\/strong><\/p>\n\n\n\n<p><strong>Bernard,<\/strong>&nbsp;Nicolas (2015)<strong>.<\/strong>&nbsp;<em>La Guerre germano-sovi\u00e9tique, 1941-1943<\/em><strong>.<\/strong> Paris<strong>&nbsp;:&nbsp;<\/strong>Tallandier<strong>,<\/strong>&nbsp;448p<strong>.<\/strong><\/p>\n\n\n\n<p><strong>Bernard,<\/strong>&nbsp;Nicolas (2015)<strong>.<\/strong>&nbsp;<em>La Guerre germano-sovi\u00e9tique, 1943-1945<\/em><strong>.<\/strong> Paris<strong>&nbsp;:&nbsp;<\/strong>Tallandier<strong>,<\/strong>&nbsp;576p<strong>.<\/strong><\/p>\n\n\n\n<p><strong>Bernard,<\/strong>&nbsp;Nicolas (2016)<strong>.<\/strong>&nbsp;<em>La Guerre du Pacifique, 1941-1945<\/em><strong>.<\/strong>&nbsp;Paris<strong>&nbsp;:&nbsp;<\/strong>Tallandier<strong>,<\/strong>&nbsp;816p<strong>.<\/strong><\/p>\n\n\n\n<p><strong>Lopez,<\/strong>&nbsp;Jean&nbsp;; <strong>Wieviorka<\/strong>, Olivier (2015)<strong>.<\/strong>&nbsp;<em>Les mythes de la Seconde Guerre mondiale<\/em><strong>.<\/strong> Paris<strong>&nbsp;:&nbsp;<\/strong>Perrin<strong>,<\/strong>&nbsp;350p<strong>.<\/strong><\/p>\n\n\n\n<p><strong>Lopez, <\/strong>Jean&nbsp;;<strong> Aubin, <\/strong>Nicolas&nbsp;;<strong> Bernard,<\/strong>&nbsp;Vincent (2018)<strong>.<\/strong>&nbsp;<em>Infographie de la Seconde Guerre mondiale<\/em><strong>.<\/strong>&nbsp;Paris<strong>&nbsp;:&nbsp;<\/strong>Perrin<strong>,<\/strong>&nbsp;192p<strong>.<\/strong><\/p>\n\n\n\n<p><strong>R\u00e9mond,<\/strong>&nbsp;Ren\u00e9 (2002)<strong>.<\/strong>&nbsp;<em>Le XXe si\u00e8cle de 1914 \u00e0 nos jours<\/em><strong>.<\/strong>&nbsp;France<strong>&nbsp;: <\/strong>\u00c9ditions du Seuil<strong>,<\/strong>&nbsp;306p<strong>.<\/strong><\/p>\n\n\n\n<p><strong>Touchard, <\/strong>Patrice&nbsp;; <strong>Bermond-Bousquet, <\/strong>Christine&nbsp;; <strong>Cabanel, <\/strong>Patrick&nbsp;;<strong> Lefebvre,<\/strong> Maxime (2010)<strong>.<\/strong>&nbsp;<em>Le si\u00e8cle des exc\u00e8s, de 1870 \u00e0 nos jours<\/em><strong>.<\/strong>&nbsp;Paris<strong>&nbsp;:&nbsp;<\/strong>Puf<strong>,<\/strong>&nbsp;780p<strong>.<\/strong><\/p>\n\n\n\n<p><strong>Qu\u00e9tel,<\/strong>&nbsp;Claude (2015)<strong>.<\/strong>&nbsp;<em>Histoire d\u2019un monde en guerre<\/em><strong>.<\/strong>&nbsp;France<strong>&nbsp;:&nbsp;<\/strong>Editions Larousse et Editions M\u00e9morial de Caen<strong>,<\/strong>&nbsp;530p<strong>.<\/strong><\/p>\n\n\n\n<p>\u00ab L\u2019Atlas des empires \u00bb (2019, janvier)<strong>.<\/strong>&nbsp;<em>Le Monde<\/em><strong>,<\/strong>&nbsp;no 27&nbsp;(num\u00e9ro sp\u00e9cial)<strong>,<\/strong>&nbsp;p<strong>.<\/strong>&nbsp;122-123&nbsp;; 148-149<strong>.<\/strong><\/p>\n\n\n\n<p>\u00ab 1939-1945, la Seconde Guerre mondiale \u00bb (2015, mai-juin-juillet)<strong>.<\/strong>&nbsp;<em>La Marche de l\u2019Histoire<\/em><strong>,<\/strong>&nbsp;no 05&nbsp;(num\u00e9ro sp\u00e9cial)<strong>.<\/strong><\/p>\n\n\n\n<h2 class=\"wp-block-heading\"><span class=\"has-inline-color has-black-color\">Sources (images) :<\/span><\/h2>\n\n\n\n<p><a href=\"https:\/\/it.wikipedia.org\/wiki\/File:Mengjiang_map_1939.svg\">https:\/\/it.wikipedia.org\/wiki\/File:Mengjiang_map_1939.svg<\/a> (Possessions japonaises en 1939)<\/p>\n\n\n\n<p><a href=\"https:\/\/slideplayer.fr\/slide\/3188293\/\">https:\/\/slideplayer.fr\/slide\/3188293\/<\/a> (Invasion de la Pologne en 1939)<\/p>\n\n\n\n<p><a href=\"https:\/\/forum.il2sturmovik.com\/topic\/4789-summer-maps\/\">https:\/\/forum.il2sturmovik.com\/topic\/4789-summer-maps\/<\/a> (Fall Gelb, invasion de la France)<\/p>\n\n\n\n<p><a href=\"http:\/\/www.mont-valerien.fr\/de\/comprendre\/le-mont-valerien-pendant-la-seconde-guerre-mondiale\/la-guerre-et-loccupation-allemande\/?no_cache=1&amp;P=1\">http:\/\/www.mont-valerien.fr\/de\/comprendre\/le-mont-valerien-pendant-la-seconde-guerre-mondiale\/la-guerre-et-loccupation-allemande\/?no_cache=1&amp;P=1<\/a> (d\u00e9coupage France)<\/p>\n\n\n\n<p><a href=\"https:\/\/www.valka.cz\/14763-Uspechy-a-prohry-vojenskeho-zpravodajstvi-Moskva-1941\">https:\/\/www.valka.cz\/14763-Uspechy-a-prohry-vojenskeho-zpravodajstvi-Moskva-1941<\/a> (Barbarossa)<\/p>\n\n\n\n<p><a href=\"https:\/\/www.youtube.com\/watch?v=APunZ3zeqcY&amp;list=PL1Y_QqSigxGd2bhKcbMSqQSEVG6fiI4Mv&amp;index=2&amp;ab_channel=Historicus\">https:\/\/www.youtube.com\/watch?v=APunZ3zeqcY&amp;list=PL1Y_QqSigxGd2bhKcbMSqQSEVG6fiI4Mv&amp;index=2&amp;ab_channel=Historicus<\/a> (vid\u00e9o Youtube montrant l\u2019avanc\u00e9e de la guerre sur une carte)<\/p>\n\n\n\n<p><a href=\"https:\/\/www.beastsofwar.com\/flames-of-war\/battle-kursk-75th-anniversary-part-one-games-background\/\">https:\/\/www.beastsofwar.com\/flames-of-war\/battle-kursk-75th-anniversary-part-one-games-background\/<\/a> (front avant Koursk)<\/p>\n\n\n\n<p><a href=\"https:\/\/www.nationalww2museum.org\/war\/articles\/pacific-strategy-1941-1944\">https:\/\/www.nationalww2museum.org\/war\/articles\/pacific-strategy-1941-1944<\/a> (plans simultan\u00e9s)<\/p>\n\n\n\n<p><a href=\"https:\/\/www.larepubliquedespyrenees.fr\/2014\/06\/05\/debarquement-hommage-aux-veterans-en-normandie-et-ballet-diplomatique-a-paris,1196847.php\">https:\/\/www.larepubliquedespyrenees.fr\/2014\/06\/05\/debarquement-hommage-aux-veterans-en-normandie-et-ballet-diplomatique-a-paris,1196847.php<\/a> (06\/06\/44)<\/p>\n\n\n\n<p><a href=\"http:\/\/www.encyclopedie.bseditions.fr\/image\/article\/carte\/NAZICARTUSAS0001.jpg\">http:\/\/www.encyclopedie.bseditions.fr\/image\/article\/carte\/NAZICARTUSAS0001.jpg<\/a> (guerre du Pacifique de 1942 \u00e0 1945)<\/p>","protected":false},"excerpt":{"rendered":"<p>Voici le d\u00e9but d&#8217;une longue s\u00e9rie d&#8217;articles qui retracent les grands moments de l&#8217;Histoire, que vous pouvez retrouver \u00e0 tout [&hellip;]<\/p>","protected":false},"author":3,"featured_media":1707,"comment_status":"open","ping_status":"open","sticky":false,"template":"","format":"standard","meta":{"_et_pb_use_builder":"off","_et_pb_old_content":"","_et_gb_content_width":"","_exactmetrics_skip_tracking":false,"_exactmetrics_sitenote_active":false,"_exactmetrics_sitenote_note":"","_exactmetrics_sitenote_category":0,"footnotes":""},"categories":[6],"tags":[42,41,38,44,36,43,14,39,37],"yoast_head":"<!-- This site is optimized with the Yoast SEO plugin v22.3 - https:\/\/yoast.com\/wordpress\/plugins\/seo\/ -->\n<title>La Seconde Guerre mondiale (1939-1945) - The Conservative Enthusiast<\/title>\n<meta name=\"description\" content=\"\u27bd D\u00e9couvrez la Seconde Guerre mondiale : La plateforme d&#039;actualit\u00e9, d&#039;information, de partage et d&#039;apprentissage des conservateurs.\" \/>\n<meta name=\"robots\" content=\"index, follow, max-snippet:-1, max-image-preview:large, max-video-preview:-1\" \/>\n<link rel=\"canonical\" href=\"https:\/\/conservativenthusiast.com\/en\/la-seconde-guerre-mondiale-1939-1945\/\" \/>\n<meta property=\"og:locale\" content=\"en_GB\" \/>\n<meta property=\"og:type\" content=\"article\" \/>\n<meta property=\"og:title\" content=\"La Seconde Guerre mondiale (1939-1945) - The Conservative Enthusiast\" \/>\n<meta property=\"og:description\" content=\"\u27bd D\u00e9couvrez la Seconde Guerre mondiale : La plateforme d&#039;actualit\u00e9, d&#039;information, de partage et d&#039;apprentissage des conservateurs.\" \/>\n<meta property=\"og:url\" content=\"https:\/\/conservativenthusiast.com\/en\/la-seconde-guerre-mondiale-1939-1945\/\" \/>\n<meta property=\"og:site_name\" content=\"The Conservative Enthusiast\" \/>\n<meta property=\"article:author\" content=\"https:\/\/www.facebook.com\/Hgmonie-399430870688501\" \/>\n<meta property=\"article:published_time\" content=\"2020-10-03T12:32:10+00:00\" \/>\n<meta property=\"article:modified_time\" content=\"2020-11-25T18:23:57+00:00\" \/>\n<meta property=\"og:image\" content=\"https:\/\/conservativenthusiast.com\/wp-content\/uploads\/2020\/10\/Seconde-Guerre-mondiale-TCE.jpg\" \/>\n\t<meta property=\"og:image:width\" content=\"1024\" \/>\n\t<meta property=\"og:image:height\" content=\"812\" \/>\n\t<meta property=\"og:image:type\" content=\"image\/jpeg\" \/>\n<meta name=\"author\" content=\"Virgile H.\" \/>\n<meta name=\"twitter:card\" content=\"summary_large_image\" \/>\n<meta name=\"twitter:label1\" content=\"Written by\" \/>\n\t<meta name=\"twitter:data1\" content=\"Virgile H.\" \/>\n\t<meta name=\"twitter:label2\" content=\"Estimated reading time\" \/>\n\t<meta name=\"twitter:data2\" content=\"29 minutes\" \/>\n<script type=\"application\/ld+json\" class=\"yoast-schema-graph\">{\"@context\":\"https:\/\/schema.org\",\"@graph\":[{\"@type\":\"Article\",\"@id\":\"https:\/\/conservativenthusiast.com\/en\/la-seconde-guerre-mondiale-1939-1945\/#article\",\"isPartOf\":{\"@id\":\"https:\/\/conservativenthusiast.com\/en\/la-seconde-guerre-mondiale-1939-1945\/\"},\"author\":{\"name\":\"Virgile H.\",\"@id\":\"https:\/\/conservativenthusiast.com\/#\/schema\/person\/f47da4ef4c2e97efe4abec2793772472\"},\"headline\":\"La Seconde Guerre mondiale (1939-1945)\",\"datePublished\":\"2020-10-03T12:32:10+00:00\",\"dateModified\":\"2020-11-25T18:23:57+00:00\",\"mainEntityOfPage\":{\"@id\":\"https:\/\/conservativenthusiast.com\/en\/la-seconde-guerre-mondiale-1939-1945\/\"},\"wordCount\":5724,\"commentCount\":0,\"publisher\":{\"@id\":\"https:\/\/conservativenthusiast.com\/#organization\"},\"image\":{\"@id\":\"https:\/\/conservativenthusiast.com\/en\/la-seconde-guerre-mondiale-1939-1945\/#primaryimage\"},\"thumbnailUrl\":\"https:\/\/conservativenthusiast.com\/wp-content\/uploads\/2020\/10\/Seconde-Guerre-mondiale-TCE.jpg\",\"keywords\":[\"Adolf Hitler\",\"Benito Mussolini\",\"Charles de Gaulle\",\"Franklin D. Roosevelt\",\"Guerre\",\"Hiro-Hito\",\"Histoire\",\"Joseph Staline\",\"Winston Churchill\"],\"articleSection\":[\"Histoire\"],\"inLanguage\":\"en-GB\",\"potentialAction\":[{\"@type\":\"CommentAction\",\"name\":\"Comment\",\"target\":[\"https:\/\/conservativenthusiast.com\/en\/la-seconde-guerre-mondiale-1939-1945\/#respond\"]}]},{\"@type\":\"WebPage\",\"@id\":\"https:\/\/conservativenthusiast.com\/en\/la-seconde-guerre-mondiale-1939-1945\/\",\"url\":\"https:\/\/conservativenthusiast.com\/en\/la-seconde-guerre-mondiale-1939-1945\/\",\"name\":\"La Seconde Guerre mondiale (1939-1945) - The Conservative Enthusiast\",\"isPartOf\":{\"@id\":\"https:\/\/conservativenthusiast.com\/#website\"},\"primaryImageOfPage\":{\"@id\":\"https:\/\/conservativenthusiast.com\/en\/la-seconde-guerre-mondiale-1939-1945\/#primaryimage\"},\"image\":{\"@id\":\"https:\/\/conservativenthusiast.com\/en\/la-seconde-guerre-mondiale-1939-1945\/#primaryimage\"},\"thumbnailUrl\":\"https:\/\/conservativenthusiast.com\/wp-content\/uploads\/2020\/10\/Seconde-Guerre-mondiale-TCE.jpg\",\"datePublished\":\"2020-10-03T12:32:10+00:00\",\"dateModified\":\"2020-11-25T18:23:57+00:00\",\"description\":\"\u27bd D\u00e9couvrez la Seconde Guerre mondiale : La plateforme d'actualit\u00e9, d'information, de partage et d'apprentissage des conservateurs.\",\"breadcrumb\":{\"@id\":\"https:\/\/conservativenthusiast.com\/en\/la-seconde-guerre-mondiale-1939-1945\/#breadcrumb\"},\"inLanguage\":\"en-GB\",\"potentialAction\":[{\"@type\":\"ReadAction\",\"target\":[\"https:\/\/conservativenthusiast.com\/en\/la-seconde-guerre-mondiale-1939-1945\/\"]}]},{\"@type\":\"ImageObject\",\"inLanguage\":\"en-GB\",\"@id\":\"https:\/\/conservativenthusiast.com\/en\/la-seconde-guerre-mondiale-1939-1945\/#primaryimage\",\"url\":\"https:\/\/conservativenthusiast.com\/wp-content\/uploads\/2020\/10\/Seconde-Guerre-mondiale-TCE.jpg\",\"contentUrl\":\"https:\/\/conservativenthusiast.com\/wp-content\/uploads\/2020\/10\/Seconde-Guerre-mondiale-TCE.jpg\",\"width\":1024,\"height\":812,\"caption\":\"Seconde Guerre mondiale TCE\"},{\"@type\":\"BreadcrumbList\",\"@id\":\"https:\/\/conservativenthusiast.com\/en\/la-seconde-guerre-mondiale-1939-1945\/#breadcrumb\",\"itemListElement\":[{\"@type\":\"ListItem\",\"position\":1,\"name\":\"Accueil\",\"item\":\"https:\/\/conservativenthusiast.com\/\"},{\"@type\":\"ListItem\",\"position\":2,\"name\":\"La Seconde Guerre mondiale (1939-1945)\"}]},{\"@type\":\"WebSite\",\"@id\":\"https:\/\/conservativenthusiast.com\/#website\",\"url\":\"https:\/\/conservativenthusiast.com\/\",\"name\":\"The Conservative Enthusiast\",\"description\":\"La plateforme de r\u00e9information, de partage et d&#039;apprentissage des conservateurs.\",\"publisher\":{\"@id\":\"https:\/\/conservativenthusiast.com\/#organization\"},\"potentialAction\":[{\"@type\":\"SearchAction\",\"target\":{\"@type\":\"EntryPoint\",\"urlTemplate\":\"https:\/\/conservativenthusiast.com\/?s={search_term_string}\"},\"query-input\":\"required name=search_term_string\"}],\"inLanguage\":\"en-GB\"},{\"@type\":\"Organization\",\"@id\":\"https:\/\/conservativenthusiast.com\/#organization\",\"name\":\"The Conservative Enthusiast\",\"url\":\"https:\/\/conservativenthusiast.com\/\",\"logo\":{\"@type\":\"ImageObject\",\"inLanguage\":\"en-GB\",\"@id\":\"https:\/\/conservativenthusiast.com\/#\/schema\/logo\/image\/\",\"url\":\"https:\/\/i0.wp.com\/conservativeenthusiast.com\/wp-content\/uploads\/2020\/06\/LOGO-CE-MINI.png?fit=3867%2C1180&ssl=1\",\"contentUrl\":\"https:\/\/i0.wp.com\/conservativeenthusiast.com\/wp-content\/uploads\/2020\/06\/LOGO-CE-MINI.png?fit=3867%2C1180&ssl=1\",\"width\":3867,\"height\":1180,\"caption\":\"The Conservative Enthusiast\"},\"image\":{\"@id\":\"https:\/\/conservativenthusiast.com\/#\/schema\/logo\/image\/\"}},{\"@type\":\"Person\",\"@id\":\"https:\/\/conservativenthusiast.com\/#\/schema\/person\/f47da4ef4c2e97efe4abec2793772472\",\"name\":\"Virgile H.\",\"image\":{\"@type\":\"ImageObject\",\"inLanguage\":\"en-GB\",\"@id\":\"https:\/\/conservativenthusiast.com\/#\/schema\/person\/image\/\",\"url\":\"https:\/\/secure.gravatar.com\/avatar\/0ab0cc45bc0f52ccc70791c762119b9f?s=96&d=mm&r=g\",\"contentUrl\":\"https:\/\/secure.gravatar.com\/avatar\/0ab0cc45bc0f52ccc70791c762119b9f?s=96&d=mm&r=g\",\"caption\":\"Virgile H.\"},\"description\":\"Si vous appr\u00e9ciez les articles de ce r\u00e9dacteur et que vous souhaitez en d\u00e9couvrir davantage sur lui ou ses \u00e9crits, vous pouvez consulter tous ses articles en cliquant sur son pseudo ou en apprendre plus sur notre page \\\"Notre \u00e9quipe\\\". Vous pouvez \u00e9galement le suivre sur ses diff\u00e9rents r\u00e9seaux sociaux ci-dessous.\",\"sameAs\":[\"http:\/\/hegemonie.fr\/\",\"https:\/\/www.facebook.com\/Hgmonie-399430870688501\"],\"url\":\"https:\/\/conservativenthusiast.com\/en\/author\/virgile\/\"}]}<\/script>\n<!-- \/ Yoast SEO plugin. -->","yoast_head_json":{"title":"La Seconde Guerre mondiale (1939-1945) - The Conservative Enthusiast","description":"\u27bd D\u00e9couvrez la Seconde Guerre mondiale : La plateforme d'actualit\u00e9, d'information, de partage et d'apprentissage des conservateurs.","robots":{"index":"index","follow":"follow","max-snippet":"max-snippet:-1","max-image-preview":"max-image-preview:large","max-video-preview":"max-video-preview:-1"},"canonical":"https:\/\/conservativenthusiast.com\/en\/la-seconde-guerre-mondiale-1939-1945\/","og_locale":"en_GB","og_type":"article","og_title":"La Seconde Guerre mondiale (1939-1945) - The Conservative Enthusiast","og_description":"\u27bd D\u00e9couvrez la Seconde Guerre mondiale : La plateforme d'actualit\u00e9, d'information, de partage et d'apprentissage des conservateurs.","og_url":"https:\/\/conservativenthusiast.com\/en\/la-seconde-guerre-mondiale-1939-1945\/","og_site_name":"The Conservative Enthusiast","article_author":"https:\/\/www.facebook.com\/Hgmonie-399430870688501","article_published_time":"2020-10-03T12:32:10+00:00","article_modified_time":"2020-11-25T18:23:57+00:00","og_image":[{"width":1024,"height":812,"url":"https:\/\/conservativenthusiast.com\/wp-content\/uploads\/2020\/10\/Seconde-Guerre-mondiale-TCE.jpg","type":"image\/jpeg"}],"author":"Virgile H.","twitter_card":"summary_large_image","twitter_misc":{"Written by":"Virgile H.","Estimated reading time":"29 minutes"},"schema":{"@context":"https:\/\/schema.org","@graph":[{"@type":"Article","@id":"https:\/\/conservativenthusiast.com\/en\/la-seconde-guerre-mondiale-1939-1945\/#article","isPartOf":{"@id":"https:\/\/conservativenthusiast.com\/en\/la-seconde-guerre-mondiale-1939-1945\/"},"author":{"name":"Virgile H.","@id":"https:\/\/conservativenthusiast.com\/#\/schema\/person\/f47da4ef4c2e97efe4abec2793772472"},"headline":"La Seconde Guerre mondiale (1939-1945)","datePublished":"2020-10-03T12:32:10+00:00","dateModified":"2020-11-25T18:23:57+00:00","mainEntityOfPage":{"@id":"https:\/\/conservativenthusiast.com\/en\/la-seconde-guerre-mondiale-1939-1945\/"},"wordCount":5724,"commentCount":0,"publisher":{"@id":"https:\/\/conservativenthusiast.com\/#organization"},"image":{"@id":"https:\/\/conservativenthusiast.com\/en\/la-seconde-guerre-mondiale-1939-1945\/#primaryimage"},"thumbnailUrl":"https:\/\/conservativenthusiast.com\/wp-content\/uploads\/2020\/10\/Seconde-Guerre-mondiale-TCE.jpg","keywords":["Adolf Hitler","Benito Mussolini","Charles de Gaulle","Franklin D. Roosevelt","Guerre","Hiro-Hito","Histoire","Joseph Staline","Winston Churchill"],"articleSection":["Histoire"],"inLanguage":"en-GB","potentialAction":[{"@type":"CommentAction","name":"Comment","target":["https:\/\/conservativenthusiast.com\/en\/la-seconde-guerre-mondiale-1939-1945\/#respond"]}]},{"@type":"WebPage","@id":"https:\/\/conservativenthusiast.com\/en\/la-seconde-guerre-mondiale-1939-1945\/","url":"https:\/\/conservativenthusiast.com\/en\/la-seconde-guerre-mondiale-1939-1945\/","name":"La Seconde Guerre mondiale (1939-1945) - The Conservative Enthusiast","isPartOf":{"@id":"https:\/\/conservativenthusiast.com\/#website"},"primaryImageOfPage":{"@id":"https:\/\/conservativenthusiast.com\/en\/la-seconde-guerre-mondiale-1939-1945\/#primaryimage"},"image":{"@id":"https:\/\/conservativenthusiast.com\/en\/la-seconde-guerre-mondiale-1939-1945\/#primaryimage"},"thumbnailUrl":"https:\/\/conservativenthusiast.com\/wp-content\/uploads\/2020\/10\/Seconde-Guerre-mondiale-TCE.jpg","datePublished":"2020-10-03T12:32:10+00:00","dateModified":"2020-11-25T18:23:57+00:00","description":"\u27bd D\u00e9couvrez la Seconde Guerre mondiale : La plateforme d'actualit\u00e9, d'information, de partage et d'apprentissage des conservateurs.","breadcrumb":{"@id":"https:\/\/conservativenthusiast.com\/en\/la-seconde-guerre-mondiale-1939-1945\/#breadcrumb"},"inLanguage":"en-GB","potentialAction":[{"@type":"ReadAction","target":["https:\/\/conservativenthusiast.com\/en\/la-seconde-guerre-mondiale-1939-1945\/"]}]},{"@type":"ImageObject","inLanguage":"en-GB","@id":"https:\/\/conservativenthusiast.com\/en\/la-seconde-guerre-mondiale-1939-1945\/#primaryimage","url":"https:\/\/conservativenthusiast.com\/wp-content\/uploads\/2020\/10\/Seconde-Guerre-mondiale-TCE.jpg","contentUrl":"https:\/\/conservativenthusiast.com\/wp-content\/uploads\/2020\/10\/Seconde-Guerre-mondiale-TCE.jpg","width":1024,"height":812,"caption":"Seconde Guerre mondiale TCE"},{"@type":"BreadcrumbList","@id":"https:\/\/conservativenthusiast.com\/en\/la-seconde-guerre-mondiale-1939-1945\/#breadcrumb","itemListElement":[{"@type":"ListItem","position":1,"name":"Accueil","item":"https:\/\/conservativenthusiast.com\/"},{"@type":"ListItem","position":2,"name":"La Seconde Guerre mondiale (1939-1945)"}]},{"@type":"WebSite","@id":"https:\/\/conservativenthusiast.com\/#website","url":"https:\/\/conservativenthusiast.com\/","name":"The Conservative Enthusiast","description":"La plateforme de r\u00e9information, de partage et d&#039;apprentissage des conservateurs.","publisher":{"@id":"https:\/\/conservativenthusiast.com\/#organization"},"potentialAction":[{"@type":"SearchAction","target":{"@type":"EntryPoint","urlTemplate":"https:\/\/conservativenthusiast.com\/?s={search_term_string}"},"query-input":"required name=search_term_string"}],"inLanguage":"en-GB"},{"@type":"Organization","@id":"https:\/\/conservativenthusiast.com\/#organization","name":"The Conservative Enthusiast","url":"https:\/\/conservativenthusiast.com\/","logo":{"@type":"ImageObject","inLanguage":"en-GB","@id":"https:\/\/conservativenthusiast.com\/#\/schema\/logo\/image\/","url":"https:\/\/i0.wp.com\/conservativeenthusiast.com\/wp-content\/uploads\/2020\/06\/LOGO-CE-MINI.png?fit=3867%2C1180&ssl=1","contentUrl":"https:\/\/i0.wp.com\/conservativeenthusiast.com\/wp-content\/uploads\/2020\/06\/LOGO-CE-MINI.png?fit=3867%2C1180&ssl=1","width":3867,"height":1180,"caption":"The Conservative Enthusiast"},"image":{"@id":"https:\/\/conservativenthusiast.com\/#\/schema\/logo\/image\/"}},{"@type":"Person","@id":"https:\/\/conservativenthusiast.com\/#\/schema\/person\/f47da4ef4c2e97efe4abec2793772472","name":"Virgile H.","image":{"@type":"ImageObject","inLanguage":"en-GB","@id":"https:\/\/conservativenthusiast.com\/#\/schema\/person\/image\/","url":"https:\/\/secure.gravatar.com\/avatar\/0ab0cc45bc0f52ccc70791c762119b9f?s=96&d=mm&r=g","contentUrl":"https:\/\/secure.gravatar.com\/avatar\/0ab0cc45bc0f52ccc70791c762119b9f?s=96&d=mm&r=g","caption":"Virgile H."},"description":"Si vous appr\u00e9ciez les articles de ce r\u00e9dacteur et que vous souhaitez en d\u00e9couvrir davantage sur lui ou ses \u00e9crits, vous pouvez consulter tous ses articles en cliquant sur son pseudo ou en apprendre plus sur notre page \"Notre \u00e9quipe\". Vous pouvez \u00e9galement le suivre sur ses diff\u00e9rents r\u00e9seaux sociaux ci-dessous.","sameAs":["http:\/\/hegemonie.fr\/","https:\/\/www.facebook.com\/Hgmonie-399430870688501"],"url":"https:\/\/conservativenthusiast.com\/en\/author\/virgile\/"}]}},"_links":{"self":[{"href":"https:\/\/conservativenthusiast.com\/en\/wp-json\/wp\/v2\/posts\/1689"}],"collection":[{"href":"https:\/\/conservativenthusiast.com\/en\/wp-json\/wp\/v2\/posts"}],"about":[{"href":"https:\/\/conservativenthusiast.com\/en\/wp-json\/wp\/v2\/types\/post"}],"author":[{"embeddable":true,"href":"https:\/\/conservativenthusiast.com\/en\/wp-json\/wp\/v2\/users\/3"}],"replies":[{"embeddable":true,"href":"https:\/\/conservativenthusiast.com\/en\/wp-json\/wp\/v2\/comments?post=1689"}],"version-history":[{"count":11,"href":"https:\/\/conservativenthusiast.com\/en\/wp-json\/wp\/v2\/posts\/1689\/revisions"}],"predecessor-version":[{"id":3011,"href":"https:\/\/conservativenthusiast.com\/en\/wp-json\/wp\/v2\/posts\/1689\/revisions\/3011"}],"wp:featuredmedia":[{"embeddable":true,"href":"https:\/\/conservativenthusiast.com\/en\/wp-json\/wp\/v2\/media\/1707"}],"wp:attachment":[{"href":"https:\/\/conservativenthusiast.com\/en\/wp-json\/wp\/v2\/media?parent=1689"}],"wp:term":[{"taxonomy":"category","embeddable":true,"href":"https:\/\/conservativenthusiast.com\/en\/wp-json\/wp\/v2\/categories?post=1689"},{"taxonomy":"post_tag","embeddable":true,"href":"https:\/\/conservativenthusiast.com\/en\/wp-json\/wp\/v2\/tags?post=1689"}],"curies":[{"name":"wp","href":"https:\/\/api.w.org\/{rel}","templated":true}]}}