{"id":16680,"date":"2021-03-21T12:00:00","date_gmt":"2021-03-21T11:00:00","guid":{"rendered":"https:\/\/conservativeenthusiast.com\/?p=16680"},"modified":"2021-03-21T03:43:43","modified_gmt":"2021-03-21T02:43:43","slug":"michel-sardou-lenigme-dun-grand-homme","status":"publish","type":"post","link":"https:\/\/conservativenthusiast.com\/en\/michel-sardou-lenigme-dun-grand-homme\/","title":{"rendered":"Michel Sardou : l&#8217;\u00e9nigme d&#8217;un grand homme"},"content":{"rendered":"<p><\/p>\n\n\n\n<h3 class=\"wp-block-heading\"><strong><span class=\"has-inline-color has-black-color\">Introduction<\/span><\/strong><\/h3>\n\n\n\n<p><\/p>\n\n\n\n<p class=\"has-text-align-justify\">Cet article s\u2019inspire entre autres de l\u2019autobiographie de Michel Sardou, <em><a href=\"https:\/\/www.amazon.fr\/quon-nen-parle-plus-autobiographie\/dp\/2845634056\" target=\"_blank\" rel=\"noreferrer noopener\">Et qu\u2019on n\u2019en parle plus<\/a><\/em>\u00a0; et aborde certaines facettes m\u00e9connues d\u2019un personnage atypique trop souvent incompris. Par respect pour son auteur, je ne d\u00e9voile qu\u2019une partie des \u00e9l\u00e9ments racont\u00e9s dans cette autobiographie et m\u2019efforce de contextualiser ses citations ou ses d\u00e9clarations. Je vous invite par ailleurs d\u2019ores et d\u00e9j\u00e0 \u00e0 vous procurer cet ouvrage tr\u00e8s agr\u00e9able \u00e0 lire et touchant.<\/p>\n\n\n\n<p class=\"has-text-align-justify\">Mon analyse sur ces propos et l\u2019interpr\u00e9tation qui en d\u00e9coule n\u2019ont pour seuls buts que de dresser un portrait se voulant le plus honn\u00eate et objectif possible&nbsp;et de vous proposer un contenu pertinent qui ne trahit pas les \u00e9crits ou la pens\u00e9e de l\u2019auteur.<\/p>\n\n\n\n<p class=\"has-text-align-justify\">\u00c9videmment, nul n\u2019est mieux plac\u00e9 que Michel Sardou pour parler de Michel Sardou. Ainsi, \u00e0 l&#8217;instar des articles pr\u00e9c\u00e9dents que vous pourrez retrouver dans la <a href=\"https:\/\/conservativenthusiast.com\/en\/musique\/\" target=\"_blank\" rel=\"noreferrer noopener\">cat\u00e9gorie Musique<\/a>, cet article n\u2019a pas tant la pr\u00e9tention d\u2019\u00eatre une description exhaustive qu\u2019un hommage \u00e0 un v\u00e9ritable monument de la chanson fran\u00e7aise.<\/p>\n\n\n\n<p class=\"has-text-align-justify\">Tout au long de sa carri\u00e8re, Michel Sardou d\u00e9veloppe une identit\u00e9 artistique singuli\u00e8re et une grande diversit\u00e9 des th\u00e8mes abord\u00e9s de ses chansons qu\u2019il sublime par une voix puissante et p\u00e9n\u00e9trante. Mais il est aussi un chanteur tr\u00e8s controvers\u00e9 \u00e0 fort caract\u00e8re qui n\u2019a cess\u00e9 de faire pol\u00e9mique pourtant bien malgr\u00e9 lui.<\/p>\n\n\n\n<p class=\"has-text-align-justify\">Chers lecteurs, laissez-moi le plaisir de vous introduire ce personnage authentique et profond\u00e9ment inspirant qu\u2019est l\u2019immense Michel Sardou.<\/p>\n\n\n\n<p><\/p>\n\n\n\n<h3 class=\"wp-block-heading\"><strong><span class=\"has-inline-color has-black-color\">Des prises de position qui cr\u00e9ent la controverse<\/span><\/strong><\/h3>\n\n\n\n<p><\/p>\n\n\n\n<div class=\"wp-block-image\"><figure class=\"aligncenter size-large\"><img decoding=\"async\" width=\"640\" height=\"358\" src=\"https:\/\/conservativenthusiast.com\/wp-content\/uploads\/2021\/03\/sard.jpg\" alt=\"\" class=\"wp-image-16706\" srcset=\"https:\/\/conservativenthusiast.com\/wp-content\/uploads\/2021\/03\/sard.jpg 640w, https:\/\/conservativenthusiast.com\/wp-content\/uploads\/2021\/03\/sard-480x269.jpg 480w\" sizes=\"(min-width: 0px) and (max-width: 480px) 480px, (min-width: 481px) 640px, 100vw\" \/><\/figure><\/div>\n\n\n\n<p><\/p>\n\n\n\n<p class=\"has-text-align-justify\">Si beaucoup d\u2019entre vous le connaissent probablement pour <strong><em><a href=\"https:\/\/www.youtube.com\/watch?v=bpEmjxobvbY\" target=\"_blank\" rel=\"noreferrer noopener\">Les lacs du Connemara<\/a><\/em><\/strong> or <strong><em><a href=\"https:\/\/www.youtube.com\/watch?v=6YJ_V5V9Zek\" target=\"_blank\" rel=\"noreferrer noopener\">La maladie d\u2019amour<\/a><\/em><\/strong>, la plupart ignorent sans doute que Michel Sardou n\u2019a cess\u00e9 d\u2019agiter la classe m\u00e9diatique et politique par ses r\u00e9pliques cinglantes et ses prises de position jug\u00e9es \u00ab\u00a0d\u00e9rangeantes\u00a0\u00bb. Car s\u2019il refuse la d\u00e9signation de \u00ab\u00a0chanteur engag\u00e9\u00a0\u00bb, il d\u00e9clenche malgr\u00e9 lui de nombreuses controverses allant jusqu\u2019\u00e0 s\u2019attirer les foudres de certaines associations voire de certains personnages politiques.<\/p>\n\n\n\n<p class=\"has-text-align-justify\">Son premier fait d\u2019arme remonte \u00e0 1967 avec le titre <strong><em><a href=\"https:\/\/www.youtube.com\/watch?v=Qzd-IEd3d0I\" target=\"_blank\" rel=\"noreferrer noopener\">Les Ricains<\/a><\/em><\/strong>, chanson qui rend hommage au sacrifice des soldats am\u00e9ricains lors du d\u00e9barquement de Normandie en juin 1944. Ce titre, aux paroles politiquement engag\u00e9es, sera imm\u00e9diatement censur\u00e9 et interdit \u00e0 la demande des autorit\u00e9s gaullistes et vaut \u00e0 Sardou, alors \u00e2g\u00e9 de 20 ans, la r\u00e9putation de \u00ab\u00a0chanteur de droite\u00a0\u00bb. Notons que dans les ann\u00e9es 1960, l\u2019immense majorit\u00e9 des chansons engag\u00e9es penchent \u00e0 gauche et ne provoquent pourtant pas autant d\u2019indignation. Le hasard, sans doute.<\/p>\n\n\n\n<p>Voici ce que Sardou d\u00e9clare \u00e0 propos de la pol\u00e9mique des <em>Ricains<\/em>\u00a0:<\/p>\n\n\n\n<p><\/p>\n\n\n\n<p class=\"has-text-align-justify\"><em>\u00ab\u00a0Ce qui m\u2019a valu la haine de la gauche qui m\u2019a trait\u00e9 de facho et qui continue \u2013l\u2019acharnement est son fonds de commerce-, et celle des gaullistes qui m\u2019ont pris pour un emmerdeur. Comme je le leur rends bien, on est quittes.\u00a0\u00bb<\/em><\/p>\n\n\n\n<p><\/p>\n\n\n\n<p class=\"has-text-align-justify\">Au cours des ann\u00e9es 1970, le terme \u00ab\u00a0fasciste\u00a0\u00bb est d\u00e9j\u00e0 l\u2019\u00e9pith\u00e8te, que dis-je, l\u2019avanie pour d\u00e9signer une personne aux id\u00e9es \u00ab\u00a0de droite\u00a0\u00bb, ou pire, conservatrices. C\u2019est donc tout naturellement que le journal <em>L\u2019Humanit\u00e9 <\/em>qualifie ouvertement Michel Sardou de fasciste. Bien \u00e9videmment, cette accusation est formul\u00e9e par des apatrides de gauche aux valeurs universalistes et mondialistes qui ha\u00efssent ce qu\u2019ils croient reconnaitre en Sardou, c\u2019est-\u00e0-dire le patriotisme, le nationalisme, le populisme et le conservatisme. <em>L\u2019horreur, quasiment le nazisme.<\/em><\/p>\n\n\n\n<p><\/p>\n\n\n\n<p>Cette pol\u00e9mique n\u2019est que la premi\u00e8re d\u2019une longue s\u00e9rie.<\/p>\n\n\n\n<p><\/p>\n\n\n\n<p class=\"has-text-align-justify\">En 1976, parait l\u2019album <strong><em><a href=\"https:\/\/fr.wikipedia.org\/wiki\/La_Vieille_(album)\" target=\"_blank\" rel=\"noreferrer noopener\">La Vieille<\/a><\/em><\/strong> dans lequel figurent plusieurs titres qui feront grincer des dents nos amis bien-pensants. D\u2019abord avec <strong><em><a href=\"https:\/\/www.youtube.com\/watch?v=cFFST-az2qw\" target=\"_blank\" rel=\"noreferrer noopener\">Le Temps des colonies<\/a><\/em><\/strong>, Michel Sardou se voit accus\u00e9 de faire l\u2019apologie du \u00ab\u00a0colonialisme raciste\u00a0\u00bb. Comme toujours, les radios refuseront de diffuser le morceau et les m\u00e9dias s\u2019en donneront \u00e0 c\u0153ur joie. Voici notamment ce que commente le quotidien <em>Lib\u00e9ration<\/em> au sujet de la chanson\u00a0: <em>\u00ab\u00a0Le fascisme n\u2019est pas pass\u00e9 et Sardou va pouvoir continuer \u00e0 sortir ses sinistres merdes \u00e0 l\u2019antenne\u00a0\u00bb. <\/em>Original, me direz-vous.<\/p>\n\n\n\n<p class=\"has-text-align-justify\">La dimension protestataire des chansons de l\u2019album s\u2019\u00e9tend jusque dans le titre <strong><em><a href=\"https:\/\/www.youtube.com\/watch?v=eX04446tk_g\" target=\"_blank\" rel=\"noreferrer noopener\">Je suis pour<\/a><\/em><\/strong>, qui \u00e9voque un p\u00e8re dont l\u2019enfant a \u00e9t\u00e9 assassin\u00e9 et qui clame haut et fort\u00a0<em>:<\/em><\/p>\n\n\n\n<p><\/p>\n\n\n\n<p><em>\u00a0\u00ab\u00a0Tu as tu\u00e9 l\u2019enfant d\u2019un amour [\u2026] je veux ta mort, je suis pour\u00a0!\u00a0\u00bb<\/em><\/p>\n\n\n\n<p><\/p>\n\n\n\n<p class=\"has-text-align-justify\">Sorti en pleine <a href=\"https:\/\/fr.wikipedia.org\/wiki\/Patrick_Henry_(criminel)\" target=\"_blank\" rel=\"noreferrer noopener\">affaire <em>Patrick Henry<\/em><\/a>, Sardou se voit alors accus\u00e9 de faire l\u2019apologie de la peine de mort, ce dont il se d\u00e9fend en affirmant illustrer dans cette chanson la loi du talion et ne pas avoir eu connaissance de l\u2019affaire au moment de la sortie de la chanson. Pour autant, sa position sur la peine de mort semble assez marqu\u00e9e\u00a0:<\/p>\n\n\n\n<p><\/p>\n\n\n\n<p class=\"has-text-align-justify\"><em>\u00ab\u00a0Quand un p\u00e9dophile massacre un enfant et qu\u2019on l\u2019envoie en cure dans un \u00e9tablissement psychiatrique pour le lib\u00e9rer \u00ab\u00a0gu\u00e9ri\u00a0\u00bb quelques ann\u00e9es plus tard afin qu\u2019il r\u00e9cidive de plus belle, je suis totalement pour la peine de mort\u00a0et je le serai toujours\u00a0!\u00a0\u00bb<\/em><\/p>\n\n\n\n<p><\/p>\n\n\n\n<p class=\"has-text-align-justify\">En r\u00e9alit\u00e9, Sardou n\u2019est ni totalement pour, ni totalement contre\u00a0: ce n\u2019est pas tant la peine de mort que l\u2019application des peines qui l\u2019importe. Il se positionne davantage pour une justice punitive et plus stricte, d\u00e9fendant avant tout l\u2019int\u00e9r\u00eat de la victime et non celui du criminel\u00a0:<\/p>\n\n\n\n<p><\/p>\n\n\n\n<p class=\"has-text-align-justify\"><em>\u00ab\u00a0La peine de mort qu\u2019on l\u2019abolisse, tout \u00e0 fait. Mais qu\u2019on lib\u00e8re un mec apr\u00e8s dix ans, ou quinze ans, et que la fille qui a \u00e9t\u00e9 viol\u00e9e, massacr\u00e9e\u2026 [\u2026] je trouve qu\u2019il y a des limites. Que certaines choses sont choquantes.\u00a0\u00bb<\/em> C \u00e0 vous, 2019<\/p>\n\n\n\n<p><\/p>\n\n\n\n<p class=\"has-text-align-justify\">Les torts de l\u2019humanit\u00e9, Michel Sardou les d\u00e9nonce \u00e9galement dans le morceau tr\u00e8s controvers\u00e9 <strong><em><a href=\"https:\/\/www.youtube.com\/watch?v=YfiCzKPXxgg\" target=\"_blank\" rel=\"noreferrer noopener\">J\u2019accuse<\/a><\/em><\/strong>, qui lui vaudra d\u2019\u00eatre tax\u00e9 d\u2019homophobie suite \u00e0 cet extrait\u00a0:<\/p>\n\n\n\n<p><\/p>\n\n\n\n<p><em>\u00ab\u00a0J\u2019accuse les hommes de croire des hypocrites moiti\u00e9 p\u00e9d\u00e9s moiti\u00e9 hermaphrodites\u00a0\u00bb<\/em><\/p>\n\n\n\n<p><\/p>\n\n\n\n<p class=\"has-text-align-justify\">\u00c0 mes yeux, ce titre, aux paroles relativement vagues, d\u00e9nonce davantage les d\u00e9rives de l\u2019industrialisation et du productivisme et leurs cons\u00e9quences sur l\u2019\u00e9cologie que les mouvements LGBT qui n\u2019en sont qu\u2019au stade embryonnaire cette ann\u00e9e-l\u00e0. Il \u00e9crira d\u2019ailleurs en 1990 avec <em><a href=\"https:\/\/fr.wikipedia.org\/wiki\/Didier_Barbelivien\" target=\"_blank\" rel=\"noreferrer noopener\">Didier Barbelivien<\/a><\/em> la chanson <strong><em><a href=\"https:\/\/www.youtube.com\/watch?v=eAOnotuCoXQ\" target=\"_blank\" rel=\"noreferrer noopener\">Le privil\u00e8ge<\/a><\/em><\/strong> qui traite le th\u00e8me de l\u2019homosexualit\u00e9 et de la difficult\u00e9 du <em>coming-out<\/em>.<\/p>\n\n\n\n<p class=\"has-text-align-justify\">Mais comme toujours, une calomnie suppl\u00e9mentaire est toujours la bienvenue, surtout lorsqu\u2019on manque d\u2019arguments pour diaboliser un artiste qui d\u00e9plait aux adeptes d\u2019une certaine id\u00e9ologie.<\/p>\n\n\n\n<p class=\"has-text-align-justify\">Apr\u00e8s l\u2019accusation d\u2019homophobie, celle de misogynie avec la chanson <strong><em><a href=\"https:\/\/www.youtube.com\/watch?v=0k45GJVf320\" target=\"_blank\" rel=\"noreferrer noopener\">Les vieux mari\u00e9s<\/a><\/em><\/strong>. Les proc\u00e8s d\u2019intention classiques de la gauche depuis plus de 50 ans. Devinez quel passage a pu heurter la sensibilit\u00e9 de nos chers amis du bien\u00a0? Celui-ci\u00a0:<\/p>\n\n\n\n<p><\/p>\n\n\n\n<p><em>\u00ab\u00a0Tu m\u2019as donn\u00e9 de beaux enfants, tu as le droit de te reposer maintenant.\u00a0\u00bb<\/em><\/p>\n\n\n\n<p><\/p>\n\n\n\n<p>Des propos choquants, d\u00e9sobligeants, inqualifiables&nbsp;! Un v\u00e9ritable scandale&nbsp;\u2026 !<\/p>\n\n\n\n<p class=\"has-text-align-justify\">Plaisanterie mise \u00e0 part, vous l\u2019aurez compris, Sardou d\u00e9range et tous les pr\u00e9textes sont bons pour le diffamer et tenter de ruiner sa carri\u00e8re (voire sa vie priv\u00e9e).<\/p>\n\n\n\n<p><\/p>\n\n\n\n<p class=\"has-text-align-justify\">\u00c0 la suite de cet album, c\u2019est son hommage au c\u00e9l\u00e8bre paquebot <strong><em><a href=\"https:\/\/www.youtube.com\/watch?v=F7AtMmPXWuQ\" target=\"_blank\" rel=\"noreferrer noopener\">Le France<\/a> <\/em><\/strong>qui lui causera de forts d\u00e9sagr\u00e9ments.<\/p>\n\n\n\n<p class=\"has-text-align-justify\">Dans les ann\u00e9es 1960, <em><a href=\"https:\/\/fr.wikipedia.org\/wiki\/France_(paquebot)\" target=\"_blank\" rel=\"noreferrer noopener\">Le France<\/a><\/em> \u00e9tait le plus grand paquebot au monde, une fiert\u00e9 nationale assurant les travers\u00e9es transatlantiques et les croisi\u00e8res autour du monde. Seulement, victime du choc p\u00e9trolier et de la concurrence du <em>Queen Elizabeth 2<\/em> et des avions \u00e0 r\u00e9action, celui-ci n\u2019est plus rentable. Le gouvernement de <em>Jacques Chirac<\/em> d\u00e9cide alors de son d\u00e9sarmement en 1974, ce qui provoqua imm\u00e9diatement l\u2019indignation g\u00e9n\u00e9rale. Cette d\u00e9cision est v\u00e9cue comme une trahison et comme l\u2019abandon de tout un symbole par le peuple fran\u00e7ais.<\/p>\n\n\n\n<p class=\"has-text-align-justify\">La chanson de Sardou est un succ\u00e8s ph\u00e9nom\u00e9nal et se vend \u00e0 plus d\u2019un million d\u2019exemplaires. Elle est m\u00eame salu\u00e9e par la CGT et le Parti communiste qui y voient un soutien aux nombreux ouvriers travaillant sur le navire\u00a0; alors que paradoxalement, sa chanson <strong><em><a href=\"https:\/\/www.youtube.com\/watch?v=xRjrjg7-SO8\" target=\"_blank\" rel=\"noreferrer noopener\">J\u2019habite en France<\/a><\/em><\/strong> \u00e9tait d\u00e9cri\u00e9e cinq ans plus t\u00f4t pour son chauvinisme appuyant sa r\u00e9putation de \u00ab\u00a0chanteur de droite\u00a0\u00bb.<\/p>\n\n\n\n<p class=\"has-text-align-justify\">Compos\u00e9 par <em><a href=\"https:\/\/fr.wikipedia.org\/wiki\/Jacques_Revaux\" target=\"_blank\" rel=\"noreferrer noopener\">Jacques Revaux<\/a> <\/em>et co-\u00e9crite avec son ami<a href=\"https:\/\/fr.wikipedia.org\/wiki\/Pierre_Delano%C3%AB\" target=\"_blank\" rel=\"noreferrer noopener\"> <em>Pierre Delano\u00eb<\/em><\/a>, ce titre protestataire est un v\u00e9ritable \u00e9lan de patriotisme\u00a0:<\/p>\n\n\n\n<p><\/p>\n\n\n\n<p><em>\u00ab&nbsp;Ne m\u2019appelez plus jamais France,<\/em><\/p>\n\n\n\n<p><em>La France elle m\u2019a laiss\u00e9 tomber<\/em><\/p>\n\n\n\n<p><em>Ne m\u2019appelez plus France,<\/em><\/p>\n\n\n\n<p><em>C\u2019est ma derni\u00e8re volont\u00e9\u00a0\u00bb<\/em><\/p>\n\n\n\n<p><\/p>\n\n\n\n<p>D\u2019une voix puissante et toujours maitris\u00e9e \u00e0 la perfection, ce cri de d\u00e9tresse est frissonnant\u00a0:<\/p>\n\n\n\n<p><\/p>\n\n\n\n<p><em>\u00ab&nbsp;J\u2019\u00e9tais la France, qu\u2019est-ce qu\u2019il en reste&nbsp;?<\/em><\/p>\n\n\n\n<p><em>Un corps mort pour des cormorans\u00a0!\u00a0\u00bb<\/em><\/p>\n\n\n\n<p><\/p>\n\n\n\n<p>Et qu\u2019en reste-t-il aujourd\u2019hui\u2026<\/p>\n\n\n\n<p class=\"has-text-align-justify\">En signe de r\u00e9torsion, <em>Val\u00e9ry Giscard d\u2019Estaing<\/em> lance une proc\u00e9dure de redressement fiscal contre Sardou, comme l\u2019explique plus tard le chanteur\u00a0:<\/p>\n\n\n\n<p><\/p>\n\n\n\n<p class=\"has-text-align-justify\"><em>\u00ab\u00a0Une fois encore la droite, cette fois-ci giscardienne, me fit savoir que j\u2019aurais mieux fait de fermer ma grande gueule. Mais comme toujours avec la droite\u00a0: trop tard\u2026 J\u2019eus droit \u00e0 la v\u00e9rification fiscale d\u2019usage, au redressement in\u00e9vitable et \u00e0 de multiples emmerdements dont je me suis foutu royalement.\u00a0\u00bb<\/em><\/p>\n\n\n\n<p><\/p>\n\n\n\n<p>Tout s\u2019acc\u00e9l\u00e8re en 1977.<\/p>\n\n\n\n<p class=\"has-text-align-justify\">Se forme un comit\u00e9 \u00ab\u00a0anti-Sardou\u00a0\u00bb sous l\u2019impulsion du journaliste <em><a href=\"https:\/\/fr.wikipedia.org\/wiki\/Bernard_Hennebert\" target=\"_blank\" rel=\"noreferrer noopener\">Bernard Hennebert<\/a><\/em> visant \u00e0 emp\u00eacher le chanteur de donner ses r\u00e9citals au cours de sa tourn\u00e9e. Des manifestations sont m\u00eame organis\u00e9es en province contre sa venue, le recevant avec des insultes, des croix gamm\u00e9es dessin\u00e9es sur ses affiches et son v\u00e9hicule et des tracts extr\u00eamement virulents sont distribu\u00e9s. Une bombe artisanale sera m\u00eame d\u00e9couverte dans une salle de concert bruxelloise, le <em>Forest National<\/em>. Le camp des gentils, donc. Face \u00e0 tant de bienveillance et de tol\u00e9rance \u00e0 son \u00e9gard, Michel Sardou prend la d\u00e9cision d\u2019annuler les deux derniers concerts de sa tourn\u00e9e.<\/p>\n\n\n\n<p class=\"has-text-align-justify\">L\u2019ann\u00e9e suivante, parait de surcro\u00eet un opuscule intitul\u00e9 \u00ab\u00a0<em>Faut-il br\u00fbler Sardou\u00a0?\u00a0\u00bb <\/em>r\u00e9dig\u00e9 par <em><a href=\"https:\/\/fr.wikipedia.org\/wiki\/Louis-Jean_Calvet\" target=\"_blank\" rel=\"noreferrer noopener\">Louis-Jean Calvet<\/a><\/em> and <em>Jean Claude Klein<\/em>, dans lequel Sardou est accus\u00e9 d\u2019accointances avec l\u2019extr\u00eame droite. Cette fois, c\u2019en est assez. Certains artistes de gauche comme <em><a href=\"https:\/\/fr.wikipedia.org\/wiki\/Yves_Montand\" target=\"_blank\" rel=\"noreferrer noopener\">Yves Montand<\/a>, <a href=\"https:\/\/fr.wikipedia.org\/wiki\/Bernard_Lavilliers\" target=\"_blank\" rel=\"noreferrer noopener\">Bernard Lavilliers<\/a>, <a href=\"https:\/\/fr.wikipedia.org\/wiki\/Maxime_Le_Forestier\" target=\"_blank\" rel=\"noreferrer noopener\">Maxime Le Forestier<\/a><\/em> and <a href=\"https:\/\/fr.wikipedia.org\/wiki\/Serge_Reggiani\" target=\"_blank\" rel=\"noreferrer noopener\"><em>Serge Reggiani<\/em> <\/a>d\u00e9cident de prendre la d\u00e9fense du chanteur au nom de la libert\u00e9 d\u2019expression.<\/p>\n\n\n\n<p class=\"has-text-align-justify\">Devant l\u2019ampleur des \u00e9v\u00e9nements et l\u2019extr\u00eame virulence de ses d\u00e9tracteurs, Michel Sardou est contraint de prendre du recul avec les chansons \u00e0 caract\u00e8re social sans y renoncer pour autant.<\/p>\n\n\n\n<p><\/p>\n\n\n\n<p class=\"has-text-align-justify\">En 1983, parait le titre <strong><em><a href=\"https:\/\/www.youtube.com\/watch?v=d9FTM4EgqSs\" target=\"_blank\" rel=\"noreferrer noopener\">Vladimir Ilitch<\/a><\/em><\/strong> issu de l\u2019album du m\u00eame nom. Cette chanson ouvertement politique dresse un constat d\u00e9sabus\u00e9 du communisme sovi\u00e9tique et de la distance qui s\u00e9pare l\u2019id\u00e9al l\u00e9niniste de son application concr\u00e8te\u00a0:<\/p>\n\n\n\n<p><\/p>\n\n\n\n<p><em>\u00ab&nbsp;Toi qui avait r\u00eav\u00e9 l\u2019\u00e9galit\u00e9 des Hommes<\/em><\/p>\n\n\n\n<p><em>Tu dois tomber de haut dans ton \u00e9ternit\u00e9<\/em><\/p>\n\n\n\n<p><em>Devant tous ces vieillards en superbe uniforme<\/em><\/p>\n\n\n\n<p><em>Et ces maisons du peuple, dans des quartiers priv\u00e9s\u00a0\u00bb<\/em><\/p>\n\n\n\n<p><\/p>\n\n\n\n<p>Elle d\u00e9nonce \u00e9galement la nature utopique de ce syst\u00e8me, notamment dans cet extrait\u00a0:<\/p>\n\n\n\n<p><\/p>\n\n\n\n<p><em>\u00ab&nbsp;O\u00f9 sont pass\u00e9s les chemins de l\u2019espoir&nbsp;?<\/em><\/p>\n\n\n\n<p><em>Dans quelle nuit, au fond de quel brouillard&nbsp;?<\/em><\/p>\n\n\n\n<p><em>Rien n\u2019a chang\u00e9, les damn\u00e9s de la Terre<\/em><\/p>\n\n\n\n<p><em>N\u2019ont pas trouv\u00e9 la sortie de l\u2019enfer.\u00a0\u00bb<\/em><\/p>\n\n\n\n<p><\/p>\n\n\n\n<p class=\"has-text-align-justify\">La chanson peut \u00eatre interpr\u00e9t\u00e9e comme une satire de l\u2019id\u00e9al communiste dont le r\u00eave a \u00e9t\u00e9 trahi par les successeurs de <em><a href=\"https:\/\/fr.wikipedia.org\/wiki\/Vladimir_Ilitch_L%C3%A9nine\" target=\"_blank\" rel=\"noreferrer noopener\">L\u00e9nine<\/a><\/em>, condamnant le peuple \u00e0 la folie de ces derniers. Populiste convaincu, Michel Sardou se glisse dans la peau du peuple sovi\u00e9tique de l\u2019\u00e9poque pour nous hurler sa d\u00e9tresse, t\u00e9moignant des conditions d\u00e9plorables dans lesquelles sont plong\u00e9es ces petites gens\u00a0:<\/p>\n\n\n\n<p><\/p>\n\n\n\n<p><em>\u00ab&nbsp;Puisqu\u2019aucun dieu du ciel ne s\u2019int\u00e9resse \u00e0 nous,<\/em><\/p>\n\n\n\n<p><em>L\u00e9nine, rel\u00e8ve-toi\u00a0! Ils sont devenus fous\u00a0!\u00a0\u00bb<\/em><\/p>\n\n\n\n<p><\/p>\n\n\n\n<p>Ou encore\u00a0:<\/p>\n\n\n\n<p><\/p>\n\n\n\n<p><em>\u00ab&nbsp;Toi Vladimir Ilitch, au soleil d\u2019outre-tombe<\/em><\/p>\n\n\n\n<p><em>Combien d\u2019ann\u00e9es faut-il pour gagner quatre sous&nbsp;?<\/em><\/p>\n\n\n\n<p><em>Quand on connait le prix qu\u2019on met dans une bombe&nbsp;!<\/em><\/p>\n\n\n\n<p><em>L\u00e9nine, rel\u00e8ve-toi\u00a0! Ils sont devenus fous\u00a0!\u00a0\u00bb<\/em><\/p>\n\n\n\n<p><\/p>\n\n\n\n<p class=\"has-text-align-justify\">Plusieurs \u00e9v\u00e9nements marquants comme le printemps de Prague, la normalisation de la Pologne ou les d\u00e9portations massives du r\u00e9gime staliniens sont \u00e9galement \u00e9voqu\u00e9s. Cette chanson, bien qu\u2019engag\u00e9e, ne connaitra pas de controverse majeure et rencontrera un franc succ\u00e8s.<\/p>\n\n\n\n<p><\/p>\n\n\n\n<p class=\"has-text-align-justify\">Les ann\u00e9es suivantes, dans le m\u00eame registre, sortent les chansons <strong><em><a href=\"https:\/\/www.youtube.com\/watch?v=F4te6mXioJA\" target=\"_blank\" rel=\"noreferrer noopener\">Les deux \u00e9coles<\/a>, <\/em><\/strong>dans laquelle Sardou se prononce pour la libert\u00e9 des parents \u00e0 choisir l\u2019\u00e9ducation qu\u2019ils souhaitent pour leurs enfants (\u00e0 savoir que cette chanson sort dans le contexte du projet de <a href=\"https:\/\/fr.wikipedia.org\/wiki\/Loi_Savary\" target=\"_blank\" rel=\"noreferrer noopener\">loi Savary<\/a>, lequel envisage la suppression de l\u2019\u00e9cole priv\u00e9e)\u00a0; et <strong><em><a href=\"https:\/\/www.youtube.com\/watch?v=jEuo4_mH8vE\" target=\"_blank\" rel=\"noreferrer noopener\">Musulmanes<\/a><\/em><\/strong>, qui porte un regard amer sur la condition de la femme dans les pays arabes.<\/p>\n\n\n\n<p><\/p>\n\n\n\n<p class=\"has-text-align-justify\">En 1992, la chanson <strong><em><a href=\"https:\/\/www.youtube.com\/watch?v=RlVmobC8vFQ\" target=\"_blank\" rel=\"noreferrer noopener\">Le Bac G<\/a><\/em><\/strong> cr\u00e9e de nouveau la pol\u00e9mique. Certains \u00e9crits sont per\u00e7us comme une provocation adress\u00e9e au ministre de l\u2019\u00c9ducation nationale <em>Lionel Jospin<\/em>, qui d\u00e9clare <em>refuser de discuter avec un saltimbanque<\/em> comme Sardou, ce que le chanteur qualifie de \u00ab\u00a0titre de noblesse\u00a0\u00bb.<\/p>\n\n\n\n<p class=\"has-text-align-justify\">Ainsi, depuis plus d\u2019un demi-si\u00e8cle, jeter l\u2019opprobre sur celui qui a le malheur d\u2019exprimer une opinion diff\u00e9rente de la v\u00f4tre, ou pire, d\u2019\u00e9mettre un jugement critique vis-\u00e0-vis de celle-ci, est une m\u00e9thode tr\u00e8s appr\u00e9ci\u00e9e par la gauche mondialiste et bien-pensante. Mais comme toujours, leurs petites crises de nerfs et leurs tentatives de d\u00e9stabilisation plus vicieuses les unes que les autres s\u2019av\u00e8rent compl\u00e8tement infond\u00e9es et ridicules, puisqu\u2019elles ne s\u2019attaquent non pas \u00e0 la personne de Michel Sardou, mais \u00e0 l\u2019artiste\u00a0; et cela change consid\u00e9rablement la donne.<\/p>\n\n\n\n<p><\/p>\n\n\n\n<h3 class=\"wp-block-heading\"><strong><span class=\"has-inline-color has-black-color\">Une dualit\u00e9 entre l\u2019homme et l\u2019artiste<\/span><\/strong><\/h3>\n\n\n\n<p><\/p>\n\n\n\n<p class=\"has-text-align-justify\">Par ses chansons clivantes, Michel Sardou g\u00e9n\u00e8rera tout au long de sa carri\u00e8re \u00e9norm\u00e9ment de r\u00e9actions et d\u2019\u00e9motions. Pourtant, qu\u2019il soit appr\u00e9ci\u00e9 ou d\u00e9cri\u00e9, voire ha\u00efs, nul ne semble diff\u00e9rencier l\u2019interpr\u00e8te de l\u2019homme\u00a0:<\/p>\n\n\n\n<p><\/p>\n\n\n\n<p class=\"has-text-align-justify\"><em>\u00ab\u00a0Ces gens-l\u00e0 ont du mal \u00e0 admettre que lorsque l&#8217;on interpr\u00e8te comme moi quinze, dix-huit chansons sur sc\u00e8ne chaque soir, on n&#8217;est pas forc\u00e9ment sinc\u00e8re, on joue des personnages. Comme un acteur va jouer un cur\u00e9, un p\u00e9d\u00e9raste, un aubergiste, moi je joue un vieux mari\u00e9, un bateau, un prince. Ce sont des r\u00f4les que je me distribue. Alors certains viennent me chercher des id\u00e9es que je n&#8217;ai pas eues en lisant trop entre les lignes\u00a0\u00bb.<\/em><\/p>\n\n\n\n<p><\/p>\n\n\n\n<p class=\"has-text-align-justify\">Sur sc\u00e8ne, Michel Sardou se construit un personnage qui lui colle \u00e0 la peau. Ou plus exactement, se glisse dans la peau d\u2019un personnage\u00a0:<\/p>\n\n\n\n<p><\/p>\n\n\n\n<p class=\"has-text-align-justify\"><em>\u00ab\u00a0Tous les artistes ont deux vies mais la plus importante n\u2019est jamais la vraie. Nous ne sommes nous-m\u00eames que dans la peau d\u2019un autre.\u00a0\u00bb<\/em><\/p>\n\n\n\n<p><\/p>\n\n\n\n<p class=\"has-text-align-justify\">L\u2019artiste n\u2019est que la fa\u00e7ade de l\u2019homme. L\u2019apparence, le mirage. En se cr\u00e9ant une seconde vie, Michel Sardou se cr\u00e9e une carapace et d\u00e9tourne ainsi l\u2019attention du public sur une vie plus fantasmagorique et artificielle, laissant planer le doute sur ses v\u00e9ritables opinions.<\/p>\n\n\n\n<p><\/p>\n\n\n\n<h3 class=\"wp-block-heading\"><strong><span class=\"has-inline-color has-black-color\">Son regard sur la politique et sur la France<\/span><\/strong><\/h3>\n\n\n\n<p><\/p>\n\n\n\n<div class=\"wp-block-image\"><figure class=\"aligncenter size-large\"><img decoding=\"async\" width=\"670\" height=\"440\" src=\"https:\/\/conservativenthusiast.com\/wp-content\/uploads\/2021\/03\/sar.jpg\" alt=\"\" class=\"wp-image-16707\" srcset=\"https:\/\/conservativenthusiast.com\/wp-content\/uploads\/2021\/03\/sar.jpg 670w, https:\/\/conservativenthusiast.com\/wp-content\/uploads\/2021\/03\/sar-480x315.jpg 480w\" sizes=\"(min-width: 0px) and (max-width: 480px) 480px, (min-width: 481px) 670px, 100vw\" \/><\/figure><\/div>\n\n\n\n<p><\/p>\n\n\n\n<p class=\"has-text-align-justify\">Michel Sardou chante la France, vit la France. Cette France dont il a travers\u00e9 tous les paysages, tous les milieux, des plus modestes aux plus hupp\u00e9s et tous les lieux\u00a0:<\/p>\n\n\n\n<p><\/p>\n\n\n\n<p class=\"has-text-align-justify\"><em>\u00ab\u00a0La France me fait penser \u00e0 un manteau d&#8217;arlequin. Les Fran\u00e7ais sont diff\u00e9rents et semblables. Je ressens la France, lors de mes spectacles, \u00e0 travers mon public. Les r\u00e9gions ne sont pas dot\u00e9es du m\u00eame temp\u00e9rament, mais les \u00e9motions jaillissent aux m\u00eames endroits.\u00a0\u00bb <\/em>Le journal du dimanche, 2017.<\/p>\n\n\n\n<p><\/p>\n\n\n\n<p class=\"has-text-align-justify\">S\u2019il aime profond\u00e9ment son pays, difficile d\u2019en dire autant de sa politique. En effet, contrairement \u00e0 ce que l\u2019on pourrait croire, Sardou ne s\u2019est jamais consid\u00e9r\u00e9 comme un artiste engag\u00e9 ou un chanteur de droite, mais bel et bien comme un <em>\u00ab\u00a0chanteur populaire\u00a0\u00bb, ni de droite, ni de gauche\u00a0:<\/em><\/p>\n\n\n\n<p><\/p>\n\n\n\n<p class=\"has-text-align-justify\"><em>\u00ab\u00a0L\u2019une n\u2019a eu de cesse que de m\u2019emmerder, l\u2019autre de me faire taire. Je ne vote pas sauf aux municipales.\u00a0\u00bb<\/em><\/p>\n\n\n\n<p><\/p>\n\n\n\n<p>Il porte \u00e0 ce propos un avis tr\u00e8s critique sur la classe politique actuelle et la mondialisation\u00a0:<\/p>\n\n\n\n<p><\/p>\n\n\n\n<p class=\"has-text-align-justify\"><em>\u00ab\u00a0Aujourd\u2019hui, tu d\u00e9pends d\u2019un connard qui est \u00e0 l\u2019autre bout du monde, qui fait faillite et d\u2019un seul coup cinq-mille\u00a0mecs en\u00a0Provence\u00a0sont au ch\u00f4medu. Je n\u2019aime pas cette mondialisation. Et le pr\u00e9sident ne peut pas y faire grand-chose.\u00a0\u00bb<\/em><\/p>\n\n\n\n<p><\/p>\n\n\n\n<p class=\"has-text-align-justify\">Dans une interview accord\u00e9e au <em>Point<\/em> en 2019, il foudroie \u00e9galement les deux finalistes de la pr\u00e9sidentielle 2017, notamment le pr\u00e9sident <em>Emmanuel Macron<\/em>\u00a0:<\/p>\n\n\n\n<p><\/p>\n\n\n\n<p><em>\u00a0\u00ab\u00a0Il n&#8217;est pas charismatique. C&#8217;est un tr\u00e8s mauvais acteur, il est froid, il est plat, c&#8217;est une tanche.\u00a0\u00bb<\/em><\/p>\n\n\n\n<p><\/p>\n\n\n\n<p><em>Marine le Pen<\/em> n\u2019y \u00e9chappe pas et se fait \u00e9galement s\u00e9v\u00e8rement sanctionner\u00a0:<\/p>\n\n\n\n<p><\/p>\n\n\n\n<p><em>\u00a0\u00ab\u00a0Il est \u00e9vident que je ne vais pas voter pour Le Pen, elle ne dit que des conneries.\u00a0\u00bb<\/em><\/p>\n\n\n\n<p><\/p>\n\n\n\n<p class=\"has-text-align-justify\">Personne n\u2019est oubli\u00e9 ni \u00e9pargn\u00e9, tout le monde en prend pour son grade. La politique est pass\u00e9e au crible et tenue pour responsable de la d\u00e9gradation du pays\u00a0:<\/p>\n\n\n\n<p><\/p>\n\n\n\n<p class=\"has-text-align-justify\"><em>\u00ab\u00a0Si tu savais le nombre de sous-fifres qui prennent des initiatives, tu comprendrais mieux pourquoi la France est dans la merde.\u00a0\u00bb<\/em><\/p>\n\n\n\n<p><\/p>\n\n\n\n<p class=\"has-text-align-justify\">Vous l\u2019aurez remarqu\u00e9, Michel Sardou privil\u00e9gie de loin le bon sens \u00e0 la politique et aux affaires sociales, auxquelles il ne porte que tr\u00e8s peu d\u2019int\u00e9r\u00eat\u00a0:<\/p>\n\n\n\n<p><\/p>\n\n\n\n<p><em>\u00ab\u00a0&#8211; Mai 68\u00a0?<\/em><\/p>\n\n\n\n<p class=\"has-text-align-justify\">&#8211; <em>J\u2019\u00e9tais \u00e0 la campagne. J\u2019avais siphonn\u00e9 une voiture porte Dauphine \u2013puisque le grand singe avait coup\u00e9 les pompes- et je vivais \u00e0 Crouy-sur-Cosson. Tu vois plus clair sur l\u2019int\u00e9r\u00eat que je porte aux affaires sociales\u00a0?\u00a0\u00bb<\/em><\/p>\n\n\n\n<p><\/p>\n\n\n\n<p class=\"has-text-align-justify\">Il n\u2019\u00e9pargne \u00e9videmment pas non plus une certaine classe m\u00e9diatique qui n\u2019a eu de cesse de le salir et remet \u00e0 leur place comme il se doit quelques avortons que plus personne ne peut supporter\u00a0:<\/p>\n\n\n\n<p><\/p>\n\n\n\n<p class=\"has-text-align-justify\"><em>\u00ab\u00a0[\u2026] Et j\u2019oublie le \u00ab\u00a0m\u00e9diatico-parisianisme\u00a0\u00bb pour qui la vulgarit\u00e9 ne peut \u00eatre que populaire, alors qu\u2019ils font un tapage de tous les diables et d\u00e9pensent un fric fou pour pr\u00e9senter de la merde \u00e0 la m\u00e9nag\u00e8re de moins de cinquante ans\u00a0; sans parler de ces animateurs qui ont le physique de leur voix et qui ram\u00e8nent leur fraise sur tout, en arbitres du bon go\u00fbt, comme des ayatollahs de la culture.\u00a0\u00bb<\/em><\/p>\n\n\n\n<p><\/p>\n\n\n\n<p>C\u2019est dit.<\/p>\n\n\n\n<p><\/p>\n\n\n\n<p class=\"has-text-align-justify\">S\u2019il fallait le faire entrer dans une case, alors Sardou serait parmi les <em>\u00ab\u00a0anarchistes de droite\u00a0\u00bb, <\/em>ce qui pour lui<em> n\u2019a aucun sens<\/em>\u00a0:<\/p>\n\n\n\n<p><\/p>\n\n\n\n<p><em>\u00a0\u00ab\u00a0Je suis de la cat\u00e9gorie des anarchistes qui paient leurs imp\u00f4ts.\u00a0\u00bb<\/em><\/p>\n\n\n\n<p><\/p>\n\n\n\n<p>Les nombreuses \u00e9tiquettes qui lui ont \u00e9t\u00e9 coll\u00e9es, Sardou s\u2019en contre-fiche de plus bel\u00a0:<\/p>\n\n\n\n<p><\/p>\n\n\n\n<p class=\"has-text-align-justify\"><em>\u00ab\u00a0Je m\u2019en fous\u00a0! Vous avez d\u00e9j\u00e0 vu un canard recevoir une goutte d\u2019eau\u00a0? Il s\u2019en tape, \u00e7a coule comme \u00e7a\u00a0! Parce que j\u2019en ai eu tellement\u2026\u00a0\u00bb <\/em>C \u00e0 vous, 2019<\/p>\n\n\n\n<p><\/p>\n\n\n\n<p class=\"has-text-align-justify\">Les pol\u00e9miques, les censures, les menaces et les calomnies ne l\u2019auront jamais r\u00e9ellement inqui\u00e9t\u00e9. Michel Sardou se moque pertinemment des r\u00e9actions qu\u2019il suscite et n\u2019accorde que peu d\u2019importance aux diverses intimidations dont il est la cible. En revanche, au fil du temps, un fardeau semble un peu plus lourd \u00e0 porter\u00a0:<\/p>\n\n\n\n<p><\/p>\n\n\n\n<p class=\"has-text-align-justify\"><em>\u00ab\u00a0Le succ\u00e8s, la notori\u00e9t\u00e9, la gloire, appelez \u00e7a comme vous voudrez, deviennent vite pesants. Il nous en co\u00fbte une partie de notre ind\u00e9pendance \u2013ce que nous supportons assez bien- mais \u00e7a change totalement la vie. Et quand je dis tout\u00a0: on passe de rien \u00e0 trop.\u00a0\u00bb<\/em><\/p>\n\n\n\n<p><\/p>\n\n\n\n<p class=\"has-text-align-justify\">Si la r\u00e9ussite induit in\u00e9luctablement un changement de paradigme brutal, Michel Sardou tient cependant \u00e0 conserver sa part de myst\u00e8re, sa tranquillit\u00e9 et par-dessus tout, sa libert\u00e9.<\/p>\n\n\n\n<p><\/p>\n\n\n\n<h3 class=\"wp-block-heading\"><strong><span class=\"has-inline-color has-black-color\">Un rapport passionnel \u00e0 la libert\u00e9<\/span><\/strong><\/h3>\n\n\n\n<p><\/p>\n\n\n\n<p class=\"has-text-align-justify\">S\u2019il consid\u00e8re la sc\u00e8ne comme <em>un moment merveilleux<\/em>, Michel Sardou reste obs\u00e9d\u00e9 par la libert\u00e9. Il se d\u00e9finit lui-m\u00eame comme un <em>ours gentil<\/em> (d\u2019o\u00f9 l\u2019illustration de son autobiographie) qui tient \u00e0 son ind\u00e9pendance et au calme et souhaite mener une vie tranquille loin de la folie de l\u2019industrie du spectacle, des strass et les paillettes\u00a0:<\/p>\n\n\n\n<p><\/p>\n\n\n\n<p class=\"has-text-align-justify\"><em>\u00ab\u00a0Ne plus avoir \u00e0 rendre compte, ne plus avoir \u00e0 demander, ne plus \u00eatre d\u00e9pendant, ne plus \u00eatre un enfant devient une obsession permanente.\u00a0\u00bb<\/em><\/p>\n\n\n\n<p><\/p>\n\n\n\n<p class=\"has-text-align-justify\">L\u2019id\u00e9e d\u2019\u00eatre priv\u00e9 de libert\u00e9 lui est parfaitement insupportable. Il constate avec effroi la longue descente aux enfers que connait la France en terme de restrictions de libert\u00e9 et fustige ce si\u00e8cle qu\u2019il consid\u00e8re comme profond\u00e9ment liberticide\u00a0:<\/p>\n\n\n\n<p><\/p>\n\n\n\n<p class=\"has-text-align-justify\"><em>\u00ab\u00a0Je hais cette \u00e9poque. Je la hais. Je hais ce si\u00e8cle, je n\u2019aime pas du tout. [\u2026] On a plus aucune libert\u00e9.\u00a0\u00bb <\/em>RTL, 2019<\/p>\n\n\n\n<p><\/p>\n\n\n\n<p class=\"has-text-align-justify\">M\u00e9lancolique d\u2019une \u00e9poque r\u00e9volue, il d\u00e9plore cette libert\u00e9 que les moins de vingt-ans ne pourront pas conna\u00eetre\u00a0:<\/p>\n\n\n\n<p><\/p>\n\n\n\n<p class=\"has-text-align-justify\"><em>\u00ab\u00a0Mais quelle vie nom de Dieu\u00a0! On pouvait rouler vite, fumer partout, faire l\u2019amour en toute confiance et pas de ch\u00f4mage\u00a0! On trouvait toujours un boulot qui nous aidait \u00e0 nous en sortir. Nos enfants n\u2019auront plus jamais cette chance-l\u00e0\u00a0!\u00a0\u00bb<\/em> RTL, 2019<\/p>\n\n\n\n<p><\/p>\n\n\n\n<p>Cette jeunesse belle, insouciante et heureuse dont il a embrass\u00e9 m\u00eame les moments de solitude\u00a0:<\/p>\n\n\n\n<p><\/p>\n\n\n\n<p class=\"has-text-align-justify\"><em>\u00a0\u00ab\u00a0J\u2019ai ador\u00e9 ma solitude\u00a0! Parce qu\u2019elle \u00e9tait une solitude de jeunesse. Une solitude de r\u00eaves ou de projets. Pas la solitude des oubli\u00e9s. Celle-l\u00e0, des millions de gens, malheureusement, la connaissent.\u00a0[\u2026] L\u2019inconv\u00e9nient, c\u2019est qu\u2019elle ne nous aide pas \u00e0 aimer les hommes. Elle fait m\u00eame tout ce qu\u2019elle peut pour nous en \u00e9carter\u00a0! D\u2019o\u00f9 les remarques cent fois r\u00e9p\u00e9t\u00e9es\u00a0: \u00ab\u00a0Pourquoi vous avez l\u2019air de vous ennuyer partout\u00a0?\u00a0\u00bb Il ne vient jamais \u00e0 l\u2019id\u00e9e de personne que c\u2019est pr\u00e9cis\u00e9ment parce qu\u2019ils sont partout que je m\u2019ennuie.\u00a0\u00bb<\/em><\/p>\n\n\n\n<p><\/p>\n\n\n\n<p class=\"has-text-align-justify\">Son amour de la solitude et cette envie de vivre selon son propre libre-arbitre, l\u2019homme les cultive au fil du temps, n\u2019ayant pu en b\u00e9n\u00e9ficier durant son enfance qui, \u00e0 d\u00e9faut d\u2019avoir \u00e9t\u00e9 sp\u00e9cialement difficile, s\u2019est av\u00e9r\u00e9e pour le moins mouvement\u00e9e et atypique.<\/p>\n\n\n\n<p><\/p>\n\n\n\n<h3 class=\"wp-block-heading\"><strong><span class=\"has-inline-color has-black-color\">Une enfance \u00e0 la d\u00e9rob\u00e9e<\/span><\/strong><\/h3>\n\n\n\n<p><\/p>\n\n\n\n<p class=\"has-text-align-justify\">Michel nait le 26 janvier 1947 \u00e0 Paris. Fils des com\u00e9diens <em><a href=\"https:\/\/fr.wikipedia.org\/wiki\/Fernand_Sardou\" target=\"_blank\" rel=\"noreferrer noopener\">Fernand Sardou<\/a><\/em> and <em><a href=\"https:\/\/fr.wikipedia.org\/wiki\/Jackie_Sardou\" target=\"_blank\" rel=\"noreferrer noopener\">Jackie Sardou<\/a><\/em> et petit-fils de <em><a href=\"https:\/\/fr.wikipedia.org\/wiki\/Valentin_Sardou\" target=\"_blank\" rel=\"noreferrer noopener\">Valentin Sardou<\/a><\/em> et de <em>Bagatelle<\/em>, nom de guerre de sa grand-m\u00e8re qui s\u00e9vissait dans la troupe des \u00ab\u00a0Petites Femmes de Paris\u00a0\u00bb\u00a0; il est ainsi le descendant d\u2019une tradition familiale dans le monde du spectacle. Son avenir semble tout trac\u00e9\u00a0; et pourtant, il r\u00e9sumera plus tard sa carri\u00e8re comme n\u2019ayant \u00e9t\u00e9 qu\u2019un accident, presque un coup du sort\u00a0:<\/p>\n\n\n\n<p><\/p>\n\n\n\n<p class=\"has-text-align-justify\"><em>\u00ab\u00a0Je n\u2019ai jamais voulu devenir chanteur\u00a0! Je me suis retrouv\u00e9 un matin, et je ne me souviens plus pourquoi, dans une audition publique aux studios de l\u2019avenue Hoche. C\u2019est l\u00e0 que j\u2019ai chant\u00e9 comme j\u2019ai pu. J\u2019avais une voix de triangle.\u00a0\u00bb<\/em><\/p>\n\n\n\n<p><\/p>\n\n\n\n<p class=\"has-text-align-justify\">Enfant, il grandit dans le petit village de <a href=\"https:\/\/fr.wikipedia.org\/wiki\/K%C5%93ur-la-Petite\" target=\"_blank\" rel=\"noreferrer noopener\">Koeur-la-Petite<\/a> \u00e9lev\u00e9 par une nourrice, Marie-Jeanne, \u00e0 qui il d\u00e9dira plus tard la chanson <strong><em><a href=\"https:\/\/www.youtube.com\/watch?v=mCWe31jVKhw\" target=\"_blank\" rel=\"noreferrer noopener\">Marie ma belle<\/a><\/em><\/strong> en 1994. Mais cette enfance paisible ne dure pas. Tr\u00e8s t\u00f4t, il est contraint de suivre ses parents en tourn\u00e9e dans les cabarets parisiens, vacillant entre coulisses et salles de concerts, laissant son enfance insatisfaite et fugace\u00a0:<\/p>\n\n\n\n<p><\/p>\n\n\n\n<p><em>\u00ab\u00a0Je ne sais plus rien de ma petite enfance. D\u2019ailleurs, que peut-il en rester\u00a0?\u00a0\u00bb<\/em><\/p>\n\n\n\n<p><\/p>\n\n\n\n<p class=\"has-text-align-justify\">Cette situation et ses r\u00e9sultats scolaires peu brillants le poussent \u00e0 envisager la fin de ses \u00e9tudes qui ne l\u2019int\u00e9ressent pas. En 1964, alors qu\u2019il n\u2019est \u00e2g\u00e9 que de dix-sept ans, il pr\u00e9voit de s\u2019enfuir au Br\u00e9sil pour y monter une boite de strip-tease mais se fait rattraper de justesse par son p\u00e8re \u00e0 l\u2019a\u00e9roport. Il commencera finalement une carri\u00e8re de chanteur de cabaret et de serveur-artiste \u00e0 Montmartre et prend, parall\u00e8lement, des cours de th\u00e9\u00e2tre la journ\u00e9e chez <em><a href=\"https:\/\/fr.wikipedia.org\/wiki\/Raymond_Girard\" target=\"_blank\" rel=\"noreferrer noopener\">Raymond Girard<\/a><\/em> puis chez <em><a href=\"https:\/\/fr.wikipedia.org\/wiki\/Yves_Furet\" target=\"_blank\" rel=\"noreferrer noopener\">Yves Furet<\/a><\/em>.<\/p>\n\n\n\n<p class=\"has-text-align-justify\">Apr\u00e8s un petit r\u00f4le de figurant dans le film <em>Paris br\u00fble-t-il\u00a0?<\/em> de <em><a href=\"https:\/\/fr.wikipedia.org\/wiki\/Ren%C3%A9_Cl%C3%A9ment\" target=\"_blank\" rel=\"noreferrer noopener\">Ren\u00e9 Cl\u00e9ment<\/a><\/em> en 1965, il d\u00e9croche son premier contrat en maison de disques chez <em>Barclay Records <\/em>qui lui offre ses premiers passages t\u00e9l\u00e9vis\u00e9s et lui donne un d\u00e9but de notori\u00e9t\u00e9.<\/p>\n\n\n\n<p class=\"has-text-align-justify\">Ce train de vie mouvement\u00e9 par les exigences de sa carri\u00e8re et de celles de ses parents ne va malheureusement pas faciliter les relations qu\u2019il nouera avec eux tout au long de sa vie.<\/p>\n\n\n\n<p><\/p>\n\n\n\n<h3 class=\"wp-block-heading\"><strong><span class=\"has-inline-color has-black-color\">Une relation familiale \u00e0 la fois distante et fusionnelle\u2026<\/span><\/strong><\/h3>\n\n\n\n<p><\/p>\n\n\n\n<div class=\"wp-block-image\"><figure class=\"aligncenter size-large\"><img decoding=\"async\" width=\"625\" height=\"417\" src=\"https:\/\/conservativenthusiast.com\/wp-content\/uploads\/2021\/03\/sardou-2.jpg\" alt=\"\" class=\"wp-image-16704\" srcset=\"https:\/\/conservativenthusiast.com\/wp-content\/uploads\/2021\/03\/sardou-2.jpg 625w, https:\/\/conservativenthusiast.com\/wp-content\/uploads\/2021\/03\/sardou-2-480x320.jpg 480w\" sizes=\"(min-width: 0px) and (max-width: 480px) 480px, (min-width: 481px) 625px, 100vw\" \/><\/figure><\/div>\n\n\n\n<p><\/p>\n\n\n\n<p class=\"has-text-align-justify\">\u00c0 premi\u00e8re vue, si le titre peut sembler paradoxal, il est selon moi le plus appropri\u00e9 pour d\u00e9crire la relation si particuli\u00e8re que noue Michel Sardou avec ses parents.<\/p>\n\n\n\n<p class=\"has-text-align-justify\">Les tourn\u00e9es, les d\u00e9m\u00e9nagements et la distance sont autant de facteurs qui nuisent \u00e0 leur relation, ce qu\u2019il d\u00e9plore et compense par la chanson\u00a0:<\/p>\n\n\n\n<p><\/p>\n\n\n\n<p><em>\u00ab\u00a0Dans mes chansons, on retrouve souvent le th\u00e8me de la famille. Faute d\u2019en avoir eu une vraie.\u00a0\u00bb<\/em><\/p>\n\n\n\n<p><\/p>\n\n\n\n<p>Pour autant, il n\u2019est pas question pour lui d\u2019incriminer ses parents. Il se montre au contraire tr\u00e8s compr\u00e9hensif\u00a0:<\/p>\n\n\n\n<p><\/p>\n\n\n\n<p class=\"has-text-align-justify\"><em>\u00ab\u00a0Combien d\u2019ann\u00e9es avons-nous vraiment pass\u00e9es ensemble\u00a0? Quelle esp\u00e8ce de famille avons-nous \u00e9t\u00e9\u00a0? Eux en tourn\u00e9e, moi, petit en nourrice et plus tard en pension, on pourrait presque compter sur les doigts. N\u2019y voyez aucun d\u00e9tachement ni aucune indiff\u00e9rence, un choix. Je me demande m\u00eame s\u2019ils avaient choisi\u00a0? C\u2019\u00e9tait le m\u00e9tier.\u00a0\u00bb<\/em><\/p>\n\n\n\n<p><\/p>\n\n\n\n<p class=\"has-text-align-justify\">Si la carri\u00e8re de ses parents est \u00e9videmment prenante et chronophage, Michel Sardou avoue lui-m\u00eame que les torts sont partag\u00e9s dans le manque de communication au sein du foyer\u00a0:<\/p>\n\n\n\n<p><\/p>\n\n\n\n<p><em>\u00a0\u00ab\u00a0Je n\u2019ai jamais eu la curiosit\u00e9 de conna\u00eetre mes parents.\u00a0\u00bb<\/em><\/p>\n\n\n\n<p><\/p>\n\n\n\n<p class=\"has-text-align-justify\">Tous semblent vivre sans r\u00e9ellement conna\u00eetre l\u2019autre. Non pas par manque de consid\u00e9ration ou d\u2019amour, simplement par cette absence de curiosit\u00e9 -ou peut-\u00eatre aussi par pudeur ?-, donnant cette impression d\u2019une famille qui s\u2019ignore, n\u2019\u00e9tant que le fruit du hasard\u00a0:<\/p>\n\n\n\n<p><\/p>\n\n\n\n<p class=\"has-text-align-justify\"><em>\u00ab\u00a0Je ne savais que ce qu\u2019ils montraient d\u2019eux-m\u00eames et c\u2019\u00e9tait pareil pour moi. Nous \u00e9tions trois reflets \u00e0 partager une vie commune.\u00a0\u00bb<\/em><\/p>\n\n\n\n<p><\/p>\n\n\n\n<p>Et aucun des trois ne semblent d\u2019ailleurs vouloir briser ce silence\u00a0:<\/p>\n\n\n\n<p><\/p>\n\n\n\n<p class=\"has-text-align-justify\"><em>\u00ab&nbsp;Mon p\u00e8re et moi n\u2019aurons eu en tout que deux conversations d\u2019homme \u00e0 homme.&nbsp;[\u2026] Avec ma m\u00e8re je n\u2019en eus qu\u2019une seule. [\u2026]<\/em><\/p>\n\n\n\n<ul><li><em>Tu as envie d\u2019un dessert\u00a0? Ou le caf\u00e9 tout de suite\u00a0?\u00a0\u00bb<\/em><\/li><\/ul>\n\n\n\n<p><\/p>\n\n\n\n<p class=\"has-text-align-justify\">Tragiquement, seuls les al\u00e9as de la vie feront basculer cette relation et lui donneront une tout autre dimension. C\u2019est lorsque son p\u00e8re s\u2019\u00e9teint que le jeune chanteur r\u00e9alise le temps perdu. Non sans peine, il confie \u00e0 propos de son p\u00e8re\u00a0:<\/p>\n\n\n\n<p><\/p>\n\n\n\n<p class=\"has-text-align-justify\"><em>\u00ab\u00a0Mon Dieu\u00a0! comme je regrette de ne pas l\u2019avoir mieux connu. Ni l\u2019un ni l\u2019autre n\u2019avons su faire le premier pas. Il m\u2019observait, je le sais bien, mais pas un mot. La confidence n\u2019aura jamais \u00e9t\u00e9 son truc. Il esp\u00e9rait peut-\u00eatre que je le d\u00e9couvrirais tout seul \u00e0 un moment pr\u00e9cis de ma vie\u00a0? J\u2019essaie, papa, j\u2019essaie\u2026\u00a0\u00bb<\/em><\/p>\n\n\n\n<p><\/p>\n\n\n\n<p class=\"has-text-align-justify\">Il lui d\u00e9diera plus tard la merveilleuse chanson -particuli\u00e8rement poignante et \u00e9mouvante- <strong><em><a href=\"https:\/\/www.youtube.com\/watch?v=AnzLFYoSdXA\" target=\"_blank\" rel=\"noreferrer noopener\">Les yeux de mon p\u00e8re<\/a>,<\/em><\/strong> dans laquelle il \u00e9voque ses regrets vis-\u00e0-vis de cette relation qui n\u2019a \u00e9t\u00e9 que l\u2019\u00e9cume des choses. Le jeune homme qu\u2019il \u00e9tait a m\u00fbri, s\u2019est assagi. Sa voix n\u2019est plus celle d\u2019entant et s\u2019est voil\u00e9e d\u2019un timbre plus grave que l\u2019\u00e2ge et l\u2019exp\u00e9rience ont forg\u00e9\u00a0; mais r\u00e9sonne toujours avec la m\u00eame intensit\u00e9 et la m\u00eame maitrise. Les grandes d\u00e9clarations d\u2019amour, les textes engag\u00e9s et les belles histoires laissent place \u00e0 un \u00e9crit plus brut et personnel. <\/p>\n\n\n\n<p class=\"has-text-align-justify\">L\u2019artiste n\u2019est plus dans la d\u00e9monstration ou dans la performance, il est dans la confidence. D\u2019une sinc\u00e9rit\u00e9 et d\u2019une dignit\u00e9 sans \u00e9quivoque, Sardou brise le silence assourdissant de ces longues ann\u00e9es \u00e9coul\u00e9es par un chant pur et solennel. Cet hommage qu\u2019il rend \u00e0 son p\u00e8re apparait comme une v\u00e9ritable lib\u00e9ration, comme s\u2019il vidait son sac et \u00e9tait enfin en mesure de lui dire ce qu\u2019il a toujours eu sur le c\u0153ur. Ces mots jaillissent comme une d\u00e9livrance, comme si seule la chanson lui permettait de se livrer et de se lib\u00e9rer. D\u2019\u00eatre enfin capable de mettre des mots sur ces pens\u00e9es ensevelies au plus profond de lui. La puissance vocale qui \u00e9mane de son corps prend aux tripes. Sans jamais \u00eatre larmoyant, Michel Sardou signe avec ce titre un des plus bels hommages qu\u2019un fils puisse rendre \u00e0 son p\u00e8re. Difficile de rester de marbre face \u00e0 une telle prestation.<\/p>\n\n\n\n<p><\/p>\n\n\n\n<p>Cet \u00e9v\u00e9nement marquant s\u2019av\u00e8re \u00eatre v\u00e9cu comme une illumination\u00a0:<\/p>\n\n\n\n<p><\/p>\n\n\n\n<p><em>\u00ab\u00a0En revanche, pour moi, le deuil est moins un traumatisme qu\u2019une r\u00e9v\u00e9lation.\u00a0\u00bb<\/em><\/p>\n\n\n\n<p><\/p>\n\n\n\n<p class=\"has-text-align-justify\">Cette r\u00e9v\u00e9lation n\u2019est pas que psychique, Michel Sardou la ressent jusque dans sa chair. Elle est un v\u00e9ritable bouleversement, une prise de conscience telle qu\u2019elle lui semble \u00eatre une seconde naissance\u00a0:<\/p>\n\n\n\n<p><\/p>\n\n\n\n<p><em>\u00ab\u00a0Une partie de lui \u00e9tait morte avec moi\u2026 [\u2026] Une partie de moi \u00e9tait n\u00e9e avec lui.\u00a0\u00bb<\/em><\/p>\n\n\n\n<p><\/p>\n\n\n\n<p class=\"has-text-align-justify\">\u00c0 ce propos, prenez un instant pour sortir de votre lecture et \u00e9couter le chef-d\u2019\u0153uvre <strong><em><a href=\"https:\/\/www.youtube.com\/watch?v=FWz0K4-jE94\" target=\"_blank\" rel=\"noreferrer noopener\">La rivi\u00e8re de notre enfance<\/a><\/em><\/strong> \u00e9crit et compos\u00e9 par <em>Didier Barbelivien<\/em> et interpr\u00e9t\u00e9 en duo avec <em><a href=\"https:\/\/fr.wikipedia.org\/wiki\/Garou\" target=\"_blank\" rel=\"noreferrer noopener\">Garou<\/a><\/em>. Bien que n\u2019\u00e9tant pas \u00e9crite par lui, cette chanson ne peut \u00eatre interpr\u00e9t\u00e9e que par Michel Sardou tant les similitudes avec sa propre histoire sont frappantes\u00a0:<\/p>\n\n\n\n<p><\/p>\n\n\n\n<p><em>\u00ab\u00a0Ce n\u2019est pas sa mort qui me fait de la peine, c\u2019est de ne plus voir mon p\u00e8re qui danse.\u00a0\u00bb<\/em><\/p>\n\n\n\n<p><\/p>\n\n\n\n<p>C\u2019est notamment dans ce passage chant\u00e9 par Michel que r\u00e9side selon moi le v\u00e9ritable message de l\u2019\u0153uvre\u00a0:<\/p>\n\n\n\n<p><\/p>\n\n\n\n<p><em>\u00ab\u00a0Du soleil qui fait l\u2019ombre, du chagrin qui fait l\u2019homme.\u00a0\u00bb<\/em><\/p>\n\n\n\n<p><\/p>\n\n\n\n<p class=\"has-text-align-justify\">L\u2019\u00e9criture admirable de <em>Barbelivien<\/em> est magnifi\u00e9e par deux des plus belles voix francophones\u00a0; mais seul le contexte nous permet d\u2019en saisir l\u2019essence et les subtilit\u00e9s.<\/p>\n\n\n\n<p><\/p>\n\n\n\n<p class=\"has-text-align-justify\">Le deuil du p\u00e8re semble \u00e9galement d\u00e9lier la relation entre le fils et la m\u00e8re. S\u2019ils pouvaient sembler distants l\u2019un l\u2019autre, le lien de sang qui les lie surpasse les mots que tous deux auraient pu s\u2019adresser. Certaines relations se passent de mots. C\u2019est en tout cas l\u2019impression que donne Michel Sardou lorsqu\u2019il \u00e9voque sa m\u00e8re. Il raconte \u00e0 ce propos avec une tendresse infinie un \u00e9pisode o\u00f9 sa m\u00e8re s\u2019est retrouv\u00e9e hospitalis\u00e9e\u00a0:<\/p>\n\n\n\n<p><\/p>\n\n\n\n<p class=\"has-text-align-justify\"><em>\u00a0\u00ab\u00a0J\u2019ai fini par arriver et l\u00e0, tu es pass\u00e9e de Feydeau \u00e0 Racine. Tu t\u2019es mise \u00e0 pleurer. Pas parce que j\u2019\u00e9tais enfin l\u00e0, non. Tu pleurais sur toi. Tu interpr\u00e9tais ta propre mort avec moi en sanglots au pied du lit. Tu pleurais d\u2019\u00eatre morte sans m\u2019avoir dit adieu, alors que tu te portais comme un charme. Que dire\u00a0? On ne refait pas sa m\u00e8re\u2026\u00a0\u00bb<\/em><\/p>\n\n\n\n<p><\/p>\n\n\n\n<p>Certains mots se passent de commentaire.<\/p>\n\n\n\n<p><\/p>\n\n\n\n<p class=\"has-text-align-justify\">Suite \u00e0 la disparition de sa m\u00e8re, Michel Sardou connait la m\u00eame r\u00e9v\u00e9lation. La distance n\u2019ayant jamais alt\u00e9r\u00e9 le moins du monde ce lien fusionnel qui les unit tous les deux\u00a0:<\/p>\n\n\n\n<p><\/p>\n\n\n\n<p class=\"has-text-align-justify\">\u00ab\u00a0<em>\u00c7a m&#8217;a touch\u00e9 profond\u00e9ment quand maman est partie<\/em>.<em>\u00a0Et d&#8217;un seul coup, elle m&#8217;a manqu\u00e9. Alors qu&#8217;elle me cassait les couilles, elle n&#8217;a pas arr\u00eat\u00e9 de me casser les couilles, toute ma vie. J&#8217;\u00e9tais d&#8217;accord sur rien avec elle. Et puis d&#8217;un seul coup, je me suis rendu compte, qu&#8217;il me manquait quelque chose. Elle m&#8217;a menti, elle m&#8217;a tout fait. Une garce ! Et maintenant, \u00e9videmment, j&#8217;aimerais bien qu&#8217;elle soit avec moi.<\/em>\u00a0\u00bb France 3, 2018.<\/p>\n\n\n\n<p><\/p>\n\n\n\n<p class=\"has-text-align-justify\">Sa m\u00e8re lui inspire d\u2019ailleurs cette magnifique chanson, <strong><em><a href=\"https:\/\/www.youtube.com\/watch?v=K19e4Nu4WRA\" target=\"_blank\" rel=\"noreferrer noopener\">Une fille aux yeux clairs<\/a><\/em><\/strong> parue en 1974. Bien qu\u2019elle ne lui soit destin\u00e9e directement et se veut plus universelle, cette anecdote sur ce titre d\u00e9crit on ne peut mieux cet amour vache mais sinc\u00e8re entre une m\u00e8re et son fils\u00a0:<\/p>\n\n\n\n<p><\/p>\n\n\n\n<p class=\"has-text-align-justify\">\u00ab\u00a0<em>Quand j&#8217;ai sorti \u00ab\u00a0la\u00a0fille aux yeux clairs\u00a0\u00bb, elle m&#8217;a dit : &#8216;Mais o\u00f9 t&#8217;as vu que j&#8217;avais les yeux clairs ?&#8217; Mais c&#8217;est pas de toi dont j&#8217;parle (rires). Au d\u00e9part, rien \u00e0 voir avec ma m\u00e8re, au cours de l&#8217;\u00e9criture, oui, \u00e9videmment. La base, c&#8217;\u00e9tait que les enfants n&#8217;imaginent pas la sexualit\u00e9 des parents. Et j&#8217;ai un souvenir tr\u00e8s \u00e9mouvant quand maman est partie, je chantais le soir \u00e0 Nancy, et quand j&#8217;ai chant\u00e9 cette chanson, il y a eu un silence formidable et y a un petit gar\u00e7on qui est venu me serrer la main comme \u00e7a. Ah j&#8217;\u00e9tais boulevers\u00e9, boulevers\u00e9. Le public aimait beaucoup ma m\u00e8re.<\/em>\u00a0\u00bb France 3, 2018.<\/p>\n\n\n\n<p><\/p>\n\n\n\n<p>Tout se passe dans le c\u0153ur et la mort n\u2019y pourra jamais rien.<\/p>\n\n\n\n<p>L\u2019amour se passe volontiers de grande d\u00e9claration, il se ressent, se vit et se suffit.<\/p>\n\n\n\n<p class=\"has-text-align-justify\">Ainsi, leur perte n\u2019alt\u00e8re en rien l\u2019amour que Michel peut porter \u00e0 ses parents, au contraire, elle le renforce. Comme s\u2019ils ne l\u2019avaient jamais quitt\u00e9 et continuaient de veiller sur lui de l\u00e0-haut. Mieux encore, comme s\u2019ils vivaient \u00e0 travers lui\u00a0:<\/p>\n\n\n\n<p><\/p>\n\n\n\n<p><em>\u00ab\u00a0Pardonne-moi, maman, mais tu es tellement l\u00e0 que j\u2019ai fini par l\u2019oublier.\u00a0\u00bb<\/em><\/p>\n\n\n\n<p><\/p>\n\n\n\n<p>C\u2019est \u00e0 travers l\u2019enfant que vivent ses parents. Ainsi se poursuit la lign\u00e9e.<\/p>\n\n\n\n<p><\/p>\n\n\n\n<h3 class=\"wp-block-heading\"><strong><span class=\"has-inline-color has-black-color\">Un regard sur la post\u00e9rit\u00e9<\/span><\/strong><\/h3>\n\n\n\n<p><\/p>\n\n\n\n<p class=\"has-text-align-justify\">Contrairement \u00e0 beaucoup d\u2019h\u00e9donistes individualistes et libertaires de son \u00e9poque, Michel Sardou garde un \u0153il bienveillant sur la jeunesse. Loin des d\u00e9racin\u00e9s de sa g\u00e9n\u00e9ration, transmettre un h\u00e9ritage lui tient \u00e0 c\u0153ur\u00a0:<\/p>\n\n\n\n<p><\/p>\n\n\n\n<p><em>\u00ab\u00a0On ne peut rien pr\u00e9voir, m\u00eame si nous passons notre temps \u00e0 vivre pour demain.\u00a0\u00bb<\/em><\/p>\n\n\n\n<p><\/p>\n\n\n\n<p class=\"has-text-align-justify\">Vivre pour demain, c\u2019est sacrifier sa vie pour assurer l\u2019\u00e9quilibre du monde \u00e0 venir. Ce sont les racines qui font la fertilit\u00e9 de l\u2019arbre. Raconter une histoire aux enfants, c\u2019est poser un socle, c\u2019est donner une direction, un sens, un cap. C\u2019est faire marcher nos enfants sur nos pas. C\u2019est leur raconter leur propre histoire\u00a0:<\/p>\n\n\n\n<p><\/p>\n\n\n\n<p class=\"has-text-align-justify\"><em>\u00ab\u00a0Ils [les jeunes enfants] entendent. Ils rangent dans un coin de leur cerveau et un matin sans comprendre pourquoi \u00e7a remonte. Ils ne savent pas d\u2019o\u00f9, mais \u00e7a leur semble familier. Une \u00e9vidence\u00a0! Comprends-moi bien, on ne donne pas de conseils \u00e0 un enfant de trois ans, on lui raconte une histoire. Sa propre histoire. Il y a une chance sur deux pour qu\u2019il rejoue la m\u00eame.\u00a0\u00bb<\/em><\/p>\n\n\n\n<p><\/p>\n\n\n\n<p class=\"has-text-align-justify\">Cette pens\u00e9e est retranscrite dans la chanson <strong><em><a href=\"https:\/\/www.youtube.com\/watch?v=4wP7arXjIGw\" target=\"_blank\" rel=\"noreferrer noopener\">Il \u00e9tait l\u00e0<\/a>,<\/em><\/strong> dans laquelle Michel Sardou rend hommage \u00e0 son p\u00e8re, Fernand. La chanson \u00e9voque un soir o\u00f9, peu de temps avant sa mort, son p\u00e8re se trouvait attabl\u00e9 avec son petit-fils, Romain, alors \u00e2g\u00e9 de deux ou trois ans, fascin\u00e9 par ce que lui contait son grand-p\u00e8re. \u00c0 la fin de son histoire, Fernand se leva et glissa \u00e0 l\u2019oreille de Michel\u00a0: <em>\u00ab\u00a0Le petit m\u2019a fait bien plaisir\u00a0\u00bb<\/em>, qui inspira le refrain. Nul ne sait ce qui a \u00e9t\u00e9 dit ce soir-l\u00e0.<\/p>\n\n\n\n<p><\/p>\n\n\n\n<p class=\"has-text-align-justify\">Pourtant, comme un symbole, le fait que son premier fils <em>Romain<\/em> soit devenu \u00e9crivain\u00a0; et surtout que le second, <em>Davy<\/em>, soit devenu com\u00e9dien, perp\u00e9tue ainsi la dynastie d\u2019artistes de la famille Sardou. Aussi troublant que cela puisse paraitre, Davy se trouva incapable d\u2019expliquer son envie de faire de la sc\u00e8ne, ce qu\u2019il confia dans une interview du <em>Figaro<\/em>\u00a0:<\/p>\n\n\n\n<p><\/p>\n\n\n\n<p class=\"has-text-align-justify\"><em>\u00ab\u00a0Il y avait quelque chose de magique. Je n&#8217;ai pas choisi ce m\u00e9tier par atavisme, je ne me suis pas dit que je devais continuer la dynastie pour que mes proches soient fiers de moi. Jouer, c&#8217;\u00e9tait une envie.\u00a0\u00bb<\/em><\/p>\n\n\n\n<p><\/p>\n\n\n\n<p>Comme une \u00e9vidence.<\/p>\n\n\n\n<p>L\u2019Histoire se r\u00e9p\u00e8te\u00a0; et presque par tradition, l\u2019exp\u00e9rience v\u00e9cue avec ses parents est reproduite avec ses enfants\u00a0:<\/p>\n\n\n\n<p><\/p>\n\n\n\n<p class=\"has-text-align-justify\"><em>\u00ab\u00a0Je n&#8217;ai jamais eu de v\u00e9ritable t\u00eate-\u00e0-t\u00eate avec mes enfants. Une fois qu&#8217;ils ont pris leur envol, ils vivent leur existence. La vie de mes enfants me touche, me pr\u00e9occupe, mais ne me regarde pas.\u00a0\u00bb <\/em>Le journal du dimanche, 2017.<\/p>\n\n\n\n<p><\/p>\n\n\n\n<p class=\"has-text-align-justify\">Au fil de l\u2019article, un portrait semble se dessiner et diff\u00e9rents aspects de sa personnalit\u00e9 se d\u00e9gagent, nous offrant un aper\u00e7u du personnage, de son caract\u00e8re, de son temp\u00e9rament, de ses go\u00fbts, de ses envies, de ses ressentis. Or, il n\u2019en est rien.<\/p>\n\n\n\n<p><\/p>\n\n\n\n<h3 class=\"wp-block-heading\"><strong><span class=\"has-inline-color has-black-color\">Le myst\u00e8re Sardou<\/span><\/strong><\/h3>\n\n\n\n<p><\/p>\n\n\n\n<div class=\"wp-block-image\"><figure class=\"aligncenter size-large\"><img decoding=\"async\" width=\"1024\" height=\"681\" src=\"https:\/\/conservativenthusiast.com\/wp-content\/uploads\/2021\/03\/sssss-1024x681.jpg\" alt=\"\" class=\"wp-image-16710\" srcset=\"https:\/\/conservativenthusiast.com\/wp-content\/uploads\/2021\/03\/sssss-1024x681.jpg 1024w, https:\/\/conservativenthusiast.com\/wp-content\/uploads\/2021\/03\/sssss-980x652.jpg 980w, https:\/\/conservativenthusiast.com\/wp-content\/uploads\/2021\/03\/sssss-480x319.jpg 480w\" sizes=\"(min-width: 0px) and (max-width: 480px) 480px, (min-width: 481px) and (max-width: 980px) 980px, (min-width: 981px) 1024px, 100vw\" \/><\/figure><\/div>\n\n\n\n<p><\/p>\n\n\n\n<p class=\"has-text-align-justify\">S\u2019il est connu du grand public pour son immense carri\u00e8re et ses nombreuses prises de position, Michel Sardou n\u2019en demeure pas moins une v\u00e9ritable \u00e9nigme. L\u2019homme tient \u00e0 rester discret et se montre peu bavard lorsqu\u2019il s\u2019agit de se confier sur ses sentiments ou sa vie priv\u00e9e\u00a0:<\/p>\n\n\n\n<p><\/p>\n\n\n\n<p class=\"has-text-align-justify\"><em>\u00ab\u00a0Et par-dessus tout, je veux \u00e9crire ce qui m\u2019a plu ou ce qui a compt\u00e9. Je ne veux pas qu\u2019on me connaisse. Je raconte simplement ce que je veux qu\u2019on sache. Le reste c\u2019est mes oignons.\u00a0\u00bb<\/em><\/p>\n\n\n\n<p><\/p>\n\n\n\n<p class=\"has-text-align-justify\">Quiconque essaye de le cerner tombe dans une impasse, Michel Sardou prenant bien soin de brouiller les pistes, ce qu\u2019il exprime avec une certaine ironie\u00a0:<\/p>\n\n\n\n<p><\/p>\n\n\n\n<p class=\"has-text-align-justify\"><em>\u00ab\u00a0Sachez qu\u2019\u00e0 chaque fois que je vois un journaliste en face de moi, je lui raconte une autre histoire.\u00a0\u00bb<\/em> On n\u2019est pas couch\u00e9, 2009<\/p>\n\n\n\n<p><\/p>\n\n\n\n<p class=\"has-text-align-justify\">Pas m\u00eame la lecture de son autobiographie, l\u2019\u00e9coute de ses interviews ou l\u2019analyse de ses chansons ne nous permettent de p\u00e9n\u00e9trer en son for int\u00e9rieur. Nul ne peut connaitre Sardou, pas m\u00eame lui\u00a0:<\/p>\n\n\n\n<p><\/p>\n\n\n\n<p class=\"has-text-align-justify\"><em>\u00ab\u00a0On ne conna\u00eet que des \u00e9poques et des parties de moi. Je ne me connais pas et personne ne me conna\u00eet.\u00a0\u00bb<\/em> Le journal du dimanche, 2017<\/p>\n\n\n\n<p><\/p>\n\n\n\n<p>Finalement, que retenir de Michel Sardou\u00a0?<\/p>\n\n\n\n<p><\/p>\n\n\n\n<p class=\"has-text-align-justify\">Probablement que si nous ne pourrons jamais v\u00e9ritablement connaitre l\u2019homme, nous pouvons toutefois en appr\u00e9cier l\u2019immensit\u00e9 de son \u0153uvre.<\/p>\n\n\n\n<p class=\"has-text-align-justify\">Et pour cause, comment conclure cet article sans \u00e9voquer ces \u00e9ni\u00e8mes chefs-d\u2019\u0153uvre comme <strong><em><a href=\"https:\/\/www.youtube.com\/watch?v=DyvukrAgZ-g\" target=\"_blank\" rel=\"noreferrer noopener\">Je vais t\u2019aimer<\/a><\/em><\/strong>, <strong><em><a href=\"https:\/\/www.youtube.com\/watch?v=LXDlGvWukFk\" target=\"_blank\" rel=\"noreferrer noopener\">Je viens du sud<\/a><\/em><\/strong> ou encore <strong><em><a href=\"https:\/\/www.youtube.com\/watch?v=Y052xCD-mNU\" target=\"_blank\" rel=\"noreferrer noopener\">Je vole<\/a><\/em><\/strong>, qui vous transportent et vous bouleversent.<\/p>\n\n\n\n<p>Comment vous d\u00e9crire un homme qui vous est parfaitement inconnu mais qui vous semble pourtant si familier&nbsp;?<\/p>\n\n\n\n<p class=\"has-text-align-justify\">Comment vous peindre ce sentiment\u00a0si particulier ? Eh bien, simplement en vous invitant \u00e0 vous plonger \u00e0 votre tour dans l\u2019\u00e9coute de ses plus grands morceaux, qui feront de lui, \u00e0 n\u2019en pas douter, la nostalgie de demain\u00a0:<\/p>\n\n\n\n<p><\/p>\n\n\n\n<p><em>\u00ab\u00a0Le vrai succ\u00e8s finalement, c\u2019est de devenir un jour la nostalgie de demain.\u00a0\u00bb\u00a0<\/em><\/p>\n\n\n\n<p><\/p>\n\n\n\n<p><\/p>\n\n\n\n<h3 class=\"wp-block-heading\"><strong><span class=\"has-inline-color has-black-color\">Pour aller plus loin\u00a0:<\/span><\/strong><\/h3>\n\n\n\n<p><\/p>\n\n\n\n<p><a href=\"https:\/\/www.amazon.fr\/quon-nen-parle-plus-autobiographie\/dp\/2845634056\" target=\"_blank\" rel=\"noreferrer noopener\">Et qu\u2019on n\u2019en parle plus<\/a>, Michel Sardou<\/p>\n\n\n\n<figure class=\"wp-block-embed is-type-video is-provider-youtube wp-block-embed-youtube wp-embed-aspect-16-9 wp-has-aspect-ratio\"><div class=\"wp-block-embed__wrapper\">\n<span class=\"8l4bPDX5YxcjoUzwOziNkFr2GWBKIKRPouJSbHpGgjWFmek7NwR5nvVTAuUtHlv4Q0s6y9169qZd\"><div class=\"responsive-video\"><iframe title=\"Interview Michel Sardou sur RTL\" width=\"1080\" height=\"608\" src=\"https:\/\/www.youtube.com\/embed\/1_sxc2QW0yg?feature=oembed\"  allow=\"accelerometer; autoplay; clipboard-write; encrypted-media; gyroscope; picture-in-picture\" allowfullscreen><\/iframe><\/div><\/span>\n<\/div><\/figure>\n\n\n\n<figure class=\"wp-block-embed is-type-video is-provider-youtube wp-block-embed-youtube wp-embed-aspect-16-9 wp-has-aspect-ratio\"><div class=\"wp-block-embed__wrapper\">\n<span class=\"kYNs\"><div class=\"responsive-video\"><iframe title=\"Michel Sardou\u00a0: le dernier monstre sacr\u00e9 - C \u00e0 Vous - 13\/12\/2019\" width=\"1080\" height=\"608\" src=\"https:\/\/www.youtube.com\/embed\/mx9hE5mdSvA?feature=oembed\"  allow=\"accelerometer; autoplay; clipboard-write; encrypted-media; gyroscope; picture-in-picture\" allowfullscreen><\/iframe><\/div><\/span>\n<\/div><\/figure>","protected":false},"excerpt":{"rendered":"<p>Introduction Cet article s\u2019inspire entre autres de l\u2019autobiographie de Michel Sardou, Et qu\u2019on n\u2019en parle plus\u00a0; et aborde certaines facettes [&hellip;]<\/p>","protected":false},"author":1,"featured_media":16703,"comment_status":"open","ping_status":"open","sticky":false,"template":"","format":"standard","meta":{"_et_pb_use_builder":"off","_et_pb_old_content":"","_et_gb_content_width":"","_exactmetrics_skip_tracking":false,"_exactmetrics_sitenote_active":false,"_exactmetrics_sitenote_note":"","_exactmetrics_sitenote_category":0,"footnotes":""},"categories":[46],"tags":[289,45,16,29,290],"yoast_head":"<!-- This site is optimized with the Yoast SEO plugin v22.3 - https:\/\/yoast.com\/wordpress\/plugins\/seo\/ -->\n<title>Michel Sardou : l&#039;\u00e9nigme d&#039;un grand homme - The Conservative Enthusiast<\/title>\n<meta name=\"description\" content=\"\u27bd D\u00e9couvrez Michel Sardou sur The Conservative Enthusiast : la plateforme de partage et d&#039;apprentissage des conservateurs.\" \/>\n<meta name=\"robots\" content=\"index, follow, max-snippet:-1, max-image-preview:large, max-video-preview:-1\" \/>\n<link rel=\"canonical\" href=\"https:\/\/conservativenthusiast.com\/en\/michel-sardou-lenigme-dun-grand-homme\/\" \/>\n<meta property=\"og:locale\" content=\"en_GB\" \/>\n<meta property=\"og:type\" content=\"article\" \/>\n<meta property=\"og:title\" content=\"Michel Sardou : l&#039;\u00e9nigme d&#039;un grand homme - The Conservative Enthusiast\" \/>\n<meta property=\"og:description\" content=\"\u27bd D\u00e9couvrez Michel Sardou sur The Conservative Enthusiast : la plateforme de partage et d&#039;apprentissage des conservateurs.\" \/>\n<meta property=\"og:url\" content=\"https:\/\/conservativenthusiast.com\/en\/michel-sardou-lenigme-dun-grand-homme\/\" \/>\n<meta property=\"og:site_name\" content=\"The Conservative Enthusiast\" \/>\n<meta property=\"article:published_time\" content=\"2021-03-21T11:00:00+00:00\" \/>\n<meta property=\"article:modified_time\" content=\"2021-03-21T02:43:43+00:00\" \/>\n<meta property=\"og:image\" content=\"https:\/\/conservativenthusiast.com\/wp-content\/uploads\/2021\/03\/sardou.jpg\" \/>\n\t<meta property=\"og:image:width\" content=\"2560\" \/>\n\t<meta property=\"og:image:height\" content=\"1712\" \/>\n\t<meta property=\"og:image:type\" content=\"image\/jpeg\" \/>\n<meta name=\"author\" content=\"Alexis.L\" \/>\n<meta name=\"twitter:card\" content=\"summary_large_image\" \/>\n<meta name=\"twitter:label1\" content=\"Written by\" \/>\n\t<meta name=\"twitter:data1\" content=\"Alexis.L\" \/>\n\t<meta name=\"twitter:label2\" content=\"Estimated reading time\" \/>\n\t<meta name=\"twitter:data2\" content=\"27 minutes\" \/>\n<script type=\"application\/ld+json\" class=\"yoast-schema-graph\">{\"@context\":\"https:\/\/schema.org\",\"@graph\":[{\"@type\":\"Article\",\"@id\":\"https:\/\/conservativenthusiast.com\/en\/michel-sardou-lenigme-dun-grand-homme\/#article\",\"isPartOf\":{\"@id\":\"https:\/\/conservativenthusiast.com\/en\/michel-sardou-lenigme-dun-grand-homme\/\"},\"author\":{\"name\":\"Alexis.L\",\"@id\":\"https:\/\/conservativenthusiast.com\/#\/schema\/person\/3edd83a60aed483f95ebc876aeac7feb\"},\"headline\":\"Michel Sardou : l&#8217;\u00e9nigme d&#8217;un grand homme\",\"datePublished\":\"2021-03-21T11:00:00+00:00\",\"dateModified\":\"2021-03-21T02:43:43+00:00\",\"mainEntityOfPage\":{\"@id\":\"https:\/\/conservativenthusiast.com\/en\/michel-sardou-lenigme-dun-grand-homme\/\"},\"wordCount\":6621,\"commentCount\":6,\"publisher\":{\"@id\":\"https:\/\/conservativenthusiast.com\/#organization\"},\"image\":{\"@id\":\"https:\/\/conservativenthusiast.com\/en\/michel-sardou-lenigme-dun-grand-homme\/#primaryimage\"},\"thumbnailUrl\":\"https:\/\/conservativenthusiast.com\/wp-content\/uploads\/2021\/03\/sardou.jpg\",\"keywords\":[\"Michel Sardou\",\"Musique\",\"Philosophie\",\"Politique\",\"Sardou\"],\"articleSection\":[\"Musique\"],\"inLanguage\":\"en-GB\",\"potentialAction\":[{\"@type\":\"CommentAction\",\"name\":\"Comment\",\"target\":[\"https:\/\/conservativenthusiast.com\/en\/michel-sardou-lenigme-dun-grand-homme\/#respond\"]}]},{\"@type\":\"WebPage\",\"@id\":\"https:\/\/conservativenthusiast.com\/en\/michel-sardou-lenigme-dun-grand-homme\/\",\"url\":\"https:\/\/conservativenthusiast.com\/en\/michel-sardou-lenigme-dun-grand-homme\/\",\"name\":\"Michel Sardou : l'\u00e9nigme d'un grand homme - The Conservative Enthusiast\",\"isPartOf\":{\"@id\":\"https:\/\/conservativenthusiast.com\/#website\"},\"primaryImageOfPage\":{\"@id\":\"https:\/\/conservativenthusiast.com\/en\/michel-sardou-lenigme-dun-grand-homme\/#primaryimage\"},\"image\":{\"@id\":\"https:\/\/conservativenthusiast.com\/en\/michel-sardou-lenigme-dun-grand-homme\/#primaryimage\"},\"thumbnailUrl\":\"https:\/\/conservativenthusiast.com\/wp-content\/uploads\/2021\/03\/sardou.jpg\",\"datePublished\":\"2021-03-21T11:00:00+00:00\",\"dateModified\":\"2021-03-21T02:43:43+00:00\",\"description\":\"\u27bd D\u00e9couvrez Michel Sardou sur The Conservative Enthusiast : la plateforme de partage et d'apprentissage des conservateurs.\",\"breadcrumb\":{\"@id\":\"https:\/\/conservativenthusiast.com\/en\/michel-sardou-lenigme-dun-grand-homme\/#breadcrumb\"},\"inLanguage\":\"en-GB\",\"potentialAction\":[{\"@type\":\"ReadAction\",\"target\":[\"https:\/\/conservativenthusiast.com\/en\/michel-sardou-lenigme-dun-grand-homme\/\"]}]},{\"@type\":\"ImageObject\",\"inLanguage\":\"en-GB\",\"@id\":\"https:\/\/conservativenthusiast.com\/en\/michel-sardou-lenigme-dun-grand-homme\/#primaryimage\",\"url\":\"https:\/\/conservativenthusiast.com\/wp-content\/uploads\/2021\/03\/sardou.jpg\",\"contentUrl\":\"https:\/\/conservativenthusiast.com\/wp-content\/uploads\/2021\/03\/sardou.jpg\",\"width\":2560,\"height\":1712,\"caption\":\"michel sardou\"},{\"@type\":\"BreadcrumbList\",\"@id\":\"https:\/\/conservativenthusiast.com\/en\/michel-sardou-lenigme-dun-grand-homme\/#breadcrumb\",\"itemListElement\":[{\"@type\":\"ListItem\",\"position\":1,\"name\":\"Accueil\",\"item\":\"https:\/\/conservativenthusiast.com\/\"},{\"@type\":\"ListItem\",\"position\":2,\"name\":\"Michel Sardou : l&#8217;\u00e9nigme d&#8217;un grand homme\"}]},{\"@type\":\"WebSite\",\"@id\":\"https:\/\/conservativenthusiast.com\/#website\",\"url\":\"https:\/\/conservativenthusiast.com\/\",\"name\":\"The Conservative Enthusiast\",\"description\":\"La plateforme de r\u00e9information, de partage et d&#039;apprentissage des conservateurs.\",\"publisher\":{\"@id\":\"https:\/\/conservativenthusiast.com\/#organization\"},\"potentialAction\":[{\"@type\":\"SearchAction\",\"target\":{\"@type\":\"EntryPoint\",\"urlTemplate\":\"https:\/\/conservativenthusiast.com\/?s={search_term_string}\"},\"query-input\":\"required name=search_term_string\"}],\"inLanguage\":\"en-GB\"},{\"@type\":\"Organization\",\"@id\":\"https:\/\/conservativenthusiast.com\/#organization\",\"name\":\"The Conservative Enthusiast\",\"url\":\"https:\/\/conservativenthusiast.com\/\",\"logo\":{\"@type\":\"ImageObject\",\"inLanguage\":\"en-GB\",\"@id\":\"https:\/\/conservativenthusiast.com\/#\/schema\/logo\/image\/\",\"url\":\"https:\/\/i0.wp.com\/conservativeenthusiast.com\/wp-content\/uploads\/2020\/06\/LOGO-CE-MINI.png?fit=3867%2C1180&ssl=1\",\"contentUrl\":\"https:\/\/i0.wp.com\/conservativeenthusiast.com\/wp-content\/uploads\/2020\/06\/LOGO-CE-MINI.png?fit=3867%2C1180&ssl=1\",\"width\":3867,\"height\":1180,\"caption\":\"The Conservative Enthusiast\"},\"image\":{\"@id\":\"https:\/\/conservativenthusiast.com\/#\/schema\/logo\/image\/\"}},{\"@type\":\"Person\",\"@id\":\"https:\/\/conservativenthusiast.com\/#\/schema\/person\/3edd83a60aed483f95ebc876aeac7feb\",\"name\":\"Alexis.L\",\"image\":{\"@type\":\"ImageObject\",\"inLanguage\":\"en-GB\",\"@id\":\"https:\/\/conservativenthusiast.com\/#\/schema\/person\/image\/\",\"url\":\"https:\/\/secure.gravatar.com\/avatar\/e276145ad3a64170e9c68564bb9e4280?s=96&d=mm&r=g\",\"contentUrl\":\"https:\/\/secure.gravatar.com\/avatar\/e276145ad3a64170e9c68564bb9e4280?s=96&d=mm&r=g\",\"caption\":\"Alexis.L\"},\"description\":\"Si vous appr\u00e9ciez les articles de ce r\u00e9dacteur et que vous souhaitez en d\u00e9couvrir davantage sur lui ou ses \u00e9crits, vous pouvez consulter tous ses articles en cliquant sur son pseudo ou en apprendre plus sur notre page \\\"Notre \u00e9quipe\\\". Vous pouvez \u00e9galement le suivre sur ses diff\u00e9rents r\u00e9seaux sociaux ci-dessous.\",\"url\":\"https:\/\/conservativenthusiast.com\/en\/author\/admin6171\/\"}]}<\/script>\n<!-- \/ Yoast SEO plugin. -->","yoast_head_json":{"title":"Michel Sardou : l'\u00e9nigme d'un grand homme - The Conservative Enthusiast","description":"\u27bd D\u00e9couvrez Michel Sardou sur The Conservative Enthusiast : la plateforme de partage et d'apprentissage des conservateurs.","robots":{"index":"index","follow":"follow","max-snippet":"max-snippet:-1","max-image-preview":"max-image-preview:large","max-video-preview":"max-video-preview:-1"},"canonical":"https:\/\/conservativenthusiast.com\/en\/michel-sardou-lenigme-dun-grand-homme\/","og_locale":"en_GB","og_type":"article","og_title":"Michel Sardou : l'\u00e9nigme d'un grand homme - The Conservative Enthusiast","og_description":"\u27bd D\u00e9couvrez Michel Sardou sur The Conservative Enthusiast : la plateforme de partage et d'apprentissage des conservateurs.","og_url":"https:\/\/conservativenthusiast.com\/en\/michel-sardou-lenigme-dun-grand-homme\/","og_site_name":"The Conservative Enthusiast","article_published_time":"2021-03-21T11:00:00+00:00","article_modified_time":"2021-03-21T02:43:43+00:00","og_image":[{"width":2560,"height":1712,"url":"https:\/\/conservativenthusiast.com\/wp-content\/uploads\/2021\/03\/sardou.jpg","type":"image\/jpeg"}],"author":"Alexis.L","twitter_card":"summary_large_image","twitter_misc":{"Written by":"Alexis.L","Estimated reading time":"27 minutes"},"schema":{"@context":"https:\/\/schema.org","@graph":[{"@type":"Article","@id":"https:\/\/conservativenthusiast.com\/en\/michel-sardou-lenigme-dun-grand-homme\/#article","isPartOf":{"@id":"https:\/\/conservativenthusiast.com\/en\/michel-sardou-lenigme-dun-grand-homme\/"},"author":{"name":"Alexis.L","@id":"https:\/\/conservativenthusiast.com\/#\/schema\/person\/3edd83a60aed483f95ebc876aeac7feb"},"headline":"Michel Sardou : l&#8217;\u00e9nigme d&#8217;un grand homme","datePublished":"2021-03-21T11:00:00+00:00","dateModified":"2021-03-21T02:43:43+00:00","mainEntityOfPage":{"@id":"https:\/\/conservativenthusiast.com\/en\/michel-sardou-lenigme-dun-grand-homme\/"},"wordCount":6621,"commentCount":6,"publisher":{"@id":"https:\/\/conservativenthusiast.com\/#organization"},"image":{"@id":"https:\/\/conservativenthusiast.com\/en\/michel-sardou-lenigme-dun-grand-homme\/#primaryimage"},"thumbnailUrl":"https:\/\/conservativenthusiast.com\/wp-content\/uploads\/2021\/03\/sardou.jpg","keywords":["Michel Sardou","Musique","Philosophie","Politique","Sardou"],"articleSection":["Musique"],"inLanguage":"en-GB","potentialAction":[{"@type":"CommentAction","name":"Comment","target":["https:\/\/conservativenthusiast.com\/en\/michel-sardou-lenigme-dun-grand-homme\/#respond"]}]},{"@type":"WebPage","@id":"https:\/\/conservativenthusiast.com\/en\/michel-sardou-lenigme-dun-grand-homme\/","url":"https:\/\/conservativenthusiast.com\/en\/michel-sardou-lenigme-dun-grand-homme\/","name":"Michel Sardou : l'\u00e9nigme d'un grand homme - The Conservative Enthusiast","isPartOf":{"@id":"https:\/\/conservativenthusiast.com\/#website"},"primaryImageOfPage":{"@id":"https:\/\/conservativenthusiast.com\/en\/michel-sardou-lenigme-dun-grand-homme\/#primaryimage"},"image":{"@id":"https:\/\/conservativenthusiast.com\/en\/michel-sardou-lenigme-dun-grand-homme\/#primaryimage"},"thumbnailUrl":"https:\/\/conservativenthusiast.com\/wp-content\/uploads\/2021\/03\/sardou.jpg","datePublished":"2021-03-21T11:00:00+00:00","dateModified":"2021-03-21T02:43:43+00:00","description":"\u27bd D\u00e9couvrez Michel Sardou sur The Conservative Enthusiast : la plateforme de partage et d'apprentissage des conservateurs.","breadcrumb":{"@id":"https:\/\/conservativenthusiast.com\/en\/michel-sardou-lenigme-dun-grand-homme\/#breadcrumb"},"inLanguage":"en-GB","potentialAction":[{"@type":"ReadAction","target":["https:\/\/conservativenthusiast.com\/en\/michel-sardou-lenigme-dun-grand-homme\/"]}]},{"@type":"ImageObject","inLanguage":"en-GB","@id":"https:\/\/conservativenthusiast.com\/en\/michel-sardou-lenigme-dun-grand-homme\/#primaryimage","url":"https:\/\/conservativenthusiast.com\/wp-content\/uploads\/2021\/03\/sardou.jpg","contentUrl":"https:\/\/conservativenthusiast.com\/wp-content\/uploads\/2021\/03\/sardou.jpg","width":2560,"height":1712,"caption":"michel sardou"},{"@type":"BreadcrumbList","@id":"https:\/\/conservativenthusiast.com\/en\/michel-sardou-lenigme-dun-grand-homme\/#breadcrumb","itemListElement":[{"@type":"ListItem","position":1,"name":"Accueil","item":"https:\/\/conservativenthusiast.com\/"},{"@type":"ListItem","position":2,"name":"Michel Sardou : l&#8217;\u00e9nigme d&#8217;un grand homme"}]},{"@type":"WebSite","@id":"https:\/\/conservativenthusiast.com\/#website","url":"https:\/\/conservativenthusiast.com\/","name":"The Conservative Enthusiast","description":"La plateforme de r\u00e9information, de partage et d&#039;apprentissage des conservateurs.","publisher":{"@id":"https:\/\/conservativenthusiast.com\/#organization"},"potentialAction":[{"@type":"SearchAction","target":{"@type":"EntryPoint","urlTemplate":"https:\/\/conservativenthusiast.com\/?s={search_term_string}"},"query-input":"required name=search_term_string"}],"inLanguage":"en-GB"},{"@type":"Organization","@id":"https:\/\/conservativenthusiast.com\/#organization","name":"The Conservative Enthusiast","url":"https:\/\/conservativenthusiast.com\/","logo":{"@type":"ImageObject","inLanguage":"en-GB","@id":"https:\/\/conservativenthusiast.com\/#\/schema\/logo\/image\/","url":"https:\/\/i0.wp.com\/conservativeenthusiast.com\/wp-content\/uploads\/2020\/06\/LOGO-CE-MINI.png?fit=3867%2C1180&ssl=1","contentUrl":"https:\/\/i0.wp.com\/conservativeenthusiast.com\/wp-content\/uploads\/2020\/06\/LOGO-CE-MINI.png?fit=3867%2C1180&ssl=1","width":3867,"height":1180,"caption":"The Conservative Enthusiast"},"image":{"@id":"https:\/\/conservativenthusiast.com\/#\/schema\/logo\/image\/"}},{"@type":"Person","@id":"https:\/\/conservativenthusiast.com\/#\/schema\/person\/3edd83a60aed483f95ebc876aeac7feb","name":"Alexis.L","image":{"@type":"ImageObject","inLanguage":"en-GB","@id":"https:\/\/conservativenthusiast.com\/#\/schema\/person\/image\/","url":"https:\/\/secure.gravatar.com\/avatar\/e276145ad3a64170e9c68564bb9e4280?s=96&d=mm&r=g","contentUrl":"https:\/\/secure.gravatar.com\/avatar\/e276145ad3a64170e9c68564bb9e4280?s=96&d=mm&r=g","caption":"Alexis.L"},"description":"Si vous appr\u00e9ciez les articles de ce r\u00e9dacteur et que vous souhaitez en d\u00e9couvrir davantage sur lui ou ses \u00e9crits, vous pouvez consulter tous ses articles en cliquant sur son pseudo ou en apprendre plus sur notre page \"Notre \u00e9quipe\". Vous pouvez \u00e9galement le suivre sur ses diff\u00e9rents r\u00e9seaux sociaux ci-dessous.","url":"https:\/\/conservativenthusiast.com\/en\/author\/admin6171\/"}]}},"_links":{"self":[{"href":"https:\/\/conservativenthusiast.com\/en\/wp-json\/wp\/v2\/posts\/16680"}],"collection":[{"href":"https:\/\/conservativenthusiast.com\/en\/wp-json\/wp\/v2\/posts"}],"about":[{"href":"https:\/\/conservativenthusiast.com\/en\/wp-json\/wp\/v2\/types\/post"}],"author":[{"embeddable":true,"href":"https:\/\/conservativenthusiast.com\/en\/wp-json\/wp\/v2\/users\/1"}],"replies":[{"embeddable":true,"href":"https:\/\/conservativenthusiast.com\/en\/wp-json\/wp\/v2\/comments?post=16680"}],"version-history":[{"count":16,"href":"https:\/\/conservativenthusiast.com\/en\/wp-json\/wp\/v2\/posts\/16680\/revisions"}],"predecessor-version":[{"id":16716,"href":"https:\/\/conservativenthusiast.com\/en\/wp-json\/wp\/v2\/posts\/16680\/revisions\/16716"}],"wp:featuredmedia":[{"embeddable":true,"href":"https:\/\/conservativenthusiast.com\/en\/wp-json\/wp\/v2\/media\/16703"}],"wp:attachment":[{"href":"https:\/\/conservativenthusiast.com\/en\/wp-json\/wp\/v2\/media?parent=16680"}],"wp:term":[{"taxonomy":"category","embeddable":true,"href":"https:\/\/conservativenthusiast.com\/en\/wp-json\/wp\/v2\/categories?post=16680"},{"taxonomy":"post_tag","embeddable":true,"href":"https:\/\/conservativenthusiast.com\/en\/wp-json\/wp\/v2\/tags?post=16680"}],"curies":[{"name":"wp","href":"https:\/\/api.w.org\/{rel}","templated":true}]}}