{"id":14630,"date":"2021-03-20T13:16:00","date_gmt":"2021-03-20T12:16:00","guid":{"rendered":"https:\/\/conservativeenthusiast.com\/?p=14630"},"modified":"2021-03-20T13:16:08","modified_gmt":"2021-03-20T12:16:08","slug":"interview-tce-15-stanislas-berton","status":"publish","type":"post","link":"https:\/\/conservativenthusiast.com\/en\/interview-tce-15-stanislas-berton\/","title":{"rendered":"Interview TCE #15 &#8211; Stanislas Berton"},"content":{"rendered":"<h3 class=\"wp-block-heading\"><strong><span class=\"has-inline-color has-black-color\">1- For our readers who don't know you yet, can you present yourself ?<\/span><\/strong><\/h3>\n\n\n\n<p><\/p>\n\n\n\n<p class=\"has-text-align-justify\"><em>&#8220;Ancien chef d\u2019entreprise, form\u00e9 \u00e0 l\u2019analyse \u00e9conomique et plus tard \u00e0 la gestion des risques, je suis aujourd\u2019hui &nbsp;pleinement engag\u00e9 dans la d\u00e9fense du peuple fran\u00e7ais et de son identit\u00e9. Je suis \u00e9galement l\u2019auteur de trois livres qui forment ma \u00ab&nbsp;trilogie fran\u00e7aise&nbsp;\u00bb&nbsp;: \u00ab&nbsp;Etre Fran\u00e7ais&nbsp;: lettre \u00e0 ma s\u0153ur&nbsp;\u00bb (2018), \u00ab&nbsp;Essais- L\u2019Homme et la Cit\u00e9&nbsp;\u00bb (2020) et tout r\u00e9cemment, La France Retrouv\u00e9e (2021).&#8221;<\/em><\/p>\n\n\n\n<p><\/p>\n\n\n\n<h3 class=\"wp-block-heading\"><strong><span class=\"has-inline-color has-black-color\">2-: Quel est votre parcours ? Votre jeunesse, vos \u00e9tudes, vos projets d\u00e9j\u00e0 r\u00e9alis\u00e9s et vos succ\u00e8s pass\u00e9s ?<\/span><\/strong><\/h3>\n\n\n\n<p><\/p>\n\n\n\n<p class=\"has-text-align-justify\"><em>&#8220;J\u2019ai grandi et effectu\u00e9 toute ma scolarit\u00e9 \u00e0 Lun\u00e9ville en Lorraine pour ensuite poursuivre mes \u00e9tudes \u00e0 Nancy puis \u00e0 Reims. Apr\u00e8s avoir rapidement constat\u00e9 l\u2019incompatibilit\u00e9 entre mon temp\u00e9rament et le statut de salari\u00e9, j\u2019ai cr\u00e9\u00e9 ma premi\u00e8re entreprise \u00e0 25 ans gr\u00e2ce \u00e0 une lev\u00e9e de fonds r\u00e9ussie aupr\u00e8s d\u2019investisseurs.<\/em><\/p>\n\n\n\n<p class=\"has-text-align-justify\"><em>Suite \u00e0 cette exp\u00e9rience j\u2019ai d\u00e9cid\u00e9 de liquider mon entreprise pour continuer mon travail et surtout mes travaux de recherche en tant qu\u2019ind\u00e9pendant.<\/em><\/p>\n\n\n\n<p class=\"has-text-align-justify\"><em>Ces derni\u00e8res ann\u00e9es, j\u2019ai partag\u00e9 le fruit de ce travail avec le public via mon site internet (<\/em><a href=\"http:\/\/www.stanislasberton.com\"><em>www.stanislasberton.com<\/em><\/a><em>) ainsi que les livres que je publie par l\u2019interm\u00e9diaire de ma maison d\u2019\u00e9dition, Le Temps Retrouv\u00e9<\/em>.&#8221;<\/p>\n\n\n\n<p><\/p>\n\n\n\n<h3 class=\"wp-block-heading\"><strong><span class=\"has-inline-color has-black-color\">3-: Qu&#8217;est-ce qui vous a amen\u00e9 \u00e0 lancer votre projet ? Quelles sont les \u00e9tapes qui vous y ont men\u00e9es ?<\/span><\/strong><\/h3>\n\n\n\n<p><\/p>\n\n\n\n<p class=\"has-text-align-justify\"><em>&#8220;<em>Ma vie et mes travaux ont toujours suivi un principe simple&nbsp;: suivre ma curiosit\u00e9 et faire confiance \u00e0 mon instinct. Ce mode de fonctionnement m\u2019a conduit par le pass\u00e9 \u00e0 quitter un travail salari\u00e9 r\u00e9mun\u00e9rateur pour cr\u00e9er ma propre entreprise et plus r\u00e9cemment \u00e0 \u00e9crire&nbsp;&nbsp;une s\u00e9rie de livres dont le processus de cr\u00e9ation reste encore aujourd\u2019hui pour moi aussi incompr\u00e9hensible que myst\u00e9rieux. Avec le temps, j\u2019ai fini par comprendre que le secret \u00e9tait de l\u00e2cher prise, de se laisser guider et d\u2019accepter que Dieu \u00e9crit droit avec des lignes courbes<\/em>.&#8221;<\/em><\/p>\n\n\n\n<p class=\"has-text-align-justify\"><\/p>\n\n\n\n<h3 class=\"wp-block-heading\"><strong><span class=\"has-inline-color has-black-color\">4-: <strong><strong>Can you explain to us more in details what are your projects about<\/strong><\/strong><\/span><\/strong><span class=\"has-inline-color has-black-color\"><strong>and why are you doing what you're doing ?<\/strong><\/span><\/h3>\n\n\n\n<p><\/p>\n\n\n\n<p class=\"has-text-align-justify\"><em>&#8220;Au cours des derni\u00e8res ann\u00e9es, j\u2019ai pris \u00e0 la fois conscience des menaces existentielles qui pesaient sur notre civilisation mais aussi de l\u2019insuffisance des moyens d\u00e9ploy\u00e9s pour y faire face. D\u00e8s lors que vous avez compris que ce qui se joue n\u2019est rien de moins que le destin de la France et l\u2019avenir de son peuple, que pouvez-vous faire d\u2019autre que de jeter toutes vos forces dans cette bataille&nbsp;? Si vous ne le faites pas, qui d\u2019autre le fera&nbsp;?<\/em><\/p>\n\n\n\n<p class=\"has-text-align-justify\"><em>Dans un premier temps, cette volont\u00e9 d\u2019agir a pris la forme d\u2019un travail d\u2019\u00e9criture qui visait \u00e0 faire conna\u00eetre mon engagement mais \u00e9galement \u00e0 poser, \u00e0 travers chacun de mes livres, les bases culturelles, conceptuelles et strat\u00e9giques, n\u00e9cessaires pour r\u00e9soudre les probl\u00e8mes \u00e0 la racine et combattre nos ennemis dans leurs plans.<\/em><\/p>\n\n\n\n<p class=\"has-text-align-justify\"><em>Aujourd\u2019hui, apr\u00e8s cette phase d\u2019analyse et d\u2019observation, je m\u2019appr\u00eate \u00e0 entrer dans une phase plus active de mon travail.&#8221;<\/em><\/p>\n\n\n\n<p><\/p>\n\n\n\n<h3 class=\"wp-block-heading\"><strong><span class=\"has-inline-color has-black-color\">5-: <\/span><\/strong><span class=\"has-inline-color has-black-color\"><strong>What are your main sources of inspiration ? Who or what have had a big influence on you ?<\/strong><\/span><\/h3>\n\n\n\n<p><\/p>\n\n\n\n<p class=\"has-text-align-justify\"><em>&#8220;Ma principale source d\u2019inspiration reste l\u2019observation du monde naturel dont je m\u2019efforce de &nbsp;comprendre le fonctionnement r\u00e9el et de r\u00e9v\u00e9ler les grandes lois. Dans ce travail, j\u2019ai \u00e9t\u00e9 influenc\u00e9 par des scientifiques comme le physicien Richard Feynman ou l\u2019\u00e9thologue Konrad Lorenz, des philosophes empiriques comme &nbsp;Nassim Nicholas Taleb mais \u00e9galement par ces deux proph\u00e8tes visionnaires que sont Dosto\u00efevski et Soljenitsyne.&nbsp; Par l\u2019interm\u00e9diaire de ma pratique des arts martiaux, j\u2019ai \u00e9galement \u00e9t\u00e9 tr\u00e8s inspir\u00e9 par la pens\u00e9e asiatique, qu\u2019il s\u2019agisse de la strat\u00e9gie militaire de Sun Tzu, de l\u2019importance de l\u2019harmonie, de la vertu et du rite enseign\u00e9e par Confucius et plus g\u00e9n\u00e9ralement par cette approche intuitive et holiste qui permet \u00e0 celui qui suit cette Voie d\u2019\u00e9chapper au rationalisme \u00e9troit qui domine aujourd\u2019hui trop souvent la pens\u00e9e occidentale<\/em>.&#8221;<\/p>\n\n\n\n<p class=\"has-text-align-justify\"><\/p>\n\n\n\n<h3 class=\"wp-block-heading\"><span class=\"has-inline-color has-black-color\"><strong>6-: What is conservatism in your opinion? And do you think it is important today?<\/strong><\/span><\/h3>\n\n\n\n<p><\/p>\n\n\n\n<p class=\"has-text-align-justify\"><em>&#8220;\u00catre conservateur, c\u2019est avant tout admettre l\u2019existence de grandes lois naturelles et le fait que tout&nbsp; ce qui a r\u00e9ussi \u00e0 passer l\u2019\u00e9preuve du temps poss\u00e8de vraisemblablement des vertus, visibles ou cach\u00e9es, indispensables \u00e0 la survie d\u2019un peuple ou d\u2019une civilisation.&nbsp; C\u2019est donc l\u2019oppos\u00e9 de ce nouveau totalitarisme progressiste qui consid\u00e8re que tout n\u2019est que construction et cherche \u00e0 faire table rase du pass\u00e9 avec comme cons\u00e9quence la cr\u00e9ation de soci\u00e9t\u00e9s et de syst\u00e8mes totalement inadapt\u00e9s et surtout extr\u00eamement fragiles.<\/em><\/p>\n\n\n\n<p class=\"has-text-align-justify\"><em>Ceci \u00e9tant dit, je partage avec Nassim Nicholas Taleb l\u2019id\u00e9e selon laquelle il est absurde de parler de conservatisme ou de progressisme, sans parler du rythme du changement et les domaines auquel il est cens\u00e9 s\u2019appliquer. De m\u00eame que des changements trop rapides peuvent d\u00e9stabiliser une soci\u00e9t\u00e9, la stagnation peut aussi parfois conduire \u00e0 l\u2019inadaptation.<\/em><\/p>\n\n\n\n<p class=\"has-text-align-justify\"><em>Le rythme de changement optimal est celui qui, \u00e0 long terme, permet la survie du groupe et aujourd\u2019hui,&nbsp; force est de constater que l\u2019id\u00e9ologie progressiste n\u2019a cess\u00e9 d\u2019imposer des ruptures radicales qui, non contentes de d\u00e9truire des principes test\u00e9s par des mill\u00e9naires d\u2019exp\u00e9riences collectives, sont en train de mettre en p\u00e9ril l\u2019existence m\u00eame de la civilisation occidentale<\/em>.&#8221;<\/p>\n\n\n\n<p class=\"has-text-align-justify\"><\/p>\n\n\n\n<h3 class=\"wp-block-heading\"><span class=\"has-inline-color has-black-color\"><strong>7-: What do you think of the current context of society in Europe? And on a global scale?<\/strong><\/span><\/h3>\n\n\n\n<p><\/p>\n\n\n\n<p class=\"has-text-align-justify\">&#8220;<em>Je pense que l\u2019Europe est aujourd\u2019hui le th\u00e9\u00e2tre d\u2019une guerre sans piti\u00e9 et d\u2019une violence inou\u00efe qui lui est essentiellement men\u00e9e par des moyens non-militaires. La conscience de cette r\u00e9alit\u00e9 est rendue d\u2019autant plus difficile par le fait que l\u2019Europe a d\u00e9cid\u00e9 bannir la logique du conflit de son espace mental et politique allant d\u00e9sormais jusqu\u2019\u00e0 rejeter la notion m\u00eame d\u2019ennemi. Cet aveuglement est pr\u00e9sent partout en Europe de l\u2019Ouest et frappe toutes les classes d\u2019\u00e2ge mais il est plus prononc\u00e9 chez la g\u00e9n\u00e9ration de l\u2019apr\u00e8s-guerre qui n\u2019a connu qu\u2019un monde de loisirs, de prosp\u00e9rit\u00e9 et de croissance.<\/em><\/p>\n\n\n\n<p class=\"has-text-align-justify\"><em>\u00c0 l\u2019\u00e9chelle du monde, nous vivons aujourd\u2019hui un moment historique de crise et de refondation. Les risques sont immenses mais les opportunit\u00e9s le sont tout d\u2019autant pour ceux qui seront capables de comprendre cette nouvelle r\u00e9alit\u00e9 et d\u2019agir en cons\u00e9quence<\/em>.&#8221;<\/p>\n\n\n\n<p><\/p>\n\n\n\n<h3 class=\"wp-block-heading\"><span class=\"has-inline-color has-black-color\"><strong>8-: If you had to give 5 elements that every French person should seriously work on at the individual level, what would they be?<\/strong><\/span><\/h3>\n\n\n\n<p><\/p>\n\n\n\n<ul><li><em>Se former sur le plan politique, \u00e9conomique et philosophique<\/em><\/li><\/ul>\n\n\n\n<ul><li><em>Apprendre \u00e0 agir et \u00e0 penser en leader<\/em><\/li><\/ul>\n\n\n\n<ul><li><em>D\u00e9velopper son autonomie (alimentation, s\u00e9curit\u00e9, information)<\/em><\/li><\/ul>\n\n\n\n<ul><li><em>Entrer en contact avec d\u2019autres patriotes au niveau local, national et international\u00a0 pour d\u00e9velopper de vrais r\u00e9seaux \u00a0d\u2019\u00e9change, d\u2019entraide et de solidarit\u00e9<\/em><\/li><\/ul>\n\n\n\n<ul><li><em>Relire la Bible avec un \u0153il neuf et red\u00e9couvrir son h\u00e9ritage chr\u00e9tien<\/em><\/li><\/ul>\n\n\n\n<p><\/p>\n\n\n\n<h3 class=\"wp-block-heading\"><span class=\"has-inline-color has-black-color\"><strong>9-: Can you share with us your feelings about today's youth?<\/strong><\/span><\/h3>\n\n\n\n<p><\/p>\n\n\n\n<p class=\"has-text-align-justify\"><em>&#8220;Tout a \u00e9t\u00e9 mis en \u0153uvre, notamment via la destruction de tous les cadres collectifs (famille, patrie, religion) pour plonger une large partie de la jeunesse dans l\u2019apathie et la r\u00e9signation ainsi qu\u2019encourager que le d\u00e9veloppement d\u2019une conception purement individualiste et mat\u00e9rialiste de l\u2019existence.<\/em><\/p>\n\n\n\n<p class=\"has-text-align-justify\"><em>Heureusement, je constate dans le m\u00eame temps, surtout chez les patriotes et les conservateurs, l\u2019\u00e9mergence d\u2019une jeunesse poss\u00e9dant un vrai courage, une grande lucidit\u00e9 et surtout la conscience de la n\u00e9cessit\u00e9 de changer radicalement de paradigme.&nbsp;<\/em><\/p>\n\n\n\n<p class=\"has-text-align-justify\"><em>Cette jeunesse est ce que notre pays et notre civilisation ont de meilleur et c\u2019est sur elle que nous devons nous appuyer pour construire l\u2019avenir et remporter la victoire<\/em>.&#8221;<\/p>\n\n\n\n<p class=\"has-text-align-justify\"><\/p>\n\n\n\n<h3 class=\"wp-block-heading\"><span class=\"has-inline-color has-black-color\"><strong>10-: Many young French people are looking to reconnect with their heritage, what do you think is the best way to do so?<\/strong><\/span><\/h3>\n\n\n\n<p><\/p>\n\n\n\n<p class=\"has-text-align-justify\">&#8221; <em>Tout d\u2019abord, &nbsp;en retrouvant le sens de la lign\u00e9e et de la tradition familiale tout en s\u2019enracinant dans un lieu plac\u00e9 sous leur responsabilit\u00e9 et leur protection.<\/em><\/p>\n\n\n\n<p class=\"has-text-align-justify\"><em>Ensuite, se plonger dans l\u2019histoire de leur pays pour mieux comprendre la cha\u00eene dont ils constituent le dernier maillon et apprendre des succ\u00e8s mais aussi des \u00e9checs de leurs anc\u00eatres.<\/em><\/p>\n\n\n\n<p class=\"has-text-align-justify\"><em>Enfin, se r\u00e9approprier et d\u00e9fendre leur h\u00e9ritage culturel aussi bien via les grandes cr\u00e9ations artistiques qu\u2019\u00e0 travers des savoirs concrets comme l\u2019artisanat, la gastronomie ou la construction<\/em>.&#8221;<\/p>\n\n\n\n<p><\/p>\n\n\n\n<h3 class=\"wp-block-heading\"><span class=\"has-inline-color has-black-color\"><strong>11-: What are the main dangers that threaten European civilization in your opinion?<\/strong><\/span><\/h3>\n\n\n\n<p><\/p>\n\n\n\n<p class=\"has-text-align-justify\"><em>&#8220;Le plus grand danger qui menace notre civilisation est la r\u00e9signation face \u00e0 un effondrement ou une destruction qui&nbsp; sont aujourd\u2019hui de plus en plus per\u00e7us, y compris chez les patriotes et les conservateurs, comme in\u00e9luctables.<\/em><\/p>\n\n\n\n<p class=\"has-text-align-justify\"><em>En r\u00e9alit\u00e9, il suffit parfois de la volont\u00e9&nbsp; et des efforts de quelques hommes et femmes d\u00e9termin\u00e9s pour changer le cours de l\u2019Histoire, ou du moins \u00e9viter le pire, et rendre les armes avant d\u2019avoir lutt\u00e9 jusqu\u2019\u00e0 la limite de ses forces reste encore le meilleur moyen de rendre cette proph\u00e9tie auto-r\u00e9alisatrice ou d\u2019assurer une victoire sans effort \u00e0 nos adversaires.<\/em><\/p>\n\n\n\n<p class=\"has-text-align-justify\"><em>Comme l\u2019enseignait Platon&nbsp;:&nbsp;\u00ab&nbsp;seuls les morts ont vu la fin de la guerre<\/em>.<em>\u00bb<\/em><\/p>\n\n\n\n<p class=\"has-text-align-justify\"><\/p>\n\n\n\n<h3 class=\"wp-block-heading\"><span class=\"has-inline-color has-black-color\"><strong>12-: What are the main hopes and levers to overcome these threats?<\/strong><\/span><\/h3>\n\n\n\n<p><\/p>\n\n\n\n<p class=\"has-text-align-justify\"><em>&#8221; Il est imp\u00e9ratif que tous ceux qui veulent lutter pour la d\u00e9fense de leur pays, de leur libert\u00e9 ou de leur identit\u00e9 comprennent que le combat politique n\u2019est qu\u2019un aspect d\u2019une guerre plus large, totale et permanente men\u00e9e par des moyens principalement non-militaires aux pays et aux peuples europ\u00e9ens.<\/em><\/p>\n\n\n\n<p class=\"has-text-align-justify\"><em>Pour gagner cette guerre, il est indispensable d\u2019en comprendre la nature mais \u00e9galement avoir le courage de d\u00e9signer clairement nos ennemis.<\/em><\/p>\n\n\n\n<p class=\"has-text-align-justify\"><em>Ensuite, il est indispensable que les patriotes, surtout les plus jeunes, comprennent que si la solidarit\u00e9 et la coop\u00e9ration europ\u00e9enne sont des n\u00e9cessit\u00e9s, il ne faut jamais perdre de vue l\u2019impitoyable r\u00e9alit\u00e9 des int\u00e9r\u00eats nationaux et des rapports de force entre Etats. Depuis l\u2019effondrement de l\u2019empire romain, l\u2019Europe, c\u2019est la France ou c\u2019est l\u2019Allemagne et cette destruction de l\u2019id\u00e9e nationale au profit, tant\u00f4t du r\u00e9gionalisme, tant\u00f4t de \u00ab&nbsp;l\u2019identit\u00e9 europ\u00e9enne&nbsp;\u00bb est la garantie de la neutralisation \u00e0 long terme de la puissance fran\u00e7aise au profit d\u2019autres pays europ\u00e9ens<\/em>.&#8221;<\/p>\n\n\n\n<p><\/p>\n\n\n\n<h3 class=\"wp-block-heading\"><span class=\"has-inline-color has-black-color\"><strong>13-:<\/strong> <strong>What are the personalities, authors, initiatives or organizations that seem worthy of interest today in your opinion?<\/strong><\/span><\/h3>\n\n\n\n<p><\/p>\n\n\n\n<p class=\"has-text-align-justify\"><em>&#8220;<em>M\u00eame si, \u00e0 diff\u00e9rents niveaux, il existe de remarquables lieux de r\u00e9sistance comme par exemple l\u2019Institut Iliade, l\u2019association G\u00e9n\u00e9ration Identitaire ou encore des libraires et \u00e9diteurs comme la Nouvelle Librairie \u00e0 Paris ou les Deux Cit\u00e9s \u00e0 Nancy, une des raisons de mon engagement est l\u2019absence \u00e0 mes yeux &nbsp;d\u2019une organisation, d\u2019un mouvement ou d\u2019une personnalit\u00e9, conscient des v\u00e9ritables enjeux de notre si\u00e8cle et v\u00e9ritablement d\u00e9termin\u00e9 \u00e0 gagner cette guerre ainsi qu\u2019\u00e0 d\u00e9fendre l\u2019int\u00e9r\u00eat sup\u00e9rieur de la France<\/em><\/em>.&#8221;<\/p>\n\n\n\n<p><\/p>\n\n\n\n<h3 class=\"wp-block-heading\"><span class=\"has-inline-color has-black-color\"><strong>14-:<\/strong> <strong>Y a t-il un sujet qui vous para\u00eet d\u00e9laiss\u00e9 aujourd&#8217;hui ou que vous consid\u00e9rez ne pas voir suffisamment dans les m\u00e9dias ou le d\u00e9bat public ?<\/strong><\/span><\/h3>\n\n\n\n<p><\/p>\n\n\n\n<p class=\"has-text-align-justify\"><em>&#8220;Loin d\u2019\u00eatre une grande conqu\u00eate de la modernit\u00e9, la domination sans partage de la rationalit\u00e9 a en r\u00e9alit\u00e9 appauvri notre pens\u00e9e ainsi que nos modes de r\u00e9flexion.&nbsp; En Occident et tout particuli\u00e8rement en France, la religiosit\u00e9 incarn\u00e9e par le christianisme, contribuait \u00e0 maintenir cet \u00e9quilibre entre la pens\u00e9e analytique et l\u2019approche intuitive et holiste, qui, au cours des derni\u00e8res d\u00e9cennies, a \u00e9t\u00e9 totalement rompu.<\/em><\/p>\n\n\n\n<p class=\"has-text-align-justify\"><em>La grande ironie de notre \u00e9poque est la d\u00e9couverte, par l\u2019interm\u00e9diaire des moyens rationnels et scientifiques de la psychologie, de la biologie \u00e9volutive ou de la neurologie, que certains interdits, pratiques ou croyances consid\u00e9r\u00e9s comme \u00ab&nbsp;irrationnels&nbsp;\u00bb poss\u00e8dent en r\u00e9alit\u00e9 une rationalit\u00e9 cach\u00e9e qui avait \u00e9t\u00e9 &nbsp;parfaitement comprise de fa\u00e7on empirique et intuitive par nos anc\u00eatres. Aujourd\u2019hui, malgr\u00e9 notre sup\u00e9riorit\u00e9 technique et technologique, l\u2019Occident est en train d\u2019\u00eatre soumis et conquis par des peuples ayant su conserver cet \u00e9quilibre entre la pens\u00e9e issue de l\u2019h\u00e9misph\u00e8re gauche et celle issue de l\u2019h\u00e9misph\u00e8re droit.<\/em><\/p>\n\n\n\n<p class=\"has-text-align-justify\"><em>Je renvoie vos lecteurs souhaitant creuser ce sujet \u00e0 la lecture du livre fondamental d\u2019Iain McGilchrist \u00ab&nbsp;Le ma\u00eetre et son \u00e9missaire&nbsp;\u00bb auquel je fus, sur mon site, le premier en France \u00e0 consacrer un article ainsi qu\u2019\u00e0 la lecture de mon essai \u00ab&nbsp;De la Rationalit\u00e9&nbsp;\u00bb pr\u00e9sent dans le recueil \u00ab&nbsp;L\u2019Homme et la Cit\u00e9&nbsp;\u00bb<\/em>.&#8221;<\/p>\n\n\n\n<p><\/p>\n\n\n\n<h3 class=\"wp-block-heading\"><span class=\"has-inline-color has-black-color\"><strong>15-: Pouvez-vous nous donner un livre, un film et une musique, qui selon vous vous repr\u00e9sente, ou auquel vous tenez ?<\/strong><\/span><\/h3>\n\n\n\n<p><\/p>\n\n\n\n<p class=\"has-text-align-justify\">&#8220;<em>Une phrase du G\u00e9n\u00e9ral de Gaulle tir\u00e9e de l\u2019un de ses premiers livres, le Fil de l\u2019Ep\u00e9e&nbsp;: \u00ab&nbsp;<em>La difficult\u00e9 attire l\u2019homme de caract\u00e8re, car c\u2019est en l\u2019\u00e9treignant qu\u2019il se r\u00e9alise lui-m\u00eame. Mais qu\u2019il l\u2019ait ou non vaincue, c\u2019est affaire entre elle et lui. Amant jaloux, il ne partage rien de ce qu\u2019elle lui donne, ni de ce qu\u2019elle lui co\u00fbte. Il y cherche quoi qu\u2019il arrive, l\u2019\u00e2pre joie d\u2019\u00eatre responsable. La passion d\u2019agir par soi-m\u00eame s\u2019accompagne, \u00e9videmment, de quelque rudesse dans les proc\u00e9d\u00e9s<\/em><\/em>.&#8221;<\/p>\n\n\n\n<p><\/p>\n\n\n\n<h3 class=\"wp-block-heading\"><span class=\"has-inline-color has-black-color\"><strong>16-: <strong>What do you think you can bring to someone who is just discovering you?<\/strong><\/strong><\/span><\/h3>\n\n\n\n<p><\/p>\n\n\n\n<p class=\"has-text-align-justify\">&#8220;<em>Sur le plan intellectuel, la d\u00e9couverte &nbsp;de certains concepts essentiels trop souvent m\u00e9connus et plus g\u00e9n\u00e9ralement, la preuve par l\u2019exemple de l\u2019importance d\u2019une pens\u00e9e transversale et d\u2019une vision d\u2019ensemble appliqu\u00e9es \u00e0 des probl\u00e8mes concrets.<\/em><\/p>\n\n\n\n<p class=\"has-text-align-justify\"><em>Pour le reste, la d\u00e9couverte d\u2019un homme pleinement engag\u00e9, en pens\u00e9es et en actes, dans la d\u00e9fense de son pays et de son peuple et d\u00e9termin\u00e9, par exp\u00e9rience comme par temp\u00e9rament, \u00e0 ne pas subir et \u00e0 se donner les moyens de gagner<\/em>.&#8221;<\/p>\n\n\n\n<p><\/p>\n\n\n\n<h3 class=\"wp-block-heading\"><span class=\"has-inline-color has-black-color\"><strong>17-: <strong>Quels sont vos projets \u00e0 l&#8217;avenir ? Dans les prochaines semaines et mois, \u00e0 court terme, mais \u00e9galement votre vision \u00e0 long terme.<\/strong><\/strong><\/span><\/h3>\n\n\n\n<p><\/p>\n\n\n\n<p class=\"has-text-align-justify\">&#8220;<em><em>Je me concentre actuellement sur la promotion de ce nouveau livre, la France Retrouv\u00e9e, qui vient clore ma \u00ab&nbsp;trilogie fran\u00e7aise&nbsp;\u00bb ainsi que la phase d\u2019analyse et d\u2019observation de mon travail.&nbsp; Dans les mois \u00e0 venir, je vais continuer \u00e0 faire conna\u00eetre ce travail et mon engagement aux patriotes afin que nous nous donnions les moyens, \u00e0 terme, de gagner cette guerre men\u00e9e \u00e0 la France et \u00e0 son peuple<\/em><\/em>.&#8221;<\/p>\n\n\n\n<p><\/p>\n\n\n\n<h3 class=\"wp-block-heading\"><strong><span class=\"has-inline-color has-black-color\">18-: Where can we follow you? On which media or social network are you the most active?<\/span><\/strong><\/h3>\n\n\n\n<p><\/p>\n\n\n\n<p class=\"has-text-align-justify\"><em>&#8220;<em>Vos lecteurs peuvent me suivre sur mon site <\/em><a href=\"http:\/\/www.stanislasberton.com\"><em>www.stanislasberton.com<\/em><\/a><em> mais \u00e9galement sur Twitter et en cas de suppression, sur mon compte de secours sur Gab<\/em><\/em>.&#8221;<\/p>\n\n\n\n<p><\/p>\n\n\n\n<h3 class=\"wp-block-heading\"><strong><span class=\"has-inline-color has-black-color\">19-: A word for the end ?<\/span><\/strong><\/h3>\n\n\n\n<p><\/p>\n\n\n\n<p><em>&#8220;<em>L\u00e0 o\u00f9 la responsabilit\u00e9 a \u00e9t\u00e9 abdiqu\u00e9e se trouve l\u2019opportunit\u00e9<\/em><\/em>.&#8221;<\/p>\n\n\n\n<p><\/p>\n\n\n\n<p><\/p>\n\n\n\n<p><\/p>","protected":false},"excerpt":{"rendered":"<p>1- Pour nos lecteurs qui ne vous connaissent pas encore, pr\u00e9sentez-vous. &#8220;Ancien chef d\u2019entreprise, form\u00e9 \u00e0 l\u2019analyse \u00e9conomique et plus [&hellip;]<\/p>","protected":false},"author":1,"featured_media":14633,"comment_status":"open","ping_status":"open","sticky":false,"template":"","format":"standard","meta":{"_et_pb_use_builder":"off","_et_pb_old_content":"","_et_gb_content_width":"","_exactmetrics_skip_tracking":false,"_exactmetrics_sitenote_active":false,"_exactmetrics_sitenote_note":"","_exactmetrics_sitenote_category":0,"footnotes":""},"categories":[21],"tags":[282,22,284,283,281],"yoast_head":"<!-- This site is optimized with the Yoast SEO plugin v22.3 - https:\/\/yoast.com\/wordpress\/plugins\/seo\/ -->\n<title>Interview TCE #15 - Stanislas Berton - The Conservative Enthusiast<\/title>\n<meta name=\"description\" content=\"\u27bd Interview de Stanislas Berton sur TCE : La plateforme communautaire de partage et d&#039;apprentissage des conservateurs.\" \/>\n<meta name=\"robots\" content=\"index, follow, max-snippet:-1, max-image-preview:large, max-video-preview:-1\" \/>\n<link rel=\"canonical\" href=\"https:\/\/conservativenthusiast.com\/en\/interview-tce-15-stanislas-berton\/\" \/>\n<meta property=\"og:locale\" content=\"en_GB\" \/>\n<meta property=\"og:type\" content=\"article\" \/>\n<meta property=\"og:title\" content=\"Interview TCE #15 - Stanislas Berton - The Conservative Enthusiast\" \/>\n<meta property=\"og:description\" content=\"\u27bd Interview de Stanislas Berton sur TCE : La plateforme communautaire de partage et d&#039;apprentissage des conservateurs.\" \/>\n<meta property=\"og:url\" content=\"https:\/\/conservativenthusiast.com\/en\/interview-tce-15-stanislas-berton\/\" \/>\n<meta property=\"og:site_name\" content=\"The Conservative Enthusiast\" \/>\n<meta property=\"article:published_time\" content=\"2021-03-20T12:16:00+00:00\" \/>\n<meta property=\"article:modified_time\" content=\"2021-03-20T12:16:08+00:00\" \/>\n<meta property=\"og:image\" content=\"https:\/\/conservativenthusiast.com\/wp-content\/uploads\/2021\/03\/Stanislas-Berton.jpg\" \/>\n\t<meta property=\"og:image:width\" content=\"2339\" \/>\n\t<meta property=\"og:image:height\" content=\"1654\" \/>\n\t<meta property=\"og:image:type\" content=\"image\/jpeg\" \/>\n<meta name=\"author\" content=\"Alexis.L\" \/>\n<meta name=\"twitter:card\" content=\"summary_large_image\" \/>\n<meta name=\"twitter:label1\" content=\"Written by\" \/>\n\t<meta name=\"twitter:data1\" content=\"Alexis.L\" \/>\n\t<meta name=\"twitter:label2\" content=\"Estimated reading time\" \/>\n\t<meta name=\"twitter:data2\" content=\"10 minutes\" \/>\n<script type=\"application\/ld+json\" class=\"yoast-schema-graph\">{\"@context\":\"https:\/\/schema.org\",\"@graph\":[{\"@type\":\"Article\",\"@id\":\"https:\/\/conservativenthusiast.com\/en\/interview-tce-15-stanislas-berton\/#article\",\"isPartOf\":{\"@id\":\"https:\/\/conservativenthusiast.com\/en\/interview-tce-15-stanislas-berton\/\"},\"author\":{\"name\":\"Alexis.L\",\"@id\":\"https:\/\/conservativenthusiast.com\/#\/schema\/person\/3edd83a60aed483f95ebc876aeac7feb\"},\"headline\":\"Interview TCE #15 &#8211; Stanislas Berton\",\"datePublished\":\"2021-03-20T12:16:00+00:00\",\"dateModified\":\"2021-03-20T12:16:08+00:00\",\"mainEntityOfPage\":{\"@id\":\"https:\/\/conservativenthusiast.com\/en\/interview-tce-15-stanislas-berton\/\"},\"wordCount\":2641,\"commentCount\":0,\"publisher\":{\"@id\":\"https:\/\/conservativenthusiast.com\/#organization\"},\"image\":{\"@id\":\"https:\/\/conservativenthusiast.com\/en\/interview-tce-15-stanislas-berton\/#primaryimage\"},\"thumbnailUrl\":\"https:\/\/conservativenthusiast.com\/wp-content\/uploads\/2021\/03\/Stanislas-Berton.jpg\",\"keywords\":[\"\u00catre Fran\u00e7ais\",\"Interview\",\"L&#039;Homme et la Cit\u00e9\",\"La France Retrouv\u00e9e\",\"Stanislas Berton\"],\"articleSection\":[\"Interviews\"],\"inLanguage\":\"en-GB\",\"potentialAction\":[{\"@type\":\"CommentAction\",\"name\":\"Comment\",\"target\":[\"https:\/\/conservativenthusiast.com\/en\/interview-tce-15-stanislas-berton\/#respond\"]}]},{\"@type\":\"WebPage\",\"@id\":\"https:\/\/conservativenthusiast.com\/en\/interview-tce-15-stanislas-berton\/\",\"url\":\"https:\/\/conservativenthusiast.com\/en\/interview-tce-15-stanislas-berton\/\",\"name\":\"Interview TCE #15 - Stanislas Berton - The Conservative Enthusiast\",\"isPartOf\":{\"@id\":\"https:\/\/conservativenthusiast.com\/#website\"},\"primaryImageOfPage\":{\"@id\":\"https:\/\/conservativenthusiast.com\/en\/interview-tce-15-stanislas-berton\/#primaryimage\"},\"image\":{\"@id\":\"https:\/\/conservativenthusiast.com\/en\/interview-tce-15-stanislas-berton\/#primaryimage\"},\"thumbnailUrl\":\"https:\/\/conservativenthusiast.com\/wp-content\/uploads\/2021\/03\/Stanislas-Berton.jpg\",\"datePublished\":\"2021-03-20T12:16:00+00:00\",\"dateModified\":\"2021-03-20T12:16:08+00:00\",\"description\":\"\u27bd Interview de Stanislas Berton sur TCE : La plateforme communautaire de partage et d'apprentissage des conservateurs.\",\"breadcrumb\":{\"@id\":\"https:\/\/conservativenthusiast.com\/en\/interview-tce-15-stanislas-berton\/#breadcrumb\"},\"inLanguage\":\"en-GB\",\"potentialAction\":[{\"@type\":\"ReadAction\",\"target\":[\"https:\/\/conservativenthusiast.com\/en\/interview-tce-15-stanislas-berton\/\"]}]},{\"@type\":\"ImageObject\",\"inLanguage\":\"en-GB\",\"@id\":\"https:\/\/conservativenthusiast.com\/en\/interview-tce-15-stanislas-berton\/#primaryimage\",\"url\":\"https:\/\/conservativenthusiast.com\/wp-content\/uploads\/2021\/03\/Stanislas-Berton.jpg\",\"contentUrl\":\"https:\/\/conservativenthusiast.com\/wp-content\/uploads\/2021\/03\/Stanislas-Berton.jpg\",\"width\":2339,\"height\":1654,\"caption\":\"Interview Stanislas Berton\"},{\"@type\":\"BreadcrumbList\",\"@id\":\"https:\/\/conservativenthusiast.com\/en\/interview-tce-15-stanislas-berton\/#breadcrumb\",\"itemListElement\":[{\"@type\":\"ListItem\",\"position\":1,\"name\":\"Accueil\",\"item\":\"https:\/\/conservativenthusiast.com\/\"},{\"@type\":\"ListItem\",\"position\":2,\"name\":\"Interview TCE #15 &#8211; Stanislas Berton\"}]},{\"@type\":\"WebSite\",\"@id\":\"https:\/\/conservativenthusiast.com\/#website\",\"url\":\"https:\/\/conservativenthusiast.com\/\",\"name\":\"The Conservative Enthusiast\",\"description\":\"La plateforme de r\u00e9information, de partage et d&#039;apprentissage des conservateurs.\",\"publisher\":{\"@id\":\"https:\/\/conservativenthusiast.com\/#organization\"},\"potentialAction\":[{\"@type\":\"SearchAction\",\"target\":{\"@type\":\"EntryPoint\",\"urlTemplate\":\"https:\/\/conservativenthusiast.com\/?s={search_term_string}\"},\"query-input\":\"required name=search_term_string\"}],\"inLanguage\":\"en-GB\"},{\"@type\":\"Organization\",\"@id\":\"https:\/\/conservativenthusiast.com\/#organization\",\"name\":\"The Conservative Enthusiast\",\"url\":\"https:\/\/conservativenthusiast.com\/\",\"logo\":{\"@type\":\"ImageObject\",\"inLanguage\":\"en-GB\",\"@id\":\"https:\/\/conservativenthusiast.com\/#\/schema\/logo\/image\/\",\"url\":\"https:\/\/i0.wp.com\/conservativeenthusiast.com\/wp-content\/uploads\/2020\/06\/LOGO-CE-MINI.png?fit=3867%2C1180&ssl=1\",\"contentUrl\":\"https:\/\/i0.wp.com\/conservativeenthusiast.com\/wp-content\/uploads\/2020\/06\/LOGO-CE-MINI.png?fit=3867%2C1180&ssl=1\",\"width\":3867,\"height\":1180,\"caption\":\"The Conservative Enthusiast\"},\"image\":{\"@id\":\"https:\/\/conservativenthusiast.com\/#\/schema\/logo\/image\/\"}},{\"@type\":\"Person\",\"@id\":\"https:\/\/conservativenthusiast.com\/#\/schema\/person\/3edd83a60aed483f95ebc876aeac7feb\",\"name\":\"Alexis.L\",\"image\":{\"@type\":\"ImageObject\",\"inLanguage\":\"en-GB\",\"@id\":\"https:\/\/conservativenthusiast.com\/#\/schema\/person\/image\/\",\"url\":\"https:\/\/secure.gravatar.com\/avatar\/e276145ad3a64170e9c68564bb9e4280?s=96&d=mm&r=g\",\"contentUrl\":\"https:\/\/secure.gravatar.com\/avatar\/e276145ad3a64170e9c68564bb9e4280?s=96&d=mm&r=g\",\"caption\":\"Alexis.L\"},\"description\":\"Si vous appr\u00e9ciez les articles de ce r\u00e9dacteur et que vous souhaitez en d\u00e9couvrir davantage sur lui ou ses \u00e9crits, vous pouvez consulter tous ses articles en cliquant sur son pseudo ou en apprendre plus sur notre page \\\"Notre \u00e9quipe\\\". Vous pouvez \u00e9galement le suivre sur ses diff\u00e9rents r\u00e9seaux sociaux ci-dessous.\",\"url\":\"https:\/\/conservativenthusiast.com\/en\/author\/admin6171\/\"}]}<\/script>\n<!-- \/ Yoast SEO plugin. -->","yoast_head_json":{"title":"Interview TCE #15 - Stanislas Berton - The Conservative Enthusiast","description":"\u27bd Interview de Stanislas Berton sur TCE : La plateforme communautaire de partage et d'apprentissage des conservateurs.","robots":{"index":"index","follow":"follow","max-snippet":"max-snippet:-1","max-image-preview":"max-image-preview:large","max-video-preview":"max-video-preview:-1"},"canonical":"https:\/\/conservativenthusiast.com\/en\/interview-tce-15-stanislas-berton\/","og_locale":"en_GB","og_type":"article","og_title":"Interview TCE #15 - Stanislas Berton - The Conservative Enthusiast","og_description":"\u27bd Interview de Stanislas Berton sur TCE : La plateforme communautaire de partage et d'apprentissage des conservateurs.","og_url":"https:\/\/conservativenthusiast.com\/en\/interview-tce-15-stanislas-berton\/","og_site_name":"The Conservative Enthusiast","article_published_time":"2021-03-20T12:16:00+00:00","article_modified_time":"2021-03-20T12:16:08+00:00","og_image":[{"width":2339,"height":1654,"url":"https:\/\/conservativenthusiast.com\/wp-content\/uploads\/2021\/03\/Stanislas-Berton.jpg","type":"image\/jpeg"}],"author":"Alexis.L","twitter_card":"summary_large_image","twitter_misc":{"Written by":"Alexis.L","Estimated reading time":"10 minutes"},"schema":{"@context":"https:\/\/schema.org","@graph":[{"@type":"Article","@id":"https:\/\/conservativenthusiast.com\/en\/interview-tce-15-stanislas-berton\/#article","isPartOf":{"@id":"https:\/\/conservativenthusiast.com\/en\/interview-tce-15-stanislas-berton\/"},"author":{"name":"Alexis.L","@id":"https:\/\/conservativenthusiast.com\/#\/schema\/person\/3edd83a60aed483f95ebc876aeac7feb"},"headline":"Interview TCE #15 &#8211; Stanislas Berton","datePublished":"2021-03-20T12:16:00+00:00","dateModified":"2021-03-20T12:16:08+00:00","mainEntityOfPage":{"@id":"https:\/\/conservativenthusiast.com\/en\/interview-tce-15-stanislas-berton\/"},"wordCount":2641,"commentCount":0,"publisher":{"@id":"https:\/\/conservativenthusiast.com\/#organization"},"image":{"@id":"https:\/\/conservativenthusiast.com\/en\/interview-tce-15-stanislas-berton\/#primaryimage"},"thumbnailUrl":"https:\/\/conservativenthusiast.com\/wp-content\/uploads\/2021\/03\/Stanislas-Berton.jpg","keywords":["\u00catre Fran\u00e7ais","Interview","L&#039;Homme et la Cit\u00e9","La France Retrouv\u00e9e","Stanislas Berton"],"articleSection":["Interviews"],"inLanguage":"en-GB","potentialAction":[{"@type":"CommentAction","name":"Comment","target":["https:\/\/conservativenthusiast.com\/en\/interview-tce-15-stanislas-berton\/#respond"]}]},{"@type":"WebPage","@id":"https:\/\/conservativenthusiast.com\/en\/interview-tce-15-stanislas-berton\/","url":"https:\/\/conservativenthusiast.com\/en\/interview-tce-15-stanislas-berton\/","name":"Interview TCE #15 - Stanislas Berton - The Conservative Enthusiast","isPartOf":{"@id":"https:\/\/conservativenthusiast.com\/#website"},"primaryImageOfPage":{"@id":"https:\/\/conservativenthusiast.com\/en\/interview-tce-15-stanislas-berton\/#primaryimage"},"image":{"@id":"https:\/\/conservativenthusiast.com\/en\/interview-tce-15-stanislas-berton\/#primaryimage"},"thumbnailUrl":"https:\/\/conservativenthusiast.com\/wp-content\/uploads\/2021\/03\/Stanislas-Berton.jpg","datePublished":"2021-03-20T12:16:00+00:00","dateModified":"2021-03-20T12:16:08+00:00","description":"\u27bd Interview de Stanislas Berton sur TCE : La plateforme communautaire de partage et d'apprentissage des conservateurs.","breadcrumb":{"@id":"https:\/\/conservativenthusiast.com\/en\/interview-tce-15-stanislas-berton\/#breadcrumb"},"inLanguage":"en-GB","potentialAction":[{"@type":"ReadAction","target":["https:\/\/conservativenthusiast.com\/en\/interview-tce-15-stanislas-berton\/"]}]},{"@type":"ImageObject","inLanguage":"en-GB","@id":"https:\/\/conservativenthusiast.com\/en\/interview-tce-15-stanislas-berton\/#primaryimage","url":"https:\/\/conservativenthusiast.com\/wp-content\/uploads\/2021\/03\/Stanislas-Berton.jpg","contentUrl":"https:\/\/conservativenthusiast.com\/wp-content\/uploads\/2021\/03\/Stanislas-Berton.jpg","width":2339,"height":1654,"caption":"Interview Stanislas Berton"},{"@type":"BreadcrumbList","@id":"https:\/\/conservativenthusiast.com\/en\/interview-tce-15-stanislas-berton\/#breadcrumb","itemListElement":[{"@type":"ListItem","position":1,"name":"Accueil","item":"https:\/\/conservativenthusiast.com\/"},{"@type":"ListItem","position":2,"name":"Interview TCE #15 &#8211; Stanislas Berton"}]},{"@type":"WebSite","@id":"https:\/\/conservativenthusiast.com\/#website","url":"https:\/\/conservativenthusiast.com\/","name":"The Conservative Enthusiast","description":"La plateforme de r\u00e9information, de partage et d&#039;apprentissage des conservateurs.","publisher":{"@id":"https:\/\/conservativenthusiast.com\/#organization"},"potentialAction":[{"@type":"SearchAction","target":{"@type":"EntryPoint","urlTemplate":"https:\/\/conservativenthusiast.com\/?s={search_term_string}"},"query-input":"required name=search_term_string"}],"inLanguage":"en-GB"},{"@type":"Organization","@id":"https:\/\/conservativenthusiast.com\/#organization","name":"The Conservative Enthusiast","url":"https:\/\/conservativenthusiast.com\/","logo":{"@type":"ImageObject","inLanguage":"en-GB","@id":"https:\/\/conservativenthusiast.com\/#\/schema\/logo\/image\/","url":"https:\/\/i0.wp.com\/conservativeenthusiast.com\/wp-content\/uploads\/2020\/06\/LOGO-CE-MINI.png?fit=3867%2C1180&ssl=1","contentUrl":"https:\/\/i0.wp.com\/conservativeenthusiast.com\/wp-content\/uploads\/2020\/06\/LOGO-CE-MINI.png?fit=3867%2C1180&ssl=1","width":3867,"height":1180,"caption":"The Conservative Enthusiast"},"image":{"@id":"https:\/\/conservativenthusiast.com\/#\/schema\/logo\/image\/"}},{"@type":"Person","@id":"https:\/\/conservativenthusiast.com\/#\/schema\/person\/3edd83a60aed483f95ebc876aeac7feb","name":"Alexis.L","image":{"@type":"ImageObject","inLanguage":"en-GB","@id":"https:\/\/conservativenthusiast.com\/#\/schema\/person\/image\/","url":"https:\/\/secure.gravatar.com\/avatar\/e276145ad3a64170e9c68564bb9e4280?s=96&d=mm&r=g","contentUrl":"https:\/\/secure.gravatar.com\/avatar\/e276145ad3a64170e9c68564bb9e4280?s=96&d=mm&r=g","caption":"Alexis.L"},"description":"Si vous appr\u00e9ciez les articles de ce r\u00e9dacteur et que vous souhaitez en d\u00e9couvrir davantage sur lui ou ses \u00e9crits, vous pouvez consulter tous ses articles en cliquant sur son pseudo ou en apprendre plus sur notre page \"Notre \u00e9quipe\". Vous pouvez \u00e9galement le suivre sur ses diff\u00e9rents r\u00e9seaux sociaux ci-dessous.","url":"https:\/\/conservativenthusiast.com\/en\/author\/admin6171\/"}]}},"_links":{"self":[{"href":"https:\/\/conservativenthusiast.com\/en\/wp-json\/wp\/v2\/posts\/14630"}],"collection":[{"href":"https:\/\/conservativenthusiast.com\/en\/wp-json\/wp\/v2\/posts"}],"about":[{"href":"https:\/\/conservativenthusiast.com\/en\/wp-json\/wp\/v2\/types\/post"}],"author":[{"embeddable":true,"href":"https:\/\/conservativenthusiast.com\/en\/wp-json\/wp\/v2\/users\/1"}],"replies":[{"embeddable":true,"href":"https:\/\/conservativenthusiast.com\/en\/wp-json\/wp\/v2\/comments?post=14630"}],"version-history":[{"count":5,"href":"https:\/\/conservativenthusiast.com\/en\/wp-json\/wp\/v2\/posts\/14630\/revisions"}],"predecessor-version":[{"id":15858,"href":"https:\/\/conservativenthusiast.com\/en\/wp-json\/wp\/v2\/posts\/14630\/revisions\/15858"}],"wp:featuredmedia":[{"embeddable":true,"href":"https:\/\/conservativenthusiast.com\/en\/wp-json\/wp\/v2\/media\/14633"}],"wp:attachment":[{"href":"https:\/\/conservativenthusiast.com\/en\/wp-json\/wp\/v2\/media?parent=14630"}],"wp:term":[{"taxonomy":"category","embeddable":true,"href":"https:\/\/conservativenthusiast.com\/en\/wp-json\/wp\/v2\/categories?post=14630"},{"taxonomy":"post_tag","embeddable":true,"href":"https:\/\/conservativenthusiast.com\/en\/wp-json\/wp\/v2\/tags?post=14630"}],"curies":[{"name":"wp","href":"https:\/\/api.w.org\/{rel}","templated":true}]}}