{"id":1442,"date":"2020-09-30T15:59:02","date_gmt":"2020-09-30T13:59:02","guid":{"rendered":"https:\/\/conservativeenthusiast.com\/?p=1442"},"modified":"2021-02-06T17:48:06","modified_gmt":"2021-02-06T16:48:06","slug":"le-conservatisme","status":"publish","type":"post","link":"https:\/\/conservativenthusiast.com\/en\/le-conservatisme\/","title":{"rendered":"Le Conservatisme"},"content":{"rendered":"<h2 class=\"wp-block-heading\"><span class=\"has-inline-color has-black-color\">Le conservatisme, une notion au c\u0153ur de TCE<\/span><\/h2>\n\n\n\n<p><\/p>\n\n\n\n<p class=\"has-text-align-justify\"><span class=\"has-inline-color has-black-color\">Tr\u00e8s vaste sujet que le conservatisme, qui a fait couler tant d&#8217;encre depuis des si\u00e8cles et qui m\u00eame aujourd&#8217;hui encore, reste incompris par beaucoup. Et pourtant, s&#8217;il y a bien un concept, qui devrait \u00eatre au centre des pr\u00e9occupations de tout individu, c&#8217;est bien le conservatisme.<\/span><\/p>\n\n\n\n<p class=\"has-text-align-justify\"><span class=\"has-inline-color has-black-color\">En effet, comprendre le conservatisme est fondamental pour toute personne qui souhaite vivre \u00e0 la fois une vie qui a du sens<\/span> <span class=\"has-inline-color has-black-color\">mais \u00e9galement lui permettre de s&#8217;am\u00e9liorer lui-m\u00eame ainsi que son environnement. Comme vous avez pu le remarquer, cette philosophie est au centre de notre plateforme, nous d\u00e9finissant nous-m\u00eame comme les &#8220;Conservateurs Enthousiastes&#8221;<\/span>.<\/p>\n\n\n\n<p class=\"has-text-align-justify\"><span class=\"has-inline-color has-black-color\">Mais avant de vous laisser d\u00e9couvrir pourquoi nous avons d\u00e9cid\u00e9 de nous d\u00e9finir ainsi, nous avons toujours \u00e0 l&#8217;esprit le souci de notre mission premi\u00e8re, qui est de former et d&#8217;informer notre communaut\u00e9, toujours dans une dynamique de nivellement par le haut. C&#8217;est pourquoi, conscients que tout le monde ne part pas du m\u00eame stade et que certains sont plus avanc\u00e9s que d&#8217;autres, nous souhaitons repartir d&#8217;une base saine.<\/span><\/p>\n\n\n\n<p class=\"has-text-align-justify\"><span class=\"has-inline-color has-black-color\">Donc si vous \u00eates d\u00e9j\u00e0 familier avec la notion du conservatisme, \u00e7a ne fait jamais de mal de revoir ses basiques et nous vous invitons donc \u00e0 revisiter cette notion ensemble. Si en revanche vous d\u00e9couvrez totalement ce concept, il est tr\u00e8s important pour comprendre tous nos contenus futurs, <span style=\"text-decoration: underline;\"><strong>alors lisez attentivement la suite car cet article pourrait changer litt\u00e9ralement votre vision sur le monde.<\/strong><\/span><\/span><\/p>\n\n\n\n<p><\/p>\n\n\n\n<h2 class=\"wp-block-heading\"><span class=\"has-inline-color has-black-color\">Les fondements du conservatisme<\/span><\/h2>\n\n\n\n<p><\/p>\n\n\n\n<p class=\"has-text-align-justify\"><span class=\"has-inline-color has-black-color\">Commen\u00e7ons par le commencement. Le conservatisme est apparu<\/span> <span class=\"has-inline-color has-black-color\">depuis toujours dans la politique et les soci\u00e9t\u00e9s et on ne retrouve pas r\u00e9ellement de trace de ses d\u00e9buts, car c&#8217;est un \u00e9tat d&#8217;esprit plus qu&#8217;autre chose qui survient naturellement et \u00e0 chaque fois dans les comportements humains. Mettre le doigt sur son r\u00e9el commencement est donc difficile, cependant, on peut dire que le conservatisme en tant que philosophie politique, a r\u00e9ellement \u00e9merg\u00e9 au cours du 18\u00e8me si\u00e8cle.<\/span><\/p>\n\n\n\n<p class=\"has-text-align-justify\"><span class=\"has-inline-color has-black-color\">Particuli\u00e8rement <strong>suite aux \u00e9v\u00e9nements de la R\u00e9volution Am\u00e9ricaine et de la R\u00e9volution Fran\u00e7aise<\/strong>. Ce sont ces \u00e9v\u00e9nements majeurs, qui ont totalement chang\u00e9 la face des soci\u00e9t\u00e9s occidentales et bouillonnantes de changements, qui ont naturellement fait ressortir des m\u00e9canismes conservateurs chez les individus, souhaitant s&#8217;opposer \u00e0 certains progressismes fr\u00e9n\u00e9tiques et incontr\u00f4l\u00e9s durant ces r\u00e9volutions.<\/span><\/p>\n\n\n\n<p class=\"has-text-align-justify\"><span class=\"has-inline-color has-black-color\">Ces p\u00e9riodes ressemblent d&#8217;ailleurs beaucoup sur certains points \u00e0 nos p\u00e9riodes actuelles, comme l&#8217;explique tr\u00e8s bien <a rel=\"noreferrer noopener\" href=\"https:\/\/www.youtube.com\/watch?v=MipfoReGP8I\" target=\"_blank\">Julien Rochedy dans sa vid\u00e9o<\/a> o\u00f9 il compare avec beaucoup de justesse nos deux \u00e9poques. <\/span><\/p>\n\n\n\n<p class=\"has-text-align-justify\"><span class=\"has-inline-color has-black-color\">C&#8217;est une des<\/span> <span class=\"has-inline-color has-black-color\">raisons pour laquelle il est tr\u00e8s important de comprendre cette notion aujourd&#8217;hui, qui \u00e9tait \u00e9galement dans tous les esprits de l&#8217;\u00e9poque et qui peuvent nous en dire long sur les probl\u00e9matiques similaires que nous rencontrons dans notre soci\u00e9t\u00e9 actuelle<\/span>.<\/p>\n\n\n\n<p class=\"has-text-align-justify\"><span class=\"has-inline-color has-black-color\">L&#8217;un des premiers conservateurs de l&#8217;Histoire, parfois consid\u00e9r\u00e9 par certains comme le premier conservateur, est <strong><a rel=\"noreferrer noopener\" href=\"https:\/\/fr.wikipedia.org\/wiki\/Edmund_Burke\" target=\"_blank\">Edmund Burke.<\/a><\/strong><\/span> <span class=\"has-inline-color has-black-color\">N\u00e9 en Irlande, puis devenu Anglais, il a particip\u00e9 grandement \u00e0 la R\u00e9volution Am\u00e9ricaine dans un premier temps pour s&#8217;opposer totalement \u00e0 la R\u00e9volution Fran\u00e7aise par la suite, ce qui en dit \u00e9galement long sur la nature de ces deux r\u00e9volutions, qui sont souvent consid\u00e9r\u00e9es comme similaires en apparence, alors qu&#8217;elles ont des natures en r\u00e9alit\u00e9 bien diff\u00e9rentes.<\/span><\/p>\n\n\n\n<figure class=\"wp-block-image size-large is-resized\"><img decoding=\"async\" src=\"https:\/\/conservativenthusiast.com\/wp-content\/uploads\/2020\/09\/Edmund-Burke-1.jpg\" alt=\"Edmund Burke\" class=\"wp-image-1504\" width=\"821\" height=\"462\" srcset=\"https:\/\/conservativenthusiast.com\/wp-content\/uploads\/2020\/09\/Edmund-Burke-1.jpg 821w, https:\/\/conservativenthusiast.com\/wp-content\/uploads\/2020\/09\/Edmund-Burke-1-480x270.jpg 480w\" sizes=\"(min-width: 0px) and (max-width: 480px) 480px, (min-width: 481px) 821px, 100vw\" \/><figcaption><strong><em>Edmund Burke, consid\u00e9r\u00e9 comme le premier conservateur<\/em><\/strong><\/figcaption><\/figure>\n\n\n\n<p class=\"has-text-align-justify\"><span class=\"has-inline-color has-black-color\">Edmund Burke d\u00e9finissait lui-m\u00eame le conservatisme ainsi : il argumentait que <\/span><strong><span class=\"has-inline-color has-black-color\"><em>la tradition est une base plus solide que les choses purement abstraites (comme la \u00ab&nbsp;Raison&nbsp;\u00bb). La tradition se forme avec la sagesse de plusieurs g\u00e9n\u00e9rations et les al\u00e9as du temps, alors que la \u00ab&nbsp;Raison&nbsp;\u00bb peut n&#8217;\u00eatre que le masque des pr\u00e9f\u00e9rences d&#8217;un seul homme, et qu&#8217;elle repr\u00e9sente au mieux la sagesse non test\u00e9e d&#8217;une g\u00e9n\u00e9ration. Toute valeur ou institution existante qui est pass\u00e9e au travers de l&#8217;influence correctrice des exp\u00e9riences pass\u00e9es doit \u00eatre respect\u00e9e<\/em><\/span>.<\/strong><\/p>\n\n\n\n<p class=\"has-text-align-justify\"><span class=\"has-inline-color has-black-color\">Cette profonde humilit\u00e9 face aux g\u00e9n\u00e9rations pass\u00e9es et cette confiance en l&#8217;\u00e9preuve du temps est typique du conservatisme. Elle sous entend la confiance en le fait que plusieurs g\u00e9n\u00e9rations permettent \u00e0 l&#8217;humain de tirer des le\u00e7ons et de s&#8217;am\u00e9liorer continuellement, ce qui progressivement, forme un h\u00e9ritage qu&#8217;il faut s&#8217;approprier pour mieux affronter l&#8217;avenir.<\/span><\/p>\n\n\n\n<p class=\"has-text-align-justify\"><span class=\"has-inline-color has-black-color\">Si on se penche sur la politique, le conservatisme est traditionnellement class\u00e9 par certains \u00e0 droite et pourtant c&#8217;est une aberration car ce concept est <strong>sans fronti\u00e8re politique<\/strong>. C&#8217;est un concept qui va bien au del\u00e0 d&#8217;un clivage droite-gauche ou m\u00eame d&#8217;un r\u00e9gime ou gouvernement. C&#8217;est un \u00e9tat d&#8217;esprit que quiconque peut adopter sur n&#8217;importe quel sujet<\/span>.<\/p>\n\n\n\n<p class=\"has-text-align-justify\"><span class=\"has-inline-color has-black-color\">L&#8217;\u00e9rudit R. J. White nous l&#8217;explique tr\u00e8s bien quand il d\u00e9clara :<\/span><\/p>\n\n\n\n<blockquote class=\"wp-block-quote\"><p><span class=\"has-inline-color has-black-color\"><em>\u00ab&nbsp;Mettre le conservatisme en bouteille et l&#8217;\u00e9tiqueter est comme essayer de liqu\u00e9fier l&#8217;atmosph\u00e8re\u2026 La difficult\u00e9 vient de la nature de la chose. Le conservatisme est moins une doctrine politique qu&#8217;une habitude de l&#8217;esprit, une mani\u00e8re de ressentir, un mode de vie.&nbsp;\u00bb<\/em><\/span><\/p><cite><strong><span class=\"has-inline-color has-black-color\">R.J. White<\/span><\/strong><\/cite><\/blockquote>\n\n\n\n<p class=\"has-text-align-justify\"><span class=\"has-inline-color has-black-color\"><strong>Un mode de vie<\/strong>, c&#8217;est donc la juste tournure pour d\u00e9finir pleinement le conservatisme selon nous. En effet, cette mani\u00e8re de voir les choses est tellement naturelle par essence, qu&#8217;elle a \u00e9t\u00e9 incarn\u00e9e bien souvent au fil des si\u00e8cles \u00e0 travers de multiples personnes, de tous horizons. <a rel=\"noreferrer noopener\" href=\"https:\/\/fr.wikipedia.org\/wiki\/Simone_Weil\" target=\"_blank\">Simone Veil<\/a> en est un exemple parfait. Dans son livre <a rel=\"noreferrer noopener\" href=\"http:\/\/www.librairiefrancaise.fr\/fr\/saints\/4175-l-enracinement-simone-weil-poche-9782081295865.html?search_query=l%27enracinement&amp;results=13\" target=\"_blank\">L&#8217;enracinement<\/a>, elle nous explique tr\u00e8s simplement :<\/span><\/p>\n\n\n\n<blockquote class=\"wp-block-quote\"><p><span class=\"has-inline-color has-black-color\"><em>&#8221; L&#8217;enracinement est peut-\u00eatre le besoin le plus important et le plus m\u00e9connu de l&#8217;\u00e2me humaine. C&#8217;est un des plus difficiles \u00e0 d\u00e9finir. Un \u00eatre humain a une racine par sa participation r\u00e9elle, active et naturelle \u00e0 l&#8217;existence d&#8217;une collectivit\u00e9 qui conserve vivants certains tr\u00e9sors du pass\u00e9 et certains pressentiments d&#8217;avenir. Participation naturelle, c&#8217;est-\u00e0-dire amen\u00e9e automatiquement par le lieu, la naissance, la profession, l&#8217;entourage. Chaque \u00eatre humain a besoin d&#8217;avoir de multiples racines. Il a besoin de recevoir la presque totalit\u00e9 de sa vie morale, intellectuelle, spirituelle, par l&#8217;interm\u00e9diaire des milieux dont il fait naturellement partie. &#8220;<\/em><\/span><\/p><cite><span class=\"has-inline-color has-black-color\"><strong>Simone Veil<\/strong><\/span><\/cite><\/blockquote>\n\n\n\n<p class=\"has-text-align-justify\"><span class=\"has-inline-color has-black-color\">Mais au fond, le conservatisme, qu&#8217;est-ce que c&#8217;est ?<\/span><\/p>\n\n\n\n<p class=\"has-text-align-justify\"><span class=\"has-inline-color has-black-color\">Lorsqu&#8217;on essaye de poser des valeurs sur cette notion, quelques unes ressortent tr\u00e8s souvent. En g\u00e9n\u00e9ral on peut d\u00e9finir le conservatisme comme le mixe entre : <\/span><\/p>\n\n\n\n<ul><li><span class=\"has-inline-color has-black-color\">Le respect des traditions<\/span> <span class=\"has-inline-color has-black-color\">et comprendre qu&#8217;elles ne sont pas l\u00e0 par hasard<\/span><\/li><li><span class=\"has-inline-color has-black-color\">L&#8217;humilit\u00e9 de se dire que les g\u00e9n\u00e9rations pr\u00e9c\u00e9dentes ont tir\u00e9 des le\u00e7ons des erreurs pass\u00e9es et que respecter l&#8217;h\u00e9ritage qu&#8217;ils nous l\u00e8guent, c&#8217;est d&#8217;une certaine mani\u00e8re<\/span> <span class=\"has-inline-color has-black-color\">accepter de pouvoir gagner du temps dans l&#8217;apprentissage de l&#8217;humain vers le progr\u00e8s<\/span><\/li><li><span class=\"has-inline-color has-black-color\">Partir toujours d&#8217;une position de prudence pour ce qui est nouveau et ne l&#8217;accepter ou pas, qu&#8217;apr\u00e8s une longue analyse<\/span><\/li><li><span class=\"has-inline-color has-black-color\">Comprendre que l&#8217;ont fait partie d&#8217;un tout et s&#8217;approprier son pass\u00e9 pour mieux appr\u00e9hender son avenir<\/span><\/li><\/ul>\n\n\n\n<h2 class=\"wp-block-heading\"><span class=\"has-inline-color has-black-color\">Comprendre le conservatisme<\/span><\/h2>\n\n\n\n<p><\/p>\n\n\n\n<p class=\"has-text-align-justify\"><span class=\"has-inline-color has-black-color\">Au final, si l&#8217;on devait trouver deux synonymes les plus proches possible au conservatisme, \u00e7a serait l&#8217;humilit\u00e9 et surtout la <strong><span style=\"text-decoration: underline;\">prudence<\/span><\/strong>.<\/span><\/p>\n\n\n\n<p class=\"has-text-align-justify\"><span class=\"has-inline-color has-black-color\">Lorsqu&#8217;on y r\u00e9fl\u00e9chit, dans notre vie de tous les jours, la prudence est souvent la posture qu&#8217;on adopte naturellement face \u00e0 un environnement ou une personne qu&#8217;on ne conna\u00eet pas, car la prudence est toujours notre alli\u00e9e.<\/span> <span class=\"has-inline-color has-black-color\">Pourquoi en serait-ce autrement avec le conservatisme ?<\/span><\/p>\n\n\n\n<p class=\"has-text-align-justify\"><span class=\"has-inline-color has-black-color\">Pour prendre un exemple tr\u00e8s simple, si je me balade en for\u00eat et que je vois une plante que je ne connais pas, une position conservatrice serait de dire, &#8220;si je ne la connais pas, je ne la mange pas. Et ce n&#8217;est qu&#8217;une fois que j&#8217;aurai \u00e9tudi\u00e9 et compris cette plante, que je saurai si je dois la manger ou pas.&#8221; <\/span><\/p>\n\n\n\n<p class=\"has-text-align-justify\"><span class=\"has-inline-color has-black-color\">Et c&#8217;est au fil de l&#8217;exp\u00e9rience, que nous-m\u00eame et les g\u00e9n\u00e9rations futures accumulons un savoir, un savoir-faire et un savoir-\u00eatre, tout comme l&#8217;ont fait les g\u00e9n\u00e9rations pr\u00e9c\u00e9dentes.<\/span><\/p>\n\n\n\n<p class=\"has-text-align-justify\"><span class=\"has-inline-color has-black-color\">Partir toujours d&#8217;un postulat conservateur par prudence, c&#8217;est \u00e9galement adopter le concept que parfois, si une chose est l\u00e0 sans que nous sachions pourquoi, c&#8217;est certainement que nos anc\u00eatres ont pens\u00e9 que c&#8217;\u00e9tait judicieux de la mettre l\u00e0 et qu&#8217;il y a vraisemblablement une raison logique \u00e0 cela. Et de ce postulat, peut commencer la r\u00e9flexion, les recherches et l&#8217;analyse, qui permettront peut-\u00eatre de comprendre, toujours avec vigilance, si au final cette chose n&#8217;a plus d&#8217;utilit\u00e9 \u00e0 notre \u00e9poque ou de comprendre qu&#8217;elle permet de maintenir un \u00e9quilibre complexe qui garantit le bon fonctionnement de la soci\u00e9t\u00e9.<\/span><\/p>\n\n\n\n<p><\/p>\n\n\n\n<h2 class=\"wp-block-heading\"><span class=\"has-inline-color has-black-color\">Les opposants au conservatisme<\/span><\/h2>\n\n\n\n<p><\/p>\n\n\n\n<p class=\"has-text-align-justify\"><span class=\"has-inline-color has-black-color\">Ceux qu&#8217;on appelle dans notre politique contemporaine les &#8220;progressistes&#8221; sont en r\u00e9alit\u00e9 lorsqu&#8217;on analyse leurs actions et comportements, des &#8220;r\u00e9gressistes&#8221;. Tels des enfants, qui ne tirent jamais les le\u00e7ons du pass\u00e9 et les erreurs des g\u00e9n\u00e9rations pr\u00e9c\u00e9dentes qui nous permettent d&#8217;obtenir de la sagesse aujourd&#8217;hui, ils agissent par <strong>pure fascination aveugle<\/strong> <strong>de tout ce qui est nouveau<\/strong>, sans se soucier des cons\u00e9quences ou des changements \u00e0 long terme de leurs actions.<\/span><\/p>\n\n\n\n<p class=\"has-text-align-justify\"><span class=\"has-inline-color has-black-color\">Ce qui a d&#8217;ailleurs bien souvent provoqu\u00e9 des drames \u00e9conomiques, sociaux et environnementaux.<\/span><\/p>\n\n\n\n<p class=\"has-text-align-justify\"><span class=\"has-inline-color has-black-color\">Les conservateurs sont au final <strong>les v\u00e9ritables progressistes<\/strong> au sens premier du terme, car ils ne sont pas contre le progr\u00e8s, ils sont seulement conscients qu&#8217;il faut trier ce qui est nouveau et que ce n&#8217;est pas parce que quelque chose est nouveau que c&#8217;est forc\u00e9ment bien.<\/span> <span class=\"has-inline-color has-black-color\">Un conservateur n&#8217;est pas contre le progr\u00e8s, il est contre la <strong>pr\u00e9cipitation sans prudence vers le progr\u00e8s<\/strong>.<\/span><\/p>\n\n\n\n<p class=\"has-text-align-justify\"><span class=\"has-inline-color has-black-color\"><strong>Le conservatisme n&#8217;est pas \u00e0 confondre avec l&#8217;immobilisme<\/strong>. Dans notre soci\u00e9t\u00e9 qui acc\u00e9l\u00e8re toujours \u00e0 une vitesse effr\u00e9n\u00e9e, partir d&#8217;un postulat conservateur peut parfois mener \u00e0 \u00eatre accus\u00e9 d&#8217;avoir une position &#8220;r\u00e9fractaire&#8221;. Signe que la soci\u00e9t\u00e9 va mal, lorsque quelqu&#8217;un qui n&#8217;accepte pas une nouveaut\u00e9 apr\u00e8s l&#8217;avoir analys\u00e9 et s&#8217;\u00eatre rendu compte que cette nouveaut\u00e9 est mauvaise, est consid\u00e9r\u00e9 comme &#8220;anti-progr\u00e8s.&#8221;<\/span> <span class=\"has-inline-color has-black-color\">Ce qui en dit long sur la pression que nous met la soci\u00e9t\u00e9 actuelle pour nous faire accepter tout et n&#8217;importe quoi \u00e0 tout prix.<\/span> <span class=\"has-inline-color has-black-color\">Pourtant, c&#8217;est bien dans les soci\u00e9t\u00e9s conservatrices qu&#8217;ont eu lieu les plus grandes introspections qui ont elles-m\u00eames permisent les plus grands changements, comme par exemple la Renaissance.<\/span><\/p>\n\n\n\n<p class=\"has-text-align-justify\"><span class=\"has-inline-color has-black-color\">D&#8217;ailleurs consid\u00e9rant notre contexte actuel, certains grands auteurs pensent urgent de renouer avec un \u00e9tat d&#8217;esprit conservateur, comme l&#8217;\u00e9crit par exemple <a rel=\"noreferrer noopener\" href=\"https:\/\/fr.wikipedia.org\/wiki\/Roger_Scruton\" target=\"_blank\">Roger Scruton<\/a> dans son livre &#8220;<a rel=\"noreferrer noopener\" href=\"http:\/\/www.librairiefrancaise.fr\/fr\/essais-doctrines-idees-principes\/6681-de-l-urgence-d-etre-conservateur-roger-scruton-9782810007103.html?search_query=de+l%27urgence+d%27etre+conservateur&amp;results=1\" target=\"_blank\">De l&#8217;urgence d&#8217;\u00eatre conservateur<\/a>&#8221; que nous vous recommandons fortement.<\/span><\/p>\n\n\n\n<p><\/p>\n\n\n\n<figure class=\"wp-block-image size-large\"><img decoding=\"async\" width=\"1000\" height=\"500\" src=\"https:\/\/conservativenthusiast.com\/wp-content\/uploads\/2020\/09\/Roger-Scruton-de-lurgence-detre-conservateur.jpg\" alt=\"\" class=\"wp-image-1634\" srcset=\"https:\/\/conservativenthusiast.com\/wp-content\/uploads\/2020\/09\/Roger-Scruton-de-lurgence-detre-conservateur.jpg 1000w, https:\/\/conservativenthusiast.com\/wp-content\/uploads\/2020\/09\/Roger-Scruton-de-lurgence-detre-conservateur-980x490.jpg 980w, https:\/\/conservativenthusiast.com\/wp-content\/uploads\/2020\/09\/Roger-Scruton-de-lurgence-detre-conservateur-480x240.jpg 480w\" sizes=\"(min-width: 0px) and (max-width: 480px) 480px, (min-width: 481px) and (max-width: 980px) 980px, (min-width: 981px) 1000px, 100vw\" \/><figcaption><strong><span class=\"has-inline-color has-black-color\"><em>Roger Scruton, auteur du livre &#8220;De l&#8217;urgence d&#8217;\u00eatre conservateur&#8221;<\/em><\/span><\/strong><\/figcaption><\/figure>\n\n\n\n<p><\/p>\n\n\n\n<h2 class=\"wp-block-heading\"><span class=\"has-inline-color has-black-color\">La famille des conservateurs<\/span><\/h2>\n\n\n\n<p><\/p>\n\n\n\n<p class=\"has-text-align-justify\"><span class=\"has-inline-color has-black-color\">Durant les derniers si\u00e8cles qui se sont \u00e9coul\u00e9s, beaucoup de grandes personnalit\u00e9s, qui \u00e9taient des conservateurs et conservatrices, ont jou\u00e9 un grand r\u00f4le dans l&#8217;Histoire. Faire partie  de cette grande famille de conservateurs, c&#8217;est faire partie d&#8217;un h\u00e9ritage et c&#8217;est s&#8217;inscrire dans une lign\u00e9e qui \u0153uvre pour le bien commun.<\/span><\/p>\n\n\n\n<p><span class=\"has-inline-color has-black-color\">On retrouve souvent les conservateurs \u00e0 l&#8217;initiative de grands changements et de grandes r\u00e9formes.<\/span> <span class=\"has-inline-color has-black-color\">Pour ne citer que quelques exemples :<\/span><\/p>\n\n\n\n<p class=\"has-text-align-justify\"><span class=\"has-inline-color has-black-color\">Dans l&#8217;hexagone, nombreux sont les conservateurs \u00e0 avoir particip\u00e9 \u00e0 l&#8217;Histoire de France, on trouve par exemple Charles de Gaulle, symbole pour beaucoup de la r\u00e9sistance qui, a adopt\u00e9 \u00e0 de tr\u00e8s nombreuses reprises dans sa vie la <a rel=\"noreferrer noopener\" href=\"https:\/\/en.wikipedia.org\/wiki\/Gaullist_Party\" target=\"_blank\">position conservatrice.<\/a><\/span><\/p>\n\n\n\n<p class=\"has-text-align-justify\"><span class=\"has-inline-color has-black-color\">De l&#8217;autre cot\u00e9 de la Manche, au Royaume-Uni, pas de plus fier exemple que Winston Churchill, qui fut membre la <a rel=\"noreferrer noopener\" href=\"https:\/\/fr.wikipedia.org\/wiki\/Winston_Churchill\" target=\"_blank\">quasi-totalit\u00e9 de sa vie du Parti Conservateur<\/a>.<\/span> <span class=\"has-inline-color has-black-color\">Winston Churchill fut le premier homme d&#8217;\u00e9tat \u00e0 alerter des dangers du nazisme et \u00e0 lutter contre le r\u00e9gime du Parti national-socialiste Allemand.<\/span><\/p>\n\n\n\n<figure class=\"wp-block-image size-large\"><img decoding=\"async\" width=\"805\" height=\"1024\" src=\"https:\/\/conservativenthusiast.com\/wp-content\/uploads\/2020\/09\/Winston-Churchill-805x1024.jpg\" alt=\"\" class=\"wp-image-1635\" srcset=\"https:\/\/conservativenthusiast.com\/wp-content\/uploads\/2020\/09\/Winston-Churchill-805x1024.jpg 805w, https:\/\/conservativenthusiast.com\/wp-content\/uploads\/2020\/09\/Winston-Churchill-236x300.jpg 236w, https:\/\/conservativenthusiast.com\/wp-content\/uploads\/2020\/09\/Winston-Churchill-768x977.jpg 768w, https:\/\/conservativenthusiast.com\/wp-content\/uploads\/2020\/09\/Winston-Churchill-1207x1536.jpg 1207w, https:\/\/conservativenthusiast.com\/wp-content\/uploads\/2020\/09\/Winston-Churchill-1609x2048.jpg 1609w, https:\/\/conservativenthusiast.com\/wp-content\/uploads\/2020\/09\/Winston-Churchill-1080x1374.jpg 1080w, https:\/\/conservativenthusiast.com\/wp-content\/uploads\/2020\/09\/Winston-Churchill-1280x1629.jpg 1280w, https:\/\/conservativenthusiast.com\/wp-content\/uploads\/2020\/09\/Winston-Churchill-980x1247.jpg 980w, https:\/\/conservativenthusiast.com\/wp-content\/uploads\/2020\/09\/Winston-Churchill-480x611.jpg 480w, https:\/\/conservativenthusiast.com\/wp-content\/uploads\/2020\/09\/Winston-Churchill-scaled.jpg 2012w\" sizes=\"(max-width: 805px) 100vw, 805px\" \/><figcaption><strong><span class=\"has-inline-color has-black-color\">Winston Churchill, Premier Ministre du Royaume-Uni et leader du Parti Conservateur<\/span><\/strong><\/figcaption><\/figure>\n\n\n\n<p class=\"has-text-align-justify\"><span class=\"has-inline-color has-black-color\">Si on remonte encore plus loin dans le temps, outre-Atlantique, aux \u00c9tats-Unis, le pr\u00e9sident Abraham Lincoln est \u00e9galement le parfait exemple d&#8217;un conservateur accompli,  premier pr\u00e9sident <a rel=\"noreferrer noopener\" href=\"https:\/\/fr.wikipedia.org\/wiki\/Parti_r%C3%A9publicain_(%C3%89tats-Unis)\" target=\"_blank\">R\u00e9publicain (parti conservateur am\u00e9ricain)<\/a> connu principalement pour s&#8217;\u00eatre battu quasiment toute sa vie pour abolir l&#8217;esclavage.<\/span><\/p>\n\n\n\n<p class=\"has-text-align-justify\"><span class=\"has-inline-color has-black-color\">Si on remonte encore plus loin, dans les conservateurs aux origines de grands changements, il y a bien \u00e9videmment <a rel=\"noreferrer noopener\" href=\"https:\/\/fr.wikipedia.org\/wiki\/Adam_Smith\" target=\"_blank\">Adam Smith<\/a>, consid\u00e9r\u00e9 comme le p\u00e8re de l&#8217;\u00e9conomie moderne.<\/span><\/p>\n\n\n\n<p class=\"has-text-align-justify\"><span class=\"has-inline-color has-black-color\">Et la liste est encore longue, tellement le conservatisme a pu s&#8217;incarner \u00e0 diff\u00e9rentes \u00e9poques, dans diff\u00e9rents pays et diff\u00e9rentes cultures.<\/span><\/p>\n\n\n\n<h2 class=\"wp-block-heading\"><span class=\"has-inline-color has-black-color\">S&#8217;approprier l&#8217;\u00e9tat d&#8217;esprit conservateur<\/span><\/h2>\n\n\n\n<p><\/p>\n\n\n\n<p class=\"has-text-align-justify\"><span class=\"has-inline-color has-black-color\">Si vous nous suivez toujours jusque l\u00e0, les fondamentaux sont acquis. Mais maintenant vous vous posez peut \u00eatre ce genre de questions : &#8221; <em>Maintenant que j&#8217;ai compris ce qu&#8217;est le conservatisme, \u00e0 quoi \u00e7a me sert ? Et comment je peux m&#8217;approprier le conservatisme dans la vie de tous les jours ou dans mes projets ?<\/em> &#8220;<\/span><\/p>\n\n\n\n<p class=\"has-text-align-justify\"><span class=\"has-inline-color has-black-color\">Et vous avez bien raison ! Nous ne nous appelons pas <strong><a rel=\"noreferrer noopener\" href=\"https:\/\/conservativenthusiast.com\/en\/\" target=\"_blank\">The Conservative Enthusiast<\/a><\/strong> par hasard, et nous allons vous d\u00e9montrer quel r\u00e9el gain, un \u00e9tat d&#8217;esprit conservateur peut vous apporter.<\/span><\/p>\n\n\n\n<ol><li><span class=\"has-inline-color has-black-color\"><strong>Ton sens critique tu d\u00e9velopperas<\/strong><\/span><\/li><\/ol>\n\n\n\n<p class=\"has-text-align-justify\"><span class=\"has-inline-color has-black-color\">\u00c0 force d&#8217;adopter une posture conservatrice sur tout ce qui vous entoure, deux ph\u00e9nom\u00e8nes vont naturellement appara\u00eetre. Premi\u00e8rement <strong>vous d\u00e9velopperez votre sens critique<\/strong>, c&#8217;est-\u00e0-dire votre capacit\u00e9 \u00e0 voir entre les lignes et \u00e0 penser par vous-m\u00eame, car l&#8217;\u00e9tat d&#8217;esprit conservateur est un formidable formateur en terme de rigueur intellectuelle.<\/span> <span class=\"has-inline-color has-black-color\">Ce qui nous am\u00e8ne au deuxi\u00e8me ph\u00e9nom\u00e8ne.<\/span><\/p>\n\n\n\n<p class=\"has-text-align-justify\"><span class=\"has-inline-color has-black-color\"><strong>2. Plus cultiv\u00e9 tu deviendras<\/strong><\/span><\/p>\n\n\n\n<p class=\"has-text-align-justify\"><span class=\"has-inline-color has-black-color\">\u00c0 force de rester prudent sur les choses de votre environnement et d\u00e9velopper votre sens critique, vous allez avoir tendance <strong>\u00e0 chercher la source des choses, \u00e0 vouloir v\u00e9rifier avant de prendre une d\u00e9cision, pourquoi les choses sont comme elles sont.<\/strong> Cette m\u00e9thodologie qui se d\u00e9veloppe naturellement chez toute personne qui commence \u00e0 adopter un point de vue conservateur, va indirectement vous permettre de vous tourner de plus en plus vers des connaissances diverses et vari\u00e9s qui vont sur le long terme vous rendre beaucoup plus cultiv\u00e9.<\/span><\/p>\n\n\n\n<p class=\"has-text-align-justify\"><strong><span class=\"has-inline-color has-black-color\">3. Plus heureux tu seras<\/span><\/strong><\/p>\n\n\n\n<p class=\"has-text-align-justify\"><span class=\"has-inline-color has-black-color\">Fait connu de longue date et confirm\u00e9 par beaucoup d&#8217;\u00e9tudes et d&#8217;universit\u00e9s \u00e0 travers le monde, les individus conservateurs ont tendance \u00e0 vivre plus heureux. Cet \u00e9l\u00e9ment pourrait para\u00eetre au premier abord un peu exag\u00e9r\u00e9 ou manipul\u00e9 alors qu&#8217;en r\u00e9alit\u00e9 il est assez logique quand on y r\u00e9fl\u00e9chit. Le fait d&#8217;adopter une attitude conservatrice am\u00e8ne les individus en g\u00e9n\u00e9ral \u00e0 mieux s&#8217;harmoniser avec leurs racines, leurs pass\u00e9s, leurs h\u00e9ritages, leurs familles, leurs m\u00e9tiers, leurs entourages ainsi que leurs avenirs et am\u00e8ne en g\u00e9n\u00e9ral beaucoup moins de frustration, beaucoup plus de s\u00e9r\u00e9nit\u00e9 et donne \u00e9galement beaucoup plus de sens \u00e0 leur vie.<\/span><\/p>\n\n\n\n<p class=\"has-text-align-justify\"><span class=\"has-inline-color has-black-color\">Cet &#8220;effet secondaire&#8221; a \u00e9t\u00e9 longuement \u00e9tudi\u00e9 par certaines universit\u00e9s depuis des d\u00e9cennies, comme notamment  r\u00e9cemment avec une <a rel=\"noreferrer noopener\" href=\"https:\/\/journals.sagepub.com\/doi\/abs\/10.1177\/1948550618768241\" target=\"_blank\">\u00e9tude<\/a> en 2018 r\u00e9alis\u00e9e aux \u00c9tats-Unis, par l&#8217;universit\u00e9 de Californie du Sud<\/span> <span class=\"has-inline-color has-black-color\">et l&#8217;universit\u00e9 d&#8217;Utah, qui ont men\u00e9s cette \u00e9tude dans 16 pays, qui montre que les conservateurs \u00e0 travers le monde sont plus \u00e9panouis et trouvent plus de sens \u00e0 leur existence.<\/span><\/p>\n\n\n\n<p class=\"has-text-align-justify\"><span class=\"has-inline-color has-black-color\">Diff\u00e9rentes \u00e9tudes ont \u00e9galement abouti \u00e0 des <a rel=\"noreferrer noopener\" href=\"https:\/\/www.theatlantic.com\/science\/archive\/2018\/07\/why-conservatives-find-life-more-meaningful-than-liberals\/566105\/\" target=\"_blank\">r\u00e9sultats similaires<\/a> au d\u00e9but des ann\u00e9es 1980, ainsi que dans des recherches men\u00e9es en 2007 et une r\u00e9colte statistique entre 2010 et 2017, qui montraient que les conservateurs ressentaient un plus grand \u00e9panouissement dans leurs vies et un &#8220;vrai sens \u00e0 ce qu&#8217;ils font&#8221;.<\/span><\/p>\n\n\n\n<p class=\"has-text-align-justify\"><span class=\"has-inline-color has-black-color\">Finalement, si nous devions conclure sur cette vaste notion qu&#8217;est le conservatisme, je pense qu&#8217;il serait judicieux de souligner encore une fois le fait que ce n&#8217;est ni une id\u00e9ologie, ni li\u00e9 \u00e0 un quelconque int\u00e9r\u00eat politique mais que c&#8217;est v\u00e9ritablement une mani\u00e8re d&#8217;aborder la vie, une vision du monde.<\/span><\/p>\n\n\n\n<p class=\"has-text-align-justify\"><span class=\"has-inline-color has-black-color\">Comme le dit d&#8217;ailleurs si bien l&#8217;\u00e9crivain et explorateur Fran\u00e7ais <a href=\"https:\/\/fr.wikipedia.org\/wiki\/Sylvain_Tesson\" target=\"_blank\" rel=\"noreferrer noopener\">Sylvain Tesson<\/a> :<\/span><\/p>\n\n\n\n<blockquote class=\"wp-block-quote\"><p><span class=\"has-inline-color has-black-color\"><em>&#8221; Moi, je suis pour une \u00e9cologie totale, radicale et coh\u00e9rente : si on d\u00e9cide vraiment de pr\u00e9server la nature il faut aussi \u00eatre conservateur dans tous les autres champs de l\u2019existence. Pr\u00e9server non seulement les an\u00e9mones, mais aussi les cultures, les langues, les arts, les comportements, et aussi la singularit\u00e9 des peuples. La prise de conscience \u00e9cologique aura permis l\u2019acte d\u2019un souhait de ralentissement et de conservatisme. Il reste pour le moment circonscrit au champ de l\u2019environnement. \u00bb<\/em><\/span><\/p><cite><span class=\"has-inline-color has-black-color\"><strong>Sylvain Tesson<\/strong><\/span><\/cite><\/blockquote>\n\n\n\n<p><\/p>\n\n\n\n<h2 class=\"wp-block-heading\"><span class=\"has-inline-color has-black-color\">Pour aller plus loin&#8230;<\/span><\/h2>\n\n\n\n<p><\/p>\n\n\n\n<p class=\"has-text-align-justify\"><span class=\"has-inline-color has-black-color\">Comme vous le savez peut \u00eatre, la devise officielle de TCE est : &#8220;<strong><em> Faisons vivre le bon, le juste, le beau.<\/em><\/strong>&#8220;<\/span><\/p>\n\n\n\n<p class=\"has-text-align-justify\"><span class=\"has-inline-color has-black-color\">Cette devise est particuli\u00e8rement lourde de sens, car elle est profond\u00e9ment conservatrice. S&#8217;inscrivant dans la m\u00eame ligne de pens\u00e9e que les premiers conservateurs comme Edmund Burke, qui lui-m\u00eame \u00e9crit en son temps l&#8217;un de ses ouvrages majeurs : <strong><a rel=\"noreferrer noopener\" href=\"https:\/\/www.amazon.fr\/Recherches-philosophiques-lorigine-id%C3%A9es-sublime\/dp\/2711621987\" target=\"_blank\">Recherche Philosophique de nos id\u00e9es du Sublime et du Beau.<\/a><\/strong><\/span><\/p>\n\n\n\n<p class=\"has-text-align-justify\"><span class=\"has-inline-color has-black-color\">Pour aller plus loin dans votre d\u00e9marche et approfondir vos connaissances sur le conservatisme<\/span>, <span class=\"has-inline-color has-black-color\">nous vous invitons \u00e0 poursuivre via nos liens et recommandations de lectures.<\/span><\/p>\n\n\n\n<p class=\"has-text-align-justify\"><span class=\"has-inline-color has-black-color\">N&#8217;h\u00e9sitez pas \u00e0 nous partager vos retours, sur les r\u00e9seaux sociaux, en commentaires et posez nous \u00e9galement vos questions<\/span>.<span class=\"has-inline-color has-black-color\"> Nous y r\u00e9pondrons avec grand plaisir et sachez que vous pouvez \u00e0 tout moment participer \u00e0 la vie de la communaut\u00e9 en utilisant le hashtag <strong>#TCE<\/strong><\/span><\/p>\n\n\n\n<p><\/p>\n\n\n\n<h2 class=\"wp-block-heading\"><span class=\"has-inline-color has-black-color\">Sources &amp; liens utiles :<\/span><\/h2>\n\n\n\n<p><\/p>\n\n\n\n<p><a href=\"https:\/\/fr.wikipedia.org\/wiki\/Conservatisme\" target=\"_blank\" rel=\"noreferrer noopener\">https:\/\/fr.wikipedia.org\/wiki\/Conservatisme<\/a><\/p>\n\n\n\n<p><a href=\"https:\/\/thefederalist.com\/2019\/11\/04\/research-finds-conservatives-are-more-happy-generous-and-purposeful-than-liberals\/\" target=\"_blank\" rel=\"noreferrer noopener\">https:\/\/thefederalist.com\/2019\/11\/04\/research-finds-conservatives-are-more-happy-generous-and-purposeful-than-liberals\/<\/a><\/p>\n\n\n\n<p><a href=\"https:\/\/www.theatlantic.com\/science\/archive\/2018\/07\/why-conservatives-find-life-more-meaningful-than-liberals\/566105\/\" target=\"_blank\" rel=\"noreferrer noopener\">https:\/\/www.theatlantic.com\/science\/archive\/2018\/07\/why-conservatives-find-life-more-meaningful-than-liberals\/566105\/<\/a><\/p>\n\n\n\n<p><a href=\"http:\/\/www.librairiefrancaise.fr\/fr\/divers-autres\/6316-le-dictionnaire-du-conservatisme-frederic-rouvillois-olivier-dard-christophe-boutin-9782204123587.html\" target=\"_blank\" rel=\"noreferrer noopener\">http:\/\/www.librairiefrancaise.fr\/fr\/divers-autres\/6316-le-dictionnaire-du-conservatisme-frederic-rouvillois-olivier-dard-christophe-boutin-9782204123587.html<\/a><\/p>\n\n\n\n<p><a href=\"https:\/\/www.sciencedirect.com\/science\/article\/pii\/S009265661100170X\">https:\/\/www.sciencedirect.com\/science\/article\/pii\/S009265661100170X<\/a><\/p>\n\n\n\n<p><a href=\"http:\/\/www.librairiefrancaise.fr\/fr\/essais-doctrines-idees-principes\/6681-de-l-urgence-d-etre-conservateur-roger-scruton-9782810007103.html?search_query=de+l%27urgence+d%27etre+conservateur&amp;results=1\">http:\/\/www.librairiefrancaise.fr\/fr\/essais-doctrines-idees-principes\/6681-de-l-urgence-d-etre-conservateur-roger-scruton-9782810007103.html?search_query=de+l%27urgence+d%27etre+conservateur&amp;results=1<\/a><\/p>\n\n\n\n<figure class=\"wp-block-embed is-type-video is-provider-youtube wp-block-embed-youtube wp-embed-aspect-16-9 wp-has-aspect-ratio\"><div class=\"wp-block-embed__wrapper\">\n<span class=\"hEexmQnJtj4gcwTPU3WML8YC\"><div class=\"responsive-video\"><iframe title=\"Qu&#039;est ce que le conservatisme?\" width=\"1080\" height=\"608\" src=\"https:\/\/www.youtube.com\/embed\/SieVnus7rXM?feature=oembed\" frameborder=\"0\" allow=\"accelerometer; autoplay; clipboard-write; encrypted-media; gyroscope; picture-in-picture\" allowfullscreen><\/iframe><\/div><\/span>\n<\/div><\/figure>","protected":false},"excerpt":{"rendered":"<p>Le conservatisme, une notion au c\u0153ur de TCE Tr\u00e8s vaste sujet que le conservatisme, qui a fait couler tant d&#8217;encre [&hellip;]<\/p>","protected":false},"author":1,"featured_media":12258,"comment_status":"open","ping_status":"open","sticky":false,"template":"","format":"standard","meta":{"_et_pb_use_builder":"off","_et_pb_old_content":"<!-- wp:heading -->\n<h2><span class=\"has-inline-color has-black-color\">Le conservatisme, une notion au c\u0153ur de TCE<\/span><\/h2>\n<!-- \/wp:heading -->\n\n<!-- wp:paragraph -->\n<p><\/p>\n<!-- \/wp:paragraph -->\n\n<!-- wp:paragraph {\"align\":\"justify\"} -->\n<p class=\"has-text-align-justify\"><span class=\"has-inline-color has-black-color\">Tr\u00e8s vaste sujet que le conservatisme, qui a fait couler tant d'encre depuis des si\u00e8cles et qui m\u00eame aujourd'hui encore, reste incompris par beaucoup. Et pourtant, s'il y a bien un concept, qui devrait \u00eatre au centre des pr\u00e9occupations de tout individu, c'est bien le conservatisme.<\/span><\/p>\n<!-- \/wp:paragraph -->\n\n<!-- wp:paragraph {\"align\":\"justify\"} -->\n<p class=\"has-text-align-justify\"><span class=\"has-inline-color has-black-color\">En effet, comprendre le conservatisme est fondamental pour toute personne qui souhaite vivre \u00e0 la fois une vie qui a du sens<\/span> <span class=\"has-inline-color has-black-color\">mais \u00e9galement lui permettre de s'am\u00e9liorer lui-m\u00eame ainsi que son environnement. Comme vous avez pu le remarquer, cette philosophie est au centre de notre plateforme, nous d\u00e9finissant nous-m\u00eame comme les \"Conservateurs Enthousiastes\"<\/span>.<\/p>\n<!-- \/wp:paragraph -->\n\n<!-- wp:paragraph {\"align\":\"justify\"} -->\n<p class=\"has-text-align-justify\"><span class=\"has-inline-color has-black-color\">Mais avant de vous laisser d\u00e9couvrir pourquoi nous avons d\u00e9cid\u00e9 de nous d\u00e9finir ainsi, nous avons toujours \u00e0 l'esprit le souci de notre mission premi\u00e8re, qui est de former et d'informer notre communaut\u00e9, toujours dans une dynamique de nivellement par le haut. C'est pourquoi, conscients que tout le monde ne part pas du m\u00eame stade et que certains sont plus avanc\u00e9s que d'autres, nous souhaitons repartir d'une base saine.<\/span><\/p>\n<!-- \/wp:paragraph -->\n\n<!-- wp:paragraph {\"align\":\"justify\"} -->\n<p class=\"has-text-align-justify\"><span class=\"has-inline-color has-black-color\">Donc si vous \u00eates d\u00e9j\u00e0 familier avec la notion du conservatisme, \u00e7a ne fait jamais de mal de revoir ses basiques et nous vous invitons donc \u00e0 revisiter cette notion ensemble. Si en revanche vous d\u00e9couvrez totalement ce concept, il est tr\u00e8s important pour comprendre tous nos contenus futurs, <span style=\"text-decoration: underline;\"><strong>alors lisez attentivement la suite car cet article pourrait changer litt\u00e9ralement votre vision sur le monde.<\/strong><\/span><\/span><\/p>\n<!-- \/wp:paragraph -->\n\n<!-- wp:paragraph -->\n<p><\/p>\n<!-- \/wp:paragraph -->\n\n<!-- wp:heading -->\n<h2><span class=\"has-inline-color has-black-color\">Les fondements du conservatisme<\/span><\/h2>\n<!-- \/wp:heading -->\n\n<!-- wp:paragraph -->\n<p><\/p>\n<!-- \/wp:paragraph -->\n\n<!-- wp:paragraph {\"align\":\"justify\"} -->\n<p class=\"has-text-align-justify\"><span class=\"has-inline-color has-black-color\">Commen\u00e7ons par le commencement. Le conservatisme est apparu<\/span> <span class=\"has-inline-color has-black-color\">depuis toujours dans la politique et les soci\u00e9t\u00e9s et on ne retrouve pas r\u00e9ellement de trace de ses d\u00e9buts, car c'est un \u00e9tat d'esprit plus qu'autre chose qui survient naturellement et \u00e0 chaque fois dans les comportements humains. Mettre le doigt sur son r\u00e9el commencement est donc difficile, cependant, on peut dire que le conservatisme en tant que philosophie politique, a r\u00e9ellement \u00e9merg\u00e9 au cours du 18\u00e8me si\u00e8cle.<\/span><\/p>\n<!-- \/wp:paragraph -->\n\n<!-- wp:paragraph {\"align\":\"justify\"} -->\n<p class=\"has-text-align-justify\"><span class=\"has-inline-color has-black-color\">Particuli\u00e8rement <strong>suite aux \u00e9v\u00e9nements de la R\u00e9volution Am\u00e9ricaine et de la R\u00e9volution Fran\u00e7aise<\/strong>. Ce sont ces \u00e9v\u00e9nements majeurs, qui ont totalement chang\u00e9 la face des soci\u00e9t\u00e9s occidentales et bouillonnantes de changements, qui ont naturellement fait ressortir des m\u00e9canismes conservateurs chez les individus, souhaitant s'opposer \u00e0 certains progressismes fr\u00e9n\u00e9tiques et incontr\u00f4l\u00e9s durant ces r\u00e9volutions.<\/span><\/p>\n<!-- \/wp:paragraph -->\n\n<!-- wp:paragraph {\"align\":\"justify\"} -->\n<p class=\"has-text-align-justify\"><span class=\"has-inline-color has-black-color\">Ces p\u00e9riodes ressemblent d'ailleurs beaucoup sur certains points \u00e0 nos p\u00e9riodes actuelles, comme l'explique tr\u00e8s bien <a rel=\"noreferrer noopener\" href=\"https:\/\/www.youtube.com\/watch?v=MipfoReGP8I\" target=\"_blank\">Julien Rochedy dans sa vid\u00e9o<\/a> o\u00f9 il compare avec beaucoup de justesse nos deux \u00e9poques. <\/span><\/p>\n<!-- \/wp:paragraph -->\n\n<!-- wp:paragraph {\"align\":\"justify\"} -->\n<p class=\"has-text-align-justify\"><span class=\"has-inline-color has-black-color\">C'est une des<\/span> <span class=\"has-inline-color has-black-color\">raisons pour laquelle il est tr\u00e8s important de comprendre cette notion aujourd'hui, qui \u00e9tait \u00e9galement dans tous les esprits de l'\u00e9poque et qui peuvent nous en dire long sur les probl\u00e9matiques similaires que nous rencontrons dans notre soci\u00e9t\u00e9 actuelle<\/span>.<\/p>\n<!-- \/wp:paragraph -->\n\n<!-- wp:paragraph {\"align\":\"justify\"} -->\n<p class=\"has-text-align-justify\"><span class=\"has-inline-color has-black-color\">L'un des premiers conservateurs de l'Histoire, parfois consid\u00e9r\u00e9 par certains comme le premier conservateur, est <strong><a rel=\"noreferrer noopener\" href=\"https:\/\/fr.wikipedia.org\/wiki\/Edmund_Burke\" target=\"_blank\">Edmund Burke.<\/a><\/strong><\/span> <span class=\"has-inline-color has-black-color\">N\u00e9 en Irlande, puis devenu Anglais, il a particip\u00e9 grandement \u00e0 la R\u00e9volution Am\u00e9ricaine dans un premier temps pour s'opposer totalement \u00e0 la R\u00e9volution Fran\u00e7aise par la suite, ce qui en dit \u00e9galement long sur la nature de ces deux r\u00e9volutions, qui sont souvent consid\u00e9r\u00e9es comme similaires en apparence, alors qu'elles ont des natures en r\u00e9alit\u00e9 bien diff\u00e9rentes.<\/span><\/p>\n<!-- \/wp:paragraph -->\n\n<!-- wp:image {\"id\":1504,\"width\":821,\"height\":462,\"sizeSlug\":\"large\"} -->\n<figure class=\"wp-block-image size-large is-resized\"><img src=\"https:\/\/conservativenthusiast.com\/wp-content\/uploads\/2020\/09\/Edmund-Burke-1.jpg\" alt=\"Edmund Burke\" class=\"wp-image-1504\" width=\"821\" height=\"462\"\/><figcaption><strong><em>Edmund Burke, consid\u00e9r\u00e9 comme le premier conservateur<\/em><\/strong><\/figcaption><\/figure>\n<!-- \/wp:image -->\n\n<!-- wp:paragraph {\"align\":\"justify\"} -->\n<p class=\"has-text-align-justify\"><span class=\"has-inline-color has-black-color\">Edmund Burke d\u00e9finissait lui-m\u00eame le conservatisme ainsi : il argumentait que <\/span><strong><span class=\"has-inline-color has-black-color\"><em>la tradition est une base plus solide que les choses purement abstraites (comme la \u00ab&nbsp;Raison&nbsp;\u00bb). La tradition se forme avec la sagesse de plusieurs g\u00e9n\u00e9rations et les al\u00e9as du temps, alors que la \u00ab&nbsp;Raison&nbsp;\u00bb peut n'\u00eatre que le masque des pr\u00e9f\u00e9rences d'un seul homme, et qu'elle repr\u00e9sente au mieux la sagesse non test\u00e9e d'une g\u00e9n\u00e9ration. Toute valeur ou institution existante qui est pass\u00e9e au travers de l'influence correctrice des exp\u00e9riences pass\u00e9es doit \u00eatre respect\u00e9e<\/em><\/span>.<\/strong><\/p>\n<!-- \/wp:paragraph -->\n\n<!-- wp:paragraph {\"align\":\"justify\"} -->\n<p class=\"has-text-align-justify\"><span class=\"has-inline-color has-black-color\">Cette profonde humilit\u00e9 face aux g\u00e9n\u00e9rations pass\u00e9es et cette confiance en l'\u00e9preuve du temps est typique du conservatisme. Elle sous entend la confiance en le fait que plusieurs g\u00e9n\u00e9rations permettent \u00e0 l'humain de tirer des le\u00e7ons et de s'am\u00e9liorer continuellement, ce qui progressivement, forme un h\u00e9ritage qu'il faut s'approprier pour mieux affronter l'avenir.<\/span><\/p>\n<!-- \/wp:paragraph -->\n\n<!-- wp:paragraph {\"align\":\"justify\"} -->\n<p class=\"has-text-align-justify\"><span class=\"has-inline-color has-black-color\">Si on se penche sur la politique, le conservatisme est traditionnellement class\u00e9 par certains \u00e0 droite et pourtant c'est une aberration car ce concept est <strong>sans fronti\u00e8re politique<\/strong>. C'est un concept qui va bien au del\u00e0 d'un clivage droite-gauche ou m\u00eame d'un r\u00e9gime ou gouvernement. C'est un \u00e9tat d'esprit que quiconque peut adopter sur n'importe quel sujet<\/span>.<\/p>\n<!-- \/wp:paragraph -->\n\n<!-- wp:paragraph {\"align\":\"justify\"} -->\n<p class=\"has-text-align-justify\"><span class=\"has-inline-color has-black-color\">L'\u00e9rudit R. J. White nous l'explique tr\u00e8s bien quand il d\u00e9clara :<\/span><\/p>\n<!-- \/wp:paragraph -->\n\n<!-- wp:quote -->\n<blockquote class=\"wp-block-quote\"><p><span class=\"has-inline-color has-black-color\"><em>\u00ab&nbsp;Mettre le conservatisme en bouteille et l'\u00e9tiqueter est comme essayer de liqu\u00e9fier l'atmosph\u00e8re\u2026 La difficult\u00e9 vient de la nature de la chose. Le conservatisme est moins une doctrine politique qu'une habitude de l'esprit, une mani\u00e8re de ressentir, un mode de vie.&nbsp;\u00bb<\/em><\/span><\/p><cite><strong><span class=\"has-inline-color has-black-color\">R.J. White<\/span><\/strong><\/cite><\/blockquote>\n<!-- \/wp:quote -->\n\n<!-- wp:paragraph {\"align\":\"justify\"} -->\n<p class=\"has-text-align-justify\"><span class=\"has-inline-color has-black-color\"><strong>Un mode de vie<\/strong>, c'est donc la juste tournure pour d\u00e9finir pleinement le conservatisme selon nous. En effet, cette mani\u00e8re de voir les choses est tellement naturelle par essence, qu'elle a \u00e9t\u00e9 incarn\u00e9e bien souvent au fil des si\u00e8cles \u00e0 travers de multiples personnes, de tous horizons. <a rel=\"noreferrer noopener\" href=\"https:\/\/fr.wikipedia.org\/wiki\/Simone_Weil\" target=\"_blank\">Simone Veil<\/a> en est un exemple parfait. Dans son livre <a rel=\"noreferrer noopener\" href=\"http:\/\/www.librairiefrancaise.fr\/fr\/saints\/4175-l-enracinement-simone-weil-poche-9782081295865.html?search_query=l%27enracinement&amp;results=13\" target=\"_blank\">L'enracinement<\/a>, elle nous explique tr\u00e8s simplement :<\/span><\/p>\n<!-- \/wp:paragraph -->\n\n<!-- wp:quote -->\n<blockquote class=\"wp-block-quote\"><p><span class=\"has-inline-color has-black-color\"><em>\" L'enracinement est peut-\u00eatre le besoin le plus important et le plus m\u00e9connu de l'\u00e2me humaine. C'est un des plus difficiles \u00e0 d\u00e9finir. Un \u00eatre humain a une racine par sa participation r\u00e9elle, active et naturelle \u00e0 l'existence d'une collectivit\u00e9 qui conserve vivants certains tr\u00e9sors du pass\u00e9 et certains pressentiments d'avenir. Participation naturelle, c'est-\u00e0-dire amen\u00e9e automatiquement par le lieu, la naissance, la profession, l'entourage. Chaque \u00eatre humain a besoin d'avoir de multiples racines. Il a besoin de recevoir la presque totalit\u00e9 de sa vie morale, intellectuelle, spirituelle, par l'interm\u00e9diaire des milieux dont il fait naturellement partie. \"<\/em><\/span><\/p><cite><span class=\"has-inline-color has-black-color\"><strong>Simone Veil<\/strong><\/span><\/cite><\/blockquote>\n<!-- \/wp:quote -->\n\n<!-- wp:paragraph {\"align\":\"justify\"} -->\n<p class=\"has-text-align-justify\"><span class=\"has-inline-color has-black-color\">Mais au fond, le conservatisme, qu'est-ce que c'est ?<\/span><\/p>\n<!-- \/wp:paragraph -->\n\n<!-- wp:paragraph {\"align\":\"justify\"} -->\n<p class=\"has-text-align-justify\"><span class=\"has-inline-color has-black-color\">Lorsqu'on essaye de poser des valeurs sur cette notion, quelques unes ressortent tr\u00e8s souvent. En g\u00e9n\u00e9ral on peut d\u00e9finir le conservatisme comme le mixe entre : <\/span><\/p>\n<!-- \/wp:paragraph -->\n\n<!-- wp:list -->\n<ul><li><span class=\"has-inline-color has-black-color\">Le respect des traditions<\/span> <span class=\"has-inline-color has-black-color\">et comprendre qu'elles ne sont pas l\u00e0 par hasard<\/span><\/li><li><span class=\"has-inline-color has-black-color\">L'humilit\u00e9 de se dire que les g\u00e9n\u00e9rations pr\u00e9c\u00e9dentes ont tir\u00e9 des le\u00e7ons des erreurs pass\u00e9es et que respecter l'h\u00e9ritage qu'ils nous l\u00e8guent, c'est d'une certaine mani\u00e8re<\/span> <span class=\"has-inline-color has-black-color\">accepter de pouvoir gagner du temps dans l'apprentissage de l'humain vers le progr\u00e8s<\/span><\/li><li><span class=\"has-inline-color has-black-color\">Partir toujours d'une position de prudence pour ce qui est nouveau et ne l'accepter ou pas, qu'apr\u00e8s une longue analyse<\/span><\/li><li><span class=\"has-inline-color has-black-color\">Comprendre que l'ont fait partie d'un tout et s'approprier son pass\u00e9 pour mieux appr\u00e9hender son avenir<\/span><\/li><\/ul>\n<!-- \/wp:list -->\n\n<!-- wp:heading -->\n<h2><span class=\"has-inline-color has-black-color\">Comprendre le conservatisme<\/span><\/h2>\n<!-- \/wp:heading -->\n\n<!-- wp:paragraph -->\n<p><\/p>\n<!-- \/wp:paragraph -->\n\n<!-- wp:paragraph {\"align\":\"justify\"} -->\n<p class=\"has-text-align-justify\"><span class=\"has-inline-color has-black-color\">Au final, si l'on devait trouver deux synonymes les plus proches possible au conservatisme, \u00e7a serait l'humilit\u00e9 et surtout la <strong><span style=\"text-decoration: underline;\">prudence<\/span><\/strong>.<\/span><\/p>\n<!-- \/wp:paragraph -->\n\n<!-- wp:paragraph {\"align\":\"justify\"} -->\n<p class=\"has-text-align-justify\"><span class=\"has-inline-color has-black-color\">Lorsqu'on y r\u00e9fl\u00e9chit, dans notre vie de tous les jours, la prudence est souvent la posture qu'on adopte naturellement face \u00e0 un environnement ou une personne qu'on ne conna\u00eet pas, car la prudence est toujours notre alli\u00e9e.<\/span> <span class=\"has-inline-color has-black-color\">Pourquoi en serait-ce autrement avec le conservatisme ?<\/span><\/p>\n<!-- \/wp:paragraph -->\n\n<!-- wp:paragraph {\"align\":\"justify\"} -->\n<p class=\"has-text-align-justify\"><span class=\"has-inline-color has-black-color\">Pour prendre un exemple tr\u00e8s simple, si je me balade en for\u00eat et que je vois une plante que je ne connais pas, une position conservatrice serait de dire, \"si je ne la connais pas, je ne la mange pas. Et ce n'est qu'une fois que j'aurai \u00e9tudi\u00e9 et compris cette plante, que je saurai si je dois la manger ou pas.\" <\/span><\/p>\n<!-- \/wp:paragraph -->\n\n<!-- wp:paragraph {\"align\":\"justify\"} -->\n<p class=\"has-text-align-justify\"><span class=\"has-inline-color has-black-color\">Et c'est au fil de l'exp\u00e9rience, que nous-m\u00eame et les g\u00e9n\u00e9rations futures accumulons un savoir, un savoir-faire et un savoir-\u00eatre, tout comme l'ont fait les g\u00e9n\u00e9rations pr\u00e9c\u00e9dentes.<\/span><\/p>\n<!-- \/wp:paragraph -->\n\n<!-- wp:paragraph {\"align\":\"justify\"} -->\n<p class=\"has-text-align-justify\"><span class=\"has-inline-color has-black-color\">Partir toujours d'un postulat conservateur par prudence, c'est \u00e9galement adopter le concept que parfois, si une chose est l\u00e0 sans que nous sachions pourquoi, c'est certainement que nos anc\u00eatres ont pens\u00e9 que c'\u00e9tait judicieux de la mettre l\u00e0 et qu'il y a vraisemblablement une raison logique \u00e0 cela. Et de ce postulat, peut commencer la r\u00e9flexion, les recherches et l'analyse, qui permettront peut-\u00eatre de comprendre, toujours avec vigilance, si au final cette chose n'a plus d'utilit\u00e9 \u00e0 notre \u00e9poque ou de comprendre qu'elle permet de maintenir un \u00e9quilibre complexe qui garantit le bon fonctionnement de la soci\u00e9t\u00e9.<\/span><\/p>\n<!-- \/wp:paragraph -->\n\n<!-- wp:paragraph -->\n<p><\/p>\n<!-- \/wp:paragraph -->\n\n<!-- wp:heading -->\n<h2><span class=\"has-inline-color has-black-color\">Les opposants au conservatisme<\/span><\/h2>\n<!-- \/wp:heading -->\n\n<!-- wp:paragraph -->\n<p><\/p>\n<!-- \/wp:paragraph -->\n\n<!-- wp:paragraph {\"align\":\"justify\"} -->\n<p class=\"has-text-align-justify\"><span class=\"has-inline-color has-black-color\">Ceux qu'on appelle dans notre politique contemporaine les \"progressistes\" sont en r\u00e9alit\u00e9 lorsqu'on analyse leurs actions et comportements, des \"r\u00e9gressistes\". Tels des enfants, qui ne tirent jamais les le\u00e7ons du pass\u00e9 et les erreurs des g\u00e9n\u00e9rations pr\u00e9c\u00e9dentes qui nous permettent d'obtenir de la sagesse aujourd'hui, ils agissent par <strong>pure fascination aveugle<\/strong> <strong>de tout ce qui est nouveau<\/strong>, sans se soucier des cons\u00e9quences ou des changements \u00e0 long terme de leurs actions.<\/span><\/p>\n<!-- \/wp:paragraph -->\n\n<!-- wp:paragraph {\"align\":\"justify\"} -->\n<p class=\"has-text-align-justify\"><span class=\"has-inline-color has-black-color\">Ce qui a d'ailleurs bien souvent provoqu\u00e9 des drames \u00e9conomiques, sociaux et environnementaux.<\/span><\/p>\n<!-- \/wp:paragraph -->\n\n<!-- wp:paragraph {\"align\":\"justify\"} -->\n<p class=\"has-text-align-justify\"><span class=\"has-inline-color has-black-color\">Les conservateurs sont au final <strong>les v\u00e9ritables progressistes<\/strong> au sens premier du terme, car ils ne sont pas contre le progr\u00e8s, ils sont seulement conscients qu'il faut trier ce qui est nouveau et que ce n'est pas parce que quelque chose est nouveau que c'est forc\u00e9ment bien.<\/span> <span class=\"has-inline-color has-black-color\">Un conservateur n'est pas contre le progr\u00e8s, il est contre la <strong>pr\u00e9cipitation sans prudence vers le progr\u00e8s<\/strong>.<\/span><\/p>\n<!-- \/wp:paragraph -->\n\n<!-- wp:paragraph {\"align\":\"justify\"} -->\n<p class=\"has-text-align-justify\"><span class=\"has-inline-color has-black-color\">Comme nous le dit si bien Wikip\u00e9dia, le conservatisme n'est pas \u00e0 confondre avec l'immobilisme. Dans notre soci\u00e9t\u00e9 qui acc\u00e9l\u00e8re toujours \u00e0 une vitesse effr\u00e9n\u00e9e, partir d'un postulat conservateur peut parfois mener \u00e0 \u00eatre accus\u00e9 d'avoir une position \"r\u00e9fractaire\". Signe que la soci\u00e9t\u00e9 va mal, lorsque quelqu'un qui n'accepte pas une nouveaut\u00e9 apr\u00e8s l'avoir analys\u00e9 et s'\u00eatre rendu compte que cette nouveaut\u00e9 est mauvaise, est consid\u00e9r\u00e9 comme \"anti-progr\u00e8s.\"<\/span> <span class=\"has-inline-color has-black-color\">Ce qui en dit long sur la pression que nous met la soci\u00e9t\u00e9 actuelle pour nous faire accepter tout et n'importe quoi \u00e0 tout prix.<\/span><\/p>\n<!-- \/wp:paragraph -->\n\n<!-- wp:paragraph {\"align\":\"justify\"} -->\n<p class=\"has-text-align-justify\"><span class=\"has-inline-color has-black-color\">D'ailleurs consid\u00e9rant notre contexte actuel, certains grands auteurs pensent urgent de renouer avec un \u00e9tat d'esprit conservateur, comme l'\u00e9crit par exemple <a rel=\"noreferrer noopener\" href=\"https:\/\/fr.wikipedia.org\/wiki\/Roger_Scruton\" target=\"_blank\">Roger Scruton<\/a> dans son livre \"<a rel=\"noreferrer noopener\" href=\"http:\/\/www.librairiefrancaise.fr\/fr\/essais-doctrines-idees-principes\/6681-de-l-urgence-d-etre-conservateur-roger-scruton-9782810007103.html?search_query=de+l%27urgence+d%27etre+conservateur&amp;results=1\" target=\"_blank\">De l'urgence d'\u00eatre conservateur<\/a>\" que nous vous recommandons fortement.<\/span><\/p>\n<!-- \/wp:paragraph -->\n\n<!-- wp:paragraph -->\n<p><\/p>\n<!-- \/wp:paragraph -->\n\n<!-- wp:image {\"id\":1634,\"sizeSlug\":\"large\"} -->\n<figure class=\"wp-block-image size-large\"><img src=\"https:\/\/conservativenthusiast.com\/wp-content\/uploads\/2020\/09\/Roger-Scruton-de-lurgence-detre-conservateur.jpg\" alt=\"\" class=\"wp-image-1634\"\/><figcaption><strong><span class=\"has-inline-color has-black-color\"><em>Roger Scruton, auteur du livre \"De l'urgence d'\u00eatre conservateur\"<\/em><\/span><\/strong><\/figcaption><\/figure>\n<!-- \/wp:image -->\n\n<!-- wp:paragraph -->\n<p><\/p>\n<!-- \/wp:paragraph -->\n\n<!-- wp:heading -->\n<h2><span class=\"has-inline-color has-black-color\">La famille des conservateurs<\/span><\/h2>\n<!-- \/wp:heading -->\n\n<!-- wp:paragraph -->\n<p><\/p>\n<!-- \/wp:paragraph -->\n\n<!-- wp:paragraph {\"align\":\"justify\"} -->\n<p class=\"has-text-align-justify\"><span class=\"has-inline-color has-black-color\">Durant les derniers si\u00e8cles qui se sont \u00e9coul\u00e9s, beaucoup de grandes personnalit\u00e9s, qui \u00e9taient des conservateurs et conservatrices, ont jou\u00e9 un grand r\u00f4le dans l'Histoire. Faire partie  de cette grande famille de conservateurs, c'est faire partie d'un h\u00e9ritage et c'est s'inscrire dans une lign\u00e9e qui \u0153uvre pour le bien commun.<\/span><\/p>\n<!-- \/wp:paragraph -->\n\n<!-- wp:paragraph -->\n<p><span class=\"has-inline-color has-black-color\">On retrouve souvent les conservateurs \u00e0 l'initiative de grands changements et de grandes r\u00e9formes.<\/span> <span class=\"has-inline-color has-black-color\">Pour ne citer que quelques exemples :<\/span><\/p>\n<!-- \/wp:paragraph -->\n\n<!-- wp:paragraph {\"align\":\"justify\"} -->\n<p class=\"has-text-align-justify\"><span class=\"has-inline-color has-black-color\">Dans l'hexagone, nombreux sont les conservateurs \u00e0 avoir particip\u00e9 \u00e0 l'Histoire de France, on trouve par exemple Charles de Gaulle, symbole pour beaucoup de la r\u00e9sistance qui, a adopt\u00e9 \u00e0 de tr\u00e8s nombreuses reprises dans sa vie la <a rel=\"noreferrer noopener\" href=\"https:\/\/en.wikipedia.org\/wiki\/Gaullist_Party\" target=\"_blank\">position conservatrice.<\/a><\/span><\/p>\n<!-- \/wp:paragraph -->\n\n<!-- wp:paragraph {\"align\":\"justify\"} -->\n<p class=\"has-text-align-justify\"><span class=\"has-inline-color has-black-color\">De l'autre cot\u00e9 de la Manche, au Royaume-Uni, pas de plus fier exemple que Winston Churchill, qui fut membre la <a rel=\"noreferrer noopener\" href=\"https:\/\/fr.wikipedia.org\/wiki\/Winston_Churchill\" target=\"_blank\">quasi-totalit\u00e9 de sa vie du Parti Conservateur<\/a>.<\/span> <span class=\"has-inline-color has-black-color\">Winston Churchill fut le premier homme d'\u00e9tat \u00e0 alerter des dangers du nazisme et \u00e0 lutter contre le r\u00e9gime du Parti national-socialiste Allemand.<\/span><\/p>\n<!-- \/wp:paragraph -->\n\n<!-- wp:image {\"id\":1635,\"sizeSlug\":\"large\"} -->\n<figure class=\"wp-block-image size-large\"><img src=\"https:\/\/conservativenthusiast.com\/wp-content\/uploads\/2020\/09\/Winston-Churchill-805x1024.jpg\" alt=\"\" class=\"wp-image-1635\"\/><figcaption><strong><span class=\"has-inline-color has-black-color\">Winston Churchill, Premier Ministre du Royaume-Uni et leader du Parti Conservateur<\/span><\/strong><\/figcaption><\/figure>\n<!-- \/wp:image -->\n\n<!-- wp:paragraph {\"align\":\"justify\"} -->\n<p class=\"has-text-align-justify\"><span class=\"has-inline-color has-black-color\">Si on remonte encore plus loin dans le temps, outre-Atlantique, aux \u00c9tats-Unis, le pr\u00e9sident Abraham Lincoln est \u00e9galement le parfait exemple d'un conservateur accompli,  premier pr\u00e9sident <a rel=\"noreferrer noopener\" href=\"https:\/\/fr.wikipedia.org\/wiki\/Parti_r%C3%A9publicain_(%C3%89tats-Unis)\" target=\"_blank\">R\u00e9publicain (parti conservateur am\u00e9ricain)<\/a> connu principalement pour s'\u00eatre battu quasiment toute sa vie pour abolir l'esclavage.<\/span><\/p>\n<!-- \/wp:paragraph -->\n\n<!-- wp:paragraph {\"align\":\"justify\"} -->\n<p class=\"has-text-align-justify\"><span class=\"has-inline-color has-black-color\">Si on remonte encore plus loin, dans les conservateurs aux origines de grands changements, il y a bien \u00e9videmment <a rel=\"noreferrer noopener\" href=\"https:\/\/fr.wikipedia.org\/wiki\/Adam_Smith\" target=\"_blank\">Adam Smith<\/a>, consid\u00e9r\u00e9 comme le p\u00e8re de l'\u00e9conomie moderne.<\/span><\/p>\n<!-- \/wp:paragraph -->\n\n<!-- wp:paragraph {\"align\":\"justify\"} -->\n<p class=\"has-text-align-justify\"><span class=\"has-inline-color has-black-color\">Et la liste est encore longue, tellement le conservatisme a pu s'incarner \u00e0 diff\u00e9rentes \u00e9poques, dans diff\u00e9rents pays et diff\u00e9rentes cultures.<\/span><\/p>\n<!-- \/wp:paragraph -->\n\n<!-- wp:heading -->\n<h2><span class=\"has-inline-color has-black-color\">S'approprier l'\u00e9tat d'esprit conservateur<\/span><\/h2>\n<!-- \/wp:heading -->\n\n<!-- wp:paragraph -->\n<p><\/p>\n<!-- \/wp:paragraph -->\n\n<!-- wp:paragraph {\"align\":\"justify\"} -->\n<p class=\"has-text-align-justify\"><span class=\"has-inline-color has-black-color\">Si vous nous suivez toujours jusque l\u00e0, les fondamentaux sont acquis. Mais maintenant vous vous posez peut \u00eatre ce genre de questions : \" <em>Maintenant que j'ai compris ce qu'est le conservatisme, \u00e0 quoi \u00e7a me sert ? Et comment je peux m'approprier le conservatisme dans la vie de tous les jours ou dans mes projets ?<\/em> \"<\/span><\/p>\n<!-- \/wp:paragraph -->\n\n<!-- wp:paragraph {\"align\":\"justify\"} -->\n<p class=\"has-text-align-justify\"><span class=\"has-inline-color has-black-color\">Et vous avez bien raison ! Nous ne nous appelons pas <strong><a rel=\"noreferrer noopener\" href=\"https:\/\/conservativenthusiast.com\/\" target=\"_blank\">The Conservative Enthusiast<\/a><\/strong> par hasard, et nous allons vous d\u00e9montrer quel r\u00e9el gain, un \u00e9tat d'esprit conservateur peut vous apporter.<\/span><\/p>\n<!-- \/wp:paragraph -->\n\n<!-- wp:list {\"ordered\":true} -->\n<ol><li><span class=\"has-inline-color has-black-color\"><strong>Ton sens critique tu d\u00e9velopperas<\/strong><\/span><\/li><\/ol>\n<!-- \/wp:list -->\n\n<!-- wp:paragraph {\"align\":\"justify\"} -->\n<p class=\"has-text-align-justify\"><span class=\"has-inline-color has-black-color\">\u00c0 force d'adopter une posture conservatrice sur tout ce qui vous entoure, deux ph\u00e9nom\u00e8nes vont naturellement appara\u00eetre. Premi\u00e8rement <strong>vous d\u00e9velopperez votre sens critique<\/strong>, c'est-\u00e0-dire votre capacit\u00e9 \u00e0 voir entre les lignes et \u00e0 penser par vous-m\u00eame, car l'\u00e9tat d'esprit conservateur est un formidable formateur en terme de rigueur intellectuelle.<\/span> <span class=\"has-inline-color has-black-color\">Ce qui nous am\u00e8ne au deuxi\u00e8me ph\u00e9nom\u00e8ne.<\/span><\/p>\n<!-- \/wp:paragraph -->\n\n<!-- wp:paragraph {\"align\":\"justify\"} -->\n<p class=\"has-text-align-justify\"><span class=\"has-inline-color has-black-color\"><strong>2. Plus cultiv\u00e9 tu deviendras<\/strong><\/span><\/p>\n<!-- \/wp:paragraph -->\n\n<!-- wp:paragraph {\"align\":\"justify\"} -->\n<p class=\"has-text-align-justify\"><span class=\"has-inline-color has-black-color\">\u00c0 force de rester prudent sur les choses de votre environnement et d\u00e9velopper votre sens critique, vous allez avoir tendance <strong>\u00e0 chercher la source des choses, \u00e0 vouloir v\u00e9rifier avant de prendre une d\u00e9cision, pourquoi les choses sont comme elles sont.<\/strong> Cette m\u00e9thodologie qui se d\u00e9veloppe naturellement chez toute personne qui commence \u00e0 adopter un point de vue conservateur, va indirectement vous permettre de vous tourner de plus en plus vers des connaissances diverses et vari\u00e9s qui vont sur le long terme vous rendre beaucoup plus cultiv\u00e9.<\/span><\/p>\n<!-- \/wp:paragraph -->\n\n<!-- wp:paragraph {\"align\":\"justify\"} -->\n<p class=\"has-text-align-justify\"><strong><span class=\"has-inline-color has-black-color\">3. Plus heureux tu seras<\/span><\/strong><\/p>\n<!-- \/wp:paragraph -->\n\n<!-- wp:paragraph {\"align\":\"justify\"} -->\n<p class=\"has-text-align-justify\"><span class=\"has-inline-color has-black-color\">Fait connu de longue date et confirm\u00e9 par beaucoup d'\u00e9tudes et d'universit\u00e9s \u00e0 travers le monde, les individus conservateurs ont tendance \u00e0 vivre plus heureux. Cet \u00e9l\u00e9ment pourrait para\u00eetre au premier abord un peu exag\u00e9r\u00e9 ou manipul\u00e9 alors qu'en r\u00e9alit\u00e9 il est assez logique quand on y r\u00e9fl\u00e9chit. Le fait d'adopter une attitude conservatrice am\u00e8ne les individus en g\u00e9n\u00e9ral \u00e0 mieux s'harmoniser avec leurs racines, leurs pass\u00e9s, leurs h\u00e9ritages, leurs familles, leurs m\u00e9tiers, leurs entourages ainsi que leurs avenirs et am\u00e8ne en g\u00e9n\u00e9ral beaucoup moins de frustration, beaucoup plus de s\u00e9r\u00e9nit\u00e9 et donne \u00e9galement beaucoup plus de sens \u00e0 leur vie.<\/span><\/p>\n<!-- \/wp:paragraph -->\n\n<!-- wp:paragraph {\"align\":\"justify\"} -->\n<p class=\"has-text-align-justify\"><span class=\"has-inline-color has-black-color\">Cet \"effet secondaire\" a \u00e9t\u00e9 longuement \u00e9tudi\u00e9 par certaines universit\u00e9s depuis des d\u00e9cennies, comme notamment  r\u00e9cemment avec une <a rel=\"noreferrer noopener\" href=\"https:\/\/journals.sagepub.com\/doi\/abs\/10.1177\/1948550618768241\" target=\"_blank\">\u00e9tude<\/a> en 2018 r\u00e9alis\u00e9e aux \u00c9tats-Unis, par l'universit\u00e9 de Californie du Sud<\/span> <span class=\"has-inline-color has-black-color\">et l'universit\u00e9 d'Utah, qui ont men\u00e9s cette \u00e9tude dans 16 pays, qui montre que les conservateurs \u00e0 travers le monde sont plus \u00e9panouis et trouvent plus de sens \u00e0 leur existence.<\/span><\/p>\n<!-- \/wp:paragraph -->\n\n<!-- wp:paragraph {\"align\":\"justify\"} -->\n<p class=\"has-text-align-justify\"><span class=\"has-inline-color has-black-color\">Diff\u00e9rentes \u00e9tudes ont \u00e9galement abouti \u00e0 des <a rel=\"noreferrer noopener\" href=\"https:\/\/www.theatlantic.com\/science\/archive\/2018\/07\/why-conservatives-find-life-more-meaningful-than-liberals\/566105\/\" target=\"_blank\">r\u00e9sultats similaires<\/a> au d\u00e9but des ann\u00e9es 1980, ainsi que dans des recherches men\u00e9es en 2007 et une r\u00e9colte statistique entre 2010 et 2017, qui montraient que les conservateurs ressentaient un plus grand \u00e9panouissement dans leurs vies et un \"vrai sens \u00e0 ce qu'ils font\".<\/span><\/p>\n<!-- \/wp:paragraph -->\n\n<!-- wp:paragraph {\"align\":\"justify\"} -->\n<p class=\"has-text-align-justify\"><span class=\"has-inline-color has-black-color\">Finalement, si nous devions conclure sur cette vaste notion qu'est le conservatisme, je pense qu'il serait judicieux de souligner encore une fois le fait que ce n'est ni une id\u00e9ologie, ni li\u00e9 \u00e0 un quelconque int\u00e9r\u00eat politique mais que c'est v\u00e9ritablement une mani\u00e8re d'aborder la vie, une vision du monde.<\/span><\/p>\n<!-- \/wp:paragraph -->\n\n<!-- wp:paragraph {\"align\":\"justify\"} -->\n<p class=\"has-text-align-justify\"><span class=\"has-inline-color has-black-color\">Comme le dit d'ailleurs si bien l'\u00e9crivain et explorateur Fran\u00e7ais <a href=\"https:\/\/fr.wikipedia.org\/wiki\/Sylvain_Tesson\" target=\"_blank\" rel=\"noreferrer noopener\">Sylvain Tesson<\/a> :<\/span><\/p>\n<!-- \/wp:paragraph -->\n\n<!-- wp:quote -->\n<blockquote class=\"wp-block-quote\"><p><span class=\"has-inline-color has-black-color\"><em>\" Moi, je suis pour une \u00e9cologie totale, radicale et coh\u00e9rente : si on d\u00e9cide vraiment de pr\u00e9server la nature il faut aussi \u00eatre conservateur dans tous les autres champs de l\u2019existence. Pr\u00e9server non seulement les an\u00e9mones, mais aussi les cultures, les langues, les arts, les comportements, et aussi la singularit\u00e9 des peuples. La prise de conscience \u00e9cologique aura permis l\u2019acte d\u2019un souhait de ralentissement et de conservatisme. Il reste pour le moment circonscrit au champ de l\u2019environnement. \u00bb<\/em><\/span><\/p><cite><span class=\"has-inline-color has-black-color\"><strong>Sylvain Tesson<\/strong><\/span><\/cite><\/blockquote>\n<!-- \/wp:quote -->\n\n<!-- wp:paragraph -->\n<p><\/p>\n<!-- \/wp:paragraph -->\n\n<!-- wp:heading -->\n<h2><span class=\"has-inline-color has-black-color\">Pour aller plus loin...<\/span><\/h2>\n<!-- \/wp:heading -->\n\n<!-- wp:paragraph -->\n<p><\/p>\n<!-- \/wp:paragraph -->\n\n<!-- wp:paragraph {\"align\":\"justify\"} -->\n<p class=\"has-text-align-justify\"><span class=\"has-inline-color has-black-color\">Comme vous le savez peut \u00eatre, la devise officielle de TCE est : \"<strong><em> Faisons vivre le bon, le juste, le beau.<\/em><\/strong>\"<\/span><\/p>\n<!-- \/wp:paragraph -->\n\n<!-- wp:paragraph {\"align\":\"justify\"} -->\n<p class=\"has-text-align-justify\"><span class=\"has-inline-color has-black-color\">Cette devise est particuli\u00e8rement lourde de sens, car elle est profond\u00e9ment conservatrice. S'inscrivant dans la m\u00eame ligne de pens\u00e9e que les premiers conservateurs comme Edmund Burke, qui lui-m\u00eame \u00e9crit en son temps l'un de ses ouvrages majeurs : <strong><a rel=\"noreferrer noopener\" href=\"https:\/\/www.amazon.fr\/Recherches-philosophiques-lorigine-id%C3%A9es-sublime\/dp\/2711621987\" target=\"_blank\">Recherche Philosophique de nos id\u00e9es du Sublime et du Beau.<\/a><\/strong><\/span><\/p>\n<!-- \/wp:paragraph -->\n\n<!-- wp:paragraph {\"align\":\"justify\"} -->\n<p class=\"has-text-align-justify\"><span class=\"has-inline-color has-black-color\">Pour aller plus loin dans votre d\u00e9marche et approfondir vos connaissances sur le conservatisme<\/span>, <span class=\"has-inline-color has-black-color\">nous vous invitons \u00e0 poursuivre via nos liens et recommandations de lectures.<\/span><\/p>\n<!-- \/wp:paragraph -->\n\n<!-- wp:paragraph {\"align\":\"justify\"} -->\n<p class=\"has-text-align-justify\"><span class=\"has-inline-color has-black-color\">N'h\u00e9sitez pas \u00e0 nous partager vos retours, sur les r\u00e9seaux sociaux, en commentaires et posez nous \u00e9galement vos questions<\/span>.<span class=\"has-inline-color has-black-color\"> Nous y r\u00e9pondrons avec grand plaisir et sachez que vous pouvez \u00e0 tout moment participer \u00e0 la vie de la communaut\u00e9 en utilisant le hashtag <strong>#TCE<\/strong><\/span><\/p>\n<!-- \/wp:paragraph -->\n\n<!-- wp:paragraph -->\n<p><\/p>\n<!-- \/wp:paragraph -->\n\n<!-- wp:heading -->\n<h2><span class=\"has-inline-color has-black-color\">Sources &amp; liens utiles :<\/span><\/h2>\n<!-- \/wp:heading -->\n\n<!-- wp:paragraph -->\n<p><\/p>\n<!-- \/wp:paragraph -->\n\n<!-- wp:paragraph -->\n<p><a href=\"https:\/\/fr.wikipedia.org\/wiki\/Conservatisme\" target=\"_blank\" rel=\"noreferrer noopener\">https:\/\/fr.wikipedia.org\/wiki\/Conservatisme<\/a><\/p>\n<!-- \/wp:paragraph -->\n\n<!-- wp:paragraph -->\n<p><a href=\"https:\/\/thefederalist.com\/2019\/11\/04\/research-finds-conservatives-are-more-happy-generous-and-purposeful-than-liberals\/\" target=\"_blank\" rel=\"noreferrer noopener\">https:\/\/thefederalist.com\/2019\/11\/04\/research-finds-conservatives-are-more-happy-generous-and-purposeful-than-liberals\/<\/a><\/p>\n<!-- \/wp:paragraph -->\n\n<!-- wp:paragraph -->\n<p><a href=\"https:\/\/www.theatlantic.com\/science\/archive\/2018\/07\/why-conservatives-find-life-more-meaningful-than-liberals\/566105\/\" target=\"_blank\" rel=\"noreferrer noopener\">https:\/\/www.theatlantic.com\/science\/archive\/2018\/07\/why-conservatives-find-life-more-meaningful-than-liberals\/566105\/<\/a><\/p>\n<!-- \/wp:paragraph -->\n\n<!-- wp:paragraph -->\n<p><a href=\"http:\/\/www.librairiefrancaise.fr\/fr\/divers-autres\/6316-le-dictionnaire-du-conservatisme-frederic-rouvillois-olivier-dard-christophe-boutin-9782204123587.html\" target=\"_blank\" rel=\"noreferrer noopener\">http:\/\/www.librairiefrancaise.fr\/fr\/divers-autres\/6316-le-dictionnaire-du-conservatisme-frederic-rouvillois-olivier-dard-christophe-boutin-9782204123587.html<\/a><\/p>\n<!-- \/wp:paragraph -->\n\n<!-- wp:paragraph -->\n<p><a href=\"https:\/\/www.sciencedirect.com\/science\/article\/pii\/S009265661100170X\">https:\/\/www.sciencedirect.com\/science\/article\/pii\/S009265661100170X<\/a><\/p>\n<!-- \/wp:paragraph -->\n\n<!-- wp:paragraph -->\n<p><a href=\"http:\/\/www.librairiefrancaise.fr\/fr\/essais-doctrines-idees-principes\/6681-de-l-urgence-d-etre-conservateur-roger-scruton-9782810007103.html?search_query=de+l%27urgence+d%27etre+conservateur&amp;results=1\">http:\/\/www.librairiefrancaise.fr\/fr\/essais-doctrines-idees-principes\/6681-de-l-urgence-d-etre-conservateur-roger-scruton-9782810007103.html?search_query=de+l%27urgence+d%27etre+conservateur&amp;results=1<\/a><\/p>\n<!-- \/wp:paragraph -->","_et_gb_content_width":"","_exactmetrics_skip_tracking":false,"_exactmetrics_sitenote_active":false,"_exactmetrics_sitenote_note":"","_exactmetrics_sitenote_category":0,"footnotes":""},"categories":[3,28],"tags":[16,29],"yoast_head":"<!-- This site is optimized with the Yoast SEO plugin v22.3 - https:\/\/yoast.com\/wordpress\/plugins\/seo\/ -->\n<title>Le Conservatisme - The Conservative Enthusiast<\/title>\n<meta name=\"description\" content=\"\u27bd Comprendre le conservatisme : TCE est une plateforme d&#039;actualit\u00e9, d&#039;information, de partage et d&#039;apprentissage des conservateurs.\" \/>\n<meta name=\"robots\" content=\"index, follow, max-snippet:-1, max-image-preview:large, max-video-preview:-1\" \/>\n<link rel=\"canonical\" href=\"https:\/\/conservativenthusiast.com\/en\/le-conservatisme\/\" \/>\n<meta property=\"og:locale\" content=\"en_GB\" \/>\n<meta property=\"og:type\" content=\"article\" \/>\n<meta property=\"og:title\" content=\"Le Conservatisme - The Conservative Enthusiast\" \/>\n<meta property=\"og:description\" content=\"\u27bd Comprendre le conservatisme : TCE est une plateforme d&#039;actualit\u00e9, d&#039;information, de partage et d&#039;apprentissage des conservateurs.\" \/>\n<meta property=\"og:url\" content=\"https:\/\/conservativenthusiast.com\/en\/le-conservatisme\/\" \/>\n<meta property=\"og:site_name\" content=\"The Conservative Enthusiast\" \/>\n<meta property=\"article:published_time\" content=\"2020-09-30T13:59:02+00:00\" \/>\n<meta property=\"article:modified_time\" content=\"2021-02-06T16:48:06+00:00\" \/>\n<meta property=\"og:image\" content=\"https:\/\/conservativenthusiast.com\/wp-content\/uploads\/2020\/09\/Roger-Scruton-Conservatisme.jpg\" \/>\n\t<meta property=\"og:image:width\" content=\"1200\" \/>\n\t<meta property=\"og:image:height\" content=\"900\" \/>\n\t<meta property=\"og:image:type\" content=\"image\/jpeg\" \/>\n<meta name=\"author\" content=\"Alexis.L\" \/>\n<meta name=\"twitter:card\" content=\"summary_large_image\" \/>\n<meta name=\"twitter:label1\" content=\"Written by\" \/>\n\t<meta name=\"twitter:data1\" content=\"Alexis.L\" \/>\n\t<meta name=\"twitter:label2\" content=\"Estimated reading time\" \/>\n\t<meta name=\"twitter:data2\" content=\"13 minutes\" \/>\n<script type=\"application\/ld+json\" class=\"yoast-schema-graph\">{\"@context\":\"https:\/\/schema.org\",\"@graph\":[{\"@type\":\"Article\",\"@id\":\"https:\/\/conservativenthusiast.com\/le-conservatisme\/#article\",\"isPartOf\":{\"@id\":\"https:\/\/conservativenthusiast.com\/le-conservatisme\/\"},\"author\":{\"name\":\"Alexis.L\",\"@id\":\"https:\/\/conservativenthusiast.com\/#\/schema\/person\/3edd83a60aed483f95ebc876aeac7feb\"},\"headline\":\"Le Conservatisme\",\"datePublished\":\"2020-09-30T13:59:02+00:00\",\"dateModified\":\"2021-02-06T16:48:06+00:00\",\"mainEntityOfPage\":{\"@id\":\"https:\/\/conservativenthusiast.com\/le-conservatisme\/\"},\"wordCount\":3079,\"commentCount\":4,\"publisher\":{\"@id\":\"https:\/\/conservativenthusiast.com\/#organization\"},\"image\":{\"@id\":\"https:\/\/conservativenthusiast.com\/le-conservatisme\/#primaryimage\"},\"thumbnailUrl\":\"https:\/\/conservativenthusiast.com\/wp-content\/uploads\/2020\/09\/Roger-Scruton-Conservatisme.jpg\",\"keywords\":[\"Philosophie\",\"Politique\"],\"articleSection\":[\"Philosophie\",\"Politique\"],\"inLanguage\":\"en-GB\",\"potentialAction\":[{\"@type\":\"CommentAction\",\"name\":\"Comment\",\"target\":[\"https:\/\/conservativenthusiast.com\/le-conservatisme\/#respond\"]}]},{\"@type\":\"WebPage\",\"@id\":\"https:\/\/conservativenthusiast.com\/le-conservatisme\/\",\"url\":\"https:\/\/conservativenthusiast.com\/le-conservatisme\/\",\"name\":\"Le Conservatisme - The Conservative Enthusiast\",\"isPartOf\":{\"@id\":\"https:\/\/conservativenthusiast.com\/#website\"},\"primaryImageOfPage\":{\"@id\":\"https:\/\/conservativenthusiast.com\/le-conservatisme\/#primaryimage\"},\"image\":{\"@id\":\"https:\/\/conservativenthusiast.com\/le-conservatisme\/#primaryimage\"},\"thumbnailUrl\":\"https:\/\/conservativenthusiast.com\/wp-content\/uploads\/2020\/09\/Roger-Scruton-Conservatisme.jpg\",\"datePublished\":\"2020-09-30T13:59:02+00:00\",\"dateModified\":\"2021-02-06T16:48:06+00:00\",\"description\":\"\u27bd Comprendre le conservatisme : TCE est une plateforme d'actualit\u00e9, d'information, de partage et d'apprentissage des conservateurs.\",\"breadcrumb\":{\"@id\":\"https:\/\/conservativenthusiast.com\/le-conservatisme\/#breadcrumb\"},\"inLanguage\":\"en-GB\",\"potentialAction\":[{\"@type\":\"ReadAction\",\"target\":[\"https:\/\/conservativenthusiast.com\/le-conservatisme\/\"]}]},{\"@type\":\"ImageObject\",\"inLanguage\":\"en-GB\",\"@id\":\"https:\/\/conservativenthusiast.com\/le-conservatisme\/#primaryimage\",\"url\":\"https:\/\/conservativenthusiast.com\/wp-content\/uploads\/2020\/09\/Roger-Scruton-Conservatisme.jpg\",\"contentUrl\":\"https:\/\/conservativenthusiast.com\/wp-content\/uploads\/2020\/09\/Roger-Scruton-Conservatisme.jpg\",\"width\":1200,\"height\":900},{\"@type\":\"BreadcrumbList\",\"@id\":\"https:\/\/conservativenthusiast.com\/le-conservatisme\/#breadcrumb\",\"itemListElement\":[{\"@type\":\"ListItem\",\"position\":1,\"name\":\"Accueil\",\"item\":\"https:\/\/conservativenthusiast.com\/\"},{\"@type\":\"ListItem\",\"position\":2,\"name\":\"Le Conservatisme\"}]},{\"@type\":\"WebSite\",\"@id\":\"https:\/\/conservativenthusiast.com\/#website\",\"url\":\"https:\/\/conservativenthusiast.com\/\",\"name\":\"The Conservative Enthusiast\",\"description\":\"La plateforme de r\u00e9information, de partage et d&#039;apprentissage des conservateurs.\",\"publisher\":{\"@id\":\"https:\/\/conservativenthusiast.com\/#organization\"},\"potentialAction\":[{\"@type\":\"SearchAction\",\"target\":{\"@type\":\"EntryPoint\",\"urlTemplate\":\"https:\/\/conservativenthusiast.com\/?s={search_term_string}\"},\"query-input\":\"required name=search_term_string\"}],\"inLanguage\":\"en-GB\"},{\"@type\":\"Organization\",\"@id\":\"https:\/\/conservativenthusiast.com\/#organization\",\"name\":\"The Conservative Enthusiast\",\"url\":\"https:\/\/conservativenthusiast.com\/\",\"logo\":{\"@type\":\"ImageObject\",\"inLanguage\":\"en-GB\",\"@id\":\"https:\/\/conservativenthusiast.com\/#\/schema\/logo\/image\/\",\"url\":\"https:\/\/i0.wp.com\/conservativeenthusiast.com\/wp-content\/uploads\/2020\/06\/LOGO-CE-MINI.png?fit=3867%2C1180&ssl=1\",\"contentUrl\":\"https:\/\/i0.wp.com\/conservativeenthusiast.com\/wp-content\/uploads\/2020\/06\/LOGO-CE-MINI.png?fit=3867%2C1180&ssl=1\",\"width\":3867,\"height\":1180,\"caption\":\"The Conservative Enthusiast\"},\"image\":{\"@id\":\"https:\/\/conservativenthusiast.com\/#\/schema\/logo\/image\/\"}},{\"@type\":\"Person\",\"@id\":\"https:\/\/conservativenthusiast.com\/#\/schema\/person\/3edd83a60aed483f95ebc876aeac7feb\",\"name\":\"Alexis.L\",\"image\":{\"@type\":\"ImageObject\",\"inLanguage\":\"en-GB\",\"@id\":\"https:\/\/conservativenthusiast.com\/#\/schema\/person\/image\/\",\"url\":\"https:\/\/secure.gravatar.com\/avatar\/e276145ad3a64170e9c68564bb9e4280?s=96&d=mm&r=g\",\"contentUrl\":\"https:\/\/secure.gravatar.com\/avatar\/e276145ad3a64170e9c68564bb9e4280?s=96&d=mm&r=g\",\"caption\":\"Alexis.L\"},\"description\":\"Si vous appr\u00e9ciez les articles de ce r\u00e9dacteur et que vous souhaitez en d\u00e9couvrir davantage sur lui ou ses \u00e9crits, vous pouvez consulter tous ses articles en cliquant sur son pseudo ou en apprendre plus sur notre page \\\"Notre \u00e9quipe\\\". Vous pouvez \u00e9galement le suivre sur ses diff\u00e9rents r\u00e9seaux sociaux ci-dessous.\",\"url\":\"https:\/\/conservativenthusiast.com\/en\/author\/admin6171\/\"}]}<\/script>\n<!-- \/ Yoast SEO plugin. -->","yoast_head_json":{"title":"Le Conservatisme - The Conservative Enthusiast","description":"\u27bd Comprendre le conservatisme : TCE est une plateforme d'actualit\u00e9, d'information, de partage et d'apprentissage des conservateurs.","robots":{"index":"index","follow":"follow","max-snippet":"max-snippet:-1","max-image-preview":"max-image-preview:large","max-video-preview":"max-video-preview:-1"},"canonical":"https:\/\/conservativenthusiast.com\/en\/le-conservatisme\/","og_locale":"en_GB","og_type":"article","og_title":"Le Conservatisme - The Conservative Enthusiast","og_description":"\u27bd Comprendre le conservatisme : TCE est une plateforme d'actualit\u00e9, d'information, de partage et d'apprentissage des conservateurs.","og_url":"https:\/\/conservativenthusiast.com\/en\/le-conservatisme\/","og_site_name":"The Conservative Enthusiast","article_published_time":"2020-09-30T13:59:02+00:00","article_modified_time":"2021-02-06T16:48:06+00:00","og_image":[{"width":1200,"height":900,"url":"https:\/\/conservativenthusiast.com\/wp-content\/uploads\/2020\/09\/Roger-Scruton-Conservatisme.jpg","type":"image\/jpeg"}],"author":"Alexis.L","twitter_card":"summary_large_image","twitter_misc":{"Written by":"Alexis.L","Estimated reading time":"13 minutes"},"schema":{"@context":"https:\/\/schema.org","@graph":[{"@type":"Article","@id":"https:\/\/conservativenthusiast.com\/le-conservatisme\/#article","isPartOf":{"@id":"https:\/\/conservativenthusiast.com\/le-conservatisme\/"},"author":{"name":"Alexis.L","@id":"https:\/\/conservativenthusiast.com\/#\/schema\/person\/3edd83a60aed483f95ebc876aeac7feb"},"headline":"Le Conservatisme","datePublished":"2020-09-30T13:59:02+00:00","dateModified":"2021-02-06T16:48:06+00:00","mainEntityOfPage":{"@id":"https:\/\/conservativenthusiast.com\/le-conservatisme\/"},"wordCount":3079,"commentCount":4,"publisher":{"@id":"https:\/\/conservativenthusiast.com\/#organization"},"image":{"@id":"https:\/\/conservativenthusiast.com\/le-conservatisme\/#primaryimage"},"thumbnailUrl":"https:\/\/conservativenthusiast.com\/wp-content\/uploads\/2020\/09\/Roger-Scruton-Conservatisme.jpg","keywords":["Philosophie","Politique"],"articleSection":["Philosophie","Politique"],"inLanguage":"en-GB","potentialAction":[{"@type":"CommentAction","name":"Comment","target":["https:\/\/conservativenthusiast.com\/le-conservatisme\/#respond"]}]},{"@type":"WebPage","@id":"https:\/\/conservativenthusiast.com\/le-conservatisme\/","url":"https:\/\/conservativenthusiast.com\/le-conservatisme\/","name":"Le Conservatisme - The Conservative Enthusiast","isPartOf":{"@id":"https:\/\/conservativenthusiast.com\/#website"},"primaryImageOfPage":{"@id":"https:\/\/conservativenthusiast.com\/le-conservatisme\/#primaryimage"},"image":{"@id":"https:\/\/conservativenthusiast.com\/le-conservatisme\/#primaryimage"},"thumbnailUrl":"https:\/\/conservativenthusiast.com\/wp-content\/uploads\/2020\/09\/Roger-Scruton-Conservatisme.jpg","datePublished":"2020-09-30T13:59:02+00:00","dateModified":"2021-02-06T16:48:06+00:00","description":"\u27bd Comprendre le conservatisme : TCE est une plateforme d'actualit\u00e9, d'information, de partage et d'apprentissage des conservateurs.","breadcrumb":{"@id":"https:\/\/conservativenthusiast.com\/le-conservatisme\/#breadcrumb"},"inLanguage":"en-GB","potentialAction":[{"@type":"ReadAction","target":["https:\/\/conservativenthusiast.com\/le-conservatisme\/"]}]},{"@type":"ImageObject","inLanguage":"en-GB","@id":"https:\/\/conservativenthusiast.com\/le-conservatisme\/#primaryimage","url":"https:\/\/conservativenthusiast.com\/wp-content\/uploads\/2020\/09\/Roger-Scruton-Conservatisme.jpg","contentUrl":"https:\/\/conservativenthusiast.com\/wp-content\/uploads\/2020\/09\/Roger-Scruton-Conservatisme.jpg","width":1200,"height":900},{"@type":"BreadcrumbList","@id":"https:\/\/conservativenthusiast.com\/le-conservatisme\/#breadcrumb","itemListElement":[{"@type":"ListItem","position":1,"name":"Accueil","item":"https:\/\/conservativenthusiast.com\/"},{"@type":"ListItem","position":2,"name":"Le Conservatisme"}]},{"@type":"WebSite","@id":"https:\/\/conservativenthusiast.com\/#website","url":"https:\/\/conservativenthusiast.com\/","name":"The Conservative Enthusiast","description":"La plateforme de r\u00e9information, de partage et d&#039;apprentissage des conservateurs.","publisher":{"@id":"https:\/\/conservativenthusiast.com\/#organization"},"potentialAction":[{"@type":"SearchAction","target":{"@type":"EntryPoint","urlTemplate":"https:\/\/conservativenthusiast.com\/?s={search_term_string}"},"query-input":"required name=search_term_string"}],"inLanguage":"en-GB"},{"@type":"Organization","@id":"https:\/\/conservativenthusiast.com\/#organization","name":"The Conservative Enthusiast","url":"https:\/\/conservativenthusiast.com\/","logo":{"@type":"ImageObject","inLanguage":"en-GB","@id":"https:\/\/conservativenthusiast.com\/#\/schema\/logo\/image\/","url":"https:\/\/i0.wp.com\/conservativeenthusiast.com\/wp-content\/uploads\/2020\/06\/LOGO-CE-MINI.png?fit=3867%2C1180&ssl=1","contentUrl":"https:\/\/i0.wp.com\/conservativeenthusiast.com\/wp-content\/uploads\/2020\/06\/LOGO-CE-MINI.png?fit=3867%2C1180&ssl=1","width":3867,"height":1180,"caption":"The Conservative Enthusiast"},"image":{"@id":"https:\/\/conservativenthusiast.com\/#\/schema\/logo\/image\/"}},{"@type":"Person","@id":"https:\/\/conservativenthusiast.com\/#\/schema\/person\/3edd83a60aed483f95ebc876aeac7feb","name":"Alexis.L","image":{"@type":"ImageObject","inLanguage":"en-GB","@id":"https:\/\/conservativenthusiast.com\/#\/schema\/person\/image\/","url":"https:\/\/secure.gravatar.com\/avatar\/e276145ad3a64170e9c68564bb9e4280?s=96&d=mm&r=g","contentUrl":"https:\/\/secure.gravatar.com\/avatar\/e276145ad3a64170e9c68564bb9e4280?s=96&d=mm&r=g","caption":"Alexis.L"},"description":"Si vous appr\u00e9ciez les articles de ce r\u00e9dacteur et que vous souhaitez en d\u00e9couvrir davantage sur lui ou ses \u00e9crits, vous pouvez consulter tous ses articles en cliquant sur son pseudo ou en apprendre plus sur notre page \"Notre \u00e9quipe\". Vous pouvez \u00e9galement le suivre sur ses diff\u00e9rents r\u00e9seaux sociaux ci-dessous.","url":"https:\/\/conservativenthusiast.com\/en\/author\/admin6171\/"}]}},"_links":{"self":[{"href":"https:\/\/conservativenthusiast.com\/en\/wp-json\/wp\/v2\/posts\/1442"}],"collection":[{"href":"https:\/\/conservativenthusiast.com\/en\/wp-json\/wp\/v2\/posts"}],"about":[{"href":"https:\/\/conservativenthusiast.com\/en\/wp-json\/wp\/v2\/types\/post"}],"author":[{"embeddable":true,"href":"https:\/\/conservativenthusiast.com\/en\/wp-json\/wp\/v2\/users\/1"}],"replies":[{"embeddable":true,"href":"https:\/\/conservativenthusiast.com\/en\/wp-json\/wp\/v2\/comments?post=1442"}],"version-history":[{"count":233,"href":"https:\/\/conservativenthusiast.com\/en\/wp-json\/wp\/v2\/posts\/1442\/revisions"}],"predecessor-version":[{"id":8423,"href":"https:\/\/conservativenthusiast.com\/en\/wp-json\/wp\/v2\/posts\/1442\/revisions\/8423"}],"wp:featuredmedia":[{"embeddable":true,"href":"https:\/\/conservativenthusiast.com\/en\/wp-json\/wp\/v2\/media\/12258"}],"wp:attachment":[{"href":"https:\/\/conservativenthusiast.com\/en\/wp-json\/wp\/v2\/media?parent=1442"}],"wp:term":[{"taxonomy":"category","embeddable":true,"href":"https:\/\/conservativenthusiast.com\/en\/wp-json\/wp\/v2\/categories?post=1442"},{"taxonomy":"post_tag","embeddable":true,"href":"https:\/\/conservativenthusiast.com\/en\/wp-json\/wp\/v2\/tags?post=1442"}],"curies":[{"name":"wp","href":"https:\/\/api.w.org\/{rel}","templated":true}]}}