{"id":11918,"date":"2021-05-08T12:00:00","date_gmt":"2021-05-08T10:00:00","guid":{"rendered":"https:\/\/conservativeenthusiast.com\/?p=11918"},"modified":"2021-05-09T16:58:14","modified_gmt":"2021-05-09T14:58:14","slug":"interview-tce-19-jonathan-sturel","status":"publish","type":"post","link":"https:\/\/conservativenthusiast.com\/en\/interview-tce-19-jonathan-sturel\/","title":{"rendered":"Interview TCE #19 &#8211; Jonathan Sturel"},"content":{"rendered":"<h3 class=\"wp-block-heading\"><strong><span class=\"has-inline-color has-black-color\">1- For our readers who don't know you yet, can you present yourself ?<\/span><\/strong><\/h3>\n\n\n\n<p><\/p>\n\n\n\n<p class=\"has-text-align-justify\"><em>&#8221; Je suis un Fran\u00e7ais qui a la chance d\u2019avoir sur les \u00e9v\u00e9nements en cours un minimum de lucidit\u00e9. J\u2019observe l\u2019actualit\u00e9 d\u00e9rouler le long d\u00e9veloppement de son horreur et j\u2019essaie d\u2019en tirer des pistes de r\u00e9flexions. Je m\u2019int\u00e9resse \u00e0 diverses disciplines et tente d\u2019en faire des outils de compr\u00e9hension du monde (philosophie, psychologie, sociologie, histoire, litt\u00e9rature). Je n\u2019appartiens \u00e0 aucun parti, ce qui me place un peu \u00e0 la mani\u00e8re de Raymond Aron dans la peau d\u2019une sorte de \u00ab&nbsp;spectateur engag\u00e9&nbsp;\u00bb&nbsp;: spectateur car j\u2019assiste \u2014 malheureusement \u2014 \u00e0 l\u2019interminable \u00e9croulement de la civilisation sans y jouer aucun r\u00f4le politique ou associatif actif, et engag\u00e9 en ce sens que je tente, \u00e0 ma petite \u00e9chelle, d\u2019alerter mon entourage au sujet des bouleversements en cours. C\u2019est peu de choses mais si chacun en faisait autant, nous serions des millions \u00e0 ouvrir les yeux.<\/em><\/p>\n\n\n\n<p class=\"has-text-align-justify\"><em>J\u2019ai par ailleurs publi\u00e9 deux ouvrages&nbsp;: un essai critique sur l\u2019\u0153uvre et la pens\u00e9e de Michel Onfray en 2014 (et qui vient d\u2019\u00eatre r\u00e9\u00e9dit\u00e9 d\u00e9but 2021), et Coronavirus, autopsie d\u2019un d\u00e9sastre politique, aux \u00c9ditions Altitude en 2020. Depuis plusieurs ann\u00e9es, je publie des articles ici ou l\u00e0 et j\u2019anime une chronique litt\u00e9raire sur la cha\u00eene YouTube Radio Ath\u00e9na. Je suis aussi \u00e0 l\u2019initiative de La d\u00e9l\u00e9gation des si\u00e8cles, vaste entreprise \u00e9ditoriale qui travaille \u00e0 remettre en circulation des textes, des livres et des auteurs inconnus ou pas assez connus, et dont la r\u00e9union dans une m\u00eame collection permet aux lecteurs de se cultiver et de se construire une pens\u00e9e de droite, enracin\u00e9e et patriote solide et coh\u00e9rente.&#8221;<\/em><\/p>\n\n\n\n<p><\/p>\n\n\n\n<h3 class=\"wp-block-heading\"><strong><span class=\"has-inline-color has-black-color\">2-: Qu&#8217;est-ce qui vous a amen\u00e9 \u00e0 lancer votre projet ? Quelles sont les \u00e9tapes qui vous y ont men\u00e9es ?<\/span><\/strong><\/h3>\n\n\n\n<p><\/p>\n\n\n\n<p class=\"has-text-align-justify\"><em>&#8221; J\u2019y ai \u00e9t\u00e9 amen\u00e9 par la n\u00e9cessit\u00e9. Nous vivons des temps difficiles et devant eux il y a deux principales positions \u00e0 adopter&nbsp;: le fatalisme, la r\u00e9signation, c\u2019est-\u00e0-dire consid\u00e9rer que tout est jou\u00e9, que nous sommes perdus et qu\u2019il convient maintenant d\u2019abdiquer&nbsp;; ou se battre. J\u2019ai fait le choix du combat, par temp\u00e9rament, par principe et parce que je refuse que les destructeurs l\u2019emportent sur les b\u00e2tisseurs. Je refuse que le laid l\u2019emporte sur le beau, que les barbares l\u2019emportent sur la civilisation. Or, il se joue en ce moment un combat pour ainsi dire eschatologique, quelque chose de gigantesque qui devra aboutir soit \u00e0 la disparition de la civilisation, soit \u00e0 son sauvetage. Nous sommes donc \u00e0 un moment crucial, d\u00e9terminant et r\u00e9volutionnaire de l\u2019histoire de notre humanit\u00e9. Comme dans un bateau en train de couler, il faut maintenant que tous les braves se remontent les manches et aident \u00e0 \u00e9vacuer l\u2019eau qui menace de nous engloutir tous. &#8220;<\/em><\/p>\n\n\n\n<p class=\"has-text-align-justify\"><\/p>\n\n\n\n<h3 class=\"wp-block-heading\"><strong><span class=\"has-inline-color has-black-color\">3-: <strong><strong>Can you explain to us more in details what are your projects about<\/strong><\/strong><\/span><\/strong><span class=\"has-inline-color has-black-color\"><strong>and why are you doing what you're doing ?<\/strong><\/span><\/h3>\n\n\n\n<p><\/p>\n\n\n\n<p class=\"has-text-align-justify\"><em>&#8221; Par exemple en ce qui concerne l\u2019entreprise \u00e9ditoriale La d\u00e9l\u00e9gation des si\u00e8cles, l\u2019id\u00e9e consiste exactement \u00e0 \u00abrefaire des esprits fran\u00e7ais\u00bb. Nos contemporains ont \u00e9t\u00e9 lessiv\u00e9s par des d\u00e9cennies d\u2019\u00c9ducation nationale politis\u00e9e qui n\u2019a pas travaill\u00e9 \u00e0 consolider leur conscience fran\u00e7aise. Au contraire il s\u2019est agit depuis longtemps de faire des \u00e9coliers fran\u00e7ais des citoyens du monde, d\u00e9racin\u00e9s, en leur faisant croire que le destin de telle peuplade \u00e0 l\u2019autre bout du monde devait les concerner autant, sinon plus que le sort de leur propre pays. \u00c0 cette propagande s\u2019est ajout\u00e9e l\u2019\u00e9norme agitation m\u00e9diatique qui a achev\u00e9 de transformer notre pays en troupeau de moutons consommateurs, ignorants tout d\u2019eux-m\u00eames et int\u00e9ress\u00e9s seulement par les modes \u00ab&nbsp;musicales&nbsp;\u00bb et vestimentaires. Pour parvenir \u00e0 installer cette horrible jonction entre la culture MTV et l\u2019id\u00e9ologie Benetton, il a \u00e9t\u00e9 n\u00e9cessaire pour eux de d\u00e9truire, d\u2019effacer, de ringardiser, d\u2019anath\u00e9matiser tout ce qui \u00e9tait susceptible d\u2019int\u00e9resser les Fran\u00e7ais \u00e0 leur propre identit\u00e9. \u00c0 La d\u00e9l\u00e9gation des si\u00e8cles et \u00e0 Radio Ath\u00e9na, nous travaillons \u00e0 corriger le tir en remettant dans les mains de nos contemporains les livres et les auteurs qui malheureusement n\u2019y sont plus, afin pr\u00e9cis\u00e9ment qu\u2019ils renouent, qu\u2019ils se r\u00e9concilient avec ce qu\u2019ils sont. Nous sommes donc dans une d\u00e9marche de r\u00e9appropriation d\u2019un patrimoine que l\u2019on nous a appris \u00e0 ignorer, voire \u00e0 combattre. &#8220;<\/em><\/p>\n\n\n\n<p><\/p>\n\n\n\n<h3 class=\"wp-block-heading\"><strong><span class=\"has-inline-color has-black-color\">4-: <\/span><\/strong><span class=\"has-inline-color has-black-color\"><strong>What are your main sources of inspiration ? Who or what have had a big influence on you ?<\/strong><\/span><\/h3>\n\n\n\n<p><\/p>\n\n\n\n<p class=\"has-text-align-justify\"><em>&#8221; Ma principale source d\u2019inspiration et m\u00eame de motivation s\u2019appelle le sens du devoir. Je sens, je sais que je suis redevable, que je dois \u00e0 mes parents, qui le doivent aux leurs, d\u2019\u00eatre quelqu\u2019un, d\u2019\u00eatre l\u2019h\u00e9ritier d\u2019une culture, d\u2019une civilisation, d\u2019un pays, d\u2019habitudes et de m\u0153urs. Je refuse d\u2019\u00eatre le simple consommateur \u00e9go\u00efste d\u2019un patrimoine b\u00e2ti par tellement d\u2019anciens, par tellement de g\u00e9n\u00e9rations besogneuses et m\u00e9ritantes, un patrimoine dont je profiterais de l\u2019essence sans me soucier ni d\u2019o\u00f9 il vient ni des enfants \u00e0 qui nous devons le transmettre. Je refuse d\u2019\u00eatre cet \u00e9go\u00efste individualiste, \u00e0 la fois nihiliste et h\u00e9doniste que l\u2019\u00e9poque me commande d\u2019\u00eatre. Je porte une charge avec fiert\u00e9, et mon honneur, mon devoir, le sens de ma vie est d\u2019\u00eatre \u00e0 la hauteur de cet h\u00e9ritage en le transmettant le plus conforme \u00e0 ce qu\u2019il \u00e9tait lorsque je l\u2019ai re\u00e7u. Je puise donc mon inspiration dans l\u2019exemple de mes pr\u00e9d\u00e9cesseurs, sans qui je ne suis rien.&#8221;<\/em><\/p>\n\n\n\n<p class=\"has-text-align-justify\"><\/p>\n\n\n\n<h3 class=\"wp-block-heading\"><span class=\"has-inline-color has-black-color\"><strong>5-: Qu&#8217;est-ce que le conservatisme selon vous ? Et pensez-vous qu&#8217;il est important aujourd&#8217;hui ?<\/strong><\/span><\/h3>\n\n\n\n<p><\/p>\n\n\n\n<p class=\"has-text-align-justify\"><em>&#8221; Barr\u00e8s parlait du nationalisme comme de \u00ab&nbsp;l\u2019acceptation d\u2019un d\u00e9terminisme&nbsp;\u00bb. Depuis des milliers d\u2019ann\u00e9es, les hommes avaient conscience d\u2019\u00eatre un maillon dans la longue continuation des g\u00e9n\u00e9rations. Il s\u2019agissait de perp\u00e9tuer une \u0153uvre. De nos jours, les hommes s\u2019imaginent pouvoir s\u2019extraire de tous les d\u00e9terminismes de leur naissance, par id\u00e9ologie, par r\u00e9volte, par caprice, par fiert\u00e9. Beaucoup vont jusqu\u2019\u00e0 devenir autre chose que ce qu\u2019ils sont naturellement. Ils changent de pays, de religion, de culture, d\u2019habitudes, de sexe aussi maintenant. Je ne comprends pas que l\u2019on puisse y voir un progr\u00e8s. Personnellement, lorsque je vois quelqu\u2019un d\u00e9molir une cath\u00e9drale pierre par pierre, je n\u2019y vois pas un progr\u00e8s ni rien de positif&nbsp;: je vois un type qui d\u00e9truit, qui d\u00e9tricote, qui abolit un h\u00e9ritage, qui fait \u0153uvre de destruction.<\/em><\/p>\n\n\n\n<p class=\"has-text-align-justify\"><em>Alors pour r\u00e9pondre \u00e0 votre question, ce que j\u2019appelle le \u00ab&nbsp;conservatisme&nbsp;\u00bb (m\u00eame si ce n\u2019est pas le mot que j\u2019utiliserais), c\u2019est emp\u00eacher qu\u2019un cuistre vienne d\u00e9molir mon \u00e9glise, mon village, mes habitudes h\u00e9rit\u00e9es, ma culture, etc. Le \u00ab&nbsp;conservateur&nbsp;\u00bb dans ce cas est un gardien.&#8221;<\/em><\/p>\n\n\n\n<p class=\"has-text-align-justify\"><\/p>\n\n\n\n<h3 class=\"wp-block-heading\"><span class=\"has-inline-color has-black-color\"><strong>6-: Que pensez-vous du contexte actuel de la soci\u00e9t\u00e9 en Europe ? Et \u00e0 l&#8217;\u00e9chelle du monde ?<\/strong><\/span><\/h3>\n\n\n\n<p><\/p>\n\n\n\n<p class=\"has-text-align-justify\"><em>&#8220;Nous sommes \u00e0 un moment particulier de notre histoire o\u00f9, contrairement aux g\u00e9n\u00e9rations pass\u00e9es qui travaillaient \u00e0 transmettre quelque chose \u00e0 leurs enfants, nous autres nous ne savons pas s\u2019il restera quelque chose \u00e0 transmettre. Un immense mouvement iconoclaste, r\u00e9volutionnaire et capricieux, est en train, en quelques ann\u00e9es seulement, d\u2019abattre des si\u00e8cles d\u2019habitudes. La facilit\u00e9 avec laquelle nos contemporains acceptent de se renier est proprement hallucinante, il faut parfois se pincer pour v\u00e9rifier que l\u2019on n\u2019est pas dans un cauchemar. Et il est \u00e9vident que rien de tout cela n\u2019arrive pas hasard&nbsp;: des gens sont \u00e0 la man\u0153uvre qui encouragent, financent et provoquent ces \u00e9v\u00e9nements dans un but id\u00e9ologique. Ils ont pour le moment toutes les cartes en main pour r\u00e9ussir, malheureusement. Dans ce climat surr\u00e9aliste et \u00e9touffant, nous autres sur qui la lobotomie n\u2019a pas fonctionn\u00e9e sommes en quelque sorte des survivants.<\/em><\/p>\n\n\n\n<p class=\"has-text-align-justify\"><em>La situation est \u00e0 la fois explosive et contr\u00f4l\u00e9e. En ce sens que les \u00e9l\u00e9ments capables de provoquer une r\u00e9action (\u00e9meutes, r\u00e9voltes, s\u00e9cession, etc.) sont l\u00e0, mais en face le pouvoir, les m\u00e9dias, les sc\u00e9naristes de ce monde parviennent pour le moment \u00e0 en contr\u00f4ler l\u2019\u00e9bullition par une savante ma\u00eetrise de l\u2019ing\u00e9nierie sociale. Combien de temps une telle situation peut durer avant d\u2019exploser, et peut-elle exploser d\u2019ailleurs&nbsp;? Impossible de r\u00e9pondre \u00e0 ces questions. Nous devons travailler \u00e0 une reprise en main de notre destin, entre autres pour \u00e9viter une issue violente.&#8221;<\/em><\/p>\n\n\n\n<p><\/p>\n\n\n\n<h3 class=\"wp-block-heading\"><span class=\"has-inline-color has-black-color\"><strong>7-: Si vous deviez donner 5 \u00e9l\u00e9ments sur lesquels tout Fran\u00e7ais ou Europ\u00e9en devrait s\u00e9rieusement travailler au niveau individuel, lesquels seraient-ils ?<\/strong><\/span><\/h3>\n\n\n\n<p><\/p>\n\n\n\n<p class=\"has-text-align-justify\"><em>&#8221; 1. B\u00e2tir un foyer fran\u00e7ais. C\u2019est-\u00e0-dire s\u2019\u00e9tablir dans un m\u00e9tier, fonder une famille et faire des enfants que l\u2019on \u00e9duquera de la meilleure mani\u00e8re possible.<\/em><\/p>\n\n\n\n<p class=\"has-text-align-justify\"><em>2. Prendre ses distances avec le vacarme m\u00e9diatique et politique. Ce qui implique de r\u00e9duire son temps d\u2019exposition aux m\u00e9dias, refuser la dictature des r\u00e9seaux sociaux, rejeter les nouvelles modes id\u00e9ologiques. Bien prendre conscience que la plupart des agitateurs qui pr\u00e9tendent apporter des solutions font en r\u00e9alit\u00e9 partie du probl\u00e8me.<\/em><\/p>\n\n\n\n<p class=\"has-text-align-justify\"><em>3. Se r\u00e9approprier sa culture. Lire des livres, visiter des lieux historiques, arpenter les rues de nos villages, discuter avec les anciens, faire son arbre g\u00e9n\u00e9alogique, s\u2019int\u00e9resser aux traditions populaires et les perp\u00e9tuer. Renouer avec la religion catholique, oser pousser la porte d\u2019une \u00e9glise, chercher la foi ou la prot\u00e9ger lorsqu\u2019on l\u2019a d\u00e9j\u00e0.<\/em><\/p>\n\n\n\n<p class=\"has-text-align-justify\"><em>4. D\u00e9velopper son courage. Le courage de dire non aux pers\u00e9cuteurs et aux lubies de l\u2019\u00e9poque. C\u2019est-\u00e0-dire travailler \u00e0 se construire une solidit\u00e9 intellectuelle, morale, mentale et nerveuse. Ce n\u2019est pas parce que douze adolescentes \u00e0 cheveux violets disent sur Twitter que la transphobie est un crime qu\u2019il faut les croire.<\/em><\/p>\n\n\n\n<p class=\"has-text-align-justify\"><em>5. Retrouver le plaisir d\u2019\u00eatre Fran\u00e7ais. Car nous oublions trop souvent qu\u2019\u00eatre Fran\u00e7ais est \u00e9galement un bonheur, une chance, un plaisir tout simplement. Se retourner sur quinze si\u00e8cles et admirer l\u2019\u0153uvre de nos anciens, se dire que l\u2019on est la continuation de ce lignage glorieux, c\u2019est une charge \u00e9videmment mais cela doit aussi \u00eatre un plaisir, un bonheur, une joie quotidienne. Je suis fier d\u2019\u00eatre Fran\u00e7ais, ce qui implique que j\u2019ai plaisir \u00e0 l\u2019\u00eatre.&#8221;<\/em><\/p>\n\n\n\n<p><\/p>\n\n\n\n<h3 class=\"wp-block-heading\"><span class=\"has-inline-color has-black-color\"><strong>8-: Pouvez-vous nous partager votre ressenti sur la jeunesse d&#8217;aujourd&#8217;hui ?<\/strong><\/span><\/h3>\n\n\n\n<p><\/p>\n\n\n\n<p class=\"has-text-align-justify\"><em>&#8221; Je n\u2019ai malheureusement pas un avis tr\u00e8s favorable sur elle. Tout a \u00e9t\u00e9 fait pour qu\u2019elle perde son sens critique, son intelligence individuelle et collective, et h\u00e9las l\u2019objectif a \u00e9t\u00e9 atteint dans une large mesure. Il reste des ilots de r\u00e9sistance mais la pression sociale est grande, surtout \u00e0 l\u2019\u00e8re des r\u00e9seaux sociaux. Dans ce contexte, un jeune qui continue de revendiquer son identit\u00e9 n\u2019est pas seulement un jeune courageux et audacieux, il est un h\u00e9ros. R\u00e9sister \u00e0 cette pression lorsque l\u2019on a 20 ans, c\u2019est h\u00e9ro\u00efque. Or, comme \u00e0 tous les temps, les h\u00e9ros sont toujours une minorit\u00e9. Je ne suis pas optimiste pour la suite, h\u00e9las, mais je travaille pour que les faits \u00e0 venir me donnent tort\u201d.<\/em><\/p>\n\n\n\n<p class=\"has-text-align-justify\"><\/p>\n\n\n\n<h3 class=\"wp-block-heading\"><span class=\"has-inline-color has-black-color\"><strong>9-: Quels sont les principaux dangers qui menacent la civilisation europ\u00e9enne selon vous ?<\/strong><\/span><\/h3>\n\n\n\n<p><\/p>\n\n\n\n<p class=\"has-text-align-justify\"><em>&#8221; In\u00e9vitablement le Grand remplacement. Une civilisation n\u2019est pas seulement un corpus de conventions sociales partag\u00e9es par des gens dont le seul point commun serait de vivre au m\u00eame endroit. Une civilisation est tout cela circonscrit dans une identit\u00e9 fond\u00e9e par l\u2019h\u00e9r\u00e9dit\u00e9. Je ne deviendrais pas s\u00e9n\u00e9galais demain si je m\u2019inscris subitement dans un club de lutte s\u00e9n\u00e9galaise et que j\u2019ajoute le Poulet Yassa dans mon alimentation. Je dois citer Barr\u00e8s&nbsp;:<\/em><\/p>\n\n\n\n<p class=\"has-text-align-justify\"><em>\u00ab&nbsp;Pour nous, la patrie est avant tout une terre et une entente avec ceux qui nous engendr\u00e8rent selon la chair&nbsp;\u00bb.<\/em><\/p>\n\n\n\n<p class=\"has-text-align-justify\"><em>Autrement dit, si nous sommes grand-remplac\u00e9s un jour, peu importe que ce pays s\u2019appelle encore la France, car ce ne serait plus la France. La menace est aussi int\u00e9rieure, c\u2019est le renoncement. Le renoncement est m\u00eame la porte par laquelle toutes les autres menaces peuvent entrer. Nous devons refuser la politique du renoncement, de la repentance, de la n\u00e9gation, de l\u2019affaiblissement. Nous devons nous r\u00e9concilier avec le spirituel et les myst\u00e8res, cesser de nous contenter d\u2019\u00eatre un amas cellulaire errant sans autre but que la consommation et la jouissance du moment.&#8221;<\/em><\/p>\n\n\n\n<p><\/p>\n\n\n\n<h3 class=\"wp-block-heading\"><span class=\"has-inline-color has-black-color\"><strong>10-: Quels sont les principaux espoirs et leviers qui permettraient de surpasser ces menaces ?<\/strong><\/span><\/h3>\n\n\n\n<p><\/p>\n\n\n\n<p class=\"has-text-align-justify\"><em>&#8221; <\/em>Tout ce que j\u2019ai dit plus haut, pour commencer.&#8221;<\/p>\n\n\n\n<p class=\"has-text-align-justify\"><\/p>\n\n\n\n<h3 class=\"wp-block-heading\"><span class=\"has-inline-color has-black-color\"><strong>11-: Quels sont les personnalit\u00e9s, auteurs, initiatives ou organisations qui paraissent dignes d&#8217;int\u00e9r\u00eat aujourd&#8217;hui selon vous ?<\/strong><\/span><\/h3>\n\n\n\n<p><\/p>\n\n\n\n<p class=\"has-text-align-justify\"><em>&#8221; Dans des styles tr\u00e8s variables, il y a par exemple cette nouvelle g\u00e9n\u00e9ration de cr\u00e9ateurs de contenus sur Internet qui contribue \u00e0 administrer \u00e0 nos contemporains l\u2019\u00e9lectrochoc dont ils sont besoin pour se viriliser mentalement&nbsp;: Papacito, Baptiste Marchais, sportif de haut niveau qui assume d\u2019\u00eatre un gaulois r\u00e9fractaire imperm\u00e9able \u00e0 la propagande progressiste, le collectif qui gravite autour du sculpteur Missor (plusieurs cha\u00eenes YouTube, notamment Barbare civilis\u00e9, Florent Tavernier), Virginie Vota, Radio Ath\u00e9na \u00e9videmment. Il y a beaucoup d\u2019autres gens. Par exemple Laurent Obertone, Sud Radio qui a montr\u00e9 un immense courage depuis le d\u00e9but de la dictature sanitaire, Valeurs actuelles qui essaie timidement de ne pas courber l\u2019\u00e9chine.&#8221;<\/em><\/p>\n\n\n\n<p><\/p>\n\n\n\n<h3 class=\"wp-block-heading\"><span class=\"has-inline-color has-black-color\"><strong>12-: Pouvez-vous nous donner un livre, un film et une musique, qui selon vous vous repr\u00e9sente, ou auquel vous tenez ?<\/strong><\/span><\/h3>\n\n\n\n<p><\/p>\n\n\n\n<p class=\"has-text-align-justify\"><em>&#8221; Le Grand Meaulnes, d\u2019Alain-Fournier. Je me reconnais autant dans l\u2019introversion de Fran\u00e7ois Seurel qui est plut\u00f4t un contemplatif qui r\u00eave d\u2019aventures, que dans Augustin Meaulnes qui est un aventurier qui r\u00eave de contemplation. Ces deux personnages sont deux aspects de la personnalit\u00e9 d\u2019Alain-Fournier, ce qui explique que je me sente aussi proche de lui, jusqu\u2019\u00e0 lui vouer une sorte de culte.<\/em><\/p>\n\n\n\n<p class=\"has-text-align-justify\"><em>C\u00f4t\u00e9 film, Le fabuleux destin d\u2019Am\u00e9lie Poulain, de Jean-Pierre Jeunet, me para\u00eet excellent. Nostalgique et m\u00e9lancolique, r\u00eaveur et id\u00e9aliste, comme je le suis. Qui plus est, ce film est une merveille visuelle, un plaisir de chaque seconde pour les yeux et pour le c\u0153ur. Et pour les oreilles, gr\u00e2ce \u00e0 une bande originale elle-m\u00eame de premi\u00e8re facture.&#8221;<\/em><\/p>\n\n\n\n<p><\/p>\n\n\n\n<h3 class=\"wp-block-heading\"><span class=\"has-inline-color has-black-color\"><strong>13-:<\/strong> <strong>What do you think you can bring to someone who is just discovering you?<\/strong><\/span><\/h3>\n\n\n\n<p><\/p>\n\n\n\n<p class=\"has-text-align-justify\"><em>&#8221; J\u2019oriente beaucoup ma communication sur les \u0153uvres litt\u00e9raires que je fr\u00e9quente, et je t\u00e2che de transmettre ce go\u00fbt autour de moi. J\u2019ai la chance d\u2019avoir eu la possibilit\u00e9 de beaucoup lire, de d\u00e9couvrir des auteurs oubli\u00e9s et d\u2019en avoir con\u00e7u un formidable outil de construction et de consolidation d\u2019une pens\u00e9e au service de mon pays. Mon objectif est que cette chance soit partag\u00e9e avec d\u2019autres. Lorsque je re\u00e7ois un message dans lequel une personne me dit avoir d\u00e9couvert tel livre, tel auteur ou tel site historique gr\u00e2ce \u00e0 moi, j\u2019estime avoir rempli ma mission. Voil\u00e0 donc ce que je peux, en tout cas ce que j\u2019essaie d\u2019apporter \u00e0 quelqu\u2019un qui s\u2019int\u00e9resse \u00e0 mes activit\u00e9s.&#8221;<\/em><\/p>\n\n\n\n<p><\/p>\n\n\n\n<h3 class=\"wp-block-heading\"><span class=\"has-inline-color has-black-color\"><strong>14-: Quels sont vos projets \u00e0 l&#8217;avenir ? Dans les prochaines semaines et mois, \u00e0 court terme, mais \u00e9galement votre vision \u00e0 long terme ?<\/strong><\/span><\/h3>\n\n\n\n<p><\/p>\n\n\n\n<p class=\"has-text-align-justify\"><em>&#8221; Je continue d\u2019\u00e9crire, je souhaite publier des nouvelles et des romans. Et je travaille au d\u00e9veloppement de La d\u00e9l\u00e9gation des si\u00e8cles, qui est v\u00e9ritablement l\u2019application grandeur nature de ce que je consid\u00e8re \u00eatre la mission d\u2019un Fran\u00e7ais conscient et engag\u00e9&nbsp;: la mission de transmettre les outils qui disent \u00e0 nos contemporains ce qu\u2019ils sont.&#8221;<\/em><\/p>\n\n\n\n<p><\/p>\n\n\n\n<h3 class=\"wp-block-heading\"><span class=\"has-inline-color has-black-color\"><strong>15-: <strong>O\u00f9 peut-on vous suivre ? Sur quel m\u00e9dia ou r\u00e9seau \u00eates-vous le plus actif ?<\/strong><\/strong><\/span><\/h3>\n\n\n\n<p><\/p>\n\n\n\n<p class=\"has-text-align-justify\"><em>&#8220;Je publie des billets presque quotidiennement sur Facebook (Jonathan Sturel), et je suis pr\u00e9sent \u00e9galement sur Telegram ( <a href=\"https:\/\/t.me\/JonathanSturel\">https:\/\/t.me\/JonathanSturel<\/a> ). J\u2019interviens aussi r\u00e9guli\u00e8rement sur Radio Ath\u00e9na, donc.&#8221;<\/em><\/p>\n\n\n\n<p><\/p>\n\n\n\n<h3 class=\"wp-block-heading\"><span class=\"has-inline-color has-black-color\"><strong>17-: <strong>Un mot pour la fin ?<\/strong><\/strong><\/span><\/h3>\n\n\n\n<p><\/p>\n\n\n\n<p class=\"has-text-align-justify\"><em>&#8220;On ne peut pas subir et lutter en m\u00eame temps. Alors luttons pour ne pas subir.&#8221;<\/em><\/p>\n\n\n\n<p><\/p>\n\n\n\n<p><\/p>\n\n\n\n<p><\/p>\n\n\n\n<p><\/p>","protected":false},"excerpt":{"rendered":"<p>1- Pour nos lecteurs qui ne vous connaissent pas encore, pr\u00e9sentez-vous. &#8221; Je suis un Fran\u00e7ais qui a la chance [&hellip;]<\/p>","protected":false},"author":1,"featured_media":11919,"comment_status":"open","ping_status":"open","sticky":false,"template":"","format":"standard","meta":{"_et_pb_use_builder":"off","_et_pb_old_content":"","_et_gb_content_width":"","_exactmetrics_skip_tracking":false,"_exactmetrics_sitenote_active":false,"_exactmetrics_sitenote_note":"","_exactmetrics_sitenote_category":0,"footnotes":""},"categories":[21],"tags":[22,251,252],"yoast_head":"<!-- This site is optimized with the Yoast SEO plugin v22.3 - https:\/\/yoast.com\/wordpress\/plugins\/seo\/ -->\n<title>Interview TCE #19 - Jonathan Sturel - The Conservative Enthusiast<\/title>\n<meta name=\"description\" content=\"\u27bd Interview de Jonathan Sturel sur The Conservative Enthusiast : La plateforme de partage et d&#039;apprentissage des conservateurs.\" \/>\n<meta name=\"robots\" content=\"index, follow, max-snippet:-1, max-image-preview:large, max-video-preview:-1\" \/>\n<link rel=\"canonical\" href=\"https:\/\/conservativenthusiast.com\/en\/interview-tce-19-jonathan-sturel\/\" \/>\n<meta property=\"og:locale\" content=\"en_GB\" \/>\n<meta property=\"og:type\" content=\"article\" \/>\n<meta property=\"og:title\" content=\"Interview TCE #19 - Jonathan Sturel - The Conservative Enthusiast\" \/>\n<meta property=\"og:description\" content=\"\u27bd Interview de Jonathan Sturel sur The Conservative Enthusiast : La plateforme de partage et d&#039;apprentissage des conservateurs.\" \/>\n<meta property=\"og:url\" content=\"https:\/\/conservativenthusiast.com\/en\/interview-tce-19-jonathan-sturel\/\" \/>\n<meta property=\"og:site_name\" content=\"The Conservative Enthusiast\" \/>\n<meta property=\"article:published_time\" content=\"2021-05-08T10:00:00+00:00\" \/>\n<meta property=\"article:modified_time\" content=\"2021-05-09T14:58:14+00:00\" \/>\n<meta property=\"og:image\" content=\"https:\/\/conservativenthusiast.com\/wp-content\/uploads\/2021\/02\/JonathanSturel.jpg\" \/>\n\t<meta property=\"og:image:width\" content=\"861\" \/>\n\t<meta property=\"og:image:height\" content=\"820\" \/>\n\t<meta property=\"og:image:type\" content=\"image\/jpeg\" \/>\n<meta name=\"author\" content=\"Alexis.L\" \/>\n<meta name=\"twitter:card\" content=\"summary_large_image\" \/>\n<meta name=\"twitter:label1\" content=\"Written by\" \/>\n\t<meta name=\"twitter:data1\" content=\"Alexis.L\" \/>\n\t<meta name=\"twitter:label2\" content=\"Estimated reading time\" \/>\n\t<meta name=\"twitter:data2\" content=\"11 minutes\" \/>\n<script type=\"application\/ld+json\" class=\"yoast-schema-graph\">{\"@context\":\"https:\/\/schema.org\",\"@graph\":[{\"@type\":\"Article\",\"@id\":\"https:\/\/conservativenthusiast.com\/interview-tce-19-jonathan-sturel\/#article\",\"isPartOf\":{\"@id\":\"https:\/\/conservativenthusiast.com\/interview-tce-19-jonathan-sturel\/\"},\"author\":{\"name\":\"Alexis.L\",\"@id\":\"https:\/\/conservativenthusiast.com\/#\/schema\/person\/3edd83a60aed483f95ebc876aeac7feb\"},\"headline\":\"Interview TCE #19 &#8211; Jonathan Sturel\",\"datePublished\":\"2021-05-08T10:00:00+00:00\",\"dateModified\":\"2021-05-09T14:58:14+00:00\",\"mainEntityOfPage\":{\"@id\":\"https:\/\/conservativenthusiast.com\/interview-tce-19-jonathan-sturel\/\"},\"wordCount\":2820,\"commentCount\":0,\"publisher\":{\"@id\":\"https:\/\/conservativenthusiast.com\/#organization\"},\"image\":{\"@id\":\"https:\/\/conservativenthusiast.com\/interview-tce-19-jonathan-sturel\/#primaryimage\"},\"thumbnailUrl\":\"https:\/\/conservativenthusiast.com\/wp-content\/uploads\/2021\/02\/JonathanSturel.jpg\",\"keywords\":[\"Interview\",\"Jonathan Sturel\",\"Sturel Jonathan\"],\"articleSection\":[\"Interviews\"],\"inLanguage\":\"en-GB\",\"potentialAction\":[{\"@type\":\"CommentAction\",\"name\":\"Comment\",\"target\":[\"https:\/\/conservativenthusiast.com\/interview-tce-19-jonathan-sturel\/#respond\"]}]},{\"@type\":\"WebPage\",\"@id\":\"https:\/\/conservativenthusiast.com\/interview-tce-19-jonathan-sturel\/\",\"url\":\"https:\/\/conservativenthusiast.com\/interview-tce-19-jonathan-sturel\/\",\"name\":\"Interview TCE #19 - Jonathan Sturel - The Conservative Enthusiast\",\"isPartOf\":{\"@id\":\"https:\/\/conservativenthusiast.com\/#website\"},\"primaryImageOfPage\":{\"@id\":\"https:\/\/conservativenthusiast.com\/interview-tce-19-jonathan-sturel\/#primaryimage\"},\"image\":{\"@id\":\"https:\/\/conservativenthusiast.com\/interview-tce-19-jonathan-sturel\/#primaryimage\"},\"thumbnailUrl\":\"https:\/\/conservativenthusiast.com\/wp-content\/uploads\/2021\/02\/JonathanSturel.jpg\",\"datePublished\":\"2021-05-08T10:00:00+00:00\",\"dateModified\":\"2021-05-09T14:58:14+00:00\",\"description\":\"\u27bd Interview de Jonathan Sturel sur The Conservative Enthusiast : La plateforme de partage et d'apprentissage des conservateurs.\",\"breadcrumb\":{\"@id\":\"https:\/\/conservativenthusiast.com\/interview-tce-19-jonathan-sturel\/#breadcrumb\"},\"inLanguage\":\"en-GB\",\"potentialAction\":[{\"@type\":\"ReadAction\",\"target\":[\"https:\/\/conservativenthusiast.com\/interview-tce-19-jonathan-sturel\/\"]}]},{\"@type\":\"ImageObject\",\"inLanguage\":\"en-GB\",\"@id\":\"https:\/\/conservativenthusiast.com\/interview-tce-19-jonathan-sturel\/#primaryimage\",\"url\":\"https:\/\/conservativenthusiast.com\/wp-content\/uploads\/2021\/02\/JonathanSturel.jpg\",\"contentUrl\":\"https:\/\/conservativenthusiast.com\/wp-content\/uploads\/2021\/02\/JonathanSturel.jpg\",\"width\":861,\"height\":820},{\"@type\":\"BreadcrumbList\",\"@id\":\"https:\/\/conservativenthusiast.com\/interview-tce-19-jonathan-sturel\/#breadcrumb\",\"itemListElement\":[{\"@type\":\"ListItem\",\"position\":1,\"name\":\"Accueil\",\"item\":\"https:\/\/conservativenthusiast.com\/\"},{\"@type\":\"ListItem\",\"position\":2,\"name\":\"Interview TCE #19 &#8211; Jonathan Sturel\"}]},{\"@type\":\"WebSite\",\"@id\":\"https:\/\/conservativenthusiast.com\/#website\",\"url\":\"https:\/\/conservativenthusiast.com\/\",\"name\":\"The Conservative Enthusiast\",\"description\":\"La plateforme de r\u00e9information, de partage et d&#039;apprentissage des conservateurs.\",\"publisher\":{\"@id\":\"https:\/\/conservativenthusiast.com\/#organization\"},\"potentialAction\":[{\"@type\":\"SearchAction\",\"target\":{\"@type\":\"EntryPoint\",\"urlTemplate\":\"https:\/\/conservativenthusiast.com\/?s={search_term_string}\"},\"query-input\":\"required name=search_term_string\"}],\"inLanguage\":\"en-GB\"},{\"@type\":\"Organization\",\"@id\":\"https:\/\/conservativenthusiast.com\/#organization\",\"name\":\"The Conservative Enthusiast\",\"url\":\"https:\/\/conservativenthusiast.com\/\",\"logo\":{\"@type\":\"ImageObject\",\"inLanguage\":\"en-GB\",\"@id\":\"https:\/\/conservativenthusiast.com\/#\/schema\/logo\/image\/\",\"url\":\"https:\/\/i0.wp.com\/conservativeenthusiast.com\/wp-content\/uploads\/2020\/06\/LOGO-CE-MINI.png?fit=3867%2C1180&ssl=1\",\"contentUrl\":\"https:\/\/i0.wp.com\/conservativeenthusiast.com\/wp-content\/uploads\/2020\/06\/LOGO-CE-MINI.png?fit=3867%2C1180&ssl=1\",\"width\":3867,\"height\":1180,\"caption\":\"The Conservative Enthusiast\"},\"image\":{\"@id\":\"https:\/\/conservativenthusiast.com\/#\/schema\/logo\/image\/\"}},{\"@type\":\"Person\",\"@id\":\"https:\/\/conservativenthusiast.com\/#\/schema\/person\/3edd83a60aed483f95ebc876aeac7feb\",\"name\":\"Alexis.L\",\"image\":{\"@type\":\"ImageObject\",\"inLanguage\":\"en-GB\",\"@id\":\"https:\/\/conservativenthusiast.com\/#\/schema\/person\/image\/\",\"url\":\"https:\/\/secure.gravatar.com\/avatar\/e276145ad3a64170e9c68564bb9e4280?s=96&d=mm&r=g\",\"contentUrl\":\"https:\/\/secure.gravatar.com\/avatar\/e276145ad3a64170e9c68564bb9e4280?s=96&d=mm&r=g\",\"caption\":\"Alexis.L\"},\"description\":\"Si vous appr\u00e9ciez les articles de ce r\u00e9dacteur et que vous souhaitez en d\u00e9couvrir davantage sur lui ou ses \u00e9crits, vous pouvez consulter tous ses articles en cliquant sur son pseudo ou en apprendre plus sur notre page \\\"Notre \u00e9quipe\\\". Vous pouvez \u00e9galement le suivre sur ses diff\u00e9rents r\u00e9seaux sociaux ci-dessous.\",\"url\":\"https:\/\/conservativenthusiast.com\/en\/author\/admin6171\/\"}]}<\/script>\n<!-- \/ Yoast SEO plugin. -->","yoast_head_json":{"title":"Interview TCE #19 - Jonathan Sturel - The Conservative Enthusiast","description":"\u27bd Interview de Jonathan Sturel sur The Conservative Enthusiast : La plateforme de partage et d'apprentissage des conservateurs.","robots":{"index":"index","follow":"follow","max-snippet":"max-snippet:-1","max-image-preview":"max-image-preview:large","max-video-preview":"max-video-preview:-1"},"canonical":"https:\/\/conservativenthusiast.com\/en\/interview-tce-19-jonathan-sturel\/","og_locale":"en_GB","og_type":"article","og_title":"Interview TCE #19 - Jonathan Sturel - The Conservative Enthusiast","og_description":"\u27bd Interview de Jonathan Sturel sur The Conservative Enthusiast : La plateforme de partage et d'apprentissage des conservateurs.","og_url":"https:\/\/conservativenthusiast.com\/en\/interview-tce-19-jonathan-sturel\/","og_site_name":"The Conservative Enthusiast","article_published_time":"2021-05-08T10:00:00+00:00","article_modified_time":"2021-05-09T14:58:14+00:00","og_image":[{"width":861,"height":820,"url":"https:\/\/conservativenthusiast.com\/wp-content\/uploads\/2021\/02\/JonathanSturel.jpg","type":"image\/jpeg"}],"author":"Alexis.L","twitter_card":"summary_large_image","twitter_misc":{"Written by":"Alexis.L","Estimated reading time":"11 minutes"},"schema":{"@context":"https:\/\/schema.org","@graph":[{"@type":"Article","@id":"https:\/\/conservativenthusiast.com\/interview-tce-19-jonathan-sturel\/#article","isPartOf":{"@id":"https:\/\/conservativenthusiast.com\/interview-tce-19-jonathan-sturel\/"},"author":{"name":"Alexis.L","@id":"https:\/\/conservativenthusiast.com\/#\/schema\/person\/3edd83a60aed483f95ebc876aeac7feb"},"headline":"Interview TCE #19 &#8211; Jonathan Sturel","datePublished":"2021-05-08T10:00:00+00:00","dateModified":"2021-05-09T14:58:14+00:00","mainEntityOfPage":{"@id":"https:\/\/conservativenthusiast.com\/interview-tce-19-jonathan-sturel\/"},"wordCount":2820,"commentCount":0,"publisher":{"@id":"https:\/\/conservativenthusiast.com\/#organization"},"image":{"@id":"https:\/\/conservativenthusiast.com\/interview-tce-19-jonathan-sturel\/#primaryimage"},"thumbnailUrl":"https:\/\/conservativenthusiast.com\/wp-content\/uploads\/2021\/02\/JonathanSturel.jpg","keywords":["Interview","Jonathan Sturel","Sturel Jonathan"],"articleSection":["Interviews"],"inLanguage":"en-GB","potentialAction":[{"@type":"CommentAction","name":"Comment","target":["https:\/\/conservativenthusiast.com\/interview-tce-19-jonathan-sturel\/#respond"]}]},{"@type":"WebPage","@id":"https:\/\/conservativenthusiast.com\/interview-tce-19-jonathan-sturel\/","url":"https:\/\/conservativenthusiast.com\/interview-tce-19-jonathan-sturel\/","name":"Interview TCE #19 - Jonathan Sturel - The Conservative Enthusiast","isPartOf":{"@id":"https:\/\/conservativenthusiast.com\/#website"},"primaryImageOfPage":{"@id":"https:\/\/conservativenthusiast.com\/interview-tce-19-jonathan-sturel\/#primaryimage"},"image":{"@id":"https:\/\/conservativenthusiast.com\/interview-tce-19-jonathan-sturel\/#primaryimage"},"thumbnailUrl":"https:\/\/conservativenthusiast.com\/wp-content\/uploads\/2021\/02\/JonathanSturel.jpg","datePublished":"2021-05-08T10:00:00+00:00","dateModified":"2021-05-09T14:58:14+00:00","description":"\u27bd Interview de Jonathan Sturel sur The Conservative Enthusiast : La plateforme de partage et d'apprentissage des conservateurs.","breadcrumb":{"@id":"https:\/\/conservativenthusiast.com\/interview-tce-19-jonathan-sturel\/#breadcrumb"},"inLanguage":"en-GB","potentialAction":[{"@type":"ReadAction","target":["https:\/\/conservativenthusiast.com\/interview-tce-19-jonathan-sturel\/"]}]},{"@type":"ImageObject","inLanguage":"en-GB","@id":"https:\/\/conservativenthusiast.com\/interview-tce-19-jonathan-sturel\/#primaryimage","url":"https:\/\/conservativenthusiast.com\/wp-content\/uploads\/2021\/02\/JonathanSturel.jpg","contentUrl":"https:\/\/conservativenthusiast.com\/wp-content\/uploads\/2021\/02\/JonathanSturel.jpg","width":861,"height":820},{"@type":"BreadcrumbList","@id":"https:\/\/conservativenthusiast.com\/interview-tce-19-jonathan-sturel\/#breadcrumb","itemListElement":[{"@type":"ListItem","position":1,"name":"Accueil","item":"https:\/\/conservativenthusiast.com\/"},{"@type":"ListItem","position":2,"name":"Interview TCE #19 &#8211; Jonathan Sturel"}]},{"@type":"WebSite","@id":"https:\/\/conservativenthusiast.com\/#website","url":"https:\/\/conservativenthusiast.com\/","name":"The Conservative Enthusiast","description":"La plateforme de r\u00e9information, de partage et d&#039;apprentissage des conservateurs.","publisher":{"@id":"https:\/\/conservativenthusiast.com\/#organization"},"potentialAction":[{"@type":"SearchAction","target":{"@type":"EntryPoint","urlTemplate":"https:\/\/conservativenthusiast.com\/?s={search_term_string}"},"query-input":"required name=search_term_string"}],"inLanguage":"en-GB"},{"@type":"Organization","@id":"https:\/\/conservativenthusiast.com\/#organization","name":"The Conservative Enthusiast","url":"https:\/\/conservativenthusiast.com\/","logo":{"@type":"ImageObject","inLanguage":"en-GB","@id":"https:\/\/conservativenthusiast.com\/#\/schema\/logo\/image\/","url":"https:\/\/i0.wp.com\/conservativeenthusiast.com\/wp-content\/uploads\/2020\/06\/LOGO-CE-MINI.png?fit=3867%2C1180&ssl=1","contentUrl":"https:\/\/i0.wp.com\/conservativeenthusiast.com\/wp-content\/uploads\/2020\/06\/LOGO-CE-MINI.png?fit=3867%2C1180&ssl=1","width":3867,"height":1180,"caption":"The Conservative Enthusiast"},"image":{"@id":"https:\/\/conservativenthusiast.com\/#\/schema\/logo\/image\/"}},{"@type":"Person","@id":"https:\/\/conservativenthusiast.com\/#\/schema\/person\/3edd83a60aed483f95ebc876aeac7feb","name":"Alexis.L","image":{"@type":"ImageObject","inLanguage":"en-GB","@id":"https:\/\/conservativenthusiast.com\/#\/schema\/person\/image\/","url":"https:\/\/secure.gravatar.com\/avatar\/e276145ad3a64170e9c68564bb9e4280?s=96&d=mm&r=g","contentUrl":"https:\/\/secure.gravatar.com\/avatar\/e276145ad3a64170e9c68564bb9e4280?s=96&d=mm&r=g","caption":"Alexis.L"},"description":"Si vous appr\u00e9ciez les articles de ce r\u00e9dacteur et que vous souhaitez en d\u00e9couvrir davantage sur lui ou ses \u00e9crits, vous pouvez consulter tous ses articles en cliquant sur son pseudo ou en apprendre plus sur notre page \"Notre \u00e9quipe\". Vous pouvez \u00e9galement le suivre sur ses diff\u00e9rents r\u00e9seaux sociaux ci-dessous.","url":"https:\/\/conservativenthusiast.com\/en\/author\/admin6171\/"}]}},"_links":{"self":[{"href":"https:\/\/conservativenthusiast.com\/en\/wp-json\/wp\/v2\/posts\/11918"}],"collection":[{"href":"https:\/\/conservativenthusiast.com\/en\/wp-json\/wp\/v2\/posts"}],"about":[{"href":"https:\/\/conservativenthusiast.com\/en\/wp-json\/wp\/v2\/types\/post"}],"author":[{"embeddable":true,"href":"https:\/\/conservativenthusiast.com\/en\/wp-json\/wp\/v2\/users\/1"}],"replies":[{"embeddable":true,"href":"https:\/\/conservativenthusiast.com\/en\/wp-json\/wp\/v2\/comments?post=11918"}],"version-history":[{"count":4,"href":"https:\/\/conservativenthusiast.com\/en\/wp-json\/wp\/v2\/posts\/11918\/revisions"}],"predecessor-version":[{"id":30490,"href":"https:\/\/conservativenthusiast.com\/en\/wp-json\/wp\/v2\/posts\/11918\/revisions\/30490"}],"wp:featuredmedia":[{"embeddable":true,"href":"https:\/\/conservativenthusiast.com\/en\/wp-json\/wp\/v2\/media\/11919"}],"wp:attachment":[{"href":"https:\/\/conservativenthusiast.com\/en\/wp-json\/wp\/v2\/media?parent=11918"}],"wp:term":[{"taxonomy":"category","embeddable":true,"href":"https:\/\/conservativenthusiast.com\/en\/wp-json\/wp\/v2\/categories?post=11918"},{"taxonomy":"post_tag","embeddable":true,"href":"https:\/\/conservativenthusiast.com\/en\/wp-json\/wp\/v2\/tags?post=11918"}],"curies":[{"name":"wp","href":"https:\/\/api.w.org\/{rel}","templated":true}]}}