{"id":11418,"date":"2021-02-06T12:00:00","date_gmt":"2021-02-06T11:00:00","guid":{"rendered":"https:\/\/conservativeenthusiast.com\/?p=11418"},"modified":"2021-02-05T16:59:03","modified_gmt":"2021-02-05T15:59:03","slug":"chronique-des-libertes-sacrifiees-3-la-grenouille-et-leau-bouillante","status":"publish","type":"post","link":"https:\/\/conservativenthusiast.com\/en\/chronique-des-libertes-sacrifiees-3-la-grenouille-et-leau-bouillante\/","title":{"rendered":"Chronique des libert\u00e9s sacrifi\u00e9es #3 : La grenouille et l&#8217;eau bouillante"},"content":{"rendered":"<figure class=\"wp-block-pullquote\"><blockquote><p><em>si Adam et Eve \u00e9taient projet\u00e9s avec force et fracas \u00e0 notre \u00e9poque, ils seraient consid\u00e9r\u00e9s comme des hors-la-loi pour exhibitionnisme et pour non port du masque&#8230;<\/em><\/p><\/blockquote><\/figure>\n\n\n\n<p><\/p>\n\n\n\n<p class=\"has-text-align-justify\">L&#8217;histoire qui est en train de se d\u00e9rouler devant nos yeux n&#8217;est autre que la vieille fable de la grenouille et de l&#8217;eau bouillante.<br>Mais oui vous la connaissez aussi, l&#8217;histoire de cette petite grenouille que l&#8217;on met dans une bassine d&#8217;eau que l&#8217;on chauffe peu \u00e0 peu, et qui finit par mourir \u00e9bouillant\u00e9e faute d&#8217;avoir su s&#8217;extirper du bain bouillant parce qu&#8217;elle s&#8217;\u00e9tait habitu\u00e9e \u00e0 ce qui la d\u00e9truisait \u00e0 petit feu. Il aurait suffi qu&#8217;elle soit projet\u00e9e dans cette eau \u00e0 moiti\u00e9 chauff\u00e9e pour qu&#8217;elle s&#8217;en \u00e9chappe \u00e0 toute allure.<br>Nous sommes la grenouille. Et pour une raison tr\u00e8s, trop, humaine il nous est plus confortable de nous adapter \u00e0 une d\u00e9gradation, m\u00eame critique, de notre environnement plut\u00f4t que de lutter pour en cr\u00e9er un nouveau, m\u00eame meilleur.<br>Cette histoire de la grenouille et de l&#8217;eau bouillante, c&#8217;est la strat\u00e9gie pr\u00e9f\u00e9r\u00e9e de nos dirigeants qui ont tr\u00e8s bien int\u00e9gr\u00e9 toute la puissance politique que contenait cette petite fable.<br>Ils l&#8217;associent \u00e0 la strat\u00e9gie du double discours. Comme par exemple, apr\u00e8s le premier confinement\u00a0: une partie du gouvernement nous assurait qu&#8217;il n&#8217;y aurait aucun reconfinement, tandis que les autres membres de ce m\u00eame gouvernement par m\u00e9dia interpos\u00e9 laissaient entendre que le reconfinement n&#8217;\u00e9tait pas impossible. R\u00e9sultat, aujourd&#8217;hui, le troisi\u00e8me reconfinement n&#8217;est plus une hypoth\u00e8se mais une certitude\u2026 C&#8217;est une vieille strat\u00e9gie utilis\u00e9e par les multinationales, proposer deux produits concurrents qui m\u00e8nent \u00e0 la m\u00eame source. Vous \u00eates gagnants \u00e0 tous les coups.<\/p>\n\n\n\n<p class=\"has-text-align-justify\">Pire, le cas du masque est tout \u00e0 fait repr\u00e9sentatif&nbsp;: d&#8217;abord consid\u00e9r\u00e9 comme inutile et m\u00eame interdit \u00e0 la vente, il devient ensuite conseill\u00e9 pour ceux qui le souhaitent, puis obligatoire dans les lieux ferm\u00e9s, puis dans les art\u00e8res principales des centres villes pour finalement \u00eatre impos\u00e9 partout, tout le temps, par les m\u00eames qui juraient de son inefficacit\u00e9 voire de son caract\u00e8re nuisible. Aujourd&#8217;hui, ceux qui refusent de se soumettre sont sanctionn\u00e9s.<br>La r\u00e9alit\u00e9 de 2021 c&#8217;est que si Adam et Eve \u00e9taient projet\u00e9s avec force et fracas \u00e0 notre \u00e9poque, ils seraient consid\u00e9r\u00e9s comme des hors-la-loi pour exhibitionnisme et pour non port du masque&#8230;<\/p>\n\n\n\n<p class=\"has-text-align-justify\">Et sans m\u00eame remonter \u00e0 la mythologie, revenons en 2019. Si un quidam vous avez annonc\u00e9 proph\u00e9tiquement que 2020 signifiait la mort de votre libert\u00e9, que le port du masque serait g\u00e9n\u00e9ralis\u00e9, que la population mondiale serait tomb\u00e9e dans une parano\u00efa digne d&#8217;un livre de science-fiction en craignant de se toucher, que vous seriez assign\u00e9 \u00e0 r\u00e9sidence en devant justifier de vos sorties, que le couvre-feu serait banalis\u00e9, que l&#8217;\u00e9conomie serait sacrifi\u00e9e, l&#8217;auriez-vous cru&nbsp;? N&#8217;aurait-il pas dit la moiti\u00e9 de son discours que nous l&#8217;aurions tous trait\u00e9 d&#8217;affreux complotiste. Moi le premier. Et s&#8217;il avait r\u00e9ussi \u00e0 nous convaincre malgr\u00e9 tout, nous nous serions dit \u00ab&nbsp;mais MOI je n&#8217;accepterais pas \u00e7a&nbsp;\u00bb et pourtant nous y voil\u00e0\u2026.<br>L&#8217;histoire de la grenouille et de l&#8217;eau bouillante est une strat\u00e9gie redoutable, bien plus que n&#8217;importe quelle strat\u00e9gie de choc. Ce totalitarisme mou est l&#8217;ennemi le plus redoutable qui soit, ne vous y trompez pas, il n&#8217;a de mollesse que son apparence, son principe actif est tout ce qu&#8217;il y a de plus f\u00e9roce. Il a en plus trouv\u00e9 dans la forme du virus l&#8217;ennemi id\u00e9al. Il est invisible, omniscient, il peut muter. Bref, un ennemi invincible qui permet de justifier toutes les actions en son nom.<\/p>\n\n\n\n<p class=\"has-text-align-justify\">Quelles que soient les ob\u00e9diences politiques, nous sommes presque tous d&#8217;accord pour dire que ce gouvernement agit comme un capitaine qui a perdu la barre au milieu d&#8217;une temp\u00eate. Je pense pourtant que c&#8217;est un mauvais calcul, pour nous, de pr\u00e9supposer de l&#8217;incomp\u00e9tence gouvernementale (m\u00eame si cela s&#8217;av\u00e9rait exact). Car en concluant \u00e0 l&#8217;incomp\u00e9tence, on se laisse prendre au jeu de dupe. Comme je le disais, je crois au contraire \u00e0 la mise en application d&#8217;un plan tr\u00e8s clair du double discours. Et pour s&#8217;en convaincre, il ne faut pas \u00e9couter les discours mais voir la mise en place m\u00e9thodique du pi\u00e8ge qui se referme sur nos libert\u00e9s. Libert\u00e9 de d\u00e9placement. Libert\u00e9 de travailler. Libert\u00e9 de vivre. Libert\u00e9 de soin. Toutes ont \u00e9t\u00e9 balay\u00e9es d&#8217;un revers de main.<br>Avec en plus de cela un changement s\u00e9mantique du discours politique par l&#8217;infantilisation. Ils ont pris le pouvoir sur nos vies en nous consid\u00e9rant comme des enfants. Un jour nous sommes punis, l&#8217;autre nous sommes f\u00e9licit\u00e9s pour nos bons comportements, ce qui ne les emp\u00eachent pas d&#8217;ailleurs d&#8217;appliquer leurs mesures restrictives. C&#8217;est insupportable. Je refuse et nous devons tous refuser collectivement d&#8217;\u00eatre consid\u00e9r\u00e9s comme des enfants. Th\u00e9oriquement en d\u00e9mocratie, un politique est \u00e9lu pour servir le peuple, pas le dominer.<\/p>\n\n\n\n<p class=\"has-text-align-justify\">Cette strat\u00e9gie du double discours et des annonces progressives, tactique favorite de notre pr\u00e9sident, \u00e0 un double int\u00e9r\u00eat. Le premier, bien s\u00fbr, vous le connaissez&nbsp;: il s&#8217;agit de nous pr\u00e9parer mentalement \u00e0 nous faire avaler des mesures que l&#8217;on r\u00e9prouve. On \u00e9voque l&#8217;hypoth\u00e8se d&#8217;un reconfinement des semaines avant, et puis on met en place un couvre-feu sens\u00e9 emp\u00eacher le confinement, alors que son utilit\u00e9 n&#8217;a d&#8217;autre objectif que d&#8217;habituer les populations \u00e0 la perte progressive de leur pouvoir.<br>Mais l\u00e0 n&#8217;est pas le rouage le plus puissant de la strat\u00e9gie du double discours et de la grenouille, en r\u00e9alit\u00e9, il y a un effet bien plus pernicieux.<br>La myopie que ce gouvernement nous impose face \u00e0 ces mesures fait le jeu de la rumeur, comme nous sommes noy\u00e9s sous des informations contraires, nous nous retrouvons dans une situation bien singuli\u00e8re o\u00f9 nous devons supposer du plan \u00e0 venir, un peu comme des oracles. Nous devons par la rumeur sonder l&#8217;avenir de notre propre condition. Nous essayons de deviner ce qui se pr\u00e9pare dans l&#8217;ombre de l\u2019\u00c9lys\u00e9e et, pendant que nous nous faisons des hypoth\u00e8ses th\u00e9oriques, l&#8217;ogre avance ses pions.<br>Nous devenons des spectateurs de notre propre pays, de notre propre destin. La sc\u00e8ne de notre vie nous est subtilis\u00e9e et nous voil\u00e0 repouss\u00e9s dans les gradins o\u00f9 l&#8217;on nous demande le silence en laissant les com\u00e9diens d\u00e9rouler le script devant nos yeux.<br>Pire, quand nos pr\u00e9dictions s&#8217;av\u00e8rent justes et que nous devinons avec brio l&#8217;arriv\u00e9e du reconfinement, notre ego est flatt\u00e9, nous avions pr\u00e9vu la chose, et cela nous rend encore plus amorphe, car la col\u00e8re d&#8217;\u00eatre emp\u00each\u00e9 est att\u00e9nu\u00e9e par la satisfaction d&#8217;avoir pr\u00e9vu les choses.<\/p>\n\n\n\n<p class=\"has-text-align-justify\">Ce qui a fait monter les gilets jaunes sur Paris en 2018-2019, c&#8217;est la r\u00e9action \u00e9pidermique d&#8217;une mesure injuste, c&#8217;est la goutte d&#8217;eau qui faisait d\u00e9border le vase. La raison politique (l&#8217;augmentation du prix de l&#8217;essence) importait moins que la col\u00e8re collective face \u00e0 ces mesures.<br>Le gouvernement a bien retenu la le\u00e7on, et sous des airs de cacophonie permanente, d\u00e9roule en v\u00e9rit\u00e9 une strat\u00e9gie du chaos ma\u00eetris\u00e9, en multipliant les sons de cloches contraires et nous devenons paralys\u00e9s collectivement car l&#8217;objet sur lequel d\u00e9ployer notre col\u00e8re est prot\u00e9iforme et impalpable.<br>Et, en d\u00e9finitive, nous nous retrouvons tels des parieurs de chevaux, \u00e0 miser entre nous sur l&#8217;avenir de notre propre condition. Nous voyons nos commerces, nos entreprises, notre avenir s&#8217;effondrer minutieusement par l&#8217;eau bouillante d&#8217;un virus qui n&#8217;attaque qu&#8217;apr\u00e8s 18h, d\u00e9teste le m\u00e9tro mais agresse dans les restaurants, d\u00e9teste les supermarch\u00e9s mais attaque dans les rues isol\u00e9es. Ce virus est une sorte de loup garou qui se nourrit de la nuit et s&#8217;apaise \u00e0 l&#8217;aube. Quelle farce.<br>Cette situation rappelle celle des sovi\u00e9tiques d&#8217;avant l&#8217;effondrement du communisme d\u2019\u00c9tat. Les russes discutaient en tout lucidit\u00e9 de la situation dans les cuisines, \u00e0 l&#8217;abri des regards, par peur d&#8217;\u00eatre d\u00e9nonc\u00e9. Personne n&#8217;\u00e9tait dupe de l&#8217;absurdit\u00e9 des mesures mais tout le monde jouait le jeu en pensant que l&#8217;autre croyait au mensonge.<br>Ce qui m&#8217;attriste, c&#8217;est qu&#8217;il se joue en ce moment une conqu\u00eate f\u00e9roce sur nos acquis fondamentaux. Chaque fois que nous faisons une concession sur nos droits au pr\u00e9texte de notre s\u00e9curit\u00e9, c&#8217;est un bastion de perdu. Quand un droit est perdu il n\u00e9cessitera le double d&#8217;effort pour le r\u00e9cup\u00e9rer. Alors prenons conscience que notre l\u00e9thargie creuse notre tombe. Nous sommes le nombre, nous avons le pouvoir.<\/p>\n\n\n\n<p><\/p>\n\n\n\n<figure class=\"wp-block-embed is-type-wp-embed is-provider-the-conservative-enthusiast wp-block-embed-the-conservative-enthusiast\"><div class=\"wp-block-embed__wrapper\">\nhttps:\/\/conservativenthusiast.com\/chronique-des-libertes-sacrifiees-1\/\n<\/div><\/figure>\n\n\n\n<p><\/p>\n\n\n\n<p><\/p>","protected":false},"excerpt":{"rendered":"<p>si Adam et Eve \u00e9taient projet\u00e9s avec force et fracas \u00e0 notre \u00e9poque, ils seraient consid\u00e9r\u00e9s comme des hors-la-loi pour [&hellip;]<\/p>","protected":false},"author":1,"featured_media":12096,"comment_status":"open","ping_status":"open","sticky":false,"template":"","format":"standard","meta":{"_et_pb_use_builder":"off","_et_pb_old_content":"","_et_gb_content_width":"","_exactmetrics_skip_tracking":false,"_exactmetrics_sitenote_active":false,"_exactmetrics_sitenote_note":"","_exactmetrics_sitenote_category":0,"footnotes":""},"categories":[69],"tags":[68,253,254],"yoast_head":"<!-- This site is optimized with the Yoast SEO plugin v22.3 - https:\/\/yoast.com\/wordpress\/plugins\/seo\/ -->\n<title>Chronique des libert\u00e9s sacrifi\u00e9es #3 : La grenouille et l&#039;eau bouillante - The Conservative Enthusiast<\/title>\n<meta name=\"description\" content=\"\u27bd D\u00e9couvrez notre chronique sur les pertes de libert\u00e9s sur The Conservative Enthusiast : la plateforme d&#039;apprentissage des conservateurs.\" \/>\n<meta name=\"robots\" content=\"index, follow, max-snippet:-1, max-image-preview:large, max-video-preview:-1\" \/>\n<link rel=\"canonical\" href=\"https:\/\/conservativenthusiast.com\/en\/chronique-des-libertes-sacrifiees-3-la-grenouille-et-leau-bouillante\/\" \/>\n<meta property=\"og:locale\" content=\"en_GB\" \/>\n<meta property=\"og:type\" content=\"article\" \/>\n<meta property=\"og:title\" content=\"Chronique des libert\u00e9s sacrifi\u00e9es #3 : La grenouille et l&#039;eau bouillante - The Conservative Enthusiast\" \/>\n<meta property=\"og:description\" content=\"\u27bd D\u00e9couvrez notre chronique sur les pertes de libert\u00e9s sur The Conservative Enthusiast : la plateforme d&#039;apprentissage des conservateurs.\" \/>\n<meta property=\"og:url\" content=\"https:\/\/conservativenthusiast.com\/en\/chronique-des-libertes-sacrifiees-3-la-grenouille-et-leau-bouillante\/\" \/>\n<meta property=\"og:site_name\" content=\"The Conservative Enthusiast\" \/>\n<meta property=\"article:published_time\" content=\"2021-02-06T11:00:00+00:00\" \/>\n<meta property=\"article:modified_time\" content=\"2021-02-05T15:59:03+00:00\" \/>\n<meta property=\"og:image\" content=\"https:\/\/conservativenthusiast.com\/wp-content\/uploads\/2021\/02\/CHRONIQUE-DES-LIBERTES-SACRIFIEES.jpg\" \/>\n\t<meta property=\"og:image:width\" content=\"1500\" \/>\n\t<meta property=\"og:image:height\" content=\"1029\" \/>\n\t<meta property=\"og:image:type\" content=\"image\/jpeg\" \/>\n<meta name=\"author\" content=\"Alexis.L\" \/>\n<meta name=\"twitter:card\" content=\"summary_large_image\" \/>\n<meta name=\"twitter:label1\" content=\"Written by\" \/>\n\t<meta name=\"twitter:data1\" content=\"Alexis.L\" \/>\n\t<meta name=\"twitter:label2\" content=\"Estimated reading time\" \/>\n\t<meta name=\"twitter:data2\" content=\"6 minutes\" \/>\n<script type=\"application\/ld+json\" class=\"yoast-schema-graph\">{\"@context\":\"https:\/\/schema.org\",\"@graph\":[{\"@type\":\"Article\",\"@id\":\"https:\/\/conservativenthusiast.com\/chronique-des-libertes-sacrifiees-3-la-grenouille-et-leau-bouillante\/#article\",\"isPartOf\":{\"@id\":\"https:\/\/conservativenthusiast.com\/chronique-des-libertes-sacrifiees-3-la-grenouille-et-leau-bouillante\/\"},\"author\":{\"name\":\"Alexis.L\",\"@id\":\"https:\/\/conservativenthusiast.com\/#\/schema\/person\/3edd83a60aed483f95ebc876aeac7feb\"},\"headline\":\"Chronique des libert\u00e9s sacrifi\u00e9es #3 : La grenouille et l&#8217;eau bouillante\",\"datePublished\":\"2021-02-06T11:00:00+00:00\",\"dateModified\":\"2021-02-05T15:59:03+00:00\",\"mainEntityOfPage\":{\"@id\":\"https:\/\/conservativenthusiast.com\/chronique-des-libertes-sacrifiees-3-la-grenouille-et-leau-bouillante\/\"},\"wordCount\":1582,\"commentCount\":0,\"publisher\":{\"@id\":\"https:\/\/conservativenthusiast.com\/#organization\"},\"image\":{\"@id\":\"https:\/\/conservativenthusiast.com\/chronique-des-libertes-sacrifiees-3-la-grenouille-et-leau-bouillante\/#primaryimage\"},\"thumbnailUrl\":\"https:\/\/conservativenthusiast.com\/wp-content\/uploads\/2021\/02\/CHRONIQUE-DES-LIBERTES-SACRIFIEES.jpg\",\"keywords\":[\"Chronique des libert\u00e9s sacrifi\u00e9es\",\"Libert\u00e9s sacrifi\u00e9es\",\"Restrictions des libert\u00e9s\"],\"articleSection\":[\"Chronique des Libert\u00e9s Sacrifi\u00e9es\"],\"inLanguage\":\"en-GB\",\"potentialAction\":[{\"@type\":\"CommentAction\",\"name\":\"Comment\",\"target\":[\"https:\/\/conservativenthusiast.com\/chronique-des-libertes-sacrifiees-3-la-grenouille-et-leau-bouillante\/#respond\"]}]},{\"@type\":\"WebPage\",\"@id\":\"https:\/\/conservativenthusiast.com\/chronique-des-libertes-sacrifiees-3-la-grenouille-et-leau-bouillante\/\",\"url\":\"https:\/\/conservativenthusiast.com\/chronique-des-libertes-sacrifiees-3-la-grenouille-et-leau-bouillante\/\",\"name\":\"Chronique des libert\u00e9s sacrifi\u00e9es #3 : La grenouille et l'eau bouillante - The Conservative Enthusiast\",\"isPartOf\":{\"@id\":\"https:\/\/conservativenthusiast.com\/#website\"},\"primaryImageOfPage\":{\"@id\":\"https:\/\/conservativenthusiast.com\/chronique-des-libertes-sacrifiees-3-la-grenouille-et-leau-bouillante\/#primaryimage\"},\"image\":{\"@id\":\"https:\/\/conservativenthusiast.com\/chronique-des-libertes-sacrifiees-3-la-grenouille-et-leau-bouillante\/#primaryimage\"},\"thumbnailUrl\":\"https:\/\/conservativenthusiast.com\/wp-content\/uploads\/2021\/02\/CHRONIQUE-DES-LIBERTES-SACRIFIEES.jpg\",\"datePublished\":\"2021-02-06T11:00:00+00:00\",\"dateModified\":\"2021-02-05T15:59:03+00:00\",\"description\":\"\u27bd D\u00e9couvrez notre chronique sur les pertes de libert\u00e9s sur The Conservative Enthusiast : la plateforme d'apprentissage des conservateurs.\",\"breadcrumb\":{\"@id\":\"https:\/\/conservativenthusiast.com\/chronique-des-libertes-sacrifiees-3-la-grenouille-et-leau-bouillante\/#breadcrumb\"},\"inLanguage\":\"en-GB\",\"potentialAction\":[{\"@type\":\"ReadAction\",\"target\":[\"https:\/\/conservativenthusiast.com\/chronique-des-libertes-sacrifiees-3-la-grenouille-et-leau-bouillante\/\"]}]},{\"@type\":\"ImageObject\",\"inLanguage\":\"en-GB\",\"@id\":\"https:\/\/conservativenthusiast.com\/chronique-des-libertes-sacrifiees-3-la-grenouille-et-leau-bouillante\/#primaryimage\",\"url\":\"https:\/\/conservativenthusiast.com\/wp-content\/uploads\/2021\/02\/CHRONIQUE-DES-LIBERTES-SACRIFIEES.jpg\",\"contentUrl\":\"https:\/\/conservativenthusiast.com\/wp-content\/uploads\/2021\/02\/CHRONIQUE-DES-LIBERTES-SACRIFIEES.jpg\",\"width\":1500,\"height\":1029},{\"@type\":\"BreadcrumbList\",\"@id\":\"https:\/\/conservativenthusiast.com\/chronique-des-libertes-sacrifiees-3-la-grenouille-et-leau-bouillante\/#breadcrumb\",\"itemListElement\":[{\"@type\":\"ListItem\",\"position\":1,\"name\":\"Accueil\",\"item\":\"https:\/\/conservativenthusiast.com\/\"},{\"@type\":\"ListItem\",\"position\":2,\"name\":\"Chronique des libert\u00e9s sacrifi\u00e9es #3 : La grenouille et l&#8217;eau bouillante\"}]},{\"@type\":\"WebSite\",\"@id\":\"https:\/\/conservativenthusiast.com\/#website\",\"url\":\"https:\/\/conservativenthusiast.com\/\",\"name\":\"The Conservative Enthusiast\",\"description\":\"La plateforme de r\u00e9information, de partage et d&#039;apprentissage des conservateurs.\",\"publisher\":{\"@id\":\"https:\/\/conservativenthusiast.com\/#organization\"},\"potentialAction\":[{\"@type\":\"SearchAction\",\"target\":{\"@type\":\"EntryPoint\",\"urlTemplate\":\"https:\/\/conservativenthusiast.com\/?s={search_term_string}\"},\"query-input\":\"required name=search_term_string\"}],\"inLanguage\":\"en-GB\"},{\"@type\":\"Organization\",\"@id\":\"https:\/\/conservativenthusiast.com\/#organization\",\"name\":\"The Conservative Enthusiast\",\"url\":\"https:\/\/conservativenthusiast.com\/\",\"logo\":{\"@type\":\"ImageObject\",\"inLanguage\":\"en-GB\",\"@id\":\"https:\/\/conservativenthusiast.com\/#\/schema\/logo\/image\/\",\"url\":\"https:\/\/i0.wp.com\/conservativeenthusiast.com\/wp-content\/uploads\/2020\/06\/LOGO-CE-MINI.png?fit=3867%2C1180&ssl=1\",\"contentUrl\":\"https:\/\/i0.wp.com\/conservativeenthusiast.com\/wp-content\/uploads\/2020\/06\/LOGO-CE-MINI.png?fit=3867%2C1180&ssl=1\",\"width\":3867,\"height\":1180,\"caption\":\"The Conservative Enthusiast\"},\"image\":{\"@id\":\"https:\/\/conservativenthusiast.com\/#\/schema\/logo\/image\/\"}},{\"@type\":\"Person\",\"@id\":\"https:\/\/conservativenthusiast.com\/#\/schema\/person\/3edd83a60aed483f95ebc876aeac7feb\",\"name\":\"Alexis.L\",\"image\":{\"@type\":\"ImageObject\",\"inLanguage\":\"en-GB\",\"@id\":\"https:\/\/conservativenthusiast.com\/#\/schema\/person\/image\/\",\"url\":\"https:\/\/secure.gravatar.com\/avatar\/e276145ad3a64170e9c68564bb9e4280?s=96&d=mm&r=g\",\"contentUrl\":\"https:\/\/secure.gravatar.com\/avatar\/e276145ad3a64170e9c68564bb9e4280?s=96&d=mm&r=g\",\"caption\":\"Alexis.L\"},\"description\":\"Si vous appr\u00e9ciez les articles de ce r\u00e9dacteur et que vous souhaitez en d\u00e9couvrir davantage sur lui ou ses \u00e9crits, vous pouvez consulter tous ses articles en cliquant sur son pseudo ou en apprendre plus sur notre page \\\"Notre \u00e9quipe\\\". Vous pouvez \u00e9galement le suivre sur ses diff\u00e9rents r\u00e9seaux sociaux ci-dessous.\",\"url\":\"https:\/\/conservativenthusiast.com\/en\/author\/admin6171\/\"}]}<\/script>\n<!-- \/ Yoast SEO plugin. -->","yoast_head_json":{"title":"Chronique des libert\u00e9s sacrifi\u00e9es #3 : La grenouille et l'eau bouillante - The Conservative Enthusiast","description":"\u27bd D\u00e9couvrez notre chronique sur les pertes de libert\u00e9s sur The Conservative Enthusiast : la plateforme d'apprentissage des conservateurs.","robots":{"index":"index","follow":"follow","max-snippet":"max-snippet:-1","max-image-preview":"max-image-preview:large","max-video-preview":"max-video-preview:-1"},"canonical":"https:\/\/conservativenthusiast.com\/en\/chronique-des-libertes-sacrifiees-3-la-grenouille-et-leau-bouillante\/","og_locale":"en_GB","og_type":"article","og_title":"Chronique des libert\u00e9s sacrifi\u00e9es #3 : La grenouille et l'eau bouillante - The Conservative Enthusiast","og_description":"\u27bd D\u00e9couvrez notre chronique sur les pertes de libert\u00e9s sur The Conservative Enthusiast : la plateforme d'apprentissage des conservateurs.","og_url":"https:\/\/conservativenthusiast.com\/en\/chronique-des-libertes-sacrifiees-3-la-grenouille-et-leau-bouillante\/","og_site_name":"The Conservative Enthusiast","article_published_time":"2021-02-06T11:00:00+00:00","article_modified_time":"2021-02-05T15:59:03+00:00","og_image":[{"width":1500,"height":1029,"url":"https:\/\/conservativenthusiast.com\/wp-content\/uploads\/2021\/02\/CHRONIQUE-DES-LIBERTES-SACRIFIEES.jpg","type":"image\/jpeg"}],"author":"Alexis.L","twitter_card":"summary_large_image","twitter_misc":{"Written by":"Alexis.L","Estimated reading time":"6 minutes"},"schema":{"@context":"https:\/\/schema.org","@graph":[{"@type":"Article","@id":"https:\/\/conservativenthusiast.com\/chronique-des-libertes-sacrifiees-3-la-grenouille-et-leau-bouillante\/#article","isPartOf":{"@id":"https:\/\/conservativenthusiast.com\/chronique-des-libertes-sacrifiees-3-la-grenouille-et-leau-bouillante\/"},"author":{"name":"Alexis.L","@id":"https:\/\/conservativenthusiast.com\/#\/schema\/person\/3edd83a60aed483f95ebc876aeac7feb"},"headline":"Chronique des libert\u00e9s sacrifi\u00e9es #3 : La grenouille et l&#8217;eau bouillante","datePublished":"2021-02-06T11:00:00+00:00","dateModified":"2021-02-05T15:59:03+00:00","mainEntityOfPage":{"@id":"https:\/\/conservativenthusiast.com\/chronique-des-libertes-sacrifiees-3-la-grenouille-et-leau-bouillante\/"},"wordCount":1582,"commentCount":0,"publisher":{"@id":"https:\/\/conservativenthusiast.com\/#organization"},"image":{"@id":"https:\/\/conservativenthusiast.com\/chronique-des-libertes-sacrifiees-3-la-grenouille-et-leau-bouillante\/#primaryimage"},"thumbnailUrl":"https:\/\/conservativenthusiast.com\/wp-content\/uploads\/2021\/02\/CHRONIQUE-DES-LIBERTES-SACRIFIEES.jpg","keywords":["Chronique des libert\u00e9s sacrifi\u00e9es","Libert\u00e9s sacrifi\u00e9es","Restrictions des libert\u00e9s"],"articleSection":["Chronique des Libert\u00e9s Sacrifi\u00e9es"],"inLanguage":"en-GB","potentialAction":[{"@type":"CommentAction","name":"Comment","target":["https:\/\/conservativenthusiast.com\/chronique-des-libertes-sacrifiees-3-la-grenouille-et-leau-bouillante\/#respond"]}]},{"@type":"WebPage","@id":"https:\/\/conservativenthusiast.com\/chronique-des-libertes-sacrifiees-3-la-grenouille-et-leau-bouillante\/","url":"https:\/\/conservativenthusiast.com\/chronique-des-libertes-sacrifiees-3-la-grenouille-et-leau-bouillante\/","name":"Chronique des libert\u00e9s sacrifi\u00e9es #3 : La grenouille et l'eau bouillante - The Conservative Enthusiast","isPartOf":{"@id":"https:\/\/conservativenthusiast.com\/#website"},"primaryImageOfPage":{"@id":"https:\/\/conservativenthusiast.com\/chronique-des-libertes-sacrifiees-3-la-grenouille-et-leau-bouillante\/#primaryimage"},"image":{"@id":"https:\/\/conservativenthusiast.com\/chronique-des-libertes-sacrifiees-3-la-grenouille-et-leau-bouillante\/#primaryimage"},"thumbnailUrl":"https:\/\/conservativenthusiast.com\/wp-content\/uploads\/2021\/02\/CHRONIQUE-DES-LIBERTES-SACRIFIEES.jpg","datePublished":"2021-02-06T11:00:00+00:00","dateModified":"2021-02-05T15:59:03+00:00","description":"\u27bd D\u00e9couvrez notre chronique sur les pertes de libert\u00e9s sur The Conservative Enthusiast : la plateforme d'apprentissage des conservateurs.","breadcrumb":{"@id":"https:\/\/conservativenthusiast.com\/chronique-des-libertes-sacrifiees-3-la-grenouille-et-leau-bouillante\/#breadcrumb"},"inLanguage":"en-GB","potentialAction":[{"@type":"ReadAction","target":["https:\/\/conservativenthusiast.com\/chronique-des-libertes-sacrifiees-3-la-grenouille-et-leau-bouillante\/"]}]},{"@type":"ImageObject","inLanguage":"en-GB","@id":"https:\/\/conservativenthusiast.com\/chronique-des-libertes-sacrifiees-3-la-grenouille-et-leau-bouillante\/#primaryimage","url":"https:\/\/conservativenthusiast.com\/wp-content\/uploads\/2021\/02\/CHRONIQUE-DES-LIBERTES-SACRIFIEES.jpg","contentUrl":"https:\/\/conservativenthusiast.com\/wp-content\/uploads\/2021\/02\/CHRONIQUE-DES-LIBERTES-SACRIFIEES.jpg","width":1500,"height":1029},{"@type":"BreadcrumbList","@id":"https:\/\/conservativenthusiast.com\/chronique-des-libertes-sacrifiees-3-la-grenouille-et-leau-bouillante\/#breadcrumb","itemListElement":[{"@type":"ListItem","position":1,"name":"Accueil","item":"https:\/\/conservativenthusiast.com\/"},{"@type":"ListItem","position":2,"name":"Chronique des libert\u00e9s sacrifi\u00e9es #3 : La grenouille et l&#8217;eau bouillante"}]},{"@type":"WebSite","@id":"https:\/\/conservativenthusiast.com\/#website","url":"https:\/\/conservativenthusiast.com\/","name":"The Conservative Enthusiast","description":"La plateforme de r\u00e9information, de partage et d&#039;apprentissage des conservateurs.","publisher":{"@id":"https:\/\/conservativenthusiast.com\/#organization"},"potentialAction":[{"@type":"SearchAction","target":{"@type":"EntryPoint","urlTemplate":"https:\/\/conservativenthusiast.com\/?s={search_term_string}"},"query-input":"required name=search_term_string"}],"inLanguage":"en-GB"},{"@type":"Organization","@id":"https:\/\/conservativenthusiast.com\/#organization","name":"The Conservative Enthusiast","url":"https:\/\/conservativenthusiast.com\/","logo":{"@type":"ImageObject","inLanguage":"en-GB","@id":"https:\/\/conservativenthusiast.com\/#\/schema\/logo\/image\/","url":"https:\/\/i0.wp.com\/conservativeenthusiast.com\/wp-content\/uploads\/2020\/06\/LOGO-CE-MINI.png?fit=3867%2C1180&ssl=1","contentUrl":"https:\/\/i0.wp.com\/conservativeenthusiast.com\/wp-content\/uploads\/2020\/06\/LOGO-CE-MINI.png?fit=3867%2C1180&ssl=1","width":3867,"height":1180,"caption":"The Conservative Enthusiast"},"image":{"@id":"https:\/\/conservativenthusiast.com\/#\/schema\/logo\/image\/"}},{"@type":"Person","@id":"https:\/\/conservativenthusiast.com\/#\/schema\/person\/3edd83a60aed483f95ebc876aeac7feb","name":"Alexis.L","image":{"@type":"ImageObject","inLanguage":"en-GB","@id":"https:\/\/conservativenthusiast.com\/#\/schema\/person\/image\/","url":"https:\/\/secure.gravatar.com\/avatar\/e276145ad3a64170e9c68564bb9e4280?s=96&d=mm&r=g","contentUrl":"https:\/\/secure.gravatar.com\/avatar\/e276145ad3a64170e9c68564bb9e4280?s=96&d=mm&r=g","caption":"Alexis.L"},"description":"Si vous appr\u00e9ciez les articles de ce r\u00e9dacteur et que vous souhaitez en d\u00e9couvrir davantage sur lui ou ses \u00e9crits, vous pouvez consulter tous ses articles en cliquant sur son pseudo ou en apprendre plus sur notre page \"Notre \u00e9quipe\". Vous pouvez \u00e9galement le suivre sur ses diff\u00e9rents r\u00e9seaux sociaux ci-dessous.","url":"https:\/\/conservativenthusiast.com\/en\/author\/admin6171\/"}]}},"_links":{"self":[{"href":"https:\/\/conservativenthusiast.com\/en\/wp-json\/wp\/v2\/posts\/11418"}],"collection":[{"href":"https:\/\/conservativenthusiast.com\/en\/wp-json\/wp\/v2\/posts"}],"about":[{"href":"https:\/\/conservativenthusiast.com\/en\/wp-json\/wp\/v2\/types\/post"}],"author":[{"embeddable":true,"href":"https:\/\/conservativenthusiast.com\/en\/wp-json\/wp\/v2\/users\/1"}],"replies":[{"embeddable":true,"href":"https:\/\/conservativenthusiast.com\/en\/wp-json\/wp\/v2\/comments?post=11418"}],"version-history":[{"count":6,"href":"https:\/\/conservativenthusiast.com\/en\/wp-json\/wp\/v2\/posts\/11418\/revisions"}],"predecessor-version":[{"id":12097,"href":"https:\/\/conservativenthusiast.com\/en\/wp-json\/wp\/v2\/posts\/11418\/revisions\/12097"}],"wp:featuredmedia":[{"embeddable":true,"href":"https:\/\/conservativenthusiast.com\/en\/wp-json\/wp\/v2\/media\/12096"}],"wp:attachment":[{"href":"https:\/\/conservativenthusiast.com\/en\/wp-json\/wp\/v2\/media?parent=11418"}],"wp:term":[{"taxonomy":"category","embeddable":true,"href":"https:\/\/conservativenthusiast.com\/en\/wp-json\/wp\/v2\/categories?post=11418"},{"taxonomy":"post_tag","embeddable":true,"href":"https:\/\/conservativenthusiast.com\/en\/wp-json\/wp\/v2\/tags?post=11418"}],"curies":[{"name":"wp","href":"https:\/\/api.w.org\/{rel}","templated":true}]}}