{"id":1128,"date":"2020-09-21T19:54:12","date_gmt":"2020-09-21T17:54:12","guid":{"rendered":"https:\/\/conservativeenthusiast.com\/?p=1128"},"modified":"2020-09-27T13:25:34","modified_gmt":"2020-09-27T11:25:34","slug":"interview-tce-1-le-rocher","status":"publish","type":"post","link":"https:\/\/conservativenthusiast.com\/en\/interview-tce-1-le-rocher\/","title":{"rendered":"Interview TCE #1 &#8211; Le Rocher"},"content":{"rendered":"[et_pb_section fb_built=&#8221;1&#8243; _builder_version=&#8221;4.6.3&#8243; _module_preset=&#8221;default&#8221; custom_padding=&#8221;6px||22px|||&#8221; custom_margin=&#8221;||-14px|||&#8221;][et_pb_row _builder_version=&#8221;4.6.3&#8243; _module_preset=&#8221;default&#8221; custom_padding=&#8221;27px||13px|||&#8221; custom_margin=&#8221;-7px|auto||auto||&#8221;][et_pb_column _builder_version=&#8221;4.6.3&#8243; _module_preset=&#8221;default&#8221; type=&#8221;4_4&#8243;][et_pb_text _builder_version=&#8221;4.6.3&#8243; _module_preset=&#8221;default&#8221; hover_enabled=&#8221;0&#8243; sticky_enabled=&#8221;0&#8243; text_font=&#8221;Poppins||||||||&#8221; text_text_color=&#8221;#000000&#8243; text_orientation=&#8221;justified&#8221; module_alignment=&#8221;center&#8221;]<h4 style=\"text-align: justify;\"><em><strong>Question 1- Pr\u00e9sentez-vous : Quel \u00e2ge avez-vous ?<\/strong><\/em><br \/><em> <strong>Sous quel nom ou pseudo vous faites vous conna\u00eetre ?\u00a0D&#8217;o\u00f9 venez-vous ?<\/strong><\/em><\/h4>\n<p><strong><\/strong><\/p>\n<p style=\"text-align: justify;\"><em>&#8221; Nous avons une vingtaine d\u2019ann\u00e9es, nous r\u00e9sidons \u00e0 Paris, nous n\u2019avons pas de<\/em><br \/> <em> pseudonymes personnels, n\u00e9anmoins nous faisons valoir nos id\u00e9es par la cha\u00eene<\/em><br \/> <em> youtube \u00ab\u00a0<a href=\"https:\/\/www.youtube.com\/channel\/UCNFNAM5Zgl9RSOKwmVXhtuQ\/featured\" target=\"_blank\" rel=\"noopener noreferrer\">Le Rocher<\/a>\u00a0\u00bb et par la page instagram \u00ab\u00a0<a href=\"https:\/\/www.instagram.com\/le_rocher_institut\/?hl=fr\" target=\"_blank\" rel=\"noopener noreferrer\">Le_rocher_institut<\/a>\u00a0\u00bb.&#8221;<\/em><\/p>\n<p style=\"text-align: justify;\"><em><\/em><\/p>\n<h4 style=\"text-align: justify;\"><em><strong>Question 2-: Quel est votre parcours ? Votre jeunesse, vos \u00e9tudes, votre<\/strong><\/em><br \/><em> <strong> parcours professionnel et personnel ?<\/strong><\/em><\/h4>\n<p><strong><\/strong><\/p>\n<p style=\"text-align: justify;\"><em>&#8221; Comme nous sommes encore de jeunes \u00e9tudiants en droit, nous n\u2019avons pas encore eu<\/em><br \/> <em> d\u2019exp\u00e9rience socio-professionnelle cons\u00e9quente.&#8221;<\/em><\/p>\n<h4 style=\"text-align: justify;\"><em><strong>Question 3-: Qu&#8217;est-ce qui vous a\u00a0amen\u00e9 \u00e0 lancer votre projet ? Quelles sont les<\/strong><\/em><br \/><em> <strong> \u00e9tapes qui vous y ont men\u00e9es ?<\/strong><\/em><\/h4>\n<p><strong><\/strong><\/p>\n<p style=\"text-align: justify;\"><em>&#8221; Nous avions d\u00e9j\u00e0 une certaine app\u00e9tence pour l\u2019actualit\u00e9 politique, et nous avions<\/em><br \/> <em> l\u2019impression de nous sentir inutiles en \u00e9tant simplement spectateurs d\u2019une cause qui<\/em><br \/> <em> nous est ch\u00e8re. Nous avons donc d\u00e9cid\u00e9 de lancer notre projet et de faire valoir nos id\u00e9es<\/em><br \/> <em> par notre propre biais, notre propre m\u00e9dia.&#8221;<\/em><\/p>\n<p style=\"text-align: justify;\"><em><\/em><\/p>\n<h4 style=\"text-align: justify;\"><em><strong>Question 4-: Pouvez-vous nous expliquer plus en d\u00e9tail en quoi consiste votre<\/strong><\/em><br \/><em> <strong> projet ?<\/strong><\/em><\/h4>\n<p><strong><\/strong><\/p>\n<p style=\"text-align: justify;\"><em>&#8221; Notre projet s\u2019\u00e9tale en plusieurs branches. Nous faisons des vid\u00e9os de mani\u00e8re<\/em><br \/> <em> ind\u00e9pendante dont le but est d\u2019\u00e9duquer sur une th\u00e9matique en particulier, ce fut le cas<\/em><br \/> <em> par rapport au l\u00e9gitimisme et \u00e0 l\u2019orl\u00e9anisme, par exemple. R\u00e9cemment, nous avons<\/em><br \/> <em> d\u00e9velopp\u00e9 un format entretien o\u00f9 nous avons donn\u00e9 la parole des jeunes \u00ab\u00a0de notre<\/em><br \/> <em> camp\u00a0\u00bb afin de leur donner une libert\u00e9 de parole et une tribune, \u00e0 l\u2019avenir nous allons<\/em><br \/> <em> interviewer des personnalit\u00e9s ayant d\u00e9j\u00e0 une notori\u00e9t\u00e9 et un \u00e2ge par cons\u00e9quent plus<\/em><br \/> <em> avanc\u00e9.<\/em><br \/> <em> L\u2019enjeu final dans tous les cas, c\u2019est reconstituer une intelligentsia capable de nous<\/em><br \/> <em> \u00abrescusiter l\u2019esprit de la vieille Europe. Il ne s\u2019agit pas d\u2019un retour en arri\u00e8re. Il ne s\u2019agit<\/em><br \/> <em> pas de r\u00e9animer artificiellement des choses mortes mais de reprendre conscience d\u2019un<\/em><br \/> <em> h\u00e9ritage pour le recr\u00e9er sous des formes nouvelles.\u00bb selon la formule de Louis Pauwels.<\/em><br \/> <em> On voit que les g\u00e9n\u00e9rations pr\u00e9c\u00e9dentes ont \u00e9chou\u00e9 \u00e0 accomplir leur agenda<\/em><br \/> <em> conservateur, nationaliste, identitaire\u2026 et cela tient \u00e0 plusieurs facteurs, dont la division,<\/em><br \/> <em> grandement li\u00e9e aux qu\u00eates d\u2019ego, \u00e0 une mauvaise adaptation \u00e0 l\u2019\u00e8re technologique, au<\/em><br \/> <em> fait de ne pas \u00eatre tr\u00e8s attractif, facteurs sur lesquels il faudra travailler dans la d\u00e9cennie<\/em><br \/> <em> qui vient afin d\u2019agr\u00e9ger des forces dont le but serait de renverser l\u2019Etat et les esprits.&#8221;<\/em><\/p>\n<p style=\"text-align: justify;\"><em><\/em><\/p>\n<h4 style=\"text-align: justify;\"><em><strong>Question 5-: Depuis combien de temps votre projet est lanc\u00e9, et comment se<\/strong><\/em><br \/><em> <strong> passe son \u00e9volution ?<\/strong><\/em><\/h4>\n<p style=\"text-align: justify;\"><em>&#8221; Le projet existe depuis d\u00e9cembre 2019, mais nous avons \u00e9t\u00e9 mis en berne par une<\/em><br \/> <em> succession d\u2019\u00e9v\u00e8nements\u00a0; partiels, confinement et encore partiels, et nous avons pu<\/em><br \/> <em> montrer notre optimum de productivit\u00e9 sur une dur\u00e9e de un mois environ, \u00e0 cheval<\/em><br \/> <em> entre juin et juillet, avec quatre entretiens sur cette p\u00e9riode et un d\u00e9collage complet de<\/em><br \/> <em> la cha\u00eene vu que nous sommes pass\u00e9s de 80 \u00e0 700 abonn\u00e9s sur youtube. Nous esp\u00e9rons<\/em><br \/> <em> relancer un maximum l\u2019activit\u00e9 pendant le mois de septembre, et maintenir un certain<\/em><\/p>\n<p style=\"text-align: justify;\"><em>rythme durant l\u2019ann\u00e9e. Son \u00e9volution est strictement positive, et nous savons que le<\/em><br \/> <em> futur de ce m\u00e9dia est tr\u00e8s prometteur.&#8221;<\/em><\/p>\n<h4 style=\"text-align: justify;\"><em><strong>Question 6-: Quelles sont vos principales sources d&#8221;inspirations, vos influences<\/strong><\/em><br \/><em> <strong> et vos r\u00e9f\u00e9rences?<\/strong><\/em><\/h4>\n<p style=\"text-align: justify;\"><em>&#8221; Dans le contexte actuel, nous nous en remettons principalement derri\u00e8re la figure d\u2019Eric<\/em><br \/> <em> Zemmour, qui est l\u2019intellectuel fran\u00e7ais le plus actif \u00e0 droite. Ensuite, nous avons un<\/em><br \/> <em> int\u00e9r\u00eat pour des figures comme Charles Pasqua, Charles de Gaulle, Jacques Bainville.<\/em><br \/> <em> Ensuite d\u2019autres figures peuvent nous int\u00e9resser ponctuellement sur une th\u00e9matique<\/em><br \/> <em> pr\u00e9cise, que ce soit l\u2019histoire, l\u2019\u00e9conomie, la philosophie, la culture, l\u2019\u00e9cologie, la<\/em><br \/> <em> sociologie et d\u2019autres domaines encore.&#8221;<\/em><\/p>\n<p style=\"text-align: justify;\"><em><\/em><\/p>\n<h4 style=\"text-align: justify;\"><em><strong> Question 7-: Qu&#8217;est-ce que le conservatisme selon vous ? Et pensez-vous qu&#8217;il<\/strong><\/em><br \/><em> <strong> est important aujourd&#8217;hui ? Si oui pourquoi et si non pourquoi ?<\/strong><\/em><\/h4>\n<p style=\"text-align: justify;\"><em>&#8221; Le conservatisme, selon la pens\u00e9e de Benjamin Disraeli, n\u2019est pas le rejet de tout ce qui<\/em><br \/> <em> est nouveau, mais un tri entre ce qui est bon et ce qui est mauvais dans la nouveaut\u00e9.<\/em><br \/> <em> Le conservatisme consiste donc dans le fait de rejeter ce qui est mauvais dans la<\/em><br \/> <em> modernit\u00e9.<\/em><br \/> <em> Nous pensons que le conservatisme est fondamental aujourd\u2019hui, nonobstant nous<\/em><br \/> <em> estimons qu\u2019il est mal port\u00e9 par les partis qui se disent conservateurs, car leur doctrine<\/em><br \/> <em> ne se met en \u0153uvre que sur les th\u00e9matiques soci\u00e9tales telles que la PMA et la GPA. Nous<\/em><br \/> <em> consid\u00e9rons que le plus important serait une notion de conservatisme civilisationnel, ce<\/em><br \/> <em> qui est souvent l\u2019angle mort des partis de droite mod\u00e9r\u00e9e, qui tremblent beaucoup trop<\/em><br \/> <em> vite d\u00e8s qu\u2019on les suspecte de racisme ou autre, car elle tient trop \u00e0 plaire \u00e0 une certaine<\/em><br \/> <em> classe m\u00e9diatique, et ce au d\u00e9triment de la base populaire. &#8220;<\/em><\/p>\n<h4 style=\"text-align: justify;\"><em><strong>Question 8-: Pouvez-vous nous donner un livre, un film et une musique, qui<\/strong><\/em><br \/><em> <strong> selon vous vous repr\u00e9sente, ou auquel vous tenez ?<\/strong><\/em><\/h4>\n<p style=\"text-align: justify;\">Un livre\u00a0seul est difficile \u00e0 placer, il est forc\u00e9ment insuffisant. Mais s\u2019il fallait en choisir<br \/> un seul pour nous repr\u00e9senter, ce serait probablement le choc des civilisations de<br \/> Samuel Huntington. Un film\u00a0? M\u00e9lodie en sous-sol. Une musique\u00a0? la symphonie du<br \/> nouveau monde de Dvorak.&#8221;<\/p>\n<p style=\"text-align: justify;\"><\/p>\n<h4 style=\"text-align: justify;\"><em><strong>Question 9-: Que pensez-vous pouvoir apporter \u00e0 quelqu&#8217;un qui vous d\u00e9couvre ?<\/strong><\/em><\/h4>\n<p style=\"text-align: justify;\"><\/p>\n<p style=\"text-align: justify;\"><em>&#8221; On pense pouvoir donner une ligne directrice de pens\u00e9e \u00e0 quiconque nous suit, du moins<\/em><br \/><em> nous allons alimenter notre m\u00e9dia de sorte \u00e0 ce que ce soit possible. C\u2019est tr\u00e8s important<\/em><br \/><em> d\u2019en avoir une car sans elle toute pens\u00e9e n\u2019est que gesticulation al\u00e9atoire, et \u00e0 la fois il<\/em><br \/><em> faut \u00eatre capable de se mouvoir dans une r\u00e9alit\u00e9 changeante. Il faut donc trouver<\/em><br \/><em> \u00e9galement une certaine adaptabilit\u00e9 et ne pas fuir devant tout fait qui irait \u00e0 l\u2019encontre<\/em><br \/><em> de notre id\u00e9ologie.&#8221;<\/em><\/p>\n<p style=\"text-align: justify;\"><\/p>\n<h4 style=\"text-align: justify;\"><em> <strong>Question 10-: Quels sont vos projets \u00e0 l&#8217;avenir ? Dans les prochaines semaines<\/strong><\/em><br \/><em><strong> et mois, \u00e0 court terme, mais \u00e9galement votre vision \u00e0 long terme.<\/strong><\/em><\/h4>\n<p style=\"text-align: justify;\"><\/p>\n<p style=\"text-align: justify;\"><em>&#8221; \u00c0 court et moyen terme, nous allons continuer notre format d\u2019entretien, nous allons \u00e0<\/em><br \/><em> l\u2019avenir diversifier notre contenu, faire des \u00e9missions r\u00e9guli\u00e8res sur des th\u00e8mes donn\u00e9s<\/em><br \/><em> car nous venons d\u2019ouvrir un studio \u00e0 cet effet. L\u2019ann\u00e9e qui vient sera aussi celle o\u00f9 nous<\/em><br \/><em> allons devoir atteindre un certain niveau technique, car nous sommes partis de z\u00e9ro,<\/em><br \/><em> d\u2019ailleurs nous avons r\u00e9alis\u00e9 nos premiers entretiens avec un iphone. \u00c0 long terme nous n\u2019avons pas de projet arr\u00eat\u00e9, surtout que cela fait moins d\u2019un an que nous avons lanc\u00e9<\/em><br \/><em> notre activit\u00e9, donc nous avons le temps de voir certaines choses venir, mais le projet<\/em><br \/><em> global est quand m\u00eame d\u2019\u00eatre en capacit\u00e9 de donner une tribune \u00e0 quelqu\u2019un qui va<\/em><br \/><em> pouvoir \u00eatre \u00e9cout\u00e9 par des milliers de gens.&#8221;<\/em><\/p>\n<p style=\"text-align: justify;\"><\/p>\n<h4 style=\"text-align: justify;\"><em> <strong>Question 11-: O\u00f9 peut-on vous suivre ? Sur quel m\u00e9dia ou r\u00e9seau \u00eates-vous le<\/strong><\/em><br \/><em><strong> plus actif ?<\/strong><\/em><\/h4>\n<p style=\"text-align: justify;\"><\/p>\n<p style=\"text-align: justify;\"><em>&#8221; On peut nous suivre sur Youtube (<a href=\"https:\/\/www.youtube.com\/channel\/UCNFNAM5Zgl9RSOKwmVXhtuQ\/featured\">le Rocher<\/a>) et Instagram (<a href=\"https:\/\/www.instagram.com\/le_rocher_institut\/?hl=fr\">le_rocher_institut<\/a>) o\u00f9 nous<\/em><br \/><em> sommes le plus actif mais aussi le plus l\u00e9ger, mais nous avons aussi un compte twitter<\/em><br \/><em> (<a href=\"https:\/\/twitter.com\/lerocher0\">lerocher0<\/a>), o\u00f9 nous r\u00e9pondons aux messages mais o\u00f9 nous ne postons pas beaucoup.<\/em><\/p>\n<p style=\"text-align: justify;\"><\/p>\n<h4 style=\"text-align: justify;\"><strong><em> Question 12-: Un mot pour la fin ?<\/em><\/strong><\/h4>\n<p style=\"text-align: justify;\"><\/p>\n<p style=\"text-align: justify;\"><em> Si la France, sans la grandeur, n\u2019est rien, il en va de m\u00eame pour l\u2019Europe. Vive l\u2019Europe<\/em><br \/><em> \u00e9ternelle.&#8221;<\/em><\/p>[\/et_pb_text][\/et_pb_column][\/et_pb_row][\/et_pb_section]","protected":false},"excerpt":{"rendered":"<p>Question 1- Pr\u00e9sentez-vous : Quel \u00e2ge avez-vous ? Sous quel nom ou pseudo vous faites vous conna\u00eetre ?\u00a0D&#8217;o\u00f9 venez-vous ? [&hellip;]<\/p>","protected":false},"author":1,"featured_media":1134,"comment_status":"open","ping_status":"open","sticky":false,"template":"","format":"standard","meta":{"_et_pb_use_builder":"on","_et_pb_old_content":"","_et_gb_content_width":"","_exactmetrics_skip_tracking":false,"_exactmetrics_sitenote_active":false,"_exactmetrics_sitenote_note":"","_exactmetrics_sitenote_category":0,"footnotes":""},"categories":[21,28],"tags":[22,29],"yoast_head":"<!-- This site is optimized with the Yoast SEO plugin v22.3 - https:\/\/yoast.com\/wordpress\/plugins\/seo\/ -->\n<title>Interview TCE #1 - Le Rocher - The Conservative Enthusiast<\/title>\n<meta name=\"description\" content=\"\u27bd La plateforme d&#039;actualit\u00e9, d&#039;information, de partage et d&#039;apprentissage des conservateurs.\" \/>\n<meta name=\"robots\" content=\"index, follow, max-snippet:-1, max-image-preview:large, max-video-preview:-1\" \/>\n<link rel=\"canonical\" href=\"https:\/\/conservativenthusiast.com\/en\/interview-tce-1-le-rocher\/\" \/>\n<meta property=\"og:locale\" content=\"en_GB\" \/>\n<meta property=\"og:type\" content=\"article\" \/>\n<meta property=\"og:title\" content=\"Interview TCE #1 - Le Rocher - The Conservative Enthusiast\" \/>\n<meta property=\"og:description\" content=\"\u27bd La plateforme d&#039;actualit\u00e9, d&#039;information, de partage et d&#039;apprentissage des conservateurs.\" \/>\n<meta property=\"og:url\" content=\"https:\/\/conservativenthusiast.com\/en\/interview-tce-1-le-rocher\/\" \/>\n<meta property=\"og:site_name\" content=\"The Conservative Enthusiast\" \/>\n<meta property=\"article:published_time\" content=\"2020-09-21T17:54:12+00:00\" \/>\n<meta property=\"article:modified_time\" content=\"2020-09-27T11:25:34+00:00\" \/>\n<meta property=\"og:image\" content=\"https:\/\/conservativenthusiast.com\/wp-content\/uploads\/2020\/09\/Le-Rocher-Institut.jpg\" \/>\n\t<meta property=\"og:image:width\" content=\"744\" \/>\n\t<meta property=\"og:image:height\" content=\"745\" \/>\n\t<meta property=\"og:image:type\" content=\"image\/jpeg\" \/>\n<meta name=\"author\" content=\"Alexis.L\" \/>\n<meta name=\"twitter:card\" content=\"summary_large_image\" \/>\n<meta name=\"twitter:label1\" content=\"Written by\" \/>\n\t<meta name=\"twitter:data1\" content=\"Alexis.L\" \/>\n\t<meta name=\"twitter:label2\" content=\"Estimated reading time\" \/>\n\t<meta name=\"twitter:data2\" content=\"7 minutes\" \/>\n<script type=\"application\/ld+json\" class=\"yoast-schema-graph\">{\"@context\":\"https:\/\/schema.org\",\"@graph\":[{\"@type\":\"Article\",\"@id\":\"https:\/\/conservativenthusiast.com\/en\/interview-tce-1-le-rocher\/#article\",\"isPartOf\":{\"@id\":\"https:\/\/conservativenthusiast.com\/en\/interview-tce-1-le-rocher\/\"},\"author\":{\"name\":\"Alexis.L\",\"@id\":\"https:\/\/conservativenthusiast.com\/#\/schema\/person\/3edd83a60aed483f95ebc876aeac7feb\"},\"headline\":\"Interview TCE #1 &#8211; Le Rocher\",\"datePublished\":\"2020-09-21T17:54:12+00:00\",\"dateModified\":\"2020-09-27T11:25:34+00:00\",\"mainEntityOfPage\":{\"@id\":\"https:\/\/conservativenthusiast.com\/en\/interview-tce-1-le-rocher\/\"},\"wordCount\":1345,\"commentCount\":0,\"publisher\":{\"@id\":\"https:\/\/conservativenthusiast.com\/#organization\"},\"image\":{\"@id\":\"https:\/\/conservativenthusiast.com\/en\/interview-tce-1-le-rocher\/#primaryimage\"},\"thumbnailUrl\":\"https:\/\/conservativenthusiast.com\/wp-content\/uploads\/2020\/09\/Le-Rocher-Institut.jpg\",\"keywords\":[\"Interview\",\"Politique\"],\"articleSection\":[\"Interviews\",\"Politique\"],\"inLanguage\":\"en-GB\",\"potentialAction\":[{\"@type\":\"CommentAction\",\"name\":\"Comment\",\"target\":[\"https:\/\/conservativenthusiast.com\/en\/interview-tce-1-le-rocher\/#respond\"]}]},{\"@type\":\"WebPage\",\"@id\":\"https:\/\/conservativenthusiast.com\/en\/interview-tce-1-le-rocher\/\",\"url\":\"https:\/\/conservativenthusiast.com\/en\/interview-tce-1-le-rocher\/\",\"name\":\"Interview TCE #1 - Le Rocher - The Conservative Enthusiast\",\"isPartOf\":{\"@id\":\"https:\/\/conservativenthusiast.com\/#website\"},\"primaryImageOfPage\":{\"@id\":\"https:\/\/conservativenthusiast.com\/en\/interview-tce-1-le-rocher\/#primaryimage\"},\"image\":{\"@id\":\"https:\/\/conservativenthusiast.com\/en\/interview-tce-1-le-rocher\/#primaryimage\"},\"thumbnailUrl\":\"https:\/\/conservativenthusiast.com\/wp-content\/uploads\/2020\/09\/Le-Rocher-Institut.jpg\",\"datePublished\":\"2020-09-21T17:54:12+00:00\",\"dateModified\":\"2020-09-27T11:25:34+00:00\",\"description\":\"\u27bd La plateforme d'actualit\u00e9, d'information, de partage et d'apprentissage des conservateurs.\",\"breadcrumb\":{\"@id\":\"https:\/\/conservativenthusiast.com\/en\/interview-tce-1-le-rocher\/#breadcrumb\"},\"inLanguage\":\"en-GB\",\"potentialAction\":[{\"@type\":\"ReadAction\",\"target\":[\"https:\/\/conservativenthusiast.com\/en\/interview-tce-1-le-rocher\/\"]}]},{\"@type\":\"ImageObject\",\"inLanguage\":\"en-GB\",\"@id\":\"https:\/\/conservativenthusiast.com\/en\/interview-tce-1-le-rocher\/#primaryimage\",\"url\":\"https:\/\/conservativenthusiast.com\/wp-content\/uploads\/2020\/09\/Le-Rocher-Institut.jpg\",\"contentUrl\":\"https:\/\/conservativenthusiast.com\/wp-content\/uploads\/2020\/09\/Le-Rocher-Institut.jpg\",\"width\":744,\"height\":745},{\"@type\":\"BreadcrumbList\",\"@id\":\"https:\/\/conservativenthusiast.com\/en\/interview-tce-1-le-rocher\/#breadcrumb\",\"itemListElement\":[{\"@type\":\"ListItem\",\"position\":1,\"name\":\"Accueil\",\"item\":\"https:\/\/conservativenthusiast.com\/\"},{\"@type\":\"ListItem\",\"position\":2,\"name\":\"Interview TCE #1 &#8211; Le Rocher\"}]},{\"@type\":\"WebSite\",\"@id\":\"https:\/\/conservativenthusiast.com\/#website\",\"url\":\"https:\/\/conservativenthusiast.com\/\",\"name\":\"The Conservative Enthusiast\",\"description\":\"La plateforme de r\u00e9information, de partage et d&#039;apprentissage des conservateurs.\",\"publisher\":{\"@id\":\"https:\/\/conservativenthusiast.com\/#organization\"},\"potentialAction\":[{\"@type\":\"SearchAction\",\"target\":{\"@type\":\"EntryPoint\",\"urlTemplate\":\"https:\/\/conservativenthusiast.com\/?s={search_term_string}\"},\"query-input\":\"required name=search_term_string\"}],\"inLanguage\":\"en-GB\"},{\"@type\":\"Organization\",\"@id\":\"https:\/\/conservativenthusiast.com\/#organization\",\"name\":\"The Conservative Enthusiast\",\"url\":\"https:\/\/conservativenthusiast.com\/\",\"logo\":{\"@type\":\"ImageObject\",\"inLanguage\":\"en-GB\",\"@id\":\"https:\/\/conservativenthusiast.com\/#\/schema\/logo\/image\/\",\"url\":\"https:\/\/i0.wp.com\/conservativeenthusiast.com\/wp-content\/uploads\/2020\/06\/LOGO-CE-MINI.png?fit=3867%2C1180&ssl=1\",\"contentUrl\":\"https:\/\/i0.wp.com\/conservativeenthusiast.com\/wp-content\/uploads\/2020\/06\/LOGO-CE-MINI.png?fit=3867%2C1180&ssl=1\",\"width\":3867,\"height\":1180,\"caption\":\"The Conservative Enthusiast\"},\"image\":{\"@id\":\"https:\/\/conservativenthusiast.com\/#\/schema\/logo\/image\/\"}},{\"@type\":\"Person\",\"@id\":\"https:\/\/conservativenthusiast.com\/#\/schema\/person\/3edd83a60aed483f95ebc876aeac7feb\",\"name\":\"Alexis.L\",\"image\":{\"@type\":\"ImageObject\",\"inLanguage\":\"en-GB\",\"@id\":\"https:\/\/conservativenthusiast.com\/#\/schema\/person\/image\/\",\"url\":\"https:\/\/secure.gravatar.com\/avatar\/e276145ad3a64170e9c68564bb9e4280?s=96&d=mm&r=g\",\"contentUrl\":\"https:\/\/secure.gravatar.com\/avatar\/e276145ad3a64170e9c68564bb9e4280?s=96&d=mm&r=g\",\"caption\":\"Alexis.L\"},\"description\":\"Si vous appr\u00e9ciez les articles de ce r\u00e9dacteur et que vous souhaitez en d\u00e9couvrir davantage sur lui ou ses \u00e9crits, vous pouvez consulter tous ses articles en cliquant sur son pseudo ou en apprendre plus sur notre page \\\"Notre \u00e9quipe\\\". Vous pouvez \u00e9galement le suivre sur ses diff\u00e9rents r\u00e9seaux sociaux ci-dessous.\",\"url\":\"https:\/\/conservativenthusiast.com\/en\/author\/admin6171\/\"}]}<\/script>\n<!-- \/ Yoast SEO plugin. -->","yoast_head_json":{"title":"Interview TCE #1 - Le Rocher - The Conservative Enthusiast","description":"\u27bd La plateforme d'actualit\u00e9, d'information, de partage et d'apprentissage des conservateurs.","robots":{"index":"index","follow":"follow","max-snippet":"max-snippet:-1","max-image-preview":"max-image-preview:large","max-video-preview":"max-video-preview:-1"},"canonical":"https:\/\/conservativenthusiast.com\/en\/interview-tce-1-le-rocher\/","og_locale":"en_GB","og_type":"article","og_title":"Interview TCE #1 - Le Rocher - The Conservative Enthusiast","og_description":"\u27bd La plateforme d'actualit\u00e9, d'information, de partage et d'apprentissage des conservateurs.","og_url":"https:\/\/conservativenthusiast.com\/en\/interview-tce-1-le-rocher\/","og_site_name":"The Conservative Enthusiast","article_published_time":"2020-09-21T17:54:12+00:00","article_modified_time":"2020-09-27T11:25:34+00:00","og_image":[{"width":744,"height":745,"url":"https:\/\/conservativenthusiast.com\/wp-content\/uploads\/2020\/09\/Le-Rocher-Institut.jpg","type":"image\/jpeg"}],"author":"Alexis.L","twitter_card":"summary_large_image","twitter_misc":{"Written by":"Alexis.L","Estimated reading time":"7 minutes"},"schema":{"@context":"https:\/\/schema.org","@graph":[{"@type":"Article","@id":"https:\/\/conservativenthusiast.com\/en\/interview-tce-1-le-rocher\/#article","isPartOf":{"@id":"https:\/\/conservativenthusiast.com\/en\/interview-tce-1-le-rocher\/"},"author":{"name":"Alexis.L","@id":"https:\/\/conservativenthusiast.com\/#\/schema\/person\/3edd83a60aed483f95ebc876aeac7feb"},"headline":"Interview TCE #1 &#8211; Le Rocher","datePublished":"2020-09-21T17:54:12+00:00","dateModified":"2020-09-27T11:25:34+00:00","mainEntityOfPage":{"@id":"https:\/\/conservativenthusiast.com\/en\/interview-tce-1-le-rocher\/"},"wordCount":1345,"commentCount":0,"publisher":{"@id":"https:\/\/conservativenthusiast.com\/#organization"},"image":{"@id":"https:\/\/conservativenthusiast.com\/en\/interview-tce-1-le-rocher\/#primaryimage"},"thumbnailUrl":"https:\/\/conservativenthusiast.com\/wp-content\/uploads\/2020\/09\/Le-Rocher-Institut.jpg","keywords":["Interview","Politique"],"articleSection":["Interviews","Politique"],"inLanguage":"en-GB","potentialAction":[{"@type":"CommentAction","name":"Comment","target":["https:\/\/conservativenthusiast.com\/en\/interview-tce-1-le-rocher\/#respond"]}]},{"@type":"WebPage","@id":"https:\/\/conservativenthusiast.com\/en\/interview-tce-1-le-rocher\/","url":"https:\/\/conservativenthusiast.com\/en\/interview-tce-1-le-rocher\/","name":"Interview TCE #1 - Le Rocher - The Conservative Enthusiast","isPartOf":{"@id":"https:\/\/conservativenthusiast.com\/#website"},"primaryImageOfPage":{"@id":"https:\/\/conservativenthusiast.com\/en\/interview-tce-1-le-rocher\/#primaryimage"},"image":{"@id":"https:\/\/conservativenthusiast.com\/en\/interview-tce-1-le-rocher\/#primaryimage"},"thumbnailUrl":"https:\/\/conservativenthusiast.com\/wp-content\/uploads\/2020\/09\/Le-Rocher-Institut.jpg","datePublished":"2020-09-21T17:54:12+00:00","dateModified":"2020-09-27T11:25:34+00:00","description":"\u27bd La plateforme d'actualit\u00e9, d'information, de partage et d'apprentissage des conservateurs.","breadcrumb":{"@id":"https:\/\/conservativenthusiast.com\/en\/interview-tce-1-le-rocher\/#breadcrumb"},"inLanguage":"en-GB","potentialAction":[{"@type":"ReadAction","target":["https:\/\/conservativenthusiast.com\/en\/interview-tce-1-le-rocher\/"]}]},{"@type":"ImageObject","inLanguage":"en-GB","@id":"https:\/\/conservativenthusiast.com\/en\/interview-tce-1-le-rocher\/#primaryimage","url":"https:\/\/conservativenthusiast.com\/wp-content\/uploads\/2020\/09\/Le-Rocher-Institut.jpg","contentUrl":"https:\/\/conservativenthusiast.com\/wp-content\/uploads\/2020\/09\/Le-Rocher-Institut.jpg","width":744,"height":745},{"@type":"BreadcrumbList","@id":"https:\/\/conservativenthusiast.com\/en\/interview-tce-1-le-rocher\/#breadcrumb","itemListElement":[{"@type":"ListItem","position":1,"name":"Accueil","item":"https:\/\/conservativenthusiast.com\/"},{"@type":"ListItem","position":2,"name":"Interview TCE #1 &#8211; Le Rocher"}]},{"@type":"WebSite","@id":"https:\/\/conservativenthusiast.com\/#website","url":"https:\/\/conservativenthusiast.com\/","name":"The Conservative Enthusiast","description":"La plateforme de r\u00e9information, de partage et d&#039;apprentissage des conservateurs.","publisher":{"@id":"https:\/\/conservativenthusiast.com\/#organization"},"potentialAction":[{"@type":"SearchAction","target":{"@type":"EntryPoint","urlTemplate":"https:\/\/conservativenthusiast.com\/?s={search_term_string}"},"query-input":"required name=search_term_string"}],"inLanguage":"en-GB"},{"@type":"Organization","@id":"https:\/\/conservativenthusiast.com\/#organization","name":"The Conservative Enthusiast","url":"https:\/\/conservativenthusiast.com\/","logo":{"@type":"ImageObject","inLanguage":"en-GB","@id":"https:\/\/conservativenthusiast.com\/#\/schema\/logo\/image\/","url":"https:\/\/i0.wp.com\/conservativeenthusiast.com\/wp-content\/uploads\/2020\/06\/LOGO-CE-MINI.png?fit=3867%2C1180&ssl=1","contentUrl":"https:\/\/i0.wp.com\/conservativeenthusiast.com\/wp-content\/uploads\/2020\/06\/LOGO-CE-MINI.png?fit=3867%2C1180&ssl=1","width":3867,"height":1180,"caption":"The Conservative Enthusiast"},"image":{"@id":"https:\/\/conservativenthusiast.com\/#\/schema\/logo\/image\/"}},{"@type":"Person","@id":"https:\/\/conservativenthusiast.com\/#\/schema\/person\/3edd83a60aed483f95ebc876aeac7feb","name":"Alexis.L","image":{"@type":"ImageObject","inLanguage":"en-GB","@id":"https:\/\/conservativenthusiast.com\/#\/schema\/person\/image\/","url":"https:\/\/secure.gravatar.com\/avatar\/e276145ad3a64170e9c68564bb9e4280?s=96&d=mm&r=g","contentUrl":"https:\/\/secure.gravatar.com\/avatar\/e276145ad3a64170e9c68564bb9e4280?s=96&d=mm&r=g","caption":"Alexis.L"},"description":"Si vous appr\u00e9ciez les articles de ce r\u00e9dacteur et que vous souhaitez en d\u00e9couvrir davantage sur lui ou ses \u00e9crits, vous pouvez consulter tous ses articles en cliquant sur son pseudo ou en apprendre plus sur notre page \"Notre \u00e9quipe\". Vous pouvez \u00e9galement le suivre sur ses diff\u00e9rents r\u00e9seaux sociaux ci-dessous.","url":"https:\/\/conservativenthusiast.com\/en\/author\/admin6171\/"}]}},"_links":{"self":[{"href":"https:\/\/conservativenthusiast.com\/en\/wp-json\/wp\/v2\/posts\/1128"}],"collection":[{"href":"https:\/\/conservativenthusiast.com\/en\/wp-json\/wp\/v2\/posts"}],"about":[{"href":"https:\/\/conservativenthusiast.com\/en\/wp-json\/wp\/v2\/types\/post"}],"author":[{"embeddable":true,"href":"https:\/\/conservativenthusiast.com\/en\/wp-json\/wp\/v2\/users\/1"}],"replies":[{"embeddable":true,"href":"https:\/\/conservativenthusiast.com\/en\/wp-json\/wp\/v2\/comments?post=1128"}],"version-history":[{"count":8,"href":"https:\/\/conservativenthusiast.com\/en\/wp-json\/wp\/v2\/posts\/1128\/revisions"}],"predecessor-version":[{"id":1140,"href":"https:\/\/conservativenthusiast.com\/en\/wp-json\/wp\/v2\/posts\/1128\/revisions\/1140"}],"wp:featuredmedia":[{"embeddable":true,"href":"https:\/\/conservativenthusiast.com\/en\/wp-json\/wp\/v2\/media\/1134"}],"wp:attachment":[{"href":"https:\/\/conservativenthusiast.com\/en\/wp-json\/wp\/v2\/media?parent=1128"}],"wp:term":[{"taxonomy":"category","embeddable":true,"href":"https:\/\/conservativenthusiast.com\/en\/wp-json\/wp\/v2\/categories?post=1128"},{"taxonomy":"post_tag","embeddable":true,"href":"https:\/\/conservativenthusiast.com\/en\/wp-json\/wp\/v2\/tags?post=1128"}],"curies":[{"name":"wp","href":"https:\/\/api.w.org\/{rel}","templated":true}]}}