{"id":10545,"date":"2021-02-13T12:13:00","date_gmt":"2021-02-13T11:13:00","guid":{"rendered":"https:\/\/conservativeenthusiast.com\/?p=10545"},"modified":"2021-02-13T22:48:46","modified_gmt":"2021-02-13T21:48:46","slug":"interview-tce-13-jean-yves-le-gallou","status":"publish","type":"post","link":"https:\/\/conservativenthusiast.com\/en\/interview-tce-13-jean-yves-le-gallou\/","title":{"rendered":"Interview TCE #13 &#8211; Jean-Yves Le Gallou"},"content":{"rendered":"<h3 class=\"wp-block-heading\"><strong><span class=\"has-inline-color has-black-color\">1- For our readers who don't know you yet, can you present yourself ?<\/span><\/strong><\/h3>\n\n\n\n<p><\/p>\n\n\n\n<p class=\"has-text-align-justify\"><em>&#8220;Breton. Fran\u00e7ais. Europ\u00e9en. Mari\u00e9. Quatre fils. Neuf (bient\u00f4t dix) petits-enfants. ENA. Ancien d\u00e9put\u00e9 europ\u00e9en. Intellectuel identitaire. Combattant politique. Alpiniste\u2026 pour quelques ann\u00e9es encore, j\u2019esp\u00e8re.&#8221;<\/em><\/p>\n\n\n\n<p><\/p>\n\n\n\n<h3 class=\"wp-block-heading\"><strong><span class=\"has-inline-color has-black-color\">2-: Quel est votre parcours ? Votre jeunesse, vos \u00e9tudes, vos projets d\u00e9j\u00e0 r\u00e9alis\u00e9s et vos succ\u00e8s pass\u00e9s ?<\/span><\/strong><\/h3>\n\n\n\n<p><\/p>\n\n\n\n<p class=\"has-text-align-justify\"><em>&#8220;D\u2019abord, une jeunesse studieuse dans la France d\u2019avant&nbsp;: \u00e0 l\u2019\u00e9cole publique, \u00e0 l\u2019\u00e9poque o\u00f9 elle pratiquait la transmission, l\u2019\u00e9mulation, la s\u00e9lection\u2026 le monde d\u2019avant, vous dis-je. Une jeunesse studieuse, suivie de cinquante ans d\u2019engagement. J\u2019ai livr\u00e9 beaucoup de batailles d\u2019id\u00e9es. Sur l\u2019immigration, j\u2019ai cr\u00e9\u00e9 et port\u00e9 le concept de pr\u00e9f\u00e9rence nationale. Plus r\u00e9cemment, dans les ann\u00e9es 2000, j\u2019ai \u00e9t\u00e9 \u00e0 l\u2019origine de la critique de la tyrannie m\u00e9diatique, de la r\u00e9information et de nombreux m\u00e9dias alternatifs.&#8221;<\/em><\/p>\n\n\n\n<p><\/p>\n\n\n\n<h3 class=\"wp-block-heading\"><strong><span class=\"has-inline-color has-black-color\">3-: Qu&#8217;est-ce qui vous a amen\u00e9 \u00e0 lancer votre projet ? Quelles sont les \u00e9tapes qui vous y ont men\u00e9es ?<\/span><\/strong><\/h3>\n\n\n\n<p><\/p>\n\n\n\n<p class=\"has-text-align-justify\"><em>&#8220;Mon premier engagement a \u00e9t\u00e9 une r\u00e9action aux d\u00e9constructeurs de Mai&nbsp;68. Le 30&nbsp;avril 1968, j\u2019\u00e9tais un jeune homme mod\u00e9r\u00e9, fort respectueux de l\u2019autorit\u00e9 et des pouvoirs \u00e9tablis. Puis j\u2019ai assist\u00e9 au grand carnaval, m\u00e9dus\u00e9 devant la faiblesse et la l\u00e2chet\u00e9 des \u00e9lites et des autorit\u00e9s. Apr\u00e8s un mois de chienlit (dixit de&nbsp;Gaulle) j\u2019\u00e9tais entr\u00e9 en dissidence, appel\u00e9 \u00e0 \u00eatre class\u00e9 \u00e0 l\u2019\u00ab&nbsp;extr\u00eame droite&nbsp;\u00bb, selon le vocabulaire diabolisant, pour le restant de ma vie.&#8221;<\/em><\/p>\n\n\n\n<p class=\"has-text-align-justify\"><\/p>\n\n\n\n<h3 class=\"wp-block-heading\"><strong><span class=\"has-inline-color has-black-color\">4-: <strong><strong>Can you explain to us more in details what are your projects about<\/strong><\/strong><\/span><\/strong><span class=\"has-inline-color has-black-color\"><strong>and why are you doing what you're doing ?<\/strong><\/span><\/h3>\n\n\n\n<p><\/p>\n\n\n\n<p class=\"has-text-align-justify\"><em>&#8220;Avec l\u2019Institut Iliade (<a href=\"https:\/\/institut-iliade.com\/\">https:\/\/institut-iliade.com\/<\/a>), j\u2019entends participer au grand ressourcement de notre civilisation.<\/em><\/p>\n\n\n\n<p class=\"has-text-align-justify\"><em>Avec la fondation Pol\u00e9mia (<a href=\"https:\/\/www.polemia.com\/\">https:\/\/www.polemia.com\/<\/a>), il s\u2019agit d\u2019armer intellectuellement et moralement contre le politiquement correct et de d\u00e9velopper des r\u00e9flexions sur la souverainet\u00e9 et l\u2019identit\u00e9.<\/em><\/p>\n\n\n\n<p class=\"has-text-align-justify\"><em>Sur TV Libert\u00e9s (<a href=\"https:\/\/www.tvlibertes.com\/\">https:\/\/www.tvlibertes.com\/<\/a>), avec \u00ab&nbsp;I-Media&nbsp;\u00bb, je proc\u00e8de \u00e0 la critique hebdomadaire de la d\u00e9sinformation m\u00e9diatique. Une d\u00e9sinformation m\u00e9diatique qui a sa manifestation annuelle avec la c\u00e9r\u00e9monie des Bobards d\u2019Or (<a href=\"https:\/\/bobards-dor.fr\/\">https:\/\/bobards-dor.fr\/<\/a>).&#8221;<\/em><\/p>\n\n\n\n<p><\/p>\n\n\n\n<figure class=\"wp-block-image size-large\"><img decoding=\"async\" width=\"800\" height=\"450\" src=\"https:\/\/conservativenthusiast.com\/wp-content\/uploads\/2021\/02\/jean-yves-le-gallou-ter.jpg\" alt=\"Jean-Yves Le Gallou\" class=\"wp-image-10550\" srcset=\"https:\/\/conservativenthusiast.com\/wp-content\/uploads\/2021\/02\/jean-yves-le-gallou-ter.jpg 800w, https:\/\/conservativenthusiast.com\/wp-content\/uploads\/2021\/02\/jean-yves-le-gallou-ter-480x270.jpg 480w\" sizes=\"(min-width: 0px) and (max-width: 480px) 480px, (min-width: 481px) 800px, 100vw\" \/><\/figure>\n\n\n\n<p><\/p>\n\n\n\n<h3 class=\"wp-block-heading\"><strong><span class=\"has-inline-color has-black-color\">5-: <\/span><\/strong><span class=\"has-inline-color has-black-color\"><strong>What are your main sources of inspiration ? Who or what have had a big influence on you ?<\/strong><\/span><\/h3>\n\n\n\n<p><\/p>\n\n\n\n<p class=\"has-text-align-justify\"><em>&#8220;J\u2019ai re\u00e7u ma premi\u00e8re formation dans les ann\u00e9es 1970 au GRECE, le Groupement de recherches et d\u2019\u00e9tudes pour la civilisation europ\u00e9enne, une <\/em> <em>branche de ce qu\u2019on a appel\u00e9 plus tard avec le Club de l\u2019Horloge et Le Figaro Magazine (\u00e9poque Pauwels) la Nouvelle Droite. Parmi les auteurs que je juge les plus importants, Nietzsche, bien s\u00fbr, mais aussi Georges Dum\u00e9zil, Konrad Lorenz, Robert Ardrey, Carl Schmitt et Julien Freud. Et parmi les contemporains, Alain de Benoist, Dominique Venner, Renaud Camus et Fran\u00e7ois Bousquet. Ce n\u2019est pas une liste exhaustive&nbsp;! &#8220;<\/em><\/p>\n\n\n\n<p><\/p>\n\n\n\n<h3 class=\"wp-block-heading\"><span class=\"has-inline-color has-black-color\"><strong>6-: What is conservatism in your opinion? And do you think it is important today?<\/strong><\/span><\/h3>\n\n\n\n<p><\/p>\n\n\n\n<p class=\"has-text-align-justify\"><em>&#8220;Il me semble que la vie suppose innovation et maintien. Une tradition, c\u2019est d\u2019ailleurs une innovation qui a \u00e9t\u00e9 s\u00e9lectionn\u00e9e par le temps et qui a \u00e9t\u00e9 utile dans l\u2019\u00e9volution de la communaut\u00e9 qui la porte. De ce point de vue, j\u2019aime bien la d\u00e9finition d\u2019Hannah Arendt&nbsp;: \u00ab&nbsp;C\u2019est pour pr\u00e9server ce qui est neuf et r\u00e9volutionnaire dans chaque enfant que <a href=\"https:\/\/citations.institut-iliade.com\/citations\/citations-sur-leducation\/\">l\u2019\u00e9ducation<\/a> doit \u00eatre <a href=\"https:\/\/citations.institut-iliade.com\/citations-et-proverbes\/citations-sur-le-conservatisme\/\">conservatrice<\/a>, c\u2019est-\u00e0-dire assurer \u201cla continuit\u00e9 du&nbsp;monde\u201d.&nbsp;\u00bb C\u2019est dire si le conservatisme est important face aux folies de la \u00ab&nbsp;cancel culture.&#8221;<\/em><\/p>\n\n\n\n<p><\/p>\n\n\n\n<h3 class=\"wp-block-heading\"><span class=\"has-inline-color has-black-color\"><strong>7-: What do you think of the current context of society in Europe? And on a global scale?<\/strong><\/span><\/h3>\n\n\n\n<p><\/p>\n\n\n\n<p class=\"has-text-align-justify\"><em>&#8220;<strong>Nous sommes \u00e0 l\u2019\u00e8re des d\u00e9lires id\u00e9ologiques<\/strong>. Il n\u2019y a plus de races mais les Blancs sont des salauds, coupables des malheurs du monde. Chacun peut choisir son \u00ab&nbsp;genre&nbsp;\u00bb et Il n\u2019y a plus de diff\u00e9rence homme\/femme, mais l\u2019homme blanc h\u00e9t\u00e9rosexuel reste \u00e0 \u00e9liminer, hier apr\u00e8s 50&nbsp;ans, aujourd\u2019hui \u00e0 partir de 30&nbsp;ans. Il faut abattre le patriarcat tout en important des millions d\u2019immigr\u00e9s venus d\u2019Afrique ou du monde arabo-musulman. Le gaz carbonique est responsable du r\u00e9chauffement anthropique de la Terre mais il faut fermer les centrales nucl\u00e9aires, l\u2019\u00e9nergie qui rejette le moins de carbone (le solaire et l\u2019\u00e9olien sont tr\u00e8s polluants et supposent d\u2019\u00eatre compl\u00e9t\u00e9s par des centrales thermiques). Toutes ces folies ne sont possibles qu\u2019adoss\u00e9es \u00e0 une propagande permanente coupl\u00e9e avec une censure de plus en plus\u2026 vigilante. La gauche n\u2019est pas seulement caviar, elle caviarde.&#8221;<\/em><\/p>\n\n\n\n<p class=\"has-text-align-justify\"><\/p>\n\n\n\n<h3 class=\"wp-block-heading\"><span class=\"has-inline-color has-black-color\"><strong>8-: Si vous deviez donner 5 \u00e9l\u00e9ments sur lesquels tout Fran\u00e7ais ou Europ\u00e9en devrait s\u00e9rieusement travailler au niveau individuel, lesquels seraient-ils ?<\/strong><\/span><\/h3>\n\n\n\n<p><\/p>\n\n\n\n<p class=\"has-text-align-justify\"><em>&#8220;1 &#8211; Cultiver l\u2019esprit critique&nbsp;: chercher syst\u00e9matiquement les diff\u00e9rents aspects d\u2019un sujet ou d\u2019une information.<\/em><\/p>\n\n\n\n<p class=\"has-text-align-justify\"><em>2 &#8211; Quand on \u00e9l\u00e8ve des jeunes enfants, les \u00e9loigner autant que faire se peut des \u00e9crans.<\/em><\/p>\n\n\n\n<p class=\"has-text-align-justify\"><em>3 &#8211; Accepter et d\u00e9velopper une culture du risque dans le sport, dans l\u2019expression publique, dans la vie \u00e9conomique, dans la vie tout court. L\u2019attitude dominante vis-\u00e0-vis du Covid est idiote&nbsp;: ne pas vivre pour ne pas mourir est absurde car la mort est ins\u00e9parable de la vie&nbsp;!<\/em><\/p>\n\n\n\n<p class=\"has-text-align-justify\"><em>4 &#8211; Refuser toute diabolisation des id\u00e9es conservatrices et identitaires.<\/em><\/p>\n\n\n\n<p class=\"has-text-align-justify\"><em>5 &#8211; Se former.&#8221;<\/em><\/p>\n\n\n\n<h3 class=\"wp-block-heading\"><span class=\"has-inline-color has-black-color\"><strong>9-: Can you share with us your feelings about today's youth?<\/strong><\/span><\/h3>\n\n\n\n<p><\/p>\n\n\n\n<p class=\"has-text-align-justify\"><em>&#8220;Si je la jouais vieux grognon, je la dirais vautr\u00e9e, surtout avec la dictature sanitaire li\u00e9e au Covid. Mais ce n\u2019est pas le cas de la jeunesse que je rencontre, la jeunesse engag\u00e9e, conservatrice ou identitaire qui veut r\u00e9agir \u00e0 l\u2019inacceptable qu\u2019on lui pr\u00e9pare, en se ressour\u00e7ant.&#8221;<\/em><\/p>\n\n\n\n<p><\/p>\n\n\n\n<h3 class=\"wp-block-heading\"><span class=\"has-inline-color has-black-color\"><strong>10-: Beaucoup de jeunes cherchent \u00e0 renouer avec leur h\u00e9ritage, quel est le meilleur moyen selon vous d&#8217;y parvenir ?<\/strong><\/span><\/h3>\n\n\n\n<p><\/p>\n\n\n\n<p class=\"has-text-align-justify\"><em>&#8220;La lecture. L\u2019acc\u00e8s aux grands textes, ce qu\u2019on appelait jadis les \u00ab&nbsp;humanit\u00e9s&nbsp;\u00bb. Hom\u00e8re. Shakespeare. Corneille. Stendhal. Balzac. La red\u00e9couverte de l\u2019histoire..&#8221;<\/em><\/p>\n\n\n\n<p><\/p>\n\n\n\n<h3 class=\"wp-block-heading\"><span class=\"has-inline-color has-black-color\"><strong>11-: What are the main dangers that threaten European civilization in your opinion?<\/strong><\/span><\/h3>\n\n\n\n<p><\/p>\n\n\n\n<p>&#8220;Je citerai Renaud Camus, le Grand Remplacement&nbsp;:<\/p>\n\n\n\n<p class=\"has-text-align-justify\"><em>&#8211; d\u00e9mographique&nbsp;: 38&nbsp;% des naissances en France ne sont pas d\u2019origine europ\u00e9enne&nbsp;; &#8211; civilisationnel&nbsp;: plus de 20&nbsp;% des pr\u00e9noms donn\u00e9s aux nouveau-n\u00e9s gar\u00e7ons sont musulmans. L\u2019islamisation (voile islamique, halal, mosqu\u00e9es, ramadan) est galopante.&#8221;<\/em><\/p>\n\n\n\n<p><\/p>\n\n\n\n<h3 class=\"wp-block-heading\"><span class=\"has-inline-color has-black-color\"><strong>12-: What are the main hopes and levers to overcome these threats?<\/strong><\/span><\/h3>\n\n\n\n<p><\/p>\n\n\n\n<p class=\"has-text-align-justify\"><em>&#8220;La prise de conscience. La capacit\u00e9 de dire non. Le d\u00e9veloppement d\u2019une parole libre malgr\u00e9 la propagande m\u00e9diatique et la censure des r\u00e9seaux sociaux. Et le succ\u00e8s de plus en plus grand des instances de formation&nbsp;: ISSEP, IFP, Institut Iliade. Comme des universit\u00e9s d\u2019\u00e9t\u00e9&nbsp;: des Identitaires, d\u2019Academia Christiana, de l\u2019Action fran\u00e7aise. Chaque ann\u00e9e, 1&nbsp;000&nbsp;jeunes se forment et se rencontrent. C\u2019est une source d\u2019espoir<\/em>.<em> &#8221; <\/em><\/p>\n\n\n\n<p><\/p>\n\n\n\n<h3 class=\"wp-block-heading\"><span class=\"has-inline-color has-black-color\"><strong>13-: Quels sont les personnalit\u00e9s, auteurs, initiatives ou organisations qui paraissent dignes d&#8217;int\u00e9r\u00eat aujourd&#8217;hui selon vous ?<\/strong><\/span><\/h3>\n\n\n\n<p><\/p>\n\n\n\n<p class=\"has-text-align-justify\"><em>&#8220;Les partis politiques n\u2019existent plus. Il y a juste quelques vieilles vedettes m\u00e9diatiques qui s\u2019agitent mais hurlent avec les loups d\u00e8s qu\u2019on leur demande d\u2019aboyer&nbsp;! La seule personnalit\u00e9 qui a du fond et du courage est pour le moment sur l\u2019Aventin&nbsp;: c\u2019est Marion Mar\u00e9chal.<\/em><\/p>\n\n\n\n<p class=\"has-text-align-justify\"><em>En revanche, il y a beaucoup de mouvements de terrain d\u2019esprit dissident qu\u2019il faut rejoindre pour agir. Au choix&nbsp;: contre l\u2019immigration ou l\u2019islamisation, la d\u00e9fense du patrimoine (les paysages plus que les \u00e9oliennes), le patrimoine, les \u00e9glises, le refus de la dictature LGBT. Et j\u2019en passe. Il faut agir mais, avant d\u2019agir, il faut se former. C\u2019est notamment la vocation de l\u2019Institut Iliade, l\u2019\u00e9cole des cadres de la renaissance europ\u00e9enne.&#8221;<\/em><\/p>\n\n\n\n<p><\/p>\n\n\n\n<h3 class=\"wp-block-heading\"><span class=\"has-inline-color has-black-color\"><strong>14-:<\/strong> <strong>Y a t-il un sujet qui vous para\u00eet d\u00e9laiss\u00e9 aujourd&#8217;hui ou que vous consid\u00e9rez ne pas voir suffisamment dans les m\u00e9dias ou le d\u00e9bat public ?<\/strong><\/span><\/h3>\n\n\n\n<p><\/p>\n\n\n\n<p class=\"has-text-align-justify\"><em>&#8220;Tous les sujets qui nous sont chers font l\u2019objet de diabolisation et de censure. Il faut refuser radicalement cette diabolisation et diaboliser nos diabolisateurs. C\u2019est le th\u00e8me du <em>Manuel de lutte contre la diabolisation <\/em>publi\u00e9 par l\u2019Institut Iliade \u00e0 La Nouvelle Librairie<\/em>. <em>&#8220;<\/em><\/p>\n\n\n\n<p><\/p>\n\n\n\n<h3 class=\"wp-block-heading\"><span class=\"has-inline-color has-black-color\"><strong>15-:<\/strong> <strong>Pouvez-vous nous donner un contenu (cela peut \u00eatre un livre, un film ou tout autre) qui selon vous, vous repr\u00e9sente, ou auquel vous tenez <strong>ou qu\u2019il vous semble imp\u00e9ratif de conna\u00eetre&nbsp;?<\/strong><\/strong><\/span><\/h3>\n\n\n\n<p><\/p>\n\n\n\n<p class=\"has-text-align-justify\"><em><em>&#8220;Le Seigneur des anneaux<\/em> de Tolkien. Le livre, bien s\u00fbr, mais aussi les trois tomes du film de Peter Jackson, tourn\u00e9 en Nouvelle-Z\u00e9lande, et tr\u00e8s fid\u00e8le \u00e0 l\u2019esprit du livre&nbsp;: peuples de l\u2019Ouest, levez-vous&nbsp;!&#8221;<\/em><\/p>\n\n\n\n<p><\/p>\n\n\n\n<h3 class=\"wp-block-heading\"><span class=\"has-inline-color has-black-color\"><strong>16-:<\/strong> <strong>What do you think you can bring to someone who is just discovering you?<\/strong><\/span><\/h3>\n\n\n\n<p><\/p>\n\n\n\n<p class=\"has-text-align-justify\"><em>&#8220;La dur\u00e9e. La constance. L\u2019insoumission. L\u2019esprit de r\u00e9sistance. Et de solidarit\u00e9&nbsp;: politiquement incorrects de toutes tendances, unissez-vous et, \u00e0 tout le moins, m\u00e9nagez-vous&nbsp;!&#8221;<\/em><\/p>\n\n\n\n<p><\/p>\n\n\n\n<h3 class=\"wp-block-heading\"><span class=\"has-inline-color has-black-color\"><strong>17-: Que conseillez-vous comme source d&#8217;information, quel est le meilleur moyen de rester inform\u00e9 ?<\/strong><\/span><\/h3>\n\n\n\n<p><\/p>\n\n\n\n<p><em>&#8220;Mes recommandations&nbsp;?<\/em><\/p>\n\n\n\n<p><em>1 &#8211; La lecture de livres fondamentaux pour prendre du recul et d\u00e9velopper son esprit critique.<\/em><\/p>\n\n\n\n<p><em>2 &#8211; Le suivi des m\u00e9dias alternatifs.&#8221;<\/em><\/p>\n\n\n\n<p><\/p>\n\n\n\n<h3 class=\"wp-block-heading\"><span class=\"has-inline-color has-black-color\"><strong>18-: Quels sont vos projets \u00e0 l&#8217;avenir ? Dans les prochaines semaines et mois, \u00e0 court terme, mais \u00e9galement votre vision \u00e0 long terme<\/strong>.<\/span><\/h3>\n\n\n\n<p><\/p>\n\n\n\n<p><em>&#8220;Mon calendrier proche est rythm\u00e9 par les manifestations publiques de Pol\u00e9mia et de l\u2019Institut Iliade.<\/em><\/p>\n\n\n\n<p class=\"has-text-align-justify\"><em>Samedi 10&nbsp;avril&nbsp;: VIII<sup>e<\/sup>&nbsp;colloque de l\u2019Institut Iliade, \u00ab&nbsp;Au-del\u00e0 du march\u00e9&nbsp;: l\u2019\u00e9conomie au service des peuples&nbsp;\u00bb, dans le cadre prestigieux de la Maison de la chimie \u00e0 Paris.<\/em><\/p>\n\n\n\n<p class=\"has-text-align-justify\"><em>Lundi 14&nbsp;juin&nbsp;: XII<sup> e<\/sup>&nbsp;c\u00e9r\u00e9monie des Bobards d\u2019Or au th\u00e9\u00e2tre du Gymnase. Pour les ann\u00e9es \u00e0 venir, une grande <strong>radicalit\u00e9 me para\u00eet n\u00e9cessaire pour mettre un terme aux d\u00e9lires id\u00e9ologiques de l\u2019oligarchie qui gouverne<\/strong>. Il faut siffler la fin du grand carnaval. Balayer l\u2019id\u00e9ologie arc-en-ciel, LGBTQ, immigrationniste, alarmiste climatique, d\u00e9constructionniste.&#8221;<\/em><\/p>\n\n\n\n<p><\/p>\n\n\n\n<h3 class=\"wp-block-heading\"><span class=\"has-inline-color has-black-color\"><strong>19-: O\u00f9 peut-on vous suivre ? Sur quel m\u00e9dia ou r\u00e9seau \u00eates-vous le plus actif ?<\/strong><\/span><\/h3>\n\n\n\n<p><\/p>\n\n\n\n<p class=\"has-text-align-justify\"><em>&#8220;Bien s\u00fbr, sur les sites de TV Libert\u00e9s, de Pol\u00e9mia, de l\u2019Institut Iliade.<\/em><\/p>\n\n\n\n<p class=\"has-text-align-justify\"><em>Plus directement sur ma cha\u00eene YouTube <a href=\"https:\/\/www.youtube.com\/channel\/UC6uo3uVzDvJVzrJ2DdmZT5Q\">https:\/\/www.youtube.com\/channel\/UC6uo3uVzDvJVzrJ2DdmZT5Q<\/a>,<\/em><\/p>\n\n\n\n<p><em>mon compte Twitter <a href=\"https:\/\/twitter.com\/jylgallou\">https:\/\/twitter.com\/jylgallou<\/a><\/em><\/p>\n\n\n\n<p class=\"has-text-align-justify\"><em>et, comme on n\u2019est jamais trop prudent, mon compte Telegram <a href=\"https:\/\/t.me\/jylgallou\">https:\/\/t.me\/jylgallou<\/a>.&#8221;<\/em><\/p>\n\n\n\n<p><\/p>\n\n\n\n<h3 class=\"wp-block-heading\"><span class=\"has-inline-color has-black-color\"><strong>20-: Un mot pour la fin ?<\/strong><\/span><\/h3>\n\n\n\n<p><\/p>\n\n\n\n<p><em>&#8220;Ne jamais mettre le genou \u00e0 terre&nbsp;!<\/em><\/p>\n\n\n\n<p><em>Ne jamais plier&nbsp;!<\/em><\/p>\n\n\n\n<p><em>Faire face&nbsp;!<\/em><\/p>\n\n\n\n<p><em>Et se pr\u00e9parer moralement et dans sa t\u00eate aux in\u00e9luctables affrontements qui viennent.&#8221;<\/em><\/p>\n\n\n\n<p><\/p>\n\n\n\n<p><\/p>\n\n\n\n<p><\/p>","protected":false},"excerpt":{"rendered":"<p>1- Pour nos lecteurs qui ne vous connaissent pas encore, pr\u00e9sentez-vous. &#8220;Breton. Fran\u00e7ais. Europ\u00e9en. Mari\u00e9. Quatre fils. Neuf (bient\u00f4t dix) [&hellip;]<\/p>","protected":false},"author":1,"featured_media":10551,"comment_status":"open","ping_status":"open","sticky":false,"template":"","format":"standard","meta":{"_et_pb_use_builder":"off","_et_pb_old_content":"","_et_gb_content_width":"","_exactmetrics_skip_tracking":false,"_exactmetrics_sitenote_active":false,"_exactmetrics_sitenote_note":"","_exactmetrics_sitenote_category":0,"footnotes":""},"categories":[21],"tags":[233,22,232,234],"yoast_head":"<!-- This site is optimized with the Yoast SEO plugin v22.3 - https:\/\/yoast.com\/wordpress\/plugins\/seo\/ -->\n<title>Interview TCE #13 - Jean-Yves Le Gallou - The Conservative Enthusiast<\/title>\n<meta name=\"description\" content=\"\u27bd Interview de Jean-Yves Le Gallou sur TCE : La plateforme de r\u00e9information, de partage et d&#039;apprentissage des conservateurs.\" \/>\n<meta name=\"robots\" content=\"index, follow, max-snippet:-1, max-image-preview:large, max-video-preview:-1\" \/>\n<link rel=\"canonical\" href=\"https:\/\/conservativenthusiast.com\/en\/interview-tce-13-jean-yves-le-gallou\/\" \/>\n<meta property=\"og:locale\" content=\"en_GB\" \/>\n<meta property=\"og:type\" content=\"article\" \/>\n<meta property=\"og:title\" content=\"Interview TCE #13 - Jean-Yves Le Gallou - The Conservative Enthusiast\" \/>\n<meta property=\"og:description\" content=\"\u27bd Interview de Jean-Yves Le Gallou sur TCE : La plateforme de r\u00e9information, de partage et d&#039;apprentissage des conservateurs.\" \/>\n<meta property=\"og:url\" content=\"https:\/\/conservativenthusiast.com\/en\/interview-tce-13-jean-yves-le-gallou\/\" \/>\n<meta property=\"og:site_name\" content=\"The Conservative Enthusiast\" \/>\n<meta property=\"article:published_time\" content=\"2021-02-13T11:13:00+00:00\" \/>\n<meta property=\"article:modified_time\" content=\"2021-02-13T21:48:46+00:00\" \/>\n<meta property=\"og:image\" content=\"https:\/\/conservativenthusiast.com\/wp-content\/uploads\/2021\/02\/jean-yves-le-gallou.jpg\" \/>\n\t<meta property=\"og:image:width\" content=\"800\" \/>\n\t<meta property=\"og:image:height\" content=\"450\" \/>\n\t<meta property=\"og:image:type\" content=\"image\/jpeg\" \/>\n<meta name=\"author\" content=\"Alexis.L\" \/>\n<meta name=\"twitter:card\" content=\"summary_large_image\" \/>\n<meta name=\"twitter:label1\" content=\"Written by\" \/>\n\t<meta name=\"twitter:data1\" content=\"Alexis.L\" \/>\n\t<meta name=\"twitter:label2\" content=\"Estimated reading time\" \/>\n\t<meta name=\"twitter:data2\" content=\"7 minutes\" \/>\n<script type=\"application\/ld+json\" class=\"yoast-schema-graph\">{\"@context\":\"https:\/\/schema.org\",\"@graph\":[{\"@type\":\"Article\",\"@id\":\"https:\/\/conservativenthusiast.com\/interview-tce-13-jean-yves-le-gallou\/#article\",\"isPartOf\":{\"@id\":\"https:\/\/conservativenthusiast.com\/interview-tce-13-jean-yves-le-gallou\/\"},\"author\":{\"name\":\"Alexis.L\",\"@id\":\"https:\/\/conservativenthusiast.com\/#\/schema\/person\/3edd83a60aed483f95ebc876aeac7feb\"},\"headline\":\"Interview TCE #13 &#8211; Jean-Yves Le Gallou\",\"datePublished\":\"2021-02-13T11:13:00+00:00\",\"dateModified\":\"2021-02-13T21:48:46+00:00\",\"mainEntityOfPage\":{\"@id\":\"https:\/\/conservativenthusiast.com\/interview-tce-13-jean-yves-le-gallou\/\"},\"wordCount\":1859,\"commentCount\":0,\"publisher\":{\"@id\":\"https:\/\/conservativenthusiast.com\/#organization\"},\"image\":{\"@id\":\"https:\/\/conservativenthusiast.com\/interview-tce-13-jean-yves-le-gallou\/#primaryimage\"},\"thumbnailUrl\":\"https:\/\/conservativenthusiast.com\/wp-content\/uploads\/2021\/02\/jean-yves-le-gallou.jpg\",\"keywords\":[\"Institut Illiade\",\"Interview\",\"Jean-Yves Le Gallou\",\"Pol\u00e9mia\"],\"articleSection\":[\"Interviews\"],\"inLanguage\":\"en-GB\",\"potentialAction\":[{\"@type\":\"CommentAction\",\"name\":\"Comment\",\"target\":[\"https:\/\/conservativenthusiast.com\/interview-tce-13-jean-yves-le-gallou\/#respond\"]}]},{\"@type\":\"WebPage\",\"@id\":\"https:\/\/conservativenthusiast.com\/interview-tce-13-jean-yves-le-gallou\/\",\"url\":\"https:\/\/conservativenthusiast.com\/interview-tce-13-jean-yves-le-gallou\/\",\"name\":\"Interview TCE #13 - Jean-Yves Le Gallou - The Conservative Enthusiast\",\"isPartOf\":{\"@id\":\"https:\/\/conservativenthusiast.com\/#website\"},\"primaryImageOfPage\":{\"@id\":\"https:\/\/conservativenthusiast.com\/interview-tce-13-jean-yves-le-gallou\/#primaryimage\"},\"image\":{\"@id\":\"https:\/\/conservativenthusiast.com\/interview-tce-13-jean-yves-le-gallou\/#primaryimage\"},\"thumbnailUrl\":\"https:\/\/conservativenthusiast.com\/wp-content\/uploads\/2021\/02\/jean-yves-le-gallou.jpg\",\"datePublished\":\"2021-02-13T11:13:00+00:00\",\"dateModified\":\"2021-02-13T21:48:46+00:00\",\"description\":\"\u27bd Interview de Jean-Yves Le Gallou sur TCE : La plateforme de r\u00e9information, de partage et d'apprentissage des conservateurs.\",\"breadcrumb\":{\"@id\":\"https:\/\/conservativenthusiast.com\/interview-tce-13-jean-yves-le-gallou\/#breadcrumb\"},\"inLanguage\":\"en-GB\",\"potentialAction\":[{\"@type\":\"ReadAction\",\"target\":[\"https:\/\/conservativenthusiast.com\/interview-tce-13-jean-yves-le-gallou\/\"]}]},{\"@type\":\"ImageObject\",\"inLanguage\":\"en-GB\",\"@id\":\"https:\/\/conservativenthusiast.com\/interview-tce-13-jean-yves-le-gallou\/#primaryimage\",\"url\":\"https:\/\/conservativenthusiast.com\/wp-content\/uploads\/2021\/02\/jean-yves-le-gallou.jpg\",\"contentUrl\":\"https:\/\/conservativenthusiast.com\/wp-content\/uploads\/2021\/02\/jean-yves-le-gallou.jpg\",\"width\":800,\"height\":450,\"caption\":\"Jean-Yves Le Gallou\"},{\"@type\":\"BreadcrumbList\",\"@id\":\"https:\/\/conservativenthusiast.com\/interview-tce-13-jean-yves-le-gallou\/#breadcrumb\",\"itemListElement\":[{\"@type\":\"ListItem\",\"position\":1,\"name\":\"Accueil\",\"item\":\"https:\/\/conservativenthusiast.com\/\"},{\"@type\":\"ListItem\",\"position\":2,\"name\":\"Interview TCE #13 &#8211; Jean-Yves Le Gallou\"}]},{\"@type\":\"WebSite\",\"@id\":\"https:\/\/conservativenthusiast.com\/#website\",\"url\":\"https:\/\/conservativenthusiast.com\/\",\"name\":\"The Conservative Enthusiast\",\"description\":\"La plateforme de r\u00e9information, de partage et d&#039;apprentissage des conservateurs.\",\"publisher\":{\"@id\":\"https:\/\/conservativenthusiast.com\/#organization\"},\"potentialAction\":[{\"@type\":\"SearchAction\",\"target\":{\"@type\":\"EntryPoint\",\"urlTemplate\":\"https:\/\/conservativenthusiast.com\/?s={search_term_string}\"},\"query-input\":\"required name=search_term_string\"}],\"inLanguage\":\"en-GB\"},{\"@type\":\"Organization\",\"@id\":\"https:\/\/conservativenthusiast.com\/#organization\",\"name\":\"The Conservative Enthusiast\",\"url\":\"https:\/\/conservativenthusiast.com\/\",\"logo\":{\"@type\":\"ImageObject\",\"inLanguage\":\"en-GB\",\"@id\":\"https:\/\/conservativenthusiast.com\/#\/schema\/logo\/image\/\",\"url\":\"https:\/\/i0.wp.com\/conservativeenthusiast.com\/wp-content\/uploads\/2020\/06\/LOGO-CE-MINI.png?fit=3867%2C1180&ssl=1\",\"contentUrl\":\"https:\/\/i0.wp.com\/conservativeenthusiast.com\/wp-content\/uploads\/2020\/06\/LOGO-CE-MINI.png?fit=3867%2C1180&ssl=1\",\"width\":3867,\"height\":1180,\"caption\":\"The Conservative Enthusiast\"},\"image\":{\"@id\":\"https:\/\/conservativenthusiast.com\/#\/schema\/logo\/image\/\"}},{\"@type\":\"Person\",\"@id\":\"https:\/\/conservativenthusiast.com\/#\/schema\/person\/3edd83a60aed483f95ebc876aeac7feb\",\"name\":\"Alexis.L\",\"image\":{\"@type\":\"ImageObject\",\"inLanguage\":\"en-GB\",\"@id\":\"https:\/\/conservativenthusiast.com\/#\/schema\/person\/image\/\",\"url\":\"https:\/\/secure.gravatar.com\/avatar\/e276145ad3a64170e9c68564bb9e4280?s=96&d=mm&r=g\",\"contentUrl\":\"https:\/\/secure.gravatar.com\/avatar\/e276145ad3a64170e9c68564bb9e4280?s=96&d=mm&r=g\",\"caption\":\"Alexis.L\"},\"description\":\"Si vous appr\u00e9ciez les articles de ce r\u00e9dacteur et que vous souhaitez en d\u00e9couvrir davantage sur lui ou ses \u00e9crits, vous pouvez consulter tous ses articles en cliquant sur son pseudo ou en apprendre plus sur notre page \\\"Notre \u00e9quipe\\\". Vous pouvez \u00e9galement le suivre sur ses diff\u00e9rents r\u00e9seaux sociaux ci-dessous.\",\"url\":\"https:\/\/conservativenthusiast.com\/en\/author\/admin6171\/\"}]}<\/script>\n<!-- \/ Yoast SEO plugin. -->","yoast_head_json":{"title":"Interview TCE #13 - Jean-Yves Le Gallou - The Conservative Enthusiast","description":"\u27bd Interview de Jean-Yves Le Gallou sur TCE : La plateforme de r\u00e9information, de partage et d'apprentissage des conservateurs.","robots":{"index":"index","follow":"follow","max-snippet":"max-snippet:-1","max-image-preview":"max-image-preview:large","max-video-preview":"max-video-preview:-1"},"canonical":"https:\/\/conservativenthusiast.com\/en\/interview-tce-13-jean-yves-le-gallou\/","og_locale":"en_GB","og_type":"article","og_title":"Interview TCE #13 - Jean-Yves Le Gallou - The Conservative Enthusiast","og_description":"\u27bd Interview de Jean-Yves Le Gallou sur TCE : La plateforme de r\u00e9information, de partage et d'apprentissage des conservateurs.","og_url":"https:\/\/conservativenthusiast.com\/en\/interview-tce-13-jean-yves-le-gallou\/","og_site_name":"The Conservative Enthusiast","article_published_time":"2021-02-13T11:13:00+00:00","article_modified_time":"2021-02-13T21:48:46+00:00","og_image":[{"width":800,"height":450,"url":"https:\/\/conservativenthusiast.com\/wp-content\/uploads\/2021\/02\/jean-yves-le-gallou.jpg","type":"image\/jpeg"}],"author":"Alexis.L","twitter_card":"summary_large_image","twitter_misc":{"Written by":"Alexis.L","Estimated reading time":"7 minutes"},"schema":{"@context":"https:\/\/schema.org","@graph":[{"@type":"Article","@id":"https:\/\/conservativenthusiast.com\/interview-tce-13-jean-yves-le-gallou\/#article","isPartOf":{"@id":"https:\/\/conservativenthusiast.com\/interview-tce-13-jean-yves-le-gallou\/"},"author":{"name":"Alexis.L","@id":"https:\/\/conservativenthusiast.com\/#\/schema\/person\/3edd83a60aed483f95ebc876aeac7feb"},"headline":"Interview TCE #13 &#8211; Jean-Yves Le Gallou","datePublished":"2021-02-13T11:13:00+00:00","dateModified":"2021-02-13T21:48:46+00:00","mainEntityOfPage":{"@id":"https:\/\/conservativenthusiast.com\/interview-tce-13-jean-yves-le-gallou\/"},"wordCount":1859,"commentCount":0,"publisher":{"@id":"https:\/\/conservativenthusiast.com\/#organization"},"image":{"@id":"https:\/\/conservativenthusiast.com\/interview-tce-13-jean-yves-le-gallou\/#primaryimage"},"thumbnailUrl":"https:\/\/conservativenthusiast.com\/wp-content\/uploads\/2021\/02\/jean-yves-le-gallou.jpg","keywords":["Institut Illiade","Interview","Jean-Yves Le Gallou","Pol\u00e9mia"],"articleSection":["Interviews"],"inLanguage":"en-GB","potentialAction":[{"@type":"CommentAction","name":"Comment","target":["https:\/\/conservativenthusiast.com\/interview-tce-13-jean-yves-le-gallou\/#respond"]}]},{"@type":"WebPage","@id":"https:\/\/conservativenthusiast.com\/interview-tce-13-jean-yves-le-gallou\/","url":"https:\/\/conservativenthusiast.com\/interview-tce-13-jean-yves-le-gallou\/","name":"Interview TCE #13 - Jean-Yves Le Gallou - The Conservative Enthusiast","isPartOf":{"@id":"https:\/\/conservativenthusiast.com\/#website"},"primaryImageOfPage":{"@id":"https:\/\/conservativenthusiast.com\/interview-tce-13-jean-yves-le-gallou\/#primaryimage"},"image":{"@id":"https:\/\/conservativenthusiast.com\/interview-tce-13-jean-yves-le-gallou\/#primaryimage"},"thumbnailUrl":"https:\/\/conservativenthusiast.com\/wp-content\/uploads\/2021\/02\/jean-yves-le-gallou.jpg","datePublished":"2021-02-13T11:13:00+00:00","dateModified":"2021-02-13T21:48:46+00:00","description":"\u27bd Interview de Jean-Yves Le Gallou sur TCE : La plateforme de r\u00e9information, de partage et d'apprentissage des conservateurs.","breadcrumb":{"@id":"https:\/\/conservativenthusiast.com\/interview-tce-13-jean-yves-le-gallou\/#breadcrumb"},"inLanguage":"en-GB","potentialAction":[{"@type":"ReadAction","target":["https:\/\/conservativenthusiast.com\/interview-tce-13-jean-yves-le-gallou\/"]}]},{"@type":"ImageObject","inLanguage":"en-GB","@id":"https:\/\/conservativenthusiast.com\/interview-tce-13-jean-yves-le-gallou\/#primaryimage","url":"https:\/\/conservativenthusiast.com\/wp-content\/uploads\/2021\/02\/jean-yves-le-gallou.jpg","contentUrl":"https:\/\/conservativenthusiast.com\/wp-content\/uploads\/2021\/02\/jean-yves-le-gallou.jpg","width":800,"height":450,"caption":"Jean-Yves Le Gallou"},{"@type":"BreadcrumbList","@id":"https:\/\/conservativenthusiast.com\/interview-tce-13-jean-yves-le-gallou\/#breadcrumb","itemListElement":[{"@type":"ListItem","position":1,"name":"Accueil","item":"https:\/\/conservativenthusiast.com\/"},{"@type":"ListItem","position":2,"name":"Interview TCE #13 &#8211; Jean-Yves Le Gallou"}]},{"@type":"WebSite","@id":"https:\/\/conservativenthusiast.com\/#website","url":"https:\/\/conservativenthusiast.com\/","name":"The Conservative Enthusiast","description":"La plateforme de r\u00e9information, de partage et d&#039;apprentissage des conservateurs.","publisher":{"@id":"https:\/\/conservativenthusiast.com\/#organization"},"potentialAction":[{"@type":"SearchAction","target":{"@type":"EntryPoint","urlTemplate":"https:\/\/conservativenthusiast.com\/?s={search_term_string}"},"query-input":"required name=search_term_string"}],"inLanguage":"en-GB"},{"@type":"Organization","@id":"https:\/\/conservativenthusiast.com\/#organization","name":"The Conservative Enthusiast","url":"https:\/\/conservativenthusiast.com\/","logo":{"@type":"ImageObject","inLanguage":"en-GB","@id":"https:\/\/conservativenthusiast.com\/#\/schema\/logo\/image\/","url":"https:\/\/i0.wp.com\/conservativeenthusiast.com\/wp-content\/uploads\/2020\/06\/LOGO-CE-MINI.png?fit=3867%2C1180&ssl=1","contentUrl":"https:\/\/i0.wp.com\/conservativeenthusiast.com\/wp-content\/uploads\/2020\/06\/LOGO-CE-MINI.png?fit=3867%2C1180&ssl=1","width":3867,"height":1180,"caption":"The Conservative Enthusiast"},"image":{"@id":"https:\/\/conservativenthusiast.com\/#\/schema\/logo\/image\/"}},{"@type":"Person","@id":"https:\/\/conservativenthusiast.com\/#\/schema\/person\/3edd83a60aed483f95ebc876aeac7feb","name":"Alexis.L","image":{"@type":"ImageObject","inLanguage":"en-GB","@id":"https:\/\/conservativenthusiast.com\/#\/schema\/person\/image\/","url":"https:\/\/secure.gravatar.com\/avatar\/e276145ad3a64170e9c68564bb9e4280?s=96&d=mm&r=g","contentUrl":"https:\/\/secure.gravatar.com\/avatar\/e276145ad3a64170e9c68564bb9e4280?s=96&d=mm&r=g","caption":"Alexis.L"},"description":"Si vous appr\u00e9ciez les articles de ce r\u00e9dacteur et que vous souhaitez en d\u00e9couvrir davantage sur lui ou ses \u00e9crits, vous pouvez consulter tous ses articles en cliquant sur son pseudo ou en apprendre plus sur notre page \"Notre \u00e9quipe\". Vous pouvez \u00e9galement le suivre sur ses diff\u00e9rents r\u00e9seaux sociaux ci-dessous.","url":"https:\/\/conservativenthusiast.com\/en\/author\/admin6171\/"}]}},"_links":{"self":[{"href":"https:\/\/conservativenthusiast.com\/en\/wp-json\/wp\/v2\/posts\/10545"}],"collection":[{"href":"https:\/\/conservativenthusiast.com\/en\/wp-json\/wp\/v2\/posts"}],"about":[{"href":"https:\/\/conservativenthusiast.com\/en\/wp-json\/wp\/v2\/types\/post"}],"author":[{"embeddable":true,"href":"https:\/\/conservativenthusiast.com\/en\/wp-json\/wp\/v2\/users\/1"}],"replies":[{"embeddable":true,"href":"https:\/\/conservativenthusiast.com\/en\/wp-json\/wp\/v2\/comments?post=10545"}],"version-history":[{"count":16,"href":"https:\/\/conservativenthusiast.com\/en\/wp-json\/wp\/v2\/posts\/10545\/revisions"}],"predecessor-version":[{"id":13015,"href":"https:\/\/conservativenthusiast.com\/en\/wp-json\/wp\/v2\/posts\/10545\/revisions\/13015"}],"wp:featuredmedia":[{"embeddable":true,"href":"https:\/\/conservativenthusiast.com\/en\/wp-json\/wp\/v2\/media\/10551"}],"wp:attachment":[{"href":"https:\/\/conservativenthusiast.com\/en\/wp-json\/wp\/v2\/media?parent=10545"}],"wp:term":[{"taxonomy":"category","embeddable":true,"href":"https:\/\/conservativenthusiast.com\/en\/wp-json\/wp\/v2\/categories?post=10545"},{"taxonomy":"post_tag","embeddable":true,"href":"https:\/\/conservativenthusiast.com\/en\/wp-json\/wp\/v2\/tags?post=10545"}],"curies":[{"name":"wp","href":"https:\/\/api.w.org\/{rel}","templated":true}]}}