{"id":10235,"date":"2021-01-22T12:20:00","date_gmt":"2021-01-22T11:20:00","guid":{"rendered":"https:\/\/conservativeenthusiast.com\/?p=10235"},"modified":"2021-01-27T12:46:43","modified_gmt":"2021-01-27T11:46:43","slug":"chronique-des-libertes-sacrifiees-2","status":"publish","type":"post","link":"https:\/\/conservativenthusiast.com\/en\/chronique-des-libertes-sacrifiees-2\/","title":{"rendered":"Chronique des libert\u00e9s sacrifi\u00e9es #2 : L&#8217;\u00c9tat d\u00e9cide, l&#8217;\u00c9tat pourvoie, l&#8217;\u00c9tat prot\u00e8ge"},"content":{"rendered":"<figure class=\"wp-block-pullquote\"><blockquote><p><em>Le monde des assurances, des vaccins, de l\u2019hygi\u00e8ne minutieuse, du prolongement de la moyenne de vie repr\u00e9sente-t-il un gain r\u00e9el ?<\/em><\/p><cite>ERNST j\u00dcNGER, lE TRAIT\u00e9 DU REBELLE<\/cite><\/blockquote><\/figure>\n\n\n\n<p><\/p>\n\n\n\n<p>Y a-t-il v\u00e9ritablement d\u2019autres questions qui m\u00e9ritent d\u2019\u00eatre pos\u00e9es en ce d\u00e9but d\u2019ann\u00e9e 2021&nbsp;? Le prolongement des restrictions des libert\u00e9s semble sans fin et devient petit \u00e0 petit une routine \u00e0 laquelle m\u00eame les esprits les plus rebelles s\u2019accoutument. La quantit\u00e9 contre la qualit\u00e9. Prolonger la vie \u00e0 n\u2019importe quel prix. Ce sont bien l\u00e0 les signes du temps\u2026<\/p>\n\n\n\n<p class=\"has-text-align-justify\">Dans ma <a href=\"https:\/\/conservativenthusiast.com\/en\/chronique-des-libertes-sacrifiees-1\/\" target=\"_blank\" rel=\"noreferrer noopener\">premi\u00e8re <em>Chronique des libert\u00e9s sacrifi\u00e9es<\/em><\/a><em> <\/em>dat\u00e9e du 28 novembre, j\u2019\u00e9voquais d\u00e9j\u00e0 les perspectives engendr\u00e9es par l\u2019\u00e9mergence de diff\u00e9rents projets, notamment priv\u00e9s, visant la mise en place de syst\u00e8me de passeports sanitaires. D\u00e9but janvier 2021, les pays europ\u00e9ens ont tous lanc\u00e9 avec plus ou moins de c\u00e9l\u00e9rit\u00e9 leurs campagnes de vaccination et esp\u00e8rent tous convaincre une part suffisante de leur population de la n\u00e9cessit\u00e9 de cette injection.<\/p>\n\n\n\n<p class=\"has-text-align-justify\">Actuellement, la quasi-totalit\u00e9 des pays europ\u00e9ens demandent aux voyageurs de produire \u00e0 leur arriv\u00e9e un test PCR n\u00e9gatif. Il est donc tout \u00e0 fait logique et vraisemblable que les personnes vaccin\u00e9es \u2013 qui devraient \u00eatre immunis\u00e9es face au virus \u2013 pourront \u00e0 l\u2019avenir \u00eatre exempt\u00e9es d\u2019une telle l\u00e9gitimation. R\u00e9cemment, une nouvelle initiative soutenue par le World Economic Forum et le Commons Project Foundation (li\u00e9 \u00e0 la Rockefeller Foundation) entend faciliter le contr\u00f4le sanitaire des passagers en mettant en place une plateforme num\u00e9rique. Il s\u2019agit du Common Trust Network (CTN), une application qui donnera aux passagers un acc\u00e8s num\u00e9rique \u00e0 leurs informations de sant\u00e9 et leur permettra de montrer patte blanche lors du passage des fronti\u00e8res.<\/p>\n\n\n\n<p class=\"has-text-align-justify\">Mais ce n\u2019est pas tout, ne croyez pas que cette contrainte se limitera aux voyages internationaux. Les milieux \u00e9conomiques se documentent et se positionnent d\u00e9j\u00e0 sur la possibilit\u00e9 d\u2019exiger un certificat de vaccination pour acc\u00e9der \u00e0 un festival, une manifestation, un restaurant ou m\u00eame tout simplement pour travailler dans certaines entreprises&nbsp;! Cela vous para\u00eet inacceptable&nbsp;? Un avis de droit demand\u00e9 par le Conseil f\u00e9d\u00e9ral suisse (pouvoir ex\u00e9cutif) affirme que c\u2019est tout \u00e0 fait possible en vertu du principe de l\u2019autonomie priv\u00e9e (chacun est libre de d\u00e9cider avec qui il veut conclure un contrat)<a href=\"#_ftn1\">[1]<\/a>.<\/p>\n\n\n\n<p class=\"has-text-align-justify\">Si ce principe est en soit louable, qu\u2019en sera-t-il si <em>seul<\/em> les festivals r\u00e9serv\u00e9s aux vaccin\u00e9s seront autoris\u00e9s par nos pharaons&nbsp;? Que restera-t-il alors de la libert\u00e9 de commerce et d\u2019industrie pour les festivaliers&nbsp;? Une discrimination qui serait bienveillante et justifi\u00e9e, tandis que d\u2019autres discriminations sont interdites arbitrairement selon la morale de notre temps.<\/p>\n\n\n\n<p class=\"has-text-align-justify\">Bien s\u00fbr ces consid\u00e9rations feront sans doute l\u2019objet de d\u00e9bats intenses car un tel syst\u00e8me ouvre la porte \u00e0 tous les exc\u00e8s. Si un passeport sanitaire est exig\u00e9 pour assister un concert, va-t-on autoriser l\u2019acc\u00e8s aux personnes portant une autre maladie contagieuse&nbsp;? Si une entreprise peut exiger de ses employ\u00e9s de se faire vacciner contre le covid-19, pourquoi ne pas l\u2019exiger pour la grippe qui induit des pertes importantes pour les entreprises&nbsp;(absent\u00e9isme) ?<\/p>\n\n\n\n<p class=\"has-text-align-justify\">Avec un passeport de vaccination, les assureurs pourraient \u00e9galement avoir facilement acc\u00e8s aux donn\u00e9es et risque d\u2019adapter leur offre en fonction de cela\u2026 Les donn\u00e9es sanitaires qui seront de plus en plus utilis\u00e9es pourrait provoquer la mise \u00e0 ban progressive des personnes en mauvaises sant\u00e9, inemployables, trop risqu\u00e9es\u2026 Mais pas de panique&nbsp;! Le revenu universel pourra pourvoir \u00e0 leur besoin \u00ab&nbsp;essentiels&nbsp;\u00bb\u2026<\/p>\n\n\n\n<p class=\"has-text-align-justify\">Lentement mais s\u00fbrement, les peuples europ\u00e9ens perdent le contr\u00f4le sur leur destin, sur leur vie. L\u2019Etat d\u00e9cide, l\u2019Etat pourvoie, l\u2019Etat prot\u00e8ge. Ce rouleau compresseur semble inarr\u00eatable. Pour une partie de la jeunesse europ\u00e9enne d\u00e9boussol\u00e9e et sans perspective, le revenu universel est leur meilleure perspective d\u2019avenir. Apr\u00e8s-tout les confinements ont habitu\u00e9 une partie de la population au confort de l\u2019assistance \u00e9tatique par le biais du ch\u00f4mage technique. On les entend en ce moment m\u00eame dans les m\u00e9dias pleurnicher pour un troisi\u00e8me confinement salutaire tandis qu\u2019en face les entrepreneurs ne souhaitent qu\u2019une chose&nbsp;: pouvoir travailler !<\/p>\n\n\n\n<p class=\"has-text-align-justify\">On remarque \u00e9galement les lyc\u00e9ens qui se plaignent dans les m\u00e9dias des &#8220;protections sanitaires insuffisantes&#8221; et qui r\u00e9clament \u00e9videmment un nouveau confinement. Bien s\u00fbr n\u2019importe quel observateur de moins de 30 ans n\u2019est pas dupe quant \u00e0 l\u2019app\u00e9tit des lyc\u00e9ens pour tout type d\u2019activit\u00e9 leur permettant de s&#8217;affranchir de tout labeur (manifestations, blocages, confinements\u2026)<\/p>\n\n\n\n<p class=\"has-text-align-justify\">Au-del\u00e0 de ces cas particuliers, nous vivons avant tout une \u00e9poque domin\u00e9e par la peur. La peur paralyse l\u2019action, elle est le premier ennemi de l\u2019individu libre. Chacun dans notre coin, nous attendons qu\u2019une voix s\u2019\u00e9l\u00e8ve. Que quelqu\u2019un dise enfin <em>\u00ab&nbsp;Stop&nbsp;! Nous ne voulons plus nous brider pour prolonger la vie sans but. Nous sommes pr\u00eats \u00e0 payer le prix de la libert\u00e9&nbsp;!&nbsp;\u00bb<\/em>. C\u2019est \u00e0 nous de poser nos limites, d\u2019imposer nos lignes rouges. De distinguer ce qui est acceptable ou non. Pour cela, l\u2019homme libre doit se donner les moyens moraux et mat\u00e9riels d\u2019agir et de r\u00e9sister\u2026<\/p>\n\n\n\n<p class=\"has-text-align-justify\">Les moyens d\u2019actions actuels sont limit\u00e9s&nbsp;: tous les partis sont paralys\u00e9s par cette peur et se soumettent \u00e0 la domination de la m\u00e9decine sur la politique. Il reste toutefois \u00e0 chacun une marge de man\u0153uvre. Parlez autour de vous, envisagez d\u2019autres moyen de porter une voix dissidente, organisez-vous en communaut\u00e9 et en r\u00e9seau pour multiplier votre capacit\u00e9 d\u2019action. Ce qui se passe actuellement est un processus qui tend vers la nucl\u00e9arisation de la soci\u00e9t\u00e9 et le renforcement progressif du L\u00e9viathan. Le combat que nous devons mener est de longue haleine et est avant tout culturel&nbsp;: privil\u00e9gier la qualit\u00e9 \u00e0 la quantit\u00e9. La libert\u00e9 face \u00e0 la s\u00e9curit\u00e9.<\/p>\n\n\n\n<p>Pour aller plus loin sur ce sujet je vous invite \u00e0 d\u00e9couvrir mon article sur le Trait\u00e9 du Rebelle d\u2019<a href=\"https:\/\/conservativenthusiast.com\/en\/le-traite-du-rebelle-ou-le-recours-aux-forets-ernst-junger\/\" target=\"_blank\" rel=\"noreferrer noopener\">Ernst J\u00fcnger<\/a> disponible dans l&#8217;Espace Membre The Conservative Enthusiast. On y aborde notamment les fa\u00e7ons dont nous pouvons r\u00e9sister et<em> recourir aux for\u00eats.<\/em>..<\/p>\n\n\n\n<hr class=\"wp-block-separator\" \/>\n\n\n\n<p><a href=\"#_ftnref1\">[1]<\/a> <a href=\"https:\/\/www.tdg.ch\/bars-et-restos-pourraient-priver-dacces-les-non-vaccines-287306108897\">https:\/\/www.tdg.ch\/bars-et-restos-pourraient-priver-dacces-les-non-vaccines-287306108897<\/a><\/p>\n\n\n\n<p><\/p>\n\n\n\n<p><\/p>","protected":false},"excerpt":{"rendered":"<p>Le monde des assurances, des vaccins, de l\u2019hygi\u00e8ne minutieuse, du prolongement de la moyenne de vie repr\u00e9sente-t-il un gain r\u00e9el [&hellip;]<\/p>","protected":false},"author":4,"featured_media":3084,"comment_status":"open","ping_status":"open","sticky":false,"template":"","format":"standard","meta":{"_et_pb_use_builder":"off","_et_pb_old_content":"","_et_gb_content_width":"","_exactmetrics_skip_tracking":false,"_exactmetrics_sitenote_active":false,"_exactmetrics_sitenote_note":"","_exactmetrics_sitenote_category":0,"footnotes":""},"categories":[69,28],"tags":[68,29],"yoast_head":"<!-- This site is optimized with the Yoast SEO plugin v22.3 - https:\/\/yoast.com\/wordpress\/plugins\/seo\/ -->\n<title>Chronique des libert\u00e9s sacrifi\u00e9es #2 : L&#039;\u00c9tat d\u00e9cide, l&#039;\u00c9tat pourvoie, l&#039;\u00c9tat prot\u00e8ge - The Conservative Enthusiast<\/title>\n<meta name=\"description\" content=\"\u27bd Chronique des libert\u00e9s sacrifi\u00e9es #2 sur TCE : La plateforme de r\u00e9information de partage et d&#039;apprentissage des conservateurs.\" \/>\n<meta name=\"robots\" content=\"index, follow, max-snippet:-1, max-image-preview:large, max-video-preview:-1\" \/>\n<link rel=\"canonical\" href=\"https:\/\/conservativenthusiast.com\/en\/chronique-des-libertes-sacrifiees-2\/\" \/>\n<meta property=\"og:locale\" content=\"en_GB\" \/>\n<meta property=\"og:type\" content=\"article\" \/>\n<meta property=\"og:title\" content=\"Chronique des libert\u00e9s sacrifi\u00e9es #2 : L&#039;\u00c9tat d\u00e9cide, l&#039;\u00c9tat pourvoie, l&#039;\u00c9tat prot\u00e8ge - The Conservative Enthusiast\" \/>\n<meta property=\"og:description\" content=\"\u27bd Chronique des libert\u00e9s sacrifi\u00e9es #2 sur TCE : La plateforme de r\u00e9information de partage et d&#039;apprentissage des conservateurs.\" \/>\n<meta property=\"og:url\" content=\"https:\/\/conservativenthusiast.com\/en\/chronique-des-libertes-sacrifiees-2\/\" \/>\n<meta property=\"og:site_name\" content=\"The Conservative Enthusiast\" \/>\n<meta property=\"article:published_time\" content=\"2021-01-22T11:20:00+00:00\" \/>\n<meta property=\"article:modified_time\" content=\"2021-01-27T11:46:43+00:00\" \/>\n<meta property=\"og:image\" content=\"https:\/\/conservativenthusiast.com\/wp-content\/uploads\/2020\/11\/BANNIER-LIBERTES-SACRIFIEES-3.jpg\" \/>\n\t<meta property=\"og:image:width\" content=\"2400\" \/>\n\t<meta property=\"og:image:height\" content=\"1383\" \/>\n\t<meta property=\"og:image:type\" content=\"image\/jpeg\" \/>\n<meta name=\"author\" content=\"Sten Falk\" \/>\n<meta name=\"twitter:card\" content=\"summary_large_image\" \/>\n<meta name=\"twitter:label1\" content=\"Written by\" \/>\n\t<meta name=\"twitter:data1\" content=\"Sten Falk\" \/>\n\t<meta name=\"twitter:label2\" content=\"Estimated reading time\" \/>\n\t<meta name=\"twitter:data2\" content=\"5 minutes\" \/>\n<script type=\"application\/ld+json\" class=\"yoast-schema-graph\">{\"@context\":\"https:\/\/schema.org\",\"@graph\":[{\"@type\":\"Article\",\"@id\":\"https:\/\/conservativenthusiast.com\/en\/chronique-des-libertes-sacrifiees-2\/#article\",\"isPartOf\":{\"@id\":\"https:\/\/conservativenthusiast.com\/en\/chronique-des-libertes-sacrifiees-2\/\"},\"author\":{\"name\":\"Sten Falk\",\"@id\":\"https:\/\/conservativenthusiast.com\/#\/schema\/person\/f48033413ea9f9ccd391378d52902611\"},\"headline\":\"Chronique des libert\u00e9s sacrifi\u00e9es #2 : L&#8217;\u00c9tat d\u00e9cide, l&#8217;\u00c9tat pourvoie, l&#8217;\u00c9tat prot\u00e8ge\",\"datePublished\":\"2021-01-22T11:20:00+00:00\",\"dateModified\":\"2021-01-27T11:46:43+00:00\",\"mainEntityOfPage\":{\"@id\":\"https:\/\/conservativenthusiast.com\/en\/chronique-des-libertes-sacrifiees-2\/\"},\"wordCount\":1109,\"commentCount\":0,\"publisher\":{\"@id\":\"https:\/\/conservativenthusiast.com\/#organization\"},\"image\":{\"@id\":\"https:\/\/conservativenthusiast.com\/en\/chronique-des-libertes-sacrifiees-2\/#primaryimage\"},\"thumbnailUrl\":\"https:\/\/conservativenthusiast.com\/wp-content\/uploads\/2020\/11\/BANNIER-LIBERTES-SACRIFIEES-3.jpg\",\"keywords\":[\"Chronique des libert\u00e9s sacrifi\u00e9es\",\"Politique\"],\"articleSection\":[\"Chronique des Libert\u00e9s Sacrifi\u00e9es\",\"Politique\"],\"inLanguage\":\"en-GB\",\"potentialAction\":[{\"@type\":\"CommentAction\",\"name\":\"Comment\",\"target\":[\"https:\/\/conservativenthusiast.com\/en\/chronique-des-libertes-sacrifiees-2\/#respond\"]}]},{\"@type\":\"WebPage\",\"@id\":\"https:\/\/conservativenthusiast.com\/en\/chronique-des-libertes-sacrifiees-2\/\",\"url\":\"https:\/\/conservativenthusiast.com\/en\/chronique-des-libertes-sacrifiees-2\/\",\"name\":\"Chronique des libert\u00e9s sacrifi\u00e9es #2 : L'\u00c9tat d\u00e9cide, l'\u00c9tat pourvoie, l'\u00c9tat prot\u00e8ge - The Conservative Enthusiast\",\"isPartOf\":{\"@id\":\"https:\/\/conservativenthusiast.com\/#website\"},\"primaryImageOfPage\":{\"@id\":\"https:\/\/conservativenthusiast.com\/en\/chronique-des-libertes-sacrifiees-2\/#primaryimage\"},\"image\":{\"@id\":\"https:\/\/conservativenthusiast.com\/en\/chronique-des-libertes-sacrifiees-2\/#primaryimage\"},\"thumbnailUrl\":\"https:\/\/conservativenthusiast.com\/wp-content\/uploads\/2020\/11\/BANNIER-LIBERTES-SACRIFIEES-3.jpg\",\"datePublished\":\"2021-01-22T11:20:00+00:00\",\"dateModified\":\"2021-01-27T11:46:43+00:00\",\"description\":\"\u27bd Chronique des libert\u00e9s sacrifi\u00e9es #2 sur TCE : La plateforme de r\u00e9information de partage et d'apprentissage des conservateurs.\",\"breadcrumb\":{\"@id\":\"https:\/\/conservativenthusiast.com\/en\/chronique-des-libertes-sacrifiees-2\/#breadcrumb\"},\"inLanguage\":\"en-GB\",\"potentialAction\":[{\"@type\":\"ReadAction\",\"target\":[\"https:\/\/conservativenthusiast.com\/en\/chronique-des-libertes-sacrifiees-2\/\"]}]},{\"@type\":\"ImageObject\",\"inLanguage\":\"en-GB\",\"@id\":\"https:\/\/conservativenthusiast.com\/en\/chronique-des-libertes-sacrifiees-2\/#primaryimage\",\"url\":\"https:\/\/conservativenthusiast.com\/wp-content\/uploads\/2020\/11\/BANNIER-LIBERTES-SACRIFIEES-3.jpg\",\"contentUrl\":\"https:\/\/conservativenthusiast.com\/wp-content\/uploads\/2020\/11\/BANNIER-LIBERTES-SACRIFIEES-3.jpg\",\"width\":2400,\"height\":1383},{\"@type\":\"BreadcrumbList\",\"@id\":\"https:\/\/conservativenthusiast.com\/en\/chronique-des-libertes-sacrifiees-2\/#breadcrumb\",\"itemListElement\":[{\"@type\":\"ListItem\",\"position\":1,\"name\":\"Accueil\",\"item\":\"https:\/\/conservativenthusiast.com\/\"},{\"@type\":\"ListItem\",\"position\":2,\"name\":\"Chronique des libert\u00e9s sacrifi\u00e9es #2 : L&#8217;\u00c9tat d\u00e9cide, l&#8217;\u00c9tat pourvoie, l&#8217;\u00c9tat prot\u00e8ge\"}]},{\"@type\":\"WebSite\",\"@id\":\"https:\/\/conservativenthusiast.com\/#website\",\"url\":\"https:\/\/conservativenthusiast.com\/\",\"name\":\"The Conservative Enthusiast\",\"description\":\"La plateforme de r\u00e9information, de partage et d&#039;apprentissage des conservateurs.\",\"publisher\":{\"@id\":\"https:\/\/conservativenthusiast.com\/#organization\"},\"potentialAction\":[{\"@type\":\"SearchAction\",\"target\":{\"@type\":\"EntryPoint\",\"urlTemplate\":\"https:\/\/conservativenthusiast.com\/?s={search_term_string}\"},\"query-input\":\"required name=search_term_string\"}],\"inLanguage\":\"en-GB\"},{\"@type\":\"Organization\",\"@id\":\"https:\/\/conservativenthusiast.com\/#organization\",\"name\":\"The Conservative Enthusiast\",\"url\":\"https:\/\/conservativenthusiast.com\/\",\"logo\":{\"@type\":\"ImageObject\",\"inLanguage\":\"en-GB\",\"@id\":\"https:\/\/conservativenthusiast.com\/#\/schema\/logo\/image\/\",\"url\":\"https:\/\/i0.wp.com\/conservativeenthusiast.com\/wp-content\/uploads\/2020\/06\/LOGO-CE-MINI.png?fit=3867%2C1180&ssl=1\",\"contentUrl\":\"https:\/\/i0.wp.com\/conservativeenthusiast.com\/wp-content\/uploads\/2020\/06\/LOGO-CE-MINI.png?fit=3867%2C1180&ssl=1\",\"width\":3867,\"height\":1180,\"caption\":\"The Conservative Enthusiast\"},\"image\":{\"@id\":\"https:\/\/conservativenthusiast.com\/#\/schema\/logo\/image\/\"}},{\"@type\":\"Person\",\"@id\":\"https:\/\/conservativenthusiast.com\/#\/schema\/person\/f48033413ea9f9ccd391378d52902611\",\"name\":\"Sten Falk\",\"image\":{\"@type\":\"ImageObject\",\"inLanguage\":\"en-GB\",\"@id\":\"https:\/\/conservativenthusiast.com\/#\/schema\/person\/image\/\",\"url\":\"https:\/\/secure.gravatar.com\/avatar\/7d4c65709da1f67261c308a9f60ae1fa?s=96&d=mm&r=g\",\"contentUrl\":\"https:\/\/secure.gravatar.com\/avatar\/7d4c65709da1f67261c308a9f60ae1fa?s=96&d=mm&r=g\",\"caption\":\"Sten Falk\"},\"description\":\"D\u00e9tenteur d'une ma\u00eetrise en science politique, Sten Falk ne se limite pas \u00e0 sa sp\u00e9cialit\u00e9 qu'est la politique. D\u2019une curiosit\u00e9 intellectuelle d\u00e9bordante, passionn\u00e9 de nature et amateur de style masculin classique, il apporte ses contributions dans de nombreuses rubriques de TCE. Consultez tous ses articles en cliquant sur son nom et suivez-le sur twitter en cliquant sur le logo ci-dessous. Voir notre \u00e9quipe.\",\"url\":\"https:\/\/conservativenthusiast.com\/en\/author\/sten-oden\/\"}]}<\/script>\n<!-- \/ Yoast SEO plugin. -->","yoast_head_json":{"title":"Chronique des libert\u00e9s sacrifi\u00e9es #2 : L'\u00c9tat d\u00e9cide, l'\u00c9tat pourvoie, l'\u00c9tat prot\u00e8ge - The Conservative Enthusiast","description":"\u27bd Chronique des libert\u00e9s sacrifi\u00e9es #2 sur TCE : La plateforme de r\u00e9information de partage et d'apprentissage des conservateurs.","robots":{"index":"index","follow":"follow","max-snippet":"max-snippet:-1","max-image-preview":"max-image-preview:large","max-video-preview":"max-video-preview:-1"},"canonical":"https:\/\/conservativenthusiast.com\/en\/chronique-des-libertes-sacrifiees-2\/","og_locale":"en_GB","og_type":"article","og_title":"Chronique des libert\u00e9s sacrifi\u00e9es #2 : L'\u00c9tat d\u00e9cide, l'\u00c9tat pourvoie, l'\u00c9tat prot\u00e8ge - The Conservative Enthusiast","og_description":"\u27bd Chronique des libert\u00e9s sacrifi\u00e9es #2 sur TCE : La plateforme de r\u00e9information de partage et d'apprentissage des conservateurs.","og_url":"https:\/\/conservativenthusiast.com\/en\/chronique-des-libertes-sacrifiees-2\/","og_site_name":"The Conservative Enthusiast","article_published_time":"2021-01-22T11:20:00+00:00","article_modified_time":"2021-01-27T11:46:43+00:00","og_image":[{"width":2400,"height":1383,"url":"https:\/\/conservativenthusiast.com\/wp-content\/uploads\/2020\/11\/BANNIER-LIBERTES-SACRIFIEES-3.jpg","type":"image\/jpeg"}],"author":"Sten Falk","twitter_card":"summary_large_image","twitter_misc":{"Written by":"Sten Falk","Estimated reading time":"5 minutes"},"schema":{"@context":"https:\/\/schema.org","@graph":[{"@type":"Article","@id":"https:\/\/conservativenthusiast.com\/en\/chronique-des-libertes-sacrifiees-2\/#article","isPartOf":{"@id":"https:\/\/conservativenthusiast.com\/en\/chronique-des-libertes-sacrifiees-2\/"},"author":{"name":"Sten Falk","@id":"https:\/\/conservativenthusiast.com\/#\/schema\/person\/f48033413ea9f9ccd391378d52902611"},"headline":"Chronique des libert\u00e9s sacrifi\u00e9es #2 : L&#8217;\u00c9tat d\u00e9cide, l&#8217;\u00c9tat pourvoie, l&#8217;\u00c9tat prot\u00e8ge","datePublished":"2021-01-22T11:20:00+00:00","dateModified":"2021-01-27T11:46:43+00:00","mainEntityOfPage":{"@id":"https:\/\/conservativenthusiast.com\/en\/chronique-des-libertes-sacrifiees-2\/"},"wordCount":1109,"commentCount":0,"publisher":{"@id":"https:\/\/conservativenthusiast.com\/#organization"},"image":{"@id":"https:\/\/conservativenthusiast.com\/en\/chronique-des-libertes-sacrifiees-2\/#primaryimage"},"thumbnailUrl":"https:\/\/conservativenthusiast.com\/wp-content\/uploads\/2020\/11\/BANNIER-LIBERTES-SACRIFIEES-3.jpg","keywords":["Chronique des libert\u00e9s sacrifi\u00e9es","Politique"],"articleSection":["Chronique des Libert\u00e9s Sacrifi\u00e9es","Politique"],"inLanguage":"en-GB","potentialAction":[{"@type":"CommentAction","name":"Comment","target":["https:\/\/conservativenthusiast.com\/en\/chronique-des-libertes-sacrifiees-2\/#respond"]}]},{"@type":"WebPage","@id":"https:\/\/conservativenthusiast.com\/en\/chronique-des-libertes-sacrifiees-2\/","url":"https:\/\/conservativenthusiast.com\/en\/chronique-des-libertes-sacrifiees-2\/","name":"Chronique des libert\u00e9s sacrifi\u00e9es #2 : L'\u00c9tat d\u00e9cide, l'\u00c9tat pourvoie, l'\u00c9tat prot\u00e8ge - The Conservative Enthusiast","isPartOf":{"@id":"https:\/\/conservativenthusiast.com\/#website"},"primaryImageOfPage":{"@id":"https:\/\/conservativenthusiast.com\/en\/chronique-des-libertes-sacrifiees-2\/#primaryimage"},"image":{"@id":"https:\/\/conservativenthusiast.com\/en\/chronique-des-libertes-sacrifiees-2\/#primaryimage"},"thumbnailUrl":"https:\/\/conservativenthusiast.com\/wp-content\/uploads\/2020\/11\/BANNIER-LIBERTES-SACRIFIEES-3.jpg","datePublished":"2021-01-22T11:20:00+00:00","dateModified":"2021-01-27T11:46:43+00:00","description":"\u27bd Chronique des libert\u00e9s sacrifi\u00e9es #2 sur TCE : La plateforme de r\u00e9information de partage et d'apprentissage des conservateurs.","breadcrumb":{"@id":"https:\/\/conservativenthusiast.com\/en\/chronique-des-libertes-sacrifiees-2\/#breadcrumb"},"inLanguage":"en-GB","potentialAction":[{"@type":"ReadAction","target":["https:\/\/conservativenthusiast.com\/en\/chronique-des-libertes-sacrifiees-2\/"]}]},{"@type":"ImageObject","inLanguage":"en-GB","@id":"https:\/\/conservativenthusiast.com\/en\/chronique-des-libertes-sacrifiees-2\/#primaryimage","url":"https:\/\/conservativenthusiast.com\/wp-content\/uploads\/2020\/11\/BANNIER-LIBERTES-SACRIFIEES-3.jpg","contentUrl":"https:\/\/conservativenthusiast.com\/wp-content\/uploads\/2020\/11\/BANNIER-LIBERTES-SACRIFIEES-3.jpg","width":2400,"height":1383},{"@type":"BreadcrumbList","@id":"https:\/\/conservativenthusiast.com\/en\/chronique-des-libertes-sacrifiees-2\/#breadcrumb","itemListElement":[{"@type":"ListItem","position":1,"name":"Accueil","item":"https:\/\/conservativenthusiast.com\/"},{"@type":"ListItem","position":2,"name":"Chronique des libert\u00e9s sacrifi\u00e9es #2 : L&#8217;\u00c9tat d\u00e9cide, l&#8217;\u00c9tat pourvoie, l&#8217;\u00c9tat prot\u00e8ge"}]},{"@type":"WebSite","@id":"https:\/\/conservativenthusiast.com\/#website","url":"https:\/\/conservativenthusiast.com\/","name":"The Conservative Enthusiast","description":"La plateforme de r\u00e9information, de partage et d&#039;apprentissage des conservateurs.","publisher":{"@id":"https:\/\/conservativenthusiast.com\/#organization"},"potentialAction":[{"@type":"SearchAction","target":{"@type":"EntryPoint","urlTemplate":"https:\/\/conservativenthusiast.com\/?s={search_term_string}"},"query-input":"required name=search_term_string"}],"inLanguage":"en-GB"},{"@type":"Organization","@id":"https:\/\/conservativenthusiast.com\/#organization","name":"The Conservative Enthusiast","url":"https:\/\/conservativenthusiast.com\/","logo":{"@type":"ImageObject","inLanguage":"en-GB","@id":"https:\/\/conservativenthusiast.com\/#\/schema\/logo\/image\/","url":"https:\/\/i0.wp.com\/conservativeenthusiast.com\/wp-content\/uploads\/2020\/06\/LOGO-CE-MINI.png?fit=3867%2C1180&ssl=1","contentUrl":"https:\/\/i0.wp.com\/conservativeenthusiast.com\/wp-content\/uploads\/2020\/06\/LOGO-CE-MINI.png?fit=3867%2C1180&ssl=1","width":3867,"height":1180,"caption":"The Conservative Enthusiast"},"image":{"@id":"https:\/\/conservativenthusiast.com\/#\/schema\/logo\/image\/"}},{"@type":"Person","@id":"https:\/\/conservativenthusiast.com\/#\/schema\/person\/f48033413ea9f9ccd391378d52902611","name":"Sten Falk","image":{"@type":"ImageObject","inLanguage":"en-GB","@id":"https:\/\/conservativenthusiast.com\/#\/schema\/person\/image\/","url":"https:\/\/secure.gravatar.com\/avatar\/7d4c65709da1f67261c308a9f60ae1fa?s=96&d=mm&r=g","contentUrl":"https:\/\/secure.gravatar.com\/avatar\/7d4c65709da1f67261c308a9f60ae1fa?s=96&d=mm&r=g","caption":"Sten Falk"},"description":"D\u00e9tenteur d'une ma\u00eetrise en science politique, Sten Falk ne se limite pas \u00e0 sa sp\u00e9cialit\u00e9 qu'est la politique. D\u2019une curiosit\u00e9 intellectuelle d\u00e9bordante, passionn\u00e9 de nature et amateur de style masculin classique, il apporte ses contributions dans de nombreuses rubriques de TCE. Consultez tous ses articles en cliquant sur son nom et suivez-le sur twitter en cliquant sur le logo ci-dessous. Voir notre \u00e9quipe.","url":"https:\/\/conservativenthusiast.com\/en\/author\/sten-oden\/"}]}},"_links":{"self":[{"href":"https:\/\/conservativenthusiast.com\/en\/wp-json\/wp\/v2\/posts\/10235"}],"collection":[{"href":"https:\/\/conservativenthusiast.com\/en\/wp-json\/wp\/v2\/posts"}],"about":[{"href":"https:\/\/conservativenthusiast.com\/en\/wp-json\/wp\/v2\/types\/post"}],"author":[{"embeddable":true,"href":"https:\/\/conservativenthusiast.com\/en\/wp-json\/wp\/v2\/users\/4"}],"replies":[{"embeddable":true,"href":"https:\/\/conservativenthusiast.com\/en\/wp-json\/wp\/v2\/comments?post=10235"}],"version-history":[{"count":8,"href":"https:\/\/conservativenthusiast.com\/en\/wp-json\/wp\/v2\/posts\/10235\/revisions"}],"predecessor-version":[{"id":10982,"href":"https:\/\/conservativenthusiast.com\/en\/wp-json\/wp\/v2\/posts\/10235\/revisions\/10982"}],"wp:featuredmedia":[{"embeddable":true,"href":"https:\/\/conservativenthusiast.com\/en\/wp-json\/wp\/v2\/media\/3084"}],"wp:attachment":[{"href":"https:\/\/conservativenthusiast.com\/en\/wp-json\/wp\/v2\/media?parent=10235"}],"wp:term":[{"taxonomy":"category","embeddable":true,"href":"https:\/\/conservativenthusiast.com\/en\/wp-json\/wp\/v2\/categories?post=10235"},{"taxonomy":"post_tag","embeddable":true,"href":"https:\/\/conservativenthusiast.com\/en\/wp-json\/wp\/v2\/tags?post=10235"}],"curies":[{"name":"wp","href":"https:\/\/api.w.org\/{rel}","templated":true}]}}